{"id":4852,"date":"2025-05-25T20:30:00","date_gmt":"2025-05-25T18:30:00","guid":{"rendered":"https:\/\/unaymilletras.com\/?p=4852"},"modified":"2025-05-25T13:37:52","modified_gmt":"2025-05-25T11:37:52","slug":"casting-ot-2025-sevilla-mas-de-1-300-aspirantes-y-64-pegatinas","status":"publish","type":"post","link":"https:\/\/unaymilletras.com\/en\/casting-ot-2025-sevilla-mas-de-1-300-aspirantes-y-64-pegatinas\/","title":{"rendered":"Casting OT 2025 Sevilla: M\u00e1s de 1.300 aspirantes y 64 pegatinas"},"content":{"rendered":"<div data-elementor-type=\"wp-post\" data-elementor-id=\"4852\" class=\"elementor elementor-4852\">\n\t\t\t\t\t\t<section class=\"elementor-section elementor-top-section elementor-element elementor-element-b3e4bbe elementor-section-boxed elementor-section-height-default elementor-section-height-default\" data-id=\"b3e4bbe\" data-element_type=\"section\" data-e-type=\"section\">\n\t\t\t\t\t\t<div class=\"elementor-container elementor-column-gap-default\">\n\t\t\t\t\t<div class=\"elementor-column elementor-col-100 elementor-top-column elementor-element elementor-element-faf70d2\" data-id=\"faf70d2\" data-element_type=\"column\" data-e-type=\"column\">\n\t\t\t<div class=\"elementor-widget-wrap elementor-element-populated\">\n\t\t\t\t\t\t<div class=\"elementor-element elementor-element-2925e3b elementor-widget elementor-widget-text-editor\" data-id=\"2925e3b\" data-element_type=\"widget\" data-e-type=\"widget\" data-widget_type=\"text-editor.default\">\n\t\t\t\t<div class=\"elementor-widget-container\">\n\t\t\t\t\t\t\t\t\t<h2 style=\"text-align: center;\"><span style=\"color: #808080;\"><em>La capital andaluza volvi\u00f3 a vibrar con la primera fase del proceso de selecci\u00f3n de OT, que ya se prepara para la recta en Barcelona<\/em><\/span><\/h2>\t\t\t\t\t\t\t\t<\/div>\n\t\t\t\t<\/div>\n\t\t\t\t\t<\/div>\n\t\t<\/div>\n\t\t\t\t\t<\/div>\n\t\t<\/section>\n\t\t\t\t<section class=\"elementor-section elementor-top-section elementor-element elementor-element-06caac3 elementor-section-boxed elementor-section-height-default elementor-section-height-default\" data-id=\"06caac3\" data-element_type=\"section\" data-e-type=\"section\">\n\t\t\t\t\t\t<div class=\"elementor-container elementor-column-gap-default\">\n\t\t\t\t\t<div class=\"elementor-column elementor-col-100 elementor-top-column elementor-element elementor-element-af18ee5\" data-id=\"af18ee5\" data-element_type=\"column\" data-e-type=\"column\">\n\t\t\t<div class=\"elementor-widget-wrap elementor-element-populated\">\n\t\t\t\t\t\t<div class=\"elementor-element elementor-element-a9968ba elementor-widget elementor-widget-text-editor\" data-id=\"a9968ba\" data-element_type=\"widget\" data-e-type=\"widget\" data-widget_type=\"text-editor.default\">\n\t\t\t\t<div class=\"elementor-widget-container\">\n\t\t\t\t\t\t\t\t\t<p data-start=\"260\" data-end=\"500\">La primera fase del casting de <em data-start=\"291\" data-end=\"315\">Operaci\u00f3n Triunfo 2025<\/em> en Sevilla ha sido todo un \u00e9xito. Hasta 1.398 aspirantes pasaron por las pruebas que se celebraron esta semana, demostrando una vez m\u00e1s el enorme talento emergente en el sur de Espa\u00f1a. Miles de personas con un sue\u00f1o: entrar en la academia de OT<\/p>\t\t\t\t\t\t\t\t<\/div>\n\t\t\t\t<\/div>\n\t\t\t\t\t<\/div>\n\t\t<\/div>\n\t\t\t\t\t<\/div>\n\t\t<\/section>\n\t\t\t\t<section class=\"elementor-section elementor-top-section elementor-element elementor-element-8182cbf elementor-section-boxed elementor-section-height-default elementor-section-height-default\" data-id=\"8182cbf\" data-element_type=\"section\" data-e-type=\"section\">\n\t\t\t\t\t\t<div class=\"elementor-container elementor-column-gap-default\">\n\t\t\t\t\t<div class=\"elementor-column elementor-col-100 elementor-top-column elementor-element elementor-element-3aaaf62\" data-id=\"3aaaf62\" data-element_type=\"column\" data-e-type=\"column\">\n\t\t\t<div class=\"elementor-widget-wrap elementor-element-populated\">\n\t\t\t\t\t\t<div class=\"elementor-element elementor-element-382f8e1 elementor-widget elementor-widget-image\" data-id=\"382f8e1\" data-element_type=\"widget\" data-e-type=\"widget\" data-widget_type=\"image.default\">\n\t\t\t\t<div class=\"elementor-widget-container\">\n\t\t\t\t\t\t\t\t\t\t\t\t<figure class=\"wp-caption\">\n\t\t\t\t\t\t\t\t\t\t<img fetchpriority=\"high\" decoding=\"async\" width=\"640\" height=\"427\" src=\"https:\/\/unaymilletras.com\/wp-content\/uploads\/2025\/05\/DSC09250-1024x683.jpg\" class=\"attachment-large size-large wp-image-4854\" alt=\"OT\" srcset=\"https:\/\/unaymilletras.com\/wp-content\/uploads\/2025\/05\/DSC09250-1024x683.jpg 1024w, https:\/\/unaymilletras.com\/wp-content\/uploads\/2025\/05\/DSC09250-300x200.jpg 300w, https:\/\/unaymilletras.com\/wp-content\/uploads\/2025\/05\/DSC09250-768x512.jpg 768w, https:\/\/unaymilletras.com\/wp-content\/uploads\/2025\/05\/DSC09250-1536x1024.jpg 1536w, https:\/\/unaymilletras.com\/wp-content\/uploads\/2025\/05\/DSC09250-2048x1366.jpg 2048w, https:\/\/unaymilletras.com\/wp-content\/uploads\/2025\/05\/DSC09250-18x12.jpg 18w, https:\/\/unaymilletras.com\/wp-content\/uploads\/2025\/05\/DSC09250-scaled-e1748172729572.jpg 600w\" sizes=\"(max-width: 640px) 100vw, 640px\" \/>\t\t\t\t\t\t\t\t\t\t\t<figcaption class=\"widget-image-caption wp-caption-text\">Foto: Eva Flores<\/figcaption>\n\t\t\t\t\t\t\t\t\t\t<\/figure>\n\t\t\t\t\t\t\t\t\t<\/div>\n\t\t\t\t<\/div>\n\t\t\t\t\t<\/div>\n\t\t<\/div>\n\t\t\t\t\t<\/div>\n\t\t<\/section>\n\t\t\t\t<section class=\"elementor-section elementor-top-section elementor-element elementor-element-392ff7d elementor-section-boxed elementor-section-height-default elementor-section-height-default\" data-id=\"392ff7d\" data-element_type=\"section\" data-e-type=\"section\">\n\t\t\t\t\t\t<div class=\"elementor-container elementor-column-gap-default\">\n\t\t\t\t\t<div class=\"elementor-column elementor-col-100 elementor-top-column elementor-element elementor-element-5215b04\" data-id=\"5215b04\" data-element_type=\"column\" data-e-type=\"column\">\n\t\t\t<div class=\"elementor-widget-wrap elementor-element-populated\">\n\t\t\t\t\t\t<div class=\"elementor-element elementor-element-09c60b5 elementor-widget elementor-widget-text-editor\" data-id=\"09c60b5\" data-element_type=\"widget\" data-e-type=\"widget\" data-widget_type=\"text-editor.default\">\n\t\t\t\t<div class=\"elementor-widget-container\">\n\t\t\t\t\t\t\t\t\t<p data-start=\"502\" data-end=\"820\">El equipo de casting, encabezado por la ic\u00f3nica Noem\u00ed Galera junto a M\u00f3nica Carbonell, Pablo Wessling y Sonia Edo, otorg\u00f3 un total de 64 pegatinas. De ellas, 14 fueron entregadas a participantes con Pase Prime, lo que representa un 22% del total. Un primer filtro que deja claro el alto nivel de exigencia del proceso.<\/p><p data-start=\"822\" data-end=\"1137\">Durante esta primera jornada tambi\u00e9n se cont\u00f3 con la presencia del pianista y preparador vocal Pablo Lluc. El m\u00fasico acompa\u00f1\u00f3 a los candidatos que lograron superar la primera fase, ayud\u00e1ndoles a preparar la canci\u00f3n con la que competir\u00e1n en la segunda ronda. \u00c9l mismo los acompa\u00f1ar\u00e1 al piano en ese momento decisivo.<\/p>\t\t\t\t\t\t\t\t<\/div>\n\t\t\t\t<\/div>\n\t\t\t\t\t<\/div>\n\t\t<\/div>\n\t\t\t\t\t<\/div>\n\t\t<\/section>\n\t\t\t\t<section class=\"elementor-section elementor-top-section elementor-element elementor-element-46f89b7 elementor-section-boxed elementor-section-height-default elementor-section-height-default\" data-id=\"46f89b7\" data-element_type=\"section\" data-e-type=\"section\">\n\t\t\t\t\t\t<div class=\"elementor-container elementor-column-gap-default\">\n\t\t\t\t\t<div class=\"elementor-column elementor-col-50 elementor-top-column elementor-element elementor-element-be4a4be\" data-id=\"be4a4be\" data-element_type=\"column\" data-e-type=\"column\">\n\t\t\t<div class=\"elementor-widget-wrap elementor-element-populated\">\n\t\t\t\t\t\t<div class=\"elementor-element elementor-element-60ef039 elementor-widget elementor-widget-image\" data-id=\"60ef039\" data-element_type=\"widget\" data-e-type=\"widget\" data-widget_type=\"image.default\">\n\t\t\t\t<div class=\"elementor-widget-container\">\n\t\t\t\t\t\t\t\t\t\t\t\t<figure class=\"wp-caption\">\n\t\t\t\t\t\t\t\t\t\t<img decoding=\"async\" width=\"640\" height=\"800\" src=\"https:\/\/unaymilletras.com\/wp-content\/uploads\/2025\/05\/DSC08726-819x1024.jpg\" class=\"attachment-large size-large wp-image-4856\" alt=\"OT\" srcset=\"https:\/\/unaymilletras.com\/wp-content\/uploads\/2025\/05\/DSC08726-819x1024.jpg 819w, https:\/\/unaymilletras.com\/wp-content\/uploads\/2025\/05\/DSC08726-240x300.jpg 240w, https:\/\/unaymilletras.com\/wp-content\/uploads\/2025\/05\/DSC08726-768x960.jpg 768w, https:\/\/unaymilletras.com\/wp-content\/uploads\/2025\/05\/DSC08726-1229x1536.jpg 1229w, https:\/\/unaymilletras.com\/wp-content\/uploads\/2025\/05\/DSC08726-1638x2048.jpg 1638w, https:\/\/unaymilletras.com\/wp-content\/uploads\/2025\/05\/DSC08726-10x12.jpg 10w, https:\/\/unaymilletras.com\/wp-content\/uploads\/2025\/05\/DSC08726-1024x1280.jpg 1024w, https:\/\/unaymilletras.com\/wp-content\/uploads\/2025\/05\/DSC08726-scaled-e1748172765959.jpg 600w\" sizes=\"(max-width: 640px) 100vw, 640px\" \/>\t\t\t\t\t\t\t\t\t\t\t<figcaption class=\"widget-image-caption wp-caption-text\">Foto: Eva Flores<\/figcaption>\n\t\t\t\t\t\t\t\t\t\t<\/figure>\n\t\t\t\t\t\t\t\t\t<\/div>\n\t\t\t\t<\/div>\n\t\t\t\t\t<\/div>\n\t\t<\/div>\n\t\t\t\t<div class=\"elementor-column elementor-col-50 elementor-top-column elementor-element elementor-element-99c57d0\" data-id=\"99c57d0\" data-element_type=\"column\" data-e-type=\"column\">\n\t\t\t<div class=\"elementor-widget-wrap elementor-element-populated\">\n\t\t\t\t\t\t<div class=\"elementor-element elementor-element-e049f34 elementor-widget elementor-widget-image\" data-id=\"e049f34\" data-element_type=\"widget\" data-e-type=\"widget\" data-widget_type=\"image.default\">\n\t\t\t\t<div class=\"elementor-widget-container\">\n\t\t\t\t\t\t\t\t\t\t\t\t<figure class=\"wp-caption\">\n\t\t\t\t\t\t\t\t\t\t<img decoding=\"async\" width=\"640\" height=\"800\" src=\"https:\/\/unaymilletras.com\/wp-content\/uploads\/2025\/05\/DSC08593-819x1024.jpg\" class=\"attachment-large size-large wp-image-4855\" alt=\"OT\" srcset=\"https:\/\/unaymilletras.com\/wp-content\/uploads\/2025\/05\/DSC08593-819x1024.jpg 819w, https:\/\/unaymilletras.com\/wp-content\/uploads\/2025\/05\/DSC08593-240x300.jpg 240w, https:\/\/unaymilletras.com\/wp-content\/uploads\/2025\/05\/DSC08593-768x960.jpg 768w, https:\/\/unaymilletras.com\/wp-content\/uploads\/2025\/05\/DSC08593-1229x1536.jpg 1229w, https:\/\/unaymilletras.com\/wp-content\/uploads\/2025\/05\/DSC08593-1638x2048.jpg 1638w, https:\/\/unaymilletras.com\/wp-content\/uploads\/2025\/05\/DSC08593-10x12.jpg 10w, https:\/\/unaymilletras.com\/wp-content\/uploads\/2025\/05\/DSC08593-1024x1280.jpg 1024w, https:\/\/unaymilletras.com\/wp-content\/uploads\/2025\/05\/DSC08593-scaled-e1748172753605.jpg 600w\" sizes=\"(max-width: 640px) 100vw, 640px\" \/>\t\t\t\t\t\t\t\t\t\t\t<figcaption class=\"widget-image-caption wp-caption-text\">Foto: Eva Flores<\/figcaption>\n\t\t\t\t\t\t\t\t\t\t<\/figure>\n\t\t\t\t\t\t\t\t\t<\/div>\n\t\t\t\t<\/div>\n\t\t\t\t\t<\/div>\n\t\t<\/div>\n\t\t\t\t\t<\/div>\n\t\t<\/section>\n\t\t\t\t<section class=\"elementor-section elementor-top-section elementor-element elementor-element-cf0df97 elementor-section-boxed elementor-section-height-default elementor-section-height-default\" data-id=\"cf0df97\" data-element_type=\"section\" data-e-type=\"section\">\n\t\t\t\t\t\t<div class=\"elementor-container elementor-column-gap-default\">\n\t\t\t\t\t<div class=\"elementor-column elementor-col-100 elementor-top-column elementor-element elementor-element-3c1caed\" data-id=\"3c1caed\" data-element_type=\"column\" data-e-type=\"column\">\n\t\t\t<div class=\"elementor-widget-wrap elementor-element-populated\">\n\t\t\t\t\t\t<div class=\"elementor-element elementor-element-d775b37 elementor-widget elementor-widget-text-editor\" data-id=\"d775b37\" data-element_type=\"widget\" data-e-type=\"widget\" data-widget_type=\"text-editor.default\">\n\t\t\t\t<div class=\"elementor-widget-container\">\n\t\t\t\t\t\t\t\t\t<p data-start=\"1139\" data-end=\"1473\">La segunda fase del casting de OT 2025 en Sevilla ya se ha grabado y se emitir\u00e1 ma\u00f1ana en directo a trav\u00e9s del canal de YouTube oficial del programa. En ella, los concursantes seleccionados competir\u00e1n por una plaza en el casting final, que tendr\u00e1 lugar pr\u00f3ximamente en Barcelona y reunir\u00e1 a los mejores talentos de todas las ciudades.<\/p><p data-start=\"1475\" data-end=\"1815\" data-is-last-node=\"\" data-is-only-node=\"\">Con m\u00e1s de dos d\u00e9cadas de historia y una comunidad de seguidores en constante crecimiento, <em data-start=\"1566\" data-end=\"1585\">Operaci\u00f3n Triunfo<\/em> vuelve a confirmar que sigue siendo la gran cantera del pop espa\u00f1ol. El sue\u00f1o de entrar en la Academia est\u00e1 m\u00e1s cerca para quienes han logrado avanzar en esta exigente selecci\u00f3n. Y la emoci\u00f3n, como siempre, solo acaba de empezar.<\/p>\t\t\t\t\t\t\t\t<\/div>\n\t\t\t\t<\/div>\n\t\t\t\t\t<\/div>\n\t\t<\/div>\n\t\t\t\t\t<\/div>\n\t\t<\/section>\n\t\t\t\t<\/div>","protected":false},"excerpt":{"rendered":"<p>La capital andaluza volvi\u00f3 a vibrar con la primera fase del proceso de selecci\u00f3n de OT, que ya se prepara para la recta en Barcelona La primera fase del casting de Operaci\u00f3n Triunfo 2025 en Sevilla ha sido todo un \u00e9xito. Hasta 1.398 aspirantes pasaron por las pruebas que se celebraron esta semana, demostrando una [&hellip;]<\/p>\n","protected":false},"author":6,"featured_media":4855,"comment_status":"closed","ping_status":"closed","sticky":false,"template":"","format":"standard","meta":{"footnotes":""},"categories":[4],"tags":[],"class_list":["post-4852","post","type-post","status-publish","format-standard","has-post-thumbnail","hentry","category-musica"],"yoast_head":"<!-- This site is optimized with the Yoast SEO plugin v27.4 - https:\/\/yoast.com\/product\/yoast-seo-wordpress\/ -->\n<title>Casting OT 2025 Sevilla: M\u00e1s de 1.300 aspirantes y 64 pegatinas<\/title>\n<meta name=\"description\" content=\"La capital andaluza volvi\u00f3 a vibrar con la primera fase del proceso de selecci\u00f3n de OT, que ya se prepara para la recta final en Barcelona\" \/>\n<meta name=\"robots\" content=\"index, follow, max-snippet:-1, max-image-preview:large, max-video-preview:-1\" \/>\n<link rel=\"canonical\" href=\"https:\/\/unaymilletras.com\/en\/casting-ot-2025-sevilla-mas-de-1-300-aspirantes-y-64-pegatinas\/\" \/>\n<meta property=\"og:locale\" content=\"en_GB\" \/>\n<meta property=\"og:type\" content=\"article\" \/>\n<meta property=\"og:title\" content=\"Casting OT 2025 Sevilla: M\u00e1s de 1.300 aspirantes y 64 pegatinas\" \/>\n<meta property=\"og:description\" content=\"La capital andaluza volvi\u00f3 a vibrar con la primera fase del proceso de selecci\u00f3n de OT, que ya se prepara para la recta final en Barcelona\" \/>\n<meta property=\"og:url\" content=\"https:\/\/unaymilletras.com\/en\/casting-ot-2025-sevilla-mas-de-1-300-aspirantes-y-64-pegatinas\/\" \/>\n<meta property=\"og:site_name\" content=\"Una y Mil Letras\" \/>\n<meta property=\"article:published_time\" content=\"2025-05-25T18:30:00+00:00\" \/>\n<meta property=\"og:image\" content=\"https:\/\/unaymilletras.com\/wp-content\/uploads\/2025\/05\/DSC08593-scaled-e1748172753605.jpg\" \/>\n\t<meta property=\"og:image:width\" content=\"600\" \/>\n\t<meta property=\"og:image:height\" content=\"750\" \/>\n\t<meta property=\"og:image:type\" content=\"image\/jpeg\" \/>\n<meta name=\"author\" content=\"Redacci\u00f3n\" \/>\n<meta name=\"twitter:card\" content=\"summary_large_image\" \/>\n<meta name=\"twitter:creator\" content=\"@UnaYMilLetras\" \/>\n<meta name=\"twitter:site\" content=\"@UnaYMilLetras\" \/>\n<meta name=\"twitter:label1\" content=\"Written by\" \/>\n\t<meta name=\"twitter:data1\" content=\"Redacci\u00f3n\" \/>\n\t<meta name=\"twitter:label2\" content=\"Estimated reading time\" \/>\n\t<meta name=\"twitter:data2\" content=\"3 minutes\" \/>\n<script type=\"application\/ld+json\" class=\"yoast-schema-graph\">{\"@context\":\"https:\\\/\\\/schema.org\",\"@graph\":[{\"@type\":\"Article\",\"@id\":\"https:\\\/\\\/unaymilletras.com\\\/casting-ot-2025-sevilla-mas-de-1-300-aspirantes-y-64-pegatinas\\\/#article\",\"isPartOf\":{\"@id\":\"https:\\\/\\\/unaymilletras.com\\\/casting-ot-2025-sevilla-mas-de-1-300-aspirantes-y-64-pegatinas\\\/\"},\"author\":{\"name\":\"Redacci\u00f3n\",\"@id\":\"http:\\\/\\\/unaymilletras.com\\\/#\\\/schema\\\/person\\\/0860dc8a218329991ee2c7591f4f849d\"},\"headline\":\"Casting OT 2025 Sevilla: M\u00e1s de 1.300 aspirantes y 64 pegatinas\",\"datePublished\":\"2025-05-25T18:30:00+00:00\",\"mainEntityOfPage\":{\"@id\":\"https:\\\/\\\/unaymilletras.com\\\/casting-ot-2025-sevilla-mas-de-1-300-aspirantes-y-64-pegatinas\\\/\"},\"wordCount\":337,\"publisher\":{\"@id\":\"http:\\\/\\\/unaymilletras.com\\\/#organization\"},\"image\":{\"@id\":\"https:\\\/\\\/unaymilletras.com\\\/casting-ot-2025-sevilla-mas-de-1-300-aspirantes-y-64-pegatinas\\\/#primaryimage\"},\"thumbnailUrl\":\"https:\\\/\\\/unaymilletras.com\\\/wp-content\\\/uploads\\\/2025\\\/05\\\/DSC08593-scaled-e1748172753605.jpg\",\"articleSection\":[\"M\u00fasica\"],\"inLanguage\":\"en-GB\"},{\"@type\":\"WebPage\",\"@id\":\"https:\\\/\\\/unaymilletras.com\\\/casting-ot-2025-sevilla-mas-de-1-300-aspirantes-y-64-pegatinas\\\/\",\"url\":\"https:\\\/\\\/unaymilletras.com\\\/casting-ot-2025-sevilla-mas-de-1-300-aspirantes-y-64-pegatinas\\\/\",\"name\":\"Casting OT 2025 Sevilla: M\u00e1s de 1.300 aspirantes y 64 pegatinas\",\"isPartOf\":{\"@id\":\"http:\\\/\\\/unaymilletras.com\\\/#website\"},\"primaryImageOfPage\":{\"@id\":\"https:\\\/\\\/unaymilletras.com\\\/casting-ot-2025-sevilla-mas-de-1-300-aspirantes-y-64-pegatinas\\\/#primaryimage\"},\"image\":{\"@id\":\"https:\\\/\\\/unaymilletras.com\\\/casting-ot-2025-sevilla-mas-de-1-300-aspirantes-y-64-pegatinas\\\/#primaryimage\"},\"thumbnailUrl\":\"https:\\\/\\\/unaymilletras.com\\\/wp-content\\\/uploads\\\/2025\\\/05\\\/DSC08593-scaled-e1748172753605.jpg\",\"datePublished\":\"2025-05-25T18:30:00+00:00\",\"description\":\"La capital andaluza volvi\u00f3 a vibrar con la primera fase del proceso de selecci\u00f3n de OT, que ya se prepara para la recta final en Barcelona\",\"breadcrumb\":{\"@id\":\"https:\\\/\\\/unaymilletras.com\\\/casting-ot-2025-sevilla-mas-de-1-300-aspirantes-y-64-pegatinas\\\/#breadcrumb\"},\"inLanguage\":\"en-GB\",\"potentialAction\":[{\"@type\":\"ReadAction\",\"target\":[\"https:\\\/\\\/unaymilletras.com\\\/casting-ot-2025-sevilla-mas-de-1-300-aspirantes-y-64-pegatinas\\\/\"]}]},{\"@type\":\"ImageObject\",\"inLanguage\":\"en-GB\",\"@id\":\"https:\\\/\\\/unaymilletras.com\\\/casting-ot-2025-sevilla-mas-de-1-300-aspirantes-y-64-pegatinas\\\/#primaryimage\",\"url\":\"https:\\\/\\\/unaymilletras.com\\\/wp-content\\\/uploads\\\/2025\\\/05\\\/DSC08593-scaled-e1748172753605.jpg\",\"contentUrl\":\"https:\\\/\\\/unaymilletras.com\\\/wp-content\\\/uploads\\\/2025\\\/05\\\/DSC08593-scaled-e1748172753605.jpg\",\"width\":600,\"height\":750,\"caption\":\"Foto: Eva Flores\"},{\"@type\":\"BreadcrumbList\",\"@id\":\"https:\\\/\\\/unaymilletras.com\\\/casting-ot-2025-sevilla-mas-de-1-300-aspirantes-y-64-pegatinas\\\/#breadcrumb\",\"itemListElement\":[{\"@type\":\"ListItem\",\"position\":1,\"name\":\"Home\",\"item\":\"http:\\\/\\\/unaymilletras.com\\\/\"},{\"@type\":\"ListItem\",\"position\":2,\"name\":\"Casting OT 2025 Sevilla: M\u00e1s de 1.300 aspirantes y 64 pegatinas\"}]},{\"@type\":\"WebSite\",\"@id\":\"http:\\\/\\\/unaymilletras.com\\\/#website\",\"url\":\"http:\\\/\\\/unaymilletras.com\\\/\",\"name\":\"Una y Mil Letras\",\"description\":\"\",\"publisher\":{\"@id\":\"http:\\\/\\\/unaymilletras.com\\\/#organization\"},\"potentialAction\":[{\"@type\":\"SearchAction\",\"target\":{\"@type\":\"EntryPoint\",\"urlTemplate\":\"http:\\\/\\\/unaymilletras.com\\\/?s={search_term_string}\"},\"query-input\":{\"@type\":\"PropertyValueSpecification\",\"valueRequired\":true,\"valueName\":\"search_term_string\"}}],\"inLanguage\":\"en-GB\"},{\"@type\":\"Organization\",\"@id\":\"http:\\\/\\\/unaymilletras.com\\\/#organization\",\"name\":\"Una y Mil Letras\",\"url\":\"http:\\\/\\\/unaymilletras.com\\\/\",\"logo\":{\"@type\":\"ImageObject\",\"inLanguage\":\"en-GB\",\"@id\":\"http:\\\/\\\/unaymilletras.com\\\/#\\\/schema\\\/logo\\\/image\\\/\",\"url\":\"https:\\\/\\\/unaymilletras.com\\\/wp-content\\\/uploads\\\/2024\\\/06\\\/cropped-Logo-removebg-preview.png\",\"contentUrl\":\"https:\\\/\\\/unaymilletras.com\\\/wp-content\\\/uploads\\\/2024\\\/06\\\/cropped-Logo-removebg-preview.png\",\"width\":512,\"height\":512,\"caption\":\"Una y Mil Letras\"},\"image\":{\"@id\":\"http:\\\/\\\/unaymilletras.com\\\/#\\\/schema\\\/logo\\\/image\\\/\"},\"sameAs\":[\"https:\\\/\\\/x.com\\\/UnaYMilLetras\",\"https:\\\/\\\/instagram.com\\\/UnaYMilLetras\"]},{\"@type\":\"Person\",\"@id\":\"http:\\\/\\\/unaymilletras.com\\\/#\\\/schema\\\/person\\\/0860dc8a218329991ee2c7591f4f849d\",\"name\":\"Redacci\u00f3n\",\"image\":{\"@type\":\"ImageObject\",\"inLanguage\":\"en-GB\",\"@id\":\"https:\\\/\\\/secure.gravatar.com\\\/avatar\\\/d8f55e05a8b6597e45c55a1dcbdbfe44f4a360d88b48e00de5216a79b7732796?s=96&d=mm&r=g\",\"url\":\"https:\\\/\\\/secure.gravatar.com\\\/avatar\\\/d8f55e05a8b6597e45c55a1dcbdbfe44f4a360d88b48e00de5216a79b7732796?s=96&d=mm&r=g\",\"contentUrl\":\"https:\\\/\\\/secure.gravatar.com\\\/avatar\\\/d8f55e05a8b6597e45c55a1dcbdbfe44f4a360d88b48e00de5216a79b7732796?s=96&d=mm&r=g\",\"caption\":\"Redacci\u00f3n\"},\"url\":\"https:\\\/\\\/unaymilletras.com\\\/en\\\/author\\\/redaccion\\\/\"}]}<\/script>\n<!-- \/ Yoast SEO plugin. -->","yoast_head_json":{"title":"Casting OT 2025 Sevilla: M\u00e1s de 1.300 aspirantes y 64 pegatinas","description":"La capital andaluza volvi\u00f3 a vibrar con la primera fase del proceso de selecci\u00f3n de OT, que ya se prepara para la recta final en Barcelona","robots":{"index":"index","follow":"follow","max-snippet":"max-snippet:-1","max-image-preview":"max-image-preview:large","max-video-preview":"max-video-preview:-1"},"canonical":"https:\/\/unaymilletras.com\/en\/casting-ot-2025-sevilla-mas-de-1-300-aspirantes-y-64-pegatinas\/","og_locale":"en_GB","og_type":"article","og_title":"Casting OT 2025 Sevilla: M\u00e1s de 1.300 aspirantes y 64 pegatinas","og_description":"La capital andaluza volvi\u00f3 a vibrar con la primera fase del proceso de selecci\u00f3n de OT, que ya se prepara para la recta final en Barcelona","og_url":"https:\/\/unaymilletras.com\/en\/casting-ot-2025-sevilla-mas-de-1-300-aspirantes-y-64-pegatinas\/","og_site_name":"Una y Mil Letras","article_published_time":"2025-05-25T18:30:00+00:00","og_image":[{"width":600,"height":750,"url":"https:\/\/unaymilletras.com\/wp-content\/uploads\/2025\/05\/DSC08593-scaled-e1748172753605.jpg","type":"image\/jpeg"}],"author":"Redacci\u00f3n","twitter_card":"summary_large_image","twitter_creator":"@UnaYMilLetras","twitter_site":"@UnaYMilLetras","twitter_misc":{"Written by":"Redacci\u00f3n","Estimated reading time":"3 minutes"},"schema":{"@context":"https:\/\/schema.org","@graph":[{"@type":"Article","@id":"https:\/\/unaymilletras.com\/casting-ot-2025-sevilla-mas-de-1-300-aspirantes-y-64-pegatinas\/#article","isPartOf":{"@id":"https:\/\/unaymilletras.com\/casting-ot-2025-sevilla-mas-de-1-300-aspirantes-y-64-pegatinas\/"},"author":{"name":"Redacci\u00f3n","@id":"http:\/\/unaymilletras.com\/#\/schema\/person\/0860dc8a218329991ee2c7591f4f849d"},"headline":"Casting OT 2025 Sevilla: M\u00e1s de 1.300 aspirantes y 64 pegatinas","datePublished":"2025-05-25T18:30:00+00:00","mainEntityOfPage":{"@id":"https:\/\/unaymilletras.com\/casting-ot-2025-sevilla-mas-de-1-300-aspirantes-y-64-pegatinas\/"},"wordCount":337,"publisher":{"@id":"http:\/\/unaymilletras.com\/#organization"},"image":{"@id":"https:\/\/unaymilletras.com\/casting-ot-2025-sevilla-mas-de-1-300-aspirantes-y-64-pegatinas\/#primaryimage"},"thumbnailUrl":"https:\/\/unaymilletras.com\/wp-content\/uploads\/2025\/05\/DSC08593-scaled-e1748172753605.jpg","articleSection":["M\u00fasica"],"inLanguage":"en-GB"},{"@type":"WebPage","@id":"https:\/\/unaymilletras.com\/casting-ot-2025-sevilla-mas-de-1-300-aspirantes-y-64-pegatinas\/","url":"https:\/\/unaymilletras.com\/casting-ot-2025-sevilla-mas-de-1-300-aspirantes-y-64-pegatinas\/","name":"Casting OT 2025 Sevilla: M\u00e1s de 1.300 aspirantes y 64 pegatinas","isPartOf":{"@id":"http:\/\/unaymilletras.com\/#website"},"primaryImageOfPage":{"@id":"https:\/\/unaymilletras.com\/casting-ot-2025-sevilla-mas-de-1-300-aspirantes-y-64-pegatinas\/#primaryimage"},"image":{"@id":"https:\/\/unaymilletras.com\/casting-ot-2025-sevilla-mas-de-1-300-aspirantes-y-64-pegatinas\/#primaryimage"},"thumbnailUrl":"https:\/\/unaymilletras.com\/wp-content\/uploads\/2025\/05\/DSC08593-scaled-e1748172753605.jpg","datePublished":"2025-05-25T18:30:00+00:00","description":"La capital andaluza volvi\u00f3 a vibrar con la primera fase del proceso de selecci\u00f3n de OT, que ya se prepara para la recta final en Barcelona","breadcrumb":{"@id":"https:\/\/unaymilletras.com\/casting-ot-2025-sevilla-mas-de-1-300-aspirantes-y-64-pegatinas\/#breadcrumb"},"inLanguage":"en-GB","potentialAction":[{"@type":"ReadAction","target":["https:\/\/unaymilletras.com\/casting-ot-2025-sevilla-mas-de-1-300-aspirantes-y-64-pegatinas\/"]}]},{"@type":"ImageObject","inLanguage":"en-GB","@id":"https:\/\/unaymilletras.com\/casting-ot-2025-sevilla-mas-de-1-300-aspirantes-y-64-pegatinas\/#primaryimage","url":"https:\/\/unaymilletras.com\/wp-content\/uploads\/2025\/05\/DSC08593-scaled-e1748172753605.jpg","contentUrl":"https:\/\/unaymilletras.com\/wp-content\/uploads\/2025\/05\/DSC08593-scaled-e1748172753605.jpg","width":600,"height":750,"caption":"Foto: Eva Flores"},{"@type":"BreadcrumbList","@id":"https:\/\/unaymilletras.com\/casting-ot-2025-sevilla-mas-de-1-300-aspirantes-y-64-pegatinas\/#breadcrumb","itemListElement":[{"@type":"ListItem","position":1,"name":"Home","item":"http:\/\/unaymilletras.com\/"},{"@type":"ListItem","position":2,"name":"Casting OT 2025 Sevilla: M\u00e1s de 1.300 aspirantes y 64 pegatinas"}]},{"@type":"WebSite","@id":"http:\/\/unaymilletras.com\/#website","url":"http:\/\/unaymilletras.com\/","name":"Una y Mil Letras","description":"","publisher":{"@id":"http:\/\/unaymilletras.com\/#organization"},"potentialAction":[{"@type":"SearchAction","target":{"@type":"EntryPoint","urlTemplate":"http:\/\/unaymilletras.com\/?s={search_term_string}"},"query-input":{"@type":"PropertyValueSpecification","valueRequired":true,"valueName":"search_term_string"}}],"inLanguage":"en-GB"},{"@type":"Organization","@id":"http:\/\/unaymilletras.com\/#organization","name":"Una y Mil Letras","url":"http:\/\/unaymilletras.com\/","logo":{"@type":"ImageObject","inLanguage":"en-GB","@id":"http:\/\/unaymilletras.com\/#\/schema\/logo\/image\/","url":"https:\/\/unaymilletras.com\/wp-content\/uploads\/2024\/06\/cropped-Logo-removebg-preview.png","contentUrl":"https:\/\/unaymilletras.com\/wp-content\/uploads\/2024\/06\/cropped-Logo-removebg-preview.png","width":512,"height":512,"caption":"Una y Mil Letras"},"image":{"@id":"http:\/\/unaymilletras.com\/#\/schema\/logo\/image\/"},"sameAs":["https:\/\/x.com\/UnaYMilLetras","https:\/\/instagram.com\/UnaYMilLetras"]},{"@type":"Person","@id":"http:\/\/unaymilletras.com\/#\/schema\/person\/0860dc8a218329991ee2c7591f4f849d","name":"Redacci\u00f3n","image":{"@type":"ImageObject","inLanguage":"en-GB","@id":"https:\/\/secure.gravatar.com\/avatar\/d8f55e05a8b6597e45c55a1dcbdbfe44f4a360d88b48e00de5216a79b7732796?s=96&d=mm&r=g","url":"https:\/\/secure.gravatar.com\/avatar\/d8f55e05a8b6597e45c55a1dcbdbfe44f4a360d88b48e00de5216a79b7732796?s=96&d=mm&r=g","contentUrl":"https:\/\/secure.gravatar.com\/avatar\/d8f55e05a8b6597e45c55a1dcbdbfe44f4a360d88b48e00de5216a79b7732796?s=96&d=mm&r=g","caption":"Redacci\u00f3n"},"url":"https:\/\/unaymilletras.com\/en\/author\/redaccion\/"}]}},"_links":{"self":[{"href":"https:\/\/unaymilletras.com\/en\/wp-json\/wp\/v2\/posts\/4852","targetHints":{"allow":["GET"]}}],"collection":[{"href":"https:\/\/unaymilletras.com\/en\/wp-json\/wp\/v2\/posts"}],"about":[{"href":"https:\/\/unaymilletras.com\/en\/wp-json\/wp\/v2\/types\/post"}],"author":[{"embeddable":true,"href":"https:\/\/unaymilletras.com\/en\/wp-json\/wp\/v2\/users\/6"}],"replies":[{"embeddable":true,"href":"https:\/\/unaymilletras.com\/en\/wp-json\/wp\/v2\/comments?post=4852"}],"version-history":[{"count":4,"href":"https:\/\/unaymilletras.com\/en\/wp-json\/wp\/v2\/posts\/4852\/revisions"}],"predecessor-version":[{"id":4859,"href":"https:\/\/unaymilletras.com\/en\/wp-json\/wp\/v2\/posts\/4852\/revisions\/4859"}],"wp:featuredmedia":[{"embeddable":true,"href":"https:\/\/unaymilletras.com\/en\/wp-json\/wp\/v2\/media\/4855"}],"wp:attachment":[{"href":"https:\/\/unaymilletras.com\/en\/wp-json\/wp\/v2\/media?parent=4852"}],"wp:term":[{"taxonomy":"category","embeddable":true,"href":"https:\/\/unaymilletras.com\/en\/wp-json\/wp\/v2\/categories?post=4852"},{"taxonomy":"post_tag","embeddable":true,"href":"https:\/\/unaymilletras.com\/en\/wp-json\/wp\/v2\/tags?post=4852"}],"curies":[{"name":"wp","href":"https:\/\/api.w.org\/{rel}","templated":true}]}}