{"id":4872,"date":"2025-05-27T21:32:36","date_gmt":"2025-05-27T19:32:36","guid":{"rendered":"https:\/\/unaymilletras.com\/?p=4872"},"modified":"2025-05-28T12:48:04","modified_gmt":"2025-05-28T10:48:04","slug":"myke-towers-unico-latino-en-la-banda-sonora-de-la-pelicula-de-formula-1-protagonizada-por-brad-pitt","status":"publish","type":"post","link":"https:\/\/unaymilletras.com\/en\/myke-towers-unico-latino-en-la-banda-sonora-de-la-pelicula-de-formula-1-protagonizada-por-brad-pitt\/","title":{"rendered":"Myke Towers \u00fanico latino en la banda sonora de la pel\u00edcula de F\u00f3rmula 1 protagonizada por Brad Pitt"},"content":{"rendered":"<div data-elementor-type=\"wp-post\" data-elementor-id=\"4872\" class=\"elementor elementor-4872\">\n\t\t\t\t\t\t<section class=\"elementor-section elementor-top-section elementor-element elementor-element-7d884fc elementor-section-boxed elementor-section-height-default elementor-section-height-default\" data-id=\"7d884fc\" data-element_type=\"section\" data-e-type=\"section\">\n\t\t\t\t\t\t<div class=\"elementor-container elementor-column-gap-default\">\n\t\t\t\t\t<div class=\"elementor-column elementor-col-100 elementor-top-column elementor-element elementor-element-ef94a8c\" data-id=\"ef94a8c\" data-element_type=\"column\" data-e-type=\"column\">\n\t\t\t<div class=\"elementor-widget-wrap elementor-element-populated\">\n\t\t\t\t\t\t<div class=\"elementor-element elementor-element-6576a52 elementor-widget elementor-widget-heading\" data-id=\"6576a52\" data-element_type=\"widget\" data-e-type=\"widget\" data-widget_type=\"heading.default\">\n\t\t\t\t<div class=\"elementor-widget-container\">\n\t\t\t\t\t<h2 class=\"elementor-heading-title elementor-size-default\">Myke Towers lanza \u201cBaja California\u201d para la banda sonora de la nueva pel\u00edcula de F\u00f3rmula 1 de Brad Pitt y llena recintos en su gira Europea<\/h2>\t\t\t\t<\/div>\n\t\t\t\t<\/div>\n\t\t\t\t\t<\/div>\n\t\t<\/div>\n\t\t\t\t\t<\/div>\n\t\t<\/section>\n\t\t\t\t<section class=\"elementor-section elementor-top-section elementor-element elementor-element-9ec1e38 elementor-section-boxed elementor-section-height-default elementor-section-height-default\" data-id=\"9ec1e38\" data-element_type=\"section\" data-e-type=\"section\">\n\t\t\t\t\t\t<div class=\"elementor-container elementor-column-gap-default\">\n\t\t\t\t\t<div class=\"elementor-column elementor-col-100 elementor-top-column elementor-element elementor-element-d12fb0d\" data-id=\"d12fb0d\" data-element_type=\"column\" data-e-type=\"column\">\n\t\t\t<div class=\"elementor-widget-wrap elementor-element-populated\">\n\t\t\t\t\t\t<div class=\"elementor-element elementor-element-dd384c5 elementor-widget elementor-widget-text-editor\" data-id=\"dd384c5\" data-element_type=\"widget\" data-e-type=\"widget\" data-widget_type=\"text-editor.default\">\n\t\t\t\t<div class=\"elementor-widget-container\">\n\t\t\t\t\t\t\t\t\t<p>El artista puertorrique\u00f1o Myke Towers sigue consolidando su proyecci\u00f3n internacional. Tras dar inicio a su&nbsp;<a href=\"https:\/\/unaymilletras.com\/en\/myke-towers-supera-las-expectativas-en-el-movistar-arena\/\" target=\"_blank\">gira europea&nbsp;<\/a>con dos noches consecutivas en el Movistar Arena de Madrid, el int\u00e9rprete urbano se convierte en el \u00fanico artista latino incluido en la banda sonora oficial de la esperada pel\u00edcula de F\u00f3rmula 1 protagonizada por Brad Pitt.<\/p>\t\t\t\t\t\t\t\t<\/div>\n\t\t\t\t<\/div>\n\t\t\t\t\t<\/div>\n\t\t<\/div>\n\t\t\t\t\t<\/div>\n\t\t<\/section>\n\t\t\t\t<section class=\"elementor-section elementor-top-section elementor-element elementor-element-3818995 elementor-section-boxed elementor-section-height-default elementor-section-height-default\" data-id=\"3818995\" data-element_type=\"section\" data-e-type=\"section\">\n\t\t\t\t\t\t<div class=\"elementor-container elementor-column-gap-default\">\n\t\t\t\t\t<div class=\"elementor-column elementor-col-100 elementor-top-column elementor-element elementor-element-5893928\" data-id=\"5893928\" data-element_type=\"column\" data-e-type=\"column\">\n\t\t\t<div class=\"elementor-widget-wrap elementor-element-populated\">\n\t\t\t\t\t\t<div class=\"elementor-element elementor-element-656eb17 elementor-widget elementor-widget-text-editor\" data-id=\"656eb17\" data-element_type=\"widget\" data-e-type=\"widget\" data-widget_type=\"text-editor.default\">\n\t\t\t\t<div class=\"elementor-widget-container\">\n\t\t\t\t\t\t\t\t\t<p data-start=\"750\" data-end=\"1176\">La nueva canci\u00f3n titulada&nbsp;<em data-start=\"768\" data-end=\"787\">Baja California<\/em>, forma parte de <em data-start=\"804\" data-end=\"819\">F1: The Album. <\/em><span data-start=\"804\" data-end=\"819\">Este es<\/span>&nbsp;un ambicioso proyecto musical producido por el equipo responsable de <em data-start=\"890\" data-end=\"908\">Barbie The Album<\/em> y liderado por Kevin Weaver, presidente de Atlantic Records en la costa oeste de EE. UU. La canci\u00f3n del artista latino reinterpreta el cl\u00e1sico \u201cThe Choice Is Yours\u201d de Black Sheep. Esto tendr\u00e1 un enfoque cinematogr\u00e1fico que evoca la intensidad y velocidad del universo de la F\u00f3rmula 1.<\/p>\t\t\t\t\t\t\t\t<\/div>\n\t\t\t\t<\/div>\n\t\t\t\t\t<\/div>\n\t\t<\/div>\n\t\t\t\t\t<\/div>\n\t\t<\/section>\n\t\t\t\t<section class=\"elementor-section elementor-top-section elementor-element elementor-element-d7d7556 elementor-section-boxed elementor-section-height-default elementor-section-height-default\" data-id=\"d7d7556\" data-element_type=\"section\" data-e-type=\"section\">\n\t\t\t\t\t\t<div class=\"elementor-container elementor-column-gap-default\">\n\t\t\t\t\t<div class=\"elementor-column elementor-col-100 elementor-top-column elementor-element elementor-element-b2d6efe\" data-id=\"b2d6efe\" data-element_type=\"column\" data-e-type=\"column\">\n\t\t\t<div class=\"elementor-widget-wrap elementor-element-populated\">\n\t\t\t\t\t\t<div class=\"elementor-element elementor-element-7b5ff40 elementor-widget elementor-widget-video\" data-id=\"7b5ff40\" data-element_type=\"widget\" data-e-type=\"widget\" data-settings=\"{&quot;youtube_url&quot;:&quot;https:\\\/\\\/youtu.be\\\/5QCZPABbTQU?si=dk3IGYW-vqK0uUDX&quot;,&quot;video_type&quot;:&quot;youtube&quot;,&quot;controls&quot;:&quot;yes&quot;}\" data-widget_type=\"video.default\">\n\t\t\t\t<div class=\"elementor-widget-container\">\n\t\t\t\t\t\t\t<div class=\"elementor-wrapper elementor-open-inline\">\n\t\t\t<div class=\"elementor-video\"><\/div>\t\t<\/div>\n\t\t\t\t\t\t<\/div>\n\t\t\t\t<\/div>\n\t\t\t\t\t<\/div>\n\t\t<\/div>\n\t\t\t\t\t<\/div>\n\t\t<\/section>\n\t\t\t\t<section class=\"elementor-section elementor-top-section elementor-element elementor-element-2560d25 elementor-section-boxed elementor-section-height-default elementor-section-height-default\" data-id=\"2560d25\" data-element_type=\"section\" data-e-type=\"section\">\n\t\t\t\t\t\t<div class=\"elementor-container elementor-column-gap-default\">\n\t\t\t\t\t<div class=\"elementor-column elementor-col-100 elementor-top-column elementor-element elementor-element-6668400\" data-id=\"6668400\" data-element_type=\"column\" data-e-type=\"column\">\n\t\t\t<div class=\"elementor-widget-wrap elementor-element-populated\">\n\t\t\t\t\t\t<div class=\"elementor-element elementor-element-9769c90 elementor-widget elementor-widget-text-editor\" data-id=\"9769c90\" data-element_type=\"widget\" data-e-type=\"widget\" data-widget_type=\"text-editor.default\">\n\t\t\t\t<div class=\"elementor-widget-container\">\n\t\t\t\t\t\t\t\t\t<p>La participaci\u00f3n de Myke en el \u00e1lbum lo coloca junto a artistas de renombre como Ed Sheeran, ROS\u00c9, Doja Cat, Ti\u00ebsto y Burna Boy,. Esto reafirma su estatus como figura clave de la m\u00fasica latina contempor\u00e1nea. <em data-start=\"1385\" data-end=\"1400\">F1: The Album<\/em>&nbsp;que se lanzar\u00e1 el pr\u00f3ximo 27 de junio, coincidiendo con el estreno mundial del filme en salas de cine e IMAX.<\/p>\t\t\t\t\t\t\t\t<\/div>\n\t\t\t\t<\/div>\n\t\t\t\t\t<\/div>\n\t\t<\/div>\n\t\t\t\t\t<\/div>\n\t\t<\/section>\n\t\t\t\t<section class=\"elementor-section elementor-top-section elementor-element elementor-element-d82b3f4 elementor-section-boxed elementor-section-height-default elementor-section-height-default\" data-id=\"d82b3f4\" data-element_type=\"section\" data-e-type=\"section\">\n\t\t\t\t\t\t<div class=\"elementor-container elementor-column-gap-default\">\n\t\t\t\t\t<div class=\"elementor-column elementor-col-100 elementor-top-column elementor-element elementor-element-778a5bf\" data-id=\"778a5bf\" data-element_type=\"column\" data-e-type=\"column\">\n\t\t\t<div class=\"elementor-widget-wrap elementor-element-populated\">\n\t\t\t\t\t\t<div class=\"elementor-element elementor-element-6c99e40 elementor-widget elementor-widget-heading\" data-id=\"6c99e40\" data-element_type=\"widget\" data-e-type=\"widget\" data-widget_type=\"heading.default\">\n\t\t\t\t<div class=\"elementor-widget-container\">\n\t\t\t\t\t<h2 class=\"elementor-heading-title elementor-size-default\">Gira Europea y momento exitoso<\/h2>\t\t\t\t<\/div>\n\t\t\t\t<\/div>\n\t\t\t\t\t<\/div>\n\t\t<\/div>\n\t\t\t\t\t<\/div>\n\t\t<\/section>\n\t\t\t\t<section class=\"elementor-section elementor-top-section elementor-element elementor-element-7755915 elementor-section-boxed elementor-section-height-default elementor-section-height-default\" data-id=\"7755915\" data-element_type=\"section\" data-e-type=\"section\">\n\t\t\t\t\t\t<div class=\"elementor-container elementor-column-gap-default\">\n\t\t\t\t\t<div class=\"elementor-column elementor-col-33 elementor-top-column elementor-element elementor-element-03fa705\" data-id=\"03fa705\" data-element_type=\"column\" data-e-type=\"column\">\n\t\t\t<div class=\"elementor-widget-wrap elementor-element-populated\">\n\t\t\t\t\t\t<div class=\"elementor-element elementor-element-57abe32 elementor-widget elementor-widget-text-editor\" data-id=\"57abe32\" data-element_type=\"widget\" data-e-type=\"widget\" data-widget_type=\"text-editor.default\">\n\t\t\t\t<div class=\"elementor-widget-container\">\n\t\t\t\t\t\t\t\t\t<p>Myke Towers abri\u00f3 su gira europea en Madrid con un espect\u00e1culo de m\u00e1s de 90 minutos que combin\u00f3 sus \u00e9xitos globales como <em data-start=\"1673\" data-end=\"1681\">\u201cLala\u201d<\/em>, <em data-start=\"1683\" data-end=\"1700\">\u201cLa Curiosidad\u201d<\/em> y <em data-start=\"1703\" data-end=\"1714\">\u201cAdivino\u201d<\/em>, con temas m\u00e1s introspectivos de su reciente \u00e1lbum <em data-start=\"1766\" data-end=\"1784\">La Pantera Negra<\/em>.<\/p>\t\t\t\t\t\t\t\t<\/div>\n\t\t\t\t<\/div>\n\t\t\t\t\t<\/div>\n\t\t<\/div>\n\t\t\t\t<div class=\"elementor-column elementor-col-33 elementor-top-column elementor-element elementor-element-6cf01ad\" data-id=\"6cf01ad\" data-element_type=\"column\" data-e-type=\"column\">\n\t\t\t<div class=\"elementor-widget-wrap elementor-element-populated\">\n\t\t\t\t\t\t<div class=\"elementor-element elementor-element-fd1e102 elementor-widget elementor-widget-image\" data-id=\"fd1e102\" data-element_type=\"widget\" data-e-type=\"widget\" data-widget_type=\"image.default\">\n\t\t\t\t<div class=\"elementor-widget-container\">\n\t\t\t\t\t\t\t\t\t\t\t\t\t\t\t<img fetchpriority=\"high\" decoding=\"async\" width=\"640\" height=\"427\" src=\"https:\/\/unaymilletras.com\/wp-content\/uploads\/2025\/05\/MYKE-TOWERS-LA-PANTERA-NEGRA-TOUR-MADRID-20-05-25-4-1024x683.jpg\" class=\"attachment-large size-large wp-image-4790\" alt=\"Myke Towers\" srcset=\"https:\/\/unaymilletras.com\/wp-content\/uploads\/2025\/05\/MYKE-TOWERS-LA-PANTERA-NEGRA-TOUR-MADRID-20-05-25-4-1024x683.jpg 1024w, https:\/\/unaymilletras.com\/wp-content\/uploads\/2025\/05\/MYKE-TOWERS-LA-PANTERA-NEGRA-TOUR-MADRID-20-05-25-4-300x200.jpg 300w, https:\/\/unaymilletras.com\/wp-content\/uploads\/2025\/05\/MYKE-TOWERS-LA-PANTERA-NEGRA-TOUR-MADRID-20-05-25-4-768x512.jpg 768w, https:\/\/unaymilletras.com\/wp-content\/uploads\/2025\/05\/MYKE-TOWERS-LA-PANTERA-NEGRA-TOUR-MADRID-20-05-25-4-1536x1024.jpg 1536w, https:\/\/unaymilletras.com\/wp-content\/uploads\/2025\/05\/MYKE-TOWERS-LA-PANTERA-NEGRA-TOUR-MADRID-20-05-25-4-2048x1365.jpg 2048w, https:\/\/unaymilletras.com\/wp-content\/uploads\/2025\/05\/MYKE-TOWERS-LA-PANTERA-NEGRA-TOUR-MADRID-20-05-25-4-18x12.jpg 18w\" sizes=\"(max-width: 640px) 100vw, 640px\" \/>\t\t\t\t\t\t\t\t\t\t\t\t\t\t\t<\/div>\n\t\t\t\t<\/div>\n\t\t\t\t\t<\/div>\n\t\t<\/div>\n\t\t\t\t<div class=\"elementor-column elementor-col-33 elementor-top-column elementor-element elementor-element-8126306\" data-id=\"8126306\" data-element_type=\"column\" data-e-type=\"column\">\n\t\t\t<div class=\"elementor-widget-wrap elementor-element-populated\">\n\t\t\t\t\t\t<div class=\"elementor-element elementor-element-6942429 elementor-widget elementor-widget-text-editor\" data-id=\"6942429\" data-element_type=\"widget\" data-e-type=\"widget\" data-widget_type=\"text-editor.default\">\n\t\t\t\t<div class=\"elementor-widget-container\">\n\t\t\t\t\t\t\t\t\t<p data-start=\"1552\" data-end=\"1910\">El show destac\u00f3 por la conexi\u00f3n emocional del artista con el p\u00fablico europeo. Con varias fechas agotadas en ciudades como Barcelona, Pamplona y Valencia, la gira visitar\u00e1 Suiza, Reino Unido y diversas regiones de Espa\u00f1a hasta el 10 de junio.<\/p>\t\t\t\t\t\t\t\t<\/div>\n\t\t\t\t<\/div>\n\t\t\t\t\t<\/div>\n\t\t<\/div>\n\t\t\t\t\t<\/div>\n\t\t<\/section>\n\t\t\t\t<section class=\"elementor-section elementor-top-section elementor-element elementor-element-cee31c4 elementor-section-boxed elementor-section-height-default elementor-section-height-default\" data-id=\"cee31c4\" data-element_type=\"section\" data-e-type=\"section\">\n\t\t\t\t\t\t<div class=\"elementor-container elementor-column-gap-default\">\n\t\t\t\t\t<div class=\"elementor-column elementor-col-100 elementor-top-column elementor-element elementor-element-5cb4dbf\" data-id=\"5cb4dbf\" data-element_type=\"column\" data-e-type=\"column\">\n\t\t\t<div class=\"elementor-widget-wrap elementor-element-populated\">\n\t\t\t\t\t\t<div class=\"elementor-element elementor-element-448c248 elementor-widget elementor-widget-text-editor\" data-id=\"448c248\" data-element_type=\"widget\" data-e-type=\"widget\" data-widget_type=\"text-editor.default\">\n\t\t\t\t<div class=\"elementor-widget-container\">\n\t\t\t\t\t\t\t\t\t<p data-start=\"2129\" data-end=\"2474\">El buen momento de Myke tambi\u00e9n se refleja en las listas de \u00e9xitos. Su canci\u00f3n&nbsp;<em data-start=\"2235\" data-end=\"2247\">\u201cDegenere\u201d<\/em> lidera el Billboard Latin Airplay y acumula m\u00e1s de 264 millones de reproducciones globales. Adem\u00e1s, acumula nominaciones como Mejor Artista Urbano en los Premios Heat y suma siete en los Premios Tu M\u00fasica Urbano 2025. La presencia de Towers en una superproducci\u00f3n de Hollywood y su \u00e9xito en vivo fuera del continente americano consolidan a un artista que trasciende g\u00e9neros y fronteras, reafirmando su lugar en la \u00e9lite de la m\u00fasica global.<\/p>\t\t\t\t\t\t\t\t<\/div>\n\t\t\t\t<\/div>\n\t\t\t\t\t<\/div>\n\t\t<\/div>\n\t\t\t\t\t<\/div>\n\t\t<\/section>\n\t\t\t\t<\/div>","protected":false},"excerpt":{"rendered":"<p>Myke Towers lanza \u201cBaja California\u201d para la banda sonora de la nueva pel\u00edcula de F\u00f3rmula 1 de Brad Pitt y llena recintos en su gira Europea El artista puertorrique\u00f1o Myke Towers sigue consolidando su proyecci\u00f3n internacional. Tras dar inicio a su&nbsp;gira europea&nbsp;con dos noches consecutivas en el Movistar Arena de Madrid, el int\u00e9rprete urbano se [&hellip;]<\/p>\n","protected":false},"author":10,"featured_media":4874,"comment_status":"closed","ping_status":"closed","sticky":false,"template":"","format":"standard","meta":{"footnotes":""},"categories":[4],"tags":[161,175,174,169,123],"class_list":["post-4872","post","type-post","status-publish","format-standard","has-post-thumbnail","hentry","category-musica","tag-benny-blanco","tag-brad-pitt","tag-estreno","tag-musica","tag-myke-towers"],"yoast_head":"<!-- This site is optimized with the Yoast SEO plugin v27.4 - https:\/\/yoast.com\/product\/yoast-seo-wordpress\/ -->\n<title>Myke Towers \u00fanico latino en la banda sonora de la pel\u00edcula de F\u00f3rmula 1 protagonizada por Brad Pitt &#8902; Una y Mil Letras<\/title>\n<meta name=\"description\" content=\"Myke Towers lanza \u201cBaja California\u201d para la banda sonora de la nueva pel\u00edcula de F\u00f3rmula 1 de Brad Pitt y llena recintos en su gira Europea\" \/>\n<meta name=\"robots\" content=\"index, follow, max-snippet:-1, max-image-preview:large, max-video-preview:-1\" \/>\n<link rel=\"canonical\" href=\"https:\/\/unaymilletras.com\/en\/myke-towers-unico-latino-en-la-banda-sonora-de-la-pelicula-de-formula-1-protagonizada-por-brad-pitt\/\" \/>\n<meta property=\"og:locale\" content=\"en_GB\" \/>\n<meta property=\"og:type\" content=\"article\" \/>\n<meta property=\"og:title\" content=\"Myke Towers \u00fanico latino en la banda sonora de la pel\u00edcula de F\u00f3rmula 1 protagonizada por Brad Pitt &#8902; Una y Mil Letras\" \/>\n<meta property=\"og:description\" content=\"Myke Towers lanza \u201cBaja California\u201d para la banda sonora de la nueva pel\u00edcula de F\u00f3rmula 1 de Brad Pitt y llena recintos en su gira Europea\" \/>\n<meta property=\"og:url\" content=\"https:\/\/unaymilletras.com\/en\/myke-towers-unico-latino-en-la-banda-sonora-de-la-pelicula-de-formula-1-protagonizada-por-brad-pitt\/\" \/>\n<meta property=\"og:site_name\" content=\"Una y Mil Letras\" \/>\n<meta property=\"article:published_time\" content=\"2025-05-27T19:32:36+00:00\" \/>\n<meta property=\"article:modified_time\" content=\"2025-05-28T10:48:04+00:00\" \/>\n<meta property=\"og:image\" content=\"http:\/\/unaymilletras.com\/wp-content\/uploads\/2025\/05\/BAJA-CALIFORNIA-.jpeg\" \/>\n\t<meta property=\"og:image:width\" content=\"1004\" \/>\n\t<meta property=\"og:image:height\" content=\"992\" \/>\n\t<meta property=\"og:image:type\" content=\"image\/jpeg\" \/>\n<meta name=\"author\" content=\"David Hern\u00e1ndez\" \/>\n<meta name=\"twitter:card\" content=\"summary_large_image\" \/>\n<meta name=\"twitter:creator\" content=\"@UnaYMilLetras\" \/>\n<meta name=\"twitter:site\" content=\"@UnaYMilLetras\" \/>\n<meta name=\"twitter:label1\" content=\"Written by\" \/>\n\t<meta name=\"twitter:data1\" content=\"David Hern\u00e1ndez\" \/>\n\t<meta name=\"twitter:label2\" content=\"Estimated reading time\" \/>\n\t<meta name=\"twitter:data2\" content=\"2 minutes\" \/>\n<script type=\"application\/ld+json\" class=\"yoast-schema-graph\">{\"@context\":\"https:\\\/\\\/schema.org\",\"@graph\":[{\"@type\":\"Article\",\"@id\":\"https:\\\/\\\/unaymilletras.com\\\/myke-towers-unico-latino-en-la-banda-sonora-de-la-pelicula-de-formula-1-protagonizada-por-brad-pitt\\\/#article\",\"isPartOf\":{\"@id\":\"https:\\\/\\\/unaymilletras.com\\\/myke-towers-unico-latino-en-la-banda-sonora-de-la-pelicula-de-formula-1-protagonizada-por-brad-pitt\\\/\"},\"author\":{\"name\":\"David Hern\u00e1ndez\",\"@id\":\"http:\\\/\\\/unaymilletras.com\\\/#\\\/schema\\\/person\\\/0c171c80bc49a58d7a8ed3394548370c\"},\"headline\":\"Myke Towers \u00fanico latino en la banda sonora de la pel\u00edcula de F\u00f3rmula 1 protagonizada por Brad Pitt\",\"datePublished\":\"2025-05-27T19:32:36+00:00\",\"dateModified\":\"2025-05-28T10:48:04+00:00\",\"mainEntityOfPage\":{\"@id\":\"https:\\\/\\\/unaymilletras.com\\\/myke-towers-unico-latino-en-la-banda-sonora-de-la-pelicula-de-formula-1-protagonizada-por-brad-pitt\\\/\"},\"wordCount\":441,\"publisher\":{\"@id\":\"http:\\\/\\\/unaymilletras.com\\\/#organization\"},\"image\":{\"@id\":\"https:\\\/\\\/unaymilletras.com\\\/myke-towers-unico-latino-en-la-banda-sonora-de-la-pelicula-de-formula-1-protagonizada-por-brad-pitt\\\/#primaryimage\"},\"thumbnailUrl\":\"https:\\\/\\\/unaymilletras.com\\\/wp-content\\\/uploads\\\/2025\\\/05\\\/BAJA-CALIFORNIA-.jpeg\",\"keywords\":[\"benny blanco\",\"Brad Pitt\",\"estreno\",\"musica\",\"myke towers\"],\"articleSection\":[\"M\u00fasica\"],\"inLanguage\":\"en-GB\"},{\"@type\":\"WebPage\",\"@id\":\"https:\\\/\\\/unaymilletras.com\\\/myke-towers-unico-latino-en-la-banda-sonora-de-la-pelicula-de-formula-1-protagonizada-por-brad-pitt\\\/\",\"url\":\"https:\\\/\\\/unaymilletras.com\\\/myke-towers-unico-latino-en-la-banda-sonora-de-la-pelicula-de-formula-1-protagonizada-por-brad-pitt\\\/\",\"name\":\"Myke Towers \u00fanico latino en la banda sonora de la pel\u00edcula de F\u00f3rmula 1 protagonizada por Brad Pitt &#8902; Una y Mil Letras\",\"isPartOf\":{\"@id\":\"http:\\\/\\\/unaymilletras.com\\\/#website\"},\"primaryImageOfPage\":{\"@id\":\"https:\\\/\\\/unaymilletras.com\\\/myke-towers-unico-latino-en-la-banda-sonora-de-la-pelicula-de-formula-1-protagonizada-por-brad-pitt\\\/#primaryimage\"},\"image\":{\"@id\":\"https:\\\/\\\/unaymilletras.com\\\/myke-towers-unico-latino-en-la-banda-sonora-de-la-pelicula-de-formula-1-protagonizada-por-brad-pitt\\\/#primaryimage\"},\"thumbnailUrl\":\"https:\\\/\\\/unaymilletras.com\\\/wp-content\\\/uploads\\\/2025\\\/05\\\/BAJA-CALIFORNIA-.jpeg\",\"datePublished\":\"2025-05-27T19:32:36+00:00\",\"dateModified\":\"2025-05-28T10:48:04+00:00\",\"description\":\"Myke Towers lanza \u201cBaja California\u201d para la banda sonora de la nueva pel\u00edcula de F\u00f3rmula 1 de Brad Pitt y llena recintos en su gira Europea\",\"breadcrumb\":{\"@id\":\"https:\\\/\\\/unaymilletras.com\\\/myke-towers-unico-latino-en-la-banda-sonora-de-la-pelicula-de-formula-1-protagonizada-por-brad-pitt\\\/#breadcrumb\"},\"inLanguage\":\"en-GB\",\"potentialAction\":[{\"@type\":\"ReadAction\",\"target\":[\"https:\\\/\\\/unaymilletras.com\\\/myke-towers-unico-latino-en-la-banda-sonora-de-la-pelicula-de-formula-1-protagonizada-por-brad-pitt\\\/\"]}]},{\"@type\":\"ImageObject\",\"inLanguage\":\"en-GB\",\"@id\":\"https:\\\/\\\/unaymilletras.com\\\/myke-towers-unico-latino-en-la-banda-sonora-de-la-pelicula-de-formula-1-protagonizada-por-brad-pitt\\\/#primaryimage\",\"url\":\"https:\\\/\\\/unaymilletras.com\\\/wp-content\\\/uploads\\\/2025\\\/05\\\/BAJA-CALIFORNIA-.jpeg\",\"contentUrl\":\"https:\\\/\\\/unaymilletras.com\\\/wp-content\\\/uploads\\\/2025\\\/05\\\/BAJA-CALIFORNIA-.jpeg\",\"width\":1004,\"height\":992,\"caption\":\"Myke Towers\"},{\"@type\":\"BreadcrumbList\",\"@id\":\"https:\\\/\\\/unaymilletras.com\\\/myke-towers-unico-latino-en-la-banda-sonora-de-la-pelicula-de-formula-1-protagonizada-por-brad-pitt\\\/#breadcrumb\",\"itemListElement\":[{\"@type\":\"ListItem\",\"position\":1,\"name\":\"Home\",\"item\":\"http:\\\/\\\/unaymilletras.com\\\/\"},{\"@type\":\"ListItem\",\"position\":2,\"name\":\"Myke Towers \u00fanico latino en la banda sonora de la pel\u00edcula de F\u00f3rmula 1 protagonizada por Brad Pitt\"}]},{\"@type\":\"WebSite\",\"@id\":\"http:\\\/\\\/unaymilletras.com\\\/#website\",\"url\":\"http:\\\/\\\/unaymilletras.com\\\/\",\"name\":\"Una y Mil Letras\",\"description\":\"\",\"publisher\":{\"@id\":\"http:\\\/\\\/unaymilletras.com\\\/#organization\"},\"potentialAction\":[{\"@type\":\"SearchAction\",\"target\":{\"@type\":\"EntryPoint\",\"urlTemplate\":\"http:\\\/\\\/unaymilletras.com\\\/?s={search_term_string}\"},\"query-input\":{\"@type\":\"PropertyValueSpecification\",\"valueRequired\":true,\"valueName\":\"search_term_string\"}}],\"inLanguage\":\"en-GB\"},{\"@type\":\"Organization\",\"@id\":\"http:\\\/\\\/unaymilletras.com\\\/#organization\",\"name\":\"Una y Mil Letras\",\"url\":\"http:\\\/\\\/unaymilletras.com\\\/\",\"logo\":{\"@type\":\"ImageObject\",\"inLanguage\":\"en-GB\",\"@id\":\"http:\\\/\\\/unaymilletras.com\\\/#\\\/schema\\\/logo\\\/image\\\/\",\"url\":\"https:\\\/\\\/unaymilletras.com\\\/wp-content\\\/uploads\\\/2024\\\/06\\\/cropped-Logo-removebg-preview.png\",\"contentUrl\":\"https:\\\/\\\/unaymilletras.com\\\/wp-content\\\/uploads\\\/2024\\\/06\\\/cropped-Logo-removebg-preview.png\",\"width\":512,\"height\":512,\"caption\":\"Una y Mil Letras\"},\"image\":{\"@id\":\"http:\\\/\\\/unaymilletras.com\\\/#\\\/schema\\\/logo\\\/image\\\/\"},\"sameAs\":[\"https:\\\/\\\/x.com\\\/UnaYMilLetras\",\"https:\\\/\\\/instagram.com\\\/UnaYMilLetras\"]},{\"@type\":\"Person\",\"@id\":\"http:\\\/\\\/unaymilletras.com\\\/#\\\/schema\\\/person\\\/0c171c80bc49a58d7a8ed3394548370c\",\"name\":\"David Hern\u00e1ndez\",\"image\":{\"@type\":\"ImageObject\",\"inLanguage\":\"en-GB\",\"@id\":\"https:\\\/\\\/secure.gravatar.com\\\/avatar\\\/86739d73874dcbc11e4278af33fb905704f5c29329727efb3b0e0bc838b0d469?s=96&d=mm&r=g\",\"url\":\"https:\\\/\\\/secure.gravatar.com\\\/avatar\\\/86739d73874dcbc11e4278af33fb905704f5c29329727efb3b0e0bc838b0d469?s=96&d=mm&r=g\",\"contentUrl\":\"https:\\\/\\\/secure.gravatar.com\\\/avatar\\\/86739d73874dcbc11e4278af33fb905704f5c29329727efb3b0e0bc838b0d469?s=96&d=mm&r=g\",\"caption\":\"David Hern\u00e1ndez\"},\"url\":\"https:\\\/\\\/unaymilletras.com\\\/en\\\/author\\\/davidesel\\\/\"}]}<\/script>\n<!-- \/ Yoast SEO plugin. -->","yoast_head_json":{"title":"Myke Towers \u00fanico latino en la banda sonora de la pel\u00edcula de F\u00f3rmula 1 protagonizada por Brad Pitt &#8902; Una y Mil Letras","description":"Myke Towers lanza \u201cBaja California\u201d para la banda sonora de la nueva pel\u00edcula de F\u00f3rmula 1 de Brad Pitt y llena recintos en su gira Europea","robots":{"index":"index","follow":"follow","max-snippet":"max-snippet:-1","max-image-preview":"max-image-preview:large","max-video-preview":"max-video-preview:-1"},"canonical":"https:\/\/unaymilletras.com\/en\/myke-towers-unico-latino-en-la-banda-sonora-de-la-pelicula-de-formula-1-protagonizada-por-brad-pitt\/","og_locale":"en_GB","og_type":"article","og_title":"Myke Towers \u00fanico latino en la banda sonora de la pel\u00edcula de F\u00f3rmula 1 protagonizada por Brad Pitt &#8902; Una y Mil Letras","og_description":"Myke Towers lanza \u201cBaja California\u201d para la banda sonora de la nueva pel\u00edcula de F\u00f3rmula 1 de Brad Pitt y llena recintos en su gira Europea","og_url":"https:\/\/unaymilletras.com\/en\/myke-towers-unico-latino-en-la-banda-sonora-de-la-pelicula-de-formula-1-protagonizada-por-brad-pitt\/","og_site_name":"Una y Mil Letras","article_published_time":"2025-05-27T19:32:36+00:00","article_modified_time":"2025-05-28T10:48:04+00:00","og_image":[{"width":1004,"height":992,"url":"http:\/\/unaymilletras.com\/wp-content\/uploads\/2025\/05\/BAJA-CALIFORNIA-.jpeg","type":"image\/jpeg"}],"author":"David Hern\u00e1ndez","twitter_card":"summary_large_image","twitter_creator":"@UnaYMilLetras","twitter_site":"@UnaYMilLetras","twitter_misc":{"Written by":"David Hern\u00e1ndez","Estimated reading time":"2 minutes"},"schema":{"@context":"https:\/\/schema.org","@graph":[{"@type":"Article","@id":"https:\/\/unaymilletras.com\/myke-towers-unico-latino-en-la-banda-sonora-de-la-pelicula-de-formula-1-protagonizada-por-brad-pitt\/#article","isPartOf":{"@id":"https:\/\/unaymilletras.com\/myke-towers-unico-latino-en-la-banda-sonora-de-la-pelicula-de-formula-1-protagonizada-por-brad-pitt\/"},"author":{"name":"David Hern\u00e1ndez","@id":"http:\/\/unaymilletras.com\/#\/schema\/person\/0c171c80bc49a58d7a8ed3394548370c"},"headline":"Myke Towers \u00fanico latino en la banda sonora de la pel\u00edcula de F\u00f3rmula 1 protagonizada por Brad Pitt","datePublished":"2025-05-27T19:32:36+00:00","dateModified":"2025-05-28T10:48:04+00:00","mainEntityOfPage":{"@id":"https:\/\/unaymilletras.com\/myke-towers-unico-latino-en-la-banda-sonora-de-la-pelicula-de-formula-1-protagonizada-por-brad-pitt\/"},"wordCount":441,"publisher":{"@id":"http:\/\/unaymilletras.com\/#organization"},"image":{"@id":"https:\/\/unaymilletras.com\/myke-towers-unico-latino-en-la-banda-sonora-de-la-pelicula-de-formula-1-protagonizada-por-brad-pitt\/#primaryimage"},"thumbnailUrl":"https:\/\/unaymilletras.com\/wp-content\/uploads\/2025\/05\/BAJA-CALIFORNIA-.jpeg","keywords":["benny blanco","Brad Pitt","estreno","musica","myke towers"],"articleSection":["M\u00fasica"],"inLanguage":"en-GB"},{"@type":"WebPage","@id":"https:\/\/unaymilletras.com\/myke-towers-unico-latino-en-la-banda-sonora-de-la-pelicula-de-formula-1-protagonizada-por-brad-pitt\/","url":"https:\/\/unaymilletras.com\/myke-towers-unico-latino-en-la-banda-sonora-de-la-pelicula-de-formula-1-protagonizada-por-brad-pitt\/","name":"Myke Towers \u00fanico latino en la banda sonora de la pel\u00edcula de F\u00f3rmula 1 protagonizada por Brad Pitt &#8902; Una y Mil Letras","isPartOf":{"@id":"http:\/\/unaymilletras.com\/#website"},"primaryImageOfPage":{"@id":"https:\/\/unaymilletras.com\/myke-towers-unico-latino-en-la-banda-sonora-de-la-pelicula-de-formula-1-protagonizada-por-brad-pitt\/#primaryimage"},"image":{"@id":"https:\/\/unaymilletras.com\/myke-towers-unico-latino-en-la-banda-sonora-de-la-pelicula-de-formula-1-protagonizada-por-brad-pitt\/#primaryimage"},"thumbnailUrl":"https:\/\/unaymilletras.com\/wp-content\/uploads\/2025\/05\/BAJA-CALIFORNIA-.jpeg","datePublished":"2025-05-27T19:32:36+00:00","dateModified":"2025-05-28T10:48:04+00:00","description":"Myke Towers lanza \u201cBaja California\u201d para la banda sonora de la nueva pel\u00edcula de F\u00f3rmula 1 de Brad Pitt y llena recintos en su gira Europea","breadcrumb":{"@id":"https:\/\/unaymilletras.com\/myke-towers-unico-latino-en-la-banda-sonora-de-la-pelicula-de-formula-1-protagonizada-por-brad-pitt\/#breadcrumb"},"inLanguage":"en-GB","potentialAction":[{"@type":"ReadAction","target":["https:\/\/unaymilletras.com\/myke-towers-unico-latino-en-la-banda-sonora-de-la-pelicula-de-formula-1-protagonizada-por-brad-pitt\/"]}]},{"@type":"ImageObject","inLanguage":"en-GB","@id":"https:\/\/unaymilletras.com\/myke-towers-unico-latino-en-la-banda-sonora-de-la-pelicula-de-formula-1-protagonizada-por-brad-pitt\/#primaryimage","url":"https:\/\/unaymilletras.com\/wp-content\/uploads\/2025\/05\/BAJA-CALIFORNIA-.jpeg","contentUrl":"https:\/\/unaymilletras.com\/wp-content\/uploads\/2025\/05\/BAJA-CALIFORNIA-.jpeg","width":1004,"height":992,"caption":"Myke Towers"},{"@type":"BreadcrumbList","@id":"https:\/\/unaymilletras.com\/myke-towers-unico-latino-en-la-banda-sonora-de-la-pelicula-de-formula-1-protagonizada-por-brad-pitt\/#breadcrumb","itemListElement":[{"@type":"ListItem","position":1,"name":"Home","item":"http:\/\/unaymilletras.com\/"},{"@type":"ListItem","position":2,"name":"Myke Towers \u00fanico latino en la banda sonora de la pel\u00edcula de F\u00f3rmula 1 protagonizada por Brad Pitt"}]},{"@type":"WebSite","@id":"http:\/\/unaymilletras.com\/#website","url":"http:\/\/unaymilletras.com\/","name":"Una y Mil Letras","description":"","publisher":{"@id":"http:\/\/unaymilletras.com\/#organization"},"potentialAction":[{"@type":"SearchAction","target":{"@type":"EntryPoint","urlTemplate":"http:\/\/unaymilletras.com\/?s={search_term_string}"},"query-input":{"@type":"PropertyValueSpecification","valueRequired":true,"valueName":"search_term_string"}}],"inLanguage":"en-GB"},{"@type":"Organization","@id":"http:\/\/unaymilletras.com\/#organization","name":"Una y Mil Letras","url":"http:\/\/unaymilletras.com\/","logo":{"@type":"ImageObject","inLanguage":"en-GB","@id":"http:\/\/unaymilletras.com\/#\/schema\/logo\/image\/","url":"https:\/\/unaymilletras.com\/wp-content\/uploads\/2024\/06\/cropped-Logo-removebg-preview.png","contentUrl":"https:\/\/unaymilletras.com\/wp-content\/uploads\/2024\/06\/cropped-Logo-removebg-preview.png","width":512,"height":512,"caption":"Una y Mil Letras"},"image":{"@id":"http:\/\/unaymilletras.com\/#\/schema\/logo\/image\/"},"sameAs":["https:\/\/x.com\/UnaYMilLetras","https:\/\/instagram.com\/UnaYMilLetras"]},{"@type":"Person","@id":"http:\/\/unaymilletras.com\/#\/schema\/person\/0c171c80bc49a58d7a8ed3394548370c","name":"David Hern\u00e1ndez","image":{"@type":"ImageObject","inLanguage":"en-GB","@id":"https:\/\/secure.gravatar.com\/avatar\/86739d73874dcbc11e4278af33fb905704f5c29329727efb3b0e0bc838b0d469?s=96&d=mm&r=g","url":"https:\/\/secure.gravatar.com\/avatar\/86739d73874dcbc11e4278af33fb905704f5c29329727efb3b0e0bc838b0d469?s=96&d=mm&r=g","contentUrl":"https:\/\/secure.gravatar.com\/avatar\/86739d73874dcbc11e4278af33fb905704f5c29329727efb3b0e0bc838b0d469?s=96&d=mm&r=g","caption":"David Hern\u00e1ndez"},"url":"https:\/\/unaymilletras.com\/en\/author\/davidesel\/"}]}},"_links":{"self":[{"href":"https:\/\/unaymilletras.com\/en\/wp-json\/wp\/v2\/posts\/4872","targetHints":{"allow":["GET"]}}],"collection":[{"href":"https:\/\/unaymilletras.com\/en\/wp-json\/wp\/v2\/posts"}],"about":[{"href":"https:\/\/unaymilletras.com\/en\/wp-json\/wp\/v2\/types\/post"}],"author":[{"embeddable":true,"href":"https:\/\/unaymilletras.com\/en\/wp-json\/wp\/v2\/users\/10"}],"replies":[{"embeddable":true,"href":"https:\/\/unaymilletras.com\/en\/wp-json\/wp\/v2\/comments?post=4872"}],"version-history":[{"count":10,"href":"https:\/\/unaymilletras.com\/en\/wp-json\/wp\/v2\/posts\/4872\/revisions"}],"predecessor-version":[{"id":4883,"href":"https:\/\/unaymilletras.com\/en\/wp-json\/wp\/v2\/posts\/4872\/revisions\/4883"}],"wp:featuredmedia":[{"embeddable":true,"href":"https:\/\/unaymilletras.com\/en\/wp-json\/wp\/v2\/media\/4874"}],"wp:attachment":[{"href":"https:\/\/unaymilletras.com\/en\/wp-json\/wp\/v2\/media?parent=4872"}],"wp:term":[{"taxonomy":"category","embeddable":true,"href":"https:\/\/unaymilletras.com\/en\/wp-json\/wp\/v2\/categories?post=4872"},{"taxonomy":"post_tag","embeddable":true,"href":"https:\/\/unaymilletras.com\/en\/wp-json\/wp\/v2\/tags?post=4872"}],"curies":[{"name":"wp","href":"https:\/\/api.w.org\/{rel}","templated":true}]}}