{"id":4885,"date":"2025-05-28T19:18:36","date_gmt":"2025-05-28T17:18:36","guid":{"rendered":"https:\/\/unaymilletras.com\/?p=4885"},"modified":"2025-05-28T19:24:58","modified_gmt":"2025-05-28T17:24:58","slug":"andrei-ursu-lanza-sin-amor-primer-adelanto-de-su-ep-en-castellano","status":"publish","type":"post","link":"https:\/\/unaymilletras.com\/en\/andrei-ursu-lanza-sin-amor-primer-adelanto-de-su-ep-en-castellano\/","title":{"rendered":"Andrei Ursu lanza \u00abSin Amor\u00bb, primer adelanto de su EP en castellano"},"content":{"rendered":"<div data-elementor-type=\"wp-post\" data-elementor-id=\"4885\" class=\"elementor elementor-4885\">\n\t\t\t\t\t\t<section class=\"elementor-section elementor-top-section elementor-element elementor-element-5c30f22 elementor-section-boxed elementor-section-height-default elementor-section-height-default\" data-id=\"5c30f22\" data-element_type=\"section\" data-e-type=\"section\">\n\t\t\t\t\t\t<div class=\"elementor-container elementor-column-gap-default\">\n\t\t\t\t\t<div class=\"elementor-column elementor-col-100 elementor-top-column elementor-element elementor-element-3c7be08\" data-id=\"3c7be08\" data-element_type=\"column\" data-e-type=\"column\">\n\t\t\t<div class=\"elementor-widget-wrap elementor-element-populated\">\n\t\t\t\t\t\t<div class=\"elementor-element elementor-element-0e3c4c9 elementor-widget elementor-widget-text-editor\" data-id=\"0e3c4c9\" data-element_type=\"widget\" data-e-type=\"widget\" data-widget_type=\"text-editor.default\">\n\t\t\t\t<div class=\"elementor-widget-container\">\n\t\t\t\t\t\t\t\t\t<h2 style=\"text-align: center;\"><em><span style=\"color: #808080;\">El artista rumano, Andrei Ursu, presenta una propuesta elegante y emocional con su nuevo tema \u00abSin Amor\u00bb<\/span><\/em><\/h2>\t\t\t\t\t\t\t\t<\/div>\n\t\t\t\t<\/div>\n\t\t\t\t\t<\/div>\n\t\t<\/div>\n\t\t\t\t\t<\/div>\n\t\t<\/section>\n\t\t\t\t<section class=\"elementor-section elementor-top-section elementor-element elementor-element-058923b elementor-section-boxed elementor-section-height-default elementor-section-height-default\" data-id=\"058923b\" data-element_type=\"section\" data-e-type=\"section\">\n\t\t\t\t\t\t<div class=\"elementor-container elementor-column-gap-default\">\n\t\t\t\t\t<div class=\"elementor-column elementor-col-100 elementor-top-column elementor-element elementor-element-a910df8\" data-id=\"a910df8\" data-element_type=\"column\" data-e-type=\"column\">\n\t\t\t<div class=\"elementor-widget-wrap elementor-element-populated\">\n\t\t\t\t\t\t<div class=\"elementor-element elementor-element-3076403 elementor-widget elementor-widget-text-editor\" data-id=\"3076403\" data-element_type=\"widget\" data-e-type=\"widget\" data-widget_type=\"text-editor.default\">\n\t\t\t\t<div class=\"elementor-widget-container\">\n\t\t\t\t\t\t\t\t\t<p data-start=\"171\" data-end=\"393\"><strong>Andrei Ursu<\/strong> lanza <strong><em>Sin Amor<\/em><\/strong>, una balada pop marcada por una atm\u00f3sfera c\u00e1lida y una producci\u00f3n cuidada. El single es el primer adelanto de su nuevo EP, <em>Canciones del Coraz\u00f3n<\/em>, que estar\u00e1 disponible el pr\u00f3ximo 13 de junio.<\/p><p data-start=\"395\" data-end=\"701\"><em>Sin Amor<\/em>\u00a0destaca por una identidad sonora sofisticada y personal. La voz de Andrei, con su particular calidez y un toque rasposo, protagoniza la canci\u00f3n. La producci\u00f3n, a cargo de Viky Red, combina elementos org\u00e1nicos con una base suave y mel\u00f3dica que acompa\u00f1a de forma envolvente el mensaje de la letra.<\/p>\t\t\t\t\t\t\t\t<\/div>\n\t\t\t\t<\/div>\n\t\t\t\t\t<\/div>\n\t\t<\/div>\n\t\t\t\t\t<\/div>\n\t\t<\/section>\n\t\t\t\t<section class=\"elementor-section elementor-top-section elementor-element elementor-element-e5c86c9 elementor-section-boxed elementor-section-height-default elementor-section-height-default\" data-id=\"e5c86c9\" data-element_type=\"section\" data-e-type=\"section\">\n\t\t\t\t\t\t<div class=\"elementor-container elementor-column-gap-default\">\n\t\t\t\t\t<div class=\"elementor-column elementor-col-50 elementor-top-column elementor-element elementor-element-4fa6ae6\" data-id=\"4fa6ae6\" data-element_type=\"column\" data-e-type=\"column\">\n\t\t\t<div class=\"elementor-widget-wrap elementor-element-populated\">\n\t\t\t\t\t\t<div class=\"elementor-element elementor-element-00e6958 elementor-widget elementor-widget-text-editor\" data-id=\"00e6958\" data-element_type=\"widget\" data-e-type=\"widget\" data-widget_type=\"text-editor.default\">\n\t\t\t\t<div class=\"elementor-widget-container\">\n\t\t\t\t\t\t\t\t\t<p data-start=\"703\" data-end=\"956\">El videoclip de<span style=\"color: #808080;\"><a style=\"color: #808080;\" href=\"https:\/\/open.spotify.com\/intl-es\/album\/0q6CRSUecNeX8lG9IwJa2D?si=b5ca6c1cad6e47df\"> <em>Sin Amor<\/em><\/a><\/span> fue grabado en Sevilla y es parte de una serie de v\u00eddeos del EP rodados en distintos lugares de Espa\u00f1a. El anterior adelanto, <em>Qu\u00e9date aqu\u00ed<\/em>, se grab\u00f3 en Gran Canaria, reforzando as\u00ed su conexi\u00f3n con el p\u00fablico hispanohablante.<\/p><p data-start=\"958\" data-end=\"1347\">Andrei Ursu, anteriormente conocido como wrs, represent\u00f3 a Ruman\u00eda en Eurovisi\u00f3n 2022 con <em>Ll\u00e1mame<\/em>, tema con el que se dio a conocer a nivel mundial. Desde entonces ha evolucionado hacia un sonido m\u00e1s rom\u00e1ntico y maduro. Tras su \u00e1lbum <em>Fiesta\u201923<\/em> y los EPs <em>C\u00e2ntece de Inim\u0103<\/em>, el artista se decanta ahora por un pop emocional y elegante, con letras en castellano y una producci\u00f3n cuidada.<\/p>\t\t\t\t\t\t\t\t<\/div>\n\t\t\t\t<\/div>\n\t\t\t\t\t<\/div>\n\t\t<\/div>\n\t\t\t\t<div class=\"elementor-column elementor-col-50 elementor-top-column elementor-element elementor-element-d918e7c\" data-id=\"d918e7c\" data-element_type=\"column\" data-e-type=\"column\">\n\t\t\t<div class=\"elementor-widget-wrap elementor-element-populated\">\n\t\t\t\t\t\t<div class=\"elementor-element elementor-element-b9f2618 elementor-widget elementor-widget-image\" data-id=\"b9f2618\" data-element_type=\"widget\" data-e-type=\"widget\" data-widget_type=\"image.default\">\n\t\t\t\t<div class=\"elementor-widget-container\">\n\t\t\t\t\t\t\t\t\t\t\t\t\t\t\t<img fetchpriority=\"high\" decoding=\"async\" width=\"640\" height=\"853\" src=\"https:\/\/unaymilletras.com\/wp-content\/uploads\/2025\/05\/Andrei-Ursu-1-768x1024.jpg\" class=\"attachment-large size-large wp-image-4890\" alt=\"Andrei Ursu\" srcset=\"https:\/\/unaymilletras.com\/wp-content\/uploads\/2025\/05\/Andrei-Ursu-1-768x1024.jpg 768w, https:\/\/unaymilletras.com\/wp-content\/uploads\/2025\/05\/Andrei-Ursu-1-225x300.jpg 225w, https:\/\/unaymilletras.com\/wp-content\/uploads\/2025\/05\/Andrei-Ursu-1-1152x1536.jpg 1152w, https:\/\/unaymilletras.com\/wp-content\/uploads\/2025\/05\/Andrei-Ursu-1-1536x2048.jpg 1536w, https:\/\/unaymilletras.com\/wp-content\/uploads\/2025\/05\/Andrei-Ursu-1-9x12.jpg 9w, https:\/\/unaymilletras.com\/wp-content\/uploads\/2025\/05\/Andrei-Ursu-1-1024x1365.jpg 1024w, https:\/\/unaymilletras.com\/wp-content\/uploads\/2025\/05\/Andrei-Ursu-1-scaled-e1748452979271.jpg 600w\" sizes=\"(max-width: 640px) 100vw, 640px\" \/>\t\t\t\t\t\t\t\t\t\t\t\t\t\t\t<\/div>\n\t\t\t\t<\/div>\n\t\t\t\t\t<\/div>\n\t\t<\/div>\n\t\t\t\t\t<\/div>\n\t\t<\/section>\n\t\t\t\t<section class=\"elementor-section elementor-top-section elementor-element elementor-element-0124be7 elementor-section-boxed elementor-section-height-default elementor-section-height-default\" data-id=\"0124be7\" data-element_type=\"section\" data-e-type=\"section\">\n\t\t\t\t\t\t<div class=\"elementor-container elementor-column-gap-default\">\n\t\t\t\t\t<div class=\"elementor-column elementor-col-100 elementor-top-column elementor-element elementor-element-7eac7c6\" data-id=\"7eac7c6\" data-element_type=\"column\" data-e-type=\"column\">\n\t\t\t<div class=\"elementor-widget-wrap elementor-element-populated\">\n\t\t\t\t\t\t<div class=\"elementor-element elementor-element-3a89124 elementor-widget elementor-widget-text-editor\" data-id=\"3a89124\" data-element_type=\"widget\" data-e-type=\"widget\" data-widget_type=\"text-editor.default\">\n\t\t\t\t<div class=\"elementor-widget-container\">\n\t\t\t\t\t\t\t\t\t<p>Con <em>Sin Amor<\/em>, Andrei contin\u00faa su consolidaci\u00f3n en el panorama musical europeo, apostando por una propuesta art\u00edstica sincera, emotiva y con identidad propia. El EP completo llegar\u00e1 en junio y promete seguir explorando las emociones m\u00e1s profundas a trav\u00e9s de la m\u00fasica.<\/p>\t\t\t\t\t\t\t\t<\/div>\n\t\t\t\t<\/div>\n\t\t\t\t\t<\/div>\n\t\t<\/div>\n\t\t\t\t\t<\/div>\n\t\t<\/section>\n\t\t\t\t<\/div>","protected":false},"excerpt":{"rendered":"<p>El artista rumano, Andrei Ursu, presenta una propuesta elegante y emocional con su nuevo tema \u00abSin Amor\u00bb Andrei Ursu lanza Sin Amor, una balada pop marcada por una atm\u00f3sfera c\u00e1lida y una producci\u00f3n cuidada. El single es el primer adelanto de su nuevo EP, Canciones del Coraz\u00f3n, que estar\u00e1 disponible el pr\u00f3ximo 13 de junio. [&hellip;]<\/p>\n","protected":false},"author":6,"featured_media":4890,"comment_status":"closed","ping_status":"closed","sticky":false,"template":"","format":"standard","meta":{"footnotes":""},"categories":[4],"tags":[],"class_list":["post-4885","post","type-post","status-publish","format-standard","has-post-thumbnail","hentry","category-musica"],"yoast_head":"<!-- This site is optimized with the Yoast SEO plugin v27.4 - https:\/\/yoast.com\/product\/yoast-seo-wordpress\/ -->\n<title>Andrei Ursu lanza &quot;Sin Amor&quot;, primer adelanto de su EP en castellano<\/title>\n<meta name=\"description\" content=\"El artista rumano, Andrei Ursu, presenta una nueva propuesta elegante y emocional con su nuevo tema &quot;Sin Amor&quot;\" \/>\n<meta name=\"robots\" content=\"index, follow, max-snippet:-1, max-image-preview:large, max-video-preview:-1\" \/>\n<link rel=\"canonical\" href=\"https:\/\/unaymilletras.com\/en\/andrei-ursu-lanza-sin-amor-primer-adelanto-de-su-ep-en-castellano\/\" \/>\n<meta property=\"og:locale\" content=\"en_GB\" \/>\n<meta property=\"og:type\" content=\"article\" \/>\n<meta property=\"og:title\" content=\"Andrei Ursu lanza &quot;Sin Amor&quot;, primer adelanto de su EP en castellano\" \/>\n<meta property=\"og:description\" content=\"El artista rumano, Andrei Ursu, presenta una nueva propuesta elegante y emocional con su nuevo tema &quot;Sin Amor&quot;\" \/>\n<meta property=\"og:url\" content=\"https:\/\/unaymilletras.com\/en\/andrei-ursu-lanza-sin-amor-primer-adelanto-de-su-ep-en-castellano\/\" \/>\n<meta property=\"og:site_name\" content=\"Una y Mil Letras\" \/>\n<meta property=\"article:published_time\" content=\"2025-05-28T17:18:36+00:00\" \/>\n<meta property=\"article:modified_time\" content=\"2025-05-28T17:24:58+00:00\" \/>\n<meta property=\"og:image\" content=\"http:\/\/unaymilletras.com\/wp-content\/uploads\/2025\/05\/Andrei-Ursu-1-scaled-e1748452979271.jpg\" \/>\n\t<meta property=\"og:image:width\" content=\"600\" \/>\n\t<meta property=\"og:image:height\" content=\"800\" \/>\n\t<meta property=\"og:image:type\" content=\"image\/jpeg\" \/>\n<meta name=\"author\" content=\"Redacci\u00f3n\" \/>\n<meta name=\"twitter:card\" content=\"summary_large_image\" \/>\n<meta name=\"twitter:creator\" content=\"@UnaYMilLetras\" \/>\n<meta name=\"twitter:site\" content=\"@UnaYMilLetras\" \/>\n<meta name=\"twitter:label1\" content=\"Written by\" \/>\n\t<meta name=\"twitter:data1\" content=\"Redacci\u00f3n\" \/>\n\t<meta name=\"twitter:label2\" content=\"Estimated reading time\" \/>\n\t<meta name=\"twitter:data2\" content=\"2 minutes\" \/>\n<script type=\"application\/ld+json\" class=\"yoast-schema-graph\">{\"@context\":\"https:\\\/\\\/schema.org\",\"@graph\":[{\"@type\":\"Article\",\"@id\":\"https:\\\/\\\/unaymilletras.com\\\/andrei-ursu-lanza-sin-amor-primer-adelanto-de-su-ep-en-castellano\\\/#article\",\"isPartOf\":{\"@id\":\"https:\\\/\\\/unaymilletras.com\\\/andrei-ursu-lanza-sin-amor-primer-adelanto-de-su-ep-en-castellano\\\/\"},\"author\":{\"name\":\"Redacci\u00f3n\",\"@id\":\"http:\\\/\\\/unaymilletras.com\\\/#\\\/schema\\\/person\\\/0860dc8a218329991ee2c7591f4f849d\"},\"headline\":\"Andrei Ursu lanza \u00abSin Amor\u00bb, primer adelanto de su EP en castellano\",\"datePublished\":\"2025-05-28T17:18:36+00:00\",\"dateModified\":\"2025-05-28T17:24:58+00:00\",\"mainEntityOfPage\":{\"@id\":\"https:\\\/\\\/unaymilletras.com\\\/andrei-ursu-lanza-sin-amor-primer-adelanto-de-su-ep-en-castellano\\\/\"},\"wordCount\":294,\"publisher\":{\"@id\":\"http:\\\/\\\/unaymilletras.com\\\/#organization\"},\"image\":{\"@id\":\"https:\\\/\\\/unaymilletras.com\\\/andrei-ursu-lanza-sin-amor-primer-adelanto-de-su-ep-en-castellano\\\/#primaryimage\"},\"thumbnailUrl\":\"https:\\\/\\\/unaymilletras.com\\\/wp-content\\\/uploads\\\/2025\\\/05\\\/Andrei-Ursu-1-scaled-e1748452979271.jpg\",\"articleSection\":[\"M\u00fasica\"],\"inLanguage\":\"en-GB\"},{\"@type\":\"WebPage\",\"@id\":\"https:\\\/\\\/unaymilletras.com\\\/andrei-ursu-lanza-sin-amor-primer-adelanto-de-su-ep-en-castellano\\\/\",\"url\":\"https:\\\/\\\/unaymilletras.com\\\/andrei-ursu-lanza-sin-amor-primer-adelanto-de-su-ep-en-castellano\\\/\",\"name\":\"Andrei Ursu lanza \\\"Sin Amor\\\", primer adelanto de su EP en castellano\",\"isPartOf\":{\"@id\":\"http:\\\/\\\/unaymilletras.com\\\/#website\"},\"primaryImageOfPage\":{\"@id\":\"https:\\\/\\\/unaymilletras.com\\\/andrei-ursu-lanza-sin-amor-primer-adelanto-de-su-ep-en-castellano\\\/#primaryimage\"},\"image\":{\"@id\":\"https:\\\/\\\/unaymilletras.com\\\/andrei-ursu-lanza-sin-amor-primer-adelanto-de-su-ep-en-castellano\\\/#primaryimage\"},\"thumbnailUrl\":\"https:\\\/\\\/unaymilletras.com\\\/wp-content\\\/uploads\\\/2025\\\/05\\\/Andrei-Ursu-1-scaled-e1748452979271.jpg\",\"datePublished\":\"2025-05-28T17:18:36+00:00\",\"dateModified\":\"2025-05-28T17:24:58+00:00\",\"description\":\"El artista rumano, Andrei Ursu, presenta una nueva propuesta elegante y emocional con su nuevo tema \\\"Sin Amor\\\"\",\"breadcrumb\":{\"@id\":\"https:\\\/\\\/unaymilletras.com\\\/andrei-ursu-lanza-sin-amor-primer-adelanto-de-su-ep-en-castellano\\\/#breadcrumb\"},\"inLanguage\":\"en-GB\",\"potentialAction\":[{\"@type\":\"ReadAction\",\"target\":[\"https:\\\/\\\/unaymilletras.com\\\/andrei-ursu-lanza-sin-amor-primer-adelanto-de-su-ep-en-castellano\\\/\"]}]},{\"@type\":\"ImageObject\",\"inLanguage\":\"en-GB\",\"@id\":\"https:\\\/\\\/unaymilletras.com\\\/andrei-ursu-lanza-sin-amor-primer-adelanto-de-su-ep-en-castellano\\\/#primaryimage\",\"url\":\"https:\\\/\\\/unaymilletras.com\\\/wp-content\\\/uploads\\\/2025\\\/05\\\/Andrei-Ursu-1-scaled-e1748452979271.jpg\",\"contentUrl\":\"https:\\\/\\\/unaymilletras.com\\\/wp-content\\\/uploads\\\/2025\\\/05\\\/Andrei-Ursu-1-scaled-e1748452979271.jpg\",\"width\":600,\"height\":800,\"caption\":\"Andrei Ursu\"},{\"@type\":\"BreadcrumbList\",\"@id\":\"https:\\\/\\\/unaymilletras.com\\\/andrei-ursu-lanza-sin-amor-primer-adelanto-de-su-ep-en-castellano\\\/#breadcrumb\",\"itemListElement\":[{\"@type\":\"ListItem\",\"position\":1,\"name\":\"Home\",\"item\":\"http:\\\/\\\/unaymilletras.com\\\/\"},{\"@type\":\"ListItem\",\"position\":2,\"name\":\"Andrei Ursu lanza \u00abSin Amor\u00bb, primer adelanto de su EP en castellano\"}]},{\"@type\":\"WebSite\",\"@id\":\"http:\\\/\\\/unaymilletras.com\\\/#website\",\"url\":\"http:\\\/\\\/unaymilletras.com\\\/\",\"name\":\"Una y Mil Letras\",\"description\":\"\",\"publisher\":{\"@id\":\"http:\\\/\\\/unaymilletras.com\\\/#organization\"},\"potentialAction\":[{\"@type\":\"SearchAction\",\"target\":{\"@type\":\"EntryPoint\",\"urlTemplate\":\"http:\\\/\\\/unaymilletras.com\\\/?s={search_term_string}\"},\"query-input\":{\"@type\":\"PropertyValueSpecification\",\"valueRequired\":true,\"valueName\":\"search_term_string\"}}],\"inLanguage\":\"en-GB\"},{\"@type\":\"Organization\",\"@id\":\"http:\\\/\\\/unaymilletras.com\\\/#organization\",\"name\":\"Una y Mil Letras\",\"url\":\"http:\\\/\\\/unaymilletras.com\\\/\",\"logo\":{\"@type\":\"ImageObject\",\"inLanguage\":\"en-GB\",\"@id\":\"http:\\\/\\\/unaymilletras.com\\\/#\\\/schema\\\/logo\\\/image\\\/\",\"url\":\"https:\\\/\\\/unaymilletras.com\\\/wp-content\\\/uploads\\\/2024\\\/06\\\/cropped-Logo-removebg-preview.png\",\"contentUrl\":\"https:\\\/\\\/unaymilletras.com\\\/wp-content\\\/uploads\\\/2024\\\/06\\\/cropped-Logo-removebg-preview.png\",\"width\":512,\"height\":512,\"caption\":\"Una y Mil Letras\"},\"image\":{\"@id\":\"http:\\\/\\\/unaymilletras.com\\\/#\\\/schema\\\/logo\\\/image\\\/\"},\"sameAs\":[\"https:\\\/\\\/x.com\\\/UnaYMilLetras\",\"https:\\\/\\\/instagram.com\\\/UnaYMilLetras\"]},{\"@type\":\"Person\",\"@id\":\"http:\\\/\\\/unaymilletras.com\\\/#\\\/schema\\\/person\\\/0860dc8a218329991ee2c7591f4f849d\",\"name\":\"Redacci\u00f3n\",\"image\":{\"@type\":\"ImageObject\",\"inLanguage\":\"en-GB\",\"@id\":\"https:\\\/\\\/secure.gravatar.com\\\/avatar\\\/d8f55e05a8b6597e45c55a1dcbdbfe44f4a360d88b48e00de5216a79b7732796?s=96&d=mm&r=g\",\"url\":\"https:\\\/\\\/secure.gravatar.com\\\/avatar\\\/d8f55e05a8b6597e45c55a1dcbdbfe44f4a360d88b48e00de5216a79b7732796?s=96&d=mm&r=g\",\"contentUrl\":\"https:\\\/\\\/secure.gravatar.com\\\/avatar\\\/d8f55e05a8b6597e45c55a1dcbdbfe44f4a360d88b48e00de5216a79b7732796?s=96&d=mm&r=g\",\"caption\":\"Redacci\u00f3n\"},\"url\":\"https:\\\/\\\/unaymilletras.com\\\/en\\\/author\\\/redaccion\\\/\"}]}<\/script>\n<!-- \/ Yoast SEO plugin. -->","yoast_head_json":{"title":"Andrei Ursu lanza \"Sin Amor\", primer adelanto de su EP en castellano","description":"El artista rumano, Andrei Ursu, presenta una nueva propuesta elegante y emocional con su nuevo tema \"Sin Amor\"","robots":{"index":"index","follow":"follow","max-snippet":"max-snippet:-1","max-image-preview":"max-image-preview:large","max-video-preview":"max-video-preview:-1"},"canonical":"https:\/\/unaymilletras.com\/en\/andrei-ursu-lanza-sin-amor-primer-adelanto-de-su-ep-en-castellano\/","og_locale":"en_GB","og_type":"article","og_title":"Andrei Ursu lanza \"Sin Amor\", primer adelanto de su EP en castellano","og_description":"El artista rumano, Andrei Ursu, presenta una nueva propuesta elegante y emocional con su nuevo tema \"Sin Amor\"","og_url":"https:\/\/unaymilletras.com\/en\/andrei-ursu-lanza-sin-amor-primer-adelanto-de-su-ep-en-castellano\/","og_site_name":"Una y Mil Letras","article_published_time":"2025-05-28T17:18:36+00:00","article_modified_time":"2025-05-28T17:24:58+00:00","og_image":[{"width":600,"height":800,"url":"http:\/\/unaymilletras.com\/wp-content\/uploads\/2025\/05\/Andrei-Ursu-1-scaled-e1748452979271.jpg","type":"image\/jpeg"}],"author":"Redacci\u00f3n","twitter_card":"summary_large_image","twitter_creator":"@UnaYMilLetras","twitter_site":"@UnaYMilLetras","twitter_misc":{"Written by":"Redacci\u00f3n","Estimated reading time":"2 minutes"},"schema":{"@context":"https:\/\/schema.org","@graph":[{"@type":"Article","@id":"https:\/\/unaymilletras.com\/andrei-ursu-lanza-sin-amor-primer-adelanto-de-su-ep-en-castellano\/#article","isPartOf":{"@id":"https:\/\/unaymilletras.com\/andrei-ursu-lanza-sin-amor-primer-adelanto-de-su-ep-en-castellano\/"},"author":{"name":"Redacci\u00f3n","@id":"http:\/\/unaymilletras.com\/#\/schema\/person\/0860dc8a218329991ee2c7591f4f849d"},"headline":"Andrei Ursu lanza \u00abSin Amor\u00bb, primer adelanto de su EP en castellano","datePublished":"2025-05-28T17:18:36+00:00","dateModified":"2025-05-28T17:24:58+00:00","mainEntityOfPage":{"@id":"https:\/\/unaymilletras.com\/andrei-ursu-lanza-sin-amor-primer-adelanto-de-su-ep-en-castellano\/"},"wordCount":294,"publisher":{"@id":"http:\/\/unaymilletras.com\/#organization"},"image":{"@id":"https:\/\/unaymilletras.com\/andrei-ursu-lanza-sin-amor-primer-adelanto-de-su-ep-en-castellano\/#primaryimage"},"thumbnailUrl":"https:\/\/unaymilletras.com\/wp-content\/uploads\/2025\/05\/Andrei-Ursu-1-scaled-e1748452979271.jpg","articleSection":["M\u00fasica"],"inLanguage":"en-GB"},{"@type":"WebPage","@id":"https:\/\/unaymilletras.com\/andrei-ursu-lanza-sin-amor-primer-adelanto-de-su-ep-en-castellano\/","url":"https:\/\/unaymilletras.com\/andrei-ursu-lanza-sin-amor-primer-adelanto-de-su-ep-en-castellano\/","name":"Andrei Ursu lanza \"Sin Amor\", primer adelanto de su EP en castellano","isPartOf":{"@id":"http:\/\/unaymilletras.com\/#website"},"primaryImageOfPage":{"@id":"https:\/\/unaymilletras.com\/andrei-ursu-lanza-sin-amor-primer-adelanto-de-su-ep-en-castellano\/#primaryimage"},"image":{"@id":"https:\/\/unaymilletras.com\/andrei-ursu-lanza-sin-amor-primer-adelanto-de-su-ep-en-castellano\/#primaryimage"},"thumbnailUrl":"https:\/\/unaymilletras.com\/wp-content\/uploads\/2025\/05\/Andrei-Ursu-1-scaled-e1748452979271.jpg","datePublished":"2025-05-28T17:18:36+00:00","dateModified":"2025-05-28T17:24:58+00:00","description":"El artista rumano, Andrei Ursu, presenta una nueva propuesta elegante y emocional con su nuevo tema \"Sin Amor\"","breadcrumb":{"@id":"https:\/\/unaymilletras.com\/andrei-ursu-lanza-sin-amor-primer-adelanto-de-su-ep-en-castellano\/#breadcrumb"},"inLanguage":"en-GB","potentialAction":[{"@type":"ReadAction","target":["https:\/\/unaymilletras.com\/andrei-ursu-lanza-sin-amor-primer-adelanto-de-su-ep-en-castellano\/"]}]},{"@type":"ImageObject","inLanguage":"en-GB","@id":"https:\/\/unaymilletras.com\/andrei-ursu-lanza-sin-amor-primer-adelanto-de-su-ep-en-castellano\/#primaryimage","url":"https:\/\/unaymilletras.com\/wp-content\/uploads\/2025\/05\/Andrei-Ursu-1-scaled-e1748452979271.jpg","contentUrl":"https:\/\/unaymilletras.com\/wp-content\/uploads\/2025\/05\/Andrei-Ursu-1-scaled-e1748452979271.jpg","width":600,"height":800,"caption":"Andrei Ursu"},{"@type":"BreadcrumbList","@id":"https:\/\/unaymilletras.com\/andrei-ursu-lanza-sin-amor-primer-adelanto-de-su-ep-en-castellano\/#breadcrumb","itemListElement":[{"@type":"ListItem","position":1,"name":"Home","item":"http:\/\/unaymilletras.com\/"},{"@type":"ListItem","position":2,"name":"Andrei Ursu lanza \u00abSin Amor\u00bb, primer adelanto de su EP en castellano"}]},{"@type":"WebSite","@id":"http:\/\/unaymilletras.com\/#website","url":"http:\/\/unaymilletras.com\/","name":"Una y Mil Letras","description":"","publisher":{"@id":"http:\/\/unaymilletras.com\/#organization"},"potentialAction":[{"@type":"SearchAction","target":{"@type":"EntryPoint","urlTemplate":"http:\/\/unaymilletras.com\/?s={search_term_string}"},"query-input":{"@type":"PropertyValueSpecification","valueRequired":true,"valueName":"search_term_string"}}],"inLanguage":"en-GB"},{"@type":"Organization","@id":"http:\/\/unaymilletras.com\/#organization","name":"Una y Mil Letras","url":"http:\/\/unaymilletras.com\/","logo":{"@type":"ImageObject","inLanguage":"en-GB","@id":"http:\/\/unaymilletras.com\/#\/schema\/logo\/image\/","url":"https:\/\/unaymilletras.com\/wp-content\/uploads\/2024\/06\/cropped-Logo-removebg-preview.png","contentUrl":"https:\/\/unaymilletras.com\/wp-content\/uploads\/2024\/06\/cropped-Logo-removebg-preview.png","width":512,"height":512,"caption":"Una y Mil Letras"},"image":{"@id":"http:\/\/unaymilletras.com\/#\/schema\/logo\/image\/"},"sameAs":["https:\/\/x.com\/UnaYMilLetras","https:\/\/instagram.com\/UnaYMilLetras"]},{"@type":"Person","@id":"http:\/\/unaymilletras.com\/#\/schema\/person\/0860dc8a218329991ee2c7591f4f849d","name":"Redacci\u00f3n","image":{"@type":"ImageObject","inLanguage":"en-GB","@id":"https:\/\/secure.gravatar.com\/avatar\/d8f55e05a8b6597e45c55a1dcbdbfe44f4a360d88b48e00de5216a79b7732796?s=96&d=mm&r=g","url":"https:\/\/secure.gravatar.com\/avatar\/d8f55e05a8b6597e45c55a1dcbdbfe44f4a360d88b48e00de5216a79b7732796?s=96&d=mm&r=g","contentUrl":"https:\/\/secure.gravatar.com\/avatar\/d8f55e05a8b6597e45c55a1dcbdbfe44f4a360d88b48e00de5216a79b7732796?s=96&d=mm&r=g","caption":"Redacci\u00f3n"},"url":"https:\/\/unaymilletras.com\/en\/author\/redaccion\/"}]}},"_links":{"self":[{"href":"https:\/\/unaymilletras.com\/en\/wp-json\/wp\/v2\/posts\/4885","targetHints":{"allow":["GET"]}}],"collection":[{"href":"https:\/\/unaymilletras.com\/en\/wp-json\/wp\/v2\/posts"}],"about":[{"href":"https:\/\/unaymilletras.com\/en\/wp-json\/wp\/v2\/types\/post"}],"author":[{"embeddable":true,"href":"https:\/\/unaymilletras.com\/en\/wp-json\/wp\/v2\/users\/6"}],"replies":[{"embeddable":true,"href":"https:\/\/unaymilletras.com\/en\/wp-json\/wp\/v2\/comments?post=4885"}],"version-history":[{"count":7,"href":"https:\/\/unaymilletras.com\/en\/wp-json\/wp\/v2\/posts\/4885\/revisions"}],"predecessor-version":[{"id":4896,"href":"https:\/\/unaymilletras.com\/en\/wp-json\/wp\/v2\/posts\/4885\/revisions\/4896"}],"wp:featuredmedia":[{"embeddable":true,"href":"https:\/\/unaymilletras.com\/en\/wp-json\/wp\/v2\/media\/4890"}],"wp:attachment":[{"href":"https:\/\/unaymilletras.com\/en\/wp-json\/wp\/v2\/media?parent=4885"}],"wp:term":[{"taxonomy":"category","embeddable":true,"href":"https:\/\/unaymilletras.com\/en\/wp-json\/wp\/v2\/categories?post=4885"},{"taxonomy":"post_tag","embeddable":true,"href":"https:\/\/unaymilletras.com\/en\/wp-json\/wp\/v2\/tags?post=4885"}],"curies":[{"name":"wp","href":"https:\/\/api.w.org\/{rel}","templated":true}]}}