{"id":4886,"date":"2025-05-28T20:25:07","date_gmt":"2025-05-28T18:25:07","guid":{"rendered":"https:\/\/unaymilletras.com\/?p=4886"},"modified":"2025-05-28T20:32:34","modified_gmt":"2025-05-28T18:32:34","slug":"mora-pasara-por-espana-en-su-nueva-gira","status":"publish","type":"post","link":"https:\/\/unaymilletras.com\/en\/mora-pasara-por-espana-en-su-nueva-gira\/","title":{"rendered":"Mora pasar\u00e1 por Espa\u00f1a en su nueva gira"},"content":{"rendered":"<div data-elementor-type=\"wp-post\" data-elementor-id=\"4886\" class=\"elementor elementor-4886\">\n\t\t\t\t\t\t<section class=\"elementor-section elementor-top-section elementor-element elementor-element-975938e elementor-section-boxed elementor-section-height-default elementor-section-height-default\" data-id=\"975938e\" data-element_type=\"section\" data-e-type=\"section\">\n\t\t\t\t\t\t<div class=\"elementor-container elementor-column-gap-default\">\n\t\t\t\t\t<div class=\"elementor-column elementor-col-100 elementor-top-column elementor-element elementor-element-b9b9d4d\" data-id=\"b9b9d4d\" data-element_type=\"column\" data-e-type=\"column\">\n\t\t\t<div class=\"elementor-widget-wrap elementor-element-populated\">\n\t\t\t\t\t\t<div class=\"elementor-element elementor-element-8850658 elementor-widget elementor-widget-heading\" data-id=\"8850658\" data-element_type=\"widget\" data-e-type=\"widget\" data-widget_type=\"heading.default\">\n\t\t\t\t<div class=\"elementor-widget-container\">\n\t\t\t\t\t<h2 class=\"elementor-heading-title elementor-size-default\">El tour de Mora, <i>Lo Mismo de la Otra Vez<\/i>, arranca en julio y llegar\u00e1 a Espa\u00f1a en septiembre donde visitar\u00e1 hasta nueve ciudades<\/h2>\t\t\t\t<\/div>\n\t\t\t\t<\/div>\n\t\t\t\t\t<\/div>\n\t\t<\/div>\n\t\t\t\t\t<\/div>\n\t\t<\/section>\n\t\t\t\t<section class=\"elementor-section elementor-top-section elementor-element elementor-element-7706a2d elementor-section-boxed elementor-section-height-default elementor-section-height-default\" data-id=\"7706a2d\" data-element_type=\"section\" data-e-type=\"section\">\n\t\t\t\t\t\t<div class=\"elementor-container elementor-column-gap-default\">\n\t\t\t\t\t<div class=\"elementor-column elementor-col-100 elementor-top-column elementor-element elementor-element-0c6dbdf\" data-id=\"0c6dbdf\" data-element_type=\"column\" data-e-type=\"column\">\n\t\t\t<div class=\"elementor-widget-wrap elementor-element-populated\">\n\t\t\t\t\t\t<div class=\"elementor-element elementor-element-62e6485 elementor-widget elementor-widget-text-editor\" data-id=\"62e6485\" data-element_type=\"widget\" data-e-type=\"widget\" data-widget_type=\"text-editor.default\">\n\t\t\t\t<div class=\"elementor-widget-container\">\n\t\t\t\t\t\t\t\t\t<p>Mora trajo nueva m\u00fasica con la salida de su reciente \u00e1lbum <i>Lo Mismo de Siempre<\/i>. Gener\u00f3 ilusi\u00f3n y expectativas a sus fan\u00e1ticos, pero faltaba algo. Una gira para exponer las mejores canciones de su disco y combin\u00e1ndolo con algunos de sus &#8216;hits&#8217; que no pueden faltar en un concierto suyo. Adem\u00e1s, el tour ser\u00e1 a cuenta propia suya, es decir, son conciertos no festivales. Esto quiere decir que Mora probablemente cante alrededor de dos horas en cada una de las fechas anunciadas.<\/p>\t\t\t\t\t\t\t\t<\/div>\n\t\t\t\t<\/div>\n\t\t\t\t\t<\/div>\n\t\t<\/div>\n\t\t\t\t\t<\/div>\n\t\t<\/section>\n\t\t\t\t<section class=\"elementor-section elementor-top-section elementor-element elementor-element-56e632c elementor-section-boxed elementor-section-height-default elementor-section-height-default\" data-id=\"56e632c\" data-element_type=\"section\" data-e-type=\"section\">\n\t\t\t\t\t\t<div class=\"elementor-container elementor-column-gap-default\">\n\t\t\t\t\t<div class=\"elementor-column elementor-col-100 elementor-top-column elementor-element elementor-element-ee4013b\" data-id=\"ee4013b\" data-element_type=\"column\" data-e-type=\"column\">\n\t\t\t<div class=\"elementor-widget-wrap elementor-element-populated\">\n\t\t\t\t\t\t<div class=\"elementor-element elementor-element-7adcf48 elementor-widget elementor-widget-text-editor\" data-id=\"7adcf48\" data-element_type=\"widget\" data-e-type=\"widget\" data-widget_type=\"text-editor.default\">\n\t\t\t\t<div class=\"elementor-widget-container\">\n\t\t\t\t\t\t\t\t\t<p>La gira tendr\u00e1 tres etapas. En primer lugar, el 3 de julio arrancar\u00e1 en Honduras y hasta el 3 de septiembre visitar\u00e1 diferentes pa\u00edses de Sudam\u00e9rica hasta finalizar en M\u00e9xico. Algunas de las naciones por las que pasar\u00e1 son Argentina, Panam\u00e1, Per\u00fa o Colombia. Finalmente, el 23 de septiembre llegar\u00e1 a Espa\u00f1a aterrizando en Barcelona. Su show pasar\u00e1 por Tenerife, M\u00e1laga, Granada, Bilbao, Valencia, Murcia, A Coru\u00f1a para acabar el 10 de octubre en Madrid. De momento solo hay anunciada una fecha por ciudad, pero debido al espacio entre d\u00edas cabe la posibilidad que en la capital y en la ciudad condal pudiera llegar a hacer un segundo concierto.<\/p>\t\t\t\t\t\t\t\t<\/div>\n\t\t\t\t<\/div>\n\t\t\t\t\t<\/div>\n\t\t<\/div>\n\t\t\t\t\t<\/div>\n\t\t<\/section>\n\t\t\t\t<section class=\"elementor-section elementor-top-section elementor-element elementor-element-7f71395 elementor-section-boxed elementor-section-height-default elementor-section-height-default\" data-id=\"7f71395\" data-element_type=\"section\" data-e-type=\"section\">\n\t\t\t\t\t\t<div class=\"elementor-container elementor-column-gap-default\">\n\t\t\t\t\t<div class=\"elementor-column elementor-col-100 elementor-top-column elementor-element elementor-element-446680f\" data-id=\"446680f\" data-element_type=\"column\" data-e-type=\"column\">\n\t\t\t<div class=\"elementor-widget-wrap elementor-element-populated\">\n\t\t\t\t\t\t<div class=\"elementor-element elementor-element-3e0ec2b elementor-widget elementor-widget-image\" data-id=\"3e0ec2b\" data-element_type=\"widget\" data-e-type=\"widget\" data-widget_type=\"image.default\">\n\t\t\t\t<div class=\"elementor-widget-container\">\n\t\t\t\t\t\t\t\t\t\t\t\t\t\t\t<img fetchpriority=\"high\" decoding=\"async\" width=\"640\" height=\"709\" src=\"https:\/\/unaymilletras.com\/wp-content\/uploads\/2025\/05\/IMG_0798-924x1024.jpeg\" class=\"attachment-large size-large wp-image-4898\" alt=\"Mora\" srcset=\"https:\/\/unaymilletras.com\/wp-content\/uploads\/2025\/05\/IMG_0798-924x1024.jpeg 924w, https:\/\/unaymilletras.com\/wp-content\/uploads\/2025\/05\/IMG_0798-271x300.jpeg 271w, https:\/\/unaymilletras.com\/wp-content\/uploads\/2025\/05\/IMG_0798-768x851.jpeg 768w, https:\/\/unaymilletras.com\/wp-content\/uploads\/2025\/05\/IMG_0798-11x12.jpeg 11w, https:\/\/unaymilletras.com\/wp-content\/uploads\/2025\/05\/IMG_0798-1024x1134.jpeg 1024w, https:\/\/unaymilletras.com\/wp-content\/uploads\/2025\/05\/IMG_0798-e1748456777707.jpeg 600w\" sizes=\"(max-width: 640px) 100vw, 640px\" \/>\t\t\t\t\t\t\t\t\t\t\t\t\t\t\t<\/div>\n\t\t\t\t<\/div>\n\t\t\t\t\t<\/div>\n\t\t<\/div>\n\t\t\t\t\t<\/div>\n\t\t<\/section>\n\t\t\t\t<section class=\"elementor-section elementor-top-section elementor-element elementor-element-255dbe9 elementor-section-boxed elementor-section-height-default elementor-section-height-default\" data-id=\"255dbe9\" data-element_type=\"section\" data-e-type=\"section\">\n\t\t\t\t\t\t<div class=\"elementor-container elementor-column-gap-default\">\n\t\t\t\t\t<div class=\"elementor-column elementor-col-100 elementor-top-column elementor-element elementor-element-3a765e7\" data-id=\"3a765e7\" data-element_type=\"column\" data-e-type=\"column\">\n\t\t\t<div class=\"elementor-widget-wrap elementor-element-populated\">\n\t\t\t\t\t\t<div class=\"elementor-element elementor-element-bbcea51 elementor-widget elementor-widget-text-editor\" data-id=\"bbcea51\" data-element_type=\"widget\" data-e-type=\"widget\" data-widget_type=\"text-editor.default\">\n\t\t\t\t<div class=\"elementor-widget-container\">\n\t\t\t\t\t\t\t\t\t<p>Con esta foto fue con la que acompa\u00f1\u00f3 al anuncio de su gira. El artista transmite naturalidad a trav\u00e9s de ella con la imagen de su perro y continuando con el mensaje del nombre del \u00e1lbum y la gira. Con esa normalidad en \u00e9l, cuando salga de Espa\u00f1a har\u00e1 una parada en Rep\u00fablica Dominicana y se adentrar\u00e1 en un gira por Estados Unidos hasta diciembre. El tour finalizar\u00e1 con un par\u00f3n espor\u00e1dico en Chile (no visitada en la primera etapa) para acabar en su hogar en Puerto Rico.<\/p>\t\t\t\t\t\t\t\t<\/div>\n\t\t\t\t<\/div>\n\t\t\t\t\t<\/div>\n\t\t<\/div>\n\t\t\t\t\t<\/div>\n\t\t<\/section>\n\t\t\t\t<section class=\"elementor-section elementor-top-section elementor-element elementor-element-5449da0 elementor-section-boxed elementor-section-height-default elementor-section-height-default\" data-id=\"5449da0\" data-element_type=\"section\" data-e-type=\"section\">\n\t\t\t\t\t\t<div class=\"elementor-container elementor-column-gap-default\">\n\t\t\t\t\t<div class=\"elementor-column elementor-col-50 elementor-top-column elementor-element elementor-element-9202669\" data-id=\"9202669\" data-element_type=\"column\" data-e-type=\"column\">\n\t\t\t<div class=\"elementor-widget-wrap elementor-element-populated\">\n\t\t\t\t\t\t<div class=\"elementor-element elementor-element-54a44af elementor-widget elementor-widget-text-editor\" data-id=\"54a44af\" data-element_type=\"widget\" data-e-type=\"widget\" data-widget_type=\"text-editor.default\">\n\t\t\t\t<div class=\"elementor-widget-container\">\n\t\t\t\t\t\t\t\t\t<p>Las&nbsp;<a href=\"https:\/\/moratour.com\/\" target=\"_blank\">entradas&nbsp;<\/a>en Espa\u00f1a saldr\u00e1n a la venta el pr\u00f3ximo lunes 2 de junio. La preventa ser\u00e1 ese mismo d\u00eda a las 16:00 y la venta a las 20:00. Teniendo en cuenta los precios de la reciente gira de&nbsp;<a href=\"https:\/\/unaymilletras.com\/en\/myke-towers-unico-latino-en-la-banda-sonora-de-la-pelicula-de-formula-1-protagonizada-por-brad-pitt\/\" target=\"_blank\">Myke Towers<\/a>, las entradas pueden oscilar desde unos 40 euros hasta los 150 euros. El artista puertorrique\u00f1o cantar\u00e1 un a\u00f1o m\u00e1s en Espa\u00f1a, siendo este su cuarto a\u00f1o consecutivo y en total.&nbsp;<\/p>\t\t\t\t\t\t\t\t<\/div>\n\t\t\t\t<\/div>\n\t\t\t\t\t<\/div>\n\t\t<\/div>\n\t\t\t\t<div class=\"elementor-column elementor-col-50 elementor-top-column elementor-element elementor-element-929be84\" data-id=\"929be84\" data-element_type=\"column\" data-e-type=\"column\">\n\t\t\t<div class=\"elementor-widget-wrap elementor-element-populated\">\n\t\t\t\t\t\t<div class=\"elementor-element elementor-element-89c788a elementor-widget elementor-widget-text-editor\" data-id=\"89c788a\" data-element_type=\"widget\" data-e-type=\"widget\" data-widget_type=\"text-editor.default\">\n\t\t\t\t<div class=\"elementor-widget-container\">\n\t\t\t\t\t\t\t\t\t<p>En 2022 aterriz\u00f3 en Shoko Madrid y fue participando en numerosos festivales a lo largo del verano. Para 2023 vino dos veces, primero con la gira <i>Para\u00edso <\/i>en verano en algunos festivales y luego en octubre tambi\u00e9n con <i>Estela <\/i>que fueron sus primeros conciertos en solitario en Europa. En 2024 vino a diferentes festivales en verano y ahora, para este a\u00f1o, ir\u00e1 solo de nuevo.<\/p>\t\t\t\t\t\t\t\t<\/div>\n\t\t\t\t<\/div>\n\t\t\t\t\t<\/div>\n\t\t<\/div>\n\t\t\t\t\t<\/div>\n\t\t<\/section>\n\t\t\t\t<section class=\"elementor-section elementor-top-section elementor-element elementor-element-735aba3 elementor-section-boxed elementor-section-height-default elementor-section-height-default\" data-id=\"735aba3\" data-element_type=\"section\" data-e-type=\"section\">\n\t\t\t\t\t\t<div class=\"elementor-container elementor-column-gap-default\">\n\t\t\t\t\t<div class=\"elementor-column elementor-col-100 elementor-top-column elementor-element elementor-element-c0b0012\" data-id=\"c0b0012\" data-element_type=\"column\" data-e-type=\"column\">\n\t\t\t<div class=\"elementor-widget-wrap elementor-element-populated\">\n\t\t\t\t\t\t<div class=\"elementor-element elementor-element-9d0df40 elementor-widget elementor-widget-text-editor\" data-id=\"9d0df40\" data-element_type=\"widget\" data-e-type=\"widget\" data-widget_type=\"text-editor.default\">\n\t\t\t\t<div class=\"elementor-widget-container\">\n\t\t\t\t\t\t\t\t\t<p>Mora no vuelve a fallar a Espa\u00f1a y se espera de \u00e9l una segunda mitad de a\u00f1o en la que el artista este feliz de estar de vuelta con la m\u00fasica. La conexi\u00f3n que tiene con el p\u00fablico espa\u00f1ol es \u00fanica y mientras siga vendiendo todas las entradas de sus shows a\u00f1o tras a\u00f1o se podr\u00e1 esperar que el artista regrese otra vez.<\/p>\t\t\t\t\t\t\t\t<\/div>\n\t\t\t\t<\/div>\n\t\t\t\t\t<\/div>\n\t\t<\/div>\n\t\t\t\t\t<\/div>\n\t\t<\/section>\n\t\t\t\t<\/div>","protected":false},"excerpt":{"rendered":"<p>El tour de Mora, Lo Mismo de la Otra Vez, arranca en julio y llegar\u00e1 a Espa\u00f1a en septiembre donde visitar\u00e1 hasta nueve ciudades Mora trajo nueva m\u00fasica con la salida de su reciente \u00e1lbum Lo Mismo de Siempre. Gener\u00f3 ilusi\u00f3n y expectativas a sus fan\u00e1ticos, pero faltaba algo. Una gira para exponer las mejores [&hellip;]<\/p>\n","protected":false},"author":10,"featured_media":4889,"comment_status":"closed","ping_status":"closed","sticky":false,"template":"","format":"standard","meta":{"footnotes":""},"categories":[4],"tags":[168,178,171,180,179,166],"class_list":["post-4886","post","type-post","status-publish","format-standard","has-post-thumbnail","hentry","category-musica","tag-disco","tag-espana","tag-gira","tag-lo-mismo-de-la-otra-vez","tag-lo-mismo-de-siempre","tag-mora"],"yoast_head":"<!-- This site is optimized with the Yoast SEO plugin v27.4 - https:\/\/yoast.com\/product\/yoast-seo-wordpress\/ -->\n<title>Mora pasar\u00e1 por Espa\u00f1a en su nueva gira &#8902; Una y Mil Letras<\/title>\n<meta name=\"description\" content=\"El tour de Mora, Lo Mismo de la Otra Vez, arranca en julio y llegar\u00e1 a Espa\u00f1a en septiembre donde visitar\u00e1 hasta nueve ciudades\u200b\" \/>\n<meta name=\"robots\" content=\"index, follow, max-snippet:-1, max-image-preview:large, max-video-preview:-1\" \/>\n<link rel=\"canonical\" href=\"https:\/\/unaymilletras.com\/en\/mora-pasara-por-espana-en-su-nueva-gira\/\" \/>\n<meta property=\"og:locale\" content=\"en_GB\" \/>\n<meta property=\"og:type\" content=\"article\" \/>\n<meta property=\"og:title\" content=\"Mora pasar\u00e1 por Espa\u00f1a en su nueva gira &#8902; Una y Mil Letras\" \/>\n<meta property=\"og:description\" content=\"El tour de Mora, Lo Mismo de la Otra Vez, arranca en julio y llegar\u00e1 a Espa\u00f1a en septiembre donde visitar\u00e1 hasta nueve ciudades\u200b\" \/>\n<meta property=\"og:url\" content=\"https:\/\/unaymilletras.com\/en\/mora-pasara-por-espana-en-su-nueva-gira\/\" \/>\n<meta property=\"og:site_name\" content=\"Una y Mil Letras\" \/>\n<meta property=\"article:published_time\" content=\"2025-05-28T18:25:07+00:00\" \/>\n<meta property=\"article:modified_time\" content=\"2025-05-28T18:32:34+00:00\" \/>\n<meta property=\"og:image\" content=\"http:\/\/unaymilletras.com\/wp-content\/uploads\/2025\/05\/Captura-de-pantalla-2025-05-28-192002.png\" \/>\n\t<meta property=\"og:image:width\" content=\"620\" \/>\n\t<meta property=\"og:image:height\" content=\"729\" \/>\n\t<meta property=\"og:image:type\" content=\"image\/png\" \/>\n<meta name=\"author\" content=\"David Hern\u00e1ndez\" \/>\n<meta name=\"twitter:card\" content=\"summary_large_image\" \/>\n<meta name=\"twitter:creator\" content=\"@UnaYMilLetras\" \/>\n<meta name=\"twitter:site\" content=\"@UnaYMilLetras\" \/>\n<meta name=\"twitter:label1\" content=\"Written by\" \/>\n\t<meta name=\"twitter:data1\" content=\"David Hern\u00e1ndez\" \/>\n\t<meta name=\"twitter:label2\" content=\"Estimated reading time\" \/>\n\t<meta name=\"twitter:data2\" content=\"3 minutes\" \/>\n<script type=\"application\/ld+json\" class=\"yoast-schema-graph\">{\"@context\":\"https:\\\/\\\/schema.org\",\"@graph\":[{\"@type\":\"Article\",\"@id\":\"https:\\\/\\\/unaymilletras.com\\\/mora-pasara-por-espana-en-su-nueva-gira\\\/#article\",\"isPartOf\":{\"@id\":\"https:\\\/\\\/unaymilletras.com\\\/mora-pasara-por-espana-en-su-nueva-gira\\\/\"},\"author\":{\"name\":\"David Hern\u00e1ndez\",\"@id\":\"http:\\\/\\\/unaymilletras.com\\\/#\\\/schema\\\/person\\\/0c171c80bc49a58d7a8ed3394548370c\"},\"headline\":\"Mora pasar\u00e1 por Espa\u00f1a en su nueva gira\",\"datePublished\":\"2025-05-28T18:25:07+00:00\",\"dateModified\":\"2025-05-28T18:32:34+00:00\",\"mainEntityOfPage\":{\"@id\":\"https:\\\/\\\/unaymilletras.com\\\/mora-pasara-por-espana-en-su-nueva-gira\\\/\"},\"wordCount\":541,\"publisher\":{\"@id\":\"http:\\\/\\\/unaymilletras.com\\\/#organization\"},\"image\":{\"@id\":\"https:\\\/\\\/unaymilletras.com\\\/mora-pasara-por-espana-en-su-nueva-gira\\\/#primaryimage\"},\"thumbnailUrl\":\"https:\\\/\\\/unaymilletras.com\\\/wp-content\\\/uploads\\\/2025\\\/05\\\/Captura-de-pantalla-2025-05-28-192002.png\",\"keywords\":[\"disco\",\"Espa\u00f1a\",\"Gira\",\"lo mismo de la otra vez\",\"Lo mismo de siempre\",\"Mora\"],\"articleSection\":[\"M\u00fasica\"],\"inLanguage\":\"en-GB\"},{\"@type\":\"WebPage\",\"@id\":\"https:\\\/\\\/unaymilletras.com\\\/mora-pasara-por-espana-en-su-nueva-gira\\\/\",\"url\":\"https:\\\/\\\/unaymilletras.com\\\/mora-pasara-por-espana-en-su-nueva-gira\\\/\",\"name\":\"Mora pasar\u00e1 por Espa\u00f1a en su nueva gira &#8902; Una y Mil Letras\",\"isPartOf\":{\"@id\":\"http:\\\/\\\/unaymilletras.com\\\/#website\"},\"primaryImageOfPage\":{\"@id\":\"https:\\\/\\\/unaymilletras.com\\\/mora-pasara-por-espana-en-su-nueva-gira\\\/#primaryimage\"},\"image\":{\"@id\":\"https:\\\/\\\/unaymilletras.com\\\/mora-pasara-por-espana-en-su-nueva-gira\\\/#primaryimage\"},\"thumbnailUrl\":\"https:\\\/\\\/unaymilletras.com\\\/wp-content\\\/uploads\\\/2025\\\/05\\\/Captura-de-pantalla-2025-05-28-192002.png\",\"datePublished\":\"2025-05-28T18:25:07+00:00\",\"dateModified\":\"2025-05-28T18:32:34+00:00\",\"description\":\"El tour de Mora, Lo Mismo de la Otra Vez, arranca en julio y llegar\u00e1 a Espa\u00f1a en septiembre donde visitar\u00e1 hasta nueve ciudades\u200b\",\"breadcrumb\":{\"@id\":\"https:\\\/\\\/unaymilletras.com\\\/mora-pasara-por-espana-en-su-nueva-gira\\\/#breadcrumb\"},\"inLanguage\":\"en-GB\",\"potentialAction\":[{\"@type\":\"ReadAction\",\"target\":[\"https:\\\/\\\/unaymilletras.com\\\/mora-pasara-por-espana-en-su-nueva-gira\\\/\"]}]},{\"@type\":\"ImageObject\",\"inLanguage\":\"en-GB\",\"@id\":\"https:\\\/\\\/unaymilletras.com\\\/mora-pasara-por-espana-en-su-nueva-gira\\\/#primaryimage\",\"url\":\"https:\\\/\\\/unaymilletras.com\\\/wp-content\\\/uploads\\\/2025\\\/05\\\/Captura-de-pantalla-2025-05-28-192002.png\",\"contentUrl\":\"https:\\\/\\\/unaymilletras.com\\\/wp-content\\\/uploads\\\/2025\\\/05\\\/Captura-de-pantalla-2025-05-28-192002.png\",\"width\":620,\"height\":729,\"caption\":\"Mora\"},{\"@type\":\"BreadcrumbList\",\"@id\":\"https:\\\/\\\/unaymilletras.com\\\/mora-pasara-por-espana-en-su-nueva-gira\\\/#breadcrumb\",\"itemListElement\":[{\"@type\":\"ListItem\",\"position\":1,\"name\":\"Home\",\"item\":\"http:\\\/\\\/unaymilletras.com\\\/\"},{\"@type\":\"ListItem\",\"position\":2,\"name\":\"Mora pasar\u00e1 por Espa\u00f1a en su nueva gira\"}]},{\"@type\":\"WebSite\",\"@id\":\"http:\\\/\\\/unaymilletras.com\\\/#website\",\"url\":\"http:\\\/\\\/unaymilletras.com\\\/\",\"name\":\"Una y Mil Letras\",\"description\":\"\",\"publisher\":{\"@id\":\"http:\\\/\\\/unaymilletras.com\\\/#organization\"},\"potentialAction\":[{\"@type\":\"SearchAction\",\"target\":{\"@type\":\"EntryPoint\",\"urlTemplate\":\"http:\\\/\\\/unaymilletras.com\\\/?s={search_term_string}\"},\"query-input\":{\"@type\":\"PropertyValueSpecification\",\"valueRequired\":true,\"valueName\":\"search_term_string\"}}],\"inLanguage\":\"en-GB\"},{\"@type\":\"Organization\",\"@id\":\"http:\\\/\\\/unaymilletras.com\\\/#organization\",\"name\":\"Una y Mil Letras\",\"url\":\"http:\\\/\\\/unaymilletras.com\\\/\",\"logo\":{\"@type\":\"ImageObject\",\"inLanguage\":\"en-GB\",\"@id\":\"http:\\\/\\\/unaymilletras.com\\\/#\\\/schema\\\/logo\\\/image\\\/\",\"url\":\"https:\\\/\\\/unaymilletras.com\\\/wp-content\\\/uploads\\\/2024\\\/06\\\/cropped-Logo-removebg-preview.png\",\"contentUrl\":\"https:\\\/\\\/unaymilletras.com\\\/wp-content\\\/uploads\\\/2024\\\/06\\\/cropped-Logo-removebg-preview.png\",\"width\":512,\"height\":512,\"caption\":\"Una y Mil Letras\"},\"image\":{\"@id\":\"http:\\\/\\\/unaymilletras.com\\\/#\\\/schema\\\/logo\\\/image\\\/\"},\"sameAs\":[\"https:\\\/\\\/x.com\\\/UnaYMilLetras\",\"https:\\\/\\\/instagram.com\\\/UnaYMilLetras\"]},{\"@type\":\"Person\",\"@id\":\"http:\\\/\\\/unaymilletras.com\\\/#\\\/schema\\\/person\\\/0c171c80bc49a58d7a8ed3394548370c\",\"name\":\"David Hern\u00e1ndez\",\"image\":{\"@type\":\"ImageObject\",\"inLanguage\":\"en-GB\",\"@id\":\"https:\\\/\\\/secure.gravatar.com\\\/avatar\\\/86739d73874dcbc11e4278af33fb905704f5c29329727efb3b0e0bc838b0d469?s=96&d=mm&r=g\",\"url\":\"https:\\\/\\\/secure.gravatar.com\\\/avatar\\\/86739d73874dcbc11e4278af33fb905704f5c29329727efb3b0e0bc838b0d469?s=96&d=mm&r=g\",\"contentUrl\":\"https:\\\/\\\/secure.gravatar.com\\\/avatar\\\/86739d73874dcbc11e4278af33fb905704f5c29329727efb3b0e0bc838b0d469?s=96&d=mm&r=g\",\"caption\":\"David Hern\u00e1ndez\"},\"url\":\"https:\\\/\\\/unaymilletras.com\\\/en\\\/author\\\/davidesel\\\/\"}]}<\/script>\n<!-- \/ Yoast SEO plugin. -->","yoast_head_json":{"title":"Mora pasar\u00e1 por Espa\u00f1a en su nueva gira &#8902; Una y Mil Letras","description":"El tour de Mora, Lo Mismo de la Otra Vez, arranca en julio y llegar\u00e1 a Espa\u00f1a en septiembre donde visitar\u00e1 hasta nueve ciudades\u200b","robots":{"index":"index","follow":"follow","max-snippet":"max-snippet:-1","max-image-preview":"max-image-preview:large","max-video-preview":"max-video-preview:-1"},"canonical":"https:\/\/unaymilletras.com\/en\/mora-pasara-por-espana-en-su-nueva-gira\/","og_locale":"en_GB","og_type":"article","og_title":"Mora pasar\u00e1 por Espa\u00f1a en su nueva gira &#8902; Una y Mil Letras","og_description":"El tour de Mora, Lo Mismo de la Otra Vez, arranca en julio y llegar\u00e1 a Espa\u00f1a en septiembre donde visitar\u00e1 hasta nueve ciudades\u200b","og_url":"https:\/\/unaymilletras.com\/en\/mora-pasara-por-espana-en-su-nueva-gira\/","og_site_name":"Una y Mil Letras","article_published_time":"2025-05-28T18:25:07+00:00","article_modified_time":"2025-05-28T18:32:34+00:00","og_image":[{"width":620,"height":729,"url":"http:\/\/unaymilletras.com\/wp-content\/uploads\/2025\/05\/Captura-de-pantalla-2025-05-28-192002.png","type":"image\/png"}],"author":"David Hern\u00e1ndez","twitter_card":"summary_large_image","twitter_creator":"@UnaYMilLetras","twitter_site":"@UnaYMilLetras","twitter_misc":{"Written by":"David Hern\u00e1ndez","Estimated reading time":"3 minutes"},"schema":{"@context":"https:\/\/schema.org","@graph":[{"@type":"Article","@id":"https:\/\/unaymilletras.com\/mora-pasara-por-espana-en-su-nueva-gira\/#article","isPartOf":{"@id":"https:\/\/unaymilletras.com\/mora-pasara-por-espana-en-su-nueva-gira\/"},"author":{"name":"David Hern\u00e1ndez","@id":"http:\/\/unaymilletras.com\/#\/schema\/person\/0c171c80bc49a58d7a8ed3394548370c"},"headline":"Mora pasar\u00e1 por Espa\u00f1a en su nueva gira","datePublished":"2025-05-28T18:25:07+00:00","dateModified":"2025-05-28T18:32:34+00:00","mainEntityOfPage":{"@id":"https:\/\/unaymilletras.com\/mora-pasara-por-espana-en-su-nueva-gira\/"},"wordCount":541,"publisher":{"@id":"http:\/\/unaymilletras.com\/#organization"},"image":{"@id":"https:\/\/unaymilletras.com\/mora-pasara-por-espana-en-su-nueva-gira\/#primaryimage"},"thumbnailUrl":"https:\/\/unaymilletras.com\/wp-content\/uploads\/2025\/05\/Captura-de-pantalla-2025-05-28-192002.png","keywords":["disco","Espa\u00f1a","Gira","lo mismo de la otra vez","Lo mismo de siempre","Mora"],"articleSection":["M\u00fasica"],"inLanguage":"en-GB"},{"@type":"WebPage","@id":"https:\/\/unaymilletras.com\/mora-pasara-por-espana-en-su-nueva-gira\/","url":"https:\/\/unaymilletras.com\/mora-pasara-por-espana-en-su-nueva-gira\/","name":"Mora pasar\u00e1 por Espa\u00f1a en su nueva gira &#8902; Una y Mil Letras","isPartOf":{"@id":"http:\/\/unaymilletras.com\/#website"},"primaryImageOfPage":{"@id":"https:\/\/unaymilletras.com\/mora-pasara-por-espana-en-su-nueva-gira\/#primaryimage"},"image":{"@id":"https:\/\/unaymilletras.com\/mora-pasara-por-espana-en-su-nueva-gira\/#primaryimage"},"thumbnailUrl":"https:\/\/unaymilletras.com\/wp-content\/uploads\/2025\/05\/Captura-de-pantalla-2025-05-28-192002.png","datePublished":"2025-05-28T18:25:07+00:00","dateModified":"2025-05-28T18:32:34+00:00","description":"El tour de Mora, Lo Mismo de la Otra Vez, arranca en julio y llegar\u00e1 a Espa\u00f1a en septiembre donde visitar\u00e1 hasta nueve ciudades\u200b","breadcrumb":{"@id":"https:\/\/unaymilletras.com\/mora-pasara-por-espana-en-su-nueva-gira\/#breadcrumb"},"inLanguage":"en-GB","potentialAction":[{"@type":"ReadAction","target":["https:\/\/unaymilletras.com\/mora-pasara-por-espana-en-su-nueva-gira\/"]}]},{"@type":"ImageObject","inLanguage":"en-GB","@id":"https:\/\/unaymilletras.com\/mora-pasara-por-espana-en-su-nueva-gira\/#primaryimage","url":"https:\/\/unaymilletras.com\/wp-content\/uploads\/2025\/05\/Captura-de-pantalla-2025-05-28-192002.png","contentUrl":"https:\/\/unaymilletras.com\/wp-content\/uploads\/2025\/05\/Captura-de-pantalla-2025-05-28-192002.png","width":620,"height":729,"caption":"Mora"},{"@type":"BreadcrumbList","@id":"https:\/\/unaymilletras.com\/mora-pasara-por-espana-en-su-nueva-gira\/#breadcrumb","itemListElement":[{"@type":"ListItem","position":1,"name":"Home","item":"http:\/\/unaymilletras.com\/"},{"@type":"ListItem","position":2,"name":"Mora pasar\u00e1 por Espa\u00f1a en su nueva gira"}]},{"@type":"WebSite","@id":"http:\/\/unaymilletras.com\/#website","url":"http:\/\/unaymilletras.com\/","name":"Una y Mil Letras","description":"","publisher":{"@id":"http:\/\/unaymilletras.com\/#organization"},"potentialAction":[{"@type":"SearchAction","target":{"@type":"EntryPoint","urlTemplate":"http:\/\/unaymilletras.com\/?s={search_term_string}"},"query-input":{"@type":"PropertyValueSpecification","valueRequired":true,"valueName":"search_term_string"}}],"inLanguage":"en-GB"},{"@type":"Organization","@id":"http:\/\/unaymilletras.com\/#organization","name":"Una y Mil Letras","url":"http:\/\/unaymilletras.com\/","logo":{"@type":"ImageObject","inLanguage":"en-GB","@id":"http:\/\/unaymilletras.com\/#\/schema\/logo\/image\/","url":"https:\/\/unaymilletras.com\/wp-content\/uploads\/2024\/06\/cropped-Logo-removebg-preview.png","contentUrl":"https:\/\/unaymilletras.com\/wp-content\/uploads\/2024\/06\/cropped-Logo-removebg-preview.png","width":512,"height":512,"caption":"Una y Mil Letras"},"image":{"@id":"http:\/\/unaymilletras.com\/#\/schema\/logo\/image\/"},"sameAs":["https:\/\/x.com\/UnaYMilLetras","https:\/\/instagram.com\/UnaYMilLetras"]},{"@type":"Person","@id":"http:\/\/unaymilletras.com\/#\/schema\/person\/0c171c80bc49a58d7a8ed3394548370c","name":"David Hern\u00e1ndez","image":{"@type":"ImageObject","inLanguage":"en-GB","@id":"https:\/\/secure.gravatar.com\/avatar\/86739d73874dcbc11e4278af33fb905704f5c29329727efb3b0e0bc838b0d469?s=96&d=mm&r=g","url":"https:\/\/secure.gravatar.com\/avatar\/86739d73874dcbc11e4278af33fb905704f5c29329727efb3b0e0bc838b0d469?s=96&d=mm&r=g","contentUrl":"https:\/\/secure.gravatar.com\/avatar\/86739d73874dcbc11e4278af33fb905704f5c29329727efb3b0e0bc838b0d469?s=96&d=mm&r=g","caption":"David Hern\u00e1ndez"},"url":"https:\/\/unaymilletras.com\/en\/author\/davidesel\/"}]}},"_links":{"self":[{"href":"https:\/\/unaymilletras.com\/en\/wp-json\/wp\/v2\/posts\/4886","targetHints":{"allow":["GET"]}}],"collection":[{"href":"https:\/\/unaymilletras.com\/en\/wp-json\/wp\/v2\/posts"}],"about":[{"href":"https:\/\/unaymilletras.com\/en\/wp-json\/wp\/v2\/types\/post"}],"author":[{"embeddable":true,"href":"https:\/\/unaymilletras.com\/en\/wp-json\/wp\/v2\/users\/10"}],"replies":[{"embeddable":true,"href":"https:\/\/unaymilletras.com\/en\/wp-json\/wp\/v2\/comments?post=4886"}],"version-history":[{"count":5,"href":"https:\/\/unaymilletras.com\/en\/wp-json\/wp\/v2\/posts\/4886\/revisions"}],"predecessor-version":[{"id":4901,"href":"https:\/\/unaymilletras.com\/en\/wp-json\/wp\/v2\/posts\/4886\/revisions\/4901"}],"wp:featuredmedia":[{"embeddable":true,"href":"https:\/\/unaymilletras.com\/en\/wp-json\/wp\/v2\/media\/4889"}],"wp:attachment":[{"href":"https:\/\/unaymilletras.com\/en\/wp-json\/wp\/v2\/media?parent=4886"}],"wp:term":[{"taxonomy":"category","embeddable":true,"href":"https:\/\/unaymilletras.com\/en\/wp-json\/wp\/v2\/categories?post=4886"},{"taxonomy":"post_tag","embeddable":true,"href":"https:\/\/unaymilletras.com\/en\/wp-json\/wp\/v2\/tags?post=4886"}],"curies":[{"name":"wp","href":"https:\/\/api.w.org\/{rel}","templated":true}]}}