{"id":49,"date":"2020-04-10T14:40:35","date_gmt":"2020-04-10T14:40:35","guid":{"rendered":"https:\/\/unaymilletras.wordpress.com\/?p=49"},"modified":"2023-05-06T14:07:56","modified_gmt":"2023-05-06T14:07:56","slug":"el-doble-disco-de-platino-mas-pegadizo","status":"publish","type":"post","link":"https:\/\/unaymilletras.com\/en\/el-doble-disco-de-platino-mas-pegadizo\/","title":{"rendered":"El doble disco de platino m\u00e1s pegadizo"},"content":{"rendered":"<p><em><a href=\"https:\/\/www.youtube.com\/watch?v=4R5mDpIgwUs\">Una volta ancora<\/a><\/em>, colaboraci\u00f3n entre Ana Mena y Fred de Palma. Fue lanzada al mercado musical el 17 de junio de 2019. Esta canci\u00f3n tuvo un gran \u00e9xito en Italia y actualmente cuenta con m\u00e1s de 139 millones de reproducciones en YouTube. Poco tiempo despu\u00e9s, el 30 de agosto de 2019, <a href=\"https:\/\/www.youtube.com\/watch?v=5tFv5ILJ6N8\">Se iluminaba<\/a> ve\u00eda la luz. Esta versi\u00f3n en espa\u00f1ol de la maravillosa y pegadiza colaboraci\u00f3n ha sido un completo \u00e9xito en todo el territorio espa\u00f1ol.<\/p>\n\n\n\n<p>El hit de la espa\u00f1ola con el italiano ha logrado colarse en todas las casas y no hay una fiesta que se le escape. Siete meses despu\u00e9s de que la canci\u00f3n saliera a\u00fan se sigue escuchando y bailando d\u00eda tras d\u00eda en todo el pa\u00eds. Actualmente cuenta con casi 24,5 millones de reproducciones en YouTube y 34 millones en Spotify. Adem\u00e1s, tras su salida consigui\u00f3 alcanzar los primeros puestos en las listas de ventas musicales. <\/p>\n\n\n\n<p>En medio de la mala situaci\u00f3n que se est\u00e1 viviendo estos d\u00edas en el mundo, los int\u00e9rpretes recib\u00edan una gran noticia: <em>Se iluminaba<\/em> consigue el doble disco de patino en Espa\u00f1a. Y no es de extra\u00f1ar que este single haya logrado vender m\u00e1s de 80.000 copias pues es una canci\u00f3n con un ritmo muy pegadizo y que una vez la escuchas no paras de cantarla a todas horas.<\/p>\n\n\n\n<figure class=\"wp-block-gallery columns-1 is-cropped wp-block-gallery-1 is-layout-flex wp-block-gallery-is-layout-flex\"><ul class=\"blocks-gallery-grid\"><li class=\"blocks-gallery-item\"><figure><img fetchpriority=\"high\" decoding=\"async\" width=\"562\" height=\"576\" src=\"http:\/\/unaymilletras.com\/wp-content\/uploads\/2020\/04\/2020-04-09.png?w=562\" alt=\"\" data-id=\"53\" data-link=\"https:\/\/unaymilletras.wordpress.com\/2020-04-09\/\" class=\"wp-image-53\" srcset=\"https:\/\/unaymilletras.com\/wp-content\/uploads\/2020\/04\/2020-04-09.png 562w, https:\/\/unaymilletras.com\/wp-content\/uploads\/2020\/04\/2020-04-09-293x300.png 293w\" sizes=\"(max-width: 562px) 100vw, 562px\" \/><\/figure><\/li><\/ul><figcaption class=\"blocks-gallery-caption\">Ana Mena y Fred de Palma, doble disco de platino. @anamenaoficial<\/figcaption><\/figure>\n\n\n\n<p><span class=\"has-inline-color has-secondary-color\"><strong>Ana Mena <\/strong><\/span><br>Ana Mena es una artista malague\u00f1a que no solo es una cantante excepcional, sino que tambi\u00e9n es actriz. <em>Se iluminaba<\/em> no es el primer \u00e9xito que cosecha pues toda canci\u00f3n que canta se convierte en un hit. Debut\u00f3 con <em><a href=\"https:\/\/www.youtube.com\/watch?v=36EdLR3cFak\">No soy como t\u00fa crees<\/a><\/em> y tras ese single no ha parado de cosechar n\u00fameros 1. Ha colaborado con numerosos artistas como Becky G y De La Ghetto en <em><a href=\"https:\/\/www.youtube.com\/watch?v=KwbtlSQLTMY\">Ya es hora<\/a><\/em>; Omar Montes en <em><a href=\"https:\/\/www.youtube.com\/watch?v=GPFj974CM78\">Como el Agua (Remix)<\/a><\/em>; Emilia y Nio Garc\u00eda en <em><a href=\"https:\/\/www.youtube.com\/watch?v=oMtkob2-8w4\">El chisme<\/a><\/em>; o CNCO con <em><a href=\"https:\/\/www.youtube.com\/watch?v=bS4aKfGnGa4\">Ahora lloras t\u00fa<\/a><\/em>.<\/p>\n\n\n\n<figure class=\"wp-block-image size-large\"><img decoding=\"async\" width=\"575\" height=\"591\" src=\"http:\/\/unaymilletras.com\/wp-content\/uploads\/2020\/04\/2020-04-10-2.png?w=575\" alt=\"\" class=\"wp-image-56\" srcset=\"https:\/\/unaymilletras.com\/wp-content\/uploads\/2020\/04\/2020-04-10-2.png 575w, https:\/\/unaymilletras.com\/wp-content\/uploads\/2020\/04\/2020-04-10-2-292x300.png 292w\" sizes=\"(max-width: 575px) 100vw, 575px\" \/><figcaption>Ana Mena y Omar Montes durante la grabaci\u00f3n del videoclip <em>Como el agua (Remix)<\/em>. @anamenaoficial<\/figcaption><\/figure>\n\n\n\n<p>A la gran cantidad de trabajos de la artista, hay que sumarle que cada vez que pisa un escenario pone a todo el mundo a bailar. Es por esto que los festivales no dudan ni un momento en invitarla para que act\u00fae en ellos. <em>CocaCola Music Experience<\/em>, <em>Holika<\/em>, <em>MegaStar Festival<\/em>, <em>Los40 Primavera Pop<\/em> y muchs otros se han rendido a sus pies. Su pr\u00f3xima parada ser\u00e1 el pr\u00f3ximo s\u00e1bado 11 de abril que estar\u00e1 en directo en el Amazon en casa Fest a partir de las 18:00, donde compartir\u00e1 cartel con artistas como <em>Beret<\/em>, <em>Cantajuegos<\/em>, <em>Omar Montes<\/em> o <em>Gisela<\/em> entre otros. <\/p>\n\n\n\n<p>Sobre nuevos proyectos a\u00fan no se sabe nada. La fecha de lanzamiento de su siguiente single es una inc\u00f3gnita, aunque la artista s\u00ed ha desvelado algunos detalles. Como dijo ayer en <a href=\"https:\/\/www.instagram.com\/anamenaoficial\/\">Instagram<\/a> respondiendo a una pregunta de todas las que le hicieron sus seguidores: \u00abMi intenci\u00f3n era sacarla cuando nos dejaran grabar el v\u00eddeo, pero me da que a este paso va a tener que salir sin v\u00eddeo\u00bb. A pesar de no saber cuando esta nueva canci\u00f3n ser\u00e1 lanzada, s\u00ed se puede saber que ser\u00e1 un aut\u00e9ntico boom. Ahora solo queda esperar.<\/p>","protected":false},"excerpt":{"rendered":"<p>Una volta ancora, colaboraci\u00f3n entre Ana Mena y Fred de Palma. Fue lanzada al mercado musical el 17 de junio de 2019. Esta canci\u00f3n tuvo un gran \u00e9xito en Italia y actualmente cuenta con m\u00e1s de 139 millones de reproducciones en YouTube. Poco tiempo despu\u00e9s, el 30 de agosto de 2019, Se iluminaba ve\u00eda la [&hellip;]<\/p>\n","protected":false},"author":1,"featured_media":0,"comment_status":"open","ping_status":"open","sticky":false,"template":"","format":"standard","meta":{"footnotes":""},"categories":[4],"tags":[],"class_list":["post-49","post","type-post","status-publish","format-standard","hentry","category-musica"],"yoast_head":"<!-- This site is optimized with the Yoast SEO plugin v27.4 - https:\/\/yoast.com\/product\/yoast-seo-wordpress\/ -->\n<title>El doble disco de platino m\u00e1s pegadizo &#8902; Una y Mil Letras<\/title>\n<meta name=\"robots\" content=\"index, follow, max-snippet:-1, max-image-preview:large, max-video-preview:-1\" \/>\n<link rel=\"canonical\" href=\"https:\/\/unaymilletras.com\/en\/el-doble-disco-de-platino-mas-pegadizo\/\" \/>\n<meta property=\"og:locale\" content=\"en_GB\" \/>\n<meta property=\"og:type\" content=\"article\" \/>\n<meta property=\"og:title\" content=\"El doble disco de platino m\u00e1s pegadizo &#8902; Una y Mil Letras\" \/>\n<meta property=\"og:description\" content=\"Una volta ancora, colaboraci\u00f3n entre Ana Mena y Fred de Palma. Fue lanzada al mercado musical el 17 de junio de 2019. Esta canci\u00f3n tuvo un gran \u00e9xito en Italia y actualmente cuenta con m\u00e1s de 139 millones de reproducciones en YouTube. Poco tiempo despu\u00e9s, el 30 de agosto de 2019, Se iluminaba ve\u00eda la [&hellip;]\" \/>\n<meta property=\"og:url\" content=\"https:\/\/unaymilletras.com\/en\/el-doble-disco-de-platino-mas-pegadizo\/\" \/>\n<meta property=\"og:site_name\" content=\"Una y Mil Letras\" \/>\n<meta property=\"article:published_time\" content=\"2020-04-10T14:40:35+00:00\" \/>\n<meta property=\"article:modified_time\" content=\"2023-05-06T14:07:56+00:00\" \/>\n<meta property=\"og:image\" content=\"http:\/\/unaymilletras.com\/wp-content\/uploads\/2020\/04\/2020-04-09.png?w=562\" \/>\n<meta name=\"author\" content=\"Maria Gil Robledo\" \/>\n<meta name=\"twitter:card\" content=\"summary_large_image\" \/>\n<meta name=\"twitter:creator\" content=\"@UnaYMilLetras\" \/>\n<meta name=\"twitter:site\" content=\"@UnaYMilLetras\" \/>\n<meta name=\"twitter:label1\" content=\"Written by\" \/>\n\t<meta name=\"twitter:data1\" content=\"Maria Gil Robledo\" \/>\n\t<meta name=\"twitter:label2\" content=\"Estimated reading time\" \/>\n\t<meta name=\"twitter:data2\" content=\"3 minutes\" \/>\n<script type=\"application\/ld+json\" class=\"yoast-schema-graph\">{\"@context\":\"https:\\\/\\\/schema.org\",\"@graph\":[{\"@type\":\"Article\",\"@id\":\"https:\\\/\\\/unaymilletras.com\\\/el-doble-disco-de-platino-mas-pegadizo\\\/#article\",\"isPartOf\":{\"@id\":\"https:\\\/\\\/unaymilletras.com\\\/el-doble-disco-de-platino-mas-pegadizo\\\/\"},\"author\":{\"name\":\"Maria Gil Robledo\",\"@id\":\"http:\\\/\\\/unaymilletras.com\\\/#\\\/schema\\\/person\\\/d55ba681b8a4e463d8982dbe36a5dc94\"},\"headline\":\"El doble disco de platino m\u00e1s pegadizo\",\"datePublished\":\"2020-04-10T14:40:35+00:00\",\"dateModified\":\"2023-05-06T14:07:56+00:00\",\"mainEntityOfPage\":{\"@id\":\"https:\\\/\\\/unaymilletras.com\\\/el-doble-disco-de-platino-mas-pegadizo\\\/\"},\"wordCount\":570,\"commentCount\":0,\"publisher\":{\"@id\":\"http:\\\/\\\/unaymilletras.com\\\/#organization\"},\"image\":{\"@id\":\"https:\\\/\\\/unaymilletras.com\\\/el-doble-disco-de-platino-mas-pegadizo\\\/#primaryimage\"},\"thumbnailUrl\":\"http:\\\/\\\/unaymilletras.com\\\/wp-content\\\/uploads\\\/2020\\\/04\\\/2020-04-09.png?w=562\",\"articleSection\":[\"M\u00fasica\"],\"inLanguage\":\"en-GB\",\"potentialAction\":[{\"@type\":\"CommentAction\",\"name\":\"Comment\",\"target\":[\"https:\\\/\\\/unaymilletras.com\\\/el-doble-disco-de-platino-mas-pegadizo\\\/#respond\"]}]},{\"@type\":\"WebPage\",\"@id\":\"https:\\\/\\\/unaymilletras.com\\\/el-doble-disco-de-platino-mas-pegadizo\\\/\",\"url\":\"https:\\\/\\\/unaymilletras.com\\\/el-doble-disco-de-platino-mas-pegadizo\\\/\",\"name\":\"El doble disco de platino m\u00e1s pegadizo &#8902; Una y Mil Letras\",\"isPartOf\":{\"@id\":\"http:\\\/\\\/unaymilletras.com\\\/#website\"},\"primaryImageOfPage\":{\"@id\":\"https:\\\/\\\/unaymilletras.com\\\/el-doble-disco-de-platino-mas-pegadizo\\\/#primaryimage\"},\"image\":{\"@id\":\"https:\\\/\\\/unaymilletras.com\\\/el-doble-disco-de-platino-mas-pegadizo\\\/#primaryimage\"},\"thumbnailUrl\":\"http:\\\/\\\/unaymilletras.com\\\/wp-content\\\/uploads\\\/2020\\\/04\\\/2020-04-09.png?w=562\",\"datePublished\":\"2020-04-10T14:40:35+00:00\",\"dateModified\":\"2023-05-06T14:07:56+00:00\",\"breadcrumb\":{\"@id\":\"https:\\\/\\\/unaymilletras.com\\\/el-doble-disco-de-platino-mas-pegadizo\\\/#breadcrumb\"},\"inLanguage\":\"en-GB\",\"potentialAction\":[{\"@type\":\"ReadAction\",\"target\":[\"https:\\\/\\\/unaymilletras.com\\\/el-doble-disco-de-platino-mas-pegadizo\\\/\"]}]},{\"@type\":\"ImageObject\",\"inLanguage\":\"en-GB\",\"@id\":\"https:\\\/\\\/unaymilletras.com\\\/el-doble-disco-de-platino-mas-pegadizo\\\/#primaryimage\",\"url\":\"http:\\\/\\\/unaymilletras.com\\\/wp-content\\\/uploads\\\/2020\\\/04\\\/2020-04-09.png?w=562\",\"contentUrl\":\"http:\\\/\\\/unaymilletras.com\\\/wp-content\\\/uploads\\\/2020\\\/04\\\/2020-04-09.png?w=562\"},{\"@type\":\"BreadcrumbList\",\"@id\":\"https:\\\/\\\/unaymilletras.com\\\/el-doble-disco-de-platino-mas-pegadizo\\\/#breadcrumb\",\"itemListElement\":[{\"@type\":\"ListItem\",\"position\":1,\"name\":\"Home\",\"item\":\"http:\\\/\\\/unaymilletras.com\\\/\"},{\"@type\":\"ListItem\",\"position\":2,\"name\":\"El doble disco de platino m\u00e1s pegadizo\"}]},{\"@type\":\"WebSite\",\"@id\":\"http:\\\/\\\/unaymilletras.com\\\/#website\",\"url\":\"http:\\\/\\\/unaymilletras.com\\\/\",\"name\":\"Una y Mil Letras\",\"description\":\"\",\"publisher\":{\"@id\":\"http:\\\/\\\/unaymilletras.com\\\/#organization\"},\"potentialAction\":[{\"@type\":\"SearchAction\",\"target\":{\"@type\":\"EntryPoint\",\"urlTemplate\":\"http:\\\/\\\/unaymilletras.com\\\/?s={search_term_string}\"},\"query-input\":{\"@type\":\"PropertyValueSpecification\",\"valueRequired\":true,\"valueName\":\"search_term_string\"}}],\"inLanguage\":\"en-GB\"},{\"@type\":\"Organization\",\"@id\":\"http:\\\/\\\/unaymilletras.com\\\/#organization\",\"name\":\"Una y Mil Letras\",\"url\":\"http:\\\/\\\/unaymilletras.com\\\/\",\"logo\":{\"@type\":\"ImageObject\",\"inLanguage\":\"en-GB\",\"@id\":\"http:\\\/\\\/unaymilletras.com\\\/#\\\/schema\\\/logo\\\/image\\\/\",\"url\":\"https:\\\/\\\/unaymilletras.com\\\/wp-content\\\/uploads\\\/2024\\\/06\\\/cropped-Logo-removebg-preview.png\",\"contentUrl\":\"https:\\\/\\\/unaymilletras.com\\\/wp-content\\\/uploads\\\/2024\\\/06\\\/cropped-Logo-removebg-preview.png\",\"width\":512,\"height\":512,\"caption\":\"Una y Mil Letras\"},\"image\":{\"@id\":\"http:\\\/\\\/unaymilletras.com\\\/#\\\/schema\\\/logo\\\/image\\\/\"},\"sameAs\":[\"https:\\\/\\\/x.com\\\/UnaYMilLetras\",\"https:\\\/\\\/instagram.com\\\/UnaYMilLetras\"]},{\"@type\":\"Person\",\"@id\":\"http:\\\/\\\/unaymilletras.com\\\/#\\\/schema\\\/person\\\/d55ba681b8a4e463d8982dbe36a5dc94\",\"name\":\"Maria Gil Robledo\",\"image\":{\"@type\":\"ImageObject\",\"inLanguage\":\"en-GB\",\"@id\":\"https:\\\/\\\/secure.gravatar.com\\\/avatar\\\/4b8e5102e0015789407eb4870b12f0f2857952d83ca124058f92b764bd1840c3?s=96&d=mm&r=g\",\"url\":\"https:\\\/\\\/secure.gravatar.com\\\/avatar\\\/4b8e5102e0015789407eb4870b12f0f2857952d83ca124058f92b764bd1840c3?s=96&d=mm&r=g\",\"contentUrl\":\"https:\\\/\\\/secure.gravatar.com\\\/avatar\\\/4b8e5102e0015789407eb4870b12f0f2857952d83ca124058f92b764bd1840c3?s=96&d=mm&r=g\",\"caption\":\"Maria Gil Robledo\"},\"sameAs\":[\"http:\\\/\\\/unaymilletras.com\"],\"url\":\"https:\\\/\\\/unaymilletras.com\\\/en\\\/author\\\/mariiagiil02_\\\/\"}]}<\/script>\n<!-- \/ Yoast SEO plugin. -->","yoast_head_json":{"title":"El doble disco de platino m\u00e1s pegadizo &#8902; Una y Mil Letras","robots":{"index":"index","follow":"follow","max-snippet":"max-snippet:-1","max-image-preview":"max-image-preview:large","max-video-preview":"max-video-preview:-1"},"canonical":"https:\/\/unaymilletras.com\/en\/el-doble-disco-de-platino-mas-pegadizo\/","og_locale":"en_GB","og_type":"article","og_title":"El doble disco de platino m\u00e1s pegadizo &#8902; Una y Mil Letras","og_description":"Una volta ancora, colaboraci\u00f3n entre Ana Mena y Fred de Palma. Fue lanzada al mercado musical el 17 de junio de 2019. Esta canci\u00f3n tuvo un gran \u00e9xito en Italia y actualmente cuenta con m\u00e1s de 139 millones de reproducciones en YouTube. Poco tiempo despu\u00e9s, el 30 de agosto de 2019, Se iluminaba ve\u00eda la [&hellip;]","og_url":"https:\/\/unaymilletras.com\/en\/el-doble-disco-de-platino-mas-pegadizo\/","og_site_name":"Una y Mil Letras","article_published_time":"2020-04-10T14:40:35+00:00","article_modified_time":"2023-05-06T14:07:56+00:00","og_image":[{"url":"http:\/\/unaymilletras.com\/wp-content\/uploads\/2020\/04\/2020-04-09.png?w=562","type":"","width":"","height":""}],"author":"Maria Gil Robledo","twitter_card":"summary_large_image","twitter_creator":"@UnaYMilLetras","twitter_site":"@UnaYMilLetras","twitter_misc":{"Written by":"Maria Gil Robledo","Estimated reading time":"3 minutes"},"schema":{"@context":"https:\/\/schema.org","@graph":[{"@type":"Article","@id":"https:\/\/unaymilletras.com\/el-doble-disco-de-platino-mas-pegadizo\/#article","isPartOf":{"@id":"https:\/\/unaymilletras.com\/el-doble-disco-de-platino-mas-pegadizo\/"},"author":{"name":"Maria Gil Robledo","@id":"http:\/\/unaymilletras.com\/#\/schema\/person\/d55ba681b8a4e463d8982dbe36a5dc94"},"headline":"El doble disco de platino m\u00e1s pegadizo","datePublished":"2020-04-10T14:40:35+00:00","dateModified":"2023-05-06T14:07:56+00:00","mainEntityOfPage":{"@id":"https:\/\/unaymilletras.com\/el-doble-disco-de-platino-mas-pegadizo\/"},"wordCount":570,"commentCount":0,"publisher":{"@id":"http:\/\/unaymilletras.com\/#organization"},"image":{"@id":"https:\/\/unaymilletras.com\/el-doble-disco-de-platino-mas-pegadizo\/#primaryimage"},"thumbnailUrl":"http:\/\/unaymilletras.com\/wp-content\/uploads\/2020\/04\/2020-04-09.png?w=562","articleSection":["M\u00fasica"],"inLanguage":"en-GB","potentialAction":[{"@type":"CommentAction","name":"Comment","target":["https:\/\/unaymilletras.com\/el-doble-disco-de-platino-mas-pegadizo\/#respond"]}]},{"@type":"WebPage","@id":"https:\/\/unaymilletras.com\/el-doble-disco-de-platino-mas-pegadizo\/","url":"https:\/\/unaymilletras.com\/el-doble-disco-de-platino-mas-pegadizo\/","name":"El doble disco de platino m\u00e1s pegadizo &#8902; Una y Mil Letras","isPartOf":{"@id":"http:\/\/unaymilletras.com\/#website"},"primaryImageOfPage":{"@id":"https:\/\/unaymilletras.com\/el-doble-disco-de-platino-mas-pegadizo\/#primaryimage"},"image":{"@id":"https:\/\/unaymilletras.com\/el-doble-disco-de-platino-mas-pegadizo\/#primaryimage"},"thumbnailUrl":"http:\/\/unaymilletras.com\/wp-content\/uploads\/2020\/04\/2020-04-09.png?w=562","datePublished":"2020-04-10T14:40:35+00:00","dateModified":"2023-05-06T14:07:56+00:00","breadcrumb":{"@id":"https:\/\/unaymilletras.com\/el-doble-disco-de-platino-mas-pegadizo\/#breadcrumb"},"inLanguage":"en-GB","potentialAction":[{"@type":"ReadAction","target":["https:\/\/unaymilletras.com\/el-doble-disco-de-platino-mas-pegadizo\/"]}]},{"@type":"ImageObject","inLanguage":"en-GB","@id":"https:\/\/unaymilletras.com\/el-doble-disco-de-platino-mas-pegadizo\/#primaryimage","url":"http:\/\/unaymilletras.com\/wp-content\/uploads\/2020\/04\/2020-04-09.png?w=562","contentUrl":"http:\/\/unaymilletras.com\/wp-content\/uploads\/2020\/04\/2020-04-09.png?w=562"},{"@type":"BreadcrumbList","@id":"https:\/\/unaymilletras.com\/el-doble-disco-de-platino-mas-pegadizo\/#breadcrumb","itemListElement":[{"@type":"ListItem","position":1,"name":"Home","item":"http:\/\/unaymilletras.com\/"},{"@type":"ListItem","position":2,"name":"El doble disco de platino m\u00e1s pegadizo"}]},{"@type":"WebSite","@id":"http:\/\/unaymilletras.com\/#website","url":"http:\/\/unaymilletras.com\/","name":"Una y Mil Letras","description":"","publisher":{"@id":"http:\/\/unaymilletras.com\/#organization"},"potentialAction":[{"@type":"SearchAction","target":{"@type":"EntryPoint","urlTemplate":"http:\/\/unaymilletras.com\/?s={search_term_string}"},"query-input":{"@type":"PropertyValueSpecification","valueRequired":true,"valueName":"search_term_string"}}],"inLanguage":"en-GB"},{"@type":"Organization","@id":"http:\/\/unaymilletras.com\/#organization","name":"Una y Mil Letras","url":"http:\/\/unaymilletras.com\/","logo":{"@type":"ImageObject","inLanguage":"en-GB","@id":"http:\/\/unaymilletras.com\/#\/schema\/logo\/image\/","url":"https:\/\/unaymilletras.com\/wp-content\/uploads\/2024\/06\/cropped-Logo-removebg-preview.png","contentUrl":"https:\/\/unaymilletras.com\/wp-content\/uploads\/2024\/06\/cropped-Logo-removebg-preview.png","width":512,"height":512,"caption":"Una y Mil Letras"},"image":{"@id":"http:\/\/unaymilletras.com\/#\/schema\/logo\/image\/"},"sameAs":["https:\/\/x.com\/UnaYMilLetras","https:\/\/instagram.com\/UnaYMilLetras"]},{"@type":"Person","@id":"http:\/\/unaymilletras.com\/#\/schema\/person\/d55ba681b8a4e463d8982dbe36a5dc94","name":"Maria Gil Robledo","image":{"@type":"ImageObject","inLanguage":"en-GB","@id":"https:\/\/secure.gravatar.com\/avatar\/4b8e5102e0015789407eb4870b12f0f2857952d83ca124058f92b764bd1840c3?s=96&d=mm&r=g","url":"https:\/\/secure.gravatar.com\/avatar\/4b8e5102e0015789407eb4870b12f0f2857952d83ca124058f92b764bd1840c3?s=96&d=mm&r=g","contentUrl":"https:\/\/secure.gravatar.com\/avatar\/4b8e5102e0015789407eb4870b12f0f2857952d83ca124058f92b764bd1840c3?s=96&d=mm&r=g","caption":"Maria Gil Robledo"},"sameAs":["http:\/\/unaymilletras.com"],"url":"https:\/\/unaymilletras.com\/en\/author\/mariiagiil02_\/"}]}},"_links":{"self":[{"href":"https:\/\/unaymilletras.com\/en\/wp-json\/wp\/v2\/posts\/49","targetHints":{"allow":["GET"]}}],"collection":[{"href":"https:\/\/unaymilletras.com\/en\/wp-json\/wp\/v2\/posts"}],"about":[{"href":"https:\/\/unaymilletras.com\/en\/wp-json\/wp\/v2\/types\/post"}],"author":[{"embeddable":true,"href":"https:\/\/unaymilletras.com\/en\/wp-json\/wp\/v2\/users\/1"}],"replies":[{"embeddable":true,"href":"https:\/\/unaymilletras.com\/en\/wp-json\/wp\/v2\/comments?post=49"}],"version-history":[{"count":1,"href":"https:\/\/unaymilletras.com\/en\/wp-json\/wp\/v2\/posts\/49\/revisions"}],"predecessor-version":[{"id":547,"href":"https:\/\/unaymilletras.com\/en\/wp-json\/wp\/v2\/posts\/49\/revisions\/547"}],"wp:attachment":[{"href":"https:\/\/unaymilletras.com\/en\/wp-json\/wp\/v2\/media?parent=49"}],"wp:term":[{"taxonomy":"category","embeddable":true,"href":"https:\/\/unaymilletras.com\/en\/wp-json\/wp\/v2\/categories?post=49"},{"taxonomy":"post_tag","embeddable":true,"href":"https:\/\/unaymilletras.com\/en\/wp-json\/wp\/v2\/tags?post=49"}],"curies":[{"name":"wp","href":"https:\/\/api.w.org\/{rel}","templated":true}]}}