{"id":4904,"date":"2025-05-29T22:46:44","date_gmt":"2025-05-29T20:46:44","guid":{"rendered":"https:\/\/unaymilletras.com\/?p=4904"},"modified":"2025-05-30T10:44:15","modified_gmt":"2025-05-30T08:44:15","slug":"lali-conquista-velez-con-un-show-historico-ante-90-000-personas","status":"publish","type":"post","link":"https:\/\/unaymilletras.com\/en\/lali-conquista-velez-con-un-show-historico-ante-90-000-personas\/","title":{"rendered":"Lali conquista V\u00e9lez con un show hist\u00f3rico ante 90.000 personas"},"content":{"rendered":"<div data-elementor-type=\"wp-post\" data-elementor-id=\"4904\" class=\"elementor elementor-4904\">\n\t\t\t\t\t\t<section class=\"elementor-section elementor-top-section elementor-element elementor-element-0eea953 elementor-section-boxed elementor-section-height-default elementor-section-height-default\" data-id=\"0eea953\" data-element_type=\"section\" data-e-type=\"section\">\n\t\t\t\t\t\t<div class=\"elementor-container elementor-column-gap-default\">\n\t\t\t\t\t<div class=\"elementor-column elementor-col-100 elementor-top-column elementor-element elementor-element-563424d\" data-id=\"563424d\" data-element_type=\"column\" data-e-type=\"column\">\n\t\t\t<div class=\"elementor-widget-wrap elementor-element-populated\">\n\t\t\t\t\t\t<div class=\"elementor-element elementor-element-8c06c9f elementor-widget elementor-widget-text-editor\" data-id=\"8c06c9f\" data-element_type=\"widget\" data-e-type=\"widget\" data-widget_type=\"text-editor.default\">\n\t\t\t\t<div class=\"elementor-widget-container\">\n\t\t\t\t\t\t\t\t\t<h3><span style=\"color: #808080;\"><b>La artista Lali present\u00f3 su nuevo \u00e1lbum con un espect\u00e1culo de escala internacional<\/b><\/span><\/h3>\t\t\t\t\t\t\t\t<\/div>\n\t\t\t\t<\/div>\n\t\t\t\t\t<\/div>\n\t\t<\/div>\n\t\t\t\t\t<\/div>\n\t\t<\/section>\n\t\t\t\t<section class=\"elementor-section elementor-top-section elementor-element elementor-element-5b6d95d elementor-section-boxed elementor-section-height-default elementor-section-height-default\" data-id=\"5b6d95d\" data-element_type=\"section\" data-e-type=\"section\">\n\t\t\t\t\t\t<div class=\"elementor-container elementor-column-gap-default\">\n\t\t\t\t\t<div class=\"elementor-column elementor-col-100 elementor-top-column elementor-element elementor-element-e72f8a7\" data-id=\"e72f8a7\" data-element_type=\"column\" data-e-type=\"column\">\n\t\t\t<div class=\"elementor-widget-wrap elementor-element-populated\">\n\t\t\t\t\t\t<div class=\"elementor-element elementor-element-5f26402 elementor-widget elementor-widget-text-editor\" data-id=\"5f26402\" data-element_type=\"widget\" data-e-type=\"widget\" data-widget_type=\"text-editor.default\">\n\t\t\t\t<div class=\"elementor-widget-container\">\n\t\t\t\t\t\t\t\t\t<p><span style=\"font-weight: 400;\">La referente indiscutida del pop argentino volvi\u00f3 a hacer historia. Lali brill\u00f3 ante m\u00e1s de 90.000 personas en dos funciones agotadas en el estadio V\u00e9lez Sarsfield, con un show monumental que fusion\u00f3 potencia vocal, despliegue esc\u00e9nico y un mensaje de identidad cultural. Su m\u00e1s reciente \u00e1lbum, <\/span><span style=\"color: #808080;\"><a style=\"color: #808080;\" href=\"https:\/\/open.spotify.com\/intl-es\/album\/56BPpEYgadIVVXYLabO5Je?si=oGYQ2nCQR3qYRAbdp1M_LQ\"><i><span style=\"font-weight: 400;\">No vayas a atender cuando el demonio llama<\/span><\/i><\/a><\/span><span style=\"font-weight: 400;\">, fue el eje de un espect\u00e1culo que marc\u00f3 un punto de inflexi\u00f3n en su carrera.<\/span><\/p>\t\t\t\t\t\t\t\t<\/div>\n\t\t\t\t<\/div>\n\t\t\t\t<div class=\"elementor-element elementor-element-30d3846 elementor-widget elementor-widget-image\" data-id=\"30d3846\" data-element_type=\"widget\" data-e-type=\"widget\" data-widget_type=\"image.default\">\n\t\t\t\t<div class=\"elementor-widget-container\">\n\t\t\t\t\t\t\t\t\t\t\t\t\t\t\t<img fetchpriority=\"high\" decoding=\"async\" width=\"640\" height=\"427\" src=\"https:\/\/unaymilletras.com\/wp-content\/uploads\/2025\/05\/lali.velez_.1.mazza-08355-1024x683.jpeg\" class=\"attachment-large size-large wp-image-4908\" alt=\"lali\" srcset=\"https:\/\/unaymilletras.com\/wp-content\/uploads\/2025\/05\/lali.velez_.1.mazza-08355-1024x683.jpeg 1024w, https:\/\/unaymilletras.com\/wp-content\/uploads\/2025\/05\/lali.velez_.1.mazza-08355-300x200.jpeg 300w, https:\/\/unaymilletras.com\/wp-content\/uploads\/2025\/05\/lali.velez_.1.mazza-08355-768x512.jpeg 768w, https:\/\/unaymilletras.com\/wp-content\/uploads\/2025\/05\/lali.velez_.1.mazza-08355-1536x1024.jpeg 1536w, https:\/\/unaymilletras.com\/wp-content\/uploads\/2025\/05\/lali.velez_.1.mazza-08355-2048x1366.jpeg 2048w, https:\/\/unaymilletras.com\/wp-content\/uploads\/2025\/05\/lali.velez_.1.mazza-08355-18x12.jpeg 18w, https:\/\/unaymilletras.com\/wp-content\/uploads\/2025\/05\/lali.velez_.1.mazza-08355-scaled-e1748521366148.jpeg 600w\" sizes=\"(max-width: 640px) 100vw, 640px\" \/>\t\t\t\t\t\t\t\t\t\t\t\t\t\t\t<\/div>\n\t\t\t\t<\/div>\n\t\t\t\t<div class=\"elementor-element elementor-element-fed87a1 elementor-widget elementor-widget-text-editor\" data-id=\"fed87a1\" data-element_type=\"widget\" data-e-type=\"widget\" data-widget_type=\"text-editor.default\">\n\t\t\t\t<div class=\"elementor-widget-container\">\n\t\t\t\t\t\t\t\t\t<p><span style=\"font-weight: 400;\">Desde el primer acorde hasta el \u00faltimo aplauso, Lali ofreci\u00f3 una <strong>experiencia arrolladora.<\/strong> Acompa\u00f1ada por 31 artistas en escena (incluyendo m\u00fasicos, bailarines, performers drag y artistas invitados) la cantante despleg\u00f3 un repertorio en\u00e9rgico y emocional, combinando los temas de su nuevo disco con reversiones <strong>memorables<\/strong> de sus cl\u00e1sicos.<\/span><\/p><p><span style=\"font-weight: 400;\">El escenario fue un universo propio. La direcci\u00f3n general de Lautaro Esp\u00f3sito y la direcci\u00f3n musical de Juan Gim\u00e9nez Kuj <strong>transformaron<\/strong> el estadio en un espect\u00e1culo inmersivo, con pantallas gigantes, efectos de \u00faltima generaci\u00f3n y un dise\u00f1o escenogr\u00e1fico impactante a cargo de Sergio Lacroix.<\/span><\/p><p><span style=\"font-weight: 400;\">Desde el inicio con \u201cLOKURA\u201d, \u201cSEXY\u201d y \u201c2 Son 3\u201d, Lali mantuvo una intensidad demoledora. Entre momentos de <strong>euforia colectiva<\/strong>, como el pogo masivo durante \u201cFAN\u00c1TICO\u201d, y otros profundamente emotivos como la interpretaci\u00f3n ac\u00fastica de \u201cNO HAY H\u00c9ROES\u201d, la artista sostuvo una narrativa que conmovi\u00f3 y empoder\u00f3 a su audiencia.<\/span><\/p>\t\t\t\t\t\t\t\t<\/div>\n\t\t\t\t<\/div>\n\t\t\t\t<div class=\"elementor-element elementor-element-ba0071a elementor-widget elementor-widget-image\" data-id=\"ba0071a\" data-element_type=\"widget\" data-e-type=\"widget\" data-widget_type=\"image.default\">\n\t\t\t\t<div class=\"elementor-widget-container\">\n\t\t\t\t\t\t\t\t\t\t\t\t\t\t\t<img decoding=\"async\" width=\"640\" height=\"427\" src=\"https:\/\/unaymilletras.com\/wp-content\/uploads\/2025\/05\/lali.velez_.1.mazza-07474-1024x683.jpg\" class=\"attachment-large size-large wp-image-4909\" alt=\"\" srcset=\"https:\/\/unaymilletras.com\/wp-content\/uploads\/2025\/05\/lali.velez_.1.mazza-07474-1024x683.jpg 1024w, https:\/\/unaymilletras.com\/wp-content\/uploads\/2025\/05\/lali.velez_.1.mazza-07474-300x200.jpg 300w, https:\/\/unaymilletras.com\/wp-content\/uploads\/2025\/05\/lali.velez_.1.mazza-07474-768x512.jpg 768w, https:\/\/unaymilletras.com\/wp-content\/uploads\/2025\/05\/lali.velez_.1.mazza-07474-1536x1024.jpg 1536w, https:\/\/unaymilletras.com\/wp-content\/uploads\/2025\/05\/lali.velez_.1.mazza-07474-2048x1366.jpg 2048w, https:\/\/unaymilletras.com\/wp-content\/uploads\/2025\/05\/lali.velez_.1.mazza-07474-18x12.jpg 18w, https:\/\/unaymilletras.com\/wp-content\/uploads\/2025\/05\/lali.velez_.1.mazza-07474-scaled-e1748521484406.jpg 600w\" sizes=\"(max-width: 640px) 100vw, 640px\" \/>\t\t\t\t\t\t\t\t\t\t\t\t\t\t\t<\/div>\n\t\t\t\t<\/div>\n\t\t\t\t<div class=\"elementor-element elementor-element-e6cd026 elementor-widget elementor-widget-text-editor\" data-id=\"e6cd026\" data-element_type=\"widget\" data-e-type=\"widget\" data-widget_type=\"text-editor.default\">\n\t\t\t\t<div class=\"elementor-widget-container\">\n\t\t\t\t\t\t\t\t\t<p><span style=\"font-weight: 400;\">Las colaboraciones aportaron frescura y sorpresa al show. Dillom encendi\u00f3 el estadio con <em>33<\/em>; Taichu sum\u00f3 su energ\u00eda urbana a <em>S.O.S<\/em>.; Miranda! desat\u00f3 el baile en <em>MEJOR QUE VOS<\/em>; Joaqu\u00edn Levinton trajo el rock con <em>Loco Un Poco<\/em>; y Moria Cas\u00e1n, con su ic\u00f3nica aparici\u00f3n, celebr\u00f3 a Lali como \u201cla gladiadora del pop\u201d.<\/span><\/p><p><span style=\"font-weight: 400;\">Uno de los momentos <strong>m\u00e1s impactantes<\/strong> fue la interpretaci\u00f3n del Himno Nacional Argentino, que precedi\u00f3 al cierre con <em>NO ME IMPORTA<\/em>. El estadio entero se ilumin\u00f3 con los celulares del p\u00fablico, creando una escena de comuni\u00f3n y emoci\u00f3n <strong>dif\u00edcil de olvidar.<\/strong><\/span><\/p><p><span style=\"font-weight: 400;\">Lali no solo cant\u00f3: <strong>habl\u00f3 con su gente.<\/strong> Agradeci\u00f3 el esfuerzo de quienes viajaron y pagaron su entrada, y celebr\u00f3 con orgullo la identidad cultural local:<\/span><\/p>\t\t\t\t\t\t\t\t<\/div>\n\t\t\t\t<\/div>\n\t\t\t\t<div class=\"elementor-element elementor-element-6365488 elementor-widget elementor-widget-text-editor\" data-id=\"6365488\" data-element_type=\"widget\" data-e-type=\"widget\" data-widget_type=\"text-editor.default\">\n\t\t\t\t<div class=\"elementor-widget-container\">\n\t\t\t\t\t\t\t\t\t<h4 style=\"text-align: center\"><span style=\"color: #808080\"><i><span style=\"font-weight: 400\">\u00abEn Argentina estas cosas pasan porque tenemos unos huevos enormes y porque tenemos el mejor p\u00fablico del mundo. Gracias por regalarme esta noche incre\u00edble, me la llevo para siempre en el coraz\u00f3n.\u00bb<\/span><\/i><\/span><\/h4>\t\t\t\t\t\t\t\t<\/div>\n\t\t\t\t<\/div>\n\t\t\t\t<div class=\"elementor-element elementor-element-90e993f elementor-widget elementor-widget-text-editor\" data-id=\"90e993f\" data-element_type=\"widget\" data-e-type=\"widget\" data-widget_type=\"text-editor.default\">\n\t\t\t\t<div class=\"elementor-widget-container\">\n\t\t\t\t\t\t\t\t\t<p><span style=\"font-weight: 400\">Con una tercera fecha confirmada para el <\/span><b>6 de septiembre en V\u00e9lez<\/b><span style=\"font-weight: 400\">, y una gira en marcha por Argentina, Uruguay y Espa\u00f1a, Lali consolida su lugar como una figura clave del pop latinoamericano. Su propuesta art\u00edstica, desafiante y emocional, sigue creciendo con cada paso, arrastrando multitudes que no solo la siguen, sino que forman parte de su camino.<\/span><\/p>\t\t\t\t\t\t\t\t<\/div>\n\t\t\t\t<\/div>\n\t\t\t\t\t<\/div>\n\t\t<\/div>\n\t\t\t\t\t<\/div>\n\t\t<\/section>\n\t\t\t\t<\/div>","protected":false},"excerpt":{"rendered":"<p>La artista Lali present\u00f3 su nuevo \u00e1lbum con un espect\u00e1culo de escala internacional La referente indiscutida del pop argentino volvi\u00f3 a hacer historia. Lali brill\u00f3 ante m\u00e1s de 90.000 personas en dos funciones agotadas en el estadio V\u00e9lez Sarsfield, con un show monumental que fusion\u00f3 potencia vocal, despliegue esc\u00e9nico y un mensaje de identidad cultural. [&hellip;]<\/p>\n","protected":false},"author":8,"featured_media":4906,"comment_status":"closed","ping_status":"closed","sticky":false,"template":"","format":"standard","meta":{"footnotes":""},"categories":[4],"tags":[],"class_list":["post-4904","post","type-post","status-publish","format-standard","has-post-thumbnail","hentry","category-musica"],"yoast_head":"<!-- This site is optimized with the Yoast SEO plugin v27.4 - https:\/\/yoast.com\/product\/yoast-seo-wordpress\/ -->\n<title>Lali conquista V\u00e9lez con un show hist\u00f3rico ante 90.000 personas &#8902; Una y Mil Letras<\/title>\n<meta name=\"description\" content=\"Lali conquista V\u00e9lez con un show hist\u00f3rico ante 90.000 personas, present\u00f3 su nuevo \u00e1lbum con un espect\u00e1culo de escala internacional\" \/>\n<meta name=\"robots\" content=\"index, follow, max-snippet:-1, max-image-preview:large, max-video-preview:-1\" \/>\n<link rel=\"canonical\" href=\"https:\/\/unaymilletras.com\/en\/lali-conquista-velez-con-un-show-historico-ante-90-000-personas\/\" \/>\n<meta property=\"og:locale\" content=\"en_GB\" \/>\n<meta property=\"og:type\" content=\"article\" \/>\n<meta property=\"og:title\" content=\"Lali conquista V\u00e9lez con un show hist\u00f3rico ante 90.000 personas &#8902; Una y Mil Letras\" \/>\n<meta property=\"og:description\" content=\"Lali conquista V\u00e9lez con un show hist\u00f3rico ante 90.000 personas, present\u00f3 su nuevo \u00e1lbum con un espect\u00e1culo de escala internacional\" \/>\n<meta property=\"og:url\" content=\"https:\/\/unaymilletras.com\/en\/lali-conquista-velez-con-un-show-historico-ante-90-000-personas\/\" \/>\n<meta property=\"og:site_name\" content=\"Una y Mil Letras\" \/>\n<meta property=\"article:published_time\" content=\"2025-05-29T20:46:44+00:00\" \/>\n<meta property=\"article:modified_time\" content=\"2025-05-30T08:44:15+00:00\" \/>\n<meta property=\"og:image\" content=\"http:\/\/unaymilletras.com\/wp-content\/uploads\/2025\/05\/lali.velez_.1.mazza-09104-scaled-e1748521177567.jpeg\" \/>\n\t<meta property=\"og:image:width\" content=\"600\" \/>\n\t<meta property=\"og:image:height\" content=\"900\" \/>\n\t<meta property=\"og:image:type\" content=\"image\/jpeg\" \/>\n<meta name=\"author\" content=\"Alvany Pereira\" \/>\n<meta name=\"twitter:card\" content=\"summary_large_image\" \/>\n<meta name=\"twitter:creator\" content=\"@UnaYMilLetras\" \/>\n<meta name=\"twitter:site\" content=\"@UnaYMilLetras\" \/>\n<meta name=\"twitter:label1\" content=\"Written by\" \/>\n\t<meta name=\"twitter:data1\" content=\"Alvany Pereira\" \/>\n\t<meta name=\"twitter:label2\" content=\"Estimated reading time\" \/>\n\t<meta name=\"twitter:data2\" content=\"3 minutes\" \/>\n<script type=\"application\/ld+json\" class=\"yoast-schema-graph\">{\"@context\":\"https:\\\/\\\/schema.org\",\"@graph\":[{\"@type\":\"Article\",\"@id\":\"https:\\\/\\\/unaymilletras.com\\\/lali-conquista-velez-con-un-show-historico-ante-90-000-personas\\\/#article\",\"isPartOf\":{\"@id\":\"https:\\\/\\\/unaymilletras.com\\\/lali-conquista-velez-con-un-show-historico-ante-90-000-personas\\\/\"},\"author\":{\"name\":\"Alvany Pereira\",\"@id\":\"http:\\\/\\\/unaymilletras.com\\\/#\\\/schema\\\/person\\\/f9792b0b93704f9d3f6cef46c2048d7d\"},\"headline\":\"Lali conquista V\u00e9lez con un show hist\u00f3rico ante 90.000 personas\",\"datePublished\":\"2025-05-29T20:46:44+00:00\",\"dateModified\":\"2025-05-30T08:44:15+00:00\",\"mainEntityOfPage\":{\"@id\":\"https:\\\/\\\/unaymilletras.com\\\/lali-conquista-velez-con-un-show-historico-ante-90-000-personas\\\/\"},\"wordCount\":481,\"publisher\":{\"@id\":\"http:\\\/\\\/unaymilletras.com\\\/#organization\"},\"image\":{\"@id\":\"https:\\\/\\\/unaymilletras.com\\\/lali-conquista-velez-con-un-show-historico-ante-90-000-personas\\\/#primaryimage\"},\"thumbnailUrl\":\"https:\\\/\\\/unaymilletras.com\\\/wp-content\\\/uploads\\\/2025\\\/05\\\/lali.velez_.1.mazza-09104-scaled-e1748521177567.jpeg\",\"articleSection\":[\"M\u00fasica\"],\"inLanguage\":\"en-GB\"},{\"@type\":\"WebPage\",\"@id\":\"https:\\\/\\\/unaymilletras.com\\\/lali-conquista-velez-con-un-show-historico-ante-90-000-personas\\\/\",\"url\":\"https:\\\/\\\/unaymilletras.com\\\/lali-conquista-velez-con-un-show-historico-ante-90-000-personas\\\/\",\"name\":\"Lali conquista V\u00e9lez con un show hist\u00f3rico ante 90.000 personas &#8902; Una y Mil Letras\",\"isPartOf\":{\"@id\":\"http:\\\/\\\/unaymilletras.com\\\/#website\"},\"primaryImageOfPage\":{\"@id\":\"https:\\\/\\\/unaymilletras.com\\\/lali-conquista-velez-con-un-show-historico-ante-90-000-personas\\\/#primaryimage\"},\"image\":{\"@id\":\"https:\\\/\\\/unaymilletras.com\\\/lali-conquista-velez-con-un-show-historico-ante-90-000-personas\\\/#primaryimage\"},\"thumbnailUrl\":\"https:\\\/\\\/unaymilletras.com\\\/wp-content\\\/uploads\\\/2025\\\/05\\\/lali.velez_.1.mazza-09104-scaled-e1748521177567.jpeg\",\"datePublished\":\"2025-05-29T20:46:44+00:00\",\"dateModified\":\"2025-05-30T08:44:15+00:00\",\"description\":\"Lali conquista V\u00e9lez con un show hist\u00f3rico ante 90.000 personas, present\u00f3 su nuevo \u00e1lbum con un espect\u00e1culo de escala internacional\",\"breadcrumb\":{\"@id\":\"https:\\\/\\\/unaymilletras.com\\\/lali-conquista-velez-con-un-show-historico-ante-90-000-personas\\\/#breadcrumb\"},\"inLanguage\":\"en-GB\",\"potentialAction\":[{\"@type\":\"ReadAction\",\"target\":[\"https:\\\/\\\/unaymilletras.com\\\/lali-conquista-velez-con-un-show-historico-ante-90-000-personas\\\/\"]}]},{\"@type\":\"ImageObject\",\"inLanguage\":\"en-GB\",\"@id\":\"https:\\\/\\\/unaymilletras.com\\\/lali-conquista-velez-con-un-show-historico-ante-90-000-personas\\\/#primaryimage\",\"url\":\"https:\\\/\\\/unaymilletras.com\\\/wp-content\\\/uploads\\\/2025\\\/05\\\/lali.velez_.1.mazza-09104-scaled-e1748521177567.jpeg\",\"contentUrl\":\"https:\\\/\\\/unaymilletras.com\\\/wp-content\\\/uploads\\\/2025\\\/05\\\/lali.velez_.1.mazza-09104-scaled-e1748521177567.jpeg\",\"width\":600,\"height\":900,\"caption\":\"lali\"},{\"@type\":\"BreadcrumbList\",\"@id\":\"https:\\\/\\\/unaymilletras.com\\\/lali-conquista-velez-con-un-show-historico-ante-90-000-personas\\\/#breadcrumb\",\"itemListElement\":[{\"@type\":\"ListItem\",\"position\":1,\"name\":\"Home\",\"item\":\"http:\\\/\\\/unaymilletras.com\\\/\"},{\"@type\":\"ListItem\",\"position\":2,\"name\":\"Lali conquista V\u00e9lez con un show hist\u00f3rico ante 90.000 personas\"}]},{\"@type\":\"WebSite\",\"@id\":\"http:\\\/\\\/unaymilletras.com\\\/#website\",\"url\":\"http:\\\/\\\/unaymilletras.com\\\/\",\"name\":\"Una y Mil Letras\",\"description\":\"\",\"publisher\":{\"@id\":\"http:\\\/\\\/unaymilletras.com\\\/#organization\"},\"potentialAction\":[{\"@type\":\"SearchAction\",\"target\":{\"@type\":\"EntryPoint\",\"urlTemplate\":\"http:\\\/\\\/unaymilletras.com\\\/?s={search_term_string}\"},\"query-input\":{\"@type\":\"PropertyValueSpecification\",\"valueRequired\":true,\"valueName\":\"search_term_string\"}}],\"inLanguage\":\"en-GB\"},{\"@type\":\"Organization\",\"@id\":\"http:\\\/\\\/unaymilletras.com\\\/#organization\",\"name\":\"Una y Mil Letras\",\"url\":\"http:\\\/\\\/unaymilletras.com\\\/\",\"logo\":{\"@type\":\"ImageObject\",\"inLanguage\":\"en-GB\",\"@id\":\"http:\\\/\\\/unaymilletras.com\\\/#\\\/schema\\\/logo\\\/image\\\/\",\"url\":\"https:\\\/\\\/unaymilletras.com\\\/wp-content\\\/uploads\\\/2024\\\/06\\\/cropped-Logo-removebg-preview.png\",\"contentUrl\":\"https:\\\/\\\/unaymilletras.com\\\/wp-content\\\/uploads\\\/2024\\\/06\\\/cropped-Logo-removebg-preview.png\",\"width\":512,\"height\":512,\"caption\":\"Una y Mil Letras\"},\"image\":{\"@id\":\"http:\\\/\\\/unaymilletras.com\\\/#\\\/schema\\\/logo\\\/image\\\/\"},\"sameAs\":[\"https:\\\/\\\/x.com\\\/UnaYMilLetras\",\"https:\\\/\\\/instagram.com\\\/UnaYMilLetras\"]},{\"@type\":\"Person\",\"@id\":\"http:\\\/\\\/unaymilletras.com\\\/#\\\/schema\\\/person\\\/f9792b0b93704f9d3f6cef46c2048d7d\",\"name\":\"Alvany Pereira\",\"image\":{\"@type\":\"ImageObject\",\"inLanguage\":\"en-GB\",\"@id\":\"https:\\\/\\\/secure.gravatar.com\\\/avatar\\\/1a5fbcc81714220624d70f391a6187cd1434ccfcb154238afd238d6b8bb7f593?s=96&d=mm&r=g\",\"url\":\"https:\\\/\\\/secure.gravatar.com\\\/avatar\\\/1a5fbcc81714220624d70f391a6187cd1434ccfcb154238afd238d6b8bb7f593?s=96&d=mm&r=g\",\"contentUrl\":\"https:\\\/\\\/secure.gravatar.com\\\/avatar\\\/1a5fbcc81714220624d70f391a6187cd1434ccfcb154238afd238d6b8bb7f593?s=96&d=mm&r=g\",\"caption\":\"Alvany Pereira\"},\"url\":\"https:\\\/\\\/unaymilletras.com\\\/en\\\/author\\\/alvanysophia\\\/\"}]}<\/script>\n<!-- \/ Yoast SEO plugin. -->","yoast_head_json":{"title":"Lali conquista V\u00e9lez con un show hist\u00f3rico ante 90.000 personas &#8902; Una y Mil Letras","description":"Lali conquista V\u00e9lez con un show hist\u00f3rico ante 90.000 personas, present\u00f3 su nuevo \u00e1lbum con un espect\u00e1culo de escala internacional","robots":{"index":"index","follow":"follow","max-snippet":"max-snippet:-1","max-image-preview":"max-image-preview:large","max-video-preview":"max-video-preview:-1"},"canonical":"https:\/\/unaymilletras.com\/en\/lali-conquista-velez-con-un-show-historico-ante-90-000-personas\/","og_locale":"en_GB","og_type":"article","og_title":"Lali conquista V\u00e9lez con un show hist\u00f3rico ante 90.000 personas &#8902; Una y Mil Letras","og_description":"Lali conquista V\u00e9lez con un show hist\u00f3rico ante 90.000 personas, present\u00f3 su nuevo \u00e1lbum con un espect\u00e1culo de escala internacional","og_url":"https:\/\/unaymilletras.com\/en\/lali-conquista-velez-con-un-show-historico-ante-90-000-personas\/","og_site_name":"Una y Mil Letras","article_published_time":"2025-05-29T20:46:44+00:00","article_modified_time":"2025-05-30T08:44:15+00:00","og_image":[{"width":600,"height":900,"url":"http:\/\/unaymilletras.com\/wp-content\/uploads\/2025\/05\/lali.velez_.1.mazza-09104-scaled-e1748521177567.jpeg","type":"image\/jpeg"}],"author":"Alvany Pereira","twitter_card":"summary_large_image","twitter_creator":"@UnaYMilLetras","twitter_site":"@UnaYMilLetras","twitter_misc":{"Written by":"Alvany Pereira","Estimated reading time":"3 minutes"},"schema":{"@context":"https:\/\/schema.org","@graph":[{"@type":"Article","@id":"https:\/\/unaymilletras.com\/lali-conquista-velez-con-un-show-historico-ante-90-000-personas\/#article","isPartOf":{"@id":"https:\/\/unaymilletras.com\/lali-conquista-velez-con-un-show-historico-ante-90-000-personas\/"},"author":{"name":"Alvany Pereira","@id":"http:\/\/unaymilletras.com\/#\/schema\/person\/f9792b0b93704f9d3f6cef46c2048d7d"},"headline":"Lali conquista V\u00e9lez con un show hist\u00f3rico ante 90.000 personas","datePublished":"2025-05-29T20:46:44+00:00","dateModified":"2025-05-30T08:44:15+00:00","mainEntityOfPage":{"@id":"https:\/\/unaymilletras.com\/lali-conquista-velez-con-un-show-historico-ante-90-000-personas\/"},"wordCount":481,"publisher":{"@id":"http:\/\/unaymilletras.com\/#organization"},"image":{"@id":"https:\/\/unaymilletras.com\/lali-conquista-velez-con-un-show-historico-ante-90-000-personas\/#primaryimage"},"thumbnailUrl":"https:\/\/unaymilletras.com\/wp-content\/uploads\/2025\/05\/lali.velez_.1.mazza-09104-scaled-e1748521177567.jpeg","articleSection":["M\u00fasica"],"inLanguage":"en-GB"},{"@type":"WebPage","@id":"https:\/\/unaymilletras.com\/lali-conquista-velez-con-un-show-historico-ante-90-000-personas\/","url":"https:\/\/unaymilletras.com\/lali-conquista-velez-con-un-show-historico-ante-90-000-personas\/","name":"Lali conquista V\u00e9lez con un show hist\u00f3rico ante 90.000 personas &#8902; Una y Mil Letras","isPartOf":{"@id":"http:\/\/unaymilletras.com\/#website"},"primaryImageOfPage":{"@id":"https:\/\/unaymilletras.com\/lali-conquista-velez-con-un-show-historico-ante-90-000-personas\/#primaryimage"},"image":{"@id":"https:\/\/unaymilletras.com\/lali-conquista-velez-con-un-show-historico-ante-90-000-personas\/#primaryimage"},"thumbnailUrl":"https:\/\/unaymilletras.com\/wp-content\/uploads\/2025\/05\/lali.velez_.1.mazza-09104-scaled-e1748521177567.jpeg","datePublished":"2025-05-29T20:46:44+00:00","dateModified":"2025-05-30T08:44:15+00:00","description":"Lali conquista V\u00e9lez con un show hist\u00f3rico ante 90.000 personas, present\u00f3 su nuevo \u00e1lbum con un espect\u00e1culo de escala internacional","breadcrumb":{"@id":"https:\/\/unaymilletras.com\/lali-conquista-velez-con-un-show-historico-ante-90-000-personas\/#breadcrumb"},"inLanguage":"en-GB","potentialAction":[{"@type":"ReadAction","target":["https:\/\/unaymilletras.com\/lali-conquista-velez-con-un-show-historico-ante-90-000-personas\/"]}]},{"@type":"ImageObject","inLanguage":"en-GB","@id":"https:\/\/unaymilletras.com\/lali-conquista-velez-con-un-show-historico-ante-90-000-personas\/#primaryimage","url":"https:\/\/unaymilletras.com\/wp-content\/uploads\/2025\/05\/lali.velez_.1.mazza-09104-scaled-e1748521177567.jpeg","contentUrl":"https:\/\/unaymilletras.com\/wp-content\/uploads\/2025\/05\/lali.velez_.1.mazza-09104-scaled-e1748521177567.jpeg","width":600,"height":900,"caption":"lali"},{"@type":"BreadcrumbList","@id":"https:\/\/unaymilletras.com\/lali-conquista-velez-con-un-show-historico-ante-90-000-personas\/#breadcrumb","itemListElement":[{"@type":"ListItem","position":1,"name":"Home","item":"http:\/\/unaymilletras.com\/"},{"@type":"ListItem","position":2,"name":"Lali conquista V\u00e9lez con un show hist\u00f3rico ante 90.000 personas"}]},{"@type":"WebSite","@id":"http:\/\/unaymilletras.com\/#website","url":"http:\/\/unaymilletras.com\/","name":"Una y Mil Letras","description":"","publisher":{"@id":"http:\/\/unaymilletras.com\/#organization"},"potentialAction":[{"@type":"SearchAction","target":{"@type":"EntryPoint","urlTemplate":"http:\/\/unaymilletras.com\/?s={search_term_string}"},"query-input":{"@type":"PropertyValueSpecification","valueRequired":true,"valueName":"search_term_string"}}],"inLanguage":"en-GB"},{"@type":"Organization","@id":"http:\/\/unaymilletras.com\/#organization","name":"Una y Mil Letras","url":"http:\/\/unaymilletras.com\/","logo":{"@type":"ImageObject","inLanguage":"en-GB","@id":"http:\/\/unaymilletras.com\/#\/schema\/logo\/image\/","url":"https:\/\/unaymilletras.com\/wp-content\/uploads\/2024\/06\/cropped-Logo-removebg-preview.png","contentUrl":"https:\/\/unaymilletras.com\/wp-content\/uploads\/2024\/06\/cropped-Logo-removebg-preview.png","width":512,"height":512,"caption":"Una y Mil Letras"},"image":{"@id":"http:\/\/unaymilletras.com\/#\/schema\/logo\/image\/"},"sameAs":["https:\/\/x.com\/UnaYMilLetras","https:\/\/instagram.com\/UnaYMilLetras"]},{"@type":"Person","@id":"http:\/\/unaymilletras.com\/#\/schema\/person\/f9792b0b93704f9d3f6cef46c2048d7d","name":"Alvany Pereira","image":{"@type":"ImageObject","inLanguage":"en-GB","@id":"https:\/\/secure.gravatar.com\/avatar\/1a5fbcc81714220624d70f391a6187cd1434ccfcb154238afd238d6b8bb7f593?s=96&d=mm&r=g","url":"https:\/\/secure.gravatar.com\/avatar\/1a5fbcc81714220624d70f391a6187cd1434ccfcb154238afd238d6b8bb7f593?s=96&d=mm&r=g","contentUrl":"https:\/\/secure.gravatar.com\/avatar\/1a5fbcc81714220624d70f391a6187cd1434ccfcb154238afd238d6b8bb7f593?s=96&d=mm&r=g","caption":"Alvany Pereira"},"url":"https:\/\/unaymilletras.com\/en\/author\/alvanysophia\/"}]}},"_links":{"self":[{"href":"https:\/\/unaymilletras.com\/en\/wp-json\/wp\/v2\/posts\/4904","targetHints":{"allow":["GET"]}}],"collection":[{"href":"https:\/\/unaymilletras.com\/en\/wp-json\/wp\/v2\/posts"}],"about":[{"href":"https:\/\/unaymilletras.com\/en\/wp-json\/wp\/v2\/types\/post"}],"author":[{"embeddable":true,"href":"https:\/\/unaymilletras.com\/en\/wp-json\/wp\/v2\/users\/8"}],"replies":[{"embeddable":true,"href":"https:\/\/unaymilletras.com\/en\/wp-json\/wp\/v2\/comments?post=4904"}],"version-history":[{"count":11,"href":"https:\/\/unaymilletras.com\/en\/wp-json\/wp\/v2\/posts\/4904\/revisions"}],"predecessor-version":[{"id":4919,"href":"https:\/\/unaymilletras.com\/en\/wp-json\/wp\/v2\/posts\/4904\/revisions\/4919"}],"wp:featuredmedia":[{"embeddable":true,"href":"https:\/\/unaymilletras.com\/en\/wp-json\/wp\/v2\/media\/4906"}],"wp:attachment":[{"href":"https:\/\/unaymilletras.com\/en\/wp-json\/wp\/v2\/media?parent=4904"}],"wp:term":[{"taxonomy":"category","embeddable":true,"href":"https:\/\/unaymilletras.com\/en\/wp-json\/wp\/v2\/categories?post=4904"},{"taxonomy":"post_tag","embeddable":true,"href":"https:\/\/unaymilletras.com\/en\/wp-json\/wp\/v2\/tags?post=4904"}],"curies":[{"name":"wp","href":"https:\/\/api.w.org\/{rel}","templated":true}]}}