{"id":4920,"date":"2025-05-30T14:48:53","date_gmt":"2025-05-30T12:48:53","guid":{"rendered":"https:\/\/unaymilletras.com\/?p=4920"},"modified":"2025-06-15T14:18:19","modified_gmt":"2025-06-15T12:18:19","slug":"shawn-mendes-on-the-road-again","status":"publish","type":"post","link":"https:\/\/unaymilletras.com\/en\/shawn-mendes-on-the-road-again\/","title":{"rendered":"Shawn Mendes \u201con the road again\u201d"},"content":{"rendered":"<div data-elementor-type=\"wp-post\" data-elementor-id=\"4920\" class=\"elementor elementor-4920\">\n\t\t\t\t\t\t<section class=\"elementor-section elementor-top-section elementor-element elementor-element-a6bff4c elementor-section-boxed elementor-section-height-default elementor-section-height-default\" data-id=\"a6bff4c\" data-element_type=\"section\" data-e-type=\"section\">\n\t\t\t\t\t\t<div class=\"elementor-container elementor-column-gap-default\">\n\t\t\t\t\t<div class=\"elementor-column elementor-col-100 elementor-top-column elementor-element elementor-element-97ec45e\" data-id=\"97ec45e\" data-element_type=\"column\" data-e-type=\"column\">\n\t\t\t<div class=\"elementor-widget-wrap elementor-element-populated\">\n\t\t\t\t\t\t<div class=\"elementor-element elementor-element-a9d4ea4 elementor-widget elementor-widget-text-editor\" data-id=\"a9d4ea4\" data-element_type=\"widget\" data-e-type=\"widget\" data-widget_type=\"text-editor.default\">\n\t\t\t\t<div class=\"elementor-widget-container\">\n\t\t\t\t\t\t\t\t\t<h2 style=\"text-align: center;\"><span style=\"color: #808080;\"><em>Despu\u00e9s de varios a\u00f1os, Shawn Mendes anuncia una gira por Norteam\u00e9rica y Europa este mismo a\u00f1o<\/em><\/span><\/h2>\t\t\t\t\t\t\t\t<\/div>\n\t\t\t\t<\/div>\n\t\t\t\t\t<\/div>\n\t\t<\/div>\n\t\t\t\t\t<\/div>\n\t\t<\/section>\n\t\t\t\t<section class=\"elementor-section elementor-top-section elementor-element elementor-element-421f310 elementor-section-boxed elementor-section-height-default elementor-section-height-default\" data-id=\"421f310\" data-element_type=\"section\" data-e-type=\"section\">\n\t\t\t\t\t\t<div class=\"elementor-container elementor-column-gap-default\">\n\t\t\t\t\t<div class=\"elementor-column elementor-col-100 elementor-top-column elementor-element elementor-element-8dfb952\" data-id=\"8dfb952\" data-element_type=\"column\" data-e-type=\"column\">\n\t\t\t<div class=\"elementor-widget-wrap elementor-element-populated\">\n\t\t\t\t\t\t<div class=\"elementor-element elementor-element-6b23e7e elementor-widget elementor-widget-text-editor\" data-id=\"6b23e7e\" data-element_type=\"widget\" data-e-type=\"widget\" data-widget_type=\"text-editor.default\">\n\t\t\t\t<div class=\"elementor-widget-container\">\n\t\t\t\t\t\t\t\t\t<p class=\"p1\">Shawn Mendes anuncia una nueva gira que incluye una parada en Espa\u00f1a. Despu\u00e9s de 3 a\u00f1os, el canadiense anuncia nuevamente un concierto en el Movistar Arena de Madrid el 26 de agosto. Un nuevo tour que los fans llevaban esperando mucho tiempo y que pasar\u00e1 por Norteam\u00e9rica y Europa.<\/p>\t\t\t\t\t\t\t\t<\/div>\n\t\t\t\t<\/div>\n\t\t\t\t\t<\/div>\n\t\t<\/div>\n\t\t\t\t\t<\/div>\n\t\t<\/section>\n\t\t\t\t<section class=\"elementor-section elementor-top-section elementor-element elementor-element-9addac0 elementor-section-boxed elementor-section-height-default elementor-section-height-default\" data-id=\"9addac0\" data-element_type=\"section\" data-e-type=\"section\">\n\t\t\t\t\t\t<div class=\"elementor-container elementor-column-gap-default\">\n\t\t\t\t\t<div class=\"elementor-column elementor-col-66 elementor-top-column elementor-element elementor-element-536c710\" data-id=\"536c710\" data-element_type=\"column\" data-e-type=\"column\">\n\t\t\t<div class=\"elementor-widget-wrap elementor-element-populated\">\n\t\t\t\t\t\t<div class=\"elementor-element elementor-element-51412d8 elementor-widget elementor-widget-text-editor\" data-id=\"51412d8\" data-element_type=\"widget\" data-e-type=\"widget\" data-widget_type=\"text-editor.default\">\n\t\t\t\t<div class=\"elementor-widget-container\">\n\t\t\t\t\t\t\t\t\t<p class=\"p1\">Las entradas estar\u00e1n disponibles el d\u00eda 6 de junio a las 10h a trav\u00e9s de las p\u00e1ginas oficiales de Shawn Mendes, Last Tour, Doctor Music y entradas.com. Ademas, contaremos con dos reventas:<\/p>\n<ul class=\"ul1\">\n<li class=\"li1\">4 de junio, 10h: Preventa del Artista. Estar\u00e1 activa hasta el d\u00eda 6 de junio a las 9:59h. Para acceder a ella hay que estar registrado <a href=\"https:\/\/www.shawnmendesofficial.com\/live\/#\/\">aqu\u00ed<\/a>.<\/li>\n<li class=\"li1\">5 de junio, 10h: Preventa Spotify Fans First. En este caso, a los mayores fans del artista, bas\u00e1ndose en el tiempo de escucha de Spotify, les llegar\u00e1 un correo desde el que podr\u00e1n acceder a dicha preventa.<\/li>\n<\/ul>\n<p class=\"p1\">Los precios de las entradas, seg\u00fan ha dejado saber la promotora del concierto, \u201cser\u00e1n de 45, 64, 78, 98, 140 y 155 Euros (gastos de distribuci\u00f3n no incluidos) y todas las entradas ser\u00e1n de asiento reservado\u201d.<\/p>\t\t\t\t\t\t\t\t<\/div>\n\t\t\t\t<\/div>\n\t\t\t\t\t<\/div>\n\t\t<\/div>\n\t\t\t\t<div class=\"elementor-column elementor-col-33 elementor-top-column elementor-element elementor-element-21fbf32\" data-id=\"21fbf32\" data-element_type=\"column\" data-e-type=\"column\">\n\t\t\t<div class=\"elementor-widget-wrap elementor-element-populated\">\n\t\t\t\t\t\t<div class=\"elementor-element elementor-element-39ea17e elementor-widget elementor-widget-image\" data-id=\"39ea17e\" data-element_type=\"widget\" data-e-type=\"widget\" data-widget_type=\"image.default\">\n\t\t\t\t<div class=\"elementor-widget-container\">\n\t\t\t\t\t\t\t\t\t\t\t\t\t\t\t<img fetchpriority=\"high\" decoding=\"async\" width=\"640\" height=\"800\" src=\"https:\/\/unaymilletras.com\/wp-content\/uploads\/2025\/05\/5ee3343d-2d92-4333-7c50-39f95578-819x1024.jpg\" class=\"attachment-large size-large wp-image-4922\" alt=\"Shawn Mendes\" srcset=\"https:\/\/unaymilletras.com\/wp-content\/uploads\/2025\/05\/5ee3343d-2d92-4333-7c50-39f95578-819x1024.jpg 819w, https:\/\/unaymilletras.com\/wp-content\/uploads\/2025\/05\/5ee3343d-2d92-4333-7c50-39f95578-240x300.jpg 240w, https:\/\/unaymilletras.com\/wp-content\/uploads\/2025\/05\/5ee3343d-2d92-4333-7c50-39f95578-768x960.jpg 768w, https:\/\/unaymilletras.com\/wp-content\/uploads\/2025\/05\/5ee3343d-2d92-4333-7c50-39f95578-10x12.jpg 10w, https:\/\/unaymilletras.com\/wp-content\/uploads\/2025\/05\/5ee3343d-2d92-4333-7c50-39f95578-1024x1280.jpg 1024w, https:\/\/unaymilletras.com\/wp-content\/uploads\/2025\/05\/5ee3343d-2d92-4333-7c50-39f95578-e1748609167706.jpg 600w\" sizes=\"(max-width: 640px) 100vw, 640px\" \/>\t\t\t\t\t\t\t\t\t\t\t\t\t\t\t<\/div>\n\t\t\t\t<\/div>\n\t\t\t\t\t<\/div>\n\t\t<\/div>\n\t\t\t\t\t<\/div>\n\t\t<\/section>\n\t\t\t\t<section class=\"elementor-section elementor-top-section elementor-element elementor-element-1694513 elementor-section-boxed elementor-section-height-default elementor-section-height-default\" data-id=\"1694513\" data-element_type=\"section\" data-e-type=\"section\">\n\t\t\t\t\t\t<div class=\"elementor-container elementor-column-gap-default\">\n\t\t\t\t\t<div class=\"elementor-column elementor-col-100 elementor-top-column elementor-element elementor-element-bcaf47b\" data-id=\"bcaf47b\" data-element_type=\"column\" data-e-type=\"column\">\n\t\t\t<div class=\"elementor-widget-wrap elementor-element-populated\">\n\t\t\t\t\t\t<div class=\"elementor-element elementor-element-119e223 elementor-widget elementor-widget-text-editor\" data-id=\"119e223\" data-element_type=\"widget\" data-e-type=\"widget\" data-widget_type=\"text-editor.default\">\n\t\t\t\t<div class=\"elementor-widget-container\">\n\t\t\t\t\t\t\t\t\t<p class=\"p1\">En julio de 2022 Shawn Mendes se vio obligado a cancelar su <i>ondee World Tour <\/i>por motivos de salud mental. Un anuncio que dej\u00f3 a miles de fans a las puertas de ver en directo a su artista favorito. Ahora, casi tres a\u00f1os despu\u00e9s, vuelve al ruedo. No es la primera vez que le veremos sobre un escenario despu\u00e9s de tanto tiempo, pero si inmerso en una gira.<\/p>\n<p class=\"p1\"><i>On The Road Again<\/i> celebra los 10 a\u00f1os de carrera de carrera de Shawn Mendes e interpretar\u00e1 canciones de toda su carrera. Un recorrido por todas sus eras, desde la m\u00e1s antigua a la m\u00e1s nueva. Un espect\u00e1culo que promete poner los pelos de punta a todos los que acudan.<\/p>\t\t\t\t\t\t\t\t<\/div>\n\t\t\t\t<\/div>\n\t\t\t\t\t<\/div>\n\t\t<\/div>\n\t\t\t\t\t<\/div>\n\t\t<\/section>\n\t\t\t\t<section class=\"elementor-section elementor-top-section elementor-element elementor-element-d5fda2e elementor-section-boxed elementor-section-height-default elementor-section-height-default\" data-id=\"d5fda2e\" data-element_type=\"section\" data-e-type=\"section\">\n\t\t\t\t\t\t<div class=\"elementor-container elementor-column-gap-default\">\n\t\t\t\t\t<div class=\"elementor-column elementor-col-100 elementor-top-column elementor-element elementor-element-b529d0e\" data-id=\"b529d0e\" data-element_type=\"column\" data-e-type=\"column\">\n\t\t\t<div class=\"elementor-widget-wrap elementor-element-populated\">\n\t\t\t\t\t\t<div class=\"elementor-element elementor-element-3e1224d elementor-widget elementor-widget-video\" data-id=\"3e1224d\" data-element_type=\"widget\" data-e-type=\"widget\" data-settings=\"{&quot;youtube_url&quot;:&quot;https:\\\/\\\/www.youtube.com\\\/watch?v=lY2yjAdbvdQ&amp;ab_channel=ShawnMendesVEVO&quot;,&quot;video_type&quot;:&quot;youtube&quot;,&quot;controls&quot;:&quot;yes&quot;}\" data-widget_type=\"video.default\">\n\t\t\t\t<div class=\"elementor-widget-container\">\n\t\t\t\t\t\t\t<div class=\"elementor-wrapper elementor-open-inline\">\n\t\t\t<div class=\"elementor-video\"><\/div>\t\t<\/div>\n\t\t\t\t\t\t<\/div>\n\t\t\t\t<\/div>\n\t\t\t\t\t<\/div>\n\t\t<\/div>\n\t\t\t\t\t<\/div>\n\t\t<\/section>\n\t\t\t\t<section class=\"elementor-section elementor-top-section elementor-element elementor-element-1ac6998 elementor-section-boxed elementor-section-height-default elementor-section-height-default\" data-id=\"1ac6998\" data-element_type=\"section\" data-e-type=\"section\">\n\t\t\t\t\t\t<div class=\"elementor-container elementor-column-gap-default\">\n\t\t\t\t\t<div class=\"elementor-column elementor-col-100 elementor-top-column elementor-element elementor-element-218c3c0\" data-id=\"218c3c0\" data-element_type=\"column\" data-e-type=\"column\">\n\t\t\t<div class=\"elementor-widget-wrap elementor-element-populated\">\n\t\t\t\t\t\t<div class=\"elementor-element elementor-element-d0b07bd elementor-widget elementor-widget-text-editor\" data-id=\"d0b07bd\" data-element_type=\"widget\" data-e-type=\"widget\" data-widget_type=\"text-editor.default\">\n\t\t\t\t<div class=\"elementor-widget-container\">\n\t\t\t\t\t\t\t\t\t<p class=\"p1\">Esta nueva gira de Shawn Mendes comenzar\u00e1 el 5 de junio en el TAURON Arena de Cracovia, Polonia. Continuar\u00e1 por toda Europa, llegar\u00e1 a Norteam\u00e9rica y terminar\u00e1 el 17 de octubre en el Hollywood Bowl de Los \u00c1ngeles, California.<\/p><p class=\"p1\">Vamos calentando motores para comprar las entradas y \u00a1que comience la cuenta atr\u00e1s!<\/p>\t\t\t\t\t\t\t\t<\/div>\n\t\t\t\t<\/div>\n\t\t\t\t\t<\/div>\n\t\t<\/div>\n\t\t\t\t\t<\/div>\n\t\t<\/section>\n\t\t\t\t<\/div>","protected":false},"excerpt":{"rendered":"<p>Despu\u00e9s de varios a\u00f1os, Shawn Mendes anuncia una gira por Norteam\u00e9rica y Europa este mismo a\u00f1o Shawn Mendes anuncia una nueva gira que incluye una parada en Espa\u00f1a. Despu\u00e9s de 3 a\u00f1os, el canadiense anuncia nuevamente un concierto en el Movistar Arena de Madrid el 26 de agosto. Un nuevo tour que los fans llevaban [&hellip;]<\/p>\n","protected":false},"author":1,"featured_media":4922,"comment_status":"closed","ping_status":"closed","sticky":false,"template":"","format":"standard","meta":{"footnotes":""},"categories":[4],"tags":[],"class_list":["post-4920","post","type-post","status-publish","format-standard","has-post-thumbnail","hentry","category-musica"],"yoast_head":"<!-- This site is optimized with the Yoast SEO plugin v27.4 - https:\/\/yoast.com\/product\/yoast-seo-wordpress\/ -->\n<title>Shawn Mendes \u201con the road again\u201d<\/title>\n<meta name=\"description\" content=\"Despu\u00e9s de varios a\u00f1os, Shawn Mendes anuncia una gira por Norteam\u00e9rica y Europa, incluyendo Madrid este mismo a\u00f1o\" \/>\n<meta name=\"robots\" content=\"index, follow, max-snippet:-1, max-image-preview:large, max-video-preview:-1\" \/>\n<link rel=\"canonical\" href=\"https:\/\/unaymilletras.com\/en\/shawn-mendes-on-the-road-again\/\" \/>\n<meta property=\"og:locale\" content=\"en_GB\" \/>\n<meta property=\"og:type\" content=\"article\" \/>\n<meta property=\"og:title\" content=\"Shawn Mendes \u201con the road again\u201d\" \/>\n<meta property=\"og:description\" content=\"Despu\u00e9s de varios a\u00f1os, Shawn Mendes anuncia una gira por Norteam\u00e9rica y Europa, incluyendo Madrid este mismo a\u00f1o\" \/>\n<meta property=\"og:url\" content=\"https:\/\/unaymilletras.com\/en\/shawn-mendes-on-the-road-again\/\" \/>\n<meta property=\"og:site_name\" content=\"Una y Mil Letras\" \/>\n<meta property=\"article:published_time\" content=\"2025-05-30T12:48:53+00:00\" \/>\n<meta property=\"article:modified_time\" content=\"2025-06-15T12:18:19+00:00\" \/>\n<meta property=\"og:image\" content=\"http:\/\/unaymilletras.com\/wp-content\/uploads\/2025\/05\/5ee3343d-2d92-4333-7c50-39f95578-e1748609167706.jpg\" \/>\n\t<meta property=\"og:image:width\" content=\"600\" \/>\n\t<meta property=\"og:image:height\" content=\"750\" \/>\n\t<meta property=\"og:image:type\" content=\"image\/jpeg\" \/>\n<meta name=\"author\" content=\"Maria Gil Robledo\" \/>\n<meta name=\"twitter:card\" content=\"summary_large_image\" \/>\n<meta name=\"twitter:creator\" content=\"@UnaYMilLetras\" \/>\n<meta name=\"twitter:site\" content=\"@UnaYMilLetras\" \/>\n<meta name=\"twitter:label1\" content=\"Written by\" \/>\n\t<meta name=\"twitter:data1\" content=\"Maria Gil Robledo\" \/>\n\t<meta name=\"twitter:label2\" content=\"Estimated reading time\" \/>\n\t<meta name=\"twitter:data2\" content=\"2 minutes\" \/>\n<script type=\"application\/ld+json\" class=\"yoast-schema-graph\">{\"@context\":\"https:\\\/\\\/schema.org\",\"@graph\":[{\"@type\":\"Article\",\"@id\":\"https:\\\/\\\/unaymilletras.com\\\/shawn-mendes-on-the-road-again\\\/#article\",\"isPartOf\":{\"@id\":\"https:\\\/\\\/unaymilletras.com\\\/shawn-mendes-on-the-road-again\\\/\"},\"author\":{\"name\":\"Maria Gil Robledo\",\"@id\":\"http:\\\/\\\/unaymilletras.com\\\/#\\\/schema\\\/person\\\/d55ba681b8a4e463d8982dbe36a5dc94\"},\"headline\":\"Shawn Mendes \u201con the road again\u201d\",\"datePublished\":\"2025-05-30T12:48:53+00:00\",\"dateModified\":\"2025-06-15T12:18:19+00:00\",\"mainEntityOfPage\":{\"@id\":\"https:\\\/\\\/unaymilletras.com\\\/shawn-mendes-on-the-road-again\\\/\"},\"wordCount\":396,\"publisher\":{\"@id\":\"http:\\\/\\\/unaymilletras.com\\\/#organization\"},\"image\":{\"@id\":\"https:\\\/\\\/unaymilletras.com\\\/shawn-mendes-on-the-road-again\\\/#primaryimage\"},\"thumbnailUrl\":\"https:\\\/\\\/unaymilletras.com\\\/wp-content\\\/uploads\\\/2025\\\/05\\\/5ee3343d-2d92-4333-7c50-39f95578-e1748609167706.jpg\",\"articleSection\":[\"M\u00fasica\"],\"inLanguage\":\"en-GB\"},{\"@type\":\"WebPage\",\"@id\":\"https:\\\/\\\/unaymilletras.com\\\/shawn-mendes-on-the-road-again\\\/\",\"url\":\"https:\\\/\\\/unaymilletras.com\\\/shawn-mendes-on-the-road-again\\\/\",\"name\":\"Shawn Mendes \u201con the road again\u201d\",\"isPartOf\":{\"@id\":\"http:\\\/\\\/unaymilletras.com\\\/#website\"},\"primaryImageOfPage\":{\"@id\":\"https:\\\/\\\/unaymilletras.com\\\/shawn-mendes-on-the-road-again\\\/#primaryimage\"},\"image\":{\"@id\":\"https:\\\/\\\/unaymilletras.com\\\/shawn-mendes-on-the-road-again\\\/#primaryimage\"},\"thumbnailUrl\":\"https:\\\/\\\/unaymilletras.com\\\/wp-content\\\/uploads\\\/2025\\\/05\\\/5ee3343d-2d92-4333-7c50-39f95578-e1748609167706.jpg\",\"datePublished\":\"2025-05-30T12:48:53+00:00\",\"dateModified\":\"2025-06-15T12:18:19+00:00\",\"description\":\"Despu\u00e9s de varios a\u00f1os, Shawn Mendes anuncia una gira por Norteam\u00e9rica y Europa, incluyendo Madrid este mismo a\u00f1o\",\"breadcrumb\":{\"@id\":\"https:\\\/\\\/unaymilletras.com\\\/shawn-mendes-on-the-road-again\\\/#breadcrumb\"},\"inLanguage\":\"en-GB\",\"potentialAction\":[{\"@type\":\"ReadAction\",\"target\":[\"https:\\\/\\\/unaymilletras.com\\\/shawn-mendes-on-the-road-again\\\/\"]}]},{\"@type\":\"ImageObject\",\"inLanguage\":\"en-GB\",\"@id\":\"https:\\\/\\\/unaymilletras.com\\\/shawn-mendes-on-the-road-again\\\/#primaryimage\",\"url\":\"https:\\\/\\\/unaymilletras.com\\\/wp-content\\\/uploads\\\/2025\\\/05\\\/5ee3343d-2d92-4333-7c50-39f95578-e1748609167706.jpg\",\"contentUrl\":\"https:\\\/\\\/unaymilletras.com\\\/wp-content\\\/uploads\\\/2025\\\/05\\\/5ee3343d-2d92-4333-7c50-39f95578-e1748609167706.jpg\",\"width\":600,\"height\":750,\"caption\":\"Shawn Mendes\"},{\"@type\":\"BreadcrumbList\",\"@id\":\"https:\\\/\\\/unaymilletras.com\\\/shawn-mendes-on-the-road-again\\\/#breadcrumb\",\"itemListElement\":[{\"@type\":\"ListItem\",\"position\":1,\"name\":\"Home\",\"item\":\"http:\\\/\\\/unaymilletras.com\\\/\"},{\"@type\":\"ListItem\",\"position\":2,\"name\":\"Shawn Mendes \u201con the road again\u201d\"}]},{\"@type\":\"WebSite\",\"@id\":\"http:\\\/\\\/unaymilletras.com\\\/#website\",\"url\":\"http:\\\/\\\/unaymilletras.com\\\/\",\"name\":\"Una y Mil Letras\",\"description\":\"\",\"publisher\":{\"@id\":\"http:\\\/\\\/unaymilletras.com\\\/#organization\"},\"potentialAction\":[{\"@type\":\"SearchAction\",\"target\":{\"@type\":\"EntryPoint\",\"urlTemplate\":\"http:\\\/\\\/unaymilletras.com\\\/?s={search_term_string}\"},\"query-input\":{\"@type\":\"PropertyValueSpecification\",\"valueRequired\":true,\"valueName\":\"search_term_string\"}}],\"inLanguage\":\"en-GB\"},{\"@type\":\"Organization\",\"@id\":\"http:\\\/\\\/unaymilletras.com\\\/#organization\",\"name\":\"Una y Mil Letras\",\"url\":\"http:\\\/\\\/unaymilletras.com\\\/\",\"logo\":{\"@type\":\"ImageObject\",\"inLanguage\":\"en-GB\",\"@id\":\"http:\\\/\\\/unaymilletras.com\\\/#\\\/schema\\\/logo\\\/image\\\/\",\"url\":\"https:\\\/\\\/unaymilletras.com\\\/wp-content\\\/uploads\\\/2024\\\/06\\\/cropped-Logo-removebg-preview.png\",\"contentUrl\":\"https:\\\/\\\/unaymilletras.com\\\/wp-content\\\/uploads\\\/2024\\\/06\\\/cropped-Logo-removebg-preview.png\",\"width\":512,\"height\":512,\"caption\":\"Una y Mil Letras\"},\"image\":{\"@id\":\"http:\\\/\\\/unaymilletras.com\\\/#\\\/schema\\\/logo\\\/image\\\/\"},\"sameAs\":[\"https:\\\/\\\/x.com\\\/UnaYMilLetras\",\"https:\\\/\\\/instagram.com\\\/UnaYMilLetras\"]},{\"@type\":\"Person\",\"@id\":\"http:\\\/\\\/unaymilletras.com\\\/#\\\/schema\\\/person\\\/d55ba681b8a4e463d8982dbe36a5dc94\",\"name\":\"Maria Gil Robledo\",\"image\":{\"@type\":\"ImageObject\",\"inLanguage\":\"en-GB\",\"@id\":\"https:\\\/\\\/secure.gravatar.com\\\/avatar\\\/4b8e5102e0015789407eb4870b12f0f2857952d83ca124058f92b764bd1840c3?s=96&d=mm&r=g\",\"url\":\"https:\\\/\\\/secure.gravatar.com\\\/avatar\\\/4b8e5102e0015789407eb4870b12f0f2857952d83ca124058f92b764bd1840c3?s=96&d=mm&r=g\",\"contentUrl\":\"https:\\\/\\\/secure.gravatar.com\\\/avatar\\\/4b8e5102e0015789407eb4870b12f0f2857952d83ca124058f92b764bd1840c3?s=96&d=mm&r=g\",\"caption\":\"Maria Gil Robledo\"},\"sameAs\":[\"http:\\\/\\\/unaymilletras.com\"],\"url\":\"https:\\\/\\\/unaymilletras.com\\\/en\\\/author\\\/mariiagiil02_\\\/\"}]}<\/script>\n<!-- \/ Yoast SEO plugin. -->","yoast_head_json":{"title":"Shawn Mendes \u201con the road again\u201d","description":"Despu\u00e9s de varios a\u00f1os, Shawn Mendes anuncia una gira por Norteam\u00e9rica y Europa, incluyendo Madrid este mismo a\u00f1o","robots":{"index":"index","follow":"follow","max-snippet":"max-snippet:-1","max-image-preview":"max-image-preview:large","max-video-preview":"max-video-preview:-1"},"canonical":"https:\/\/unaymilletras.com\/en\/shawn-mendes-on-the-road-again\/","og_locale":"en_GB","og_type":"article","og_title":"Shawn Mendes \u201con the road again\u201d","og_description":"Despu\u00e9s de varios a\u00f1os, Shawn Mendes anuncia una gira por Norteam\u00e9rica y Europa, incluyendo Madrid este mismo a\u00f1o","og_url":"https:\/\/unaymilletras.com\/en\/shawn-mendes-on-the-road-again\/","og_site_name":"Una y Mil Letras","article_published_time":"2025-05-30T12:48:53+00:00","article_modified_time":"2025-06-15T12:18:19+00:00","og_image":[{"width":600,"height":750,"url":"http:\/\/unaymilletras.com\/wp-content\/uploads\/2025\/05\/5ee3343d-2d92-4333-7c50-39f95578-e1748609167706.jpg","type":"image\/jpeg"}],"author":"Maria Gil Robledo","twitter_card":"summary_large_image","twitter_creator":"@UnaYMilLetras","twitter_site":"@UnaYMilLetras","twitter_misc":{"Written by":"Maria Gil Robledo","Estimated reading time":"2 minutes"},"schema":{"@context":"https:\/\/schema.org","@graph":[{"@type":"Article","@id":"https:\/\/unaymilletras.com\/shawn-mendes-on-the-road-again\/#article","isPartOf":{"@id":"https:\/\/unaymilletras.com\/shawn-mendes-on-the-road-again\/"},"author":{"name":"Maria Gil Robledo","@id":"http:\/\/unaymilletras.com\/#\/schema\/person\/d55ba681b8a4e463d8982dbe36a5dc94"},"headline":"Shawn Mendes \u201con the road again\u201d","datePublished":"2025-05-30T12:48:53+00:00","dateModified":"2025-06-15T12:18:19+00:00","mainEntityOfPage":{"@id":"https:\/\/unaymilletras.com\/shawn-mendes-on-the-road-again\/"},"wordCount":396,"publisher":{"@id":"http:\/\/unaymilletras.com\/#organization"},"image":{"@id":"https:\/\/unaymilletras.com\/shawn-mendes-on-the-road-again\/#primaryimage"},"thumbnailUrl":"https:\/\/unaymilletras.com\/wp-content\/uploads\/2025\/05\/5ee3343d-2d92-4333-7c50-39f95578-e1748609167706.jpg","articleSection":["M\u00fasica"],"inLanguage":"en-GB"},{"@type":"WebPage","@id":"https:\/\/unaymilletras.com\/shawn-mendes-on-the-road-again\/","url":"https:\/\/unaymilletras.com\/shawn-mendes-on-the-road-again\/","name":"Shawn Mendes \u201con the road again\u201d","isPartOf":{"@id":"http:\/\/unaymilletras.com\/#website"},"primaryImageOfPage":{"@id":"https:\/\/unaymilletras.com\/shawn-mendes-on-the-road-again\/#primaryimage"},"image":{"@id":"https:\/\/unaymilletras.com\/shawn-mendes-on-the-road-again\/#primaryimage"},"thumbnailUrl":"https:\/\/unaymilletras.com\/wp-content\/uploads\/2025\/05\/5ee3343d-2d92-4333-7c50-39f95578-e1748609167706.jpg","datePublished":"2025-05-30T12:48:53+00:00","dateModified":"2025-06-15T12:18:19+00:00","description":"Despu\u00e9s de varios a\u00f1os, Shawn Mendes anuncia una gira por Norteam\u00e9rica y Europa, incluyendo Madrid este mismo a\u00f1o","breadcrumb":{"@id":"https:\/\/unaymilletras.com\/shawn-mendes-on-the-road-again\/#breadcrumb"},"inLanguage":"en-GB","potentialAction":[{"@type":"ReadAction","target":["https:\/\/unaymilletras.com\/shawn-mendes-on-the-road-again\/"]}]},{"@type":"ImageObject","inLanguage":"en-GB","@id":"https:\/\/unaymilletras.com\/shawn-mendes-on-the-road-again\/#primaryimage","url":"https:\/\/unaymilletras.com\/wp-content\/uploads\/2025\/05\/5ee3343d-2d92-4333-7c50-39f95578-e1748609167706.jpg","contentUrl":"https:\/\/unaymilletras.com\/wp-content\/uploads\/2025\/05\/5ee3343d-2d92-4333-7c50-39f95578-e1748609167706.jpg","width":600,"height":750,"caption":"Shawn Mendes"},{"@type":"BreadcrumbList","@id":"https:\/\/unaymilletras.com\/shawn-mendes-on-the-road-again\/#breadcrumb","itemListElement":[{"@type":"ListItem","position":1,"name":"Home","item":"http:\/\/unaymilletras.com\/"},{"@type":"ListItem","position":2,"name":"Shawn Mendes \u201con the road again\u201d"}]},{"@type":"WebSite","@id":"http:\/\/unaymilletras.com\/#website","url":"http:\/\/unaymilletras.com\/","name":"Una y Mil Letras","description":"","publisher":{"@id":"http:\/\/unaymilletras.com\/#organization"},"potentialAction":[{"@type":"SearchAction","target":{"@type":"EntryPoint","urlTemplate":"http:\/\/unaymilletras.com\/?s={search_term_string}"},"query-input":{"@type":"PropertyValueSpecification","valueRequired":true,"valueName":"search_term_string"}}],"inLanguage":"en-GB"},{"@type":"Organization","@id":"http:\/\/unaymilletras.com\/#organization","name":"Una y Mil Letras","url":"http:\/\/unaymilletras.com\/","logo":{"@type":"ImageObject","inLanguage":"en-GB","@id":"http:\/\/unaymilletras.com\/#\/schema\/logo\/image\/","url":"https:\/\/unaymilletras.com\/wp-content\/uploads\/2024\/06\/cropped-Logo-removebg-preview.png","contentUrl":"https:\/\/unaymilletras.com\/wp-content\/uploads\/2024\/06\/cropped-Logo-removebg-preview.png","width":512,"height":512,"caption":"Una y Mil Letras"},"image":{"@id":"http:\/\/unaymilletras.com\/#\/schema\/logo\/image\/"},"sameAs":["https:\/\/x.com\/UnaYMilLetras","https:\/\/instagram.com\/UnaYMilLetras"]},{"@type":"Person","@id":"http:\/\/unaymilletras.com\/#\/schema\/person\/d55ba681b8a4e463d8982dbe36a5dc94","name":"Maria Gil Robledo","image":{"@type":"ImageObject","inLanguage":"en-GB","@id":"https:\/\/secure.gravatar.com\/avatar\/4b8e5102e0015789407eb4870b12f0f2857952d83ca124058f92b764bd1840c3?s=96&d=mm&r=g","url":"https:\/\/secure.gravatar.com\/avatar\/4b8e5102e0015789407eb4870b12f0f2857952d83ca124058f92b764bd1840c3?s=96&d=mm&r=g","contentUrl":"https:\/\/secure.gravatar.com\/avatar\/4b8e5102e0015789407eb4870b12f0f2857952d83ca124058f92b764bd1840c3?s=96&d=mm&r=g","caption":"Maria Gil Robledo"},"sameAs":["http:\/\/unaymilletras.com"],"url":"https:\/\/unaymilletras.com\/en\/author\/mariiagiil02_\/"}]}},"_links":{"self":[{"href":"https:\/\/unaymilletras.com\/en\/wp-json\/wp\/v2\/posts\/4920","targetHints":{"allow":["GET"]}}],"collection":[{"href":"https:\/\/unaymilletras.com\/en\/wp-json\/wp\/v2\/posts"}],"about":[{"href":"https:\/\/unaymilletras.com\/en\/wp-json\/wp\/v2\/types\/post"}],"author":[{"embeddable":true,"href":"https:\/\/unaymilletras.com\/en\/wp-json\/wp\/v2\/users\/1"}],"replies":[{"embeddable":true,"href":"https:\/\/unaymilletras.com\/en\/wp-json\/wp\/v2\/comments?post=4920"}],"version-history":[{"count":7,"href":"https:\/\/unaymilletras.com\/en\/wp-json\/wp\/v2\/posts\/4920\/revisions"}],"predecessor-version":[{"id":4928,"href":"https:\/\/unaymilletras.com\/en\/wp-json\/wp\/v2\/posts\/4920\/revisions\/4928"}],"wp:featuredmedia":[{"embeddable":true,"href":"https:\/\/unaymilletras.com\/en\/wp-json\/wp\/v2\/media\/4922"}],"wp:attachment":[{"href":"https:\/\/unaymilletras.com\/en\/wp-json\/wp\/v2\/media?parent=4920"}],"wp:term":[{"taxonomy":"category","embeddable":true,"href":"https:\/\/unaymilletras.com\/en\/wp-json\/wp\/v2\/categories?post=4920"},{"taxonomy":"post_tag","embeddable":true,"href":"https:\/\/unaymilletras.com\/en\/wp-json\/wp\/v2\/tags?post=4920"}],"curies":[{"name":"wp","href":"https:\/\/api.w.org\/{rel}","templated":true}]}}