{"id":4930,"date":"2025-06-01T12:47:40","date_gmt":"2025-06-01T10:47:40","guid":{"rendered":"https:\/\/unaymilletras.com\/?p=4930"},"modified":"2025-06-01T12:49:53","modified_gmt":"2025-06-01T10:49:53","slug":"miley-cyrus-trasciende-la-musica-con-la-moda-y-el-cine","status":"publish","type":"post","link":"https:\/\/unaymilletras.com\/en\/miley-cyrus-trasciende-la-musica-con-la-moda-y-el-cine\/","title":{"rendered":"Miley Cyrus trasciende la m\u00fasica con la moda, y el cine"},"content":{"rendered":"<div data-elementor-type=\"wp-post\" data-elementor-id=\"4930\" class=\"elementor elementor-4930\">\n\t\t\t\t\t\t<section class=\"elementor-section elementor-top-section elementor-element elementor-element-0a84228 elementor-section-boxed elementor-section-height-default elementor-section-height-default\" data-id=\"0a84228\" data-element_type=\"section\" data-e-type=\"section\">\n\t\t\t\t\t\t<div class=\"elementor-container elementor-column-gap-default\">\n\t\t\t\t\t<div class=\"elementor-column elementor-col-100 elementor-top-column elementor-element elementor-element-b7655d6\" data-id=\"b7655d6\" data-element_type=\"column\" data-e-type=\"column\">\n\t\t\t<div class=\"elementor-widget-wrap elementor-element-populated\">\n\t\t\t\t\t\t<div class=\"elementor-element elementor-element-a130dd2 elementor-widget elementor-widget-heading\" data-id=\"a130dd2\" data-element_type=\"widget\" data-e-type=\"widget\" data-widget_type=\"heading.default\">\n\t\t\t\t<div class=\"elementor-widget-container\">\n\t\t\t\t\t<h1 class=\"elementor-heading-title elementor-size-default\">Miley Cyrus fusiona arte, moda y m\u00fasica, en <i>Something Beautiful, su noveno \u00e1lbum<\/i><\/h1>\t\t\t\t<\/div>\n\t\t\t\t<\/div>\n\t\t\t\t\t<\/div>\n\t\t<\/div>\n\t\t\t\t\t<\/div>\n\t\t<\/section>\n\t\t\t\t<section class=\"elementor-section elementor-top-section elementor-element elementor-element-3726734 elementor-section-boxed elementor-section-height-default elementor-section-height-default\" data-id=\"3726734\" data-element_type=\"section\" data-e-type=\"section\">\n\t\t\t\t\t\t<div class=\"elementor-container elementor-column-gap-default\">\n\t\t\t\t\t<div class=\"elementor-column elementor-col-100 elementor-top-column elementor-element elementor-element-16d776a\" data-id=\"16d776a\" data-element_type=\"column\" data-e-type=\"column\">\n\t\t\t<div class=\"elementor-widget-wrap elementor-element-populated\">\n\t\t\t\t\t\t<div class=\"elementor-element elementor-element-9781c30 elementor-widget elementor-widget-text-editor\" data-id=\"9781c30\" data-element_type=\"widget\" data-e-type=\"widget\" data-widget_type=\"text-editor.default\">\n\t\t\t\t<div class=\"elementor-widget-container\">\n\t\t\t\t\t\t\t\t\t<p>Miley Cyrus ha lanzado el pasado viernes su nuevo disco <em><strong>Something Beatiful<\/strong><\/em>, disponible ya en formato CD, vinilo (tradicional color crema, y rojo transl\u00facido) y en todas las plataformas digitales. Este proyecto representa una nueva forma y era de Cyrus, que destaca por una <strong>producci\u00f3n cinematogr\u00e1fica expansiva<\/strong>.\u00a0<\/p>\t\t\t\t\t\t\t\t<\/div>\n\t\t\t\t<\/div>\n\t\t\t\t<div class=\"elementor-element elementor-element-c22a119 elementor-align-center elementor-widget elementor-widget-button\" data-id=\"c22a119\" data-element_type=\"widget\" data-e-type=\"widget\" data-widget_type=\"button.default\">\n\t\t\t\t<div class=\"elementor-widget-container\">\n\t\t\t\t\t\t\t\t\t<div class=\"elementor-button-wrapper\">\n\t\t\t\t\t<a class=\"elementor-button elementor-button-link elementor-size-sm\" href=\"https:\/\/open.spotify.com\/intl-es\/album\/7h7smPzBYx8LOLI3ncM3vQ?si=iBBq-TNsQaSab88IcdqbhA\">\n\t\t\t\t\t\t<span class=\"elementor-button-content-wrapper\">\n\t\t\t\t\t\t\t\t\t<span class=\"elementor-button-text\">Something Beautiful<\/span>\n\t\t\t\t\t<\/span>\n\t\t\t\t\t<\/a>\n\t\t\t\t<\/div>\n\t\t\t\t\t\t\t\t<\/div>\n\t\t\t\t<\/div>\n\t\t\t\t<div class=\"elementor-element elementor-element-90ed5fa elementor-widget elementor-widget-image\" data-id=\"90ed5fa\" data-element_type=\"widget\" data-e-type=\"widget\" data-widget_type=\"image.default\">\n\t\t\t\t<div class=\"elementor-widget-container\">\n\t\t\t\t\t\t\t\t\t\t\t\t\t\t\t<img fetchpriority=\"high\" decoding=\"async\" width=\"600\" height=\"600\" src=\"https:\/\/unaymilletras.com\/wp-content\/uploads\/2025\/05\/unnamed-1-e1748722127520.jpg\" class=\"attachment-large size-large wp-image-4936\" alt=\"\" \/>\t\t\t\t\t\t\t\t\t\t\t\t\t\t\t<\/div>\n\t\t\t\t<\/div>\n\t\t\t\t<div class=\"elementor-element elementor-element-07d9965 elementor-widget elementor-widget-text-editor\" data-id=\"07d9965\" data-element_type=\"widget\" data-e-type=\"widget\" data-widget_type=\"text-editor.default\">\n\t\t\t\t<div class=\"elementor-widget-container\">\n\t\t\t\t\t\t\t\t\t<p>\u00a0Son <strong>trece<\/strong> los temas conforman este disco, a trav\u00e9s los cuales se abordan temas relacionados por la <strong>transformaci\u00f3n personal, la sanaci\u00f3n emocional y la b\u00fasqueda de la belleza<\/strong> en medio de la oscuridad. La producci\u00f3n corri\u00f3 a mano de la misma Cyrus, con ayuda de Shawn Everett y colaboraciones de Britanny Howard, Maxx Morando y Michael Pollack.\u00a0<\/p><p>Entre las canciones m\u00e1s destacadas se encuentran <strong><em>Easy Lover<\/em><\/strong> (cuyo video musical pudimos disfrutar el mismo d\u00eda de estreno del \u00e1lbum) <em>More to Lose, End of the World <\/em>y <em>Walk of Fame.\u00a0<\/em><\/p>\t\t\t\t\t\t\t\t<\/div>\n\t\t\t\t<\/div>\n\t\t\t\t<div class=\"elementor-element elementor-element-41da249 elementor-widget elementor-widget-video\" data-id=\"41da249\" data-element_type=\"widget\" data-e-type=\"widget\" data-settings=\"{&quot;youtube_url&quot;:&quot;https:\\\/\\\/youtu.be\\\/s8h4YNaX2aM?si=rsndo0zX7Am_FzbP&quot;,&quot;video_type&quot;:&quot;youtube&quot;,&quot;controls&quot;:&quot;yes&quot;}\" data-widget_type=\"video.default\">\n\t\t\t\t<div class=\"elementor-widget-container\">\n\t\t\t\t\t\t\t<div class=\"elementor-wrapper elementor-open-inline\">\n\t\t\t<div class=\"elementor-video\"><\/div>\t\t<\/div>\n\t\t\t\t\t\t<\/div>\n\t\t\t\t<\/div>\n\t\t\t\t\t<\/div>\n\t\t<\/div>\n\t\t\t\t\t<\/div>\n\t\t<\/section>\n\t\t\t\t<section class=\"elementor-section elementor-top-section elementor-element elementor-element-8bd09aa elementor-section-boxed elementor-section-height-default elementor-section-height-default\" data-id=\"8bd09aa\" data-element_type=\"section\" data-e-type=\"section\">\n\t\t\t\t\t\t<div class=\"elementor-container elementor-column-gap-default\">\n\t\t\t\t\t<div class=\"elementor-column elementor-col-100 elementor-top-column elementor-element elementor-element-042e171\" data-id=\"042e171\" data-element_type=\"column\" data-e-type=\"column\">\n\t\t\t<div class=\"elementor-widget-wrap elementor-element-populated\">\n\t\t\t\t\t\t<div class=\"elementor-element elementor-element-eed0270 elementor-align-center elementor-widget elementor-widget-button\" data-id=\"eed0270\" data-element_type=\"widget\" data-e-type=\"widget\" data-widget_type=\"button.default\">\n\t\t\t\t<div class=\"elementor-widget-container\">\n\t\t\t\t\t\t\t\t\t<div class=\"elementor-button-wrapper\">\n\t\t\t\t\t<a class=\"elementor-button elementor-button-link elementor-size-sm\" href=\"https:\/\/youtu.be\/T3fA-4D71Kk?si=w8LnkPGmDPym1sCX\">\n\t\t\t\t\t\t<span class=\"elementor-button-content-wrapper\">\n\t\t\t\t\t\t\t\t\t<span class=\"elementor-button-text\">More to Lose<\/span>\n\t\t\t\t\t<\/span>\n\t\t\t\t\t<\/a>\n\t\t\t\t<\/div>\n\t\t\t\t\t\t\t\t<\/div>\n\t\t\t\t<\/div>\n\t\t\t\t<div class=\"elementor-element elementor-element-b5f1395 elementor-align-center elementor-widget elementor-widget-button\" data-id=\"b5f1395\" data-element_type=\"widget\" data-e-type=\"widget\" data-widget_type=\"button.default\">\n\t\t\t\t<div class=\"elementor-widget-container\">\n\t\t\t\t\t\t\t\t\t<div class=\"elementor-button-wrapper\">\n\t\t\t\t\t<a class=\"elementor-button elementor-button-link elementor-size-sm\" href=\"https:\/\/youtu.be\/CXBFU97X61I?si=9bQhynH5Vw4Aox_Y\">\n\t\t\t\t\t\t<span class=\"elementor-button-content-wrapper\">\n\t\t\t\t\t\t\t\t\t<span class=\"elementor-button-text\">End of the World<\/span>\n\t\t\t\t\t<\/span>\n\t\t\t\t\t<\/a>\n\t\t\t\t<\/div>\n\t\t\t\t\t\t\t\t<\/div>\n\t\t\t\t<\/div>\n\t\t\t\t\t<\/div>\n\t\t<\/div>\n\t\t\t\t\t<\/div>\n\t\t<\/section>\n\t\t\t\t<section class=\"elementor-section elementor-top-section elementor-element elementor-element-497209b elementor-section-boxed elementor-section-height-default elementor-section-height-default\" data-id=\"497209b\" data-element_type=\"section\" data-e-type=\"section\">\n\t\t\t\t\t\t<div class=\"elementor-container elementor-column-gap-default\">\n\t\t\t\t\t<div class=\"elementor-column elementor-col-100 elementor-top-column elementor-element elementor-element-874273a\" data-id=\"874273a\" data-element_type=\"column\" data-e-type=\"column\">\n\t\t\t<div class=\"elementor-widget-wrap elementor-element-populated\">\n\t\t\t\t\t\t<div class=\"elementor-element elementor-element-108bed3 elementor-widget elementor-widget-heading\" data-id=\"108bed3\" data-element_type=\"widget\" data-e-type=\"widget\" data-widget_type=\"heading.default\">\n\t\t\t\t<div class=\"elementor-widget-container\">\n\t\t\t\t\t<h2 class=\"elementor-heading-title elementor-size-default\">M\u00fasica cinematogr\u00e1fica<\/h2>\t\t\t\t<\/div>\n\t\t\t\t<\/div>\n\t\t\t\t<div class=\"elementor-element elementor-element-70aaba1 elementor-widget elementor-widget-text-editor\" data-id=\"70aaba1\" data-element_type=\"widget\" data-e-type=\"widget\" data-widget_type=\"text-editor.default\">\n\t\t\t\t<div class=\"elementor-widget-container\">\n\t\t\t\t\t\t\t\t\t<p>\u00a0La propuesta art\u00edstica no se queda solo en el sonido. Cyrus <strong>presentar\u00e1 el pr\u00f3ximo 6 de junio en el Festival de Tribeca<\/strong> (conocido por celebrar la narrativa y el arte en todas sus formas, abarcando la industria del cine, televisi\u00f3n, m\u00fasica, audioconferencias, videojuegos y contenido inmersivo) una <strong>pel\u00edcula musical<\/strong> que compa\u00f1a al \u00e1lbum, que se encuentra dirigida por la misma cantante, con la ayuda de Brendan Walter, Jacob Bixenman\u00a0 (que ya han colaborado anteriormente en los videos musicales de Miley) y Panos Cosmatos.\u00a0<\/p><p>El videoclip de <em>Every Girl You&#8217;ve Ever Loved<\/em>, que contara con la participaci\u00f3n de la actriz y supermodelo <strong>Naomi Campbell<\/strong>, forma parte de este proyecto visual, cuyo estreno en cines de Estados Unidos y Canad\u00e1 est\u00e1 previsto para el 12 de junio. En cambio, las proyecciones <strong>internacionales<\/strong> comenzar\u00e1n el <strong>27 de junio<\/strong>.\u00a0<\/p>\t\t\t\t\t\t\t\t<\/div>\n\t\t\t\t<\/div>\n\t\t\t\t<div class=\"elementor-element elementor-element-2e75b29 elementor-widget elementor-widget-image\" data-id=\"2e75b29\" data-element_type=\"widget\" data-e-type=\"widget\" data-widget_type=\"image.default\">\n\t\t\t\t<div class=\"elementor-widget-container\">\n\t\t\t\t\t\t\t\t\t\t\t\t\t\t\t<img decoding=\"async\" width=\"640\" height=\"391\" src=\"https:\/\/unaymilletras.com\/wp-content\/uploads\/2025\/05\/MC2-Press-PC-GlenLuchford-1024x625.jpg\" class=\"attachment-large size-large wp-image-4934\" alt=\"\" srcset=\"https:\/\/unaymilletras.com\/wp-content\/uploads\/2025\/05\/MC2-Press-PC-GlenLuchford-1024x625.jpg 1024w, https:\/\/unaymilletras.com\/wp-content\/uploads\/2025\/05\/MC2-Press-PC-GlenLuchford-300x183.jpg 300w, https:\/\/unaymilletras.com\/wp-content\/uploads\/2025\/05\/MC2-Press-PC-GlenLuchford-768x469.jpg 768w, https:\/\/unaymilletras.com\/wp-content\/uploads\/2025\/05\/MC2-Press-PC-GlenLuchford-1536x938.jpg 1536w, https:\/\/unaymilletras.com\/wp-content\/uploads\/2025\/05\/MC2-Press-PC-GlenLuchford-2048x1250.jpg 2048w, https:\/\/unaymilletras.com\/wp-content\/uploads\/2025\/05\/MC2-Press-PC-GlenLuchford-18x12.jpg 18w\" sizes=\"(max-width: 640px) 100vw, 640px\" \/>\t\t\t\t\t\t\t\t\t\t\t\t\t\t\t<\/div>\n\t\t\t\t<\/div>\n\t\t\t\t\t<\/div>\n\t\t<\/div>\n\t\t\t\t\t<\/div>\n\t\t<\/section>\n\t\t\t\t<section class=\"elementor-section elementor-top-section elementor-element elementor-element-dd8b673 elementor-section-boxed elementor-section-height-default elementor-section-height-default\" data-id=\"dd8b673\" data-element_type=\"section\" data-e-type=\"section\">\n\t\t\t\t\t\t<div class=\"elementor-container elementor-column-gap-default\">\n\t\t\t\t\t<div class=\"elementor-column elementor-col-100 elementor-top-column elementor-element elementor-element-b346f25\" data-id=\"b346f25\" data-element_type=\"column\" data-e-type=\"column\">\n\t\t\t<div class=\"elementor-widget-wrap elementor-element-populated\">\n\t\t\t\t\t\t<div class=\"elementor-element elementor-element-19912f3 elementor-widget elementor-widget-text-editor\" data-id=\"19912f3\" data-element_type=\"widget\" data-e-type=\"widget\" data-widget_type=\"text-editor.default\">\n\t\t\t\t<div class=\"elementor-widget-container\">\n\t\t\t\t\t\t\t\t\t<p>\u00a0<strong>La moda<\/strong> juega tambi\u00e9n un papel clave en el universo de <em>Something Beautiful<\/em>. La portada del disco, por Glen Luchfors, muestra a la cantante con un traje original de Thierry Mugler de 1997. Este y otros dise\u00f1os de <strong>alta costura<\/strong> (como Jean Paul Gaultier, Alexander McQueen, entre otros) aparecen en el <em>filme<\/em>. Se ha reportado que este, cuenta con el <strong>mayor pr\u00e9stamo de piezas<\/strong> de archivo de <strong>Mugler<\/strong> concedido hasta la fecha a una sola persona.\u00a0\u00a0<\/p><p>Con este lanzamiento, Miley Cyrus reafirma su lugar en la industria musical ya art\u00edstica, creando no solo un \u00e1lbum \u00fanico y con alma, sino una <strong>obra audiovisual<\/strong> que cuenta con todas las formas de expresi\u00f3n posibles, algo \u00fanico en el g\u00e9nero.\u00a0<\/p>\t\t\t\t\t\t\t\t<\/div>\n\t\t\t\t<\/div>\n\t\t\t\t\t<\/div>\n\t\t<\/div>\n\t\t\t\t\t<\/div>\n\t\t<\/section>\n\t\t\t\t<\/div>","protected":false},"excerpt":{"rendered":"<p>Miley Cyrus fusiona arte, moda y m\u00fasica, en Something Beautiful, su noveno \u00e1lbum Miley Cyrus ha lanzado el pasado viernes su nuevo disco Something Beatiful, disponible ya en formato CD, vinilo (tradicional color crema, y rojo transl\u00facido) y en todas las plataformas digitales. Este proyecto representa una nueva forma y era de Cyrus, que destaca [&hellip;]<\/p>\n","protected":false},"author":9,"featured_media":4936,"comment_status":"closed","ping_status":"closed","sticky":false,"template":"","format":"standard","meta":{"footnotes":""},"categories":[4],"tags":[168,181],"class_list":["post-4930","post","type-post","status-publish","format-standard","has-post-thumbnail","hentry","category-musica","tag-disco","tag-nuevo"],"yoast_head":"<!-- This site is optimized with the Yoast SEO plugin v27.4 - https:\/\/yoast.com\/product\/yoast-seo-wordpress\/ -->\n<title>Miley Cyrus trasciende la m\u00fasica con la moda, y el cine<\/title>\n<meta name=\"description\" content=\"Miley Cyrus trasciende el arte su nuevo disco. Explorando temas emocionales y sirvi\u00e9ndose de la moda, el cine y la m\u00fasica como canal.\" \/>\n<meta name=\"robots\" content=\"index, follow, max-snippet:-1, max-image-preview:large, max-video-preview:-1\" \/>\n<link rel=\"canonical\" href=\"https:\/\/unaymilletras.com\/en\/miley-cyrus-trasciende-la-musica-con-la-moda-y-el-cine\/\" \/>\n<meta property=\"og:locale\" content=\"en_GB\" \/>\n<meta property=\"og:type\" content=\"article\" \/>\n<meta property=\"og:title\" content=\"Miley Cyrus trasciende la m\u00fasica con la moda, y el cine\" \/>\n<meta property=\"og:description\" content=\"Miley Cyrus trasciende el arte su nuevo disco. Explorando temas emocionales y sirvi\u00e9ndose de la moda, el cine y la m\u00fasica como canal.\" \/>\n<meta property=\"og:url\" content=\"https:\/\/unaymilletras.com\/en\/miley-cyrus-trasciende-la-musica-con-la-moda-y-el-cine\/\" \/>\n<meta property=\"og:site_name\" content=\"Una y Mil Letras\" \/>\n<meta property=\"article:published_time\" content=\"2025-06-01T10:47:40+00:00\" \/>\n<meta property=\"article:modified_time\" content=\"2025-06-01T10:49:53+00:00\" \/>\n<meta property=\"og:image\" content=\"http:\/\/unaymilletras.com\/wp-content\/uploads\/2025\/05\/unnamed-1-e1748722127520.jpg\" \/>\n\t<meta property=\"og:image:width\" content=\"600\" \/>\n\t<meta property=\"og:image:height\" content=\"600\" \/>\n\t<meta property=\"og:image:type\" content=\"image\/jpeg\" \/>\n<meta name=\"author\" content=\"Victoria Hern\u00e1ndez\" \/>\n<meta name=\"twitter:card\" content=\"summary_large_image\" \/>\n<meta name=\"twitter:creator\" content=\"@UnaYMilLetras\" \/>\n<meta name=\"twitter:site\" content=\"@UnaYMilLetras\" \/>\n<meta name=\"twitter:label1\" content=\"Written by\" \/>\n\t<meta name=\"twitter:data1\" content=\"Victoria Hern\u00e1ndez\" \/>\n\t<meta name=\"twitter:label2\" content=\"Estimated reading time\" \/>\n\t<meta name=\"twitter:data2\" content=\"3 minutes\" \/>\n<script type=\"application\/ld+json\" class=\"yoast-schema-graph\">{\"@context\":\"https:\\\/\\\/schema.org\",\"@graph\":[{\"@type\":\"Article\",\"@id\":\"https:\\\/\\\/unaymilletras.com\\\/miley-cyrus-trasciende-la-musica-con-la-moda-y-el-cine\\\/#article\",\"isPartOf\":{\"@id\":\"https:\\\/\\\/unaymilletras.com\\\/miley-cyrus-trasciende-la-musica-con-la-moda-y-el-cine\\\/\"},\"author\":{\"name\":\"Victoria Hern\u00e1ndez\",\"@id\":\"http:\\\/\\\/unaymilletras.com\\\/#\\\/schema\\\/person\\\/90f1e88e4c10951a79965c8106280f0a\"},\"headline\":\"Miley Cyrus trasciende la m\u00fasica con la moda, y el cine\",\"datePublished\":\"2025-06-01T10:47:40+00:00\",\"dateModified\":\"2025-06-01T10:49:53+00:00\",\"mainEntityOfPage\":{\"@id\":\"https:\\\/\\\/unaymilletras.com\\\/miley-cyrus-trasciende-la-musica-con-la-moda-y-el-cine\\\/\"},\"wordCount\":460,\"publisher\":{\"@id\":\"http:\\\/\\\/unaymilletras.com\\\/#organization\"},\"image\":{\"@id\":\"https:\\\/\\\/unaymilletras.com\\\/miley-cyrus-trasciende-la-musica-con-la-moda-y-el-cine\\\/#primaryimage\"},\"thumbnailUrl\":\"https:\\\/\\\/unaymilletras.com\\\/wp-content\\\/uploads\\\/2025\\\/05\\\/unnamed-1-e1748722127520.jpg\",\"keywords\":[\"disco\",\"Nuevo\"],\"articleSection\":[\"M\u00fasica\"],\"inLanguage\":\"en-GB\"},{\"@type\":\"WebPage\",\"@id\":\"https:\\\/\\\/unaymilletras.com\\\/miley-cyrus-trasciende-la-musica-con-la-moda-y-el-cine\\\/\",\"url\":\"https:\\\/\\\/unaymilletras.com\\\/miley-cyrus-trasciende-la-musica-con-la-moda-y-el-cine\\\/\",\"name\":\"Miley Cyrus trasciende la m\u00fasica con la moda, y el cine\",\"isPartOf\":{\"@id\":\"http:\\\/\\\/unaymilletras.com\\\/#website\"},\"primaryImageOfPage\":{\"@id\":\"https:\\\/\\\/unaymilletras.com\\\/miley-cyrus-trasciende-la-musica-con-la-moda-y-el-cine\\\/#primaryimage\"},\"image\":{\"@id\":\"https:\\\/\\\/unaymilletras.com\\\/miley-cyrus-trasciende-la-musica-con-la-moda-y-el-cine\\\/#primaryimage\"},\"thumbnailUrl\":\"https:\\\/\\\/unaymilletras.com\\\/wp-content\\\/uploads\\\/2025\\\/05\\\/unnamed-1-e1748722127520.jpg\",\"datePublished\":\"2025-06-01T10:47:40+00:00\",\"dateModified\":\"2025-06-01T10:49:53+00:00\",\"description\":\"Miley Cyrus trasciende el arte su nuevo disco. Explorando temas emocionales y sirvi\u00e9ndose de la moda, el cine y la m\u00fasica como canal.\",\"breadcrumb\":{\"@id\":\"https:\\\/\\\/unaymilletras.com\\\/miley-cyrus-trasciende-la-musica-con-la-moda-y-el-cine\\\/#breadcrumb\"},\"inLanguage\":\"en-GB\",\"potentialAction\":[{\"@type\":\"ReadAction\",\"target\":[\"https:\\\/\\\/unaymilletras.com\\\/miley-cyrus-trasciende-la-musica-con-la-moda-y-el-cine\\\/\"]}]},{\"@type\":\"ImageObject\",\"inLanguage\":\"en-GB\",\"@id\":\"https:\\\/\\\/unaymilletras.com\\\/miley-cyrus-trasciende-la-musica-con-la-moda-y-el-cine\\\/#primaryimage\",\"url\":\"https:\\\/\\\/unaymilletras.com\\\/wp-content\\\/uploads\\\/2025\\\/05\\\/unnamed-1-e1748722127520.jpg\",\"contentUrl\":\"https:\\\/\\\/unaymilletras.com\\\/wp-content\\\/uploads\\\/2025\\\/05\\\/unnamed-1-e1748722127520.jpg\",\"width\":600,\"height\":600},{\"@type\":\"BreadcrumbList\",\"@id\":\"https:\\\/\\\/unaymilletras.com\\\/miley-cyrus-trasciende-la-musica-con-la-moda-y-el-cine\\\/#breadcrumb\",\"itemListElement\":[{\"@type\":\"ListItem\",\"position\":1,\"name\":\"Home\",\"item\":\"http:\\\/\\\/unaymilletras.com\\\/\"},{\"@type\":\"ListItem\",\"position\":2,\"name\":\"Miley Cyrus trasciende la m\u00fasica con la moda, y el cine\"}]},{\"@type\":\"WebSite\",\"@id\":\"http:\\\/\\\/unaymilletras.com\\\/#website\",\"url\":\"http:\\\/\\\/unaymilletras.com\\\/\",\"name\":\"Una y Mil Letras\",\"description\":\"\",\"publisher\":{\"@id\":\"http:\\\/\\\/unaymilletras.com\\\/#organization\"},\"potentialAction\":[{\"@type\":\"SearchAction\",\"target\":{\"@type\":\"EntryPoint\",\"urlTemplate\":\"http:\\\/\\\/unaymilletras.com\\\/?s={search_term_string}\"},\"query-input\":{\"@type\":\"PropertyValueSpecification\",\"valueRequired\":true,\"valueName\":\"search_term_string\"}}],\"inLanguage\":\"en-GB\"},{\"@type\":\"Organization\",\"@id\":\"http:\\\/\\\/unaymilletras.com\\\/#organization\",\"name\":\"Una y Mil Letras\",\"url\":\"http:\\\/\\\/unaymilletras.com\\\/\",\"logo\":{\"@type\":\"ImageObject\",\"inLanguage\":\"en-GB\",\"@id\":\"http:\\\/\\\/unaymilletras.com\\\/#\\\/schema\\\/logo\\\/image\\\/\",\"url\":\"https:\\\/\\\/unaymilletras.com\\\/wp-content\\\/uploads\\\/2024\\\/06\\\/cropped-Logo-removebg-preview.png\",\"contentUrl\":\"https:\\\/\\\/unaymilletras.com\\\/wp-content\\\/uploads\\\/2024\\\/06\\\/cropped-Logo-removebg-preview.png\",\"width\":512,\"height\":512,\"caption\":\"Una y Mil Letras\"},\"image\":{\"@id\":\"http:\\\/\\\/unaymilletras.com\\\/#\\\/schema\\\/logo\\\/image\\\/\"},\"sameAs\":[\"https:\\\/\\\/x.com\\\/UnaYMilLetras\",\"https:\\\/\\\/instagram.com\\\/UnaYMilLetras\"]},{\"@type\":\"Person\",\"@id\":\"http:\\\/\\\/unaymilletras.com\\\/#\\\/schema\\\/person\\\/90f1e88e4c10951a79965c8106280f0a\",\"name\":\"Victoria Hern\u00e1ndez\",\"image\":{\"@type\":\"ImageObject\",\"inLanguage\":\"en-GB\",\"@id\":\"https:\\\/\\\/secure.gravatar.com\\\/avatar\\\/4a6a914c964cf29cc45dd00ef5c74e847f221f6a1039c94b8aa244949baeeda4?s=96&d=mm&r=g\",\"url\":\"https:\\\/\\\/secure.gravatar.com\\\/avatar\\\/4a6a914c964cf29cc45dd00ef5c74e847f221f6a1039c94b8aa244949baeeda4?s=96&d=mm&r=g\",\"contentUrl\":\"https:\\\/\\\/secure.gravatar.com\\\/avatar\\\/4a6a914c964cf29cc45dd00ef5c74e847f221f6a1039c94b8aa244949baeeda4?s=96&d=mm&r=g\",\"caption\":\"Victoria Hern\u00e1ndez\"},\"url\":\"https:\\\/\\\/unaymilletras.com\\\/en\\\/author\\\/victoriahernandez\\\/\"}]}<\/script>\n<!-- \/ Yoast SEO plugin. -->","yoast_head_json":{"title":"Miley Cyrus trasciende la m\u00fasica con la moda, y el cine","description":"Miley Cyrus trasciende el arte su nuevo disco. Explorando temas emocionales y sirvi\u00e9ndose de la moda, el cine y la m\u00fasica como canal.","robots":{"index":"index","follow":"follow","max-snippet":"max-snippet:-1","max-image-preview":"max-image-preview:large","max-video-preview":"max-video-preview:-1"},"canonical":"https:\/\/unaymilletras.com\/en\/miley-cyrus-trasciende-la-musica-con-la-moda-y-el-cine\/","og_locale":"en_GB","og_type":"article","og_title":"Miley Cyrus trasciende la m\u00fasica con la moda, y el cine","og_description":"Miley Cyrus trasciende el arte su nuevo disco. Explorando temas emocionales y sirvi\u00e9ndose de la moda, el cine y la m\u00fasica como canal.","og_url":"https:\/\/unaymilletras.com\/en\/miley-cyrus-trasciende-la-musica-con-la-moda-y-el-cine\/","og_site_name":"Una y Mil Letras","article_published_time":"2025-06-01T10:47:40+00:00","article_modified_time":"2025-06-01T10:49:53+00:00","og_image":[{"width":600,"height":600,"url":"http:\/\/unaymilletras.com\/wp-content\/uploads\/2025\/05\/unnamed-1-e1748722127520.jpg","type":"image\/jpeg"}],"author":"Victoria Hern\u00e1ndez","twitter_card":"summary_large_image","twitter_creator":"@UnaYMilLetras","twitter_site":"@UnaYMilLetras","twitter_misc":{"Written by":"Victoria Hern\u00e1ndez","Estimated reading time":"3 minutes"},"schema":{"@context":"https:\/\/schema.org","@graph":[{"@type":"Article","@id":"https:\/\/unaymilletras.com\/miley-cyrus-trasciende-la-musica-con-la-moda-y-el-cine\/#article","isPartOf":{"@id":"https:\/\/unaymilletras.com\/miley-cyrus-trasciende-la-musica-con-la-moda-y-el-cine\/"},"author":{"name":"Victoria Hern\u00e1ndez","@id":"http:\/\/unaymilletras.com\/#\/schema\/person\/90f1e88e4c10951a79965c8106280f0a"},"headline":"Miley Cyrus trasciende la m\u00fasica con la moda, y el cine","datePublished":"2025-06-01T10:47:40+00:00","dateModified":"2025-06-01T10:49:53+00:00","mainEntityOfPage":{"@id":"https:\/\/unaymilletras.com\/miley-cyrus-trasciende-la-musica-con-la-moda-y-el-cine\/"},"wordCount":460,"publisher":{"@id":"http:\/\/unaymilletras.com\/#organization"},"image":{"@id":"https:\/\/unaymilletras.com\/miley-cyrus-trasciende-la-musica-con-la-moda-y-el-cine\/#primaryimage"},"thumbnailUrl":"https:\/\/unaymilletras.com\/wp-content\/uploads\/2025\/05\/unnamed-1-e1748722127520.jpg","keywords":["disco","Nuevo"],"articleSection":["M\u00fasica"],"inLanguage":"en-GB"},{"@type":"WebPage","@id":"https:\/\/unaymilletras.com\/miley-cyrus-trasciende-la-musica-con-la-moda-y-el-cine\/","url":"https:\/\/unaymilletras.com\/miley-cyrus-trasciende-la-musica-con-la-moda-y-el-cine\/","name":"Miley Cyrus trasciende la m\u00fasica con la moda, y el cine","isPartOf":{"@id":"http:\/\/unaymilletras.com\/#website"},"primaryImageOfPage":{"@id":"https:\/\/unaymilletras.com\/miley-cyrus-trasciende-la-musica-con-la-moda-y-el-cine\/#primaryimage"},"image":{"@id":"https:\/\/unaymilletras.com\/miley-cyrus-trasciende-la-musica-con-la-moda-y-el-cine\/#primaryimage"},"thumbnailUrl":"https:\/\/unaymilletras.com\/wp-content\/uploads\/2025\/05\/unnamed-1-e1748722127520.jpg","datePublished":"2025-06-01T10:47:40+00:00","dateModified":"2025-06-01T10:49:53+00:00","description":"Miley Cyrus trasciende el arte su nuevo disco. Explorando temas emocionales y sirvi\u00e9ndose de la moda, el cine y la m\u00fasica como canal.","breadcrumb":{"@id":"https:\/\/unaymilletras.com\/miley-cyrus-trasciende-la-musica-con-la-moda-y-el-cine\/#breadcrumb"},"inLanguage":"en-GB","potentialAction":[{"@type":"ReadAction","target":["https:\/\/unaymilletras.com\/miley-cyrus-trasciende-la-musica-con-la-moda-y-el-cine\/"]}]},{"@type":"ImageObject","inLanguage":"en-GB","@id":"https:\/\/unaymilletras.com\/miley-cyrus-trasciende-la-musica-con-la-moda-y-el-cine\/#primaryimage","url":"https:\/\/unaymilletras.com\/wp-content\/uploads\/2025\/05\/unnamed-1-e1748722127520.jpg","contentUrl":"https:\/\/unaymilletras.com\/wp-content\/uploads\/2025\/05\/unnamed-1-e1748722127520.jpg","width":600,"height":600},{"@type":"BreadcrumbList","@id":"https:\/\/unaymilletras.com\/miley-cyrus-trasciende-la-musica-con-la-moda-y-el-cine\/#breadcrumb","itemListElement":[{"@type":"ListItem","position":1,"name":"Home","item":"http:\/\/unaymilletras.com\/"},{"@type":"ListItem","position":2,"name":"Miley Cyrus trasciende la m\u00fasica con la moda, y el cine"}]},{"@type":"WebSite","@id":"http:\/\/unaymilletras.com\/#website","url":"http:\/\/unaymilletras.com\/","name":"Una y Mil Letras","description":"","publisher":{"@id":"http:\/\/unaymilletras.com\/#organization"},"potentialAction":[{"@type":"SearchAction","target":{"@type":"EntryPoint","urlTemplate":"http:\/\/unaymilletras.com\/?s={search_term_string}"},"query-input":{"@type":"PropertyValueSpecification","valueRequired":true,"valueName":"search_term_string"}}],"inLanguage":"en-GB"},{"@type":"Organization","@id":"http:\/\/unaymilletras.com\/#organization","name":"Una y Mil Letras","url":"http:\/\/unaymilletras.com\/","logo":{"@type":"ImageObject","inLanguage":"en-GB","@id":"http:\/\/unaymilletras.com\/#\/schema\/logo\/image\/","url":"https:\/\/unaymilletras.com\/wp-content\/uploads\/2024\/06\/cropped-Logo-removebg-preview.png","contentUrl":"https:\/\/unaymilletras.com\/wp-content\/uploads\/2024\/06\/cropped-Logo-removebg-preview.png","width":512,"height":512,"caption":"Una y Mil Letras"},"image":{"@id":"http:\/\/unaymilletras.com\/#\/schema\/logo\/image\/"},"sameAs":["https:\/\/x.com\/UnaYMilLetras","https:\/\/instagram.com\/UnaYMilLetras"]},{"@type":"Person","@id":"http:\/\/unaymilletras.com\/#\/schema\/person\/90f1e88e4c10951a79965c8106280f0a","name":"Victoria Hern\u00e1ndez","image":{"@type":"ImageObject","inLanguage":"en-GB","@id":"https:\/\/secure.gravatar.com\/avatar\/4a6a914c964cf29cc45dd00ef5c74e847f221f6a1039c94b8aa244949baeeda4?s=96&d=mm&r=g","url":"https:\/\/secure.gravatar.com\/avatar\/4a6a914c964cf29cc45dd00ef5c74e847f221f6a1039c94b8aa244949baeeda4?s=96&d=mm&r=g","contentUrl":"https:\/\/secure.gravatar.com\/avatar\/4a6a914c964cf29cc45dd00ef5c74e847f221f6a1039c94b8aa244949baeeda4?s=96&d=mm&r=g","caption":"Victoria Hern\u00e1ndez"},"url":"https:\/\/unaymilletras.com\/en\/author\/victoriahernandez\/"}]}},"_links":{"self":[{"href":"https:\/\/unaymilletras.com\/en\/wp-json\/wp\/v2\/posts\/4930","targetHints":{"allow":["GET"]}}],"collection":[{"href":"https:\/\/unaymilletras.com\/en\/wp-json\/wp\/v2\/posts"}],"about":[{"href":"https:\/\/unaymilletras.com\/en\/wp-json\/wp\/v2\/types\/post"}],"author":[{"embeddable":true,"href":"https:\/\/unaymilletras.com\/en\/wp-json\/wp\/v2\/users\/9"}],"replies":[{"embeddable":true,"href":"https:\/\/unaymilletras.com\/en\/wp-json\/wp\/v2\/comments?post=4930"}],"version-history":[{"count":8,"href":"https:\/\/unaymilletras.com\/en\/wp-json\/wp\/v2\/posts\/4930\/revisions"}],"predecessor-version":[{"id":4943,"href":"https:\/\/unaymilletras.com\/en\/wp-json\/wp\/v2\/posts\/4930\/revisions\/4943"}],"wp:featuredmedia":[{"embeddable":true,"href":"https:\/\/unaymilletras.com\/en\/wp-json\/wp\/v2\/media\/4936"}],"wp:attachment":[{"href":"https:\/\/unaymilletras.com\/en\/wp-json\/wp\/v2\/media?parent=4930"}],"wp:term":[{"taxonomy":"category","embeddable":true,"href":"https:\/\/unaymilletras.com\/en\/wp-json\/wp\/v2\/categories?post=4930"},{"taxonomy":"post_tag","embeddable":true,"href":"https:\/\/unaymilletras.com\/en\/wp-json\/wp\/v2\/tags?post=4930"}],"curies":[{"name":"wp","href":"https:\/\/api.w.org\/{rel}","templated":true}]}}