{"id":4950,"date":"2025-06-03T15:31:28","date_gmt":"2025-06-03T13:31:28","guid":{"rendered":"https:\/\/unaymilletras.com\/?p=4950"},"modified":"2025-06-03T15:36:54","modified_gmt":"2025-06-03T13:36:54","slug":"dellafuente-lanza-rondo-su-aviso-para-el-metropolitano","status":"publish","type":"post","link":"https:\/\/unaymilletras.com\/en\/dellafuente-lanza-rondo-su-aviso-para-el-metropolitano\/","title":{"rendered":"Dellafuente lanza \u2018Rondo\u2019, su aviso para el Metropolitano"},"content":{"rendered":"<div data-elementor-type=\"wp-post\" data-elementor-id=\"4950\" class=\"elementor elementor-4950\">\n\t\t\t\t\t\t<section class=\"elementor-section elementor-top-section elementor-element elementor-element-077439c elementor-section-boxed elementor-section-height-default elementor-section-height-default\" data-id=\"077439c\" data-element_type=\"section\" data-e-type=\"section\">\n\t\t\t\t\t\t<div class=\"elementor-container elementor-column-gap-default\">\n\t\t\t\t\t<div class=\"elementor-column elementor-col-100 elementor-top-column elementor-element elementor-element-9d5ef3f\" data-id=\"9d5ef3f\" data-element_type=\"column\" data-e-type=\"column\">\n\t\t\t<div class=\"elementor-widget-wrap elementor-element-populated\">\n\t\t\t\t\t\t<div class=\"elementor-element elementor-element-bd683cd elementor-widget elementor-widget-text-editor\" data-id=\"bd683cd\" data-element_type=\"widget\" data-e-type=\"widget\" data-widget_type=\"text-editor.default\">\n\t\t\t\t<div class=\"elementor-widget-container\">\n\t\t\t\t\t\t\t\t\t<h2 style=\"text-align: center;\"><span style=\"color: #808080;\"><em>El EP \u2018Rondo\u2019 anticipa los conciertos de Dellafuente en el Metropolitano y muestra el alma de sus ensayos m\u00e1s personales<\/em><\/span><\/h2>\t\t\t\t\t\t\t\t<\/div>\n\t\t\t\t<\/div>\n\t\t\t\t\t<\/div>\n\t\t<\/div>\n\t\t\t\t\t<\/div>\n\t\t<\/section>\n\t\t\t\t<section class=\"elementor-section elementor-top-section elementor-element elementor-element-8759814 elementor-section-boxed elementor-section-height-default elementor-section-height-default\" data-id=\"8759814\" data-element_type=\"section\" data-e-type=\"section\">\n\t\t\t\t\t\t<div class=\"elementor-container elementor-column-gap-default\">\n\t\t\t\t\t<div class=\"elementor-column elementor-col-100 elementor-top-column elementor-element elementor-element-aad29a0\" data-id=\"aad29a0\" data-element_type=\"column\" data-e-type=\"column\">\n\t\t\t<div class=\"elementor-widget-wrap elementor-element-populated\">\n\t\t\t\t\t\t<div class=\"elementor-element elementor-element-cb74d76 elementor-widget elementor-widget-text-editor\" data-id=\"cb74d76\" data-element_type=\"widget\" data-e-type=\"widget\" data-widget_type=\"text-editor.default\">\n\t\t\t\t<div class=\"elementor-widget-container\">\n\t\t\t\t\t\t\t\t\t<p data-start=\"232\" data-end=\"567\"><b>Dellafuente<\/b> calienta motores para los conciertos m\u00e1s grandes de su carrera con <b><i>Rondo<\/i><\/b>. Este nuevo EP funciona como un ensayo \u00edntimo antes de sus dos noches en el Estadio C\u00edvitas Metropolitano de Madrid, el 20 y 21 de junio. All\u00ed, el artista reunir\u00e1 a cerca de 150.000 fans en una cita hist\u00f3rica para la m\u00fasica independiente en Espa\u00f1a.<\/p>\n<p data-start=\"569\" data-end=\"916\"><i>Rondo<\/i>&nbsp;no es un EP convencional. Es un experimento sonoro y visual que refleja el proceso creativo del grana\u00edno y su equipo en plena preparaci\u00f3n. Inspirado en el imaginario futbol\u00edstico, el t\u00edtulo hace referencia al cl\u00e1sico ejercicio de posesi\u00f3n que precede a los grandes partidos. Aqu\u00ed, Dellafuente entrena para una final a ida y vuelta en casa.<\/p>\t\t\t\t\t\t\t\t<\/div>\n\t\t\t\t<\/div>\n\t\t\t\t\t<\/div>\n\t\t<\/div>\n\t\t\t\t\t<\/div>\n\t\t<\/section>\n\t\t\t\t<section class=\"elementor-section elementor-top-section elementor-element elementor-element-6f0541f elementor-section-boxed elementor-section-height-default elementor-section-height-default\" data-id=\"6f0541f\" data-element_type=\"section\" data-e-type=\"section\">\n\t\t\t\t\t\t<div class=\"elementor-container elementor-column-gap-default\">\n\t\t\t\t\t<div class=\"elementor-column elementor-col-100 elementor-top-column elementor-element elementor-element-6399232\" data-id=\"6399232\" data-element_type=\"column\" data-e-type=\"column\">\n\t\t\t<div class=\"elementor-widget-wrap elementor-element-populated\">\n\t\t\t\t\t\t<div class=\"elementor-element elementor-element-04eb547 elementor-widget elementor-widget-image\" data-id=\"04eb547\" data-element_type=\"widget\" data-e-type=\"widget\" data-widget_type=\"image.default\">\n\t\t\t\t<div class=\"elementor-widget-container\">\n\t\t\t\t\t\t\t\t\t\t\t\t\t\t\t<img decoding=\"async\" width=\"1\" height=\"1\" src=\"https:\/\/unaymilletras.com\/wp-content\/uploads\/2025\/06\/AL_VACIO_1.3.1.png\" class=\"attachment-large size-large wp-image-4995\" alt=\"Dellafuente\" \/>\t\t\t\t\t\t\t\t\t\t\t\t\t\t\t<\/div>\n\t\t\t\t<\/div>\n\t\t\t\t\t<\/div>\n\t\t<\/div>\n\t\t\t\t\t<\/div>\n\t\t<\/section>\n\t\t\t\t<section class=\"elementor-section elementor-top-section elementor-element elementor-element-4e56280 elementor-section-boxed elementor-section-height-default elementor-section-height-default\" data-id=\"4e56280\" data-element_type=\"section\" data-e-type=\"section\">\n\t\t\t\t\t\t<div class=\"elementor-container elementor-column-gap-default\">\n\t\t\t\t\t<div class=\"elementor-column elementor-col-100 elementor-top-column elementor-element elementor-element-a6fcf6a\" data-id=\"a6fcf6a\" data-element_type=\"column\" data-e-type=\"column\">\n\t\t\t<div class=\"elementor-widget-wrap elementor-element-populated\">\n\t\t\t\t\t\t<div class=\"elementor-element elementor-element-7971c01 elementor-widget elementor-widget-text-editor\" data-id=\"7971c01\" data-element_type=\"widget\" data-e-type=\"widget\" data-widget_type=\"text-editor.default\">\n\t\t\t\t<div class=\"elementor-widget-container\">\n\t\t\t\t\t\t\t\t\t<p data-start=\"918\" data-end=\"1245\">El proyecto incluye cuatro cl\u00e1sicos reinterpretados y un tema in\u00e9dito, tambi\u00e9n titulado <em>Rondo<\/em>. Esta nueva canci\u00f3n aparece como un regalo para sus seguidores. El EP se acompa\u00f1a de un espectacular videoclip rodado en plano secuencia, que permite asomarse a la atm\u00f3sfera de los ensayos: complicidad, entrega y energ\u00eda colectiva.<\/p><p data-start=\"1247\" data-end=\"1584\">Entre los temas elegidos destacan <em>Guerrera<\/em>, <em>Bailaora<\/em>, <em>Al Vac\u00edo<\/em> y <em>Si te lo comes, lo cr\u00edas<\/em>, pieza de su \u00faltimo \u00e1lbum <em>Torii Yama<\/em>. Estas canciones podr\u00edan formar parte del repertorio en los conciertos del Metropolitano. El v\u00eddeo refleja adem\u00e1s el movimiento continuo del bal\u00f3n en un rondo, convertido aqu\u00ed en m\u00fasica en movimiento.<\/p><p data-start=\"1586\" data-end=\"1854\">Dellafuente, que ya ha demostrado su capacidad de romper moldes, se convierte con esta doble cita en el primer artista independiente en llenar dos noches un estadio en Espa\u00f1a. Con <em>Rondo<\/em>, vuelve a demostrar su compromiso con el arte, su equipo y su comunidad de fans.<\/p><p data-start=\"1856\" data-end=\"2126\" data-is-last-node=\"\" data-is-only-node=\"\">El EP est\u00e1 disponible en plataformas digitales y ofrece un adelanto emocionante de lo que ser\u00e1 una de las giras m\u00e1s importantes del a\u00f1o. <em>Rondo<\/em>\u00a0no solo calienta el terreno de juego, sino que tambi\u00e9n eleva las expectativas para un espect\u00e1culo que promete hacer historia.<\/p>\t\t\t\t\t\t\t\t<\/div>\n\t\t\t\t<\/div>\n\t\t\t\t\t<\/div>\n\t\t<\/div>\n\t\t\t\t\t<\/div>\n\t\t<\/section>\n\t\t\t\t<\/div>","protected":false},"excerpt":{"rendered":"<p>El EP \u2018Rondo\u2019 anticipa los conciertos de Dellafuente en el Metropolitano y muestra el alma de sus ensayos m\u00e1s personales Dellafuente calienta motores para los conciertos m\u00e1s grandes de su carrera con Rondo. Este nuevo EP funciona como un ensayo \u00edntimo antes de sus dos noches en el Estadio C\u00edvitas Metropolitano de Madrid, el 20 [&hellip;]<\/p>\n","protected":false},"author":6,"featured_media":4995,"comment_status":"closed","ping_status":"closed","sticky":false,"template":"","format":"standard","meta":{"footnotes":""},"categories":[4],"tags":[],"class_list":["post-4950","post","type-post","status-publish","format-standard","has-post-thumbnail","hentry","category-musica"],"yoast_head":"<!-- This site is optimized with the Yoast SEO plugin v27.4 - https:\/\/yoast.com\/product\/yoast-seo-wordpress\/ -->\n<title>Dellafuente lanza \u2018Rondo\u2019, su aviso para el Metropolitano<\/title>\n<meta name=\"description\" content=\"El EP \u2018Rondo\u2019 anticipa los hist\u00f3ricos conciertos de Dellafuente en el estadio Metropolitano y muestra el alma de sus ensayos m\u00e1s personales\" \/>\n<meta name=\"robots\" content=\"index, follow, max-snippet:-1, max-image-preview:large, max-video-preview:-1\" \/>\n<link rel=\"canonical\" href=\"https:\/\/unaymilletras.com\/en\/dellafuente-lanza-rondo-su-aviso-para-el-metropolitano\/\" \/>\n<meta property=\"og:locale\" content=\"en_GB\" \/>\n<meta property=\"og:type\" content=\"article\" \/>\n<meta property=\"og:title\" content=\"Dellafuente lanza \u2018Rondo\u2019, su aviso para el Metropolitano\" \/>\n<meta property=\"og:description\" content=\"El EP \u2018Rondo\u2019 anticipa los hist\u00f3ricos conciertos de Dellafuente en el estadio Metropolitano y muestra el alma de sus ensayos m\u00e1s personales\" \/>\n<meta property=\"og:url\" content=\"https:\/\/unaymilletras.com\/en\/dellafuente-lanza-rondo-su-aviso-para-el-metropolitano\/\" \/>\n<meta property=\"og:site_name\" content=\"Una y Mil Letras\" \/>\n<meta property=\"article:published_time\" content=\"2025-06-03T13:31:28+00:00\" \/>\n<meta property=\"article:modified_time\" content=\"2025-06-03T13:36:54+00:00\" \/>\n<meta property=\"og:image\" content=\"http:\/\/unaymilletras.com\/wp-content\/uploads\/2025\/06\/AL_VACIO_1.3.1.png\" \/>\n\t<meta property=\"og:image:width\" content=\"1\" \/>\n\t<meta property=\"og:image:height\" content=\"1\" \/>\n\t<meta property=\"og:image:type\" content=\"image\/png\" \/>\n<meta name=\"author\" content=\"Redacci\u00f3n\" \/>\n<meta name=\"twitter:card\" content=\"summary_large_image\" \/>\n<meta name=\"twitter:creator\" content=\"@UnaYMilLetras\" \/>\n<meta name=\"twitter:site\" content=\"@UnaYMilLetras\" \/>\n<meta name=\"twitter:label1\" content=\"Written by\" \/>\n\t<meta name=\"twitter:data1\" content=\"Redacci\u00f3n\" \/>\n\t<meta name=\"twitter:label2\" content=\"Estimated reading time\" \/>\n\t<meta name=\"twitter:data2\" content=\"2 minutes\" \/>\n<script type=\"application\/ld+json\" class=\"yoast-schema-graph\">{\"@context\":\"https:\\\/\\\/schema.org\",\"@graph\":[{\"@type\":\"Article\",\"@id\":\"https:\\\/\\\/unaymilletras.com\\\/dellafuente-lanza-rondo-su-aviso-para-el-metropolitano\\\/#article\",\"isPartOf\":{\"@id\":\"https:\\\/\\\/unaymilletras.com\\\/dellafuente-lanza-rondo-su-aviso-para-el-metropolitano\\\/\"},\"author\":{\"name\":\"Redacci\u00f3n\",\"@id\":\"http:\\\/\\\/unaymilletras.com\\\/#\\\/schema\\\/person\\\/0860dc8a218329991ee2c7591f4f849d\"},\"headline\":\"Dellafuente lanza \u2018Rondo\u2019, su aviso para el Metropolitano\",\"datePublished\":\"2025-06-03T13:31:28+00:00\",\"dateModified\":\"2025-06-03T13:36:54+00:00\",\"mainEntityOfPage\":{\"@id\":\"https:\\\/\\\/unaymilletras.com\\\/dellafuente-lanza-rondo-su-aviso-para-el-metropolitano\\\/\"},\"wordCount\":365,\"publisher\":{\"@id\":\"http:\\\/\\\/unaymilletras.com\\\/#organization\"},\"image\":{\"@id\":\"https:\\\/\\\/unaymilletras.com\\\/dellafuente-lanza-rondo-su-aviso-para-el-metropolitano\\\/#primaryimage\"},\"thumbnailUrl\":\"https:\\\/\\\/unaymilletras.com\\\/wp-content\\\/uploads\\\/2025\\\/06\\\/AL_VACIO_1.3.1.png\",\"articleSection\":[\"M\u00fasica\"],\"inLanguage\":\"en-GB\"},{\"@type\":\"WebPage\",\"@id\":\"https:\\\/\\\/unaymilletras.com\\\/dellafuente-lanza-rondo-su-aviso-para-el-metropolitano\\\/\",\"url\":\"https:\\\/\\\/unaymilletras.com\\\/dellafuente-lanza-rondo-su-aviso-para-el-metropolitano\\\/\",\"name\":\"Dellafuente lanza \u2018Rondo\u2019, su aviso para el Metropolitano\",\"isPartOf\":{\"@id\":\"http:\\\/\\\/unaymilletras.com\\\/#website\"},\"primaryImageOfPage\":{\"@id\":\"https:\\\/\\\/unaymilletras.com\\\/dellafuente-lanza-rondo-su-aviso-para-el-metropolitano\\\/#primaryimage\"},\"image\":{\"@id\":\"https:\\\/\\\/unaymilletras.com\\\/dellafuente-lanza-rondo-su-aviso-para-el-metropolitano\\\/#primaryimage\"},\"thumbnailUrl\":\"https:\\\/\\\/unaymilletras.com\\\/wp-content\\\/uploads\\\/2025\\\/06\\\/AL_VACIO_1.3.1.png\",\"datePublished\":\"2025-06-03T13:31:28+00:00\",\"dateModified\":\"2025-06-03T13:36:54+00:00\",\"description\":\"El EP \u2018Rondo\u2019 anticipa los hist\u00f3ricos conciertos de Dellafuente en el estadio Metropolitano y muestra el alma de sus ensayos m\u00e1s personales\",\"breadcrumb\":{\"@id\":\"https:\\\/\\\/unaymilletras.com\\\/dellafuente-lanza-rondo-su-aviso-para-el-metropolitano\\\/#breadcrumb\"},\"inLanguage\":\"en-GB\",\"potentialAction\":[{\"@type\":\"ReadAction\",\"target\":[\"https:\\\/\\\/unaymilletras.com\\\/dellafuente-lanza-rondo-su-aviso-para-el-metropolitano\\\/\"]}]},{\"@type\":\"ImageObject\",\"inLanguage\":\"en-GB\",\"@id\":\"https:\\\/\\\/unaymilletras.com\\\/dellafuente-lanza-rondo-su-aviso-para-el-metropolitano\\\/#primaryimage\",\"url\":\"https:\\\/\\\/unaymilletras.com\\\/wp-content\\\/uploads\\\/2025\\\/06\\\/AL_VACIO_1.3.1.png\",\"contentUrl\":\"https:\\\/\\\/unaymilletras.com\\\/wp-content\\\/uploads\\\/2025\\\/06\\\/AL_VACIO_1.3.1.png\",\"caption\":\"Dellafuente\"},{\"@type\":\"BreadcrumbList\",\"@id\":\"https:\\\/\\\/unaymilletras.com\\\/dellafuente-lanza-rondo-su-aviso-para-el-metropolitano\\\/#breadcrumb\",\"itemListElement\":[{\"@type\":\"ListItem\",\"position\":1,\"name\":\"Home\",\"item\":\"http:\\\/\\\/unaymilletras.com\\\/\"},{\"@type\":\"ListItem\",\"position\":2,\"name\":\"Dellafuente lanza \u2018Rondo\u2019, su aviso para el Metropolitano\"}]},{\"@type\":\"WebSite\",\"@id\":\"http:\\\/\\\/unaymilletras.com\\\/#website\",\"url\":\"http:\\\/\\\/unaymilletras.com\\\/\",\"name\":\"Una y Mil Letras\",\"description\":\"\",\"publisher\":{\"@id\":\"http:\\\/\\\/unaymilletras.com\\\/#organization\"},\"potentialAction\":[{\"@type\":\"SearchAction\",\"target\":{\"@type\":\"EntryPoint\",\"urlTemplate\":\"http:\\\/\\\/unaymilletras.com\\\/?s={search_term_string}\"},\"query-input\":{\"@type\":\"PropertyValueSpecification\",\"valueRequired\":true,\"valueName\":\"search_term_string\"}}],\"inLanguage\":\"en-GB\"},{\"@type\":\"Organization\",\"@id\":\"http:\\\/\\\/unaymilletras.com\\\/#organization\",\"name\":\"Una y Mil Letras\",\"url\":\"http:\\\/\\\/unaymilletras.com\\\/\",\"logo\":{\"@type\":\"ImageObject\",\"inLanguage\":\"en-GB\",\"@id\":\"http:\\\/\\\/unaymilletras.com\\\/#\\\/schema\\\/logo\\\/image\\\/\",\"url\":\"https:\\\/\\\/unaymilletras.com\\\/wp-content\\\/uploads\\\/2024\\\/06\\\/cropped-Logo-removebg-preview.png\",\"contentUrl\":\"https:\\\/\\\/unaymilletras.com\\\/wp-content\\\/uploads\\\/2024\\\/06\\\/cropped-Logo-removebg-preview.png\",\"width\":512,\"height\":512,\"caption\":\"Una y Mil Letras\"},\"image\":{\"@id\":\"http:\\\/\\\/unaymilletras.com\\\/#\\\/schema\\\/logo\\\/image\\\/\"},\"sameAs\":[\"https:\\\/\\\/x.com\\\/UnaYMilLetras\",\"https:\\\/\\\/instagram.com\\\/UnaYMilLetras\"]},{\"@type\":\"Person\",\"@id\":\"http:\\\/\\\/unaymilletras.com\\\/#\\\/schema\\\/person\\\/0860dc8a218329991ee2c7591f4f849d\",\"name\":\"Redacci\u00f3n\",\"image\":{\"@type\":\"ImageObject\",\"inLanguage\":\"en-GB\",\"@id\":\"https:\\\/\\\/secure.gravatar.com\\\/avatar\\\/d8f55e05a8b6597e45c55a1dcbdbfe44f4a360d88b48e00de5216a79b7732796?s=96&d=mm&r=g\",\"url\":\"https:\\\/\\\/secure.gravatar.com\\\/avatar\\\/d8f55e05a8b6597e45c55a1dcbdbfe44f4a360d88b48e00de5216a79b7732796?s=96&d=mm&r=g\",\"contentUrl\":\"https:\\\/\\\/secure.gravatar.com\\\/avatar\\\/d8f55e05a8b6597e45c55a1dcbdbfe44f4a360d88b48e00de5216a79b7732796?s=96&d=mm&r=g\",\"caption\":\"Redacci\u00f3n\"},\"url\":\"https:\\\/\\\/unaymilletras.com\\\/en\\\/author\\\/redaccion\\\/\"}]}<\/script>\n<!-- \/ Yoast SEO plugin. -->","yoast_head_json":{"title":"Dellafuente lanza \u2018Rondo\u2019, su aviso para el Metropolitano","description":"El EP \u2018Rondo\u2019 anticipa los hist\u00f3ricos conciertos de Dellafuente en el estadio Metropolitano y muestra el alma de sus ensayos m\u00e1s personales","robots":{"index":"index","follow":"follow","max-snippet":"max-snippet:-1","max-image-preview":"max-image-preview:large","max-video-preview":"max-video-preview:-1"},"canonical":"https:\/\/unaymilletras.com\/en\/dellafuente-lanza-rondo-su-aviso-para-el-metropolitano\/","og_locale":"en_GB","og_type":"article","og_title":"Dellafuente lanza \u2018Rondo\u2019, su aviso para el Metropolitano","og_description":"El EP \u2018Rondo\u2019 anticipa los hist\u00f3ricos conciertos de Dellafuente en el estadio Metropolitano y muestra el alma de sus ensayos m\u00e1s personales","og_url":"https:\/\/unaymilletras.com\/en\/dellafuente-lanza-rondo-su-aviso-para-el-metropolitano\/","og_site_name":"Una y Mil Letras","article_published_time":"2025-06-03T13:31:28+00:00","article_modified_time":"2025-06-03T13:36:54+00:00","og_image":[{"url":"http:\/\/unaymilletras.com\/wp-content\/uploads\/2025\/06\/AL_VACIO_1.3.1.png","width":1,"height":1,"type":"image\/png"}],"author":"Redacci\u00f3n","twitter_card":"summary_large_image","twitter_creator":"@UnaYMilLetras","twitter_site":"@UnaYMilLetras","twitter_misc":{"Written by":"Redacci\u00f3n","Estimated reading time":"2 minutes"},"schema":{"@context":"https:\/\/schema.org","@graph":[{"@type":"Article","@id":"https:\/\/unaymilletras.com\/dellafuente-lanza-rondo-su-aviso-para-el-metropolitano\/#article","isPartOf":{"@id":"https:\/\/unaymilletras.com\/dellafuente-lanza-rondo-su-aviso-para-el-metropolitano\/"},"author":{"name":"Redacci\u00f3n","@id":"http:\/\/unaymilletras.com\/#\/schema\/person\/0860dc8a218329991ee2c7591f4f849d"},"headline":"Dellafuente lanza \u2018Rondo\u2019, su aviso para el Metropolitano","datePublished":"2025-06-03T13:31:28+00:00","dateModified":"2025-06-03T13:36:54+00:00","mainEntityOfPage":{"@id":"https:\/\/unaymilletras.com\/dellafuente-lanza-rondo-su-aviso-para-el-metropolitano\/"},"wordCount":365,"publisher":{"@id":"http:\/\/unaymilletras.com\/#organization"},"image":{"@id":"https:\/\/unaymilletras.com\/dellafuente-lanza-rondo-su-aviso-para-el-metropolitano\/#primaryimage"},"thumbnailUrl":"https:\/\/unaymilletras.com\/wp-content\/uploads\/2025\/06\/AL_VACIO_1.3.1.png","articleSection":["M\u00fasica"],"inLanguage":"en-GB"},{"@type":"WebPage","@id":"https:\/\/unaymilletras.com\/dellafuente-lanza-rondo-su-aviso-para-el-metropolitano\/","url":"https:\/\/unaymilletras.com\/dellafuente-lanza-rondo-su-aviso-para-el-metropolitano\/","name":"Dellafuente lanza \u2018Rondo\u2019, su aviso para el Metropolitano","isPartOf":{"@id":"http:\/\/unaymilletras.com\/#website"},"primaryImageOfPage":{"@id":"https:\/\/unaymilletras.com\/dellafuente-lanza-rondo-su-aviso-para-el-metropolitano\/#primaryimage"},"image":{"@id":"https:\/\/unaymilletras.com\/dellafuente-lanza-rondo-su-aviso-para-el-metropolitano\/#primaryimage"},"thumbnailUrl":"https:\/\/unaymilletras.com\/wp-content\/uploads\/2025\/06\/AL_VACIO_1.3.1.png","datePublished":"2025-06-03T13:31:28+00:00","dateModified":"2025-06-03T13:36:54+00:00","description":"El EP \u2018Rondo\u2019 anticipa los hist\u00f3ricos conciertos de Dellafuente en el estadio Metropolitano y muestra el alma de sus ensayos m\u00e1s personales","breadcrumb":{"@id":"https:\/\/unaymilletras.com\/dellafuente-lanza-rondo-su-aviso-para-el-metropolitano\/#breadcrumb"},"inLanguage":"en-GB","potentialAction":[{"@type":"ReadAction","target":["https:\/\/unaymilletras.com\/dellafuente-lanza-rondo-su-aviso-para-el-metropolitano\/"]}]},{"@type":"ImageObject","inLanguage":"en-GB","@id":"https:\/\/unaymilletras.com\/dellafuente-lanza-rondo-su-aviso-para-el-metropolitano\/#primaryimage","url":"https:\/\/unaymilletras.com\/wp-content\/uploads\/2025\/06\/AL_VACIO_1.3.1.png","contentUrl":"https:\/\/unaymilletras.com\/wp-content\/uploads\/2025\/06\/AL_VACIO_1.3.1.png","caption":"Dellafuente"},{"@type":"BreadcrumbList","@id":"https:\/\/unaymilletras.com\/dellafuente-lanza-rondo-su-aviso-para-el-metropolitano\/#breadcrumb","itemListElement":[{"@type":"ListItem","position":1,"name":"Home","item":"http:\/\/unaymilletras.com\/"},{"@type":"ListItem","position":2,"name":"Dellafuente lanza \u2018Rondo\u2019, su aviso para el Metropolitano"}]},{"@type":"WebSite","@id":"http:\/\/unaymilletras.com\/#website","url":"http:\/\/unaymilletras.com\/","name":"Una y Mil Letras","description":"","publisher":{"@id":"http:\/\/unaymilletras.com\/#organization"},"potentialAction":[{"@type":"SearchAction","target":{"@type":"EntryPoint","urlTemplate":"http:\/\/unaymilletras.com\/?s={search_term_string}"},"query-input":{"@type":"PropertyValueSpecification","valueRequired":true,"valueName":"search_term_string"}}],"inLanguage":"en-GB"},{"@type":"Organization","@id":"http:\/\/unaymilletras.com\/#organization","name":"Una y Mil Letras","url":"http:\/\/unaymilletras.com\/","logo":{"@type":"ImageObject","inLanguage":"en-GB","@id":"http:\/\/unaymilletras.com\/#\/schema\/logo\/image\/","url":"https:\/\/unaymilletras.com\/wp-content\/uploads\/2024\/06\/cropped-Logo-removebg-preview.png","contentUrl":"https:\/\/unaymilletras.com\/wp-content\/uploads\/2024\/06\/cropped-Logo-removebg-preview.png","width":512,"height":512,"caption":"Una y Mil Letras"},"image":{"@id":"http:\/\/unaymilletras.com\/#\/schema\/logo\/image\/"},"sameAs":["https:\/\/x.com\/UnaYMilLetras","https:\/\/instagram.com\/UnaYMilLetras"]},{"@type":"Person","@id":"http:\/\/unaymilletras.com\/#\/schema\/person\/0860dc8a218329991ee2c7591f4f849d","name":"Redacci\u00f3n","image":{"@type":"ImageObject","inLanguage":"en-GB","@id":"https:\/\/secure.gravatar.com\/avatar\/d8f55e05a8b6597e45c55a1dcbdbfe44f4a360d88b48e00de5216a79b7732796?s=96&d=mm&r=g","url":"https:\/\/secure.gravatar.com\/avatar\/d8f55e05a8b6597e45c55a1dcbdbfe44f4a360d88b48e00de5216a79b7732796?s=96&d=mm&r=g","contentUrl":"https:\/\/secure.gravatar.com\/avatar\/d8f55e05a8b6597e45c55a1dcbdbfe44f4a360d88b48e00de5216a79b7732796?s=96&d=mm&r=g","caption":"Redacci\u00f3n"},"url":"https:\/\/unaymilletras.com\/en\/author\/redaccion\/"}]}},"_links":{"self":[{"href":"https:\/\/unaymilletras.com\/en\/wp-json\/wp\/v2\/posts\/4950","targetHints":{"allow":["GET"]}}],"collection":[{"href":"https:\/\/unaymilletras.com\/en\/wp-json\/wp\/v2\/posts"}],"about":[{"href":"https:\/\/unaymilletras.com\/en\/wp-json\/wp\/v2\/types\/post"}],"author":[{"embeddable":true,"href":"https:\/\/unaymilletras.com\/en\/wp-json\/wp\/v2\/users\/6"}],"replies":[{"embeddable":true,"href":"https:\/\/unaymilletras.com\/en\/wp-json\/wp\/v2\/comments?post=4950"}],"version-history":[{"count":10,"href":"https:\/\/unaymilletras.com\/en\/wp-json\/wp\/v2\/posts\/4950\/revisions"}],"predecessor-version":[{"id":5001,"href":"https:\/\/unaymilletras.com\/en\/wp-json\/wp\/v2\/posts\/4950\/revisions\/5001"}],"wp:featuredmedia":[{"embeddable":true,"href":"https:\/\/unaymilletras.com\/en\/wp-json\/wp\/v2\/media\/4995"}],"wp:attachment":[{"href":"https:\/\/unaymilletras.com\/en\/wp-json\/wp\/v2\/media?parent=4950"}],"wp:term":[{"taxonomy":"category","embeddable":true,"href":"https:\/\/unaymilletras.com\/en\/wp-json\/wp\/v2\/categories?post=4950"},{"taxonomy":"post_tag","embeddable":true,"href":"https:\/\/unaymilletras.com\/en\/wp-json\/wp\/v2\/tags?post=4950"}],"curies":[{"name":"wp","href":"https:\/\/api.w.org\/{rel}","templated":true}]}}