{"id":4961,"date":"2025-06-02T18:00:00","date_gmt":"2025-06-02T16:00:00","guid":{"rendered":"https:\/\/unaymilletras.com\/?p=4961"},"modified":"2025-06-02T13:06:50","modified_gmt":"2025-06-02T11:06:50","slug":"el-festival-rio-babel-2025-en-su-edicion-mas-ambiciosa","status":"publish","type":"post","link":"https:\/\/unaymilletras.com\/en\/el-festival-rio-babel-2025-en-su-edicion-mas-ambiciosa\/","title":{"rendered":"El Festival R\u00edo Babel 2025 presenta su edici\u00f3n m\u00e1s ambiciosa"},"content":{"rendered":"<div data-elementor-type=\"wp-post\" data-elementor-id=\"4961\" class=\"elementor elementor-4961\">\n\t\t\t\t\t\t<section class=\"elementor-section elementor-top-section elementor-element elementor-element-87a4a28 elementor-section-boxed elementor-section-height-default elementor-section-height-default\" data-id=\"87a4a28\" data-element_type=\"section\" data-e-type=\"section\">\n\t\t\t\t\t\t<div class=\"elementor-container elementor-column-gap-default\">\n\t\t\t\t\t<div class=\"elementor-column elementor-col-100 elementor-top-column elementor-element elementor-element-c4cfd18\" data-id=\"c4cfd18\" data-element_type=\"column\" data-e-type=\"column\">\n\t\t\t<div class=\"elementor-widget-wrap elementor-element-populated\">\n\t\t\t\t\t\t<div class=\"elementor-element elementor-element-c04cfba elementor-widget elementor-widget-text-editor\" data-id=\"c04cfba\" data-element_type=\"widget\" data-e-type=\"widget\" data-widget_type=\"text-editor.default\">\n\t\t\t\t<div class=\"elementor-widget-container\">\n\t\t\t\t\t\t\t\t\t<h3><strong><span style=\"color: #999999;\">Con un cartel estelar encabezado por Kase.O,&nbsp; Estopa y m\u00e1s, el Festival R\u00edo Babel celebra su 8\u00aa edici\u00f3n y promete una experiencia musical sin precedentes<\/span><\/strong><\/h3>\t\t\t\t\t\t\t\t<\/div>\n\t\t\t\t<\/div>\n\t\t\t\t<div class=\"elementor-element elementor-element-f6a10bd elementor-widget elementor-widget-text-editor\" data-id=\"f6a10bd\" data-element_type=\"widget\" data-e-type=\"widget\" data-widget_type=\"text-editor.default\">\n\t\t\t\t<div class=\"elementor-widget-container\">\n\t\t\t\t\t\t\t\t\t<p><span style=\"font-weight: 400;\">La octava edici\u00f3n del <a href=\"https:\/\/festivalriobabel.com\/2025\/?utm_campaign=ndp-rb25-lia-kali-recinto&amp;utm_medium=email&amp;utm_source=acumbamail\">Festival R\u00edo Babel<\/a> marca un hito en su trayectoria con un cambio de escenario que eleva las expectativas: se celebrar\u00e1 por primera vez en el <strong>Auditorio Miguel R\u00edos de Rivas-Vaciamadrid,<\/strong> el recinto al aire libre m\u00e1s grande de Espa\u00f1a. Con una capacidad de hasta <strong>34.000 personas<\/strong> y un dise\u00f1o en forma de anfiteatro que garantiza visibilidad y una ac\u00fastica excepcionales, el nuevo emplazamiento promete transformar la experiencia del p\u00fablico como nunca antes.<\/span><\/p><p><span style=\"font-weight: 400;\">Los d\u00edas 4 y 5 de julio de 2025, este emblem\u00e1tico festival regresa con una programaci\u00f3n vibrante. El <strong>viernes 4<\/strong> abrir\u00e1 con fuerza: Kase.O y Cypress Hill lideran un cartel explosivo que incluye a Caravan Palace, Rawayana, Los Amigos Invisibles, Mr. Kilombo, Reyna Tropical, Bacilos, \u00c1cido Pantera, Jaguayano y Lia Kali.<\/span><\/p><p><span style=\"font-weight: 400;\">El s\u00e1bado<strong> 5 de julio<\/strong> estar\u00e1 marcado por la celebraci\u00f3n de los 30 a\u00f1os de carrera de la banda uruguaya No Te Va Gustar, en una jornada que tambi\u00e9n contar\u00e1 con los siempre esperados Estopa y los brit\u00e1nicos Madness como cabezas de cartel. Completan el programa Yerai Cort\u00e9s, Bebe, Alamedadosoulna, Queralt Lahoz, Griso, La Ganga Cal\u00e9, Sanguijuelas del Guadiana y los ecuatorianos Swing Original Monks, en una noche cargada de energ\u00eda.<\/span><\/p>\t\t\t\t\t\t\t\t<\/div>\n\t\t\t\t<\/div>\n\t\t\t\t<div class=\"elementor-element elementor-element-6c8e37b elementor-widget elementor-widget-image\" data-id=\"6c8e37b\" data-element_type=\"widget\" data-e-type=\"widget\" data-widget_type=\"image.default\">\n\t\t\t\t<div class=\"elementor-widget-container\">\n\t\t\t\t\t\t\t\t\t\t\t\t\t\t\t<img fetchpriority=\"high\" decoding=\"async\" width=\"640\" height=\"800\" src=\"https:\/\/unaymilletras.com\/wp-content\/uploads\/2025\/06\/unnamed-8-819x1024.jpg\" class=\"attachment-large size-large wp-image-4962\" alt=\"rio babel\" srcset=\"https:\/\/unaymilletras.com\/wp-content\/uploads\/2025\/06\/unnamed-8-819x1024.jpg 819w, https:\/\/unaymilletras.com\/wp-content\/uploads\/2025\/06\/unnamed-8-240x300.jpg 240w, https:\/\/unaymilletras.com\/wp-content\/uploads\/2025\/06\/unnamed-8-768x960.jpg 768w, https:\/\/unaymilletras.com\/wp-content\/uploads\/2025\/06\/unnamed-8-1229x1536.jpg 1229w, https:\/\/unaymilletras.com\/wp-content\/uploads\/2025\/06\/unnamed-8-1638x2048.jpg 1638w, https:\/\/unaymilletras.com\/wp-content\/uploads\/2025\/06\/unnamed-8-10x12.jpg 10w, https:\/\/unaymilletras.com\/wp-content\/uploads\/2025\/06\/unnamed-8-1024x1280.jpg 1024w, https:\/\/unaymilletras.com\/wp-content\/uploads\/2025\/06\/unnamed-8-e1748781779456.jpg 600w\" sizes=\"(max-width: 640px) 100vw, 640px\" \/>\t\t\t\t\t\t\t\t\t\t\t\t\t\t\t<\/div>\n\t\t\t\t<\/div>\n\t\t\t\t<div class=\"elementor-element elementor-element-9362d64 elementor-widget elementor-widget-text-editor\" data-id=\"9362d64\" data-element_type=\"widget\" data-e-type=\"widget\" data-widget_type=\"text-editor.default\">\n\t\t\t\t<div class=\"elementor-widget-container\">\n\t\t\t\t\t\t\t\t\t<p><span style=\"font-weight: 400\">La organizaci\u00f3n ha apostado por mejorar no solo el cartel, sino tambi\u00e9n la experiencia de los asistentes. El recinto contar\u00e1 con c\u00e9sped artificial para mayor comodidad, sistemas de nebulizaci\u00f3n para refrescar el ambiente durante las horas m\u00e1s calurosas y una cuidada disposici\u00f3n del espacio para facilitar el movimiento del p\u00fablico.<\/span><\/p><p><span style=\"font-weight: 400\">La accesibilidad tambi\u00e9n es un punto fuerte de esta nueva ubicaci\u00f3n. El Auditorio Miguel R\u00edos est\u00e1 excelentemente comunicado mediante transporte p\u00fablico y cuenta con amplio aparcamiento para quienes prefieran acudir en coche. Adem\u00e1s, se reforzar\u00e1n los servicios de lanzadera para facilitar el regreso a Madrid al finalizar los conciertos, fomentando una movilidad sostenible.<\/span><\/p><p><span style=\"font-weight: 400\">Las puertas se abrir\u00e1n ambos d\u00edas a las 17:30h y los conciertos se desarrollar\u00e1n desde las 18:00h hasta las 03:00h, ofreciendo una intensa jornada musical que promete ser inolvidable.<\/span><\/p><p><span style=\"font-weight: 400\">Con esta edici\u00f3n, el Festival R\u00edo Babel no solo reafirma su identidad multicultural y su fusi\u00f3n \u00fanica de sonidos, sino que se consolida como uno de los eventos culturales m\u00e1s destacados del verano en Espa\u00f1a. La cuenta atr\u00e1s ha comenzado.<\/span><\/p>\t\t\t\t\t\t\t\t<\/div>\n\t\t\t\t<\/div>\n\t\t\t\t<div class=\"elementor-element elementor-element-73ae00e elementor-widget elementor-widget-video\" data-id=\"73ae00e\" data-element_type=\"widget\" data-e-type=\"widget\" data-settings=\"{&quot;youtube_url&quot;:&quot;https:\\\/\\\/youtu.be\\\/Kai8uOoHNqM?si=w40LbYDpznwpf1Nf&quot;,&quot;video_type&quot;:&quot;youtube&quot;,&quot;controls&quot;:&quot;yes&quot;}\" data-widget_type=\"video.default\">\n\t\t\t\t<div class=\"elementor-widget-container\">\n\t\t\t\t\t\t\t<div class=\"elementor-wrapper elementor-open-inline\">\n\t\t\t<div class=\"elementor-video\"><\/div>\t\t<\/div>\n\t\t\t\t\t\t<\/div>\n\t\t\t\t<\/div>\n\t\t\t\t\t<\/div>\n\t\t<\/div>\n\t\t\t\t\t<\/div>\n\t\t<\/section>\n\t\t\t\t<\/div>","protected":false},"excerpt":{"rendered":"<p>Con un cartel estelar encabezado por Kase.O,&nbsp; Estopa y m\u00e1s, el Festival R\u00edo Babel celebra su 8\u00aa edici\u00f3n y promete una experiencia musical sin precedentes La octava edici\u00f3n del Festival R\u00edo Babel marca un hito en su trayectoria con un cambio de escenario que eleva las expectativas: se celebrar\u00e1 por primera vez en el Auditorio [&hellip;]<\/p>\n","protected":false},"author":8,"featured_media":4962,"comment_status":"closed","ping_status":"closed","sticky":false,"template":"","format":"standard","meta":{"footnotes":""},"categories":[4],"tags":[],"class_list":["post-4961","post","type-post","status-publish","format-standard","has-post-thumbnail","hentry","category-musica"],"yoast_head":"<!-- This site is optimized with the Yoast SEO plugin v27.4 - https:\/\/yoast.com\/product\/yoast-seo-wordpress\/ -->\n<title>El Festival R\u00edo Babel 2025 presenta su edici\u00f3n m\u00e1s ambiciosa &#8902; Una y Mil Letras<\/title>\n<meta name=\"description\" content=\"La octava edici\u00f3n del Festival R\u00edo Babel marca un hito en su trayectoria con un cambio de escenario que eleva las expectativas\" \/>\n<meta name=\"robots\" content=\"index, follow, max-snippet:-1, max-image-preview:large, max-video-preview:-1\" \/>\n<link rel=\"canonical\" href=\"https:\/\/unaymilletras.com\/en\/el-festival-rio-babel-2025-en-su-edicion-mas-ambiciosa\/\" \/>\n<meta property=\"og:locale\" content=\"en_GB\" \/>\n<meta property=\"og:type\" content=\"article\" \/>\n<meta property=\"og:title\" content=\"El Festival R\u00edo Babel 2025 presenta su edici\u00f3n m\u00e1s ambiciosa &#8902; Una y Mil Letras\" \/>\n<meta property=\"og:description\" content=\"La octava edici\u00f3n del Festival R\u00edo Babel marca un hito en su trayectoria con un cambio de escenario que eleva las expectativas\" \/>\n<meta property=\"og:url\" content=\"https:\/\/unaymilletras.com\/en\/el-festival-rio-babel-2025-en-su-edicion-mas-ambiciosa\/\" \/>\n<meta property=\"og:site_name\" content=\"Una y Mil Letras\" \/>\n<meta property=\"article:published_time\" content=\"2025-06-02T16:00:00+00:00\" \/>\n<meta property=\"og:image\" content=\"https:\/\/unaymilletras.com\/wp-content\/uploads\/2025\/06\/unnamed-8-e1748781779456.jpg\" \/>\n\t<meta property=\"og:image:width\" content=\"600\" \/>\n\t<meta property=\"og:image:height\" content=\"750\" \/>\n\t<meta property=\"og:image:type\" content=\"image\/jpeg\" \/>\n<meta name=\"author\" content=\"Alvany Pereira\" \/>\n<meta name=\"twitter:card\" content=\"summary_large_image\" \/>\n<meta name=\"twitter:creator\" content=\"@UnaYMilLetras\" \/>\n<meta name=\"twitter:site\" content=\"@UnaYMilLetras\" \/>\n<meta name=\"twitter:label1\" content=\"Written by\" \/>\n\t<meta name=\"twitter:data1\" content=\"Alvany Pereira\" \/>\n\t<meta name=\"twitter:label2\" content=\"Estimated reading time\" \/>\n\t<meta name=\"twitter:data2\" content=\"3 minutes\" \/>\n<script type=\"application\/ld+json\" class=\"yoast-schema-graph\">{\"@context\":\"https:\\\/\\\/schema.org\",\"@graph\":[{\"@type\":\"Article\",\"@id\":\"https:\\\/\\\/unaymilletras.com\\\/el-festival-rio-babel-2025-en-su-edicion-mas-ambiciosa\\\/#article\",\"isPartOf\":{\"@id\":\"https:\\\/\\\/unaymilletras.com\\\/el-festival-rio-babel-2025-en-su-edicion-mas-ambiciosa\\\/\"},\"author\":{\"name\":\"Alvany Pereira\",\"@id\":\"http:\\\/\\\/unaymilletras.com\\\/#\\\/schema\\\/person\\\/f9792b0b93704f9d3f6cef46c2048d7d\"},\"headline\":\"El Festival R\u00edo Babel 2025 presenta su edici\u00f3n m\u00e1s ambiciosa\",\"datePublished\":\"2025-06-02T16:00:00+00:00\",\"mainEntityOfPage\":{\"@id\":\"https:\\\/\\\/unaymilletras.com\\\/el-festival-rio-babel-2025-en-su-edicion-mas-ambiciosa\\\/\"},\"wordCount\":454,\"publisher\":{\"@id\":\"http:\\\/\\\/unaymilletras.com\\\/#organization\"},\"image\":{\"@id\":\"https:\\\/\\\/unaymilletras.com\\\/el-festival-rio-babel-2025-en-su-edicion-mas-ambiciosa\\\/#primaryimage\"},\"thumbnailUrl\":\"https:\\\/\\\/unaymilletras.com\\\/wp-content\\\/uploads\\\/2025\\\/06\\\/unnamed-8-e1748781779456.jpg\",\"articleSection\":[\"M\u00fasica\"],\"inLanguage\":\"en-GB\"},{\"@type\":\"WebPage\",\"@id\":\"https:\\\/\\\/unaymilletras.com\\\/el-festival-rio-babel-2025-en-su-edicion-mas-ambiciosa\\\/\",\"url\":\"https:\\\/\\\/unaymilletras.com\\\/el-festival-rio-babel-2025-en-su-edicion-mas-ambiciosa\\\/\",\"name\":\"El Festival R\u00edo Babel 2025 presenta su edici\u00f3n m\u00e1s ambiciosa &#8902; Una y Mil Letras\",\"isPartOf\":{\"@id\":\"http:\\\/\\\/unaymilletras.com\\\/#website\"},\"primaryImageOfPage\":{\"@id\":\"https:\\\/\\\/unaymilletras.com\\\/el-festival-rio-babel-2025-en-su-edicion-mas-ambiciosa\\\/#primaryimage\"},\"image\":{\"@id\":\"https:\\\/\\\/unaymilletras.com\\\/el-festival-rio-babel-2025-en-su-edicion-mas-ambiciosa\\\/#primaryimage\"},\"thumbnailUrl\":\"https:\\\/\\\/unaymilletras.com\\\/wp-content\\\/uploads\\\/2025\\\/06\\\/unnamed-8-e1748781779456.jpg\",\"datePublished\":\"2025-06-02T16:00:00+00:00\",\"description\":\"La octava edici\u00f3n del Festival R\u00edo Babel marca un hito en su trayectoria con un cambio de escenario que eleva las expectativas\",\"breadcrumb\":{\"@id\":\"https:\\\/\\\/unaymilletras.com\\\/el-festival-rio-babel-2025-en-su-edicion-mas-ambiciosa\\\/#breadcrumb\"},\"inLanguage\":\"en-GB\",\"potentialAction\":[{\"@type\":\"ReadAction\",\"target\":[\"https:\\\/\\\/unaymilletras.com\\\/el-festival-rio-babel-2025-en-su-edicion-mas-ambiciosa\\\/\"]}]},{\"@type\":\"ImageObject\",\"inLanguage\":\"en-GB\",\"@id\":\"https:\\\/\\\/unaymilletras.com\\\/el-festival-rio-babel-2025-en-su-edicion-mas-ambiciosa\\\/#primaryimage\",\"url\":\"https:\\\/\\\/unaymilletras.com\\\/wp-content\\\/uploads\\\/2025\\\/06\\\/unnamed-8-e1748781779456.jpg\",\"contentUrl\":\"https:\\\/\\\/unaymilletras.com\\\/wp-content\\\/uploads\\\/2025\\\/06\\\/unnamed-8-e1748781779456.jpg\",\"width\":600,\"height\":750,\"caption\":\"rio babel\"},{\"@type\":\"BreadcrumbList\",\"@id\":\"https:\\\/\\\/unaymilletras.com\\\/el-festival-rio-babel-2025-en-su-edicion-mas-ambiciosa\\\/#breadcrumb\",\"itemListElement\":[{\"@type\":\"ListItem\",\"position\":1,\"name\":\"Home\",\"item\":\"http:\\\/\\\/unaymilletras.com\\\/\"},{\"@type\":\"ListItem\",\"position\":2,\"name\":\"El Festival R\u00edo Babel 2025 presenta su edici\u00f3n m\u00e1s ambiciosa\"}]},{\"@type\":\"WebSite\",\"@id\":\"http:\\\/\\\/unaymilletras.com\\\/#website\",\"url\":\"http:\\\/\\\/unaymilletras.com\\\/\",\"name\":\"Una y Mil Letras\",\"description\":\"\",\"publisher\":{\"@id\":\"http:\\\/\\\/unaymilletras.com\\\/#organization\"},\"potentialAction\":[{\"@type\":\"SearchAction\",\"target\":{\"@type\":\"EntryPoint\",\"urlTemplate\":\"http:\\\/\\\/unaymilletras.com\\\/?s={search_term_string}\"},\"query-input\":{\"@type\":\"PropertyValueSpecification\",\"valueRequired\":true,\"valueName\":\"search_term_string\"}}],\"inLanguage\":\"en-GB\"},{\"@type\":\"Organization\",\"@id\":\"http:\\\/\\\/unaymilletras.com\\\/#organization\",\"name\":\"Una y Mil Letras\",\"url\":\"http:\\\/\\\/unaymilletras.com\\\/\",\"logo\":{\"@type\":\"ImageObject\",\"inLanguage\":\"en-GB\",\"@id\":\"http:\\\/\\\/unaymilletras.com\\\/#\\\/schema\\\/logo\\\/image\\\/\",\"url\":\"https:\\\/\\\/unaymilletras.com\\\/wp-content\\\/uploads\\\/2024\\\/06\\\/cropped-Logo-removebg-preview.png\",\"contentUrl\":\"https:\\\/\\\/unaymilletras.com\\\/wp-content\\\/uploads\\\/2024\\\/06\\\/cropped-Logo-removebg-preview.png\",\"width\":512,\"height\":512,\"caption\":\"Una y Mil Letras\"},\"image\":{\"@id\":\"http:\\\/\\\/unaymilletras.com\\\/#\\\/schema\\\/logo\\\/image\\\/\"},\"sameAs\":[\"https:\\\/\\\/x.com\\\/UnaYMilLetras\",\"https:\\\/\\\/instagram.com\\\/UnaYMilLetras\"]},{\"@type\":\"Person\",\"@id\":\"http:\\\/\\\/unaymilletras.com\\\/#\\\/schema\\\/person\\\/f9792b0b93704f9d3f6cef46c2048d7d\",\"name\":\"Alvany Pereira\",\"image\":{\"@type\":\"ImageObject\",\"inLanguage\":\"en-GB\",\"@id\":\"https:\\\/\\\/secure.gravatar.com\\\/avatar\\\/1a5fbcc81714220624d70f391a6187cd1434ccfcb154238afd238d6b8bb7f593?s=96&d=mm&r=g\",\"url\":\"https:\\\/\\\/secure.gravatar.com\\\/avatar\\\/1a5fbcc81714220624d70f391a6187cd1434ccfcb154238afd238d6b8bb7f593?s=96&d=mm&r=g\",\"contentUrl\":\"https:\\\/\\\/secure.gravatar.com\\\/avatar\\\/1a5fbcc81714220624d70f391a6187cd1434ccfcb154238afd238d6b8bb7f593?s=96&d=mm&r=g\",\"caption\":\"Alvany Pereira\"},\"url\":\"https:\\\/\\\/unaymilletras.com\\\/en\\\/author\\\/alvanysophia\\\/\"}]}<\/script>\n<!-- \/ Yoast SEO plugin. -->","yoast_head_json":{"title":"El Festival R\u00edo Babel 2025 presenta su edici\u00f3n m\u00e1s ambiciosa &#8902; Una y Mil Letras","description":"La octava edici\u00f3n del Festival R\u00edo Babel marca un hito en su trayectoria con un cambio de escenario que eleva las expectativas","robots":{"index":"index","follow":"follow","max-snippet":"max-snippet:-1","max-image-preview":"max-image-preview:large","max-video-preview":"max-video-preview:-1"},"canonical":"https:\/\/unaymilletras.com\/en\/el-festival-rio-babel-2025-en-su-edicion-mas-ambiciosa\/","og_locale":"en_GB","og_type":"article","og_title":"El Festival R\u00edo Babel 2025 presenta su edici\u00f3n m\u00e1s ambiciosa &#8902; Una y Mil Letras","og_description":"La octava edici\u00f3n del Festival R\u00edo Babel marca un hito en su trayectoria con un cambio de escenario que eleva las expectativas","og_url":"https:\/\/unaymilletras.com\/en\/el-festival-rio-babel-2025-en-su-edicion-mas-ambiciosa\/","og_site_name":"Una y Mil Letras","article_published_time":"2025-06-02T16:00:00+00:00","og_image":[{"width":600,"height":750,"url":"https:\/\/unaymilletras.com\/wp-content\/uploads\/2025\/06\/unnamed-8-e1748781779456.jpg","type":"image\/jpeg"}],"author":"Alvany Pereira","twitter_card":"summary_large_image","twitter_creator":"@UnaYMilLetras","twitter_site":"@UnaYMilLetras","twitter_misc":{"Written by":"Alvany Pereira","Estimated reading time":"3 minutes"},"schema":{"@context":"https:\/\/schema.org","@graph":[{"@type":"Article","@id":"https:\/\/unaymilletras.com\/el-festival-rio-babel-2025-en-su-edicion-mas-ambiciosa\/#article","isPartOf":{"@id":"https:\/\/unaymilletras.com\/el-festival-rio-babel-2025-en-su-edicion-mas-ambiciosa\/"},"author":{"name":"Alvany Pereira","@id":"http:\/\/unaymilletras.com\/#\/schema\/person\/f9792b0b93704f9d3f6cef46c2048d7d"},"headline":"El Festival R\u00edo Babel 2025 presenta su edici\u00f3n m\u00e1s ambiciosa","datePublished":"2025-06-02T16:00:00+00:00","mainEntityOfPage":{"@id":"https:\/\/unaymilletras.com\/el-festival-rio-babel-2025-en-su-edicion-mas-ambiciosa\/"},"wordCount":454,"publisher":{"@id":"http:\/\/unaymilletras.com\/#organization"},"image":{"@id":"https:\/\/unaymilletras.com\/el-festival-rio-babel-2025-en-su-edicion-mas-ambiciosa\/#primaryimage"},"thumbnailUrl":"https:\/\/unaymilletras.com\/wp-content\/uploads\/2025\/06\/unnamed-8-e1748781779456.jpg","articleSection":["M\u00fasica"],"inLanguage":"en-GB"},{"@type":"WebPage","@id":"https:\/\/unaymilletras.com\/el-festival-rio-babel-2025-en-su-edicion-mas-ambiciosa\/","url":"https:\/\/unaymilletras.com\/el-festival-rio-babel-2025-en-su-edicion-mas-ambiciosa\/","name":"El Festival R\u00edo Babel 2025 presenta su edici\u00f3n m\u00e1s ambiciosa &#8902; Una y Mil Letras","isPartOf":{"@id":"http:\/\/unaymilletras.com\/#website"},"primaryImageOfPage":{"@id":"https:\/\/unaymilletras.com\/el-festival-rio-babel-2025-en-su-edicion-mas-ambiciosa\/#primaryimage"},"image":{"@id":"https:\/\/unaymilletras.com\/el-festival-rio-babel-2025-en-su-edicion-mas-ambiciosa\/#primaryimage"},"thumbnailUrl":"https:\/\/unaymilletras.com\/wp-content\/uploads\/2025\/06\/unnamed-8-e1748781779456.jpg","datePublished":"2025-06-02T16:00:00+00:00","description":"La octava edici\u00f3n del Festival R\u00edo Babel marca un hito en su trayectoria con un cambio de escenario que eleva las expectativas","breadcrumb":{"@id":"https:\/\/unaymilletras.com\/el-festival-rio-babel-2025-en-su-edicion-mas-ambiciosa\/#breadcrumb"},"inLanguage":"en-GB","potentialAction":[{"@type":"ReadAction","target":["https:\/\/unaymilletras.com\/el-festival-rio-babel-2025-en-su-edicion-mas-ambiciosa\/"]}]},{"@type":"ImageObject","inLanguage":"en-GB","@id":"https:\/\/unaymilletras.com\/el-festival-rio-babel-2025-en-su-edicion-mas-ambiciosa\/#primaryimage","url":"https:\/\/unaymilletras.com\/wp-content\/uploads\/2025\/06\/unnamed-8-e1748781779456.jpg","contentUrl":"https:\/\/unaymilletras.com\/wp-content\/uploads\/2025\/06\/unnamed-8-e1748781779456.jpg","width":600,"height":750,"caption":"rio babel"},{"@type":"BreadcrumbList","@id":"https:\/\/unaymilletras.com\/el-festival-rio-babel-2025-en-su-edicion-mas-ambiciosa\/#breadcrumb","itemListElement":[{"@type":"ListItem","position":1,"name":"Home","item":"http:\/\/unaymilletras.com\/"},{"@type":"ListItem","position":2,"name":"El Festival R\u00edo Babel 2025 presenta su edici\u00f3n m\u00e1s ambiciosa"}]},{"@type":"WebSite","@id":"http:\/\/unaymilletras.com\/#website","url":"http:\/\/unaymilletras.com\/","name":"Una y Mil Letras","description":"","publisher":{"@id":"http:\/\/unaymilletras.com\/#organization"},"potentialAction":[{"@type":"SearchAction","target":{"@type":"EntryPoint","urlTemplate":"http:\/\/unaymilletras.com\/?s={search_term_string}"},"query-input":{"@type":"PropertyValueSpecification","valueRequired":true,"valueName":"search_term_string"}}],"inLanguage":"en-GB"},{"@type":"Organization","@id":"http:\/\/unaymilletras.com\/#organization","name":"Una y Mil Letras","url":"http:\/\/unaymilletras.com\/","logo":{"@type":"ImageObject","inLanguage":"en-GB","@id":"http:\/\/unaymilletras.com\/#\/schema\/logo\/image\/","url":"https:\/\/unaymilletras.com\/wp-content\/uploads\/2024\/06\/cropped-Logo-removebg-preview.png","contentUrl":"https:\/\/unaymilletras.com\/wp-content\/uploads\/2024\/06\/cropped-Logo-removebg-preview.png","width":512,"height":512,"caption":"Una y Mil Letras"},"image":{"@id":"http:\/\/unaymilletras.com\/#\/schema\/logo\/image\/"},"sameAs":["https:\/\/x.com\/UnaYMilLetras","https:\/\/instagram.com\/UnaYMilLetras"]},{"@type":"Person","@id":"http:\/\/unaymilletras.com\/#\/schema\/person\/f9792b0b93704f9d3f6cef46c2048d7d","name":"Alvany Pereira","image":{"@type":"ImageObject","inLanguage":"en-GB","@id":"https:\/\/secure.gravatar.com\/avatar\/1a5fbcc81714220624d70f391a6187cd1434ccfcb154238afd238d6b8bb7f593?s=96&d=mm&r=g","url":"https:\/\/secure.gravatar.com\/avatar\/1a5fbcc81714220624d70f391a6187cd1434ccfcb154238afd238d6b8bb7f593?s=96&d=mm&r=g","contentUrl":"https:\/\/secure.gravatar.com\/avatar\/1a5fbcc81714220624d70f391a6187cd1434ccfcb154238afd238d6b8bb7f593?s=96&d=mm&r=g","caption":"Alvany Pereira"},"url":"https:\/\/unaymilletras.com\/en\/author\/alvanysophia\/"}]}},"_links":{"self":[{"href":"https:\/\/unaymilletras.com\/en\/wp-json\/wp\/v2\/posts\/4961","targetHints":{"allow":["GET"]}}],"collection":[{"href":"https:\/\/unaymilletras.com\/en\/wp-json\/wp\/v2\/posts"}],"about":[{"href":"https:\/\/unaymilletras.com\/en\/wp-json\/wp\/v2\/types\/post"}],"author":[{"embeddable":true,"href":"https:\/\/unaymilletras.com\/en\/wp-json\/wp\/v2\/users\/8"}],"replies":[{"embeddable":true,"href":"https:\/\/unaymilletras.com\/en\/wp-json\/wp\/v2\/comments?post=4961"}],"version-history":[{"count":11,"href":"https:\/\/unaymilletras.com\/en\/wp-json\/wp\/v2\/posts\/4961\/revisions"}],"predecessor-version":[{"id":4977,"href":"https:\/\/unaymilletras.com\/en\/wp-json\/wp\/v2\/posts\/4961\/revisions\/4977"}],"wp:featuredmedia":[{"embeddable":true,"href":"https:\/\/unaymilletras.com\/en\/wp-json\/wp\/v2\/media\/4962"}],"wp:attachment":[{"href":"https:\/\/unaymilletras.com\/en\/wp-json\/wp\/v2\/media?parent=4961"}],"wp:term":[{"taxonomy":"category","embeddable":true,"href":"https:\/\/unaymilletras.com\/en\/wp-json\/wp\/v2\/categories?post=4961"},{"taxonomy":"post_tag","embeddable":true,"href":"https:\/\/unaymilletras.com\/en\/wp-json\/wp\/v2\/tags?post=4961"}],"curies":[{"name":"wp","href":"https:\/\/api.w.org\/{rel}","templated":true}]}}