{"id":4978,"date":"2025-06-02T20:22:02","date_gmt":"2025-06-02T18:22:02","guid":{"rendered":"https:\/\/unaymilletras.com\/?p=4978"},"modified":"2025-06-02T20:22:08","modified_gmt":"2025-06-02T18:22:08","slug":"o-son-do-camino-2025-publica-horarios-y-escenarios","status":"publish","type":"post","link":"https:\/\/unaymilletras.com\/en\/o-son-do-camino-2025-publica-horarios-y-escenarios\/","title":{"rendered":"O Son do Cami\u00f1o 2025 publica horarios y escenarios"},"content":{"rendered":"<div data-elementor-type=\"wp-post\" data-elementor-id=\"4978\" class=\"elementor elementor-4978\">\n\t\t\t\t\t\t<section class=\"elementor-section elementor-top-section elementor-element elementor-element-a9f8c2f elementor-section-boxed elementor-section-height-default elementor-section-height-default\" data-id=\"a9f8c2f\" data-element_type=\"section\" data-e-type=\"section\">\n\t\t\t\t\t\t<div class=\"elementor-container elementor-column-gap-default\">\n\t\t\t\t\t<div class=\"elementor-column elementor-col-100 elementor-top-column elementor-element elementor-element-73e3222\" data-id=\"73e3222\" data-element_type=\"column\" data-e-type=\"column\">\n\t\t\t<div class=\"elementor-widget-wrap elementor-element-populated\">\n\t\t\t\t\t\t<div class=\"elementor-element elementor-element-f444bc4 elementor-widget elementor-widget-text-editor\" data-id=\"f444bc4\" data-element_type=\"widget\" data-e-type=\"widget\" data-widget_type=\"text-editor.default\">\n\t\t\t\t<div class=\"elementor-widget-container\">\n\t\t\t\t\t\t\t\t\t<h2 style=\"text-align: center;\"><span style=\"color: #808080;\"><em>O Son do Cami\u00f1o 2025 confirma los horarios en los escenarios Xacobeo, Estrella Galicia y Son Electro by Repsol<\/em><\/span><\/h2>\t\t\t\t\t\t\t\t<\/div>\n\t\t\t\t<\/div>\n\t\t\t\t\t<\/div>\n\t\t<\/div>\n\t\t\t\t\t<\/div>\n\t\t<\/section>\n\t\t\t\t<section class=\"elementor-section elementor-top-section elementor-element elementor-element-c95aa90 elementor-section-boxed elementor-section-height-default elementor-section-height-default\" data-id=\"c95aa90\" data-element_type=\"section\" data-e-type=\"section\">\n\t\t\t\t\t\t<div class=\"elementor-container elementor-column-gap-default\">\n\t\t\t\t\t<div class=\"elementor-column elementor-col-100 elementor-top-column elementor-element elementor-element-c835b99\" data-id=\"c835b99\" data-element_type=\"column\" data-e-type=\"column\">\n\t\t\t<div class=\"elementor-widget-wrap elementor-element-populated\">\n\t\t\t\t\t\t<div class=\"elementor-element elementor-element-16c5b8d elementor-widget elementor-widget-text-editor\" data-id=\"16c5b8d\" data-element_type=\"widget\" data-e-type=\"widget\" data-widget_type=\"text-editor.default\">\n\t\t\t\t<div class=\"elementor-widget-container\">\n\t\t\t\t\t\t\t\t\t<p data-start=\"247\" data-end=\"571\">La cuenta atr\u00e1s para O Son do Cami\u00f1o 2025 ya ha comenzado. A pocos d\u00edas de que d\u00e9 comienzo una nueva edici\u00f3n del festival m\u00e1s multitudinario de Galicia, la organizaci\u00f3n ha publicado los horarios oficiales de todas las actuaciones que tendr\u00e1n lugar los d\u00edas 12, 13 y 14 de junio en O Monte do Gozo, en Santiago de Compostela.<\/p><p data-start=\"573\" data-end=\"873\">Durante tres jornadas, el p\u00fablico podr\u00e1 disfrutar de artistas nacionales e internacionales de primer nivel. Bryan Adams, Kasabian, The Prodigy, Estopa, Amaral, Steve Aoki o Duki son solo algunos de los nombres que encabezar\u00e1n un cartel que combina lo mejor del pop, rock, m\u00fasica urbana y electr\u00f3nica.<\/p>\t\t\t\t\t\t\t\t<\/div>\n\t\t\t\t<\/div>\n\t\t\t\t\t<\/div>\n\t\t<\/div>\n\t\t\t\t\t<\/div>\n\t\t<\/section>\n\t\t\t\t<section class=\"elementor-section elementor-top-section elementor-element elementor-element-bdc5563 elementor-section-boxed elementor-section-height-default elementor-section-height-default\" data-id=\"bdc5563\" data-element_type=\"section\" data-e-type=\"section\">\n\t\t\t\t\t\t<div class=\"elementor-container elementor-column-gap-default\">\n\t\t\t\t\t<div class=\"elementor-column elementor-col-33 elementor-top-column elementor-element elementor-element-8a4b004\" data-id=\"8a4b004\" data-element_type=\"column\" data-e-type=\"column\">\n\t\t\t<div class=\"elementor-widget-wrap elementor-element-populated\">\n\t\t\t\t\t\t<div class=\"elementor-element elementor-element-f811ab7 elementor-widget elementor-widget-image\" data-id=\"f811ab7\" data-element_type=\"widget\" data-e-type=\"widget\" data-widget_type=\"image.default\">\n\t\t\t\t<div class=\"elementor-widget-container\">\n\t\t\t\t\t\t\t\t\t\t\t\t\t\t\t<img fetchpriority=\"high\" decoding=\"async\" width=\"640\" height=\"800\" src=\"https:\/\/unaymilletras.com\/wp-content\/uploads\/2025\/06\/503768721_18310267276210017_6370566059006743624_n-819x1024.jpg\" class=\"attachment-large size-large wp-image-4980\" alt=\"O Son do Cami\u00f1o\" srcset=\"https:\/\/unaymilletras.com\/wp-content\/uploads\/2025\/06\/503768721_18310267276210017_6370566059006743624_n-819x1024.jpg 819w, https:\/\/unaymilletras.com\/wp-content\/uploads\/2025\/06\/503768721_18310267276210017_6370566059006743624_n-240x300.jpg 240w, https:\/\/unaymilletras.com\/wp-content\/uploads\/2025\/06\/503768721_18310267276210017_6370566059006743624_n-768x960.jpg 768w, https:\/\/unaymilletras.com\/wp-content\/uploads\/2025\/06\/503768721_18310267276210017_6370566059006743624_n-10x12.jpg 10w, https:\/\/unaymilletras.com\/wp-content\/uploads\/2025\/06\/503768721_18310267276210017_6370566059006743624_n-1024x1280.jpg 1024w, https:\/\/unaymilletras.com\/wp-content\/uploads\/2025\/06\/503768721_18310267276210017_6370566059006743624_n-e1748885529783.jpg 600w\" sizes=\"(max-width: 640px) 100vw, 640px\" \/>\t\t\t\t\t\t\t\t\t\t\t\t\t\t\t<\/div>\n\t\t\t\t<\/div>\n\t\t\t\t\t<\/div>\n\t\t<\/div>\n\t\t\t\t<div class=\"elementor-column elementor-col-33 elementor-top-column elementor-element elementor-element-ad6ccc1\" data-id=\"ad6ccc1\" data-element_type=\"column\" data-e-type=\"column\">\n\t\t\t<div class=\"elementor-widget-wrap elementor-element-populated\">\n\t\t\t\t\t\t<div class=\"elementor-element elementor-element-1cef5e4 elementor-widget elementor-widget-image\" data-id=\"1cef5e4\" data-element_type=\"widget\" data-e-type=\"widget\" data-widget_type=\"image.default\">\n\t\t\t\t<div class=\"elementor-widget-container\">\n\t\t\t\t\t\t\t\t\t\t\t\t\t\t\t<img decoding=\"async\" width=\"640\" height=\"800\" src=\"https:\/\/unaymilletras.com\/wp-content\/uploads\/2025\/06\/503471393_18310267294210017_2651659557211738216_n-819x1024.jpg\" class=\"attachment-large size-large wp-image-4981\" alt=\"O Son do Cami\u00f1o\" srcset=\"https:\/\/unaymilletras.com\/wp-content\/uploads\/2025\/06\/503471393_18310267294210017_2651659557211738216_n-819x1024.jpg 819w, https:\/\/unaymilletras.com\/wp-content\/uploads\/2025\/06\/503471393_18310267294210017_2651659557211738216_n-240x300.jpg 240w, https:\/\/unaymilletras.com\/wp-content\/uploads\/2025\/06\/503471393_18310267294210017_2651659557211738216_n-768x960.jpg 768w, https:\/\/unaymilletras.com\/wp-content\/uploads\/2025\/06\/503471393_18310267294210017_2651659557211738216_n-10x12.jpg 10w, https:\/\/unaymilletras.com\/wp-content\/uploads\/2025\/06\/503471393_18310267294210017_2651659557211738216_n-1024x1280.jpg 1024w, https:\/\/unaymilletras.com\/wp-content\/uploads\/2025\/06\/503471393_18310267294210017_2651659557211738216_n-e1748885541107.jpg 600w\" sizes=\"(max-width: 640px) 100vw, 640px\" \/>\t\t\t\t\t\t\t\t\t\t\t\t\t\t\t<\/div>\n\t\t\t\t<\/div>\n\t\t\t\t\t<\/div>\n\t\t<\/div>\n\t\t\t\t<div class=\"elementor-column elementor-col-33 elementor-top-column elementor-element elementor-element-3e069c3\" data-id=\"3e069c3\" data-element_type=\"column\" data-e-type=\"column\">\n\t\t\t<div class=\"elementor-widget-wrap elementor-element-populated\">\n\t\t\t\t\t\t<div class=\"elementor-element elementor-element-e384351 elementor-widget elementor-widget-image\" data-id=\"e384351\" data-element_type=\"widget\" data-e-type=\"widget\" data-widget_type=\"image.default\">\n\t\t\t\t<div class=\"elementor-widget-container\">\n\t\t\t\t\t\t\t\t\t\t\t\t\t\t\t<img decoding=\"async\" width=\"640\" height=\"800\" src=\"https:\/\/unaymilletras.com\/wp-content\/uploads\/2025\/06\/503470336_18310267291210017_1141188782048769961_n-819x1024.jpg\" class=\"attachment-large size-large wp-image-4982\" alt=\"O Son do Cami\u00f1o\" srcset=\"https:\/\/unaymilletras.com\/wp-content\/uploads\/2025\/06\/503470336_18310267291210017_1141188782048769961_n-819x1024.jpg 819w, https:\/\/unaymilletras.com\/wp-content\/uploads\/2025\/06\/503470336_18310267291210017_1141188782048769961_n-240x300.jpg 240w, https:\/\/unaymilletras.com\/wp-content\/uploads\/2025\/06\/503470336_18310267291210017_1141188782048769961_n-768x960.jpg 768w, https:\/\/unaymilletras.com\/wp-content\/uploads\/2025\/06\/503470336_18310267291210017_1141188782048769961_n-10x12.jpg 10w, https:\/\/unaymilletras.com\/wp-content\/uploads\/2025\/06\/503470336_18310267291210017_1141188782048769961_n-1024x1280.jpg 1024w, https:\/\/unaymilletras.com\/wp-content\/uploads\/2025\/06\/503470336_18310267291210017_1141188782048769961_n-e1748885589185.jpg 600w\" sizes=\"(max-width: 640px) 100vw, 640px\" \/>\t\t\t\t\t\t\t\t\t\t\t\t\t\t\t<\/div>\n\t\t\t\t<\/div>\n\t\t\t\t\t<\/div>\n\t\t<\/div>\n\t\t\t\t\t<\/div>\n\t\t<\/section>\n\t\t\t\t<section class=\"elementor-section elementor-top-section elementor-element elementor-element-f0f65f4 elementor-section-boxed elementor-section-height-default elementor-section-height-default\" data-id=\"f0f65f4\" data-element_type=\"section\" data-e-type=\"section\">\n\t\t\t\t\t\t<div class=\"elementor-container elementor-column-gap-default\">\n\t\t\t\t\t<div class=\"elementor-column elementor-col-100 elementor-top-column elementor-element elementor-element-d315633\" data-id=\"d315633\" data-element_type=\"column\" data-e-type=\"column\">\n\t\t\t<div class=\"elementor-widget-wrap elementor-element-populated\">\n\t\t\t\t\t\t<div class=\"elementor-element elementor-element-06c99d3 elementor-widget elementor-widget-text-editor\" data-id=\"06c99d3\" data-element_type=\"widget\" data-e-type=\"widget\" data-widget_type=\"text-editor.default\">\n\t\t\t\t<div class=\"elementor-widget-container\">\n\t\t\t\t\t\t\t\t\t<p>En total, habr\u00e1 tres escenarios activos: Xacobeo, Estrella Galicia y Son Electro by Repsol. Cada uno acoger\u00e1 diferentes estilos y ofrecer\u00e1 m\u00fasica pr\u00e1cticamente sin descanso desde primera hora de la tarde hasta bien entrada la madrugada.<\/p><p data-start=\"1113\" data-end=\"1509\">El jueves 12 de junio, el festival arrancar\u00e1 con Filloas en el escenario Xacobeo a las 16:20. Bryan Adams actuar\u00e1 a las 22:25, seguido de Galician Army pasada la medianoche. En el escenario Estrella Galicia, destaca la presencia de Franz Ferdinand a las 21:05 y Duki a las 00:15. Mientras tanto, el Son Electro arrancar\u00e1 con Teresa Ferreiro a las 18:30 y se extender\u00e1 hasta las 4:00 con DEXPHASE.<\/p><p data-start=\"1511\" data-end=\"1914\">El viernes 13 de junio, Amaia tocar\u00e1 en el escenario Xacobeo a las 18:50, mientras que Kase.O lo har\u00e1 a las 21:10. Bad Gyal cerrar\u00e1 esa jornada en el mismo escenario a las 00:50. En el Estrella Galicia, Kasabian actuar\u00e1 a las 23:00 y Juan Mag\u00e1n cerrar\u00e1 a las 2:15. El Son Electro by Repsol ofrecer\u00e1 una jornada de electr\u00f3nica continua desde las 19:00 con Karras Mart\u00ednez hasta las 4:30 con Andr\u00e9s Campo.<\/p>\t\t\t\t\t\t\t\t<\/div>\n\t\t\t\t<\/div>\n\t\t\t\t\t<\/div>\n\t\t<\/div>\n\t\t\t\t\t<\/div>\n\t\t<\/section>\n\t\t\t\t<section class=\"elementor-section elementor-top-section elementor-element elementor-element-a7dea75 elementor-section-boxed elementor-section-height-default elementor-section-height-default\" data-id=\"a7dea75\" data-element_type=\"section\" data-e-type=\"section\">\n\t\t\t\t\t\t<div class=\"elementor-container elementor-column-gap-default\">\n\t\t\t\t\t<div class=\"elementor-column elementor-col-100 elementor-top-column elementor-element elementor-element-f45d813\" data-id=\"f45d813\" data-element_type=\"column\" data-e-type=\"column\">\n\t\t\t<div class=\"elementor-widget-wrap elementor-element-populated\">\n\t\t\t\t\t\t<div class=\"elementor-element elementor-element-e581b0d elementor-widget elementor-widget-video\" data-id=\"e581b0d\" data-element_type=\"widget\" data-e-type=\"widget\" data-settings=\"{&quot;youtube_url&quot;:&quot;https:\\\/\\\/youtu.be\\\/wVR2gw8QZOE?si=RWDOQ1hp7CSMn014&quot;,&quot;video_type&quot;:&quot;youtube&quot;,&quot;controls&quot;:&quot;yes&quot;}\" data-widget_type=\"video.default\">\n\t\t\t\t<div class=\"elementor-widget-container\">\n\t\t\t\t\t\t\t<div class=\"elementor-wrapper elementor-open-inline\">\n\t\t\t<div class=\"elementor-video\"><\/div>\t\t<\/div>\n\t\t\t\t\t\t<\/div>\n\t\t\t\t<\/div>\n\t\t\t\t\t<\/div>\n\t\t<\/div>\n\t\t\t\t\t<\/div>\n\t\t<\/section>\n\t\t\t\t<section class=\"elementor-section elementor-top-section elementor-element elementor-element-0bff0d7 elementor-section-boxed elementor-section-height-default elementor-section-height-default\" data-id=\"0bff0d7\" data-element_type=\"section\" data-e-type=\"section\">\n\t\t\t\t\t\t<div class=\"elementor-container elementor-column-gap-default\">\n\t\t\t\t\t<div class=\"elementor-column elementor-col-100 elementor-top-column elementor-element elementor-element-581fa54\" data-id=\"581fa54\" data-element_type=\"column\" data-e-type=\"column\">\n\t\t\t<div class=\"elementor-widget-wrap elementor-element-populated\">\n\t\t\t\t\t\t<div class=\"elementor-element elementor-element-b2f4732 elementor-widget elementor-widget-text-editor\" data-id=\"b2f4732\" data-element_type=\"widget\" data-e-type=\"widget\" data-widget_type=\"text-editor.default\">\n\t\t\t\t<div class=\"elementor-widget-container\">\n\t\t\t\t\t\t\t\t\t<p data-start=\"1916\" data-end=\"2233\">El s\u00e1bado 14 de junio, \u00faltimo d\u00eda del festival, Estopa subir\u00e1 al escenario Xacobeo a las 23:20, seguidos por Steve Aoki a las 2:30. Amaral actuar\u00e1 en el escenario Estrella Galicia a las 21:35, mientras que The Prodigy lo har\u00e1 a la 1:10. El cierre de la pista electr\u00f3nica correr\u00e1 a cargo de Dennis Cruz desde las 2:30.<\/p><p data-start=\"2235\" data-end=\"2500\" data-is-last-node=\"\" data-is-only-node=\"\">Con una programaci\u00f3n tan intensa y variada, O Son do Cami\u00f1o 2025 promete una edici\u00f3n inolvidable. Los horarios ya disponibles permiten a los asistentes planificar su experiencia para no perderse a sus artistas favoritos en esta gran cita musical del verano gallego.<\/p>\t\t\t\t\t\t\t\t<\/div>\n\t\t\t\t<\/div>\n\t\t\t\t\t<\/div>\n\t\t<\/div>\n\t\t\t\t\t<\/div>\n\t\t<\/section>\n\t\t\t\t<\/div>","protected":false},"excerpt":{"rendered":"<p>O Son do Cami\u00f1o 2025 confirma los horarios en los escenarios Xacobeo, Estrella Galicia y Son Electro by Repsol La cuenta atr\u00e1s para O Son do Cami\u00f1o 2025 ya ha comenzado. A pocos d\u00edas de que d\u00e9 comienzo una nueva edici\u00f3n del festival m\u00e1s multitudinario de Galicia, la organizaci\u00f3n ha publicado los horarios oficiales de [&hellip;]<\/p>\n","protected":false},"author":6,"featured_media":4983,"comment_status":"closed","ping_status":"closed","sticky":false,"template":"","format":"standard","meta":{"footnotes":""},"categories":[4],"tags":[],"class_list":["post-4978","post","type-post","status-publish","format-standard","has-post-thumbnail","hentry","category-musica"],"yoast_head":"<!-- This site is optimized with the Yoast SEO plugin v27.4 - https:\/\/yoast.com\/product\/yoast-seo-wordpress\/ -->\n<title>O Son do Cami\u00f1o 2025 publica horarios y escenarios<\/title>\n<meta name=\"description\" content=\"O Son do Cami\u00f1o 2025 confirma los horarios de todas las actuaciones en los escenarios Xacobeo, Estrella Galicia y Son Electro by Repsol\" \/>\n<meta name=\"robots\" content=\"index, follow, max-snippet:-1, max-image-preview:large, max-video-preview:-1\" \/>\n<link rel=\"canonical\" href=\"https:\/\/unaymilletras.com\/en\/o-son-do-camino-2025-publica-horarios-y-escenarios\/\" \/>\n<meta property=\"og:locale\" content=\"en_GB\" \/>\n<meta property=\"og:type\" content=\"article\" \/>\n<meta property=\"og:title\" content=\"O Son do Cami\u00f1o 2025 publica horarios y escenarios\" \/>\n<meta property=\"og:description\" content=\"O Son do Cami\u00f1o 2025 confirma los horarios de todas las actuaciones en los escenarios Xacobeo, Estrella Galicia y Son Electro by Repsol\" \/>\n<meta property=\"og:url\" content=\"https:\/\/unaymilletras.com\/en\/o-son-do-camino-2025-publica-horarios-y-escenarios\/\" \/>\n<meta property=\"og:site_name\" content=\"Una y Mil Letras\" \/>\n<meta property=\"article:published_time\" content=\"2025-06-02T18:22:02+00:00\" \/>\n<meta property=\"article:modified_time\" content=\"2025-06-02T18:22:08+00:00\" \/>\n<meta property=\"og:image\" content=\"http:\/\/unaymilletras.com\/wp-content\/uploads\/2025\/06\/501029300_18309722869210017_5879319563186685108_n-e1748888459463.jpg\" \/>\n\t<meta property=\"og:image:width\" content=\"600\" \/>\n\t<meta property=\"og:image:height\" content=\"750\" \/>\n\t<meta property=\"og:image:type\" content=\"image\/jpeg\" \/>\n<meta name=\"author\" content=\"Redacci\u00f3n\" \/>\n<meta name=\"twitter:card\" content=\"summary_large_image\" \/>\n<meta name=\"twitter:creator\" content=\"@UnaYMilLetras\" \/>\n<meta name=\"twitter:site\" content=\"@UnaYMilLetras\" \/>\n<meta name=\"twitter:label1\" content=\"Written by\" \/>\n\t<meta name=\"twitter:data1\" content=\"Redacci\u00f3n\" \/>\n\t<meta name=\"twitter:label2\" content=\"Estimated reading time\" \/>\n\t<meta name=\"twitter:data2\" content=\"3 minutes\" \/>\n<script type=\"application\/ld+json\" class=\"yoast-schema-graph\">{\"@context\":\"https:\\\/\\\/schema.org\",\"@graph\":[{\"@type\":\"Article\",\"@id\":\"https:\\\/\\\/unaymilletras.com\\\/o-son-do-camino-2025-publica-horarios-y-escenarios\\\/#article\",\"isPartOf\":{\"@id\":\"https:\\\/\\\/unaymilletras.com\\\/o-son-do-camino-2025-publica-horarios-y-escenarios\\\/\"},\"author\":{\"name\":\"Redacci\u00f3n\",\"@id\":\"http:\\\/\\\/unaymilletras.com\\\/#\\\/schema\\\/person\\\/0860dc8a218329991ee2c7591f4f849d\"},\"headline\":\"O Son do Cami\u00f1o 2025 publica horarios y escenarios\",\"datePublished\":\"2025-06-02T18:22:02+00:00\",\"dateModified\":\"2025-06-02T18:22:08+00:00\",\"mainEntityOfPage\":{\"@id\":\"https:\\\/\\\/unaymilletras.com\\\/o-son-do-camino-2025-publica-horarios-y-escenarios\\\/\"},\"wordCount\":421,\"publisher\":{\"@id\":\"http:\\\/\\\/unaymilletras.com\\\/#organization\"},\"image\":{\"@id\":\"https:\\\/\\\/unaymilletras.com\\\/o-son-do-camino-2025-publica-horarios-y-escenarios\\\/#primaryimage\"},\"thumbnailUrl\":\"https:\\\/\\\/unaymilletras.com\\\/wp-content\\\/uploads\\\/2025\\\/06\\\/501029300_18309722869210017_5879319563186685108_n-e1748888459463.jpg\",\"articleSection\":[\"M\u00fasica\"],\"inLanguage\":\"en-GB\"},{\"@type\":\"WebPage\",\"@id\":\"https:\\\/\\\/unaymilletras.com\\\/o-son-do-camino-2025-publica-horarios-y-escenarios\\\/\",\"url\":\"https:\\\/\\\/unaymilletras.com\\\/o-son-do-camino-2025-publica-horarios-y-escenarios\\\/\",\"name\":\"O Son do Cami\u00f1o 2025 publica horarios y escenarios\",\"isPartOf\":{\"@id\":\"http:\\\/\\\/unaymilletras.com\\\/#website\"},\"primaryImageOfPage\":{\"@id\":\"https:\\\/\\\/unaymilletras.com\\\/o-son-do-camino-2025-publica-horarios-y-escenarios\\\/#primaryimage\"},\"image\":{\"@id\":\"https:\\\/\\\/unaymilletras.com\\\/o-son-do-camino-2025-publica-horarios-y-escenarios\\\/#primaryimage\"},\"thumbnailUrl\":\"https:\\\/\\\/unaymilletras.com\\\/wp-content\\\/uploads\\\/2025\\\/06\\\/501029300_18309722869210017_5879319563186685108_n-e1748888459463.jpg\",\"datePublished\":\"2025-06-02T18:22:02+00:00\",\"dateModified\":\"2025-06-02T18:22:08+00:00\",\"description\":\"O Son do Cami\u00f1o 2025 confirma los horarios de todas las actuaciones en los escenarios Xacobeo, Estrella Galicia y Son Electro by Repsol\",\"breadcrumb\":{\"@id\":\"https:\\\/\\\/unaymilletras.com\\\/o-son-do-camino-2025-publica-horarios-y-escenarios\\\/#breadcrumb\"},\"inLanguage\":\"en-GB\",\"potentialAction\":[{\"@type\":\"ReadAction\",\"target\":[\"https:\\\/\\\/unaymilletras.com\\\/o-son-do-camino-2025-publica-horarios-y-escenarios\\\/\"]}]},{\"@type\":\"ImageObject\",\"inLanguage\":\"en-GB\",\"@id\":\"https:\\\/\\\/unaymilletras.com\\\/o-son-do-camino-2025-publica-horarios-y-escenarios\\\/#primaryimage\",\"url\":\"https:\\\/\\\/unaymilletras.com\\\/wp-content\\\/uploads\\\/2025\\\/06\\\/501029300_18309722869210017_5879319563186685108_n-e1748888459463.jpg\",\"contentUrl\":\"https:\\\/\\\/unaymilletras.com\\\/wp-content\\\/uploads\\\/2025\\\/06\\\/501029300_18309722869210017_5879319563186685108_n-e1748888459463.jpg\",\"width\":600,\"height\":750,\"caption\":\"O Son do Cami\u00f1o\"},{\"@type\":\"BreadcrumbList\",\"@id\":\"https:\\\/\\\/unaymilletras.com\\\/o-son-do-camino-2025-publica-horarios-y-escenarios\\\/#breadcrumb\",\"itemListElement\":[{\"@type\":\"ListItem\",\"position\":1,\"name\":\"Home\",\"item\":\"http:\\\/\\\/unaymilletras.com\\\/\"},{\"@type\":\"ListItem\",\"position\":2,\"name\":\"O Son do Cami\u00f1o 2025 publica horarios y escenarios\"}]},{\"@type\":\"WebSite\",\"@id\":\"http:\\\/\\\/unaymilletras.com\\\/#website\",\"url\":\"http:\\\/\\\/unaymilletras.com\\\/\",\"name\":\"Una y Mil Letras\",\"description\":\"\",\"publisher\":{\"@id\":\"http:\\\/\\\/unaymilletras.com\\\/#organization\"},\"potentialAction\":[{\"@type\":\"SearchAction\",\"target\":{\"@type\":\"EntryPoint\",\"urlTemplate\":\"http:\\\/\\\/unaymilletras.com\\\/?s={search_term_string}\"},\"query-input\":{\"@type\":\"PropertyValueSpecification\",\"valueRequired\":true,\"valueName\":\"search_term_string\"}}],\"inLanguage\":\"en-GB\"},{\"@type\":\"Organization\",\"@id\":\"http:\\\/\\\/unaymilletras.com\\\/#organization\",\"name\":\"Una y Mil Letras\",\"url\":\"http:\\\/\\\/unaymilletras.com\\\/\",\"logo\":{\"@type\":\"ImageObject\",\"inLanguage\":\"en-GB\",\"@id\":\"http:\\\/\\\/unaymilletras.com\\\/#\\\/schema\\\/logo\\\/image\\\/\",\"url\":\"https:\\\/\\\/unaymilletras.com\\\/wp-content\\\/uploads\\\/2024\\\/06\\\/cropped-Logo-removebg-preview.png\",\"contentUrl\":\"https:\\\/\\\/unaymilletras.com\\\/wp-content\\\/uploads\\\/2024\\\/06\\\/cropped-Logo-removebg-preview.png\",\"width\":512,\"height\":512,\"caption\":\"Una y Mil Letras\"},\"image\":{\"@id\":\"http:\\\/\\\/unaymilletras.com\\\/#\\\/schema\\\/logo\\\/image\\\/\"},\"sameAs\":[\"https:\\\/\\\/x.com\\\/UnaYMilLetras\",\"https:\\\/\\\/instagram.com\\\/UnaYMilLetras\"]},{\"@type\":\"Person\",\"@id\":\"http:\\\/\\\/unaymilletras.com\\\/#\\\/schema\\\/person\\\/0860dc8a218329991ee2c7591f4f849d\",\"name\":\"Redacci\u00f3n\",\"image\":{\"@type\":\"ImageObject\",\"inLanguage\":\"en-GB\",\"@id\":\"https:\\\/\\\/secure.gravatar.com\\\/avatar\\\/d8f55e05a8b6597e45c55a1dcbdbfe44f4a360d88b48e00de5216a79b7732796?s=96&d=mm&r=g\",\"url\":\"https:\\\/\\\/secure.gravatar.com\\\/avatar\\\/d8f55e05a8b6597e45c55a1dcbdbfe44f4a360d88b48e00de5216a79b7732796?s=96&d=mm&r=g\",\"contentUrl\":\"https:\\\/\\\/secure.gravatar.com\\\/avatar\\\/d8f55e05a8b6597e45c55a1dcbdbfe44f4a360d88b48e00de5216a79b7732796?s=96&d=mm&r=g\",\"caption\":\"Redacci\u00f3n\"},\"url\":\"https:\\\/\\\/unaymilletras.com\\\/en\\\/author\\\/redaccion\\\/\"}]}<\/script>\n<!-- \/ Yoast SEO plugin. -->","yoast_head_json":{"title":"O Son do Cami\u00f1o 2025 publica horarios y escenarios","description":"O Son do Cami\u00f1o 2025 confirma los horarios de todas las actuaciones en los escenarios Xacobeo, Estrella Galicia y Son Electro by Repsol","robots":{"index":"index","follow":"follow","max-snippet":"max-snippet:-1","max-image-preview":"max-image-preview:large","max-video-preview":"max-video-preview:-1"},"canonical":"https:\/\/unaymilletras.com\/en\/o-son-do-camino-2025-publica-horarios-y-escenarios\/","og_locale":"en_GB","og_type":"article","og_title":"O Son do Cami\u00f1o 2025 publica horarios y escenarios","og_description":"O Son do Cami\u00f1o 2025 confirma los horarios de todas las actuaciones en los escenarios Xacobeo, Estrella Galicia y Son Electro by Repsol","og_url":"https:\/\/unaymilletras.com\/en\/o-son-do-camino-2025-publica-horarios-y-escenarios\/","og_site_name":"Una y Mil Letras","article_published_time":"2025-06-02T18:22:02+00:00","article_modified_time":"2025-06-02T18:22:08+00:00","og_image":[{"width":600,"height":750,"url":"http:\/\/unaymilletras.com\/wp-content\/uploads\/2025\/06\/501029300_18309722869210017_5879319563186685108_n-e1748888459463.jpg","type":"image\/jpeg"}],"author":"Redacci\u00f3n","twitter_card":"summary_large_image","twitter_creator":"@UnaYMilLetras","twitter_site":"@UnaYMilLetras","twitter_misc":{"Written by":"Redacci\u00f3n","Estimated reading time":"3 minutes"},"schema":{"@context":"https:\/\/schema.org","@graph":[{"@type":"Article","@id":"https:\/\/unaymilletras.com\/o-son-do-camino-2025-publica-horarios-y-escenarios\/#article","isPartOf":{"@id":"https:\/\/unaymilletras.com\/o-son-do-camino-2025-publica-horarios-y-escenarios\/"},"author":{"name":"Redacci\u00f3n","@id":"http:\/\/unaymilletras.com\/#\/schema\/person\/0860dc8a218329991ee2c7591f4f849d"},"headline":"O Son do Cami\u00f1o 2025 publica horarios y escenarios","datePublished":"2025-06-02T18:22:02+00:00","dateModified":"2025-06-02T18:22:08+00:00","mainEntityOfPage":{"@id":"https:\/\/unaymilletras.com\/o-son-do-camino-2025-publica-horarios-y-escenarios\/"},"wordCount":421,"publisher":{"@id":"http:\/\/unaymilletras.com\/#organization"},"image":{"@id":"https:\/\/unaymilletras.com\/o-son-do-camino-2025-publica-horarios-y-escenarios\/#primaryimage"},"thumbnailUrl":"https:\/\/unaymilletras.com\/wp-content\/uploads\/2025\/06\/501029300_18309722869210017_5879319563186685108_n-e1748888459463.jpg","articleSection":["M\u00fasica"],"inLanguage":"en-GB"},{"@type":"WebPage","@id":"https:\/\/unaymilletras.com\/o-son-do-camino-2025-publica-horarios-y-escenarios\/","url":"https:\/\/unaymilletras.com\/o-son-do-camino-2025-publica-horarios-y-escenarios\/","name":"O Son do Cami\u00f1o 2025 publica horarios y escenarios","isPartOf":{"@id":"http:\/\/unaymilletras.com\/#website"},"primaryImageOfPage":{"@id":"https:\/\/unaymilletras.com\/o-son-do-camino-2025-publica-horarios-y-escenarios\/#primaryimage"},"image":{"@id":"https:\/\/unaymilletras.com\/o-son-do-camino-2025-publica-horarios-y-escenarios\/#primaryimage"},"thumbnailUrl":"https:\/\/unaymilletras.com\/wp-content\/uploads\/2025\/06\/501029300_18309722869210017_5879319563186685108_n-e1748888459463.jpg","datePublished":"2025-06-02T18:22:02+00:00","dateModified":"2025-06-02T18:22:08+00:00","description":"O Son do Cami\u00f1o 2025 confirma los horarios de todas las actuaciones en los escenarios Xacobeo, Estrella Galicia y Son Electro by Repsol","breadcrumb":{"@id":"https:\/\/unaymilletras.com\/o-son-do-camino-2025-publica-horarios-y-escenarios\/#breadcrumb"},"inLanguage":"en-GB","potentialAction":[{"@type":"ReadAction","target":["https:\/\/unaymilletras.com\/o-son-do-camino-2025-publica-horarios-y-escenarios\/"]}]},{"@type":"ImageObject","inLanguage":"en-GB","@id":"https:\/\/unaymilletras.com\/o-son-do-camino-2025-publica-horarios-y-escenarios\/#primaryimage","url":"https:\/\/unaymilletras.com\/wp-content\/uploads\/2025\/06\/501029300_18309722869210017_5879319563186685108_n-e1748888459463.jpg","contentUrl":"https:\/\/unaymilletras.com\/wp-content\/uploads\/2025\/06\/501029300_18309722869210017_5879319563186685108_n-e1748888459463.jpg","width":600,"height":750,"caption":"O Son do Cami\u00f1o"},{"@type":"BreadcrumbList","@id":"https:\/\/unaymilletras.com\/o-son-do-camino-2025-publica-horarios-y-escenarios\/#breadcrumb","itemListElement":[{"@type":"ListItem","position":1,"name":"Home","item":"http:\/\/unaymilletras.com\/"},{"@type":"ListItem","position":2,"name":"O Son do Cami\u00f1o 2025 publica horarios y escenarios"}]},{"@type":"WebSite","@id":"http:\/\/unaymilletras.com\/#website","url":"http:\/\/unaymilletras.com\/","name":"Una y Mil Letras","description":"","publisher":{"@id":"http:\/\/unaymilletras.com\/#organization"},"potentialAction":[{"@type":"SearchAction","target":{"@type":"EntryPoint","urlTemplate":"http:\/\/unaymilletras.com\/?s={search_term_string}"},"query-input":{"@type":"PropertyValueSpecification","valueRequired":true,"valueName":"search_term_string"}}],"inLanguage":"en-GB"},{"@type":"Organization","@id":"http:\/\/unaymilletras.com\/#organization","name":"Una y Mil Letras","url":"http:\/\/unaymilletras.com\/","logo":{"@type":"ImageObject","inLanguage":"en-GB","@id":"http:\/\/unaymilletras.com\/#\/schema\/logo\/image\/","url":"https:\/\/unaymilletras.com\/wp-content\/uploads\/2024\/06\/cropped-Logo-removebg-preview.png","contentUrl":"https:\/\/unaymilletras.com\/wp-content\/uploads\/2024\/06\/cropped-Logo-removebg-preview.png","width":512,"height":512,"caption":"Una y Mil Letras"},"image":{"@id":"http:\/\/unaymilletras.com\/#\/schema\/logo\/image\/"},"sameAs":["https:\/\/x.com\/UnaYMilLetras","https:\/\/instagram.com\/UnaYMilLetras"]},{"@type":"Person","@id":"http:\/\/unaymilletras.com\/#\/schema\/person\/0860dc8a218329991ee2c7591f4f849d","name":"Redacci\u00f3n","image":{"@type":"ImageObject","inLanguage":"en-GB","@id":"https:\/\/secure.gravatar.com\/avatar\/d8f55e05a8b6597e45c55a1dcbdbfe44f4a360d88b48e00de5216a79b7732796?s=96&d=mm&r=g","url":"https:\/\/secure.gravatar.com\/avatar\/d8f55e05a8b6597e45c55a1dcbdbfe44f4a360d88b48e00de5216a79b7732796?s=96&d=mm&r=g","contentUrl":"https:\/\/secure.gravatar.com\/avatar\/d8f55e05a8b6597e45c55a1dcbdbfe44f4a360d88b48e00de5216a79b7732796?s=96&d=mm&r=g","caption":"Redacci\u00f3n"},"url":"https:\/\/unaymilletras.com\/en\/author\/redaccion\/"}]}},"_links":{"self":[{"href":"https:\/\/unaymilletras.com\/en\/wp-json\/wp\/v2\/posts\/4978","targetHints":{"allow":["GET"]}}],"collection":[{"href":"https:\/\/unaymilletras.com\/en\/wp-json\/wp\/v2\/posts"}],"about":[{"href":"https:\/\/unaymilletras.com\/en\/wp-json\/wp\/v2\/types\/post"}],"author":[{"embeddable":true,"href":"https:\/\/unaymilletras.com\/en\/wp-json\/wp\/v2\/users\/6"}],"replies":[{"embeddable":true,"href":"https:\/\/unaymilletras.com\/en\/wp-json\/wp\/v2\/comments?post=4978"}],"version-history":[{"count":7,"href":"https:\/\/unaymilletras.com\/en\/wp-json\/wp\/v2\/posts\/4978\/revisions"}],"predecessor-version":[{"id":4989,"href":"https:\/\/unaymilletras.com\/en\/wp-json\/wp\/v2\/posts\/4978\/revisions\/4989"}],"wp:featuredmedia":[{"embeddable":true,"href":"https:\/\/unaymilletras.com\/en\/wp-json\/wp\/v2\/media\/4983"}],"wp:attachment":[{"href":"https:\/\/unaymilletras.com\/en\/wp-json\/wp\/v2\/media?parent=4978"}],"wp:term":[{"taxonomy":"category","embeddable":true,"href":"https:\/\/unaymilletras.com\/en\/wp-json\/wp\/v2\/categories?post=4978"},{"taxonomy":"post_tag","embeddable":true,"href":"https:\/\/unaymilletras.com\/en\/wp-json\/wp\/v2\/tags?post=4978"}],"curies":[{"name":"wp","href":"https:\/\/api.w.org\/{rel}","templated":true}]}}