{"id":5002,"date":"2025-06-04T19:20:19","date_gmt":"2025-06-04T17:20:19","guid":{"rendered":"https:\/\/unaymilletras.com\/?p=5002"},"modified":"2025-06-15T14:18:09","modified_gmt":"2025-06-15T12:18:09","slug":"la-terraza-encendida-x-son-estrella-galicia-ilumina-madrid","status":"publish","type":"post","link":"https:\/\/unaymilletras.com\/en\/la-terraza-encendida-x-son-estrella-galicia-ilumina-madrid\/","title":{"rendered":"La Terraza Encendida x SON Estrella Galicia ilumina Madrid"},"content":{"rendered":"<div data-elementor-type=\"wp-post\" data-elementor-id=\"5002\" class=\"elementor elementor-5002\">\n\t\t\t\t\t\t<section class=\"elementor-section elementor-top-section elementor-element elementor-element-8a3b6d6 elementor-section-boxed elementor-section-height-default elementor-section-height-default\" data-id=\"8a3b6d6\" data-element_type=\"section\" data-e-type=\"section\">\n\t\t\t\t\t\t<div class=\"elementor-container elementor-column-gap-default\">\n\t\t\t\t\t<div class=\"elementor-column elementor-col-100 elementor-top-column elementor-element elementor-element-ddd92d6\" data-id=\"ddd92d6\" data-element_type=\"column\" data-e-type=\"column\">\n\t\t\t<div class=\"elementor-widget-wrap elementor-element-populated\">\n\t\t\t\t\t\t<div class=\"elementor-element elementor-element-3baca63 elementor-widget elementor-widget-text-editor\" data-id=\"3baca63\" data-element_type=\"widget\" data-e-type=\"widget\" data-widget_type=\"text-editor.default\">\n\t\t\t\t<div class=\"elementor-widget-container\">\n\t\t\t\t\t\t\t\t\t<h2 style=\"text-align: center;\"><span style=\"color: #808080;\"><em>La Terraza Encendida x SON Estrella Galicia arranca en junio con actuaciones de stivijoes, Alba Morena y Pablo Lesuit<\/em><\/span><\/h2>\t\t\t\t\t\t\t\t<\/div>\n\t\t\t\t<\/div>\n\t\t\t\t\t<\/div>\n\t\t<\/div>\n\t\t\t\t\t<\/div>\n\t\t<\/section>\n\t\t\t\t<section class=\"elementor-section elementor-top-section elementor-element elementor-element-6b5c0c2 elementor-section-boxed elementor-section-height-default elementor-section-height-default\" data-id=\"6b5c0c2\" data-element_type=\"section\" data-e-type=\"section\">\n\t\t\t\t\t\t<div class=\"elementor-container elementor-column-gap-default\">\n\t\t\t\t\t<div class=\"elementor-column elementor-col-100 elementor-top-column elementor-element elementor-element-40469a8\" data-id=\"40469a8\" data-element_type=\"column\" data-e-type=\"column\">\n\t\t\t<div class=\"elementor-widget-wrap elementor-element-populated\">\n\t\t\t\t\t\t<div class=\"elementor-element elementor-element-6aef95f elementor-widget elementor-widget-text-editor\" data-id=\"6aef95f\" data-element_type=\"widget\" data-e-type=\"widget\" data-widget_type=\"text-editor.default\">\n\t\t\t\t<div class=\"elementor-widget-container\">\n\t\t\t\t\t\t\t\t\t<p data-start=\"248\" data-end=\"567\">Este mes de junio comienza en Madrid un ciclo musical muy especial: <b>La Terraza Encendida x SON Estrella Galicia<\/b>. La azotea de La Casa Encendida acoger\u00e1 durante varios domingos conciertos matinales de artistas emergentes. La propuesta mezcla talento, originalidad y conexi\u00f3n con el p\u00fablico en un entorno \u00edntimo y urbano.<\/p><p data-start=\"569\" data-end=\"910\">El domingo 8 de junio se abrir\u00e1 el ciclo con stivijoes, el proyecto musical del catal\u00e1n Ra\u00fal Rodr\u00edguez Orgaz. Conocido por su hit <em>Terapia<\/em>, el artista ha despuntado como uno de los nuevos referentes del pop nacional. Presentar\u00e1 temas recientes como <span style=\"color: #808080;\"><a style=\"color: #808080;\" href=\"https:\/\/open.spotify.com\/intl-es\/track\/55ActdFSENQNGYEhbTjUXg?si=7c37451192994850\"><em>D\u00d3NDE EST\u00c1 STIVI?<\/em><\/a><\/span> y <em>Mabel<\/em>, con los que ha consolidado su nombre en la escena emergente.<\/p>\t\t\t\t\t\t\t\t<\/div>\n\t\t\t\t<\/div>\n\t\t\t\t\t<\/div>\n\t\t<\/div>\n\t\t\t\t\t<\/div>\n\t\t<\/section>\n\t\t\t\t<section class=\"elementor-section elementor-top-section elementor-element elementor-element-0df3e56 elementor-section-boxed elementor-section-height-default elementor-section-height-default\" data-id=\"0df3e56\" data-element_type=\"section\" data-e-type=\"section\">\n\t\t\t\t\t\t<div class=\"elementor-container elementor-column-gap-default\">\n\t\t\t\t\t<div class=\"elementor-column elementor-col-100 elementor-top-column elementor-element elementor-element-335c50a\" data-id=\"335c50a\" data-element_type=\"column\" data-e-type=\"column\">\n\t\t\t<div class=\"elementor-widget-wrap elementor-element-populated\">\n\t\t\t\t\t\t<div class=\"elementor-element elementor-element-6da61c9 elementor-widget elementor-widget-image\" data-id=\"6da61c9\" data-element_type=\"widget\" data-e-type=\"widget\" data-widget_type=\"image.default\">\n\t\t\t\t<div class=\"elementor-widget-container\">\n\t\t\t\t\t\t\t\t\t\t\t\t\t\t\t<img fetchpriority=\"high\" decoding=\"async\" width=\"640\" height=\"284\" src=\"https:\/\/unaymilletras.com\/wp-content\/uploads\/2025\/06\/La-Terraza-Encendida-x-SON-Estrella-Galicia-1024x455.png\" class=\"attachment-large size-large wp-image-5004\" alt=\"\" srcset=\"https:\/\/unaymilletras.com\/wp-content\/uploads\/2025\/06\/La-Terraza-Encendida-x-SON-Estrella-Galicia-1024x455.png 1024w, https:\/\/unaymilletras.com\/wp-content\/uploads\/2025\/06\/La-Terraza-Encendida-x-SON-Estrella-Galicia-300x133.png 300w, https:\/\/unaymilletras.com\/wp-content\/uploads\/2025\/06\/La-Terraza-Encendida-x-SON-Estrella-Galicia-768x341.png 768w, https:\/\/unaymilletras.com\/wp-content\/uploads\/2025\/06\/La-Terraza-Encendida-x-SON-Estrella-Galicia-1536x682.png 1536w, https:\/\/unaymilletras.com\/wp-content\/uploads\/2025\/06\/La-Terraza-Encendida-x-SON-Estrella-Galicia-e1749057413427.png 600w\" sizes=\"(max-width: 640px) 100vw, 640px\" \/>\t\t\t\t\t\t\t\t\t\t\t\t\t\t\t<\/div>\n\t\t\t\t<\/div>\n\t\t\t\t\t<\/div>\n\t\t<\/div>\n\t\t\t\t\t<\/div>\n\t\t<\/section>\n\t\t\t\t<section class=\"elementor-section elementor-top-section elementor-element elementor-element-4620e6f elementor-section-boxed elementor-section-height-default elementor-section-height-default\" data-id=\"4620e6f\" data-element_type=\"section\" data-e-type=\"section\">\n\t\t\t\t\t\t<div class=\"elementor-container elementor-column-gap-default\">\n\t\t\t\t\t<div class=\"elementor-column elementor-col-100 elementor-top-column elementor-element elementor-element-73dd337\" data-id=\"73dd337\" data-element_type=\"column\" data-e-type=\"column\">\n\t\t\t<div class=\"elementor-widget-wrap elementor-element-populated\">\n\t\t\t\t\t\t<div class=\"elementor-element elementor-element-0020be2 elementor-widget elementor-widget-text-editor\" data-id=\"0020be2\" data-element_type=\"widget\" data-e-type=\"widget\" data-widget_type=\"text-editor.default\">\n\t\t\t\t<div class=\"elementor-widget-container\">\n\t\t\t\t\t\t\t\t\t<p data-start=\"912\" data-end=\"1214\">Una semana m\u00e1s tarde, el 15 de junio, ser\u00e1 el turno de Alba Morena. La artista de Salou subir\u00e1 a la terraza madrile\u00f1a con su EP <em>Tr\u00e1mite<\/em>, un viaje musical que mezcla pop, flamenco, electr\u00f3nica y rock alternativo. Con su voz vers\u00e1til y su visi\u00f3n conceptual, promete una experiencia emocional e intensa.<\/p><p data-start=\"1216\" data-end=\"1634\">El ciclo cerrar\u00e1 el domingo 7 de septiembre con Pablo Lesuit, multiinstrumentista y compositor gallego. El artista se encuentra preparando su tercer \u00e1lbum, <em>Camino de las rocas<\/em>, del que ya ha adelantado temas como <em>Me Equivoqu\u00e9<\/em> o <em>Dir\u00eda Que Estar\u00eda Bueno<\/em>. Su propuesta cruza fronteras y g\u00e9neros, con letras po\u00e9ticas y un enfoque latinoamericano que lo ha llevado a colaborar con Jorge Drexler o Esmeralda Escalante.<\/p><p data-start=\"1636\" data-end=\"1960\" data-is-last-node=\"\" data-is-only-node=\"\">Todos los conciertos de La Terraza Encendida x SON Estrella Galicia comenzar\u00e1n a las 12:30 h y las entradas est\u00e1n disponibles en la plataforma DICE. Esta iniciativa refuerza el compromiso de Estrella Galicia por impulsar nuevos talentos musicales, ofreciendo espacios para propuestas arriesgadas y de gran calidad art\u00edstica<\/p>\t\t\t\t\t\t\t\t<\/div>\n\t\t\t\t<\/div>\n\t\t\t\t\t<\/div>\n\t\t<\/div>\n\t\t\t\t\t<\/div>\n\t\t<\/section>\n\t\t\t\t<\/div>","protected":false},"excerpt":{"rendered":"<p>La Terraza Encendida x SON Estrella Galicia arranca en junio con actuaciones de stivijoes, Alba Morena y Pablo Lesuit Este mes de junio comienza en Madrid un ciclo musical muy especial: La Terraza Encendida x SON Estrella Galicia. La azotea de La Casa Encendida acoger\u00e1 durante varios domingos conciertos matinales de artistas emergentes. La propuesta [&hellip;]<\/p>\n","protected":false},"author":6,"featured_media":5004,"comment_status":"closed","ping_status":"closed","sticky":false,"template":"","format":"standard","meta":{"footnotes":""},"categories":[4],"tags":[],"class_list":["post-5002","post","type-post","status-publish","format-standard","has-post-thumbnail","hentry","category-musica"],"yoast_head":"<!-- This site is optimized with the Yoast SEO plugin v27.4 - https:\/\/yoast.com\/product\/yoast-seo-wordpress\/ -->\n<title>La Terraza Encendida x SON Estrella Galicia ilumina Madrid<\/title>\n<meta name=\"description\" content=\"La Terraza Encendida x SON Estrella Galicia arranca en junio con actuaciones de stivijoes, Alba Morena y Pablo Lesuit en La Casa Encendida\" \/>\n<meta name=\"robots\" content=\"index, follow, max-snippet:-1, max-image-preview:large, max-video-preview:-1\" \/>\n<link rel=\"canonical\" href=\"https:\/\/unaymilletras.com\/en\/la-terraza-encendida-x-son-estrella-galicia-ilumina-madrid\/\" \/>\n<meta property=\"og:locale\" content=\"en_GB\" \/>\n<meta property=\"og:type\" content=\"article\" \/>\n<meta property=\"og:title\" content=\"La Terraza Encendida x SON Estrella Galicia ilumina Madrid\" \/>\n<meta property=\"og:description\" content=\"La Terraza Encendida x SON Estrella Galicia arranca en junio con actuaciones de stivijoes, Alba Morena y Pablo Lesuit en La Casa Encendida\" \/>\n<meta property=\"og:url\" content=\"https:\/\/unaymilletras.com\/en\/la-terraza-encendida-x-son-estrella-galicia-ilumina-madrid\/\" \/>\n<meta property=\"og:site_name\" content=\"Una y Mil Letras\" \/>\n<meta property=\"article:published_time\" content=\"2025-06-04T17:20:19+00:00\" \/>\n<meta property=\"article:modified_time\" content=\"2025-06-15T12:18:09+00:00\" \/>\n<meta property=\"og:image\" content=\"http:\/\/unaymilletras.com\/wp-content\/uploads\/2025\/06\/La-Terraza-Encendida-x-SON-Estrella-Galicia-e1749057413427.png\" \/>\n\t<meta property=\"og:image:width\" content=\"600\" \/>\n\t<meta property=\"og:image:height\" content=\"266\" \/>\n\t<meta property=\"og:image:type\" content=\"image\/png\" \/>\n<meta name=\"author\" content=\"Redacci\u00f3n\" \/>\n<meta name=\"twitter:card\" content=\"summary_large_image\" \/>\n<meta name=\"twitter:creator\" content=\"@UnaYMilLetras\" \/>\n<meta name=\"twitter:site\" content=\"@UnaYMilLetras\" \/>\n<meta name=\"twitter:label1\" content=\"Written by\" \/>\n\t<meta name=\"twitter:data1\" content=\"Redacci\u00f3n\" \/>\n\t<meta name=\"twitter:label2\" content=\"Estimated reading time\" \/>\n\t<meta name=\"twitter:data2\" content=\"2 minutes\" \/>\n<script type=\"application\/ld+json\" class=\"yoast-schema-graph\">{\"@context\":\"https:\\\/\\\/schema.org\",\"@graph\":[{\"@type\":\"Article\",\"@id\":\"https:\\\/\\\/unaymilletras.com\\\/la-terraza-encendida-x-son-estrella-galicia-ilumina-madrid\\\/#article\",\"isPartOf\":{\"@id\":\"https:\\\/\\\/unaymilletras.com\\\/la-terraza-encendida-x-son-estrella-galicia-ilumina-madrid\\\/\"},\"author\":{\"name\":\"Redacci\u00f3n\",\"@id\":\"http:\\\/\\\/unaymilletras.com\\\/#\\\/schema\\\/person\\\/0860dc8a218329991ee2c7591f4f849d\"},\"headline\":\"La Terraza Encendida x SON Estrella Galicia ilumina Madrid\",\"datePublished\":\"2025-06-04T17:20:19+00:00\",\"dateModified\":\"2025-06-15T12:18:09+00:00\",\"mainEntityOfPage\":{\"@id\":\"https:\\\/\\\/unaymilletras.com\\\/la-terraza-encendida-x-son-estrella-galicia-ilumina-madrid\\\/\"},\"wordCount\":316,\"publisher\":{\"@id\":\"http:\\\/\\\/unaymilletras.com\\\/#organization\"},\"image\":{\"@id\":\"https:\\\/\\\/unaymilletras.com\\\/la-terraza-encendida-x-son-estrella-galicia-ilumina-madrid\\\/#primaryimage\"},\"thumbnailUrl\":\"https:\\\/\\\/unaymilletras.com\\\/wp-content\\\/uploads\\\/2025\\\/06\\\/La-Terraza-Encendida-x-SON-Estrella-Galicia-e1749057413427.png\",\"articleSection\":[\"M\u00fasica\"],\"inLanguage\":\"en-GB\"},{\"@type\":\"WebPage\",\"@id\":\"https:\\\/\\\/unaymilletras.com\\\/la-terraza-encendida-x-son-estrella-galicia-ilumina-madrid\\\/\",\"url\":\"https:\\\/\\\/unaymilletras.com\\\/la-terraza-encendida-x-son-estrella-galicia-ilumina-madrid\\\/\",\"name\":\"La Terraza Encendida x SON Estrella Galicia ilumina Madrid\",\"isPartOf\":{\"@id\":\"http:\\\/\\\/unaymilletras.com\\\/#website\"},\"primaryImageOfPage\":{\"@id\":\"https:\\\/\\\/unaymilletras.com\\\/la-terraza-encendida-x-son-estrella-galicia-ilumina-madrid\\\/#primaryimage\"},\"image\":{\"@id\":\"https:\\\/\\\/unaymilletras.com\\\/la-terraza-encendida-x-son-estrella-galicia-ilumina-madrid\\\/#primaryimage\"},\"thumbnailUrl\":\"https:\\\/\\\/unaymilletras.com\\\/wp-content\\\/uploads\\\/2025\\\/06\\\/La-Terraza-Encendida-x-SON-Estrella-Galicia-e1749057413427.png\",\"datePublished\":\"2025-06-04T17:20:19+00:00\",\"dateModified\":\"2025-06-15T12:18:09+00:00\",\"description\":\"La Terraza Encendida x SON Estrella Galicia arranca en junio con actuaciones de stivijoes, Alba Morena y Pablo Lesuit en La Casa Encendida\",\"breadcrumb\":{\"@id\":\"https:\\\/\\\/unaymilletras.com\\\/la-terraza-encendida-x-son-estrella-galicia-ilumina-madrid\\\/#breadcrumb\"},\"inLanguage\":\"en-GB\",\"potentialAction\":[{\"@type\":\"ReadAction\",\"target\":[\"https:\\\/\\\/unaymilletras.com\\\/la-terraza-encendida-x-son-estrella-galicia-ilumina-madrid\\\/\"]}]},{\"@type\":\"ImageObject\",\"inLanguage\":\"en-GB\",\"@id\":\"https:\\\/\\\/unaymilletras.com\\\/la-terraza-encendida-x-son-estrella-galicia-ilumina-madrid\\\/#primaryimage\",\"url\":\"https:\\\/\\\/unaymilletras.com\\\/wp-content\\\/uploads\\\/2025\\\/06\\\/La-Terraza-Encendida-x-SON-Estrella-Galicia-e1749057413427.png\",\"contentUrl\":\"https:\\\/\\\/unaymilletras.com\\\/wp-content\\\/uploads\\\/2025\\\/06\\\/La-Terraza-Encendida-x-SON-Estrella-Galicia-e1749057413427.png\",\"width\":600,\"height\":266},{\"@type\":\"BreadcrumbList\",\"@id\":\"https:\\\/\\\/unaymilletras.com\\\/la-terraza-encendida-x-son-estrella-galicia-ilumina-madrid\\\/#breadcrumb\",\"itemListElement\":[{\"@type\":\"ListItem\",\"position\":1,\"name\":\"Home\",\"item\":\"http:\\\/\\\/unaymilletras.com\\\/\"},{\"@type\":\"ListItem\",\"position\":2,\"name\":\"La Terraza Encendida x SON Estrella Galicia ilumina Madrid\"}]},{\"@type\":\"WebSite\",\"@id\":\"http:\\\/\\\/unaymilletras.com\\\/#website\",\"url\":\"http:\\\/\\\/unaymilletras.com\\\/\",\"name\":\"Una y Mil Letras\",\"description\":\"\",\"publisher\":{\"@id\":\"http:\\\/\\\/unaymilletras.com\\\/#organization\"},\"potentialAction\":[{\"@type\":\"SearchAction\",\"target\":{\"@type\":\"EntryPoint\",\"urlTemplate\":\"http:\\\/\\\/unaymilletras.com\\\/?s={search_term_string}\"},\"query-input\":{\"@type\":\"PropertyValueSpecification\",\"valueRequired\":true,\"valueName\":\"search_term_string\"}}],\"inLanguage\":\"en-GB\"},{\"@type\":\"Organization\",\"@id\":\"http:\\\/\\\/unaymilletras.com\\\/#organization\",\"name\":\"Una y Mil Letras\",\"url\":\"http:\\\/\\\/unaymilletras.com\\\/\",\"logo\":{\"@type\":\"ImageObject\",\"inLanguage\":\"en-GB\",\"@id\":\"http:\\\/\\\/unaymilletras.com\\\/#\\\/schema\\\/logo\\\/image\\\/\",\"url\":\"https:\\\/\\\/unaymilletras.com\\\/wp-content\\\/uploads\\\/2024\\\/06\\\/cropped-Logo-removebg-preview.png\",\"contentUrl\":\"https:\\\/\\\/unaymilletras.com\\\/wp-content\\\/uploads\\\/2024\\\/06\\\/cropped-Logo-removebg-preview.png\",\"width\":512,\"height\":512,\"caption\":\"Una y Mil Letras\"},\"image\":{\"@id\":\"http:\\\/\\\/unaymilletras.com\\\/#\\\/schema\\\/logo\\\/image\\\/\"},\"sameAs\":[\"https:\\\/\\\/x.com\\\/UnaYMilLetras\",\"https:\\\/\\\/instagram.com\\\/UnaYMilLetras\"]},{\"@type\":\"Person\",\"@id\":\"http:\\\/\\\/unaymilletras.com\\\/#\\\/schema\\\/person\\\/0860dc8a218329991ee2c7591f4f849d\",\"name\":\"Redacci\u00f3n\",\"image\":{\"@type\":\"ImageObject\",\"inLanguage\":\"en-GB\",\"@id\":\"https:\\\/\\\/secure.gravatar.com\\\/avatar\\\/d8f55e05a8b6597e45c55a1dcbdbfe44f4a360d88b48e00de5216a79b7732796?s=96&d=mm&r=g\",\"url\":\"https:\\\/\\\/secure.gravatar.com\\\/avatar\\\/d8f55e05a8b6597e45c55a1dcbdbfe44f4a360d88b48e00de5216a79b7732796?s=96&d=mm&r=g\",\"contentUrl\":\"https:\\\/\\\/secure.gravatar.com\\\/avatar\\\/d8f55e05a8b6597e45c55a1dcbdbfe44f4a360d88b48e00de5216a79b7732796?s=96&d=mm&r=g\",\"caption\":\"Redacci\u00f3n\"},\"url\":\"https:\\\/\\\/unaymilletras.com\\\/en\\\/author\\\/redaccion\\\/\"}]}<\/script>\n<!-- \/ Yoast SEO plugin. -->","yoast_head_json":{"title":"La Terraza Encendida x SON Estrella Galicia ilumina Madrid","description":"La Terraza Encendida x SON Estrella Galicia arranca en junio con actuaciones de stivijoes, Alba Morena y Pablo Lesuit en La Casa Encendida","robots":{"index":"index","follow":"follow","max-snippet":"max-snippet:-1","max-image-preview":"max-image-preview:large","max-video-preview":"max-video-preview:-1"},"canonical":"https:\/\/unaymilletras.com\/en\/la-terraza-encendida-x-son-estrella-galicia-ilumina-madrid\/","og_locale":"en_GB","og_type":"article","og_title":"La Terraza Encendida x SON Estrella Galicia ilumina Madrid","og_description":"La Terraza Encendida x SON Estrella Galicia arranca en junio con actuaciones de stivijoes, Alba Morena y Pablo Lesuit en La Casa Encendida","og_url":"https:\/\/unaymilletras.com\/en\/la-terraza-encendida-x-son-estrella-galicia-ilumina-madrid\/","og_site_name":"Una y Mil Letras","article_published_time":"2025-06-04T17:20:19+00:00","article_modified_time":"2025-06-15T12:18:09+00:00","og_image":[{"width":600,"height":266,"url":"http:\/\/unaymilletras.com\/wp-content\/uploads\/2025\/06\/La-Terraza-Encendida-x-SON-Estrella-Galicia-e1749057413427.png","type":"image\/png"}],"author":"Redacci\u00f3n","twitter_card":"summary_large_image","twitter_creator":"@UnaYMilLetras","twitter_site":"@UnaYMilLetras","twitter_misc":{"Written by":"Redacci\u00f3n","Estimated reading time":"2 minutes"},"schema":{"@context":"https:\/\/schema.org","@graph":[{"@type":"Article","@id":"https:\/\/unaymilletras.com\/la-terraza-encendida-x-son-estrella-galicia-ilumina-madrid\/#article","isPartOf":{"@id":"https:\/\/unaymilletras.com\/la-terraza-encendida-x-son-estrella-galicia-ilumina-madrid\/"},"author":{"name":"Redacci\u00f3n","@id":"http:\/\/unaymilletras.com\/#\/schema\/person\/0860dc8a218329991ee2c7591f4f849d"},"headline":"La Terraza Encendida x SON Estrella Galicia ilumina Madrid","datePublished":"2025-06-04T17:20:19+00:00","dateModified":"2025-06-15T12:18:09+00:00","mainEntityOfPage":{"@id":"https:\/\/unaymilletras.com\/la-terraza-encendida-x-son-estrella-galicia-ilumina-madrid\/"},"wordCount":316,"publisher":{"@id":"http:\/\/unaymilletras.com\/#organization"},"image":{"@id":"https:\/\/unaymilletras.com\/la-terraza-encendida-x-son-estrella-galicia-ilumina-madrid\/#primaryimage"},"thumbnailUrl":"https:\/\/unaymilletras.com\/wp-content\/uploads\/2025\/06\/La-Terraza-Encendida-x-SON-Estrella-Galicia-e1749057413427.png","articleSection":["M\u00fasica"],"inLanguage":"en-GB"},{"@type":"WebPage","@id":"https:\/\/unaymilletras.com\/la-terraza-encendida-x-son-estrella-galicia-ilumina-madrid\/","url":"https:\/\/unaymilletras.com\/la-terraza-encendida-x-son-estrella-galicia-ilumina-madrid\/","name":"La Terraza Encendida x SON Estrella Galicia ilumina Madrid","isPartOf":{"@id":"http:\/\/unaymilletras.com\/#website"},"primaryImageOfPage":{"@id":"https:\/\/unaymilletras.com\/la-terraza-encendida-x-son-estrella-galicia-ilumina-madrid\/#primaryimage"},"image":{"@id":"https:\/\/unaymilletras.com\/la-terraza-encendida-x-son-estrella-galicia-ilumina-madrid\/#primaryimage"},"thumbnailUrl":"https:\/\/unaymilletras.com\/wp-content\/uploads\/2025\/06\/La-Terraza-Encendida-x-SON-Estrella-Galicia-e1749057413427.png","datePublished":"2025-06-04T17:20:19+00:00","dateModified":"2025-06-15T12:18:09+00:00","description":"La Terraza Encendida x SON Estrella Galicia arranca en junio con actuaciones de stivijoes, Alba Morena y Pablo Lesuit en La Casa Encendida","breadcrumb":{"@id":"https:\/\/unaymilletras.com\/la-terraza-encendida-x-son-estrella-galicia-ilumina-madrid\/#breadcrumb"},"inLanguage":"en-GB","potentialAction":[{"@type":"ReadAction","target":["https:\/\/unaymilletras.com\/la-terraza-encendida-x-son-estrella-galicia-ilumina-madrid\/"]}]},{"@type":"ImageObject","inLanguage":"en-GB","@id":"https:\/\/unaymilletras.com\/la-terraza-encendida-x-son-estrella-galicia-ilumina-madrid\/#primaryimage","url":"https:\/\/unaymilletras.com\/wp-content\/uploads\/2025\/06\/La-Terraza-Encendida-x-SON-Estrella-Galicia-e1749057413427.png","contentUrl":"https:\/\/unaymilletras.com\/wp-content\/uploads\/2025\/06\/La-Terraza-Encendida-x-SON-Estrella-Galicia-e1749057413427.png","width":600,"height":266},{"@type":"BreadcrumbList","@id":"https:\/\/unaymilletras.com\/la-terraza-encendida-x-son-estrella-galicia-ilumina-madrid\/#breadcrumb","itemListElement":[{"@type":"ListItem","position":1,"name":"Home","item":"http:\/\/unaymilletras.com\/"},{"@type":"ListItem","position":2,"name":"La Terraza Encendida x SON Estrella Galicia ilumina Madrid"}]},{"@type":"WebSite","@id":"http:\/\/unaymilletras.com\/#website","url":"http:\/\/unaymilletras.com\/","name":"Una y Mil Letras","description":"","publisher":{"@id":"http:\/\/unaymilletras.com\/#organization"},"potentialAction":[{"@type":"SearchAction","target":{"@type":"EntryPoint","urlTemplate":"http:\/\/unaymilletras.com\/?s={search_term_string}"},"query-input":{"@type":"PropertyValueSpecification","valueRequired":true,"valueName":"search_term_string"}}],"inLanguage":"en-GB"},{"@type":"Organization","@id":"http:\/\/unaymilletras.com\/#organization","name":"Una y Mil Letras","url":"http:\/\/unaymilletras.com\/","logo":{"@type":"ImageObject","inLanguage":"en-GB","@id":"http:\/\/unaymilletras.com\/#\/schema\/logo\/image\/","url":"https:\/\/unaymilletras.com\/wp-content\/uploads\/2024\/06\/cropped-Logo-removebg-preview.png","contentUrl":"https:\/\/unaymilletras.com\/wp-content\/uploads\/2024\/06\/cropped-Logo-removebg-preview.png","width":512,"height":512,"caption":"Una y Mil Letras"},"image":{"@id":"http:\/\/unaymilletras.com\/#\/schema\/logo\/image\/"},"sameAs":["https:\/\/x.com\/UnaYMilLetras","https:\/\/instagram.com\/UnaYMilLetras"]},{"@type":"Person","@id":"http:\/\/unaymilletras.com\/#\/schema\/person\/0860dc8a218329991ee2c7591f4f849d","name":"Redacci\u00f3n","image":{"@type":"ImageObject","inLanguage":"en-GB","@id":"https:\/\/secure.gravatar.com\/avatar\/d8f55e05a8b6597e45c55a1dcbdbfe44f4a360d88b48e00de5216a79b7732796?s=96&d=mm&r=g","url":"https:\/\/secure.gravatar.com\/avatar\/d8f55e05a8b6597e45c55a1dcbdbfe44f4a360d88b48e00de5216a79b7732796?s=96&d=mm&r=g","contentUrl":"https:\/\/secure.gravatar.com\/avatar\/d8f55e05a8b6597e45c55a1dcbdbfe44f4a360d88b48e00de5216a79b7732796?s=96&d=mm&r=g","caption":"Redacci\u00f3n"},"url":"https:\/\/unaymilletras.com\/en\/author\/redaccion\/"}]}},"_links":{"self":[{"href":"https:\/\/unaymilletras.com\/en\/wp-json\/wp\/v2\/posts\/5002","targetHints":{"allow":["GET"]}}],"collection":[{"href":"https:\/\/unaymilletras.com\/en\/wp-json\/wp\/v2\/posts"}],"about":[{"href":"https:\/\/unaymilletras.com\/en\/wp-json\/wp\/v2\/types\/post"}],"author":[{"embeddable":true,"href":"https:\/\/unaymilletras.com\/en\/wp-json\/wp\/v2\/users\/6"}],"replies":[{"embeddable":true,"href":"https:\/\/unaymilletras.com\/en\/wp-json\/wp\/v2\/comments?post=5002"}],"version-history":[{"count":7,"href":"https:\/\/unaymilletras.com\/en\/wp-json\/wp\/v2\/posts\/5002\/revisions"}],"predecessor-version":[{"id":5010,"href":"https:\/\/unaymilletras.com\/en\/wp-json\/wp\/v2\/posts\/5002\/revisions\/5010"}],"wp:featuredmedia":[{"embeddable":true,"href":"https:\/\/unaymilletras.com\/en\/wp-json\/wp\/v2\/media\/5004"}],"wp:attachment":[{"href":"https:\/\/unaymilletras.com\/en\/wp-json\/wp\/v2\/media?parent=5002"}],"wp:term":[{"taxonomy":"category","embeddable":true,"href":"https:\/\/unaymilletras.com\/en\/wp-json\/wp\/v2\/categories?post=5002"},{"taxonomy":"post_tag","embeddable":true,"href":"https:\/\/unaymilletras.com\/en\/wp-json\/wp\/v2\/tags?post=5002"}],"curies":[{"name":"wp","href":"https:\/\/api.w.org\/{rel}","templated":true}]}}