{"id":5011,"date":"2025-04-22T13:48:11","date_gmt":"2025-04-22T11:48:11","guid":{"rendered":"https:\/\/unaymilletras.com\/?p=5011"},"modified":"2025-06-07T16:10:03","modified_gmt":"2025-06-07T14:10:03","slug":"bad-gyal-lidera-el-cartel-del-fan-futura-fest-2025-en-san-javier","status":"publish","type":"post","link":"https:\/\/unaymilletras.com\/en\/bad-gyal-lidera-el-cartel-del-fan-futura-fest-2025-en-san-javier\/","title":{"rendered":"Bad Gyal lidera el cartel del Fan Futura Fest 2025 en San Javier"},"content":{"rendered":"<div data-elementor-type=\"wp-post\" data-elementor-id=\"5011\" class=\"elementor elementor-5011\">\n\t\t\t\t\t\t<section class=\"elementor-section elementor-top-section elementor-element elementor-element-999deb1 elementor-section-boxed elementor-section-height-default elementor-section-height-default\" data-id=\"999deb1\" data-element_type=\"section\" data-e-type=\"section\">\n\t\t\t\t\t\t<div class=\"elementor-container elementor-column-gap-default\">\n\t\t\t\t\t<div class=\"elementor-column elementor-col-100 elementor-top-column elementor-element elementor-element-0431d10\" data-id=\"0431d10\" data-element_type=\"column\" data-e-type=\"column\">\n\t\t\t<div class=\"elementor-widget-wrap elementor-element-populated\">\n\t\t\t\t\t\t<div class=\"elementor-element elementor-element-17c153d elementor-widget elementor-widget-text-editor\" data-id=\"17c153d\" data-element_type=\"widget\" data-e-type=\"widget\" data-widget_type=\"text-editor.default\">\n\t\t\t\t<div class=\"elementor-widget-container\">\n\t\t\t\t\t\t\t\t\t<h2 style=\"text-align: center;\"><span style=\"color: #808080;\"><em>Fan Futura Fest 2025 reunir\u00e1 grandes nombres del pop, el urbano y la electr\u00f3nica<\/em><\/span><\/h2>\t\t\t\t\t\t\t\t<\/div>\n\t\t\t\t<\/div>\n\t\t\t\t\t<\/div>\n\t\t<\/div>\n\t\t\t\t\t<\/div>\n\t\t<\/section>\n\t\t\t\t<section class=\"elementor-section elementor-top-section elementor-element elementor-element-e30d2db elementor-section-boxed elementor-section-height-default elementor-section-height-default\" data-id=\"e30d2db\" data-element_type=\"section\" data-e-type=\"section\">\n\t\t\t\t\t\t<div class=\"elementor-container elementor-column-gap-default\">\n\t\t\t\t\t<div class=\"elementor-column elementor-col-100 elementor-top-column elementor-element elementor-element-18ed3ce\" data-id=\"18ed3ce\" data-element_type=\"column\" data-e-type=\"column\">\n\t\t\t<div class=\"elementor-widget-wrap elementor-element-populated\">\n\t\t\t\t\t\t<div class=\"elementor-element elementor-element-7115727 elementor-widget elementor-widget-text-editor\" data-id=\"7115727\" data-element_type=\"widget\" data-e-type=\"widget\" data-widget_type=\"text-editor.default\">\n\t\t\t\t<div class=\"elementor-widget-container\">\n\t\t\t\t\t\t\t\t\t<p data-start=\"213\" data-end=\"502\"><b>Bad Gyal<\/b> encabeza el cartel de la pr\u00f3xima edici\u00f3n del <b>Fan Futura Fest 2025<\/b>. El evento se celebrar\u00e1 en<b> San Javier, Murcia<\/b>, entre el <b>24 y el 27 de julio<\/b>. La artista catalana ser\u00e1 una de las actuaciones m\u00e1s esperadas del festival, que vuelve a apostar por un cartel potente, actual y diverso.<\/p>\n<p data-start=\"504\" data-end=\"840\">El Fan Futura Fest 2025 reunir\u00e1 a m\u00e1s de 40 artistas nacionales e internacionales. El evento ofrecer\u00e1 una programaci\u00f3n que abarca estilos como el reguet\u00f3n, el pop, la m\u00fasica electr\u00f3nica y el rap. A lo largo de cuatro d\u00edas, miles de asistentes podr\u00e1n disfrutar de conciertos en diferentes escenarios, junto al mar y en un ambiente \u00fanico.<\/p>\t\t\t\t\t\t\t\t<\/div>\n\t\t\t\t<\/div>\n\t\t\t\t\t<\/div>\n\t\t<\/div>\n\t\t\t\t\t<\/div>\n\t\t<\/section>\n\t\t\t\t<section class=\"elementor-section elementor-top-section elementor-element elementor-element-506ecee elementor-section-boxed elementor-section-height-default elementor-section-height-default\" data-id=\"506ecee\" data-element_type=\"section\" data-e-type=\"section\">\n\t\t\t\t\t\t<div class=\"elementor-container elementor-column-gap-default\">\n\t\t\t\t\t<div class=\"elementor-column elementor-col-100 elementor-top-column elementor-element elementor-element-b6b5fd2\" data-id=\"b6b5fd2\" data-element_type=\"column\" data-e-type=\"column\">\n\t\t\t<div class=\"elementor-widget-wrap elementor-element-populated\">\n\t\t\t\t\t\t<div class=\"elementor-element elementor-element-ab8b5fc elementor-widget elementor-widget-image\" data-id=\"ab8b5fc\" data-element_type=\"widget\" data-e-type=\"widget\" data-widget_type=\"image.default\">\n\t\t\t\t<div class=\"elementor-widget-container\">\n\t\t\t\t\t\t\t\t\t\t\t\t\t\t\t<img fetchpriority=\"high\" decoding=\"async\" width=\"640\" height=\"800\" src=\"https:\/\/unaymilletras.com\/wp-content\/uploads\/2025\/06\/web-5_movil-2-m6LZnyG8Z7UlEWE6-819x1024.jpg\" class=\"attachment-large size-large wp-image-5016\" alt=\"Fan Futura Fest\" srcset=\"https:\/\/unaymilletras.com\/wp-content\/uploads\/2025\/06\/web-5_movil-2-m6LZnyG8Z7UlEWE6-819x1024.jpg 819w, https:\/\/unaymilletras.com\/wp-content\/uploads\/2025\/06\/web-5_movil-2-m6LZnyG8Z7UlEWE6-240x300.jpg 240w, https:\/\/unaymilletras.com\/wp-content\/uploads\/2025\/06\/web-5_movil-2-m6LZnyG8Z7UlEWE6-768x960.jpg 768w, https:\/\/unaymilletras.com\/wp-content\/uploads\/2025\/06\/web-5_movil-2-m6LZnyG8Z7UlEWE6-1229x1536.jpg 1229w, https:\/\/unaymilletras.com\/wp-content\/uploads\/2025\/06\/web-5_movil-2-m6LZnyG8Z7UlEWE6-1638x2048.jpg 1638w, https:\/\/unaymilletras.com\/wp-content\/uploads\/2025\/06\/web-5_movil-2-m6LZnyG8Z7UlEWE6-10x12.jpg 10w, https:\/\/unaymilletras.com\/wp-content\/uploads\/2025\/06\/web-5_movil-2-m6LZnyG8Z7UlEWE6-1024x1280.jpg 1024w, https:\/\/unaymilletras.com\/wp-content\/uploads\/2025\/06\/web-5_movil-2-m6LZnyG8Z7UlEWE6-e1749296829122.jpg 600w\" sizes=\"(max-width: 640px) 100vw, 640px\" \/>\t\t\t\t\t\t\t\t\t\t\t\t\t\t\t<\/div>\n\t\t\t\t<\/div>\n\t\t\t\t\t<\/div>\n\t\t<\/div>\n\t\t\t\t\t<\/div>\n\t\t<\/section>\n\t\t\t\t<section class=\"elementor-section elementor-top-section elementor-element elementor-element-9cc03bf elementor-section-boxed elementor-section-height-default elementor-section-height-default\" data-id=\"9cc03bf\" data-element_type=\"section\" data-e-type=\"section\">\n\t\t\t\t\t\t<div class=\"elementor-container elementor-column-gap-default\">\n\t\t\t\t\t<div class=\"elementor-column elementor-col-100 elementor-top-column elementor-element elementor-element-bac8c98\" data-id=\"bac8c98\" data-element_type=\"column\" data-e-type=\"column\">\n\t\t\t<div class=\"elementor-widget-wrap elementor-element-populated\">\n\t\t\t\t\t\t<div class=\"elementor-element elementor-element-f1114a9 elementor-widget elementor-widget-text-editor\" data-id=\"f1114a9\" data-element_type=\"widget\" data-e-type=\"widget\" data-widget_type=\"text-editor.default\">\n\t\t\t\t<div class=\"elementor-widget-container\">\n\t\t\t\t\t\t\t\t\t<p data-start=\"842\" data-end=\"1168\"><span style=\"color: #808080;\"><a style=\"color: #808080;\" href=\"https:\/\/open.spotify.com\/intl-es\/artist\/4F4pp8NUW08JuXwnoxglpN?si=aa60e912852c4c49\">Bad Gyal<\/a> <\/span>actuar\u00e1 en el escenario principal en lo que promete ser uno de los shows m\u00e1s multitudinarios de su carrera. Su directo, cargado de energ\u00eda, baile y grandes \u00e9xitos como <em>Chulo<\/em> o <em>Real G<\/em>, ser\u00e1 el gran reclamo del festival. Su presencia confirma su estatus como una de las figuras clave de la m\u00fasica urbana en espa\u00f1ol.<\/p><p data-start=\"1170\" data-end=\"1447\">Junto a ella, otros nombres destacados del cartel del Fan Futura Fest 2025 son Saiko, La Zowi, Sticky M.A., Walls, Ralphie Choo, Selecta o Rusowsky. Tambi\u00e9n estar\u00e1n figuras internacionales como DJ Tennis y Acid Arab, que llenar\u00e1n de beats el escenario electr\u00f3nico del festival.<\/p><p data-start=\"1449\" data-end=\"1734\">La nueva edici\u00f3n del Fan Futura Fest llega tras el \u00e9xito de convocatorias anteriores. El evento ha logrado consolidarse como una de las grandes citas del verano musical en Espa\u00f1a. Su mezcla de m\u00fasica, sostenibilidad y experiencia cerca del mar lo convierten en una propuesta diferente.<\/p><p data-start=\"1736\" data-end=\"2037\" data-is-last-node=\"\" data-is-only-node=\"\">Adem\u00e1s de conciertos, el festival ofrecer\u00e1 actividades deportivas, encuentros culturales y propuestas gastron\u00f3micas. San Javier volver\u00e1 a convertirse en un punto de encuentro para el p\u00fablico joven y amante de la m\u00fasica actual. Las entradas ya est\u00e1n disponibles a trav\u00e9s de la web oficial del festival.<\/p>\t\t\t\t\t\t\t\t<\/div>\n\t\t\t\t<\/div>\n\t\t\t\t\t<\/div>\n\t\t<\/div>\n\t\t\t\t\t<\/div>\n\t\t<\/section>\n\t\t\t\t<\/div>","protected":false},"excerpt":{"rendered":"<p>Fan Futura Fest 2025 reunir\u00e1 grandes nombres del pop, el urbano y la electr\u00f3nica Bad Gyal encabeza el cartel de la pr\u00f3xima edici\u00f3n del Fan Futura Fest 2025. El evento se celebrar\u00e1 en San Javier, Murcia, entre el 24 y el 27 de julio. La artista catalana ser\u00e1 una de las actuaciones m\u00e1s esperadas del [&hellip;]<\/p>\n","protected":false},"author":6,"featured_media":5016,"comment_status":"closed","ping_status":"closed","sticky":false,"template":"","format":"standard","meta":{"footnotes":""},"categories":[4],"tags":[],"class_list":["post-5011","post","type-post","status-publish","format-standard","has-post-thumbnail","hentry","category-musica"],"yoast_head":"<!-- This site is optimized with the Yoast SEO plugin v27.4 - https:\/\/yoast.com\/product\/yoast-seo-wordpress\/ -->\n<title>Bad Gyal lidera el cartel del Fan Futura Fest 2025 en San Javier &#8902; Una y Mil Letras<\/title>\n<meta name=\"description\" content=\"El Fan Futura Fest 2025, que reunir\u00e1 a grandes nombres nacionales e internacionales del pop, el urbano y la electr\u00f3nica\" \/>\n<meta name=\"robots\" content=\"index, follow, max-snippet:-1, max-image-preview:large, max-video-preview:-1\" \/>\n<link rel=\"canonical\" href=\"https:\/\/unaymilletras.com\/en\/bad-gyal-lidera-el-cartel-del-fan-futura-fest-2025-en-san-javier\/\" \/>\n<meta property=\"og:locale\" content=\"en_GB\" \/>\n<meta property=\"og:type\" content=\"article\" \/>\n<meta property=\"og:title\" content=\"Bad Gyal lidera el cartel del Fan Futura Fest 2025 en San Javier &#8902; Una y Mil Letras\" \/>\n<meta property=\"og:description\" content=\"El Fan Futura Fest 2025, que reunir\u00e1 a grandes nombres nacionales e internacionales del pop, el urbano y la electr\u00f3nica\" \/>\n<meta property=\"og:url\" content=\"https:\/\/unaymilletras.com\/en\/bad-gyal-lidera-el-cartel-del-fan-futura-fest-2025-en-san-javier\/\" \/>\n<meta property=\"og:site_name\" content=\"Una y Mil Letras\" \/>\n<meta property=\"article:published_time\" content=\"2025-04-22T11:48:11+00:00\" \/>\n<meta property=\"article:modified_time\" content=\"2025-06-07T14:10:03+00:00\" \/>\n<meta property=\"og:image\" content=\"http:\/\/unaymilletras.com\/wp-content\/uploads\/2025\/06\/web-5_movil-2-m6LZnyG8Z7UlEWE6-e1749296829122.jpg\" \/>\n\t<meta property=\"og:image:width\" content=\"600\" \/>\n\t<meta property=\"og:image:height\" content=\"750\" \/>\n\t<meta property=\"og:image:type\" content=\"image\/jpeg\" \/>\n<meta name=\"author\" content=\"Redacci\u00f3n\" \/>\n<meta name=\"twitter:card\" content=\"summary_large_image\" \/>\n<meta name=\"twitter:creator\" content=\"@UnaYMilLetras\" \/>\n<meta name=\"twitter:site\" content=\"@UnaYMilLetras\" \/>\n<meta name=\"twitter:label1\" content=\"Written by\" \/>\n\t<meta name=\"twitter:data1\" content=\"Redacci\u00f3n\" \/>\n\t<meta name=\"twitter:label2\" content=\"Estimated reading time\" \/>\n\t<meta name=\"twitter:data2\" content=\"2 minutes\" \/>\n<script type=\"application\/ld+json\" class=\"yoast-schema-graph\">{\"@context\":\"https:\\\/\\\/schema.org\",\"@graph\":[{\"@type\":\"Article\",\"@id\":\"https:\\\/\\\/unaymilletras.com\\\/bad-gyal-lidera-el-cartel-del-fan-futura-fest-2025-en-san-javier\\\/#article\",\"isPartOf\":{\"@id\":\"https:\\\/\\\/unaymilletras.com\\\/bad-gyal-lidera-el-cartel-del-fan-futura-fest-2025-en-san-javier\\\/\"},\"author\":{\"name\":\"Redacci\u00f3n\",\"@id\":\"http:\\\/\\\/unaymilletras.com\\\/#\\\/schema\\\/person\\\/0860dc8a218329991ee2c7591f4f849d\"},\"headline\":\"Bad Gyal lidera el cartel del Fan Futura Fest 2025 en San Javier\",\"datePublished\":\"2025-04-22T11:48:11+00:00\",\"dateModified\":\"2025-06-07T14:10:03+00:00\",\"mainEntityOfPage\":{\"@id\":\"https:\\\/\\\/unaymilletras.com\\\/bad-gyal-lidera-el-cartel-del-fan-futura-fest-2025-en-san-javier\\\/\"},\"wordCount\":352,\"publisher\":{\"@id\":\"http:\\\/\\\/unaymilletras.com\\\/#organization\"},\"image\":{\"@id\":\"https:\\\/\\\/unaymilletras.com\\\/bad-gyal-lidera-el-cartel-del-fan-futura-fest-2025-en-san-javier\\\/#primaryimage\"},\"thumbnailUrl\":\"https:\\\/\\\/unaymilletras.com\\\/wp-content\\\/uploads\\\/2025\\\/06\\\/web-5_movil-2-m6LZnyG8Z7UlEWE6-e1749296829122.jpg\",\"articleSection\":[\"M\u00fasica\"],\"inLanguage\":\"en-GB\"},{\"@type\":\"WebPage\",\"@id\":\"https:\\\/\\\/unaymilletras.com\\\/bad-gyal-lidera-el-cartel-del-fan-futura-fest-2025-en-san-javier\\\/\",\"url\":\"https:\\\/\\\/unaymilletras.com\\\/bad-gyal-lidera-el-cartel-del-fan-futura-fest-2025-en-san-javier\\\/\",\"name\":\"Bad Gyal lidera el cartel del Fan Futura Fest 2025 en San Javier &#8902; Una y Mil Letras\",\"isPartOf\":{\"@id\":\"http:\\\/\\\/unaymilletras.com\\\/#website\"},\"primaryImageOfPage\":{\"@id\":\"https:\\\/\\\/unaymilletras.com\\\/bad-gyal-lidera-el-cartel-del-fan-futura-fest-2025-en-san-javier\\\/#primaryimage\"},\"image\":{\"@id\":\"https:\\\/\\\/unaymilletras.com\\\/bad-gyal-lidera-el-cartel-del-fan-futura-fest-2025-en-san-javier\\\/#primaryimage\"},\"thumbnailUrl\":\"https:\\\/\\\/unaymilletras.com\\\/wp-content\\\/uploads\\\/2025\\\/06\\\/web-5_movil-2-m6LZnyG8Z7UlEWE6-e1749296829122.jpg\",\"datePublished\":\"2025-04-22T11:48:11+00:00\",\"dateModified\":\"2025-06-07T14:10:03+00:00\",\"description\":\"El Fan Futura Fest 2025, que reunir\u00e1 a grandes nombres nacionales e internacionales del pop, el urbano y la electr\u00f3nica\",\"breadcrumb\":{\"@id\":\"https:\\\/\\\/unaymilletras.com\\\/bad-gyal-lidera-el-cartel-del-fan-futura-fest-2025-en-san-javier\\\/#breadcrumb\"},\"inLanguage\":\"en-GB\",\"potentialAction\":[{\"@type\":\"ReadAction\",\"target\":[\"https:\\\/\\\/unaymilletras.com\\\/bad-gyal-lidera-el-cartel-del-fan-futura-fest-2025-en-san-javier\\\/\"]}]},{\"@type\":\"ImageObject\",\"inLanguage\":\"en-GB\",\"@id\":\"https:\\\/\\\/unaymilletras.com\\\/bad-gyal-lidera-el-cartel-del-fan-futura-fest-2025-en-san-javier\\\/#primaryimage\",\"url\":\"https:\\\/\\\/unaymilletras.com\\\/wp-content\\\/uploads\\\/2025\\\/06\\\/web-5_movil-2-m6LZnyG8Z7UlEWE6-e1749296829122.jpg\",\"contentUrl\":\"https:\\\/\\\/unaymilletras.com\\\/wp-content\\\/uploads\\\/2025\\\/06\\\/web-5_movil-2-m6LZnyG8Z7UlEWE6-e1749296829122.jpg\",\"width\":600,\"height\":750,\"caption\":\"Fan Futura Fest\"},{\"@type\":\"BreadcrumbList\",\"@id\":\"https:\\\/\\\/unaymilletras.com\\\/bad-gyal-lidera-el-cartel-del-fan-futura-fest-2025-en-san-javier\\\/#breadcrumb\",\"itemListElement\":[{\"@type\":\"ListItem\",\"position\":1,\"name\":\"Home\",\"item\":\"http:\\\/\\\/unaymilletras.com\\\/\"},{\"@type\":\"ListItem\",\"position\":2,\"name\":\"Bad Gyal lidera el cartel del Fan Futura Fest 2025 en San Javier\"}]},{\"@type\":\"WebSite\",\"@id\":\"http:\\\/\\\/unaymilletras.com\\\/#website\",\"url\":\"http:\\\/\\\/unaymilletras.com\\\/\",\"name\":\"Una y Mil Letras\",\"description\":\"\",\"publisher\":{\"@id\":\"http:\\\/\\\/unaymilletras.com\\\/#organization\"},\"potentialAction\":[{\"@type\":\"SearchAction\",\"target\":{\"@type\":\"EntryPoint\",\"urlTemplate\":\"http:\\\/\\\/unaymilletras.com\\\/?s={search_term_string}\"},\"query-input\":{\"@type\":\"PropertyValueSpecification\",\"valueRequired\":true,\"valueName\":\"search_term_string\"}}],\"inLanguage\":\"en-GB\"},{\"@type\":\"Organization\",\"@id\":\"http:\\\/\\\/unaymilletras.com\\\/#organization\",\"name\":\"Una y Mil Letras\",\"url\":\"http:\\\/\\\/unaymilletras.com\\\/\",\"logo\":{\"@type\":\"ImageObject\",\"inLanguage\":\"en-GB\",\"@id\":\"http:\\\/\\\/unaymilletras.com\\\/#\\\/schema\\\/logo\\\/image\\\/\",\"url\":\"https:\\\/\\\/unaymilletras.com\\\/wp-content\\\/uploads\\\/2024\\\/06\\\/cropped-Logo-removebg-preview.png\",\"contentUrl\":\"https:\\\/\\\/unaymilletras.com\\\/wp-content\\\/uploads\\\/2024\\\/06\\\/cropped-Logo-removebg-preview.png\",\"width\":512,\"height\":512,\"caption\":\"Una y Mil Letras\"},\"image\":{\"@id\":\"http:\\\/\\\/unaymilletras.com\\\/#\\\/schema\\\/logo\\\/image\\\/\"},\"sameAs\":[\"https:\\\/\\\/x.com\\\/UnaYMilLetras\",\"https:\\\/\\\/instagram.com\\\/UnaYMilLetras\"]},{\"@type\":\"Person\",\"@id\":\"http:\\\/\\\/unaymilletras.com\\\/#\\\/schema\\\/person\\\/0860dc8a218329991ee2c7591f4f849d\",\"name\":\"Redacci\u00f3n\",\"image\":{\"@type\":\"ImageObject\",\"inLanguage\":\"en-GB\",\"@id\":\"https:\\\/\\\/secure.gravatar.com\\\/avatar\\\/d8f55e05a8b6597e45c55a1dcbdbfe44f4a360d88b48e00de5216a79b7732796?s=96&d=mm&r=g\",\"url\":\"https:\\\/\\\/secure.gravatar.com\\\/avatar\\\/d8f55e05a8b6597e45c55a1dcbdbfe44f4a360d88b48e00de5216a79b7732796?s=96&d=mm&r=g\",\"contentUrl\":\"https:\\\/\\\/secure.gravatar.com\\\/avatar\\\/d8f55e05a8b6597e45c55a1dcbdbfe44f4a360d88b48e00de5216a79b7732796?s=96&d=mm&r=g\",\"caption\":\"Redacci\u00f3n\"},\"url\":\"https:\\\/\\\/unaymilletras.com\\\/en\\\/author\\\/redaccion\\\/\"}]}<\/script>\n<!-- \/ Yoast SEO plugin. -->","yoast_head_json":{"title":"Bad Gyal lidera el cartel del Fan Futura Fest 2025 en San Javier &#8902; Una y Mil Letras","description":"El Fan Futura Fest 2025, que reunir\u00e1 a grandes nombres nacionales e internacionales del pop, el urbano y la electr\u00f3nica","robots":{"index":"index","follow":"follow","max-snippet":"max-snippet:-1","max-image-preview":"max-image-preview:large","max-video-preview":"max-video-preview:-1"},"canonical":"https:\/\/unaymilletras.com\/en\/bad-gyal-lidera-el-cartel-del-fan-futura-fest-2025-en-san-javier\/","og_locale":"en_GB","og_type":"article","og_title":"Bad Gyal lidera el cartel del Fan Futura Fest 2025 en San Javier &#8902; Una y Mil Letras","og_description":"El Fan Futura Fest 2025, que reunir\u00e1 a grandes nombres nacionales e internacionales del pop, el urbano y la electr\u00f3nica","og_url":"https:\/\/unaymilletras.com\/en\/bad-gyal-lidera-el-cartel-del-fan-futura-fest-2025-en-san-javier\/","og_site_name":"Una y Mil Letras","article_published_time":"2025-04-22T11:48:11+00:00","article_modified_time":"2025-06-07T14:10:03+00:00","og_image":[{"width":600,"height":750,"url":"http:\/\/unaymilletras.com\/wp-content\/uploads\/2025\/06\/web-5_movil-2-m6LZnyG8Z7UlEWE6-e1749296829122.jpg","type":"image\/jpeg"}],"author":"Redacci\u00f3n","twitter_card":"summary_large_image","twitter_creator":"@UnaYMilLetras","twitter_site":"@UnaYMilLetras","twitter_misc":{"Written by":"Redacci\u00f3n","Estimated reading time":"2 minutes"},"schema":{"@context":"https:\/\/schema.org","@graph":[{"@type":"Article","@id":"https:\/\/unaymilletras.com\/bad-gyal-lidera-el-cartel-del-fan-futura-fest-2025-en-san-javier\/#article","isPartOf":{"@id":"https:\/\/unaymilletras.com\/bad-gyal-lidera-el-cartel-del-fan-futura-fest-2025-en-san-javier\/"},"author":{"name":"Redacci\u00f3n","@id":"http:\/\/unaymilletras.com\/#\/schema\/person\/0860dc8a218329991ee2c7591f4f849d"},"headline":"Bad Gyal lidera el cartel del Fan Futura Fest 2025 en San Javier","datePublished":"2025-04-22T11:48:11+00:00","dateModified":"2025-06-07T14:10:03+00:00","mainEntityOfPage":{"@id":"https:\/\/unaymilletras.com\/bad-gyal-lidera-el-cartel-del-fan-futura-fest-2025-en-san-javier\/"},"wordCount":352,"publisher":{"@id":"http:\/\/unaymilletras.com\/#organization"},"image":{"@id":"https:\/\/unaymilletras.com\/bad-gyal-lidera-el-cartel-del-fan-futura-fest-2025-en-san-javier\/#primaryimage"},"thumbnailUrl":"https:\/\/unaymilletras.com\/wp-content\/uploads\/2025\/06\/web-5_movil-2-m6LZnyG8Z7UlEWE6-e1749296829122.jpg","articleSection":["M\u00fasica"],"inLanguage":"en-GB"},{"@type":"WebPage","@id":"https:\/\/unaymilletras.com\/bad-gyal-lidera-el-cartel-del-fan-futura-fest-2025-en-san-javier\/","url":"https:\/\/unaymilletras.com\/bad-gyal-lidera-el-cartel-del-fan-futura-fest-2025-en-san-javier\/","name":"Bad Gyal lidera el cartel del Fan Futura Fest 2025 en San Javier &#8902; Una y Mil Letras","isPartOf":{"@id":"http:\/\/unaymilletras.com\/#website"},"primaryImageOfPage":{"@id":"https:\/\/unaymilletras.com\/bad-gyal-lidera-el-cartel-del-fan-futura-fest-2025-en-san-javier\/#primaryimage"},"image":{"@id":"https:\/\/unaymilletras.com\/bad-gyal-lidera-el-cartel-del-fan-futura-fest-2025-en-san-javier\/#primaryimage"},"thumbnailUrl":"https:\/\/unaymilletras.com\/wp-content\/uploads\/2025\/06\/web-5_movil-2-m6LZnyG8Z7UlEWE6-e1749296829122.jpg","datePublished":"2025-04-22T11:48:11+00:00","dateModified":"2025-06-07T14:10:03+00:00","description":"El Fan Futura Fest 2025, que reunir\u00e1 a grandes nombres nacionales e internacionales del pop, el urbano y la electr\u00f3nica","breadcrumb":{"@id":"https:\/\/unaymilletras.com\/bad-gyal-lidera-el-cartel-del-fan-futura-fest-2025-en-san-javier\/#breadcrumb"},"inLanguage":"en-GB","potentialAction":[{"@type":"ReadAction","target":["https:\/\/unaymilletras.com\/bad-gyal-lidera-el-cartel-del-fan-futura-fest-2025-en-san-javier\/"]}]},{"@type":"ImageObject","inLanguage":"en-GB","@id":"https:\/\/unaymilletras.com\/bad-gyal-lidera-el-cartel-del-fan-futura-fest-2025-en-san-javier\/#primaryimage","url":"https:\/\/unaymilletras.com\/wp-content\/uploads\/2025\/06\/web-5_movil-2-m6LZnyG8Z7UlEWE6-e1749296829122.jpg","contentUrl":"https:\/\/unaymilletras.com\/wp-content\/uploads\/2025\/06\/web-5_movil-2-m6LZnyG8Z7UlEWE6-e1749296829122.jpg","width":600,"height":750,"caption":"Fan Futura Fest"},{"@type":"BreadcrumbList","@id":"https:\/\/unaymilletras.com\/bad-gyal-lidera-el-cartel-del-fan-futura-fest-2025-en-san-javier\/#breadcrumb","itemListElement":[{"@type":"ListItem","position":1,"name":"Home","item":"http:\/\/unaymilletras.com\/"},{"@type":"ListItem","position":2,"name":"Bad Gyal lidera el cartel del Fan Futura Fest 2025 en San Javier"}]},{"@type":"WebSite","@id":"http:\/\/unaymilletras.com\/#website","url":"http:\/\/unaymilletras.com\/","name":"Una y Mil Letras","description":"","publisher":{"@id":"http:\/\/unaymilletras.com\/#organization"},"potentialAction":[{"@type":"SearchAction","target":{"@type":"EntryPoint","urlTemplate":"http:\/\/unaymilletras.com\/?s={search_term_string}"},"query-input":{"@type":"PropertyValueSpecification","valueRequired":true,"valueName":"search_term_string"}}],"inLanguage":"en-GB"},{"@type":"Organization","@id":"http:\/\/unaymilletras.com\/#organization","name":"Una y Mil Letras","url":"http:\/\/unaymilletras.com\/","logo":{"@type":"ImageObject","inLanguage":"en-GB","@id":"http:\/\/unaymilletras.com\/#\/schema\/logo\/image\/","url":"https:\/\/unaymilletras.com\/wp-content\/uploads\/2024\/06\/cropped-Logo-removebg-preview.png","contentUrl":"https:\/\/unaymilletras.com\/wp-content\/uploads\/2024\/06\/cropped-Logo-removebg-preview.png","width":512,"height":512,"caption":"Una y Mil Letras"},"image":{"@id":"http:\/\/unaymilletras.com\/#\/schema\/logo\/image\/"},"sameAs":["https:\/\/x.com\/UnaYMilLetras","https:\/\/instagram.com\/UnaYMilLetras"]},{"@type":"Person","@id":"http:\/\/unaymilletras.com\/#\/schema\/person\/0860dc8a218329991ee2c7591f4f849d","name":"Redacci\u00f3n","image":{"@type":"ImageObject","inLanguage":"en-GB","@id":"https:\/\/secure.gravatar.com\/avatar\/d8f55e05a8b6597e45c55a1dcbdbfe44f4a360d88b48e00de5216a79b7732796?s=96&d=mm&r=g","url":"https:\/\/secure.gravatar.com\/avatar\/d8f55e05a8b6597e45c55a1dcbdbfe44f4a360d88b48e00de5216a79b7732796?s=96&d=mm&r=g","contentUrl":"https:\/\/secure.gravatar.com\/avatar\/d8f55e05a8b6597e45c55a1dcbdbfe44f4a360d88b48e00de5216a79b7732796?s=96&d=mm&r=g","caption":"Redacci\u00f3n"},"url":"https:\/\/unaymilletras.com\/en\/author\/redaccion\/"}]}},"_links":{"self":[{"href":"https:\/\/unaymilletras.com\/en\/wp-json\/wp\/v2\/posts\/5011","targetHints":{"allow":["GET"]}}],"collection":[{"href":"https:\/\/unaymilletras.com\/en\/wp-json\/wp\/v2\/posts"}],"about":[{"href":"https:\/\/unaymilletras.com\/en\/wp-json\/wp\/v2\/types\/post"}],"author":[{"embeddable":true,"href":"https:\/\/unaymilletras.com\/en\/wp-json\/wp\/v2\/users\/6"}],"replies":[{"embeddable":true,"href":"https:\/\/unaymilletras.com\/en\/wp-json\/wp\/v2\/comments?post=5011"}],"version-history":[{"count":10,"href":"https:\/\/unaymilletras.com\/en\/wp-json\/wp\/v2\/posts\/5011\/revisions"}],"predecessor-version":[{"id":5022,"href":"https:\/\/unaymilletras.com\/en\/wp-json\/wp\/v2\/posts\/5011\/revisions\/5022"}],"wp:featuredmedia":[{"embeddable":true,"href":"https:\/\/unaymilletras.com\/en\/wp-json\/wp\/v2\/media\/5016"}],"wp:attachment":[{"href":"https:\/\/unaymilletras.com\/en\/wp-json\/wp\/v2\/media?parent=5011"}],"wp:term":[{"taxonomy":"category","embeddable":true,"href":"https:\/\/unaymilletras.com\/en\/wp-json\/wp\/v2\/categories?post=5011"},{"taxonomy":"post_tag","embeddable":true,"href":"https:\/\/unaymilletras.com\/en\/wp-json\/wp\/v2\/tags?post=5011"}],"curies":[{"name":"wp","href":"https:\/\/api.w.org\/{rel}","templated":true}]}}