{"id":5023,"date":"2025-06-09T17:19:11","date_gmt":"2025-06-09T15:19:11","guid":{"rendered":"https:\/\/unaymilletras.com\/?p=5023"},"modified":"2025-06-15T14:18:02","modified_gmt":"2025-06-15T12:18:02","slug":"starlite-occident-2025-marbella-acoge-su-xiv-edicion","status":"publish","type":"post","link":"https:\/\/unaymilletras.com\/en\/starlite-occident-2025-marbella-acoge-su-xiv-edicion\/","title":{"rendered":"Starlite Occident 2025: Marbella acoge su XIV edici\u00f3n"},"content":{"rendered":"\t\t<div data-elementor-type=\"wp-post\" data-elementor-id=\"5023\" class=\"elementor elementor-5023\">\n\t\t\t\t\t\t<section class=\"elementor-section elementor-top-section elementor-element elementor-element-8933621 elementor-section-boxed elementor-section-height-default elementor-section-height-default\" data-id=\"8933621\" data-element_type=\"section\" data-e-type=\"section\">\n\t\t\t\t\t\t<div class=\"elementor-container elementor-column-gap-default\">\n\t\t\t\t\t<div class=\"elementor-column elementor-col-100 elementor-top-column elementor-element elementor-element-222ed6c\" data-id=\"222ed6c\" data-element_type=\"column\" data-e-type=\"column\">\n\t\t\t<div class=\"elementor-widget-wrap elementor-element-populated\">\n\t\t\t\t\t\t<div class=\"elementor-element elementor-element-edd082e elementor-widget elementor-widget-text-editor\" data-id=\"edd082e\" data-element_type=\"widget\" data-e-type=\"widget\" data-widget_type=\"text-editor.default\">\n\t\t\t\t<div class=\"elementor-widget-container\">\n\t\t\t\t\t\t\t\t\t<h2 style=\"text-align: center;\"><span style=\"color: #808080;\"><em>El festival Starlite Occident regresa del 13 de junio al 30 de agosto con artistas como Will Smith, Marc Anthony y Pet Shop Boys<\/em><\/span><\/h2>\t\t\t\t\t\t\t\t<\/div>\n\t\t\t\t<\/div>\n\t\t\t\t\t<\/div>\n\t\t<\/div>\n\t\t\t\t\t<\/div>\n\t\t<\/section>\n\t\t\t\t<section class=\"elementor-section elementor-top-section elementor-element elementor-element-1bd04a2 elementor-section-boxed elementor-section-height-default elementor-section-height-default\" data-id=\"1bd04a2\" data-element_type=\"section\" data-e-type=\"section\">\n\t\t\t\t\t\t<div class=\"elementor-container elementor-column-gap-default\">\n\t\t\t\t\t<div class=\"elementor-column elementor-col-100 elementor-top-column elementor-element elementor-element-a30c639\" data-id=\"a30c639\" data-element_type=\"column\" data-e-type=\"column\">\n\t\t\t<div class=\"elementor-widget-wrap elementor-element-populated\">\n\t\t\t\t\t\t<div class=\"elementor-element elementor-element-43c61c3 elementor-widget elementor-widget-text-editor\" data-id=\"43c61c3\" data-element_type=\"widget\" data-e-type=\"widget\" data-widget_type=\"text-editor.default\">\n\t\t\t\t<div class=\"elementor-widget-container\">\n\t\t\t\t\t\t\t\t\t<p data-start=\"152\" data-end=\"268\"><span class=\"relative -mx-px my-[-0.2rem] rounded px-px py-[0.2rem] transition-colors duration-100 ease-in-out\">Starlite Occident celebra su decimocuarta edici\u00f3n en Marbella, consolid\u00e1ndose como uno de los festivales m\u00e1s prestigiosos del mundo.<\/span> <span class=\"relative -mx-px my-[-0.2rem] rounded px-px py-[0.2rem] transition-colors duration-100 ease-in-out\">Durante dos meses y medio, la cantera de Nag\u00fceles ser\u00e1 el escenario de conciertos \u00edntimos en un entorno natural incomparable.<\/span><\/p><p data-start=\"270\" data-end=\"388\"><span class=\"relative -mx-px my-[-0.2rem] rounded px-px py-[0.2rem] bg-[#FCECC1] dark:bg-[#64572A] transition-colors duration-100 ease-in-out\">El cartel de 2025 incluye a figuras internacionales como Will Smith, Marc Anthony, Camilo, Duki, Emilia, Nathy Peluso, Fito P\u00e1ez, Rels B, Raphael, Santana, Tom Jones, Pet Shop Boys y Alejandro Fern\u00e1ndez, entre otros.<\/span> <span class=\"relative -mx-px my-[-0.2rem] rounded px-px py-[0.2rem] bg-[#FCECC1] dark:bg-[#64572A] transition-colors duration-100 ease-in-out\">La programaci\u00f3n abarca diversos g\u00e9neros y generaciones, ofreciendo una experiencia musical \u00fanica.<\/span><\/p>\t\t\t\t\t\t\t\t<\/div>\n\t\t\t\t<\/div>\n\t\t\t\t\t<\/div>\n\t\t<\/div>\n\t\t\t\t\t<\/div>\n\t\t<\/section>\n\t\t\t\t<section class=\"elementor-section elementor-top-section elementor-element elementor-element-7b278a4 elementor-section-boxed elementor-section-height-default elementor-section-height-default\" data-id=\"7b278a4\" data-element_type=\"section\" data-e-type=\"section\">\n\t\t\t\t\t\t<div class=\"elementor-container elementor-column-gap-default\">\n\t\t\t\t\t<div class=\"elementor-column elementor-col-100 elementor-top-column elementor-element elementor-element-d240655\" data-id=\"d240655\" data-element_type=\"column\" data-e-type=\"column\">\n\t\t\t<div class=\"elementor-widget-wrap elementor-element-populated\">\n\t\t\t\t\t\t<div class=\"elementor-element elementor-element-0e3db18 elementor-widget elementor-widget-image\" data-id=\"0e3db18\" data-element_type=\"widget\" data-e-type=\"widget\" data-widget_type=\"image.default\">\n\t\t\t\t<div class=\"elementor-widget-container\">\n\t\t\t\t\t\t\t\t\t\t\t\t\t\t\t<img fetchpriority=\"high\" decoding=\"async\" width=\"555\" height=\"740\" src=\"https:\/\/unaymilletras.com\/wp-content\/uploads\/2025\/06\/cartel_starlite_marbella_2025.jpg\" class=\"attachment-large size-large wp-image-5025\" alt=\"Starlite\" srcset=\"https:\/\/unaymilletras.com\/wp-content\/uploads\/2025\/06\/cartel_starlite_marbella_2025.jpg 555w, https:\/\/unaymilletras.com\/wp-content\/uploads\/2025\/06\/cartel_starlite_marbella_2025-225x300.jpg 225w, https:\/\/unaymilletras.com\/wp-content\/uploads\/2025\/06\/cartel_starlite_marbella_2025-9x12.jpg 9w\" sizes=\"(max-width: 555px) 100vw, 555px\" \/>\t\t\t\t\t\t\t\t\t\t\t\t\t\t\t<\/div>\n\t\t\t\t<\/div>\n\t\t\t\t\t<\/div>\n\t\t<\/div>\n\t\t\t\t\t<\/div>\n\t\t<\/section>\n\t\t\t\t<section class=\"elementor-section elementor-top-section elementor-element elementor-element-5acbb40 elementor-section-boxed elementor-section-height-default elementor-section-height-default\" data-id=\"5acbb40\" data-element_type=\"section\" data-e-type=\"section\">\n\t\t\t\t\t\t<div class=\"elementor-container elementor-column-gap-default\">\n\t\t\t\t\t<div class=\"elementor-column elementor-col-100 elementor-top-column elementor-element elementor-element-d948d87\" data-id=\"d948d87\" data-element_type=\"column\" data-e-type=\"column\">\n\t\t\t<div class=\"elementor-widget-wrap elementor-element-populated\">\n\t\t\t\t\t\t<div class=\"elementor-element elementor-element-db99b9e elementor-widget elementor-widget-text-editor\" data-id=\"db99b9e\" data-element_type=\"widget\" data-e-type=\"widget\" data-widget_type=\"text-editor.default\">\n\t\t\t\t<div class=\"elementor-widget-container\">\n\t\t\t\t\t\t\t\t\t<p data-start=\"390\" data-end=\"508\"><span class=\"relative -mx-px my-[-0.2rem] rounded px-px py-[0.2rem] transition-colors duration-100 ease-in-out\">M\u00e1s all\u00e1 de la m\u00fasica, Starlite ofrece una propuesta cultural y gastron\u00f3mica completa.<\/span> <span class=\"relative -mx-px my-[-0.2rem] rounded px-px py-[0.2rem] transition-colors duration-100 ease-in-out\">Cinco restaurantes de alta cocina complementan la oferta del festival.<\/span><\/p>\n<p data-start=\"510\" data-end=\"628\"><span class=\"relative -mx-px my-[-0.2rem] rounded px-px py-[0.2rem] transition-colors duration-100 ease-in-out\">El espacio Sessions transforma el recinto en un club al aire libre tras cada concierto, con DJ sets y after parties que prolongan la experiencia hasta el amanecer.<\/span> <span class=\"relative -mx-px my-[-0.2rem] rounded px-px py-[0.2rem] transition-colors duration-100 ease-in-out\">Este ambiente exclusivo y multisensorial atrae a miles de asistentes cada verano.<\/span><\/p>\n<p data-start=\"630\" data-end=\"748\"><span class=\"relative -mx-px my-[-0.2rem] rounded px-px py-[0.2rem] transition-colors duration-100 ease-in-out\">Desde su inicio en 2012, Starlite Occident ha sido un motor de dinamizaci\u00f3n tur\u00edstica.<\/span> <span class=\"relative -mx-px my-[-0.2rem] rounded px-px py-[0.2rem] transition-colors duration-100 ease-in-out\">Con una ac\u00fastica excepcional y una atm\u00f3sfera \u00edntima, el festival contin\u00faa reinventando la forma de disfrutar la m\u00fasica en vivo<\/span><\/p>\t\t\t\t\t\t\t\t<\/div>\n\t\t\t\t<\/div>\n\t\t\t\t\t<\/div>\n\t\t<\/div>\n\t\t\t\t\t<\/div>\n\t\t<\/section>\n\t\t\t\t<\/div>\n\t\t","protected":false},"excerpt":{"rendered":"<p>El festival Starlite Occident regresa del 13 de junio al 30 de agosto con artistas como Will Smith, Marc Anthony y Pet Shop Boys Starlite Occident celebra su decimocuarta edici\u00f3n en Marbella, consolid\u00e1ndose como uno de los festivales m\u00e1s prestigiosos del mundo. Durante dos meses y medio, la cantera de Nag\u00fceles ser\u00e1 el escenario de [&hellip;]<\/p>\n","protected":false},"author":6,"featured_media":5025,"comment_status":"closed","ping_status":"closed","sticky":false,"template":"","format":"standard","meta":{"footnotes":""},"categories":[4],"tags":[],"class_list":["post-5023","post","type-post","status-publish","format-standard","has-post-thumbnail","hentry","category-musica"],"yoast_head":"<!-- This site is optimized with the Yoast SEO plugin v27.4 - https:\/\/yoast.com\/product\/yoast-seo-wordpress\/ -->\n<title>Starlite Occident 2025: Marbella acoge su XIV edici\u00f3n<\/title>\n<meta name=\"description\" content=\"El festival Starlite Occident regresa del 13 de junio al 30 de agosto con artistas como Will Smith, Marc Anthony y Pet Shop Boys\" \/>\n<meta name=\"robots\" content=\"index, follow, max-snippet:-1, max-image-preview:large, max-video-preview:-1\" \/>\n<link rel=\"canonical\" href=\"https:\/\/unaymilletras.com\/en\/starlite-occident-2025-marbella-acoge-su-xiv-edicion\/\" \/>\n<meta property=\"og:locale\" content=\"en_GB\" \/>\n<meta property=\"og:type\" content=\"article\" \/>\n<meta property=\"og:title\" content=\"Starlite Occident 2025: Marbella acoge su XIV edici\u00f3n\" \/>\n<meta property=\"og:description\" content=\"El festival Starlite Occident regresa del 13 de junio al 30 de agosto con artistas como Will Smith, Marc Anthony y Pet Shop Boys\" \/>\n<meta property=\"og:url\" content=\"https:\/\/unaymilletras.com\/en\/starlite-occident-2025-marbella-acoge-su-xiv-edicion\/\" \/>\n<meta property=\"og:site_name\" content=\"Una y Mil Letras\" \/>\n<meta property=\"article:published_time\" content=\"2025-06-09T15:19:11+00:00\" \/>\n<meta property=\"article:modified_time\" content=\"2025-06-15T12:18:02+00:00\" \/>\n<meta property=\"og:image\" content=\"http:\/\/unaymilletras.com\/wp-content\/uploads\/2025\/06\/cartel_starlite_marbella_2025.jpg\" \/>\n\t<meta property=\"og:image:width\" content=\"555\" \/>\n\t<meta property=\"og:image:height\" content=\"740\" \/>\n\t<meta property=\"og:image:type\" content=\"image\/jpeg\" \/>\n<meta name=\"author\" content=\"Redacci\u00f3n\" \/>\n<meta name=\"twitter:card\" content=\"summary_large_image\" \/>\n<meta name=\"twitter:creator\" content=\"@UnaYMilLetras\" \/>\n<meta name=\"twitter:site\" content=\"@UnaYMilLetras\" \/>\n<meta name=\"twitter:label1\" content=\"Written by\" \/>\n\t<meta name=\"twitter:data1\" content=\"Redacci\u00f3n\" \/>\n\t<meta name=\"twitter:label2\" content=\"Estimated reading time\" \/>\n\t<meta name=\"twitter:data2\" content=\"2 minutes\" \/>\n<script type=\"application\/ld+json\" class=\"yoast-schema-graph\">{\"@context\":\"https:\\\/\\\/schema.org\",\"@graph\":[{\"@type\":\"Article\",\"@id\":\"https:\\\/\\\/unaymilletras.com\\\/starlite-occident-2025-marbella-acoge-su-xiv-edicion\\\/#article\",\"isPartOf\":{\"@id\":\"https:\\\/\\\/unaymilletras.com\\\/starlite-occident-2025-marbella-acoge-su-xiv-edicion\\\/\"},\"author\":{\"name\":\"Redacci\u00f3n\",\"@id\":\"http:\\\/\\\/unaymilletras.com\\\/#\\\/schema\\\/person\\\/0860dc8a218329991ee2c7591f4f849d\"},\"headline\":\"Starlite Occident 2025: Marbella acoge su XIV edici\u00f3n\",\"datePublished\":\"2025-06-09T15:19:11+00:00\",\"dateModified\":\"2025-06-15T12:18:02+00:00\",\"mainEntityOfPage\":{\"@id\":\"https:\\\/\\\/unaymilletras.com\\\/starlite-occident-2025-marbella-acoge-su-xiv-edicion\\\/\"},\"wordCount\":226,\"publisher\":{\"@id\":\"http:\\\/\\\/unaymilletras.com\\\/#organization\"},\"image\":{\"@id\":\"https:\\\/\\\/unaymilletras.com\\\/starlite-occident-2025-marbella-acoge-su-xiv-edicion\\\/#primaryimage\"},\"thumbnailUrl\":\"https:\\\/\\\/unaymilletras.com\\\/wp-content\\\/uploads\\\/2025\\\/06\\\/cartel_starlite_marbella_2025.jpg\",\"articleSection\":[\"M\u00fasica\"],\"inLanguage\":\"en-GB\"},{\"@type\":\"WebPage\",\"@id\":\"https:\\\/\\\/unaymilletras.com\\\/starlite-occident-2025-marbella-acoge-su-xiv-edicion\\\/\",\"url\":\"https:\\\/\\\/unaymilletras.com\\\/starlite-occident-2025-marbella-acoge-su-xiv-edicion\\\/\",\"name\":\"Starlite Occident 2025: Marbella acoge su XIV edici\u00f3n\",\"isPartOf\":{\"@id\":\"http:\\\/\\\/unaymilletras.com\\\/#website\"},\"primaryImageOfPage\":{\"@id\":\"https:\\\/\\\/unaymilletras.com\\\/starlite-occident-2025-marbella-acoge-su-xiv-edicion\\\/#primaryimage\"},\"image\":{\"@id\":\"https:\\\/\\\/unaymilletras.com\\\/starlite-occident-2025-marbella-acoge-su-xiv-edicion\\\/#primaryimage\"},\"thumbnailUrl\":\"https:\\\/\\\/unaymilletras.com\\\/wp-content\\\/uploads\\\/2025\\\/06\\\/cartel_starlite_marbella_2025.jpg\",\"datePublished\":\"2025-06-09T15:19:11+00:00\",\"dateModified\":\"2025-06-15T12:18:02+00:00\",\"description\":\"El festival Starlite Occident regresa del 13 de junio al 30 de agosto con artistas como Will Smith, Marc Anthony y Pet Shop Boys\",\"breadcrumb\":{\"@id\":\"https:\\\/\\\/unaymilletras.com\\\/starlite-occident-2025-marbella-acoge-su-xiv-edicion\\\/#breadcrumb\"},\"inLanguage\":\"en-GB\",\"potentialAction\":[{\"@type\":\"ReadAction\",\"target\":[\"https:\\\/\\\/unaymilletras.com\\\/starlite-occident-2025-marbella-acoge-su-xiv-edicion\\\/\"]}]},{\"@type\":\"ImageObject\",\"inLanguage\":\"en-GB\",\"@id\":\"https:\\\/\\\/unaymilletras.com\\\/starlite-occident-2025-marbella-acoge-su-xiv-edicion\\\/#primaryimage\",\"url\":\"https:\\\/\\\/unaymilletras.com\\\/wp-content\\\/uploads\\\/2025\\\/06\\\/cartel_starlite_marbella_2025.jpg\",\"contentUrl\":\"https:\\\/\\\/unaymilletras.com\\\/wp-content\\\/uploads\\\/2025\\\/06\\\/cartel_starlite_marbella_2025.jpg\",\"width\":555,\"height\":740,\"caption\":\"Starlite\"},{\"@type\":\"BreadcrumbList\",\"@id\":\"https:\\\/\\\/unaymilletras.com\\\/starlite-occident-2025-marbella-acoge-su-xiv-edicion\\\/#breadcrumb\",\"itemListElement\":[{\"@type\":\"ListItem\",\"position\":1,\"name\":\"Home\",\"item\":\"http:\\\/\\\/unaymilletras.com\\\/\"},{\"@type\":\"ListItem\",\"position\":2,\"name\":\"Starlite Occident 2025: Marbella acoge su XIV edici\u00f3n\"}]},{\"@type\":\"WebSite\",\"@id\":\"http:\\\/\\\/unaymilletras.com\\\/#website\",\"url\":\"http:\\\/\\\/unaymilletras.com\\\/\",\"name\":\"Una y Mil Letras\",\"description\":\"\",\"publisher\":{\"@id\":\"http:\\\/\\\/unaymilletras.com\\\/#organization\"},\"potentialAction\":[{\"@type\":\"SearchAction\",\"target\":{\"@type\":\"EntryPoint\",\"urlTemplate\":\"http:\\\/\\\/unaymilletras.com\\\/?s={search_term_string}\"},\"query-input\":{\"@type\":\"PropertyValueSpecification\",\"valueRequired\":true,\"valueName\":\"search_term_string\"}}],\"inLanguage\":\"en-GB\"},{\"@type\":\"Organization\",\"@id\":\"http:\\\/\\\/unaymilletras.com\\\/#organization\",\"name\":\"Una y Mil Letras\",\"url\":\"http:\\\/\\\/unaymilletras.com\\\/\",\"logo\":{\"@type\":\"ImageObject\",\"inLanguage\":\"en-GB\",\"@id\":\"http:\\\/\\\/unaymilletras.com\\\/#\\\/schema\\\/logo\\\/image\\\/\",\"url\":\"https:\\\/\\\/unaymilletras.com\\\/wp-content\\\/uploads\\\/2024\\\/06\\\/cropped-Logo-removebg-preview.png\",\"contentUrl\":\"https:\\\/\\\/unaymilletras.com\\\/wp-content\\\/uploads\\\/2024\\\/06\\\/cropped-Logo-removebg-preview.png\",\"width\":512,\"height\":512,\"caption\":\"Una y Mil Letras\"},\"image\":{\"@id\":\"http:\\\/\\\/unaymilletras.com\\\/#\\\/schema\\\/logo\\\/image\\\/\"},\"sameAs\":[\"https:\\\/\\\/x.com\\\/UnaYMilLetras\",\"https:\\\/\\\/instagram.com\\\/UnaYMilLetras\"]},{\"@type\":\"Person\",\"@id\":\"http:\\\/\\\/unaymilletras.com\\\/#\\\/schema\\\/person\\\/0860dc8a218329991ee2c7591f4f849d\",\"name\":\"Redacci\u00f3n\",\"image\":{\"@type\":\"ImageObject\",\"inLanguage\":\"en-GB\",\"@id\":\"https:\\\/\\\/secure.gravatar.com\\\/avatar\\\/d8f55e05a8b6597e45c55a1dcbdbfe44f4a360d88b48e00de5216a79b7732796?s=96&d=mm&r=g\",\"url\":\"https:\\\/\\\/secure.gravatar.com\\\/avatar\\\/d8f55e05a8b6597e45c55a1dcbdbfe44f4a360d88b48e00de5216a79b7732796?s=96&d=mm&r=g\",\"contentUrl\":\"https:\\\/\\\/secure.gravatar.com\\\/avatar\\\/d8f55e05a8b6597e45c55a1dcbdbfe44f4a360d88b48e00de5216a79b7732796?s=96&d=mm&r=g\",\"caption\":\"Redacci\u00f3n\"},\"url\":\"https:\\\/\\\/unaymilletras.com\\\/en\\\/author\\\/redaccion\\\/\"}]}<\/script>\n<!-- \/ Yoast SEO plugin. -->","yoast_head_json":{"title":"Starlite Occident 2025: Marbella acoge su XIV edici\u00f3n","description":"El festival Starlite Occident regresa del 13 de junio al 30 de agosto con artistas como Will Smith, Marc Anthony y Pet Shop Boys","robots":{"index":"index","follow":"follow","max-snippet":"max-snippet:-1","max-image-preview":"max-image-preview:large","max-video-preview":"max-video-preview:-1"},"canonical":"https:\/\/unaymilletras.com\/en\/starlite-occident-2025-marbella-acoge-su-xiv-edicion\/","og_locale":"en_GB","og_type":"article","og_title":"Starlite Occident 2025: Marbella acoge su XIV edici\u00f3n","og_description":"El festival Starlite Occident regresa del 13 de junio al 30 de agosto con artistas como Will Smith, Marc Anthony y Pet Shop Boys","og_url":"https:\/\/unaymilletras.com\/en\/starlite-occident-2025-marbella-acoge-su-xiv-edicion\/","og_site_name":"Una y Mil Letras","article_published_time":"2025-06-09T15:19:11+00:00","article_modified_time":"2025-06-15T12:18:02+00:00","og_image":[{"width":555,"height":740,"url":"http:\/\/unaymilletras.com\/wp-content\/uploads\/2025\/06\/cartel_starlite_marbella_2025.jpg","type":"image\/jpeg"}],"author":"Redacci\u00f3n","twitter_card":"summary_large_image","twitter_creator":"@UnaYMilLetras","twitter_site":"@UnaYMilLetras","twitter_misc":{"Written by":"Redacci\u00f3n","Estimated reading time":"2 minutes"},"schema":{"@context":"https:\/\/schema.org","@graph":[{"@type":"Article","@id":"https:\/\/unaymilletras.com\/starlite-occident-2025-marbella-acoge-su-xiv-edicion\/#article","isPartOf":{"@id":"https:\/\/unaymilletras.com\/starlite-occident-2025-marbella-acoge-su-xiv-edicion\/"},"author":{"name":"Redacci\u00f3n","@id":"http:\/\/unaymilletras.com\/#\/schema\/person\/0860dc8a218329991ee2c7591f4f849d"},"headline":"Starlite Occident 2025: Marbella acoge su XIV edici\u00f3n","datePublished":"2025-06-09T15:19:11+00:00","dateModified":"2025-06-15T12:18:02+00:00","mainEntityOfPage":{"@id":"https:\/\/unaymilletras.com\/starlite-occident-2025-marbella-acoge-su-xiv-edicion\/"},"wordCount":226,"publisher":{"@id":"http:\/\/unaymilletras.com\/#organization"},"image":{"@id":"https:\/\/unaymilletras.com\/starlite-occident-2025-marbella-acoge-su-xiv-edicion\/#primaryimage"},"thumbnailUrl":"https:\/\/unaymilletras.com\/wp-content\/uploads\/2025\/06\/cartel_starlite_marbella_2025.jpg","articleSection":["M\u00fasica"],"inLanguage":"en-GB"},{"@type":"WebPage","@id":"https:\/\/unaymilletras.com\/starlite-occident-2025-marbella-acoge-su-xiv-edicion\/","url":"https:\/\/unaymilletras.com\/starlite-occident-2025-marbella-acoge-su-xiv-edicion\/","name":"Starlite Occident 2025: Marbella acoge su XIV edici\u00f3n","isPartOf":{"@id":"http:\/\/unaymilletras.com\/#website"},"primaryImageOfPage":{"@id":"https:\/\/unaymilletras.com\/starlite-occident-2025-marbella-acoge-su-xiv-edicion\/#primaryimage"},"image":{"@id":"https:\/\/unaymilletras.com\/starlite-occident-2025-marbella-acoge-su-xiv-edicion\/#primaryimage"},"thumbnailUrl":"https:\/\/unaymilletras.com\/wp-content\/uploads\/2025\/06\/cartel_starlite_marbella_2025.jpg","datePublished":"2025-06-09T15:19:11+00:00","dateModified":"2025-06-15T12:18:02+00:00","description":"El festival Starlite Occident regresa del 13 de junio al 30 de agosto con artistas como Will Smith, Marc Anthony y Pet Shop Boys","breadcrumb":{"@id":"https:\/\/unaymilletras.com\/starlite-occident-2025-marbella-acoge-su-xiv-edicion\/#breadcrumb"},"inLanguage":"en-GB","potentialAction":[{"@type":"ReadAction","target":["https:\/\/unaymilletras.com\/starlite-occident-2025-marbella-acoge-su-xiv-edicion\/"]}]},{"@type":"ImageObject","inLanguage":"en-GB","@id":"https:\/\/unaymilletras.com\/starlite-occident-2025-marbella-acoge-su-xiv-edicion\/#primaryimage","url":"https:\/\/unaymilletras.com\/wp-content\/uploads\/2025\/06\/cartel_starlite_marbella_2025.jpg","contentUrl":"https:\/\/unaymilletras.com\/wp-content\/uploads\/2025\/06\/cartel_starlite_marbella_2025.jpg","width":555,"height":740,"caption":"Starlite"},{"@type":"BreadcrumbList","@id":"https:\/\/unaymilletras.com\/starlite-occident-2025-marbella-acoge-su-xiv-edicion\/#breadcrumb","itemListElement":[{"@type":"ListItem","position":1,"name":"Home","item":"http:\/\/unaymilletras.com\/"},{"@type":"ListItem","position":2,"name":"Starlite Occident 2025: Marbella acoge su XIV edici\u00f3n"}]},{"@type":"WebSite","@id":"http:\/\/unaymilletras.com\/#website","url":"http:\/\/unaymilletras.com\/","name":"Una y Mil Letras","description":"","publisher":{"@id":"http:\/\/unaymilletras.com\/#organization"},"potentialAction":[{"@type":"SearchAction","target":{"@type":"EntryPoint","urlTemplate":"http:\/\/unaymilletras.com\/?s={search_term_string}"},"query-input":{"@type":"PropertyValueSpecification","valueRequired":true,"valueName":"search_term_string"}}],"inLanguage":"en-GB"},{"@type":"Organization","@id":"http:\/\/unaymilletras.com\/#organization","name":"Una y Mil Letras","url":"http:\/\/unaymilletras.com\/","logo":{"@type":"ImageObject","inLanguage":"en-GB","@id":"http:\/\/unaymilletras.com\/#\/schema\/logo\/image\/","url":"https:\/\/unaymilletras.com\/wp-content\/uploads\/2024\/06\/cropped-Logo-removebg-preview.png","contentUrl":"https:\/\/unaymilletras.com\/wp-content\/uploads\/2024\/06\/cropped-Logo-removebg-preview.png","width":512,"height":512,"caption":"Una y Mil Letras"},"image":{"@id":"http:\/\/unaymilletras.com\/#\/schema\/logo\/image\/"},"sameAs":["https:\/\/x.com\/UnaYMilLetras","https:\/\/instagram.com\/UnaYMilLetras"]},{"@type":"Person","@id":"http:\/\/unaymilletras.com\/#\/schema\/person\/0860dc8a218329991ee2c7591f4f849d","name":"Redacci\u00f3n","image":{"@type":"ImageObject","inLanguage":"en-GB","@id":"https:\/\/secure.gravatar.com\/avatar\/d8f55e05a8b6597e45c55a1dcbdbfe44f4a360d88b48e00de5216a79b7732796?s=96&d=mm&r=g","url":"https:\/\/secure.gravatar.com\/avatar\/d8f55e05a8b6597e45c55a1dcbdbfe44f4a360d88b48e00de5216a79b7732796?s=96&d=mm&r=g","contentUrl":"https:\/\/secure.gravatar.com\/avatar\/d8f55e05a8b6597e45c55a1dcbdbfe44f4a360d88b48e00de5216a79b7732796?s=96&d=mm&r=g","caption":"Redacci\u00f3n"},"url":"https:\/\/unaymilletras.com\/en\/author\/redaccion\/"}]}},"_links":{"self":[{"href":"https:\/\/unaymilletras.com\/en\/wp-json\/wp\/v2\/posts\/5023","targetHints":{"allow":["GET"]}}],"collection":[{"href":"https:\/\/unaymilletras.com\/en\/wp-json\/wp\/v2\/posts"}],"about":[{"href":"https:\/\/unaymilletras.com\/en\/wp-json\/wp\/v2\/types\/post"}],"author":[{"embeddable":true,"href":"https:\/\/unaymilletras.com\/en\/wp-json\/wp\/v2\/users\/6"}],"replies":[{"embeddable":true,"href":"https:\/\/unaymilletras.com\/en\/wp-json\/wp\/v2\/comments?post=5023"}],"version-history":[{"count":7,"href":"https:\/\/unaymilletras.com\/en\/wp-json\/wp\/v2\/posts\/5023\/revisions"}],"predecessor-version":[{"id":5031,"href":"https:\/\/unaymilletras.com\/en\/wp-json\/wp\/v2\/posts\/5023\/revisions\/5031"}],"wp:featuredmedia":[{"embeddable":true,"href":"https:\/\/unaymilletras.com\/en\/wp-json\/wp\/v2\/media\/5025"}],"wp:attachment":[{"href":"https:\/\/unaymilletras.com\/en\/wp-json\/wp\/v2\/media?parent=5023"}],"wp:term":[{"taxonomy":"category","embeddable":true,"href":"https:\/\/unaymilletras.com\/en\/wp-json\/wp\/v2\/categories?post=5023"},{"taxonomy":"post_tag","embeddable":true,"href":"https:\/\/unaymilletras.com\/en\/wp-json\/wp\/v2\/tags?post=5023"}],"curies":[{"name":"wp","href":"https:\/\/api.w.org\/{rel}","templated":true}]}}