{"id":5033,"date":"2025-06-10T21:36:48","date_gmt":"2025-06-10T19:36:48","guid":{"rendered":"https:\/\/unaymilletras.com\/?p=5033"},"modified":"2025-06-10T21:45:19","modified_gmt":"2025-06-10T19:45:19","slug":"ozuna-lanza-sirenita-su-nuevo-sencillo-con-sabor-a-verano-y-gira-europea-a-la-vista","status":"publish","type":"post","link":"https:\/\/unaymilletras.com\/en\/ozuna-lanza-sirenita-su-nuevo-sencillo-con-sabor-a-verano-y-gira-europea-a-la-vista\/","title":{"rendered":"Ozuna lanza \u00abSirenita\u00bb, su nuevo sencillo con sabor a verano y gira europea a la vista"},"content":{"rendered":"<div data-elementor-type=\"wp-post\" data-elementor-id=\"5033\" class=\"elementor elementor-5033\">\n\t\t\t\t\t\t<section class=\"elementor-section elementor-top-section elementor-element elementor-element-a6141be elementor-section-boxed elementor-section-height-default elementor-section-height-default\" data-id=\"a6141be\" data-element_type=\"section\" data-e-type=\"section\">\n\t\t\t\t\t\t<div class=\"elementor-container elementor-column-gap-default\">\n\t\t\t\t\t<div class=\"elementor-column elementor-col-100 elementor-top-column elementor-element elementor-element-578f3be\" data-id=\"578f3be\" data-element_type=\"column\" data-e-type=\"column\">\n\t\t\t<div class=\"elementor-widget-wrap elementor-element-populated\">\n\t\t\t\t\t\t<div class=\"elementor-element elementor-element-1d0f3fd elementor-widget elementor-widget-heading\" data-id=\"1d0f3fd\" data-element_type=\"widget\" data-e-type=\"widget\" data-widget_type=\"heading.default\">\n\t\t\t\t<div class=\"elementor-widget-container\">\n\t\t\t\t\t<h2 class=\"elementor-heading-title elementor-size-default\">Ozuna apuesta por el afrobeat en su nuevo tema y anuncia una gira europea que lo llevar\u00e1 por m\u00e1s de 15 ciudades este verano<\/h2>\t\t\t\t<\/div>\n\t\t\t\t<\/div>\n\t\t\t\t\t<\/div>\n\t\t<\/div>\n\t\t\t\t\t<\/div>\n\t\t<\/section>\n\t\t\t\t<section class=\"elementor-section elementor-top-section elementor-element elementor-element-299978b elementor-section-boxed elementor-section-height-default elementor-section-height-default\" data-id=\"299978b\" data-element_type=\"section\" data-e-type=\"section\">\n\t\t\t\t\t\t<div class=\"elementor-container elementor-column-gap-default\">\n\t\t\t\t\t<div class=\"elementor-column elementor-col-100 elementor-top-column elementor-element elementor-element-1bb2545\" data-id=\"1bb2545\" data-element_type=\"column\" data-e-type=\"column\">\n\t\t\t<div class=\"elementor-widget-wrap elementor-element-populated\">\n\t\t\t\t\t\t<div class=\"elementor-element elementor-element-103dedc elementor-widget elementor-widget-text-editor\" data-id=\"103dedc\" data-element_type=\"widget\" data-e-type=\"widget\" data-widget_type=\"text-editor.default\">\n\t\t\t\t<div class=\"elementor-widget-container\">\n\t\t\t\t\t\t\t\t\t<p>El artista puertorrique\u00f1o Ozuna lanz\u00f3 su nuevo sencillo \u00abSirenita\u00bb, el cual es una propuesta fresca que mezcla su estilo mel\u00f3dico con ritmos propios del afrobeat. Este tema se convierte en la quinta aparici\u00f3n musical que Ozuna tiene en este 2025. Esta canci\u00f3n se encuentra disponible en todas las plataformas digitales, adem\u00e1s de contar con un\u00a0<a href=\"https:\/\/www.youtube.com\/watch?v=JZWuKQFprSQ\" target=\"_blank\" rel=\"noopener\">videoclip\u00a0<\/a>dirigido por Rodrigo Films. Esta propuesta musical est\u00e1 algo alejada del estilo tan caracter\u00edstico y convencional a lo que suele acostumbrar el artista y opta por un estilo rompedor con la finalidad de convertirse en la canci\u00f3n del verano.<\/p>\t\t\t\t\t\t\t\t<\/div>\n\t\t\t\t<\/div>\n\t\t\t\t\t<\/div>\n\t\t<\/div>\n\t\t\t\t\t<\/div>\n\t\t<\/section>\n\t\t\t\t<section class=\"elementor-section elementor-top-section elementor-element elementor-element-e6ce664 elementor-section-boxed elementor-section-height-default elementor-section-height-default\" data-id=\"e6ce664\" data-element_type=\"section\" data-e-type=\"section\">\n\t\t\t\t\t\t<div class=\"elementor-container elementor-column-gap-default\">\n\t\t\t\t\t<div class=\"elementor-column elementor-col-100 elementor-top-column elementor-element elementor-element-b841040\" data-id=\"b841040\" data-element_type=\"column\" data-e-type=\"column\">\n\t\t\t<div class=\"elementor-widget-wrap elementor-element-populated\">\n\t\t\t\t\t\t<div class=\"elementor-element elementor-element-3746496 elementor-widget elementor-widget-image\" data-id=\"3746496\" data-element_type=\"widget\" data-e-type=\"widget\" data-widget_type=\"image.default\">\n\t\t\t\t<div class=\"elementor-widget-container\">\n\t\t\t\t\t\t\t\t\t\t\t\t\t\t\t<img fetchpriority=\"high\" decoding=\"async\" width=\"640\" height=\"640\" src=\"https:\/\/unaymilletras.com\/wp-content\/uploads\/2025\/06\/Ozuna_Sirenita_Cover-1024x1024.jpg\" class=\"attachment-large size-large wp-image-5039\" alt=\"Ozuna\" srcset=\"https:\/\/unaymilletras.com\/wp-content\/uploads\/2025\/06\/Ozuna_Sirenita_Cover-1024x1024.jpg 1024w, https:\/\/unaymilletras.com\/wp-content\/uploads\/2025\/06\/Ozuna_Sirenita_Cover-300x300.jpg 300w, https:\/\/unaymilletras.com\/wp-content\/uploads\/2025\/06\/Ozuna_Sirenita_Cover-150x150.jpg 150w, https:\/\/unaymilletras.com\/wp-content\/uploads\/2025\/06\/Ozuna_Sirenita_Cover-768x768.jpg 768w, https:\/\/unaymilletras.com\/wp-content\/uploads\/2025\/06\/Ozuna_Sirenita_Cover-1536x1536.jpg 1536w, https:\/\/unaymilletras.com\/wp-content\/uploads\/2025\/06\/Ozuna_Sirenita_Cover-2048x2048.jpg 2048w, https:\/\/unaymilletras.com\/wp-content\/uploads\/2025\/06\/Ozuna_Sirenita_Cover-12x12.jpg 12w, https:\/\/unaymilletras.com\/wp-content\/uploads\/2025\/06\/Ozuna_Sirenita_Cover-scaled-e1749584144415.jpg 600w\" sizes=\"(max-width: 640px) 100vw, 640px\" \/>\t\t\t\t\t\t\t\t\t\t\t\t\t\t\t<\/div>\n\t\t\t\t<\/div>\n\t\t\t\t\t<\/div>\n\t\t<\/div>\n\t\t\t\t\t<\/div>\n\t\t<\/section>\n\t\t\t\t<section class=\"elementor-section elementor-top-section elementor-element elementor-element-4545695 elementor-section-boxed elementor-section-height-default elementor-section-height-default\" data-id=\"4545695\" data-element_type=\"section\" data-e-type=\"section\">\n\t\t\t\t\t\t<div class=\"elementor-container elementor-column-gap-default\">\n\t\t\t\t\t<div class=\"elementor-column elementor-col-50 elementor-top-column elementor-element elementor-element-677e5a6\" data-id=\"677e5a6\" data-element_type=\"column\" data-e-type=\"column\">\n\t\t\t<div class=\"elementor-widget-wrap elementor-element-populated\">\n\t\t\t\t\t\t<div class=\"elementor-element elementor-element-b44e893 elementor-widget elementor-widget-text-editor\" data-id=\"b44e893\" data-element_type=\"widget\" data-e-type=\"widget\" data-widget_type=\"text-editor.default\">\n\t\t\t\t<div class=\"elementor-widget-container\">\n\t\t\t\t\t\t\t\t\t<p>Este lanzamiento llega tras el \u00e9xito de <em data-start=\"934\" data-end=\"948\">\u00abM\u00e1s Que T\u00fa\u00bb<\/em>, colaboraci\u00f3n con el artista Kapo, la cual alcanz\u00f3 el primer lugar en el Latin Airplay de Estados Unidos, sumando m\u00e1s de 26 millones de reproducciones en Spotify y dominando la radio con m\u00e1s de 8.3 millones de impresiones semanales.<\/p>\t\t\t\t\t\t\t\t<\/div>\n\t\t\t\t<\/div>\n\t\t\t\t\t<\/div>\n\t\t<\/div>\n\t\t\t\t<div class=\"elementor-column elementor-col-50 elementor-top-column elementor-element elementor-element-51512b0\" data-id=\"51512b0\" data-element_type=\"column\" data-e-type=\"column\">\n\t\t\t<div class=\"elementor-widget-wrap elementor-element-populated\">\n\t\t\t\t\t\t<div class=\"elementor-element elementor-element-831515e elementor-widget elementor-widget-text-editor\" data-id=\"831515e\" data-element_type=\"widget\" data-e-type=\"widget\" data-widget_type=\"text-editor.default\">\n\t\t\t\t<div class=\"elementor-widget-container\">\n\t\t\t\t\t\t\t\t\t<p>Adem\u00e1s del nuevo sencillo, Ozuna se prepara para reencontrarse con sus seguidores europeos en su pr\u00f3xima gira o mejor dicho\u00a0<span data-start=\"1281\" data-end=\"1301\">Summer Tour 2025<\/span>, que comenzar\u00e1 el pr\u00f3ximo 20 de junio en Mil\u00e1n (Italia) y lo llevar\u00e1 por m\u00e1s de una decena de ciudades, incluyendo Madrid, Sevilla, Oporto y Z\u00farich.<\/p>\t\t\t\t\t\t\t\t<\/div>\n\t\t\t\t<\/div>\n\t\t\t\t\t<\/div>\n\t\t<\/div>\n\t\t\t\t\t<\/div>\n\t\t<\/section>\n\t\t\t\t<section class=\"elementor-section elementor-top-section elementor-element elementor-element-c47d91c elementor-section-boxed elementor-section-height-default elementor-section-height-default\" data-id=\"c47d91c\" data-element_type=\"section\" data-e-type=\"section\">\n\t\t\t\t\t\t<div class=\"elementor-container elementor-column-gap-default\">\n\t\t\t\t\t<div class=\"elementor-column elementor-col-100 elementor-top-column elementor-element elementor-element-1975e60\" data-id=\"1975e60\" data-element_type=\"column\" data-e-type=\"column\">\n\t\t\t<div class=\"elementor-widget-wrap elementor-element-populated\">\n\t\t\t\t\t\t<div class=\"elementor-element elementor-element-0b1758d elementor-widget elementor-widget-text-editor\" data-id=\"0b1758d\" data-element_type=\"widget\" data-e-type=\"widget\" data-widget_type=\"text-editor.default\">\n\t\t\t\t<div class=\"elementor-widget-container\">\n\t\t\t\t\t\t\t\t\t<p>Arrancar\u00e1 con tres fechas en Italia, una en Suiza y posteriormente estar\u00e1 un mes por la pen\u00ednsula en la que principalmente participar\u00e1 en festivales. La fecha correspondiente a Madrid y C\u00e1diz son las del Puro Latino. De hecho, el mismo d\u00eda que canta en Madrid, tambi\u00e9n lo hace en Valencia, por lo que el artista lo dar\u00e1 todo sin apenas descanso para complacer a una de sus fanaticadas favoritas como es la espa\u00f1ola.\u00a0El tour reafirma la conexi\u00f3n internacional del cantante y refuerza su estatus como uno de los artistas latinos m\u00e1s influyentes del momento.<\/p>\t\t\t\t\t\t\t\t<\/div>\n\t\t\t\t<\/div>\n\t\t\t\t\t<\/div>\n\t\t<\/div>\n\t\t\t\t\t<\/div>\n\t\t<\/section>\n\t\t\t\t<\/div>","protected":false},"excerpt":{"rendered":"<p>Ozuna apuesta por el afrobeat en su nuevo tema y anuncia una gira europea que lo llevar\u00e1 por m\u00e1s de 15 ciudades este verano El artista puertorrique\u00f1o Ozuna lanz\u00f3 su nuevo sencillo \u00abSirenita\u00bb, el cual es una propuesta fresca que mezcla su estilo mel\u00f3dico con ritmos propios del afrobeat. Este tema se convierte en la [&hellip;]<\/p>\n","protected":false},"author":10,"featured_media":5038,"comment_status":"closed","ping_status":"closed","sticky":false,"template":"","format":"standard","meta":{"footnotes":""},"categories":[4],"tags":[171,182,184,183,186,185],"class_list":["post-5033","post","type-post","status-publish","format-standard","has-post-thumbnail","hentry","category-musica","tag-gira","tag-ozuna","tag-sencillo","tag-sirenita","tag-summer-tour-2025","tag-tema"],"yoast_head":"<!-- This site is optimized with the Yoast SEO plugin v27.4 - https:\/\/yoast.com\/product\/yoast-seo-wordpress\/ -->\n<title>Ozuna lanza &quot;Sirenita&quot;, su nuevo sencillo con sabor a verano y gira europea a la vista &#8902; Una y Mil Letras<\/title>\n<meta name=\"description\" content=\"Ozuna apuesta por el afrobeat en su nuevo tema y anuncia una gira europea que lo llevar\u00e1 por m\u00e1s de 15 ciudades este verano.\u200b\" \/>\n<meta name=\"robots\" content=\"index, follow, max-snippet:-1, max-image-preview:large, max-video-preview:-1\" \/>\n<link rel=\"canonical\" href=\"https:\/\/unaymilletras.com\/en\/ozuna-lanza-sirenita-su-nuevo-sencillo-con-sabor-a-verano-y-gira-europea-a-la-vista\/\" \/>\n<meta property=\"og:locale\" content=\"en_GB\" \/>\n<meta property=\"og:type\" content=\"article\" \/>\n<meta property=\"og:title\" content=\"Ozuna lanza &quot;Sirenita&quot;, su nuevo sencillo con sabor a verano y gira europea a la vista &#8902; Una y Mil Letras\" \/>\n<meta property=\"og:description\" content=\"Ozuna apuesta por el afrobeat en su nuevo tema y anuncia una gira europea que lo llevar\u00e1 por m\u00e1s de 15 ciudades este verano.\u200b\" \/>\n<meta property=\"og:url\" content=\"https:\/\/unaymilletras.com\/en\/ozuna-lanza-sirenita-su-nuevo-sencillo-con-sabor-a-verano-y-gira-europea-a-la-vista\/\" \/>\n<meta property=\"og:site_name\" content=\"Una y Mil Letras\" \/>\n<meta property=\"article:published_time\" content=\"2025-06-10T19:36:48+00:00\" \/>\n<meta property=\"article:modified_time\" content=\"2025-06-10T19:45:19+00:00\" \/>\n<meta property=\"og:image\" content=\"http:\/\/unaymilletras.com\/wp-content\/uploads\/2025\/06\/DSC09619_EDIT-scaled-e1749583882326.jpg\" \/>\n\t<meta property=\"og:image:width\" content=\"600\" \/>\n\t<meta property=\"og:image:height\" content=\"900\" \/>\n\t<meta property=\"og:image:type\" content=\"image\/jpeg\" \/>\n<meta name=\"author\" content=\"David Hern\u00e1ndez\" \/>\n<meta name=\"twitter:card\" content=\"summary_large_image\" \/>\n<meta name=\"twitter:creator\" content=\"@UnaYMilLetras\" \/>\n<meta name=\"twitter:site\" content=\"@UnaYMilLetras\" \/>\n<meta name=\"twitter:label1\" content=\"Written by\" \/>\n\t<meta name=\"twitter:data1\" content=\"David Hern\u00e1ndez\" \/>\n\t<meta name=\"twitter:label2\" content=\"Estimated reading time\" \/>\n\t<meta name=\"twitter:data2\" content=\"2 minutes\" \/>\n<script type=\"application\/ld+json\" class=\"yoast-schema-graph\">{\"@context\":\"https:\\\/\\\/schema.org\",\"@graph\":[{\"@type\":\"Article\",\"@id\":\"https:\\\/\\\/unaymilletras.com\\\/ozuna-lanza-sirenita-su-nuevo-sencillo-con-sabor-a-verano-y-gira-europea-a-la-vista\\\/#article\",\"isPartOf\":{\"@id\":\"https:\\\/\\\/unaymilletras.com\\\/ozuna-lanza-sirenita-su-nuevo-sencillo-con-sabor-a-verano-y-gira-europea-a-la-vista\\\/\"},\"author\":{\"name\":\"David Hern\u00e1ndez\",\"@id\":\"http:\\\/\\\/unaymilletras.com\\\/#\\\/schema\\\/person\\\/0c171c80bc49a58d7a8ed3394548370c\"},\"headline\":\"Ozuna lanza \u00abSirenita\u00bb, su nuevo sencillo con sabor a verano y gira europea a la vista\",\"datePublished\":\"2025-06-10T19:36:48+00:00\",\"dateModified\":\"2025-06-10T19:45:19+00:00\",\"mainEntityOfPage\":{\"@id\":\"https:\\\/\\\/unaymilletras.com\\\/ozuna-lanza-sirenita-su-nuevo-sencillo-con-sabor-a-verano-y-gira-europea-a-la-vista\\\/\"},\"wordCount\":347,\"publisher\":{\"@id\":\"http:\\\/\\\/unaymilletras.com\\\/#organization\"},\"image\":{\"@id\":\"https:\\\/\\\/unaymilletras.com\\\/ozuna-lanza-sirenita-su-nuevo-sencillo-con-sabor-a-verano-y-gira-europea-a-la-vista\\\/#primaryimage\"},\"thumbnailUrl\":\"https:\\\/\\\/unaymilletras.com\\\/wp-content\\\/uploads\\\/2025\\\/06\\\/DSC09619_EDIT-scaled-e1749583882326.jpg\",\"keywords\":[\"Gira\",\"Ozuna\",\"Sencillo\",\"Sirenita\",\"Summer Tour 2025\",\"Tema\"],\"articleSection\":[\"M\u00fasica\"],\"inLanguage\":\"en-GB\"},{\"@type\":\"WebPage\",\"@id\":\"https:\\\/\\\/unaymilletras.com\\\/ozuna-lanza-sirenita-su-nuevo-sencillo-con-sabor-a-verano-y-gira-europea-a-la-vista\\\/\",\"url\":\"https:\\\/\\\/unaymilletras.com\\\/ozuna-lanza-sirenita-su-nuevo-sencillo-con-sabor-a-verano-y-gira-europea-a-la-vista\\\/\",\"name\":\"Ozuna lanza \\\"Sirenita\\\", su nuevo sencillo con sabor a verano y gira europea a la vista &#8902; Una y Mil Letras\",\"isPartOf\":{\"@id\":\"http:\\\/\\\/unaymilletras.com\\\/#website\"},\"primaryImageOfPage\":{\"@id\":\"https:\\\/\\\/unaymilletras.com\\\/ozuna-lanza-sirenita-su-nuevo-sencillo-con-sabor-a-verano-y-gira-europea-a-la-vista\\\/#primaryimage\"},\"image\":{\"@id\":\"https:\\\/\\\/unaymilletras.com\\\/ozuna-lanza-sirenita-su-nuevo-sencillo-con-sabor-a-verano-y-gira-europea-a-la-vista\\\/#primaryimage\"},\"thumbnailUrl\":\"https:\\\/\\\/unaymilletras.com\\\/wp-content\\\/uploads\\\/2025\\\/06\\\/DSC09619_EDIT-scaled-e1749583882326.jpg\",\"datePublished\":\"2025-06-10T19:36:48+00:00\",\"dateModified\":\"2025-06-10T19:45:19+00:00\",\"description\":\"Ozuna apuesta por el afrobeat en su nuevo tema y anuncia una gira europea que lo llevar\u00e1 por m\u00e1s de 15 ciudades este verano.\u200b\",\"breadcrumb\":{\"@id\":\"https:\\\/\\\/unaymilletras.com\\\/ozuna-lanza-sirenita-su-nuevo-sencillo-con-sabor-a-verano-y-gira-europea-a-la-vista\\\/#breadcrumb\"},\"inLanguage\":\"en-GB\",\"potentialAction\":[{\"@type\":\"ReadAction\",\"target\":[\"https:\\\/\\\/unaymilletras.com\\\/ozuna-lanza-sirenita-su-nuevo-sencillo-con-sabor-a-verano-y-gira-europea-a-la-vista\\\/\"]}]},{\"@type\":\"ImageObject\",\"inLanguage\":\"en-GB\",\"@id\":\"https:\\\/\\\/unaymilletras.com\\\/ozuna-lanza-sirenita-su-nuevo-sencillo-con-sabor-a-verano-y-gira-europea-a-la-vista\\\/#primaryimage\",\"url\":\"https:\\\/\\\/unaymilletras.com\\\/wp-content\\\/uploads\\\/2025\\\/06\\\/DSC09619_EDIT-scaled-e1749583882326.jpg\",\"contentUrl\":\"https:\\\/\\\/unaymilletras.com\\\/wp-content\\\/uploads\\\/2025\\\/06\\\/DSC09619_EDIT-scaled-e1749583882326.jpg\",\"width\":600,\"height\":900,\"caption\":\"Ozuna\"},{\"@type\":\"BreadcrumbList\",\"@id\":\"https:\\\/\\\/unaymilletras.com\\\/ozuna-lanza-sirenita-su-nuevo-sencillo-con-sabor-a-verano-y-gira-europea-a-la-vista\\\/#breadcrumb\",\"itemListElement\":[{\"@type\":\"ListItem\",\"position\":1,\"name\":\"Home\",\"item\":\"http:\\\/\\\/unaymilletras.com\\\/\"},{\"@type\":\"ListItem\",\"position\":2,\"name\":\"Ozuna lanza \u00abSirenita\u00bb, su nuevo sencillo con sabor a verano y gira europea a la vista\"}]},{\"@type\":\"WebSite\",\"@id\":\"http:\\\/\\\/unaymilletras.com\\\/#website\",\"url\":\"http:\\\/\\\/unaymilletras.com\\\/\",\"name\":\"Una y Mil Letras\",\"description\":\"\",\"publisher\":{\"@id\":\"http:\\\/\\\/unaymilletras.com\\\/#organization\"},\"potentialAction\":[{\"@type\":\"SearchAction\",\"target\":{\"@type\":\"EntryPoint\",\"urlTemplate\":\"http:\\\/\\\/unaymilletras.com\\\/?s={search_term_string}\"},\"query-input\":{\"@type\":\"PropertyValueSpecification\",\"valueRequired\":true,\"valueName\":\"search_term_string\"}}],\"inLanguage\":\"en-GB\"},{\"@type\":\"Organization\",\"@id\":\"http:\\\/\\\/unaymilletras.com\\\/#organization\",\"name\":\"Una y Mil Letras\",\"url\":\"http:\\\/\\\/unaymilletras.com\\\/\",\"logo\":{\"@type\":\"ImageObject\",\"inLanguage\":\"en-GB\",\"@id\":\"http:\\\/\\\/unaymilletras.com\\\/#\\\/schema\\\/logo\\\/image\\\/\",\"url\":\"https:\\\/\\\/unaymilletras.com\\\/wp-content\\\/uploads\\\/2024\\\/06\\\/cropped-Logo-removebg-preview.png\",\"contentUrl\":\"https:\\\/\\\/unaymilletras.com\\\/wp-content\\\/uploads\\\/2024\\\/06\\\/cropped-Logo-removebg-preview.png\",\"width\":512,\"height\":512,\"caption\":\"Una y Mil Letras\"},\"image\":{\"@id\":\"http:\\\/\\\/unaymilletras.com\\\/#\\\/schema\\\/logo\\\/image\\\/\"},\"sameAs\":[\"https:\\\/\\\/x.com\\\/UnaYMilLetras\",\"https:\\\/\\\/instagram.com\\\/UnaYMilLetras\"]},{\"@type\":\"Person\",\"@id\":\"http:\\\/\\\/unaymilletras.com\\\/#\\\/schema\\\/person\\\/0c171c80bc49a58d7a8ed3394548370c\",\"name\":\"David Hern\u00e1ndez\",\"image\":{\"@type\":\"ImageObject\",\"inLanguage\":\"en-GB\",\"@id\":\"https:\\\/\\\/secure.gravatar.com\\\/avatar\\\/86739d73874dcbc11e4278af33fb905704f5c29329727efb3b0e0bc838b0d469?s=96&d=mm&r=g\",\"url\":\"https:\\\/\\\/secure.gravatar.com\\\/avatar\\\/86739d73874dcbc11e4278af33fb905704f5c29329727efb3b0e0bc838b0d469?s=96&d=mm&r=g\",\"contentUrl\":\"https:\\\/\\\/secure.gravatar.com\\\/avatar\\\/86739d73874dcbc11e4278af33fb905704f5c29329727efb3b0e0bc838b0d469?s=96&d=mm&r=g\",\"caption\":\"David Hern\u00e1ndez\"},\"url\":\"https:\\\/\\\/unaymilletras.com\\\/en\\\/author\\\/davidesel\\\/\"}]}<\/script>\n<!-- \/ Yoast SEO plugin. -->","yoast_head_json":{"title":"Ozuna lanza \"Sirenita\", su nuevo sencillo con sabor a verano y gira europea a la vista &#8902; Una y Mil Letras","description":"Ozuna apuesta por el afrobeat en su nuevo tema y anuncia una gira europea que lo llevar\u00e1 por m\u00e1s de 15 ciudades este verano.\u200b","robots":{"index":"index","follow":"follow","max-snippet":"max-snippet:-1","max-image-preview":"max-image-preview:large","max-video-preview":"max-video-preview:-1"},"canonical":"https:\/\/unaymilletras.com\/en\/ozuna-lanza-sirenita-su-nuevo-sencillo-con-sabor-a-verano-y-gira-europea-a-la-vista\/","og_locale":"en_GB","og_type":"article","og_title":"Ozuna lanza \"Sirenita\", su nuevo sencillo con sabor a verano y gira europea a la vista &#8902; Una y Mil Letras","og_description":"Ozuna apuesta por el afrobeat en su nuevo tema y anuncia una gira europea que lo llevar\u00e1 por m\u00e1s de 15 ciudades este verano.\u200b","og_url":"https:\/\/unaymilletras.com\/en\/ozuna-lanza-sirenita-su-nuevo-sencillo-con-sabor-a-verano-y-gira-europea-a-la-vista\/","og_site_name":"Una y Mil Letras","article_published_time":"2025-06-10T19:36:48+00:00","article_modified_time":"2025-06-10T19:45:19+00:00","og_image":[{"width":600,"height":900,"url":"http:\/\/unaymilletras.com\/wp-content\/uploads\/2025\/06\/DSC09619_EDIT-scaled-e1749583882326.jpg","type":"image\/jpeg"}],"author":"David Hern\u00e1ndez","twitter_card":"summary_large_image","twitter_creator":"@UnaYMilLetras","twitter_site":"@UnaYMilLetras","twitter_misc":{"Written by":"David Hern\u00e1ndez","Estimated reading time":"2 minutes"},"schema":{"@context":"https:\/\/schema.org","@graph":[{"@type":"Article","@id":"https:\/\/unaymilletras.com\/ozuna-lanza-sirenita-su-nuevo-sencillo-con-sabor-a-verano-y-gira-europea-a-la-vista\/#article","isPartOf":{"@id":"https:\/\/unaymilletras.com\/ozuna-lanza-sirenita-su-nuevo-sencillo-con-sabor-a-verano-y-gira-europea-a-la-vista\/"},"author":{"name":"David Hern\u00e1ndez","@id":"http:\/\/unaymilletras.com\/#\/schema\/person\/0c171c80bc49a58d7a8ed3394548370c"},"headline":"Ozuna lanza \u00abSirenita\u00bb, su nuevo sencillo con sabor a verano y gira europea a la vista","datePublished":"2025-06-10T19:36:48+00:00","dateModified":"2025-06-10T19:45:19+00:00","mainEntityOfPage":{"@id":"https:\/\/unaymilletras.com\/ozuna-lanza-sirenita-su-nuevo-sencillo-con-sabor-a-verano-y-gira-europea-a-la-vista\/"},"wordCount":347,"publisher":{"@id":"http:\/\/unaymilletras.com\/#organization"},"image":{"@id":"https:\/\/unaymilletras.com\/ozuna-lanza-sirenita-su-nuevo-sencillo-con-sabor-a-verano-y-gira-europea-a-la-vista\/#primaryimage"},"thumbnailUrl":"https:\/\/unaymilletras.com\/wp-content\/uploads\/2025\/06\/DSC09619_EDIT-scaled-e1749583882326.jpg","keywords":["Gira","Ozuna","Sencillo","Sirenita","Summer Tour 2025","Tema"],"articleSection":["M\u00fasica"],"inLanguage":"en-GB"},{"@type":"WebPage","@id":"https:\/\/unaymilletras.com\/ozuna-lanza-sirenita-su-nuevo-sencillo-con-sabor-a-verano-y-gira-europea-a-la-vista\/","url":"https:\/\/unaymilletras.com\/ozuna-lanza-sirenita-su-nuevo-sencillo-con-sabor-a-verano-y-gira-europea-a-la-vista\/","name":"Ozuna lanza \"Sirenita\", su nuevo sencillo con sabor a verano y gira europea a la vista &#8902; Una y Mil Letras","isPartOf":{"@id":"http:\/\/unaymilletras.com\/#website"},"primaryImageOfPage":{"@id":"https:\/\/unaymilletras.com\/ozuna-lanza-sirenita-su-nuevo-sencillo-con-sabor-a-verano-y-gira-europea-a-la-vista\/#primaryimage"},"image":{"@id":"https:\/\/unaymilletras.com\/ozuna-lanza-sirenita-su-nuevo-sencillo-con-sabor-a-verano-y-gira-europea-a-la-vista\/#primaryimage"},"thumbnailUrl":"https:\/\/unaymilletras.com\/wp-content\/uploads\/2025\/06\/DSC09619_EDIT-scaled-e1749583882326.jpg","datePublished":"2025-06-10T19:36:48+00:00","dateModified":"2025-06-10T19:45:19+00:00","description":"Ozuna apuesta por el afrobeat en su nuevo tema y anuncia una gira europea que lo llevar\u00e1 por m\u00e1s de 15 ciudades este verano.\u200b","breadcrumb":{"@id":"https:\/\/unaymilletras.com\/ozuna-lanza-sirenita-su-nuevo-sencillo-con-sabor-a-verano-y-gira-europea-a-la-vista\/#breadcrumb"},"inLanguage":"en-GB","potentialAction":[{"@type":"ReadAction","target":["https:\/\/unaymilletras.com\/ozuna-lanza-sirenita-su-nuevo-sencillo-con-sabor-a-verano-y-gira-europea-a-la-vista\/"]}]},{"@type":"ImageObject","inLanguage":"en-GB","@id":"https:\/\/unaymilletras.com\/ozuna-lanza-sirenita-su-nuevo-sencillo-con-sabor-a-verano-y-gira-europea-a-la-vista\/#primaryimage","url":"https:\/\/unaymilletras.com\/wp-content\/uploads\/2025\/06\/DSC09619_EDIT-scaled-e1749583882326.jpg","contentUrl":"https:\/\/unaymilletras.com\/wp-content\/uploads\/2025\/06\/DSC09619_EDIT-scaled-e1749583882326.jpg","width":600,"height":900,"caption":"Ozuna"},{"@type":"BreadcrumbList","@id":"https:\/\/unaymilletras.com\/ozuna-lanza-sirenita-su-nuevo-sencillo-con-sabor-a-verano-y-gira-europea-a-la-vista\/#breadcrumb","itemListElement":[{"@type":"ListItem","position":1,"name":"Home","item":"http:\/\/unaymilletras.com\/"},{"@type":"ListItem","position":2,"name":"Ozuna lanza \u00abSirenita\u00bb, su nuevo sencillo con sabor a verano y gira europea a la vista"}]},{"@type":"WebSite","@id":"http:\/\/unaymilletras.com\/#website","url":"http:\/\/unaymilletras.com\/","name":"Una y Mil Letras","description":"","publisher":{"@id":"http:\/\/unaymilletras.com\/#organization"},"potentialAction":[{"@type":"SearchAction","target":{"@type":"EntryPoint","urlTemplate":"http:\/\/unaymilletras.com\/?s={search_term_string}"},"query-input":{"@type":"PropertyValueSpecification","valueRequired":true,"valueName":"search_term_string"}}],"inLanguage":"en-GB"},{"@type":"Organization","@id":"http:\/\/unaymilletras.com\/#organization","name":"Una y Mil Letras","url":"http:\/\/unaymilletras.com\/","logo":{"@type":"ImageObject","inLanguage":"en-GB","@id":"http:\/\/unaymilletras.com\/#\/schema\/logo\/image\/","url":"https:\/\/unaymilletras.com\/wp-content\/uploads\/2024\/06\/cropped-Logo-removebg-preview.png","contentUrl":"https:\/\/unaymilletras.com\/wp-content\/uploads\/2024\/06\/cropped-Logo-removebg-preview.png","width":512,"height":512,"caption":"Una y Mil Letras"},"image":{"@id":"http:\/\/unaymilletras.com\/#\/schema\/logo\/image\/"},"sameAs":["https:\/\/x.com\/UnaYMilLetras","https:\/\/instagram.com\/UnaYMilLetras"]},{"@type":"Person","@id":"http:\/\/unaymilletras.com\/#\/schema\/person\/0c171c80bc49a58d7a8ed3394548370c","name":"David Hern\u00e1ndez","image":{"@type":"ImageObject","inLanguage":"en-GB","@id":"https:\/\/secure.gravatar.com\/avatar\/86739d73874dcbc11e4278af33fb905704f5c29329727efb3b0e0bc838b0d469?s=96&d=mm&r=g","url":"https:\/\/secure.gravatar.com\/avatar\/86739d73874dcbc11e4278af33fb905704f5c29329727efb3b0e0bc838b0d469?s=96&d=mm&r=g","contentUrl":"https:\/\/secure.gravatar.com\/avatar\/86739d73874dcbc11e4278af33fb905704f5c29329727efb3b0e0bc838b0d469?s=96&d=mm&r=g","caption":"David Hern\u00e1ndez"},"url":"https:\/\/unaymilletras.com\/en\/author\/davidesel\/"}]}},"_links":{"self":[{"href":"https:\/\/unaymilletras.com\/en\/wp-json\/wp\/v2\/posts\/5033","targetHints":{"allow":["GET"]}}],"collection":[{"href":"https:\/\/unaymilletras.com\/en\/wp-json\/wp\/v2\/posts"}],"about":[{"href":"https:\/\/unaymilletras.com\/en\/wp-json\/wp\/v2\/types\/post"}],"author":[{"embeddable":true,"href":"https:\/\/unaymilletras.com\/en\/wp-json\/wp\/v2\/users\/10"}],"replies":[{"embeddable":true,"href":"https:\/\/unaymilletras.com\/en\/wp-json\/wp\/v2\/comments?post=5033"}],"version-history":[{"count":10,"href":"https:\/\/unaymilletras.com\/en\/wp-json\/wp\/v2\/posts\/5033\/revisions"}],"predecessor-version":[{"id":5045,"href":"https:\/\/unaymilletras.com\/en\/wp-json\/wp\/v2\/posts\/5033\/revisions\/5045"}],"wp:featuredmedia":[{"embeddable":true,"href":"https:\/\/unaymilletras.com\/en\/wp-json\/wp\/v2\/media\/5038"}],"wp:attachment":[{"href":"https:\/\/unaymilletras.com\/en\/wp-json\/wp\/v2\/media?parent=5033"}],"wp:term":[{"taxonomy":"category","embeddable":true,"href":"https:\/\/unaymilletras.com\/en\/wp-json\/wp\/v2\/categories?post=5033"},{"taxonomy":"post_tag","embeddable":true,"href":"https:\/\/unaymilletras.com\/en\/wp-json\/wp\/v2\/tags?post=5033"}],"curies":[{"name":"wp","href":"https:\/\/api.w.org\/{rel}","templated":true}]}}