{"id":5046,"date":"2025-06-15T14:08:54","date_gmt":"2025-06-15T12:08:54","guid":{"rendered":"https:\/\/unaymilletras.com\/?p=5046"},"modified":"2025-06-15T14:10:57","modified_gmt":"2025-06-15T12:10:57","slug":"feid-lanza-ferxxo-vol-x-sagrado","status":"publish","type":"post","link":"https:\/\/unaymilletras.com\/en\/feid-lanza-ferxxo-vol-x-sagrado\/","title":{"rendered":"Feid lanza \u2018FERXXO VOL X: Sagrado\u2019"},"content":{"rendered":"<div data-elementor-type=\"wp-post\" data-elementor-id=\"5046\" class=\"elementor elementor-5046\">\n\t\t\t\t\t\t<section class=\"elementor-section elementor-top-section elementor-element elementor-element-80c9d59 elementor-section-boxed elementor-section-height-default elementor-section-height-default\" data-id=\"80c9d59\" data-element_type=\"section\" data-e-type=\"section\">\n\t\t\t\t\t\t<div class=\"elementor-container elementor-column-gap-default\">\n\t\t\t\t\t<div class=\"elementor-column elementor-col-100 elementor-top-column elementor-element elementor-element-edb37f3\" data-id=\"edb37f3\" data-element_type=\"column\" data-e-type=\"column\">\n\t\t\t<div class=\"elementor-widget-wrap elementor-element-populated\">\n\t\t\t\t\t\t<div class=\"elementor-element elementor-element-5577ffa elementor-widget elementor-widget-text-editor\" data-id=\"5577ffa\" data-element_type=\"widget\" data-e-type=\"widget\" data-widget_type=\"text-editor.default\">\n\t\t\t\t<div class=\"elementor-widget-container\">\n\t\t\t\t\t\t\t\t\t<h2 style=\"text-align: center;\"><span style=\"color: #808080;\"><em>El nuevo \u00e1lbum de Feid celebra su evoluci\u00f3n art\u00edstica y marca el arranque de una temporada de verano cargada de m\u00fasica<\/em><\/span><\/h2>\t\t\t\t\t\t\t\t<\/div>\n\t\t\t\t<\/div>\n\t\t\t\t\t<\/div>\n\t\t<\/div>\n\t\t\t\t\t<\/div>\n\t\t<\/section>\n\t\t\t\t<section class=\"elementor-section elementor-top-section elementor-element elementor-element-1efca2a elementor-section-boxed elementor-section-height-default elementor-section-height-default\" data-id=\"1efca2a\" data-element_type=\"section\" data-e-type=\"section\">\n\t\t\t\t\t\t<div class=\"elementor-container elementor-column-gap-default\">\n\t\t\t\t\t<div class=\"elementor-column elementor-col-100 elementor-top-column elementor-element elementor-element-0e76c8f\" data-id=\"0e76c8f\" data-element_type=\"column\" data-e-type=\"column\">\n\t\t\t<div class=\"elementor-widget-wrap elementor-element-populated\">\n\t\t\t\t\t\t<div class=\"elementor-element elementor-element-3b1835d elementor-widget elementor-widget-text-editor\" data-id=\"3b1835d\" data-element_type=\"widget\" data-e-type=\"widget\" data-widget_type=\"text-editor.default\">\n\t\t\t\t<div class=\"elementor-widget-container\">\n\t\t\t\t\t\t\t\t\t<p data-start=\"232\" data-end=\"552\"><b>Feid<\/b> acaba de lanzar su sexto \u00e1lbum de estudio, <em data-start=\"280\" data-end=\"303\"><b>FERXXO VOL X: Sagrado<\/b><\/em>, un trabajo personal que celebra una d\u00e9cada de carrera. El artista colombiano se aleja de f\u00f3rmulas comerciales y regresa a sus ra\u00edces musicales. El disco incluye 15 canciones que exploran sonidos como el reggaet\u00f3n, hip hop, R&amp;B y ritmos tropicales.<\/p>\n<p data-start=\"554\" data-end=\"867\">Feid escribi\u00f3 y produjo completamente este nuevo proyecto. Rinde homenaje a los g\u00e9neros que marcaron sus inicios, desde la marimba hasta el rap crudo de los 90. Colaboradores como Ty Dolla $ign, Wisin y Nidia G\u00f3ngora enriquecen este viaje sonoro. El resultado es un \u00e1lbum audaz, nost\u00e1lgico y profundamente \u00edntimo.<\/p>\t\t\t\t\t\t\t\t<\/div>\n\t\t\t\t<\/div>\n\t\t\t\t\t<\/div>\n\t\t<\/div>\n\t\t\t\t\t<\/div>\n\t\t<\/section>\n\t\t\t\t<section class=\"elementor-section elementor-top-section elementor-element elementor-element-770a217 elementor-section-boxed elementor-section-height-default elementor-section-height-default\" data-id=\"770a217\" data-element_type=\"section\" data-e-type=\"section\">\n\t\t\t\t\t\t<div class=\"elementor-container elementor-column-gap-default\">\n\t\t\t\t\t<div class=\"elementor-column elementor-col-100 elementor-top-column elementor-element elementor-element-1e5746d\" data-id=\"1e5746d\" data-element_type=\"column\" data-e-type=\"column\">\n\t\t\t<div class=\"elementor-widget-wrap elementor-element-populated\">\n\t\t\t\t\t\t<div class=\"elementor-element elementor-element-dd548cf elementor-widget elementor-widget-video\" data-id=\"dd548cf\" data-element_type=\"widget\" data-e-type=\"widget\" data-settings=\"{&quot;youtube_url&quot;:&quot;https:\\\/\\\/www.youtube.com\\\/watch?v=WycxwRh6xCI&quot;,&quot;video_type&quot;:&quot;youtube&quot;,&quot;controls&quot;:&quot;yes&quot;}\" data-widget_type=\"video.default\">\n\t\t\t\t<div class=\"elementor-widget-container\">\n\t\t\t\t\t\t\t<div class=\"elementor-wrapper elementor-open-inline\">\n\t\t\t<div class=\"elementor-video\"><\/div>\t\t<\/div>\n\t\t\t\t\t\t<\/div>\n\t\t\t\t<\/div>\n\t\t\t\t\t<\/div>\n\t\t<\/div>\n\t\t\t\t\t<\/div>\n\t\t<\/section>\n\t\t\t\t<section class=\"elementor-section elementor-top-section elementor-element elementor-element-9e3a21c elementor-section-boxed elementor-section-height-default elementor-section-height-default\" data-id=\"9e3a21c\" data-element_type=\"section\" data-e-type=\"section\">\n\t\t\t\t\t\t<div class=\"elementor-container elementor-column-gap-default\">\n\t\t\t\t\t<div class=\"elementor-column elementor-col-100 elementor-top-column elementor-element elementor-element-ead0628\" data-id=\"ead0628\" data-element_type=\"column\" data-e-type=\"column\">\n\t\t\t<div class=\"elementor-widget-wrap elementor-element-populated\">\n\t\t\t\t\t\t<div class=\"elementor-element elementor-element-9ec8042 elementor-widget elementor-widget-text-editor\" data-id=\"9ec8042\" data-element_type=\"widget\" data-e-type=\"widget\" data-widget_type=\"text-editor.default\">\n\t\t\t\t<div class=\"elementor-widget-container\">\n\t\t\t\t\t\t\t\t\t<p data-start=\"869\" data-end=\"1184\">El videoclip de <i>ANDO XXIL<\/i>&nbsp;incluye al legendario skater Tony Hawk y refuerza la est\u00e9tica retro del \u00e1lbum. Adem\u00e1s, Feid acompa\u00f1a el lanzamiento con un cortometraje animado a cargo de Rhymezlikedimez. La narrativa visual complementa el sonido del disco, conectando con una generaci\u00f3n moldeada por la cultura digital.<\/p>\n<p data-start=\"1186\" data-end=\"1507\">La esencia de <em data-start=\"1200\" data-end=\"1223\">FERXXO VOL X: Sagrado<\/em> se ha sentido en las coffee parties celebradas en distintas ciudades. En ellas, Feid actu\u00f3 como DJ, mostrando fragmentos del \u00e1lbum y creando espacios donde la m\u00fasica se mezcla con la intenci\u00f3n. Estas experiencias resumen el esp\u00edritu del disco: introspecci\u00f3n, conexi\u00f3n y autenticidad.<\/p>\t\t\t\t\t\t\t\t<\/div>\n\t\t\t\t<\/div>\n\t\t\t\t\t<\/div>\n\t\t<\/div>\n\t\t\t\t\t<\/div>\n\t\t<\/section>\n\t\t\t\t<section class=\"elementor-section elementor-top-section elementor-element elementor-element-a537ee9 elementor-section-boxed elementor-section-height-default elementor-section-height-default\" data-id=\"a537ee9\" data-element_type=\"section\" data-e-type=\"section\">\n\t\t\t\t\t\t<div class=\"elementor-container elementor-column-gap-default\">\n\t\t\t\t\t<div class=\"elementor-column elementor-col-50 elementor-top-column elementor-element elementor-element-16584aa\" data-id=\"16584aa\" data-element_type=\"column\" data-e-type=\"column\">\n\t\t\t<div class=\"elementor-widget-wrap elementor-element-populated\">\n\t\t\t\t\t\t<div class=\"elementor-element elementor-element-c7ed750 elementor-widget elementor-widget-text-editor\" data-id=\"c7ed750\" data-element_type=\"widget\" data-e-type=\"widget\" data-widget_type=\"text-editor.default\">\n\t\t\t\t<div class=\"elementor-widget-container\">\n\t\t\t\t\t\t\t\t\t<p data-start=\"1509\" data-end=\"1838\">El pasado fin de semana, Feid subi\u00f3 al escenario del Governors Ball Festival en Nueva York. A pesar del retraso por la lluvia, el artista ofreci\u00f3 una actuaci\u00f3n potente y emotiva. El p\u00fablico core\u00f3 cada palabra de los nuevos temas y tambi\u00e9n de sus cl\u00e1sicos. Visuales inspirados en Windows 98 completaron una puesta en escena \u00fanica.<\/p><p data-start=\"1840\" data-end=\"2160\">Durante el show, Feid sorprendi\u00f3 al invitar al ic\u00f3nico DJ Premier al escenario. Este momento sell\u00f3 simb\u00f3licamente el inicio de una nueva etapa en su carrera. En redes sociales, la cuenta oficial del festival lo resumi\u00f3 as\u00ed: \u201c\u00bfGovernors Ball o Ferxxolandia?\u201d. La energ\u00eda vivida confirm\u00f3 que Feid est\u00e1 en su mejor momento.<\/p>\t\t\t\t\t\t\t\t<\/div>\n\t\t\t\t<\/div>\n\t\t\t\t\t<\/div>\n\t\t<\/div>\n\t\t\t\t<div class=\"elementor-column elementor-col-50 elementor-top-column elementor-element elementor-element-7ebf5d8\" data-id=\"7ebf5d8\" data-element_type=\"column\" data-e-type=\"column\">\n\t\t\t<div class=\"elementor-widget-wrap elementor-element-populated\">\n\t\t\t\t\t\t<div class=\"elementor-element elementor-element-4e2a0bf elementor-widget elementor-widget-image\" data-id=\"4e2a0bf\" data-element_type=\"widget\" data-e-type=\"widget\" data-widget_type=\"image.default\">\n\t\t\t\t<div class=\"elementor-widget-container\">\n\t\t\t\t\t\t\t\t\t\t\t\t\t\t\t<img fetchpriority=\"high\" decoding=\"async\" width=\"640\" height=\"857\" src=\"https:\/\/unaymilletras.com\/wp-content\/uploads\/2025\/06\/w660_1314429_picture1fdsv.jpg\" class=\"attachment-large size-large wp-image-5048\" alt=\"Feid\" srcset=\"https:\/\/unaymilletras.com\/wp-content\/uploads\/2025\/06\/w660_1314429_picture1fdsv.jpg 660w, https:\/\/unaymilletras.com\/wp-content\/uploads\/2025\/06\/w660_1314429_picture1fdsv-224x300.jpg 224w, https:\/\/unaymilletras.com\/wp-content\/uploads\/2025\/06\/w660_1314429_picture1fdsv-9x12.jpg 9w\" sizes=\"(max-width: 640px) 100vw, 640px\" \/>\t\t\t\t\t\t\t\t\t\t\t\t\t\t\t<\/div>\n\t\t\t\t<\/div>\n\t\t\t\t\t<\/div>\n\t\t<\/div>\n\t\t\t\t\t<\/div>\n\t\t<\/section>\n\t\t\t\t<section class=\"elementor-section elementor-top-section elementor-element elementor-element-486788e elementor-section-boxed elementor-section-height-default elementor-section-height-default\" data-id=\"486788e\" data-element_type=\"section\" data-e-type=\"section\">\n\t\t\t\t\t\t<div class=\"elementor-container elementor-column-gap-default\">\n\t\t\t\t\t<div class=\"elementor-column elementor-col-100 elementor-top-column elementor-element elementor-element-7afdb54\" data-id=\"7afdb54\" data-element_type=\"column\" data-e-type=\"column\">\n\t\t\t<div class=\"elementor-widget-wrap elementor-element-populated\">\n\t\t\t\t\t\t<div class=\"elementor-element elementor-element-d2864c6 elementor-widget elementor-widget-text-editor\" data-id=\"d2864c6\" data-element_type=\"widget\" data-e-type=\"widget\" data-widget_type=\"text-editor.default\">\n\t\t\t\t<div class=\"elementor-widget-container\">\n\t\t\t\t\t\t\t\t\t<p data-start=\"2162\" data-end=\"2456\">El verano apenas comienza para el artista. El 14 de junio actuar\u00e1 en el Wiscansin Fest de T-Pain en Milwaukee. Tambi\u00e9n formar\u00e1 parte del Summer Sonic 2025 en Tokio y del Austin City Limits en octubre. Su impacto global no deja de crecer, con m\u00e1s de 28 mil millones de reproducciones acumuladas.<\/p><p data-start=\"2458\" data-end=\"2685\" data-is-last-node=\"\" data-is-only-node=\"\">Con <em data-start=\"2462\" data-end=\"2485\">FERXXO VOL X: Sagrado<\/em>, Feid demuestra que su evoluci\u00f3n art\u00edstica est\u00e1 lejos de detenerse. Este \u00e1lbum es un regalo sincero para sus fans y una muestra del poder transformador de la m\u00fasica cuando nace desde lo m\u00e1s profundo.<\/p>\t\t\t\t\t\t\t\t<\/div>\n\t\t\t\t<\/div>\n\t\t\t\t\t<\/div>\n\t\t<\/div>\n\t\t\t\t\t<\/div>\n\t\t<\/section>\n\t\t\t\t<\/div>","protected":false},"excerpt":{"rendered":"<p>El nuevo \u00e1lbum de Feid celebra su evoluci\u00f3n art\u00edstica y marca el arranque de una temporada de verano cargada de m\u00fasica Feid acaba de lanzar su sexto \u00e1lbum de estudio, FERXXO VOL X: Sagrado, un trabajo personal que celebra una d\u00e9cada de carrera. El artista colombiano se aleja de f\u00f3rmulas comerciales y regresa a sus [&hellip;]<\/p>\n","protected":false},"author":6,"featured_media":5048,"comment_status":"closed","ping_status":"closed","sticky":false,"template":"","format":"standard","meta":{"footnotes":""},"categories":[4],"tags":[],"class_list":["post-5046","post","type-post","status-publish","format-standard","has-post-thumbnail","hentry","category-musica"],"yoast_head":"<!-- This site is optimized with the Yoast SEO plugin v27.4 - https:\/\/yoast.com\/product\/yoast-seo-wordpress\/ -->\n<title>Feid lanza \u2018FERXXO VOL X: Sagrado\u2019<\/title>\n<meta name=\"description\" content=\"El nuevo \u00e1lbum de Feid celebra su evoluci\u00f3n art\u00edstica y marca el arranque de una temporada de verano cargada de m\u00fasica\" \/>\n<meta name=\"robots\" content=\"index, follow, max-snippet:-1, max-image-preview:large, max-video-preview:-1\" \/>\n<link rel=\"canonical\" href=\"https:\/\/unaymilletras.com\/en\/feid-lanza-ferxxo-vol-x-sagrado\/\" \/>\n<meta property=\"og:locale\" content=\"en_GB\" \/>\n<meta property=\"og:type\" content=\"article\" \/>\n<meta property=\"og:title\" content=\"Feid lanza \u2018FERXXO VOL X: Sagrado\u2019\" \/>\n<meta property=\"og:description\" content=\"El nuevo \u00e1lbum de Feid celebra su evoluci\u00f3n art\u00edstica y marca el arranque de una temporada de verano cargada de m\u00fasica\" \/>\n<meta property=\"og:url\" content=\"https:\/\/unaymilletras.com\/en\/feid-lanza-ferxxo-vol-x-sagrado\/\" \/>\n<meta property=\"og:site_name\" content=\"Una y Mil Letras\" \/>\n<meta property=\"article:published_time\" content=\"2025-06-15T12:08:54+00:00\" \/>\n<meta property=\"article:modified_time\" content=\"2025-06-15T12:10:57+00:00\" \/>\n<meta property=\"og:image\" content=\"http:\/\/unaymilletras.com\/wp-content\/uploads\/2025\/06\/w660_1314429_picture1fdsv.jpg\" \/>\n\t<meta property=\"og:image:width\" content=\"660\" \/>\n\t<meta property=\"og:image:height\" content=\"884\" \/>\n\t<meta property=\"og:image:type\" content=\"image\/jpeg\" \/>\n<meta name=\"author\" content=\"Redacci\u00f3n\" \/>\n<meta name=\"twitter:card\" content=\"summary_large_image\" \/>\n<meta name=\"twitter:creator\" content=\"@UnaYMilLetras\" \/>\n<meta name=\"twitter:site\" content=\"@UnaYMilLetras\" \/>\n<meta name=\"twitter:label1\" content=\"Written by\" \/>\n\t<meta name=\"twitter:data1\" content=\"Redacci\u00f3n\" \/>\n\t<meta name=\"twitter:label2\" content=\"Estimated reading time\" \/>\n\t<meta name=\"twitter:data2\" content=\"3 minutes\" \/>\n<script type=\"application\/ld+json\" class=\"yoast-schema-graph\">{\"@context\":\"https:\\\/\\\/schema.org\",\"@graph\":[{\"@type\":\"Article\",\"@id\":\"https:\\\/\\\/unaymilletras.com\\\/feid-lanza-ferxxo-vol-x-sagrado\\\/#article\",\"isPartOf\":{\"@id\":\"https:\\\/\\\/unaymilletras.com\\\/feid-lanza-ferxxo-vol-x-sagrado\\\/\"},\"author\":{\"name\":\"Redacci\u00f3n\",\"@id\":\"http:\\\/\\\/unaymilletras.com\\\/#\\\/schema\\\/person\\\/0860dc8a218329991ee2c7591f4f849d\"},\"headline\":\"Feid lanza \u2018FERXXO VOL X: Sagrado\u2019\",\"datePublished\":\"2025-06-15T12:08:54+00:00\",\"dateModified\":\"2025-06-15T12:10:57+00:00\",\"mainEntityOfPage\":{\"@id\":\"https:\\\/\\\/unaymilletras.com\\\/feid-lanza-ferxxo-vol-x-sagrado\\\/\"},\"wordCount\":463,\"publisher\":{\"@id\":\"http:\\\/\\\/unaymilletras.com\\\/#organization\"},\"image\":{\"@id\":\"https:\\\/\\\/unaymilletras.com\\\/feid-lanza-ferxxo-vol-x-sagrado\\\/#primaryimage\"},\"thumbnailUrl\":\"https:\\\/\\\/unaymilletras.com\\\/wp-content\\\/uploads\\\/2025\\\/06\\\/w660_1314429_picture1fdsv.jpg\",\"articleSection\":[\"M\u00fasica\"],\"inLanguage\":\"en-GB\"},{\"@type\":\"WebPage\",\"@id\":\"https:\\\/\\\/unaymilletras.com\\\/feid-lanza-ferxxo-vol-x-sagrado\\\/\",\"url\":\"https:\\\/\\\/unaymilletras.com\\\/feid-lanza-ferxxo-vol-x-sagrado\\\/\",\"name\":\"Feid lanza \u2018FERXXO VOL X: Sagrado\u2019\",\"isPartOf\":{\"@id\":\"http:\\\/\\\/unaymilletras.com\\\/#website\"},\"primaryImageOfPage\":{\"@id\":\"https:\\\/\\\/unaymilletras.com\\\/feid-lanza-ferxxo-vol-x-sagrado\\\/#primaryimage\"},\"image\":{\"@id\":\"https:\\\/\\\/unaymilletras.com\\\/feid-lanza-ferxxo-vol-x-sagrado\\\/#primaryimage\"},\"thumbnailUrl\":\"https:\\\/\\\/unaymilletras.com\\\/wp-content\\\/uploads\\\/2025\\\/06\\\/w660_1314429_picture1fdsv.jpg\",\"datePublished\":\"2025-06-15T12:08:54+00:00\",\"dateModified\":\"2025-06-15T12:10:57+00:00\",\"description\":\"El nuevo \u00e1lbum de Feid celebra su evoluci\u00f3n art\u00edstica y marca el arranque de una temporada de verano cargada de m\u00fasica\",\"breadcrumb\":{\"@id\":\"https:\\\/\\\/unaymilletras.com\\\/feid-lanza-ferxxo-vol-x-sagrado\\\/#breadcrumb\"},\"inLanguage\":\"en-GB\",\"potentialAction\":[{\"@type\":\"ReadAction\",\"target\":[\"https:\\\/\\\/unaymilletras.com\\\/feid-lanza-ferxxo-vol-x-sagrado\\\/\"]}]},{\"@type\":\"ImageObject\",\"inLanguage\":\"en-GB\",\"@id\":\"https:\\\/\\\/unaymilletras.com\\\/feid-lanza-ferxxo-vol-x-sagrado\\\/#primaryimage\",\"url\":\"https:\\\/\\\/unaymilletras.com\\\/wp-content\\\/uploads\\\/2025\\\/06\\\/w660_1314429_picture1fdsv.jpg\",\"contentUrl\":\"https:\\\/\\\/unaymilletras.com\\\/wp-content\\\/uploads\\\/2025\\\/06\\\/w660_1314429_picture1fdsv.jpg\",\"width\":660,\"height\":884,\"caption\":\"Feid\"},{\"@type\":\"BreadcrumbList\",\"@id\":\"https:\\\/\\\/unaymilletras.com\\\/feid-lanza-ferxxo-vol-x-sagrado\\\/#breadcrumb\",\"itemListElement\":[{\"@type\":\"ListItem\",\"position\":1,\"name\":\"Home\",\"item\":\"http:\\\/\\\/unaymilletras.com\\\/\"},{\"@type\":\"ListItem\",\"position\":2,\"name\":\"Feid lanza \u2018FERXXO VOL X: Sagrado\u2019\"}]},{\"@type\":\"WebSite\",\"@id\":\"http:\\\/\\\/unaymilletras.com\\\/#website\",\"url\":\"http:\\\/\\\/unaymilletras.com\\\/\",\"name\":\"Una y Mil Letras\",\"description\":\"\",\"publisher\":{\"@id\":\"http:\\\/\\\/unaymilletras.com\\\/#organization\"},\"potentialAction\":[{\"@type\":\"SearchAction\",\"target\":{\"@type\":\"EntryPoint\",\"urlTemplate\":\"http:\\\/\\\/unaymilletras.com\\\/?s={search_term_string}\"},\"query-input\":{\"@type\":\"PropertyValueSpecification\",\"valueRequired\":true,\"valueName\":\"search_term_string\"}}],\"inLanguage\":\"en-GB\"},{\"@type\":\"Organization\",\"@id\":\"http:\\\/\\\/unaymilletras.com\\\/#organization\",\"name\":\"Una y Mil Letras\",\"url\":\"http:\\\/\\\/unaymilletras.com\\\/\",\"logo\":{\"@type\":\"ImageObject\",\"inLanguage\":\"en-GB\",\"@id\":\"http:\\\/\\\/unaymilletras.com\\\/#\\\/schema\\\/logo\\\/image\\\/\",\"url\":\"https:\\\/\\\/unaymilletras.com\\\/wp-content\\\/uploads\\\/2024\\\/06\\\/cropped-Logo-removebg-preview.png\",\"contentUrl\":\"https:\\\/\\\/unaymilletras.com\\\/wp-content\\\/uploads\\\/2024\\\/06\\\/cropped-Logo-removebg-preview.png\",\"width\":512,\"height\":512,\"caption\":\"Una y Mil Letras\"},\"image\":{\"@id\":\"http:\\\/\\\/unaymilletras.com\\\/#\\\/schema\\\/logo\\\/image\\\/\"},\"sameAs\":[\"https:\\\/\\\/x.com\\\/UnaYMilLetras\",\"https:\\\/\\\/instagram.com\\\/UnaYMilLetras\"]},{\"@type\":\"Person\",\"@id\":\"http:\\\/\\\/unaymilletras.com\\\/#\\\/schema\\\/person\\\/0860dc8a218329991ee2c7591f4f849d\",\"name\":\"Redacci\u00f3n\",\"image\":{\"@type\":\"ImageObject\",\"inLanguage\":\"en-GB\",\"@id\":\"https:\\\/\\\/secure.gravatar.com\\\/avatar\\\/d8f55e05a8b6597e45c55a1dcbdbfe44f4a360d88b48e00de5216a79b7732796?s=96&d=mm&r=g\",\"url\":\"https:\\\/\\\/secure.gravatar.com\\\/avatar\\\/d8f55e05a8b6597e45c55a1dcbdbfe44f4a360d88b48e00de5216a79b7732796?s=96&d=mm&r=g\",\"contentUrl\":\"https:\\\/\\\/secure.gravatar.com\\\/avatar\\\/d8f55e05a8b6597e45c55a1dcbdbfe44f4a360d88b48e00de5216a79b7732796?s=96&d=mm&r=g\",\"caption\":\"Redacci\u00f3n\"},\"url\":\"https:\\\/\\\/unaymilletras.com\\\/en\\\/author\\\/redaccion\\\/\"}]}<\/script>\n<!-- \/ Yoast SEO plugin. -->","yoast_head_json":{"title":"Feid lanza \u2018FERXXO VOL X: Sagrado\u2019","description":"El nuevo \u00e1lbum de Feid celebra su evoluci\u00f3n art\u00edstica y marca el arranque de una temporada de verano cargada de m\u00fasica","robots":{"index":"index","follow":"follow","max-snippet":"max-snippet:-1","max-image-preview":"max-image-preview:large","max-video-preview":"max-video-preview:-1"},"canonical":"https:\/\/unaymilletras.com\/en\/feid-lanza-ferxxo-vol-x-sagrado\/","og_locale":"en_GB","og_type":"article","og_title":"Feid lanza \u2018FERXXO VOL X: Sagrado\u2019","og_description":"El nuevo \u00e1lbum de Feid celebra su evoluci\u00f3n art\u00edstica y marca el arranque de una temporada de verano cargada de m\u00fasica","og_url":"https:\/\/unaymilletras.com\/en\/feid-lanza-ferxxo-vol-x-sagrado\/","og_site_name":"Una y Mil Letras","article_published_time":"2025-06-15T12:08:54+00:00","article_modified_time":"2025-06-15T12:10:57+00:00","og_image":[{"width":660,"height":884,"url":"http:\/\/unaymilletras.com\/wp-content\/uploads\/2025\/06\/w660_1314429_picture1fdsv.jpg","type":"image\/jpeg"}],"author":"Redacci\u00f3n","twitter_card":"summary_large_image","twitter_creator":"@UnaYMilLetras","twitter_site":"@UnaYMilLetras","twitter_misc":{"Written by":"Redacci\u00f3n","Estimated reading time":"3 minutes"},"schema":{"@context":"https:\/\/schema.org","@graph":[{"@type":"Article","@id":"https:\/\/unaymilletras.com\/feid-lanza-ferxxo-vol-x-sagrado\/#article","isPartOf":{"@id":"https:\/\/unaymilletras.com\/feid-lanza-ferxxo-vol-x-sagrado\/"},"author":{"name":"Redacci\u00f3n","@id":"http:\/\/unaymilletras.com\/#\/schema\/person\/0860dc8a218329991ee2c7591f4f849d"},"headline":"Feid lanza \u2018FERXXO VOL X: Sagrado\u2019","datePublished":"2025-06-15T12:08:54+00:00","dateModified":"2025-06-15T12:10:57+00:00","mainEntityOfPage":{"@id":"https:\/\/unaymilletras.com\/feid-lanza-ferxxo-vol-x-sagrado\/"},"wordCount":463,"publisher":{"@id":"http:\/\/unaymilletras.com\/#organization"},"image":{"@id":"https:\/\/unaymilletras.com\/feid-lanza-ferxxo-vol-x-sagrado\/#primaryimage"},"thumbnailUrl":"https:\/\/unaymilletras.com\/wp-content\/uploads\/2025\/06\/w660_1314429_picture1fdsv.jpg","articleSection":["M\u00fasica"],"inLanguage":"en-GB"},{"@type":"WebPage","@id":"https:\/\/unaymilletras.com\/feid-lanza-ferxxo-vol-x-sagrado\/","url":"https:\/\/unaymilletras.com\/feid-lanza-ferxxo-vol-x-sagrado\/","name":"Feid lanza \u2018FERXXO VOL X: Sagrado\u2019","isPartOf":{"@id":"http:\/\/unaymilletras.com\/#website"},"primaryImageOfPage":{"@id":"https:\/\/unaymilletras.com\/feid-lanza-ferxxo-vol-x-sagrado\/#primaryimage"},"image":{"@id":"https:\/\/unaymilletras.com\/feid-lanza-ferxxo-vol-x-sagrado\/#primaryimage"},"thumbnailUrl":"https:\/\/unaymilletras.com\/wp-content\/uploads\/2025\/06\/w660_1314429_picture1fdsv.jpg","datePublished":"2025-06-15T12:08:54+00:00","dateModified":"2025-06-15T12:10:57+00:00","description":"El nuevo \u00e1lbum de Feid celebra su evoluci\u00f3n art\u00edstica y marca el arranque de una temporada de verano cargada de m\u00fasica","breadcrumb":{"@id":"https:\/\/unaymilletras.com\/feid-lanza-ferxxo-vol-x-sagrado\/#breadcrumb"},"inLanguage":"en-GB","potentialAction":[{"@type":"ReadAction","target":["https:\/\/unaymilletras.com\/feid-lanza-ferxxo-vol-x-sagrado\/"]}]},{"@type":"ImageObject","inLanguage":"en-GB","@id":"https:\/\/unaymilletras.com\/feid-lanza-ferxxo-vol-x-sagrado\/#primaryimage","url":"https:\/\/unaymilletras.com\/wp-content\/uploads\/2025\/06\/w660_1314429_picture1fdsv.jpg","contentUrl":"https:\/\/unaymilletras.com\/wp-content\/uploads\/2025\/06\/w660_1314429_picture1fdsv.jpg","width":660,"height":884,"caption":"Feid"},{"@type":"BreadcrumbList","@id":"https:\/\/unaymilletras.com\/feid-lanza-ferxxo-vol-x-sagrado\/#breadcrumb","itemListElement":[{"@type":"ListItem","position":1,"name":"Home","item":"http:\/\/unaymilletras.com\/"},{"@type":"ListItem","position":2,"name":"Feid lanza \u2018FERXXO VOL X: Sagrado\u2019"}]},{"@type":"WebSite","@id":"http:\/\/unaymilletras.com\/#website","url":"http:\/\/unaymilletras.com\/","name":"Una y Mil Letras","description":"","publisher":{"@id":"http:\/\/unaymilletras.com\/#organization"},"potentialAction":[{"@type":"SearchAction","target":{"@type":"EntryPoint","urlTemplate":"http:\/\/unaymilletras.com\/?s={search_term_string}"},"query-input":{"@type":"PropertyValueSpecification","valueRequired":true,"valueName":"search_term_string"}}],"inLanguage":"en-GB"},{"@type":"Organization","@id":"http:\/\/unaymilletras.com\/#organization","name":"Una y Mil Letras","url":"http:\/\/unaymilletras.com\/","logo":{"@type":"ImageObject","inLanguage":"en-GB","@id":"http:\/\/unaymilletras.com\/#\/schema\/logo\/image\/","url":"https:\/\/unaymilletras.com\/wp-content\/uploads\/2024\/06\/cropped-Logo-removebg-preview.png","contentUrl":"https:\/\/unaymilletras.com\/wp-content\/uploads\/2024\/06\/cropped-Logo-removebg-preview.png","width":512,"height":512,"caption":"Una y Mil Letras"},"image":{"@id":"http:\/\/unaymilletras.com\/#\/schema\/logo\/image\/"},"sameAs":["https:\/\/x.com\/UnaYMilLetras","https:\/\/instagram.com\/UnaYMilLetras"]},{"@type":"Person","@id":"http:\/\/unaymilletras.com\/#\/schema\/person\/0860dc8a218329991ee2c7591f4f849d","name":"Redacci\u00f3n","image":{"@type":"ImageObject","inLanguage":"en-GB","@id":"https:\/\/secure.gravatar.com\/avatar\/d8f55e05a8b6597e45c55a1dcbdbfe44f4a360d88b48e00de5216a79b7732796?s=96&d=mm&r=g","url":"https:\/\/secure.gravatar.com\/avatar\/d8f55e05a8b6597e45c55a1dcbdbfe44f4a360d88b48e00de5216a79b7732796?s=96&d=mm&r=g","contentUrl":"https:\/\/secure.gravatar.com\/avatar\/d8f55e05a8b6597e45c55a1dcbdbfe44f4a360d88b48e00de5216a79b7732796?s=96&d=mm&r=g","caption":"Redacci\u00f3n"},"url":"https:\/\/unaymilletras.com\/en\/author\/redaccion\/"}]}},"_links":{"self":[{"href":"https:\/\/unaymilletras.com\/en\/wp-json\/wp\/v2\/posts\/5046","targetHints":{"allow":["GET"]}}],"collection":[{"href":"https:\/\/unaymilletras.com\/en\/wp-json\/wp\/v2\/posts"}],"about":[{"href":"https:\/\/unaymilletras.com\/en\/wp-json\/wp\/v2\/types\/post"}],"author":[{"embeddable":true,"href":"https:\/\/unaymilletras.com\/en\/wp-json\/wp\/v2\/users\/6"}],"replies":[{"embeddable":true,"href":"https:\/\/unaymilletras.com\/en\/wp-json\/wp\/v2\/comments?post=5046"}],"version-history":[{"count":7,"href":"https:\/\/unaymilletras.com\/en\/wp-json\/wp\/v2\/posts\/5046\/revisions"}],"predecessor-version":[{"id":5054,"href":"https:\/\/unaymilletras.com\/en\/wp-json\/wp\/v2\/posts\/5046\/revisions\/5054"}],"wp:featuredmedia":[{"embeddable":true,"href":"https:\/\/unaymilletras.com\/en\/wp-json\/wp\/v2\/media\/5048"}],"wp:attachment":[{"href":"https:\/\/unaymilletras.com\/en\/wp-json\/wp\/v2\/media?parent=5046"}],"wp:term":[{"taxonomy":"category","embeddable":true,"href":"https:\/\/unaymilletras.com\/en\/wp-json\/wp\/v2\/categories?post=5046"},{"taxonomy":"post_tag","embeddable":true,"href":"https:\/\/unaymilletras.com\/en\/wp-json\/wp\/v2\/tags?post=5046"}],"curies":[{"name":"wp","href":"https:\/\/api.w.org\/{rel}","templated":true}]}}