{"id":5055,"date":"2025-06-16T13:17:01","date_gmt":"2025-06-16T11:17:01","guid":{"rendered":"https:\/\/unaymilletras.com\/?p=5055"},"modified":"2025-06-16T14:48:05","modified_gmt":"2025-06-16T12:48:05","slug":"imagine-dragons-a-punto-de-aterrizar-con-su-gira-de-estadios-en-europa","status":"publish","type":"post","link":"https:\/\/unaymilletras.com\/en\/imagine-dragons-a-punto-de-aterrizar-con-su-gira-de-estadios-en-europa\/","title":{"rendered":"Imagine Dragons a punto de aterrizar con su gira de estadios en Europa"},"content":{"rendered":"<div data-elementor-type=\"wp-post\" data-elementor-id=\"5055\" class=\"elementor elementor-5055\">\n\t\t\t\t\t\t<section class=\"elementor-section elementor-top-section elementor-element elementor-element-d08f75f elementor-section-boxed elementor-section-height-default elementor-section-height-default\" data-id=\"d08f75f\" data-element_type=\"section\" data-e-type=\"section\">\n\t\t\t\t\t\t<div class=\"elementor-container elementor-column-gap-default\">\n\t\t\t\t\t<div class=\"elementor-column elementor-col-100 elementor-top-column elementor-element elementor-element-9134237\" data-id=\"9134237\" data-element_type=\"column\" data-e-type=\"column\">\n\t\t\t<div class=\"elementor-widget-wrap elementor-element-populated\">\n\t\t\t\t\t\t<div class=\"elementor-element elementor-element-5cc65a3 elementor-widget elementor-widget-text-editor\" data-id=\"5cc65a3\" data-element_type=\"widget\" data-e-type=\"widget\" data-widget_type=\"text-editor.default\">\n\t\t\t\t<div class=\"elementor-widget-container\">\n\t\t\t\t\t\t\t\t\t<h2 style=\"text-align: center;\"><span style=\"color: #808080;\"><em>La banda Imagine Dragons presentar\u00e1 su nuevo \u00e1lbum \u2018LOOM\u2019 el 28 de junio en Madrid y el 1 de julio en Barcelona<\/em><\/span><\/h2>\t\t\t\t\t\t\t\t<\/div>\n\t\t\t\t<\/div>\n\t\t\t\t\t<\/div>\n\t\t<\/div>\n\t\t\t\t\t<\/div>\n\t\t<\/section>\n\t\t\t\t<section class=\"elementor-section elementor-top-section elementor-element elementor-element-9f6c694 elementor-section-boxed elementor-section-height-default elementor-section-height-default\" data-id=\"9f6c694\" data-element_type=\"section\" data-e-type=\"section\">\n\t\t\t\t\t\t<div class=\"elementor-container elementor-column-gap-default\">\n\t\t\t\t\t<div class=\"elementor-column elementor-col-100 elementor-top-column elementor-element elementor-element-1c45998\" data-id=\"1c45998\" data-element_type=\"column\" data-e-type=\"column\">\n\t\t\t<div class=\"elementor-widget-wrap elementor-element-populated\">\n\t\t\t\t\t\t<div class=\"elementor-element elementor-element-3339310 elementor-widget elementor-widget-text-editor\" data-id=\"3339310\" data-element_type=\"widget\" data-e-type=\"widget\" data-widget_type=\"text-editor.default\">\n\t\t\t\t<div class=\"elementor-widget-container\">\n\t\t\t\t\t\t\t\t\t<p data-start=\"194\" data-end=\"541\"><strong>Imagine Dragons<\/strong> aterrizar\u00e1 en Espa\u00f1a en plena forma. Actuar\u00e1n el<strong> 28 de junio<\/strong> en el <strong>Estadio Metropolitano<\/strong> de Madrid y el <strong>1 de julio<\/strong> en el Estadi Ol\u00edmpic de Barcelona. Las fechas forman parte de la etapa europea de su <em data-start=\"458\" data-end=\"480\">LOOM World Tour 2025<\/em>, la primera gira de estadios de su carrera en el continente.<\/p><p data-start=\"543\" data-end=\"820\">El grupo recorrer\u00e1 16 pa\u00edses, entre ellos Francia, Italia y Pa\u00edses Bajos. En Espa\u00f1a, los conciertos prometen ser eventos hist\u00f3ricos con capacidad para decenas de miles de fans. Las entradas salieron a la venta en septiembre y han generado una enorme expectaci\u00f3n desde entonces.<\/p>\t\t\t\t\t\t\t\t<\/div>\n\t\t\t\t<\/div>\n\t\t\t\t\t<\/div>\n\t\t<\/div>\n\t\t\t\t\t<\/div>\n\t\t<\/section>\n\t\t\t\t<section class=\"elementor-section elementor-top-section elementor-element elementor-element-4a1131a elementor-section-boxed elementor-section-height-default elementor-section-height-default\" data-id=\"4a1131a\" data-element_type=\"section\" data-e-type=\"section\">\n\t\t\t\t\t\t<div class=\"elementor-container elementor-column-gap-default\">\n\t\t\t\t\t<div class=\"elementor-column elementor-col-100 elementor-top-column elementor-element elementor-element-408e696\" data-id=\"408e696\" data-element_type=\"column\" data-e-type=\"column\">\n\t\t\t<div class=\"elementor-widget-wrap elementor-element-populated\">\n\t\t\t\t\t\t<div class=\"elementor-element elementor-element-ac9d5bd elementor-widget elementor-widget-image\" data-id=\"ac9d5bd\" data-element_type=\"widget\" data-e-type=\"widget\" data-widget_type=\"image.default\">\n\t\t\t\t<div class=\"elementor-widget-container\">\n\t\t\t\t\t\t\t\t\t\t\t\t\t\t\t<img fetchpriority=\"high\" decoding=\"async\" width=\"640\" height=\"310\" src=\"https:\/\/unaymilletras.com\/wp-content\/uploads\/2025\/06\/ID-AA-Cartel-Base-H-1024x496.jpg\" class=\"attachment-large size-large wp-image-5057\" alt=\"Imagine Dragons\" srcset=\"https:\/\/unaymilletras.com\/wp-content\/uploads\/2025\/06\/ID-AA-Cartel-Base-H-1024x496.jpg 1024w, https:\/\/unaymilletras.com\/wp-content\/uploads\/2025\/06\/ID-AA-Cartel-Base-H-300x145.jpg 300w, https:\/\/unaymilletras.com\/wp-content\/uploads\/2025\/06\/ID-AA-Cartel-Base-H-768x372.jpg 768w, https:\/\/unaymilletras.com\/wp-content\/uploads\/2025\/06\/ID-AA-Cartel-Base-H-1536x745.jpg 1536w, https:\/\/unaymilletras.com\/wp-content\/uploads\/2025\/06\/ID-AA-Cartel-Base-H-2048x993.jpg 2048w, https:\/\/unaymilletras.com\/wp-content\/uploads\/2025\/06\/ID-AA-Cartel-Base-H-18x9.jpg 18w, https:\/\/unaymilletras.com\/wp-content\/uploads\/2025\/06\/ID-AA-Cartel-Base-H-scaled-e1750072482250.jpg 600w\" sizes=\"(max-width: 640px) 100vw, 640px\" \/>\t\t\t\t\t\t\t\t\t\t\t\t\t\t\t<\/div>\n\t\t\t\t<\/div>\n\t\t\t\t\t<\/div>\n\t\t<\/div>\n\t\t\t\t\t<\/div>\n\t\t<\/section>\n\t\t\t\t<section class=\"elementor-section elementor-top-section elementor-element elementor-element-2da638e elementor-section-boxed elementor-section-height-default elementor-section-height-default\" data-id=\"2da638e\" data-element_type=\"section\" data-e-type=\"section\">\n\t\t\t\t\t\t<div class=\"elementor-container elementor-column-gap-default\">\n\t\t\t\t\t<div class=\"elementor-column elementor-col-100 elementor-top-column elementor-element elementor-element-4eba000\" data-id=\"4eba000\" data-element_type=\"column\" data-e-type=\"column\">\n\t\t\t<div class=\"elementor-widget-wrap elementor-element-populated\">\n\t\t\t\t\t\t<div class=\"elementor-element elementor-element-cbbe268 elementor-widget elementor-widget-text-editor\" data-id=\"cbbe268\" data-element_type=\"widget\" data-e-type=\"widget\" data-widget_type=\"text-editor.default\">\n\t\t\t\t<div class=\"elementor-widget-container\">\n\t\t\t\t\t\t\t\t\t<p data-start=\"822\" data-end=\"1081\">La gira lleva el nombre de su sexto \u00e1lbum de estudio, <em data-start=\"876\" data-end=\"882\">LOOM<\/em>, lanzado a comienzos del verano de 2025. El disco ha sido muy bien recibido por cr\u00edtica y p\u00fablico. En Espa\u00f1a alcanz\u00f3 el n\u00famero cuatro en listas y ha confirmado el gran momento art\u00edstico de la banda.<\/p><p data-start=\"1083\" data-end=\"1390\">Producido junto a los suecos Mattman y Robin, <em data-start=\"1129\" data-end=\"1135\">LOOM<\/em> combina los sonidos cl\u00e1sicos de Imagine Dragons con una nueva frescura. El resultado es un \u00e1lbum vibrante que marca una evoluci\u00f3n sin perder la esencia que los hizo grandes. Canciones como <em>Nice to Meet You<\/em> y <em>Wake Up<\/em>\u00a0ya son himnos para sus seguidores.<\/p><p data-start=\"1392\" data-end=\"1671\">Durante la gira, los fans podr\u00e1n disfrutar de experiencias VIP exclusivas. Entre ellas, habr\u00e1 oportunidades \u00fanicas como obtener guitarras firmadas, merchandising especial o fotos en el escenario. Los paquetes incluyen tambi\u00e9n acceso prioritario y contenido digital personalizado.<\/p><p data-start=\"1673\" data-end=\"1934\">Con m\u00e1s de 74 millones de \u00e1lbumes vendidos y m\u00e1s de 160 mil millones de reproducciones, Imagine Dragons es una de las bandas m\u00e1s importantes del siglo XXI. Han sido capaces de llenar estadios y romper r\u00e9cords mientras manten\u00edan una conexi\u00f3n real con su p\u00fablico.<\/p>\t\t\t\t\t\t\t\t<\/div>\n\t\t\t\t<\/div>\n\t\t\t\t\t<\/div>\n\t\t<\/div>\n\t\t\t\t\t<\/div>\n\t\t<\/section>\n\t\t\t\t<section class=\"elementor-section elementor-top-section elementor-element elementor-element-a322240 elementor-section-boxed elementor-section-height-default elementor-section-height-default\" data-id=\"a322240\" data-element_type=\"section\" data-e-type=\"section\">\n\t\t\t\t\t\t<div class=\"elementor-container elementor-column-gap-default\">\n\t\t\t\t\t<div class=\"elementor-column elementor-col-100 elementor-top-column elementor-element elementor-element-0441df3\" data-id=\"0441df3\" data-element_type=\"column\" data-e-type=\"column\">\n\t\t\t<div class=\"elementor-widget-wrap elementor-element-populated\">\n\t\t\t\t\t\t<div class=\"elementor-element elementor-element-b8f9bc2 elementor-widget elementor-widget-image\" data-id=\"b8f9bc2\" data-element_type=\"widget\" data-e-type=\"widget\" data-widget_type=\"image.default\">\n\t\t\t\t<div class=\"elementor-widget-container\">\n\t\t\t\t\t\t\t\t\t\t\t\t\t\t\t<img decoding=\"async\" width=\"640\" height=\"427\" src=\"https:\/\/unaymilletras.com\/wp-content\/uploads\/2025\/06\/ImagineDragons-photo-2024-031224_03_0393-1024x683.jpg\" class=\"attachment-large size-large wp-image-5058\" alt=\"\" srcset=\"https:\/\/unaymilletras.com\/wp-content\/uploads\/2025\/06\/ImagineDragons-photo-2024-031224_03_0393-1024x683.jpg 1024w, https:\/\/unaymilletras.com\/wp-content\/uploads\/2025\/06\/ImagineDragons-photo-2024-031224_03_0393-300x200.jpg 300w, https:\/\/unaymilletras.com\/wp-content\/uploads\/2025\/06\/ImagineDragons-photo-2024-031224_03_0393-768x512.jpg 768w, https:\/\/unaymilletras.com\/wp-content\/uploads\/2025\/06\/ImagineDragons-photo-2024-031224_03_0393-1536x1024.jpg 1536w, https:\/\/unaymilletras.com\/wp-content\/uploads\/2025\/06\/ImagineDragons-photo-2024-031224_03_0393-2048x1366.jpg 2048w, https:\/\/unaymilletras.com\/wp-content\/uploads\/2025\/06\/ImagineDragons-photo-2024-031224_03_0393-18x12.jpg 18w, https:\/\/unaymilletras.com\/wp-content\/uploads\/2025\/06\/ImagineDragons-photo-2024-031224_03_0393-e1750072709499.jpg 600w\" sizes=\"(max-width: 640px) 100vw, 640px\" \/>\t\t\t\t\t\t\t\t\t\t\t\t\t\t\t<\/div>\n\t\t\t\t<\/div>\n\t\t\t\t\t<\/div>\n\t\t<\/div>\n\t\t\t\t\t<\/div>\n\t\t<\/section>\n\t\t\t\t<section class=\"elementor-section elementor-top-section elementor-element elementor-element-20b0292 elementor-section-boxed elementor-section-height-default elementor-section-height-default\" data-id=\"20b0292\" data-element_type=\"section\" data-e-type=\"section\">\n\t\t\t\t\t\t<div class=\"elementor-container elementor-column-gap-default\">\n\t\t\t\t\t<div class=\"elementor-column elementor-col-100 elementor-top-column elementor-element elementor-element-1e35b04\" data-id=\"1e35b04\" data-element_type=\"column\" data-e-type=\"column\">\n\t\t\t<div class=\"elementor-widget-wrap elementor-element-populated\">\n\t\t\t\t\t\t<div class=\"elementor-element elementor-element-17395e4 elementor-widget elementor-widget-text-editor\" data-id=\"17395e4\" data-element_type=\"widget\" data-e-type=\"widget\" data-widget_type=\"text-editor.default\">\n\t\t\t\t<div class=\"elementor-widget-container\">\n\t\t\t\t\t\t\t\t\t<p data-start=\"1936\" data-end=\"2192\">\u00c9xitos como <em data-start=\"1948\" data-end=\"1961\">Radioactive<\/em>, <em data-start=\"1963\" data-end=\"1971\">Demons<\/em> o <em data-start=\"1974\" data-end=\"1984\">Believer<\/em> los convirtieron en referentes globales del rock alternativo. Tambi\u00e9n han colaborado con artistas como Kendrick Lamar, Hans Zimmer o Lil Wayne. Sus videoclips superan miles de millones de visitas en YouTube.<\/p><p data-start=\"2194\" data-end=\"2449\">En los \u00faltimos a\u00f1os, la banda ha mantenido un fuerte compromiso social. Su vocalista, Dan Reynolds, lidera iniciativas como la <em data-start=\"2321\" data-end=\"2342\">LOVELOUD Foundation<\/em>, centrada en apoyar a j\u00f3venes LGBTQ+. Adem\u00e1s, son embajadores oficiales de <em data-start=\"2418\" data-end=\"2429\">UNITED 24<\/em> en ayuda a Ucrania.<\/p><p data-start=\"2451\" data-end=\"2738\" data-is-last-node=\"\" data-is-only-node=\"\">Imagine Dragons llega a Madrid y Barcelona en uno de sus momentos m\u00e1s brillantes. Ser\u00e1 la primera vez que act\u00faan en estadios espa\u00f1oles como parte de una gira mundial. Lo har\u00e1n con un show audiovisual deslumbrante, grandes himnos y un mensaje claro: el rock todav\u00eda puede llenar estadios.<\/p>\t\t\t\t\t\t\t\t<\/div>\n\t\t\t\t<\/div>\n\t\t\t\t\t<\/div>\n\t\t<\/div>\n\t\t\t\t\t<\/div>\n\t\t<\/section>\n\t\t\t\t<\/div>","protected":false},"excerpt":{"rendered":"<p>La banda Imagine Dragons presentar\u00e1 su nuevo \u00e1lbum \u2018LOOM\u2019 el 28 de junio en Madrid y el 1 de julio en Barcelona Imagine Dragons aterrizar\u00e1 en Espa\u00f1a en plena forma. Actuar\u00e1n el 28 de junio en el Estadio Metropolitano de Madrid y el 1 de julio en el Estadi Ol\u00edmpic de Barcelona. Las fechas forman [&hellip;]<\/p>\n","protected":false},"author":6,"featured_media":5058,"comment_status":"closed","ping_status":"closed","sticky":false,"template":"","format":"standard","meta":{"footnotes":""},"categories":[4],"tags":[],"class_list":["post-5055","post","type-post","status-publish","format-standard","has-post-thumbnail","hentry","category-musica"],"yoast_head":"<!-- This site is optimized with the Yoast SEO plugin v27.4 - https:\/\/yoast.com\/product\/yoast-seo-wordpress\/ -->\n<title>Imagine Dragons a punto de aterrizar con su gira de estadios en Europa<\/title>\n<meta name=\"description\" content=\"La banda Imagine Dragons presentar\u00e1 su nuevo \u00e1lbum \u2018LOOM\u2019 el 28 de junio en Madrid y el 1 de julio en Barcelona\" \/>\n<meta name=\"robots\" content=\"index, follow, max-snippet:-1, max-image-preview:large, max-video-preview:-1\" \/>\n<link rel=\"canonical\" href=\"https:\/\/unaymilletras.com\/en\/imagine-dragons-a-punto-de-aterrizar-con-su-gira-de-estadios-en-europa\/\" \/>\n<meta property=\"og:locale\" content=\"en_GB\" \/>\n<meta property=\"og:type\" content=\"article\" \/>\n<meta property=\"og:title\" content=\"Imagine Dragons a punto de aterrizar con su gira de estadios en Europa\" \/>\n<meta property=\"og:description\" content=\"La banda Imagine Dragons presentar\u00e1 su nuevo \u00e1lbum \u2018LOOM\u2019 el 28 de junio en Madrid y el 1 de julio en Barcelona\" \/>\n<meta property=\"og:url\" content=\"https:\/\/unaymilletras.com\/en\/imagine-dragons-a-punto-de-aterrizar-con-su-gira-de-estadios-en-europa\/\" \/>\n<meta property=\"og:site_name\" content=\"Una y Mil Letras\" \/>\n<meta property=\"article:published_time\" content=\"2025-06-16T11:17:01+00:00\" \/>\n<meta property=\"article:modified_time\" content=\"2025-06-16T12:48:05+00:00\" \/>\n<meta property=\"og:image\" content=\"http:\/\/unaymilletras.com\/wp-content\/uploads\/2025\/06\/ImagineDragons-photo-2024-031224_03_0393-e1750072709499.jpg\" \/>\n\t<meta property=\"og:image:width\" content=\"600\" \/>\n\t<meta property=\"og:image:height\" content=\"400\" \/>\n\t<meta property=\"og:image:type\" content=\"image\/jpeg\" \/>\n<meta name=\"author\" content=\"Redacci\u00f3n\" \/>\n<meta name=\"twitter:card\" content=\"summary_large_image\" \/>\n<meta name=\"twitter:creator\" content=\"@UnaYMilLetras\" \/>\n<meta name=\"twitter:site\" content=\"@UnaYMilLetras\" \/>\n<meta name=\"twitter:label1\" content=\"Written by\" \/>\n\t<meta name=\"twitter:data1\" content=\"Redacci\u00f3n\" \/>\n\t<meta name=\"twitter:label2\" content=\"Estimated reading time\" \/>\n\t<meta name=\"twitter:data2\" content=\"3 minutes\" \/>\n<script type=\"application\/ld+json\" class=\"yoast-schema-graph\">{\"@context\":\"https:\\\/\\\/schema.org\",\"@graph\":[{\"@type\":\"Article\",\"@id\":\"https:\\\/\\\/unaymilletras.com\\\/imagine-dragons-a-punto-de-aterrizar-con-su-gira-de-estadios-en-europa\\\/#article\",\"isPartOf\":{\"@id\":\"https:\\\/\\\/unaymilletras.com\\\/imagine-dragons-a-punto-de-aterrizar-con-su-gira-de-estadios-en-europa\\\/\"},\"author\":{\"name\":\"Redacci\u00f3n\",\"@id\":\"http:\\\/\\\/unaymilletras.com\\\/#\\\/schema\\\/person\\\/0860dc8a218329991ee2c7591f4f849d\"},\"headline\":\"Imagine Dragons a punto de aterrizar con su gira de estadios en Europa\",\"datePublished\":\"2025-06-16T11:17:01+00:00\",\"dateModified\":\"2025-06-16T12:48:05+00:00\",\"mainEntityOfPage\":{\"@id\":\"https:\\\/\\\/unaymilletras.com\\\/imagine-dragons-a-punto-de-aterrizar-con-su-gira-de-estadios-en-europa\\\/\"},\"wordCount\":464,\"publisher\":{\"@id\":\"http:\\\/\\\/unaymilletras.com\\\/#organization\"},\"image\":{\"@id\":\"https:\\\/\\\/unaymilletras.com\\\/imagine-dragons-a-punto-de-aterrizar-con-su-gira-de-estadios-en-europa\\\/#primaryimage\"},\"thumbnailUrl\":\"https:\\\/\\\/unaymilletras.com\\\/wp-content\\\/uploads\\\/2025\\\/06\\\/ImagineDragons-photo-2024-031224_03_0393-e1750072709499.jpg\",\"articleSection\":[\"M\u00fasica\"],\"inLanguage\":\"en-GB\"},{\"@type\":\"WebPage\",\"@id\":\"https:\\\/\\\/unaymilletras.com\\\/imagine-dragons-a-punto-de-aterrizar-con-su-gira-de-estadios-en-europa\\\/\",\"url\":\"https:\\\/\\\/unaymilletras.com\\\/imagine-dragons-a-punto-de-aterrizar-con-su-gira-de-estadios-en-europa\\\/\",\"name\":\"Imagine Dragons a punto de aterrizar con su gira de estadios en Europa\",\"isPartOf\":{\"@id\":\"http:\\\/\\\/unaymilletras.com\\\/#website\"},\"primaryImageOfPage\":{\"@id\":\"https:\\\/\\\/unaymilletras.com\\\/imagine-dragons-a-punto-de-aterrizar-con-su-gira-de-estadios-en-europa\\\/#primaryimage\"},\"image\":{\"@id\":\"https:\\\/\\\/unaymilletras.com\\\/imagine-dragons-a-punto-de-aterrizar-con-su-gira-de-estadios-en-europa\\\/#primaryimage\"},\"thumbnailUrl\":\"https:\\\/\\\/unaymilletras.com\\\/wp-content\\\/uploads\\\/2025\\\/06\\\/ImagineDragons-photo-2024-031224_03_0393-e1750072709499.jpg\",\"datePublished\":\"2025-06-16T11:17:01+00:00\",\"dateModified\":\"2025-06-16T12:48:05+00:00\",\"description\":\"La banda Imagine Dragons presentar\u00e1 su nuevo \u00e1lbum \u2018LOOM\u2019 el 28 de junio en Madrid y el 1 de julio en Barcelona\",\"breadcrumb\":{\"@id\":\"https:\\\/\\\/unaymilletras.com\\\/imagine-dragons-a-punto-de-aterrizar-con-su-gira-de-estadios-en-europa\\\/#breadcrumb\"},\"inLanguage\":\"en-GB\",\"potentialAction\":[{\"@type\":\"ReadAction\",\"target\":[\"https:\\\/\\\/unaymilletras.com\\\/imagine-dragons-a-punto-de-aterrizar-con-su-gira-de-estadios-en-europa\\\/\"]}]},{\"@type\":\"ImageObject\",\"inLanguage\":\"en-GB\",\"@id\":\"https:\\\/\\\/unaymilletras.com\\\/imagine-dragons-a-punto-de-aterrizar-con-su-gira-de-estadios-en-europa\\\/#primaryimage\",\"url\":\"https:\\\/\\\/unaymilletras.com\\\/wp-content\\\/uploads\\\/2025\\\/06\\\/ImagineDragons-photo-2024-031224_03_0393-e1750072709499.jpg\",\"contentUrl\":\"https:\\\/\\\/unaymilletras.com\\\/wp-content\\\/uploads\\\/2025\\\/06\\\/ImagineDragons-photo-2024-031224_03_0393-e1750072709499.jpg\",\"width\":600,\"height\":400},{\"@type\":\"BreadcrumbList\",\"@id\":\"https:\\\/\\\/unaymilletras.com\\\/imagine-dragons-a-punto-de-aterrizar-con-su-gira-de-estadios-en-europa\\\/#breadcrumb\",\"itemListElement\":[{\"@type\":\"ListItem\",\"position\":1,\"name\":\"Home\",\"item\":\"http:\\\/\\\/unaymilletras.com\\\/\"},{\"@type\":\"ListItem\",\"position\":2,\"name\":\"Imagine Dragons a punto de aterrizar con su gira de estadios en Europa\"}]},{\"@type\":\"WebSite\",\"@id\":\"http:\\\/\\\/unaymilletras.com\\\/#website\",\"url\":\"http:\\\/\\\/unaymilletras.com\\\/\",\"name\":\"Una y Mil Letras\",\"description\":\"\",\"publisher\":{\"@id\":\"http:\\\/\\\/unaymilletras.com\\\/#organization\"},\"potentialAction\":[{\"@type\":\"SearchAction\",\"target\":{\"@type\":\"EntryPoint\",\"urlTemplate\":\"http:\\\/\\\/unaymilletras.com\\\/?s={search_term_string}\"},\"query-input\":{\"@type\":\"PropertyValueSpecification\",\"valueRequired\":true,\"valueName\":\"search_term_string\"}}],\"inLanguage\":\"en-GB\"},{\"@type\":\"Organization\",\"@id\":\"http:\\\/\\\/unaymilletras.com\\\/#organization\",\"name\":\"Una y Mil Letras\",\"url\":\"http:\\\/\\\/unaymilletras.com\\\/\",\"logo\":{\"@type\":\"ImageObject\",\"inLanguage\":\"en-GB\",\"@id\":\"http:\\\/\\\/unaymilletras.com\\\/#\\\/schema\\\/logo\\\/image\\\/\",\"url\":\"https:\\\/\\\/unaymilletras.com\\\/wp-content\\\/uploads\\\/2024\\\/06\\\/cropped-Logo-removebg-preview.png\",\"contentUrl\":\"https:\\\/\\\/unaymilletras.com\\\/wp-content\\\/uploads\\\/2024\\\/06\\\/cropped-Logo-removebg-preview.png\",\"width\":512,\"height\":512,\"caption\":\"Una y Mil Letras\"},\"image\":{\"@id\":\"http:\\\/\\\/unaymilletras.com\\\/#\\\/schema\\\/logo\\\/image\\\/\"},\"sameAs\":[\"https:\\\/\\\/x.com\\\/UnaYMilLetras\",\"https:\\\/\\\/instagram.com\\\/UnaYMilLetras\"]},{\"@type\":\"Person\",\"@id\":\"http:\\\/\\\/unaymilletras.com\\\/#\\\/schema\\\/person\\\/0860dc8a218329991ee2c7591f4f849d\",\"name\":\"Redacci\u00f3n\",\"image\":{\"@type\":\"ImageObject\",\"inLanguage\":\"en-GB\",\"@id\":\"https:\\\/\\\/secure.gravatar.com\\\/avatar\\\/d8f55e05a8b6597e45c55a1dcbdbfe44f4a360d88b48e00de5216a79b7732796?s=96&d=mm&r=g\",\"url\":\"https:\\\/\\\/secure.gravatar.com\\\/avatar\\\/d8f55e05a8b6597e45c55a1dcbdbfe44f4a360d88b48e00de5216a79b7732796?s=96&d=mm&r=g\",\"contentUrl\":\"https:\\\/\\\/secure.gravatar.com\\\/avatar\\\/d8f55e05a8b6597e45c55a1dcbdbfe44f4a360d88b48e00de5216a79b7732796?s=96&d=mm&r=g\",\"caption\":\"Redacci\u00f3n\"},\"url\":\"https:\\\/\\\/unaymilletras.com\\\/en\\\/author\\\/redaccion\\\/\"}]}<\/script>\n<!-- \/ Yoast SEO plugin. -->","yoast_head_json":{"title":"Imagine Dragons a punto de aterrizar con su gira de estadios en Europa","description":"La banda Imagine Dragons presentar\u00e1 su nuevo \u00e1lbum \u2018LOOM\u2019 el 28 de junio en Madrid y el 1 de julio en Barcelona","robots":{"index":"index","follow":"follow","max-snippet":"max-snippet:-1","max-image-preview":"max-image-preview:large","max-video-preview":"max-video-preview:-1"},"canonical":"https:\/\/unaymilletras.com\/en\/imagine-dragons-a-punto-de-aterrizar-con-su-gira-de-estadios-en-europa\/","og_locale":"en_GB","og_type":"article","og_title":"Imagine Dragons a punto de aterrizar con su gira de estadios en Europa","og_description":"La banda Imagine Dragons presentar\u00e1 su nuevo \u00e1lbum \u2018LOOM\u2019 el 28 de junio en Madrid y el 1 de julio en Barcelona","og_url":"https:\/\/unaymilletras.com\/en\/imagine-dragons-a-punto-de-aterrizar-con-su-gira-de-estadios-en-europa\/","og_site_name":"Una y Mil Letras","article_published_time":"2025-06-16T11:17:01+00:00","article_modified_time":"2025-06-16T12:48:05+00:00","og_image":[{"width":600,"height":400,"url":"http:\/\/unaymilletras.com\/wp-content\/uploads\/2025\/06\/ImagineDragons-photo-2024-031224_03_0393-e1750072709499.jpg","type":"image\/jpeg"}],"author":"Redacci\u00f3n","twitter_card":"summary_large_image","twitter_creator":"@UnaYMilLetras","twitter_site":"@UnaYMilLetras","twitter_misc":{"Written by":"Redacci\u00f3n","Estimated reading time":"3 minutes"},"schema":{"@context":"https:\/\/schema.org","@graph":[{"@type":"Article","@id":"https:\/\/unaymilletras.com\/imagine-dragons-a-punto-de-aterrizar-con-su-gira-de-estadios-en-europa\/#article","isPartOf":{"@id":"https:\/\/unaymilletras.com\/imagine-dragons-a-punto-de-aterrizar-con-su-gira-de-estadios-en-europa\/"},"author":{"name":"Redacci\u00f3n","@id":"http:\/\/unaymilletras.com\/#\/schema\/person\/0860dc8a218329991ee2c7591f4f849d"},"headline":"Imagine Dragons a punto de aterrizar con su gira de estadios en Europa","datePublished":"2025-06-16T11:17:01+00:00","dateModified":"2025-06-16T12:48:05+00:00","mainEntityOfPage":{"@id":"https:\/\/unaymilletras.com\/imagine-dragons-a-punto-de-aterrizar-con-su-gira-de-estadios-en-europa\/"},"wordCount":464,"publisher":{"@id":"http:\/\/unaymilletras.com\/#organization"},"image":{"@id":"https:\/\/unaymilletras.com\/imagine-dragons-a-punto-de-aterrizar-con-su-gira-de-estadios-en-europa\/#primaryimage"},"thumbnailUrl":"https:\/\/unaymilletras.com\/wp-content\/uploads\/2025\/06\/ImagineDragons-photo-2024-031224_03_0393-e1750072709499.jpg","articleSection":["M\u00fasica"],"inLanguage":"en-GB"},{"@type":"WebPage","@id":"https:\/\/unaymilletras.com\/imagine-dragons-a-punto-de-aterrizar-con-su-gira-de-estadios-en-europa\/","url":"https:\/\/unaymilletras.com\/imagine-dragons-a-punto-de-aterrizar-con-su-gira-de-estadios-en-europa\/","name":"Imagine Dragons a punto de aterrizar con su gira de estadios en Europa","isPartOf":{"@id":"http:\/\/unaymilletras.com\/#website"},"primaryImageOfPage":{"@id":"https:\/\/unaymilletras.com\/imagine-dragons-a-punto-de-aterrizar-con-su-gira-de-estadios-en-europa\/#primaryimage"},"image":{"@id":"https:\/\/unaymilletras.com\/imagine-dragons-a-punto-de-aterrizar-con-su-gira-de-estadios-en-europa\/#primaryimage"},"thumbnailUrl":"https:\/\/unaymilletras.com\/wp-content\/uploads\/2025\/06\/ImagineDragons-photo-2024-031224_03_0393-e1750072709499.jpg","datePublished":"2025-06-16T11:17:01+00:00","dateModified":"2025-06-16T12:48:05+00:00","description":"La banda Imagine Dragons presentar\u00e1 su nuevo \u00e1lbum \u2018LOOM\u2019 el 28 de junio en Madrid y el 1 de julio en Barcelona","breadcrumb":{"@id":"https:\/\/unaymilletras.com\/imagine-dragons-a-punto-de-aterrizar-con-su-gira-de-estadios-en-europa\/#breadcrumb"},"inLanguage":"en-GB","potentialAction":[{"@type":"ReadAction","target":["https:\/\/unaymilletras.com\/imagine-dragons-a-punto-de-aterrizar-con-su-gira-de-estadios-en-europa\/"]}]},{"@type":"ImageObject","inLanguage":"en-GB","@id":"https:\/\/unaymilletras.com\/imagine-dragons-a-punto-de-aterrizar-con-su-gira-de-estadios-en-europa\/#primaryimage","url":"https:\/\/unaymilletras.com\/wp-content\/uploads\/2025\/06\/ImagineDragons-photo-2024-031224_03_0393-e1750072709499.jpg","contentUrl":"https:\/\/unaymilletras.com\/wp-content\/uploads\/2025\/06\/ImagineDragons-photo-2024-031224_03_0393-e1750072709499.jpg","width":600,"height":400},{"@type":"BreadcrumbList","@id":"https:\/\/unaymilletras.com\/imagine-dragons-a-punto-de-aterrizar-con-su-gira-de-estadios-en-europa\/#breadcrumb","itemListElement":[{"@type":"ListItem","position":1,"name":"Home","item":"http:\/\/unaymilletras.com\/"},{"@type":"ListItem","position":2,"name":"Imagine Dragons a punto de aterrizar con su gira de estadios en Europa"}]},{"@type":"WebSite","@id":"http:\/\/unaymilletras.com\/#website","url":"http:\/\/unaymilletras.com\/","name":"Una y Mil Letras","description":"","publisher":{"@id":"http:\/\/unaymilletras.com\/#organization"},"potentialAction":[{"@type":"SearchAction","target":{"@type":"EntryPoint","urlTemplate":"http:\/\/unaymilletras.com\/?s={search_term_string}"},"query-input":{"@type":"PropertyValueSpecification","valueRequired":true,"valueName":"search_term_string"}}],"inLanguage":"en-GB"},{"@type":"Organization","@id":"http:\/\/unaymilletras.com\/#organization","name":"Una y Mil Letras","url":"http:\/\/unaymilletras.com\/","logo":{"@type":"ImageObject","inLanguage":"en-GB","@id":"http:\/\/unaymilletras.com\/#\/schema\/logo\/image\/","url":"https:\/\/unaymilletras.com\/wp-content\/uploads\/2024\/06\/cropped-Logo-removebg-preview.png","contentUrl":"https:\/\/unaymilletras.com\/wp-content\/uploads\/2024\/06\/cropped-Logo-removebg-preview.png","width":512,"height":512,"caption":"Una y Mil Letras"},"image":{"@id":"http:\/\/unaymilletras.com\/#\/schema\/logo\/image\/"},"sameAs":["https:\/\/x.com\/UnaYMilLetras","https:\/\/instagram.com\/UnaYMilLetras"]},{"@type":"Person","@id":"http:\/\/unaymilletras.com\/#\/schema\/person\/0860dc8a218329991ee2c7591f4f849d","name":"Redacci\u00f3n","image":{"@type":"ImageObject","inLanguage":"en-GB","@id":"https:\/\/secure.gravatar.com\/avatar\/d8f55e05a8b6597e45c55a1dcbdbfe44f4a360d88b48e00de5216a79b7732796?s=96&d=mm&r=g","url":"https:\/\/secure.gravatar.com\/avatar\/d8f55e05a8b6597e45c55a1dcbdbfe44f4a360d88b48e00de5216a79b7732796?s=96&d=mm&r=g","contentUrl":"https:\/\/secure.gravatar.com\/avatar\/d8f55e05a8b6597e45c55a1dcbdbfe44f4a360d88b48e00de5216a79b7732796?s=96&d=mm&r=g","caption":"Redacci\u00f3n"},"url":"https:\/\/unaymilletras.com\/en\/author\/redaccion\/"}]}},"_links":{"self":[{"href":"https:\/\/unaymilletras.com\/en\/wp-json\/wp\/v2\/posts\/5055","targetHints":{"allow":["GET"]}}],"collection":[{"href":"https:\/\/unaymilletras.com\/en\/wp-json\/wp\/v2\/posts"}],"about":[{"href":"https:\/\/unaymilletras.com\/en\/wp-json\/wp\/v2\/types\/post"}],"author":[{"embeddable":true,"href":"https:\/\/unaymilletras.com\/en\/wp-json\/wp\/v2\/users\/6"}],"replies":[{"embeddable":true,"href":"https:\/\/unaymilletras.com\/en\/wp-json\/wp\/v2\/comments?post=5055"}],"version-history":[{"count":7,"href":"https:\/\/unaymilletras.com\/en\/wp-json\/wp\/v2\/posts\/5055\/revisions"}],"predecessor-version":[{"id":5065,"href":"https:\/\/unaymilletras.com\/en\/wp-json\/wp\/v2\/posts\/5055\/revisions\/5065"}],"wp:featuredmedia":[{"embeddable":true,"href":"https:\/\/unaymilletras.com\/en\/wp-json\/wp\/v2\/media\/5058"}],"wp:attachment":[{"href":"https:\/\/unaymilletras.com\/en\/wp-json\/wp\/v2\/media?parent=5055"}],"wp:term":[{"taxonomy":"category","embeddable":true,"href":"https:\/\/unaymilletras.com\/en\/wp-json\/wp\/v2\/categories?post=5055"},{"taxonomy":"post_tag","embeddable":true,"href":"https:\/\/unaymilletras.com\/en\/wp-json\/wp\/v2\/tags?post=5055"}],"curies":[{"name":"wp","href":"https:\/\/api.w.org\/{rel}","templated":true}]}}