{"id":5066,"date":"2025-06-17T12:29:34","date_gmt":"2025-06-17T10:29:34","guid":{"rendered":"https:\/\/unaymilletras.com\/?p=5066"},"modified":"2025-06-17T12:33:17","modified_gmt":"2025-06-17T10:33:17","slug":"gloosito-anuncia-su-nueva-gira-belt-to-ass","status":"publish","type":"post","link":"https:\/\/unaymilletras.com\/en\/gloosito-anuncia-su-nueva-gira-belt-to-ass\/","title":{"rendered":"Gloosito anuncia su nueva gira \u201cBelt to Ass\u201d"},"content":{"rendered":"<div data-elementor-type=\"wp-post\" data-elementor-id=\"5066\" class=\"elementor elementor-5066\">\n\t\t\t\t\t\t<section class=\"elementor-section elementor-top-section elementor-element elementor-element-4517c92 elementor-section-boxed elementor-section-height-default elementor-section-height-default\" data-id=\"4517c92\" data-element_type=\"section\" data-e-type=\"section\">\n\t\t\t\t\t\t<div class=\"elementor-container elementor-column-gap-default\">\n\t\t\t\t\t<div class=\"elementor-column elementor-col-100 elementor-top-column elementor-element elementor-element-3563a5b\" data-id=\"3563a5b\" data-element_type=\"column\" data-e-type=\"column\">\n\t\t\t<div class=\"elementor-widget-wrap elementor-element-populated\">\n\t\t\t\t\t\t<div class=\"elementor-element elementor-element-d9ef451 elementor-widget elementor-widget-text-editor\" data-id=\"d9ef451\" data-element_type=\"widget\" data-e-type=\"widget\" data-widget_type=\"text-editor.default\">\n\t\t\t\t<div class=\"elementor-widget-container\">\n\t\t\t\t\t\t\t\t\t<h2 style=\"text-align: center;\"><span style=\"color: #808080;\"><em>La gira \u201cBelt to Ass\u201d de Gloosito visitar\u00e1 nueve ciudades espa\u00f1olas como Madrid, Barcelona, Sevilla, Valencia entre otras<\/em><\/span><\/h2>\t\t\t\t\t\t\t\t<\/div>\n\t\t\t\t<\/div>\n\t\t\t\t\t<\/div>\n\t\t<\/div>\n\t\t\t\t\t<\/div>\n\t\t<\/section>\n\t\t\t\t<section class=\"elementor-section elementor-top-section elementor-element elementor-element-308435f elementor-section-boxed elementor-section-height-default elementor-section-height-default\" data-id=\"308435f\" data-element_type=\"section\" data-e-type=\"section\">\n\t\t\t\t\t\t<div class=\"elementor-container elementor-column-gap-default\">\n\t\t\t\t\t<div class=\"elementor-column elementor-col-100 elementor-top-column elementor-element elementor-element-d71b8fc\" data-id=\"d71b8fc\" data-element_type=\"column\" data-e-type=\"column\">\n\t\t\t<div class=\"elementor-widget-wrap elementor-element-populated\">\n\t\t\t\t\t\t<div class=\"elementor-element elementor-element-e9eede0 elementor-widget elementor-widget-text-editor\" data-id=\"e9eede0\" data-element_type=\"widget\" data-e-type=\"widget\" data-widget_type=\"text-editor.default\">\n\t\t\t\t<div class=\"elementor-widget-container\">\n\t\t\t\t\t\t\t\t\t<p data-start=\"223\" data-end=\"533\"><strong>Gloosito<\/strong> ya tiene todo listo para retomar los conciertos aplazados esta primavera. El artista madrile\u00f1o ha anunciado las nuevas fechas de su gira <strong><em data-start=\"369\" data-end=\"382\">Belt to Ass<\/em><\/strong>, que lo llevar\u00e1 por nueve ciudades entre septiembre y noviembre. Este tour marca una nueva etapa para uno de los nombres clave del rap espa\u00f1ol actual.<\/p><p data-start=\"535\" data-end=\"890\">La gira comenzar\u00e1 el 26 de septiembre en Murcia (Mamba). Luego pasar\u00e1 por Sevilla (10 de octubre), M\u00e1laga (11), Vigo (18), Barcelona (23) y Madrid (1 de noviembre). Cerrar\u00e1 en Granada (14 de noviembre), Valencia (21) y Bilbao (22). Las entradas estar\u00e1n disponibles desde 20 euros a trav\u00e9s de planetevents.es, livenation.es, Ticketmaster y El Corte Ingl\u00e9s.<\/p>\t\t\t\t\t\t\t\t<\/div>\n\t\t\t\t<\/div>\n\t\t\t\t\t<\/div>\n\t\t<\/div>\n\t\t\t\t\t<\/div>\n\t\t<\/section>\n\t\t\t\t<section class=\"elementor-section elementor-top-section elementor-element elementor-element-0833ac3 elementor-section-boxed elementor-section-height-default elementor-section-height-default\" data-id=\"0833ac3\" data-element_type=\"section\" data-e-type=\"section\">\n\t\t\t\t\t\t<div class=\"elementor-container elementor-column-gap-default\">\n\t\t\t\t\t<div class=\"elementor-column elementor-col-50 elementor-top-column elementor-element elementor-element-f5e246b\" data-id=\"f5e246b\" data-element_type=\"column\" data-e-type=\"column\">\n\t\t\t<div class=\"elementor-widget-wrap elementor-element-populated\">\n\t\t\t\t\t\t<div class=\"elementor-element elementor-element-50373a5 elementor-widget elementor-widget-text-editor\" data-id=\"50373a5\" data-element_type=\"widget\" data-e-type=\"widget\" data-widget_type=\"text-editor.default\">\n\t\t\t\t<div class=\"elementor-widget-container\">\n\t\t\t\t\t\t\t\t\t<p data-start=\"892\" data-end=\"1146\">Las fechas incluyen opciones de Early Entry y Meet &amp; Greet. Habr\u00e1 dos preventas: una para usuarios de Smusic el 18 de junio a las 12:00h, y otra en planetevents.es el d\u00eda 19 a la misma hora. La venta general comenzar\u00e1 el viernes 20 de junio a las 12:00h.<\/p><p data-start=\"1148\" data-end=\"1437\"><em data-start=\"1148\" data-end=\"1161\">Belt to Ass<\/em> es el tour m\u00e1s provocador de Gloosito hasta ahora. Cada concierto promete ser una experiencia visceral, con fuerte carga musical, visual y emocional. El t\u00edtulo juega con la ambig\u00fcedad: presi\u00f3n y ritmo, castigo y deseo. Y define perfectamente el estilo sin filtro del artista.<\/p>\t\t\t\t\t\t\t\t<\/div>\n\t\t\t\t<\/div>\n\t\t\t\t\t<\/div>\n\t\t<\/div>\n\t\t\t\t<div class=\"elementor-column elementor-col-50 elementor-top-column elementor-element elementor-element-a7800b7\" data-id=\"a7800b7\" data-element_type=\"column\" data-e-type=\"column\">\n\t\t\t<div class=\"elementor-widget-wrap elementor-element-populated\">\n\t\t\t\t\t\t<div class=\"elementor-element elementor-element-3306b63 elementor-widget elementor-widget-image\" data-id=\"3306b63\" data-element_type=\"widget\" data-e-type=\"widget\" data-widget_type=\"image.default\">\n\t\t\t\t<div class=\"elementor-widget-container\">\n\t\t\t\t\t\t\t\t\t\t\t\t\t\t\t<img fetchpriority=\"high\" decoding=\"async\" width=\"640\" height=\"800\" src=\"https:\/\/unaymilletras.com\/wp-content\/uploads\/2025\/06\/59e94206-9e9d-d279-3105-b8df2d91-819x1024.jpg\" class=\"attachment-large size-large wp-image-5068\" alt=\"Gloosito\" srcset=\"https:\/\/unaymilletras.com\/wp-content\/uploads\/2025\/06\/59e94206-9e9d-d279-3105-b8df2d91-819x1024.jpg 819w, https:\/\/unaymilletras.com\/wp-content\/uploads\/2025\/06\/59e94206-9e9d-d279-3105-b8df2d91-240x300.jpg 240w, https:\/\/unaymilletras.com\/wp-content\/uploads\/2025\/06\/59e94206-9e9d-d279-3105-b8df2d91-768x960.jpg 768w, https:\/\/unaymilletras.com\/wp-content\/uploads\/2025\/06\/59e94206-9e9d-d279-3105-b8df2d91-10x12.jpg 10w, https:\/\/unaymilletras.com\/wp-content\/uploads\/2025\/06\/59e94206-9e9d-d279-3105-b8df2d91-1024x1280.jpg 1024w, https:\/\/unaymilletras.com\/wp-content\/uploads\/2025\/06\/59e94206-9e9d-d279-3105-b8df2d91-e1750156284313.jpg 600w\" sizes=\"(max-width: 640px) 100vw, 640px\" \/>\t\t\t\t\t\t\t\t\t\t\t\t\t\t\t<\/div>\n\t\t\t\t<\/div>\n\t\t\t\t\t<\/div>\n\t\t<\/div>\n\t\t\t\t\t<\/div>\n\t\t<\/section>\n\t\t\t\t<section class=\"elementor-section elementor-top-section elementor-element elementor-element-09359b8 elementor-section-boxed elementor-section-height-default elementor-section-height-default\" data-id=\"09359b8\" data-element_type=\"section\" data-e-type=\"section\">\n\t\t\t\t\t\t<div class=\"elementor-container elementor-column-gap-default\">\n\t\t\t\t\t<div class=\"elementor-column elementor-col-100 elementor-top-column elementor-element elementor-element-4437d65\" data-id=\"4437d65\" data-element_type=\"column\" data-e-type=\"column\">\n\t\t\t<div class=\"elementor-widget-wrap elementor-element-populated\">\n\t\t\t\t\t\t<div class=\"elementor-element elementor-element-e6d0679 elementor-widget elementor-widget-text-editor\" data-id=\"e6d0679\" data-element_type=\"widget\" data-e-type=\"widget\" data-widget_type=\"text-editor.default\">\n\t\t\t\t<div class=\"elementor-widget-container\">\n\t\t\t\t\t\t\t\t\t<p data-start=\"1439\" data-end=\"1696\">El tour llega tras el \u00e9xito de su primer disco <span style=\"color: #808080;\"><a style=\"color: #808080;\" href=\"https:\/\/open.spotify.com\/intl-es\/album\/4Hgfh0CONuC4jI4ZYkNNqt?si=Pmlp8rJrSMq7EOSs-on_pA\"><em data-start=\"1486\" data-end=\"1497\">EUROSLiME<\/em><\/a><\/span>, publicado por Atlantic Records en 2025. El \u00e1lbum incluye colaboraciones con JC Reyes, Pablo Chill-e, Yung Beef y Alto Linaje. Ha sido uno de los proyectos m\u00e1s destacados del a\u00f1o en el rap nacional.<\/p><p data-start=\"1698\" data-end=\"1971\">Con <em data-start=\"1702\" data-end=\"1715\">Belt to Ass<\/em>, Gloosito se reafirma como un artista que va m\u00e1s all\u00e1 del sonido. Sus letras crudas, su est\u00e9tica sin concesiones y su puesta en escena intensa lo han convertido en un referente generacional. Esta gira ser\u00e1 el escaparate perfecto de su evoluci\u00f3n art\u00edstica.<\/p><p data-start=\"1973\" data-end=\"2169\" data-is-last-node=\"\" data-is-only-node=\"\">Gloosito est\u00e1 en su mejor momento. En cada show demostrar\u00e1 por qu\u00e9 es uno de los artistas m\u00e1s influyentes del rap espa\u00f1ol. La gira <em data-start=\"2104\" data-end=\"2117\">Belt to Ass<\/em> ser\u00e1 una oportunidad \u00fanica para vivirlo en directo.<\/p>\t\t\t\t\t\t\t\t<\/div>\n\t\t\t\t<\/div>\n\t\t\t\t\t<\/div>\n\t\t<\/div>\n\t\t\t\t\t<\/div>\n\t\t<\/section>\n\t\t\t\t<\/div>","protected":false},"excerpt":{"rendered":"<p>La gira \u201cBelt to Ass\u201d de Gloosito visitar\u00e1 nueve ciudades espa\u00f1olas como Madrid, Barcelona, Sevilla, Valencia entre otras Gloosito ya tiene todo listo para retomar los conciertos aplazados esta primavera. El artista madrile\u00f1o ha anunciado las nuevas fechas de su gira Belt to Ass, que lo llevar\u00e1 por nueve ciudades entre septiembre y noviembre. Este [&hellip;]<\/p>\n","protected":false},"author":6,"featured_media":5068,"comment_status":"closed","ping_status":"closed","sticky":false,"template":"","format":"standard","meta":{"footnotes":""},"categories":[4],"tags":[],"class_list":["post-5066","post","type-post","status-publish","format-standard","has-post-thumbnail","hentry","category-musica"],"yoast_head":"<!-- This site is optimized with the Yoast SEO plugin v27.4 - https:\/\/yoast.com\/product\/yoast-seo-wordpress\/ -->\n<title>Gloosito anuncia su nueva gira \u201cBelt to Ass\u201d<\/title>\n<meta name=\"description\" content=\"La gira \u201cBelt to Ass\u201d de Gloosito visitar\u00e1 nueve ciudades espa\u00f1olas como Madrid, Barcelona, Sevilla, Valencia entre otras\" \/>\n<meta name=\"robots\" content=\"index, follow, max-snippet:-1, max-image-preview:large, max-video-preview:-1\" \/>\n<link rel=\"canonical\" href=\"https:\/\/unaymilletras.com\/en\/gloosito-anuncia-su-nueva-gira-belt-to-ass\/\" \/>\n<meta property=\"og:locale\" content=\"en_GB\" \/>\n<meta property=\"og:type\" content=\"article\" \/>\n<meta property=\"og:title\" content=\"Gloosito anuncia su nueva gira \u201cBelt to Ass\u201d\" \/>\n<meta property=\"og:description\" content=\"La gira \u201cBelt to Ass\u201d de Gloosito visitar\u00e1 nueve ciudades espa\u00f1olas como Madrid, Barcelona, Sevilla, Valencia entre otras\" \/>\n<meta property=\"og:url\" content=\"https:\/\/unaymilletras.com\/en\/gloosito-anuncia-su-nueva-gira-belt-to-ass\/\" \/>\n<meta property=\"og:site_name\" content=\"Una y Mil Letras\" \/>\n<meta property=\"article:published_time\" content=\"2025-06-17T10:29:34+00:00\" \/>\n<meta property=\"article:modified_time\" content=\"2025-06-17T10:33:17+00:00\" \/>\n<meta property=\"og:image\" content=\"http:\/\/unaymilletras.com\/wp-content\/uploads\/2025\/06\/59e94206-9e9d-d279-3105-b8df2d91-e1750156284313.jpg\" \/>\n\t<meta property=\"og:image:width\" content=\"600\" \/>\n\t<meta property=\"og:image:height\" content=\"750\" \/>\n\t<meta property=\"og:image:type\" content=\"image\/jpeg\" \/>\n<meta name=\"author\" content=\"Redacci\u00f3n\" \/>\n<meta name=\"twitter:card\" content=\"summary_large_image\" \/>\n<meta name=\"twitter:creator\" content=\"@UnaYMilLetras\" \/>\n<meta name=\"twitter:site\" content=\"@UnaYMilLetras\" \/>\n<meta name=\"twitter:label1\" content=\"Written by\" \/>\n\t<meta name=\"twitter:data1\" content=\"Redacci\u00f3n\" \/>\n\t<meta name=\"twitter:label2\" content=\"Estimated reading time\" \/>\n\t<meta name=\"twitter:data2\" content=\"2 minutes\" \/>\n<script type=\"application\/ld+json\" class=\"yoast-schema-graph\">{\"@context\":\"https:\\\/\\\/schema.org\",\"@graph\":[{\"@type\":\"Article\",\"@id\":\"https:\\\/\\\/unaymilletras.com\\\/gloosito-anuncia-su-nueva-gira-belt-to-ass\\\/#article\",\"isPartOf\":{\"@id\":\"https:\\\/\\\/unaymilletras.com\\\/gloosito-anuncia-su-nueva-gira-belt-to-ass\\\/\"},\"author\":{\"name\":\"Redacci\u00f3n\",\"@id\":\"http:\\\/\\\/unaymilletras.com\\\/#\\\/schema\\\/person\\\/0860dc8a218329991ee2c7591f4f849d\"},\"headline\":\"Gloosito anuncia su nueva gira \u201cBelt to Ass\u201d\",\"datePublished\":\"2025-06-17T10:29:34+00:00\",\"dateModified\":\"2025-06-17T10:33:17+00:00\",\"mainEntityOfPage\":{\"@id\":\"https:\\\/\\\/unaymilletras.com\\\/gloosito-anuncia-su-nueva-gira-belt-to-ass\\\/\"},\"wordCount\":365,\"publisher\":{\"@id\":\"http:\\\/\\\/unaymilletras.com\\\/#organization\"},\"image\":{\"@id\":\"https:\\\/\\\/unaymilletras.com\\\/gloosito-anuncia-su-nueva-gira-belt-to-ass\\\/#primaryimage\"},\"thumbnailUrl\":\"https:\\\/\\\/unaymilletras.com\\\/wp-content\\\/uploads\\\/2025\\\/06\\\/59e94206-9e9d-d279-3105-b8df2d91-e1750156284313.jpg\",\"articleSection\":[\"M\u00fasica\"],\"inLanguage\":\"en-GB\"},{\"@type\":\"WebPage\",\"@id\":\"https:\\\/\\\/unaymilletras.com\\\/gloosito-anuncia-su-nueva-gira-belt-to-ass\\\/\",\"url\":\"https:\\\/\\\/unaymilletras.com\\\/gloosito-anuncia-su-nueva-gira-belt-to-ass\\\/\",\"name\":\"Gloosito anuncia su nueva gira \u201cBelt to Ass\u201d\",\"isPartOf\":{\"@id\":\"http:\\\/\\\/unaymilletras.com\\\/#website\"},\"primaryImageOfPage\":{\"@id\":\"https:\\\/\\\/unaymilletras.com\\\/gloosito-anuncia-su-nueva-gira-belt-to-ass\\\/#primaryimage\"},\"image\":{\"@id\":\"https:\\\/\\\/unaymilletras.com\\\/gloosito-anuncia-su-nueva-gira-belt-to-ass\\\/#primaryimage\"},\"thumbnailUrl\":\"https:\\\/\\\/unaymilletras.com\\\/wp-content\\\/uploads\\\/2025\\\/06\\\/59e94206-9e9d-d279-3105-b8df2d91-e1750156284313.jpg\",\"datePublished\":\"2025-06-17T10:29:34+00:00\",\"dateModified\":\"2025-06-17T10:33:17+00:00\",\"description\":\"La gira \u201cBelt to Ass\u201d de Gloosito visitar\u00e1 nueve ciudades espa\u00f1olas como Madrid, Barcelona, Sevilla, Valencia entre otras\",\"breadcrumb\":{\"@id\":\"https:\\\/\\\/unaymilletras.com\\\/gloosito-anuncia-su-nueva-gira-belt-to-ass\\\/#breadcrumb\"},\"inLanguage\":\"en-GB\",\"potentialAction\":[{\"@type\":\"ReadAction\",\"target\":[\"https:\\\/\\\/unaymilletras.com\\\/gloosito-anuncia-su-nueva-gira-belt-to-ass\\\/\"]}]},{\"@type\":\"ImageObject\",\"inLanguage\":\"en-GB\",\"@id\":\"https:\\\/\\\/unaymilletras.com\\\/gloosito-anuncia-su-nueva-gira-belt-to-ass\\\/#primaryimage\",\"url\":\"https:\\\/\\\/unaymilletras.com\\\/wp-content\\\/uploads\\\/2025\\\/06\\\/59e94206-9e9d-d279-3105-b8df2d91-e1750156284313.jpg\",\"contentUrl\":\"https:\\\/\\\/unaymilletras.com\\\/wp-content\\\/uploads\\\/2025\\\/06\\\/59e94206-9e9d-d279-3105-b8df2d91-e1750156284313.jpg\",\"width\":600,\"height\":750,\"caption\":\"Gloosito\"},{\"@type\":\"BreadcrumbList\",\"@id\":\"https:\\\/\\\/unaymilletras.com\\\/gloosito-anuncia-su-nueva-gira-belt-to-ass\\\/#breadcrumb\",\"itemListElement\":[{\"@type\":\"ListItem\",\"position\":1,\"name\":\"Home\",\"item\":\"http:\\\/\\\/unaymilletras.com\\\/\"},{\"@type\":\"ListItem\",\"position\":2,\"name\":\"Gloosito anuncia su nueva gira \u201cBelt to Ass\u201d\"}]},{\"@type\":\"WebSite\",\"@id\":\"http:\\\/\\\/unaymilletras.com\\\/#website\",\"url\":\"http:\\\/\\\/unaymilletras.com\\\/\",\"name\":\"Una y Mil Letras\",\"description\":\"\",\"publisher\":{\"@id\":\"http:\\\/\\\/unaymilletras.com\\\/#organization\"},\"potentialAction\":[{\"@type\":\"SearchAction\",\"target\":{\"@type\":\"EntryPoint\",\"urlTemplate\":\"http:\\\/\\\/unaymilletras.com\\\/?s={search_term_string}\"},\"query-input\":{\"@type\":\"PropertyValueSpecification\",\"valueRequired\":true,\"valueName\":\"search_term_string\"}}],\"inLanguage\":\"en-GB\"},{\"@type\":\"Organization\",\"@id\":\"http:\\\/\\\/unaymilletras.com\\\/#organization\",\"name\":\"Una y Mil Letras\",\"url\":\"http:\\\/\\\/unaymilletras.com\\\/\",\"logo\":{\"@type\":\"ImageObject\",\"inLanguage\":\"en-GB\",\"@id\":\"http:\\\/\\\/unaymilletras.com\\\/#\\\/schema\\\/logo\\\/image\\\/\",\"url\":\"https:\\\/\\\/unaymilletras.com\\\/wp-content\\\/uploads\\\/2024\\\/06\\\/cropped-Logo-removebg-preview.png\",\"contentUrl\":\"https:\\\/\\\/unaymilletras.com\\\/wp-content\\\/uploads\\\/2024\\\/06\\\/cropped-Logo-removebg-preview.png\",\"width\":512,\"height\":512,\"caption\":\"Una y Mil Letras\"},\"image\":{\"@id\":\"http:\\\/\\\/unaymilletras.com\\\/#\\\/schema\\\/logo\\\/image\\\/\"},\"sameAs\":[\"https:\\\/\\\/x.com\\\/UnaYMilLetras\",\"https:\\\/\\\/instagram.com\\\/UnaYMilLetras\"]},{\"@type\":\"Person\",\"@id\":\"http:\\\/\\\/unaymilletras.com\\\/#\\\/schema\\\/person\\\/0860dc8a218329991ee2c7591f4f849d\",\"name\":\"Redacci\u00f3n\",\"image\":{\"@type\":\"ImageObject\",\"inLanguage\":\"en-GB\",\"@id\":\"https:\\\/\\\/secure.gravatar.com\\\/avatar\\\/d8f55e05a8b6597e45c55a1dcbdbfe44f4a360d88b48e00de5216a79b7732796?s=96&d=mm&r=g\",\"url\":\"https:\\\/\\\/secure.gravatar.com\\\/avatar\\\/d8f55e05a8b6597e45c55a1dcbdbfe44f4a360d88b48e00de5216a79b7732796?s=96&d=mm&r=g\",\"contentUrl\":\"https:\\\/\\\/secure.gravatar.com\\\/avatar\\\/d8f55e05a8b6597e45c55a1dcbdbfe44f4a360d88b48e00de5216a79b7732796?s=96&d=mm&r=g\",\"caption\":\"Redacci\u00f3n\"},\"url\":\"https:\\\/\\\/unaymilletras.com\\\/en\\\/author\\\/redaccion\\\/\"}]}<\/script>\n<!-- \/ Yoast SEO plugin. -->","yoast_head_json":{"title":"Gloosito anuncia su nueva gira \u201cBelt to Ass\u201d","description":"La gira \u201cBelt to Ass\u201d de Gloosito visitar\u00e1 nueve ciudades espa\u00f1olas como Madrid, Barcelona, Sevilla, Valencia entre otras","robots":{"index":"index","follow":"follow","max-snippet":"max-snippet:-1","max-image-preview":"max-image-preview:large","max-video-preview":"max-video-preview:-1"},"canonical":"https:\/\/unaymilletras.com\/en\/gloosito-anuncia-su-nueva-gira-belt-to-ass\/","og_locale":"en_GB","og_type":"article","og_title":"Gloosito anuncia su nueva gira \u201cBelt to Ass\u201d","og_description":"La gira \u201cBelt to Ass\u201d de Gloosito visitar\u00e1 nueve ciudades espa\u00f1olas como Madrid, Barcelona, Sevilla, Valencia entre otras","og_url":"https:\/\/unaymilletras.com\/en\/gloosito-anuncia-su-nueva-gira-belt-to-ass\/","og_site_name":"Una y Mil Letras","article_published_time":"2025-06-17T10:29:34+00:00","article_modified_time":"2025-06-17T10:33:17+00:00","og_image":[{"width":600,"height":750,"url":"http:\/\/unaymilletras.com\/wp-content\/uploads\/2025\/06\/59e94206-9e9d-d279-3105-b8df2d91-e1750156284313.jpg","type":"image\/jpeg"}],"author":"Redacci\u00f3n","twitter_card":"summary_large_image","twitter_creator":"@UnaYMilLetras","twitter_site":"@UnaYMilLetras","twitter_misc":{"Written by":"Redacci\u00f3n","Estimated reading time":"2 minutes"},"schema":{"@context":"https:\/\/schema.org","@graph":[{"@type":"Article","@id":"https:\/\/unaymilletras.com\/gloosito-anuncia-su-nueva-gira-belt-to-ass\/#article","isPartOf":{"@id":"https:\/\/unaymilletras.com\/gloosito-anuncia-su-nueva-gira-belt-to-ass\/"},"author":{"name":"Redacci\u00f3n","@id":"http:\/\/unaymilletras.com\/#\/schema\/person\/0860dc8a218329991ee2c7591f4f849d"},"headline":"Gloosito anuncia su nueva gira \u201cBelt to Ass\u201d","datePublished":"2025-06-17T10:29:34+00:00","dateModified":"2025-06-17T10:33:17+00:00","mainEntityOfPage":{"@id":"https:\/\/unaymilletras.com\/gloosito-anuncia-su-nueva-gira-belt-to-ass\/"},"wordCount":365,"publisher":{"@id":"http:\/\/unaymilletras.com\/#organization"},"image":{"@id":"https:\/\/unaymilletras.com\/gloosito-anuncia-su-nueva-gira-belt-to-ass\/#primaryimage"},"thumbnailUrl":"https:\/\/unaymilletras.com\/wp-content\/uploads\/2025\/06\/59e94206-9e9d-d279-3105-b8df2d91-e1750156284313.jpg","articleSection":["M\u00fasica"],"inLanguage":"en-GB"},{"@type":"WebPage","@id":"https:\/\/unaymilletras.com\/gloosito-anuncia-su-nueva-gira-belt-to-ass\/","url":"https:\/\/unaymilletras.com\/gloosito-anuncia-su-nueva-gira-belt-to-ass\/","name":"Gloosito anuncia su nueva gira \u201cBelt to Ass\u201d","isPartOf":{"@id":"http:\/\/unaymilletras.com\/#website"},"primaryImageOfPage":{"@id":"https:\/\/unaymilletras.com\/gloosito-anuncia-su-nueva-gira-belt-to-ass\/#primaryimage"},"image":{"@id":"https:\/\/unaymilletras.com\/gloosito-anuncia-su-nueva-gira-belt-to-ass\/#primaryimage"},"thumbnailUrl":"https:\/\/unaymilletras.com\/wp-content\/uploads\/2025\/06\/59e94206-9e9d-d279-3105-b8df2d91-e1750156284313.jpg","datePublished":"2025-06-17T10:29:34+00:00","dateModified":"2025-06-17T10:33:17+00:00","description":"La gira \u201cBelt to Ass\u201d de Gloosito visitar\u00e1 nueve ciudades espa\u00f1olas como Madrid, Barcelona, Sevilla, Valencia entre otras","breadcrumb":{"@id":"https:\/\/unaymilletras.com\/gloosito-anuncia-su-nueva-gira-belt-to-ass\/#breadcrumb"},"inLanguage":"en-GB","potentialAction":[{"@type":"ReadAction","target":["https:\/\/unaymilletras.com\/gloosito-anuncia-su-nueva-gira-belt-to-ass\/"]}]},{"@type":"ImageObject","inLanguage":"en-GB","@id":"https:\/\/unaymilletras.com\/gloosito-anuncia-su-nueva-gira-belt-to-ass\/#primaryimage","url":"https:\/\/unaymilletras.com\/wp-content\/uploads\/2025\/06\/59e94206-9e9d-d279-3105-b8df2d91-e1750156284313.jpg","contentUrl":"https:\/\/unaymilletras.com\/wp-content\/uploads\/2025\/06\/59e94206-9e9d-d279-3105-b8df2d91-e1750156284313.jpg","width":600,"height":750,"caption":"Gloosito"},{"@type":"BreadcrumbList","@id":"https:\/\/unaymilletras.com\/gloosito-anuncia-su-nueva-gira-belt-to-ass\/#breadcrumb","itemListElement":[{"@type":"ListItem","position":1,"name":"Home","item":"http:\/\/unaymilletras.com\/"},{"@type":"ListItem","position":2,"name":"Gloosito anuncia su nueva gira \u201cBelt to Ass\u201d"}]},{"@type":"WebSite","@id":"http:\/\/unaymilletras.com\/#website","url":"http:\/\/unaymilletras.com\/","name":"Una y Mil Letras","description":"","publisher":{"@id":"http:\/\/unaymilletras.com\/#organization"},"potentialAction":[{"@type":"SearchAction","target":{"@type":"EntryPoint","urlTemplate":"http:\/\/unaymilletras.com\/?s={search_term_string}"},"query-input":{"@type":"PropertyValueSpecification","valueRequired":true,"valueName":"search_term_string"}}],"inLanguage":"en-GB"},{"@type":"Organization","@id":"http:\/\/unaymilletras.com\/#organization","name":"Una y Mil Letras","url":"http:\/\/unaymilletras.com\/","logo":{"@type":"ImageObject","inLanguage":"en-GB","@id":"http:\/\/unaymilletras.com\/#\/schema\/logo\/image\/","url":"https:\/\/unaymilletras.com\/wp-content\/uploads\/2024\/06\/cropped-Logo-removebg-preview.png","contentUrl":"https:\/\/unaymilletras.com\/wp-content\/uploads\/2024\/06\/cropped-Logo-removebg-preview.png","width":512,"height":512,"caption":"Una y Mil Letras"},"image":{"@id":"http:\/\/unaymilletras.com\/#\/schema\/logo\/image\/"},"sameAs":["https:\/\/x.com\/UnaYMilLetras","https:\/\/instagram.com\/UnaYMilLetras"]},{"@type":"Person","@id":"http:\/\/unaymilletras.com\/#\/schema\/person\/0860dc8a218329991ee2c7591f4f849d","name":"Redacci\u00f3n","image":{"@type":"ImageObject","inLanguage":"en-GB","@id":"https:\/\/secure.gravatar.com\/avatar\/d8f55e05a8b6597e45c55a1dcbdbfe44f4a360d88b48e00de5216a79b7732796?s=96&d=mm&r=g","url":"https:\/\/secure.gravatar.com\/avatar\/d8f55e05a8b6597e45c55a1dcbdbfe44f4a360d88b48e00de5216a79b7732796?s=96&d=mm&r=g","contentUrl":"https:\/\/secure.gravatar.com\/avatar\/d8f55e05a8b6597e45c55a1dcbdbfe44f4a360d88b48e00de5216a79b7732796?s=96&d=mm&r=g","caption":"Redacci\u00f3n"},"url":"https:\/\/unaymilletras.com\/en\/author\/redaccion\/"}]}},"_links":{"self":[{"href":"https:\/\/unaymilletras.com\/en\/wp-json\/wp\/v2\/posts\/5066","targetHints":{"allow":["GET"]}}],"collection":[{"href":"https:\/\/unaymilletras.com\/en\/wp-json\/wp\/v2\/posts"}],"about":[{"href":"https:\/\/unaymilletras.com\/en\/wp-json\/wp\/v2\/types\/post"}],"author":[{"embeddable":true,"href":"https:\/\/unaymilletras.com\/en\/wp-json\/wp\/v2\/users\/6"}],"replies":[{"embeddable":true,"href":"https:\/\/unaymilletras.com\/en\/wp-json\/wp\/v2\/comments?post=5066"}],"version-history":[{"count":7,"href":"https:\/\/unaymilletras.com\/en\/wp-json\/wp\/v2\/posts\/5066\/revisions"}],"predecessor-version":[{"id":5074,"href":"https:\/\/unaymilletras.com\/en\/wp-json\/wp\/v2\/posts\/5066\/revisions\/5074"}],"wp:featuredmedia":[{"embeddable":true,"href":"https:\/\/unaymilletras.com\/en\/wp-json\/wp\/v2\/media\/5068"}],"wp:attachment":[{"href":"https:\/\/unaymilletras.com\/en\/wp-json\/wp\/v2\/media?parent=5066"}],"wp:term":[{"taxonomy":"category","embeddable":true,"href":"https:\/\/unaymilletras.com\/en\/wp-json\/wp\/v2\/categories?post=5066"},{"taxonomy":"post_tag","embeddable":true,"href":"https:\/\/unaymilletras.com\/en\/wp-json\/wp\/v2\/tags?post=5066"}],"curies":[{"name":"wp","href":"https:\/\/api.w.org\/{rel}","templated":true}]}}