{"id":5075,"date":"2025-06-21T11:45:37","date_gmt":"2025-06-21T09:45:37","guid":{"rendered":"https:\/\/unaymilletras.com\/?p=5075"},"modified":"2025-06-21T11:46:45","modified_gmt":"2025-06-21T09:46:45","slug":"neo-pistea-llenara-espana-de-culto","status":"publish","type":"post","link":"https:\/\/unaymilletras.com\/en\/neo-pistea-llenara-espana-de-culto\/","title":{"rendered":"Neo Pistea llenar\u00e1 Espa\u00f1a de CULTO"},"content":{"rendered":"<div data-elementor-type=\"wp-post\" data-elementor-id=\"5075\" class=\"elementor elementor-5075\">\n\t\t\t\t\t\t<section class=\"elementor-section elementor-top-section elementor-element elementor-element-58824a5 elementor-section-boxed elementor-section-height-default elementor-section-height-default\" data-id=\"58824a5\" data-element_type=\"section\" data-e-type=\"section\">\n\t\t\t\t\t\t<div class=\"elementor-container elementor-column-gap-default\">\n\t\t\t\t\t<div class=\"elementor-column elementor-col-100 elementor-top-column elementor-element elementor-element-59f121e\" data-id=\"59f121e\" data-element_type=\"column\" data-e-type=\"column\">\n\t\t\t<div class=\"elementor-widget-wrap elementor-element-populated\">\n\t\t\t\t\t\t<div class=\"elementor-element elementor-element-3f489bd elementor-widget elementor-widget-text-editor\" data-id=\"3f489bd\" data-element_type=\"widget\" data-e-type=\"widget\" data-widget_type=\"text-editor.default\">\n\t\t\t\t<div class=\"elementor-widget-container\">\n\t\t\t\t\t\t\t\t\t<h2 style=\"text-align: center;\"><span style=\"color: #808080;\"><em>Neo Pistea traer\u00e1 a Espa\u00f1a en septiembre su \u00e1lbum \u201cCulto\u201d con dos conciertos que prometen convertirse en rituales musicales<\/em><\/span><\/h2>\t\t\t\t\t\t\t\t<\/div>\n\t\t\t\t<\/div>\n\t\t\t\t\t<\/div>\n\t\t<\/div>\n\t\t\t\t\t<\/div>\n\t\t<\/section>\n\t\t\t\t<section class=\"elementor-section elementor-top-section elementor-element elementor-element-31bb976 elementor-section-boxed elementor-section-height-default elementor-section-height-default\" data-id=\"31bb976\" data-element_type=\"section\" data-e-type=\"section\">\n\t\t\t\t\t\t<div class=\"elementor-container elementor-column-gap-default\">\n\t\t\t\t\t<div class=\"elementor-column elementor-col-100 elementor-top-column elementor-element elementor-element-cd261c0\" data-id=\"cd261c0\" data-element_type=\"column\" data-e-type=\"column\">\n\t\t\t<div class=\"elementor-widget-wrap elementor-element-populated\">\n\t\t\t\t\t\t<div class=\"elementor-element elementor-element-99ab532 elementor-widget elementor-widget-text-editor\" data-id=\"99ab532\" data-element_type=\"widget\" data-e-type=\"widget\" data-widget_type=\"text-editor.default\">\n\t\t\t\t<div class=\"elementor-widget-container\">\n\t\t\t\t\t\t\t\t\t<p data-start=\"230\" data-end=\"514\"><b>Neo Pistea<\/b> vuelve a Espa\u00f1a con dos fechas muy especiales. El 4 de septiembre estar\u00e1 en la sala Apolo de Barcelona y el 6 en la sala But de Madrid. Los conciertos forman parte de su <em data-start=\"440\" data-end=\"471\">CULTO Tour Internacional 2025<\/em> y celebran el impacto global de su m\u00fasica. Las entradas est\u00e1n a la venta en Live Nation y Ticketmaster.<\/p><p data-start=\"516\" data-end=\"812\">El artista argentino llega en uno de los mejores momentos de su carrera. Con el \u00e1lbum <em data-start=\"602\" data-end=\"609\">Culto<\/em> como eje central del show, repasar\u00e1 tambi\u00e9n los temas que marcaron su trayectoria en el trap. Ser\u00e1 una oportunidad \u00fanica de vivir en directo un espect\u00e1culo que promete conexi\u00f3n, energ\u00eda y entrega total.<\/p>\t\t\t\t\t\t\t\t<\/div>\n\t\t\t\t<\/div>\n\t\t\t\t\t<\/div>\n\t\t<\/div>\n\t\t\t\t\t<\/div>\n\t\t<\/section>\n\t\t\t\t<section class=\"elementor-section elementor-top-section elementor-element elementor-element-3035d70 elementor-section-boxed elementor-section-height-default elementor-section-height-default\" data-id=\"3035d70\" data-element_type=\"section\" data-e-type=\"section\">\n\t\t\t\t\t\t<div class=\"elementor-container elementor-column-gap-default\">\n\t\t\t\t\t<div class=\"elementor-column elementor-col-100 elementor-top-column elementor-element elementor-element-667bf23\" data-id=\"667bf23\" data-element_type=\"column\" data-e-type=\"column\">\n\t\t\t<div class=\"elementor-widget-wrap elementor-element-populated\">\n\t\t\t\t\t\t<div class=\"elementor-element elementor-element-5967169 elementor-widget elementor-widget-image\" data-id=\"5967169\" data-element_type=\"widget\" data-e-type=\"widget\" data-widget_type=\"image.default\">\n\t\t\t\t<div class=\"elementor-widget-container\">\n\t\t\t\t\t\t\t\t\t\t\t\t\t\t\t<img fetchpriority=\"high\" decoding=\"async\" width=\"640\" height=\"360\" src=\"https:\/\/unaymilletras.com\/wp-content\/uploads\/2025\/06\/META-1920x1080-X-1-1024x576.jpg\" class=\"attachment-large size-large wp-image-5088\" alt=\"Neo Pistea\" srcset=\"https:\/\/unaymilletras.com\/wp-content\/uploads\/2025\/06\/META-1920x1080-X-1-1024x576.jpg 1024w, https:\/\/unaymilletras.com\/wp-content\/uploads\/2025\/06\/META-1920x1080-X-1-300x169.jpg 300w, https:\/\/unaymilletras.com\/wp-content\/uploads\/2025\/06\/META-1920x1080-X-1-768x432.jpg 768w, https:\/\/unaymilletras.com\/wp-content\/uploads\/2025\/06\/META-1920x1080-X-1-1536x864.jpg 1536w, https:\/\/unaymilletras.com\/wp-content\/uploads\/2025\/06\/META-1920x1080-X-1-18x10.jpg 18w, https:\/\/unaymilletras.com\/wp-content\/uploads\/2025\/06\/META-1920x1080-X-1-1280x720.jpg 1280w, https:\/\/unaymilletras.com\/wp-content\/uploads\/2025\/06\/META-1920x1080-X-1-e1750498200952.jpg 600w\" sizes=\"(max-width: 640px) 100vw, 640px\" \/>\t\t\t\t\t\t\t\t\t\t\t\t\t\t\t<\/div>\n\t\t\t\t<\/div>\n\t\t\t\t\t<\/div>\n\t\t<\/div>\n\t\t\t\t\t<\/div>\n\t\t<\/section>\n\t\t\t\t<section class=\"elementor-section elementor-top-section elementor-element elementor-element-2554455 elementor-section-boxed elementor-section-height-default elementor-section-height-default\" data-id=\"2554455\" data-element_type=\"section\" data-e-type=\"section\">\n\t\t\t\t\t\t<div class=\"elementor-container elementor-column-gap-default\">\n\t\t\t\t\t<div class=\"elementor-column elementor-col-100 elementor-top-column elementor-element elementor-element-4a010c3\" data-id=\"4a010c3\" data-element_type=\"column\" data-e-type=\"column\">\n\t\t\t<div class=\"elementor-widget-wrap elementor-element-populated\">\n\t\t\t\t\t\t<div class=\"elementor-element elementor-element-402a9a3 elementor-widget elementor-widget-text-editor\" data-id=\"402a9a3\" data-element_type=\"widget\" data-e-type=\"widget\" data-widget_type=\"text-editor.default\">\n\t\t\t\t<div class=\"elementor-widget-container\">\n\t\t\t\t\t\t\t\t\t<p data-start=\"814\" data-end=\"1095\">Con <em data-start=\"1101\" data-end=\"1108\">Culto<\/em>, Neo Pistea firm\u00f3 un trabajo esencial dentro del g\u00e9nero. Once canciones que re\u00fanen colaboraciones de peso y demuestran por qu\u00e9 sigue siendo un referente. El disco conecta con lo m\u00e1s visceral del trap y reafirma su capacidad de innovar sin perder ra\u00edces.<\/p><p data-start=\"1364\" data-end=\"1614\">Desde sus inicios, Neo ha defendido la autenticidad como una bandera. Sus letras hablan del barrio, la calle y las emociones sin filtro. Para \u00e9l, el trap es m\u00e1s que m\u00fasica: es una forma de vida y una herramienta de expresi\u00f3n para toda una generaci\u00f3n.<\/p><p data-start=\"1616\" data-end=\"1895\">En sus shows no hay artificios. Cada concierto es una ceremonia de verdad y ritmo, donde el p\u00fablico y el artista se funden. As\u00ed ser\u00e1 tambi\u00e9n en esta gira. <em data-start=\"1771\" data-end=\"1783\">CULTO Tour<\/em> no es s\u00f3lo m\u00fasica en vivo, es una experiencia que refleja el pulso real de una escena que \u00e9l ayud\u00f3 a construir.<\/p><p data-start=\"1897\" data-end=\"2081\" data-is-last-node=\"\" data-is-only-node=\"\">Neo Pistea fue clave en el nacimiento del trap argentino. Su voz y visi\u00f3n siguen marcando camino. Este septiembre, Barcelona y Madrid ser\u00e1n testigos de su ritual m\u00e1s crudo y aut\u00e9ntico.<\/p>\t\t\t\t\t\t\t\t<\/div>\n\t\t\t\t<\/div>\n\t\t\t\t\t<\/div>\n\t\t<\/div>\n\t\t\t\t\t<\/div>\n\t\t<\/section>\n\t\t\t\t<\/div>","protected":false},"excerpt":{"rendered":"<p>Neo Pistea traer\u00e1 a Espa\u00f1a en septiembre su \u00e1lbum \u201cCulto\u201d con dos conciertos que prometen convertirse en rituales musicales Neo Pistea vuelve a Espa\u00f1a con dos fechas muy especiales. El 4 de septiembre estar\u00e1 en la sala Apolo de Barcelona y el 6 en la sala But de Madrid. Los conciertos forman parte de su [&hellip;]<\/p>\n","protected":false},"author":6,"featured_media":5088,"comment_status":"closed","ping_status":"closed","sticky":false,"template":"","format":"standard","meta":{"footnotes":""},"categories":[4],"tags":[],"class_list":["post-5075","post","type-post","status-publish","format-standard","has-post-thumbnail","hentry","category-musica"],"yoast_head":"<!-- This site is optimized with the Yoast SEO plugin v27.4 - https:\/\/yoast.com\/product\/yoast-seo-wordpress\/ -->\n<title>Neo Pistea llenar\u00e1 Espa\u00f1a de CULTO<\/title>\n<meta name=\"description\" content=\"Neo Pistea traer\u00e1 a Espa\u00f1a en septiembre su \u00e1lbum \u201cCulto\u201d con dos conciertos que prometen convertirse en rituales musicales\" \/>\n<meta name=\"robots\" content=\"index, follow, max-snippet:-1, max-image-preview:large, max-video-preview:-1\" \/>\n<link rel=\"canonical\" href=\"https:\/\/unaymilletras.com\/en\/neo-pistea-llenara-espana-de-culto\/\" \/>\n<meta property=\"og:locale\" content=\"en_GB\" \/>\n<meta property=\"og:type\" content=\"article\" \/>\n<meta property=\"og:title\" content=\"Neo Pistea llenar\u00e1 Espa\u00f1a de CULTO\" \/>\n<meta property=\"og:description\" content=\"Neo Pistea traer\u00e1 a Espa\u00f1a en septiembre su \u00e1lbum \u201cCulto\u201d con dos conciertos que prometen convertirse en rituales musicales\" \/>\n<meta property=\"og:url\" content=\"https:\/\/unaymilletras.com\/en\/neo-pistea-llenara-espana-de-culto\/\" \/>\n<meta property=\"og:site_name\" content=\"Una y Mil Letras\" \/>\n<meta property=\"article:published_time\" content=\"2025-06-21T09:45:37+00:00\" \/>\n<meta property=\"article:modified_time\" content=\"2025-06-21T09:46:45+00:00\" \/>\n<meta property=\"og:image\" content=\"http:\/\/unaymilletras.com\/wp-content\/uploads\/2025\/06\/META-1920x1080-X-1-e1750498200952.jpg\" \/>\n\t<meta property=\"og:image:width\" content=\"600\" \/>\n\t<meta property=\"og:image:height\" content=\"338\" \/>\n\t<meta property=\"og:image:type\" content=\"image\/jpeg\" \/>\n<meta name=\"author\" content=\"Redacci\u00f3n\" \/>\n<meta name=\"twitter:card\" content=\"summary_large_image\" \/>\n<meta name=\"twitter:creator\" content=\"@UnaYMilLetras\" \/>\n<meta name=\"twitter:site\" content=\"@UnaYMilLetras\" \/>\n<meta name=\"twitter:label1\" content=\"Written by\" \/>\n\t<meta name=\"twitter:data1\" content=\"Redacci\u00f3n\" \/>\n\t<meta name=\"twitter:label2\" content=\"Estimated reading time\" \/>\n\t<meta name=\"twitter:data2\" content=\"2 minutes\" \/>\n<script type=\"application\/ld+json\" class=\"yoast-schema-graph\">{\"@context\":\"https:\\\/\\\/schema.org\",\"@graph\":[{\"@type\":\"Article\",\"@id\":\"https:\\\/\\\/unaymilletras.com\\\/neo-pistea-llenara-espana-de-culto\\\/#article\",\"isPartOf\":{\"@id\":\"https:\\\/\\\/unaymilletras.com\\\/neo-pistea-llenara-espana-de-culto\\\/\"},\"author\":{\"name\":\"Redacci\u00f3n\",\"@id\":\"http:\\\/\\\/unaymilletras.com\\\/#\\\/schema\\\/person\\\/0860dc8a218329991ee2c7591f4f849d\"},\"headline\":\"Neo Pistea llenar\u00e1 Espa\u00f1a de CULTO\",\"datePublished\":\"2025-06-21T09:45:37+00:00\",\"dateModified\":\"2025-06-21T09:46:45+00:00\",\"mainEntityOfPage\":{\"@id\":\"https:\\\/\\\/unaymilletras.com\\\/neo-pistea-llenara-espana-de-culto\\\/\"},\"wordCount\":329,\"publisher\":{\"@id\":\"http:\\\/\\\/unaymilletras.com\\\/#organization\"},\"image\":{\"@id\":\"https:\\\/\\\/unaymilletras.com\\\/neo-pistea-llenara-espana-de-culto\\\/#primaryimage\"},\"thumbnailUrl\":\"https:\\\/\\\/unaymilletras.com\\\/wp-content\\\/uploads\\\/2025\\\/06\\\/META-1920x1080-X-1-e1750498200952.jpg\",\"articleSection\":[\"M\u00fasica\"],\"inLanguage\":\"en-GB\"},{\"@type\":\"WebPage\",\"@id\":\"https:\\\/\\\/unaymilletras.com\\\/neo-pistea-llenara-espana-de-culto\\\/\",\"url\":\"https:\\\/\\\/unaymilletras.com\\\/neo-pistea-llenara-espana-de-culto\\\/\",\"name\":\"Neo Pistea llenar\u00e1 Espa\u00f1a de CULTO\",\"isPartOf\":{\"@id\":\"http:\\\/\\\/unaymilletras.com\\\/#website\"},\"primaryImageOfPage\":{\"@id\":\"https:\\\/\\\/unaymilletras.com\\\/neo-pistea-llenara-espana-de-culto\\\/#primaryimage\"},\"image\":{\"@id\":\"https:\\\/\\\/unaymilletras.com\\\/neo-pistea-llenara-espana-de-culto\\\/#primaryimage\"},\"thumbnailUrl\":\"https:\\\/\\\/unaymilletras.com\\\/wp-content\\\/uploads\\\/2025\\\/06\\\/META-1920x1080-X-1-e1750498200952.jpg\",\"datePublished\":\"2025-06-21T09:45:37+00:00\",\"dateModified\":\"2025-06-21T09:46:45+00:00\",\"description\":\"Neo Pistea traer\u00e1 a Espa\u00f1a en septiembre su \u00e1lbum \u201cCulto\u201d con dos conciertos que prometen convertirse en rituales musicales\",\"breadcrumb\":{\"@id\":\"https:\\\/\\\/unaymilletras.com\\\/neo-pistea-llenara-espana-de-culto\\\/#breadcrumb\"},\"inLanguage\":\"en-GB\",\"potentialAction\":[{\"@type\":\"ReadAction\",\"target\":[\"https:\\\/\\\/unaymilletras.com\\\/neo-pistea-llenara-espana-de-culto\\\/\"]}]},{\"@type\":\"ImageObject\",\"inLanguage\":\"en-GB\",\"@id\":\"https:\\\/\\\/unaymilletras.com\\\/neo-pistea-llenara-espana-de-culto\\\/#primaryimage\",\"url\":\"https:\\\/\\\/unaymilletras.com\\\/wp-content\\\/uploads\\\/2025\\\/06\\\/META-1920x1080-X-1-e1750498200952.jpg\",\"contentUrl\":\"https:\\\/\\\/unaymilletras.com\\\/wp-content\\\/uploads\\\/2025\\\/06\\\/META-1920x1080-X-1-e1750498200952.jpg\",\"width\":600,\"height\":338,\"caption\":\"Neo Pistea\"},{\"@type\":\"BreadcrumbList\",\"@id\":\"https:\\\/\\\/unaymilletras.com\\\/neo-pistea-llenara-espana-de-culto\\\/#breadcrumb\",\"itemListElement\":[{\"@type\":\"ListItem\",\"position\":1,\"name\":\"Home\",\"item\":\"http:\\\/\\\/unaymilletras.com\\\/\"},{\"@type\":\"ListItem\",\"position\":2,\"name\":\"Neo Pistea llenar\u00e1 Espa\u00f1a de CULTO\"}]},{\"@type\":\"WebSite\",\"@id\":\"http:\\\/\\\/unaymilletras.com\\\/#website\",\"url\":\"http:\\\/\\\/unaymilletras.com\\\/\",\"name\":\"Una y Mil Letras\",\"description\":\"\",\"publisher\":{\"@id\":\"http:\\\/\\\/unaymilletras.com\\\/#organization\"},\"potentialAction\":[{\"@type\":\"SearchAction\",\"target\":{\"@type\":\"EntryPoint\",\"urlTemplate\":\"http:\\\/\\\/unaymilletras.com\\\/?s={search_term_string}\"},\"query-input\":{\"@type\":\"PropertyValueSpecification\",\"valueRequired\":true,\"valueName\":\"search_term_string\"}}],\"inLanguage\":\"en-GB\"},{\"@type\":\"Organization\",\"@id\":\"http:\\\/\\\/unaymilletras.com\\\/#organization\",\"name\":\"Una y Mil Letras\",\"url\":\"http:\\\/\\\/unaymilletras.com\\\/\",\"logo\":{\"@type\":\"ImageObject\",\"inLanguage\":\"en-GB\",\"@id\":\"http:\\\/\\\/unaymilletras.com\\\/#\\\/schema\\\/logo\\\/image\\\/\",\"url\":\"https:\\\/\\\/unaymilletras.com\\\/wp-content\\\/uploads\\\/2024\\\/06\\\/cropped-Logo-removebg-preview.png\",\"contentUrl\":\"https:\\\/\\\/unaymilletras.com\\\/wp-content\\\/uploads\\\/2024\\\/06\\\/cropped-Logo-removebg-preview.png\",\"width\":512,\"height\":512,\"caption\":\"Una y Mil Letras\"},\"image\":{\"@id\":\"http:\\\/\\\/unaymilletras.com\\\/#\\\/schema\\\/logo\\\/image\\\/\"},\"sameAs\":[\"https:\\\/\\\/x.com\\\/UnaYMilLetras\",\"https:\\\/\\\/instagram.com\\\/UnaYMilLetras\"]},{\"@type\":\"Person\",\"@id\":\"http:\\\/\\\/unaymilletras.com\\\/#\\\/schema\\\/person\\\/0860dc8a218329991ee2c7591f4f849d\",\"name\":\"Redacci\u00f3n\",\"image\":{\"@type\":\"ImageObject\",\"inLanguage\":\"en-GB\",\"@id\":\"https:\\\/\\\/secure.gravatar.com\\\/avatar\\\/d8f55e05a8b6597e45c55a1dcbdbfe44f4a360d88b48e00de5216a79b7732796?s=96&d=mm&r=g\",\"url\":\"https:\\\/\\\/secure.gravatar.com\\\/avatar\\\/d8f55e05a8b6597e45c55a1dcbdbfe44f4a360d88b48e00de5216a79b7732796?s=96&d=mm&r=g\",\"contentUrl\":\"https:\\\/\\\/secure.gravatar.com\\\/avatar\\\/d8f55e05a8b6597e45c55a1dcbdbfe44f4a360d88b48e00de5216a79b7732796?s=96&d=mm&r=g\",\"caption\":\"Redacci\u00f3n\"},\"url\":\"https:\\\/\\\/unaymilletras.com\\\/en\\\/author\\\/redaccion\\\/\"}]}<\/script>\n<!-- \/ Yoast SEO plugin. -->","yoast_head_json":{"title":"Neo Pistea llenar\u00e1 Espa\u00f1a de CULTO","description":"Neo Pistea traer\u00e1 a Espa\u00f1a en septiembre su \u00e1lbum \u201cCulto\u201d con dos conciertos que prometen convertirse en rituales musicales","robots":{"index":"index","follow":"follow","max-snippet":"max-snippet:-1","max-image-preview":"max-image-preview:large","max-video-preview":"max-video-preview:-1"},"canonical":"https:\/\/unaymilletras.com\/en\/neo-pistea-llenara-espana-de-culto\/","og_locale":"en_GB","og_type":"article","og_title":"Neo Pistea llenar\u00e1 Espa\u00f1a de CULTO","og_description":"Neo Pistea traer\u00e1 a Espa\u00f1a en septiembre su \u00e1lbum \u201cCulto\u201d con dos conciertos que prometen convertirse en rituales musicales","og_url":"https:\/\/unaymilletras.com\/en\/neo-pistea-llenara-espana-de-culto\/","og_site_name":"Una y Mil Letras","article_published_time":"2025-06-21T09:45:37+00:00","article_modified_time":"2025-06-21T09:46:45+00:00","og_image":[{"width":600,"height":338,"url":"http:\/\/unaymilletras.com\/wp-content\/uploads\/2025\/06\/META-1920x1080-X-1-e1750498200952.jpg","type":"image\/jpeg"}],"author":"Redacci\u00f3n","twitter_card":"summary_large_image","twitter_creator":"@UnaYMilLetras","twitter_site":"@UnaYMilLetras","twitter_misc":{"Written by":"Redacci\u00f3n","Estimated reading time":"2 minutes"},"schema":{"@context":"https:\/\/schema.org","@graph":[{"@type":"Article","@id":"https:\/\/unaymilletras.com\/neo-pistea-llenara-espana-de-culto\/#article","isPartOf":{"@id":"https:\/\/unaymilletras.com\/neo-pistea-llenara-espana-de-culto\/"},"author":{"name":"Redacci\u00f3n","@id":"http:\/\/unaymilletras.com\/#\/schema\/person\/0860dc8a218329991ee2c7591f4f849d"},"headline":"Neo Pistea llenar\u00e1 Espa\u00f1a de CULTO","datePublished":"2025-06-21T09:45:37+00:00","dateModified":"2025-06-21T09:46:45+00:00","mainEntityOfPage":{"@id":"https:\/\/unaymilletras.com\/neo-pistea-llenara-espana-de-culto\/"},"wordCount":329,"publisher":{"@id":"http:\/\/unaymilletras.com\/#organization"},"image":{"@id":"https:\/\/unaymilletras.com\/neo-pistea-llenara-espana-de-culto\/#primaryimage"},"thumbnailUrl":"https:\/\/unaymilletras.com\/wp-content\/uploads\/2025\/06\/META-1920x1080-X-1-e1750498200952.jpg","articleSection":["M\u00fasica"],"inLanguage":"en-GB"},{"@type":"WebPage","@id":"https:\/\/unaymilletras.com\/neo-pistea-llenara-espana-de-culto\/","url":"https:\/\/unaymilletras.com\/neo-pistea-llenara-espana-de-culto\/","name":"Neo Pistea llenar\u00e1 Espa\u00f1a de CULTO","isPartOf":{"@id":"http:\/\/unaymilletras.com\/#website"},"primaryImageOfPage":{"@id":"https:\/\/unaymilletras.com\/neo-pistea-llenara-espana-de-culto\/#primaryimage"},"image":{"@id":"https:\/\/unaymilletras.com\/neo-pistea-llenara-espana-de-culto\/#primaryimage"},"thumbnailUrl":"https:\/\/unaymilletras.com\/wp-content\/uploads\/2025\/06\/META-1920x1080-X-1-e1750498200952.jpg","datePublished":"2025-06-21T09:45:37+00:00","dateModified":"2025-06-21T09:46:45+00:00","description":"Neo Pistea traer\u00e1 a Espa\u00f1a en septiembre su \u00e1lbum \u201cCulto\u201d con dos conciertos que prometen convertirse en rituales musicales","breadcrumb":{"@id":"https:\/\/unaymilletras.com\/neo-pistea-llenara-espana-de-culto\/#breadcrumb"},"inLanguage":"en-GB","potentialAction":[{"@type":"ReadAction","target":["https:\/\/unaymilletras.com\/neo-pistea-llenara-espana-de-culto\/"]}]},{"@type":"ImageObject","inLanguage":"en-GB","@id":"https:\/\/unaymilletras.com\/neo-pistea-llenara-espana-de-culto\/#primaryimage","url":"https:\/\/unaymilletras.com\/wp-content\/uploads\/2025\/06\/META-1920x1080-X-1-e1750498200952.jpg","contentUrl":"https:\/\/unaymilletras.com\/wp-content\/uploads\/2025\/06\/META-1920x1080-X-1-e1750498200952.jpg","width":600,"height":338,"caption":"Neo Pistea"},{"@type":"BreadcrumbList","@id":"https:\/\/unaymilletras.com\/neo-pistea-llenara-espana-de-culto\/#breadcrumb","itemListElement":[{"@type":"ListItem","position":1,"name":"Home","item":"http:\/\/unaymilletras.com\/"},{"@type":"ListItem","position":2,"name":"Neo Pistea llenar\u00e1 Espa\u00f1a de CULTO"}]},{"@type":"WebSite","@id":"http:\/\/unaymilletras.com\/#website","url":"http:\/\/unaymilletras.com\/","name":"Una y Mil Letras","description":"","publisher":{"@id":"http:\/\/unaymilletras.com\/#organization"},"potentialAction":[{"@type":"SearchAction","target":{"@type":"EntryPoint","urlTemplate":"http:\/\/unaymilletras.com\/?s={search_term_string}"},"query-input":{"@type":"PropertyValueSpecification","valueRequired":true,"valueName":"search_term_string"}}],"inLanguage":"en-GB"},{"@type":"Organization","@id":"http:\/\/unaymilletras.com\/#organization","name":"Una y Mil Letras","url":"http:\/\/unaymilletras.com\/","logo":{"@type":"ImageObject","inLanguage":"en-GB","@id":"http:\/\/unaymilletras.com\/#\/schema\/logo\/image\/","url":"https:\/\/unaymilletras.com\/wp-content\/uploads\/2024\/06\/cropped-Logo-removebg-preview.png","contentUrl":"https:\/\/unaymilletras.com\/wp-content\/uploads\/2024\/06\/cropped-Logo-removebg-preview.png","width":512,"height":512,"caption":"Una y Mil Letras"},"image":{"@id":"http:\/\/unaymilletras.com\/#\/schema\/logo\/image\/"},"sameAs":["https:\/\/x.com\/UnaYMilLetras","https:\/\/instagram.com\/UnaYMilLetras"]},{"@type":"Person","@id":"http:\/\/unaymilletras.com\/#\/schema\/person\/0860dc8a218329991ee2c7591f4f849d","name":"Redacci\u00f3n","image":{"@type":"ImageObject","inLanguage":"en-GB","@id":"https:\/\/secure.gravatar.com\/avatar\/d8f55e05a8b6597e45c55a1dcbdbfe44f4a360d88b48e00de5216a79b7732796?s=96&d=mm&r=g","url":"https:\/\/secure.gravatar.com\/avatar\/d8f55e05a8b6597e45c55a1dcbdbfe44f4a360d88b48e00de5216a79b7732796?s=96&d=mm&r=g","contentUrl":"https:\/\/secure.gravatar.com\/avatar\/d8f55e05a8b6597e45c55a1dcbdbfe44f4a360d88b48e00de5216a79b7732796?s=96&d=mm&r=g","caption":"Redacci\u00f3n"},"url":"https:\/\/unaymilletras.com\/en\/author\/redaccion\/"}]}},"_links":{"self":[{"href":"https:\/\/unaymilletras.com\/en\/wp-json\/wp\/v2\/posts\/5075","targetHints":{"allow":["GET"]}}],"collection":[{"href":"https:\/\/unaymilletras.com\/en\/wp-json\/wp\/v2\/posts"}],"about":[{"href":"https:\/\/unaymilletras.com\/en\/wp-json\/wp\/v2\/types\/post"}],"author":[{"embeddable":true,"href":"https:\/\/unaymilletras.com\/en\/wp-json\/wp\/v2\/users\/6"}],"replies":[{"embeddable":true,"href":"https:\/\/unaymilletras.com\/en\/wp-json\/wp\/v2\/comments?post=5075"}],"version-history":[{"count":7,"href":"https:\/\/unaymilletras.com\/en\/wp-json\/wp\/v2\/posts\/5075\/revisions"}],"predecessor-version":[{"id":5094,"href":"https:\/\/unaymilletras.com\/en\/wp-json\/wp\/v2\/posts\/5075\/revisions\/5094"}],"wp:featuredmedia":[{"embeddable":true,"href":"https:\/\/unaymilletras.com\/en\/wp-json\/wp\/v2\/media\/5088"}],"wp:attachment":[{"href":"https:\/\/unaymilletras.com\/en\/wp-json\/wp\/v2\/media?parent=5075"}],"wp:term":[{"taxonomy":"category","embeddable":true,"href":"https:\/\/unaymilletras.com\/en\/wp-json\/wp\/v2\/categories?post=5075"},{"taxonomy":"post_tag","embeddable":true,"href":"https:\/\/unaymilletras.com\/en\/wp-json\/wp\/v2\/tags?post=5075"}],"curies":[{"name":"wp","href":"https:\/\/api.w.org\/{rel}","templated":true}]}}