{"id":5095,"date":"2025-06-22T13:49:32","date_gmt":"2025-06-22T11:49:32","guid":{"rendered":"https:\/\/unaymilletras.com\/?p=5095"},"modified":"2025-06-22T13:51:58","modified_gmt":"2025-06-22T11:51:58","slug":"termina-el-share-fest-2025-con-un-cartel-liderado-por-mujeres","status":"publish","type":"post","link":"https:\/\/unaymilletras.com\/en\/termina-el-share-fest-2025-con-un-cartel-liderado-por-mujeres\/","title":{"rendered":"Termina el Share Festival 2025 con un cartel liderado por mujeres"},"content":{"rendered":"<div data-elementor-type=\"wp-post\" data-elementor-id=\"5095\" class=\"elementor elementor-5095\">\n\t\t\t\t\t\t<section class=\"elementor-section elementor-top-section elementor-element elementor-element-da8acdd elementor-section-boxed elementor-section-height-default elementor-section-height-default\" data-id=\"da8acdd\" data-element_type=\"section\" data-e-type=\"section\">\n\t\t\t\t\t\t<div class=\"elementor-container elementor-column-gap-default\">\n\t\t\t\t\t<div class=\"elementor-column elementor-col-100 elementor-top-column elementor-element elementor-element-939195e\" data-id=\"939195e\" data-element_type=\"column\" data-e-type=\"column\">\n\t\t\t<div class=\"elementor-widget-wrap elementor-element-populated\">\n\t\t\t\t\t\t<div class=\"elementor-element elementor-element-6232b2d elementor-widget elementor-widget-text-editor\" data-id=\"6232b2d\" data-element_type=\"widget\" data-e-type=\"widget\" data-widget_type=\"text-editor.default\">\n\t\t\t\t<div class=\"elementor-widget-container\">\n\t\t\t\t\t\t\t\t\t<h2 style=\"text-align: center;\" data-start=\"0\" data-end=\"273\"><span style=\"color: #808080;\"><em data-start=\"118\" data-end=\"273\">El Share Festival 2025 reafirma su papel como referente para el p\u00fablico joven con dos d\u00edas de m\u00fasica y 50.000 asistentes<\/em><\/span><\/h2>\t\t\t\t\t\t\t\t<\/div>\n\t\t\t\t<\/div>\n\t\t\t\t\t<\/div>\n\t\t<\/div>\n\t\t\t\t\t<\/div>\n\t\t<\/section>\n\t\t\t\t<section class=\"elementor-section elementor-top-section elementor-element elementor-element-a69a509 elementor-section-boxed elementor-section-height-default elementor-section-height-default\" data-id=\"a69a509\" data-element_type=\"section\" data-e-type=\"section\">\n\t\t\t\t\t\t<div class=\"elementor-container elementor-column-gap-default\">\n\t\t\t\t\t<div class=\"elementor-column elementor-col-100 elementor-top-column elementor-element elementor-element-0b6f9b6\" data-id=\"0b6f9b6\" data-element_type=\"column\" data-e-type=\"column\">\n\t\t\t<div class=\"elementor-widget-wrap elementor-element-populated\">\n\t\t\t\t\t\t<div class=\"elementor-element elementor-element-c57fcf7 elementor-widget elementor-widget-text-editor\" data-id=\"c57fcf7\" data-element_type=\"widget\" data-e-type=\"widget\" data-widget_type=\"text-editor.default\">\n\t\t\t\t<div class=\"elementor-widget-container\">\n\t\t\t\t\t\t\t\t\t<p data-start=\"275\" data-end=\"603\">Share Festival 2025 ha marcado un nuevo r\u00e9cord. En solo dos d\u00edas, 50.000 personas asistieron al evento, colgando el cartel de \u201csold out\u201d en ambas jornadas. Celebrado los d\u00edas 20 y 21 de junio en el Parc del F\u00f2rum de Barcelona, el festival se consolida como uno de los referentes culturales para el p\u00fablico joven en nuestro pa\u00eds.<\/p><p data-start=\"605\" data-end=\"844\">Por segundo a\u00f1o consecutivo, el Share Festival present\u00f3 un cartel mayoritariamente femenino. Esta apuesta refuerza su compromiso con la igualdad en la industria musical, visibilizando el talento emergente y consolidado de artistas mujeres.<\/p>\t\t\t\t\t\t\t\t<\/div>\n\t\t\t\t<\/div>\n\t\t\t\t\t<\/div>\n\t\t<\/div>\n\t\t\t\t\t<\/div>\n\t\t<\/section>\n\t\t\t\t<section class=\"elementor-section elementor-top-section elementor-element elementor-element-4a2484e elementor-section-boxed elementor-section-height-default elementor-section-height-default\" data-id=\"4a2484e\" data-element_type=\"section\" data-e-type=\"section\">\n\t\t\t\t\t\t<div class=\"elementor-container elementor-column-gap-default\">\n\t\t\t\t\t<div class=\"elementor-column elementor-col-100 elementor-top-column elementor-element elementor-element-ddba108\" data-id=\"ddba108\" data-element_type=\"column\" data-e-type=\"column\">\n\t\t\t<div class=\"elementor-widget-wrap elementor-element-populated\">\n\t\t\t\t\t\t<div class=\"elementor-element elementor-element-e8ce1c2 elementor-widget elementor-widget-image\" data-id=\"e8ce1c2\" data-element_type=\"widget\" data-e-type=\"widget\" data-widget_type=\"image.default\">\n\t\t\t\t<div class=\"elementor-widget-container\">\n\t\t\t\t\t\t\t\t\t\t\t\t\t\t\t<img fetchpriority=\"high\" decoding=\"async\" width=\"640\" height=\"426\" src=\"https:\/\/unaymilletras.com\/wp-content\/uploads\/2025\/06\/SHARE_FEST_2025_DSS_21_06_\u00a9Roser_Gamonal_i_Gisela_Jane_0018-1024x682.jpg\" class=\"attachment-large size-large wp-image-5097\" alt=\"Share Festival\" srcset=\"https:\/\/unaymilletras.com\/wp-content\/uploads\/2025\/06\/SHARE_FEST_2025_DSS_21_06_\u00a9Roser_Gamonal_i_Gisela_Jane_0018-1024x682.jpg 1024w, https:\/\/unaymilletras.com\/wp-content\/uploads\/2025\/06\/SHARE_FEST_2025_DSS_21_06_\u00a9Roser_Gamonal_i_Gisela_Jane_0018-300x200.jpg 300w, https:\/\/unaymilletras.com\/wp-content\/uploads\/2025\/06\/SHARE_FEST_2025_DSS_21_06_\u00a9Roser_Gamonal_i_Gisela_Jane_0018-768x512.jpg 768w, https:\/\/unaymilletras.com\/wp-content\/uploads\/2025\/06\/SHARE_FEST_2025_DSS_21_06_\u00a9Roser_Gamonal_i_Gisela_Jane_0018-1536x1024.jpg 1536w, https:\/\/unaymilletras.com\/wp-content\/uploads\/2025\/06\/SHARE_FEST_2025_DSS_21_06_\u00a9Roser_Gamonal_i_Gisela_Jane_0018-18x12.jpg 18w, https:\/\/unaymilletras.com\/wp-content\/uploads\/2025\/06\/SHARE_FEST_2025_DSS_21_06_\u00a9Roser_Gamonal_i_Gisela_Jane_0018-e1750592508144.jpg 600w\" sizes=\"(max-width: 640px) 100vw, 640px\" \/>\t\t\t\t\t\t\t\t\t\t\t\t\t\t\t<\/div>\n\t\t\t\t<\/div>\n\t\t\t\t\t<\/div>\n\t\t<\/div>\n\t\t\t\t\t<\/div>\n\t\t<\/section>\n\t\t\t\t<section class=\"elementor-section elementor-top-section elementor-element elementor-element-343d1b0 elementor-section-boxed elementor-section-height-default elementor-section-height-default\" data-id=\"343d1b0\" data-element_type=\"section\" data-e-type=\"section\">\n\t\t\t\t\t\t<div class=\"elementor-container elementor-column-gap-default\">\n\t\t\t\t\t<div class=\"elementor-column elementor-col-100 elementor-top-column elementor-element elementor-element-1f0ef47\" data-id=\"1f0ef47\" data-element_type=\"column\" data-e-type=\"column\">\n\t\t\t<div class=\"elementor-widget-wrap elementor-element-populated\">\n\t\t\t\t\t\t<div class=\"elementor-element elementor-element-411809f elementor-widget elementor-widget-text-editor\" data-id=\"411809f\" data-element_type=\"widget\" data-e-type=\"widget\" data-widget_type=\"text-editor.default\">\n\t\t\t\t<div class=\"elementor-widget-container\">\n\t\t\t\t\t\t\t\t\t<p data-start=\"846\" data-end=\"1138\">Durante las dos jornadas, se habilitaron dos escenarios: Negrita y Estrella Damm. Ambos ofrecieron una programaci\u00f3n ecl\u00e9ctica que recorri\u00f3 sonidos urbanos, pop, electr\u00f3nica y propuestas experimentales. La calidad t\u00e9cnica de los directos destac\u00f3 como uno de los puntos fuertes de esta edici\u00f3n.<\/p><p data-start=\"1140\" data-end=\"1432\">El 20 de junio se vivi\u00f3 una primera jornada vibrante. Bad Gyal cerr\u00f3 la noche con su \u00fanico concierto en Catalu\u00f1a dentro de su gira <em data-start=\"1271\" data-end=\"1292\">Bikini Badness Tour<\/em>, acompa\u00f1ada por Mushkaa en el escenario. Tambi\u00e9n brillaron Saiko, The Tyets, Figa Flawas y La Joaqui, entre otros nombres clave del cartel.<\/p><p data-start=\"1434\" data-end=\"1683\">Ese mismo d\u00eda, el escenario Estrella Damm acogi\u00f3 a Julieta, Omar Courtz, Violeta y De La Rose, que ofrecieron shows en\u00e9rgicos y conectaron intensamente con el p\u00fablico. Desde el inicio, la jornada fue una demostraci\u00f3n de talento y diversidad musical.<\/p><p data-start=\"1685\" data-end=\"1937\">El s\u00e1bado 21 de junio se mantuvo el nivel con nuevos llenos y r\u00e9cord de asistencia. Destacaron las actuaciones de Emilia y Eladio Carri\u00f3n, quienes ofrecieron shows impactantes que coronaron la noche. Tambi\u00e9n se lucieron FloyyMenor, Omar Montes y Denna.<\/p>\t\t\t\t\t\t\t\t<\/div>\n\t\t\t\t<\/div>\n\t\t\t\t\t<\/div>\n\t\t<\/div>\n\t\t\t\t\t<\/div>\n\t\t<\/section>\n\t\t\t\t<section class=\"elementor-section elementor-top-section elementor-element elementor-element-971d12e elementor-section-boxed elementor-section-height-default elementor-section-height-default\" data-id=\"971d12e\" data-element_type=\"section\" data-e-type=\"section\">\n\t\t\t\t\t\t<div class=\"elementor-container elementor-column-gap-default\">\n\t\t\t\t\t<div class=\"elementor-column elementor-col-100 elementor-top-column elementor-element elementor-element-51496d3\" data-id=\"51496d3\" data-element_type=\"column\" data-e-type=\"column\">\n\t\t\t<div class=\"elementor-widget-wrap elementor-element-populated\">\n\t\t\t\t\t\t<div class=\"elementor-element elementor-element-b33147c elementor-widget elementor-widget-image\" data-id=\"b33147c\" data-element_type=\"widget\" data-e-type=\"widget\" data-widget_type=\"image.default\">\n\t\t\t\t<div class=\"elementor-widget-container\">\n\t\t\t\t\t\t\t\t\t\t\t\t\t\t\t<img decoding=\"async\" width=\"640\" height=\"426\" src=\"https:\/\/unaymilletras.com\/wp-content\/uploads\/2025\/06\/SHARE_FEST_2025_DV_20_06_\u00a9Roser_Gamonal_i_Gisela_Jane_0031-1024x682.jpg\" class=\"attachment-large size-large wp-image-5098\" alt=\"Share Festival\" srcset=\"https:\/\/unaymilletras.com\/wp-content\/uploads\/2025\/06\/SHARE_FEST_2025_DV_20_06_\u00a9Roser_Gamonal_i_Gisela_Jane_0031-1024x682.jpg 1024w, https:\/\/unaymilletras.com\/wp-content\/uploads\/2025\/06\/SHARE_FEST_2025_DV_20_06_\u00a9Roser_Gamonal_i_Gisela_Jane_0031-300x200.jpg 300w, https:\/\/unaymilletras.com\/wp-content\/uploads\/2025\/06\/SHARE_FEST_2025_DV_20_06_\u00a9Roser_Gamonal_i_Gisela_Jane_0031-768x512.jpg 768w, https:\/\/unaymilletras.com\/wp-content\/uploads\/2025\/06\/SHARE_FEST_2025_DV_20_06_\u00a9Roser_Gamonal_i_Gisela_Jane_0031-1536x1024.jpg 1536w, https:\/\/unaymilletras.com\/wp-content\/uploads\/2025\/06\/SHARE_FEST_2025_DV_20_06_\u00a9Roser_Gamonal_i_Gisela_Jane_0031-18x12.jpg 18w, https:\/\/unaymilletras.com\/wp-content\/uploads\/2025\/06\/SHARE_FEST_2025_DV_20_06_\u00a9Roser_Gamonal_i_Gisela_Jane_0031-e1750592603115.jpg 600w\" sizes=\"(max-width: 640px) 100vw, 640px\" \/>\t\t\t\t\t\t\t\t\t\t\t\t\t\t\t<\/div>\n\t\t\t\t<\/div>\n\t\t\t\t\t<\/div>\n\t\t<\/div>\n\t\t\t\t\t<\/div>\n\t\t<\/section>\n\t\t\t\t<section class=\"elementor-section elementor-top-section elementor-element elementor-element-19277af elementor-section-boxed elementor-section-height-default elementor-section-height-default\" data-id=\"19277af\" data-element_type=\"section\" data-e-type=\"section\">\n\t\t\t\t\t\t<div class=\"elementor-container elementor-column-gap-default\">\n\t\t\t\t\t<div class=\"elementor-column elementor-col-100 elementor-top-column elementor-element elementor-element-0bcb81d\" data-id=\"0bcb81d\" data-element_type=\"column\" data-e-type=\"column\">\n\t\t\t<div class=\"elementor-widget-wrap elementor-element-populated\">\n\t\t\t\t\t\t<div class=\"elementor-element elementor-element-32d821f elementor-widget elementor-widget-text-editor\" data-id=\"32d821f\" data-element_type=\"widget\" data-e-type=\"widget\" data-widget_type=\"text-editor.default\">\n\t\t\t\t<div class=\"elementor-widget-container\">\n\t\t\t\t\t\t\t\t\t<p data-start=\"1939\" data-end=\"2143\">En el segundo escenario, Juan Mag\u00e1n ofreci\u00f3 el broche final. Tambi\u00e9n pasaron por all\u00ed Khea, L-Gante y Gonzy, que mantuvieron la energ\u00eda del p\u00fablico hasta el \u00faltimo minuto con sus hits y carisma en escena.<\/p><p data-start=\"2145\" data-end=\"2450\">El Share Festival no solo celebra la m\u00fasica. Tambi\u00e9n impulsa iniciativas solidarias y sostenibles. Este a\u00f1o, se han donado m\u00e1s de 3.000 entradas a colectivos vulnerables y se plantar\u00e1n 3.000 \u00e1rboles para compensar emisiones. M\u00e1s de 300.000 acciones solidarias se han completado a trav\u00e9s de su app oficial.<\/p><p data-start=\"2452\" data-end=\"2675\">Durante el festival tambi\u00e9n se activaron puntos informativos sobre educaci\u00f3n sexual, feminismo, salud mental y prevenci\u00f3n de drogas. M\u00e1s de 20 ONG colaboraron, incluyendo Open Arms, Cruz Roja, ACNUR y M\u00e9dicos sin Fronteras.<\/p><p data-start=\"2677\" data-end=\"2912\" data-is-last-node=\"\" data-is-only-node=\"\">El Share Festival 2025 ha superado todas las expectativas. No solo ha reunido a decenas de miles de personas, sino que ha reforzado su identidad como evento cultural comprometido con la juventud, el medio ambiente y la justicia social.<\/p>\t\t\t\t\t\t\t\t<\/div>\n\t\t\t\t<\/div>\n\t\t\t\t\t<\/div>\n\t\t<\/div>\n\t\t\t\t\t<\/div>\n\t\t<\/section>\n\t\t\t\t<\/div>","protected":false},"excerpt":{"rendered":"<p>El Share Festival 2025 reafirma su papel como referente para el p\u00fablico joven con dos d\u00edas de m\u00fasica y 50.000 asistentes Share Festival 2025 ha marcado un nuevo r\u00e9cord. En solo dos d\u00edas, 50.000 personas asistieron al evento, colgando el cartel de \u201csold out\u201d en ambas jornadas. Celebrado los d\u00edas 20 y 21 de junio [&hellip;]<\/p>\n","protected":false},"author":6,"featured_media":5098,"comment_status":"closed","ping_status":"closed","sticky":false,"template":"","format":"standard","meta":{"footnotes":""},"categories":[4],"tags":[],"class_list":["post-5095","post","type-post","status-publish","format-standard","has-post-thumbnail","hentry","category-musica"],"yoast_head":"<!-- This site is optimized with the Yoast SEO plugin v27.4 - https:\/\/yoast.com\/product\/yoast-seo-wordpress\/ -->\n<title>Termina el Share Festival 2025 con un cartel liderado por mujeres<\/title>\n<meta name=\"description\" content=\"El Share Festival 2025 reafirma su papel como referente para el p\u00fablico joven con dos d\u00edas de m\u00fasica y 50.000 asistentes\" \/>\n<meta name=\"robots\" content=\"index, follow, max-snippet:-1, max-image-preview:large, max-video-preview:-1\" \/>\n<link rel=\"canonical\" href=\"https:\/\/unaymilletras.com\/en\/termina-el-share-fest-2025-con-un-cartel-liderado-por-mujeres\/\" \/>\n<meta property=\"og:locale\" content=\"en_GB\" \/>\n<meta property=\"og:type\" content=\"article\" \/>\n<meta property=\"og:title\" content=\"Termina el Share Festival 2025 con un cartel liderado por mujeres\" \/>\n<meta property=\"og:description\" content=\"El Share Festival 2025 reafirma su papel como referente para el p\u00fablico joven con dos d\u00edas de m\u00fasica y 50.000 asistentes\" \/>\n<meta property=\"og:url\" content=\"https:\/\/unaymilletras.com\/en\/termina-el-share-fest-2025-con-un-cartel-liderado-por-mujeres\/\" \/>\n<meta property=\"og:site_name\" content=\"Una y Mil Letras\" \/>\n<meta property=\"article:published_time\" content=\"2025-06-22T11:49:32+00:00\" \/>\n<meta property=\"article:modified_time\" content=\"2025-06-22T11:51:58+00:00\" \/>\n<meta property=\"og:image\" content=\"http:\/\/unaymilletras.com\/wp-content\/uploads\/2025\/06\/SHARE_FEST_2025_DV_20_06_\u00a9Roser_Gamonal_i_Gisela_Jane_0031-e1750592603115.jpg\" \/>\n\t<meta property=\"og:image:width\" content=\"600\" \/>\n\t<meta property=\"og:image:height\" content=\"400\" \/>\n\t<meta property=\"og:image:type\" content=\"image\/jpeg\" \/>\n<meta name=\"author\" content=\"Redacci\u00f3n\" \/>\n<meta name=\"twitter:card\" content=\"summary_large_image\" \/>\n<meta name=\"twitter:creator\" content=\"@UnaYMilLetras\" \/>\n<meta name=\"twitter:site\" content=\"@UnaYMilLetras\" \/>\n<meta name=\"twitter:label1\" content=\"Written by\" \/>\n\t<meta name=\"twitter:data1\" content=\"Redacci\u00f3n\" \/>\n\t<meta name=\"twitter:label2\" content=\"Estimated reading time\" \/>\n\t<meta name=\"twitter:data2\" content=\"3 minutes\" \/>\n<script type=\"application\/ld+json\" class=\"yoast-schema-graph\">{\"@context\":\"https:\\\/\\\/schema.org\",\"@graph\":[{\"@type\":\"Article\",\"@id\":\"https:\\\/\\\/unaymilletras.com\\\/termina-el-share-fest-2025-con-un-cartel-liderado-por-mujeres\\\/#article\",\"isPartOf\":{\"@id\":\"https:\\\/\\\/unaymilletras.com\\\/termina-el-share-fest-2025-con-un-cartel-liderado-por-mujeres\\\/\"},\"author\":{\"name\":\"Redacci\u00f3n\",\"@id\":\"http:\\\/\\\/unaymilletras.com\\\/#\\\/schema\\\/person\\\/0860dc8a218329991ee2c7591f4f849d\"},\"headline\":\"Termina el Share Festival 2025 con un cartel liderado por mujeres\",\"datePublished\":\"2025-06-22T11:49:32+00:00\",\"dateModified\":\"2025-06-22T11:51:58+00:00\",\"mainEntityOfPage\":{\"@id\":\"https:\\\/\\\/unaymilletras.com\\\/termina-el-share-fest-2025-con-un-cartel-liderado-por-mujeres\\\/\"},\"wordCount\":478,\"publisher\":{\"@id\":\"http:\\\/\\\/unaymilletras.com\\\/#organization\"},\"image\":{\"@id\":\"https:\\\/\\\/unaymilletras.com\\\/termina-el-share-fest-2025-con-un-cartel-liderado-por-mujeres\\\/#primaryimage\"},\"thumbnailUrl\":\"https:\\\/\\\/unaymilletras.com\\\/wp-content\\\/uploads\\\/2025\\\/06\\\/SHARE_FEST_2025_DV_20_06_\u00a9Roser_Gamonal_i_Gisela_Jane_0031-e1750592603115.jpg\",\"articleSection\":[\"M\u00fasica\"],\"inLanguage\":\"en-GB\"},{\"@type\":\"WebPage\",\"@id\":\"https:\\\/\\\/unaymilletras.com\\\/termina-el-share-fest-2025-con-un-cartel-liderado-por-mujeres\\\/\",\"url\":\"https:\\\/\\\/unaymilletras.com\\\/termina-el-share-fest-2025-con-un-cartel-liderado-por-mujeres\\\/\",\"name\":\"Termina el Share Festival 2025 con un cartel liderado por mujeres\",\"isPartOf\":{\"@id\":\"http:\\\/\\\/unaymilletras.com\\\/#website\"},\"primaryImageOfPage\":{\"@id\":\"https:\\\/\\\/unaymilletras.com\\\/termina-el-share-fest-2025-con-un-cartel-liderado-por-mujeres\\\/#primaryimage\"},\"image\":{\"@id\":\"https:\\\/\\\/unaymilletras.com\\\/termina-el-share-fest-2025-con-un-cartel-liderado-por-mujeres\\\/#primaryimage\"},\"thumbnailUrl\":\"https:\\\/\\\/unaymilletras.com\\\/wp-content\\\/uploads\\\/2025\\\/06\\\/SHARE_FEST_2025_DV_20_06_\u00a9Roser_Gamonal_i_Gisela_Jane_0031-e1750592603115.jpg\",\"datePublished\":\"2025-06-22T11:49:32+00:00\",\"dateModified\":\"2025-06-22T11:51:58+00:00\",\"description\":\"El Share Festival 2025 reafirma su papel como referente para el p\u00fablico joven con dos d\u00edas de m\u00fasica y 50.000 asistentes\",\"breadcrumb\":{\"@id\":\"https:\\\/\\\/unaymilletras.com\\\/termina-el-share-fest-2025-con-un-cartel-liderado-por-mujeres\\\/#breadcrumb\"},\"inLanguage\":\"en-GB\",\"potentialAction\":[{\"@type\":\"ReadAction\",\"target\":[\"https:\\\/\\\/unaymilletras.com\\\/termina-el-share-fest-2025-con-un-cartel-liderado-por-mujeres\\\/\"]}]},{\"@type\":\"ImageObject\",\"inLanguage\":\"en-GB\",\"@id\":\"https:\\\/\\\/unaymilletras.com\\\/termina-el-share-fest-2025-con-un-cartel-liderado-por-mujeres\\\/#primaryimage\",\"url\":\"https:\\\/\\\/unaymilletras.com\\\/wp-content\\\/uploads\\\/2025\\\/06\\\/SHARE_FEST_2025_DV_20_06_\u00a9Roser_Gamonal_i_Gisela_Jane_0031-e1750592603115.jpg\",\"contentUrl\":\"https:\\\/\\\/unaymilletras.com\\\/wp-content\\\/uploads\\\/2025\\\/06\\\/SHARE_FEST_2025_DV_20_06_\u00a9Roser_Gamonal_i_Gisela_Jane_0031-e1750592603115.jpg\",\"width\":600,\"height\":400,\"caption\":\"Share Festival\"},{\"@type\":\"BreadcrumbList\",\"@id\":\"https:\\\/\\\/unaymilletras.com\\\/termina-el-share-fest-2025-con-un-cartel-liderado-por-mujeres\\\/#breadcrumb\",\"itemListElement\":[{\"@type\":\"ListItem\",\"position\":1,\"name\":\"Home\",\"item\":\"http:\\\/\\\/unaymilletras.com\\\/\"},{\"@type\":\"ListItem\",\"position\":2,\"name\":\"Termina el Share Festival 2025 con un cartel liderado por mujeres\"}]},{\"@type\":\"WebSite\",\"@id\":\"http:\\\/\\\/unaymilletras.com\\\/#website\",\"url\":\"http:\\\/\\\/unaymilletras.com\\\/\",\"name\":\"Una y Mil Letras\",\"description\":\"\",\"publisher\":{\"@id\":\"http:\\\/\\\/unaymilletras.com\\\/#organization\"},\"potentialAction\":[{\"@type\":\"SearchAction\",\"target\":{\"@type\":\"EntryPoint\",\"urlTemplate\":\"http:\\\/\\\/unaymilletras.com\\\/?s={search_term_string}\"},\"query-input\":{\"@type\":\"PropertyValueSpecification\",\"valueRequired\":true,\"valueName\":\"search_term_string\"}}],\"inLanguage\":\"en-GB\"},{\"@type\":\"Organization\",\"@id\":\"http:\\\/\\\/unaymilletras.com\\\/#organization\",\"name\":\"Una y Mil Letras\",\"url\":\"http:\\\/\\\/unaymilletras.com\\\/\",\"logo\":{\"@type\":\"ImageObject\",\"inLanguage\":\"en-GB\",\"@id\":\"http:\\\/\\\/unaymilletras.com\\\/#\\\/schema\\\/logo\\\/image\\\/\",\"url\":\"https:\\\/\\\/unaymilletras.com\\\/wp-content\\\/uploads\\\/2024\\\/06\\\/cropped-Logo-removebg-preview.png\",\"contentUrl\":\"https:\\\/\\\/unaymilletras.com\\\/wp-content\\\/uploads\\\/2024\\\/06\\\/cropped-Logo-removebg-preview.png\",\"width\":512,\"height\":512,\"caption\":\"Una y Mil Letras\"},\"image\":{\"@id\":\"http:\\\/\\\/unaymilletras.com\\\/#\\\/schema\\\/logo\\\/image\\\/\"},\"sameAs\":[\"https:\\\/\\\/x.com\\\/UnaYMilLetras\",\"https:\\\/\\\/instagram.com\\\/UnaYMilLetras\"]},{\"@type\":\"Person\",\"@id\":\"http:\\\/\\\/unaymilletras.com\\\/#\\\/schema\\\/person\\\/0860dc8a218329991ee2c7591f4f849d\",\"name\":\"Redacci\u00f3n\",\"image\":{\"@type\":\"ImageObject\",\"inLanguage\":\"en-GB\",\"@id\":\"https:\\\/\\\/secure.gravatar.com\\\/avatar\\\/d8f55e05a8b6597e45c55a1dcbdbfe44f4a360d88b48e00de5216a79b7732796?s=96&d=mm&r=g\",\"url\":\"https:\\\/\\\/secure.gravatar.com\\\/avatar\\\/d8f55e05a8b6597e45c55a1dcbdbfe44f4a360d88b48e00de5216a79b7732796?s=96&d=mm&r=g\",\"contentUrl\":\"https:\\\/\\\/secure.gravatar.com\\\/avatar\\\/d8f55e05a8b6597e45c55a1dcbdbfe44f4a360d88b48e00de5216a79b7732796?s=96&d=mm&r=g\",\"caption\":\"Redacci\u00f3n\"},\"url\":\"https:\\\/\\\/unaymilletras.com\\\/en\\\/author\\\/redaccion\\\/\"}]}<\/script>\n<!-- \/ Yoast SEO plugin. -->","yoast_head_json":{"title":"Termina el Share Festival 2025 con un cartel liderado por mujeres","description":"El Share Festival 2025 reafirma su papel como referente para el p\u00fablico joven con dos d\u00edas de m\u00fasica y 50.000 asistentes","robots":{"index":"index","follow":"follow","max-snippet":"max-snippet:-1","max-image-preview":"max-image-preview:large","max-video-preview":"max-video-preview:-1"},"canonical":"https:\/\/unaymilletras.com\/en\/termina-el-share-fest-2025-con-un-cartel-liderado-por-mujeres\/","og_locale":"en_GB","og_type":"article","og_title":"Termina el Share Festival 2025 con un cartel liderado por mujeres","og_description":"El Share Festival 2025 reafirma su papel como referente para el p\u00fablico joven con dos d\u00edas de m\u00fasica y 50.000 asistentes","og_url":"https:\/\/unaymilletras.com\/en\/termina-el-share-fest-2025-con-un-cartel-liderado-por-mujeres\/","og_site_name":"Una y Mil Letras","article_published_time":"2025-06-22T11:49:32+00:00","article_modified_time":"2025-06-22T11:51:58+00:00","og_image":[{"width":600,"height":400,"url":"http:\/\/unaymilletras.com\/wp-content\/uploads\/2025\/06\/SHARE_FEST_2025_DV_20_06_\u00a9Roser_Gamonal_i_Gisela_Jane_0031-e1750592603115.jpg","type":"image\/jpeg"}],"author":"Redacci\u00f3n","twitter_card":"summary_large_image","twitter_creator":"@UnaYMilLetras","twitter_site":"@UnaYMilLetras","twitter_misc":{"Written by":"Redacci\u00f3n","Estimated reading time":"3 minutes"},"schema":{"@context":"https:\/\/schema.org","@graph":[{"@type":"Article","@id":"https:\/\/unaymilletras.com\/termina-el-share-fest-2025-con-un-cartel-liderado-por-mujeres\/#article","isPartOf":{"@id":"https:\/\/unaymilletras.com\/termina-el-share-fest-2025-con-un-cartel-liderado-por-mujeres\/"},"author":{"name":"Redacci\u00f3n","@id":"http:\/\/unaymilletras.com\/#\/schema\/person\/0860dc8a218329991ee2c7591f4f849d"},"headline":"Termina el Share Festival 2025 con un cartel liderado por mujeres","datePublished":"2025-06-22T11:49:32+00:00","dateModified":"2025-06-22T11:51:58+00:00","mainEntityOfPage":{"@id":"https:\/\/unaymilletras.com\/termina-el-share-fest-2025-con-un-cartel-liderado-por-mujeres\/"},"wordCount":478,"publisher":{"@id":"http:\/\/unaymilletras.com\/#organization"},"image":{"@id":"https:\/\/unaymilletras.com\/termina-el-share-fest-2025-con-un-cartel-liderado-por-mujeres\/#primaryimage"},"thumbnailUrl":"https:\/\/unaymilletras.com\/wp-content\/uploads\/2025\/06\/SHARE_FEST_2025_DV_20_06_\u00a9Roser_Gamonal_i_Gisela_Jane_0031-e1750592603115.jpg","articleSection":["M\u00fasica"],"inLanguage":"en-GB"},{"@type":"WebPage","@id":"https:\/\/unaymilletras.com\/termina-el-share-fest-2025-con-un-cartel-liderado-por-mujeres\/","url":"https:\/\/unaymilletras.com\/termina-el-share-fest-2025-con-un-cartel-liderado-por-mujeres\/","name":"Termina el Share Festival 2025 con un cartel liderado por mujeres","isPartOf":{"@id":"http:\/\/unaymilletras.com\/#website"},"primaryImageOfPage":{"@id":"https:\/\/unaymilletras.com\/termina-el-share-fest-2025-con-un-cartel-liderado-por-mujeres\/#primaryimage"},"image":{"@id":"https:\/\/unaymilletras.com\/termina-el-share-fest-2025-con-un-cartel-liderado-por-mujeres\/#primaryimage"},"thumbnailUrl":"https:\/\/unaymilletras.com\/wp-content\/uploads\/2025\/06\/SHARE_FEST_2025_DV_20_06_\u00a9Roser_Gamonal_i_Gisela_Jane_0031-e1750592603115.jpg","datePublished":"2025-06-22T11:49:32+00:00","dateModified":"2025-06-22T11:51:58+00:00","description":"El Share Festival 2025 reafirma su papel como referente para el p\u00fablico joven con dos d\u00edas de m\u00fasica y 50.000 asistentes","breadcrumb":{"@id":"https:\/\/unaymilletras.com\/termina-el-share-fest-2025-con-un-cartel-liderado-por-mujeres\/#breadcrumb"},"inLanguage":"en-GB","potentialAction":[{"@type":"ReadAction","target":["https:\/\/unaymilletras.com\/termina-el-share-fest-2025-con-un-cartel-liderado-por-mujeres\/"]}]},{"@type":"ImageObject","inLanguage":"en-GB","@id":"https:\/\/unaymilletras.com\/termina-el-share-fest-2025-con-un-cartel-liderado-por-mujeres\/#primaryimage","url":"https:\/\/unaymilletras.com\/wp-content\/uploads\/2025\/06\/SHARE_FEST_2025_DV_20_06_\u00a9Roser_Gamonal_i_Gisela_Jane_0031-e1750592603115.jpg","contentUrl":"https:\/\/unaymilletras.com\/wp-content\/uploads\/2025\/06\/SHARE_FEST_2025_DV_20_06_\u00a9Roser_Gamonal_i_Gisela_Jane_0031-e1750592603115.jpg","width":600,"height":400,"caption":"Share Festival"},{"@type":"BreadcrumbList","@id":"https:\/\/unaymilletras.com\/termina-el-share-fest-2025-con-un-cartel-liderado-por-mujeres\/#breadcrumb","itemListElement":[{"@type":"ListItem","position":1,"name":"Home","item":"http:\/\/unaymilletras.com\/"},{"@type":"ListItem","position":2,"name":"Termina el Share Festival 2025 con un cartel liderado por mujeres"}]},{"@type":"WebSite","@id":"http:\/\/unaymilletras.com\/#website","url":"http:\/\/unaymilletras.com\/","name":"Una y Mil Letras","description":"","publisher":{"@id":"http:\/\/unaymilletras.com\/#organization"},"potentialAction":[{"@type":"SearchAction","target":{"@type":"EntryPoint","urlTemplate":"http:\/\/unaymilletras.com\/?s={search_term_string}"},"query-input":{"@type":"PropertyValueSpecification","valueRequired":true,"valueName":"search_term_string"}}],"inLanguage":"en-GB"},{"@type":"Organization","@id":"http:\/\/unaymilletras.com\/#organization","name":"Una y Mil Letras","url":"http:\/\/unaymilletras.com\/","logo":{"@type":"ImageObject","inLanguage":"en-GB","@id":"http:\/\/unaymilletras.com\/#\/schema\/logo\/image\/","url":"https:\/\/unaymilletras.com\/wp-content\/uploads\/2024\/06\/cropped-Logo-removebg-preview.png","contentUrl":"https:\/\/unaymilletras.com\/wp-content\/uploads\/2024\/06\/cropped-Logo-removebg-preview.png","width":512,"height":512,"caption":"Una y Mil Letras"},"image":{"@id":"http:\/\/unaymilletras.com\/#\/schema\/logo\/image\/"},"sameAs":["https:\/\/x.com\/UnaYMilLetras","https:\/\/instagram.com\/UnaYMilLetras"]},{"@type":"Person","@id":"http:\/\/unaymilletras.com\/#\/schema\/person\/0860dc8a218329991ee2c7591f4f849d","name":"Redacci\u00f3n","image":{"@type":"ImageObject","inLanguage":"en-GB","@id":"https:\/\/secure.gravatar.com\/avatar\/d8f55e05a8b6597e45c55a1dcbdbfe44f4a360d88b48e00de5216a79b7732796?s=96&d=mm&r=g","url":"https:\/\/secure.gravatar.com\/avatar\/d8f55e05a8b6597e45c55a1dcbdbfe44f4a360d88b48e00de5216a79b7732796?s=96&d=mm&r=g","contentUrl":"https:\/\/secure.gravatar.com\/avatar\/d8f55e05a8b6597e45c55a1dcbdbfe44f4a360d88b48e00de5216a79b7732796?s=96&d=mm&r=g","caption":"Redacci\u00f3n"},"url":"https:\/\/unaymilletras.com\/en\/author\/redaccion\/"}]}},"_links":{"self":[{"href":"https:\/\/unaymilletras.com\/en\/wp-json\/wp\/v2\/posts\/5095","targetHints":{"allow":["GET"]}}],"collection":[{"href":"https:\/\/unaymilletras.com\/en\/wp-json\/wp\/v2\/posts"}],"about":[{"href":"https:\/\/unaymilletras.com\/en\/wp-json\/wp\/v2\/types\/post"}],"author":[{"embeddable":true,"href":"https:\/\/unaymilletras.com\/en\/wp-json\/wp\/v2\/users\/6"}],"replies":[{"embeddable":true,"href":"https:\/\/unaymilletras.com\/en\/wp-json\/wp\/v2\/comments?post=5095"}],"version-history":[{"count":8,"href":"https:\/\/unaymilletras.com\/en\/wp-json\/wp\/v2\/posts\/5095\/revisions"}],"predecessor-version":[{"id":5105,"href":"https:\/\/unaymilletras.com\/en\/wp-json\/wp\/v2\/posts\/5095\/revisions\/5105"}],"wp:featuredmedia":[{"embeddable":true,"href":"https:\/\/unaymilletras.com\/en\/wp-json\/wp\/v2\/media\/5098"}],"wp:attachment":[{"href":"https:\/\/unaymilletras.com\/en\/wp-json\/wp\/v2\/media?parent=5095"}],"wp:term":[{"taxonomy":"category","embeddable":true,"href":"https:\/\/unaymilletras.com\/en\/wp-json\/wp\/v2\/categories?post=5095"},{"taxonomy":"post_tag","embeddable":true,"href":"https:\/\/unaymilletras.com\/en\/wp-json\/wp\/v2\/tags?post=5095"}],"curies":[{"name":"wp","href":"https:\/\/api.w.org\/{rel}","templated":true}]}}