{"id":5118,"date":"2025-06-24T22:12:07","date_gmt":"2025-06-24T20:12:07","guid":{"rendered":"https:\/\/unaymilletras.com\/?p=5118"},"modified":"2025-06-24T22:16:29","modified_gmt":"2025-06-24T20:16:29","slug":"duki-celebra-su-cumpleanos-en-espana-con-no-me-alcanza","status":"publish","type":"post","link":"https:\/\/unaymilletras.com\/en\/duki-celebra-su-cumpleanos-en-espana-con-no-me-alcanza\/","title":{"rendered":"Duki celebra su cumplea\u00f1os en Espa\u00f1a con \u00abNo me alcanza\u00bb"},"content":{"rendered":"<div data-elementor-type=\"wp-post\" data-elementor-id=\"5118\" class=\"elementor elementor-5118\">\n\t\t\t\t\t\t<section class=\"elementor-section elementor-top-section elementor-element elementor-element-e483c12 elementor-section-boxed elementor-section-height-default elementor-section-height-default\" data-id=\"e483c12\" data-element_type=\"section\" data-e-type=\"section\">\n\t\t\t\t\t\t<div class=\"elementor-container elementor-column-gap-default\">\n\t\t\t\t\t<div class=\"elementor-column elementor-col-100 elementor-top-column elementor-element elementor-element-2f6c81f\" data-id=\"2f6c81f\" data-element_type=\"column\" data-e-type=\"column\">\n\t\t\t<div class=\"elementor-widget-wrap elementor-element-populated\">\n\t\t\t\t\t\t<div class=\"elementor-element elementor-element-e177ab7 elementor-widget elementor-widget-text-editor\" data-id=\"e177ab7\" data-element_type=\"widget\" data-e-type=\"widget\" data-widget_type=\"text-editor.default\">\n\t\t\t\t<div class=\"elementor-widget-container\">\n\t\t\t\t\t\t\t\t\t<h2 style=\"text-align: center;\"><span style=\"color: #808080;\"><em>El nuevo single de Duki, adelanto de \u201c5202\u201d, llega mientras triunfa con su gira mundial y celebra su cumplea\u00f1os n\u00famero 29 en Espa\u00f1a<\/em><\/span><\/h2>\t\t\t\t\t\t\t\t<\/div>\n\t\t\t\t<\/div>\n\t\t\t\t\t<\/div>\n\t\t<\/div>\n\t\t\t\t\t<\/div>\n\t\t<\/section>\n\t\t\t\t<section class=\"elementor-section elementor-top-section elementor-element elementor-element-4bdb81b elementor-section-boxed elementor-section-height-default elementor-section-height-default\" data-id=\"4bdb81b\" data-element_type=\"section\" data-e-type=\"section\">\n\t\t\t\t\t\t<div class=\"elementor-container elementor-column-gap-default\">\n\t\t\t\t\t<div class=\"elementor-column elementor-col-100 elementor-top-column elementor-element elementor-element-916a821\" data-id=\"916a821\" data-element_type=\"column\" data-e-type=\"column\">\n\t\t\t<div class=\"elementor-widget-wrap elementor-element-populated\">\n\t\t\t\t\t\t<div class=\"elementor-element elementor-element-1fcb626 elementor-widget elementor-widget-text-editor\" data-id=\"1fcb626\" data-element_type=\"widget\" data-e-type=\"widget\" data-widget_type=\"text-editor.default\">\n\t\t\t\t<div class=\"elementor-widget-container\">\n\t\t\t\t\t\t\t\t\t<p data-start=\"230\" data-end=\"375\">Duki lanza su nuevo tema <em><strong data-start=\"255\" data-end=\"274\">No Me Alcanza<\/strong><\/em>, el segundo adelanto de su esperado \u00e1lbum <em data-start=\"317\" data-end=\"323\">5202<\/em>. La canci\u00f3n se estrena en plena gira internacional.<\/p><p data-start=\"377\" data-end=\"545\">El artista argentino eligi\u00f3 su cumplea\u00f1os para compartir esta nueva entrega. El lanzamiento coincide con su visita a Espa\u00f1a y su show en el Holika Festival de La Rioja. <em data-start=\"547\" data-end=\"562\">No Me Alcanza<\/em> fue grabada durante la gira mundial. El single refleja el momento de mayor crecimiento art\u00edstico y global del \u00edcono del trap argentino.<\/p><p data-start=\"700\" data-end=\"830\">En solo horas, el video adelanto del tema super\u00f3 los tres millones de reproducciones. La expectaci\u00f3n entre sus fans fue inmediata.<\/p>\t\t\t\t\t\t\t\t<\/div>\n\t\t\t\t<\/div>\n\t\t\t\t\t<\/div>\n\t\t<\/div>\n\t\t\t\t\t<\/div>\n\t\t<\/section>\n\t\t\t\t<section class=\"elementor-section elementor-top-section elementor-element elementor-element-d67b967 elementor-section-boxed elementor-section-height-default elementor-section-height-default\" data-id=\"d67b967\" data-element_type=\"section\" data-e-type=\"section\">\n\t\t\t\t\t\t<div class=\"elementor-container elementor-column-gap-default\">\n\t\t\t\t\t<div class=\"elementor-column elementor-col-100 elementor-top-column elementor-element elementor-element-c4d84b9\" data-id=\"c4d84b9\" data-element_type=\"column\" data-e-type=\"column\">\n\t\t\t<div class=\"elementor-widget-wrap elementor-element-populated\">\n\t\t\t\t\t\t<div class=\"elementor-element elementor-element-ed357c7 elementor-widget elementor-widget-image\" data-id=\"ed357c7\" data-element_type=\"widget\" data-e-type=\"widget\" data-widget_type=\"image.default\">\n\t\t\t\t<div class=\"elementor-widget-container\">\n\t\t\t\t\t\t\t\t\t\t\t\t\t\t\t<img fetchpriority=\"high\" decoding=\"async\" width=\"640\" height=\"640\" src=\"https:\/\/unaymilletras.com\/wp-content\/uploads\/2025\/06\/AD_4nXf-GYgHY6_YPRn36HC993oV5F-b-1024x1024.jpg\" class=\"attachment-large size-large wp-image-5120\" alt=\"Duki\" srcset=\"https:\/\/unaymilletras.com\/wp-content\/uploads\/2025\/06\/AD_4nXf-GYgHY6_YPRn36HC993oV5F-b-1024x1024.jpg 1024w, https:\/\/unaymilletras.com\/wp-content\/uploads\/2025\/06\/AD_4nXf-GYgHY6_YPRn36HC993oV5F-b-300x300.jpg 300w, https:\/\/unaymilletras.com\/wp-content\/uploads\/2025\/06\/AD_4nXf-GYgHY6_YPRn36HC993oV5F-b-150x150.jpg 150w, https:\/\/unaymilletras.com\/wp-content\/uploads\/2025\/06\/AD_4nXf-GYgHY6_YPRn36HC993oV5F-b-768x768.jpg 768w, https:\/\/unaymilletras.com\/wp-content\/uploads\/2025\/06\/AD_4nXf-GYgHY6_YPRn36HC993oV5F-b-1536x1536.jpg 1536w, https:\/\/unaymilletras.com\/wp-content\/uploads\/2025\/06\/AD_4nXf-GYgHY6_YPRn36HC993oV5F-b-12x12.jpg 12w, https:\/\/unaymilletras.com\/wp-content\/uploads\/2025\/06\/AD_4nXf-GYgHY6_YPRn36HC993oV5F-b-e1750796101472.jpg 600w\" sizes=\"(max-width: 640px) 100vw, 640px\" \/>\t\t\t\t\t\t\t\t\t\t\t\t\t\t\t<\/div>\n\t\t\t\t<\/div>\n\t\t\t\t\t<\/div>\n\t\t<\/div>\n\t\t\t\t\t<\/div>\n\t\t<\/section>\n\t\t\t\t<section class=\"elementor-section elementor-top-section elementor-element elementor-element-0541ca8 elementor-section-boxed elementor-section-height-default elementor-section-height-default\" data-id=\"0541ca8\" data-element_type=\"section\" data-e-type=\"section\">\n\t\t\t\t\t\t<div class=\"elementor-container elementor-column-gap-default\">\n\t\t\t\t\t<div class=\"elementor-column elementor-col-100 elementor-top-column elementor-element elementor-element-b812acb\" data-id=\"b812acb\" data-element_type=\"column\" data-e-type=\"column\">\n\t\t\t<div class=\"elementor-widget-wrap elementor-element-populated\">\n\t\t\t\t\t\t<div class=\"elementor-element elementor-element-2b76d7a elementor-widget elementor-widget-text-editor\" data-id=\"2b76d7a\" data-element_type=\"widget\" data-e-type=\"widget\" data-widget_type=\"text-editor.default\">\n\t\t\t\t<div class=\"elementor-widget-container\">\n\t\t\t\t\t\t\t\t\t<p data-start=\"832\" data-end=\"964\">Tras llenar recintos en Estados Unidos y Am\u00e9rica Latina, Duki arrasa ahora en Europa. Ya conquist\u00f3 Galicia, Marbella y Gran Canaria. En Espa\u00f1a a\u00fan le esperan shows en C\u00e1diz, Sevilla, Almer\u00eda, Valencia, Zaragoza, A Coru\u00f1a, Barcelona y tres noches en Madrid.<\/p><p data-start=\"1091\" data-end=\"1238\"><em data-start=\"1091\" data-end=\"1097\">5202<\/em> sigue tomando forma con adelantos como <em data-start=\"1137\" data-end=\"1147\">Golfista<\/em>, estrenado en un Movistar Arena repleto. Todo apunta a otro disco hist\u00f3rico en su carrera.<\/p><p data-start=\"1240\" data-end=\"1371\">Su anterior \u00e1lbum <em data-start=\"1258\" data-end=\"1265\">AMERI<\/em>, lanzado en octubre de 2024, lleg\u00f3 al puesto 3 del Top Albums Debut Global en Spotify en solo una semana. <em data-start=\"1373\" data-end=\"1380\">AMERI<\/em> incluye colaboraciones con Bizarrap, Milo J, Myke Towers, Eladio Carri\u00f3n, Lia Kali, Morad, Wiz Khalifa y m\u00e1s. Un proyecto ambicioso con proyecci\u00f3n global.<\/p>\t\t\t\t\t\t\t\t<\/div>\n\t\t\t\t<\/div>\n\t\t\t\t\t<\/div>\n\t\t<\/div>\n\t\t\t\t\t<\/div>\n\t\t<\/section>\n\t\t\t\t<section class=\"elementor-section elementor-top-section elementor-element elementor-element-9fe30c4 elementor-section-boxed elementor-section-height-default elementor-section-height-default\" data-id=\"9fe30c4\" data-element_type=\"section\" data-e-type=\"section\">\n\t\t\t\t\t\t<div class=\"elementor-container elementor-column-gap-default\">\n\t\t\t\t\t<div class=\"elementor-column elementor-col-100 elementor-top-column elementor-element elementor-element-ff0484d\" data-id=\"ff0484d\" data-element_type=\"column\" data-e-type=\"column\">\n\t\t\t<div class=\"elementor-widget-wrap elementor-element-populated\">\n\t\t\t\t\t\t<div class=\"elementor-element elementor-element-3595f39 elementor-widget elementor-widget-video\" data-id=\"3595f39\" data-element_type=\"widget\" data-e-type=\"widget\" data-settings=\"{&quot;youtube_url&quot;:&quot;https:\\\/\\\/www.youtube.com\\\/watch?v=6-bEWZcGBQg&amp;list=RD6-bEWZcGBQg&amp;start_radio=1&quot;,&quot;video_type&quot;:&quot;youtube&quot;,&quot;controls&quot;:&quot;yes&quot;}\" data-widget_type=\"video.default\">\n\t\t\t\t<div class=\"elementor-widget-container\">\n\t\t\t\t\t\t\t<div class=\"elementor-wrapper elementor-open-inline\">\n\t\t\t<div class=\"elementor-video\"><\/div>\t\t<\/div>\n\t\t\t\t\t\t<\/div>\n\t\t\t\t<\/div>\n\t\t\t\t\t<\/div>\n\t\t<\/div>\n\t\t\t\t\t<\/div>\n\t\t<\/section>\n\t\t\t\t<section class=\"elementor-section elementor-top-section elementor-element elementor-element-9e6f236 elementor-section-boxed elementor-section-height-default elementor-section-height-default\" data-id=\"9e6f236\" data-element_type=\"section\" data-e-type=\"section\">\n\t\t\t\t\t\t<div class=\"elementor-container elementor-column-gap-default\">\n\t\t\t\t\t<div class=\"elementor-column elementor-col-100 elementor-top-column elementor-element elementor-element-ec67f41\" data-id=\"ec67f41\" data-element_type=\"column\" data-e-type=\"column\">\n\t\t\t<div class=\"elementor-widget-wrap elementor-element-populated\">\n\t\t\t\t\t\t<div class=\"elementor-element elementor-element-de7c24e elementor-widget elementor-widget-text-editor\" data-id=\"de7c24e\" data-element_type=\"widget\" data-e-type=\"widget\" data-widget_type=\"text-editor.default\">\n\t\t\t\t<div class=\"elementor-widget-container\">\n\t\t\t\t\t\t\t\t\t<p data-start=\"1537\" data-end=\"1682\">En total, su <em data-start=\"1550\" data-end=\"1562\">World Tour<\/em> recorrer\u00e1 m\u00e1s de 45 ciudades en Estados Unidos, Am\u00e9rica Latina y Europa, con m\u00e1s de 350.000 entradas vendidas este a\u00f1o. En Argentina agot\u00f3 diez Movistar Arena y sum\u00f3 una nueva fecha para el 17 de diciembre. El cierre perfecto para un 2025 arrollador.<\/p><p data-start=\"1816\" data-end=\"1972\" data-is-last-node=\"\" data-is-only-node=\"\">Con cada lanzamiento, Duki reafirma su liderazgo. Su autenticidad, conexi\u00f3n con el p\u00fablico y sonido evolucionado marcan un nuevo est\u00e1ndar en el trap latino.<\/p>\t\t\t\t\t\t\t\t<\/div>\n\t\t\t\t<\/div>\n\t\t\t\t\t<\/div>\n\t\t<\/div>\n\t\t\t\t\t<\/div>\n\t\t<\/section>\n\t\t\t\t<\/div>","protected":false},"excerpt":{"rendered":"<p>El nuevo single de Duki, adelanto de \u201c5202\u201d, llega mientras triunfa con su gira mundial y celebra su cumplea\u00f1os n\u00famero 29 en Espa\u00f1a Duki lanza su nuevo tema No Me Alcanza, el segundo adelanto de su esperado \u00e1lbum 5202. La canci\u00f3n se estrena en plena gira internacional. El artista argentino eligi\u00f3 su cumplea\u00f1os para compartir [&hellip;]<\/p>\n","protected":false},"author":6,"featured_media":5120,"comment_status":"closed","ping_status":"closed","sticky":false,"template":"","format":"standard","meta":{"footnotes":""},"categories":[4],"tags":[],"class_list":["post-5118","post","type-post","status-publish","format-standard","has-post-thumbnail","hentry","category-musica"],"yoast_head":"<!-- This site is optimized with the Yoast SEO plugin v27.4 - https:\/\/yoast.com\/product\/yoast-seo-wordpress\/ -->\n<title>Duki celebra su cumplea\u00f1os en Espa\u00f1a con &quot;No me alcanza&quot;<\/title>\n<meta name=\"description\" content=\"El nuevo single de Duki, adelanto de \u201c5202\u201d, llega mientras triunfa con su gira mundial y celebra su cumplea\u00f1os n\u00famero 29 en Espa\u00f1a\" \/>\n<meta name=\"robots\" content=\"index, follow, max-snippet:-1, max-image-preview:large, max-video-preview:-1\" \/>\n<link rel=\"canonical\" href=\"https:\/\/unaymilletras.com\/en\/duki-celebra-su-cumpleanos-en-espana-con-no-me-alcanza\/\" \/>\n<meta property=\"og:locale\" content=\"en_GB\" \/>\n<meta property=\"og:type\" content=\"article\" \/>\n<meta property=\"og:title\" content=\"Duki celebra su cumplea\u00f1os en Espa\u00f1a con &quot;No me alcanza&quot;\" \/>\n<meta property=\"og:description\" content=\"El nuevo single de Duki, adelanto de \u201c5202\u201d, llega mientras triunfa con su gira mundial y celebra su cumplea\u00f1os n\u00famero 29 en Espa\u00f1a\" \/>\n<meta property=\"og:url\" content=\"https:\/\/unaymilletras.com\/en\/duki-celebra-su-cumpleanos-en-espana-con-no-me-alcanza\/\" \/>\n<meta property=\"og:site_name\" content=\"Una y Mil Letras\" \/>\n<meta property=\"article:published_time\" content=\"2025-06-24T20:12:07+00:00\" \/>\n<meta property=\"article:modified_time\" content=\"2025-06-24T20:16:29+00:00\" \/>\n<meta property=\"og:image\" content=\"http:\/\/unaymilletras.com\/wp-content\/uploads\/2025\/06\/AD_4nXf-GYgHY6_YPRn36HC993oV5F-b-e1750796101472.jpg\" \/>\n\t<meta property=\"og:image:width\" content=\"600\" \/>\n\t<meta property=\"og:image:height\" content=\"600\" \/>\n\t<meta property=\"og:image:type\" content=\"image\/jpeg\" \/>\n<meta name=\"author\" content=\"Redacci\u00f3n\" \/>\n<meta name=\"twitter:card\" content=\"summary_large_image\" \/>\n<meta name=\"twitter:creator\" content=\"@UnaYMilLetras\" \/>\n<meta name=\"twitter:site\" content=\"@UnaYMilLetras\" \/>\n<meta name=\"twitter:label1\" content=\"Written by\" \/>\n\t<meta name=\"twitter:data1\" content=\"Redacci\u00f3n\" \/>\n\t<meta name=\"twitter:label2\" content=\"Estimated reading time\" \/>\n\t<meta name=\"twitter:data2\" content=\"2 minutes\" \/>\n<script type=\"application\/ld+json\" class=\"yoast-schema-graph\">{\"@context\":\"https:\\\/\\\/schema.org\",\"@graph\":[{\"@type\":\"Article\",\"@id\":\"https:\\\/\\\/unaymilletras.com\\\/duki-celebra-su-cumpleanos-en-espana-con-no-me-alcanza\\\/#article\",\"isPartOf\":{\"@id\":\"https:\\\/\\\/unaymilletras.com\\\/duki-celebra-su-cumpleanos-en-espana-con-no-me-alcanza\\\/\"},\"author\":{\"name\":\"Redacci\u00f3n\",\"@id\":\"http:\\\/\\\/unaymilletras.com\\\/#\\\/schema\\\/person\\\/0860dc8a218329991ee2c7591f4f849d\"},\"headline\":\"Duki celebra su cumplea\u00f1os en Espa\u00f1a con \u00abNo me alcanza\u00bb\",\"datePublished\":\"2025-06-24T20:12:07+00:00\",\"dateModified\":\"2025-06-24T20:16:29+00:00\",\"mainEntityOfPage\":{\"@id\":\"https:\\\/\\\/unaymilletras.com\\\/duki-celebra-su-cumpleanos-en-espana-con-no-me-alcanza\\\/\"},\"wordCount\":345,\"publisher\":{\"@id\":\"http:\\\/\\\/unaymilletras.com\\\/#organization\"},\"image\":{\"@id\":\"https:\\\/\\\/unaymilletras.com\\\/duki-celebra-su-cumpleanos-en-espana-con-no-me-alcanza\\\/#primaryimage\"},\"thumbnailUrl\":\"https:\\\/\\\/unaymilletras.com\\\/wp-content\\\/uploads\\\/2025\\\/06\\\/AD_4nXf-GYgHY6_YPRn36HC993oV5F-b-e1750796101472.jpg\",\"articleSection\":[\"M\u00fasica\"],\"inLanguage\":\"en-GB\"},{\"@type\":\"WebPage\",\"@id\":\"https:\\\/\\\/unaymilletras.com\\\/duki-celebra-su-cumpleanos-en-espana-con-no-me-alcanza\\\/\",\"url\":\"https:\\\/\\\/unaymilletras.com\\\/duki-celebra-su-cumpleanos-en-espana-con-no-me-alcanza\\\/\",\"name\":\"Duki celebra su cumplea\u00f1os en Espa\u00f1a con \\\"No me alcanza\\\"\",\"isPartOf\":{\"@id\":\"http:\\\/\\\/unaymilletras.com\\\/#website\"},\"primaryImageOfPage\":{\"@id\":\"https:\\\/\\\/unaymilletras.com\\\/duki-celebra-su-cumpleanos-en-espana-con-no-me-alcanza\\\/#primaryimage\"},\"image\":{\"@id\":\"https:\\\/\\\/unaymilletras.com\\\/duki-celebra-su-cumpleanos-en-espana-con-no-me-alcanza\\\/#primaryimage\"},\"thumbnailUrl\":\"https:\\\/\\\/unaymilletras.com\\\/wp-content\\\/uploads\\\/2025\\\/06\\\/AD_4nXf-GYgHY6_YPRn36HC993oV5F-b-e1750796101472.jpg\",\"datePublished\":\"2025-06-24T20:12:07+00:00\",\"dateModified\":\"2025-06-24T20:16:29+00:00\",\"description\":\"El nuevo single de Duki, adelanto de \u201c5202\u201d, llega mientras triunfa con su gira mundial y celebra su cumplea\u00f1os n\u00famero 29 en Espa\u00f1a\",\"breadcrumb\":{\"@id\":\"https:\\\/\\\/unaymilletras.com\\\/duki-celebra-su-cumpleanos-en-espana-con-no-me-alcanza\\\/#breadcrumb\"},\"inLanguage\":\"en-GB\",\"potentialAction\":[{\"@type\":\"ReadAction\",\"target\":[\"https:\\\/\\\/unaymilletras.com\\\/duki-celebra-su-cumpleanos-en-espana-con-no-me-alcanza\\\/\"]}]},{\"@type\":\"ImageObject\",\"inLanguage\":\"en-GB\",\"@id\":\"https:\\\/\\\/unaymilletras.com\\\/duki-celebra-su-cumpleanos-en-espana-con-no-me-alcanza\\\/#primaryimage\",\"url\":\"https:\\\/\\\/unaymilletras.com\\\/wp-content\\\/uploads\\\/2025\\\/06\\\/AD_4nXf-GYgHY6_YPRn36HC993oV5F-b-e1750796101472.jpg\",\"contentUrl\":\"https:\\\/\\\/unaymilletras.com\\\/wp-content\\\/uploads\\\/2025\\\/06\\\/AD_4nXf-GYgHY6_YPRn36HC993oV5F-b-e1750796101472.jpg\",\"width\":600,\"height\":600,\"caption\":\"Duki\"},{\"@type\":\"BreadcrumbList\",\"@id\":\"https:\\\/\\\/unaymilletras.com\\\/duki-celebra-su-cumpleanos-en-espana-con-no-me-alcanza\\\/#breadcrumb\",\"itemListElement\":[{\"@type\":\"ListItem\",\"position\":1,\"name\":\"Home\",\"item\":\"http:\\\/\\\/unaymilletras.com\\\/\"},{\"@type\":\"ListItem\",\"position\":2,\"name\":\"Duki celebra su cumplea\u00f1os en Espa\u00f1a con \u00abNo me alcanza\u00bb\"}]},{\"@type\":\"WebSite\",\"@id\":\"http:\\\/\\\/unaymilletras.com\\\/#website\",\"url\":\"http:\\\/\\\/unaymilletras.com\\\/\",\"name\":\"Una y Mil Letras\",\"description\":\"\",\"publisher\":{\"@id\":\"http:\\\/\\\/unaymilletras.com\\\/#organization\"},\"potentialAction\":[{\"@type\":\"SearchAction\",\"target\":{\"@type\":\"EntryPoint\",\"urlTemplate\":\"http:\\\/\\\/unaymilletras.com\\\/?s={search_term_string}\"},\"query-input\":{\"@type\":\"PropertyValueSpecification\",\"valueRequired\":true,\"valueName\":\"search_term_string\"}}],\"inLanguage\":\"en-GB\"},{\"@type\":\"Organization\",\"@id\":\"http:\\\/\\\/unaymilletras.com\\\/#organization\",\"name\":\"Una y Mil Letras\",\"url\":\"http:\\\/\\\/unaymilletras.com\\\/\",\"logo\":{\"@type\":\"ImageObject\",\"inLanguage\":\"en-GB\",\"@id\":\"http:\\\/\\\/unaymilletras.com\\\/#\\\/schema\\\/logo\\\/image\\\/\",\"url\":\"https:\\\/\\\/unaymilletras.com\\\/wp-content\\\/uploads\\\/2024\\\/06\\\/cropped-Logo-removebg-preview.png\",\"contentUrl\":\"https:\\\/\\\/unaymilletras.com\\\/wp-content\\\/uploads\\\/2024\\\/06\\\/cropped-Logo-removebg-preview.png\",\"width\":512,\"height\":512,\"caption\":\"Una y Mil Letras\"},\"image\":{\"@id\":\"http:\\\/\\\/unaymilletras.com\\\/#\\\/schema\\\/logo\\\/image\\\/\"},\"sameAs\":[\"https:\\\/\\\/x.com\\\/UnaYMilLetras\",\"https:\\\/\\\/instagram.com\\\/UnaYMilLetras\"]},{\"@type\":\"Person\",\"@id\":\"http:\\\/\\\/unaymilletras.com\\\/#\\\/schema\\\/person\\\/0860dc8a218329991ee2c7591f4f849d\",\"name\":\"Redacci\u00f3n\",\"image\":{\"@type\":\"ImageObject\",\"inLanguage\":\"en-GB\",\"@id\":\"https:\\\/\\\/secure.gravatar.com\\\/avatar\\\/d8f55e05a8b6597e45c55a1dcbdbfe44f4a360d88b48e00de5216a79b7732796?s=96&d=mm&r=g\",\"url\":\"https:\\\/\\\/secure.gravatar.com\\\/avatar\\\/d8f55e05a8b6597e45c55a1dcbdbfe44f4a360d88b48e00de5216a79b7732796?s=96&d=mm&r=g\",\"contentUrl\":\"https:\\\/\\\/secure.gravatar.com\\\/avatar\\\/d8f55e05a8b6597e45c55a1dcbdbfe44f4a360d88b48e00de5216a79b7732796?s=96&d=mm&r=g\",\"caption\":\"Redacci\u00f3n\"},\"url\":\"https:\\\/\\\/unaymilletras.com\\\/en\\\/author\\\/redaccion\\\/\"}]}<\/script>\n<!-- \/ Yoast SEO plugin. -->","yoast_head_json":{"title":"Duki celebra su cumplea\u00f1os en Espa\u00f1a con \"No me alcanza\"","description":"El nuevo single de Duki, adelanto de \u201c5202\u201d, llega mientras triunfa con su gira mundial y celebra su cumplea\u00f1os n\u00famero 29 en Espa\u00f1a","robots":{"index":"index","follow":"follow","max-snippet":"max-snippet:-1","max-image-preview":"max-image-preview:large","max-video-preview":"max-video-preview:-1"},"canonical":"https:\/\/unaymilletras.com\/en\/duki-celebra-su-cumpleanos-en-espana-con-no-me-alcanza\/","og_locale":"en_GB","og_type":"article","og_title":"Duki celebra su cumplea\u00f1os en Espa\u00f1a con \"No me alcanza\"","og_description":"El nuevo single de Duki, adelanto de \u201c5202\u201d, llega mientras triunfa con su gira mundial y celebra su cumplea\u00f1os n\u00famero 29 en Espa\u00f1a","og_url":"https:\/\/unaymilletras.com\/en\/duki-celebra-su-cumpleanos-en-espana-con-no-me-alcanza\/","og_site_name":"Una y Mil Letras","article_published_time":"2025-06-24T20:12:07+00:00","article_modified_time":"2025-06-24T20:16:29+00:00","og_image":[{"width":600,"height":600,"url":"http:\/\/unaymilletras.com\/wp-content\/uploads\/2025\/06\/AD_4nXf-GYgHY6_YPRn36HC993oV5F-b-e1750796101472.jpg","type":"image\/jpeg"}],"author":"Redacci\u00f3n","twitter_card":"summary_large_image","twitter_creator":"@UnaYMilLetras","twitter_site":"@UnaYMilLetras","twitter_misc":{"Written by":"Redacci\u00f3n","Estimated reading time":"2 minutes"},"schema":{"@context":"https:\/\/schema.org","@graph":[{"@type":"Article","@id":"https:\/\/unaymilletras.com\/duki-celebra-su-cumpleanos-en-espana-con-no-me-alcanza\/#article","isPartOf":{"@id":"https:\/\/unaymilletras.com\/duki-celebra-su-cumpleanos-en-espana-con-no-me-alcanza\/"},"author":{"name":"Redacci\u00f3n","@id":"http:\/\/unaymilletras.com\/#\/schema\/person\/0860dc8a218329991ee2c7591f4f849d"},"headline":"Duki celebra su cumplea\u00f1os en Espa\u00f1a con \u00abNo me alcanza\u00bb","datePublished":"2025-06-24T20:12:07+00:00","dateModified":"2025-06-24T20:16:29+00:00","mainEntityOfPage":{"@id":"https:\/\/unaymilletras.com\/duki-celebra-su-cumpleanos-en-espana-con-no-me-alcanza\/"},"wordCount":345,"publisher":{"@id":"http:\/\/unaymilletras.com\/#organization"},"image":{"@id":"https:\/\/unaymilletras.com\/duki-celebra-su-cumpleanos-en-espana-con-no-me-alcanza\/#primaryimage"},"thumbnailUrl":"https:\/\/unaymilletras.com\/wp-content\/uploads\/2025\/06\/AD_4nXf-GYgHY6_YPRn36HC993oV5F-b-e1750796101472.jpg","articleSection":["M\u00fasica"],"inLanguage":"en-GB"},{"@type":"WebPage","@id":"https:\/\/unaymilletras.com\/duki-celebra-su-cumpleanos-en-espana-con-no-me-alcanza\/","url":"https:\/\/unaymilletras.com\/duki-celebra-su-cumpleanos-en-espana-con-no-me-alcanza\/","name":"Duki celebra su cumplea\u00f1os en Espa\u00f1a con \"No me alcanza\"","isPartOf":{"@id":"http:\/\/unaymilletras.com\/#website"},"primaryImageOfPage":{"@id":"https:\/\/unaymilletras.com\/duki-celebra-su-cumpleanos-en-espana-con-no-me-alcanza\/#primaryimage"},"image":{"@id":"https:\/\/unaymilletras.com\/duki-celebra-su-cumpleanos-en-espana-con-no-me-alcanza\/#primaryimage"},"thumbnailUrl":"https:\/\/unaymilletras.com\/wp-content\/uploads\/2025\/06\/AD_4nXf-GYgHY6_YPRn36HC993oV5F-b-e1750796101472.jpg","datePublished":"2025-06-24T20:12:07+00:00","dateModified":"2025-06-24T20:16:29+00:00","description":"El nuevo single de Duki, adelanto de \u201c5202\u201d, llega mientras triunfa con su gira mundial y celebra su cumplea\u00f1os n\u00famero 29 en Espa\u00f1a","breadcrumb":{"@id":"https:\/\/unaymilletras.com\/duki-celebra-su-cumpleanos-en-espana-con-no-me-alcanza\/#breadcrumb"},"inLanguage":"en-GB","potentialAction":[{"@type":"ReadAction","target":["https:\/\/unaymilletras.com\/duki-celebra-su-cumpleanos-en-espana-con-no-me-alcanza\/"]}]},{"@type":"ImageObject","inLanguage":"en-GB","@id":"https:\/\/unaymilletras.com\/duki-celebra-su-cumpleanos-en-espana-con-no-me-alcanza\/#primaryimage","url":"https:\/\/unaymilletras.com\/wp-content\/uploads\/2025\/06\/AD_4nXf-GYgHY6_YPRn36HC993oV5F-b-e1750796101472.jpg","contentUrl":"https:\/\/unaymilletras.com\/wp-content\/uploads\/2025\/06\/AD_4nXf-GYgHY6_YPRn36HC993oV5F-b-e1750796101472.jpg","width":600,"height":600,"caption":"Duki"},{"@type":"BreadcrumbList","@id":"https:\/\/unaymilletras.com\/duki-celebra-su-cumpleanos-en-espana-con-no-me-alcanza\/#breadcrumb","itemListElement":[{"@type":"ListItem","position":1,"name":"Home","item":"http:\/\/unaymilletras.com\/"},{"@type":"ListItem","position":2,"name":"Duki celebra su cumplea\u00f1os en Espa\u00f1a con \u00abNo me alcanza\u00bb"}]},{"@type":"WebSite","@id":"http:\/\/unaymilletras.com\/#website","url":"http:\/\/unaymilletras.com\/","name":"Una y Mil Letras","description":"","publisher":{"@id":"http:\/\/unaymilletras.com\/#organization"},"potentialAction":[{"@type":"SearchAction","target":{"@type":"EntryPoint","urlTemplate":"http:\/\/unaymilletras.com\/?s={search_term_string}"},"query-input":{"@type":"PropertyValueSpecification","valueRequired":true,"valueName":"search_term_string"}}],"inLanguage":"en-GB"},{"@type":"Organization","@id":"http:\/\/unaymilletras.com\/#organization","name":"Una y Mil Letras","url":"http:\/\/unaymilletras.com\/","logo":{"@type":"ImageObject","inLanguage":"en-GB","@id":"http:\/\/unaymilletras.com\/#\/schema\/logo\/image\/","url":"https:\/\/unaymilletras.com\/wp-content\/uploads\/2024\/06\/cropped-Logo-removebg-preview.png","contentUrl":"https:\/\/unaymilletras.com\/wp-content\/uploads\/2024\/06\/cropped-Logo-removebg-preview.png","width":512,"height":512,"caption":"Una y Mil Letras"},"image":{"@id":"http:\/\/unaymilletras.com\/#\/schema\/logo\/image\/"},"sameAs":["https:\/\/x.com\/UnaYMilLetras","https:\/\/instagram.com\/UnaYMilLetras"]},{"@type":"Person","@id":"http:\/\/unaymilletras.com\/#\/schema\/person\/0860dc8a218329991ee2c7591f4f849d","name":"Redacci\u00f3n","image":{"@type":"ImageObject","inLanguage":"en-GB","@id":"https:\/\/secure.gravatar.com\/avatar\/d8f55e05a8b6597e45c55a1dcbdbfe44f4a360d88b48e00de5216a79b7732796?s=96&d=mm&r=g","url":"https:\/\/secure.gravatar.com\/avatar\/d8f55e05a8b6597e45c55a1dcbdbfe44f4a360d88b48e00de5216a79b7732796?s=96&d=mm&r=g","contentUrl":"https:\/\/secure.gravatar.com\/avatar\/d8f55e05a8b6597e45c55a1dcbdbfe44f4a360d88b48e00de5216a79b7732796?s=96&d=mm&r=g","caption":"Redacci\u00f3n"},"url":"https:\/\/unaymilletras.com\/en\/author\/redaccion\/"}]}},"_links":{"self":[{"href":"https:\/\/unaymilletras.com\/en\/wp-json\/wp\/v2\/posts\/5118","targetHints":{"allow":["GET"]}}],"collection":[{"href":"https:\/\/unaymilletras.com\/en\/wp-json\/wp\/v2\/posts"}],"about":[{"href":"https:\/\/unaymilletras.com\/en\/wp-json\/wp\/v2\/types\/post"}],"author":[{"embeddable":true,"href":"https:\/\/unaymilletras.com\/en\/wp-json\/wp\/v2\/users\/6"}],"replies":[{"embeddable":true,"href":"https:\/\/unaymilletras.com\/en\/wp-json\/wp\/v2\/comments?post=5118"}],"version-history":[{"count":7,"href":"https:\/\/unaymilletras.com\/en\/wp-json\/wp\/v2\/posts\/5118\/revisions"}],"predecessor-version":[{"id":5126,"href":"https:\/\/unaymilletras.com\/en\/wp-json\/wp\/v2\/posts\/5118\/revisions\/5126"}],"wp:featuredmedia":[{"embeddable":true,"href":"https:\/\/unaymilletras.com\/en\/wp-json\/wp\/v2\/media\/5120"}],"wp:attachment":[{"href":"https:\/\/unaymilletras.com\/en\/wp-json\/wp\/v2\/media?parent=5118"}],"wp:term":[{"taxonomy":"category","embeddable":true,"href":"https:\/\/unaymilletras.com\/en\/wp-json\/wp\/v2\/categories?post=5118"},{"taxonomy":"post_tag","embeddable":true,"href":"https:\/\/unaymilletras.com\/en\/wp-json\/wp\/v2\/tags?post=5118"}],"curies":[{"name":"wp","href":"https:\/\/api.w.org\/{rel}","templated":true}]}}