{"id":5139,"date":"2025-06-25T17:23:22","date_gmt":"2025-06-25T15:23:22","guid":{"rendered":"https:\/\/unaymilletras.com\/?p=5139"},"modified":"2025-06-25T17:27:36","modified_gmt":"2025-06-25T15:27:36","slug":"manuel-turizo-confirma-que-vendra-a-espana-en-2025","status":"publish","type":"post","link":"https:\/\/unaymilletras.com\/en\/manuel-turizo-confirma-que-vendra-a-espana-en-2025\/","title":{"rendered":"Manuel Turizo confirma que vendr\u00e1 a Espa\u00f1a en 2025"},"content":{"rendered":"<div data-elementor-type=\"wp-post\" data-elementor-id=\"5139\" class=\"elementor elementor-5139\">\n\t\t\t\t\t\t<section class=\"elementor-section elementor-top-section elementor-element elementor-element-b4398c0 elementor-section-boxed elementor-section-height-default elementor-section-height-default\" data-id=\"b4398c0\" data-element_type=\"section\" data-e-type=\"section\">\n\t\t\t\t\t\t<div class=\"elementor-container elementor-column-gap-default\">\n\t\t\t\t\t<div class=\"elementor-column elementor-col-100 elementor-top-column elementor-element elementor-element-b9d1181\" data-id=\"b9d1181\" data-element_type=\"column\" data-e-type=\"column\">\n\t\t\t<div class=\"elementor-widget-wrap elementor-element-populated\">\n\t\t\t\t\t\t<div class=\"elementor-element elementor-element-6237815 elementor-widget elementor-widget-heading\" data-id=\"6237815\" data-element_type=\"widget\" data-e-type=\"widget\" data-widget_type=\"heading.default\">\n\t\t\t\t<div class=\"elementor-widget-container\">\n\t\t\t\t\t<h2 class=\"elementor-heading-title elementor-size-default\">Manuel Turizo disipa los rumores y tendr\u00e1 su esperada gira por Europa como parte del \u201c201 Tour\u201d en el que pasar\u00e1 un mes en territorio espa\u00f1ol<\/h2>\t\t\t\t<\/div>\n\t\t\t\t<\/div>\n\t\t\t\t\t<\/div>\n\t\t<\/div>\n\t\t\t\t\t<\/div>\n\t\t<\/section>\n\t\t\t\t<section class=\"elementor-section elementor-top-section elementor-element elementor-element-e3608b8 elementor-section-boxed elementor-section-height-default elementor-section-height-default\" data-id=\"e3608b8\" data-element_type=\"section\" data-e-type=\"section\">\n\t\t\t\t\t\t<div class=\"elementor-container elementor-column-gap-default\">\n\t\t\t\t\t<div class=\"elementor-column elementor-col-100 elementor-top-column elementor-element elementor-element-3e657ae\" data-id=\"3e657ae\" data-element_type=\"column\" data-e-type=\"column\">\n\t\t\t<div class=\"elementor-widget-wrap elementor-element-populated\">\n\t\t\t\t\t\t<div class=\"elementor-element elementor-element-dcff5fc elementor-widget elementor-widget-text-editor\" data-id=\"dcff5fc\" data-element_type=\"widget\" data-e-type=\"widget\" data-widget_type=\"text-editor.default\">\n\t\t\t\t<div class=\"elementor-widget-container\">\n\t\t\t\t\t\t\t\t\t<p>Manuel Turizo ampliar\u00e1 su \u00abtour 201\u00bb a Europa a partir de octubre. Actualmente se encuentra reocorriendo M\u00e9xico y pa\u00edses latinoamericanos como Per\u00fa, Chile, Costa Rica. Su pr\u00f3ximo paso ser\u00e1 adentrarse en Estados Unidos en agosto. Finalmente llegar\u00e1 a Europa el 3 de octubre donde pasar\u00e1 en Espa\u00f1a un mes de gira. Ser\u00e1n 15 los conciertos que el artista colombiano protagonizar\u00e1 hasta 15 conciertos en terreno espa\u00f1ol.<\/p>\t\t\t\t\t\t\t\t<\/div>\n\t\t\t\t<\/div>\n\t\t\t\t\t<\/div>\n\t\t<\/div>\n\t\t\t\t\t<\/div>\n\t\t<\/section>\n\t\t\t\t<section class=\"elementor-section elementor-top-section elementor-element elementor-element-894f386 elementor-section-boxed elementor-section-height-default elementor-section-height-default\" data-id=\"894f386\" data-element_type=\"section\" data-e-type=\"section\">\n\t\t\t\t\t\t<div class=\"elementor-container elementor-column-gap-default\">\n\t\t\t\t\t<div class=\"elementor-column elementor-col-50 elementor-top-column elementor-element elementor-element-9b9d507\" data-id=\"9b9d507\" data-element_type=\"column\" data-e-type=\"column\">\n\t\t\t<div class=\"elementor-widget-wrap elementor-element-populated\">\n\t\t\t\t\t\t<div class=\"elementor-element elementor-element-8b13ff7 elementor-widget elementor-widget-text-editor\" data-id=\"8b13ff7\" data-element_type=\"widget\" data-e-type=\"widget\" data-widget_type=\"text-editor.default\">\n\t\t\t\t<div class=\"elementor-widget-container\">\n\t\t\t\t\t\t\t\t\t<p>En Espa\u00f1a,&nbsp;<a href=\"https:\/\/unaymilletras.com\/en\/manuel-turizo-imagen-de-nesquik-en-su-nueva-campana\/\" target=\"_blank\">Manuel Turizo<\/a>&nbsp;ofrecer\u00e1 una serie de conciertos muy esperados como parte de la etapa europea de su <em data-start=\"109\" data-end=\"119\">201 Tour<\/em>. La gira comenzar\u00e1 el 3 de octubre en Murcia y continuar\u00e1 por ciudades clave como Madrid y Barcelona. En estas, el artista cuenta con una s\u00f3lida base de seguidores. Estos conciertos marcar\u00e1n el regreso del colombiano a los escenarios espa\u00f1oles, consolidando su conexi\u00f3n con el p\u00fablico del pa\u00eds, que ha acompa\u00f1ado su crecimiento desde sus primeros \u00e9xitos. Cada presentaci\u00f3n promete ser una experiencia \u00fanica, en la que Turizo compartir\u00e1 en vivo las canciones de su pr\u00f3ximo \u00e1lbum <em data-start=\"594\" data-end=\"599\">201<\/em>, en un formato m\u00e1s personal e \u00edntimo que refleja su madurez art\u00edstica.<\/p>\t\t\t\t\t\t\t\t<\/div>\n\t\t\t\t<\/div>\n\t\t\t\t\t<\/div>\n\t\t<\/div>\n\t\t\t\t<div class=\"elementor-column elementor-col-50 elementor-top-column elementor-element elementor-element-3454919\" data-id=\"3454919\" data-element_type=\"column\" data-e-type=\"column\">\n\t\t\t<div class=\"elementor-widget-wrap elementor-element-populated\">\n\t\t\t\t\t\t<div class=\"elementor-element elementor-element-fd3264e elementor-widget elementor-widget-text-editor\" data-id=\"fd3264e\" data-element_type=\"widget\" data-e-type=\"widget\" data-widget_type=\"text-editor.default\">\n\t\t\t\t<div class=\"elementor-widget-container\">\n\t\t\t\t\t\t\t\t\t<p>A partir de noviembre explorar\u00e1 m\u00e1s territorios europeos. Aunque las fechas exactas est\u00e1n a\u00fan por confirmar, el artista tiene previstas paradas en capitales musicales como Par\u00eds, Berl\u00edn, Roma, Mil\u00e1n, \u00c1msterdam, Estocolmo y Londres. Cada una de estas ciudades representa una oportunidad \u00fanica para que el barranquillero consolide su presencia en escenarios de primera l\u00ednea internacional. As\u00ed podr\u00e1 conectar con nuevos p\u00fablicos y afianzar su lugar como uno de los m\u00e1ximos exponentes de la m\u00fasica en espa\u00f1ol a nivel global. Con todas estas fechas es casi imposible quedarte sin&nbsp;<a href=\"https:\/\/www.europafm.com\/noticias\/musica\/todo-venta-entradas-15-conciertos-manuel-turizo-espana_202506236858d1501014e71bbb31d42f.html\" target=\"_blank\">entrada&nbsp;<\/a>seas del lugar que seas, ya que esta gira si que es mundial.<\/p>\t\t\t\t\t\t\t\t<\/div>\n\t\t\t\t<\/div>\n\t\t\t\t\t<\/div>\n\t\t<\/div>\n\t\t\t\t\t<\/div>\n\t\t<\/section>\n\t\t\t\t<section class=\"elementor-section elementor-top-section elementor-element elementor-element-d47053b elementor-section-boxed elementor-section-height-default elementor-section-height-default\" data-id=\"d47053b\" data-element_type=\"section\" data-e-type=\"section\">\n\t\t\t\t\t\t<div class=\"elementor-container elementor-column-gap-default\">\n\t\t\t\t\t<div class=\"elementor-column elementor-col-100 elementor-top-column elementor-element elementor-element-40ee74e\" data-id=\"40ee74e\" data-element_type=\"column\" data-e-type=\"column\">\n\t\t\t<div class=\"elementor-widget-wrap elementor-element-populated\">\n\t\t\t\t\t\t<div class=\"elementor-element elementor-element-58df4c6 elementor-widget elementor-widget-image\" data-id=\"58df4c6\" data-element_type=\"widget\" data-e-type=\"widget\" data-widget_type=\"image.default\">\n\t\t\t\t<div class=\"elementor-widget-container\">\n\t\t\t\t\t\t\t\t\t\t\t\t\t\t\t<img fetchpriority=\"high\" decoding=\"async\" width=\"459\" height=\"671\" src=\"https:\/\/unaymilletras.com\/wp-content\/uploads\/2025\/06\/Captura-de-pantalla-2025-06-25-172530.png\" class=\"attachment-large size-large wp-image-5144\" alt=\"Manuel Turizo\" srcset=\"https:\/\/unaymilletras.com\/wp-content\/uploads\/2025\/06\/Captura-de-pantalla-2025-06-25-172530.png 459w, https:\/\/unaymilletras.com\/wp-content\/uploads\/2025\/06\/Captura-de-pantalla-2025-06-25-172530-205x300.png 205w, https:\/\/unaymilletras.com\/wp-content\/uploads\/2025\/06\/Captura-de-pantalla-2025-06-25-172530-8x12.png 8w\" sizes=\"(max-width: 459px) 100vw, 459px\" \/>\t\t\t\t\t\t\t\t\t\t\t\t\t\t\t<\/div>\n\t\t\t\t<\/div>\n\t\t\t\t\t<\/div>\n\t\t<\/div>\n\t\t\t\t\t<\/div>\n\t\t<\/section>\n\t\t\t\t<section class=\"elementor-section elementor-top-section elementor-element elementor-element-90a4fda elementor-section-boxed elementor-section-height-default elementor-section-height-default\" data-id=\"90a4fda\" data-element_type=\"section\" data-e-type=\"section\">\n\t\t\t\t\t\t<div class=\"elementor-container elementor-column-gap-default\">\n\t\t\t\t\t<div class=\"elementor-column elementor-col-100 elementor-top-column elementor-element elementor-element-5378578\" data-id=\"5378578\" data-element_type=\"column\" data-e-type=\"column\">\n\t\t\t<div class=\"elementor-widget-wrap elementor-element-populated\">\n\t\t\t\t\t\t<div class=\"elementor-element elementor-element-7fedf3e elementor-widget elementor-widget-text-editor\" data-id=\"7fedf3e\" data-element_type=\"widget\" data-e-type=\"widget\" data-widget_type=\"text-editor.default\">\n\t\t\t\t<div class=\"elementor-widget-container\">\n\t\t\t\t\t\t\t\t\t<p>La carrera del colombiano ha sido muy variada y con muchos estilos musicales como el reguet\u00f3n, el pop o el\u00a0R&amp;B. Todo esto le ha hecho convertirse en uno de los artistas m\u00e1s reconocidos de la m\u00fasica latina. Entre sus canciones m\u00e1s populares est\u00e1n\u00a0 \u201cLa Bachata\u201d y \u201cEl Merengue\u201d que lo han llevado a explorar nuevos sonidos tropicales, ampliando su p\u00fablico y demostrando su versatilidad art\u00edstica. Adem\u00e1s participa en temas como \u00abLa Nota\u00bb o \u00abUna Lady Como T\u00fa\u00bb. Para el <em data-start=\"611\" data-end=\"621\">201 Tour<\/em>, se espera un repertorio cargado de estos himnos, junto a temas in\u00e9ditos del \u00e1lbum <em data-start=\"705\" data-end=\"710\">201<\/em>, que promete ser una de las producciones m\u00e1s personales y arriesgadas de su carrera.<\/p>\t\t\t\t\t\t\t\t<\/div>\n\t\t\t\t<\/div>\n\t\t\t\t\t<\/div>\n\t\t<\/div>\n\t\t\t\t\t<\/div>\n\t\t<\/section>\n\t\t\t\t<\/div>","protected":false},"excerpt":{"rendered":"<p>Manuel Turizo disipa los rumores y tendr\u00e1 su esperada gira por Europa como parte del \u201c201 Tour\u201d en el que pasar\u00e1 un mes en territorio espa\u00f1ol Manuel Turizo ampliar\u00e1 su \u00abtour 201\u00bb a Europa a partir de octubre. Actualmente se encuentra reocorriendo M\u00e9xico y pa\u00edses latinoamericanos como Per\u00fa, Chile, Costa Rica. Su pr\u00f3ximo paso ser\u00e1 [&hellip;]<\/p>\n","protected":false},"author":10,"featured_media":5140,"comment_status":"closed","ping_status":"closed","sticky":false,"template":"","format":"standard","meta":{"footnotes":""},"categories":[4],"tags":[167,178,171,190,169],"class_list":["post-5139","post","type-post","status-publish","format-standard","has-post-thumbnail","hentry","category-musica","tag-album","tag-espana","tag-gira","tag-manuel-turizo","tag-musica"],"yoast_head":"<!-- This site is optimized with the Yoast SEO plugin v27.4 - https:\/\/yoast.com\/product\/yoast-seo-wordpress\/ -->\n<title>Manuel Turizo confirma que vendr\u00e1 a Espa\u00f1a en 2025 &#8902; Una y Mil Letras<\/title>\n<meta name=\"description\" content=\"Manuel Turizo disipa los rumores y tendr\u00e1 su esperada gira por Europa como parte del \u201c201 Tour\u201d en el que pasar\u00e1 un mes en territorio espa\u00f1ol\" \/>\n<meta name=\"robots\" content=\"index, follow, max-snippet:-1, max-image-preview:large, max-video-preview:-1\" \/>\n<link rel=\"canonical\" href=\"https:\/\/unaymilletras.com\/en\/manuel-turizo-confirma-que-vendra-a-espana-en-2025\/\" \/>\n<meta property=\"og:locale\" content=\"en_GB\" \/>\n<meta property=\"og:type\" content=\"article\" \/>\n<meta property=\"og:title\" content=\"Manuel Turizo confirma que vendr\u00e1 a Espa\u00f1a en 2025 &#8902; Una y Mil Letras\" \/>\n<meta property=\"og:description\" content=\"Manuel Turizo disipa los rumores y tendr\u00e1 su esperada gira por Europa como parte del \u201c201 Tour\u201d en el que pasar\u00e1 un mes en territorio espa\u00f1ol\" \/>\n<meta property=\"og:url\" content=\"https:\/\/unaymilletras.com\/en\/manuel-turizo-confirma-que-vendra-a-espana-en-2025\/\" \/>\n<meta property=\"og:site_name\" content=\"Una y Mil Letras\" \/>\n<meta property=\"article:published_time\" content=\"2025-06-25T15:23:22+00:00\" \/>\n<meta property=\"article:modified_time\" content=\"2025-06-25T15:27:36+00:00\" \/>\n<meta property=\"og:image\" content=\"http:\/\/unaymilletras.com\/wp-content\/uploads\/2025\/06\/unnamed.jpg\" \/>\n\t<meta property=\"og:image:width\" content=\"1206\" \/>\n\t<meta property=\"og:image:height\" content=\"1500\" \/>\n\t<meta property=\"og:image:type\" content=\"image\/jpeg\" \/>\n<meta name=\"author\" content=\"David Hern\u00e1ndez\" \/>\n<meta name=\"twitter:card\" content=\"summary_large_image\" \/>\n<meta name=\"twitter:creator\" content=\"@UnaYMilLetras\" \/>\n<meta name=\"twitter:site\" content=\"@UnaYMilLetras\" \/>\n<meta name=\"twitter:label1\" content=\"Written by\" \/>\n\t<meta name=\"twitter:data1\" content=\"David Hern\u00e1ndez\" \/>\n\t<meta name=\"twitter:label2\" content=\"Estimated reading time\" \/>\n\t<meta name=\"twitter:data2\" content=\"3 minutes\" \/>\n<script type=\"application\/ld+json\" class=\"yoast-schema-graph\">{\"@context\":\"https:\\\/\\\/schema.org\",\"@graph\":[{\"@type\":\"Article\",\"@id\":\"https:\\\/\\\/unaymilletras.com\\\/manuel-turizo-confirma-que-vendra-a-espana-en-2025\\\/#article\",\"isPartOf\":{\"@id\":\"https:\\\/\\\/unaymilletras.com\\\/manuel-turizo-confirma-que-vendra-a-espana-en-2025\\\/\"},\"author\":{\"name\":\"David Hern\u00e1ndez\",\"@id\":\"http:\\\/\\\/unaymilletras.com\\\/#\\\/schema\\\/person\\\/0c171c80bc49a58d7a8ed3394548370c\"},\"headline\":\"Manuel Turizo confirma que vendr\u00e1 a Espa\u00f1a en 2025\",\"datePublished\":\"2025-06-25T15:23:22+00:00\",\"dateModified\":\"2025-06-25T15:27:36+00:00\",\"mainEntityOfPage\":{\"@id\":\"https:\\\/\\\/unaymilletras.com\\\/manuel-turizo-confirma-que-vendra-a-espana-en-2025\\\/\"},\"wordCount\":461,\"publisher\":{\"@id\":\"http:\\\/\\\/unaymilletras.com\\\/#organization\"},\"image\":{\"@id\":\"https:\\\/\\\/unaymilletras.com\\\/manuel-turizo-confirma-que-vendra-a-espana-en-2025\\\/#primaryimage\"},\"thumbnailUrl\":\"https:\\\/\\\/unaymilletras.com\\\/wp-content\\\/uploads\\\/2025\\\/06\\\/unnamed.jpg\",\"keywords\":[\"\u00e1lbum\",\"Espa\u00f1a\",\"Gira\",\"Manuel Turizo\",\"musica\"],\"articleSection\":[\"M\u00fasica\"],\"inLanguage\":\"en-GB\"},{\"@type\":\"WebPage\",\"@id\":\"https:\\\/\\\/unaymilletras.com\\\/manuel-turizo-confirma-que-vendra-a-espana-en-2025\\\/\",\"url\":\"https:\\\/\\\/unaymilletras.com\\\/manuel-turizo-confirma-que-vendra-a-espana-en-2025\\\/\",\"name\":\"Manuel Turizo confirma que vendr\u00e1 a Espa\u00f1a en 2025 &#8902; Una y Mil Letras\",\"isPartOf\":{\"@id\":\"http:\\\/\\\/unaymilletras.com\\\/#website\"},\"primaryImageOfPage\":{\"@id\":\"https:\\\/\\\/unaymilletras.com\\\/manuel-turizo-confirma-que-vendra-a-espana-en-2025\\\/#primaryimage\"},\"image\":{\"@id\":\"https:\\\/\\\/unaymilletras.com\\\/manuel-turizo-confirma-que-vendra-a-espana-en-2025\\\/#primaryimage\"},\"thumbnailUrl\":\"https:\\\/\\\/unaymilletras.com\\\/wp-content\\\/uploads\\\/2025\\\/06\\\/unnamed.jpg\",\"datePublished\":\"2025-06-25T15:23:22+00:00\",\"dateModified\":\"2025-06-25T15:27:36+00:00\",\"description\":\"Manuel Turizo disipa los rumores y tendr\u00e1 su esperada gira por Europa como parte del \u201c201 Tour\u201d en el que pasar\u00e1 un mes en territorio espa\u00f1ol\",\"breadcrumb\":{\"@id\":\"https:\\\/\\\/unaymilletras.com\\\/manuel-turizo-confirma-que-vendra-a-espana-en-2025\\\/#breadcrumb\"},\"inLanguage\":\"en-GB\",\"potentialAction\":[{\"@type\":\"ReadAction\",\"target\":[\"https:\\\/\\\/unaymilletras.com\\\/manuel-turizo-confirma-que-vendra-a-espana-en-2025\\\/\"]}]},{\"@type\":\"ImageObject\",\"inLanguage\":\"en-GB\",\"@id\":\"https:\\\/\\\/unaymilletras.com\\\/manuel-turizo-confirma-que-vendra-a-espana-en-2025\\\/#primaryimage\",\"url\":\"https:\\\/\\\/unaymilletras.com\\\/wp-content\\\/uploads\\\/2025\\\/06\\\/unnamed.jpg\",\"contentUrl\":\"https:\\\/\\\/unaymilletras.com\\\/wp-content\\\/uploads\\\/2025\\\/06\\\/unnamed.jpg\",\"width\":1206,\"height\":1500,\"caption\":\"Manuel Turizo\"},{\"@type\":\"BreadcrumbList\",\"@id\":\"https:\\\/\\\/unaymilletras.com\\\/manuel-turizo-confirma-que-vendra-a-espana-en-2025\\\/#breadcrumb\",\"itemListElement\":[{\"@type\":\"ListItem\",\"position\":1,\"name\":\"Home\",\"item\":\"http:\\\/\\\/unaymilletras.com\\\/\"},{\"@type\":\"ListItem\",\"position\":2,\"name\":\"Manuel Turizo confirma que vendr\u00e1 a Espa\u00f1a en 2025\"}]},{\"@type\":\"WebSite\",\"@id\":\"http:\\\/\\\/unaymilletras.com\\\/#website\",\"url\":\"http:\\\/\\\/unaymilletras.com\\\/\",\"name\":\"Una y Mil Letras\",\"description\":\"\",\"publisher\":{\"@id\":\"http:\\\/\\\/unaymilletras.com\\\/#organization\"},\"potentialAction\":[{\"@type\":\"SearchAction\",\"target\":{\"@type\":\"EntryPoint\",\"urlTemplate\":\"http:\\\/\\\/unaymilletras.com\\\/?s={search_term_string}\"},\"query-input\":{\"@type\":\"PropertyValueSpecification\",\"valueRequired\":true,\"valueName\":\"search_term_string\"}}],\"inLanguage\":\"en-GB\"},{\"@type\":\"Organization\",\"@id\":\"http:\\\/\\\/unaymilletras.com\\\/#organization\",\"name\":\"Una y Mil Letras\",\"url\":\"http:\\\/\\\/unaymilletras.com\\\/\",\"logo\":{\"@type\":\"ImageObject\",\"inLanguage\":\"en-GB\",\"@id\":\"http:\\\/\\\/unaymilletras.com\\\/#\\\/schema\\\/logo\\\/image\\\/\",\"url\":\"https:\\\/\\\/unaymilletras.com\\\/wp-content\\\/uploads\\\/2024\\\/06\\\/cropped-Logo-removebg-preview.png\",\"contentUrl\":\"https:\\\/\\\/unaymilletras.com\\\/wp-content\\\/uploads\\\/2024\\\/06\\\/cropped-Logo-removebg-preview.png\",\"width\":512,\"height\":512,\"caption\":\"Una y Mil Letras\"},\"image\":{\"@id\":\"http:\\\/\\\/unaymilletras.com\\\/#\\\/schema\\\/logo\\\/image\\\/\"},\"sameAs\":[\"https:\\\/\\\/x.com\\\/UnaYMilLetras\",\"https:\\\/\\\/instagram.com\\\/UnaYMilLetras\"]},{\"@type\":\"Person\",\"@id\":\"http:\\\/\\\/unaymilletras.com\\\/#\\\/schema\\\/person\\\/0c171c80bc49a58d7a8ed3394548370c\",\"name\":\"David Hern\u00e1ndez\",\"image\":{\"@type\":\"ImageObject\",\"inLanguage\":\"en-GB\",\"@id\":\"https:\\\/\\\/secure.gravatar.com\\\/avatar\\\/86739d73874dcbc11e4278af33fb905704f5c29329727efb3b0e0bc838b0d469?s=96&d=mm&r=g\",\"url\":\"https:\\\/\\\/secure.gravatar.com\\\/avatar\\\/86739d73874dcbc11e4278af33fb905704f5c29329727efb3b0e0bc838b0d469?s=96&d=mm&r=g\",\"contentUrl\":\"https:\\\/\\\/secure.gravatar.com\\\/avatar\\\/86739d73874dcbc11e4278af33fb905704f5c29329727efb3b0e0bc838b0d469?s=96&d=mm&r=g\",\"caption\":\"David Hern\u00e1ndez\"},\"url\":\"https:\\\/\\\/unaymilletras.com\\\/en\\\/author\\\/davidesel\\\/\"}]}<\/script>\n<!-- \/ Yoast SEO plugin. -->","yoast_head_json":{"title":"Manuel Turizo confirma que vendr\u00e1 a Espa\u00f1a en 2025 &#8902; Una y Mil Letras","description":"Manuel Turizo disipa los rumores y tendr\u00e1 su esperada gira por Europa como parte del \u201c201 Tour\u201d en el que pasar\u00e1 un mes en territorio espa\u00f1ol","robots":{"index":"index","follow":"follow","max-snippet":"max-snippet:-1","max-image-preview":"max-image-preview:large","max-video-preview":"max-video-preview:-1"},"canonical":"https:\/\/unaymilletras.com\/en\/manuel-turizo-confirma-que-vendra-a-espana-en-2025\/","og_locale":"en_GB","og_type":"article","og_title":"Manuel Turizo confirma que vendr\u00e1 a Espa\u00f1a en 2025 &#8902; Una y Mil Letras","og_description":"Manuel Turizo disipa los rumores y tendr\u00e1 su esperada gira por Europa como parte del \u201c201 Tour\u201d en el que pasar\u00e1 un mes en territorio espa\u00f1ol","og_url":"https:\/\/unaymilletras.com\/en\/manuel-turizo-confirma-que-vendra-a-espana-en-2025\/","og_site_name":"Una y Mil Letras","article_published_time":"2025-06-25T15:23:22+00:00","article_modified_time":"2025-06-25T15:27:36+00:00","og_image":[{"width":1206,"height":1500,"url":"http:\/\/unaymilletras.com\/wp-content\/uploads\/2025\/06\/unnamed.jpg","type":"image\/jpeg"}],"author":"David Hern\u00e1ndez","twitter_card":"summary_large_image","twitter_creator":"@UnaYMilLetras","twitter_site":"@UnaYMilLetras","twitter_misc":{"Written by":"David Hern\u00e1ndez","Estimated reading time":"3 minutes"},"schema":{"@context":"https:\/\/schema.org","@graph":[{"@type":"Article","@id":"https:\/\/unaymilletras.com\/manuel-turizo-confirma-que-vendra-a-espana-en-2025\/#article","isPartOf":{"@id":"https:\/\/unaymilletras.com\/manuel-turizo-confirma-que-vendra-a-espana-en-2025\/"},"author":{"name":"David Hern\u00e1ndez","@id":"http:\/\/unaymilletras.com\/#\/schema\/person\/0c171c80bc49a58d7a8ed3394548370c"},"headline":"Manuel Turizo confirma que vendr\u00e1 a Espa\u00f1a en 2025","datePublished":"2025-06-25T15:23:22+00:00","dateModified":"2025-06-25T15:27:36+00:00","mainEntityOfPage":{"@id":"https:\/\/unaymilletras.com\/manuel-turizo-confirma-que-vendra-a-espana-en-2025\/"},"wordCount":461,"publisher":{"@id":"http:\/\/unaymilletras.com\/#organization"},"image":{"@id":"https:\/\/unaymilletras.com\/manuel-turizo-confirma-que-vendra-a-espana-en-2025\/#primaryimage"},"thumbnailUrl":"https:\/\/unaymilletras.com\/wp-content\/uploads\/2025\/06\/unnamed.jpg","keywords":["\u00e1lbum","Espa\u00f1a","Gira","Manuel Turizo","musica"],"articleSection":["M\u00fasica"],"inLanguage":"en-GB"},{"@type":"WebPage","@id":"https:\/\/unaymilletras.com\/manuel-turizo-confirma-que-vendra-a-espana-en-2025\/","url":"https:\/\/unaymilletras.com\/manuel-turizo-confirma-que-vendra-a-espana-en-2025\/","name":"Manuel Turizo confirma que vendr\u00e1 a Espa\u00f1a en 2025 &#8902; Una y Mil Letras","isPartOf":{"@id":"http:\/\/unaymilletras.com\/#website"},"primaryImageOfPage":{"@id":"https:\/\/unaymilletras.com\/manuel-turizo-confirma-que-vendra-a-espana-en-2025\/#primaryimage"},"image":{"@id":"https:\/\/unaymilletras.com\/manuel-turizo-confirma-que-vendra-a-espana-en-2025\/#primaryimage"},"thumbnailUrl":"https:\/\/unaymilletras.com\/wp-content\/uploads\/2025\/06\/unnamed.jpg","datePublished":"2025-06-25T15:23:22+00:00","dateModified":"2025-06-25T15:27:36+00:00","description":"Manuel Turizo disipa los rumores y tendr\u00e1 su esperada gira por Europa como parte del \u201c201 Tour\u201d en el que pasar\u00e1 un mes en territorio espa\u00f1ol","breadcrumb":{"@id":"https:\/\/unaymilletras.com\/manuel-turizo-confirma-que-vendra-a-espana-en-2025\/#breadcrumb"},"inLanguage":"en-GB","potentialAction":[{"@type":"ReadAction","target":["https:\/\/unaymilletras.com\/manuel-turizo-confirma-que-vendra-a-espana-en-2025\/"]}]},{"@type":"ImageObject","inLanguage":"en-GB","@id":"https:\/\/unaymilletras.com\/manuel-turizo-confirma-que-vendra-a-espana-en-2025\/#primaryimage","url":"https:\/\/unaymilletras.com\/wp-content\/uploads\/2025\/06\/unnamed.jpg","contentUrl":"https:\/\/unaymilletras.com\/wp-content\/uploads\/2025\/06\/unnamed.jpg","width":1206,"height":1500,"caption":"Manuel Turizo"},{"@type":"BreadcrumbList","@id":"https:\/\/unaymilletras.com\/manuel-turizo-confirma-que-vendra-a-espana-en-2025\/#breadcrumb","itemListElement":[{"@type":"ListItem","position":1,"name":"Home","item":"http:\/\/unaymilletras.com\/"},{"@type":"ListItem","position":2,"name":"Manuel Turizo confirma que vendr\u00e1 a Espa\u00f1a en 2025"}]},{"@type":"WebSite","@id":"http:\/\/unaymilletras.com\/#website","url":"http:\/\/unaymilletras.com\/","name":"Una y Mil Letras","description":"","publisher":{"@id":"http:\/\/unaymilletras.com\/#organization"},"potentialAction":[{"@type":"SearchAction","target":{"@type":"EntryPoint","urlTemplate":"http:\/\/unaymilletras.com\/?s={search_term_string}"},"query-input":{"@type":"PropertyValueSpecification","valueRequired":true,"valueName":"search_term_string"}}],"inLanguage":"en-GB"},{"@type":"Organization","@id":"http:\/\/unaymilletras.com\/#organization","name":"Una y Mil Letras","url":"http:\/\/unaymilletras.com\/","logo":{"@type":"ImageObject","inLanguage":"en-GB","@id":"http:\/\/unaymilletras.com\/#\/schema\/logo\/image\/","url":"https:\/\/unaymilletras.com\/wp-content\/uploads\/2024\/06\/cropped-Logo-removebg-preview.png","contentUrl":"https:\/\/unaymilletras.com\/wp-content\/uploads\/2024\/06\/cropped-Logo-removebg-preview.png","width":512,"height":512,"caption":"Una y Mil Letras"},"image":{"@id":"http:\/\/unaymilletras.com\/#\/schema\/logo\/image\/"},"sameAs":["https:\/\/x.com\/UnaYMilLetras","https:\/\/instagram.com\/UnaYMilLetras"]},{"@type":"Person","@id":"http:\/\/unaymilletras.com\/#\/schema\/person\/0c171c80bc49a58d7a8ed3394548370c","name":"David Hern\u00e1ndez","image":{"@type":"ImageObject","inLanguage":"en-GB","@id":"https:\/\/secure.gravatar.com\/avatar\/86739d73874dcbc11e4278af33fb905704f5c29329727efb3b0e0bc838b0d469?s=96&d=mm&r=g","url":"https:\/\/secure.gravatar.com\/avatar\/86739d73874dcbc11e4278af33fb905704f5c29329727efb3b0e0bc838b0d469?s=96&d=mm&r=g","contentUrl":"https:\/\/secure.gravatar.com\/avatar\/86739d73874dcbc11e4278af33fb905704f5c29329727efb3b0e0bc838b0d469?s=96&d=mm&r=g","caption":"David Hern\u00e1ndez"},"url":"https:\/\/unaymilletras.com\/en\/author\/davidesel\/"}]}},"_links":{"self":[{"href":"https:\/\/unaymilletras.com\/en\/wp-json\/wp\/v2\/posts\/5139","targetHints":{"allow":["GET"]}}],"collection":[{"href":"https:\/\/unaymilletras.com\/en\/wp-json\/wp\/v2\/posts"}],"about":[{"href":"https:\/\/unaymilletras.com\/en\/wp-json\/wp\/v2\/types\/post"}],"author":[{"embeddable":true,"href":"https:\/\/unaymilletras.com\/en\/wp-json\/wp\/v2\/users\/10"}],"replies":[{"embeddable":true,"href":"https:\/\/unaymilletras.com\/en\/wp-json\/wp\/v2\/comments?post=5139"}],"version-history":[{"count":9,"href":"https:\/\/unaymilletras.com\/en\/wp-json\/wp\/v2\/posts\/5139\/revisions"}],"predecessor-version":[{"id":5150,"href":"https:\/\/unaymilletras.com\/en\/wp-json\/wp\/v2\/posts\/5139\/revisions\/5150"}],"wp:featuredmedia":[{"embeddable":true,"href":"https:\/\/unaymilletras.com\/en\/wp-json\/wp\/v2\/media\/5140"}],"wp:attachment":[{"href":"https:\/\/unaymilletras.com\/en\/wp-json\/wp\/v2\/media?parent=5139"}],"wp:term":[{"taxonomy":"category","embeddable":true,"href":"https:\/\/unaymilletras.com\/en\/wp-json\/wp\/v2\/categories?post=5139"},{"taxonomy":"post_tag","embeddable":true,"href":"https:\/\/unaymilletras.com\/en\/wp-json\/wp\/v2\/tags?post=5139"}],"curies":[{"name":"wp","href":"https:\/\/api.w.org\/{rel}","templated":true}]}}