{"id":5151,"date":"2025-06-26T17:53:51","date_gmt":"2025-06-26T15:53:51","guid":{"rendered":"https:\/\/unaymilletras.com\/?p=5151"},"modified":"2025-07-01T15:23:32","modified_gmt":"2025-07-01T13:23:32","slug":"ilia-topuria-en-busca-de-agrandar-su-leyenda","status":"publish","type":"post","link":"https:\/\/unaymilletras.com\/en\/ilia-topuria-en-busca-de-agrandar-su-leyenda\/","title":{"rendered":"Ilia Topuria en busca de agrandar su leyenda"},"content":{"rendered":"<div data-elementor-type=\"wp-post\" data-elementor-id=\"5151\" class=\"elementor elementor-5151\">\n\t\t\t\t\t\t<section class=\"elementor-section elementor-top-section elementor-element elementor-element-8a55010 elementor-section-boxed elementor-section-height-default elementor-section-height-default\" data-id=\"8a55010\" data-element_type=\"section\" data-e-type=\"section\">\n\t\t\t\t\t\t<div class=\"elementor-container elementor-column-gap-default\">\n\t\t\t\t\t<div class=\"elementor-column elementor-col-100 elementor-top-column elementor-element elementor-element-29ea15a\" data-id=\"29ea15a\" data-element_type=\"column\" data-e-type=\"column\">\n\t\t\t<div class=\"elementor-widget-wrap elementor-element-populated\">\n\t\t\t\t\t\t<div class=\"elementor-element elementor-element-ae0f8cf elementor-widget elementor-widget-heading\" data-id=\"ae0f8cf\" data-element_type=\"widget\" data-e-type=\"widget\" data-widget_type=\"heading.default\">\n\t\t\t\t<div class=\"elementor-widget-container\">\n\t\t\t\t\t<h2 class=\"elementor-heading-title elementor-size-default\">El luchador hispano-georgiano, Ilia Topuria, tratar\u00e1 de conseguir su segundo campeonato mundial de la UFC en la semana m\u00e1s importante del a\u00f1o<\/h2>\t\t\t\t<\/div>\n\t\t\t\t<\/div>\n\t\t\t\t\t<\/div>\n\t\t<\/div>\n\t\t\t\t\t<\/div>\n\t\t<\/section>\n\t\t\t\t<section class=\"elementor-section elementor-top-section elementor-element elementor-element-b6f6e5d elementor-section-boxed elementor-section-height-default elementor-section-height-default\" data-id=\"b6f6e5d\" data-element_type=\"section\" data-e-type=\"section\">\n\t\t\t\t\t\t<div class=\"elementor-container elementor-column-gap-default\">\n\t\t\t\t\t<div class=\"elementor-column elementor-col-100 elementor-top-column elementor-element elementor-element-b7ac982\" data-id=\"b7ac982\" data-element_type=\"column\" data-e-type=\"column\">\n\t\t\t<div class=\"elementor-widget-wrap elementor-element-populated\">\n\t\t\t\t\t\t<div class=\"elementor-element elementor-element-b5ed85b elementor-widget elementor-widget-text-editor\" data-id=\"b5ed85b\" data-element_type=\"widget\" data-e-type=\"widget\" data-widget_type=\"text-editor.default\">\n\t\t\t\t<div class=\"elementor-widget-container\">\n\t\t\t\t\t\t\t\t\t<p>En Las Vegas ya est\u00e1 todo listo para culminar la International Fight Week. En el combate estelar del evento m\u00e1s importante del a\u00f1o para la MMA estar\u00e1 representando a Espa\u00f1a Ilia Topuria. Este se enfrentar\u00e1 a Charles Oliveira por el campeonato vacante de peso ligero. Topuria renunci\u00f3 al cintur\u00f3n de una divisi\u00f3n inferior para luchar por este nuevo premio en una categor\u00eda m\u00e1s dif\u00edcil. Este domingo se descubrir\u00e1 si realmente el hispano-georgiano est\u00e1 listo para convertirse en campe\u00f3n y agrandar su leyenda. Este combate promete ser el m\u00e1s complicado de toda su carrera y con el que buscar\u00e1 ampliar su racha a un 17-0.<\/p>\t\t\t\t\t\t\t\t<\/div>\n\t\t\t\t<\/div>\n\t\t\t\t\t<\/div>\n\t\t<\/div>\n\t\t\t\t\t<\/div>\n\t\t<\/section>\n\t\t\t\t<section class=\"elementor-section elementor-top-section elementor-element elementor-element-5b15917 elementor-section-boxed elementor-section-height-default elementor-section-height-default\" data-id=\"5b15917\" data-element_type=\"section\" data-e-type=\"section\">\n\t\t\t\t\t\t<div class=\"elementor-container elementor-column-gap-default\">\n\t\t\t\t\t<div class=\"elementor-column elementor-col-50 elementor-top-column elementor-element elementor-element-288ff49\" data-id=\"288ff49\" data-element_type=\"column\" data-e-type=\"column\">\n\t\t\t<div class=\"elementor-widget-wrap elementor-element-populated\">\n\t\t\t\t\t\t<div class=\"elementor-element elementor-element-3d246f1 elementor-widget elementor-widget-text-editor\" data-id=\"3d246f1\" data-element_type=\"widget\" data-e-type=\"widget\" data-widget_type=\"text-editor.default\">\n\t\t\t\t<div class=\"elementor-widget-container\">\n\t\t\t\t\t\t\t\t\t<p>Topuria lleva un palmar\u00e9s envidiable tras conquistar en febrero de 2024 el campeonato de peso pluma de Volkanovski, uno de los mejores peleadores de su divisi\u00f3n de la historia. En octubre logr\u00f3 defenderlo exitosamente ante&nbsp;<a href=\"https:\/\/www.marca.com\/combates-ufc\/2024\/10\/26\/asi-ko-ilia-topuria-max-holloway.html\" target=\"_blank\">Max Holloway<\/a>&nbsp;en un combate que de nuevo fue m\u00e1s desigualado de lo que se pod\u00eda prever. El pr\u00f3ximo combate llegar\u00e1 casi 8 meses despu\u00e9s y este reto ser\u00e1 clave si es que Topuria aspira a enfrentarse en alg\u00fan momento a Islam Makhachev.<\/p>\t\t\t\t\t\t\t\t<\/div>\n\t\t\t\t<\/div>\n\t\t\t\t\t<\/div>\n\t\t<\/div>\n\t\t\t\t<div class=\"elementor-column elementor-col-50 elementor-top-column elementor-element elementor-element-fe98387\" data-id=\"fe98387\" data-element_type=\"column\" data-e-type=\"column\">\n\t\t\t<div class=\"elementor-widget-wrap elementor-element-populated\">\n\t\t\t\t\t\t<div class=\"elementor-element elementor-element-85394fc elementor-widget elementor-widget-text-editor\" data-id=\"85394fc\" data-element_type=\"widget\" data-e-type=\"widget\" data-widget_type=\"text-editor.default\">\n\t\t\t\t<div class=\"elementor-widget-container\">\n\t\t\t\t\t\t\t\t\t<p style=\"text-align: justify\">El combate se podr\u00e1 seguir a trav\u00e9s del canal de Eurosport exclusivo en la plataforma MAX. La retransmisi\u00f3n comienza a la 1:00 hora peninsular y a las 2:00 de la madrugada comienza la velada. En total se disputar\u00e1n cinco combates que se podr\u00e1n ver. Adem\u00e1s del evento estelar ya mencionado, tambi\u00e9n hay que destacar el combate en el que estar\u00e1 en juego el campeonato de peso mosca entre Alexandre Pantoja y Kai Kara-France. La noche arrancar\u00e1 con un\u00a0\u00a0Paulo Costa vs Roman Kopylov, seguido de\u00a0Beneil Dariush vs Renato Moicano y el\u00a0Brandon Royval vs Joshua Van.<\/p>\t\t\t\t\t\t\t\t<\/div>\n\t\t\t\t<\/div>\n\t\t\t\t\t<\/div>\n\t\t<\/div>\n\t\t\t\t\t<\/div>\n\t\t<\/section>\n\t\t\t\t<section class=\"elementor-section elementor-top-section elementor-element elementor-element-8077fe9 elementor-section-boxed elementor-section-height-default elementor-section-height-default\" data-id=\"8077fe9\" data-element_type=\"section\" data-e-type=\"section\">\n\t\t\t\t\t\t<div class=\"elementor-container elementor-column-gap-default\">\n\t\t\t\t\t<div class=\"elementor-column elementor-col-100 elementor-top-column elementor-element elementor-element-f323e5e\" data-id=\"f323e5e\" data-element_type=\"column\" data-e-type=\"column\">\n\t\t\t<div class=\"elementor-widget-wrap elementor-element-populated\">\n\t\t\t\t\t\t<div class=\"elementor-element elementor-element-6934136 elementor-widget elementor-widget-video\" data-id=\"6934136\" data-element_type=\"widget\" data-e-type=\"widget\" data-settings=\"{&quot;video_type&quot;:&quot;hosted&quot;,&quot;controls&quot;:&quot;yes&quot;}\" data-widget_type=\"video.default\">\n\t\t\t\t<div class=\"elementor-widget-container\">\n\t\t\t\t\t\t\t<div class=\"e-hosted-video elementor-wrapper elementor-open-inline\">\n\t\t\t\t\t<video class=\"elementor-video\" src=\"http:\/\/unaymilletras.com\/wp-content\/uploads\/2025\/06\/ufc_317_topuria_oliv_685d6a12bccb6.mp4\" controls=\"\" preload=\"metadata\" controlslist=\"nodownload\"><\/video>\n\t\t\t\t<\/div>\n\t\t\t\t\t\t<\/div>\n\t\t\t\t<\/div>\n\t\t\t\t\t<\/div>\n\t\t<\/div>\n\t\t\t\t\t<\/div>\n\t\t<\/section>\n\t\t\t\t<section class=\"elementor-section elementor-top-section elementor-element elementor-element-980d8e1 elementor-section-boxed elementor-section-height-default elementor-section-height-default\" data-id=\"980d8e1\" data-element_type=\"section\" data-e-type=\"section\">\n\t\t\t\t\t\t<div class=\"elementor-container elementor-column-gap-default\">\n\t\t\t\t\t<div class=\"elementor-column elementor-col-100 elementor-top-column elementor-element elementor-element-39b2a39\" data-id=\"39b2a39\" data-element_type=\"column\" data-e-type=\"column\">\n\t\t\t<div class=\"elementor-widget-wrap elementor-element-populated\">\n\t\t\t\t\t\t<div class=\"elementor-element elementor-element-ee99edf elementor-widget elementor-widget-text-editor\" data-id=\"ee99edf\" data-element_type=\"widget\" data-e-type=\"widget\" data-widget_type=\"text-editor.default\">\n\t\t\t\t<div class=\"elementor-widget-container\">\n\t\t\t\t\t\t\t\t\t<p>La expectaci\u00f3n es m\u00e1xima por la que ser\u00e1 una noche recordada para todos los amantes de las artes mixtas. A pesar del horario del combate estelar, que est\u00e1 previsto para ser a las 6 de la ma\u00f1ana hora espa\u00f1ola, muchos fan\u00e1ticos madrugar\u00e1n o trasnochar\u00e1n para presenciar una velada hist\u00f3rica en la que se sigue ampliando la cobertura y la importancia de este\u00a0<a href=\"https:\/\/unaymilletras.com\/en\/la-kings-league-llega-a-las-librerias-con-el-jugador-numero-12\/\" target=\"_blank\" rel=\"noopener\">deporte\u00a0<\/a>para los espa\u00f1oles. El \u00e9xito de Topuria puede suponer que cada vez a m\u00e1s personas les interese este tipo de entretenimiento. \u00bfQui\u00e9n sabe si se pudiera llegar a realizar un evento de la UFC en Espa\u00f1a?<\/p>\t\t\t\t\t\t\t\t<\/div>\n\t\t\t\t<\/div>\n\t\t\t\t\t<\/div>\n\t\t<\/div>\n\t\t\t\t\t<\/div>\n\t\t<\/section>\n\t\t\t\t<\/div>","protected":false},"excerpt":{"rendered":"<p>El luchador hispano-georgiano, Ilia Topuria, tratar\u00e1 de conseguir su segundo campeonato mundial de la UFC en la semana m\u00e1s importante del a\u00f1o En Las Vegas ya est\u00e1 todo listo para culminar la International Fight Week. En el combate estelar del evento m\u00e1s importante del a\u00f1o para la MMA estar\u00e1 representando a Espa\u00f1a Ilia Topuria. Este [&hellip;]<\/p>\n","protected":false},"author":10,"featured_media":5153,"comment_status":"closed","ping_status":"closed","sticky":false,"template":"","format":"standard","meta":{"footnotes":""},"categories":[118,117],"tags":[197,192,198,194,196,195,191],"class_list":["post-5151","post","type-post","status-publish","format-standard","has-post-thumbnail","hentry","category-deportes","category-peliculas-y-series","tag-charles-oliveira","tag-ilia-topuria","tag-international-fight-week","tag-mma","tag-oliveira","tag-peso-ligero","tag-topuria"],"yoast_head":"<!-- This site is optimized with the Yoast SEO plugin v27.4 - https:\/\/yoast.com\/product\/yoast-seo-wordpress\/ -->\n<title>Ilia Topuria en busca de agrandar su leyenda &#8902; Una y Mil Letras<\/title>\n<meta name=\"description\" content=\"El luchador hispano-georgiano, Ilia Topuria, tratar\u00e1 de conseguir su segundo campeonato mundial de la UFC en la semana m\u00e1s importante del a\u00f1o\" \/>\n<meta name=\"robots\" content=\"index, follow, max-snippet:-1, max-image-preview:large, max-video-preview:-1\" \/>\n<link rel=\"canonical\" href=\"https:\/\/unaymilletras.com\/en\/ilia-topuria-en-busca-de-agrandar-su-leyenda\/\" \/>\n<meta property=\"og:locale\" content=\"en_GB\" \/>\n<meta property=\"og:type\" content=\"article\" \/>\n<meta property=\"og:title\" content=\"Ilia Topuria en busca de agrandar su leyenda &#8902; Una y Mil Letras\" \/>\n<meta property=\"og:description\" content=\"El luchador hispano-georgiano, Ilia Topuria, tratar\u00e1 de conseguir su segundo campeonato mundial de la UFC en la semana m\u00e1s importante del a\u00f1o\" \/>\n<meta property=\"og:url\" content=\"https:\/\/unaymilletras.com\/en\/ilia-topuria-en-busca-de-agrandar-su-leyenda\/\" \/>\n<meta property=\"og:site_name\" content=\"Una y Mil Letras\" \/>\n<meta property=\"article:published_time\" content=\"2025-06-26T15:53:51+00:00\" \/>\n<meta property=\"article:modified_time\" content=\"2025-07-01T13:23:32+00:00\" \/>\n<meta property=\"og:image\" content=\"http:\/\/unaymilletras.com\/wp-content\/uploads\/2025\/06\/unnamed-1-e1750951375853.jpg\" \/>\n\t<meta property=\"og:image:width\" content=\"600\" \/>\n\t<meta property=\"og:image:height\" content=\"338\" \/>\n\t<meta property=\"og:image:type\" content=\"image\/jpeg\" \/>\n<meta name=\"author\" content=\"David Hern\u00e1ndez\" \/>\n<meta name=\"twitter:card\" content=\"summary_large_image\" \/>\n<meta name=\"twitter:creator\" content=\"@UnaYMilLetras\" \/>\n<meta name=\"twitter:site\" content=\"@UnaYMilLetras\" \/>\n<meta name=\"twitter:label1\" content=\"Written by\" \/>\n\t<meta name=\"twitter:data1\" content=\"David Hern\u00e1ndez\" \/>\n\t<meta name=\"twitter:label2\" content=\"Estimated reading time\" \/>\n\t<meta name=\"twitter:data2\" content=\"3 minutes\" \/>\n<script type=\"application\/ld+json\" class=\"yoast-schema-graph\">{\"@context\":\"https:\\\/\\\/schema.org\",\"@graph\":[{\"@type\":\"Article\",\"@id\":\"https:\\\/\\\/unaymilletras.com\\\/ilia-topuria-en-busca-de-agrandar-su-leyenda\\\/#article\",\"isPartOf\":{\"@id\":\"https:\\\/\\\/unaymilletras.com\\\/ilia-topuria-en-busca-de-agrandar-su-leyenda\\\/\"},\"author\":{\"name\":\"David Hern\u00e1ndez\",\"@id\":\"http:\\\/\\\/unaymilletras.com\\\/#\\\/schema\\\/person\\\/0c171c80bc49a58d7a8ed3394548370c\"},\"headline\":\"Ilia Topuria en busca de agrandar su leyenda\",\"datePublished\":\"2025-06-26T15:53:51+00:00\",\"dateModified\":\"2025-07-01T13:23:32+00:00\",\"mainEntityOfPage\":{\"@id\":\"https:\\\/\\\/unaymilletras.com\\\/ilia-topuria-en-busca-de-agrandar-su-leyenda\\\/\"},\"wordCount\":454,\"publisher\":{\"@id\":\"http:\\\/\\\/unaymilletras.com\\\/#organization\"},\"image\":{\"@id\":\"https:\\\/\\\/unaymilletras.com\\\/ilia-topuria-en-busca-de-agrandar-su-leyenda\\\/#primaryimage\"},\"thumbnailUrl\":\"https:\\\/\\\/unaymilletras.com\\\/wp-content\\\/uploads\\\/2025\\\/06\\\/unnamed-1-e1750951375853.jpg\",\"keywords\":[\"Charles Oliveira\",\"Ilia Topuria\",\"International Fight Week\",\"MMA\",\"Oliveira\",\"Peso Ligero\",\"Topuria\"],\"articleSection\":[\"Deportes\",\"Pel\u00edculas y Series\"],\"inLanguage\":\"en-GB\"},{\"@type\":\"WebPage\",\"@id\":\"https:\\\/\\\/unaymilletras.com\\\/ilia-topuria-en-busca-de-agrandar-su-leyenda\\\/\",\"url\":\"https:\\\/\\\/unaymilletras.com\\\/ilia-topuria-en-busca-de-agrandar-su-leyenda\\\/\",\"name\":\"Ilia Topuria en busca de agrandar su leyenda &#8902; Una y Mil Letras\",\"isPartOf\":{\"@id\":\"http:\\\/\\\/unaymilletras.com\\\/#website\"},\"primaryImageOfPage\":{\"@id\":\"https:\\\/\\\/unaymilletras.com\\\/ilia-topuria-en-busca-de-agrandar-su-leyenda\\\/#primaryimage\"},\"image\":{\"@id\":\"https:\\\/\\\/unaymilletras.com\\\/ilia-topuria-en-busca-de-agrandar-su-leyenda\\\/#primaryimage\"},\"thumbnailUrl\":\"https:\\\/\\\/unaymilletras.com\\\/wp-content\\\/uploads\\\/2025\\\/06\\\/unnamed-1-e1750951375853.jpg\",\"datePublished\":\"2025-06-26T15:53:51+00:00\",\"dateModified\":\"2025-07-01T13:23:32+00:00\",\"description\":\"El luchador hispano-georgiano, Ilia Topuria, tratar\u00e1 de conseguir su segundo campeonato mundial de la UFC en la semana m\u00e1s importante del a\u00f1o\",\"breadcrumb\":{\"@id\":\"https:\\\/\\\/unaymilletras.com\\\/ilia-topuria-en-busca-de-agrandar-su-leyenda\\\/#breadcrumb\"},\"inLanguage\":\"en-GB\",\"potentialAction\":[{\"@type\":\"ReadAction\",\"target\":[\"https:\\\/\\\/unaymilletras.com\\\/ilia-topuria-en-busca-de-agrandar-su-leyenda\\\/\"]}]},{\"@type\":\"ImageObject\",\"inLanguage\":\"en-GB\",\"@id\":\"https:\\\/\\\/unaymilletras.com\\\/ilia-topuria-en-busca-de-agrandar-su-leyenda\\\/#primaryimage\",\"url\":\"https:\\\/\\\/unaymilletras.com\\\/wp-content\\\/uploads\\\/2025\\\/06\\\/unnamed-1-e1750951375853.jpg\",\"contentUrl\":\"https:\\\/\\\/unaymilletras.com\\\/wp-content\\\/uploads\\\/2025\\\/06\\\/unnamed-1-e1750951375853.jpg\",\"width\":600,\"height\":338,\"caption\":\"Ilia Topuria\"},{\"@type\":\"BreadcrumbList\",\"@id\":\"https:\\\/\\\/unaymilletras.com\\\/ilia-topuria-en-busca-de-agrandar-su-leyenda\\\/#breadcrumb\",\"itemListElement\":[{\"@type\":\"ListItem\",\"position\":1,\"name\":\"Home\",\"item\":\"http:\\\/\\\/unaymilletras.com\\\/\"},{\"@type\":\"ListItem\",\"position\":2,\"name\":\"Ilia Topuria en busca de agrandar su leyenda\"}]},{\"@type\":\"WebSite\",\"@id\":\"http:\\\/\\\/unaymilletras.com\\\/#website\",\"url\":\"http:\\\/\\\/unaymilletras.com\\\/\",\"name\":\"Una y Mil Letras\",\"description\":\"\",\"publisher\":{\"@id\":\"http:\\\/\\\/unaymilletras.com\\\/#organization\"},\"potentialAction\":[{\"@type\":\"SearchAction\",\"target\":{\"@type\":\"EntryPoint\",\"urlTemplate\":\"http:\\\/\\\/unaymilletras.com\\\/?s={search_term_string}\"},\"query-input\":{\"@type\":\"PropertyValueSpecification\",\"valueRequired\":true,\"valueName\":\"search_term_string\"}}],\"inLanguage\":\"en-GB\"},{\"@type\":\"Organization\",\"@id\":\"http:\\\/\\\/unaymilletras.com\\\/#organization\",\"name\":\"Una y Mil Letras\",\"url\":\"http:\\\/\\\/unaymilletras.com\\\/\",\"logo\":{\"@type\":\"ImageObject\",\"inLanguage\":\"en-GB\",\"@id\":\"http:\\\/\\\/unaymilletras.com\\\/#\\\/schema\\\/logo\\\/image\\\/\",\"url\":\"https:\\\/\\\/unaymilletras.com\\\/wp-content\\\/uploads\\\/2024\\\/06\\\/cropped-Logo-removebg-preview.png\",\"contentUrl\":\"https:\\\/\\\/unaymilletras.com\\\/wp-content\\\/uploads\\\/2024\\\/06\\\/cropped-Logo-removebg-preview.png\",\"width\":512,\"height\":512,\"caption\":\"Una y Mil Letras\"},\"image\":{\"@id\":\"http:\\\/\\\/unaymilletras.com\\\/#\\\/schema\\\/logo\\\/image\\\/\"},\"sameAs\":[\"https:\\\/\\\/x.com\\\/UnaYMilLetras\",\"https:\\\/\\\/instagram.com\\\/UnaYMilLetras\"]},{\"@type\":\"Person\",\"@id\":\"http:\\\/\\\/unaymilletras.com\\\/#\\\/schema\\\/person\\\/0c171c80bc49a58d7a8ed3394548370c\",\"name\":\"David Hern\u00e1ndez\",\"image\":{\"@type\":\"ImageObject\",\"inLanguage\":\"en-GB\",\"@id\":\"https:\\\/\\\/secure.gravatar.com\\\/avatar\\\/86739d73874dcbc11e4278af33fb905704f5c29329727efb3b0e0bc838b0d469?s=96&d=mm&r=g\",\"url\":\"https:\\\/\\\/secure.gravatar.com\\\/avatar\\\/86739d73874dcbc11e4278af33fb905704f5c29329727efb3b0e0bc838b0d469?s=96&d=mm&r=g\",\"contentUrl\":\"https:\\\/\\\/secure.gravatar.com\\\/avatar\\\/86739d73874dcbc11e4278af33fb905704f5c29329727efb3b0e0bc838b0d469?s=96&d=mm&r=g\",\"caption\":\"David Hern\u00e1ndez\"},\"url\":\"https:\\\/\\\/unaymilletras.com\\\/en\\\/author\\\/davidesel\\\/\"}]}<\/script>\n<!-- \/ Yoast SEO plugin. -->","yoast_head_json":{"title":"Ilia Topuria en busca de agrandar su leyenda &#8902; Una y Mil Letras","description":"El luchador hispano-georgiano, Ilia Topuria, tratar\u00e1 de conseguir su segundo campeonato mundial de la UFC en la semana m\u00e1s importante del a\u00f1o","robots":{"index":"index","follow":"follow","max-snippet":"max-snippet:-1","max-image-preview":"max-image-preview:large","max-video-preview":"max-video-preview:-1"},"canonical":"https:\/\/unaymilletras.com\/en\/ilia-topuria-en-busca-de-agrandar-su-leyenda\/","og_locale":"en_GB","og_type":"article","og_title":"Ilia Topuria en busca de agrandar su leyenda &#8902; Una y Mil Letras","og_description":"El luchador hispano-georgiano, Ilia Topuria, tratar\u00e1 de conseguir su segundo campeonato mundial de la UFC en la semana m\u00e1s importante del a\u00f1o","og_url":"https:\/\/unaymilletras.com\/en\/ilia-topuria-en-busca-de-agrandar-su-leyenda\/","og_site_name":"Una y Mil Letras","article_published_time":"2025-06-26T15:53:51+00:00","article_modified_time":"2025-07-01T13:23:32+00:00","og_image":[{"width":600,"height":338,"url":"http:\/\/unaymilletras.com\/wp-content\/uploads\/2025\/06\/unnamed-1-e1750951375853.jpg","type":"image\/jpeg"}],"author":"David Hern\u00e1ndez","twitter_card":"summary_large_image","twitter_creator":"@UnaYMilLetras","twitter_site":"@UnaYMilLetras","twitter_misc":{"Written by":"David Hern\u00e1ndez","Estimated reading time":"3 minutes"},"schema":{"@context":"https:\/\/schema.org","@graph":[{"@type":"Article","@id":"https:\/\/unaymilletras.com\/ilia-topuria-en-busca-de-agrandar-su-leyenda\/#article","isPartOf":{"@id":"https:\/\/unaymilletras.com\/ilia-topuria-en-busca-de-agrandar-su-leyenda\/"},"author":{"name":"David Hern\u00e1ndez","@id":"http:\/\/unaymilletras.com\/#\/schema\/person\/0c171c80bc49a58d7a8ed3394548370c"},"headline":"Ilia Topuria en busca de agrandar su leyenda","datePublished":"2025-06-26T15:53:51+00:00","dateModified":"2025-07-01T13:23:32+00:00","mainEntityOfPage":{"@id":"https:\/\/unaymilletras.com\/ilia-topuria-en-busca-de-agrandar-su-leyenda\/"},"wordCount":454,"publisher":{"@id":"http:\/\/unaymilletras.com\/#organization"},"image":{"@id":"https:\/\/unaymilletras.com\/ilia-topuria-en-busca-de-agrandar-su-leyenda\/#primaryimage"},"thumbnailUrl":"https:\/\/unaymilletras.com\/wp-content\/uploads\/2025\/06\/unnamed-1-e1750951375853.jpg","keywords":["Charles Oliveira","Ilia Topuria","International Fight Week","MMA","Oliveira","Peso Ligero","Topuria"],"articleSection":["Deportes","Pel\u00edculas y Series"],"inLanguage":"en-GB"},{"@type":"WebPage","@id":"https:\/\/unaymilletras.com\/ilia-topuria-en-busca-de-agrandar-su-leyenda\/","url":"https:\/\/unaymilletras.com\/ilia-topuria-en-busca-de-agrandar-su-leyenda\/","name":"Ilia Topuria en busca de agrandar su leyenda &#8902; Una y Mil Letras","isPartOf":{"@id":"http:\/\/unaymilletras.com\/#website"},"primaryImageOfPage":{"@id":"https:\/\/unaymilletras.com\/ilia-topuria-en-busca-de-agrandar-su-leyenda\/#primaryimage"},"image":{"@id":"https:\/\/unaymilletras.com\/ilia-topuria-en-busca-de-agrandar-su-leyenda\/#primaryimage"},"thumbnailUrl":"https:\/\/unaymilletras.com\/wp-content\/uploads\/2025\/06\/unnamed-1-e1750951375853.jpg","datePublished":"2025-06-26T15:53:51+00:00","dateModified":"2025-07-01T13:23:32+00:00","description":"El luchador hispano-georgiano, Ilia Topuria, tratar\u00e1 de conseguir su segundo campeonato mundial de la UFC en la semana m\u00e1s importante del a\u00f1o","breadcrumb":{"@id":"https:\/\/unaymilletras.com\/ilia-topuria-en-busca-de-agrandar-su-leyenda\/#breadcrumb"},"inLanguage":"en-GB","potentialAction":[{"@type":"ReadAction","target":["https:\/\/unaymilletras.com\/ilia-topuria-en-busca-de-agrandar-su-leyenda\/"]}]},{"@type":"ImageObject","inLanguage":"en-GB","@id":"https:\/\/unaymilletras.com\/ilia-topuria-en-busca-de-agrandar-su-leyenda\/#primaryimage","url":"https:\/\/unaymilletras.com\/wp-content\/uploads\/2025\/06\/unnamed-1-e1750951375853.jpg","contentUrl":"https:\/\/unaymilletras.com\/wp-content\/uploads\/2025\/06\/unnamed-1-e1750951375853.jpg","width":600,"height":338,"caption":"Ilia Topuria"},{"@type":"BreadcrumbList","@id":"https:\/\/unaymilletras.com\/ilia-topuria-en-busca-de-agrandar-su-leyenda\/#breadcrumb","itemListElement":[{"@type":"ListItem","position":1,"name":"Home","item":"http:\/\/unaymilletras.com\/"},{"@type":"ListItem","position":2,"name":"Ilia Topuria en busca de agrandar su leyenda"}]},{"@type":"WebSite","@id":"http:\/\/unaymilletras.com\/#website","url":"http:\/\/unaymilletras.com\/","name":"Una y Mil Letras","description":"","publisher":{"@id":"http:\/\/unaymilletras.com\/#organization"},"potentialAction":[{"@type":"SearchAction","target":{"@type":"EntryPoint","urlTemplate":"http:\/\/unaymilletras.com\/?s={search_term_string}"},"query-input":{"@type":"PropertyValueSpecification","valueRequired":true,"valueName":"search_term_string"}}],"inLanguage":"en-GB"},{"@type":"Organization","@id":"http:\/\/unaymilletras.com\/#organization","name":"Una y Mil Letras","url":"http:\/\/unaymilletras.com\/","logo":{"@type":"ImageObject","inLanguage":"en-GB","@id":"http:\/\/unaymilletras.com\/#\/schema\/logo\/image\/","url":"https:\/\/unaymilletras.com\/wp-content\/uploads\/2024\/06\/cropped-Logo-removebg-preview.png","contentUrl":"https:\/\/unaymilletras.com\/wp-content\/uploads\/2024\/06\/cropped-Logo-removebg-preview.png","width":512,"height":512,"caption":"Una y Mil Letras"},"image":{"@id":"http:\/\/unaymilletras.com\/#\/schema\/logo\/image\/"},"sameAs":["https:\/\/x.com\/UnaYMilLetras","https:\/\/instagram.com\/UnaYMilLetras"]},{"@type":"Person","@id":"http:\/\/unaymilletras.com\/#\/schema\/person\/0c171c80bc49a58d7a8ed3394548370c","name":"David Hern\u00e1ndez","image":{"@type":"ImageObject","inLanguage":"en-GB","@id":"https:\/\/secure.gravatar.com\/avatar\/86739d73874dcbc11e4278af33fb905704f5c29329727efb3b0e0bc838b0d469?s=96&d=mm&r=g","url":"https:\/\/secure.gravatar.com\/avatar\/86739d73874dcbc11e4278af33fb905704f5c29329727efb3b0e0bc838b0d469?s=96&d=mm&r=g","contentUrl":"https:\/\/secure.gravatar.com\/avatar\/86739d73874dcbc11e4278af33fb905704f5c29329727efb3b0e0bc838b0d469?s=96&d=mm&r=g","caption":"David Hern\u00e1ndez"},"url":"https:\/\/unaymilletras.com\/en\/author\/davidesel\/"}]}},"_links":{"self":[{"href":"https:\/\/unaymilletras.com\/en\/wp-json\/wp\/v2\/posts\/5151","targetHints":{"allow":["GET"]}}],"collection":[{"href":"https:\/\/unaymilletras.com\/en\/wp-json\/wp\/v2\/posts"}],"about":[{"href":"https:\/\/unaymilletras.com\/en\/wp-json\/wp\/v2\/types\/post"}],"author":[{"embeddable":true,"href":"https:\/\/unaymilletras.com\/en\/wp-json\/wp\/v2\/users\/10"}],"replies":[{"embeddable":true,"href":"https:\/\/unaymilletras.com\/en\/wp-json\/wp\/v2\/comments?post=5151"}],"version-history":[{"count":13,"href":"https:\/\/unaymilletras.com\/en\/wp-json\/wp\/v2\/posts\/5151\/revisions"}],"predecessor-version":[{"id":5167,"href":"https:\/\/unaymilletras.com\/en\/wp-json\/wp\/v2\/posts\/5151\/revisions\/5167"}],"wp:featuredmedia":[{"embeddable":true,"href":"https:\/\/unaymilletras.com\/en\/wp-json\/wp\/v2\/media\/5153"}],"wp:attachment":[{"href":"https:\/\/unaymilletras.com\/en\/wp-json\/wp\/v2\/media?parent=5151"}],"wp:term":[{"taxonomy":"category","embeddable":true,"href":"https:\/\/unaymilletras.com\/en\/wp-json\/wp\/v2\/categories?post=5151"},{"taxonomy":"post_tag","embeddable":true,"href":"https:\/\/unaymilletras.com\/en\/wp-json\/wp\/v2\/tags?post=5151"}],"curies":[{"name":"wp","href":"https:\/\/api.w.org\/{rel}","templated":true}]}}