{"id":5171,"date":"2025-06-26T23:25:46","date_gmt":"2025-06-26T21:25:46","guid":{"rendered":"https:\/\/unaymilletras.com\/?p=5171"},"modified":"2025-06-26T23:39:21","modified_gmt":"2025-06-26T21:39:21","slug":"belinda-rompe-moldes-con-indomita","status":"publish","type":"post","link":"https:\/\/unaymilletras.com\/en\/belinda-rompe-moldes-con-indomita\/","title":{"rendered":"Belinda rompe moldes con \u00abInd\u00f3mita\u00bb"},"content":{"rendered":"<div data-elementor-type=\"wp-post\" data-elementor-id=\"5171\" class=\"elementor elementor-5171\">\n\t\t\t\t\t\t<section class=\"elementor-section elementor-top-section elementor-element elementor-element-640d60a8 elementor-section-boxed elementor-section-height-default elementor-section-height-default\" data-id=\"640d60a8\" data-element_type=\"section\" data-e-type=\"section\">\n\t\t\t\t\t\t<div class=\"elementor-container elementor-column-gap-default\">\n\t\t\t\t\t<div class=\"elementor-column elementor-col-100 elementor-top-column elementor-element elementor-element-36db705f\" data-id=\"36db705f\" data-element_type=\"column\" data-e-type=\"column\">\n\t\t\t<div class=\"elementor-widget-wrap elementor-element-populated\">\n\t\t\t\t\t\t<div class=\"elementor-element elementor-element-7cf82c4c elementor-widget elementor-widget-text-editor\" data-id=\"7cf82c4c\" data-element_type=\"widget\" data-e-type=\"widget\" data-widget_type=\"text-editor.default\">\n\t\t\t\t<div class=\"elementor-widget-container\">\n\t\t\t\t\t\t\t\t\t\n<h3 style=\"text-align: left\"><span style=\"color: #999999\"><strong>Belinda regresa con fuerza con <em data-start=\"146\" data-end=\"156\">Ind\u00f3mita<\/em>, un disco que desaf\u00eda g\u00e9neros y marca una nueva etapa en su carrera.<\/strong><\/span><\/h3>\n\t\t\t\t\t\t\t\t<\/div>\n\t\t\t\t<\/div>\n\t\t\t\t<div class=\"elementor-element elementor-element-d30e43e elementor-widget elementor-widget-text-editor\" data-id=\"d30e43e\" data-element_type=\"widget\" data-e-type=\"widget\" data-widget_type=\"text-editor.default\">\n\t\t\t\t<div class=\"elementor-widget-container\">\n\t\t\t\t\t\t\t\t\t<p data-start=\"229\" data-end=\"648\">Belinda vuelve al centro de la escena musical con <em data-start=\"307\" data-end=\"317\">Ind\u00f3mita<\/em> (su primer \u00e1lbum bajo el sello de Warner Music M\u00e9xico. Lejos de conformarse con lo predecible, la cantante apuesta por un trabajo <strong data-start=\"497\" data-end=\"523\">aut\u00e9ntico y arriesgado<\/strong>, en el que mezcla con soltura pop, reguet\u00f3n, trap y m\u00fasica mexicana.<\/p>\n<p data-start=\"650\" data-end=\"1012\">La artista, <strong data-start=\"662\" data-end=\"690\">nominada al Latin GRAMMY<\/strong>, presenta un disco en el que <strong data-start=\"720\" data-end=\"776\">retoma el control de su narrativa personal y musical<\/strong>. Cada canci\u00f3n representa un proceso de sanaci\u00f3n, y en conjunto. El \u00e1lbum refleja una Belinda m\u00e1s <strong data-start=\"874\" data-end=\"902\">madura, libre y decidida<\/strong>. Tal como lo indica su t\u00edtulo, <em data-start=\"934\" data-end=\"944\">Ind\u00f3mita<\/em> es una obra sin miedo (que desaf\u00eda los l\u00edmites de g\u00e9nero y estilo).<\/p>\n<p data-start=\"1014\" data-end=\"1434\">El focus track del \u00e1lbum, <strong data-start=\"1040\" data-end=\"1061\"><em data-start=\"1042\" data-end=\"1059\">+ Perra + Bitch<\/em><\/strong> (una colaboraci\u00f3n encendida con Net\u00f3n Vega), resume el esp\u00edritu de esta nueva etapa: <strong data-start=\"1147\" data-end=\"1212\">una declaraci\u00f3n de fuerza, libertad y empoderamiento femenino<\/strong>.<\/p>\n<p data-start=\"1014\" data-end=\"1434\">Otros temas como <strong data-start=\"1231\" data-end=\"1243\"><em data-start=\"1233\" data-end=\"1241\">Cactus<\/em><\/strong>, <a href=\"https:\/\/youtu.be\/Tee3kiyXt_4?si=McRwykgCAuxYHd8T\"><strong data-start=\"1245\" data-end=\"1261\"><em data-start=\"1247\" data-end=\"1259\">300 Noches<\/em><\/strong><\/a> con Natanael Cano y <strong data-start=\"1282\" data-end=\"1299\"><em data-start=\"1284\" data-end=\"1297\">La Cuadrada<\/em><\/strong> junto a Tito Double P han ido marcando el terreno de esta evoluci\u00f3n art\u00edstica (logrando presencia en importantes listas de Billboard).<\/p>\t\t\t\t\t\t\t\t<\/div>\n\t\t\t\t<\/div>\n\t\t\t\t\t<\/div>\n\t\t<\/div>\n\t\t\t\t\t<\/div>\n\t\t<\/section>\n\t\t\t\t<section class=\"elementor-section elementor-top-section elementor-element elementor-element-1ddd593 elementor-section-boxed elementor-section-height-default elementor-section-height-default\" data-id=\"1ddd593\" data-element_type=\"section\" data-e-type=\"section\">\n\t\t\t\t\t\t<div class=\"elementor-container elementor-column-gap-default\">\n\t\t\t\t\t<div class=\"elementor-column elementor-col-100 elementor-top-column elementor-element elementor-element-675c64f\" data-id=\"675c64f\" data-element_type=\"column\" data-e-type=\"column\">\n\t\t\t<div class=\"elementor-widget-wrap elementor-element-populated\">\n\t\t\t\t\t\t<div class=\"elementor-element elementor-element-3076efd elementor-widget elementor-widget-image\" data-id=\"3076efd\" data-element_type=\"widget\" data-e-type=\"widget\" data-widget_type=\"image.default\">\n\t\t\t\t<div class=\"elementor-widget-container\">\n\t\t\t\t\t\t\t\t\t\t\t\t\t\t\t<img fetchpriority=\"high\" decoding=\"async\" width=\"640\" height=\"640\" src=\"https:\/\/unaymilletras.com\/wp-content\/uploads\/2025\/06\/Artwork--1024x1024.jpg\" class=\"attachment-large size-large wp-image-5173\" alt=\"Belinda\" srcset=\"https:\/\/unaymilletras.com\/wp-content\/uploads\/2025\/06\/Artwork--1024x1024.jpg 1024w, https:\/\/unaymilletras.com\/wp-content\/uploads\/2025\/06\/Artwork--300x300.jpg 300w, https:\/\/unaymilletras.com\/wp-content\/uploads\/2025\/06\/Artwork--150x150.jpg 150w, https:\/\/unaymilletras.com\/wp-content\/uploads\/2025\/06\/Artwork--768x768.jpg 768w, https:\/\/unaymilletras.com\/wp-content\/uploads\/2025\/06\/Artwork--1536x1536.jpg 1536w, https:\/\/unaymilletras.com\/wp-content\/uploads\/2025\/06\/Artwork--2048x2048.jpg 2048w, https:\/\/unaymilletras.com\/wp-content\/uploads\/2025\/06\/Artwork--12x12.jpg 12w, https:\/\/unaymilletras.com\/wp-content\/uploads\/2025\/06\/Artwork--scaled-e1750967399418.jpg 600w\" sizes=\"(max-width: 640px) 100vw, 640px\" \/>\t\t\t\t\t\t\t\t\t\t\t\t\t\t\t<\/div>\n\t\t\t\t<\/div>\n\t\t\t\t\t<\/div>\n\t\t<\/div>\n\t\t\t\t\t<\/div>\n\t\t<\/section>\n\t\t\t\t<section class=\"elementor-section elementor-top-section elementor-element elementor-element-acea585 elementor-section-boxed elementor-section-height-default elementor-section-height-default\" data-id=\"acea585\" data-element_type=\"section\" data-e-type=\"section\">\n\t\t\t\t\t\t<div class=\"elementor-container elementor-column-gap-default\">\n\t\t\t\t\t<div class=\"elementor-column elementor-col-100 elementor-top-column elementor-element elementor-element-3ffdd04\" data-id=\"3ffdd04\" data-element_type=\"column\" data-e-type=\"column\">\n\t\t\t<div class=\"elementor-widget-wrap elementor-element-populated\">\n\t\t\t\t\t\t<div class=\"elementor-element elementor-element-e40dc81 elementor-widget elementor-widget-text-editor\" data-id=\"e40dc81\" data-element_type=\"widget\" data-e-type=\"widget\" data-widget_type=\"text-editor.default\">\n\t\t\t\t<div class=\"elementor-widget-container\">\n\t\t\t\t\t\t\t\t\t<p data-start=\"1436\" data-end=\"1772\">Adem\u00e1s del potente mensaje que transmite,\u00a0<em data-start=\"1478\" data-end=\"1488\">Ind\u00f3mita<\/em>\u00a0destaca por su impresionante lista de colaboraciones:\u00a0<strong>Kenia OS, Alem\u00e1n, Tokischa, Xavi, Mala Rodr\u00edguez, Jared Leto con Thirty Seconds to Mars<\/strong>, y m\u00e1s. Todos ellos aportan\u00a0<strong data-start=\"1714\" data-end=\"1732\">matices \u00fanicos<\/strong>\u00a0a un \u00e1lbum\u00a0<strong data-start=\"1744\" data-end=\"1771\">ecl\u00e9ctico y transgresor<\/strong>.<\/p>\n<p data-start=\"1774\" data-end=\"2320\">El lanzamiento llega tras meses de expectativa (impulsada por la inclusi\u00f3n del disco en la lista de\u00a0<em data-start=\"1874\" data-end=\"1889\">Rolling Stone<\/em>\u00a0de\u00a0<strong data-start=\"1893\" data-end=\"1949\">\u201c15 discos latinos que esperamos con ansias en 2025\u201d<\/strong>) y la reciente participaci\u00f3n de Belinda en eventos como\u00a0<em data-start=\"2006\" data-end=\"2036\">Mujeres Latinas en la M\u00fasica<\/em>\u00a0de\u00a0<em data-start=\"2040\" data-end=\"2051\">Billboard<\/em>\u00a0(donde fue reconocida con el\u00a0<strong data-start=\"2081\" data-end=\"2101\">Premio Evoluci\u00f3n<\/strong>).<\/p>\n<p data-start=\"1774\" data-end=\"2320\">A esto se suma su presencia destacada en el\u00a0<strong data-start=\"2148\" data-end=\"2170\">Festival de Cannes<\/strong>\u00a0(con motivo del estreno de\u00a0<em data-start=\"2198\" data-end=\"2240\">Mission Impossible \u2013 The Final Reckoning<\/em>), consolidando su impacto tanto en la m\u00fasica como en el entretenimiento global.<\/p>\n<p data-start=\"2322\" data-end=\"2528\" data-is-last-node=\"\" data-is-only-node=\"\">Con\u00a0<em data-start=\"2326\" data-end=\"2336\">Ind\u00f3mita<\/em>, Belinda no solo\u00a0<strong data-start=\"2354\" data-end=\"2376\">redefine su sonido<\/strong>, sino que tambi\u00e9n env\u00eda un mensaje claro:\u00a0<strong data-start=\"2419\" data-end=\"2491\">est\u00e1 lista para liderar, romper barreras y dejar una huella.<\/strong><\/p>\t\t\t\t\t\t\t\t<\/div>\n\t\t\t\t<\/div>\n\t\t\t\t\t<\/div>\n\t\t<\/div>\n\t\t\t\t\t<\/div>\n\t\t<\/section>\n\t\t\t\t<section class=\"elementor-section elementor-top-section elementor-element elementor-element-1809817 elementor-section-boxed elementor-section-height-default elementor-section-height-default\" data-id=\"1809817\" data-element_type=\"section\" data-e-type=\"section\">\n\t\t\t\t\t\t<div class=\"elementor-container elementor-column-gap-default\">\n\t\t\t\t\t<div class=\"elementor-column elementor-col-100 elementor-top-column elementor-element elementor-element-4a0b639\" data-id=\"4a0b639\" data-element_type=\"column\" data-e-type=\"column\">\n\t\t\t<div class=\"elementor-widget-wrap elementor-element-populated\">\n\t\t\t\t\t\t<div class=\"elementor-element elementor-element-14d00d9 elementor-widget elementor-widget-video\" data-id=\"14d00d9\" data-element_type=\"widget\" data-e-type=\"widget\" data-settings=\"{&quot;youtube_url&quot;:&quot;https:\\\/\\\/youtu.be\\\/I2F6OvLQKYc?si=JoJZNzL1OF0nIVoM&quot;,&quot;video_type&quot;:&quot;youtube&quot;,&quot;controls&quot;:&quot;yes&quot;}\" data-widget_type=\"video.default\">\n\t\t\t\t<div class=\"elementor-widget-container\">\n\t\t\t\t\t\t\t<div class=\"elementor-wrapper elementor-open-inline\">\n\t\t\t<div class=\"elementor-video\"><\/div>\t\t<\/div>\n\t\t\t\t\t\t<\/div>\n\t\t\t\t<\/div>\n\t\t\t\t\t<\/div>\n\t\t<\/div>\n\t\t\t\t\t<\/div>\n\t\t<\/section>\n\t\t\t\t<\/div>","protected":false},"excerpt":{"rendered":"<p>Belinda regresa con fuerza con Ind\u00f3mita, un disco que desaf\u00eda g\u00e9neros y marca una nueva etapa en su carrera. Belinda vuelve al centro de la escena musical con Ind\u00f3mita (su primer \u00e1lbum bajo el sello de Warner Music M\u00e9xico. Lejos de conformarse con lo predecible, la cantante apuesta por un trabajo aut\u00e9ntico y arriesgado, en [&hellip;]<\/p>\n","protected":false},"author":8,"featured_media":5173,"comment_status":"closed","ping_status":"closed","sticky":false,"template":"","format":"standard","meta":{"footnotes":""},"categories":[4],"tags":[],"class_list":["post-5171","post","type-post","status-publish","format-standard","has-post-thumbnail","hentry","category-musica"],"yoast_head":"<!-- This site is optimized with the Yoast SEO plugin v27.5 - https:\/\/yoast.com\/product\/yoast-seo-wordpress\/ -->\n<title>Belinda rompe moldes con \u00abInd\u00f3mita\u00bb<\/title>\n<meta name=\"description\" content=\"Belinda regresa con fuerza con Ind\u00f3mita, un disco que desaf\u00eda g\u00e9neros y marca una nueva etapa en su carrera.\" \/>\n<meta name=\"robots\" content=\"index, follow, max-snippet:-1, max-image-preview:large, max-video-preview:-1\" \/>\n<link rel=\"canonical\" href=\"https:\/\/unaymilletras.com\/en\/belinda-rompe-moldes-con-indomita\/\" \/>\n<meta property=\"og:locale\" content=\"en_GB\" \/>\n<meta property=\"og:type\" content=\"article\" \/>\n<meta property=\"og:title\" content=\"Belinda rompe moldes con \u00abInd\u00f3mita\u00bb\" \/>\n<meta property=\"og:description\" content=\"Belinda regresa con fuerza con Ind\u00f3mita, un disco que desaf\u00eda g\u00e9neros y marca una nueva etapa en su carrera.\" \/>\n<meta property=\"og:url\" content=\"https:\/\/unaymilletras.com\/en\/belinda-rompe-moldes-con-indomita\/\" \/>\n<meta property=\"og:site_name\" content=\"Una y Mil Letras\" \/>\n<meta property=\"article:published_time\" content=\"2025-06-26T21:25:46+00:00\" \/>\n<meta property=\"article:modified_time\" content=\"2025-06-26T21:39:21+00:00\" \/>\n<meta property=\"og:image\" content=\"http:\/\/unaymilletras.com\/wp-content\/uploads\/2025\/06\/Artwork--scaled-e1750967399418.jpg\" \/>\n\t<meta property=\"og:image:width\" content=\"600\" \/>\n\t<meta property=\"og:image:height\" content=\"600\" \/>\n\t<meta property=\"og:image:type\" content=\"image\/jpeg\" \/>\n<meta name=\"author\" content=\"Alvany Pereira\" \/>\n<meta name=\"twitter:card\" content=\"summary_large_image\" \/>\n<meta name=\"twitter:creator\" content=\"@UnaYMilLetras\" \/>\n<meta name=\"twitter:site\" content=\"@UnaYMilLetras\" \/>\n<meta name=\"twitter:label1\" content=\"Written by\" \/>\n\t<meta name=\"twitter:data1\" content=\"Alvany Pereira\" \/>\n\t<meta name=\"twitter:label2\" content=\"Estimated reading time\" \/>\n\t<meta name=\"twitter:data2\" content=\"2 minutes\" \/>\n<script type=\"application\/ld+json\" class=\"yoast-schema-graph\">{\"@context\":\"https:\\\/\\\/schema.org\",\"@graph\":[{\"@type\":\"Article\",\"@id\":\"https:\\\/\\\/unaymilletras.com\\\/belinda-rompe-moldes-con-indomita\\\/#article\",\"isPartOf\":{\"@id\":\"https:\\\/\\\/unaymilletras.com\\\/belinda-rompe-moldes-con-indomita\\\/\"},\"author\":{\"name\":\"Alvany Pereira\",\"@id\":\"http:\\\/\\\/unaymilletras.com\\\/#\\\/schema\\\/person\\\/f9792b0b93704f9d3f6cef46c2048d7d\"},\"headline\":\"Belinda rompe moldes con \u00abInd\u00f3mita\u00bb\",\"datePublished\":\"2025-06-26T21:25:46+00:00\",\"dateModified\":\"2025-06-26T21:39:21+00:00\",\"mainEntityOfPage\":{\"@id\":\"https:\\\/\\\/unaymilletras.com\\\/belinda-rompe-moldes-con-indomita\\\/\"},\"wordCount\":389,\"publisher\":{\"@id\":\"http:\\\/\\\/unaymilletras.com\\\/#organization\"},\"image\":{\"@id\":\"https:\\\/\\\/unaymilletras.com\\\/belinda-rompe-moldes-con-indomita\\\/#primaryimage\"},\"thumbnailUrl\":\"https:\\\/\\\/unaymilletras.com\\\/wp-content\\\/uploads\\\/2025\\\/06\\\/Artwork--scaled-e1750967399418.jpg\",\"articleSection\":[\"M\u00fasica\"],\"inLanguage\":\"en-GB\"},{\"@type\":\"WebPage\",\"@id\":\"https:\\\/\\\/unaymilletras.com\\\/belinda-rompe-moldes-con-indomita\\\/\",\"url\":\"https:\\\/\\\/unaymilletras.com\\\/belinda-rompe-moldes-con-indomita\\\/\",\"name\":\"Belinda rompe moldes con \u00abInd\u00f3mita\u00bb\",\"isPartOf\":{\"@id\":\"http:\\\/\\\/unaymilletras.com\\\/#website\"},\"primaryImageOfPage\":{\"@id\":\"https:\\\/\\\/unaymilletras.com\\\/belinda-rompe-moldes-con-indomita\\\/#primaryimage\"},\"image\":{\"@id\":\"https:\\\/\\\/unaymilletras.com\\\/belinda-rompe-moldes-con-indomita\\\/#primaryimage\"},\"thumbnailUrl\":\"https:\\\/\\\/unaymilletras.com\\\/wp-content\\\/uploads\\\/2025\\\/06\\\/Artwork--scaled-e1750967399418.jpg\",\"datePublished\":\"2025-06-26T21:25:46+00:00\",\"dateModified\":\"2025-06-26T21:39:21+00:00\",\"description\":\"Belinda regresa con fuerza con Ind\u00f3mita, un disco que desaf\u00eda g\u00e9neros y marca una nueva etapa en su carrera.\",\"breadcrumb\":{\"@id\":\"https:\\\/\\\/unaymilletras.com\\\/belinda-rompe-moldes-con-indomita\\\/#breadcrumb\"},\"inLanguage\":\"en-GB\",\"potentialAction\":[{\"@type\":\"ReadAction\",\"target\":[\"https:\\\/\\\/unaymilletras.com\\\/belinda-rompe-moldes-con-indomita\\\/\"]}]},{\"@type\":\"ImageObject\",\"inLanguage\":\"en-GB\",\"@id\":\"https:\\\/\\\/unaymilletras.com\\\/belinda-rompe-moldes-con-indomita\\\/#primaryimage\",\"url\":\"https:\\\/\\\/unaymilletras.com\\\/wp-content\\\/uploads\\\/2025\\\/06\\\/Artwork--scaled-e1750967399418.jpg\",\"contentUrl\":\"https:\\\/\\\/unaymilletras.com\\\/wp-content\\\/uploads\\\/2025\\\/06\\\/Artwork--scaled-e1750967399418.jpg\",\"width\":600,\"height\":600,\"caption\":\"Belinda\"},{\"@type\":\"BreadcrumbList\",\"@id\":\"https:\\\/\\\/unaymilletras.com\\\/belinda-rompe-moldes-con-indomita\\\/#breadcrumb\",\"itemListElement\":[{\"@type\":\"ListItem\",\"position\":1,\"name\":\"Home\",\"item\":\"http:\\\/\\\/unaymilletras.com\\\/\"},{\"@type\":\"ListItem\",\"position\":2,\"name\":\"Belinda rompe moldes con \u00abInd\u00f3mita\u00bb\"}]},{\"@type\":\"WebSite\",\"@id\":\"http:\\\/\\\/unaymilletras.com\\\/#website\",\"url\":\"http:\\\/\\\/unaymilletras.com\\\/\",\"name\":\"Una y Mil Letras\",\"description\":\"\",\"publisher\":{\"@id\":\"http:\\\/\\\/unaymilletras.com\\\/#organization\"},\"potentialAction\":[{\"@type\":\"SearchAction\",\"target\":{\"@type\":\"EntryPoint\",\"urlTemplate\":\"http:\\\/\\\/unaymilletras.com\\\/?s={search_term_string}\"},\"query-input\":{\"@type\":\"PropertyValueSpecification\",\"valueRequired\":true,\"valueName\":\"search_term_string\"}}],\"inLanguage\":\"en-GB\"},{\"@type\":\"Organization\",\"@id\":\"http:\\\/\\\/unaymilletras.com\\\/#organization\",\"name\":\"Una y Mil Letras\",\"url\":\"http:\\\/\\\/unaymilletras.com\\\/\",\"logo\":{\"@type\":\"ImageObject\",\"inLanguage\":\"en-GB\",\"@id\":\"http:\\\/\\\/unaymilletras.com\\\/#\\\/schema\\\/logo\\\/image\\\/\",\"url\":\"https:\\\/\\\/unaymilletras.com\\\/wp-content\\\/uploads\\\/2024\\\/06\\\/cropped-Logo-removebg-preview.png\",\"contentUrl\":\"https:\\\/\\\/unaymilletras.com\\\/wp-content\\\/uploads\\\/2024\\\/06\\\/cropped-Logo-removebg-preview.png\",\"width\":512,\"height\":512,\"caption\":\"Una y Mil Letras\"},\"image\":{\"@id\":\"http:\\\/\\\/unaymilletras.com\\\/#\\\/schema\\\/logo\\\/image\\\/\"},\"sameAs\":[\"https:\\\/\\\/x.com\\\/UnaYMilLetras\",\"https:\\\/\\\/instagram.com\\\/UnaYMilLetras\"]},{\"@type\":\"Person\",\"@id\":\"http:\\\/\\\/unaymilletras.com\\\/#\\\/schema\\\/person\\\/f9792b0b93704f9d3f6cef46c2048d7d\",\"name\":\"Alvany Pereira\",\"image\":{\"@type\":\"ImageObject\",\"inLanguage\":\"en-GB\",\"@id\":\"https:\\\/\\\/secure.gravatar.com\\\/avatar\\\/1a5fbcc81714220624d70f391a6187cd1434ccfcb154238afd238d6b8bb7f593?s=96&d=mm&r=g\",\"url\":\"https:\\\/\\\/secure.gravatar.com\\\/avatar\\\/1a5fbcc81714220624d70f391a6187cd1434ccfcb154238afd238d6b8bb7f593?s=96&d=mm&r=g\",\"contentUrl\":\"https:\\\/\\\/secure.gravatar.com\\\/avatar\\\/1a5fbcc81714220624d70f391a6187cd1434ccfcb154238afd238d6b8bb7f593?s=96&d=mm&r=g\",\"caption\":\"Alvany Pereira\"},\"url\":\"https:\\\/\\\/unaymilletras.com\\\/en\\\/author\\\/alvanysophia\\\/\"}]}<\/script>\n<!-- \/ Yoast SEO plugin. -->","yoast_head_json":{"title":"Belinda rompe moldes con \u00abInd\u00f3mita\u00bb","description":"Belinda regresa con fuerza con Ind\u00f3mita, un disco que desaf\u00eda g\u00e9neros y marca una nueva etapa en su carrera.","robots":{"index":"index","follow":"follow","max-snippet":"max-snippet:-1","max-image-preview":"max-image-preview:large","max-video-preview":"max-video-preview:-1"},"canonical":"https:\/\/unaymilletras.com\/en\/belinda-rompe-moldes-con-indomita\/","og_locale":"en_GB","og_type":"article","og_title":"Belinda rompe moldes con \u00abInd\u00f3mita\u00bb","og_description":"Belinda regresa con fuerza con Ind\u00f3mita, un disco que desaf\u00eda g\u00e9neros y marca una nueva etapa en su carrera.","og_url":"https:\/\/unaymilletras.com\/en\/belinda-rompe-moldes-con-indomita\/","og_site_name":"Una y Mil Letras","article_published_time":"2025-06-26T21:25:46+00:00","article_modified_time":"2025-06-26T21:39:21+00:00","og_image":[{"width":600,"height":600,"url":"http:\/\/unaymilletras.com\/wp-content\/uploads\/2025\/06\/Artwork--scaled-e1750967399418.jpg","type":"image\/jpeg"}],"author":"Alvany Pereira","twitter_card":"summary_large_image","twitter_creator":"@UnaYMilLetras","twitter_site":"@UnaYMilLetras","twitter_misc":{"Written by":"Alvany Pereira","Estimated reading time":"2 minutes"},"schema":{"@context":"https:\/\/schema.org","@graph":[{"@type":"Article","@id":"https:\/\/unaymilletras.com\/belinda-rompe-moldes-con-indomita\/#article","isPartOf":{"@id":"https:\/\/unaymilletras.com\/belinda-rompe-moldes-con-indomita\/"},"author":{"name":"Alvany Pereira","@id":"http:\/\/unaymilletras.com\/#\/schema\/person\/f9792b0b93704f9d3f6cef46c2048d7d"},"headline":"Belinda rompe moldes con \u00abInd\u00f3mita\u00bb","datePublished":"2025-06-26T21:25:46+00:00","dateModified":"2025-06-26T21:39:21+00:00","mainEntityOfPage":{"@id":"https:\/\/unaymilletras.com\/belinda-rompe-moldes-con-indomita\/"},"wordCount":389,"publisher":{"@id":"http:\/\/unaymilletras.com\/#organization"},"image":{"@id":"https:\/\/unaymilletras.com\/belinda-rompe-moldes-con-indomita\/#primaryimage"},"thumbnailUrl":"https:\/\/unaymilletras.com\/wp-content\/uploads\/2025\/06\/Artwork--scaled-e1750967399418.jpg","articleSection":["M\u00fasica"],"inLanguage":"en-GB"},{"@type":"WebPage","@id":"https:\/\/unaymilletras.com\/belinda-rompe-moldes-con-indomita\/","url":"https:\/\/unaymilletras.com\/belinda-rompe-moldes-con-indomita\/","name":"Belinda rompe moldes con \u00abInd\u00f3mita\u00bb","isPartOf":{"@id":"http:\/\/unaymilletras.com\/#website"},"primaryImageOfPage":{"@id":"https:\/\/unaymilletras.com\/belinda-rompe-moldes-con-indomita\/#primaryimage"},"image":{"@id":"https:\/\/unaymilletras.com\/belinda-rompe-moldes-con-indomita\/#primaryimage"},"thumbnailUrl":"https:\/\/unaymilletras.com\/wp-content\/uploads\/2025\/06\/Artwork--scaled-e1750967399418.jpg","datePublished":"2025-06-26T21:25:46+00:00","dateModified":"2025-06-26T21:39:21+00:00","description":"Belinda regresa con fuerza con Ind\u00f3mita, un disco que desaf\u00eda g\u00e9neros y marca una nueva etapa en su carrera.","breadcrumb":{"@id":"https:\/\/unaymilletras.com\/belinda-rompe-moldes-con-indomita\/#breadcrumb"},"inLanguage":"en-GB","potentialAction":[{"@type":"ReadAction","target":["https:\/\/unaymilletras.com\/belinda-rompe-moldes-con-indomita\/"]}]},{"@type":"ImageObject","inLanguage":"en-GB","@id":"https:\/\/unaymilletras.com\/belinda-rompe-moldes-con-indomita\/#primaryimage","url":"https:\/\/unaymilletras.com\/wp-content\/uploads\/2025\/06\/Artwork--scaled-e1750967399418.jpg","contentUrl":"https:\/\/unaymilletras.com\/wp-content\/uploads\/2025\/06\/Artwork--scaled-e1750967399418.jpg","width":600,"height":600,"caption":"Belinda"},{"@type":"BreadcrumbList","@id":"https:\/\/unaymilletras.com\/belinda-rompe-moldes-con-indomita\/#breadcrumb","itemListElement":[{"@type":"ListItem","position":1,"name":"Home","item":"http:\/\/unaymilletras.com\/"},{"@type":"ListItem","position":2,"name":"Belinda rompe moldes con \u00abInd\u00f3mita\u00bb"}]},{"@type":"WebSite","@id":"http:\/\/unaymilletras.com\/#website","url":"http:\/\/unaymilletras.com\/","name":"Una y Mil Letras","description":"","publisher":{"@id":"http:\/\/unaymilletras.com\/#organization"},"potentialAction":[{"@type":"SearchAction","target":{"@type":"EntryPoint","urlTemplate":"http:\/\/unaymilletras.com\/?s={search_term_string}"},"query-input":{"@type":"PropertyValueSpecification","valueRequired":true,"valueName":"search_term_string"}}],"inLanguage":"en-GB"},{"@type":"Organization","@id":"http:\/\/unaymilletras.com\/#organization","name":"Una y Mil Letras","url":"http:\/\/unaymilletras.com\/","logo":{"@type":"ImageObject","inLanguage":"en-GB","@id":"http:\/\/unaymilletras.com\/#\/schema\/logo\/image\/","url":"https:\/\/unaymilletras.com\/wp-content\/uploads\/2024\/06\/cropped-Logo-removebg-preview.png","contentUrl":"https:\/\/unaymilletras.com\/wp-content\/uploads\/2024\/06\/cropped-Logo-removebg-preview.png","width":512,"height":512,"caption":"Una y Mil Letras"},"image":{"@id":"http:\/\/unaymilletras.com\/#\/schema\/logo\/image\/"},"sameAs":["https:\/\/x.com\/UnaYMilLetras","https:\/\/instagram.com\/UnaYMilLetras"]},{"@type":"Person","@id":"http:\/\/unaymilletras.com\/#\/schema\/person\/f9792b0b93704f9d3f6cef46c2048d7d","name":"Alvany Pereira","image":{"@type":"ImageObject","inLanguage":"en-GB","@id":"https:\/\/secure.gravatar.com\/avatar\/1a5fbcc81714220624d70f391a6187cd1434ccfcb154238afd238d6b8bb7f593?s=96&d=mm&r=g","url":"https:\/\/secure.gravatar.com\/avatar\/1a5fbcc81714220624d70f391a6187cd1434ccfcb154238afd238d6b8bb7f593?s=96&d=mm&r=g","contentUrl":"https:\/\/secure.gravatar.com\/avatar\/1a5fbcc81714220624d70f391a6187cd1434ccfcb154238afd238d6b8bb7f593?s=96&d=mm&r=g","caption":"Alvany Pereira"},"url":"https:\/\/unaymilletras.com\/en\/author\/alvanysophia\/"}]}},"_links":{"self":[{"href":"https:\/\/unaymilletras.com\/en\/wp-json\/wp\/v2\/posts\/5171","targetHints":{"allow":["GET"]}}],"collection":[{"href":"https:\/\/unaymilletras.com\/en\/wp-json\/wp\/v2\/posts"}],"about":[{"href":"https:\/\/unaymilletras.com\/en\/wp-json\/wp\/v2\/types\/post"}],"author":[{"embeddable":true,"href":"https:\/\/unaymilletras.com\/en\/wp-json\/wp\/v2\/users\/8"}],"replies":[{"embeddable":true,"href":"https:\/\/unaymilletras.com\/en\/wp-json\/wp\/v2\/comments?post=5171"}],"version-history":[{"count":17,"href":"https:\/\/unaymilletras.com\/en\/wp-json\/wp\/v2\/posts\/5171\/revisions"}],"predecessor-version":[{"id":5197,"href":"https:\/\/unaymilletras.com\/en\/wp-json\/wp\/v2\/posts\/5171\/revisions\/5197"}],"wp:featuredmedia":[{"embeddable":true,"href":"https:\/\/unaymilletras.com\/en\/wp-json\/wp\/v2\/media\/5173"}],"wp:attachment":[{"href":"https:\/\/unaymilletras.com\/en\/wp-json\/wp\/v2\/media?parent=5171"}],"wp:term":[{"taxonomy":"category","embeddable":true,"href":"https:\/\/unaymilletras.com\/en\/wp-json\/wp\/v2\/categories?post=5171"},{"taxonomy":"post_tag","embeddable":true,"href":"https:\/\/unaymilletras.com\/en\/wp-json\/wp\/v2\/tags?post=5171"}],"curies":[{"name":"wp","href":"https:\/\/api.w.org\/{rel}","templated":true}]}}