{"id":5185,"date":"2025-07-10T16:00:00","date_gmt":"2025-07-10T14:00:00","guid":{"rendered":"https:\/\/unaymilletras.com\/?p=5185"},"modified":"2025-07-07T21:08:18","modified_gmt":"2025-07-07T19:08:18","slug":"madrid-recibe-la-nueva-exposicion-de-amelia-garcia-escoda","status":"publish","type":"post","link":"https:\/\/unaymilletras.com\/en\/madrid-recibe-la-nueva-exposicion-de-amelia-garcia-escoda\/","title":{"rendered":"Madrid recibe la nueva exposici\u00f3n de Amelia Garc\u00eda Escoda"},"content":{"rendered":"<div data-elementor-type=\"wp-post\" data-elementor-id=\"5185\" class=\"elementor elementor-5185\">\n\t\t\t\t\t\t<section class=\"elementor-section elementor-top-section elementor-element elementor-element-6473aa6 elementor-section-boxed elementor-section-height-default elementor-section-height-default\" data-id=\"6473aa6\" data-element_type=\"section\" data-e-type=\"section\">\n\t\t\t\t\t\t<div class=\"elementor-container elementor-column-gap-default\">\n\t\t\t\t\t<div class=\"elementor-column elementor-col-100 elementor-top-column elementor-element elementor-element-f0a2460\" data-id=\"f0a2460\" data-element_type=\"column\" data-e-type=\"column\">\n\t\t\t<div class=\"elementor-widget-wrap elementor-element-populated\">\n\t\t\t\t\t\t<div class=\"elementor-element elementor-element-f5fbf05 elementor-widget elementor-widget-text-editor\" data-id=\"f5fbf05\" data-element_type=\"widget\" data-e-type=\"widget\" data-widget_type=\"text-editor.default\">\n\t\t\t\t<div class=\"elementor-widget-container\">\n\t\t\t\t\t\t\t\t\t<h3><span style=\"color: #999999;\"><strong>Amelia Garc\u00eda Escoda presenta una obra que transforma residuos marinos en arte, reflexionando sobre el da\u00f1o ecol\u00f3gico y la capacidad de regeneraci\u00f3n<\/strong><\/span><\/h3>\t\t\t\t\t\t\t\t<\/div>\n\t\t\t\t<\/div>\n\t\t\t\t<div class=\"elementor-element elementor-element-9762414 elementor-widget elementor-widget-text-editor\" data-id=\"9762414\" data-element_type=\"widget\" data-e-type=\"widget\" data-widget_type=\"text-editor.default\">\n\t\t\t\t<div class=\"elementor-widget-container\">\n\t\t\t\t\t\t\t\t\t<p data-start=\"268\" data-end=\"538\">La Galer\u00eda Mar\u00eda Porto inaugura hoy <em data-start=\"332\" data-end=\"342\">Alquimia<\/em>, una exposici\u00f3n individual de Amelia Garc\u00eda Escoda en El <strong>Corte Ingl\u00e9s de Castellana<\/strong>. La muestra abre al p\u00fablico el <strong>26 de junio a las 19 horas<\/strong>, en la primera planta del centro comercial madrile\u00f1o.<\/p><p data-start=\"540\" data-end=\"837\">En esta exposici\u00f3n, la artista presenta una serie de obras que fusionan dos l\u00edneas esenciales de su trabajo: la fuerza del gesto pict\u00f3rico y el uso de <strong>materiales recolectados del fondo marino.<\/strong> Con ello, Amelia Garc\u00eda crea un di\u00e1logo entre el da\u00f1o ecol\u00f3gico y la capacidad del mar para regenerarse.<\/p><p data-start=\"839\" data-end=\"1135\"><em data-start=\"839\" data-end=\"849\">Alquimia<\/em> surge de una experiencia personal vivida en 2021, durante una limpieza de<strong> playas en Cantabria<\/strong>. En esa jornada, la artista recogi\u00f3 residuos como redes, cuerdas y pl\u00e1sticos, que hoy forman parte central de su obra. \u201cRecog\u00ed residuos del fondo del mar para transformarlos en arte\u201d, afirma.<\/p><p data-start=\"1137\" data-end=\"1375\">Desde entonces, ha integrado estos materiales en su proceso creativo, dotando a cada pieza de una carga simb\u00f3lica y emocional. La transformaci\u00f3n de desechos en arte se convierte en una <strong>met\u00e1fora de la propia experiencia vital de la autora.<\/strong><\/p>\t\t\t\t\t\t\t\t<\/div>\n\t\t\t\t<\/div>\n\t\t\t\t\t<\/div>\n\t\t<\/div>\n\t\t\t\t\t<\/div>\n\t\t<\/section>\n\t\t\t\t<section class=\"elementor-section elementor-top-section elementor-element elementor-element-1f5427b elementor-section-boxed elementor-section-height-default elementor-section-height-default\" data-id=\"1f5427b\" data-element_type=\"section\" data-e-type=\"section\">\n\t\t\t\t\t\t<div class=\"elementor-container elementor-column-gap-default\">\n\t\t\t\t\t<div class=\"elementor-column elementor-col-100 elementor-top-column elementor-element elementor-element-a6f7eb7\" data-id=\"a6f7eb7\" data-element_type=\"column\" data-e-type=\"column\">\n\t\t\t<div class=\"elementor-widget-wrap elementor-element-populated\">\n\t\t\t\t\t\t<div class=\"elementor-element elementor-element-09e62d8 elementor-widget elementor-widget-text-editor\" data-id=\"09e62d8\" data-element_type=\"widget\" data-e-type=\"widget\" data-widget_type=\"text-editor.default\">\n\t\t\t\t<div class=\"elementor-widget-container\">\n\t\t\t\t\t\t\t\t\t<h3><span style=\"color: #999999\"><strong>Una forma de pintar la belleza<\/strong><\/span><\/h3>\t\t\t\t\t\t\t\t<\/div>\n\t\t\t\t<\/div>\n\t\t\t\t\t<\/div>\n\t\t<\/div>\n\t\t\t\t\t<\/div>\n\t\t<\/section>\n\t\t\t\t<section class=\"elementor-section elementor-top-section elementor-element elementor-element-e01191d elementor-section-boxed elementor-section-height-default elementor-section-height-default\" data-id=\"e01191d\" data-element_type=\"section\" data-e-type=\"section\">\n\t\t\t\t\t\t<div class=\"elementor-container elementor-column-gap-default\">\n\t\t\t\t\t<div class=\"elementor-column elementor-col-100 elementor-top-column elementor-element elementor-element-4d730c4\" data-id=\"4d730c4\" data-element_type=\"column\" data-e-type=\"column\">\n\t\t\t<div class=\"elementor-widget-wrap elementor-element-populated\">\n\t\t\t\t\t\t<div class=\"elementor-element elementor-element-6e65fce elementor-widget elementor-widget-text-editor\" data-id=\"6e65fce\" data-element_type=\"widget\" data-e-type=\"widget\" data-widget_type=\"text-editor.default\">\n\t\t\t\t<div class=\"elementor-widget-container\">\n\t\t\t\t\t\t\t\t\t<p data-start=\"1377\" data-end=\"1634\">La exposici\u00f3n tambi\u00e9n incorpora obras del proyecto\u00a0<em data-start=\"1428\" data-end=\"1450\">Gesto versus Proceso<\/em>, donde explora la potencia expresiva del\u00a0<strong>trazo espont\u00e1neo.<\/strong>\u00a0En estas piezas, el gesto se convierte en protagonista, equilibrando impulso y contenci\u00f3n en una misma superficie pict\u00f3rica.<\/p><p data-start=\"1636\" data-end=\"1865\">La artista trabaja principalmente con \u00f3leo sobre lienzo y tabla, adem\u00e1s de\u00a0<strong>t\u00e9cnicas mixtas con elementos marinos.<\/strong>\u00a0Su paleta evoca el fondo del mar a trav\u00e9s de colores profundos, org\u00e1nicos, que no necesitan representar lo visible.<\/p><p data-start=\"1867\" data-end=\"2086\">Las obras no muestran el mar de forma literal, sino que lo traen a la superficie mediante textura, materia y color. Cada pieza conserva una sinton\u00eda visual con las dem\u00e1s, generando una experiencia inmersiva y coherente.<\/p><p data-start=\"2088\" data-end=\"2356\">Con esta exposici\u00f3n, Amelia Garc\u00eda busca que el p\u00fablico vea<strong>\u00a0belleza donde antes hab\u00eda residuos.<\/strong>\u00a0Invita a conectar con la posibilidad de transformar lo roto, de resignificar lo descartado. Quiere que cada obra despierte preguntas, emociones, y una nueva forma de mirar.<\/p><p data-start=\"2358\" data-end=\"2505\" data-is-last-node=\"\" data-is-only-node=\"\"><em data-start=\"2358\" data-end=\"2368\">Alquimia<\/em>\u00a0puede visitarse desde hoy en <a href=\"https:\/\/www.mariaportogallery.com\/\">la Galer\u00eda de arte Mar\u00eda Porto<\/a>, en El Corte Ingl\u00e9s de Castellana. La entrada es libre y abierta al p\u00fablico.<\/p>\t\t\t\t\t\t\t\t<\/div>\n\t\t\t\t<\/div>\n\t\t\t\t<div class=\"elementor-element elementor-element-a9fca5b elementor-widget elementor-widget-image\" data-id=\"a9fca5b\" data-element_type=\"widget\" data-e-type=\"widget\" data-widget_type=\"image.default\">\n\t\t\t\t<div class=\"elementor-widget-container\">\n\t\t\t\t\t\t\t\t\t\t\t\t\t\t\t<img fetchpriority=\"high\" decoding=\"async\" width=\"600\" height=\"447\" src=\"https:\/\/unaymilletras.com\/wp-content\/uploads\/2025\/06\/AmeliaGarciaEscoda-e1750968794668.png\" class=\"attachment-large size-large wp-image-5186\" alt=\"Alquimia\" \/>\t\t\t\t\t\t\t\t\t\t\t\t\t\t\t<\/div>\n\t\t\t\t<\/div>\n\t\t\t\t\t<\/div>\n\t\t<\/div>\n\t\t\t\t\t<\/div>\n\t\t<\/section>\n\t\t\t\t<\/div>","protected":false},"excerpt":{"rendered":"<p>Amelia Garc\u00eda Escoda presenta una obra que transforma residuos marinos en arte, reflexionando sobre el da\u00f1o ecol\u00f3gico y la capacidad de regeneraci\u00f3n La Galer\u00eda Mar\u00eda Porto inaugura hoy Alquimia, una exposici\u00f3n individual de Amelia Garc\u00eda Escoda en El Corte Ingl\u00e9s de Castellana. La muestra abre al p\u00fablico el 26 de junio a las 19 horas, [&hellip;]<\/p>\n","protected":false},"author":8,"featured_media":5186,"comment_status":"closed","ping_status":"closed","sticky":false,"template":"","format":"standard","meta":{"footnotes":""},"categories":[119],"tags":[],"class_list":["post-5185","post","type-post","status-publish","format-standard","has-post-thumbnail","hentry","category-eventos"],"yoast_head":"<!-- This site is optimized with the Yoast SEO plugin v27.4 - https:\/\/yoast.com\/product\/yoast-seo-wordpress\/ -->\n<title>Madrid recibe la nueva exposici\u00f3n de Amelia Garc\u00eda Escoda<\/title>\n<meta name=\"description\" content=\"La artista presenta una obra que transforma residuos marinos en arte, reflexionando sobre el da\u00f1o ecol\u00f3gico y la capacidad de regeneraci\u00f3n.\" \/>\n<meta name=\"robots\" content=\"index, follow, max-snippet:-1, max-image-preview:large, max-video-preview:-1\" \/>\n<link rel=\"canonical\" href=\"https:\/\/unaymilletras.com\/en\/madrid-recibe-la-nueva-exposicion-de-amelia-garcia-escoda\/\" \/>\n<meta property=\"og:locale\" content=\"en_GB\" \/>\n<meta property=\"og:type\" content=\"article\" \/>\n<meta property=\"og:title\" content=\"Madrid recibe la nueva exposici\u00f3n de Amelia Garc\u00eda Escoda\" \/>\n<meta property=\"og:description\" content=\"La artista presenta una obra que transforma residuos marinos en arte, reflexionando sobre el da\u00f1o ecol\u00f3gico y la capacidad de regeneraci\u00f3n.\" \/>\n<meta property=\"og:url\" content=\"https:\/\/unaymilletras.com\/en\/madrid-recibe-la-nueva-exposicion-de-amelia-garcia-escoda\/\" \/>\n<meta property=\"og:site_name\" content=\"Una y Mil Letras\" \/>\n<meta property=\"article:published_time\" content=\"2025-07-10T14:00:00+00:00\" \/>\n<meta property=\"og:image\" content=\"https:\/\/unaymilletras.com\/wp-content\/uploads\/2025\/06\/AmeliaGarciaEscoda-e1750968794668.png\" \/>\n\t<meta property=\"og:image:width\" content=\"600\" \/>\n\t<meta property=\"og:image:height\" content=\"447\" \/>\n\t<meta property=\"og:image:type\" content=\"image\/png\" \/>\n<meta name=\"author\" content=\"Alvany Pereira\" \/>\n<meta name=\"twitter:card\" content=\"summary_large_image\" \/>\n<meta name=\"twitter:creator\" content=\"@UnaYMilLetras\" \/>\n<meta name=\"twitter:site\" content=\"@UnaYMilLetras\" \/>\n<meta name=\"twitter:label1\" content=\"Written by\" \/>\n\t<meta name=\"twitter:data1\" content=\"Alvany Pereira\" \/>\n\t<meta name=\"twitter:label2\" content=\"Estimated reading time\" \/>\n\t<meta name=\"twitter:data2\" content=\"3 minutes\" \/>\n<script type=\"application\/ld+json\" class=\"yoast-schema-graph\">{\"@context\":\"https:\\\/\\\/schema.org\",\"@graph\":[{\"@type\":\"Article\",\"@id\":\"https:\\\/\\\/unaymilletras.com\\\/madrid-recibe-la-nueva-exposicion-de-amelia-garcia-escoda\\\/#article\",\"isPartOf\":{\"@id\":\"https:\\\/\\\/unaymilletras.com\\\/madrid-recibe-la-nueva-exposicion-de-amelia-garcia-escoda\\\/\"},\"author\":{\"name\":\"Alvany Pereira\",\"@id\":\"http:\\\/\\\/unaymilletras.com\\\/#\\\/schema\\\/person\\\/f9792b0b93704f9d3f6cef46c2048d7d\"},\"headline\":\"Madrid recibe la nueva exposici\u00f3n de Amelia Garc\u00eda Escoda\",\"datePublished\":\"2025-07-10T14:00:00+00:00\",\"mainEntityOfPage\":{\"@id\":\"https:\\\/\\\/unaymilletras.com\\\/madrid-recibe-la-nueva-exposicion-de-amelia-garcia-escoda\\\/\"},\"wordCount\":430,\"publisher\":{\"@id\":\"http:\\\/\\\/unaymilletras.com\\\/#organization\"},\"image\":{\"@id\":\"https:\\\/\\\/unaymilletras.com\\\/madrid-recibe-la-nueva-exposicion-de-amelia-garcia-escoda\\\/#primaryimage\"},\"thumbnailUrl\":\"https:\\\/\\\/unaymilletras.com\\\/wp-content\\\/uploads\\\/2025\\\/06\\\/AmeliaGarciaEscoda-e1750968794668.png\",\"articleSection\":[\"Eventos\"],\"inLanguage\":\"en-GB\"},{\"@type\":\"WebPage\",\"@id\":\"https:\\\/\\\/unaymilletras.com\\\/madrid-recibe-la-nueva-exposicion-de-amelia-garcia-escoda\\\/\",\"url\":\"https:\\\/\\\/unaymilletras.com\\\/madrid-recibe-la-nueva-exposicion-de-amelia-garcia-escoda\\\/\",\"name\":\"Madrid recibe la nueva exposici\u00f3n de Amelia Garc\u00eda Escoda\",\"isPartOf\":{\"@id\":\"http:\\\/\\\/unaymilletras.com\\\/#website\"},\"primaryImageOfPage\":{\"@id\":\"https:\\\/\\\/unaymilletras.com\\\/madrid-recibe-la-nueva-exposicion-de-amelia-garcia-escoda\\\/#primaryimage\"},\"image\":{\"@id\":\"https:\\\/\\\/unaymilletras.com\\\/madrid-recibe-la-nueva-exposicion-de-amelia-garcia-escoda\\\/#primaryimage\"},\"thumbnailUrl\":\"https:\\\/\\\/unaymilletras.com\\\/wp-content\\\/uploads\\\/2025\\\/06\\\/AmeliaGarciaEscoda-e1750968794668.png\",\"datePublished\":\"2025-07-10T14:00:00+00:00\",\"description\":\"La artista presenta una obra que transforma residuos marinos en arte, reflexionando sobre el da\u00f1o ecol\u00f3gico y la capacidad de regeneraci\u00f3n.\",\"breadcrumb\":{\"@id\":\"https:\\\/\\\/unaymilletras.com\\\/madrid-recibe-la-nueva-exposicion-de-amelia-garcia-escoda\\\/#breadcrumb\"},\"inLanguage\":\"en-GB\",\"potentialAction\":[{\"@type\":\"ReadAction\",\"target\":[\"https:\\\/\\\/unaymilletras.com\\\/madrid-recibe-la-nueva-exposicion-de-amelia-garcia-escoda\\\/\"]}]},{\"@type\":\"ImageObject\",\"inLanguage\":\"en-GB\",\"@id\":\"https:\\\/\\\/unaymilletras.com\\\/madrid-recibe-la-nueva-exposicion-de-amelia-garcia-escoda\\\/#primaryimage\",\"url\":\"https:\\\/\\\/unaymilletras.com\\\/wp-content\\\/uploads\\\/2025\\\/06\\\/AmeliaGarciaEscoda-e1750968794668.png\",\"contentUrl\":\"https:\\\/\\\/unaymilletras.com\\\/wp-content\\\/uploads\\\/2025\\\/06\\\/AmeliaGarciaEscoda-e1750968794668.png\",\"width\":600,\"height\":447,\"caption\":\"Alquimia\"},{\"@type\":\"BreadcrumbList\",\"@id\":\"https:\\\/\\\/unaymilletras.com\\\/madrid-recibe-la-nueva-exposicion-de-amelia-garcia-escoda\\\/#breadcrumb\",\"itemListElement\":[{\"@type\":\"ListItem\",\"position\":1,\"name\":\"Home\",\"item\":\"http:\\\/\\\/unaymilletras.com\\\/\"},{\"@type\":\"ListItem\",\"position\":2,\"name\":\"Madrid recibe la nueva exposici\u00f3n de Amelia Garc\u00eda Escoda\"}]},{\"@type\":\"WebSite\",\"@id\":\"http:\\\/\\\/unaymilletras.com\\\/#website\",\"url\":\"http:\\\/\\\/unaymilletras.com\\\/\",\"name\":\"Una y Mil Letras\",\"description\":\"\",\"publisher\":{\"@id\":\"http:\\\/\\\/unaymilletras.com\\\/#organization\"},\"potentialAction\":[{\"@type\":\"SearchAction\",\"target\":{\"@type\":\"EntryPoint\",\"urlTemplate\":\"http:\\\/\\\/unaymilletras.com\\\/?s={search_term_string}\"},\"query-input\":{\"@type\":\"PropertyValueSpecification\",\"valueRequired\":true,\"valueName\":\"search_term_string\"}}],\"inLanguage\":\"en-GB\"},{\"@type\":\"Organization\",\"@id\":\"http:\\\/\\\/unaymilletras.com\\\/#organization\",\"name\":\"Una y Mil Letras\",\"url\":\"http:\\\/\\\/unaymilletras.com\\\/\",\"logo\":{\"@type\":\"ImageObject\",\"inLanguage\":\"en-GB\",\"@id\":\"http:\\\/\\\/unaymilletras.com\\\/#\\\/schema\\\/logo\\\/image\\\/\",\"url\":\"https:\\\/\\\/unaymilletras.com\\\/wp-content\\\/uploads\\\/2024\\\/06\\\/cropped-Logo-removebg-preview.png\",\"contentUrl\":\"https:\\\/\\\/unaymilletras.com\\\/wp-content\\\/uploads\\\/2024\\\/06\\\/cropped-Logo-removebg-preview.png\",\"width\":512,\"height\":512,\"caption\":\"Una y Mil Letras\"},\"image\":{\"@id\":\"http:\\\/\\\/unaymilletras.com\\\/#\\\/schema\\\/logo\\\/image\\\/\"},\"sameAs\":[\"https:\\\/\\\/x.com\\\/UnaYMilLetras\",\"https:\\\/\\\/instagram.com\\\/UnaYMilLetras\"]},{\"@type\":\"Person\",\"@id\":\"http:\\\/\\\/unaymilletras.com\\\/#\\\/schema\\\/person\\\/f9792b0b93704f9d3f6cef46c2048d7d\",\"name\":\"Alvany Pereira\",\"image\":{\"@type\":\"ImageObject\",\"inLanguage\":\"en-GB\",\"@id\":\"https:\\\/\\\/secure.gravatar.com\\\/avatar\\\/1a5fbcc81714220624d70f391a6187cd1434ccfcb154238afd238d6b8bb7f593?s=96&d=mm&r=g\",\"url\":\"https:\\\/\\\/secure.gravatar.com\\\/avatar\\\/1a5fbcc81714220624d70f391a6187cd1434ccfcb154238afd238d6b8bb7f593?s=96&d=mm&r=g\",\"contentUrl\":\"https:\\\/\\\/secure.gravatar.com\\\/avatar\\\/1a5fbcc81714220624d70f391a6187cd1434ccfcb154238afd238d6b8bb7f593?s=96&d=mm&r=g\",\"caption\":\"Alvany Pereira\"},\"url\":\"https:\\\/\\\/unaymilletras.com\\\/en\\\/author\\\/alvanysophia\\\/\"}]}<\/script>\n<!-- \/ Yoast SEO plugin. -->","yoast_head_json":{"title":"Madrid recibe la nueva exposici\u00f3n de Amelia Garc\u00eda Escoda","description":"La artista presenta una obra que transforma residuos marinos en arte, reflexionando sobre el da\u00f1o ecol\u00f3gico y la capacidad de regeneraci\u00f3n.","robots":{"index":"index","follow":"follow","max-snippet":"max-snippet:-1","max-image-preview":"max-image-preview:large","max-video-preview":"max-video-preview:-1"},"canonical":"https:\/\/unaymilletras.com\/en\/madrid-recibe-la-nueva-exposicion-de-amelia-garcia-escoda\/","og_locale":"en_GB","og_type":"article","og_title":"Madrid recibe la nueva exposici\u00f3n de Amelia Garc\u00eda Escoda","og_description":"La artista presenta una obra que transforma residuos marinos en arte, reflexionando sobre el da\u00f1o ecol\u00f3gico y la capacidad de regeneraci\u00f3n.","og_url":"https:\/\/unaymilletras.com\/en\/madrid-recibe-la-nueva-exposicion-de-amelia-garcia-escoda\/","og_site_name":"Una y Mil Letras","article_published_time":"2025-07-10T14:00:00+00:00","og_image":[{"width":600,"height":447,"url":"https:\/\/unaymilletras.com\/wp-content\/uploads\/2025\/06\/AmeliaGarciaEscoda-e1750968794668.png","type":"image\/png"}],"author":"Alvany Pereira","twitter_card":"summary_large_image","twitter_creator":"@UnaYMilLetras","twitter_site":"@UnaYMilLetras","twitter_misc":{"Written by":"Alvany Pereira","Estimated reading time":"3 minutes"},"schema":{"@context":"https:\/\/schema.org","@graph":[{"@type":"Article","@id":"https:\/\/unaymilletras.com\/madrid-recibe-la-nueva-exposicion-de-amelia-garcia-escoda\/#article","isPartOf":{"@id":"https:\/\/unaymilletras.com\/madrid-recibe-la-nueva-exposicion-de-amelia-garcia-escoda\/"},"author":{"name":"Alvany Pereira","@id":"http:\/\/unaymilletras.com\/#\/schema\/person\/f9792b0b93704f9d3f6cef46c2048d7d"},"headline":"Madrid recibe la nueva exposici\u00f3n de Amelia Garc\u00eda Escoda","datePublished":"2025-07-10T14:00:00+00:00","mainEntityOfPage":{"@id":"https:\/\/unaymilletras.com\/madrid-recibe-la-nueva-exposicion-de-amelia-garcia-escoda\/"},"wordCount":430,"publisher":{"@id":"http:\/\/unaymilletras.com\/#organization"},"image":{"@id":"https:\/\/unaymilletras.com\/madrid-recibe-la-nueva-exposicion-de-amelia-garcia-escoda\/#primaryimage"},"thumbnailUrl":"https:\/\/unaymilletras.com\/wp-content\/uploads\/2025\/06\/AmeliaGarciaEscoda-e1750968794668.png","articleSection":["Eventos"],"inLanguage":"en-GB"},{"@type":"WebPage","@id":"https:\/\/unaymilletras.com\/madrid-recibe-la-nueva-exposicion-de-amelia-garcia-escoda\/","url":"https:\/\/unaymilletras.com\/madrid-recibe-la-nueva-exposicion-de-amelia-garcia-escoda\/","name":"Madrid recibe la nueva exposici\u00f3n de Amelia Garc\u00eda Escoda","isPartOf":{"@id":"http:\/\/unaymilletras.com\/#website"},"primaryImageOfPage":{"@id":"https:\/\/unaymilletras.com\/madrid-recibe-la-nueva-exposicion-de-amelia-garcia-escoda\/#primaryimage"},"image":{"@id":"https:\/\/unaymilletras.com\/madrid-recibe-la-nueva-exposicion-de-amelia-garcia-escoda\/#primaryimage"},"thumbnailUrl":"https:\/\/unaymilletras.com\/wp-content\/uploads\/2025\/06\/AmeliaGarciaEscoda-e1750968794668.png","datePublished":"2025-07-10T14:00:00+00:00","description":"La artista presenta una obra que transforma residuos marinos en arte, reflexionando sobre el da\u00f1o ecol\u00f3gico y la capacidad de regeneraci\u00f3n.","breadcrumb":{"@id":"https:\/\/unaymilletras.com\/madrid-recibe-la-nueva-exposicion-de-amelia-garcia-escoda\/#breadcrumb"},"inLanguage":"en-GB","potentialAction":[{"@type":"ReadAction","target":["https:\/\/unaymilletras.com\/madrid-recibe-la-nueva-exposicion-de-amelia-garcia-escoda\/"]}]},{"@type":"ImageObject","inLanguage":"en-GB","@id":"https:\/\/unaymilletras.com\/madrid-recibe-la-nueva-exposicion-de-amelia-garcia-escoda\/#primaryimage","url":"https:\/\/unaymilletras.com\/wp-content\/uploads\/2025\/06\/AmeliaGarciaEscoda-e1750968794668.png","contentUrl":"https:\/\/unaymilletras.com\/wp-content\/uploads\/2025\/06\/AmeliaGarciaEscoda-e1750968794668.png","width":600,"height":447,"caption":"Alquimia"},{"@type":"BreadcrumbList","@id":"https:\/\/unaymilletras.com\/madrid-recibe-la-nueva-exposicion-de-amelia-garcia-escoda\/#breadcrumb","itemListElement":[{"@type":"ListItem","position":1,"name":"Home","item":"http:\/\/unaymilletras.com\/"},{"@type":"ListItem","position":2,"name":"Madrid recibe la nueva exposici\u00f3n de Amelia Garc\u00eda Escoda"}]},{"@type":"WebSite","@id":"http:\/\/unaymilletras.com\/#website","url":"http:\/\/unaymilletras.com\/","name":"Una y Mil Letras","description":"","publisher":{"@id":"http:\/\/unaymilletras.com\/#organization"},"potentialAction":[{"@type":"SearchAction","target":{"@type":"EntryPoint","urlTemplate":"http:\/\/unaymilletras.com\/?s={search_term_string}"},"query-input":{"@type":"PropertyValueSpecification","valueRequired":true,"valueName":"search_term_string"}}],"inLanguage":"en-GB"},{"@type":"Organization","@id":"http:\/\/unaymilletras.com\/#organization","name":"Una y Mil Letras","url":"http:\/\/unaymilletras.com\/","logo":{"@type":"ImageObject","inLanguage":"en-GB","@id":"http:\/\/unaymilletras.com\/#\/schema\/logo\/image\/","url":"https:\/\/unaymilletras.com\/wp-content\/uploads\/2024\/06\/cropped-Logo-removebg-preview.png","contentUrl":"https:\/\/unaymilletras.com\/wp-content\/uploads\/2024\/06\/cropped-Logo-removebg-preview.png","width":512,"height":512,"caption":"Una y Mil Letras"},"image":{"@id":"http:\/\/unaymilletras.com\/#\/schema\/logo\/image\/"},"sameAs":["https:\/\/x.com\/UnaYMilLetras","https:\/\/instagram.com\/UnaYMilLetras"]},{"@type":"Person","@id":"http:\/\/unaymilletras.com\/#\/schema\/person\/f9792b0b93704f9d3f6cef46c2048d7d","name":"Alvany Pereira","image":{"@type":"ImageObject","inLanguage":"en-GB","@id":"https:\/\/secure.gravatar.com\/avatar\/1a5fbcc81714220624d70f391a6187cd1434ccfcb154238afd238d6b8bb7f593?s=96&d=mm&r=g","url":"https:\/\/secure.gravatar.com\/avatar\/1a5fbcc81714220624d70f391a6187cd1434ccfcb154238afd238d6b8bb7f593?s=96&d=mm&r=g","contentUrl":"https:\/\/secure.gravatar.com\/avatar\/1a5fbcc81714220624d70f391a6187cd1434ccfcb154238afd238d6b8bb7f593?s=96&d=mm&r=g","caption":"Alvany Pereira"},"url":"https:\/\/unaymilletras.com\/en\/author\/alvanysophia\/"}]}},"_links":{"self":[{"href":"https:\/\/unaymilletras.com\/en\/wp-json\/wp\/v2\/posts\/5185","targetHints":{"allow":["GET"]}}],"collection":[{"href":"https:\/\/unaymilletras.com\/en\/wp-json\/wp\/v2\/posts"}],"about":[{"href":"https:\/\/unaymilletras.com\/en\/wp-json\/wp\/v2\/types\/post"}],"author":[{"embeddable":true,"href":"https:\/\/unaymilletras.com\/en\/wp-json\/wp\/v2\/users\/8"}],"replies":[{"embeddable":true,"href":"https:\/\/unaymilletras.com\/en\/wp-json\/wp\/v2\/comments?post=5185"}],"version-history":[{"count":16,"href":"https:\/\/unaymilletras.com\/en\/wp-json\/wp\/v2\/posts\/5185\/revisions"}],"predecessor-version":[{"id":5291,"href":"https:\/\/unaymilletras.com\/en\/wp-json\/wp\/v2\/posts\/5185\/revisions\/5291"}],"wp:featuredmedia":[{"embeddable":true,"href":"https:\/\/unaymilletras.com\/en\/wp-json\/wp\/v2\/media\/5186"}],"wp:attachment":[{"href":"https:\/\/unaymilletras.com\/en\/wp-json\/wp\/v2\/media?parent=5185"}],"wp:term":[{"taxonomy":"category","embeddable":true,"href":"https:\/\/unaymilletras.com\/en\/wp-json\/wp\/v2\/categories?post=5185"},{"taxonomy":"post_tag","embeddable":true,"href":"https:\/\/unaymilletras.com\/en\/wp-json\/wp\/v2\/tags?post=5185"}],"curies":[{"name":"wp","href":"https:\/\/api.w.org\/{rel}","templated":true}]}}