{"id":5201,"date":"2025-06-12T16:10:00","date_gmt":"2025-06-12T14:10:00","guid":{"rendered":"https:\/\/unaymilletras.com\/?p=5201"},"modified":"2025-07-01T15:23:41","modified_gmt":"2025-07-01T13:23:41","slug":"pirineos-sur-cierra-cartel-con-manu-chao-nathy-peluso-y-elena-rose","status":"publish","type":"post","link":"https:\/\/unaymilletras.com\/en\/pirineos-sur-cierra-cartel-con-manu-chao-nathy-peluso-y-elena-rose\/","title":{"rendered":"Pirineos Sur cierra cartel con Manu Chao, Nathy Peluso y Elena Rose"},"content":{"rendered":"\t\t<div data-elementor-type=\"wp-post\" data-elementor-id=\"5201\" class=\"elementor elementor-5201\">\n\t\t\t\t\t\t<section class=\"elementor-section elementor-top-section elementor-element elementor-element-d54b4c3 elementor-section-boxed elementor-section-height-default elementor-section-height-default\" data-id=\"d54b4c3\" data-element_type=\"section\" data-e-type=\"section\">\n\t\t\t\t\t\t<div class=\"elementor-container elementor-column-gap-default\">\n\t\t\t\t\t<div class=\"elementor-column elementor-col-100 elementor-top-column elementor-element elementor-element-1503dcb\" data-id=\"1503dcb\" data-element_type=\"column\" data-e-type=\"column\">\n\t\t\t<div class=\"elementor-widget-wrap elementor-element-populated\">\n\t\t\t\t\t\t<div class=\"elementor-element elementor-element-f2967bd elementor-widget elementor-widget-text-editor\" data-id=\"f2967bd\" data-element_type=\"widget\" data-e-type=\"widget\" data-widget_type=\"text-editor.default\">\n\t\t\t\t<div class=\"elementor-widget-container\">\n\t\t\t\t\t\t\t\t\t<h2 style=\"text-align: center;\" data-start=\"0\" data-end=\"177\"><span style=\"color: #808080;\"><em>Cartel renovado: Pirineos Sur apuesta por la diversidad musical con grandes nombres internacionales<\/em><\/span><\/h2>\t\t\t\t\t\t\t\t<\/div>\n\t\t\t\t<\/div>\n\t\t\t\t\t<\/div>\n\t\t<\/div>\n\t\t\t\t\t<\/div>\n\t\t<\/section>\n\t\t\t\t<section class=\"elementor-section elementor-top-section elementor-element elementor-element-76ddc0f elementor-section-boxed elementor-section-height-default elementor-section-height-default\" data-id=\"76ddc0f\" data-element_type=\"section\" data-e-type=\"section\">\n\t\t\t\t\t\t<div class=\"elementor-container elementor-column-gap-default\">\n\t\t\t\t\t<div class=\"elementor-column elementor-col-100 elementor-top-column elementor-element elementor-element-28ddf07\" data-id=\"28ddf07\" data-element_type=\"column\" data-e-type=\"column\">\n\t\t\t<div class=\"elementor-widget-wrap elementor-element-populated\">\n\t\t\t\t\t\t<div class=\"elementor-element elementor-element-ddb06ab elementor-widget elementor-widget-text-editor\" data-id=\"ddb06ab\" data-element_type=\"widget\" data-e-type=\"widget\" data-widget_type=\"text-editor.default\">\n\t\t\t\t<div class=\"elementor-widget-container\">\n\t\t\t\t\t\t\t\t\t<p data-start=\"179\" data-end=\"255\"><span class=\"relative -mx-px my-[-0.2rem] rounded px-px py-[0.2rem] transition-colors duration-100 ease-in-out\">El Festival Pirineos Sur confirma su apuesta por la diversidad musical para su trig\u00e9sima segunda edici\u00f3n, que se celebrar\u00e1 del 10 al 27 de julio en el Auditorio de Lanuza, Huesca. En esta ocasi\u00f3n el festival cierra su cartel con nombres destacados: <strong data-start=\"249\" data-end=\"262\">Manu Chao<\/strong>, <strong data-start=\"264\" data-end=\"280\">Nathy Peluso<\/strong> y <strong data-start=\"283\" data-end=\"297\">Elena Rose<\/strong>, reforzando su enfoque en propuestas internacionales, entre ellas la potente presencia latina, el pop ac\u00fastico y ritmos urbanos.<\/span><\/p><p data-start=\"257\" data-end=\"333\"><span class=\"relative -mx-px my-[-0.2rem] rounded px-px py-[0.2rem] transition-colors duration-100 ease-in-out\">El 16 de julio, <strong data-start=\"16\" data-end=\"29\">Manu Chao<\/strong> regresar\u00e1 a Lanuza con un concierto ultra ac\u00fastico de casi dos horas. El m\u00fasico repasar\u00e1 su repertorio maestro, con temas como <em>Me gustas t\u00fa<\/em> o <em>King of the bongo<\/em>, acompa\u00f1ado por el DJ Mr Pendejo.<\/span><\/p><p data-start=\"335\" data-end=\"411\"><span class=\"relative -mx-px my-[-0.2rem] rounded px-px py-[0.2rem] transition-colors duration-100 ease-in-out\">El 23 de julio ser\u00e1 el turno de dos figuras del pop latino:\u00a0<strong data-start=\"60\" data-end=\"76\">Nathy Peluso<\/strong>, que presentar\u00e1 su disco\u00a0<em data-start=\"102\" data-end=\"109\">GRASA<\/em>, y\u00a0<strong data-start=\"113\" data-end=\"127\">Elena Rose<\/strong>, quien llega tras m\u00faltiples nominaciones al Grammy y \u00e9xitos en Spotify<\/span>.<\/p>\t\t\t\t\t\t\t\t<\/div>\n\t\t\t\t<\/div>\n\t\t\t\t\t<\/div>\n\t\t<\/div>\n\t\t\t\t\t<\/div>\n\t\t<\/section>\n\t\t\t\t<section class=\"elementor-section elementor-top-section elementor-element elementor-element-f6e6c0c elementor-section-boxed elementor-section-height-default elementor-section-height-default\" data-id=\"f6e6c0c\" data-element_type=\"section\" data-e-type=\"section\">\n\t\t\t\t\t\t<div class=\"elementor-container elementor-column-gap-default\">\n\t\t\t\t\t<div class=\"elementor-column elementor-col-100 elementor-top-column elementor-element elementor-element-eea8083\" data-id=\"eea8083\" data-element_type=\"column\" data-e-type=\"column\">\n\t\t\t<div class=\"elementor-widget-wrap elementor-element-populated\">\n\t\t\t\t\t\t<div class=\"elementor-element elementor-element-abaaf93 elementor-widget elementor-widget-image\" data-id=\"abaaf93\" data-element_type=\"widget\" data-e-type=\"widget\" data-widget_type=\"image.default\">\n\t\t\t\t<div class=\"elementor-widget-container\">\n\t\t\t\t\t\t\t\t\t\t\t\t\t\t\t<img fetchpriority=\"high\" decoding=\"async\" width=\"640\" height=\"800\" src=\"https:\/\/unaymilletras.com\/wp-content\/uploads\/2025\/07\/PS25_CARTEL_1080X1350_IG-819x1024.jpg\" class=\"attachment-large size-large wp-image-5203\" alt=\"Pirineos Sur\" srcset=\"https:\/\/unaymilletras.com\/wp-content\/uploads\/2025\/07\/PS25_CARTEL_1080X1350_IG-819x1024.jpg 819w, https:\/\/unaymilletras.com\/wp-content\/uploads\/2025\/07\/PS25_CARTEL_1080X1350_IG-240x300.jpg 240w, https:\/\/unaymilletras.com\/wp-content\/uploads\/2025\/07\/PS25_CARTEL_1080X1350_IG-768x960.jpg 768w, https:\/\/unaymilletras.com\/wp-content\/uploads\/2025\/07\/PS25_CARTEL_1080X1350_IG-10x12.jpg 10w, https:\/\/unaymilletras.com\/wp-content\/uploads\/2025\/07\/PS25_CARTEL_1080X1350_IG-1024x1280.jpg 1024w, https:\/\/unaymilletras.com\/wp-content\/uploads\/2025\/07\/PS25_CARTEL_1080X1350_IG-e1751321248146.jpg 600w\" sizes=\"(max-width: 640px) 100vw, 640px\" \/>\t\t\t\t\t\t\t\t\t\t\t\t\t\t\t<\/div>\n\t\t\t\t<\/div>\n\t\t\t\t\t<\/div>\n\t\t<\/div>\n\t\t\t\t\t<\/div>\n\t\t<\/section>\n\t\t\t\t<section class=\"elementor-section elementor-top-section elementor-element elementor-element-7ad5004 elementor-section-boxed elementor-section-height-default elementor-section-height-default\" data-id=\"7ad5004\" data-element_type=\"section\" data-e-type=\"section\">\n\t\t\t\t\t\t<div class=\"elementor-container elementor-column-gap-default\">\n\t\t\t\t\t<div class=\"elementor-column elementor-col-100 elementor-top-column elementor-element elementor-element-bc151ae\" data-id=\"bc151ae\" data-element_type=\"column\" data-e-type=\"column\">\n\t\t\t<div class=\"elementor-widget-wrap elementor-element-populated\">\n\t\t\t\t\t\t<div class=\"elementor-element elementor-element-f14b115 elementor-widget elementor-widget-text-editor\" data-id=\"f14b115\" data-element_type=\"widget\" data-e-type=\"widget\" data-widget_type=\"text-editor.default\">\n\t\t\t\t<div class=\"elementor-widget-container\">\n\t\t\t\t\t\t\t\t\t<p data-start=\"335\" data-end=\"411\"><span class=\"relative -mx-px my-[-0.2rem] rounded px-px py-[0.2rem] transition-colors duration-100 ease-in-out\">Estos tres fichajes se suman a un cartel tan potente como ecl\u00e9ctico, con artistas como Natalia Lafourcade, Toquinho, Los Tigres del Norte, Michael Kiwanuka, Zaz, Amaia, Viva Suecia, Ben Harper o Residente<\/span>.<\/p>\n<p data-start=\"491\" data-end=\"567\"><span class=\"relative -mx-px my-[-0.2rem] rounded px-px py-[0.2rem] transition-colors duration-100 ease-in-out\">El festival contar\u00e1 con 26 conciertos repartidos en 13 jornadas, todos en el pintoresco escenario flotante del pantano de Lanuza, sin perder su esencia de fusi\u00f3n cultural y musical<\/span>. Pirineos Sur mantiene su compromiso con el entorno: se prioriza el acceso a pie, en bici o bus lanzadera desde Formigal, con aparcamientos para bicicletas y zonas para autocaravanas.<\/p>\n<p data-start=\"651\" data-end=\"731\"><span class=\"relative -mx-px my-[-0.2rem] rounded px-px py-[0.2rem] transition-colors duration-100 ease-in-out\">Quedan pocas <a href=\"https:\/\/pirineos-sur.es\/tickets\/?_gl=1*1srdwo1*_up*MQ..*_ga*NDk0NTM5NzUxLjE3NTEzMjE0MDk.*_ga_G8L3M14PKX*czE3NTEzMjE0MDgkbzEkZzAkdDE3NTEzMjE0MDgkajYwJGwwJGgxODE5NTM4MDgw\">entradas<\/a> disponibles para algunos d\u00edas del festival, pese a contar ya con varias jornadas sold-out<\/span>.<\/p>\n<p data-start=\"733\" data-end=\"931\">Con estas nuevas incorporaciones, Pirineos Sur se confirma de nuevo como referente cultural: un espacio donde conviven tradici\u00f3n y vanguardia, naturaleza cuidada y m\u00fasica en varios idiomas y ritmos.<\/p>\t\t\t\t\t\t\t\t<\/div>\n\t\t\t\t<\/div>\n\t\t\t\t\t<\/div>\n\t\t<\/div>\n\t\t\t\t\t<\/div>\n\t\t<\/section>\n\t\t\t\t<\/div>\n\t\t","protected":false},"excerpt":{"rendered":"<p>Cartel renovado: Pirineos Sur apuesta por la diversidad musical con grandes nombres internacionales El Festival Pirineos Sur confirma su apuesta por la diversidad musical para su trig\u00e9sima segunda edici\u00f3n, que se celebrar\u00e1 del 10 al 27 de julio en el Auditorio de Lanuza, Huesca. En esta ocasi\u00f3n el festival cierra su cartel con nombres destacados: [&hellip;]<\/p>\n","protected":false},"author":6,"featured_media":5203,"comment_status":"closed","ping_status":"closed","sticky":false,"template":"","format":"standard","meta":{"footnotes":""},"categories":[4],"tags":[],"class_list":["post-5201","post","type-post","status-publish","format-standard","has-post-thumbnail","hentry","category-musica"],"yoast_head":"<!-- This site is optimized with the Yoast SEO plugin v27.4 - https:\/\/yoast.com\/product\/yoast-seo-wordpress\/ -->\n<title>Pirineos Sur cierra cartel con Manu Chao, Nathy Peluso y Elena Rose<\/title>\n<meta name=\"description\" content=\"Cartel renovado: Pirineos Sur apuesta por la diversidad musical con grandes nombres internacionales para su cartel\" \/>\n<meta name=\"robots\" content=\"index, follow, max-snippet:-1, max-image-preview:large, max-video-preview:-1\" \/>\n<link rel=\"canonical\" href=\"https:\/\/unaymilletras.com\/en\/pirineos-sur-cierra-cartel-con-manu-chao-nathy-peluso-y-elena-rose\/\" \/>\n<meta property=\"og:locale\" content=\"en_GB\" \/>\n<meta property=\"og:type\" content=\"article\" \/>\n<meta property=\"og:title\" content=\"Pirineos Sur cierra cartel con Manu Chao, Nathy Peluso y Elena Rose\" \/>\n<meta property=\"og:description\" content=\"Cartel renovado: Pirineos Sur apuesta por la diversidad musical con grandes nombres internacionales para su cartel\" \/>\n<meta property=\"og:url\" content=\"https:\/\/unaymilletras.com\/en\/pirineos-sur-cierra-cartel-con-manu-chao-nathy-peluso-y-elena-rose\/\" \/>\n<meta property=\"og:site_name\" content=\"Una y Mil Letras\" \/>\n<meta property=\"article:published_time\" content=\"2025-06-12T14:10:00+00:00\" \/>\n<meta property=\"article:modified_time\" content=\"2025-07-01T13:23:41+00:00\" \/>\n<meta property=\"og:image\" content=\"http:\/\/unaymilletras.com\/wp-content\/uploads\/2025\/07\/PS25_CARTEL_1080X1350_IG-e1751321248146.jpg\" \/>\n\t<meta property=\"og:image:width\" content=\"600\" \/>\n\t<meta property=\"og:image:height\" content=\"750\" \/>\n\t<meta property=\"og:image:type\" content=\"image\/jpeg\" \/>\n<meta name=\"author\" content=\"Redacci\u00f3n\" \/>\n<meta name=\"twitter:card\" content=\"summary_large_image\" \/>\n<meta name=\"twitter:creator\" content=\"@UnaYMilLetras\" \/>\n<meta name=\"twitter:site\" content=\"@UnaYMilLetras\" \/>\n<meta name=\"twitter:label1\" content=\"Written by\" \/>\n\t<meta name=\"twitter:data1\" content=\"Redacci\u00f3n\" \/>\n\t<meta name=\"twitter:label2\" content=\"Estimated reading time\" \/>\n\t<meta name=\"twitter:data2\" content=\"2 minutes\" \/>\n<script type=\"application\/ld+json\" class=\"yoast-schema-graph\">{\"@context\":\"https:\\\/\\\/schema.org\",\"@graph\":[{\"@type\":\"Article\",\"@id\":\"https:\\\/\\\/unaymilletras.com\\\/pirineos-sur-cierra-cartel-con-manu-chao-nathy-peluso-y-elena-rose\\\/#article\",\"isPartOf\":{\"@id\":\"https:\\\/\\\/unaymilletras.com\\\/pirineos-sur-cierra-cartel-con-manu-chao-nathy-peluso-y-elena-rose\\\/\"},\"author\":{\"name\":\"Redacci\u00f3n\",\"@id\":\"http:\\\/\\\/unaymilletras.com\\\/#\\\/schema\\\/person\\\/0860dc8a218329991ee2c7591f4f849d\"},\"headline\":\"Pirineos Sur cierra cartel con Manu Chao, Nathy Peluso y Elena Rose\",\"datePublished\":\"2025-06-12T14:10:00+00:00\",\"dateModified\":\"2025-07-01T13:23:41+00:00\",\"mainEntityOfPage\":{\"@id\":\"https:\\\/\\\/unaymilletras.com\\\/pirineos-sur-cierra-cartel-con-manu-chao-nathy-peluso-y-elena-rose\\\/\"},\"wordCount\":310,\"publisher\":{\"@id\":\"http:\\\/\\\/unaymilletras.com\\\/#organization\"},\"image\":{\"@id\":\"https:\\\/\\\/unaymilletras.com\\\/pirineos-sur-cierra-cartel-con-manu-chao-nathy-peluso-y-elena-rose\\\/#primaryimage\"},\"thumbnailUrl\":\"https:\\\/\\\/unaymilletras.com\\\/wp-content\\\/uploads\\\/2025\\\/07\\\/PS25_CARTEL_1080X1350_IG-e1751321248146.jpg\",\"articleSection\":[\"M\u00fasica\"],\"inLanguage\":\"en-GB\"},{\"@type\":\"WebPage\",\"@id\":\"https:\\\/\\\/unaymilletras.com\\\/pirineos-sur-cierra-cartel-con-manu-chao-nathy-peluso-y-elena-rose\\\/\",\"url\":\"https:\\\/\\\/unaymilletras.com\\\/pirineos-sur-cierra-cartel-con-manu-chao-nathy-peluso-y-elena-rose\\\/\",\"name\":\"Pirineos Sur cierra cartel con Manu Chao, Nathy Peluso y Elena Rose\",\"isPartOf\":{\"@id\":\"http:\\\/\\\/unaymilletras.com\\\/#website\"},\"primaryImageOfPage\":{\"@id\":\"https:\\\/\\\/unaymilletras.com\\\/pirineos-sur-cierra-cartel-con-manu-chao-nathy-peluso-y-elena-rose\\\/#primaryimage\"},\"image\":{\"@id\":\"https:\\\/\\\/unaymilletras.com\\\/pirineos-sur-cierra-cartel-con-manu-chao-nathy-peluso-y-elena-rose\\\/#primaryimage\"},\"thumbnailUrl\":\"https:\\\/\\\/unaymilletras.com\\\/wp-content\\\/uploads\\\/2025\\\/07\\\/PS25_CARTEL_1080X1350_IG-e1751321248146.jpg\",\"datePublished\":\"2025-06-12T14:10:00+00:00\",\"dateModified\":\"2025-07-01T13:23:41+00:00\",\"description\":\"Cartel renovado: Pirineos Sur apuesta por la diversidad musical con grandes nombres internacionales para su cartel\",\"breadcrumb\":{\"@id\":\"https:\\\/\\\/unaymilletras.com\\\/pirineos-sur-cierra-cartel-con-manu-chao-nathy-peluso-y-elena-rose\\\/#breadcrumb\"},\"inLanguage\":\"en-GB\",\"potentialAction\":[{\"@type\":\"ReadAction\",\"target\":[\"https:\\\/\\\/unaymilletras.com\\\/pirineos-sur-cierra-cartel-con-manu-chao-nathy-peluso-y-elena-rose\\\/\"]}]},{\"@type\":\"ImageObject\",\"inLanguage\":\"en-GB\",\"@id\":\"https:\\\/\\\/unaymilletras.com\\\/pirineos-sur-cierra-cartel-con-manu-chao-nathy-peluso-y-elena-rose\\\/#primaryimage\",\"url\":\"https:\\\/\\\/unaymilletras.com\\\/wp-content\\\/uploads\\\/2025\\\/07\\\/PS25_CARTEL_1080X1350_IG-e1751321248146.jpg\",\"contentUrl\":\"https:\\\/\\\/unaymilletras.com\\\/wp-content\\\/uploads\\\/2025\\\/07\\\/PS25_CARTEL_1080X1350_IG-e1751321248146.jpg\",\"width\":600,\"height\":750,\"caption\":\"Pirineos Sur\"},{\"@type\":\"BreadcrumbList\",\"@id\":\"https:\\\/\\\/unaymilletras.com\\\/pirineos-sur-cierra-cartel-con-manu-chao-nathy-peluso-y-elena-rose\\\/#breadcrumb\",\"itemListElement\":[{\"@type\":\"ListItem\",\"position\":1,\"name\":\"Home\",\"item\":\"http:\\\/\\\/unaymilletras.com\\\/\"},{\"@type\":\"ListItem\",\"position\":2,\"name\":\"Pirineos Sur cierra cartel con Manu Chao, Nathy Peluso y Elena Rose\"}]},{\"@type\":\"WebSite\",\"@id\":\"http:\\\/\\\/unaymilletras.com\\\/#website\",\"url\":\"http:\\\/\\\/unaymilletras.com\\\/\",\"name\":\"Una y Mil Letras\",\"description\":\"\",\"publisher\":{\"@id\":\"http:\\\/\\\/unaymilletras.com\\\/#organization\"},\"potentialAction\":[{\"@type\":\"SearchAction\",\"target\":{\"@type\":\"EntryPoint\",\"urlTemplate\":\"http:\\\/\\\/unaymilletras.com\\\/?s={search_term_string}\"},\"query-input\":{\"@type\":\"PropertyValueSpecification\",\"valueRequired\":true,\"valueName\":\"search_term_string\"}}],\"inLanguage\":\"en-GB\"},{\"@type\":\"Organization\",\"@id\":\"http:\\\/\\\/unaymilletras.com\\\/#organization\",\"name\":\"Una y Mil Letras\",\"url\":\"http:\\\/\\\/unaymilletras.com\\\/\",\"logo\":{\"@type\":\"ImageObject\",\"inLanguage\":\"en-GB\",\"@id\":\"http:\\\/\\\/unaymilletras.com\\\/#\\\/schema\\\/logo\\\/image\\\/\",\"url\":\"https:\\\/\\\/unaymilletras.com\\\/wp-content\\\/uploads\\\/2024\\\/06\\\/cropped-Logo-removebg-preview.png\",\"contentUrl\":\"https:\\\/\\\/unaymilletras.com\\\/wp-content\\\/uploads\\\/2024\\\/06\\\/cropped-Logo-removebg-preview.png\",\"width\":512,\"height\":512,\"caption\":\"Una y Mil Letras\"},\"image\":{\"@id\":\"http:\\\/\\\/unaymilletras.com\\\/#\\\/schema\\\/logo\\\/image\\\/\"},\"sameAs\":[\"https:\\\/\\\/x.com\\\/UnaYMilLetras\",\"https:\\\/\\\/instagram.com\\\/UnaYMilLetras\"]},{\"@type\":\"Person\",\"@id\":\"http:\\\/\\\/unaymilletras.com\\\/#\\\/schema\\\/person\\\/0860dc8a218329991ee2c7591f4f849d\",\"name\":\"Redacci\u00f3n\",\"image\":{\"@type\":\"ImageObject\",\"inLanguage\":\"en-GB\",\"@id\":\"https:\\\/\\\/secure.gravatar.com\\\/avatar\\\/d8f55e05a8b6597e45c55a1dcbdbfe44f4a360d88b48e00de5216a79b7732796?s=96&d=mm&r=g\",\"url\":\"https:\\\/\\\/secure.gravatar.com\\\/avatar\\\/d8f55e05a8b6597e45c55a1dcbdbfe44f4a360d88b48e00de5216a79b7732796?s=96&d=mm&r=g\",\"contentUrl\":\"https:\\\/\\\/secure.gravatar.com\\\/avatar\\\/d8f55e05a8b6597e45c55a1dcbdbfe44f4a360d88b48e00de5216a79b7732796?s=96&d=mm&r=g\",\"caption\":\"Redacci\u00f3n\"},\"url\":\"https:\\\/\\\/unaymilletras.com\\\/en\\\/author\\\/redaccion\\\/\"}]}<\/script>\n<!-- \/ Yoast SEO plugin. -->","yoast_head_json":{"title":"Pirineos Sur cierra cartel con Manu Chao, Nathy Peluso y Elena Rose","description":"Cartel renovado: Pirineos Sur apuesta por la diversidad musical con grandes nombres internacionales para su cartel","robots":{"index":"index","follow":"follow","max-snippet":"max-snippet:-1","max-image-preview":"max-image-preview:large","max-video-preview":"max-video-preview:-1"},"canonical":"https:\/\/unaymilletras.com\/en\/pirineos-sur-cierra-cartel-con-manu-chao-nathy-peluso-y-elena-rose\/","og_locale":"en_GB","og_type":"article","og_title":"Pirineos Sur cierra cartel con Manu Chao, Nathy Peluso y Elena Rose","og_description":"Cartel renovado: Pirineos Sur apuesta por la diversidad musical con grandes nombres internacionales para su cartel","og_url":"https:\/\/unaymilletras.com\/en\/pirineos-sur-cierra-cartel-con-manu-chao-nathy-peluso-y-elena-rose\/","og_site_name":"Una y Mil Letras","article_published_time":"2025-06-12T14:10:00+00:00","article_modified_time":"2025-07-01T13:23:41+00:00","og_image":[{"width":600,"height":750,"url":"http:\/\/unaymilletras.com\/wp-content\/uploads\/2025\/07\/PS25_CARTEL_1080X1350_IG-e1751321248146.jpg","type":"image\/jpeg"}],"author":"Redacci\u00f3n","twitter_card":"summary_large_image","twitter_creator":"@UnaYMilLetras","twitter_site":"@UnaYMilLetras","twitter_misc":{"Written by":"Redacci\u00f3n","Estimated reading time":"2 minutes"},"schema":{"@context":"https:\/\/schema.org","@graph":[{"@type":"Article","@id":"https:\/\/unaymilletras.com\/pirineos-sur-cierra-cartel-con-manu-chao-nathy-peluso-y-elena-rose\/#article","isPartOf":{"@id":"https:\/\/unaymilletras.com\/pirineos-sur-cierra-cartel-con-manu-chao-nathy-peluso-y-elena-rose\/"},"author":{"name":"Redacci\u00f3n","@id":"http:\/\/unaymilletras.com\/#\/schema\/person\/0860dc8a218329991ee2c7591f4f849d"},"headline":"Pirineos Sur cierra cartel con Manu Chao, Nathy Peluso y Elena Rose","datePublished":"2025-06-12T14:10:00+00:00","dateModified":"2025-07-01T13:23:41+00:00","mainEntityOfPage":{"@id":"https:\/\/unaymilletras.com\/pirineos-sur-cierra-cartel-con-manu-chao-nathy-peluso-y-elena-rose\/"},"wordCount":310,"publisher":{"@id":"http:\/\/unaymilletras.com\/#organization"},"image":{"@id":"https:\/\/unaymilletras.com\/pirineos-sur-cierra-cartel-con-manu-chao-nathy-peluso-y-elena-rose\/#primaryimage"},"thumbnailUrl":"https:\/\/unaymilletras.com\/wp-content\/uploads\/2025\/07\/PS25_CARTEL_1080X1350_IG-e1751321248146.jpg","articleSection":["M\u00fasica"],"inLanguage":"en-GB"},{"@type":"WebPage","@id":"https:\/\/unaymilletras.com\/pirineos-sur-cierra-cartel-con-manu-chao-nathy-peluso-y-elena-rose\/","url":"https:\/\/unaymilletras.com\/pirineos-sur-cierra-cartel-con-manu-chao-nathy-peluso-y-elena-rose\/","name":"Pirineos Sur cierra cartel con Manu Chao, Nathy Peluso y Elena Rose","isPartOf":{"@id":"http:\/\/unaymilletras.com\/#website"},"primaryImageOfPage":{"@id":"https:\/\/unaymilletras.com\/pirineos-sur-cierra-cartel-con-manu-chao-nathy-peluso-y-elena-rose\/#primaryimage"},"image":{"@id":"https:\/\/unaymilletras.com\/pirineos-sur-cierra-cartel-con-manu-chao-nathy-peluso-y-elena-rose\/#primaryimage"},"thumbnailUrl":"https:\/\/unaymilletras.com\/wp-content\/uploads\/2025\/07\/PS25_CARTEL_1080X1350_IG-e1751321248146.jpg","datePublished":"2025-06-12T14:10:00+00:00","dateModified":"2025-07-01T13:23:41+00:00","description":"Cartel renovado: Pirineos Sur apuesta por la diversidad musical con grandes nombres internacionales para su cartel","breadcrumb":{"@id":"https:\/\/unaymilletras.com\/pirineos-sur-cierra-cartel-con-manu-chao-nathy-peluso-y-elena-rose\/#breadcrumb"},"inLanguage":"en-GB","potentialAction":[{"@type":"ReadAction","target":["https:\/\/unaymilletras.com\/pirineos-sur-cierra-cartel-con-manu-chao-nathy-peluso-y-elena-rose\/"]}]},{"@type":"ImageObject","inLanguage":"en-GB","@id":"https:\/\/unaymilletras.com\/pirineos-sur-cierra-cartel-con-manu-chao-nathy-peluso-y-elena-rose\/#primaryimage","url":"https:\/\/unaymilletras.com\/wp-content\/uploads\/2025\/07\/PS25_CARTEL_1080X1350_IG-e1751321248146.jpg","contentUrl":"https:\/\/unaymilletras.com\/wp-content\/uploads\/2025\/07\/PS25_CARTEL_1080X1350_IG-e1751321248146.jpg","width":600,"height":750,"caption":"Pirineos Sur"},{"@type":"BreadcrumbList","@id":"https:\/\/unaymilletras.com\/pirineos-sur-cierra-cartel-con-manu-chao-nathy-peluso-y-elena-rose\/#breadcrumb","itemListElement":[{"@type":"ListItem","position":1,"name":"Home","item":"http:\/\/unaymilletras.com\/"},{"@type":"ListItem","position":2,"name":"Pirineos Sur cierra cartel con Manu Chao, Nathy Peluso y Elena Rose"}]},{"@type":"WebSite","@id":"http:\/\/unaymilletras.com\/#website","url":"http:\/\/unaymilletras.com\/","name":"Una y Mil Letras","description":"","publisher":{"@id":"http:\/\/unaymilletras.com\/#organization"},"potentialAction":[{"@type":"SearchAction","target":{"@type":"EntryPoint","urlTemplate":"http:\/\/unaymilletras.com\/?s={search_term_string}"},"query-input":{"@type":"PropertyValueSpecification","valueRequired":true,"valueName":"search_term_string"}}],"inLanguage":"en-GB"},{"@type":"Organization","@id":"http:\/\/unaymilletras.com\/#organization","name":"Una y Mil Letras","url":"http:\/\/unaymilletras.com\/","logo":{"@type":"ImageObject","inLanguage":"en-GB","@id":"http:\/\/unaymilletras.com\/#\/schema\/logo\/image\/","url":"https:\/\/unaymilletras.com\/wp-content\/uploads\/2024\/06\/cropped-Logo-removebg-preview.png","contentUrl":"https:\/\/unaymilletras.com\/wp-content\/uploads\/2024\/06\/cropped-Logo-removebg-preview.png","width":512,"height":512,"caption":"Una y Mil Letras"},"image":{"@id":"http:\/\/unaymilletras.com\/#\/schema\/logo\/image\/"},"sameAs":["https:\/\/x.com\/UnaYMilLetras","https:\/\/instagram.com\/UnaYMilLetras"]},{"@type":"Person","@id":"http:\/\/unaymilletras.com\/#\/schema\/person\/0860dc8a218329991ee2c7591f4f849d","name":"Redacci\u00f3n","image":{"@type":"ImageObject","inLanguage":"en-GB","@id":"https:\/\/secure.gravatar.com\/avatar\/d8f55e05a8b6597e45c55a1dcbdbfe44f4a360d88b48e00de5216a79b7732796?s=96&d=mm&r=g","url":"https:\/\/secure.gravatar.com\/avatar\/d8f55e05a8b6597e45c55a1dcbdbfe44f4a360d88b48e00de5216a79b7732796?s=96&d=mm&r=g","contentUrl":"https:\/\/secure.gravatar.com\/avatar\/d8f55e05a8b6597e45c55a1dcbdbfe44f4a360d88b48e00de5216a79b7732796?s=96&d=mm&r=g","caption":"Redacci\u00f3n"},"url":"https:\/\/unaymilletras.com\/en\/author\/redaccion\/"}]}},"_links":{"self":[{"href":"https:\/\/unaymilletras.com\/en\/wp-json\/wp\/v2\/posts\/5201","targetHints":{"allow":["GET"]}}],"collection":[{"href":"https:\/\/unaymilletras.com\/en\/wp-json\/wp\/v2\/posts"}],"about":[{"href":"https:\/\/unaymilletras.com\/en\/wp-json\/wp\/v2\/types\/post"}],"author":[{"embeddable":true,"href":"https:\/\/unaymilletras.com\/en\/wp-json\/wp\/v2\/users\/6"}],"replies":[{"embeddable":true,"href":"https:\/\/unaymilletras.com\/en\/wp-json\/wp\/v2\/comments?post=5201"}],"version-history":[{"count":4,"href":"https:\/\/unaymilletras.com\/en\/wp-json\/wp\/v2\/posts\/5201\/revisions"}],"predecessor-version":[{"id":5206,"href":"https:\/\/unaymilletras.com\/en\/wp-json\/wp\/v2\/posts\/5201\/revisions\/5206"}],"wp:featuredmedia":[{"embeddable":true,"href":"https:\/\/unaymilletras.com\/en\/wp-json\/wp\/v2\/media\/5203"}],"wp:attachment":[{"href":"https:\/\/unaymilletras.com\/en\/wp-json\/wp\/v2\/media?parent=5201"}],"wp:term":[{"taxonomy":"category","embeddable":true,"href":"https:\/\/unaymilletras.com\/en\/wp-json\/wp\/v2\/categories?post=5201"},{"taxonomy":"post_tag","embeddable":true,"href":"https:\/\/unaymilletras.com\/en\/wp-json\/wp\/v2\/tags?post=5201"}],"curies":[{"name":"wp","href":"https:\/\/api.w.org\/{rel}","templated":true}]}}