{"id":5207,"date":"2025-06-14T13:32:50","date_gmt":"2025-06-14T11:32:50","guid":{"rendered":"https:\/\/unaymilletras.com\/?p=5207"},"modified":"2025-08-09T12:01:30","modified_gmt":"2025-08-09T10:01:30","slug":"sebastian-yatra-se-suma-al-murcia-on-festival-2025","status":"publish","type":"post","link":"https:\/\/unaymilletras.com\/en\/sebastian-yatra-se-suma-al-murcia-on-festival-2025\/","title":{"rendered":"Sebasti\u00e1n Yatra se suma al Murcia On Festival 2025"},"content":{"rendered":"<div data-elementor-type=\"wp-post\" data-elementor-id=\"5207\" class=\"elementor elementor-5207\">\n\t\t\t\t\t\t<section class=\"elementor-section elementor-top-section elementor-element elementor-element-fef5ce3 elementor-section-boxed elementor-section-height-default elementor-section-height-default\" data-id=\"fef5ce3\" data-element_type=\"section\" data-e-type=\"section\">\n\t\t\t\t\t\t<div class=\"elementor-container elementor-column-gap-default\">\n\t\t\t\t\t<div class=\"elementor-column elementor-col-100 elementor-top-column elementor-element elementor-element-034d736\" data-id=\"034d736\" data-element_type=\"column\" data-e-type=\"column\">\n\t\t\t<div class=\"elementor-widget-wrap elementor-element-populated\">\n\t\t\t\t\t\t<div class=\"elementor-element elementor-element-8c9fd09 elementor-widget elementor-widget-text-editor\" data-id=\"8c9fd09\" data-element_type=\"widget\" data-e-type=\"widget\" data-widget_type=\"text-editor.default\">\n\t\t\t\t<div class=\"elementor-widget-container\">\n\t\t\t\t\t\t\t\t\t<h2 style=\"text-align: center;\" data-start=\"0\" data-end=\"202\"><span style=\"color: #808080;\"><em>Murcia On Festival incorpora a Sebasti\u00e1n Yatra, que presentar\u00e1 su disco \u2018Milagro\u2019 en el Cuartel de Artiller\u00eda<\/em><\/span><\/h2>\t\t\t\t\t\t\t\t<\/div>\n\t\t\t\t<\/div>\n\t\t\t\t\t<\/div>\n\t\t<\/div>\n\t\t\t\t\t<\/div>\n\t\t<\/section>\n\t\t\t\t<section class=\"elementor-section elementor-top-section elementor-element elementor-element-e034fe6 elementor-section-boxed elementor-section-height-default elementor-section-height-default\" data-id=\"e034fe6\" data-element_type=\"section\" data-e-type=\"section\">\n\t\t\t\t\t\t<div class=\"elementor-container elementor-column-gap-default\">\n\t\t\t\t\t<div class=\"elementor-column elementor-col-100 elementor-top-column elementor-element elementor-element-451f5a7\" data-id=\"451f5a7\" data-element_type=\"column\" data-e-type=\"column\">\n\t\t\t<div class=\"elementor-widget-wrap elementor-element-populated\">\n\t\t\t\t\t\t<div class=\"elementor-element elementor-element-6bc7f77 elementor-widget elementor-widget-text-editor\" data-id=\"6bc7f77\" data-element_type=\"widget\" data-e-type=\"widget\" data-widget_type=\"text-editor.default\">\n\t\t\t\t<div class=\"elementor-widget-container\">\n\t\t\t\t\t\t\t\t\t<p data-start=\"204\" data-end=\"450\">El artista colombiano <strong>Sebasti\u00e1n Yatra<\/strong> actuar\u00e1 en <strong>Murcia<\/strong> el <strong>25 de julio<\/strong> dentro del ciclo de conciertos<strong> Murcia On Festival 2025<\/strong>. El evento tendr\u00e1 lugar en el Cuartel de Artiller\u00eda, uno de los recintos m\u00e1s destacados del verano musical de la ciudad.<\/p><p data-start=\"452\" data-end=\"709\">Sebasti\u00e1n Yatra presentar\u00e1 en directo su nuevo \u00e1lbum &#8216;Milagro&#8217;, una obra \u00edntima y emocional que explora la conexi\u00f3n con lo cotidiano. El concierto promete un viaje musical por sus grandes \u00e9xitos y las nuevas canciones que han marcado su evoluci\u00f3n art\u00edstica.<\/p><p data-start=\"711\" data-end=\"922\">Las <span style=\"color: #808080;\"><a style=\"color: #808080;\" href=\"https:\/\/iboleleproducciones.janto.es\/es\/concierto\/murcia-on-presenta-sebastian-yatra\/SebYatra\">entradas<\/a><\/span> est\u00e1n ya disponibles en Bacantix y El Corte Ingl\u00e9s, con precios desde los 35 euros. Tambi\u00e9n habr\u00e1 entradas VIP a trav\u00e9s de Emotional Events. La organizaci\u00f3n ha confirmado que el aforo ser\u00e1 limitado.<\/p>\t\t\t\t\t\t\t\t<\/div>\n\t\t\t\t<\/div>\n\t\t\t\t\t<\/div>\n\t\t<\/div>\n\t\t\t\t\t<\/div>\n\t\t<\/section>\n\t\t\t\t<section class=\"elementor-section elementor-top-section elementor-element elementor-element-288368f elementor-section-boxed elementor-section-height-default elementor-section-height-default\" data-id=\"288368f\" data-element_type=\"section\" data-e-type=\"section\">\n\t\t\t\t\t\t<div class=\"elementor-container elementor-column-gap-default\">\n\t\t\t\t\t<div class=\"elementor-column elementor-col-100 elementor-top-column elementor-element elementor-element-b57b8be\" data-id=\"b57b8be\" data-element_type=\"column\" data-e-type=\"column\">\n\t\t\t<div class=\"elementor-widget-wrap elementor-element-populated\">\n\t\t\t\t\t\t<div class=\"elementor-element elementor-element-2cee9c5 elementor-widget elementor-widget-image\" data-id=\"2cee9c5\" data-element_type=\"widget\" data-e-type=\"widget\" data-widget_type=\"image.default\">\n\t\t\t\t<div class=\"elementor-widget-container\">\n\t\t\t\t\t\t\t\t\t\t\t\t\t\t\t<img fetchpriority=\"high\" decoding=\"async\" width=\"600\" height=\"600\" src=\"https:\/\/unaymilletras.com\/wp-content\/uploads\/2025\/07\/Sebastian-Yatra-1080-x-1080-1024-e1751369270942.jpg\" class=\"attachment-large size-large wp-image-5209\" alt=\"Sebastian Yatra\" \/>\t\t\t\t\t\t\t\t\t\t\t\t\t\t\t<\/div>\n\t\t\t\t<\/div>\n\t\t\t\t\t<\/div>\n\t\t<\/div>\n\t\t\t\t\t<\/div>\n\t\t<\/section>\n\t\t\t\t<section class=\"elementor-section elementor-top-section elementor-element elementor-element-96fb70f elementor-section-boxed elementor-section-height-default elementor-section-height-default\" data-id=\"96fb70f\" data-element_type=\"section\" data-e-type=\"section\">\n\t\t\t\t\t\t<div class=\"elementor-container elementor-column-gap-default\">\n\t\t\t\t\t<div class=\"elementor-column elementor-col-100 elementor-top-column elementor-element elementor-element-10d90fb\" data-id=\"10d90fb\" data-element_type=\"column\" data-e-type=\"column\">\n\t\t\t<div class=\"elementor-widget-wrap elementor-element-populated\">\n\t\t\t\t\t\t<div class=\"elementor-element elementor-element-4aba914 elementor-widget elementor-widget-text-editor\" data-id=\"4aba914\" data-element_type=\"widget\" data-e-type=\"widget\" data-widget_type=\"text-editor.default\">\n\t\t\t\t<div class=\"elementor-widget-container\">\n\t\t\t\t\t\t\t\t\t<p data-start=\"924\" data-end=\"1137\">Murcia On Festival sigue reforzando su cartel con grandes nombres de la escena internacional. La incorporaci\u00f3n de Yatra confirma el compromiso del ciclo con la calidad art\u00edstica y la conexi\u00f3n con el p\u00fablico joven.<\/p><p data-start=\"1139\" data-end=\"1319\">Adem\u00e1s del espect\u00e1culo musical, se espera una producci\u00f3n cuidada, con visuales que acompa\u00f1an la sensibilidad de \u2018Milagro\u2019, disco que ha recibido gran acogida cr\u00edtica y del p\u00fablico.<\/p><p data-start=\"1321\" data-end=\"1530\" data-is-last-node=\"\" data-is-only-node=\"\">Sebasti\u00e1n Yatra ha cosechado \u00e9xitos globales como <em>Tacones Rojos<\/em>, <em>Pareja del A\u00f1o<\/em> o <em>Dos Oruguitas<\/em>, nominada al \u00d3scar. Su presencia en Murcia ser\u00e1 una de las paradas clave de su gira por Espa\u00f1a este verano.<\/p>\t\t\t\t\t\t\t\t<\/div>\n\t\t\t\t<\/div>\n\t\t\t\t\t<\/div>\n\t\t<\/div>\n\t\t\t\t\t<\/div>\n\t\t<\/section>\n\t\t\t\t<\/div>","protected":false},"excerpt":{"rendered":"<p>Murcia On Festival incorpora a Sebasti\u00e1n Yatra, que presentar\u00e1 su disco \u2018Milagro\u2019 en el Cuartel de Artiller\u00eda El artista colombiano Sebasti\u00e1n Yatra actuar\u00e1 en Murcia el 25 de julio dentro del ciclo de conciertos Murcia On Festival 2025. El evento tendr\u00e1 lugar en el Cuartel de Artiller\u00eda, uno de los recintos m\u00e1s destacados del verano [&hellip;]<\/p>\n","protected":false},"author":6,"featured_media":5209,"comment_status":"closed","ping_status":"closed","sticky":false,"template":"","format":"standard","meta":{"footnotes":""},"categories":[4],"tags":[],"class_list":["post-5207","post","type-post","status-publish","format-standard","has-post-thumbnail","hentry","category-musica"],"yoast_head":"<!-- This site is optimized with the Yoast SEO plugin v27.4 - https:\/\/yoast.com\/product\/yoast-seo-wordpress\/ -->\n<title>Sebasti\u00e1n Yatra se suma al Murcia On Festival 2025<\/title>\n<meta name=\"description\" content=\"Murcia On Festival incorpora a Sebasti\u00e1n Yatra, que presentar\u00e1 su disco \u2018Milagro\u2019 en el Cuartel de Artiller\u00eda\" \/>\n<meta name=\"robots\" content=\"index, follow, max-snippet:-1, max-image-preview:large, max-video-preview:-1\" \/>\n<link rel=\"canonical\" href=\"https:\/\/unaymilletras.com\/en\/sebastian-yatra-se-suma-al-murcia-on-festival-2025\/\" \/>\n<meta property=\"og:locale\" content=\"en_GB\" \/>\n<meta property=\"og:type\" content=\"article\" \/>\n<meta property=\"og:title\" content=\"Sebasti\u00e1n Yatra se suma al Murcia On Festival 2025\" \/>\n<meta property=\"og:description\" content=\"Murcia On Festival incorpora a Sebasti\u00e1n Yatra, que presentar\u00e1 su disco \u2018Milagro\u2019 en el Cuartel de Artiller\u00eda\" \/>\n<meta property=\"og:url\" content=\"https:\/\/unaymilletras.com\/en\/sebastian-yatra-se-suma-al-murcia-on-festival-2025\/\" \/>\n<meta property=\"og:site_name\" content=\"Una y Mil Letras\" \/>\n<meta property=\"article:published_time\" content=\"2025-06-14T11:32:50+00:00\" \/>\n<meta property=\"article:modified_time\" content=\"2025-08-09T10:01:30+00:00\" \/>\n<meta property=\"og:image\" content=\"http:\/\/unaymilletras.com\/wp-content\/uploads\/2025\/07\/Sebastian-Yatra-1080-x-1080-1024-e1751369270942.jpg\" \/>\n\t<meta property=\"og:image:width\" content=\"600\" \/>\n\t<meta property=\"og:image:height\" content=\"600\" \/>\n\t<meta property=\"og:image:type\" content=\"image\/jpeg\" \/>\n<meta name=\"author\" content=\"Redacci\u00f3n\" \/>\n<meta name=\"twitter:card\" content=\"summary_large_image\" \/>\n<meta name=\"twitter:creator\" content=\"@UnaYMilLetras\" \/>\n<meta name=\"twitter:site\" content=\"@UnaYMilLetras\" \/>\n<meta name=\"twitter:label1\" content=\"Written by\" \/>\n\t<meta name=\"twitter:data1\" content=\"Redacci\u00f3n\" \/>\n\t<meta name=\"twitter:label2\" content=\"Estimated reading time\" \/>\n\t<meta name=\"twitter:data2\" content=\"2 minutes\" \/>\n<script type=\"application\/ld+json\" class=\"yoast-schema-graph\">{\"@context\":\"https:\\\/\\\/schema.org\",\"@graph\":[{\"@type\":\"Article\",\"@id\":\"https:\\\/\\\/unaymilletras.com\\\/sebastian-yatra-se-suma-al-murcia-on-festival-2025\\\/#article\",\"isPartOf\":{\"@id\":\"https:\\\/\\\/unaymilletras.com\\\/sebastian-yatra-se-suma-al-murcia-on-festival-2025\\\/\"},\"author\":{\"name\":\"Redacci\u00f3n\",\"@id\":\"http:\\\/\\\/unaymilletras.com\\\/#\\\/schema\\\/person\\\/0860dc8a218329991ee2c7591f4f849d\"},\"headline\":\"Sebasti\u00e1n Yatra se suma al Murcia On Festival 2025\",\"datePublished\":\"2025-06-14T11:32:50+00:00\",\"dateModified\":\"2025-08-09T10:01:30+00:00\",\"mainEntityOfPage\":{\"@id\":\"https:\\\/\\\/unaymilletras.com\\\/sebastian-yatra-se-suma-al-murcia-on-festival-2025\\\/\"},\"wordCount\":264,\"publisher\":{\"@id\":\"http:\\\/\\\/unaymilletras.com\\\/#organization\"},\"image\":{\"@id\":\"https:\\\/\\\/unaymilletras.com\\\/sebastian-yatra-se-suma-al-murcia-on-festival-2025\\\/#primaryimage\"},\"thumbnailUrl\":\"https:\\\/\\\/unaymilletras.com\\\/wp-content\\\/uploads\\\/2025\\\/07\\\/Sebastian-Yatra-1080-x-1080-1024-e1751369270942.jpg\",\"articleSection\":[\"M\u00fasica\"],\"inLanguage\":\"en-GB\"},{\"@type\":\"WebPage\",\"@id\":\"https:\\\/\\\/unaymilletras.com\\\/sebastian-yatra-se-suma-al-murcia-on-festival-2025\\\/\",\"url\":\"https:\\\/\\\/unaymilletras.com\\\/sebastian-yatra-se-suma-al-murcia-on-festival-2025\\\/\",\"name\":\"Sebasti\u00e1n Yatra se suma al Murcia On Festival 2025\",\"isPartOf\":{\"@id\":\"http:\\\/\\\/unaymilletras.com\\\/#website\"},\"primaryImageOfPage\":{\"@id\":\"https:\\\/\\\/unaymilletras.com\\\/sebastian-yatra-se-suma-al-murcia-on-festival-2025\\\/#primaryimage\"},\"image\":{\"@id\":\"https:\\\/\\\/unaymilletras.com\\\/sebastian-yatra-se-suma-al-murcia-on-festival-2025\\\/#primaryimage\"},\"thumbnailUrl\":\"https:\\\/\\\/unaymilletras.com\\\/wp-content\\\/uploads\\\/2025\\\/07\\\/Sebastian-Yatra-1080-x-1080-1024-e1751369270942.jpg\",\"datePublished\":\"2025-06-14T11:32:50+00:00\",\"dateModified\":\"2025-08-09T10:01:30+00:00\",\"description\":\"Murcia On Festival incorpora a Sebasti\u00e1n Yatra, que presentar\u00e1 su disco \u2018Milagro\u2019 en el Cuartel de Artiller\u00eda\",\"breadcrumb\":{\"@id\":\"https:\\\/\\\/unaymilletras.com\\\/sebastian-yatra-se-suma-al-murcia-on-festival-2025\\\/#breadcrumb\"},\"inLanguage\":\"en-GB\",\"potentialAction\":[{\"@type\":\"ReadAction\",\"target\":[\"https:\\\/\\\/unaymilletras.com\\\/sebastian-yatra-se-suma-al-murcia-on-festival-2025\\\/\"]}]},{\"@type\":\"ImageObject\",\"inLanguage\":\"en-GB\",\"@id\":\"https:\\\/\\\/unaymilletras.com\\\/sebastian-yatra-se-suma-al-murcia-on-festival-2025\\\/#primaryimage\",\"url\":\"https:\\\/\\\/unaymilletras.com\\\/wp-content\\\/uploads\\\/2025\\\/07\\\/Sebastian-Yatra-1080-x-1080-1024-e1751369270942.jpg\",\"contentUrl\":\"https:\\\/\\\/unaymilletras.com\\\/wp-content\\\/uploads\\\/2025\\\/07\\\/Sebastian-Yatra-1080-x-1080-1024-e1751369270942.jpg\",\"width\":600,\"height\":600,\"caption\":\"Sebastian Yatra\"},{\"@type\":\"BreadcrumbList\",\"@id\":\"https:\\\/\\\/unaymilletras.com\\\/sebastian-yatra-se-suma-al-murcia-on-festival-2025\\\/#breadcrumb\",\"itemListElement\":[{\"@type\":\"ListItem\",\"position\":1,\"name\":\"Home\",\"item\":\"http:\\\/\\\/unaymilletras.com\\\/\"},{\"@type\":\"ListItem\",\"position\":2,\"name\":\"Sebasti\u00e1n Yatra se suma al Murcia On Festival 2025\"}]},{\"@type\":\"WebSite\",\"@id\":\"http:\\\/\\\/unaymilletras.com\\\/#website\",\"url\":\"http:\\\/\\\/unaymilletras.com\\\/\",\"name\":\"Una y Mil Letras\",\"description\":\"\",\"publisher\":{\"@id\":\"http:\\\/\\\/unaymilletras.com\\\/#organization\"},\"potentialAction\":[{\"@type\":\"SearchAction\",\"target\":{\"@type\":\"EntryPoint\",\"urlTemplate\":\"http:\\\/\\\/unaymilletras.com\\\/?s={search_term_string}\"},\"query-input\":{\"@type\":\"PropertyValueSpecification\",\"valueRequired\":true,\"valueName\":\"search_term_string\"}}],\"inLanguage\":\"en-GB\"},{\"@type\":\"Organization\",\"@id\":\"http:\\\/\\\/unaymilletras.com\\\/#organization\",\"name\":\"Una y Mil Letras\",\"url\":\"http:\\\/\\\/unaymilletras.com\\\/\",\"logo\":{\"@type\":\"ImageObject\",\"inLanguage\":\"en-GB\",\"@id\":\"http:\\\/\\\/unaymilletras.com\\\/#\\\/schema\\\/logo\\\/image\\\/\",\"url\":\"https:\\\/\\\/unaymilletras.com\\\/wp-content\\\/uploads\\\/2024\\\/06\\\/cropped-Logo-removebg-preview.png\",\"contentUrl\":\"https:\\\/\\\/unaymilletras.com\\\/wp-content\\\/uploads\\\/2024\\\/06\\\/cropped-Logo-removebg-preview.png\",\"width\":512,\"height\":512,\"caption\":\"Una y Mil Letras\"},\"image\":{\"@id\":\"http:\\\/\\\/unaymilletras.com\\\/#\\\/schema\\\/logo\\\/image\\\/\"},\"sameAs\":[\"https:\\\/\\\/x.com\\\/UnaYMilLetras\",\"https:\\\/\\\/instagram.com\\\/UnaYMilLetras\"]},{\"@type\":\"Person\",\"@id\":\"http:\\\/\\\/unaymilletras.com\\\/#\\\/schema\\\/person\\\/0860dc8a218329991ee2c7591f4f849d\",\"name\":\"Redacci\u00f3n\",\"image\":{\"@type\":\"ImageObject\",\"inLanguage\":\"en-GB\",\"@id\":\"https:\\\/\\\/secure.gravatar.com\\\/avatar\\\/d8f55e05a8b6597e45c55a1dcbdbfe44f4a360d88b48e00de5216a79b7732796?s=96&d=mm&r=g\",\"url\":\"https:\\\/\\\/secure.gravatar.com\\\/avatar\\\/d8f55e05a8b6597e45c55a1dcbdbfe44f4a360d88b48e00de5216a79b7732796?s=96&d=mm&r=g\",\"contentUrl\":\"https:\\\/\\\/secure.gravatar.com\\\/avatar\\\/d8f55e05a8b6597e45c55a1dcbdbfe44f4a360d88b48e00de5216a79b7732796?s=96&d=mm&r=g\",\"caption\":\"Redacci\u00f3n\"},\"url\":\"https:\\\/\\\/unaymilletras.com\\\/en\\\/author\\\/redaccion\\\/\"}]}<\/script>\n<!-- \/ Yoast SEO plugin. -->","yoast_head_json":{"title":"Sebasti\u00e1n Yatra se suma al Murcia On Festival 2025","description":"Murcia On Festival incorpora a Sebasti\u00e1n Yatra, que presentar\u00e1 su disco \u2018Milagro\u2019 en el Cuartel de Artiller\u00eda","robots":{"index":"index","follow":"follow","max-snippet":"max-snippet:-1","max-image-preview":"max-image-preview:large","max-video-preview":"max-video-preview:-1"},"canonical":"https:\/\/unaymilletras.com\/en\/sebastian-yatra-se-suma-al-murcia-on-festival-2025\/","og_locale":"en_GB","og_type":"article","og_title":"Sebasti\u00e1n Yatra se suma al Murcia On Festival 2025","og_description":"Murcia On Festival incorpora a Sebasti\u00e1n Yatra, que presentar\u00e1 su disco \u2018Milagro\u2019 en el Cuartel de Artiller\u00eda","og_url":"https:\/\/unaymilletras.com\/en\/sebastian-yatra-se-suma-al-murcia-on-festival-2025\/","og_site_name":"Una y Mil Letras","article_published_time":"2025-06-14T11:32:50+00:00","article_modified_time":"2025-08-09T10:01:30+00:00","og_image":[{"width":600,"height":600,"url":"http:\/\/unaymilletras.com\/wp-content\/uploads\/2025\/07\/Sebastian-Yatra-1080-x-1080-1024-e1751369270942.jpg","type":"image\/jpeg"}],"author":"Redacci\u00f3n","twitter_card":"summary_large_image","twitter_creator":"@UnaYMilLetras","twitter_site":"@UnaYMilLetras","twitter_misc":{"Written by":"Redacci\u00f3n","Estimated reading time":"2 minutes"},"schema":{"@context":"https:\/\/schema.org","@graph":[{"@type":"Article","@id":"https:\/\/unaymilletras.com\/sebastian-yatra-se-suma-al-murcia-on-festival-2025\/#article","isPartOf":{"@id":"https:\/\/unaymilletras.com\/sebastian-yatra-se-suma-al-murcia-on-festival-2025\/"},"author":{"name":"Redacci\u00f3n","@id":"http:\/\/unaymilletras.com\/#\/schema\/person\/0860dc8a218329991ee2c7591f4f849d"},"headline":"Sebasti\u00e1n Yatra se suma al Murcia On Festival 2025","datePublished":"2025-06-14T11:32:50+00:00","dateModified":"2025-08-09T10:01:30+00:00","mainEntityOfPage":{"@id":"https:\/\/unaymilletras.com\/sebastian-yatra-se-suma-al-murcia-on-festival-2025\/"},"wordCount":264,"publisher":{"@id":"http:\/\/unaymilletras.com\/#organization"},"image":{"@id":"https:\/\/unaymilletras.com\/sebastian-yatra-se-suma-al-murcia-on-festival-2025\/#primaryimage"},"thumbnailUrl":"https:\/\/unaymilletras.com\/wp-content\/uploads\/2025\/07\/Sebastian-Yatra-1080-x-1080-1024-e1751369270942.jpg","articleSection":["M\u00fasica"],"inLanguage":"en-GB"},{"@type":"WebPage","@id":"https:\/\/unaymilletras.com\/sebastian-yatra-se-suma-al-murcia-on-festival-2025\/","url":"https:\/\/unaymilletras.com\/sebastian-yatra-se-suma-al-murcia-on-festival-2025\/","name":"Sebasti\u00e1n Yatra se suma al Murcia On Festival 2025","isPartOf":{"@id":"http:\/\/unaymilletras.com\/#website"},"primaryImageOfPage":{"@id":"https:\/\/unaymilletras.com\/sebastian-yatra-se-suma-al-murcia-on-festival-2025\/#primaryimage"},"image":{"@id":"https:\/\/unaymilletras.com\/sebastian-yatra-se-suma-al-murcia-on-festival-2025\/#primaryimage"},"thumbnailUrl":"https:\/\/unaymilletras.com\/wp-content\/uploads\/2025\/07\/Sebastian-Yatra-1080-x-1080-1024-e1751369270942.jpg","datePublished":"2025-06-14T11:32:50+00:00","dateModified":"2025-08-09T10:01:30+00:00","description":"Murcia On Festival incorpora a Sebasti\u00e1n Yatra, que presentar\u00e1 su disco \u2018Milagro\u2019 en el Cuartel de Artiller\u00eda","breadcrumb":{"@id":"https:\/\/unaymilletras.com\/sebastian-yatra-se-suma-al-murcia-on-festival-2025\/#breadcrumb"},"inLanguage":"en-GB","potentialAction":[{"@type":"ReadAction","target":["https:\/\/unaymilletras.com\/sebastian-yatra-se-suma-al-murcia-on-festival-2025\/"]}]},{"@type":"ImageObject","inLanguage":"en-GB","@id":"https:\/\/unaymilletras.com\/sebastian-yatra-se-suma-al-murcia-on-festival-2025\/#primaryimage","url":"https:\/\/unaymilletras.com\/wp-content\/uploads\/2025\/07\/Sebastian-Yatra-1080-x-1080-1024-e1751369270942.jpg","contentUrl":"https:\/\/unaymilletras.com\/wp-content\/uploads\/2025\/07\/Sebastian-Yatra-1080-x-1080-1024-e1751369270942.jpg","width":600,"height":600,"caption":"Sebastian Yatra"},{"@type":"BreadcrumbList","@id":"https:\/\/unaymilletras.com\/sebastian-yatra-se-suma-al-murcia-on-festival-2025\/#breadcrumb","itemListElement":[{"@type":"ListItem","position":1,"name":"Home","item":"http:\/\/unaymilletras.com\/"},{"@type":"ListItem","position":2,"name":"Sebasti\u00e1n Yatra se suma al Murcia On Festival 2025"}]},{"@type":"WebSite","@id":"http:\/\/unaymilletras.com\/#website","url":"http:\/\/unaymilletras.com\/","name":"Una y Mil Letras","description":"","publisher":{"@id":"http:\/\/unaymilletras.com\/#organization"},"potentialAction":[{"@type":"SearchAction","target":{"@type":"EntryPoint","urlTemplate":"http:\/\/unaymilletras.com\/?s={search_term_string}"},"query-input":{"@type":"PropertyValueSpecification","valueRequired":true,"valueName":"search_term_string"}}],"inLanguage":"en-GB"},{"@type":"Organization","@id":"http:\/\/unaymilletras.com\/#organization","name":"Una y Mil Letras","url":"http:\/\/unaymilletras.com\/","logo":{"@type":"ImageObject","inLanguage":"en-GB","@id":"http:\/\/unaymilletras.com\/#\/schema\/logo\/image\/","url":"https:\/\/unaymilletras.com\/wp-content\/uploads\/2024\/06\/cropped-Logo-removebg-preview.png","contentUrl":"https:\/\/unaymilletras.com\/wp-content\/uploads\/2024\/06\/cropped-Logo-removebg-preview.png","width":512,"height":512,"caption":"Una y Mil Letras"},"image":{"@id":"http:\/\/unaymilletras.com\/#\/schema\/logo\/image\/"},"sameAs":["https:\/\/x.com\/UnaYMilLetras","https:\/\/instagram.com\/UnaYMilLetras"]},{"@type":"Person","@id":"http:\/\/unaymilletras.com\/#\/schema\/person\/0860dc8a218329991ee2c7591f4f849d","name":"Redacci\u00f3n","image":{"@type":"ImageObject","inLanguage":"en-GB","@id":"https:\/\/secure.gravatar.com\/avatar\/d8f55e05a8b6597e45c55a1dcbdbfe44f4a360d88b48e00de5216a79b7732796?s=96&d=mm&r=g","url":"https:\/\/secure.gravatar.com\/avatar\/d8f55e05a8b6597e45c55a1dcbdbfe44f4a360d88b48e00de5216a79b7732796?s=96&d=mm&r=g","contentUrl":"https:\/\/secure.gravatar.com\/avatar\/d8f55e05a8b6597e45c55a1dcbdbfe44f4a360d88b48e00de5216a79b7732796?s=96&d=mm&r=g","caption":"Redacci\u00f3n"},"url":"https:\/\/unaymilletras.com\/en\/author\/redaccion\/"}]}},"_links":{"self":[{"href":"https:\/\/unaymilletras.com\/en\/wp-json\/wp\/v2\/posts\/5207","targetHints":{"allow":["GET"]}}],"collection":[{"href":"https:\/\/unaymilletras.com\/en\/wp-json\/wp\/v2\/posts"}],"about":[{"href":"https:\/\/unaymilletras.com\/en\/wp-json\/wp\/v2\/types\/post"}],"author":[{"embeddable":true,"href":"https:\/\/unaymilletras.com\/en\/wp-json\/wp\/v2\/users\/6"}],"replies":[{"embeddable":true,"href":"https:\/\/unaymilletras.com\/en\/wp-json\/wp\/v2\/comments?post=5207"}],"version-history":[{"count":4,"href":"https:\/\/unaymilletras.com\/en\/wp-json\/wp\/v2\/posts\/5207\/revisions"}],"predecessor-version":[{"id":5212,"href":"https:\/\/unaymilletras.com\/en\/wp-json\/wp\/v2\/posts\/5207\/revisions\/5212"}],"wp:featuredmedia":[{"embeddable":true,"href":"https:\/\/unaymilletras.com\/en\/wp-json\/wp\/v2\/media\/5209"}],"wp:attachment":[{"href":"https:\/\/unaymilletras.com\/en\/wp-json\/wp\/v2\/media?parent=5207"}],"wp:term":[{"taxonomy":"category","embeddable":true,"href":"https:\/\/unaymilletras.com\/en\/wp-json\/wp\/v2\/categories?post=5207"},{"taxonomy":"post_tag","embeddable":true,"href":"https:\/\/unaymilletras.com\/en\/wp-json\/wp\/v2\/tags?post=5207"}],"curies":[{"name":"wp","href":"https:\/\/api.w.org\/{rel}","templated":true}]}}