{"id":5213,"date":"2025-05-04T13:55:25","date_gmt":"2025-05-04T11:55:25","guid":{"rendered":"https:\/\/unaymilletras.com\/?p=5213"},"modified":"2025-08-09T12:01:38","modified_gmt":"2025-08-09T10:01:38","slug":"alma-occident-2025-anuncia-a-seal-ub40-paloma-san-basilio-y-trueno-en-alicante","status":"publish","type":"post","link":"https:\/\/unaymilletras.com\/en\/alma-occident-2025-anuncia-a-seal-ub40-paloma-san-basilio-y-trueno-en-alicante\/","title":{"rendered":"Alma Occident 2025 anuncia a Seal, UB40, Paloma San Basilio y Trueno en Alicante"},"content":{"rendered":"<div data-elementor-type=\"wp-post\" data-elementor-id=\"5213\" class=\"elementor elementor-5213\">\n\t\t\t\t\t\t<section class=\"elementor-section elementor-top-section elementor-element elementor-element-8bc5a24 elementor-section-boxed elementor-section-height-default elementor-section-height-default\" data-id=\"8bc5a24\" data-element_type=\"section\" data-e-type=\"section\">\n\t\t\t\t\t\t<div class=\"elementor-container elementor-column-gap-default\">\n\t\t\t\t\t<div class=\"elementor-column elementor-col-100 elementor-top-column elementor-element elementor-element-7ab3f73\" data-id=\"7ab3f73\" data-element_type=\"column\" data-e-type=\"column\">\n\t\t\t<div class=\"elementor-widget-wrap elementor-element-populated\">\n\t\t\t\t\t\t<div class=\"elementor-element elementor-element-e1f41c3 elementor-widget elementor-widget-text-editor\" data-id=\"e1f41c3\" data-element_type=\"widget\" data-e-type=\"widget\" data-widget_type=\"text-editor.default\">\n\t\t\t\t<div class=\"elementor-widget-container\">\n\t\t\t\t\t\t\t\t\t<h2 style=\"text-align: center;\" data-start=\"0\" data-end=\"227\"><span style=\"color: #808080;\"><em>El festival Alma Occident Alicante suma a Seal y Trueno a un cartel diverso que apuesta por lo internacional y lo urbano<\/em><\/span><\/h2>\t\t\t\t\t\t\t\t<\/div>\n\t\t\t\t<\/div>\n\t\t\t\t\t<\/div>\n\t\t<\/div>\n\t\t\t\t\t<\/div>\n\t\t<\/section>\n\t\t\t\t<section class=\"elementor-section elementor-top-section elementor-element elementor-element-ca27697 elementor-section-boxed elementor-section-height-default elementor-section-height-default\" data-id=\"ca27697\" data-element_type=\"section\" data-e-type=\"section\">\n\t\t\t\t\t\t<div class=\"elementor-container elementor-column-gap-default\">\n\t\t\t\t\t<div class=\"elementor-column elementor-col-100 elementor-top-column elementor-element elementor-element-d31a6eb\" data-id=\"d31a6eb\" data-element_type=\"column\" data-e-type=\"column\">\n\t\t\t<div class=\"elementor-widget-wrap elementor-element-populated\">\n\t\t\t\t\t\t<div class=\"elementor-element elementor-element-240c279 elementor-widget elementor-widget-text-editor\" data-id=\"240c279\" data-element_type=\"widget\" data-e-type=\"widget\" data-widget_type=\"text-editor.default\">\n\t\t\t\t<div class=\"elementor-widget-container\">\n\t\t\t\t\t\t\t\t\t<p data-start=\"229\" data-end=\"392\">El festival <b>Alma Occident<\/b> volver\u00e1 a iluminar Alicante este verano con una programaci\u00f3n de lujo. Seal, UB40, Paloma San Basilio y Trueno son los nuevos confirmados. La cita se celebrar\u00e1 en la zona del Puerto de Alicante del 9 al 20 de julio. El espacio contar\u00e1 con zona gastron\u00f3mica, ambiente mediterr\u00e1neo y vistas al mar.<\/p><p data-start=\"553\" data-end=\"707\">Seal actuar\u00e1 el 14 de julio. El artista brit\u00e1nico repasar\u00e1 sus cl\u00e1sicos, como \u00abKiss from a Rose\u00bb, en una noche marcada por el soul y el pop internacional. El legendario grupo UB40 actuar\u00e1 el 18 de julio, trayendo su reggae a la costa alicantina. Cl\u00e1sicos como \u00abRed Red Wine\u00bb no faltar\u00e1n en su repertorio.<\/p>\t\t\t\t\t\t\t\t<\/div>\n\t\t\t\t<\/div>\n\t\t\t\t\t<\/div>\n\t\t<\/div>\n\t\t\t\t\t<\/div>\n\t\t<\/section>\n\t\t\t\t<section class=\"elementor-section elementor-top-section elementor-element elementor-element-2d73f9d elementor-section-boxed elementor-section-height-default elementor-section-height-default\" data-id=\"2d73f9d\" data-element_type=\"section\" data-e-type=\"section\">\n\t\t\t\t\t\t<div class=\"elementor-container elementor-column-gap-default\">\n\t\t\t\t\t<div class=\"elementor-column elementor-col-100 elementor-top-column elementor-element elementor-element-9f9ac45\" data-id=\"9f9ac45\" data-element_type=\"column\" data-e-type=\"column\">\n\t\t\t<div class=\"elementor-widget-wrap elementor-element-populated\">\n\t\t\t\t\t\t<div class=\"elementor-element elementor-element-1aa2b5b elementor-widget elementor-widget-image\" data-id=\"1aa2b5b\" data-element_type=\"widget\" data-e-type=\"widget\" data-widget_type=\"image.default\">\n\t\t\t\t<div class=\"elementor-widget-container\">\n\t\t\t\t\t\t\t\t\t\t\t\t\t\t\t<img fetchpriority=\"high\" decoding=\"async\" width=\"513\" height=\"337\" src=\"https:\/\/unaymilletras.com\/wp-content\/uploads\/2025\/07\/134034.jpg\" class=\"attachment-large size-large wp-image-5215\" alt=\"Alma Occident\" srcset=\"https:\/\/unaymilletras.com\/wp-content\/uploads\/2025\/07\/134034.jpg 513w, https:\/\/unaymilletras.com\/wp-content\/uploads\/2025\/07\/134034-300x197.jpg 300w, https:\/\/unaymilletras.com\/wp-content\/uploads\/2025\/07\/134034-18x12.jpg 18w\" sizes=\"(max-width: 513px) 100vw, 513px\" \/>\t\t\t\t\t\t\t\t\t\t\t\t\t\t\t<\/div>\n\t\t\t\t<\/div>\n\t\t\t\t\t<\/div>\n\t\t<\/div>\n\t\t\t\t\t<\/div>\n\t\t<\/section>\n\t\t\t\t<\/div>","protected":false},"excerpt":{"rendered":"<p>El festival Alma Occident Alicante suma a Seal y Trueno a un cartel diverso que apuesta por lo internacional y lo urbano El festival Alma Occident volver\u00e1 a iluminar Alicante este verano con una programaci\u00f3n de lujo. Seal, UB40, Paloma San Basilio y Trueno son los nuevos confirmados. La cita se celebrar\u00e1 en la zona [&hellip;]<\/p>\n","protected":false},"author":6,"featured_media":5215,"comment_status":"closed","ping_status":"closed","sticky":false,"template":"","format":"standard","meta":{"footnotes":""},"categories":[119,4],"tags":[],"class_list":["post-5213","post","type-post","status-publish","format-standard","has-post-thumbnail","hentry","category-eventos","category-musica"],"yoast_head":"<!-- This site is optimized with the Yoast SEO plugin v27.4 - https:\/\/yoast.com\/product\/yoast-seo-wordpress\/ -->\n<title>Alma Occident 2025 anuncia a Seal, UB40, Paloma San Basilio y Trueno en Alicante<\/title>\n<meta name=\"description\" content=\"El festival Alma Occident Alicante suma a Seal y Trueno a un cartel diverso que apuesta por lo internacional y lo urbano\" \/>\n<meta name=\"robots\" content=\"index, follow, max-snippet:-1, max-image-preview:large, max-video-preview:-1\" \/>\n<link rel=\"canonical\" href=\"https:\/\/unaymilletras.com\/en\/alma-occident-2025-anuncia-a-seal-ub40-paloma-san-basilio-y-trueno-en-alicante\/\" \/>\n<meta property=\"og:locale\" content=\"en_GB\" \/>\n<meta property=\"og:type\" content=\"article\" \/>\n<meta property=\"og:title\" content=\"Alma Occident 2025 anuncia a Seal, UB40, Paloma San Basilio y Trueno en Alicante\" \/>\n<meta property=\"og:description\" content=\"El festival Alma Occident Alicante suma a Seal y Trueno a un cartel diverso que apuesta por lo internacional y lo urbano\" \/>\n<meta property=\"og:url\" content=\"https:\/\/unaymilletras.com\/en\/alma-occident-2025-anuncia-a-seal-ub40-paloma-san-basilio-y-trueno-en-alicante\/\" \/>\n<meta property=\"og:site_name\" content=\"Una y Mil Letras\" \/>\n<meta property=\"article:published_time\" content=\"2025-05-04T11:55:25+00:00\" \/>\n<meta property=\"article:modified_time\" content=\"2025-08-09T10:01:38+00:00\" \/>\n<meta property=\"og:image\" content=\"http:\/\/unaymilletras.com\/wp-content\/uploads\/2025\/07\/134034.jpg\" \/>\n\t<meta property=\"og:image:width\" content=\"513\" \/>\n\t<meta property=\"og:image:height\" content=\"337\" \/>\n\t<meta property=\"og:image:type\" content=\"image\/jpeg\" \/>\n<meta name=\"author\" content=\"Redacci\u00f3n\" \/>\n<meta name=\"twitter:card\" content=\"summary_large_image\" \/>\n<meta name=\"twitter:creator\" content=\"@UnaYMilLetras\" \/>\n<meta name=\"twitter:site\" content=\"@UnaYMilLetras\" \/>\n<meta name=\"twitter:label1\" content=\"Written by\" \/>\n\t<meta name=\"twitter:data1\" content=\"Redacci\u00f3n\" \/>\n\t<meta name=\"twitter:label2\" content=\"Estimated reading time\" \/>\n\t<meta name=\"twitter:data2\" content=\"2 minutes\" \/>\n<script type=\"application\/ld+json\" class=\"yoast-schema-graph\">{\"@context\":\"https:\\\/\\\/schema.org\",\"@graph\":[{\"@type\":\"Article\",\"@id\":\"https:\\\/\\\/unaymilletras.com\\\/alma-occident-2025-anuncia-a-seal-ub40-paloma-san-basilio-y-trueno-en-alicante\\\/#article\",\"isPartOf\":{\"@id\":\"https:\\\/\\\/unaymilletras.com\\\/alma-occident-2025-anuncia-a-seal-ub40-paloma-san-basilio-y-trueno-en-alicante\\\/\"},\"author\":{\"name\":\"Redacci\u00f3n\",\"@id\":\"http:\\\/\\\/unaymilletras.com\\\/#\\\/schema\\\/person\\\/0860dc8a218329991ee2c7591f4f849d\"},\"headline\":\"Alma Occident 2025 anuncia a Seal, UB40, Paloma San Basilio y Trueno en Alicante\",\"datePublished\":\"2025-05-04T11:55:25+00:00\",\"dateModified\":\"2025-08-09T10:01:38+00:00\",\"mainEntityOfPage\":{\"@id\":\"https:\\\/\\\/unaymilletras.com\\\/alma-occident-2025-anuncia-a-seal-ub40-paloma-san-basilio-y-trueno-en-alicante\\\/\"},\"wordCount\":147,\"publisher\":{\"@id\":\"http:\\\/\\\/unaymilletras.com\\\/#organization\"},\"image\":{\"@id\":\"https:\\\/\\\/unaymilletras.com\\\/alma-occident-2025-anuncia-a-seal-ub40-paloma-san-basilio-y-trueno-en-alicante\\\/#primaryimage\"},\"thumbnailUrl\":\"https:\\\/\\\/unaymilletras.com\\\/wp-content\\\/uploads\\\/2025\\\/07\\\/134034.jpg\",\"articleSection\":[\"Eventos\",\"M\u00fasica\"],\"inLanguage\":\"en-GB\"},{\"@type\":\"WebPage\",\"@id\":\"https:\\\/\\\/unaymilletras.com\\\/alma-occident-2025-anuncia-a-seal-ub40-paloma-san-basilio-y-trueno-en-alicante\\\/\",\"url\":\"https:\\\/\\\/unaymilletras.com\\\/alma-occident-2025-anuncia-a-seal-ub40-paloma-san-basilio-y-trueno-en-alicante\\\/\",\"name\":\"Alma Occident 2025 anuncia a Seal, UB40, Paloma San Basilio y Trueno en Alicante\",\"isPartOf\":{\"@id\":\"http:\\\/\\\/unaymilletras.com\\\/#website\"},\"primaryImageOfPage\":{\"@id\":\"https:\\\/\\\/unaymilletras.com\\\/alma-occident-2025-anuncia-a-seal-ub40-paloma-san-basilio-y-trueno-en-alicante\\\/#primaryimage\"},\"image\":{\"@id\":\"https:\\\/\\\/unaymilletras.com\\\/alma-occident-2025-anuncia-a-seal-ub40-paloma-san-basilio-y-trueno-en-alicante\\\/#primaryimage\"},\"thumbnailUrl\":\"https:\\\/\\\/unaymilletras.com\\\/wp-content\\\/uploads\\\/2025\\\/07\\\/134034.jpg\",\"datePublished\":\"2025-05-04T11:55:25+00:00\",\"dateModified\":\"2025-08-09T10:01:38+00:00\",\"description\":\"El festival Alma Occident Alicante suma a Seal y Trueno a un cartel diverso que apuesta por lo internacional y lo urbano\",\"breadcrumb\":{\"@id\":\"https:\\\/\\\/unaymilletras.com\\\/alma-occident-2025-anuncia-a-seal-ub40-paloma-san-basilio-y-trueno-en-alicante\\\/#breadcrumb\"},\"inLanguage\":\"en-GB\",\"potentialAction\":[{\"@type\":\"ReadAction\",\"target\":[\"https:\\\/\\\/unaymilletras.com\\\/alma-occident-2025-anuncia-a-seal-ub40-paloma-san-basilio-y-trueno-en-alicante\\\/\"]}]},{\"@type\":\"ImageObject\",\"inLanguage\":\"en-GB\",\"@id\":\"https:\\\/\\\/unaymilletras.com\\\/alma-occident-2025-anuncia-a-seal-ub40-paloma-san-basilio-y-trueno-en-alicante\\\/#primaryimage\",\"url\":\"https:\\\/\\\/unaymilletras.com\\\/wp-content\\\/uploads\\\/2025\\\/07\\\/134034.jpg\",\"contentUrl\":\"https:\\\/\\\/unaymilletras.com\\\/wp-content\\\/uploads\\\/2025\\\/07\\\/134034.jpg\",\"width\":513,\"height\":337,\"caption\":\"Alma Occident\"},{\"@type\":\"BreadcrumbList\",\"@id\":\"https:\\\/\\\/unaymilletras.com\\\/alma-occident-2025-anuncia-a-seal-ub40-paloma-san-basilio-y-trueno-en-alicante\\\/#breadcrumb\",\"itemListElement\":[{\"@type\":\"ListItem\",\"position\":1,\"name\":\"Home\",\"item\":\"http:\\\/\\\/unaymilletras.com\\\/\"},{\"@type\":\"ListItem\",\"position\":2,\"name\":\"Alma Occident 2025 anuncia a Seal, UB40, Paloma San Basilio y Trueno en Alicante\"}]},{\"@type\":\"WebSite\",\"@id\":\"http:\\\/\\\/unaymilletras.com\\\/#website\",\"url\":\"http:\\\/\\\/unaymilletras.com\\\/\",\"name\":\"Una y Mil Letras\",\"description\":\"\",\"publisher\":{\"@id\":\"http:\\\/\\\/unaymilletras.com\\\/#organization\"},\"potentialAction\":[{\"@type\":\"SearchAction\",\"target\":{\"@type\":\"EntryPoint\",\"urlTemplate\":\"http:\\\/\\\/unaymilletras.com\\\/?s={search_term_string}\"},\"query-input\":{\"@type\":\"PropertyValueSpecification\",\"valueRequired\":true,\"valueName\":\"search_term_string\"}}],\"inLanguage\":\"en-GB\"},{\"@type\":\"Organization\",\"@id\":\"http:\\\/\\\/unaymilletras.com\\\/#organization\",\"name\":\"Una y Mil Letras\",\"url\":\"http:\\\/\\\/unaymilletras.com\\\/\",\"logo\":{\"@type\":\"ImageObject\",\"inLanguage\":\"en-GB\",\"@id\":\"http:\\\/\\\/unaymilletras.com\\\/#\\\/schema\\\/logo\\\/image\\\/\",\"url\":\"https:\\\/\\\/unaymilletras.com\\\/wp-content\\\/uploads\\\/2024\\\/06\\\/cropped-Logo-removebg-preview.png\",\"contentUrl\":\"https:\\\/\\\/unaymilletras.com\\\/wp-content\\\/uploads\\\/2024\\\/06\\\/cropped-Logo-removebg-preview.png\",\"width\":512,\"height\":512,\"caption\":\"Una y Mil Letras\"},\"image\":{\"@id\":\"http:\\\/\\\/unaymilletras.com\\\/#\\\/schema\\\/logo\\\/image\\\/\"},\"sameAs\":[\"https:\\\/\\\/x.com\\\/UnaYMilLetras\",\"https:\\\/\\\/instagram.com\\\/UnaYMilLetras\"]},{\"@type\":\"Person\",\"@id\":\"http:\\\/\\\/unaymilletras.com\\\/#\\\/schema\\\/person\\\/0860dc8a218329991ee2c7591f4f849d\",\"name\":\"Redacci\u00f3n\",\"image\":{\"@type\":\"ImageObject\",\"inLanguage\":\"en-GB\",\"@id\":\"https:\\\/\\\/secure.gravatar.com\\\/avatar\\\/d8f55e05a8b6597e45c55a1dcbdbfe44f4a360d88b48e00de5216a79b7732796?s=96&d=mm&r=g\",\"url\":\"https:\\\/\\\/secure.gravatar.com\\\/avatar\\\/d8f55e05a8b6597e45c55a1dcbdbfe44f4a360d88b48e00de5216a79b7732796?s=96&d=mm&r=g\",\"contentUrl\":\"https:\\\/\\\/secure.gravatar.com\\\/avatar\\\/d8f55e05a8b6597e45c55a1dcbdbfe44f4a360d88b48e00de5216a79b7732796?s=96&d=mm&r=g\",\"caption\":\"Redacci\u00f3n\"},\"url\":\"https:\\\/\\\/unaymilletras.com\\\/en\\\/author\\\/redaccion\\\/\"}]}<\/script>\n<!-- \/ Yoast SEO plugin. -->","yoast_head_json":{"title":"Alma Occident 2025 anuncia a Seal, UB40, Paloma San Basilio y Trueno en Alicante","description":"El festival Alma Occident Alicante suma a Seal y Trueno a un cartel diverso que apuesta por lo internacional y lo urbano","robots":{"index":"index","follow":"follow","max-snippet":"max-snippet:-1","max-image-preview":"max-image-preview:large","max-video-preview":"max-video-preview:-1"},"canonical":"https:\/\/unaymilletras.com\/en\/alma-occident-2025-anuncia-a-seal-ub40-paloma-san-basilio-y-trueno-en-alicante\/","og_locale":"en_GB","og_type":"article","og_title":"Alma Occident 2025 anuncia a Seal, UB40, Paloma San Basilio y Trueno en Alicante","og_description":"El festival Alma Occident Alicante suma a Seal y Trueno a un cartel diverso que apuesta por lo internacional y lo urbano","og_url":"https:\/\/unaymilletras.com\/en\/alma-occident-2025-anuncia-a-seal-ub40-paloma-san-basilio-y-trueno-en-alicante\/","og_site_name":"Una y Mil Letras","article_published_time":"2025-05-04T11:55:25+00:00","article_modified_time":"2025-08-09T10:01:38+00:00","og_image":[{"width":513,"height":337,"url":"http:\/\/unaymilletras.com\/wp-content\/uploads\/2025\/07\/134034.jpg","type":"image\/jpeg"}],"author":"Redacci\u00f3n","twitter_card":"summary_large_image","twitter_creator":"@UnaYMilLetras","twitter_site":"@UnaYMilLetras","twitter_misc":{"Written by":"Redacci\u00f3n","Estimated reading time":"2 minutes"},"schema":{"@context":"https:\/\/schema.org","@graph":[{"@type":"Article","@id":"https:\/\/unaymilletras.com\/alma-occident-2025-anuncia-a-seal-ub40-paloma-san-basilio-y-trueno-en-alicante\/#article","isPartOf":{"@id":"https:\/\/unaymilletras.com\/alma-occident-2025-anuncia-a-seal-ub40-paloma-san-basilio-y-trueno-en-alicante\/"},"author":{"name":"Redacci\u00f3n","@id":"http:\/\/unaymilletras.com\/#\/schema\/person\/0860dc8a218329991ee2c7591f4f849d"},"headline":"Alma Occident 2025 anuncia a Seal, UB40, Paloma San Basilio y Trueno en Alicante","datePublished":"2025-05-04T11:55:25+00:00","dateModified":"2025-08-09T10:01:38+00:00","mainEntityOfPage":{"@id":"https:\/\/unaymilletras.com\/alma-occident-2025-anuncia-a-seal-ub40-paloma-san-basilio-y-trueno-en-alicante\/"},"wordCount":147,"publisher":{"@id":"http:\/\/unaymilletras.com\/#organization"},"image":{"@id":"https:\/\/unaymilletras.com\/alma-occident-2025-anuncia-a-seal-ub40-paloma-san-basilio-y-trueno-en-alicante\/#primaryimage"},"thumbnailUrl":"https:\/\/unaymilletras.com\/wp-content\/uploads\/2025\/07\/134034.jpg","articleSection":["Eventos","M\u00fasica"],"inLanguage":"en-GB"},{"@type":"WebPage","@id":"https:\/\/unaymilletras.com\/alma-occident-2025-anuncia-a-seal-ub40-paloma-san-basilio-y-trueno-en-alicante\/","url":"https:\/\/unaymilletras.com\/alma-occident-2025-anuncia-a-seal-ub40-paloma-san-basilio-y-trueno-en-alicante\/","name":"Alma Occident 2025 anuncia a Seal, UB40, Paloma San Basilio y Trueno en Alicante","isPartOf":{"@id":"http:\/\/unaymilletras.com\/#website"},"primaryImageOfPage":{"@id":"https:\/\/unaymilletras.com\/alma-occident-2025-anuncia-a-seal-ub40-paloma-san-basilio-y-trueno-en-alicante\/#primaryimage"},"image":{"@id":"https:\/\/unaymilletras.com\/alma-occident-2025-anuncia-a-seal-ub40-paloma-san-basilio-y-trueno-en-alicante\/#primaryimage"},"thumbnailUrl":"https:\/\/unaymilletras.com\/wp-content\/uploads\/2025\/07\/134034.jpg","datePublished":"2025-05-04T11:55:25+00:00","dateModified":"2025-08-09T10:01:38+00:00","description":"El festival Alma Occident Alicante suma a Seal y Trueno a un cartel diverso que apuesta por lo internacional y lo urbano","breadcrumb":{"@id":"https:\/\/unaymilletras.com\/alma-occident-2025-anuncia-a-seal-ub40-paloma-san-basilio-y-trueno-en-alicante\/#breadcrumb"},"inLanguage":"en-GB","potentialAction":[{"@type":"ReadAction","target":["https:\/\/unaymilletras.com\/alma-occident-2025-anuncia-a-seal-ub40-paloma-san-basilio-y-trueno-en-alicante\/"]}]},{"@type":"ImageObject","inLanguage":"en-GB","@id":"https:\/\/unaymilletras.com\/alma-occident-2025-anuncia-a-seal-ub40-paloma-san-basilio-y-trueno-en-alicante\/#primaryimage","url":"https:\/\/unaymilletras.com\/wp-content\/uploads\/2025\/07\/134034.jpg","contentUrl":"https:\/\/unaymilletras.com\/wp-content\/uploads\/2025\/07\/134034.jpg","width":513,"height":337,"caption":"Alma Occident"},{"@type":"BreadcrumbList","@id":"https:\/\/unaymilletras.com\/alma-occident-2025-anuncia-a-seal-ub40-paloma-san-basilio-y-trueno-en-alicante\/#breadcrumb","itemListElement":[{"@type":"ListItem","position":1,"name":"Home","item":"http:\/\/unaymilletras.com\/"},{"@type":"ListItem","position":2,"name":"Alma Occident 2025 anuncia a Seal, UB40, Paloma San Basilio y Trueno en Alicante"}]},{"@type":"WebSite","@id":"http:\/\/unaymilletras.com\/#website","url":"http:\/\/unaymilletras.com\/","name":"Una y Mil Letras","description":"","publisher":{"@id":"http:\/\/unaymilletras.com\/#organization"},"potentialAction":[{"@type":"SearchAction","target":{"@type":"EntryPoint","urlTemplate":"http:\/\/unaymilletras.com\/?s={search_term_string}"},"query-input":{"@type":"PropertyValueSpecification","valueRequired":true,"valueName":"search_term_string"}}],"inLanguage":"en-GB"},{"@type":"Organization","@id":"http:\/\/unaymilletras.com\/#organization","name":"Una y Mil Letras","url":"http:\/\/unaymilletras.com\/","logo":{"@type":"ImageObject","inLanguage":"en-GB","@id":"http:\/\/unaymilletras.com\/#\/schema\/logo\/image\/","url":"https:\/\/unaymilletras.com\/wp-content\/uploads\/2024\/06\/cropped-Logo-removebg-preview.png","contentUrl":"https:\/\/unaymilletras.com\/wp-content\/uploads\/2024\/06\/cropped-Logo-removebg-preview.png","width":512,"height":512,"caption":"Una y Mil Letras"},"image":{"@id":"http:\/\/unaymilletras.com\/#\/schema\/logo\/image\/"},"sameAs":["https:\/\/x.com\/UnaYMilLetras","https:\/\/instagram.com\/UnaYMilLetras"]},{"@type":"Person","@id":"http:\/\/unaymilletras.com\/#\/schema\/person\/0860dc8a218329991ee2c7591f4f849d","name":"Redacci\u00f3n","image":{"@type":"ImageObject","inLanguage":"en-GB","@id":"https:\/\/secure.gravatar.com\/avatar\/d8f55e05a8b6597e45c55a1dcbdbfe44f4a360d88b48e00de5216a79b7732796?s=96&d=mm&r=g","url":"https:\/\/secure.gravatar.com\/avatar\/d8f55e05a8b6597e45c55a1dcbdbfe44f4a360d88b48e00de5216a79b7732796?s=96&d=mm&r=g","contentUrl":"https:\/\/secure.gravatar.com\/avatar\/d8f55e05a8b6597e45c55a1dcbdbfe44f4a360d88b48e00de5216a79b7732796?s=96&d=mm&r=g","caption":"Redacci\u00f3n"},"url":"https:\/\/unaymilletras.com\/en\/author\/redaccion\/"}]}},"_links":{"self":[{"href":"https:\/\/unaymilletras.com\/en\/wp-json\/wp\/v2\/posts\/5213","targetHints":{"allow":["GET"]}}],"collection":[{"href":"https:\/\/unaymilletras.com\/en\/wp-json\/wp\/v2\/posts"}],"about":[{"href":"https:\/\/unaymilletras.com\/en\/wp-json\/wp\/v2\/types\/post"}],"author":[{"embeddable":true,"href":"https:\/\/unaymilletras.com\/en\/wp-json\/wp\/v2\/users\/6"}],"replies":[{"embeddable":true,"href":"https:\/\/unaymilletras.com\/en\/wp-json\/wp\/v2\/comments?post=5213"}],"version-history":[{"count":4,"href":"https:\/\/unaymilletras.com\/en\/wp-json\/wp\/v2\/posts\/5213\/revisions"}],"predecessor-version":[{"id":5218,"href":"https:\/\/unaymilletras.com\/en\/wp-json\/wp\/v2\/posts\/5213\/revisions\/5218"}],"wp:featuredmedia":[{"embeddable":true,"href":"https:\/\/unaymilletras.com\/en\/wp-json\/wp\/v2\/media\/5215"}],"wp:attachment":[{"href":"https:\/\/unaymilletras.com\/en\/wp-json\/wp\/v2\/media?parent=5213"}],"wp:term":[{"taxonomy":"category","embeddable":true,"href":"https:\/\/unaymilletras.com\/en\/wp-json\/wp\/v2\/categories?post=5213"},{"taxonomy":"post_tag","embeddable":true,"href":"https:\/\/unaymilletras.com\/en\/wp-json\/wp\/v2\/tags?post=5213"}],"curies":[{"name":"wp","href":"https:\/\/api.w.org\/{rel}","templated":true}]}}