{"id":5219,"date":"2025-05-31T15:23:18","date_gmt":"2025-05-31T13:23:18","guid":{"rendered":"https:\/\/unaymilletras.com\/?p=5219"},"modified":"2025-07-01T15:24:10","modified_gmt":"2025-07-01T13:24:10","slug":"low-festival-2025-celebra-su-15o-aniversario","status":"publish","type":"post","link":"https:\/\/unaymilletras.com\/en\/low-festival-2025-celebra-su-15o-aniversario\/","title":{"rendered":"Low Festival 2025 celebra su 15\u00ba aniversario"},"content":{"rendered":"<div data-elementor-type=\"wp-post\" data-elementor-id=\"5219\" class=\"elementor elementor-5219\">\n\t\t\t\t\t\t<section class=\"elementor-section elementor-top-section elementor-element elementor-element-c69ab98 elementor-section-boxed elementor-section-height-default elementor-section-height-default\" data-id=\"c69ab98\" data-element_type=\"section\" data-e-type=\"section\">\n\t\t\t\t\t\t<div class=\"elementor-container elementor-column-gap-default\">\n\t\t\t\t\t<div class=\"elementor-column elementor-col-100 elementor-top-column elementor-element elementor-element-28081c7\" data-id=\"28081c7\" data-element_type=\"column\" data-e-type=\"column\">\n\t\t\t<div class=\"elementor-widget-wrap elementor-element-populated\">\n\t\t\t\t\t\t<div class=\"elementor-element elementor-element-bf062ad elementor-widget elementor-widget-text-editor\" data-id=\"bf062ad\" data-element_type=\"widget\" data-e-type=\"widget\" data-widget_type=\"text-editor.default\">\n\t\t\t\t<div class=\"elementor-widget-container\">\n\t\t\t\t\t\t\t\t\t<h2 style=\"text-align: center;\" data-start=\"0\" data-end=\"240\"><span style=\"color: #808080;\"><em>El Low Festival 2025 se consolida en Benidorm con un cartel que une a Fangoria, Amaia, The Kooks y Bomba Est\u00e9reo<\/em><\/span><\/h2>\t\t\t\t\t\t\t\t<\/div>\n\t\t\t\t<\/div>\n\t\t\t\t\t<\/div>\n\t\t<\/div>\n\t\t\t\t\t<\/div>\n\t\t<\/section>\n\t\t\t\t<section class=\"elementor-section elementor-top-section elementor-element elementor-element-467af08 elementor-section-boxed elementor-section-height-default elementor-section-height-default\" data-id=\"467af08\" data-element_type=\"section\" data-e-type=\"section\">\n\t\t\t\t\t\t<div class=\"elementor-container elementor-column-gap-default\">\n\t\t\t\t\t<div class=\"elementor-column elementor-col-100 elementor-top-column elementor-element elementor-element-75cedf9\" data-id=\"75cedf9\" data-element_type=\"column\" data-e-type=\"column\">\n\t\t\t<div class=\"elementor-widget-wrap elementor-element-populated\">\n\t\t\t\t\t\t<div class=\"elementor-element elementor-element-56fb99a elementor-widget elementor-widget-text-editor\" data-id=\"56fb99a\" data-element_type=\"widget\" data-e-type=\"widget\" data-widget_type=\"text-editor.default\">\n\t\t\t\t<div class=\"elementor-widget-container\">\n\t\t\t\t\t\t\t\t\t<p data-start=\"242\" data-end=\"407\">Low Festival 2025 ya calienta motores para su edici\u00f3n m\u00e1s especial. Del 25 al 27 de julio, Benidorm acoger\u00e1 tres d\u00edas de m\u00fasica vibrante y experiencias inolvidables.<\/p>\n<p data-start=\"409\" data-end=\"581\">La Ciudad Deportiva Guillermo Amor ser\u00e1 el escenario de esta celebraci\u00f3n. El festival contar\u00e1 con el apoyo de Vibra Mahou y su escenario hom\u00f3nimo, lleno de grandes nombres.<\/p>\n<p data-start=\"583\" data-end=\"746\">El viernes abrir\u00e1n Pet Shop Boys, acompa\u00f1ados de Bomba Est\u00e9reo, Carolina Durante, Xoel L\u00f3pez y Sexy Zebras. Ser\u00e1 una jornada ecl\u00e9ctica y explosiva desde el inicio. Empire of the Sun, The Kooks y Viva Suecia encabezan el s\u00e1bado. Completan el d\u00eda Zahara, Silo\u00e9, Ni\u00f1a Polaca, Ralphie Choo y muchos m\u00e1s, en una jornada diversa.<\/p>\t\t\t\t\t\t\t\t<\/div>\n\t\t\t\t<\/div>\n\t\t\t\t\t<\/div>\n\t\t<\/div>\n\t\t\t\t\t<\/div>\n\t\t<\/section>\n\t\t\t\t<section class=\"elementor-section elementor-top-section elementor-element elementor-element-929b8f1 elementor-section-boxed elementor-section-height-default elementor-section-height-default\" data-id=\"929b8f1\" data-element_type=\"section\" data-e-type=\"section\">\n\t\t\t\t\t\t<div class=\"elementor-container elementor-column-gap-default\">\n\t\t\t\t\t<div class=\"elementor-column elementor-col-100 elementor-top-column elementor-element elementor-element-7b45d2d\" data-id=\"7b45d2d\" data-element_type=\"column\" data-e-type=\"column\">\n\t\t\t<div class=\"elementor-widget-wrap elementor-element-populated\">\n\t\t\t\t\t\t<div class=\"elementor-element elementor-element-44e8b82 elementor-widget elementor-widget-image\" data-id=\"44e8b82\" data-element_type=\"widget\" data-e-type=\"widget\" data-widget_type=\"image.default\">\n\t\t\t\t<div class=\"elementor-widget-container\">\n\t\t\t\t\t\t\t\t\t\t\t\t\t\t\t<img fetchpriority=\"high\" decoding=\"async\" width=\"640\" height=\"800\" src=\"https:\/\/unaymilletras.com\/wp-content\/uploads\/2025\/07\/Low-Festival-2025-cartel-dias-IG-819x1024.jpg\" class=\"attachment-large size-large wp-image-5221\" alt=\"Low Festival 2025\" srcset=\"https:\/\/unaymilletras.com\/wp-content\/uploads\/2025\/07\/Low-Festival-2025-cartel-dias-IG-819x1024.jpg 819w, https:\/\/unaymilletras.com\/wp-content\/uploads\/2025\/07\/Low-Festival-2025-cartel-dias-IG-240x300.jpg 240w, https:\/\/unaymilletras.com\/wp-content\/uploads\/2025\/07\/Low-Festival-2025-cartel-dias-IG-768x960.jpg 768w, https:\/\/unaymilletras.com\/wp-content\/uploads\/2025\/07\/Low-Festival-2025-cartel-dias-IG-10x12.jpg 10w, https:\/\/unaymilletras.com\/wp-content\/uploads\/2025\/07\/Low-Festival-2025-cartel-dias-IG-1024x1280.jpg 1024w, https:\/\/unaymilletras.com\/wp-content\/uploads\/2025\/07\/Low-Festival-2025-cartel-dias-IG-e1751376128254.jpg 600w\" sizes=\"(max-width: 640px) 100vw, 640px\" \/>\t\t\t\t\t\t\t\t\t\t\t\t\t\t\t<\/div>\n\t\t\t\t<\/div>\n\t\t\t\t\t<\/div>\n\t\t<\/div>\n\t\t\t\t\t<\/div>\n\t\t<\/section>\n\t\t\t\t<section class=\"elementor-section elementor-top-section elementor-element elementor-element-be8392d elementor-section-boxed elementor-section-height-default elementor-section-height-default\" data-id=\"be8392d\" data-element_type=\"section\" data-e-type=\"section\">\n\t\t\t\t\t\t<div class=\"elementor-container elementor-column-gap-default\">\n\t\t\t\t\t<div class=\"elementor-column elementor-col-100 elementor-top-column elementor-element elementor-element-256252e\" data-id=\"256252e\" data-element_type=\"column\" data-e-type=\"column\">\n\t\t\t<div class=\"elementor-widget-wrap elementor-element-populated\">\n\t\t\t\t\t\t<div class=\"elementor-element elementor-element-5e13544 elementor-widget elementor-widget-text-editor\" data-id=\"5e13544\" data-element_type=\"widget\" data-e-type=\"widget\" data-widget_type=\"text-editor.default\">\n\t\t\t\t<div class=\"elementor-widget-container\">\n\t\t\t\t\t\t\t\t\t<p data-start=\"909\" data-end=\"1071\">El domingo llega el gran cierre con Fangoria y Lori Meyers como estrellas. Actuar\u00e1n tambi\u00e9n Amaia, Dorian, Miss Caffeina, Delaporte, Mar\u00eda Escarmiento y Rusowsky.<\/p><p data-start=\"1073\" data-end=\"1232\" data-is-last-node=\"\" data-is-only-node=\"\">M\u00e1s de 50 artistas nacionales e internacionales pasar\u00e1n por sus escenarios. Low Festival 2025 promete una edici\u00f3n hist\u00f3rica con entradas ya disponibles online.<\/p>\t\t\t\t\t\t\t\t<\/div>\n\t\t\t\t<\/div>\n\t\t\t\t\t<\/div>\n\t\t<\/div>\n\t\t\t\t\t<\/div>\n\t\t<\/section>\n\t\t\t\t<\/div>","protected":false},"excerpt":{"rendered":"<p>El Low Festival 2025 se consolida en Benidorm con un cartel que une a Fangoria, Amaia, The Kooks y Bomba Est\u00e9reo Low Festival 2025 ya calienta motores para su edici\u00f3n m\u00e1s especial. Del 25 al 27 de julio, Benidorm acoger\u00e1 tres d\u00edas de m\u00fasica vibrante y experiencias inolvidables. La Ciudad Deportiva Guillermo Amor ser\u00e1 el [&hellip;]<\/p>\n","protected":false},"author":6,"featured_media":5221,"comment_status":"closed","ping_status":"closed","sticky":false,"template":"","format":"standard","meta":{"footnotes":""},"categories":[4],"tags":[],"class_list":["post-5219","post","type-post","status-publish","format-standard","has-post-thumbnail","hentry","category-musica"],"yoast_head":"<!-- This site is optimized with the Yoast SEO plugin v27.4 - https:\/\/yoast.com\/product\/yoast-seo-wordpress\/ -->\n<title>Low Festival 2025 celebra su 15\u00ba aniversario<\/title>\n<meta name=\"description\" content=\"El Low Festival 2025 se consolida en Benidorm con un cartel ambicioso que une a Pet Shop Boys, Fangoria, Amaia, The Kooks y Bomba Est\u00e9reo\" \/>\n<meta name=\"robots\" content=\"index, follow, max-snippet:-1, max-image-preview:large, max-video-preview:-1\" \/>\n<link rel=\"canonical\" href=\"https:\/\/unaymilletras.com\/en\/low-festival-2025-celebra-su-15o-aniversario\/\" \/>\n<meta property=\"og:locale\" content=\"en_GB\" \/>\n<meta property=\"og:type\" content=\"article\" \/>\n<meta property=\"og:title\" content=\"Low Festival 2025 celebra su 15\u00ba aniversario\" \/>\n<meta property=\"og:description\" content=\"El Low Festival 2025 se consolida en Benidorm con un cartel ambicioso que une a Pet Shop Boys, Fangoria, Amaia, The Kooks y Bomba Est\u00e9reo\" \/>\n<meta property=\"og:url\" content=\"https:\/\/unaymilletras.com\/en\/low-festival-2025-celebra-su-15o-aniversario\/\" \/>\n<meta property=\"og:site_name\" content=\"Una y Mil Letras\" \/>\n<meta property=\"article:published_time\" content=\"2025-05-31T13:23:18+00:00\" \/>\n<meta property=\"article:modified_time\" content=\"2025-07-01T13:24:10+00:00\" \/>\n<meta property=\"og:image\" content=\"http:\/\/unaymilletras.com\/wp-content\/uploads\/2025\/07\/Low-Festival-2025-cartel-dias-IG-e1751376128254.jpg\" \/>\n\t<meta property=\"og:image:width\" content=\"600\" \/>\n\t<meta property=\"og:image:height\" content=\"750\" \/>\n\t<meta property=\"og:image:type\" content=\"image\/jpeg\" \/>\n<meta name=\"author\" content=\"Redacci\u00f3n\" \/>\n<meta name=\"twitter:card\" content=\"summary_large_image\" \/>\n<meta name=\"twitter:creator\" content=\"@UnaYMilLetras\" \/>\n<meta name=\"twitter:site\" content=\"@UnaYMilLetras\" \/>\n<meta name=\"twitter:label1\" content=\"Written by\" \/>\n\t<meta name=\"twitter:data1\" content=\"Redacci\u00f3n\" \/>\n\t<meta name=\"twitter:label2\" content=\"Estimated reading time\" \/>\n\t<meta name=\"twitter:data2\" content=\"2 minutes\" \/>\n<script type=\"application\/ld+json\" class=\"yoast-schema-graph\">{\"@context\":\"https:\\\/\\\/schema.org\",\"@graph\":[{\"@type\":\"Article\",\"@id\":\"https:\\\/\\\/unaymilletras.com\\\/low-festival-2025-celebra-su-15o-aniversario\\\/#article\",\"isPartOf\":{\"@id\":\"https:\\\/\\\/unaymilletras.com\\\/low-festival-2025-celebra-su-15o-aniversario\\\/\"},\"author\":{\"name\":\"Redacci\u00f3n\",\"@id\":\"http:\\\/\\\/unaymilletras.com\\\/#\\\/schema\\\/person\\\/0860dc8a218329991ee2c7591f4f849d\"},\"headline\":\"Low Festival 2025 celebra su 15\u00ba aniversario\",\"datePublished\":\"2025-05-31T13:23:18+00:00\",\"dateModified\":\"2025-07-01T13:24:10+00:00\",\"mainEntityOfPage\":{\"@id\":\"https:\\\/\\\/unaymilletras.com\\\/low-festival-2025-celebra-su-15o-aniversario\\\/\"},\"wordCount\":199,\"publisher\":{\"@id\":\"http:\\\/\\\/unaymilletras.com\\\/#organization\"},\"image\":{\"@id\":\"https:\\\/\\\/unaymilletras.com\\\/low-festival-2025-celebra-su-15o-aniversario\\\/#primaryimage\"},\"thumbnailUrl\":\"https:\\\/\\\/unaymilletras.com\\\/wp-content\\\/uploads\\\/2025\\\/07\\\/Low-Festival-2025-cartel-dias-IG-e1751376128254.jpg\",\"articleSection\":[\"M\u00fasica\"],\"inLanguage\":\"en-GB\"},{\"@type\":\"WebPage\",\"@id\":\"https:\\\/\\\/unaymilletras.com\\\/low-festival-2025-celebra-su-15o-aniversario\\\/\",\"url\":\"https:\\\/\\\/unaymilletras.com\\\/low-festival-2025-celebra-su-15o-aniversario\\\/\",\"name\":\"Low Festival 2025 celebra su 15\u00ba aniversario\",\"isPartOf\":{\"@id\":\"http:\\\/\\\/unaymilletras.com\\\/#website\"},\"primaryImageOfPage\":{\"@id\":\"https:\\\/\\\/unaymilletras.com\\\/low-festival-2025-celebra-su-15o-aniversario\\\/#primaryimage\"},\"image\":{\"@id\":\"https:\\\/\\\/unaymilletras.com\\\/low-festival-2025-celebra-su-15o-aniversario\\\/#primaryimage\"},\"thumbnailUrl\":\"https:\\\/\\\/unaymilletras.com\\\/wp-content\\\/uploads\\\/2025\\\/07\\\/Low-Festival-2025-cartel-dias-IG-e1751376128254.jpg\",\"datePublished\":\"2025-05-31T13:23:18+00:00\",\"dateModified\":\"2025-07-01T13:24:10+00:00\",\"description\":\"El Low Festival 2025 se consolida en Benidorm con un cartel ambicioso que une a Pet Shop Boys, Fangoria, Amaia, The Kooks y Bomba Est\u00e9reo\",\"breadcrumb\":{\"@id\":\"https:\\\/\\\/unaymilletras.com\\\/low-festival-2025-celebra-su-15o-aniversario\\\/#breadcrumb\"},\"inLanguage\":\"en-GB\",\"potentialAction\":[{\"@type\":\"ReadAction\",\"target\":[\"https:\\\/\\\/unaymilletras.com\\\/low-festival-2025-celebra-su-15o-aniversario\\\/\"]}]},{\"@type\":\"ImageObject\",\"inLanguage\":\"en-GB\",\"@id\":\"https:\\\/\\\/unaymilletras.com\\\/low-festival-2025-celebra-su-15o-aniversario\\\/#primaryimage\",\"url\":\"https:\\\/\\\/unaymilletras.com\\\/wp-content\\\/uploads\\\/2025\\\/07\\\/Low-Festival-2025-cartel-dias-IG-e1751376128254.jpg\",\"contentUrl\":\"https:\\\/\\\/unaymilletras.com\\\/wp-content\\\/uploads\\\/2025\\\/07\\\/Low-Festival-2025-cartel-dias-IG-e1751376128254.jpg\",\"width\":600,\"height\":750,\"caption\":\"Low Festival 2025\"},{\"@type\":\"BreadcrumbList\",\"@id\":\"https:\\\/\\\/unaymilletras.com\\\/low-festival-2025-celebra-su-15o-aniversario\\\/#breadcrumb\",\"itemListElement\":[{\"@type\":\"ListItem\",\"position\":1,\"name\":\"Home\",\"item\":\"http:\\\/\\\/unaymilletras.com\\\/\"},{\"@type\":\"ListItem\",\"position\":2,\"name\":\"Low Festival 2025 celebra su 15\u00ba aniversario\"}]},{\"@type\":\"WebSite\",\"@id\":\"http:\\\/\\\/unaymilletras.com\\\/#website\",\"url\":\"http:\\\/\\\/unaymilletras.com\\\/\",\"name\":\"Una y Mil Letras\",\"description\":\"\",\"publisher\":{\"@id\":\"http:\\\/\\\/unaymilletras.com\\\/#organization\"},\"potentialAction\":[{\"@type\":\"SearchAction\",\"target\":{\"@type\":\"EntryPoint\",\"urlTemplate\":\"http:\\\/\\\/unaymilletras.com\\\/?s={search_term_string}\"},\"query-input\":{\"@type\":\"PropertyValueSpecification\",\"valueRequired\":true,\"valueName\":\"search_term_string\"}}],\"inLanguage\":\"en-GB\"},{\"@type\":\"Organization\",\"@id\":\"http:\\\/\\\/unaymilletras.com\\\/#organization\",\"name\":\"Una y Mil Letras\",\"url\":\"http:\\\/\\\/unaymilletras.com\\\/\",\"logo\":{\"@type\":\"ImageObject\",\"inLanguage\":\"en-GB\",\"@id\":\"http:\\\/\\\/unaymilletras.com\\\/#\\\/schema\\\/logo\\\/image\\\/\",\"url\":\"https:\\\/\\\/unaymilletras.com\\\/wp-content\\\/uploads\\\/2024\\\/06\\\/cropped-Logo-removebg-preview.png\",\"contentUrl\":\"https:\\\/\\\/unaymilletras.com\\\/wp-content\\\/uploads\\\/2024\\\/06\\\/cropped-Logo-removebg-preview.png\",\"width\":512,\"height\":512,\"caption\":\"Una y Mil Letras\"},\"image\":{\"@id\":\"http:\\\/\\\/unaymilletras.com\\\/#\\\/schema\\\/logo\\\/image\\\/\"},\"sameAs\":[\"https:\\\/\\\/x.com\\\/UnaYMilLetras\",\"https:\\\/\\\/instagram.com\\\/UnaYMilLetras\"]},{\"@type\":\"Person\",\"@id\":\"http:\\\/\\\/unaymilletras.com\\\/#\\\/schema\\\/person\\\/0860dc8a218329991ee2c7591f4f849d\",\"name\":\"Redacci\u00f3n\",\"image\":{\"@type\":\"ImageObject\",\"inLanguage\":\"en-GB\",\"@id\":\"https:\\\/\\\/secure.gravatar.com\\\/avatar\\\/d8f55e05a8b6597e45c55a1dcbdbfe44f4a360d88b48e00de5216a79b7732796?s=96&d=mm&r=g\",\"url\":\"https:\\\/\\\/secure.gravatar.com\\\/avatar\\\/d8f55e05a8b6597e45c55a1dcbdbfe44f4a360d88b48e00de5216a79b7732796?s=96&d=mm&r=g\",\"contentUrl\":\"https:\\\/\\\/secure.gravatar.com\\\/avatar\\\/d8f55e05a8b6597e45c55a1dcbdbfe44f4a360d88b48e00de5216a79b7732796?s=96&d=mm&r=g\",\"caption\":\"Redacci\u00f3n\"},\"url\":\"https:\\\/\\\/unaymilletras.com\\\/en\\\/author\\\/redaccion\\\/\"}]}<\/script>\n<!-- \/ Yoast SEO plugin. -->","yoast_head_json":{"title":"Low Festival 2025 celebra su 15\u00ba aniversario","description":"El Low Festival 2025 se consolida en Benidorm con un cartel ambicioso que une a Pet Shop Boys, Fangoria, Amaia, The Kooks y Bomba Est\u00e9reo","robots":{"index":"index","follow":"follow","max-snippet":"max-snippet:-1","max-image-preview":"max-image-preview:large","max-video-preview":"max-video-preview:-1"},"canonical":"https:\/\/unaymilletras.com\/en\/low-festival-2025-celebra-su-15o-aniversario\/","og_locale":"en_GB","og_type":"article","og_title":"Low Festival 2025 celebra su 15\u00ba aniversario","og_description":"El Low Festival 2025 se consolida en Benidorm con un cartel ambicioso que une a Pet Shop Boys, Fangoria, Amaia, The Kooks y Bomba Est\u00e9reo","og_url":"https:\/\/unaymilletras.com\/en\/low-festival-2025-celebra-su-15o-aniversario\/","og_site_name":"Una y Mil Letras","article_published_time":"2025-05-31T13:23:18+00:00","article_modified_time":"2025-07-01T13:24:10+00:00","og_image":[{"width":600,"height":750,"url":"http:\/\/unaymilletras.com\/wp-content\/uploads\/2025\/07\/Low-Festival-2025-cartel-dias-IG-e1751376128254.jpg","type":"image\/jpeg"}],"author":"Redacci\u00f3n","twitter_card":"summary_large_image","twitter_creator":"@UnaYMilLetras","twitter_site":"@UnaYMilLetras","twitter_misc":{"Written by":"Redacci\u00f3n","Estimated reading time":"2 minutes"},"schema":{"@context":"https:\/\/schema.org","@graph":[{"@type":"Article","@id":"https:\/\/unaymilletras.com\/low-festival-2025-celebra-su-15o-aniversario\/#article","isPartOf":{"@id":"https:\/\/unaymilletras.com\/low-festival-2025-celebra-su-15o-aniversario\/"},"author":{"name":"Redacci\u00f3n","@id":"http:\/\/unaymilletras.com\/#\/schema\/person\/0860dc8a218329991ee2c7591f4f849d"},"headline":"Low Festival 2025 celebra su 15\u00ba aniversario","datePublished":"2025-05-31T13:23:18+00:00","dateModified":"2025-07-01T13:24:10+00:00","mainEntityOfPage":{"@id":"https:\/\/unaymilletras.com\/low-festival-2025-celebra-su-15o-aniversario\/"},"wordCount":199,"publisher":{"@id":"http:\/\/unaymilletras.com\/#organization"},"image":{"@id":"https:\/\/unaymilletras.com\/low-festival-2025-celebra-su-15o-aniversario\/#primaryimage"},"thumbnailUrl":"https:\/\/unaymilletras.com\/wp-content\/uploads\/2025\/07\/Low-Festival-2025-cartel-dias-IG-e1751376128254.jpg","articleSection":["M\u00fasica"],"inLanguage":"en-GB"},{"@type":"WebPage","@id":"https:\/\/unaymilletras.com\/low-festival-2025-celebra-su-15o-aniversario\/","url":"https:\/\/unaymilletras.com\/low-festival-2025-celebra-su-15o-aniversario\/","name":"Low Festival 2025 celebra su 15\u00ba aniversario","isPartOf":{"@id":"http:\/\/unaymilletras.com\/#website"},"primaryImageOfPage":{"@id":"https:\/\/unaymilletras.com\/low-festival-2025-celebra-su-15o-aniversario\/#primaryimage"},"image":{"@id":"https:\/\/unaymilletras.com\/low-festival-2025-celebra-su-15o-aniversario\/#primaryimage"},"thumbnailUrl":"https:\/\/unaymilletras.com\/wp-content\/uploads\/2025\/07\/Low-Festival-2025-cartel-dias-IG-e1751376128254.jpg","datePublished":"2025-05-31T13:23:18+00:00","dateModified":"2025-07-01T13:24:10+00:00","description":"El Low Festival 2025 se consolida en Benidorm con un cartel ambicioso que une a Pet Shop Boys, Fangoria, Amaia, The Kooks y Bomba Est\u00e9reo","breadcrumb":{"@id":"https:\/\/unaymilletras.com\/low-festival-2025-celebra-su-15o-aniversario\/#breadcrumb"},"inLanguage":"en-GB","potentialAction":[{"@type":"ReadAction","target":["https:\/\/unaymilletras.com\/low-festival-2025-celebra-su-15o-aniversario\/"]}]},{"@type":"ImageObject","inLanguage":"en-GB","@id":"https:\/\/unaymilletras.com\/low-festival-2025-celebra-su-15o-aniversario\/#primaryimage","url":"https:\/\/unaymilletras.com\/wp-content\/uploads\/2025\/07\/Low-Festival-2025-cartel-dias-IG-e1751376128254.jpg","contentUrl":"https:\/\/unaymilletras.com\/wp-content\/uploads\/2025\/07\/Low-Festival-2025-cartel-dias-IG-e1751376128254.jpg","width":600,"height":750,"caption":"Low Festival 2025"},{"@type":"BreadcrumbList","@id":"https:\/\/unaymilletras.com\/low-festival-2025-celebra-su-15o-aniversario\/#breadcrumb","itemListElement":[{"@type":"ListItem","position":1,"name":"Home","item":"http:\/\/unaymilletras.com\/"},{"@type":"ListItem","position":2,"name":"Low Festival 2025 celebra su 15\u00ba aniversario"}]},{"@type":"WebSite","@id":"http:\/\/unaymilletras.com\/#website","url":"http:\/\/unaymilletras.com\/","name":"Una y Mil Letras","description":"","publisher":{"@id":"http:\/\/unaymilletras.com\/#organization"},"potentialAction":[{"@type":"SearchAction","target":{"@type":"EntryPoint","urlTemplate":"http:\/\/unaymilletras.com\/?s={search_term_string}"},"query-input":{"@type":"PropertyValueSpecification","valueRequired":true,"valueName":"search_term_string"}}],"inLanguage":"en-GB"},{"@type":"Organization","@id":"http:\/\/unaymilletras.com\/#organization","name":"Una y Mil Letras","url":"http:\/\/unaymilletras.com\/","logo":{"@type":"ImageObject","inLanguage":"en-GB","@id":"http:\/\/unaymilletras.com\/#\/schema\/logo\/image\/","url":"https:\/\/unaymilletras.com\/wp-content\/uploads\/2024\/06\/cropped-Logo-removebg-preview.png","contentUrl":"https:\/\/unaymilletras.com\/wp-content\/uploads\/2024\/06\/cropped-Logo-removebg-preview.png","width":512,"height":512,"caption":"Una y Mil Letras"},"image":{"@id":"http:\/\/unaymilletras.com\/#\/schema\/logo\/image\/"},"sameAs":["https:\/\/x.com\/UnaYMilLetras","https:\/\/instagram.com\/UnaYMilLetras"]},{"@type":"Person","@id":"http:\/\/unaymilletras.com\/#\/schema\/person\/0860dc8a218329991ee2c7591f4f849d","name":"Redacci\u00f3n","image":{"@type":"ImageObject","inLanguage":"en-GB","@id":"https:\/\/secure.gravatar.com\/avatar\/d8f55e05a8b6597e45c55a1dcbdbfe44f4a360d88b48e00de5216a79b7732796?s=96&d=mm&r=g","url":"https:\/\/secure.gravatar.com\/avatar\/d8f55e05a8b6597e45c55a1dcbdbfe44f4a360d88b48e00de5216a79b7732796?s=96&d=mm&r=g","contentUrl":"https:\/\/secure.gravatar.com\/avatar\/d8f55e05a8b6597e45c55a1dcbdbfe44f4a360d88b48e00de5216a79b7732796?s=96&d=mm&r=g","caption":"Redacci\u00f3n"},"url":"https:\/\/unaymilletras.com\/en\/author\/redaccion\/"}]}},"_links":{"self":[{"href":"https:\/\/unaymilletras.com\/en\/wp-json\/wp\/v2\/posts\/5219","targetHints":{"allow":["GET"]}}],"collection":[{"href":"https:\/\/unaymilletras.com\/en\/wp-json\/wp\/v2\/posts"}],"about":[{"href":"https:\/\/unaymilletras.com\/en\/wp-json\/wp\/v2\/types\/post"}],"author":[{"embeddable":true,"href":"https:\/\/unaymilletras.com\/en\/wp-json\/wp\/v2\/users\/6"}],"replies":[{"embeddable":true,"href":"https:\/\/unaymilletras.com\/en\/wp-json\/wp\/v2\/comments?post=5219"}],"version-history":[{"count":4,"href":"https:\/\/unaymilletras.com\/en\/wp-json\/wp\/v2\/posts\/5219\/revisions"}],"predecessor-version":[{"id":5224,"href":"https:\/\/unaymilletras.com\/en\/wp-json\/wp\/v2\/posts\/5219\/revisions\/5224"}],"wp:featuredmedia":[{"embeddable":true,"href":"https:\/\/unaymilletras.com\/en\/wp-json\/wp\/v2\/media\/5221"}],"wp:attachment":[{"href":"https:\/\/unaymilletras.com\/en\/wp-json\/wp\/v2\/media?parent=5219"}],"wp:term":[{"taxonomy":"category","embeddable":true,"href":"https:\/\/unaymilletras.com\/en\/wp-json\/wp\/v2\/categories?post=5219"},{"taxonomy":"post_tag","embeddable":true,"href":"https:\/\/unaymilletras.com\/en\/wp-json\/wp\/v2\/tags?post=5219"}],"curies":[{"name":"wp","href":"https:\/\/api.w.org\/{rel}","templated":true}]}}