{"id":5225,"date":"2025-06-27T16:21:37","date_gmt":"2025-06-27T14:21:37","guid":{"rendered":"https:\/\/unaymilletras.com\/?p=5225"},"modified":"2025-08-09T12:01:02","modified_gmt":"2025-08-09T10:01:02","slug":"nicky-jam-actua-este-domingo-en-opium-barcelona","status":"publish","type":"post","link":"https:\/\/unaymilletras.com\/en\/nicky-jam-actua-este-domingo-en-opium-barcelona\/","title":{"rendered":"Nicky Jam act\u00faa este domingo en Opium Barcelona"},"content":{"rendered":"<div data-elementor-type=\"wp-post\" data-elementor-id=\"5225\" class=\"elementor elementor-5225\">\n\t\t\t\t\t\t<section class=\"elementor-section elementor-top-section elementor-element elementor-element-bd57169 elementor-section-boxed elementor-section-height-default elementor-section-height-default\" data-id=\"bd57169\" data-element_type=\"section\" data-e-type=\"section\">\n\t\t\t\t\t\t<div class=\"elementor-container elementor-column-gap-default\">\n\t\t\t\t\t<div class=\"elementor-column elementor-col-100 elementor-top-column elementor-element elementor-element-1495bf3\" data-id=\"1495bf3\" data-element_type=\"column\" data-e-type=\"column\">\n\t\t\t<div class=\"elementor-widget-wrap elementor-element-populated\">\n\t\t\t\t\t\t<div class=\"elementor-element elementor-element-b921287 elementor-widget elementor-widget-text-editor\" data-id=\"b921287\" data-element_type=\"widget\" data-e-type=\"widget\" data-widget_type=\"text-editor.default\">\n\t\t\t\t<div class=\"elementor-widget-container\">\n\t\t\t\t\t\t\t\t\t<h2 style=\"text-align: center;\" data-start=\"0\" data-end=\"198\"><span style=\"color: #808080;\"><em data-start=\"85\" data-end=\"198\">El concierto de Nicky Jam marca uno de los momentos clave del verano musical en la ciudad condal.<\/em><\/span><\/h2>\t\t\t\t\t\t\t\t<\/div>\n\t\t\t\t<\/div>\n\t\t\t\t\t<\/div>\n\t\t<\/div>\n\t\t\t\t\t<\/div>\n\t\t<\/section>\n\t\t\t\t<section class=\"elementor-section elementor-top-section elementor-element elementor-element-91c25bb elementor-section-boxed elementor-section-height-default elementor-section-height-default\" data-id=\"91c25bb\" data-element_type=\"section\" data-e-type=\"section\">\n\t\t\t\t\t\t<div class=\"elementor-container elementor-column-gap-default\">\n\t\t\t\t\t<div class=\"elementor-column elementor-col-100 elementor-top-column elementor-element elementor-element-b033e91\" data-id=\"b033e91\" data-element_type=\"column\" data-e-type=\"column\">\n\t\t\t<div class=\"elementor-widget-wrap elementor-element-populated\">\n\t\t\t\t\t\t<div class=\"elementor-element elementor-element-5274240 elementor-widget elementor-widget-text-editor\" data-id=\"5274240\" data-element_type=\"widget\" data-e-type=\"widget\" data-widget_type=\"text-editor.default\">\n\t\t\t\t<div class=\"elementor-widget-container\">\n\t\t\t\t\t\t\t\t\t<p data-start=\"200\" data-end=\"408\">Barcelona se prepara para recibir a uno de los grandes \u00edconos del reggaet\u00f3n. Nicky Jam actuar\u00e1 este domingo 29 de junio en Opium Barcelona, dentro del ciclo Mandrake, y las entradas est\u00e1n a punto de agotarse.<\/p><p data-start=\"410\" data-end=\"733\">La expectaci\u00f3n ha sido m\u00e1xima desde que se anunci\u00f3 el evento. Tanto las entradas generales como los accesos VIP han volado en tiempo r\u00e9cord, confirmando el magnetismo del artista. Se espera una noche vibrante en uno de los clubs m\u00e1s emblem\u00e1ticos de la ciudad, que consolida su prestigio con esta cita musical de alto nivel.<\/p>\t\t\t\t\t\t\t\t<\/div>\n\t\t\t\t<\/div>\n\t\t\t\t\t<\/div>\n\t\t<\/div>\n\t\t\t\t\t<\/div>\n\t\t<\/section>\n\t\t\t\t<section class=\"elementor-section elementor-top-section elementor-element elementor-element-ec79d0d elementor-section-boxed elementor-section-height-default elementor-section-height-default\" data-id=\"ec79d0d\" data-element_type=\"section\" data-e-type=\"section\">\n\t\t\t\t\t\t<div class=\"elementor-container elementor-column-gap-default\">\n\t\t\t\t\t<div class=\"elementor-column elementor-col-100 elementor-top-column elementor-element elementor-element-c13dd0c\" data-id=\"c13dd0c\" data-element_type=\"column\" data-e-type=\"column\">\n\t\t\t<div class=\"elementor-widget-wrap elementor-element-populated\">\n\t\t\t\t\t\t<div class=\"elementor-element elementor-element-e8ebbb4 elementor-widget elementor-widget-image\" data-id=\"e8ebbb4\" data-element_type=\"widget\" data-e-type=\"widget\" data-widget_type=\"image.default\">\n\t\t\t\t<div class=\"elementor-widget-container\">\n\t\t\t\t\t\t\t\t\t\t\t\t\t\t\t<img fetchpriority=\"high\" decoding=\"async\" width=\"613\" height=\"776\" src=\"https:\/\/unaymilletras.com\/wp-content\/uploads\/2025\/07\/image.jpg\" class=\"attachment-large size-large wp-image-5242\" alt=\"Nicky Jam\" srcset=\"https:\/\/unaymilletras.com\/wp-content\/uploads\/2025\/07\/image.jpg 613w, https:\/\/unaymilletras.com\/wp-content\/uploads\/2025\/07\/image-237x300.jpg 237w, https:\/\/unaymilletras.com\/wp-content\/uploads\/2025\/07\/image-9x12.jpg 9w\" sizes=\"(max-width: 613px) 100vw, 613px\" \/>\t\t\t\t\t\t\t\t\t\t\t\t\t\t\t<\/div>\n\t\t\t\t<\/div>\n\t\t\t\t\t<\/div>\n\t\t<\/div>\n\t\t\t\t\t<\/div>\n\t\t<\/section>\n\t\t\t\t<section class=\"elementor-section elementor-top-section elementor-element elementor-element-2a9afc0 elementor-section-boxed elementor-section-height-default elementor-section-height-default\" data-id=\"2a9afc0\" data-element_type=\"section\" data-e-type=\"section\">\n\t\t\t\t\t\t<div class=\"elementor-container elementor-column-gap-default\">\n\t\t\t\t\t<div class=\"elementor-column elementor-col-100 elementor-top-column elementor-element elementor-element-d110a4b\" data-id=\"d110a4b\" data-element_type=\"column\" data-e-type=\"column\">\n\t\t\t<div class=\"elementor-widget-wrap elementor-element-populated\">\n\t\t\t\t\t\t<div class=\"elementor-element elementor-element-2e0c666 elementor-widget elementor-widget-text-editor\" data-id=\"2e0c666\" data-element_type=\"widget\" data-e-type=\"widget\" data-widget_type=\"text-editor.default\">\n\t\t\t\t<div class=\"elementor-widget-container\">\n\t\t\t\t\t\t\t\t\t<p data-start=\"735\" data-end=\"1033\">Nicky Jam cuenta con m\u00e1s de dos d\u00e9cadas de carrera y una discograf\u00eda repleta de himnos del g\u00e9nero. Cl\u00e1sicos como <em>El Perd\u00f3n<\/em>, <em>Travesuras<\/em> o <em>Hasta el Amanecer<\/em>\u00a0han marcado generaciones. Su regreso art\u00edstico desde Medell\u00edn lo catapult\u00f3 como una de las figuras m\u00e1s influyentes del reggaet\u00f3n moderno.<\/p><p data-start=\"1035\" data-end=\"1294\">Opium Barcelona sigue creciendo como destino imprescindible para los amantes de la m\u00fasica en vivo. Tras recibir a figuras como Jason Derulo o Travis Scott, la actuaci\u00f3n de Nicky Jam refuerza su apuesta por experiencias exclusivas y programaci\u00f3n internacional.<\/p><p data-start=\"1296\" data-end=\"1431\" data-is-last-node=\"\" data-is-only-node=\"\">Este domingo, el reggaet\u00f3n toma el control de la noche barcelonesa. Y lo hace con un sold out inminente que augura un show inolvidable.<\/p>\t\t\t\t\t\t\t\t<\/div>\n\t\t\t\t<\/div>\n\t\t\t\t\t<\/div>\n\t\t<\/div>\n\t\t\t\t\t<\/div>\n\t\t<\/section>\n\t\t\t\t<\/div>","protected":false},"excerpt":{"rendered":"<p>El concierto de Nicky Jam marca uno de los momentos clave del verano musical en la ciudad condal. Barcelona se prepara para recibir a uno de los grandes \u00edconos del reggaet\u00f3n. Nicky Jam actuar\u00e1 este domingo 29 de junio en Opium Barcelona, dentro del ciclo Mandrake, y las entradas est\u00e1n a punto de agotarse. La [&hellip;]<\/p>\n","protected":false},"author":6,"featured_media":5242,"comment_status":"closed","ping_status":"closed","sticky":false,"template":"","format":"standard","meta":{"footnotes":""},"categories":[4],"tags":[],"class_list":["post-5225","post","type-post","status-publish","format-standard","has-post-thumbnail","hentry","category-musica"],"yoast_head":"<!-- This site is optimized with the Yoast SEO plugin v27.4 - https:\/\/yoast.com\/product\/yoast-seo-wordpress\/ -->\n<title>Nicky Jam act\u00faa este domingo en Opium Barcelona &#8902; Una y Mil Letras<\/title>\n<meta name=\"description\" content=\"El concierto de la leyenda, Nicky Jam, marca uno de los momentos clave del verano musical en la ciudad condal\" \/>\n<meta name=\"robots\" content=\"index, follow, max-snippet:-1, max-image-preview:large, max-video-preview:-1\" \/>\n<link rel=\"canonical\" href=\"https:\/\/unaymilletras.com\/en\/nicky-jam-actua-este-domingo-en-opium-barcelona\/\" \/>\n<meta property=\"og:locale\" content=\"en_GB\" \/>\n<meta property=\"og:type\" content=\"article\" \/>\n<meta property=\"og:title\" content=\"Nicky Jam act\u00faa este domingo en Opium Barcelona &#8902; Una y Mil Letras\" \/>\n<meta property=\"og:description\" content=\"El concierto de la leyenda, Nicky Jam, marca uno de los momentos clave del verano musical en la ciudad condal\" \/>\n<meta property=\"og:url\" content=\"https:\/\/unaymilletras.com\/en\/nicky-jam-actua-este-domingo-en-opium-barcelona\/\" \/>\n<meta property=\"og:site_name\" content=\"Una y Mil Letras\" \/>\n<meta property=\"article:published_time\" content=\"2025-06-27T14:21:37+00:00\" \/>\n<meta property=\"article:modified_time\" content=\"2025-08-09T10:01:02+00:00\" \/>\n<meta property=\"og:image\" content=\"http:\/\/unaymilletras.com\/wp-content\/uploads\/2025\/07\/image.jpg\" \/>\n\t<meta property=\"og:image:width\" content=\"613\" \/>\n\t<meta property=\"og:image:height\" content=\"776\" \/>\n\t<meta property=\"og:image:type\" content=\"image\/jpeg\" \/>\n<meta name=\"author\" content=\"Redacci\u00f3n\" \/>\n<meta name=\"twitter:card\" content=\"summary_large_image\" \/>\n<meta name=\"twitter:creator\" content=\"@UnaYMilLetras\" \/>\n<meta name=\"twitter:site\" content=\"@UnaYMilLetras\" \/>\n<meta name=\"twitter:label1\" content=\"Written by\" \/>\n\t<meta name=\"twitter:data1\" content=\"Redacci\u00f3n\" \/>\n\t<meta name=\"twitter:label2\" content=\"Estimated reading time\" \/>\n\t<meta name=\"twitter:data2\" content=\"2 minutes\" \/>\n<script type=\"application\/ld+json\" class=\"yoast-schema-graph\">{\"@context\":\"https:\\\/\\\/schema.org\",\"@graph\":[{\"@type\":\"Article\",\"@id\":\"https:\\\/\\\/unaymilletras.com\\\/nicky-jam-actua-este-domingo-en-opium-barcelona\\\/#article\",\"isPartOf\":{\"@id\":\"https:\\\/\\\/unaymilletras.com\\\/nicky-jam-actua-este-domingo-en-opium-barcelona\\\/\"},\"author\":{\"name\":\"Redacci\u00f3n\",\"@id\":\"http:\\\/\\\/unaymilletras.com\\\/#\\\/schema\\\/person\\\/0860dc8a218329991ee2c7591f4f849d\"},\"headline\":\"Nicky Jam act\u00faa este domingo en Opium Barcelona\",\"datePublished\":\"2025-06-27T14:21:37+00:00\",\"dateModified\":\"2025-08-09T10:01:02+00:00\",\"mainEntityOfPage\":{\"@id\":\"https:\\\/\\\/unaymilletras.com\\\/nicky-jam-actua-este-domingo-en-opium-barcelona\\\/\"},\"wordCount\":248,\"publisher\":{\"@id\":\"http:\\\/\\\/unaymilletras.com\\\/#organization\"},\"image\":{\"@id\":\"https:\\\/\\\/unaymilletras.com\\\/nicky-jam-actua-este-domingo-en-opium-barcelona\\\/#primaryimage\"},\"thumbnailUrl\":\"https:\\\/\\\/unaymilletras.com\\\/wp-content\\\/uploads\\\/2025\\\/07\\\/image.jpg\",\"articleSection\":[\"M\u00fasica\"],\"inLanguage\":\"en-GB\"},{\"@type\":\"WebPage\",\"@id\":\"https:\\\/\\\/unaymilletras.com\\\/nicky-jam-actua-este-domingo-en-opium-barcelona\\\/\",\"url\":\"https:\\\/\\\/unaymilletras.com\\\/nicky-jam-actua-este-domingo-en-opium-barcelona\\\/\",\"name\":\"Nicky Jam act\u00faa este domingo en Opium Barcelona &#8902; Una y Mil Letras\",\"isPartOf\":{\"@id\":\"http:\\\/\\\/unaymilletras.com\\\/#website\"},\"primaryImageOfPage\":{\"@id\":\"https:\\\/\\\/unaymilletras.com\\\/nicky-jam-actua-este-domingo-en-opium-barcelona\\\/#primaryimage\"},\"image\":{\"@id\":\"https:\\\/\\\/unaymilletras.com\\\/nicky-jam-actua-este-domingo-en-opium-barcelona\\\/#primaryimage\"},\"thumbnailUrl\":\"https:\\\/\\\/unaymilletras.com\\\/wp-content\\\/uploads\\\/2025\\\/07\\\/image.jpg\",\"datePublished\":\"2025-06-27T14:21:37+00:00\",\"dateModified\":\"2025-08-09T10:01:02+00:00\",\"description\":\"El concierto de la leyenda, Nicky Jam, marca uno de los momentos clave del verano musical en la ciudad condal\",\"breadcrumb\":{\"@id\":\"https:\\\/\\\/unaymilletras.com\\\/nicky-jam-actua-este-domingo-en-opium-barcelona\\\/#breadcrumb\"},\"inLanguage\":\"en-GB\",\"potentialAction\":[{\"@type\":\"ReadAction\",\"target\":[\"https:\\\/\\\/unaymilletras.com\\\/nicky-jam-actua-este-domingo-en-opium-barcelona\\\/\"]}]},{\"@type\":\"ImageObject\",\"inLanguage\":\"en-GB\",\"@id\":\"https:\\\/\\\/unaymilletras.com\\\/nicky-jam-actua-este-domingo-en-opium-barcelona\\\/#primaryimage\",\"url\":\"https:\\\/\\\/unaymilletras.com\\\/wp-content\\\/uploads\\\/2025\\\/07\\\/image.jpg\",\"contentUrl\":\"https:\\\/\\\/unaymilletras.com\\\/wp-content\\\/uploads\\\/2025\\\/07\\\/image.jpg\",\"width\":613,\"height\":776,\"caption\":\"Nicky Jam\"},{\"@type\":\"BreadcrumbList\",\"@id\":\"https:\\\/\\\/unaymilletras.com\\\/nicky-jam-actua-este-domingo-en-opium-barcelona\\\/#breadcrumb\",\"itemListElement\":[{\"@type\":\"ListItem\",\"position\":1,\"name\":\"Home\",\"item\":\"http:\\\/\\\/unaymilletras.com\\\/\"},{\"@type\":\"ListItem\",\"position\":2,\"name\":\"Nicky Jam act\u00faa este domingo en Opium Barcelona\"}]},{\"@type\":\"WebSite\",\"@id\":\"http:\\\/\\\/unaymilletras.com\\\/#website\",\"url\":\"http:\\\/\\\/unaymilletras.com\\\/\",\"name\":\"Una y Mil Letras\",\"description\":\"\",\"publisher\":{\"@id\":\"http:\\\/\\\/unaymilletras.com\\\/#organization\"},\"potentialAction\":[{\"@type\":\"SearchAction\",\"target\":{\"@type\":\"EntryPoint\",\"urlTemplate\":\"http:\\\/\\\/unaymilletras.com\\\/?s={search_term_string}\"},\"query-input\":{\"@type\":\"PropertyValueSpecification\",\"valueRequired\":true,\"valueName\":\"search_term_string\"}}],\"inLanguage\":\"en-GB\"},{\"@type\":\"Organization\",\"@id\":\"http:\\\/\\\/unaymilletras.com\\\/#organization\",\"name\":\"Una y Mil Letras\",\"url\":\"http:\\\/\\\/unaymilletras.com\\\/\",\"logo\":{\"@type\":\"ImageObject\",\"inLanguage\":\"en-GB\",\"@id\":\"http:\\\/\\\/unaymilletras.com\\\/#\\\/schema\\\/logo\\\/image\\\/\",\"url\":\"https:\\\/\\\/unaymilletras.com\\\/wp-content\\\/uploads\\\/2024\\\/06\\\/cropped-Logo-removebg-preview.png\",\"contentUrl\":\"https:\\\/\\\/unaymilletras.com\\\/wp-content\\\/uploads\\\/2024\\\/06\\\/cropped-Logo-removebg-preview.png\",\"width\":512,\"height\":512,\"caption\":\"Una y Mil Letras\"},\"image\":{\"@id\":\"http:\\\/\\\/unaymilletras.com\\\/#\\\/schema\\\/logo\\\/image\\\/\"},\"sameAs\":[\"https:\\\/\\\/x.com\\\/UnaYMilLetras\",\"https:\\\/\\\/instagram.com\\\/UnaYMilLetras\"]},{\"@type\":\"Person\",\"@id\":\"http:\\\/\\\/unaymilletras.com\\\/#\\\/schema\\\/person\\\/0860dc8a218329991ee2c7591f4f849d\",\"name\":\"Redacci\u00f3n\",\"image\":{\"@type\":\"ImageObject\",\"inLanguage\":\"en-GB\",\"@id\":\"https:\\\/\\\/secure.gravatar.com\\\/avatar\\\/d8f55e05a8b6597e45c55a1dcbdbfe44f4a360d88b48e00de5216a79b7732796?s=96&d=mm&r=g\",\"url\":\"https:\\\/\\\/secure.gravatar.com\\\/avatar\\\/d8f55e05a8b6597e45c55a1dcbdbfe44f4a360d88b48e00de5216a79b7732796?s=96&d=mm&r=g\",\"contentUrl\":\"https:\\\/\\\/secure.gravatar.com\\\/avatar\\\/d8f55e05a8b6597e45c55a1dcbdbfe44f4a360d88b48e00de5216a79b7732796?s=96&d=mm&r=g\",\"caption\":\"Redacci\u00f3n\"},\"url\":\"https:\\\/\\\/unaymilletras.com\\\/en\\\/author\\\/redaccion\\\/\"}]}<\/script>\n<!-- \/ Yoast SEO plugin. -->","yoast_head_json":{"title":"Nicky Jam act\u00faa este domingo en Opium Barcelona &#8902; Una y Mil Letras","description":"El concierto de la leyenda, Nicky Jam, marca uno de los momentos clave del verano musical en la ciudad condal","robots":{"index":"index","follow":"follow","max-snippet":"max-snippet:-1","max-image-preview":"max-image-preview:large","max-video-preview":"max-video-preview:-1"},"canonical":"https:\/\/unaymilletras.com\/en\/nicky-jam-actua-este-domingo-en-opium-barcelona\/","og_locale":"en_GB","og_type":"article","og_title":"Nicky Jam act\u00faa este domingo en Opium Barcelona &#8902; Una y Mil Letras","og_description":"El concierto de la leyenda, Nicky Jam, marca uno de los momentos clave del verano musical en la ciudad condal","og_url":"https:\/\/unaymilletras.com\/en\/nicky-jam-actua-este-domingo-en-opium-barcelona\/","og_site_name":"Una y Mil Letras","article_published_time":"2025-06-27T14:21:37+00:00","article_modified_time":"2025-08-09T10:01:02+00:00","og_image":[{"width":613,"height":776,"url":"http:\/\/unaymilletras.com\/wp-content\/uploads\/2025\/07\/image.jpg","type":"image\/jpeg"}],"author":"Redacci\u00f3n","twitter_card":"summary_large_image","twitter_creator":"@UnaYMilLetras","twitter_site":"@UnaYMilLetras","twitter_misc":{"Written by":"Redacci\u00f3n","Estimated reading time":"2 minutes"},"schema":{"@context":"https:\/\/schema.org","@graph":[{"@type":"Article","@id":"https:\/\/unaymilletras.com\/nicky-jam-actua-este-domingo-en-opium-barcelona\/#article","isPartOf":{"@id":"https:\/\/unaymilletras.com\/nicky-jam-actua-este-domingo-en-opium-barcelona\/"},"author":{"name":"Redacci\u00f3n","@id":"http:\/\/unaymilletras.com\/#\/schema\/person\/0860dc8a218329991ee2c7591f4f849d"},"headline":"Nicky Jam act\u00faa este domingo en Opium Barcelona","datePublished":"2025-06-27T14:21:37+00:00","dateModified":"2025-08-09T10:01:02+00:00","mainEntityOfPage":{"@id":"https:\/\/unaymilletras.com\/nicky-jam-actua-este-domingo-en-opium-barcelona\/"},"wordCount":248,"publisher":{"@id":"http:\/\/unaymilletras.com\/#organization"},"image":{"@id":"https:\/\/unaymilletras.com\/nicky-jam-actua-este-domingo-en-opium-barcelona\/#primaryimage"},"thumbnailUrl":"https:\/\/unaymilletras.com\/wp-content\/uploads\/2025\/07\/image.jpg","articleSection":["M\u00fasica"],"inLanguage":"en-GB"},{"@type":"WebPage","@id":"https:\/\/unaymilletras.com\/nicky-jam-actua-este-domingo-en-opium-barcelona\/","url":"https:\/\/unaymilletras.com\/nicky-jam-actua-este-domingo-en-opium-barcelona\/","name":"Nicky Jam act\u00faa este domingo en Opium Barcelona &#8902; Una y Mil Letras","isPartOf":{"@id":"http:\/\/unaymilletras.com\/#website"},"primaryImageOfPage":{"@id":"https:\/\/unaymilletras.com\/nicky-jam-actua-este-domingo-en-opium-barcelona\/#primaryimage"},"image":{"@id":"https:\/\/unaymilletras.com\/nicky-jam-actua-este-domingo-en-opium-barcelona\/#primaryimage"},"thumbnailUrl":"https:\/\/unaymilletras.com\/wp-content\/uploads\/2025\/07\/image.jpg","datePublished":"2025-06-27T14:21:37+00:00","dateModified":"2025-08-09T10:01:02+00:00","description":"El concierto de la leyenda, Nicky Jam, marca uno de los momentos clave del verano musical en la ciudad condal","breadcrumb":{"@id":"https:\/\/unaymilletras.com\/nicky-jam-actua-este-domingo-en-opium-barcelona\/#breadcrumb"},"inLanguage":"en-GB","potentialAction":[{"@type":"ReadAction","target":["https:\/\/unaymilletras.com\/nicky-jam-actua-este-domingo-en-opium-barcelona\/"]}]},{"@type":"ImageObject","inLanguage":"en-GB","@id":"https:\/\/unaymilletras.com\/nicky-jam-actua-este-domingo-en-opium-barcelona\/#primaryimage","url":"https:\/\/unaymilletras.com\/wp-content\/uploads\/2025\/07\/image.jpg","contentUrl":"https:\/\/unaymilletras.com\/wp-content\/uploads\/2025\/07\/image.jpg","width":613,"height":776,"caption":"Nicky Jam"},{"@type":"BreadcrumbList","@id":"https:\/\/unaymilletras.com\/nicky-jam-actua-este-domingo-en-opium-barcelona\/#breadcrumb","itemListElement":[{"@type":"ListItem","position":1,"name":"Home","item":"http:\/\/unaymilletras.com\/"},{"@type":"ListItem","position":2,"name":"Nicky Jam act\u00faa este domingo en Opium Barcelona"}]},{"@type":"WebSite","@id":"http:\/\/unaymilletras.com\/#website","url":"http:\/\/unaymilletras.com\/","name":"Una y Mil Letras","description":"","publisher":{"@id":"http:\/\/unaymilletras.com\/#organization"},"potentialAction":[{"@type":"SearchAction","target":{"@type":"EntryPoint","urlTemplate":"http:\/\/unaymilletras.com\/?s={search_term_string}"},"query-input":{"@type":"PropertyValueSpecification","valueRequired":true,"valueName":"search_term_string"}}],"inLanguage":"en-GB"},{"@type":"Organization","@id":"http:\/\/unaymilletras.com\/#organization","name":"Una y Mil Letras","url":"http:\/\/unaymilletras.com\/","logo":{"@type":"ImageObject","inLanguage":"en-GB","@id":"http:\/\/unaymilletras.com\/#\/schema\/logo\/image\/","url":"https:\/\/unaymilletras.com\/wp-content\/uploads\/2024\/06\/cropped-Logo-removebg-preview.png","contentUrl":"https:\/\/unaymilletras.com\/wp-content\/uploads\/2024\/06\/cropped-Logo-removebg-preview.png","width":512,"height":512,"caption":"Una y Mil Letras"},"image":{"@id":"http:\/\/unaymilletras.com\/#\/schema\/logo\/image\/"},"sameAs":["https:\/\/x.com\/UnaYMilLetras","https:\/\/instagram.com\/UnaYMilLetras"]},{"@type":"Person","@id":"http:\/\/unaymilletras.com\/#\/schema\/person\/0860dc8a218329991ee2c7591f4f849d","name":"Redacci\u00f3n","image":{"@type":"ImageObject","inLanguage":"en-GB","@id":"https:\/\/secure.gravatar.com\/avatar\/d8f55e05a8b6597e45c55a1dcbdbfe44f4a360d88b48e00de5216a79b7732796?s=96&d=mm&r=g","url":"https:\/\/secure.gravatar.com\/avatar\/d8f55e05a8b6597e45c55a1dcbdbfe44f4a360d88b48e00de5216a79b7732796?s=96&d=mm&r=g","contentUrl":"https:\/\/secure.gravatar.com\/avatar\/d8f55e05a8b6597e45c55a1dcbdbfe44f4a360d88b48e00de5216a79b7732796?s=96&d=mm&r=g","caption":"Redacci\u00f3n"},"url":"https:\/\/unaymilletras.com\/en\/author\/redaccion\/"}]}},"_links":{"self":[{"href":"https:\/\/unaymilletras.com\/en\/wp-json\/wp\/v2\/posts\/5225","targetHints":{"allow":["GET"]}}],"collection":[{"href":"https:\/\/unaymilletras.com\/en\/wp-json\/wp\/v2\/posts"}],"about":[{"href":"https:\/\/unaymilletras.com\/en\/wp-json\/wp\/v2\/types\/post"}],"author":[{"embeddable":true,"href":"https:\/\/unaymilletras.com\/en\/wp-json\/wp\/v2\/users\/6"}],"replies":[{"embeddable":true,"href":"https:\/\/unaymilletras.com\/en\/wp-json\/wp\/v2\/comments?post=5225"}],"version-history":[{"count":7,"href":"https:\/\/unaymilletras.com\/en\/wp-json\/wp\/v2\/posts\/5225\/revisions"}],"predecessor-version":[{"id":5248,"href":"https:\/\/unaymilletras.com\/en\/wp-json\/wp\/v2\/posts\/5225\/revisions\/5248"}],"wp:featuredmedia":[{"embeddable":true,"href":"https:\/\/unaymilletras.com\/en\/wp-json\/wp\/v2\/media\/5242"}],"wp:attachment":[{"href":"https:\/\/unaymilletras.com\/en\/wp-json\/wp\/v2\/media?parent=5225"}],"wp:term":[{"taxonomy":"category","embeddable":true,"href":"https:\/\/unaymilletras.com\/en\/wp-json\/wp\/v2\/categories?post=5225"},{"taxonomy":"post_tag","embeddable":true,"href":"https:\/\/unaymilletras.com\/en\/wp-json\/wp\/v2\/tags?post=5225"}],"curies":[{"name":"wp","href":"https:\/\/api.w.org\/{rel}","templated":true}]}}