{"id":5252,"date":"2025-07-09T15:03:53","date_gmt":"2025-07-09T13:03:53","guid":{"rendered":"https:\/\/unaymilletras.com\/?p=5252"},"modified":"2025-07-09T15:03:53","modified_gmt":"2025-07-09T13:03:53","slug":"paulo-londra-y-rvfv-se-unen-en-nanaena","status":"publish","type":"post","link":"https:\/\/unaymilletras.com\/en\/paulo-londra-y-rvfv-se-unen-en-nanaena\/","title":{"rendered":"Paulo Londra y RVFV se unen en \u00abNANAENA\u00bb"},"content":{"rendered":"<div data-elementor-type=\"wp-post\" data-elementor-id=\"5252\" class=\"elementor elementor-5252\">\n\t\t\t\t\t\t<section class=\"elementor-section elementor-top-section elementor-element elementor-element-965d9c9 elementor-section-boxed elementor-section-height-default elementor-section-height-default\" data-id=\"965d9c9\" data-element_type=\"section\" data-e-type=\"section\">\n\t\t\t\t\t\t<div class=\"elementor-container elementor-column-gap-default\">\n\t\t\t\t\t<div class=\"elementor-column elementor-col-100 elementor-top-column elementor-element elementor-element-024d50e\" data-id=\"024d50e\" data-element_type=\"column\" data-e-type=\"column\">\n\t\t\t<div class=\"elementor-widget-wrap elementor-element-populated\">\n\t\t\t\t\t\t<div class=\"elementor-element elementor-element-1441bd4 elementor-widget elementor-widget-text-editor\" data-id=\"1441bd4\" data-element_type=\"widget\" data-e-type=\"widget\" data-widget_type=\"text-editor.default\">\n\t\t\t\t<div class=\"elementor-widget-container\">\n\t\t\t\t\t\t\t\t\t<p>\u00a0<\/p><h2>En medio de su Tour 2025, Paulo Londra sorprende con el estreno de \u00abNANAENA\u00bb, su primera colaboraci\u00f3n con el espa\u00f1ol RVFV.<\/h2>\t\t\t\t\t\t\t\t<\/div>\n\t\t\t\t<\/div>\n\t\t\t\t<div class=\"elementor-element elementor-element-8f45dec elementor-widget elementor-widget-image\" data-id=\"8f45dec\" data-element_type=\"widget\" data-e-type=\"widget\" data-widget_type=\"image.default\">\n\t\t\t\t<div class=\"elementor-widget-container\">\n\t\t\t\t\t\t\t\t\t\t\t\t\t\t\t<img fetchpriority=\"high\" decoding=\"async\" width=\"600\" height=\"600\" src=\"https:\/\/unaymilletras.com\/wp-content\/uploads\/2025\/07\/PORTADA_NANAENA_PL-e1751630341926.jpg\" class=\"attachment-large size-large wp-image-5254\" alt=\"\" \/>\t\t\t\t\t\t\t\t\t\t\t\t\t\t\t<\/div>\n\t\t\t\t<\/div>\n\t\t\t\t<div class=\"elementor-element elementor-element-29f43d6 elementor-widget elementor-widget-text-editor\" data-id=\"29f43d6\" data-element_type=\"widget\" data-e-type=\"widget\" data-widget_type=\"text-editor.default\">\n\t\t\t\t<div class=\"elementor-widget-container\">\n\t\t\t\t\t\t\t\t\t<p>\u00a0<\/p><p>El tema llega tras el \u00e9xito e \u00abMujer Maravilla\u00bb, que super\u00f3 las 4 millones de reproducciones en plataformas digitales, y promete ser el<strong> nuevo himno del verano<\/strong>. Con un sonido fresco y vibrante, \u00abNANAENA\u00bb combina la versatilidad de Paulo Londra con la potencia urbana de RVFV, creando una <strong>f\u00f3rmula explosiva<\/strong> para los fans.\u00a0<\/p><p>El <strong>videoclip<\/strong> en formato lyric video fue grabado en las playas de Ibiza y potencia a\u00fan m\u00e1s la vibra tropical del tema. \u00abNANAENA\u00bb te teletransporta al verano.\u00a0<\/p>\t\t\t\t\t\t\t\t<\/div>\n\t\t\t\t<\/div>\n\t\t\t\t\t<\/div>\n\t\t<\/div>\n\t\t\t\t\t<\/div>\n\t\t<\/section>\n\t\t\t\t<section class=\"elementor-section elementor-top-section elementor-element elementor-element-1ae4637 elementor-section-boxed elementor-section-height-default elementor-section-height-default\" data-id=\"1ae4637\" data-element_type=\"section\" data-e-type=\"section\">\n\t\t\t\t\t\t<div class=\"elementor-container elementor-column-gap-default\">\n\t\t\t\t\t<div class=\"elementor-column elementor-col-100 elementor-top-column elementor-element elementor-element-e9852bf\" data-id=\"e9852bf\" data-element_type=\"column\" data-e-type=\"column\">\n\t\t\t<div class=\"elementor-widget-wrap elementor-element-populated\">\n\t\t\t\t\t\t<div class=\"elementor-element elementor-element-c76a106 elementor-widget elementor-widget-video\" data-id=\"c76a106\" data-element_type=\"widget\" data-e-type=\"widget\" data-settings=\"{&quot;youtube_url&quot;:&quot;https:\\\/\\\/youtu.be\\\/aWAf5N-IKqQ?si=WsZ0UBVeR6UR0J4m&quot;,&quot;video_type&quot;:&quot;youtube&quot;,&quot;controls&quot;:&quot;yes&quot;}\" data-widget_type=\"video.default\">\n\t\t\t\t<div class=\"elementor-widget-container\">\n\t\t\t\t\t\t\t<div class=\"elementor-wrapper elementor-open-inline\">\n\t\t\t<div class=\"elementor-video\"><\/div>\t\t<\/div>\n\t\t\t\t\t\t<\/div>\n\t\t\t\t<\/div>\n\t\t\t\t\t<\/div>\n\t\t<\/div>\n\t\t\t\t\t<\/div>\n\t\t<\/section>\n\t\t\t\t<section class=\"elementor-section elementor-top-section elementor-element elementor-element-acc611e elementor-section-boxed elementor-section-height-default elementor-section-height-default\" data-id=\"acc611e\" data-element_type=\"section\" data-e-type=\"section\">\n\t\t\t\t\t\t<div class=\"elementor-container elementor-column-gap-default\">\n\t\t\t\t\t<div class=\"elementor-column elementor-col-100 elementor-top-column elementor-element elementor-element-58a2575\" data-id=\"58a2575\" data-element_type=\"column\" data-e-type=\"column\">\n\t\t\t<div class=\"elementor-widget-wrap elementor-element-populated\">\n\t\t\t\t\t\t<div class=\"elementor-element elementor-element-a39355d elementor-widget elementor-widget-text-editor\" data-id=\"a39355d\" data-element_type=\"widget\" data-e-type=\"widget\" data-widget_type=\"text-editor.default\">\n\t\t\t\t<div class=\"elementor-widget-container\">\n\t\t\t\t\t\t\t\t\t<p>\u00a0<\/p><p>El lanzamiento de esta colaboraci\u00f3n se da mientras Paulo Londra arrasa en su gira internacional, con dos funciones sold out en el Movistar Arena de Buenos Aires, y otros conciertos agotados en Barcelona (Palau Sant Jordi), Madrid (Movistar Arena) y cinco shows en M\u00e9xico que reunieron a m\u00e1s de 70.000 personas.\u00a0<\/p><p>En los pr\u00f3ximos meses, el artista cordob\u00e9s pasar\u00e1 por Costa Rica, Per\u00fa, Guatemala, Paragay, Chile, Colombia y Ecuador, y cerrar\u00e1 el Tour 2025 el 29 de noviembre en el Guality Arena de C\u00f3rdoba, su ciudad natal, con entradas ya agotadas.\u00a0<\/p>\t\t\t\t\t\t\t\t<\/div>\n\t\t\t\t<\/div>\n\t\t\t\t\t<\/div>\n\t\t<\/div>\n\t\t\t\t\t<\/div>\n\t\t<\/section>\n\t\t\t\t<section class=\"elementor-section elementor-top-section elementor-element elementor-element-b00e47c elementor-section-boxed elementor-section-height-default elementor-section-height-default\" data-id=\"b00e47c\" data-element_type=\"section\" data-e-type=\"section\">\n\t\t\t\t\t\t<div class=\"elementor-container elementor-column-gap-default\">\n\t\t\t\t\t<div class=\"elementor-column elementor-col-100 elementor-top-column elementor-element elementor-element-fd814f1\" data-id=\"fd814f1\" data-element_type=\"column\" data-e-type=\"column\">\n\t\t\t<div class=\"elementor-widget-wrap elementor-element-populated\">\n\t\t\t\t\t\t<div class=\"elementor-element elementor-element-0b695d8 elementor-align-center elementor-widget elementor-widget-button\" data-id=\"0b695d8\" data-element_type=\"widget\" data-e-type=\"widget\" data-widget_type=\"button.default\">\n\t\t\t\t<div class=\"elementor-widget-container\">\n\t\t\t\t\t\t\t\t\t<div class=\"elementor-button-wrapper\">\n\t\t\t\t\t<a class=\"elementor-button elementor-button-link elementor-size-sm\" href=\"\">\n\t\t\t\t\t\t<span class=\"elementor-button-content-wrapper\">\n\t\t\t\t\t\t\t\t\t<span class=\"elementor-button-text\">Escucha \"NANAENA\"<\/span>\n\t\t\t\t\t<\/span>\n\t\t\t\t\t<\/a>\n\t\t\t\t<\/div>\n\t\t\t\t\t\t\t\t<\/div>\n\t\t\t\t<\/div>\n\t\t\t\t\t<\/div>\n\t\t<\/div>\n\t\t\t\t\t<\/div>\n\t\t<\/section>\n\t\t\t\t<\/div>","protected":false},"excerpt":{"rendered":"<p>\u00a0 En medio de su Tour 2025, Paulo Londra sorprende con el estreno de \u00abNANAENA\u00bb, su primera colaboraci\u00f3n con el espa\u00f1ol RVFV. \u00a0 El tema llega tras el \u00e9xito e \u00abMujer Maravilla\u00bb, que super\u00f3 las 4 millones de reproducciones en plataformas digitales, y promete ser el nuevo himno del verano. Con un sonido fresco y [&hellip;]<\/p>\n","protected":false},"author":9,"featured_media":5254,"comment_status":"closed","ping_status":"closed","sticky":false,"template":"","format":"standard","meta":{"footnotes":""},"categories":[4],"tags":[169,125,201],"class_list":["post-5252","post","type-post","status-publish","format-standard","has-post-thumbnail","hentry","category-musica","tag-musica","tag-paulo-londra","tag-rvfv"],"yoast_head":"<!-- This site is optimized with the Yoast SEO plugin v27.5 - https:\/\/yoast.com\/product\/yoast-seo-wordpress\/ -->\n<title>Paulo Londra y RVFV se unen en &quot;NANAENA&quot;<\/title>\n<meta name=\"description\" content=\"Paulo Londra sorprende con el estreno de \u201cNANAENA\u201d, en colaboraci\u00f3n con RVFV.Una canci\u00f3n con flow playero y energ\u00eda veraniega.\" \/>\n<meta name=\"robots\" content=\"index, follow, max-snippet:-1, max-image-preview:large, max-video-preview:-1\" \/>\n<link rel=\"canonical\" href=\"https:\/\/unaymilletras.com\/en\/paulo-londra-y-rvfv-se-unen-en-nanaena\/\" \/>\n<meta property=\"og:locale\" content=\"en_GB\" \/>\n<meta property=\"og:type\" content=\"article\" \/>\n<meta property=\"og:title\" content=\"Paulo Londra y RVFV se unen en &quot;NANAENA&quot;\" \/>\n<meta property=\"og:description\" content=\"Paulo Londra sorprende con el estreno de \u201cNANAENA\u201d, en colaboraci\u00f3n con RVFV.Una canci\u00f3n con flow playero y energ\u00eda veraniega.\" \/>\n<meta property=\"og:url\" content=\"https:\/\/unaymilletras.com\/en\/paulo-londra-y-rvfv-se-unen-en-nanaena\/\" \/>\n<meta property=\"og:site_name\" content=\"Una y Mil Letras\" \/>\n<meta property=\"article:published_time\" content=\"2025-07-09T13:03:53+00:00\" \/>\n<meta property=\"og:image\" content=\"http:\/\/unaymilletras.com\/wp-content\/uploads\/2025\/07\/PORTADA_NANAENA_PL-e1751630341926.jpg\" \/>\n\t<meta property=\"og:image:width\" content=\"600\" \/>\n\t<meta property=\"og:image:height\" content=\"600\" \/>\n\t<meta property=\"og:image:type\" content=\"image\/jpeg\" \/>\n<meta name=\"author\" content=\"Victoria Hern\u00e1ndez\" \/>\n<meta name=\"twitter:card\" content=\"summary_large_image\" \/>\n<meta name=\"twitter:creator\" content=\"@UnaYMilLetras\" \/>\n<meta name=\"twitter:site\" content=\"@UnaYMilLetras\" \/>\n<meta name=\"twitter:label1\" content=\"Written by\" \/>\n\t<meta name=\"twitter:data1\" content=\"Victoria Hern\u00e1ndez\" \/>\n\t<meta name=\"twitter:label2\" content=\"Estimated reading time\" \/>\n\t<meta name=\"twitter:data2\" content=\"2 minutes\" \/>\n<script type=\"application\/ld+json\" class=\"yoast-schema-graph\">{\"@context\":\"https:\\\/\\\/schema.org\",\"@graph\":[{\"@type\":\"Article\",\"@id\":\"https:\\\/\\\/unaymilletras.com\\\/paulo-londra-y-rvfv-se-unen-en-nanaena\\\/#article\",\"isPartOf\":{\"@id\":\"https:\\\/\\\/unaymilletras.com\\\/paulo-londra-y-rvfv-se-unen-en-nanaena\\\/\"},\"author\":{\"name\":\"Victoria Hern\u00e1ndez\",\"@id\":\"http:\\\/\\\/unaymilletras.com\\\/#\\\/schema\\\/person\\\/90f1e88e4c10951a79965c8106280f0a\"},\"headline\":\"Paulo Londra y RVFV se unen en \u00abNANAENA\u00bb\",\"datePublished\":\"2025-07-09T13:03:53+00:00\",\"mainEntityOfPage\":{\"@id\":\"https:\\\/\\\/unaymilletras.com\\\/paulo-londra-y-rvfv-se-unen-en-nanaena\\\/\"},\"wordCount\":219,\"publisher\":{\"@id\":\"http:\\\/\\\/unaymilletras.com\\\/#organization\"},\"image\":{\"@id\":\"https:\\\/\\\/unaymilletras.com\\\/paulo-londra-y-rvfv-se-unen-en-nanaena\\\/#primaryimage\"},\"thumbnailUrl\":\"https:\\\/\\\/unaymilletras.com\\\/wp-content\\\/uploads\\\/2025\\\/07\\\/PORTADA_NANAENA_PL-e1751630341926.jpg\",\"keywords\":[\"musica\",\"paulo londra\",\"RVFV\"],\"articleSection\":[\"M\u00fasica\"],\"inLanguage\":\"en-GB\"},{\"@type\":\"WebPage\",\"@id\":\"https:\\\/\\\/unaymilletras.com\\\/paulo-londra-y-rvfv-se-unen-en-nanaena\\\/\",\"url\":\"https:\\\/\\\/unaymilletras.com\\\/paulo-londra-y-rvfv-se-unen-en-nanaena\\\/\",\"name\":\"Paulo Londra y RVFV se unen en \\\"NANAENA\\\"\",\"isPartOf\":{\"@id\":\"http:\\\/\\\/unaymilletras.com\\\/#website\"},\"primaryImageOfPage\":{\"@id\":\"https:\\\/\\\/unaymilletras.com\\\/paulo-londra-y-rvfv-se-unen-en-nanaena\\\/#primaryimage\"},\"image\":{\"@id\":\"https:\\\/\\\/unaymilletras.com\\\/paulo-londra-y-rvfv-se-unen-en-nanaena\\\/#primaryimage\"},\"thumbnailUrl\":\"https:\\\/\\\/unaymilletras.com\\\/wp-content\\\/uploads\\\/2025\\\/07\\\/PORTADA_NANAENA_PL-e1751630341926.jpg\",\"datePublished\":\"2025-07-09T13:03:53+00:00\",\"description\":\"Paulo Londra sorprende con el estreno de \u201cNANAENA\u201d, en colaboraci\u00f3n con RVFV.Una canci\u00f3n con flow playero y energ\u00eda veraniega.\",\"breadcrumb\":{\"@id\":\"https:\\\/\\\/unaymilletras.com\\\/paulo-londra-y-rvfv-se-unen-en-nanaena\\\/#breadcrumb\"},\"inLanguage\":\"en-GB\",\"potentialAction\":[{\"@type\":\"ReadAction\",\"target\":[\"https:\\\/\\\/unaymilletras.com\\\/paulo-londra-y-rvfv-se-unen-en-nanaena\\\/\"]}]},{\"@type\":\"ImageObject\",\"inLanguage\":\"en-GB\",\"@id\":\"https:\\\/\\\/unaymilletras.com\\\/paulo-londra-y-rvfv-se-unen-en-nanaena\\\/#primaryimage\",\"url\":\"https:\\\/\\\/unaymilletras.com\\\/wp-content\\\/uploads\\\/2025\\\/07\\\/PORTADA_NANAENA_PL-e1751630341926.jpg\",\"contentUrl\":\"https:\\\/\\\/unaymilletras.com\\\/wp-content\\\/uploads\\\/2025\\\/07\\\/PORTADA_NANAENA_PL-e1751630341926.jpg\",\"width\":600,\"height\":600},{\"@type\":\"BreadcrumbList\",\"@id\":\"https:\\\/\\\/unaymilletras.com\\\/paulo-londra-y-rvfv-se-unen-en-nanaena\\\/#breadcrumb\",\"itemListElement\":[{\"@type\":\"ListItem\",\"position\":1,\"name\":\"Home\",\"item\":\"http:\\\/\\\/unaymilletras.com\\\/\"},{\"@type\":\"ListItem\",\"position\":2,\"name\":\"Paulo Londra y RVFV se unen en \u00abNANAENA\u00bb\"}]},{\"@type\":\"WebSite\",\"@id\":\"http:\\\/\\\/unaymilletras.com\\\/#website\",\"url\":\"http:\\\/\\\/unaymilletras.com\\\/\",\"name\":\"Una y Mil Letras\",\"description\":\"\",\"publisher\":{\"@id\":\"http:\\\/\\\/unaymilletras.com\\\/#organization\"},\"potentialAction\":[{\"@type\":\"SearchAction\",\"target\":{\"@type\":\"EntryPoint\",\"urlTemplate\":\"http:\\\/\\\/unaymilletras.com\\\/?s={search_term_string}\"},\"query-input\":{\"@type\":\"PropertyValueSpecification\",\"valueRequired\":true,\"valueName\":\"search_term_string\"}}],\"inLanguage\":\"en-GB\"},{\"@type\":\"Organization\",\"@id\":\"http:\\\/\\\/unaymilletras.com\\\/#organization\",\"name\":\"Una y Mil Letras\",\"url\":\"http:\\\/\\\/unaymilletras.com\\\/\",\"logo\":{\"@type\":\"ImageObject\",\"inLanguage\":\"en-GB\",\"@id\":\"http:\\\/\\\/unaymilletras.com\\\/#\\\/schema\\\/logo\\\/image\\\/\",\"url\":\"https:\\\/\\\/unaymilletras.com\\\/wp-content\\\/uploads\\\/2024\\\/06\\\/cropped-Logo-removebg-preview.png\",\"contentUrl\":\"https:\\\/\\\/unaymilletras.com\\\/wp-content\\\/uploads\\\/2024\\\/06\\\/cropped-Logo-removebg-preview.png\",\"width\":512,\"height\":512,\"caption\":\"Una y Mil Letras\"},\"image\":{\"@id\":\"http:\\\/\\\/unaymilletras.com\\\/#\\\/schema\\\/logo\\\/image\\\/\"},\"sameAs\":[\"https:\\\/\\\/x.com\\\/UnaYMilLetras\",\"https:\\\/\\\/instagram.com\\\/UnaYMilLetras\"]},{\"@type\":\"Person\",\"@id\":\"http:\\\/\\\/unaymilletras.com\\\/#\\\/schema\\\/person\\\/90f1e88e4c10951a79965c8106280f0a\",\"name\":\"Victoria Hern\u00e1ndez\",\"image\":{\"@type\":\"ImageObject\",\"inLanguage\":\"en-GB\",\"@id\":\"https:\\\/\\\/secure.gravatar.com\\\/avatar\\\/4a6a914c964cf29cc45dd00ef5c74e847f221f6a1039c94b8aa244949baeeda4?s=96&d=mm&r=g\",\"url\":\"https:\\\/\\\/secure.gravatar.com\\\/avatar\\\/4a6a914c964cf29cc45dd00ef5c74e847f221f6a1039c94b8aa244949baeeda4?s=96&d=mm&r=g\",\"contentUrl\":\"https:\\\/\\\/secure.gravatar.com\\\/avatar\\\/4a6a914c964cf29cc45dd00ef5c74e847f221f6a1039c94b8aa244949baeeda4?s=96&d=mm&r=g\",\"caption\":\"Victoria Hern\u00e1ndez\"},\"url\":\"https:\\\/\\\/unaymilletras.com\\\/en\\\/author\\\/victoriahernandez\\\/\"}]}<\/script>\n<!-- \/ Yoast SEO plugin. -->","yoast_head_json":{"title":"Paulo Londra y RVFV se unen en \"NANAENA\"","description":"Paulo Londra sorprende con el estreno de \u201cNANAENA\u201d, en colaboraci\u00f3n con RVFV.Una canci\u00f3n con flow playero y energ\u00eda veraniega.","robots":{"index":"index","follow":"follow","max-snippet":"max-snippet:-1","max-image-preview":"max-image-preview:large","max-video-preview":"max-video-preview:-1"},"canonical":"https:\/\/unaymilletras.com\/en\/paulo-londra-y-rvfv-se-unen-en-nanaena\/","og_locale":"en_GB","og_type":"article","og_title":"Paulo Londra y RVFV se unen en \"NANAENA\"","og_description":"Paulo Londra sorprende con el estreno de \u201cNANAENA\u201d, en colaboraci\u00f3n con RVFV.Una canci\u00f3n con flow playero y energ\u00eda veraniega.","og_url":"https:\/\/unaymilletras.com\/en\/paulo-londra-y-rvfv-se-unen-en-nanaena\/","og_site_name":"Una y Mil Letras","article_published_time":"2025-07-09T13:03:53+00:00","og_image":[{"width":600,"height":600,"url":"http:\/\/unaymilletras.com\/wp-content\/uploads\/2025\/07\/PORTADA_NANAENA_PL-e1751630341926.jpg","type":"image\/jpeg"}],"author":"Victoria Hern\u00e1ndez","twitter_card":"summary_large_image","twitter_creator":"@UnaYMilLetras","twitter_site":"@UnaYMilLetras","twitter_misc":{"Written by":"Victoria Hern\u00e1ndez","Estimated reading time":"2 minutes"},"schema":{"@context":"https:\/\/schema.org","@graph":[{"@type":"Article","@id":"https:\/\/unaymilletras.com\/paulo-londra-y-rvfv-se-unen-en-nanaena\/#article","isPartOf":{"@id":"https:\/\/unaymilletras.com\/paulo-londra-y-rvfv-se-unen-en-nanaena\/"},"author":{"name":"Victoria Hern\u00e1ndez","@id":"http:\/\/unaymilletras.com\/#\/schema\/person\/90f1e88e4c10951a79965c8106280f0a"},"headline":"Paulo Londra y RVFV se unen en \u00abNANAENA\u00bb","datePublished":"2025-07-09T13:03:53+00:00","mainEntityOfPage":{"@id":"https:\/\/unaymilletras.com\/paulo-londra-y-rvfv-se-unen-en-nanaena\/"},"wordCount":219,"publisher":{"@id":"http:\/\/unaymilletras.com\/#organization"},"image":{"@id":"https:\/\/unaymilletras.com\/paulo-londra-y-rvfv-se-unen-en-nanaena\/#primaryimage"},"thumbnailUrl":"https:\/\/unaymilletras.com\/wp-content\/uploads\/2025\/07\/PORTADA_NANAENA_PL-e1751630341926.jpg","keywords":["musica","paulo londra","RVFV"],"articleSection":["M\u00fasica"],"inLanguage":"en-GB"},{"@type":"WebPage","@id":"https:\/\/unaymilletras.com\/paulo-londra-y-rvfv-se-unen-en-nanaena\/","url":"https:\/\/unaymilletras.com\/paulo-londra-y-rvfv-se-unen-en-nanaena\/","name":"Paulo Londra y RVFV se unen en \"NANAENA\"","isPartOf":{"@id":"http:\/\/unaymilletras.com\/#website"},"primaryImageOfPage":{"@id":"https:\/\/unaymilletras.com\/paulo-londra-y-rvfv-se-unen-en-nanaena\/#primaryimage"},"image":{"@id":"https:\/\/unaymilletras.com\/paulo-londra-y-rvfv-se-unen-en-nanaena\/#primaryimage"},"thumbnailUrl":"https:\/\/unaymilletras.com\/wp-content\/uploads\/2025\/07\/PORTADA_NANAENA_PL-e1751630341926.jpg","datePublished":"2025-07-09T13:03:53+00:00","description":"Paulo Londra sorprende con el estreno de \u201cNANAENA\u201d, en colaboraci\u00f3n con RVFV.Una canci\u00f3n con flow playero y energ\u00eda veraniega.","breadcrumb":{"@id":"https:\/\/unaymilletras.com\/paulo-londra-y-rvfv-se-unen-en-nanaena\/#breadcrumb"},"inLanguage":"en-GB","potentialAction":[{"@type":"ReadAction","target":["https:\/\/unaymilletras.com\/paulo-londra-y-rvfv-se-unen-en-nanaena\/"]}]},{"@type":"ImageObject","inLanguage":"en-GB","@id":"https:\/\/unaymilletras.com\/paulo-londra-y-rvfv-se-unen-en-nanaena\/#primaryimage","url":"https:\/\/unaymilletras.com\/wp-content\/uploads\/2025\/07\/PORTADA_NANAENA_PL-e1751630341926.jpg","contentUrl":"https:\/\/unaymilletras.com\/wp-content\/uploads\/2025\/07\/PORTADA_NANAENA_PL-e1751630341926.jpg","width":600,"height":600},{"@type":"BreadcrumbList","@id":"https:\/\/unaymilletras.com\/paulo-londra-y-rvfv-se-unen-en-nanaena\/#breadcrumb","itemListElement":[{"@type":"ListItem","position":1,"name":"Home","item":"http:\/\/unaymilletras.com\/"},{"@type":"ListItem","position":2,"name":"Paulo Londra y RVFV se unen en \u00abNANAENA\u00bb"}]},{"@type":"WebSite","@id":"http:\/\/unaymilletras.com\/#website","url":"http:\/\/unaymilletras.com\/","name":"Una y Mil Letras","description":"","publisher":{"@id":"http:\/\/unaymilletras.com\/#organization"},"potentialAction":[{"@type":"SearchAction","target":{"@type":"EntryPoint","urlTemplate":"http:\/\/unaymilletras.com\/?s={search_term_string}"},"query-input":{"@type":"PropertyValueSpecification","valueRequired":true,"valueName":"search_term_string"}}],"inLanguage":"en-GB"},{"@type":"Organization","@id":"http:\/\/unaymilletras.com\/#organization","name":"Una y Mil Letras","url":"http:\/\/unaymilletras.com\/","logo":{"@type":"ImageObject","inLanguage":"en-GB","@id":"http:\/\/unaymilletras.com\/#\/schema\/logo\/image\/","url":"https:\/\/unaymilletras.com\/wp-content\/uploads\/2024\/06\/cropped-Logo-removebg-preview.png","contentUrl":"https:\/\/unaymilletras.com\/wp-content\/uploads\/2024\/06\/cropped-Logo-removebg-preview.png","width":512,"height":512,"caption":"Una y Mil Letras"},"image":{"@id":"http:\/\/unaymilletras.com\/#\/schema\/logo\/image\/"},"sameAs":["https:\/\/x.com\/UnaYMilLetras","https:\/\/instagram.com\/UnaYMilLetras"]},{"@type":"Person","@id":"http:\/\/unaymilletras.com\/#\/schema\/person\/90f1e88e4c10951a79965c8106280f0a","name":"Victoria Hern\u00e1ndez","image":{"@type":"ImageObject","inLanguage":"en-GB","@id":"https:\/\/secure.gravatar.com\/avatar\/4a6a914c964cf29cc45dd00ef5c74e847f221f6a1039c94b8aa244949baeeda4?s=96&d=mm&r=g","url":"https:\/\/secure.gravatar.com\/avatar\/4a6a914c964cf29cc45dd00ef5c74e847f221f6a1039c94b8aa244949baeeda4?s=96&d=mm&r=g","contentUrl":"https:\/\/secure.gravatar.com\/avatar\/4a6a914c964cf29cc45dd00ef5c74e847f221f6a1039c94b8aa244949baeeda4?s=96&d=mm&r=g","caption":"Victoria Hern\u00e1ndez"},"url":"https:\/\/unaymilletras.com\/en\/author\/victoriahernandez\/"}]}},"_links":{"self":[{"href":"https:\/\/unaymilletras.com\/en\/wp-json\/wp\/v2\/posts\/5252","targetHints":{"allow":["GET"]}}],"collection":[{"href":"https:\/\/unaymilletras.com\/en\/wp-json\/wp\/v2\/posts"}],"about":[{"href":"https:\/\/unaymilletras.com\/en\/wp-json\/wp\/v2\/types\/post"}],"author":[{"embeddable":true,"href":"https:\/\/unaymilletras.com\/en\/wp-json\/wp\/v2\/users\/9"}],"replies":[{"embeddable":true,"href":"https:\/\/unaymilletras.com\/en\/wp-json\/wp\/v2\/comments?post=5252"}],"version-history":[{"count":4,"href":"https:\/\/unaymilletras.com\/en\/wp-json\/wp\/v2\/posts\/5252\/revisions"}],"predecessor-version":[{"id":5257,"href":"https:\/\/unaymilletras.com\/en\/wp-json\/wp\/v2\/posts\/5252\/revisions\/5257"}],"wp:featuredmedia":[{"embeddable":true,"href":"https:\/\/unaymilletras.com\/en\/wp-json\/wp\/v2\/media\/5254"}],"wp:attachment":[{"href":"https:\/\/unaymilletras.com\/en\/wp-json\/wp\/v2\/media?parent=5252"}],"wp:term":[{"taxonomy":"category","embeddable":true,"href":"https:\/\/unaymilletras.com\/en\/wp-json\/wp\/v2\/categories?post=5252"},{"taxonomy":"post_tag","embeddable":true,"href":"https:\/\/unaymilletras.com\/en\/wp-json\/wp\/v2\/tags?post=5252"}],"curies":[{"name":"wp","href":"https:\/\/api.w.org\/{rel}","templated":true}]}}