{"id":5258,"date":"2025-07-07T19:00:23","date_gmt":"2025-07-07T17:00:23","guid":{"rendered":"https:\/\/unaymilletras.com\/?p=5258"},"modified":"2025-07-07T19:00:23","modified_gmt":"2025-07-07T17:00:23","slug":"walls-conmigo-no-lloras-nuevo-single","status":"publish","type":"post","link":"https:\/\/unaymilletras.com\/en\/walls-conmigo-no-lloras-nuevo-single\/","title":{"rendered":"\u201cConmigo no lloras\u201d, la nueva era emocional de Walls"},"content":{"rendered":"<div data-elementor-type=\"wp-post\" data-elementor-id=\"5258\" class=\"elementor elementor-5258\">\n\t\t\t\t\t\t<section class=\"elementor-section elementor-top-section elementor-element elementor-element-05f0f5f elementor-section-boxed elementor-section-height-default elementor-section-height-default\" data-id=\"05f0f5f\" data-element_type=\"section\" data-e-type=\"section\">\n\t\t\t\t\t\t<div class=\"elementor-container elementor-column-gap-default\">\n\t\t\t\t\t<div class=\"elementor-column elementor-col-100 elementor-top-column elementor-element elementor-element-fe8fd4e\" data-id=\"fe8fd4e\" data-element_type=\"column\" data-e-type=\"column\">\n\t\t\t<div class=\"elementor-widget-wrap elementor-element-populated\">\n\t\t\t\t\t\t<div class=\"elementor-element elementor-element-087cc66 elementor-widget elementor-widget-text-editor\" data-id=\"087cc66\" data-element_type=\"widget\" data-e-type=\"widget\" data-widget_type=\"text-editor.default\">\n\t\t\t\t<div class=\"elementor-widget-container\">\n\t\t\t\t\t\t\t\t\t<p>\u00a0<\/p><p>\u00a0<\/p><h3><strong data-start=\"143\" data-end=\"152\">Walls<\/strong> vuelve con fuerza con el estreno de <strong><em data-start=\"189\" data-end=\"210\">\u201cConmigo no lloras\u201d<\/em><\/strong>, un tema que marca una nueva etapa. El single apuesta por un <strong data-start=\"297\" data-end=\"364\">pop madurado, con toques noventeros y una clara carga emocional.<\/strong><\/h3>\t\t\t\t\t\t\t\t<\/div>\n\t\t\t\t<\/div>\n\t\t\t\t\t<\/div>\n\t\t<\/div>\n\t\t\t\t\t<\/div>\n\t\t<\/section>\n\t\t\t\t<section class=\"elementor-section elementor-top-section elementor-element elementor-element-5c4a91f elementor-section-boxed elementor-section-height-default elementor-section-height-default\" data-id=\"5c4a91f\" data-element_type=\"section\" data-e-type=\"section\">\n\t\t\t\t\t\t<div class=\"elementor-container elementor-column-gap-default\">\n\t\t\t\t\t<div class=\"elementor-column elementor-col-100 elementor-top-column elementor-element elementor-element-8f3e137\" data-id=\"8f3e137\" data-element_type=\"column\" data-e-type=\"column\">\n\t\t\t<div class=\"elementor-widget-wrap elementor-element-populated\">\n\t\t\t\t\t\t<div class=\"elementor-element elementor-element-bf7121f elementor-widget elementor-widget-text-editor\" data-id=\"bf7121f\" data-element_type=\"widget\" data-e-type=\"widget\" data-widget_type=\"text-editor.default\">\n\t\t\t\t<div class=\"elementor-widget-container\">\n\t\t\t\t\t\t\t\t\t<p>\u00a0<\/p><p>\u00a0Despu\u00e9s del \u00e9xito de \u00abMi Nena\u00bb, Walls explora ahora el <strong>dolor de una despedida<\/strong> sin dramatismo, pero con una mirada honestra hacia lo que se fue. En esta canci\u00f3n, el artista <strong>no suplica un regreso<\/strong>: desea lo mejor, pero deja claro que <strong>hay cosas que no se repiten.<\/strong>\u00a0<\/p><p>La letra se mueve entre <strong>la frustraci\u00f3n, el orgullo y\u00a0 la aceptaci\u00f3n.<\/strong> Es una carta sin filtro a ese amor que decidi\u00f3 seguir su camino. <strong>\u00abConmigo no lloras\u00bb<\/strong> no es una ruptura com\u00fan, sino una declaraci\u00f3n que deja huella.\u00a0<\/p>\t\t\t\t\t\t\t\t<\/div>\n\t\t\t\t<\/div>\n\t\t\t\t<div class=\"elementor-element elementor-element-6a9a88f elementor-widget elementor-widget-image\" data-id=\"6a9a88f\" data-element_type=\"widget\" data-e-type=\"widget\" data-widget_type=\"image.default\">\n\t\t\t\t<div class=\"elementor-widget-container\">\n\t\t\t\t\t\t\t\t\t\t\t\t\t\t\t<img fetchpriority=\"high\" decoding=\"async\" width=\"640\" height=\"427\" src=\"https:\/\/unaymilletras.com\/wp-content\/uploads\/2025\/07\/unnamed-1024x683.jpg\" class=\"attachment-large size-large wp-image-5259\" alt=\"\" srcset=\"https:\/\/unaymilletras.com\/wp-content\/uploads\/2025\/07\/unnamed-1024x683.jpg 1024w, https:\/\/unaymilletras.com\/wp-content\/uploads\/2025\/07\/unnamed-300x200.jpg 300w, https:\/\/unaymilletras.com\/wp-content\/uploads\/2025\/07\/unnamed-768x512.jpg 768w, https:\/\/unaymilletras.com\/wp-content\/uploads\/2025\/07\/unnamed-1536x1024.jpg 1536w, https:\/\/unaymilletras.com\/wp-content\/uploads\/2025\/07\/unnamed-2048x1365.jpg 2048w, https:\/\/unaymilletras.com\/wp-content\/uploads\/2025\/07\/unnamed-18x12.jpg 18w, https:\/\/unaymilletras.com\/wp-content\/uploads\/2025\/07\/unnamed-scaled-e1751652525251.jpg 600w\" sizes=\"(max-width: 640px) 100vw, 640px\" \/>\t\t\t\t\t\t\t\t\t\t\t\t\t\t\t<\/div>\n\t\t\t\t<\/div>\n\t\t\t\t<div class=\"elementor-element elementor-element-c0df574 elementor-widget elementor-widget-text-editor\" data-id=\"c0df574\" data-element_type=\"widget\" data-e-type=\"widget\" data-widget_type=\"text-editor.default\">\n\t\t\t\t<div class=\"elementor-widget-container\">\n\t\t\t\t\t\t\t\t\t<p>\u00a0<\/p><p>\u00a0<\/p><p>A nivel musical, el tema mezcla el <strong>pop contempor\u00e1neo<\/strong> con <strong>influencias rancheras<\/strong> y una est\u00e9tica que emite a los 90s, sin dejar de sonar actual. El <strong>videoclip<\/strong>, dirigido por Max Lussson, se convierte en la parte esencial del relato: escenas metaf\u00f3ricas como la ca\u00edda en una fosa de barro o el protagonista aferrado al cap\u00f3 de un coche mientras ella conduce, <strong>representan la p\u00e9rdida, la renuncia y la memoria emocional<\/strong>.\u00a0<\/p>\t\t\t\t\t\t\t\t<\/div>\n\t\t\t\t<\/div>\n\t\t\t\t\t<\/div>\n\t\t<\/div>\n\t\t\t\t\t<\/div>\n\t\t<\/section>\n\t\t\t\t<section class=\"elementor-section elementor-top-section elementor-element elementor-element-0d2b836 elementor-section-boxed elementor-section-height-default elementor-section-height-default\" data-id=\"0d2b836\" data-element_type=\"section\" data-e-type=\"section\">\n\t\t\t\t\t\t<div class=\"elementor-container elementor-column-gap-default\">\n\t\t\t\t\t<div class=\"elementor-column elementor-col-100 elementor-top-column elementor-element elementor-element-9309244\" data-id=\"9309244\" data-element_type=\"column\" data-e-type=\"column\">\n\t\t\t<div class=\"elementor-widget-wrap elementor-element-populated\">\n\t\t\t\t\t\t<div class=\"elementor-element elementor-element-021467f elementor-widget elementor-widget-video\" data-id=\"021467f\" data-element_type=\"widget\" data-e-type=\"widget\" data-settings=\"{&quot;youtube_url&quot;:&quot;https:\\\/\\\/youtu.be\\\/KAKpHHWd55g?si=SQTK0Fo3DScoIAHO&quot;,&quot;video_type&quot;:&quot;youtube&quot;,&quot;controls&quot;:&quot;yes&quot;}\" data-widget_type=\"video.default\">\n\t\t\t\t<div class=\"elementor-widget-container\">\n\t\t\t\t\t\t\t<div class=\"elementor-wrapper elementor-open-inline\">\n\t\t\t<div class=\"elementor-video\"><\/div>\t\t<\/div>\n\t\t\t\t\t\t<\/div>\n\t\t\t\t<\/div>\n\t\t\t\t\t<\/div>\n\t\t<\/div>\n\t\t\t\t\t<\/div>\n\t\t<\/section>\n\t\t\t\t<section class=\"elementor-section elementor-top-section elementor-element elementor-element-499bf52 elementor-section-boxed elementor-section-height-default elementor-section-height-default\" data-id=\"499bf52\" data-element_type=\"section\" data-e-type=\"section\">\n\t\t\t\t\t\t<div class=\"elementor-container elementor-column-gap-default\">\n\t\t\t\t\t<div class=\"elementor-column elementor-col-100 elementor-top-column elementor-element elementor-element-c389e96\" data-id=\"c389e96\" data-element_type=\"column\" data-e-type=\"column\">\n\t\t\t<div class=\"elementor-widget-wrap elementor-element-populated\">\n\t\t\t\t\t\t<div class=\"elementor-element elementor-element-af8941b elementor-widget elementor-widget-text-editor\" data-id=\"af8941b\" data-element_type=\"widget\" data-e-type=\"widget\" data-widget_type=\"text-editor.default\">\n\t\t\t\t<div class=\"elementor-widget-container\">\n\t\t\t\t\t\t\t\t\t<p>\u00a0<\/p><p>Con una producci\u00f3n impecable y un mensaje potente, \u00abConmigo no lloras\u00bb, promete convertirse en uno de los momentos m\u00e1s esperados del <strong>concierto de Walls en el Movistar Arena de Madrid<\/strong>, programado para febrero de 2026. La canci\u00f3n est\u00e1 lista para ser coreada desde la primera escucha por un p\u00fablico que crece junto con \u00e9l.\u00a0<\/p>\t\t\t\t\t\t\t\t<\/div>\n\t\t\t\t<\/div>\n\t\t\t\t\t<\/div>\n\t\t<\/div>\n\t\t\t\t\t<\/div>\n\t\t<\/section>\n\t\t\t\t<section class=\"elementor-section elementor-top-section elementor-element elementor-element-c2136b9 elementor-section-boxed elementor-section-height-default elementor-section-height-default\" data-id=\"c2136b9\" data-element_type=\"section\" data-e-type=\"section\">\n\t\t\t\t\t\t<div class=\"elementor-container elementor-column-gap-default\">\n\t\t\t\t\t<div class=\"elementor-column elementor-col-100 elementor-top-column elementor-element elementor-element-b6c94f3\" data-id=\"b6c94f3\" data-element_type=\"column\" data-e-type=\"column\">\n\t\t\t<div class=\"elementor-widget-wrap elementor-element-populated\">\n\t\t\t\t\t\t<div class=\"elementor-element elementor-element-b0f9e5d elementor-align-center elementor-widget elementor-widget-button\" data-id=\"b0f9e5d\" data-element_type=\"widget\" data-e-type=\"widget\" data-widget_type=\"button.default\">\n\t\t\t\t<div class=\"elementor-widget-container\">\n\t\t\t\t\t\t\t\t\t<div class=\"elementor-button-wrapper\">\n\t\t\t\t\t<a class=\"elementor-button elementor-button-link elementor-size-sm\" href=\"#\">\n\t\t\t\t\t\t<span class=\"elementor-button-content-wrapper\">\n\t\t\t\t\t\t\t\t\t<span class=\"elementor-button-text\">Escucha \"Conmigo no lloras\"<\/span>\n\t\t\t\t\t<\/span>\n\t\t\t\t\t<\/a>\n\t\t\t\t<\/div>\n\t\t\t\t\t\t\t\t<\/div>\n\t\t\t\t<\/div>\n\t\t\t\t\t<\/div>\n\t\t<\/div>\n\t\t\t\t\t<\/div>\n\t\t<\/section>\n\t\t\t\t<\/div>","protected":false},"excerpt":{"rendered":"<p>\u00a0 \u00a0 Walls vuelve con fuerza con el estreno de \u201cConmigo no lloras\u201d, un tema que marca una nueva etapa. El single apuesta por un pop madurado, con toques noventeros y una clara carga emocional. \u00a0 \u00a0Despu\u00e9s del \u00e9xito de \u00abMi Nena\u00bb, Walls explora ahora el dolor de una despedida sin dramatismo, pero con una [&hellip;]<\/p>\n","protected":false},"author":9,"featured_media":5259,"comment_status":"closed","ping_status":"closed","sticky":false,"template":"","format":"standard","meta":{"footnotes":""},"categories":[4],"tags":[203,202],"class_list":["post-5258","post","type-post","status-publish","format-standard","has-post-thumbnail","hentry","category-musica","tag-single","tag-walls"],"yoast_head":"<!-- This site is optimized with the Yoast SEO plugin v27.4 - https:\/\/yoast.com\/product\/yoast-seo-wordpress\/ -->\n<title>\u201cConmigo no lloras\u201d, la nueva era emocional de Walls<\/title>\n<meta name=\"description\" content=\"Walls vuelve con el estreno de \u201cConmigo no lloras\u201d, un tema que marca una nueva etapa. Un pop madurado, con toques noventeros y una clara carga emocional\" \/>\n<meta name=\"robots\" content=\"index, follow, max-snippet:-1, max-image-preview:large, max-video-preview:-1\" \/>\n<link rel=\"canonical\" href=\"https:\/\/unaymilletras.com\/en\/walls-conmigo-no-lloras-nuevo-single\/\" \/>\n<meta property=\"og:locale\" content=\"en_GB\" \/>\n<meta property=\"og:type\" content=\"article\" \/>\n<meta property=\"og:title\" content=\"\u201cConmigo no lloras\u201d, la nueva era emocional de Walls\" \/>\n<meta property=\"og:description\" content=\"Walls vuelve con el estreno de \u201cConmigo no lloras\u201d, un tema que marca una nueva etapa. Un pop madurado, con toques noventeros y una clara carga emocional\" \/>\n<meta property=\"og:url\" content=\"https:\/\/unaymilletras.com\/en\/walls-conmigo-no-lloras-nuevo-single\/\" \/>\n<meta property=\"og:site_name\" content=\"Una y Mil Letras\" \/>\n<meta property=\"article:published_time\" content=\"2025-07-07T17:00:23+00:00\" \/>\n<meta property=\"og:image\" content=\"http:\/\/unaymilletras.com\/wp-content\/uploads\/2025\/07\/unnamed-scaled-e1751652525251.jpg\" \/>\n\t<meta property=\"og:image:width\" content=\"600\" \/>\n\t<meta property=\"og:image:height\" content=\"400\" \/>\n\t<meta property=\"og:image:type\" content=\"image\/jpeg\" \/>\n<meta name=\"author\" content=\"Victoria Hern\u00e1ndez\" \/>\n<meta name=\"twitter:card\" content=\"summary_large_image\" \/>\n<meta name=\"twitter:creator\" content=\"@UnaYMilLetras\" \/>\n<meta name=\"twitter:site\" content=\"@UnaYMilLetras\" \/>\n<meta name=\"twitter:label1\" content=\"Written by\" \/>\n\t<meta name=\"twitter:data1\" content=\"Victoria Hern\u00e1ndez\" \/>\n\t<meta name=\"twitter:label2\" content=\"Estimated reading time\" \/>\n\t<meta name=\"twitter:data2\" content=\"2 minutes\" \/>\n<script type=\"application\/ld+json\" class=\"yoast-schema-graph\">{\"@context\":\"https:\\\/\\\/schema.org\",\"@graph\":[{\"@type\":\"Article\",\"@id\":\"https:\\\/\\\/unaymilletras.com\\\/walls-conmigo-no-lloras-nuevo-single\\\/#article\",\"isPartOf\":{\"@id\":\"https:\\\/\\\/unaymilletras.com\\\/walls-conmigo-no-lloras-nuevo-single\\\/\"},\"author\":{\"name\":\"Victoria Hern\u00e1ndez\",\"@id\":\"http:\\\/\\\/unaymilletras.com\\\/#\\\/schema\\\/person\\\/90f1e88e4c10951a79965c8106280f0a\"},\"headline\":\"\u201cConmigo no lloras\u201d, la nueva era emocional de Walls\",\"datePublished\":\"2025-07-07T17:00:23+00:00\",\"mainEntityOfPage\":{\"@id\":\"https:\\\/\\\/unaymilletras.com\\\/walls-conmigo-no-lloras-nuevo-single\\\/\"},\"wordCount\":280,\"publisher\":{\"@id\":\"http:\\\/\\\/unaymilletras.com\\\/#organization\"},\"image\":{\"@id\":\"https:\\\/\\\/unaymilletras.com\\\/walls-conmigo-no-lloras-nuevo-single\\\/#primaryimage\"},\"thumbnailUrl\":\"https:\\\/\\\/unaymilletras.com\\\/wp-content\\\/uploads\\\/2025\\\/07\\\/unnamed-scaled-e1751652525251.jpg\",\"keywords\":[\"Single\",\"WALLS\"],\"articleSection\":[\"M\u00fasica\"],\"inLanguage\":\"en-GB\"},{\"@type\":\"WebPage\",\"@id\":\"https:\\\/\\\/unaymilletras.com\\\/walls-conmigo-no-lloras-nuevo-single\\\/\",\"url\":\"https:\\\/\\\/unaymilletras.com\\\/walls-conmigo-no-lloras-nuevo-single\\\/\",\"name\":\"\u201cConmigo no lloras\u201d, la nueva era emocional de Walls\",\"isPartOf\":{\"@id\":\"http:\\\/\\\/unaymilletras.com\\\/#website\"},\"primaryImageOfPage\":{\"@id\":\"https:\\\/\\\/unaymilletras.com\\\/walls-conmigo-no-lloras-nuevo-single\\\/#primaryimage\"},\"image\":{\"@id\":\"https:\\\/\\\/unaymilletras.com\\\/walls-conmigo-no-lloras-nuevo-single\\\/#primaryimage\"},\"thumbnailUrl\":\"https:\\\/\\\/unaymilletras.com\\\/wp-content\\\/uploads\\\/2025\\\/07\\\/unnamed-scaled-e1751652525251.jpg\",\"datePublished\":\"2025-07-07T17:00:23+00:00\",\"description\":\"Walls vuelve con el estreno de \u201cConmigo no lloras\u201d, un tema que marca una nueva etapa. Un pop madurado, con toques noventeros y una clara carga emocional\",\"breadcrumb\":{\"@id\":\"https:\\\/\\\/unaymilletras.com\\\/walls-conmigo-no-lloras-nuevo-single\\\/#breadcrumb\"},\"inLanguage\":\"en-GB\",\"potentialAction\":[{\"@type\":\"ReadAction\",\"target\":[\"https:\\\/\\\/unaymilletras.com\\\/walls-conmigo-no-lloras-nuevo-single\\\/\"]}]},{\"@type\":\"ImageObject\",\"inLanguage\":\"en-GB\",\"@id\":\"https:\\\/\\\/unaymilletras.com\\\/walls-conmigo-no-lloras-nuevo-single\\\/#primaryimage\",\"url\":\"https:\\\/\\\/unaymilletras.com\\\/wp-content\\\/uploads\\\/2025\\\/07\\\/unnamed-scaled-e1751652525251.jpg\",\"contentUrl\":\"https:\\\/\\\/unaymilletras.com\\\/wp-content\\\/uploads\\\/2025\\\/07\\\/unnamed-scaled-e1751652525251.jpg\",\"width\":600,\"height\":400},{\"@type\":\"BreadcrumbList\",\"@id\":\"https:\\\/\\\/unaymilletras.com\\\/walls-conmigo-no-lloras-nuevo-single\\\/#breadcrumb\",\"itemListElement\":[{\"@type\":\"ListItem\",\"position\":1,\"name\":\"Home\",\"item\":\"http:\\\/\\\/unaymilletras.com\\\/\"},{\"@type\":\"ListItem\",\"position\":2,\"name\":\"\u201cConmigo no lloras\u201d, la nueva era emocional de Walls\"}]},{\"@type\":\"WebSite\",\"@id\":\"http:\\\/\\\/unaymilletras.com\\\/#website\",\"url\":\"http:\\\/\\\/unaymilletras.com\\\/\",\"name\":\"Una y Mil Letras\",\"description\":\"\",\"publisher\":{\"@id\":\"http:\\\/\\\/unaymilletras.com\\\/#organization\"},\"potentialAction\":[{\"@type\":\"SearchAction\",\"target\":{\"@type\":\"EntryPoint\",\"urlTemplate\":\"http:\\\/\\\/unaymilletras.com\\\/?s={search_term_string}\"},\"query-input\":{\"@type\":\"PropertyValueSpecification\",\"valueRequired\":true,\"valueName\":\"search_term_string\"}}],\"inLanguage\":\"en-GB\"},{\"@type\":\"Organization\",\"@id\":\"http:\\\/\\\/unaymilletras.com\\\/#organization\",\"name\":\"Una y Mil Letras\",\"url\":\"http:\\\/\\\/unaymilletras.com\\\/\",\"logo\":{\"@type\":\"ImageObject\",\"inLanguage\":\"en-GB\",\"@id\":\"http:\\\/\\\/unaymilletras.com\\\/#\\\/schema\\\/logo\\\/image\\\/\",\"url\":\"https:\\\/\\\/unaymilletras.com\\\/wp-content\\\/uploads\\\/2024\\\/06\\\/cropped-Logo-removebg-preview.png\",\"contentUrl\":\"https:\\\/\\\/unaymilletras.com\\\/wp-content\\\/uploads\\\/2024\\\/06\\\/cropped-Logo-removebg-preview.png\",\"width\":512,\"height\":512,\"caption\":\"Una y Mil Letras\"},\"image\":{\"@id\":\"http:\\\/\\\/unaymilletras.com\\\/#\\\/schema\\\/logo\\\/image\\\/\"},\"sameAs\":[\"https:\\\/\\\/x.com\\\/UnaYMilLetras\",\"https:\\\/\\\/instagram.com\\\/UnaYMilLetras\"]},{\"@type\":\"Person\",\"@id\":\"http:\\\/\\\/unaymilletras.com\\\/#\\\/schema\\\/person\\\/90f1e88e4c10951a79965c8106280f0a\",\"name\":\"Victoria Hern\u00e1ndez\",\"image\":{\"@type\":\"ImageObject\",\"inLanguage\":\"en-GB\",\"@id\":\"https:\\\/\\\/secure.gravatar.com\\\/avatar\\\/4a6a914c964cf29cc45dd00ef5c74e847f221f6a1039c94b8aa244949baeeda4?s=96&d=mm&r=g\",\"url\":\"https:\\\/\\\/secure.gravatar.com\\\/avatar\\\/4a6a914c964cf29cc45dd00ef5c74e847f221f6a1039c94b8aa244949baeeda4?s=96&d=mm&r=g\",\"contentUrl\":\"https:\\\/\\\/secure.gravatar.com\\\/avatar\\\/4a6a914c964cf29cc45dd00ef5c74e847f221f6a1039c94b8aa244949baeeda4?s=96&d=mm&r=g\",\"caption\":\"Victoria Hern\u00e1ndez\"},\"url\":\"https:\\\/\\\/unaymilletras.com\\\/en\\\/author\\\/victoriahernandez\\\/\"}]}<\/script>\n<!-- \/ Yoast SEO plugin. -->","yoast_head_json":{"title":"\u201cConmigo no lloras\u201d, la nueva era emocional de Walls","description":"Walls vuelve con el estreno de \u201cConmigo no lloras\u201d, un tema que marca una nueva etapa. Un pop madurado, con toques noventeros y una clara carga emocional","robots":{"index":"index","follow":"follow","max-snippet":"max-snippet:-1","max-image-preview":"max-image-preview:large","max-video-preview":"max-video-preview:-1"},"canonical":"https:\/\/unaymilletras.com\/en\/walls-conmigo-no-lloras-nuevo-single\/","og_locale":"en_GB","og_type":"article","og_title":"\u201cConmigo no lloras\u201d, la nueva era emocional de Walls","og_description":"Walls vuelve con el estreno de \u201cConmigo no lloras\u201d, un tema que marca una nueva etapa. Un pop madurado, con toques noventeros y una clara carga emocional","og_url":"https:\/\/unaymilletras.com\/en\/walls-conmigo-no-lloras-nuevo-single\/","og_site_name":"Una y Mil Letras","article_published_time":"2025-07-07T17:00:23+00:00","og_image":[{"width":600,"height":400,"url":"http:\/\/unaymilletras.com\/wp-content\/uploads\/2025\/07\/unnamed-scaled-e1751652525251.jpg","type":"image\/jpeg"}],"author":"Victoria Hern\u00e1ndez","twitter_card":"summary_large_image","twitter_creator":"@UnaYMilLetras","twitter_site":"@UnaYMilLetras","twitter_misc":{"Written by":"Victoria Hern\u00e1ndez","Estimated reading time":"2 minutes"},"schema":{"@context":"https:\/\/schema.org","@graph":[{"@type":"Article","@id":"https:\/\/unaymilletras.com\/walls-conmigo-no-lloras-nuevo-single\/#article","isPartOf":{"@id":"https:\/\/unaymilletras.com\/walls-conmigo-no-lloras-nuevo-single\/"},"author":{"name":"Victoria Hern\u00e1ndez","@id":"http:\/\/unaymilletras.com\/#\/schema\/person\/90f1e88e4c10951a79965c8106280f0a"},"headline":"\u201cConmigo no lloras\u201d, la nueva era emocional de Walls","datePublished":"2025-07-07T17:00:23+00:00","mainEntityOfPage":{"@id":"https:\/\/unaymilletras.com\/walls-conmigo-no-lloras-nuevo-single\/"},"wordCount":280,"publisher":{"@id":"http:\/\/unaymilletras.com\/#organization"},"image":{"@id":"https:\/\/unaymilletras.com\/walls-conmigo-no-lloras-nuevo-single\/#primaryimage"},"thumbnailUrl":"https:\/\/unaymilletras.com\/wp-content\/uploads\/2025\/07\/unnamed-scaled-e1751652525251.jpg","keywords":["Single","WALLS"],"articleSection":["M\u00fasica"],"inLanguage":"en-GB"},{"@type":"WebPage","@id":"https:\/\/unaymilletras.com\/walls-conmigo-no-lloras-nuevo-single\/","url":"https:\/\/unaymilletras.com\/walls-conmigo-no-lloras-nuevo-single\/","name":"\u201cConmigo no lloras\u201d, la nueva era emocional de Walls","isPartOf":{"@id":"http:\/\/unaymilletras.com\/#website"},"primaryImageOfPage":{"@id":"https:\/\/unaymilletras.com\/walls-conmigo-no-lloras-nuevo-single\/#primaryimage"},"image":{"@id":"https:\/\/unaymilletras.com\/walls-conmigo-no-lloras-nuevo-single\/#primaryimage"},"thumbnailUrl":"https:\/\/unaymilletras.com\/wp-content\/uploads\/2025\/07\/unnamed-scaled-e1751652525251.jpg","datePublished":"2025-07-07T17:00:23+00:00","description":"Walls vuelve con el estreno de \u201cConmigo no lloras\u201d, un tema que marca una nueva etapa. Un pop madurado, con toques noventeros y una clara carga emocional","breadcrumb":{"@id":"https:\/\/unaymilletras.com\/walls-conmigo-no-lloras-nuevo-single\/#breadcrumb"},"inLanguage":"en-GB","potentialAction":[{"@type":"ReadAction","target":["https:\/\/unaymilletras.com\/walls-conmigo-no-lloras-nuevo-single\/"]}]},{"@type":"ImageObject","inLanguage":"en-GB","@id":"https:\/\/unaymilletras.com\/walls-conmigo-no-lloras-nuevo-single\/#primaryimage","url":"https:\/\/unaymilletras.com\/wp-content\/uploads\/2025\/07\/unnamed-scaled-e1751652525251.jpg","contentUrl":"https:\/\/unaymilletras.com\/wp-content\/uploads\/2025\/07\/unnamed-scaled-e1751652525251.jpg","width":600,"height":400},{"@type":"BreadcrumbList","@id":"https:\/\/unaymilletras.com\/walls-conmigo-no-lloras-nuevo-single\/#breadcrumb","itemListElement":[{"@type":"ListItem","position":1,"name":"Home","item":"http:\/\/unaymilletras.com\/"},{"@type":"ListItem","position":2,"name":"\u201cConmigo no lloras\u201d, la nueva era emocional de Walls"}]},{"@type":"WebSite","@id":"http:\/\/unaymilletras.com\/#website","url":"http:\/\/unaymilletras.com\/","name":"Una y Mil Letras","description":"","publisher":{"@id":"http:\/\/unaymilletras.com\/#organization"},"potentialAction":[{"@type":"SearchAction","target":{"@type":"EntryPoint","urlTemplate":"http:\/\/unaymilletras.com\/?s={search_term_string}"},"query-input":{"@type":"PropertyValueSpecification","valueRequired":true,"valueName":"search_term_string"}}],"inLanguage":"en-GB"},{"@type":"Organization","@id":"http:\/\/unaymilletras.com\/#organization","name":"Una y Mil Letras","url":"http:\/\/unaymilletras.com\/","logo":{"@type":"ImageObject","inLanguage":"en-GB","@id":"http:\/\/unaymilletras.com\/#\/schema\/logo\/image\/","url":"https:\/\/unaymilletras.com\/wp-content\/uploads\/2024\/06\/cropped-Logo-removebg-preview.png","contentUrl":"https:\/\/unaymilletras.com\/wp-content\/uploads\/2024\/06\/cropped-Logo-removebg-preview.png","width":512,"height":512,"caption":"Una y Mil Letras"},"image":{"@id":"http:\/\/unaymilletras.com\/#\/schema\/logo\/image\/"},"sameAs":["https:\/\/x.com\/UnaYMilLetras","https:\/\/instagram.com\/UnaYMilLetras"]},{"@type":"Person","@id":"http:\/\/unaymilletras.com\/#\/schema\/person\/90f1e88e4c10951a79965c8106280f0a","name":"Victoria Hern\u00e1ndez","image":{"@type":"ImageObject","inLanguage":"en-GB","@id":"https:\/\/secure.gravatar.com\/avatar\/4a6a914c964cf29cc45dd00ef5c74e847f221f6a1039c94b8aa244949baeeda4?s=96&d=mm&r=g","url":"https:\/\/secure.gravatar.com\/avatar\/4a6a914c964cf29cc45dd00ef5c74e847f221f6a1039c94b8aa244949baeeda4?s=96&d=mm&r=g","contentUrl":"https:\/\/secure.gravatar.com\/avatar\/4a6a914c964cf29cc45dd00ef5c74e847f221f6a1039c94b8aa244949baeeda4?s=96&d=mm&r=g","caption":"Victoria Hern\u00e1ndez"},"url":"https:\/\/unaymilletras.com\/en\/author\/victoriahernandez\/"}]}},"_links":{"self":[{"href":"https:\/\/unaymilletras.com\/en\/wp-json\/wp\/v2\/posts\/5258","targetHints":{"allow":["GET"]}}],"collection":[{"href":"https:\/\/unaymilletras.com\/en\/wp-json\/wp\/v2\/posts"}],"about":[{"href":"https:\/\/unaymilletras.com\/en\/wp-json\/wp\/v2\/types\/post"}],"author":[{"embeddable":true,"href":"https:\/\/unaymilletras.com\/en\/wp-json\/wp\/v2\/users\/9"}],"replies":[{"embeddable":true,"href":"https:\/\/unaymilletras.com\/en\/wp-json\/wp\/v2\/comments?post=5258"}],"version-history":[{"count":6,"href":"https:\/\/unaymilletras.com\/en\/wp-json\/wp\/v2\/posts\/5258\/revisions"}],"predecessor-version":[{"id":5265,"href":"https:\/\/unaymilletras.com\/en\/wp-json\/wp\/v2\/posts\/5258\/revisions\/5265"}],"wp:featuredmedia":[{"embeddable":true,"href":"https:\/\/unaymilletras.com\/en\/wp-json\/wp\/v2\/media\/5259"}],"wp:attachment":[{"href":"https:\/\/unaymilletras.com\/en\/wp-json\/wp\/v2\/media?parent=5258"}],"wp:term":[{"taxonomy":"category","embeddable":true,"href":"https:\/\/unaymilletras.com\/en\/wp-json\/wp\/v2\/categories?post=5258"},{"taxonomy":"post_tag","embeddable":true,"href":"https:\/\/unaymilletras.com\/en\/wp-json\/wp\/v2\/tags?post=5258"}],"curies":[{"name":"wp","href":"https:\/\/api.w.org\/{rel}","templated":true}]}}