{"id":5267,"date":"2025-07-08T12:00:00","date_gmt":"2025-07-08T10:00:00","guid":{"rendered":"https:\/\/unaymilletras.com\/?p=5267"},"modified":"2025-07-07T21:01:55","modified_gmt":"2025-07-07T19:01:55","slug":"rio-babel-2025-dos-dias-de-celebracion-de-la-musica","status":"publish","type":"post","link":"https:\/\/unaymilletras.com\/en\/rio-babel-2025-dos-dias-de-celebracion-de-la-musica\/","title":{"rendered":"R\u00edo Babel 2025: dos d\u00edas de celebraci\u00f3n de la m\u00fasica"},"content":{"rendered":"<div data-elementor-type=\"wp-post\" data-elementor-id=\"5267\" class=\"elementor elementor-5267\">\n\t\t\t\t\t\t<section class=\"elementor-section elementor-top-section elementor-element elementor-element-10c0636 elementor-section-boxed elementor-section-height-default elementor-section-height-default\" data-id=\"10c0636\" data-element_type=\"section\" data-e-type=\"section\">\n\t\t\t\t\t\t<div class=\"elementor-container elementor-column-gap-default\">\n\t\t\t\t\t<div class=\"elementor-column elementor-col-100 elementor-top-column elementor-element elementor-element-597eb30\" data-id=\"597eb30\" data-element_type=\"column\" data-e-type=\"column\">\n\t\t\t<div class=\"elementor-widget-wrap elementor-element-populated\">\n\t\t\t\t\t\t<div class=\"elementor-element elementor-element-923921e elementor-widget elementor-widget-text-editor\" data-id=\"923921e\" data-element_type=\"widget\" data-e-type=\"widget\" data-widget_type=\"text-editor.default\">\n\t\t\t\t<div class=\"elementor-widget-container\">\n\t\t\t\t\t\t\t\t\t<h3><span style=\"color: #808080;\"><strong>La octava edici\u00f3n del R\u00edo Babel reuni\u00f3 a 50.000 personas en una cita que volvi\u00f3 a demostrar que la m\u00fasica, el humor y la diversidad pueden convivir en armon\u00eda<\/strong><\/span><\/h3>\t\t\t\t\t\t\t\t<\/div>\n\t\t\t\t<\/div>\n\t\t\t\t<div class=\"elementor-element elementor-element-d02e82f elementor-widget elementor-widget-text-editor\" data-id=\"d02e82f\" data-element_type=\"widget\" data-e-type=\"widget\" data-widget_type=\"text-editor.default\">\n\t\t\t\t<div class=\"elementor-widget-container\">\n\t\t\t\t\t\t\t\t\t<p><span style=\"font-weight: 400\">Desde sus inicios en 2017, <a href=\"https:\/\/unaymilletras.com\/en\/el-festival-rio-babel-2025-en-su-edicion-mas-ambiciosa\/\">R\u00edo Babel<\/a> ha apostado por una f\u00f3rmula poco habitual en el circuito festivalero espa\u00f1ol: combinar conciertos de artistas nacionales e internacionales con <\/span><b>espect\u00e1culos de comedia<\/b><span style=\"font-weight: 400\">, en un entorno que celebra la <\/span><b>pluralidad cultural<\/b><span style=\"font-weight: 400\"> y la conexi\u00f3n humana. Este 2025, en su octava edici\u00f3n, la propuesta no solo se mantuvo, sino que alcanz\u00f3 un nuevo nivel.\u00a0<\/span><\/p><p><span style=\"font-weight: 400\">El Auditorio Miguel R\u00edos de Rivas-Vaciamadrid volvi\u00f3 a convertirse en un epicentro de energ\u00eda los d\u00edas<\/span><b> 4 y 5 de julio. <\/b><span style=\"font-weight: 400\">M\u00e1s de 50.000 asistentes vivieron dos jornadas cargadas de ritmo, carcajadas y emoci\u00f3n compartida. <\/span><\/p><p><a href=\"https:\/\/festivalriobabel.com\/2025\/cartel\/\"><b>El cartel<\/b><\/a><span style=\"font-weight: 400\"> de esta edici\u00f3n ofreci\u00f3 una traves\u00eda musical que fue del ska brit\u00e1nico al rap m\u00e1s introspectivo, pasando por la rumba urbana, la electr\u00f3nica tropical, el flamenco fusi\u00f3n y el reggae sudamericano. Todo acompa\u00f1ado, como ya es tradici\u00f3n, por una selecci\u00f3n de comediantes que transformaron el<\/span><b> humor en parte esencial del relato del festival.<\/b><\/p>\t\t\t\t\t\t\t\t<\/div>\n\t\t\t\t<\/div>\n\t\t\t\t<div class=\"elementor-element elementor-element-58dacf1 elementor-widget elementor-widget-image\" data-id=\"58dacf1\" data-element_type=\"widget\" data-e-type=\"widget\" data-widget_type=\"image.default\">\n\t\t\t\t<div class=\"elementor-widget-container\">\n\t\t\t\t\t\t\t\t\t\t\t\t\t\t\t<img fetchpriority=\"high\" decoding=\"async\" width=\"640\" height=\"360\" src=\"https:\/\/unaymilletras.com\/wp-content\/uploads\/2025\/07\/RB25-Horarios-web-horizontal-2-1024x576.jpg\" class=\"attachment-large size-large wp-image-5270\" alt=\"\" srcset=\"https:\/\/unaymilletras.com\/wp-content\/uploads\/2025\/07\/RB25-Horarios-web-horizontal-2-1024x576.jpg 1024w, https:\/\/unaymilletras.com\/wp-content\/uploads\/2025\/07\/RB25-Horarios-web-horizontal-2-300x169.jpg 300w, https:\/\/unaymilletras.com\/wp-content\/uploads\/2025\/07\/RB25-Horarios-web-horizontal-2-768x432.jpg 768w, https:\/\/unaymilletras.com\/wp-content\/uploads\/2025\/07\/RB25-Horarios-web-horizontal-2-1536x864.jpg 1536w, https:\/\/unaymilletras.com\/wp-content\/uploads\/2025\/07\/RB25-Horarios-web-horizontal-2-18x10.jpg 18w, https:\/\/unaymilletras.com\/wp-content\/uploads\/2025\/07\/RB25-Horarios-web-horizontal-2-1280x720.jpg 1280w, https:\/\/unaymilletras.com\/wp-content\/uploads\/2025\/07\/RB25-Horarios-web-horizontal-2-e1751913526124.jpg 600w\" sizes=\"(max-width: 640px) 100vw, 640px\" \/>\t\t\t\t\t\t\t\t\t\t\t\t\t\t\t<\/div>\n\t\t\t\t<\/div>\n\t\t\t\t<div class=\"elementor-element elementor-element-ae09ae2 elementor-widget elementor-widget-text-editor\" data-id=\"ae09ae2\" data-element_type=\"widget\" data-e-type=\"widget\" data-widget_type=\"text-editor.default\">\n\t\t\t\t<div class=\"elementor-widget-container\">\n\t\t\t\t\t\t\t\t\t<h4><span style=\"color: #808080\"><b>Noche de mezclas que funcionan<\/b><\/span><\/h4>\t\t\t\t\t\t\t\t<\/div>\n\t\t\t\t<\/div>\n\t\t\t\t<div class=\"elementor-element elementor-element-2a27a98 elementor-widget elementor-widget-text-editor\" data-id=\"2a27a98\" data-element_type=\"widget\" data-e-type=\"widget\" data-widget_type=\"text-editor.default\">\n\t\t\t\t<div class=\"elementor-widget-container\">\n\t\t\t\t\t\t\t\t\t<p><span style=\"font-weight: 400\">La primera jornada arranc\u00f3 con el colorido sonido de<\/span><b> Reyna Tropical<\/b><span style=\"font-weight: 400\">, cuyas cadencias afrocaribe\u00f1as y beats electr\u00f3nicos invitaron a moverse desde temprano. Le siguieron artistas como<\/span><b> L\u00eda Kali<\/b><span style=\"font-weight: 400\">, joven voz del rap y el hip hop espa\u00f1ol, y <\/span><b>\u00c1cido Pantera<\/b><span style=\"font-weight: 400\">, que trajo desde Colombia una descarga bailable que funde cumbia, house y percusi\u00f3n tradicional.<\/span><\/p><p><span style=\"font-weight: 400\">Uno de los momentos m\u00e1s esperados fue la aparici\u00f3n de<\/span><b> Cypress Hill<\/b><span style=\"font-weight: 400\">, leyendas del hip hop que ofrecieron un show potente, lleno de nostalgia y contundencia. La conexi\u00f3n con el p\u00fablico fue inmediata, al ritmo de cl\u00e1sicos como<\/span><i><span style=\"font-weight: 400\"> Insane in the Brain<\/span><\/i><span style=\"font-weight: 400\"> y <\/span><i><span style=\"font-weight: 400\">Tequila Sunrise<\/span><\/i><span style=\"font-weight: 400\">, creando una de las cumbres sonoras de la noche.<\/span><\/p><p><span style=\"font-weight: 400\">Tambi\u00e9n destacaron <\/span><b>Bacilos<\/b><span style=\"font-weight: 400\">, con sus melod\u00edas pop latino cargadas de romanticismo y energ\u00eda: con himnos como <\/span><i><span style=\"font-weight: 400\">Caraluna<\/span><\/i><span style=\"font-weight: 400\"> y <\/span><i><span style=\"font-weight: 400\">Mi primer mill\u00f3n<\/span><\/i><span style=\"font-weight: 400\"> y<\/span><b> Los Amigos Invisibles<\/b><span style=\"font-weight: 400\">, que volvieron a demostrar por qu\u00e9 son sin\u00f3nimo de groove y fiesta tropical. Adem\u00e1s de los venezolanos <\/span><b>Rawayana<\/b><span style=\"font-weight: 400\"> que presentaron su final de gira: <\/span><i><span style=\"font-weight: 400\">\u00bfQui\u00e9n trae las cornetas? <\/span><\/i><span style=\"font-weight: 400\">Con temas como <\/span><i><span style=\"font-weight: 400\">dame un break, feriado<\/span><\/i><span style=\"font-weight: 400\"> y su hit <\/span><i><span style=\"font-weight: 400\">veneka<\/span><\/i><span style=\"font-weight: 400\"> que revolucionaron al p\u00fablico.<\/span><\/p><p><span style=\"font-weight: 400\">El espacio <\/span><b>Babel Comedy<\/b><span style=\"font-weight: 400\">, se convirti\u00f3 en un remanso de risas, iron\u00eda y reflexi\u00f3n. <\/span><b>Joaqu\u00edn<\/b> <b>Reyes<\/b><span style=\"font-weight: 400\"> y <\/span><b>Ernesto Sevilla<\/b><span style=\"font-weight: 400\"> brillaron con un humor surrealista que sigue encontrando nuevas formas de conectar con el p\u00fablico. Tambi\u00e9n pasaron por el escenario c\u00f3mico figuras como <\/span><b>Gersanc<\/b><span style=\"font-weight: 400\"> y <\/span><b>Carmen Romero,<\/b><span style=\"font-weight: 400\"> que aportaron miradas frescas y provocadoras al panorama del stand-up nacional.<\/span><\/p><p><span style=\"font-weight: 400\">El equilibrio entre m\u00fasica y comedia funcion\u00f3 como una maquinaria perfectamente engrasada: cuando la energ\u00eda musical bajaba un pelda\u00f1o, el humor tomaba el relevo para seguir alimentando el entusiasmo del p\u00fablico. Una f\u00f3rmula que R\u00edo Babel domina como pocos.<\/span><\/p>\t\t\t\t\t\t\t\t<\/div>\n\t\t\t\t<\/div>\n\t\t\t\t<div class=\"elementor-element elementor-element-64b5c22 elementor-widget elementor-widget-text-editor\" data-id=\"64b5c22\" data-element_type=\"widget\" data-e-type=\"widget\" data-widget_type=\"text-editor.default\">\n\t\t\t\t<div class=\"elementor-widget-container\">\n\t\t\t\t\t\t\t\t\t<h4><span style=\"color: #808080\"><b>Un segundo d\u00eda y cierre cargado de emoci\u00f3n<\/b><\/span><\/h4>\t\t\t\t\t\t\t\t<\/div>\n\t\t\t\t<\/div>\n\t\t\t\t<div class=\"elementor-element elementor-element-dbab9aa elementor-widget elementor-widget-text-editor\" data-id=\"dbab9aa\" data-element_type=\"widget\" data-e-type=\"widget\" data-widget_type=\"text-editor.default\">\n\t\t\t\t<div class=\"elementor-widget-container\">\n\t\t\t\t\t\t\t\t\t<p><span style=\"font-weight: 400\">La segunda jornada arranc\u00f3 con una descarga de actitud y guitarras distorsionadas cortes\u00eda de <\/span><b>Sanguijuelas del Guadiana<\/b><span style=\"font-weight: 400\">, banda extreme\u00f1a que sorprendi\u00f3 a propios y extra\u00f1os con una mezcla de punk, flamenco y mensaje social. Desde ah\u00ed, la tarde fue escalando con propuestas que parec\u00edan dise\u00f1adas para un p\u00fablico sin prejuicios ni etiquetas.<\/span><\/p><p><b>No Te Va Gustar <\/b><span style=\"font-weight: 400\">despleg\u00f3 su repertorio con la solidez de una banda veterana. Himnos como <\/span><i><span style=\"font-weight: 400\">Prendido fuego <\/span><\/i><span style=\"font-weight: 400\">y <\/span><i><span style=\"font-weight: 400\">Chau<\/span><\/i><span style=\"font-weight: 400\"> fueron coreados con fuerza por una audiencia que no dej\u00f3 de moverse. Mientras tanto, en Babel Comedy, se representaba en directo el p\u00f3dcast esc\u00e9nico<\/span><b> No hay negros en el T\u00edbet,<\/b><span style=\"font-weight: 400\"> una s\u00e1tira brillante que denunci\u00f3 con humor y lucidez los clich\u00e9s de la industria y la sociedad. Le siguieron c\u00f3micos como<\/span><b> Ignatius Farray<\/b><span style=\"font-weight: 400\">, <\/span><b>Isabel Rey <\/b><span style=\"font-weight: 400\">y <\/span><b>Ra\u00fal Massana<\/b><span style=\"font-weight: 400\">, que combinaron provocaci\u00f3n e inteligencia con resultados hilarantes.<\/span><\/p><p><span style=\"font-weight: 400\">Uno de los grandes momentos del d\u00eda lleg\u00f3 con <\/span><b>Madness<\/b><span style=\"font-weight: 400\">, que desat\u00f3 un estallido colectivo de ska y alegr\u00eda. Cl\u00e1sicos como<\/span><i><span style=\"font-weight: 400\"> Our House <\/span><\/i><span style=\"font-weight: 400\">y <\/span><i><span style=\"font-weight: 400\">Baggy Trousers <\/span><\/i><span style=\"font-weight: 400\">sacaron lo mejor de un p\u00fablico entregado al baile y la nostalgia. La intensidad se mantuvo con artistas como<\/span><b> Yerai Cort\u00e9s<\/b><span style=\"font-weight: 400\">, con su flamenco urbano emocional, y <\/span><b>Bebe<\/b><span style=\"font-weight: 400\">, que se mostr\u00f3 poderosa y vulnerable en partes iguales.<\/span><\/p><p><span style=\"font-weight: 400\">La noche, sin embargo, ten\u00eda guardado su cl\u00edmax: el concierto de <\/span><b>Estopa<\/b><span style=\"font-weight: 400\">. Celebrando 25 a\u00f1os sobre los escenarios, los hermanos Mu\u00f1oz ofrecieron un show que fue mucho m\u00e1s que una sucesi\u00f3n de \u00e9xitos. Fue una celebraci\u00f3n colectiva, una especie de ritual identitario donde cada verso de <\/span><i><span style=\"font-weight: 400\">Vino tinto <\/span><\/i><span style=\"font-weight: 400\">o<\/span><i><span style=\"font-weight: 400\"> Como Camar\u00f3n<\/span><\/i><span style=\"font-weight: 400\"> se cant\u00f3 con la fuerza de lo vivido. M\u00e1s de 25.000 gargantas corearon al un\u00edsono un repertorio que atraviesa generaciones.<\/span><\/p><h3><span style=\"color: #808080\"><strong>El final de dos dias para recordar<\/strong><\/span><\/h3><p><span style=\"font-weight: 400\">El cierre mantuvo el list\u00f3n alto con <\/span><b>Queralt Lahoz<\/b><span style=\"font-weight: 400\">, <\/span><b>Alamedadosoulna<\/b><span style=\"font-weight: 400\"> y <\/span><b>Swing Original Monks,<\/b><span style=\"font-weight: 400\"> que llevaron el festival hasta pasadas las tres de la madrugada con una explosi\u00f3n de ritmos latinos, visuales impactantes y energ\u00eda desbordante. Todo envuelto por un recinto que segu\u00eda latiendo gracias a la oferta gastron\u00f3mica, los espacios de descanso y una producci\u00f3n pensada hasta el m\u00e1s m\u00ednimo detalle.<\/span><\/p><p><span style=\"font-weight: 400\">Esta edici\u00f3n de 2025 ha demostrado que se puede programar con ambici\u00f3n sin perder cercan\u00eda; que se puede ser festivo sin dejar de ser cr\u00edtico; que se puede celebrar la diferencia sin caer en la caricatura. Y sobre todo, que la m\u00fasica y el humor siguen siendo dos lenguajes capaces de reunirnos a todos en un mismo lugar, aunque vengamos de mundos muy distintos.<\/span><\/p><p><span style=\"font-weight: 400\">Mientras los \u00faltimos compases de cumbia, rap y ska se desvanec\u00edan en la madrugada del domingo, muchos ya hablaban de la pr\u00f3xima edici\u00f3n. Porque R\u00edo Babel no se vive solo durante dos d\u00edas: se queda dentro. Como un eco que insiste, como un recuerdo feliz, como la certeza de que a\u00fan existen espacios donde la cultura sirve para conectar y transformar.<\/span><\/p>\t\t\t\t\t\t\t\t<\/div>\n\t\t\t\t<\/div>\n\t\t\t\t\t<\/div>\n\t\t<\/div>\n\t\t\t\t\t<\/div>\n\t\t<\/section>\n\t\t\t\t<\/div>","protected":false},"excerpt":{"rendered":"<p>La octava edici\u00f3n del R\u00edo Babel reuni\u00f3 a 50.000 personas en una cita que volvi\u00f3 a demostrar que la m\u00fasica, el humor y la diversidad pueden convivir en armon\u00eda Desde sus inicios en 2017, R\u00edo Babel ha apostado por una f\u00f3rmula poco habitual en el circuito festivalero espa\u00f1ol: combinar conciertos de artistas nacionales e internacionales [&hellip;]<\/p>\n","protected":false},"author":8,"featured_media":5269,"comment_status":"closed","ping_status":"closed","sticky":false,"template":"","format":"standard","meta":{"footnotes":""},"categories":[4],"tags":[],"class_list":["post-5267","post","type-post","status-publish","format-standard","has-post-thumbnail","hentry","category-musica"],"yoast_head":"<!-- This site is optimized with the Yoast SEO plugin v27.4 - https:\/\/yoast.com\/product\/yoast-seo-wordpress\/ -->\n<title>R\u00edo Babel 2025: dos d\u00edas de celebraci\u00f3n de la m\u00fasica &#8902; Una y Mil Letras<\/title>\n<meta name=\"description\" content=\"La octava edici\u00f3n de R\u00edo Babel reuni\u00f3 a 50.000 personas para demostrar que un amplio conjunto de eventos pueden convivir a la perfecci\u00f3n\" \/>\n<meta name=\"robots\" content=\"index, follow, max-snippet:-1, max-image-preview:large, max-video-preview:-1\" \/>\n<link rel=\"canonical\" href=\"https:\/\/unaymilletras.com\/en\/rio-babel-2025-dos-dias-de-celebracion-de-la-musica\/\" \/>\n<meta property=\"og:locale\" content=\"en_GB\" \/>\n<meta property=\"og:type\" content=\"article\" \/>\n<meta property=\"og:title\" content=\"R\u00edo Babel 2025: dos d\u00edas de celebraci\u00f3n de la m\u00fasica &#8902; Una y Mil Letras\" \/>\n<meta property=\"og:description\" content=\"La octava edici\u00f3n de R\u00edo Babel reuni\u00f3 a 50.000 personas para demostrar que un amplio conjunto de eventos pueden convivir a la perfecci\u00f3n\" \/>\n<meta property=\"og:url\" content=\"https:\/\/unaymilletras.com\/en\/rio-babel-2025-dos-dias-de-celebracion-de-la-musica\/\" \/>\n<meta property=\"og:site_name\" content=\"Una y Mil Letras\" \/>\n<meta property=\"article:published_time\" content=\"2025-07-08T10:00:00+00:00\" \/>\n<meta property=\"og:image\" content=\"https:\/\/unaymilletras.com\/wp-content\/uploads\/2025\/07\/rio-babel-2025-e1751913334646.jpeg\" \/>\n\t<meta property=\"og:image:width\" content=\"600\" \/>\n\t<meta property=\"og:image:height\" content=\"600\" \/>\n\t<meta property=\"og:image:type\" content=\"image\/jpeg\" \/>\n<meta name=\"author\" content=\"Alvany Pereira\" \/>\n<meta name=\"twitter:card\" content=\"summary_large_image\" \/>\n<meta name=\"twitter:creator\" content=\"@UnaYMilLetras\" \/>\n<meta name=\"twitter:site\" content=\"@UnaYMilLetras\" \/>\n<meta name=\"twitter:label1\" content=\"Written by\" \/>\n\t<meta name=\"twitter:data1\" content=\"Alvany Pereira\" \/>\n\t<meta name=\"twitter:label2\" content=\"Estimated reading time\" \/>\n\t<meta name=\"twitter:data2\" content=\"5 minutes\" \/>\n<script type=\"application\/ld+json\" class=\"yoast-schema-graph\">{\"@context\":\"https:\\\/\\\/schema.org\",\"@graph\":[{\"@type\":\"Article\",\"@id\":\"https:\\\/\\\/unaymilletras.com\\\/rio-babel-2025-dos-dias-de-celebracion-de-la-musica\\\/#article\",\"isPartOf\":{\"@id\":\"https:\\\/\\\/unaymilletras.com\\\/rio-babel-2025-dos-dias-de-celebracion-de-la-musica\\\/\"},\"author\":{\"name\":\"Alvany Pereira\",\"@id\":\"http:\\\/\\\/unaymilletras.com\\\/#\\\/schema\\\/person\\\/f9792b0b93704f9d3f6cef46c2048d7d\"},\"headline\":\"R\u00edo Babel 2025: dos d\u00edas de celebraci\u00f3n de la m\u00fasica\",\"datePublished\":\"2025-07-08T10:00:00+00:00\",\"mainEntityOfPage\":{\"@id\":\"https:\\\/\\\/unaymilletras.com\\\/rio-babel-2025-dos-dias-de-celebracion-de-la-musica\\\/\"},\"wordCount\":1038,\"publisher\":{\"@id\":\"http:\\\/\\\/unaymilletras.com\\\/#organization\"},\"image\":{\"@id\":\"https:\\\/\\\/unaymilletras.com\\\/rio-babel-2025-dos-dias-de-celebracion-de-la-musica\\\/#primaryimage\"},\"thumbnailUrl\":\"https:\\\/\\\/unaymilletras.com\\\/wp-content\\\/uploads\\\/2025\\\/07\\\/rio-babel-2025-e1751913334646.jpeg\",\"articleSection\":[\"M\u00fasica\"],\"inLanguage\":\"en-GB\"},{\"@type\":\"WebPage\",\"@id\":\"https:\\\/\\\/unaymilletras.com\\\/rio-babel-2025-dos-dias-de-celebracion-de-la-musica\\\/\",\"url\":\"https:\\\/\\\/unaymilletras.com\\\/rio-babel-2025-dos-dias-de-celebracion-de-la-musica\\\/\",\"name\":\"R\u00edo Babel 2025: dos d\u00edas de celebraci\u00f3n de la m\u00fasica &#8902; Una y Mil Letras\",\"isPartOf\":{\"@id\":\"http:\\\/\\\/unaymilletras.com\\\/#website\"},\"primaryImageOfPage\":{\"@id\":\"https:\\\/\\\/unaymilletras.com\\\/rio-babel-2025-dos-dias-de-celebracion-de-la-musica\\\/#primaryimage\"},\"image\":{\"@id\":\"https:\\\/\\\/unaymilletras.com\\\/rio-babel-2025-dos-dias-de-celebracion-de-la-musica\\\/#primaryimage\"},\"thumbnailUrl\":\"https:\\\/\\\/unaymilletras.com\\\/wp-content\\\/uploads\\\/2025\\\/07\\\/rio-babel-2025-e1751913334646.jpeg\",\"datePublished\":\"2025-07-08T10:00:00+00:00\",\"description\":\"La octava edici\u00f3n de R\u00edo Babel reuni\u00f3 a 50.000 personas para demostrar que un amplio conjunto de eventos pueden convivir a la perfecci\u00f3n\",\"breadcrumb\":{\"@id\":\"https:\\\/\\\/unaymilletras.com\\\/rio-babel-2025-dos-dias-de-celebracion-de-la-musica\\\/#breadcrumb\"},\"inLanguage\":\"en-GB\",\"potentialAction\":[{\"@type\":\"ReadAction\",\"target\":[\"https:\\\/\\\/unaymilletras.com\\\/rio-babel-2025-dos-dias-de-celebracion-de-la-musica\\\/\"]}]},{\"@type\":\"ImageObject\",\"inLanguage\":\"en-GB\",\"@id\":\"https:\\\/\\\/unaymilletras.com\\\/rio-babel-2025-dos-dias-de-celebracion-de-la-musica\\\/#primaryimage\",\"url\":\"https:\\\/\\\/unaymilletras.com\\\/wp-content\\\/uploads\\\/2025\\\/07\\\/rio-babel-2025-e1751913334646.jpeg\",\"contentUrl\":\"https:\\\/\\\/unaymilletras.com\\\/wp-content\\\/uploads\\\/2025\\\/07\\\/rio-babel-2025-e1751913334646.jpeg\",\"width\":600,\"height\":600},{\"@type\":\"BreadcrumbList\",\"@id\":\"https:\\\/\\\/unaymilletras.com\\\/rio-babel-2025-dos-dias-de-celebracion-de-la-musica\\\/#breadcrumb\",\"itemListElement\":[{\"@type\":\"ListItem\",\"position\":1,\"name\":\"Home\",\"item\":\"http:\\\/\\\/unaymilletras.com\\\/\"},{\"@type\":\"ListItem\",\"position\":2,\"name\":\"R\u00edo Babel 2025: dos d\u00edas de celebraci\u00f3n de la m\u00fasica\"}]},{\"@type\":\"WebSite\",\"@id\":\"http:\\\/\\\/unaymilletras.com\\\/#website\",\"url\":\"http:\\\/\\\/unaymilletras.com\\\/\",\"name\":\"Una y Mil Letras\",\"description\":\"\",\"publisher\":{\"@id\":\"http:\\\/\\\/unaymilletras.com\\\/#organization\"},\"potentialAction\":[{\"@type\":\"SearchAction\",\"target\":{\"@type\":\"EntryPoint\",\"urlTemplate\":\"http:\\\/\\\/unaymilletras.com\\\/?s={search_term_string}\"},\"query-input\":{\"@type\":\"PropertyValueSpecification\",\"valueRequired\":true,\"valueName\":\"search_term_string\"}}],\"inLanguage\":\"en-GB\"},{\"@type\":\"Organization\",\"@id\":\"http:\\\/\\\/unaymilletras.com\\\/#organization\",\"name\":\"Una y Mil Letras\",\"url\":\"http:\\\/\\\/unaymilletras.com\\\/\",\"logo\":{\"@type\":\"ImageObject\",\"inLanguage\":\"en-GB\",\"@id\":\"http:\\\/\\\/unaymilletras.com\\\/#\\\/schema\\\/logo\\\/image\\\/\",\"url\":\"https:\\\/\\\/unaymilletras.com\\\/wp-content\\\/uploads\\\/2024\\\/06\\\/cropped-Logo-removebg-preview.png\",\"contentUrl\":\"https:\\\/\\\/unaymilletras.com\\\/wp-content\\\/uploads\\\/2024\\\/06\\\/cropped-Logo-removebg-preview.png\",\"width\":512,\"height\":512,\"caption\":\"Una y Mil Letras\"},\"image\":{\"@id\":\"http:\\\/\\\/unaymilletras.com\\\/#\\\/schema\\\/logo\\\/image\\\/\"},\"sameAs\":[\"https:\\\/\\\/x.com\\\/UnaYMilLetras\",\"https:\\\/\\\/instagram.com\\\/UnaYMilLetras\"]},{\"@type\":\"Person\",\"@id\":\"http:\\\/\\\/unaymilletras.com\\\/#\\\/schema\\\/person\\\/f9792b0b93704f9d3f6cef46c2048d7d\",\"name\":\"Alvany Pereira\",\"image\":{\"@type\":\"ImageObject\",\"inLanguage\":\"en-GB\",\"@id\":\"https:\\\/\\\/secure.gravatar.com\\\/avatar\\\/1a5fbcc81714220624d70f391a6187cd1434ccfcb154238afd238d6b8bb7f593?s=96&d=mm&r=g\",\"url\":\"https:\\\/\\\/secure.gravatar.com\\\/avatar\\\/1a5fbcc81714220624d70f391a6187cd1434ccfcb154238afd238d6b8bb7f593?s=96&d=mm&r=g\",\"contentUrl\":\"https:\\\/\\\/secure.gravatar.com\\\/avatar\\\/1a5fbcc81714220624d70f391a6187cd1434ccfcb154238afd238d6b8bb7f593?s=96&d=mm&r=g\",\"caption\":\"Alvany Pereira\"},\"url\":\"https:\\\/\\\/unaymilletras.com\\\/en\\\/author\\\/alvanysophia\\\/\"}]}<\/script>\n<!-- \/ Yoast SEO plugin. -->","yoast_head_json":{"title":"R\u00edo Babel 2025: dos d\u00edas de celebraci\u00f3n de la m\u00fasica &#8902; Una y Mil Letras","description":"La octava edici\u00f3n de R\u00edo Babel reuni\u00f3 a 50.000 personas para demostrar que un amplio conjunto de eventos pueden convivir a la perfecci\u00f3n","robots":{"index":"index","follow":"follow","max-snippet":"max-snippet:-1","max-image-preview":"max-image-preview:large","max-video-preview":"max-video-preview:-1"},"canonical":"https:\/\/unaymilletras.com\/en\/rio-babel-2025-dos-dias-de-celebracion-de-la-musica\/","og_locale":"en_GB","og_type":"article","og_title":"R\u00edo Babel 2025: dos d\u00edas de celebraci\u00f3n de la m\u00fasica &#8902; Una y Mil Letras","og_description":"La octava edici\u00f3n de R\u00edo Babel reuni\u00f3 a 50.000 personas para demostrar que un amplio conjunto de eventos pueden convivir a la perfecci\u00f3n","og_url":"https:\/\/unaymilletras.com\/en\/rio-babel-2025-dos-dias-de-celebracion-de-la-musica\/","og_site_name":"Una y Mil Letras","article_published_time":"2025-07-08T10:00:00+00:00","og_image":[{"width":600,"height":600,"url":"https:\/\/unaymilletras.com\/wp-content\/uploads\/2025\/07\/rio-babel-2025-e1751913334646.jpeg","type":"image\/jpeg"}],"author":"Alvany Pereira","twitter_card":"summary_large_image","twitter_creator":"@UnaYMilLetras","twitter_site":"@UnaYMilLetras","twitter_misc":{"Written by":"Alvany Pereira","Estimated reading time":"5 minutes"},"schema":{"@context":"https:\/\/schema.org","@graph":[{"@type":"Article","@id":"https:\/\/unaymilletras.com\/rio-babel-2025-dos-dias-de-celebracion-de-la-musica\/#article","isPartOf":{"@id":"https:\/\/unaymilletras.com\/rio-babel-2025-dos-dias-de-celebracion-de-la-musica\/"},"author":{"name":"Alvany Pereira","@id":"http:\/\/unaymilletras.com\/#\/schema\/person\/f9792b0b93704f9d3f6cef46c2048d7d"},"headline":"R\u00edo Babel 2025: dos d\u00edas de celebraci\u00f3n de la m\u00fasica","datePublished":"2025-07-08T10:00:00+00:00","mainEntityOfPage":{"@id":"https:\/\/unaymilletras.com\/rio-babel-2025-dos-dias-de-celebracion-de-la-musica\/"},"wordCount":1038,"publisher":{"@id":"http:\/\/unaymilletras.com\/#organization"},"image":{"@id":"https:\/\/unaymilletras.com\/rio-babel-2025-dos-dias-de-celebracion-de-la-musica\/#primaryimage"},"thumbnailUrl":"https:\/\/unaymilletras.com\/wp-content\/uploads\/2025\/07\/rio-babel-2025-e1751913334646.jpeg","articleSection":["M\u00fasica"],"inLanguage":"en-GB"},{"@type":"WebPage","@id":"https:\/\/unaymilletras.com\/rio-babel-2025-dos-dias-de-celebracion-de-la-musica\/","url":"https:\/\/unaymilletras.com\/rio-babel-2025-dos-dias-de-celebracion-de-la-musica\/","name":"R\u00edo Babel 2025: dos d\u00edas de celebraci\u00f3n de la m\u00fasica &#8902; Una y Mil Letras","isPartOf":{"@id":"http:\/\/unaymilletras.com\/#website"},"primaryImageOfPage":{"@id":"https:\/\/unaymilletras.com\/rio-babel-2025-dos-dias-de-celebracion-de-la-musica\/#primaryimage"},"image":{"@id":"https:\/\/unaymilletras.com\/rio-babel-2025-dos-dias-de-celebracion-de-la-musica\/#primaryimage"},"thumbnailUrl":"https:\/\/unaymilletras.com\/wp-content\/uploads\/2025\/07\/rio-babel-2025-e1751913334646.jpeg","datePublished":"2025-07-08T10:00:00+00:00","description":"La octava edici\u00f3n de R\u00edo Babel reuni\u00f3 a 50.000 personas para demostrar que un amplio conjunto de eventos pueden convivir a la perfecci\u00f3n","breadcrumb":{"@id":"https:\/\/unaymilletras.com\/rio-babel-2025-dos-dias-de-celebracion-de-la-musica\/#breadcrumb"},"inLanguage":"en-GB","potentialAction":[{"@type":"ReadAction","target":["https:\/\/unaymilletras.com\/rio-babel-2025-dos-dias-de-celebracion-de-la-musica\/"]}]},{"@type":"ImageObject","inLanguage":"en-GB","@id":"https:\/\/unaymilletras.com\/rio-babel-2025-dos-dias-de-celebracion-de-la-musica\/#primaryimage","url":"https:\/\/unaymilletras.com\/wp-content\/uploads\/2025\/07\/rio-babel-2025-e1751913334646.jpeg","contentUrl":"https:\/\/unaymilletras.com\/wp-content\/uploads\/2025\/07\/rio-babel-2025-e1751913334646.jpeg","width":600,"height":600},{"@type":"BreadcrumbList","@id":"https:\/\/unaymilletras.com\/rio-babel-2025-dos-dias-de-celebracion-de-la-musica\/#breadcrumb","itemListElement":[{"@type":"ListItem","position":1,"name":"Home","item":"http:\/\/unaymilletras.com\/"},{"@type":"ListItem","position":2,"name":"R\u00edo Babel 2025: dos d\u00edas de celebraci\u00f3n de la m\u00fasica"}]},{"@type":"WebSite","@id":"http:\/\/unaymilletras.com\/#website","url":"http:\/\/unaymilletras.com\/","name":"Una y Mil Letras","description":"","publisher":{"@id":"http:\/\/unaymilletras.com\/#organization"},"potentialAction":[{"@type":"SearchAction","target":{"@type":"EntryPoint","urlTemplate":"http:\/\/unaymilletras.com\/?s={search_term_string}"},"query-input":{"@type":"PropertyValueSpecification","valueRequired":true,"valueName":"search_term_string"}}],"inLanguage":"en-GB"},{"@type":"Organization","@id":"http:\/\/unaymilletras.com\/#organization","name":"Una y Mil Letras","url":"http:\/\/unaymilletras.com\/","logo":{"@type":"ImageObject","inLanguage":"en-GB","@id":"http:\/\/unaymilletras.com\/#\/schema\/logo\/image\/","url":"https:\/\/unaymilletras.com\/wp-content\/uploads\/2024\/06\/cropped-Logo-removebg-preview.png","contentUrl":"https:\/\/unaymilletras.com\/wp-content\/uploads\/2024\/06\/cropped-Logo-removebg-preview.png","width":512,"height":512,"caption":"Una y Mil Letras"},"image":{"@id":"http:\/\/unaymilletras.com\/#\/schema\/logo\/image\/"},"sameAs":["https:\/\/x.com\/UnaYMilLetras","https:\/\/instagram.com\/UnaYMilLetras"]},{"@type":"Person","@id":"http:\/\/unaymilletras.com\/#\/schema\/person\/f9792b0b93704f9d3f6cef46c2048d7d","name":"Alvany Pereira","image":{"@type":"ImageObject","inLanguage":"en-GB","@id":"https:\/\/secure.gravatar.com\/avatar\/1a5fbcc81714220624d70f391a6187cd1434ccfcb154238afd238d6b8bb7f593?s=96&d=mm&r=g","url":"https:\/\/secure.gravatar.com\/avatar\/1a5fbcc81714220624d70f391a6187cd1434ccfcb154238afd238d6b8bb7f593?s=96&d=mm&r=g","contentUrl":"https:\/\/secure.gravatar.com\/avatar\/1a5fbcc81714220624d70f391a6187cd1434ccfcb154238afd238d6b8bb7f593?s=96&d=mm&r=g","caption":"Alvany Pereira"},"url":"https:\/\/unaymilletras.com\/en\/author\/alvanysophia\/"}]}},"_links":{"self":[{"href":"https:\/\/unaymilletras.com\/en\/wp-json\/wp\/v2\/posts\/5267","targetHints":{"allow":["GET"]}}],"collection":[{"href":"https:\/\/unaymilletras.com\/en\/wp-json\/wp\/v2\/posts"}],"about":[{"href":"https:\/\/unaymilletras.com\/en\/wp-json\/wp\/v2\/types\/post"}],"author":[{"embeddable":true,"href":"https:\/\/unaymilletras.com\/en\/wp-json\/wp\/v2\/users\/8"}],"replies":[{"embeddable":true,"href":"https:\/\/unaymilletras.com\/en\/wp-json\/wp\/v2\/comments?post=5267"}],"version-history":[{"count":13,"href":"https:\/\/unaymilletras.com\/en\/wp-json\/wp\/v2\/posts\/5267\/revisions"}],"predecessor-version":[{"id":5288,"href":"https:\/\/unaymilletras.com\/en\/wp-json\/wp\/v2\/posts\/5267\/revisions\/5288"}],"wp:featuredmedia":[{"embeddable":true,"href":"https:\/\/unaymilletras.com\/en\/wp-json\/wp\/v2\/media\/5269"}],"wp:attachment":[{"href":"https:\/\/unaymilletras.com\/en\/wp-json\/wp\/v2\/media?parent=5267"}],"wp:term":[{"taxonomy":"category","embeddable":true,"href":"https:\/\/unaymilletras.com\/en\/wp-json\/wp\/v2\/categories?post=5267"},{"taxonomy":"post_tag","embeddable":true,"href":"https:\/\/unaymilletras.com\/en\/wp-json\/wp\/v2\/tags?post=5267"}],"curies":[{"name":"wp","href":"https:\/\/api.w.org\/{rel}","templated":true}]}}