{"id":5292,"date":"2025-07-10T09:53:49","date_gmt":"2025-07-10T07:53:49","guid":{"rendered":"https:\/\/unaymilletras.com\/?p=5292"},"modified":"2025-07-10T09:53:49","modified_gmt":"2025-07-10T07:53:49","slug":"duki-lanza-5202-en-pleno-apogeo-de-su-carrera","status":"publish","type":"post","link":"https:\/\/unaymilletras.com\/en\/duki-lanza-5202-en-pleno-apogeo-de-su-carrera\/","title":{"rendered":"DUKI lanza \u00ab5202\u00bb en pleno apogeo de su carrera"},"content":{"rendered":"<div data-elementor-type=\"wp-post\" data-elementor-id=\"5292\" class=\"elementor elementor-5292\">\n\t\t\t\t\t\t<section class=\"elementor-section elementor-top-section elementor-element elementor-element-5dcf394 elementor-section-boxed elementor-section-height-default elementor-section-height-default\" data-id=\"5dcf394\" data-element_type=\"section\" data-e-type=\"section\">\n\t\t\t\t\t\t<div class=\"elementor-container elementor-column-gap-default\">\n\t\t\t\t\t<div class=\"elementor-column elementor-col-100 elementor-top-column elementor-element elementor-element-f7147f0\" data-id=\"f7147f0\" data-element_type=\"column\" data-e-type=\"column\">\n\t\t\t<div class=\"elementor-widget-wrap elementor-element-populated\">\n\t\t\t\t\t\t<div class=\"elementor-element elementor-element-1791247 elementor-widget elementor-widget-text-editor\" data-id=\"1791247\" data-element_type=\"widget\" data-e-type=\"widget\" data-widget_type=\"text-editor.default\">\n\t\t\t\t<div class=\"elementor-widget-container\">\n\t\t\t\t\t\t\t\t\t<h3><span style=\"color: #999999\"><strong>Con colaboraciones internacionales y un enfoque documental, el detr\u00e1s de escena de una gira hist\u00f3rica que agot\u00f3 entradas en m\u00e1s de 45 ciudades del mundo.<\/strong><\/span><\/h3>\t\t\t\t\t\t\t\t<\/div>\n\t\t\t\t<\/div>\n\t\t\t\t<div class=\"elementor-element elementor-element-63d357a elementor-widget elementor-widget-text-editor\" data-id=\"63d357a\" data-element_type=\"widget\" data-e-type=\"widget\" data-widget_type=\"text-editor.default\">\n\t\t\t\t<div class=\"elementor-widget-container\">\n\t\t\t\t\t\t\t\t\t<p><span style=\"font-weight: 400\">En el momento m\u00e1s alto de su carrera, Duki lanza <\/span><i><span style=\"font-weight: 400\">5202<\/span><\/i><span style=\"font-weight: 400\">, una mixtape que funciona como <strong>diario \u00edntimo<\/strong> y art\u00edstico de su gira global. El proyecto, compuesto por <strong>11 canciones<\/strong>, retrata en tiempo real el detr\u00e1s de escena de su tour, con videoclips que combinan fragmentos de shows en vivo, backstage, vuelos, eventos y momentos personales.\u00a0<\/span><\/p><p><span style=\"font-weight: 400\">Con <strong>colaboraciones<\/strong> de Zell y Cluster, y la participaci\u00f3n de productores internacionales como Southside, Wheezy, J.LBS y LilJumadedaBeat, <\/span><i><span style=\"font-weight: 400\">5202<\/span><\/i><span style=\"font-weight: 400\"> marca un nuevo punto en la evoluci\u00f3n art\u00edstica de Duki.<\/span><\/p>\t\t\t\t\t\t\t\t<\/div>\n\t\t\t\t<\/div>\n\t\t\t\t<div class=\"elementor-element elementor-element-8db3af8 elementor-widget elementor-widget-image\" data-id=\"8db3af8\" data-element_type=\"widget\" data-e-type=\"widget\" data-widget_type=\"image.default\">\n\t\t\t\t<div class=\"elementor-widget-container\">\n\t\t\t\t\t\t\t\t\t\t\t\t\t\t\t<img fetchpriority=\"high\" decoding=\"async\" width=\"640\" height=\"427\" src=\"https:\/\/unaymilletras.com\/wp-content\/uploads\/2025\/07\/PRENSA_3jpeg-1024x683.jpeg\" class=\"attachment-large size-large wp-image-5294\" alt=\"\" srcset=\"https:\/\/unaymilletras.com\/wp-content\/uploads\/2025\/07\/PRENSA_3jpeg-1024x683.jpeg 1024w, https:\/\/unaymilletras.com\/wp-content\/uploads\/2025\/07\/PRENSA_3jpeg-300x200.jpeg 300w, https:\/\/unaymilletras.com\/wp-content\/uploads\/2025\/07\/PRENSA_3jpeg-768x512.jpeg 768w, https:\/\/unaymilletras.com\/wp-content\/uploads\/2025\/07\/PRENSA_3jpeg-1536x1025.jpeg 1536w, https:\/\/unaymilletras.com\/wp-content\/uploads\/2025\/07\/PRENSA_3jpeg-2048x1366.jpeg 2048w, https:\/\/unaymilletras.com\/wp-content\/uploads\/2025\/07\/PRENSA_3jpeg-18x12.jpeg 18w, https:\/\/unaymilletras.com\/wp-content\/uploads\/2025\/07\/PRENSA_3jpeg-scaled-e1752133138975.jpeg 600w\" sizes=\"(max-width: 640px) 100vw, 640px\" \/>\t\t\t\t\t\t\t\t\t\t\t\t\t\t\t<\/div>\n\t\t\t\t<\/div>\n\t\t\t\t<div class=\"elementor-element elementor-element-71c19ac elementor-widget elementor-widget-text-editor\" data-id=\"71c19ac\" data-element_type=\"widget\" data-e-type=\"widget\" data-widget_type=\"text-editor.default\">\n\t\t\t\t<div class=\"elementor-widget-container\">\n\t\t\t\t\t\t\t\t\t<p><span style=\"font-weight: 400\">El primer adelanto de esta mixtape fue <\/span><a href=\"https:\/\/unaymilletras.com\/en\/duki-presento-golfista-ante-miles-de-fanaticos-en-buenos-aires\/\"><i><span style=\"font-weight: 400\">Golfista<\/span><\/i><\/a><span style=\"font-weight: 400\">, que acumula <strong>15.6 millones de reproducciones<\/strong> y logr\u00f3 posicionarse en el Top 50 de Argentina. Luego lleg\u00f3 <\/span><a href=\"https:\/\/youtu.be\/6-bEWZcGBQg?si=itTQKu9HltJmw7ic\"><i><span style=\"font-weight: 400\">NO ME ALCANZA<\/span><\/i><\/a><span style=\"font-weight: 400\">, presentado durante su gira en Espa\u00f1a y lanzado en una <strong>fecha especial: el cumplea\u00f1os del artista.<\/strong><\/span><\/p><p><span style=\"font-weight: 400\">El tour que acompa\u00f1a a <\/span><i><span style=\"font-weight: 400\">5202<\/span><\/i><span style=\"font-weight: 400\"> ya pas\u00f3 por m\u00e1s de <strong>12 pa\u00edses y 45 ciudades<\/strong>, con funciones agotadas en Estados Unidos, Europa y Latinoam\u00e9rica. En 2025, Duki ya vendi\u00f3 m\u00e1s de <strong>350.000 entradas<\/strong> alrededor del mundo. En Argentina, lleva realizadas <strong>ocho presentaciones sold out<\/strong> en el Movistar Arena, y ya agot\u00f3 diez fechas m\u00e1s, sumando una nueva funci\u00f3n para el 17 de diciembre.<\/span><\/p><h3><span style=\"color: #999999\"><strong>Una gira hist\u00f3rica<\/strong><\/span><\/h3><p><span style=\"font-weight: 400\">Adem\u00e1s, el artista hizo historia con <strong>11 fechas agotadas<\/strong> en Estados Unidos (incluyendo el show m\u00e1s grande en solitario de un artista urbano argentino en ese pa\u00eds), y llen\u00f3 estadios en Puerto Rico, Uruguay, Paraguay, Bolivia y Chile.<\/span><\/p><p><span style=\"font-weight: 400\">El tour de <\/span><i><span style=\"font-weight: 400\">5202<\/span><\/i><span style=\"font-weight: 400\"><strong> continuar\u00e1<\/strong> por Colombia, Per\u00fa, Ecuador, M\u00e9xico y Espa\u00f1a, con fechas ya confirmadas en estadios ic\u00f3nicos como el Palacio de los Deportes (Ciudad de M\u00e9xico), el Coliseum de A Coru\u00f1a y el Palau Sant Jordi de Barcelona.<\/span><\/p><p><span style=\"font-weight: 400\">Con <\/span><i><span style=\"font-weight: 400\">5202<\/span><\/i><span style=\"font-weight: 400\">, Duki no solo lanza m\u00fasica, comparte con su p\u00fablico su vida, su visi\u00f3n y el pulso de una gira hist\u00f3rica que marca un antes y un despu\u00e9s en la m\u00fasica urbana y en su carrera.<\/span><\/p>\t\t\t\t\t\t\t\t<\/div>\n\t\t\t\t<\/div>\n\t\t\t\t<div class=\"elementor-element elementor-element-c91d8a5 elementor-widget elementor-widget-video\" data-id=\"c91d8a5\" data-element_type=\"widget\" data-e-type=\"widget\" data-settings=\"{&quot;youtube_url&quot;:&quot;https:\\\/\\\/youtu.be\\\/ZXIWU8GLsAc?si=zObwBFIdlFGQCpsA&quot;,&quot;video_type&quot;:&quot;youtube&quot;,&quot;controls&quot;:&quot;yes&quot;}\" data-widget_type=\"video.default\">\n\t\t\t\t<div class=\"elementor-widget-container\">\n\t\t\t\t\t\t\t<div class=\"elementor-wrapper elementor-open-inline\">\n\t\t\t<div class=\"elementor-video\"><\/div>\t\t<\/div>\n\t\t\t\t\t\t<\/div>\n\t\t\t\t<\/div>\n\t\t\t\t\t<\/div>\n\t\t<\/div>\n\t\t\t\t\t<\/div>\n\t\t<\/section>\n\t\t\t\t<\/div>","protected":false},"excerpt":{"rendered":"<p>Con colaboraciones internacionales y un enfoque documental, el detr\u00e1s de escena de una gira hist\u00f3rica que agot\u00f3 entradas en m\u00e1s de 45 ciudades del mundo. En el momento m\u00e1s alto de su carrera, Duki lanza 5202, una mixtape que funciona como diario \u00edntimo y art\u00edstico de su gira global. El proyecto, compuesto por 11 canciones, [&hellip;]<\/p>\n","protected":false},"author":8,"featured_media":5313,"comment_status":"closed","ping_status":"closed","sticky":false,"template":"","format":"standard","meta":{"footnotes":""},"categories":[4],"tags":[],"class_list":["post-5292","post","type-post","status-publish","format-standard","has-post-thumbnail","hentry","category-musica"],"yoast_head":"<!-- This site is optimized with the Yoast SEO plugin v27.4 - https:\/\/yoast.com\/product\/yoast-seo-wordpress\/ -->\n<title>DUKI lanza \u00ab5202\u00bb en pleno apogeo de su carrera &#8902; Una y Mil Letras<\/title>\n<meta name=\"description\" content=\"Con colaboraciones internacionales y un enfoque documental, refleja una gira que agot\u00f3 entradas en m\u00e1s de 45 ciudades del mundo.\" \/>\n<meta name=\"robots\" content=\"index, follow, max-snippet:-1, max-image-preview:large, max-video-preview:-1\" \/>\n<link rel=\"canonical\" href=\"https:\/\/unaymilletras.com\/en\/duki-lanza-5202-en-pleno-apogeo-de-su-carrera\/\" \/>\n<meta property=\"og:locale\" content=\"en_GB\" \/>\n<meta property=\"og:type\" content=\"article\" \/>\n<meta property=\"og:title\" content=\"DUKI lanza \u00ab5202\u00bb en pleno apogeo de su carrera &#8902; Una y Mil Letras\" \/>\n<meta property=\"og:description\" content=\"Con colaboraciones internacionales y un enfoque documental, refleja una gira que agot\u00f3 entradas en m\u00e1s de 45 ciudades del mundo.\" \/>\n<meta property=\"og:url\" content=\"https:\/\/unaymilletras.com\/en\/duki-lanza-5202-en-pleno-apogeo-de-su-carrera\/\" \/>\n<meta property=\"og:site_name\" content=\"Una y Mil Letras\" \/>\n<meta property=\"article:published_time\" content=\"2025-07-10T07:53:49+00:00\" \/>\n<meta property=\"og:image\" content=\"http:\/\/unaymilletras.com\/wp-content\/uploads\/2025\/07\/PRENSA-scaled-e1752133996106.jpeg\" \/>\n\t<meta property=\"og:image:width\" content=\"600\" \/>\n\t<meta property=\"og:image:height\" content=\"900\" \/>\n\t<meta property=\"og:image:type\" content=\"image\/jpeg\" \/>\n<meta name=\"author\" content=\"Alvany Pereira\" \/>\n<meta name=\"twitter:card\" content=\"summary_large_image\" \/>\n<meta name=\"twitter:creator\" content=\"@UnaYMilLetras\" \/>\n<meta name=\"twitter:site\" content=\"@UnaYMilLetras\" \/>\n<meta name=\"twitter:label1\" content=\"Written by\" \/>\n\t<meta name=\"twitter:data1\" content=\"Alvany Pereira\" \/>\n\t<meta name=\"twitter:label2\" content=\"Estimated reading time\" \/>\n\t<meta name=\"twitter:data2\" content=\"2 minutes\" \/>\n<script type=\"application\/ld+json\" class=\"yoast-schema-graph\">{\"@context\":\"https:\\\/\\\/schema.org\",\"@graph\":[{\"@type\":\"Article\",\"@id\":\"https:\\\/\\\/unaymilletras.com\\\/duki-lanza-5202-en-pleno-apogeo-de-su-carrera\\\/#article\",\"isPartOf\":{\"@id\":\"https:\\\/\\\/unaymilletras.com\\\/duki-lanza-5202-en-pleno-apogeo-de-su-carrera\\\/\"},\"author\":{\"name\":\"Alvany Pereira\",\"@id\":\"http:\\\/\\\/unaymilletras.com\\\/#\\\/schema\\\/person\\\/f9792b0b93704f9d3f6cef46c2048d7d\"},\"headline\":\"DUKI lanza \u00ab5202\u00bb en pleno apogeo de su carrera\",\"datePublished\":\"2025-07-10T07:53:49+00:00\",\"mainEntityOfPage\":{\"@id\":\"https:\\\/\\\/unaymilletras.com\\\/duki-lanza-5202-en-pleno-apogeo-de-su-carrera\\\/\"},\"wordCount\":370,\"publisher\":{\"@id\":\"http:\\\/\\\/unaymilletras.com\\\/#organization\"},\"image\":{\"@id\":\"https:\\\/\\\/unaymilletras.com\\\/duki-lanza-5202-en-pleno-apogeo-de-su-carrera\\\/#primaryimage\"},\"thumbnailUrl\":\"https:\\\/\\\/unaymilletras.com\\\/wp-content\\\/uploads\\\/2025\\\/07\\\/PRENSA-scaled-e1752133996106.jpeg\",\"articleSection\":[\"M\u00fasica\"],\"inLanguage\":\"en-GB\"},{\"@type\":\"WebPage\",\"@id\":\"https:\\\/\\\/unaymilletras.com\\\/duki-lanza-5202-en-pleno-apogeo-de-su-carrera\\\/\",\"url\":\"https:\\\/\\\/unaymilletras.com\\\/duki-lanza-5202-en-pleno-apogeo-de-su-carrera\\\/\",\"name\":\"DUKI lanza \u00ab5202\u00bb en pleno apogeo de su carrera &#8902; Una y Mil Letras\",\"isPartOf\":{\"@id\":\"http:\\\/\\\/unaymilletras.com\\\/#website\"},\"primaryImageOfPage\":{\"@id\":\"https:\\\/\\\/unaymilletras.com\\\/duki-lanza-5202-en-pleno-apogeo-de-su-carrera\\\/#primaryimage\"},\"image\":{\"@id\":\"https:\\\/\\\/unaymilletras.com\\\/duki-lanza-5202-en-pleno-apogeo-de-su-carrera\\\/#primaryimage\"},\"thumbnailUrl\":\"https:\\\/\\\/unaymilletras.com\\\/wp-content\\\/uploads\\\/2025\\\/07\\\/PRENSA-scaled-e1752133996106.jpeg\",\"datePublished\":\"2025-07-10T07:53:49+00:00\",\"description\":\"Con colaboraciones internacionales y un enfoque documental, refleja una gira que agot\u00f3 entradas en m\u00e1s de 45 ciudades del mundo.\",\"breadcrumb\":{\"@id\":\"https:\\\/\\\/unaymilletras.com\\\/duki-lanza-5202-en-pleno-apogeo-de-su-carrera\\\/#breadcrumb\"},\"inLanguage\":\"en-GB\",\"potentialAction\":[{\"@type\":\"ReadAction\",\"target\":[\"https:\\\/\\\/unaymilletras.com\\\/duki-lanza-5202-en-pleno-apogeo-de-su-carrera\\\/\"]}]},{\"@type\":\"ImageObject\",\"inLanguage\":\"en-GB\",\"@id\":\"https:\\\/\\\/unaymilletras.com\\\/duki-lanza-5202-en-pleno-apogeo-de-su-carrera\\\/#primaryimage\",\"url\":\"https:\\\/\\\/unaymilletras.com\\\/wp-content\\\/uploads\\\/2025\\\/07\\\/PRENSA-scaled-e1752133996106.jpeg\",\"contentUrl\":\"https:\\\/\\\/unaymilletras.com\\\/wp-content\\\/uploads\\\/2025\\\/07\\\/PRENSA-scaled-e1752133996106.jpeg\",\"width\":600,\"height\":900},{\"@type\":\"BreadcrumbList\",\"@id\":\"https:\\\/\\\/unaymilletras.com\\\/duki-lanza-5202-en-pleno-apogeo-de-su-carrera\\\/#breadcrumb\",\"itemListElement\":[{\"@type\":\"ListItem\",\"position\":1,\"name\":\"Home\",\"item\":\"http:\\\/\\\/unaymilletras.com\\\/\"},{\"@type\":\"ListItem\",\"position\":2,\"name\":\"DUKI lanza \u00ab5202\u00bb en pleno apogeo de su carrera\"}]},{\"@type\":\"WebSite\",\"@id\":\"http:\\\/\\\/unaymilletras.com\\\/#website\",\"url\":\"http:\\\/\\\/unaymilletras.com\\\/\",\"name\":\"Una y Mil Letras\",\"description\":\"\",\"publisher\":{\"@id\":\"http:\\\/\\\/unaymilletras.com\\\/#organization\"},\"potentialAction\":[{\"@type\":\"SearchAction\",\"target\":{\"@type\":\"EntryPoint\",\"urlTemplate\":\"http:\\\/\\\/unaymilletras.com\\\/?s={search_term_string}\"},\"query-input\":{\"@type\":\"PropertyValueSpecification\",\"valueRequired\":true,\"valueName\":\"search_term_string\"}}],\"inLanguage\":\"en-GB\"},{\"@type\":\"Organization\",\"@id\":\"http:\\\/\\\/unaymilletras.com\\\/#organization\",\"name\":\"Una y Mil Letras\",\"url\":\"http:\\\/\\\/unaymilletras.com\\\/\",\"logo\":{\"@type\":\"ImageObject\",\"inLanguage\":\"en-GB\",\"@id\":\"http:\\\/\\\/unaymilletras.com\\\/#\\\/schema\\\/logo\\\/image\\\/\",\"url\":\"https:\\\/\\\/unaymilletras.com\\\/wp-content\\\/uploads\\\/2024\\\/06\\\/cropped-Logo-removebg-preview.png\",\"contentUrl\":\"https:\\\/\\\/unaymilletras.com\\\/wp-content\\\/uploads\\\/2024\\\/06\\\/cropped-Logo-removebg-preview.png\",\"width\":512,\"height\":512,\"caption\":\"Una y Mil Letras\"},\"image\":{\"@id\":\"http:\\\/\\\/unaymilletras.com\\\/#\\\/schema\\\/logo\\\/image\\\/\"},\"sameAs\":[\"https:\\\/\\\/x.com\\\/UnaYMilLetras\",\"https:\\\/\\\/instagram.com\\\/UnaYMilLetras\"]},{\"@type\":\"Person\",\"@id\":\"http:\\\/\\\/unaymilletras.com\\\/#\\\/schema\\\/person\\\/f9792b0b93704f9d3f6cef46c2048d7d\",\"name\":\"Alvany Pereira\",\"image\":{\"@type\":\"ImageObject\",\"inLanguage\":\"en-GB\",\"@id\":\"https:\\\/\\\/secure.gravatar.com\\\/avatar\\\/1a5fbcc81714220624d70f391a6187cd1434ccfcb154238afd238d6b8bb7f593?s=96&d=mm&r=g\",\"url\":\"https:\\\/\\\/secure.gravatar.com\\\/avatar\\\/1a5fbcc81714220624d70f391a6187cd1434ccfcb154238afd238d6b8bb7f593?s=96&d=mm&r=g\",\"contentUrl\":\"https:\\\/\\\/secure.gravatar.com\\\/avatar\\\/1a5fbcc81714220624d70f391a6187cd1434ccfcb154238afd238d6b8bb7f593?s=96&d=mm&r=g\",\"caption\":\"Alvany Pereira\"},\"url\":\"https:\\\/\\\/unaymilletras.com\\\/en\\\/author\\\/alvanysophia\\\/\"}]}<\/script>\n<!-- \/ Yoast SEO plugin. -->","yoast_head_json":{"title":"DUKI lanza \u00ab5202\u00bb en pleno apogeo de su carrera &#8902; Una y Mil Letras","description":"Con colaboraciones internacionales y un enfoque documental, refleja una gira que agot\u00f3 entradas en m\u00e1s de 45 ciudades del mundo.","robots":{"index":"index","follow":"follow","max-snippet":"max-snippet:-1","max-image-preview":"max-image-preview:large","max-video-preview":"max-video-preview:-1"},"canonical":"https:\/\/unaymilletras.com\/en\/duki-lanza-5202-en-pleno-apogeo-de-su-carrera\/","og_locale":"en_GB","og_type":"article","og_title":"DUKI lanza \u00ab5202\u00bb en pleno apogeo de su carrera &#8902; Una y Mil Letras","og_description":"Con colaboraciones internacionales y un enfoque documental, refleja una gira que agot\u00f3 entradas en m\u00e1s de 45 ciudades del mundo.","og_url":"https:\/\/unaymilletras.com\/en\/duki-lanza-5202-en-pleno-apogeo-de-su-carrera\/","og_site_name":"Una y Mil Letras","article_published_time":"2025-07-10T07:53:49+00:00","og_image":[{"width":600,"height":900,"url":"http:\/\/unaymilletras.com\/wp-content\/uploads\/2025\/07\/PRENSA-scaled-e1752133996106.jpeg","type":"image\/jpeg"}],"author":"Alvany Pereira","twitter_card":"summary_large_image","twitter_creator":"@UnaYMilLetras","twitter_site":"@UnaYMilLetras","twitter_misc":{"Written by":"Alvany Pereira","Estimated reading time":"2 minutes"},"schema":{"@context":"https:\/\/schema.org","@graph":[{"@type":"Article","@id":"https:\/\/unaymilletras.com\/duki-lanza-5202-en-pleno-apogeo-de-su-carrera\/#article","isPartOf":{"@id":"https:\/\/unaymilletras.com\/duki-lanza-5202-en-pleno-apogeo-de-su-carrera\/"},"author":{"name":"Alvany Pereira","@id":"http:\/\/unaymilletras.com\/#\/schema\/person\/f9792b0b93704f9d3f6cef46c2048d7d"},"headline":"DUKI lanza \u00ab5202\u00bb en pleno apogeo de su carrera","datePublished":"2025-07-10T07:53:49+00:00","mainEntityOfPage":{"@id":"https:\/\/unaymilletras.com\/duki-lanza-5202-en-pleno-apogeo-de-su-carrera\/"},"wordCount":370,"publisher":{"@id":"http:\/\/unaymilletras.com\/#organization"},"image":{"@id":"https:\/\/unaymilletras.com\/duki-lanza-5202-en-pleno-apogeo-de-su-carrera\/#primaryimage"},"thumbnailUrl":"https:\/\/unaymilletras.com\/wp-content\/uploads\/2025\/07\/PRENSA-scaled-e1752133996106.jpeg","articleSection":["M\u00fasica"],"inLanguage":"en-GB"},{"@type":"WebPage","@id":"https:\/\/unaymilletras.com\/duki-lanza-5202-en-pleno-apogeo-de-su-carrera\/","url":"https:\/\/unaymilletras.com\/duki-lanza-5202-en-pleno-apogeo-de-su-carrera\/","name":"DUKI lanza \u00ab5202\u00bb en pleno apogeo de su carrera &#8902; Una y Mil Letras","isPartOf":{"@id":"http:\/\/unaymilletras.com\/#website"},"primaryImageOfPage":{"@id":"https:\/\/unaymilletras.com\/duki-lanza-5202-en-pleno-apogeo-de-su-carrera\/#primaryimage"},"image":{"@id":"https:\/\/unaymilletras.com\/duki-lanza-5202-en-pleno-apogeo-de-su-carrera\/#primaryimage"},"thumbnailUrl":"https:\/\/unaymilletras.com\/wp-content\/uploads\/2025\/07\/PRENSA-scaled-e1752133996106.jpeg","datePublished":"2025-07-10T07:53:49+00:00","description":"Con colaboraciones internacionales y un enfoque documental, refleja una gira que agot\u00f3 entradas en m\u00e1s de 45 ciudades del mundo.","breadcrumb":{"@id":"https:\/\/unaymilletras.com\/duki-lanza-5202-en-pleno-apogeo-de-su-carrera\/#breadcrumb"},"inLanguage":"en-GB","potentialAction":[{"@type":"ReadAction","target":["https:\/\/unaymilletras.com\/duki-lanza-5202-en-pleno-apogeo-de-su-carrera\/"]}]},{"@type":"ImageObject","inLanguage":"en-GB","@id":"https:\/\/unaymilletras.com\/duki-lanza-5202-en-pleno-apogeo-de-su-carrera\/#primaryimage","url":"https:\/\/unaymilletras.com\/wp-content\/uploads\/2025\/07\/PRENSA-scaled-e1752133996106.jpeg","contentUrl":"https:\/\/unaymilletras.com\/wp-content\/uploads\/2025\/07\/PRENSA-scaled-e1752133996106.jpeg","width":600,"height":900},{"@type":"BreadcrumbList","@id":"https:\/\/unaymilletras.com\/duki-lanza-5202-en-pleno-apogeo-de-su-carrera\/#breadcrumb","itemListElement":[{"@type":"ListItem","position":1,"name":"Home","item":"http:\/\/unaymilletras.com\/"},{"@type":"ListItem","position":2,"name":"DUKI lanza \u00ab5202\u00bb en pleno apogeo de su carrera"}]},{"@type":"WebSite","@id":"http:\/\/unaymilletras.com\/#website","url":"http:\/\/unaymilletras.com\/","name":"Una y Mil Letras","description":"","publisher":{"@id":"http:\/\/unaymilletras.com\/#organization"},"potentialAction":[{"@type":"SearchAction","target":{"@type":"EntryPoint","urlTemplate":"http:\/\/unaymilletras.com\/?s={search_term_string}"},"query-input":{"@type":"PropertyValueSpecification","valueRequired":true,"valueName":"search_term_string"}}],"inLanguage":"en-GB"},{"@type":"Organization","@id":"http:\/\/unaymilletras.com\/#organization","name":"Una y Mil Letras","url":"http:\/\/unaymilletras.com\/","logo":{"@type":"ImageObject","inLanguage":"en-GB","@id":"http:\/\/unaymilletras.com\/#\/schema\/logo\/image\/","url":"https:\/\/unaymilletras.com\/wp-content\/uploads\/2024\/06\/cropped-Logo-removebg-preview.png","contentUrl":"https:\/\/unaymilletras.com\/wp-content\/uploads\/2024\/06\/cropped-Logo-removebg-preview.png","width":512,"height":512,"caption":"Una y Mil Letras"},"image":{"@id":"http:\/\/unaymilletras.com\/#\/schema\/logo\/image\/"},"sameAs":["https:\/\/x.com\/UnaYMilLetras","https:\/\/instagram.com\/UnaYMilLetras"]},{"@type":"Person","@id":"http:\/\/unaymilletras.com\/#\/schema\/person\/f9792b0b93704f9d3f6cef46c2048d7d","name":"Alvany Pereira","image":{"@type":"ImageObject","inLanguage":"en-GB","@id":"https:\/\/secure.gravatar.com\/avatar\/1a5fbcc81714220624d70f391a6187cd1434ccfcb154238afd238d6b8bb7f593?s=96&d=mm&r=g","url":"https:\/\/secure.gravatar.com\/avatar\/1a5fbcc81714220624d70f391a6187cd1434ccfcb154238afd238d6b8bb7f593?s=96&d=mm&r=g","contentUrl":"https:\/\/secure.gravatar.com\/avatar\/1a5fbcc81714220624d70f391a6187cd1434ccfcb154238afd238d6b8bb7f593?s=96&d=mm&r=g","caption":"Alvany Pereira"},"url":"https:\/\/unaymilletras.com\/en\/author\/alvanysophia\/"}]}},"_links":{"self":[{"href":"https:\/\/unaymilletras.com\/en\/wp-json\/wp\/v2\/posts\/5292","targetHints":{"allow":["GET"]}}],"collection":[{"href":"https:\/\/unaymilletras.com\/en\/wp-json\/wp\/v2\/posts"}],"about":[{"href":"https:\/\/unaymilletras.com\/en\/wp-json\/wp\/v2\/types\/post"}],"author":[{"embeddable":true,"href":"https:\/\/unaymilletras.com\/en\/wp-json\/wp\/v2\/users\/8"}],"replies":[{"embeddable":true,"href":"https:\/\/unaymilletras.com\/en\/wp-json\/wp\/v2\/comments?post=5292"}],"version-history":[{"count":19,"href":"https:\/\/unaymilletras.com\/en\/wp-json\/wp\/v2\/posts\/5292\/revisions"}],"predecessor-version":[{"id":5312,"href":"https:\/\/unaymilletras.com\/en\/wp-json\/wp\/v2\/posts\/5292\/revisions\/5312"}],"wp:featuredmedia":[{"embeddable":true,"href":"https:\/\/unaymilletras.com\/en\/wp-json\/wp\/v2\/media\/5313"}],"wp:attachment":[{"href":"https:\/\/unaymilletras.com\/en\/wp-json\/wp\/v2\/media?parent=5292"}],"wp:term":[{"taxonomy":"category","embeddable":true,"href":"https:\/\/unaymilletras.com\/en\/wp-json\/wp\/v2\/categories?post=5292"},{"taxonomy":"post_tag","embeddable":true,"href":"https:\/\/unaymilletras.com\/en\/wp-json\/wp\/v2\/tags?post=5292"}],"curies":[{"name":"wp","href":"https:\/\/api.w.org\/{rel}","templated":true}]}}