{"id":5314,"date":"2025-07-11T20:18:01","date_gmt":"2025-07-11T18:18:01","guid":{"rendered":"https:\/\/unaymilletras.com\/?p=5314"},"modified":"2025-07-11T20:18:58","modified_gmt":"2025-07-11T18:18:58","slug":"leiti-sene-lanza-mas-alas-un-regreso-espiritual-con-polima-westcoast","status":"publish","type":"post","link":"https:\/\/unaymilletras.com\/en\/leiti-sene-lanza-mas-alas-un-regreso-espiritual-con-polima-westcoast\/","title":{"rendered":"Le\u00efti S\u00e8ne lanza \u00abM\u00e1s Alas\u00bb, un regreso espiritual con Polim\u00e1 Westcoast"},"content":{"rendered":"<div data-elementor-type=\"wp-post\" data-elementor-id=\"5314\" class=\"elementor elementor-5314\">\n\t\t\t\t\t\t<section class=\"elementor-section elementor-top-section elementor-element elementor-element-fd71e96 elementor-section-boxed elementor-section-height-default elementor-section-height-default\" data-id=\"fd71e96\" data-element_type=\"section\" data-e-type=\"section\">\n\t\t\t\t\t\t<div class=\"elementor-container elementor-column-gap-default\">\n\t\t\t\t\t<div class=\"elementor-column elementor-col-100 elementor-top-column elementor-element elementor-element-7f0c4f3\" data-id=\"7f0c4f3\" data-element_type=\"column\" data-e-type=\"column\">\n\t\t\t<div class=\"elementor-widget-wrap elementor-element-populated\">\n\t\t\t\t\t\t<div class=\"elementor-element elementor-element-5bfbe60 elementor-widget elementor-widget-text-editor\" data-id=\"5bfbe60\" data-element_type=\"widget\" data-e-type=\"widget\" data-widget_type=\"text-editor.default\">\n\t\t\t\t<div class=\"elementor-widget-container\">\n\t\t\t\t\t\t\t\t\t<h2 style=\"text-align: center;\" data-start=\"0\" data-end=\"220\"><span style=\"color: #808080;\"><em data-start=\"82\" data-end=\"220\">El nuevo single de Le\u00efti S\u00e8ne marca una etapa de conexi\u00f3n profunda, mensaje consciente y colaboraci\u00f3n con Polim\u00e1 Westcoast<\/em><\/span><\/h2>\t\t\t\t\t\t\t\t<\/div>\n\t\t\t\t<\/div>\n\t\t\t\t\t<\/div>\n\t\t<\/div>\n\t\t\t\t\t<\/div>\n\t\t<\/section>\n\t\t\t\t<section class=\"elementor-section elementor-top-section elementor-element elementor-element-2a28653 elementor-section-boxed elementor-section-height-default elementor-section-height-default\" data-id=\"2a28653\" data-element_type=\"section\" data-e-type=\"section\">\n\t\t\t\t\t\t<div class=\"elementor-container elementor-column-gap-default\">\n\t\t\t\t\t<div class=\"elementor-column elementor-col-100 elementor-top-column elementor-element elementor-element-2fd36fa\" data-id=\"2fd36fa\" data-element_type=\"column\" data-e-type=\"column\">\n\t\t\t<div class=\"elementor-widget-wrap elementor-element-populated\">\n\t\t\t\t\t\t<div class=\"elementor-element elementor-element-6e70eae elementor-widget elementor-widget-text-editor\" data-id=\"6e70eae\" data-element_type=\"widget\" data-e-type=\"widget\" data-widget_type=\"text-editor.default\">\n\t\t\t\t<div class=\"elementor-widget-container\">\n\t\t\t\t\t\t\t\t\t<p data-start=\"222\" data-end=\"462\">Tras dos a\u00f1os de silencio discogr\u00e1fico, <strong>Le\u00efti S\u00e8ne<\/strong> regresa con <em>M\u00e1s Alas<\/em>, un tema \u00edntimo que conecta fe, comunidad y evoluci\u00f3n personal. Una colaboraci\u00f3n con <strong>Polim\u00e1 Westcoast<\/strong>, estrella chilena del urbano latino. Ambos artistas comparten ra\u00edces, sensibilidad art\u00edstica y una visi\u00f3n com\u00fan. El resultado es una canci\u00f3n con alma, frescura y mensaje.<\/p><p data-start=\"688\" data-end=\"898\">La producci\u00f3n de Kar Lee mezcla soul, funk y ritmos afro, aportando una textura envolvente. El estribillo \u2014\u00bbdame alas para verte, m\u00e1s alas para verte\u00bb\u2014 se convierte en un mantra espiritual cargado de intenci\u00f3n.<\/p>\t\t\t\t\t\t\t\t<\/div>\n\t\t\t\t<\/div>\n\t\t\t\t\t<\/div>\n\t\t<\/div>\n\t\t\t\t\t<\/div>\n\t\t<\/section>\n\t\t\t\t<section class=\"elementor-section elementor-top-section elementor-element elementor-element-ab4c486 elementor-section-boxed elementor-section-height-default elementor-section-height-default\" data-id=\"ab4c486\" data-element_type=\"section\" data-e-type=\"section\">\n\t\t\t\t\t\t<div class=\"elementor-container elementor-column-gap-default\">\n\t\t\t\t\t<div class=\"elementor-column elementor-col-100 elementor-top-column elementor-element elementor-element-6082784\" data-id=\"6082784\" data-element_type=\"column\" data-e-type=\"column\">\n\t\t\t<div class=\"elementor-widget-wrap elementor-element-populated\">\n\t\t\t\t\t\t<div class=\"elementor-element elementor-element-130e064 elementor-widget elementor-widget-image\" data-id=\"130e064\" data-element_type=\"widget\" data-e-type=\"widget\" data-widget_type=\"image.default\">\n\t\t\t\t<div class=\"elementor-widget-container\">\n\t\t\t\t\t\t\t\t\t\t\t\t\t\t\t<img fetchpriority=\"high\" decoding=\"async\" width=\"640\" height=\"640\" src=\"https:\/\/unaymilletras.com\/wp-content\/uploads\/2025\/07\/000810-013-VK-2-1024x1024.jpg\" class=\"attachment-large size-large wp-image-5319\" alt=\"Le\u00efti\" srcset=\"https:\/\/unaymilletras.com\/wp-content\/uploads\/2025\/07\/000810-013-VK-2-1024x1024.jpg 1024w, https:\/\/unaymilletras.com\/wp-content\/uploads\/2025\/07\/000810-013-VK-2-300x300.jpg 300w, https:\/\/unaymilletras.com\/wp-content\/uploads\/2025\/07\/000810-013-VK-2-150x150.jpg 150w, https:\/\/unaymilletras.com\/wp-content\/uploads\/2025\/07\/000810-013-VK-2-768x768.jpg 768w, https:\/\/unaymilletras.com\/wp-content\/uploads\/2025\/07\/000810-013-VK-2-1536x1536.jpg 1536w, https:\/\/unaymilletras.com\/wp-content\/uploads\/2025\/07\/000810-013-VK-2-2048x2048.jpg 2048w, https:\/\/unaymilletras.com\/wp-content\/uploads\/2025\/07\/000810-013-VK-2-12x12.jpg 12w, https:\/\/unaymilletras.com\/wp-content\/uploads\/2025\/07\/000810-013-VK-2-e1752257882834.jpg 600w\" sizes=\"(max-width: 640px) 100vw, 640px\" \/>\t\t\t\t\t\t\t\t\t\t\t\t\t\t\t<\/div>\n\t\t\t\t<\/div>\n\t\t\t\t\t<\/div>\n\t\t<\/div>\n\t\t\t\t\t<\/div>\n\t\t<\/section>\n\t\t\t\t<section class=\"elementor-section elementor-top-section elementor-element elementor-element-49375cf elementor-section-boxed elementor-section-height-default elementor-section-height-default\" data-id=\"49375cf\" data-element_type=\"section\" data-e-type=\"section\">\n\t\t\t\t\t\t<div class=\"elementor-container elementor-column-gap-default\">\n\t\t\t\t\t<div class=\"elementor-column elementor-col-100 elementor-top-column elementor-element elementor-element-977e7d6\" data-id=\"977e7d6\" data-element_type=\"column\" data-e-type=\"column\">\n\t\t\t<div class=\"elementor-widget-wrap elementor-element-populated\">\n\t\t\t\t\t\t<div class=\"elementor-element elementor-element-8bbe515 elementor-widget elementor-widget-text-editor\" data-id=\"8bbe515\" data-element_type=\"widget\" data-e-type=\"widget\" data-widget_type=\"text-editor.default\">\n\t\t\t\t<div class=\"elementor-widget-container\">\n\t\t\t\t\t\t\t\t\t<p data-start=\"900\" data-end=\"1072\">Le\u00efti asegura que quiere reconectar con lo esencial. \u00abEstamos en un momento donde todo gira en torno a la forma. Yo quiero volver al mensaje\u00bb, afirma el artista barcelon\u00e9s. <em>M\u00e1s Alas<\/em>\u00a0no solo representa un nuevo lanzamiento musical. Es el reflejo de un viaje interior que comenz\u00f3 tras una etapa de introspecci\u00f3n, silencio y crecimiento personal.<\/p><p data-start=\"1248\" data-end=\"1445\">El regreso de Le\u00efti viene acompa\u00f1ado de su sello Epiphany, que forma parte del colectivo Cutemobb. Ahora opera junto a Universal Music, fortaleciendo su visi\u00f3n art\u00edstica independiente y consciente.<\/p><p data-start=\"1447\" data-end=\"1632\">Para celebrar el estreno, se organiz\u00f3 una fiesta sorpresa en el Club Malasa\u00f1a de Madrid. AIR, Sita Abell\u00e1n y Sindicato del Baile pusieron ritmo a una noche m\u00e1gica previa al lanzamiento. Con este regreso, Le\u00efti S\u00e8ne demuestra que la m\u00fasica tambi\u00e9n puede ser un acto de fe, comunidad y transformaci\u00f3n.<\/p>\t\t\t\t\t\t\t\t<\/div>\n\t\t\t\t<\/div>\n\t\t\t\t\t<\/div>\n\t\t<\/div>\n\t\t\t\t\t<\/div>\n\t\t<\/section>\n\t\t\t\t<\/div>","protected":false},"excerpt":{"rendered":"<p>El nuevo single de Le\u00efti S\u00e8ne marca una etapa de conexi\u00f3n profunda, mensaje consciente y colaboraci\u00f3n con Polim\u00e1 Westcoast Tras dos a\u00f1os de silencio discogr\u00e1fico, Le\u00efti S\u00e8ne regresa con M\u00e1s Alas, un tema \u00edntimo que conecta fe, comunidad y evoluci\u00f3n personal. Una colaboraci\u00f3n con Polim\u00e1 Westcoast, estrella chilena del urbano latino. Ambos artistas comparten ra\u00edces, [&hellip;]<\/p>\n","protected":false},"author":6,"featured_media":5319,"comment_status":"closed","ping_status":"closed","sticky":false,"template":"","format":"standard","meta":{"footnotes":""},"categories":[4],"tags":[],"class_list":["post-5314","post","type-post","status-publish","format-standard","has-post-thumbnail","hentry","category-musica"],"yoast_head":"<!-- This site is optimized with the Yoast SEO plugin v27.4 - https:\/\/yoast.com\/product\/yoast-seo-wordpress\/ -->\n<title>Le\u00efti S\u00e8ne lanza &quot;M\u00e1s Alas&quot;, un regreso espiritual con Polim\u00e1 Westcoast<\/title>\n<meta name=\"description\" content=\"El nuevo single de Le\u00efti S\u00e8ne marca una etapa de conexi\u00f3n profunda, mensaje consciente y colaboraci\u00f3n internacional con Polim\u00e1 Westcoast\" \/>\n<meta name=\"robots\" content=\"index, follow, max-snippet:-1, max-image-preview:large, max-video-preview:-1\" \/>\n<link rel=\"canonical\" href=\"https:\/\/unaymilletras.com\/en\/leiti-sene-lanza-mas-alas-un-regreso-espiritual-con-polima-westcoast\/\" \/>\n<meta property=\"og:locale\" content=\"en_GB\" \/>\n<meta property=\"og:type\" content=\"article\" \/>\n<meta property=\"og:title\" content=\"Le\u00efti S\u00e8ne lanza &quot;M\u00e1s Alas&quot;, un regreso espiritual con Polim\u00e1 Westcoast\" \/>\n<meta property=\"og:description\" content=\"El nuevo single de Le\u00efti S\u00e8ne marca una etapa de conexi\u00f3n profunda, mensaje consciente y colaboraci\u00f3n internacional con Polim\u00e1 Westcoast\" \/>\n<meta property=\"og:url\" content=\"https:\/\/unaymilletras.com\/en\/leiti-sene-lanza-mas-alas-un-regreso-espiritual-con-polima-westcoast\/\" \/>\n<meta property=\"og:site_name\" content=\"Una y Mil Letras\" \/>\n<meta property=\"article:published_time\" content=\"2025-07-11T18:18:01+00:00\" \/>\n<meta property=\"article:modified_time\" content=\"2025-07-11T18:18:58+00:00\" \/>\n<meta property=\"og:image\" content=\"http:\/\/unaymilletras.com\/wp-content\/uploads\/2025\/07\/000810-013-VK-2-e1752257882834.jpg\" \/>\n\t<meta property=\"og:image:width\" content=\"600\" \/>\n\t<meta property=\"og:image:height\" content=\"600\" \/>\n\t<meta property=\"og:image:type\" content=\"image\/jpeg\" \/>\n<meta name=\"author\" content=\"Redacci\u00f3n\" \/>\n<meta name=\"twitter:card\" content=\"summary_large_image\" \/>\n<meta name=\"twitter:creator\" content=\"@UnaYMilLetras\" \/>\n<meta name=\"twitter:site\" content=\"@UnaYMilLetras\" \/>\n<meta name=\"twitter:label1\" content=\"Written by\" \/>\n\t<meta name=\"twitter:data1\" content=\"Redacci\u00f3n\" \/>\n\t<meta name=\"twitter:label2\" content=\"Estimated reading time\" \/>\n\t<meta name=\"twitter:data2\" content=\"2 minutes\" \/>\n<script type=\"application\/ld+json\" class=\"yoast-schema-graph\">{\"@context\":\"https:\\\/\\\/schema.org\",\"@graph\":[{\"@type\":\"Article\",\"@id\":\"https:\\\/\\\/unaymilletras.com\\\/leiti-sene-lanza-mas-alas-un-regreso-espiritual-con-polima-westcoast\\\/#article\",\"isPartOf\":{\"@id\":\"https:\\\/\\\/unaymilletras.com\\\/leiti-sene-lanza-mas-alas-un-regreso-espiritual-con-polima-westcoast\\\/\"},\"author\":{\"name\":\"Redacci\u00f3n\",\"@id\":\"http:\\\/\\\/unaymilletras.com\\\/#\\\/schema\\\/person\\\/0860dc8a218329991ee2c7591f4f849d\"},\"headline\":\"Le\u00efti S\u00e8ne lanza \u00abM\u00e1s Alas\u00bb, un regreso espiritual con Polim\u00e1 Westcoast\",\"datePublished\":\"2025-07-11T18:18:01+00:00\",\"dateModified\":\"2025-07-11T18:18:58+00:00\",\"mainEntityOfPage\":{\"@id\":\"https:\\\/\\\/unaymilletras.com\\\/leiti-sene-lanza-mas-alas-un-regreso-espiritual-con-polima-westcoast\\\/\"},\"wordCount\":289,\"publisher\":{\"@id\":\"http:\\\/\\\/unaymilletras.com\\\/#organization\"},\"image\":{\"@id\":\"https:\\\/\\\/unaymilletras.com\\\/leiti-sene-lanza-mas-alas-un-regreso-espiritual-con-polima-westcoast\\\/#primaryimage\"},\"thumbnailUrl\":\"https:\\\/\\\/unaymilletras.com\\\/wp-content\\\/uploads\\\/2025\\\/07\\\/000810-013-VK-2-e1752257882834.jpg\",\"articleSection\":[\"M\u00fasica\"],\"inLanguage\":\"en-GB\"},{\"@type\":\"WebPage\",\"@id\":\"https:\\\/\\\/unaymilletras.com\\\/leiti-sene-lanza-mas-alas-un-regreso-espiritual-con-polima-westcoast\\\/\",\"url\":\"https:\\\/\\\/unaymilletras.com\\\/leiti-sene-lanza-mas-alas-un-regreso-espiritual-con-polima-westcoast\\\/\",\"name\":\"Le\u00efti S\u00e8ne lanza \\\"M\u00e1s Alas\\\", un regreso espiritual con Polim\u00e1 Westcoast\",\"isPartOf\":{\"@id\":\"http:\\\/\\\/unaymilletras.com\\\/#website\"},\"primaryImageOfPage\":{\"@id\":\"https:\\\/\\\/unaymilletras.com\\\/leiti-sene-lanza-mas-alas-un-regreso-espiritual-con-polima-westcoast\\\/#primaryimage\"},\"image\":{\"@id\":\"https:\\\/\\\/unaymilletras.com\\\/leiti-sene-lanza-mas-alas-un-regreso-espiritual-con-polima-westcoast\\\/#primaryimage\"},\"thumbnailUrl\":\"https:\\\/\\\/unaymilletras.com\\\/wp-content\\\/uploads\\\/2025\\\/07\\\/000810-013-VK-2-e1752257882834.jpg\",\"datePublished\":\"2025-07-11T18:18:01+00:00\",\"dateModified\":\"2025-07-11T18:18:58+00:00\",\"description\":\"El nuevo single de Le\u00efti S\u00e8ne marca una etapa de conexi\u00f3n profunda, mensaje consciente y colaboraci\u00f3n internacional con Polim\u00e1 Westcoast\",\"breadcrumb\":{\"@id\":\"https:\\\/\\\/unaymilletras.com\\\/leiti-sene-lanza-mas-alas-un-regreso-espiritual-con-polima-westcoast\\\/#breadcrumb\"},\"inLanguage\":\"en-GB\",\"potentialAction\":[{\"@type\":\"ReadAction\",\"target\":[\"https:\\\/\\\/unaymilletras.com\\\/leiti-sene-lanza-mas-alas-un-regreso-espiritual-con-polima-westcoast\\\/\"]}]},{\"@type\":\"ImageObject\",\"inLanguage\":\"en-GB\",\"@id\":\"https:\\\/\\\/unaymilletras.com\\\/leiti-sene-lanza-mas-alas-un-regreso-espiritual-con-polima-westcoast\\\/#primaryimage\",\"url\":\"https:\\\/\\\/unaymilletras.com\\\/wp-content\\\/uploads\\\/2025\\\/07\\\/000810-013-VK-2-e1752257882834.jpg\",\"contentUrl\":\"https:\\\/\\\/unaymilletras.com\\\/wp-content\\\/uploads\\\/2025\\\/07\\\/000810-013-VK-2-e1752257882834.jpg\",\"width\":600,\"height\":600,\"caption\":\"Le\u00efti\"},{\"@type\":\"BreadcrumbList\",\"@id\":\"https:\\\/\\\/unaymilletras.com\\\/leiti-sene-lanza-mas-alas-un-regreso-espiritual-con-polima-westcoast\\\/#breadcrumb\",\"itemListElement\":[{\"@type\":\"ListItem\",\"position\":1,\"name\":\"Home\",\"item\":\"http:\\\/\\\/unaymilletras.com\\\/\"},{\"@type\":\"ListItem\",\"position\":2,\"name\":\"Le\u00efti S\u00e8ne lanza \u00abM\u00e1s Alas\u00bb, un regreso espiritual con Polim\u00e1 Westcoast\"}]},{\"@type\":\"WebSite\",\"@id\":\"http:\\\/\\\/unaymilletras.com\\\/#website\",\"url\":\"http:\\\/\\\/unaymilletras.com\\\/\",\"name\":\"Una y Mil Letras\",\"description\":\"\",\"publisher\":{\"@id\":\"http:\\\/\\\/unaymilletras.com\\\/#organization\"},\"potentialAction\":[{\"@type\":\"SearchAction\",\"target\":{\"@type\":\"EntryPoint\",\"urlTemplate\":\"http:\\\/\\\/unaymilletras.com\\\/?s={search_term_string}\"},\"query-input\":{\"@type\":\"PropertyValueSpecification\",\"valueRequired\":true,\"valueName\":\"search_term_string\"}}],\"inLanguage\":\"en-GB\"},{\"@type\":\"Organization\",\"@id\":\"http:\\\/\\\/unaymilletras.com\\\/#organization\",\"name\":\"Una y Mil Letras\",\"url\":\"http:\\\/\\\/unaymilletras.com\\\/\",\"logo\":{\"@type\":\"ImageObject\",\"inLanguage\":\"en-GB\",\"@id\":\"http:\\\/\\\/unaymilletras.com\\\/#\\\/schema\\\/logo\\\/image\\\/\",\"url\":\"https:\\\/\\\/unaymilletras.com\\\/wp-content\\\/uploads\\\/2024\\\/06\\\/cropped-Logo-removebg-preview.png\",\"contentUrl\":\"https:\\\/\\\/unaymilletras.com\\\/wp-content\\\/uploads\\\/2024\\\/06\\\/cropped-Logo-removebg-preview.png\",\"width\":512,\"height\":512,\"caption\":\"Una y Mil Letras\"},\"image\":{\"@id\":\"http:\\\/\\\/unaymilletras.com\\\/#\\\/schema\\\/logo\\\/image\\\/\"},\"sameAs\":[\"https:\\\/\\\/x.com\\\/UnaYMilLetras\",\"https:\\\/\\\/instagram.com\\\/UnaYMilLetras\"]},{\"@type\":\"Person\",\"@id\":\"http:\\\/\\\/unaymilletras.com\\\/#\\\/schema\\\/person\\\/0860dc8a218329991ee2c7591f4f849d\",\"name\":\"Redacci\u00f3n\",\"image\":{\"@type\":\"ImageObject\",\"inLanguage\":\"en-GB\",\"@id\":\"https:\\\/\\\/secure.gravatar.com\\\/avatar\\\/d8f55e05a8b6597e45c55a1dcbdbfe44f4a360d88b48e00de5216a79b7732796?s=96&d=mm&r=g\",\"url\":\"https:\\\/\\\/secure.gravatar.com\\\/avatar\\\/d8f55e05a8b6597e45c55a1dcbdbfe44f4a360d88b48e00de5216a79b7732796?s=96&d=mm&r=g\",\"contentUrl\":\"https:\\\/\\\/secure.gravatar.com\\\/avatar\\\/d8f55e05a8b6597e45c55a1dcbdbfe44f4a360d88b48e00de5216a79b7732796?s=96&d=mm&r=g\",\"caption\":\"Redacci\u00f3n\"},\"url\":\"https:\\\/\\\/unaymilletras.com\\\/en\\\/author\\\/redaccion\\\/\"}]}<\/script>\n<!-- \/ Yoast SEO plugin. -->","yoast_head_json":{"title":"Le\u00efti S\u00e8ne lanza \"M\u00e1s Alas\", un regreso espiritual con Polim\u00e1 Westcoast","description":"El nuevo single de Le\u00efti S\u00e8ne marca una etapa de conexi\u00f3n profunda, mensaje consciente y colaboraci\u00f3n internacional con Polim\u00e1 Westcoast","robots":{"index":"index","follow":"follow","max-snippet":"max-snippet:-1","max-image-preview":"max-image-preview:large","max-video-preview":"max-video-preview:-1"},"canonical":"https:\/\/unaymilletras.com\/en\/leiti-sene-lanza-mas-alas-un-regreso-espiritual-con-polima-westcoast\/","og_locale":"en_GB","og_type":"article","og_title":"Le\u00efti S\u00e8ne lanza \"M\u00e1s Alas\", un regreso espiritual con Polim\u00e1 Westcoast","og_description":"El nuevo single de Le\u00efti S\u00e8ne marca una etapa de conexi\u00f3n profunda, mensaje consciente y colaboraci\u00f3n internacional con Polim\u00e1 Westcoast","og_url":"https:\/\/unaymilletras.com\/en\/leiti-sene-lanza-mas-alas-un-regreso-espiritual-con-polima-westcoast\/","og_site_name":"Una y Mil Letras","article_published_time":"2025-07-11T18:18:01+00:00","article_modified_time":"2025-07-11T18:18:58+00:00","og_image":[{"width":600,"height":600,"url":"http:\/\/unaymilletras.com\/wp-content\/uploads\/2025\/07\/000810-013-VK-2-e1752257882834.jpg","type":"image\/jpeg"}],"author":"Redacci\u00f3n","twitter_card":"summary_large_image","twitter_creator":"@UnaYMilLetras","twitter_site":"@UnaYMilLetras","twitter_misc":{"Written by":"Redacci\u00f3n","Estimated reading time":"2 minutes"},"schema":{"@context":"https:\/\/schema.org","@graph":[{"@type":"Article","@id":"https:\/\/unaymilletras.com\/leiti-sene-lanza-mas-alas-un-regreso-espiritual-con-polima-westcoast\/#article","isPartOf":{"@id":"https:\/\/unaymilletras.com\/leiti-sene-lanza-mas-alas-un-regreso-espiritual-con-polima-westcoast\/"},"author":{"name":"Redacci\u00f3n","@id":"http:\/\/unaymilletras.com\/#\/schema\/person\/0860dc8a218329991ee2c7591f4f849d"},"headline":"Le\u00efti S\u00e8ne lanza \u00abM\u00e1s Alas\u00bb, un regreso espiritual con Polim\u00e1 Westcoast","datePublished":"2025-07-11T18:18:01+00:00","dateModified":"2025-07-11T18:18:58+00:00","mainEntityOfPage":{"@id":"https:\/\/unaymilletras.com\/leiti-sene-lanza-mas-alas-un-regreso-espiritual-con-polima-westcoast\/"},"wordCount":289,"publisher":{"@id":"http:\/\/unaymilletras.com\/#organization"},"image":{"@id":"https:\/\/unaymilletras.com\/leiti-sene-lanza-mas-alas-un-regreso-espiritual-con-polima-westcoast\/#primaryimage"},"thumbnailUrl":"https:\/\/unaymilletras.com\/wp-content\/uploads\/2025\/07\/000810-013-VK-2-e1752257882834.jpg","articleSection":["M\u00fasica"],"inLanguage":"en-GB"},{"@type":"WebPage","@id":"https:\/\/unaymilletras.com\/leiti-sene-lanza-mas-alas-un-regreso-espiritual-con-polima-westcoast\/","url":"https:\/\/unaymilletras.com\/leiti-sene-lanza-mas-alas-un-regreso-espiritual-con-polima-westcoast\/","name":"Le\u00efti S\u00e8ne lanza \"M\u00e1s Alas\", un regreso espiritual con Polim\u00e1 Westcoast","isPartOf":{"@id":"http:\/\/unaymilletras.com\/#website"},"primaryImageOfPage":{"@id":"https:\/\/unaymilletras.com\/leiti-sene-lanza-mas-alas-un-regreso-espiritual-con-polima-westcoast\/#primaryimage"},"image":{"@id":"https:\/\/unaymilletras.com\/leiti-sene-lanza-mas-alas-un-regreso-espiritual-con-polima-westcoast\/#primaryimage"},"thumbnailUrl":"https:\/\/unaymilletras.com\/wp-content\/uploads\/2025\/07\/000810-013-VK-2-e1752257882834.jpg","datePublished":"2025-07-11T18:18:01+00:00","dateModified":"2025-07-11T18:18:58+00:00","description":"El nuevo single de Le\u00efti S\u00e8ne marca una etapa de conexi\u00f3n profunda, mensaje consciente y colaboraci\u00f3n internacional con Polim\u00e1 Westcoast","breadcrumb":{"@id":"https:\/\/unaymilletras.com\/leiti-sene-lanza-mas-alas-un-regreso-espiritual-con-polima-westcoast\/#breadcrumb"},"inLanguage":"en-GB","potentialAction":[{"@type":"ReadAction","target":["https:\/\/unaymilletras.com\/leiti-sene-lanza-mas-alas-un-regreso-espiritual-con-polima-westcoast\/"]}]},{"@type":"ImageObject","inLanguage":"en-GB","@id":"https:\/\/unaymilletras.com\/leiti-sene-lanza-mas-alas-un-regreso-espiritual-con-polima-westcoast\/#primaryimage","url":"https:\/\/unaymilletras.com\/wp-content\/uploads\/2025\/07\/000810-013-VK-2-e1752257882834.jpg","contentUrl":"https:\/\/unaymilletras.com\/wp-content\/uploads\/2025\/07\/000810-013-VK-2-e1752257882834.jpg","width":600,"height":600,"caption":"Le\u00efti"},{"@type":"BreadcrumbList","@id":"https:\/\/unaymilletras.com\/leiti-sene-lanza-mas-alas-un-regreso-espiritual-con-polima-westcoast\/#breadcrumb","itemListElement":[{"@type":"ListItem","position":1,"name":"Home","item":"http:\/\/unaymilletras.com\/"},{"@type":"ListItem","position":2,"name":"Le\u00efti S\u00e8ne lanza \u00abM\u00e1s Alas\u00bb, un regreso espiritual con Polim\u00e1 Westcoast"}]},{"@type":"WebSite","@id":"http:\/\/unaymilletras.com\/#website","url":"http:\/\/unaymilletras.com\/","name":"Una y Mil Letras","description":"","publisher":{"@id":"http:\/\/unaymilletras.com\/#organization"},"potentialAction":[{"@type":"SearchAction","target":{"@type":"EntryPoint","urlTemplate":"http:\/\/unaymilletras.com\/?s={search_term_string}"},"query-input":{"@type":"PropertyValueSpecification","valueRequired":true,"valueName":"search_term_string"}}],"inLanguage":"en-GB"},{"@type":"Organization","@id":"http:\/\/unaymilletras.com\/#organization","name":"Una y Mil Letras","url":"http:\/\/unaymilletras.com\/","logo":{"@type":"ImageObject","inLanguage":"en-GB","@id":"http:\/\/unaymilletras.com\/#\/schema\/logo\/image\/","url":"https:\/\/unaymilletras.com\/wp-content\/uploads\/2024\/06\/cropped-Logo-removebg-preview.png","contentUrl":"https:\/\/unaymilletras.com\/wp-content\/uploads\/2024\/06\/cropped-Logo-removebg-preview.png","width":512,"height":512,"caption":"Una y Mil Letras"},"image":{"@id":"http:\/\/unaymilletras.com\/#\/schema\/logo\/image\/"},"sameAs":["https:\/\/x.com\/UnaYMilLetras","https:\/\/instagram.com\/UnaYMilLetras"]},{"@type":"Person","@id":"http:\/\/unaymilletras.com\/#\/schema\/person\/0860dc8a218329991ee2c7591f4f849d","name":"Redacci\u00f3n","image":{"@type":"ImageObject","inLanguage":"en-GB","@id":"https:\/\/secure.gravatar.com\/avatar\/d8f55e05a8b6597e45c55a1dcbdbfe44f4a360d88b48e00de5216a79b7732796?s=96&d=mm&r=g","url":"https:\/\/secure.gravatar.com\/avatar\/d8f55e05a8b6597e45c55a1dcbdbfe44f4a360d88b48e00de5216a79b7732796?s=96&d=mm&r=g","contentUrl":"https:\/\/secure.gravatar.com\/avatar\/d8f55e05a8b6597e45c55a1dcbdbfe44f4a360d88b48e00de5216a79b7732796?s=96&d=mm&r=g","caption":"Redacci\u00f3n"},"url":"https:\/\/unaymilletras.com\/en\/author\/redaccion\/"}]}},"_links":{"self":[{"href":"https:\/\/unaymilletras.com\/en\/wp-json\/wp\/v2\/posts\/5314","targetHints":{"allow":["GET"]}}],"collection":[{"href":"https:\/\/unaymilletras.com\/en\/wp-json\/wp\/v2\/posts"}],"about":[{"href":"https:\/\/unaymilletras.com\/en\/wp-json\/wp\/v2\/types\/post"}],"author":[{"embeddable":true,"href":"https:\/\/unaymilletras.com\/en\/wp-json\/wp\/v2\/users\/6"}],"replies":[{"embeddable":true,"href":"https:\/\/unaymilletras.com\/en\/wp-json\/wp\/v2\/comments?post=5314"}],"version-history":[{"count":10,"href":"https:\/\/unaymilletras.com\/en\/wp-json\/wp\/v2\/posts\/5314\/revisions"}],"predecessor-version":[{"id":5325,"href":"https:\/\/unaymilletras.com\/en\/wp-json\/wp\/v2\/posts\/5314\/revisions\/5325"}],"wp:featuredmedia":[{"embeddable":true,"href":"https:\/\/unaymilletras.com\/en\/wp-json\/wp\/v2\/media\/5319"}],"wp:attachment":[{"href":"https:\/\/unaymilletras.com\/en\/wp-json\/wp\/v2\/media?parent=5314"}],"wp:term":[{"taxonomy":"category","embeddable":true,"href":"https:\/\/unaymilletras.com\/en\/wp-json\/wp\/v2\/categories?post=5314"},{"taxonomy":"post_tag","embeddable":true,"href":"https:\/\/unaymilletras.com\/en\/wp-json\/wp\/v2\/tags?post=5314"}],"curies":[{"name":"wp","href":"https:\/\/api.w.org\/{rel}","templated":true}]}}