{"id":5348,"date":"2025-06-06T16:38:39","date_gmt":"2025-06-06T14:38:39","guid":{"rendered":"https:\/\/unaymilletras.com\/?p=5348"},"modified":"2025-07-16T16:39:03","modified_gmt":"2025-07-16T14:39:03","slug":"brilla-torrevieja-2025-trae-a-rels-b-y-camilo-como-protagonistas-del-verano","status":"publish","type":"post","link":"https:\/\/unaymilletras.com\/en\/brilla-torrevieja-2025-trae-a-rels-b-y-camilo-como-protagonistas-del-verano\/","title":{"rendered":"Brilla Torrevieja 2025 trae a Rels B y Camilo como protagonistas del verano"},"content":{"rendered":"<div data-elementor-type=\"wp-post\" data-elementor-id=\"5348\" class=\"elementor elementor-5348\">\n\t\t\t\t\t\t<section class=\"elementor-section elementor-top-section elementor-element elementor-element-2a5ea52 elementor-section-boxed elementor-section-height-default elementor-section-height-default\" data-id=\"2a5ea52\" data-element_type=\"section\" data-e-type=\"section\">\n\t\t\t\t\t\t<div class=\"elementor-container elementor-column-gap-default\">\n\t\t\t\t\t<div class=\"elementor-column elementor-col-100 elementor-top-column elementor-element elementor-element-1839dd3\" data-id=\"1839dd3\" data-element_type=\"column\" data-e-type=\"column\">\n\t\t\t<div class=\"elementor-widget-wrap elementor-element-populated\">\n\t\t\t\t\t\t<div class=\"elementor-element elementor-element-276a4af elementor-widget elementor-widget-text-editor\" data-id=\"276a4af\" data-element_type=\"widget\" data-e-type=\"widget\" data-widget_type=\"text-editor.default\">\n\t\t\t\t<div class=\"elementor-widget-container\">\n\t\t\t\t\t\t\t\t\t<h2 style=\"text-align: center;\" data-start=\"0\" data-end=\"222\"><span style=\"color: #808080;\"><em data-start=\"97\" data-end=\"222\">El festival Brilla Torrevieja confirma sus fechas clave con Rels B el 3 de agosto y Camilo el 13 en el Parque Antonio Soria<\/em><\/span><\/h2>\t\t\t\t\t\t\t\t<\/div>\n\t\t\t\t<\/div>\n\t\t\t\t\t<\/div>\n\t\t<\/div>\n\t\t\t\t\t<\/div>\n\t\t<\/section>\n\t\t\t\t<section class=\"elementor-section elementor-top-section elementor-element elementor-element-addf686 elementor-section-boxed elementor-section-height-default elementor-section-height-default\" data-id=\"addf686\" data-element_type=\"section\" data-e-type=\"section\">\n\t\t\t\t\t\t<div class=\"elementor-container elementor-column-gap-default\">\n\t\t\t\t\t<div class=\"elementor-column elementor-col-100 elementor-top-column elementor-element elementor-element-892fe04\" data-id=\"892fe04\" data-element_type=\"column\" data-e-type=\"column\">\n\t\t\t<div class=\"elementor-widget-wrap elementor-element-populated\">\n\t\t\t\t\t\t<div class=\"elementor-element elementor-element-83efe7a elementor-widget elementor-widget-text-editor\" data-id=\"83efe7a\" data-element_type=\"widget\" data-e-type=\"widget\" data-widget_type=\"text-editor.default\">\n\t\t\t\t<div class=\"elementor-widget-container\">\n\t\t\t\t\t\t\t\t\t<p data-start=\"224\" data-end=\"537\">El festival <strong>Brilla Torrevieja 2025<\/strong> regresa con fuerza y dos nombres propios brillan en el cartel: <strong>Rels B y Camilo<\/strong>. El evento, que se celebrar\u00e1 en el Parque Antonio Soria, contar\u00e1 con estos artistas en fechas clave del verano, posicionando a Torrevieja como uno de los epicentros musicales de la temporada estival.<\/p><p data-start=\"539\" data-end=\"882\">Rels B actuar\u00e1 el 3 de agosto con su esperada gira <em>A New Star World Tour<\/em>. El artista mallorqu\u00edn es uno de los exponentes m\u00e1s destacados del rap y r\u2019n\u2019b en espa\u00f1ol. Su presencia en Brilla Torrevieja confirma el enfoque urbano y contempor\u00e1neo del festival. Canciones como <em>C\u00f3mo dormiste?<\/em> o <em>pa quererte<\/em>\u00a0sonar\u00e1n ante miles de fans entregados.<\/p>\t\t\t\t\t\t\t\t<\/div>\n\t\t\t\t<\/div>\n\t\t\t\t\t<\/div>\n\t\t<\/div>\n\t\t\t\t\t<\/div>\n\t\t<\/section>\n\t\t\t\t<section class=\"elementor-section elementor-top-section elementor-element elementor-element-f4be592 elementor-section-boxed elementor-section-height-default elementor-section-height-default\" data-id=\"f4be592\" data-element_type=\"section\" data-e-type=\"section\">\n\t\t\t\t\t\t<div class=\"elementor-container elementor-column-gap-default\">\n\t\t\t\t\t<div class=\"elementor-column elementor-col-50 elementor-top-column elementor-element elementor-element-1a6fe9f\" data-id=\"1a6fe9f\" data-element_type=\"column\" data-e-type=\"column\">\n\t\t\t<div class=\"elementor-widget-wrap elementor-element-populated\">\n\t\t\t\t\t\t<div class=\"elementor-element elementor-element-4a27643 elementor-widget elementor-widget-image\" data-id=\"4a27643\" data-element_type=\"widget\" data-e-type=\"widget\" data-widget_type=\"image.default\">\n\t\t\t\t<div class=\"elementor-widget-container\">\n\t\t\t\t\t\t\t\t\t\t\t\t\t\t\t<img fetchpriority=\"high\" decoding=\"async\" width=\"640\" height=\"905\" src=\"https:\/\/unaymilletras.com\/wp-content\/uploads\/2025\/07\/Brilla-Torrevieja-scaled-1-724x1024.jpg\" class=\"attachment-large size-large wp-image-5350\" alt=\"Festival brilla Torrevieja\" srcset=\"https:\/\/unaymilletras.com\/wp-content\/uploads\/2025\/07\/Brilla-Torrevieja-scaled-1-724x1024.jpg 724w, https:\/\/unaymilletras.com\/wp-content\/uploads\/2025\/07\/Brilla-Torrevieja-scaled-1-212x300.jpg 212w, https:\/\/unaymilletras.com\/wp-content\/uploads\/2025\/07\/Brilla-Torrevieja-scaled-1-768x1086.jpg 768w, https:\/\/unaymilletras.com\/wp-content\/uploads\/2025\/07\/Brilla-Torrevieja-scaled-1-1086x1536.jpg 1086w, https:\/\/unaymilletras.com\/wp-content\/uploads\/2025\/07\/Brilla-Torrevieja-scaled-1-1448x2048.jpg 1448w, https:\/\/unaymilletras.com\/wp-content\/uploads\/2025\/07\/Brilla-Torrevieja-scaled-1-8x12.jpg 8w, https:\/\/unaymilletras.com\/wp-content\/uploads\/2025\/07\/Brilla-Torrevieja-scaled-1-1024x1448.jpg 1024w, https:\/\/unaymilletras.com\/wp-content\/uploads\/2025\/07\/Brilla-Torrevieja-scaled-1-e1752676600232.jpg 600w\" sizes=\"(max-width: 640px) 100vw, 640px\" \/>\t\t\t\t\t\t\t\t\t\t\t\t\t\t\t<\/div>\n\t\t\t\t<\/div>\n\t\t\t\t\t<\/div>\n\t\t<\/div>\n\t\t\t\t<div class=\"elementor-column elementor-col-50 elementor-top-column elementor-element elementor-element-90d24f3\" data-id=\"90d24f3\" data-element_type=\"column\" data-e-type=\"column\">\n\t\t\t<div class=\"elementor-widget-wrap elementor-element-populated\">\n\t\t\t\t\t\t<div class=\"elementor-element elementor-element-8762e55 elementor-widget elementor-widget-text-editor\" data-id=\"8762e55\" data-element_type=\"widget\" data-e-type=\"widget\" data-widget_type=\"text-editor.default\">\n\t\t\t\t<div class=\"elementor-widget-container\">\n\t\t\t\t\t\t\t\t\t<p data-start=\"884\" data-end=\"1240\">Diez d\u00edas despu\u00e9s, el 13 de agosto, ser\u00e1 el turno de Camilo. El colombiano regresa a Espa\u00f1a con un espect\u00e1culo renovado que incluye sus grandes \u00e9xitos y nuevas composiciones. Reconocido por su sensibilidad y carisma, Camilo conecta con p\u00fablicos de todas las edades. Su concierto en Torrevieja ser\u00e1 uno de los pocos que ofrecer\u00e1 en nuestro pa\u00eds este verano.<\/p><p data-start=\"1242\" data-end=\"1513\">Ambos artistas actuar\u00e1n en el Parque Antonio Soria, un espacio al aire libre con gran capacidad y \u00f3ptimas condiciones para un show de gran formato. La ubicaci\u00f3n y la producci\u00f3n prometen una experiencia inmersiva, pensada para disfrutar de la m\u00fasica en plena Costa Blanca.<\/p><p data-start=\"1515\" data-end=\"1853\">Brilla Torrevieja 2025 consolida su identidad como festival de referencia en el levante espa\u00f1ol. Su cartel apuesta por la diversidad sonora, con nombres internacionales y propuestas cercanas al nuevo pop y los sonidos latinos m\u00e1s actuales. Esta combinaci\u00f3n lo convierte en una cita imprescindible para los amantes de la m\u00fasica en directo.<\/p>\t\t\t\t\t\t\t\t<\/div>\n\t\t\t\t<\/div>\n\t\t\t\t\t<\/div>\n\t\t<\/div>\n\t\t\t\t\t<\/div>\n\t\t<\/section>\n\t\t\t\t<section class=\"elementor-section elementor-top-section elementor-element elementor-element-8989ca8 elementor-section-boxed elementor-section-height-default elementor-section-height-default\" data-id=\"8989ca8\" data-element_type=\"section\" data-e-type=\"section\">\n\t\t\t\t\t\t<div class=\"elementor-container elementor-column-gap-default\">\n\t\t\t\t\t<div class=\"elementor-column elementor-col-100 elementor-top-column elementor-element elementor-element-1831e98\" data-id=\"1831e98\" data-element_type=\"column\" data-e-type=\"column\">\n\t\t\t<div class=\"elementor-widget-wrap elementor-element-populated\">\n\t\t\t\t\t\t<div class=\"elementor-element elementor-element-1647ebf elementor-widget elementor-widget-text-editor\" data-id=\"1647ebf\" data-element_type=\"widget\" data-e-type=\"widget\" data-widget_type=\"text-editor.default\">\n\t\t\t\t<div class=\"elementor-widget-container\">\n\t\t\t\t\t\t\t\t\t<p data-start=\"1855\" data-end=\"2081\">Las entradas para ambos conciertos est\u00e1n ya disponibles a trav\u00e9s de la web oficial del festival y en plataformas como entradas.com. Se recomienda adquirirlas con antelaci\u00f3n, ya que se espera una alta demanda para ambas fechas.<\/p><p data-start=\"2083\" data-end=\"2229\" data-is-last-node=\"\" data-is-only-node=\"\">Con estos anuncios, Brilla Torrevieja vuelve a cumplir su promesa: iluminar el verano con grandes artistas y experiencias memorables junto al mar.<\/p>\t\t\t\t\t\t\t\t<\/div>\n\t\t\t\t<\/div>\n\t\t\t\t\t<\/div>\n\t\t<\/div>\n\t\t\t\t\t<\/div>\n\t\t<\/section>\n\t\t\t\t<\/div>","protected":false},"excerpt":{"rendered":"<p>El festival Brilla Torrevieja confirma sus fechas clave con Rels B el 3 de agosto y Camilo el 13 en el Parque Antonio Soria El festival Brilla Torrevieja 2025 regresa con fuerza y dos nombres propios brillan en el cartel: Rels B y Camilo. El evento, que se celebrar\u00e1 en el Parque Antonio Soria, contar\u00e1 [&hellip;]<\/p>\n","protected":false},"author":6,"featured_media":5350,"comment_status":"closed","ping_status":"closed","sticky":false,"template":"","format":"standard","meta":{"footnotes":""},"categories":[4],"tags":[],"class_list":["post-5348","post","type-post","status-publish","format-standard","has-post-thumbnail","hentry","category-musica"],"yoast_head":"<!-- This site is optimized with the Yoast SEO plugin v27.4 - https:\/\/yoast.com\/product\/yoast-seo-wordpress\/ -->\n<title>Brilla Torrevieja 2025 trae a Rels B y Camilo como protagonistas<\/title>\n<meta name=\"description\" content=\"El festival Brilla Torrevieja 2025 confirma sus fechas clave con Rels B el 3 de agosto y Camilo el 13 en el Parque Antonio Soria\" \/>\n<meta name=\"robots\" content=\"index, follow, max-snippet:-1, max-image-preview:large, max-video-preview:-1\" \/>\n<link rel=\"canonical\" href=\"https:\/\/unaymilletras.com\/en\/brilla-torrevieja-2025-trae-a-rels-b-y-camilo-como-protagonistas-del-verano\/\" \/>\n<meta property=\"og:locale\" content=\"en_GB\" \/>\n<meta property=\"og:type\" content=\"article\" \/>\n<meta property=\"og:title\" content=\"Brilla Torrevieja 2025 trae a Rels B y Camilo como protagonistas\" \/>\n<meta property=\"og:description\" content=\"El festival Brilla Torrevieja 2025 confirma sus fechas clave con Rels B el 3 de agosto y Camilo el 13 en el Parque Antonio Soria\" \/>\n<meta property=\"og:url\" content=\"https:\/\/unaymilletras.com\/en\/brilla-torrevieja-2025-trae-a-rels-b-y-camilo-como-protagonistas-del-verano\/\" \/>\n<meta property=\"og:site_name\" content=\"Una y Mil Letras\" \/>\n<meta property=\"article:published_time\" content=\"2025-06-06T14:38:39+00:00\" \/>\n<meta property=\"article:modified_time\" content=\"2025-07-16T14:39:03+00:00\" \/>\n<meta property=\"og:image\" content=\"http:\/\/unaymilletras.com\/wp-content\/uploads\/2025\/07\/Brilla-Torrevieja-scaled-1-e1752676600232.jpg\" \/>\n\t<meta property=\"og:image:width\" content=\"600\" \/>\n\t<meta property=\"og:image:height\" content=\"849\" \/>\n\t<meta property=\"og:image:type\" content=\"image\/jpeg\" \/>\n<meta name=\"author\" content=\"Redacci\u00f3n\" \/>\n<meta name=\"twitter:card\" content=\"summary_large_image\" \/>\n<meta name=\"twitter:creator\" content=\"@UnaYMilLetras\" \/>\n<meta name=\"twitter:site\" content=\"@UnaYMilLetras\" \/>\n<meta name=\"twitter:label1\" content=\"Written by\" \/>\n\t<meta name=\"twitter:data1\" content=\"Redacci\u00f3n\" \/>\n\t<meta name=\"twitter:label2\" content=\"Estimated reading time\" \/>\n\t<meta name=\"twitter:data2\" content=\"2 minutes\" \/>\n<script type=\"application\/ld+json\" class=\"yoast-schema-graph\">{\"@context\":\"https:\\\/\\\/schema.org\",\"@graph\":[{\"@type\":\"Article\",\"@id\":\"https:\\\/\\\/unaymilletras.com\\\/brilla-torrevieja-2025-trae-a-rels-b-y-camilo-como-protagonistas-del-verano\\\/#article\",\"isPartOf\":{\"@id\":\"https:\\\/\\\/unaymilletras.com\\\/brilla-torrevieja-2025-trae-a-rels-b-y-camilo-como-protagonistas-del-verano\\\/\"},\"author\":{\"name\":\"Redacci\u00f3n\",\"@id\":\"http:\\\/\\\/unaymilletras.com\\\/#\\\/schema\\\/person\\\/0860dc8a218329991ee2c7591f4f849d\"},\"headline\":\"Brilla Torrevieja 2025 trae a Rels B y Camilo como protagonistas del verano\",\"datePublished\":\"2025-06-06T14:38:39+00:00\",\"dateModified\":\"2025-07-16T14:39:03+00:00\",\"mainEntityOfPage\":{\"@id\":\"https:\\\/\\\/unaymilletras.com\\\/brilla-torrevieja-2025-trae-a-rels-b-y-camilo-como-protagonistas-del-verano\\\/\"},\"wordCount\":379,\"publisher\":{\"@id\":\"http:\\\/\\\/unaymilletras.com\\\/#organization\"},\"image\":{\"@id\":\"https:\\\/\\\/unaymilletras.com\\\/brilla-torrevieja-2025-trae-a-rels-b-y-camilo-como-protagonistas-del-verano\\\/#primaryimage\"},\"thumbnailUrl\":\"https:\\\/\\\/unaymilletras.com\\\/wp-content\\\/uploads\\\/2025\\\/07\\\/Brilla-Torrevieja-scaled-1-e1752676600232.jpg\",\"articleSection\":[\"M\u00fasica\"],\"inLanguage\":\"en-GB\"},{\"@type\":\"WebPage\",\"@id\":\"https:\\\/\\\/unaymilletras.com\\\/brilla-torrevieja-2025-trae-a-rels-b-y-camilo-como-protagonistas-del-verano\\\/\",\"url\":\"https:\\\/\\\/unaymilletras.com\\\/brilla-torrevieja-2025-trae-a-rels-b-y-camilo-como-protagonistas-del-verano\\\/\",\"name\":\"Brilla Torrevieja 2025 trae a Rels B y Camilo como protagonistas\",\"isPartOf\":{\"@id\":\"http:\\\/\\\/unaymilletras.com\\\/#website\"},\"primaryImageOfPage\":{\"@id\":\"https:\\\/\\\/unaymilletras.com\\\/brilla-torrevieja-2025-trae-a-rels-b-y-camilo-como-protagonistas-del-verano\\\/#primaryimage\"},\"image\":{\"@id\":\"https:\\\/\\\/unaymilletras.com\\\/brilla-torrevieja-2025-trae-a-rels-b-y-camilo-como-protagonistas-del-verano\\\/#primaryimage\"},\"thumbnailUrl\":\"https:\\\/\\\/unaymilletras.com\\\/wp-content\\\/uploads\\\/2025\\\/07\\\/Brilla-Torrevieja-scaled-1-e1752676600232.jpg\",\"datePublished\":\"2025-06-06T14:38:39+00:00\",\"dateModified\":\"2025-07-16T14:39:03+00:00\",\"description\":\"El festival Brilla Torrevieja 2025 confirma sus fechas clave con Rels B el 3 de agosto y Camilo el 13 en el Parque Antonio Soria\",\"breadcrumb\":{\"@id\":\"https:\\\/\\\/unaymilletras.com\\\/brilla-torrevieja-2025-trae-a-rels-b-y-camilo-como-protagonistas-del-verano\\\/#breadcrumb\"},\"inLanguage\":\"en-GB\",\"potentialAction\":[{\"@type\":\"ReadAction\",\"target\":[\"https:\\\/\\\/unaymilletras.com\\\/brilla-torrevieja-2025-trae-a-rels-b-y-camilo-como-protagonistas-del-verano\\\/\"]}]},{\"@type\":\"ImageObject\",\"inLanguage\":\"en-GB\",\"@id\":\"https:\\\/\\\/unaymilletras.com\\\/brilla-torrevieja-2025-trae-a-rels-b-y-camilo-como-protagonistas-del-verano\\\/#primaryimage\",\"url\":\"https:\\\/\\\/unaymilletras.com\\\/wp-content\\\/uploads\\\/2025\\\/07\\\/Brilla-Torrevieja-scaled-1-e1752676600232.jpg\",\"contentUrl\":\"https:\\\/\\\/unaymilletras.com\\\/wp-content\\\/uploads\\\/2025\\\/07\\\/Brilla-Torrevieja-scaled-1-e1752676600232.jpg\",\"width\":600,\"height\":849,\"caption\":\"Festival brilla Torrevieja\"},{\"@type\":\"BreadcrumbList\",\"@id\":\"https:\\\/\\\/unaymilletras.com\\\/brilla-torrevieja-2025-trae-a-rels-b-y-camilo-como-protagonistas-del-verano\\\/#breadcrumb\",\"itemListElement\":[{\"@type\":\"ListItem\",\"position\":1,\"name\":\"Home\",\"item\":\"http:\\\/\\\/unaymilletras.com\\\/\"},{\"@type\":\"ListItem\",\"position\":2,\"name\":\"Brilla Torrevieja 2025 trae a Rels B y Camilo como protagonistas del verano\"}]},{\"@type\":\"WebSite\",\"@id\":\"http:\\\/\\\/unaymilletras.com\\\/#website\",\"url\":\"http:\\\/\\\/unaymilletras.com\\\/\",\"name\":\"Una y Mil Letras\",\"description\":\"\",\"publisher\":{\"@id\":\"http:\\\/\\\/unaymilletras.com\\\/#organization\"},\"potentialAction\":[{\"@type\":\"SearchAction\",\"target\":{\"@type\":\"EntryPoint\",\"urlTemplate\":\"http:\\\/\\\/unaymilletras.com\\\/?s={search_term_string}\"},\"query-input\":{\"@type\":\"PropertyValueSpecification\",\"valueRequired\":true,\"valueName\":\"search_term_string\"}}],\"inLanguage\":\"en-GB\"},{\"@type\":\"Organization\",\"@id\":\"http:\\\/\\\/unaymilletras.com\\\/#organization\",\"name\":\"Una y Mil Letras\",\"url\":\"http:\\\/\\\/unaymilletras.com\\\/\",\"logo\":{\"@type\":\"ImageObject\",\"inLanguage\":\"en-GB\",\"@id\":\"http:\\\/\\\/unaymilletras.com\\\/#\\\/schema\\\/logo\\\/image\\\/\",\"url\":\"https:\\\/\\\/unaymilletras.com\\\/wp-content\\\/uploads\\\/2024\\\/06\\\/cropped-Logo-removebg-preview.png\",\"contentUrl\":\"https:\\\/\\\/unaymilletras.com\\\/wp-content\\\/uploads\\\/2024\\\/06\\\/cropped-Logo-removebg-preview.png\",\"width\":512,\"height\":512,\"caption\":\"Una y Mil Letras\"},\"image\":{\"@id\":\"http:\\\/\\\/unaymilletras.com\\\/#\\\/schema\\\/logo\\\/image\\\/\"},\"sameAs\":[\"https:\\\/\\\/x.com\\\/UnaYMilLetras\",\"https:\\\/\\\/instagram.com\\\/UnaYMilLetras\"]},{\"@type\":\"Person\",\"@id\":\"http:\\\/\\\/unaymilletras.com\\\/#\\\/schema\\\/person\\\/0860dc8a218329991ee2c7591f4f849d\",\"name\":\"Redacci\u00f3n\",\"image\":{\"@type\":\"ImageObject\",\"inLanguage\":\"en-GB\",\"@id\":\"https:\\\/\\\/secure.gravatar.com\\\/avatar\\\/d8f55e05a8b6597e45c55a1dcbdbfe44f4a360d88b48e00de5216a79b7732796?s=96&d=mm&r=g\",\"url\":\"https:\\\/\\\/secure.gravatar.com\\\/avatar\\\/d8f55e05a8b6597e45c55a1dcbdbfe44f4a360d88b48e00de5216a79b7732796?s=96&d=mm&r=g\",\"contentUrl\":\"https:\\\/\\\/secure.gravatar.com\\\/avatar\\\/d8f55e05a8b6597e45c55a1dcbdbfe44f4a360d88b48e00de5216a79b7732796?s=96&d=mm&r=g\",\"caption\":\"Redacci\u00f3n\"},\"url\":\"https:\\\/\\\/unaymilletras.com\\\/en\\\/author\\\/redaccion\\\/\"}]}<\/script>\n<!-- \/ Yoast SEO plugin. -->","yoast_head_json":{"title":"Brilla Torrevieja 2025 trae a Rels B y Camilo como protagonistas","description":"El festival Brilla Torrevieja 2025 confirma sus fechas clave con Rels B el 3 de agosto y Camilo el 13 en el Parque Antonio Soria","robots":{"index":"index","follow":"follow","max-snippet":"max-snippet:-1","max-image-preview":"max-image-preview:large","max-video-preview":"max-video-preview:-1"},"canonical":"https:\/\/unaymilletras.com\/en\/brilla-torrevieja-2025-trae-a-rels-b-y-camilo-como-protagonistas-del-verano\/","og_locale":"en_GB","og_type":"article","og_title":"Brilla Torrevieja 2025 trae a Rels B y Camilo como protagonistas","og_description":"El festival Brilla Torrevieja 2025 confirma sus fechas clave con Rels B el 3 de agosto y Camilo el 13 en el Parque Antonio Soria","og_url":"https:\/\/unaymilletras.com\/en\/brilla-torrevieja-2025-trae-a-rels-b-y-camilo-como-protagonistas-del-verano\/","og_site_name":"Una y Mil Letras","article_published_time":"2025-06-06T14:38:39+00:00","article_modified_time":"2025-07-16T14:39:03+00:00","og_image":[{"width":600,"height":849,"url":"http:\/\/unaymilletras.com\/wp-content\/uploads\/2025\/07\/Brilla-Torrevieja-scaled-1-e1752676600232.jpg","type":"image\/jpeg"}],"author":"Redacci\u00f3n","twitter_card":"summary_large_image","twitter_creator":"@UnaYMilLetras","twitter_site":"@UnaYMilLetras","twitter_misc":{"Written by":"Redacci\u00f3n","Estimated reading time":"2 minutes"},"schema":{"@context":"https:\/\/schema.org","@graph":[{"@type":"Article","@id":"https:\/\/unaymilletras.com\/brilla-torrevieja-2025-trae-a-rels-b-y-camilo-como-protagonistas-del-verano\/#article","isPartOf":{"@id":"https:\/\/unaymilletras.com\/brilla-torrevieja-2025-trae-a-rels-b-y-camilo-como-protagonistas-del-verano\/"},"author":{"name":"Redacci\u00f3n","@id":"http:\/\/unaymilletras.com\/#\/schema\/person\/0860dc8a218329991ee2c7591f4f849d"},"headline":"Brilla Torrevieja 2025 trae a Rels B y Camilo como protagonistas del verano","datePublished":"2025-06-06T14:38:39+00:00","dateModified":"2025-07-16T14:39:03+00:00","mainEntityOfPage":{"@id":"https:\/\/unaymilletras.com\/brilla-torrevieja-2025-trae-a-rels-b-y-camilo-como-protagonistas-del-verano\/"},"wordCount":379,"publisher":{"@id":"http:\/\/unaymilletras.com\/#organization"},"image":{"@id":"https:\/\/unaymilletras.com\/brilla-torrevieja-2025-trae-a-rels-b-y-camilo-como-protagonistas-del-verano\/#primaryimage"},"thumbnailUrl":"https:\/\/unaymilletras.com\/wp-content\/uploads\/2025\/07\/Brilla-Torrevieja-scaled-1-e1752676600232.jpg","articleSection":["M\u00fasica"],"inLanguage":"en-GB"},{"@type":"WebPage","@id":"https:\/\/unaymilletras.com\/brilla-torrevieja-2025-trae-a-rels-b-y-camilo-como-protagonistas-del-verano\/","url":"https:\/\/unaymilletras.com\/brilla-torrevieja-2025-trae-a-rels-b-y-camilo-como-protagonistas-del-verano\/","name":"Brilla Torrevieja 2025 trae a Rels B y Camilo como protagonistas","isPartOf":{"@id":"http:\/\/unaymilletras.com\/#website"},"primaryImageOfPage":{"@id":"https:\/\/unaymilletras.com\/brilla-torrevieja-2025-trae-a-rels-b-y-camilo-como-protagonistas-del-verano\/#primaryimage"},"image":{"@id":"https:\/\/unaymilletras.com\/brilla-torrevieja-2025-trae-a-rels-b-y-camilo-como-protagonistas-del-verano\/#primaryimage"},"thumbnailUrl":"https:\/\/unaymilletras.com\/wp-content\/uploads\/2025\/07\/Brilla-Torrevieja-scaled-1-e1752676600232.jpg","datePublished":"2025-06-06T14:38:39+00:00","dateModified":"2025-07-16T14:39:03+00:00","description":"El festival Brilla Torrevieja 2025 confirma sus fechas clave con Rels B el 3 de agosto y Camilo el 13 en el Parque Antonio Soria","breadcrumb":{"@id":"https:\/\/unaymilletras.com\/brilla-torrevieja-2025-trae-a-rels-b-y-camilo-como-protagonistas-del-verano\/#breadcrumb"},"inLanguage":"en-GB","potentialAction":[{"@type":"ReadAction","target":["https:\/\/unaymilletras.com\/brilla-torrevieja-2025-trae-a-rels-b-y-camilo-como-protagonistas-del-verano\/"]}]},{"@type":"ImageObject","inLanguage":"en-GB","@id":"https:\/\/unaymilletras.com\/brilla-torrevieja-2025-trae-a-rels-b-y-camilo-como-protagonistas-del-verano\/#primaryimage","url":"https:\/\/unaymilletras.com\/wp-content\/uploads\/2025\/07\/Brilla-Torrevieja-scaled-1-e1752676600232.jpg","contentUrl":"https:\/\/unaymilletras.com\/wp-content\/uploads\/2025\/07\/Brilla-Torrevieja-scaled-1-e1752676600232.jpg","width":600,"height":849,"caption":"Festival brilla Torrevieja"},{"@type":"BreadcrumbList","@id":"https:\/\/unaymilletras.com\/brilla-torrevieja-2025-trae-a-rels-b-y-camilo-como-protagonistas-del-verano\/#breadcrumb","itemListElement":[{"@type":"ListItem","position":1,"name":"Home","item":"http:\/\/unaymilletras.com\/"},{"@type":"ListItem","position":2,"name":"Brilla Torrevieja 2025 trae a Rels B y Camilo como protagonistas del verano"}]},{"@type":"WebSite","@id":"http:\/\/unaymilletras.com\/#website","url":"http:\/\/unaymilletras.com\/","name":"Una y Mil Letras","description":"","publisher":{"@id":"http:\/\/unaymilletras.com\/#organization"},"potentialAction":[{"@type":"SearchAction","target":{"@type":"EntryPoint","urlTemplate":"http:\/\/unaymilletras.com\/?s={search_term_string}"},"query-input":{"@type":"PropertyValueSpecification","valueRequired":true,"valueName":"search_term_string"}}],"inLanguage":"en-GB"},{"@type":"Organization","@id":"http:\/\/unaymilletras.com\/#organization","name":"Una y Mil Letras","url":"http:\/\/unaymilletras.com\/","logo":{"@type":"ImageObject","inLanguage":"en-GB","@id":"http:\/\/unaymilletras.com\/#\/schema\/logo\/image\/","url":"https:\/\/unaymilletras.com\/wp-content\/uploads\/2024\/06\/cropped-Logo-removebg-preview.png","contentUrl":"https:\/\/unaymilletras.com\/wp-content\/uploads\/2024\/06\/cropped-Logo-removebg-preview.png","width":512,"height":512,"caption":"Una y Mil Letras"},"image":{"@id":"http:\/\/unaymilletras.com\/#\/schema\/logo\/image\/"},"sameAs":["https:\/\/x.com\/UnaYMilLetras","https:\/\/instagram.com\/UnaYMilLetras"]},{"@type":"Person","@id":"http:\/\/unaymilletras.com\/#\/schema\/person\/0860dc8a218329991ee2c7591f4f849d","name":"Redacci\u00f3n","image":{"@type":"ImageObject","inLanguage":"en-GB","@id":"https:\/\/secure.gravatar.com\/avatar\/d8f55e05a8b6597e45c55a1dcbdbfe44f4a360d88b48e00de5216a79b7732796?s=96&d=mm&r=g","url":"https:\/\/secure.gravatar.com\/avatar\/d8f55e05a8b6597e45c55a1dcbdbfe44f4a360d88b48e00de5216a79b7732796?s=96&d=mm&r=g","contentUrl":"https:\/\/secure.gravatar.com\/avatar\/d8f55e05a8b6597e45c55a1dcbdbfe44f4a360d88b48e00de5216a79b7732796?s=96&d=mm&r=g","caption":"Redacci\u00f3n"},"url":"https:\/\/unaymilletras.com\/en\/author\/redaccion\/"}]}},"_links":{"self":[{"href":"https:\/\/unaymilletras.com\/en\/wp-json\/wp\/v2\/posts\/5348","targetHints":{"allow":["GET"]}}],"collection":[{"href":"https:\/\/unaymilletras.com\/en\/wp-json\/wp\/v2\/posts"}],"about":[{"href":"https:\/\/unaymilletras.com\/en\/wp-json\/wp\/v2\/types\/post"}],"author":[{"embeddable":true,"href":"https:\/\/unaymilletras.com\/en\/wp-json\/wp\/v2\/users\/6"}],"replies":[{"embeddable":true,"href":"https:\/\/unaymilletras.com\/en\/wp-json\/wp\/v2\/comments?post=5348"}],"version-history":[{"count":4,"href":"https:\/\/unaymilletras.com\/en\/wp-json\/wp\/v2\/posts\/5348\/revisions"}],"predecessor-version":[{"id":5353,"href":"https:\/\/unaymilletras.com\/en\/wp-json\/wp\/v2\/posts\/5348\/revisions\/5353"}],"wp:featuredmedia":[{"embeddable":true,"href":"https:\/\/unaymilletras.com\/en\/wp-json\/wp\/v2\/media\/5350"}],"wp:attachment":[{"href":"https:\/\/unaymilletras.com\/en\/wp-json\/wp\/v2\/media?parent=5348"}],"wp:term":[{"taxonomy":"category","embeddable":true,"href":"https:\/\/unaymilletras.com\/en\/wp-json\/wp\/v2\/categories?post=5348"},{"taxonomy":"post_tag","embeddable":true,"href":"https:\/\/unaymilletras.com\/en\/wp-json\/wp\/v2\/tags?post=5348"}],"curies":[{"name":"wp","href":"https:\/\/api.w.org\/{rel}","templated":true}]}}