{"id":5354,"date":"2025-07-16T21:39:22","date_gmt":"2025-07-16T19:39:22","guid":{"rendered":"https:\/\/unaymilletras.com\/?p=5354"},"modified":"2025-07-16T21:45:28","modified_gmt":"2025-07-16T19:45:28","slug":"morat-anuncia-su-unico-concierto-en-espana-para-2025","status":"publish","type":"post","link":"https:\/\/unaymilletras.com\/en\/morat-anuncia-su-unico-concierto-en-espana-para-2025\/","title":{"rendered":"Morat anuncia su \u00fanico concierto en Espa\u00f1a para 2025"},"content":{"rendered":"<div data-elementor-type=\"wp-post\" data-elementor-id=\"5354\" class=\"elementor elementor-5354\">\n\t\t\t\t\t\t<section class=\"elementor-section elementor-top-section elementor-element elementor-element-f7bd6a5 elementor-section-boxed elementor-section-height-default elementor-section-height-default\" data-id=\"f7bd6a5\" data-element_type=\"section\" data-e-type=\"section\">\n\t\t\t\t\t\t<div class=\"elementor-container elementor-column-gap-default\">\n\t\t\t\t\t<div class=\"elementor-column elementor-col-100 elementor-top-column elementor-element elementor-element-ed90ff7\" data-id=\"ed90ff7\" data-element_type=\"column\" data-e-type=\"column\">\n\t\t\t<div class=\"elementor-widget-wrap elementor-element-populated\">\n\t\t\t\t\t\t<div class=\"elementor-element elementor-element-c0b638d elementor-widget elementor-widget-text-editor\" data-id=\"c0b638d\" data-element_type=\"widget\" data-e-type=\"widget\" data-widget_type=\"text-editor.default\">\n\t\t\t\t<div class=\"elementor-widget-container\">\n\t\t\t\t\t\t\t\t\t<h2 style=\"text-align: center;\"><span style=\"color: #808080;\"><em>El show de Morat en Tenerife ser\u00e1 el \u00fanico del grupo en Espa\u00f1a en este 2025<\/em> <\/span><\/h2>\t\t\t\t\t\t\t\t<\/div>\n\t\t\t\t<\/div>\n\t\t\t\t\t<\/div>\n\t\t<\/div>\n\t\t\t\t\t<\/div>\n\t\t<\/section>\n\t\t\t\t<section class=\"elementor-section elementor-top-section elementor-element elementor-element-3ee5a3d elementor-section-boxed elementor-section-height-default elementor-section-height-default\" data-id=\"3ee5a3d\" data-element_type=\"section\" data-e-type=\"section\">\n\t\t\t\t\t\t<div class=\"elementor-container elementor-column-gap-default\">\n\t\t\t\t\t<div class=\"elementor-column elementor-col-100 elementor-top-column elementor-element elementor-element-dff30dc\" data-id=\"dff30dc\" data-element_type=\"column\" data-e-type=\"column\">\n\t\t\t<div class=\"elementor-widget-wrap elementor-element-populated\">\n\t\t\t\t\t\t<div class=\"elementor-element elementor-element-76d37e5 elementor-widget elementor-widget-text-editor\" data-id=\"76d37e5\" data-element_type=\"widget\" data-e-type=\"widget\" data-widget_type=\"text-editor.default\">\n\t\t\t\t<div class=\"elementor-widget-container\">\n\t\t\t\t\t\t\t\t\t<p data-start=\"182\" data-end=\"444\">La banda colombiana <b>Morat<\/b> ofrecer\u00e1 su \u00fanico concierto en Espa\u00f1a este 2025. La cita ser\u00e1 el <b>8 de noviembre en el Estadio de F\u00fatbol de Adeje<\/b>, en <b>Tenerife<\/b>. Con un aforo para m\u00e1s de 12.000 personas, este show promete ser uno de los grandes eventos musicales del a\u00f1o.<\/p>\n<p data-start=\"446\" data-end=\"694\">Morat es una de las pocas bandas que han logrado consolidarse en un panorama dominado por solistas y el g\u00e9nero urbano. Su propuesta pop rock ha conquistado a varias generaciones y se ha convertido en banda sonora de momentos clave para muchos fans.<\/p>\t\t\t\t\t\t\t\t<\/div>\n\t\t\t\t<\/div>\n\t\t\t\t\t<\/div>\n\t\t<\/div>\n\t\t\t\t\t<\/div>\n\t\t<\/section>\n\t\t\t\t<section class=\"elementor-section elementor-top-section elementor-element elementor-element-442e570 elementor-section-boxed elementor-section-height-default elementor-section-height-default\" data-id=\"442e570\" data-element_type=\"section\" data-e-type=\"section\">\n\t\t\t\t\t\t<div class=\"elementor-container elementor-column-gap-default\">\n\t\t\t\t\t<div class=\"elementor-column elementor-col-100 elementor-top-column elementor-element elementor-element-224cb1a\" data-id=\"224cb1a\" data-element_type=\"column\" data-e-type=\"column\">\n\t\t\t<div class=\"elementor-widget-wrap elementor-element-populated\">\n\t\t\t\t\t\t<div class=\"elementor-element elementor-element-e40a850 elementor-widget elementor-widget-image\" data-id=\"e40a850\" data-element_type=\"widget\" data-e-type=\"widget\" data-widget_type=\"image.default\">\n\t\t\t\t<div class=\"elementor-widget-container\">\n\t\t\t\t\t\t\t\t\t\t\t\t\t\t\t<img fetchpriority=\"high\" decoding=\"async\" width=\"640\" height=\"428\" src=\"https:\/\/unaymilletras.com\/wp-content\/uploads\/2025\/07\/DSC00143-1024x684.jpg\" class=\"attachment-large size-large wp-image-5356\" alt=\"Morat\" srcset=\"https:\/\/unaymilletras.com\/wp-content\/uploads\/2025\/07\/DSC00143-1024x684.jpg 1024w, https:\/\/unaymilletras.com\/wp-content\/uploads\/2025\/07\/DSC00143-300x200.jpg 300w, https:\/\/unaymilletras.com\/wp-content\/uploads\/2025\/07\/DSC00143-768x513.jpg 768w, https:\/\/unaymilletras.com\/wp-content\/uploads\/2025\/07\/DSC00143-1536x1025.jpg 1536w, https:\/\/unaymilletras.com\/wp-content\/uploads\/2025\/07\/DSC00143-2048x1367.jpg 2048w, https:\/\/unaymilletras.com\/wp-content\/uploads\/2025\/07\/DSC00143-18x12.jpg 18w, https:\/\/unaymilletras.com\/wp-content\/uploads\/2025\/07\/DSC00143-scaled-e1752695089588.jpg 600w\" sizes=\"(max-width: 640px) 100vw, 640px\" \/>\t\t\t\t\t\t\t\t\t\t\t\t\t\t\t<\/div>\n\t\t\t\t<\/div>\n\t\t\t\t\t<\/div>\n\t\t<\/div>\n\t\t\t\t\t<\/div>\n\t\t<\/section>\n\t\t\t\t<section class=\"elementor-section elementor-top-section elementor-element elementor-element-7a3ff85 elementor-section-boxed elementor-section-height-default elementor-section-height-default\" data-id=\"7a3ff85\" data-element_type=\"section\" data-e-type=\"section\">\n\t\t\t\t\t\t<div class=\"elementor-container elementor-column-gap-default\">\n\t\t\t\t\t<div class=\"elementor-column elementor-col-100 elementor-top-column elementor-element elementor-element-6b5fbbe\" data-id=\"6b5fbbe\" data-element_type=\"column\" data-e-type=\"column\">\n\t\t\t<div class=\"elementor-widget-wrap elementor-element-populated\">\n\t\t\t\t\t\t<div class=\"elementor-element elementor-element-9a6fc09 elementor-widget elementor-widget-text-editor\" data-id=\"9a6fc09\" data-element_type=\"widget\" data-e-type=\"widget\" data-widget_type=\"text-editor.default\">\n\t\t\t\t<div class=\"elementor-widget-container\">\n\t\t\t\t\t\t\t\t\t<p data-start=\"696\" data-end=\"971\">Tras llenar el Estadio Metropolitano de Madrid en su \u00faltima visita a Espa\u00f1a, regresan con un show muy especial en las Islas Canarias. Ser\u00e1 la \u00fanica fecha en el pa\u00eds y formar\u00e1 parte de una nueva etapa en la que la banda sigue presentando su m\u00e1s reciente \u00e1lbum, <em data-start=\"956\" data-end=\"970\">Ya es ma\u00f1ana<\/em>.<\/p><p data-start=\"973\" data-end=\"1232\">En este concierto, los asistentes podr\u00e1n disfrutar de sus grandes \u00e9xitos, desde <em data-start=\"1053\" data-end=\"1070\">C\u00f3mo te atreves<\/em> o <em data-start=\"1073\" data-end=\"1090\">Besos en guerra<\/em>, hasta sus \u00faltimos lanzamientos. Morat contin\u00faa llenando recintos a ambos lados del Atl\u00e1ntico, y este regreso a Espa\u00f1a no ser\u00e1 una excepci\u00f3n.<\/p><p data-start=\"1234\" data-end=\"1559\" data-is-last-node=\"\" data-is-only-node=\"\">El evento est\u00e1 organizado por Iglesias Entertainment y New Event. Las entradas saldr\u00e1n a la venta el pr\u00f3ximo 17 de julio a las 12:00 h (hora canaria) a trav\u00e9s de Ticketmaster. Con este \u00fanico concierto en territorio espa\u00f1ol, Morat vuelve a demostrar por qu\u00e9 sigue siendo una de las bandas m\u00e1s queridas de la m\u00fasica en espa\u00f1ol.<\/p>\t\t\t\t\t\t\t\t<\/div>\n\t\t\t\t<\/div>\n\t\t\t\t\t<\/div>\n\t\t<\/div>\n\t\t\t\t\t<\/div>\n\t\t<\/section>\n\t\t\t\t<\/div>","protected":false},"excerpt":{"rendered":"<p>El show de Morat en Tenerife ser\u00e1 el \u00fanico del grupo en Espa\u00f1a en este 2025 La banda colombiana Morat ofrecer\u00e1 su \u00fanico concierto en Espa\u00f1a este 2025. La cita ser\u00e1 el 8 de noviembre en el Estadio de F\u00fatbol de Adeje, en Tenerife. Con un aforo para m\u00e1s de 12.000 personas, este show promete [&hellip;]<\/p>\n","protected":false},"author":6,"featured_media":5356,"comment_status":"closed","ping_status":"closed","sticky":false,"template":"","format":"standard","meta":{"footnotes":""},"categories":[4],"tags":[],"class_list":["post-5354","post","type-post","status-publish","format-standard","has-post-thumbnail","hentry","category-musica"],"yoast_head":"<!-- This site is optimized with the Yoast SEO plugin v27.4 - https:\/\/yoast.com\/product\/yoast-seo-wordpress\/ -->\n<title>Morat anuncia su \u00fanico concierto en Espa\u00f1a para 2025<\/title>\n<meta name=\"description\" content=\"El show de Morat en Tenerife ser\u00e1 el \u00fanico que dar\u00e1 el grupo en Espa\u00f1a en todo este 2025 con un aforo de 12.000 personas\" \/>\n<meta name=\"robots\" content=\"index, follow, max-snippet:-1, max-image-preview:large, max-video-preview:-1\" \/>\n<link rel=\"canonical\" href=\"https:\/\/unaymilletras.com\/en\/morat-anuncia-su-unico-concierto-en-espana-para-2025\/\" \/>\n<meta property=\"og:locale\" content=\"en_GB\" \/>\n<meta property=\"og:type\" content=\"article\" \/>\n<meta property=\"og:title\" content=\"Morat anuncia su \u00fanico concierto en Espa\u00f1a para 2025\" \/>\n<meta property=\"og:description\" content=\"El show de Morat en Tenerife ser\u00e1 el \u00fanico que dar\u00e1 el grupo en Espa\u00f1a en todo este 2025 con un aforo de 12.000 personas\" \/>\n<meta property=\"og:url\" content=\"https:\/\/unaymilletras.com\/en\/morat-anuncia-su-unico-concierto-en-espana-para-2025\/\" \/>\n<meta property=\"og:site_name\" content=\"Una y Mil Letras\" \/>\n<meta property=\"article:published_time\" content=\"2025-07-16T19:39:22+00:00\" \/>\n<meta property=\"article:modified_time\" content=\"2025-07-16T19:45:28+00:00\" \/>\n<meta property=\"og:image\" content=\"http:\/\/unaymilletras.com\/wp-content\/uploads\/2025\/07\/DSC00143-scaled-e1752695089588.jpg\" \/>\n\t<meta property=\"og:image:width\" content=\"600\" \/>\n\t<meta property=\"og:image:height\" content=\"401\" \/>\n\t<meta property=\"og:image:type\" content=\"image\/jpeg\" \/>\n<meta name=\"author\" content=\"Redacci\u00f3n\" \/>\n<meta name=\"twitter:card\" content=\"summary_large_image\" \/>\n<meta name=\"twitter:creator\" content=\"@UnaYMilLetras\" \/>\n<meta name=\"twitter:site\" content=\"@UnaYMilLetras\" \/>\n<meta name=\"twitter:label1\" content=\"Written by\" \/>\n\t<meta name=\"twitter:data1\" content=\"Redacci\u00f3n\" \/>\n\t<meta name=\"twitter:label2\" content=\"Estimated reading time\" \/>\n\t<meta name=\"twitter:data2\" content=\"2 minutes\" \/>\n<script type=\"application\/ld+json\" class=\"yoast-schema-graph\">{\"@context\":\"https:\\\/\\\/schema.org\",\"@graph\":[{\"@type\":\"Article\",\"@id\":\"https:\\\/\\\/unaymilletras.com\\\/morat-anuncia-su-unico-concierto-en-espana-para-2025\\\/#article\",\"isPartOf\":{\"@id\":\"https:\\\/\\\/unaymilletras.com\\\/morat-anuncia-su-unico-concierto-en-espana-para-2025\\\/\"},\"author\":{\"name\":\"Redacci\u00f3n\",\"@id\":\"http:\\\/\\\/unaymilletras.com\\\/#\\\/schema\\\/person\\\/0860dc8a218329991ee2c7591f4f849d\"},\"headline\":\"Morat anuncia su \u00fanico concierto en Espa\u00f1a para 2025\",\"datePublished\":\"2025-07-16T19:39:22+00:00\",\"dateModified\":\"2025-07-16T19:45:28+00:00\",\"mainEntityOfPage\":{\"@id\":\"https:\\\/\\\/unaymilletras.com\\\/morat-anuncia-su-unico-concierto-en-espana-para-2025\\\/\"},\"wordCount\":282,\"publisher\":{\"@id\":\"http:\\\/\\\/unaymilletras.com\\\/#organization\"},\"image\":{\"@id\":\"https:\\\/\\\/unaymilletras.com\\\/morat-anuncia-su-unico-concierto-en-espana-para-2025\\\/#primaryimage\"},\"thumbnailUrl\":\"https:\\\/\\\/unaymilletras.com\\\/wp-content\\\/uploads\\\/2025\\\/07\\\/DSC00143-scaled-e1752695089588.jpg\",\"articleSection\":[\"M\u00fasica\"],\"inLanguage\":\"en-GB\"},{\"@type\":\"WebPage\",\"@id\":\"https:\\\/\\\/unaymilletras.com\\\/morat-anuncia-su-unico-concierto-en-espana-para-2025\\\/\",\"url\":\"https:\\\/\\\/unaymilletras.com\\\/morat-anuncia-su-unico-concierto-en-espana-para-2025\\\/\",\"name\":\"Morat anuncia su \u00fanico concierto en Espa\u00f1a para 2025\",\"isPartOf\":{\"@id\":\"http:\\\/\\\/unaymilletras.com\\\/#website\"},\"primaryImageOfPage\":{\"@id\":\"https:\\\/\\\/unaymilletras.com\\\/morat-anuncia-su-unico-concierto-en-espana-para-2025\\\/#primaryimage\"},\"image\":{\"@id\":\"https:\\\/\\\/unaymilletras.com\\\/morat-anuncia-su-unico-concierto-en-espana-para-2025\\\/#primaryimage\"},\"thumbnailUrl\":\"https:\\\/\\\/unaymilletras.com\\\/wp-content\\\/uploads\\\/2025\\\/07\\\/DSC00143-scaled-e1752695089588.jpg\",\"datePublished\":\"2025-07-16T19:39:22+00:00\",\"dateModified\":\"2025-07-16T19:45:28+00:00\",\"description\":\"El show de Morat en Tenerife ser\u00e1 el \u00fanico que dar\u00e1 el grupo en Espa\u00f1a en todo este 2025 con un aforo de 12.000 personas\",\"breadcrumb\":{\"@id\":\"https:\\\/\\\/unaymilletras.com\\\/morat-anuncia-su-unico-concierto-en-espana-para-2025\\\/#breadcrumb\"},\"inLanguage\":\"en-GB\",\"potentialAction\":[{\"@type\":\"ReadAction\",\"target\":[\"https:\\\/\\\/unaymilletras.com\\\/morat-anuncia-su-unico-concierto-en-espana-para-2025\\\/\"]}]},{\"@type\":\"ImageObject\",\"inLanguage\":\"en-GB\",\"@id\":\"https:\\\/\\\/unaymilletras.com\\\/morat-anuncia-su-unico-concierto-en-espana-para-2025\\\/#primaryimage\",\"url\":\"https:\\\/\\\/unaymilletras.com\\\/wp-content\\\/uploads\\\/2025\\\/07\\\/DSC00143-scaled-e1752695089588.jpg\",\"contentUrl\":\"https:\\\/\\\/unaymilletras.com\\\/wp-content\\\/uploads\\\/2025\\\/07\\\/DSC00143-scaled-e1752695089588.jpg\",\"width\":600,\"height\":401,\"caption\":\"Morat\"},{\"@type\":\"BreadcrumbList\",\"@id\":\"https:\\\/\\\/unaymilletras.com\\\/morat-anuncia-su-unico-concierto-en-espana-para-2025\\\/#breadcrumb\",\"itemListElement\":[{\"@type\":\"ListItem\",\"position\":1,\"name\":\"Home\",\"item\":\"http:\\\/\\\/unaymilletras.com\\\/\"},{\"@type\":\"ListItem\",\"position\":2,\"name\":\"Morat anuncia su \u00fanico concierto en Espa\u00f1a para 2025\"}]},{\"@type\":\"WebSite\",\"@id\":\"http:\\\/\\\/unaymilletras.com\\\/#website\",\"url\":\"http:\\\/\\\/unaymilletras.com\\\/\",\"name\":\"Una y Mil Letras\",\"description\":\"\",\"publisher\":{\"@id\":\"http:\\\/\\\/unaymilletras.com\\\/#organization\"},\"potentialAction\":[{\"@type\":\"SearchAction\",\"target\":{\"@type\":\"EntryPoint\",\"urlTemplate\":\"http:\\\/\\\/unaymilletras.com\\\/?s={search_term_string}\"},\"query-input\":{\"@type\":\"PropertyValueSpecification\",\"valueRequired\":true,\"valueName\":\"search_term_string\"}}],\"inLanguage\":\"en-GB\"},{\"@type\":\"Organization\",\"@id\":\"http:\\\/\\\/unaymilletras.com\\\/#organization\",\"name\":\"Una y Mil Letras\",\"url\":\"http:\\\/\\\/unaymilletras.com\\\/\",\"logo\":{\"@type\":\"ImageObject\",\"inLanguage\":\"en-GB\",\"@id\":\"http:\\\/\\\/unaymilletras.com\\\/#\\\/schema\\\/logo\\\/image\\\/\",\"url\":\"https:\\\/\\\/unaymilletras.com\\\/wp-content\\\/uploads\\\/2024\\\/06\\\/cropped-Logo-removebg-preview.png\",\"contentUrl\":\"https:\\\/\\\/unaymilletras.com\\\/wp-content\\\/uploads\\\/2024\\\/06\\\/cropped-Logo-removebg-preview.png\",\"width\":512,\"height\":512,\"caption\":\"Una y Mil Letras\"},\"image\":{\"@id\":\"http:\\\/\\\/unaymilletras.com\\\/#\\\/schema\\\/logo\\\/image\\\/\"},\"sameAs\":[\"https:\\\/\\\/x.com\\\/UnaYMilLetras\",\"https:\\\/\\\/instagram.com\\\/UnaYMilLetras\"]},{\"@type\":\"Person\",\"@id\":\"http:\\\/\\\/unaymilletras.com\\\/#\\\/schema\\\/person\\\/0860dc8a218329991ee2c7591f4f849d\",\"name\":\"Redacci\u00f3n\",\"image\":{\"@type\":\"ImageObject\",\"inLanguage\":\"en-GB\",\"@id\":\"https:\\\/\\\/secure.gravatar.com\\\/avatar\\\/d8f55e05a8b6597e45c55a1dcbdbfe44f4a360d88b48e00de5216a79b7732796?s=96&d=mm&r=g\",\"url\":\"https:\\\/\\\/secure.gravatar.com\\\/avatar\\\/d8f55e05a8b6597e45c55a1dcbdbfe44f4a360d88b48e00de5216a79b7732796?s=96&d=mm&r=g\",\"contentUrl\":\"https:\\\/\\\/secure.gravatar.com\\\/avatar\\\/d8f55e05a8b6597e45c55a1dcbdbfe44f4a360d88b48e00de5216a79b7732796?s=96&d=mm&r=g\",\"caption\":\"Redacci\u00f3n\"},\"url\":\"https:\\\/\\\/unaymilletras.com\\\/en\\\/author\\\/redaccion\\\/\"}]}<\/script>\n<!-- \/ Yoast SEO plugin. -->","yoast_head_json":{"title":"Morat anuncia su \u00fanico concierto en Espa\u00f1a para 2025","description":"El show de Morat en Tenerife ser\u00e1 el \u00fanico que dar\u00e1 el grupo en Espa\u00f1a en todo este 2025 con un aforo de 12.000 personas","robots":{"index":"index","follow":"follow","max-snippet":"max-snippet:-1","max-image-preview":"max-image-preview:large","max-video-preview":"max-video-preview:-1"},"canonical":"https:\/\/unaymilletras.com\/en\/morat-anuncia-su-unico-concierto-en-espana-para-2025\/","og_locale":"en_GB","og_type":"article","og_title":"Morat anuncia su \u00fanico concierto en Espa\u00f1a para 2025","og_description":"El show de Morat en Tenerife ser\u00e1 el \u00fanico que dar\u00e1 el grupo en Espa\u00f1a en todo este 2025 con un aforo de 12.000 personas","og_url":"https:\/\/unaymilletras.com\/en\/morat-anuncia-su-unico-concierto-en-espana-para-2025\/","og_site_name":"Una y Mil Letras","article_published_time":"2025-07-16T19:39:22+00:00","article_modified_time":"2025-07-16T19:45:28+00:00","og_image":[{"width":600,"height":401,"url":"http:\/\/unaymilletras.com\/wp-content\/uploads\/2025\/07\/DSC00143-scaled-e1752695089588.jpg","type":"image\/jpeg"}],"author":"Redacci\u00f3n","twitter_card":"summary_large_image","twitter_creator":"@UnaYMilLetras","twitter_site":"@UnaYMilLetras","twitter_misc":{"Written by":"Redacci\u00f3n","Estimated reading time":"2 minutes"},"schema":{"@context":"https:\/\/schema.org","@graph":[{"@type":"Article","@id":"https:\/\/unaymilletras.com\/morat-anuncia-su-unico-concierto-en-espana-para-2025\/#article","isPartOf":{"@id":"https:\/\/unaymilletras.com\/morat-anuncia-su-unico-concierto-en-espana-para-2025\/"},"author":{"name":"Redacci\u00f3n","@id":"http:\/\/unaymilletras.com\/#\/schema\/person\/0860dc8a218329991ee2c7591f4f849d"},"headline":"Morat anuncia su \u00fanico concierto en Espa\u00f1a para 2025","datePublished":"2025-07-16T19:39:22+00:00","dateModified":"2025-07-16T19:45:28+00:00","mainEntityOfPage":{"@id":"https:\/\/unaymilletras.com\/morat-anuncia-su-unico-concierto-en-espana-para-2025\/"},"wordCount":282,"publisher":{"@id":"http:\/\/unaymilletras.com\/#organization"},"image":{"@id":"https:\/\/unaymilletras.com\/morat-anuncia-su-unico-concierto-en-espana-para-2025\/#primaryimage"},"thumbnailUrl":"https:\/\/unaymilletras.com\/wp-content\/uploads\/2025\/07\/DSC00143-scaled-e1752695089588.jpg","articleSection":["M\u00fasica"],"inLanguage":"en-GB"},{"@type":"WebPage","@id":"https:\/\/unaymilletras.com\/morat-anuncia-su-unico-concierto-en-espana-para-2025\/","url":"https:\/\/unaymilletras.com\/morat-anuncia-su-unico-concierto-en-espana-para-2025\/","name":"Morat anuncia su \u00fanico concierto en Espa\u00f1a para 2025","isPartOf":{"@id":"http:\/\/unaymilletras.com\/#website"},"primaryImageOfPage":{"@id":"https:\/\/unaymilletras.com\/morat-anuncia-su-unico-concierto-en-espana-para-2025\/#primaryimage"},"image":{"@id":"https:\/\/unaymilletras.com\/morat-anuncia-su-unico-concierto-en-espana-para-2025\/#primaryimage"},"thumbnailUrl":"https:\/\/unaymilletras.com\/wp-content\/uploads\/2025\/07\/DSC00143-scaled-e1752695089588.jpg","datePublished":"2025-07-16T19:39:22+00:00","dateModified":"2025-07-16T19:45:28+00:00","description":"El show de Morat en Tenerife ser\u00e1 el \u00fanico que dar\u00e1 el grupo en Espa\u00f1a en todo este 2025 con un aforo de 12.000 personas","breadcrumb":{"@id":"https:\/\/unaymilletras.com\/morat-anuncia-su-unico-concierto-en-espana-para-2025\/#breadcrumb"},"inLanguage":"en-GB","potentialAction":[{"@type":"ReadAction","target":["https:\/\/unaymilletras.com\/morat-anuncia-su-unico-concierto-en-espana-para-2025\/"]}]},{"@type":"ImageObject","inLanguage":"en-GB","@id":"https:\/\/unaymilletras.com\/morat-anuncia-su-unico-concierto-en-espana-para-2025\/#primaryimage","url":"https:\/\/unaymilletras.com\/wp-content\/uploads\/2025\/07\/DSC00143-scaled-e1752695089588.jpg","contentUrl":"https:\/\/unaymilletras.com\/wp-content\/uploads\/2025\/07\/DSC00143-scaled-e1752695089588.jpg","width":600,"height":401,"caption":"Morat"},{"@type":"BreadcrumbList","@id":"https:\/\/unaymilletras.com\/morat-anuncia-su-unico-concierto-en-espana-para-2025\/#breadcrumb","itemListElement":[{"@type":"ListItem","position":1,"name":"Home","item":"http:\/\/unaymilletras.com\/"},{"@type":"ListItem","position":2,"name":"Morat anuncia su \u00fanico concierto en Espa\u00f1a para 2025"}]},{"@type":"WebSite","@id":"http:\/\/unaymilletras.com\/#website","url":"http:\/\/unaymilletras.com\/","name":"Una y Mil Letras","description":"","publisher":{"@id":"http:\/\/unaymilletras.com\/#organization"},"potentialAction":[{"@type":"SearchAction","target":{"@type":"EntryPoint","urlTemplate":"http:\/\/unaymilletras.com\/?s={search_term_string}"},"query-input":{"@type":"PropertyValueSpecification","valueRequired":true,"valueName":"search_term_string"}}],"inLanguage":"en-GB"},{"@type":"Organization","@id":"http:\/\/unaymilletras.com\/#organization","name":"Una y Mil Letras","url":"http:\/\/unaymilletras.com\/","logo":{"@type":"ImageObject","inLanguage":"en-GB","@id":"http:\/\/unaymilletras.com\/#\/schema\/logo\/image\/","url":"https:\/\/unaymilletras.com\/wp-content\/uploads\/2024\/06\/cropped-Logo-removebg-preview.png","contentUrl":"https:\/\/unaymilletras.com\/wp-content\/uploads\/2024\/06\/cropped-Logo-removebg-preview.png","width":512,"height":512,"caption":"Una y Mil Letras"},"image":{"@id":"http:\/\/unaymilletras.com\/#\/schema\/logo\/image\/"},"sameAs":["https:\/\/x.com\/UnaYMilLetras","https:\/\/instagram.com\/UnaYMilLetras"]},{"@type":"Person","@id":"http:\/\/unaymilletras.com\/#\/schema\/person\/0860dc8a218329991ee2c7591f4f849d","name":"Redacci\u00f3n","image":{"@type":"ImageObject","inLanguage":"en-GB","@id":"https:\/\/secure.gravatar.com\/avatar\/d8f55e05a8b6597e45c55a1dcbdbfe44f4a360d88b48e00de5216a79b7732796?s=96&d=mm&r=g","url":"https:\/\/secure.gravatar.com\/avatar\/d8f55e05a8b6597e45c55a1dcbdbfe44f4a360d88b48e00de5216a79b7732796?s=96&d=mm&r=g","contentUrl":"https:\/\/secure.gravatar.com\/avatar\/d8f55e05a8b6597e45c55a1dcbdbfe44f4a360d88b48e00de5216a79b7732796?s=96&d=mm&r=g","caption":"Redacci\u00f3n"},"url":"https:\/\/unaymilletras.com\/en\/author\/redaccion\/"}]}},"_links":{"self":[{"href":"https:\/\/unaymilletras.com\/en\/wp-json\/wp\/v2\/posts\/5354","targetHints":{"allow":["GET"]}}],"collection":[{"href":"https:\/\/unaymilletras.com\/en\/wp-json\/wp\/v2\/posts"}],"about":[{"href":"https:\/\/unaymilletras.com\/en\/wp-json\/wp\/v2\/types\/post"}],"author":[{"embeddable":true,"href":"https:\/\/unaymilletras.com\/en\/wp-json\/wp\/v2\/users\/6"}],"replies":[{"embeddable":true,"href":"https:\/\/unaymilletras.com\/en\/wp-json\/wp\/v2\/comments?post=5354"}],"version-history":[{"count":7,"href":"https:\/\/unaymilletras.com\/en\/wp-json\/wp\/v2\/posts\/5354\/revisions"}],"predecessor-version":[{"id":5362,"href":"https:\/\/unaymilletras.com\/en\/wp-json\/wp\/v2\/posts\/5354\/revisions\/5362"}],"wp:featuredmedia":[{"embeddable":true,"href":"https:\/\/unaymilletras.com\/en\/wp-json\/wp\/v2\/media\/5356"}],"wp:attachment":[{"href":"https:\/\/unaymilletras.com\/en\/wp-json\/wp\/v2\/media?parent=5354"}],"wp:term":[{"taxonomy":"category","embeddable":true,"href":"https:\/\/unaymilletras.com\/en\/wp-json\/wp\/v2\/categories?post=5354"},{"taxonomy":"post_tag","embeddable":true,"href":"https:\/\/unaymilletras.com\/en\/wp-json\/wp\/v2\/tags?post=5354"}],"curies":[{"name":"wp","href":"https:\/\/api.w.org\/{rel}","templated":true}]}}