{"id":5364,"date":"2025-07-23T05:32:16","date_gmt":"2025-07-23T03:32:16","guid":{"rendered":"https:\/\/unaymilletras.com\/?p=5364"},"modified":"2025-07-23T05:35:25","modified_gmt":"2025-07-23T03:35:25","slug":"bnet-se-convierte-en-bicampeon-nacional-de-red-bull-batalla","status":"publish","type":"post","link":"https:\/\/unaymilletras.com\/en\/bnet-se-convierte-en-bicampeon-nacional-de-red-bull-batalla\/","title":{"rendered":"Bnet se convierte en bicampe\u00f3n nacional de Red Bull Batalla"},"content":{"rendered":"<div data-elementor-type=\"wp-post\" data-elementor-id=\"5364\" class=\"elementor elementor-5364\">\n\t\t\t\t\t\t<section class=\"elementor-section elementor-top-section elementor-element elementor-element-ad3976d elementor-section-boxed elementor-section-height-default elementor-section-height-default\" data-id=\"ad3976d\" data-element_type=\"section\" data-e-type=\"section\">\n\t\t\t\t\t\t<div class=\"elementor-container elementor-column-gap-default\">\n\t\t\t\t\t<div class=\"elementor-column elementor-col-100 elementor-top-column elementor-element elementor-element-1757ca2\" data-id=\"1757ca2\" data-element_type=\"column\" data-e-type=\"column\">\n\t\t\t<div class=\"elementor-widget-wrap elementor-element-populated\">\n\t\t\t\t\t\t<div class=\"elementor-element elementor-element-b74016f elementor-widget elementor-widget-heading\" data-id=\"b74016f\" data-element_type=\"widget\" data-e-type=\"widget\" data-widget_type=\"heading.default\">\n\t\t\t\t<div class=\"elementor-widget-container\">\n\t\t\t\t\t<h2 class=\"elementor-heading-title elementor-size-default\">Ni siquiera la revelaci\u00f3n Dani VK fue capaz de frenar a un Bnet imparable, que concluye un regreso de ensue\u00f1o<\/h2>\t\t\t\t<\/div>\n\t\t\t\t<\/div>\n\t\t\t\t\t<\/div>\n\t\t<\/div>\n\t\t\t\t\t<\/div>\n\t\t<\/section>\n\t\t\t\t<section class=\"elementor-section elementor-top-section elementor-element elementor-element-399376a elementor-section-boxed elementor-section-height-default elementor-section-height-default\" data-id=\"399376a\" data-element_type=\"section\" data-e-type=\"section\">\n\t\t\t\t\t\t<div class=\"elementor-container elementor-column-gap-default\">\n\t\t\t\t\t<div class=\"elementor-column elementor-col-100 elementor-top-column elementor-element elementor-element-7cb3abe\" data-id=\"7cb3abe\" data-element_type=\"column\" data-e-type=\"column\">\n\t\t\t<div class=\"elementor-widget-wrap elementor-element-populated\">\n\t\t\t\t\t\t<div class=\"elementor-element elementor-element-7fc5ac9 elementor-widget elementor-widget-text-editor\" data-id=\"7fc5ac9\" data-element_type=\"widget\" data-e-type=\"widget\" data-widget_type=\"text-editor.default\">\n\t\t\t\t<div class=\"elementor-widget-container\">\n\t\t\t\t\t\t\t\t\t<p>La edici\u00f3n de&nbsp;<a href=\"https:\/\/unaymilletras.com\/en\/chuty-se-corona-en-la-final-internacional-de-red-bull-batalla-2023\/\" target=\"_blank\">Red Bull Batalla de los Gallos<\/a>&nbsp;2025 en Espa\u00f1a no dejo insatisfecho a nadie, ya que los <i>freestylers <\/i>protagonizaron una de las nacionales m\u00e1s disfrutables en los \u00faltimos a\u00f1os.&nbsp;<a href=\"https:\/\/www.redbull.com\/pe-es\/bnet-entrevista-campeon-nacional-2025-batalla-espana\" target=\"_blank\">Bnet&nbsp;<\/a>regresaba a Barcelona, una ciudad con la que ten\u00eda una cuenta pendiente tras no asistir a una fecha de FMS en 2019. Seis a\u00f1os han pasado desde entonces, pero el madrile\u00f1o estuvo igualmente intratable para asegurarse su segundo cintur\u00f3n y un billete para la internacional en Chile.<\/p>\t\t\t\t\t\t\t\t<\/div>\n\t\t\t\t<\/div>\n\t\t\t\t\t<\/div>\n\t\t<\/div>\n\t\t\t\t\t<\/div>\n\t\t<\/section>\n\t\t\t\t<section class=\"elementor-section elementor-top-section elementor-element elementor-element-1a2cfc8 elementor-section-boxed elementor-section-height-default elementor-section-height-default\" data-id=\"1a2cfc8\" data-element_type=\"section\" data-e-type=\"section\">\n\t\t\t\t\t\t<div class=\"elementor-container elementor-column-gap-default\">\n\t\t\t\t\t<div class=\"elementor-column elementor-col-100 elementor-top-column elementor-element elementor-element-129c5ef\" data-id=\"129c5ef\" data-element_type=\"column\" data-e-type=\"column\">\n\t\t\t<div class=\"elementor-widget-wrap elementor-element-populated\">\n\t\t\t\t\t\t<section class=\"elementor-section elementor-inner-section elementor-element elementor-element-d2eb955 elementor-section-boxed elementor-section-height-default elementor-section-height-default\" data-id=\"d2eb955\" data-element_type=\"section\" data-e-type=\"section\">\n\t\t\t\t\t\t<div class=\"elementor-container elementor-column-gap-default\">\n\t\t\t\t\t<div class=\"elementor-column elementor-col-50 elementor-inner-column elementor-element elementor-element-1da67b2\" data-id=\"1da67b2\" data-element_type=\"column\" data-e-type=\"column\">\n\t\t\t<div class=\"elementor-widget-wrap elementor-element-populated\">\n\t\t\t\t\t\t<div class=\"elementor-element elementor-element-1150074 elementor-widget elementor-widget-text-editor\" data-id=\"1150074\" data-element_type=\"widget\" data-e-type=\"widget\" data-widget_type=\"text-editor.default\">\n\t\t\t\t<div class=\"elementor-widget-container\">\n\t\t\t\t\t\t\t\t\t<p>En los octavos se enfrent\u00f3 a Lgido, quien fue el \u00fanico que se atrevi\u00f3 a escogerle, ya que la mayor\u00eda de los rivales en el sorteo prefer\u00edan evitar su cuadro. El almeriense le plant\u00f3 cara y perdi\u00f3 con dignidad ante un Bnet que no pudo comenzar m\u00e1s enchufado. En cuartos super\u00f3 a Nez sin muchas complicaciones y en semifinales domin\u00f3 al subcampe\u00f3n del 2024 Alek.<\/p>\t\t\t\t\t\t\t\t<\/div>\n\t\t\t\t<\/div>\n\t\t\t\t\t<\/div>\n\t\t<\/div>\n\t\t\t\t<div class=\"elementor-column elementor-col-50 elementor-inner-column elementor-element elementor-element-a325a6c\" data-id=\"a325a6c\" data-element_type=\"column\" data-e-type=\"column\">\n\t\t\t<div class=\"elementor-widget-wrap elementor-element-populated\">\n\t\t\t\t\t\t<div class=\"elementor-element elementor-element-21fda3c elementor-widget elementor-widget-text-editor\" data-id=\"21fda3c\" data-element_type=\"widget\" data-e-type=\"widget\" data-widget_type=\"text-editor.default\">\n\t\t\t\t<div class=\"elementor-widget-container\">\n\t\t\t\t\t\t\t\t\t<p>En la final se cruzar\u00eda con el debutante y revelaci\u00f3n del torneo Dani VK. Este super\u00f3 con pol\u00e9mica a NQP al vencerle en una r\u00e9plica cuestionada inicialmente. En cuartos super\u00f3 a Elekipo y antes de la final barri\u00f3 a Fabiuki, que era uno de los claros favoritos. La \u00faltima batalla fue la m\u00e1s igualada de todas, pero Bnet puso el broche de oro con su rima final.<\/p>\t\t\t\t\t\t\t\t<\/div>\n\t\t\t\t<\/div>\n\t\t\t\t\t<\/div>\n\t\t<\/div>\n\t\t\t\t\t<\/div>\n\t\t<\/section>\n\t\t\t\t\t<\/div>\n\t\t<\/div>\n\t\t\t\t\t<\/div>\n\t\t<\/section>\n\t\t\t\t<section class=\"elementor-section elementor-top-section elementor-element elementor-element-ac2bd82 elementor-section-boxed elementor-section-height-default elementor-section-height-default\" data-id=\"ac2bd82\" data-element_type=\"section\" data-e-type=\"section\">\n\t\t\t\t\t\t<div class=\"elementor-container elementor-column-gap-default\">\n\t\t\t\t\t<div class=\"elementor-column elementor-col-100 elementor-top-column elementor-element elementor-element-2bec73c\" data-id=\"2bec73c\" data-element_type=\"column\" data-e-type=\"column\">\n\t\t\t<div class=\"elementor-widget-wrap elementor-element-populated\">\n\t\t\t\t\t\t<div class=\"elementor-element elementor-element-155e134 elementor-widget elementor-widget-image\" data-id=\"155e134\" data-element_type=\"widget\" data-e-type=\"widget\" data-widget_type=\"image.default\">\n\t\t\t\t<div class=\"elementor-widget-container\">\n\t\t\t\t\t\t\t\t\t\t\t\t\t\t\t<img fetchpriority=\"high\" decoding=\"async\" width=\"640\" height=\"730\" src=\"https:\/\/unaymilletras.com\/wp-content\/uploads\/2025\/07\/bnet2-898x1024.jpg\" class=\"attachment-large size-large wp-image-5367\" alt=\"Bnet\" srcset=\"https:\/\/unaymilletras.com\/wp-content\/uploads\/2025\/07\/bnet2-898x1024.jpg 898w, https:\/\/unaymilletras.com\/wp-content\/uploads\/2025\/07\/bnet2-263x300.jpg 263w, https:\/\/unaymilletras.com\/wp-content\/uploads\/2025\/07\/bnet2-768x875.jpg 768w, https:\/\/unaymilletras.com\/wp-content\/uploads\/2025\/07\/bnet2-11x12.jpg 11w, https:\/\/unaymilletras.com\/wp-content\/uploads\/2025\/07\/bnet2-1024x1167.jpg 1024w, https:\/\/unaymilletras.com\/wp-content\/uploads\/2025\/07\/bnet2-e1753240849896.jpg 600w\" sizes=\"(max-width: 640px) 100vw, 640px\" \/>\t\t\t\t\t\t\t\t\t\t\t\t\t\t\t<\/div>\n\t\t\t\t<\/div>\n\t\t\t\t\t<\/div>\n\t\t<\/div>\n\t\t\t\t\t<\/div>\n\t\t<\/section>\n\t\t\t\t<section class=\"elementor-section elementor-top-section elementor-element elementor-element-2205f25 elementor-section-boxed elementor-section-height-default elementor-section-height-default\" data-id=\"2205f25\" data-element_type=\"section\" data-e-type=\"section\">\n\t\t\t\t\t\t<div class=\"elementor-container elementor-column-gap-default\">\n\t\t\t\t\t<div class=\"elementor-column elementor-col-100 elementor-top-column elementor-element elementor-element-657a50c\" data-id=\"657a50c\" data-element_type=\"column\" data-e-type=\"column\">\n\t\t\t<div class=\"elementor-widget-wrap elementor-element-populated\">\n\t\t\t\t\t\t<div class=\"elementor-element elementor-element-3e6af58 elementor-widget elementor-widget-text-editor\" data-id=\"3e6af58\" data-element_type=\"widget\" data-e-type=\"widget\" data-widget_type=\"text-editor.default\">\n\t\t\t\t<div class=\"elementor-widget-container\">\n\t\t\t\t\t\t\t\t\t<p>El p\u00fablico fue muy caluroso con los participantes y se form\u00f3 una atm\u00f3sfera en la que muchos participantes alcanzaron su mejor nivel. Hubo invitados especiales para un formato planteado en la ronda de cuartos, en la que salieron Hamza Zaidi, IlloJu\u00e1n, Spursito y Papi Gavi. Este evento demostr\u00f3 que las batallas, aunque ya no sean la moda principal, siguen siendo un espect\u00e1culo de primera.&nbsp;<\/p>\t\t\t\t\t\t\t\t<\/div>\n\t\t\t\t<\/div>\n\t\t\t\t\t<\/div>\n\t\t<\/div>\n\t\t\t\t\t<\/div>\n\t\t<\/section>\n\t\t\t\t<section class=\"elementor-section elementor-top-section elementor-element elementor-element-7ab6e1f elementor-section-boxed elementor-section-height-default elementor-section-height-default\" data-id=\"7ab6e1f\" data-element_type=\"section\" data-e-type=\"section\">\n\t\t\t\t\t\t<div class=\"elementor-container elementor-column-gap-default\">\n\t\t\t\t\t<div class=\"elementor-column elementor-col-100 elementor-top-column elementor-element elementor-element-a8a7e60\" data-id=\"a8a7e60\" data-element_type=\"column\" data-e-type=\"column\">\n\t\t\t<div class=\"elementor-widget-wrap elementor-element-populated\">\n\t\t\t\t\t\t<div class=\"elementor-element elementor-element-4c895b8 elementor-widget elementor-widget-text-editor\" data-id=\"4c895b8\" data-element_type=\"widget\" data-e-type=\"widget\" data-widget_type=\"text-editor.default\">\n\t\t\t\t<div class=\"elementor-widget-container\">\n\t\t\t\t\t\t\t\t\t<p>El triunfo de Bnet le une a Gazir y Chuty como representantes espa\u00f1oles de la que puede ser una de las finales internacionales m\u00e1s atractivas de la historia. Aunque para ello habr\u00e1 que esperar hasta 2026, porque este a\u00f1o tendr\u00e1 lugar el evento del aniversario de 20 a\u00f1os. El nuevo campe\u00f3n espa\u00f1ol participar\u00e1 junto a otras leyendas y promesas de Red Bull. Muchos usuarios afirman haber recuperado las ganas de ver <i>freestyle <\/i>al escuchar a Bnet y es que esta victoria garantiza que seguir\u00e1 relacionado con el circuito de batallas durante un tiempo.<\/p>\t\t\t\t\t\t\t\t<\/div>\n\t\t\t\t<\/div>\n\t\t\t\t\t<\/div>\n\t\t<\/div>\n\t\t\t\t\t<\/div>\n\t\t<\/section>\n\t\t\t\t<\/div>","protected":false},"excerpt":{"rendered":"<p>Ni siquiera la revelaci\u00f3n Dani VK fue capaz de frenar a un Bnet imparable, que concluye un regreso de ensue\u00f1o La edici\u00f3n de&nbsp;Red Bull Batalla de los Gallos&nbsp;2025 en Espa\u00f1a no dejo insatisfecho a nadie, ya que los freestylers protagonizaron una de las nacionales m\u00e1s disfrutables en los \u00faltimos a\u00f1os.&nbsp;Bnet&nbsp;regresaba a Barcelona, una ciudad con [&hellip;]<\/p>\n","protected":false},"author":10,"featured_media":5366,"comment_status":"closed","ping_status":"closed","sticky":false,"template":"","format":"standard","meta":{"footnotes":""},"categories":[119],"tags":[210,207,208,178,214,211,213,209],"class_list":["post-5364","post","type-post","status-publish","format-standard","has-post-thumbnail","hentry","category-eventos","tag-batalla-de-gallos","tag-bnet","tag-dani-vk","tag-espana","tag-final-nacional","tag-freestyle","tag-hip-hop","tag-red-bull-batalla"],"yoast_head":"<!-- This site is optimized with the Yoast SEO plugin v27.4 - https:\/\/yoast.com\/product\/yoast-seo-wordpress\/ -->\n<title>Bnet se convierte en bicampe\u00f3n nacional de Red Bull Batalla &#8902; Una y Mil Letras<\/title>\n<meta name=\"description\" content=\"Ni siquiera la revelaci\u00f3n del evento Dani VK fue capaz de frenar a un Bnet imparable\u200b que concluye un regreso de ensue\u00f1o\" \/>\n<meta name=\"robots\" content=\"index, follow, max-snippet:-1, max-image-preview:large, max-video-preview:-1\" \/>\n<link rel=\"canonical\" href=\"https:\/\/unaymilletras.com\/en\/bnet-se-convierte-en-bicampeon-nacional-de-red-bull-batalla\/\" \/>\n<meta property=\"og:locale\" content=\"en_GB\" \/>\n<meta property=\"og:type\" content=\"article\" \/>\n<meta property=\"og:title\" content=\"Bnet se convierte en bicampe\u00f3n nacional de Red Bull Batalla &#8902; Una y Mil Letras\" \/>\n<meta property=\"og:description\" content=\"Ni siquiera la revelaci\u00f3n del evento Dani VK fue capaz de frenar a un Bnet imparable\u200b que concluye un regreso de ensue\u00f1o\" \/>\n<meta property=\"og:url\" content=\"https:\/\/unaymilletras.com\/en\/bnet-se-convierte-en-bicampeon-nacional-de-red-bull-batalla\/\" \/>\n<meta property=\"og:site_name\" content=\"Una y Mil Letras\" \/>\n<meta property=\"article:published_time\" content=\"2025-07-23T03:32:16+00:00\" \/>\n<meta property=\"article:modified_time\" content=\"2025-07-23T03:35:25+00:00\" \/>\n<meta property=\"og:image\" content=\"http:\/\/unaymilletras.com\/wp-content\/uploads\/2025\/07\/Bnet-e1753240892324.jpg\" \/>\n\t<meta property=\"og:image:width\" content=\"600\" \/>\n\t<meta property=\"og:image:height\" content=\"750\" \/>\n\t<meta property=\"og:image:type\" content=\"image\/jpeg\" \/>\n<meta name=\"author\" content=\"David Hern\u00e1ndez\" \/>\n<meta name=\"twitter:card\" content=\"summary_large_image\" \/>\n<meta name=\"twitter:creator\" content=\"@UnaYMilLetras\" \/>\n<meta name=\"twitter:site\" content=\"@UnaYMilLetras\" \/>\n<meta name=\"twitter:label1\" content=\"Written by\" \/>\n\t<meta name=\"twitter:data1\" content=\"David Hern\u00e1ndez\" \/>\n\t<meta name=\"twitter:label2\" content=\"Estimated reading time\" \/>\n\t<meta name=\"twitter:data2\" content=\"3 minutes\" \/>\n<script type=\"application\/ld+json\" class=\"yoast-schema-graph\">{\"@context\":\"https:\\\/\\\/schema.org\",\"@graph\":[{\"@type\":\"Article\",\"@id\":\"https:\\\/\\\/unaymilletras.com\\\/bnet-se-convierte-en-bicampeon-nacional-de-red-bull-batalla\\\/#article\",\"isPartOf\":{\"@id\":\"https:\\\/\\\/unaymilletras.com\\\/bnet-se-convierte-en-bicampeon-nacional-de-red-bull-batalla\\\/\"},\"author\":{\"name\":\"David Hern\u00e1ndez\",\"@id\":\"http:\\\/\\\/unaymilletras.com\\\/#\\\/schema\\\/person\\\/0c171c80bc49a58d7a8ed3394548370c\"},\"headline\":\"Bnet se convierte en bicampe\u00f3n nacional de Red Bull Batalla\",\"datePublished\":\"2025-07-23T03:32:16+00:00\",\"dateModified\":\"2025-07-23T03:35:25+00:00\",\"mainEntityOfPage\":{\"@id\":\"https:\\\/\\\/unaymilletras.com\\\/bnet-se-convierte-en-bicampeon-nacional-de-red-bull-batalla\\\/\"},\"wordCount\":429,\"publisher\":{\"@id\":\"http:\\\/\\\/unaymilletras.com\\\/#organization\"},\"image\":{\"@id\":\"https:\\\/\\\/unaymilletras.com\\\/bnet-se-convierte-en-bicampeon-nacional-de-red-bull-batalla\\\/#primaryimage\"},\"thumbnailUrl\":\"https:\\\/\\\/unaymilletras.com\\\/wp-content\\\/uploads\\\/2025\\\/07\\\/Bnet-e1753240892324.jpg\",\"keywords\":[\"Batalla de Gallos\",\"Bnet\",\"Dani VK\",\"Espa\u00f1a\",\"Final nacional\",\"Freestyle\",\"Hip Hop\",\"Red Bull Batalla\"],\"articleSection\":[\"Eventos\"],\"inLanguage\":\"en-GB\"},{\"@type\":\"WebPage\",\"@id\":\"https:\\\/\\\/unaymilletras.com\\\/bnet-se-convierte-en-bicampeon-nacional-de-red-bull-batalla\\\/\",\"url\":\"https:\\\/\\\/unaymilletras.com\\\/bnet-se-convierte-en-bicampeon-nacional-de-red-bull-batalla\\\/\",\"name\":\"Bnet se convierte en bicampe\u00f3n nacional de Red Bull Batalla &#8902; Una y Mil Letras\",\"isPartOf\":{\"@id\":\"http:\\\/\\\/unaymilletras.com\\\/#website\"},\"primaryImageOfPage\":{\"@id\":\"https:\\\/\\\/unaymilletras.com\\\/bnet-se-convierte-en-bicampeon-nacional-de-red-bull-batalla\\\/#primaryimage\"},\"image\":{\"@id\":\"https:\\\/\\\/unaymilletras.com\\\/bnet-se-convierte-en-bicampeon-nacional-de-red-bull-batalla\\\/#primaryimage\"},\"thumbnailUrl\":\"https:\\\/\\\/unaymilletras.com\\\/wp-content\\\/uploads\\\/2025\\\/07\\\/Bnet-e1753240892324.jpg\",\"datePublished\":\"2025-07-23T03:32:16+00:00\",\"dateModified\":\"2025-07-23T03:35:25+00:00\",\"description\":\"Ni siquiera la revelaci\u00f3n del evento Dani VK fue capaz de frenar a un Bnet imparable\u200b que concluye un regreso de ensue\u00f1o\",\"breadcrumb\":{\"@id\":\"https:\\\/\\\/unaymilletras.com\\\/bnet-se-convierte-en-bicampeon-nacional-de-red-bull-batalla\\\/#breadcrumb\"},\"inLanguage\":\"en-GB\",\"potentialAction\":[{\"@type\":\"ReadAction\",\"target\":[\"https:\\\/\\\/unaymilletras.com\\\/bnet-se-convierte-en-bicampeon-nacional-de-red-bull-batalla\\\/\"]}]},{\"@type\":\"ImageObject\",\"inLanguage\":\"en-GB\",\"@id\":\"https:\\\/\\\/unaymilletras.com\\\/bnet-se-convierte-en-bicampeon-nacional-de-red-bull-batalla\\\/#primaryimage\",\"url\":\"https:\\\/\\\/unaymilletras.com\\\/wp-content\\\/uploads\\\/2025\\\/07\\\/Bnet-e1753240892324.jpg\",\"contentUrl\":\"https:\\\/\\\/unaymilletras.com\\\/wp-content\\\/uploads\\\/2025\\\/07\\\/Bnet-e1753240892324.jpg\",\"width\":600,\"height\":750,\"caption\":\"Bnet\"},{\"@type\":\"BreadcrumbList\",\"@id\":\"https:\\\/\\\/unaymilletras.com\\\/bnet-se-convierte-en-bicampeon-nacional-de-red-bull-batalla\\\/#breadcrumb\",\"itemListElement\":[{\"@type\":\"ListItem\",\"position\":1,\"name\":\"Home\",\"item\":\"http:\\\/\\\/unaymilletras.com\\\/\"},{\"@type\":\"ListItem\",\"position\":2,\"name\":\"Bnet se convierte en bicampe\u00f3n nacional de Red Bull Batalla\"}]},{\"@type\":\"WebSite\",\"@id\":\"http:\\\/\\\/unaymilletras.com\\\/#website\",\"url\":\"http:\\\/\\\/unaymilletras.com\\\/\",\"name\":\"Una y Mil Letras\",\"description\":\"\",\"publisher\":{\"@id\":\"http:\\\/\\\/unaymilletras.com\\\/#organization\"},\"potentialAction\":[{\"@type\":\"SearchAction\",\"target\":{\"@type\":\"EntryPoint\",\"urlTemplate\":\"http:\\\/\\\/unaymilletras.com\\\/?s={search_term_string}\"},\"query-input\":{\"@type\":\"PropertyValueSpecification\",\"valueRequired\":true,\"valueName\":\"search_term_string\"}}],\"inLanguage\":\"en-GB\"},{\"@type\":\"Organization\",\"@id\":\"http:\\\/\\\/unaymilletras.com\\\/#organization\",\"name\":\"Una y Mil Letras\",\"url\":\"http:\\\/\\\/unaymilletras.com\\\/\",\"logo\":{\"@type\":\"ImageObject\",\"inLanguage\":\"en-GB\",\"@id\":\"http:\\\/\\\/unaymilletras.com\\\/#\\\/schema\\\/logo\\\/image\\\/\",\"url\":\"https:\\\/\\\/unaymilletras.com\\\/wp-content\\\/uploads\\\/2024\\\/06\\\/cropped-Logo-removebg-preview.png\",\"contentUrl\":\"https:\\\/\\\/unaymilletras.com\\\/wp-content\\\/uploads\\\/2024\\\/06\\\/cropped-Logo-removebg-preview.png\",\"width\":512,\"height\":512,\"caption\":\"Una y Mil Letras\"},\"image\":{\"@id\":\"http:\\\/\\\/unaymilletras.com\\\/#\\\/schema\\\/logo\\\/image\\\/\"},\"sameAs\":[\"https:\\\/\\\/x.com\\\/UnaYMilLetras\",\"https:\\\/\\\/instagram.com\\\/UnaYMilLetras\"]},{\"@type\":\"Person\",\"@id\":\"http:\\\/\\\/unaymilletras.com\\\/#\\\/schema\\\/person\\\/0c171c80bc49a58d7a8ed3394548370c\",\"name\":\"David Hern\u00e1ndez\",\"image\":{\"@type\":\"ImageObject\",\"inLanguage\":\"en-GB\",\"@id\":\"https:\\\/\\\/secure.gravatar.com\\\/avatar\\\/86739d73874dcbc11e4278af33fb905704f5c29329727efb3b0e0bc838b0d469?s=96&d=mm&r=g\",\"url\":\"https:\\\/\\\/secure.gravatar.com\\\/avatar\\\/86739d73874dcbc11e4278af33fb905704f5c29329727efb3b0e0bc838b0d469?s=96&d=mm&r=g\",\"contentUrl\":\"https:\\\/\\\/secure.gravatar.com\\\/avatar\\\/86739d73874dcbc11e4278af33fb905704f5c29329727efb3b0e0bc838b0d469?s=96&d=mm&r=g\",\"caption\":\"David Hern\u00e1ndez\"},\"url\":\"https:\\\/\\\/unaymilletras.com\\\/en\\\/author\\\/davidesel\\\/\"}]}<\/script>\n<!-- \/ Yoast SEO plugin. -->","yoast_head_json":{"title":"Bnet se convierte en bicampe\u00f3n nacional de Red Bull Batalla &#8902; Una y Mil Letras","description":"Ni siquiera la revelaci\u00f3n del evento Dani VK fue capaz de frenar a un Bnet imparable\u200b que concluye un regreso de ensue\u00f1o","robots":{"index":"index","follow":"follow","max-snippet":"max-snippet:-1","max-image-preview":"max-image-preview:large","max-video-preview":"max-video-preview:-1"},"canonical":"https:\/\/unaymilletras.com\/en\/bnet-se-convierte-en-bicampeon-nacional-de-red-bull-batalla\/","og_locale":"en_GB","og_type":"article","og_title":"Bnet se convierte en bicampe\u00f3n nacional de Red Bull Batalla &#8902; Una y Mil Letras","og_description":"Ni siquiera la revelaci\u00f3n del evento Dani VK fue capaz de frenar a un Bnet imparable\u200b que concluye un regreso de ensue\u00f1o","og_url":"https:\/\/unaymilletras.com\/en\/bnet-se-convierte-en-bicampeon-nacional-de-red-bull-batalla\/","og_site_name":"Una y Mil Letras","article_published_time":"2025-07-23T03:32:16+00:00","article_modified_time":"2025-07-23T03:35:25+00:00","og_image":[{"width":600,"height":750,"url":"http:\/\/unaymilletras.com\/wp-content\/uploads\/2025\/07\/Bnet-e1753240892324.jpg","type":"image\/jpeg"}],"author":"David Hern\u00e1ndez","twitter_card":"summary_large_image","twitter_creator":"@UnaYMilLetras","twitter_site":"@UnaYMilLetras","twitter_misc":{"Written by":"David Hern\u00e1ndez","Estimated reading time":"3 minutes"},"schema":{"@context":"https:\/\/schema.org","@graph":[{"@type":"Article","@id":"https:\/\/unaymilletras.com\/bnet-se-convierte-en-bicampeon-nacional-de-red-bull-batalla\/#article","isPartOf":{"@id":"https:\/\/unaymilletras.com\/bnet-se-convierte-en-bicampeon-nacional-de-red-bull-batalla\/"},"author":{"name":"David Hern\u00e1ndez","@id":"http:\/\/unaymilletras.com\/#\/schema\/person\/0c171c80bc49a58d7a8ed3394548370c"},"headline":"Bnet se convierte en bicampe\u00f3n nacional de Red Bull Batalla","datePublished":"2025-07-23T03:32:16+00:00","dateModified":"2025-07-23T03:35:25+00:00","mainEntityOfPage":{"@id":"https:\/\/unaymilletras.com\/bnet-se-convierte-en-bicampeon-nacional-de-red-bull-batalla\/"},"wordCount":429,"publisher":{"@id":"http:\/\/unaymilletras.com\/#organization"},"image":{"@id":"https:\/\/unaymilletras.com\/bnet-se-convierte-en-bicampeon-nacional-de-red-bull-batalla\/#primaryimage"},"thumbnailUrl":"https:\/\/unaymilletras.com\/wp-content\/uploads\/2025\/07\/Bnet-e1753240892324.jpg","keywords":["Batalla de Gallos","Bnet","Dani VK","Espa\u00f1a","Final nacional","Freestyle","Hip Hop","Red Bull Batalla"],"articleSection":["Eventos"],"inLanguage":"en-GB"},{"@type":"WebPage","@id":"https:\/\/unaymilletras.com\/bnet-se-convierte-en-bicampeon-nacional-de-red-bull-batalla\/","url":"https:\/\/unaymilletras.com\/bnet-se-convierte-en-bicampeon-nacional-de-red-bull-batalla\/","name":"Bnet se convierte en bicampe\u00f3n nacional de Red Bull Batalla &#8902; Una y Mil Letras","isPartOf":{"@id":"http:\/\/unaymilletras.com\/#website"},"primaryImageOfPage":{"@id":"https:\/\/unaymilletras.com\/bnet-se-convierte-en-bicampeon-nacional-de-red-bull-batalla\/#primaryimage"},"image":{"@id":"https:\/\/unaymilletras.com\/bnet-se-convierte-en-bicampeon-nacional-de-red-bull-batalla\/#primaryimage"},"thumbnailUrl":"https:\/\/unaymilletras.com\/wp-content\/uploads\/2025\/07\/Bnet-e1753240892324.jpg","datePublished":"2025-07-23T03:32:16+00:00","dateModified":"2025-07-23T03:35:25+00:00","description":"Ni siquiera la revelaci\u00f3n del evento Dani VK fue capaz de frenar a un Bnet imparable\u200b que concluye un regreso de ensue\u00f1o","breadcrumb":{"@id":"https:\/\/unaymilletras.com\/bnet-se-convierte-en-bicampeon-nacional-de-red-bull-batalla\/#breadcrumb"},"inLanguage":"en-GB","potentialAction":[{"@type":"ReadAction","target":["https:\/\/unaymilletras.com\/bnet-se-convierte-en-bicampeon-nacional-de-red-bull-batalla\/"]}]},{"@type":"ImageObject","inLanguage":"en-GB","@id":"https:\/\/unaymilletras.com\/bnet-se-convierte-en-bicampeon-nacional-de-red-bull-batalla\/#primaryimage","url":"https:\/\/unaymilletras.com\/wp-content\/uploads\/2025\/07\/Bnet-e1753240892324.jpg","contentUrl":"https:\/\/unaymilletras.com\/wp-content\/uploads\/2025\/07\/Bnet-e1753240892324.jpg","width":600,"height":750,"caption":"Bnet"},{"@type":"BreadcrumbList","@id":"https:\/\/unaymilletras.com\/bnet-se-convierte-en-bicampeon-nacional-de-red-bull-batalla\/#breadcrumb","itemListElement":[{"@type":"ListItem","position":1,"name":"Home","item":"http:\/\/unaymilletras.com\/"},{"@type":"ListItem","position":2,"name":"Bnet se convierte en bicampe\u00f3n nacional de Red Bull Batalla"}]},{"@type":"WebSite","@id":"http:\/\/unaymilletras.com\/#website","url":"http:\/\/unaymilletras.com\/","name":"Una y Mil Letras","description":"","publisher":{"@id":"http:\/\/unaymilletras.com\/#organization"},"potentialAction":[{"@type":"SearchAction","target":{"@type":"EntryPoint","urlTemplate":"http:\/\/unaymilletras.com\/?s={search_term_string}"},"query-input":{"@type":"PropertyValueSpecification","valueRequired":true,"valueName":"search_term_string"}}],"inLanguage":"en-GB"},{"@type":"Organization","@id":"http:\/\/unaymilletras.com\/#organization","name":"Una y Mil Letras","url":"http:\/\/unaymilletras.com\/","logo":{"@type":"ImageObject","inLanguage":"en-GB","@id":"http:\/\/unaymilletras.com\/#\/schema\/logo\/image\/","url":"https:\/\/unaymilletras.com\/wp-content\/uploads\/2024\/06\/cropped-Logo-removebg-preview.png","contentUrl":"https:\/\/unaymilletras.com\/wp-content\/uploads\/2024\/06\/cropped-Logo-removebg-preview.png","width":512,"height":512,"caption":"Una y Mil Letras"},"image":{"@id":"http:\/\/unaymilletras.com\/#\/schema\/logo\/image\/"},"sameAs":["https:\/\/x.com\/UnaYMilLetras","https:\/\/instagram.com\/UnaYMilLetras"]},{"@type":"Person","@id":"http:\/\/unaymilletras.com\/#\/schema\/person\/0c171c80bc49a58d7a8ed3394548370c","name":"David Hern\u00e1ndez","image":{"@type":"ImageObject","inLanguage":"en-GB","@id":"https:\/\/secure.gravatar.com\/avatar\/86739d73874dcbc11e4278af33fb905704f5c29329727efb3b0e0bc838b0d469?s=96&d=mm&r=g","url":"https:\/\/secure.gravatar.com\/avatar\/86739d73874dcbc11e4278af33fb905704f5c29329727efb3b0e0bc838b0d469?s=96&d=mm&r=g","contentUrl":"https:\/\/secure.gravatar.com\/avatar\/86739d73874dcbc11e4278af33fb905704f5c29329727efb3b0e0bc838b0d469?s=96&d=mm&r=g","caption":"David Hern\u00e1ndez"},"url":"https:\/\/unaymilletras.com\/en\/author\/davidesel\/"}]}},"_links":{"self":[{"href":"https:\/\/unaymilletras.com\/en\/wp-json\/wp\/v2\/posts\/5364","targetHints":{"allow":["GET"]}}],"collection":[{"href":"https:\/\/unaymilletras.com\/en\/wp-json\/wp\/v2\/posts"}],"about":[{"href":"https:\/\/unaymilletras.com\/en\/wp-json\/wp\/v2\/types\/post"}],"author":[{"embeddable":true,"href":"https:\/\/unaymilletras.com\/en\/wp-json\/wp\/v2\/users\/10"}],"replies":[{"embeddable":true,"href":"https:\/\/unaymilletras.com\/en\/wp-json\/wp\/v2\/comments?post=5364"}],"version-history":[{"count":13,"href":"https:\/\/unaymilletras.com\/en\/wp-json\/wp\/v2\/posts\/5364\/revisions"}],"predecessor-version":[{"id":5380,"href":"https:\/\/unaymilletras.com\/en\/wp-json\/wp\/v2\/posts\/5364\/revisions\/5380"}],"wp:featuredmedia":[{"embeddable":true,"href":"https:\/\/unaymilletras.com\/en\/wp-json\/wp\/v2\/media\/5366"}],"wp:attachment":[{"href":"https:\/\/unaymilletras.com\/en\/wp-json\/wp\/v2\/media?parent=5364"}],"wp:term":[{"taxonomy":"category","embeddable":true,"href":"https:\/\/unaymilletras.com\/en\/wp-json\/wp\/v2\/categories?post=5364"},{"taxonomy":"post_tag","embeddable":true,"href":"https:\/\/unaymilletras.com\/en\/wp-json\/wp\/v2\/tags?post=5364"}],"curies":[{"name":"wp","href":"https:\/\/api.w.org\/{rel}","templated":true}]}}