{"id":5382,"date":"2025-07-29T10:19:48","date_gmt":"2025-07-29T08:19:48","guid":{"rendered":"https:\/\/unaymilletras.com\/?p=5382"},"modified":"2025-07-29T10:22:16","modified_gmt":"2025-07-29T08:22:16","slug":"todo-listo-para-sonrias-baixas-2025-la-raiz-sen-senra-y-alizzz-entre-otros","status":"publish","type":"post","link":"https:\/\/unaymilletras.com\/en\/todo-listo-para-sonrias-baixas-2025-la-raiz-sen-senra-y-alizzz-entre-otros\/","title":{"rendered":"Todo listo para SonR\u00edas Baixas 2025: La Ra\u00edz, Sen Senra y Alizzz entre otros"},"content":{"rendered":"<div data-elementor-type=\"wp-post\" data-elementor-id=\"5382\" class=\"elementor elementor-5382\">\n\t\t\t\t\t\t<section class=\"elementor-section elementor-top-section elementor-element elementor-element-f688c24 elementor-section-boxed elementor-section-height-default elementor-section-height-default\" data-id=\"f688c24\" data-element_type=\"section\" data-e-type=\"section\">\n\t\t\t\t\t\t<div class=\"elementor-container elementor-column-gap-default\">\n\t\t\t\t\t<div class=\"elementor-column elementor-col-100 elementor-top-column elementor-element elementor-element-66e90f4\" data-id=\"66e90f4\" data-element_type=\"column\" data-e-type=\"column\">\n\t\t\t<div class=\"elementor-widget-wrap elementor-element-populated\">\n\t\t\t\t\t\t<div class=\"elementor-element elementor-element-de84ada elementor-widget elementor-widget-text-editor\" data-id=\"de84ada\" data-element_type=\"widget\" data-e-type=\"widget\" data-widget_type=\"text-editor.default\">\n\t\t\t\t<div class=\"elementor-widget-container\">\n\t\t\t\t\t\t\t\t\t<h2 style=\"text-align: center;\"><span style=\"color: #808080;\"><em>El festival SonR\u00edas Baixas 2025 arranca este jueves con tres d\u00edas de m\u00fasica en directo, gastronom\u00eda local y ambiente junto al mar<\/em><\/span><\/h2>\t\t\t\t\t\t\t\t<\/div>\n\t\t\t\t<\/div>\n\t\t\t\t\t<\/div>\n\t\t<\/div>\n\t\t\t\t\t<\/div>\n\t\t<\/section>\n\t\t\t\t<section class=\"elementor-section elementor-top-section elementor-element elementor-element-385ecd5 elementor-section-boxed elementor-section-height-default elementor-section-height-default\" data-id=\"385ecd5\" data-element_type=\"section\" data-e-type=\"section\">\n\t\t\t\t\t\t<div class=\"elementor-container elementor-column-gap-default\">\n\t\t\t\t\t<div class=\"elementor-column elementor-col-100 elementor-top-column elementor-element elementor-element-9c73fb8\" data-id=\"9c73fb8\" data-element_type=\"column\" data-e-type=\"column\">\n\t\t\t<div class=\"elementor-widget-wrap elementor-element-populated\">\n\t\t\t\t\t\t<div class=\"elementor-element elementor-element-7f52348 elementor-widget elementor-widget-text-editor\" data-id=\"7f52348\" data-element_type=\"widget\" data-e-type=\"widget\" data-widget_type=\"text-editor.default\">\n\t\t\t\t<div class=\"elementor-widget-container\">\n\t\t\t\t\t\t\t\t\t<p data-start=\"387\" data-end=\"610\">Bueu se prepara para vivir uno de los fines de semana m\u00e1s esperados del verano. Este jueves 1 de agosto arranca SonR\u00edas Baixas 2025, que traer\u00e1 durante tres d\u00edas a algunos de los artistas m\u00e1s destacados del panorama actual.<\/p><p data-start=\"612\" data-end=\"942\">Entre los cabezas de cartel est\u00e1 La Ra\u00edz, que regresa a los escenarios tras una larga pausa. El grupo ofrecer\u00e1 en Bueu una de sus pocas actuaciones del a\u00f1o. Sen Senra, por su parte, actuar\u00e1 en su tierra con un directo muy especial. Alizzz y Dani Fern\u00e1ndez tambi\u00e9n forman parte del cartel, con shows exclusivos en Galicia este a\u00f1o.<\/p>\t\t\t\t\t\t\t\t<\/div>\n\t\t\t\t<\/div>\n\t\t\t\t\t<\/div>\n\t\t<\/div>\n\t\t\t\t\t<\/div>\n\t\t<\/section>\n\t\t\t\t<section class=\"elementor-section elementor-top-section elementor-element elementor-element-a507986 elementor-section-boxed elementor-section-height-default elementor-section-height-default\" data-id=\"a507986\" data-element_type=\"section\" data-e-type=\"section\">\n\t\t\t\t\t\t<div class=\"elementor-container elementor-column-gap-default\">\n\t\t\t\t\t<div class=\"elementor-column elementor-col-100 elementor-top-column elementor-element elementor-element-39c6e5b\" data-id=\"39c6e5b\" data-element_type=\"column\" data-e-type=\"column\">\n\t\t\t<div class=\"elementor-widget-wrap elementor-element-populated\">\n\t\t\t\t\t\t<div class=\"elementor-element elementor-element-a5b7ad7 elementor-widget elementor-widget-image\" data-id=\"a5b7ad7\" data-element_type=\"widget\" data-e-type=\"widget\" data-widget_type=\"image.default\">\n\t\t\t\t<div class=\"elementor-widget-container\">\n\t\t\t\t\t\t\t\t\t\t\t\t\t\t\t<img fetchpriority=\"high\" decoding=\"async\" width=\"640\" height=\"905\" src=\"https:\/\/unaymilletras.com\/wp-content\/uploads\/2025\/07\/cartel-SonRias-Baixas-2025-724x1024.jpg\" class=\"attachment-large size-large wp-image-5384\" alt=\"SonR\u00edas Baixas\" srcset=\"https:\/\/unaymilletras.com\/wp-content\/uploads\/2025\/07\/cartel-SonRias-Baixas-2025-724x1024.jpg 724w, https:\/\/unaymilletras.com\/wp-content\/uploads\/2025\/07\/cartel-SonRias-Baixas-2025-212x300.jpg 212w, https:\/\/unaymilletras.com\/wp-content\/uploads\/2025\/07\/cartel-SonRias-Baixas-2025-768x1087.jpg 768w, https:\/\/unaymilletras.com\/wp-content\/uploads\/2025\/07\/cartel-SonRias-Baixas-2025-8x12.jpg 8w, https:\/\/unaymilletras.com\/wp-content\/uploads\/2025\/07\/cartel-SonRias-Baixas-2025-1024x1449.jpg 1024w, https:\/\/unaymilletras.com\/wp-content\/uploads\/2025\/07\/cartel-SonRias-Baixas-2025-e1753777311699.jpg 600w\" sizes=\"(max-width: 640px) 100vw, 640px\" \/>\t\t\t\t\t\t\t\t\t\t\t\t\t\t\t<\/div>\n\t\t\t\t<\/div>\n\t\t\t\t\t<\/div>\n\t\t<\/div>\n\t\t\t\t\t<\/div>\n\t\t<\/section>\n\t\t\t\t<section class=\"elementor-section elementor-top-section elementor-element elementor-element-4050107 elementor-section-boxed elementor-section-height-default elementor-section-height-default\" data-id=\"4050107\" data-element_type=\"section\" data-e-type=\"section\">\n\t\t\t\t\t\t<div class=\"elementor-container elementor-column-gap-default\">\n\t\t\t\t\t<div class=\"elementor-column elementor-col-100 elementor-top-column elementor-element elementor-element-bbff23b\" data-id=\"bbff23b\" data-element_type=\"column\" data-e-type=\"column\">\n\t\t\t<div class=\"elementor-widget-wrap elementor-element-populated\">\n\t\t\t\t\t\t<div class=\"elementor-element elementor-element-7a90a02 elementor-widget elementor-widget-text-editor\" data-id=\"7a90a02\" data-element_type=\"widget\" data-e-type=\"widget\" data-widget_type=\"text-editor.default\">\n\t\t\t\t<div class=\"elementor-widget-container\">\n\t\t\t\t\t\t\t\t\t<p data-start=\"944\" data-end=\"1162\">El festival acoger\u00e1 adem\u00e1s a artistas como Rels B, Fillas de Cassandra, Leo Rizzi, Boyanka Kostova, Maruja Lim\u00f3n o Eskorzo. En total, m\u00e1s de 20 actuaciones convertir\u00e1n a Bueu en el epicentro musical de las R\u00edas Baixas.<\/p><p data-start=\"1164\" data-end=\"1394\">Adem\u00e1s de la m\u00fasica, SonR\u00edas Baixas apuesta por un modelo de festival sostenible, con gastronom\u00eda gallega, conexi\u00f3n con el entorno y propuestas solidarias. El evento se celebra a escasos metros del mar, en un entorno privilegiado.<\/p><p data-start=\"1396\" data-end=\"1540\" data-is-last-node=\"\" data-is-only-node=\"\">Las entradas todav\u00eda est\u00e1n disponibles en la web del festival. Quedan pocos d\u00edas para que d\u00e9 comienzo una de las citas m\u00e1s vibrantes del verano.<\/p>\t\t\t\t\t\t\t\t<\/div>\n\t\t\t\t<\/div>\n\t\t\t\t\t<\/div>\n\t\t<\/div>\n\t\t\t\t\t<\/div>\n\t\t<\/section>\n\t\t\t\t<\/div>","protected":false},"excerpt":{"rendered":"<p>El festival SonR\u00edas Baixas 2025 arranca este jueves con tres d\u00edas de m\u00fasica en directo, gastronom\u00eda local y ambiente junto al mar Bueu se prepara para vivir uno de los fines de semana m\u00e1s esperados del verano. Este jueves 1 de agosto arranca SonR\u00edas Baixas 2025, que traer\u00e1 durante tres d\u00edas a algunos de los [&hellip;]<\/p>\n","protected":false},"author":6,"featured_media":5384,"comment_status":"closed","ping_status":"closed","sticky":false,"template":"","format":"standard","meta":{"footnotes":""},"categories":[4],"tags":[],"class_list":["post-5382","post","type-post","status-publish","format-standard","has-post-thumbnail","hentry","category-musica"],"yoast_head":"<!-- This site is optimized with the Yoast SEO plugin v27.4 - https:\/\/yoast.com\/product\/yoast-seo-wordpress\/ -->\n<title>Todo listo para SonR\u00edas Baixas 2025: La Ra\u00edz, Sen Senra y Alizzz entre otros<\/title>\n<meta name=\"description\" content=\"El festival SonR\u00edas Baixas 2025 arranca este jueves con tres d\u00edas de m\u00fasica en directo, gastronom\u00eda local y ambiente junto al mar\" \/>\n<meta name=\"robots\" content=\"index, follow, max-snippet:-1, max-image-preview:large, max-video-preview:-1\" \/>\n<link rel=\"canonical\" href=\"https:\/\/unaymilletras.com\/en\/todo-listo-para-sonrias-baixas-2025-la-raiz-sen-senra-y-alizzz-entre-otros\/\" \/>\n<meta property=\"og:locale\" content=\"en_GB\" \/>\n<meta property=\"og:type\" content=\"article\" \/>\n<meta property=\"og:title\" content=\"Todo listo para SonR\u00edas Baixas 2025: La Ra\u00edz, Sen Senra y Alizzz entre otros\" \/>\n<meta property=\"og:description\" content=\"El festival SonR\u00edas Baixas 2025 arranca este jueves con tres d\u00edas de m\u00fasica en directo, gastronom\u00eda local y ambiente junto al mar\" \/>\n<meta property=\"og:url\" content=\"https:\/\/unaymilletras.com\/en\/todo-listo-para-sonrias-baixas-2025-la-raiz-sen-senra-y-alizzz-entre-otros\/\" \/>\n<meta property=\"og:site_name\" content=\"Una y Mil Letras\" \/>\n<meta property=\"article:published_time\" content=\"2025-07-29T08:19:48+00:00\" \/>\n<meta property=\"article:modified_time\" content=\"2025-07-29T08:22:16+00:00\" \/>\n<meta property=\"og:image\" content=\"http:\/\/unaymilletras.com\/wp-content\/uploads\/2025\/07\/cartel-SonRias-Baixas-2025-e1753777311699.jpg\" \/>\n\t<meta property=\"og:image:width\" content=\"600\" \/>\n\t<meta property=\"og:image:height\" content=\"849\" \/>\n\t<meta property=\"og:image:type\" content=\"image\/jpeg\" \/>\n<meta name=\"author\" content=\"Redacci\u00f3n\" \/>\n<meta name=\"twitter:card\" content=\"summary_large_image\" \/>\n<meta name=\"twitter:creator\" content=\"@UnaYMilLetras\" \/>\n<meta name=\"twitter:site\" content=\"@UnaYMilLetras\" \/>\n<meta name=\"twitter:label1\" content=\"Written by\" \/>\n\t<meta name=\"twitter:data1\" content=\"Redacci\u00f3n\" \/>\n\t<meta name=\"twitter:label2\" content=\"Estimated reading time\" \/>\n\t<meta name=\"twitter:data2\" content=\"2 minutes\" \/>\n<script type=\"application\/ld+json\" class=\"yoast-schema-graph\">{\"@context\":\"https:\\\/\\\/schema.org\",\"@graph\":[{\"@type\":\"Article\",\"@id\":\"https:\\\/\\\/unaymilletras.com\\\/todo-listo-para-sonrias-baixas-2025-la-raiz-sen-senra-y-alizzz-entre-otros\\\/#article\",\"isPartOf\":{\"@id\":\"https:\\\/\\\/unaymilletras.com\\\/todo-listo-para-sonrias-baixas-2025-la-raiz-sen-senra-y-alizzz-entre-otros\\\/\"},\"author\":{\"name\":\"Redacci\u00f3n\",\"@id\":\"http:\\\/\\\/unaymilletras.com\\\/#\\\/schema\\\/person\\\/0860dc8a218329991ee2c7591f4f849d\"},\"headline\":\"Todo listo para SonR\u00edas Baixas 2025: La Ra\u00edz, Sen Senra y Alizzz entre otros\",\"datePublished\":\"2025-07-29T08:19:48+00:00\",\"dateModified\":\"2025-07-29T08:22:16+00:00\",\"mainEntityOfPage\":{\"@id\":\"https:\\\/\\\/unaymilletras.com\\\/todo-listo-para-sonrias-baixas-2025-la-raiz-sen-senra-y-alizzz-entre-otros\\\/\"},\"wordCount\":256,\"publisher\":{\"@id\":\"http:\\\/\\\/unaymilletras.com\\\/#organization\"},\"image\":{\"@id\":\"https:\\\/\\\/unaymilletras.com\\\/todo-listo-para-sonrias-baixas-2025-la-raiz-sen-senra-y-alizzz-entre-otros\\\/#primaryimage\"},\"thumbnailUrl\":\"https:\\\/\\\/unaymilletras.com\\\/wp-content\\\/uploads\\\/2025\\\/07\\\/cartel-SonRias-Baixas-2025-e1753777311699.jpg\",\"articleSection\":[\"M\u00fasica\"],\"inLanguage\":\"en-GB\"},{\"@type\":\"WebPage\",\"@id\":\"https:\\\/\\\/unaymilletras.com\\\/todo-listo-para-sonrias-baixas-2025-la-raiz-sen-senra-y-alizzz-entre-otros\\\/\",\"url\":\"https:\\\/\\\/unaymilletras.com\\\/todo-listo-para-sonrias-baixas-2025-la-raiz-sen-senra-y-alizzz-entre-otros\\\/\",\"name\":\"Todo listo para SonR\u00edas Baixas 2025: La Ra\u00edz, Sen Senra y Alizzz entre otros\",\"isPartOf\":{\"@id\":\"http:\\\/\\\/unaymilletras.com\\\/#website\"},\"primaryImageOfPage\":{\"@id\":\"https:\\\/\\\/unaymilletras.com\\\/todo-listo-para-sonrias-baixas-2025-la-raiz-sen-senra-y-alizzz-entre-otros\\\/#primaryimage\"},\"image\":{\"@id\":\"https:\\\/\\\/unaymilletras.com\\\/todo-listo-para-sonrias-baixas-2025-la-raiz-sen-senra-y-alizzz-entre-otros\\\/#primaryimage\"},\"thumbnailUrl\":\"https:\\\/\\\/unaymilletras.com\\\/wp-content\\\/uploads\\\/2025\\\/07\\\/cartel-SonRias-Baixas-2025-e1753777311699.jpg\",\"datePublished\":\"2025-07-29T08:19:48+00:00\",\"dateModified\":\"2025-07-29T08:22:16+00:00\",\"description\":\"El festival SonR\u00edas Baixas 2025 arranca este jueves con tres d\u00edas de m\u00fasica en directo, gastronom\u00eda local y ambiente junto al mar\",\"breadcrumb\":{\"@id\":\"https:\\\/\\\/unaymilletras.com\\\/todo-listo-para-sonrias-baixas-2025-la-raiz-sen-senra-y-alizzz-entre-otros\\\/#breadcrumb\"},\"inLanguage\":\"en-GB\",\"potentialAction\":[{\"@type\":\"ReadAction\",\"target\":[\"https:\\\/\\\/unaymilletras.com\\\/todo-listo-para-sonrias-baixas-2025-la-raiz-sen-senra-y-alizzz-entre-otros\\\/\"]}]},{\"@type\":\"ImageObject\",\"inLanguage\":\"en-GB\",\"@id\":\"https:\\\/\\\/unaymilletras.com\\\/todo-listo-para-sonrias-baixas-2025-la-raiz-sen-senra-y-alizzz-entre-otros\\\/#primaryimage\",\"url\":\"https:\\\/\\\/unaymilletras.com\\\/wp-content\\\/uploads\\\/2025\\\/07\\\/cartel-SonRias-Baixas-2025-e1753777311699.jpg\",\"contentUrl\":\"https:\\\/\\\/unaymilletras.com\\\/wp-content\\\/uploads\\\/2025\\\/07\\\/cartel-SonRias-Baixas-2025-e1753777311699.jpg\",\"width\":600,\"height\":849,\"caption\":\"SonR\u00edas Baixas\"},{\"@type\":\"BreadcrumbList\",\"@id\":\"https:\\\/\\\/unaymilletras.com\\\/todo-listo-para-sonrias-baixas-2025-la-raiz-sen-senra-y-alizzz-entre-otros\\\/#breadcrumb\",\"itemListElement\":[{\"@type\":\"ListItem\",\"position\":1,\"name\":\"Home\",\"item\":\"http:\\\/\\\/unaymilletras.com\\\/\"},{\"@type\":\"ListItem\",\"position\":2,\"name\":\"Todo listo para SonR\u00edas Baixas 2025: La Ra\u00edz, Sen Senra y Alizzz entre otros\"}]},{\"@type\":\"WebSite\",\"@id\":\"http:\\\/\\\/unaymilletras.com\\\/#website\",\"url\":\"http:\\\/\\\/unaymilletras.com\\\/\",\"name\":\"Una y Mil Letras\",\"description\":\"\",\"publisher\":{\"@id\":\"http:\\\/\\\/unaymilletras.com\\\/#organization\"},\"potentialAction\":[{\"@type\":\"SearchAction\",\"target\":{\"@type\":\"EntryPoint\",\"urlTemplate\":\"http:\\\/\\\/unaymilletras.com\\\/?s={search_term_string}\"},\"query-input\":{\"@type\":\"PropertyValueSpecification\",\"valueRequired\":true,\"valueName\":\"search_term_string\"}}],\"inLanguage\":\"en-GB\"},{\"@type\":\"Organization\",\"@id\":\"http:\\\/\\\/unaymilletras.com\\\/#organization\",\"name\":\"Una y Mil Letras\",\"url\":\"http:\\\/\\\/unaymilletras.com\\\/\",\"logo\":{\"@type\":\"ImageObject\",\"inLanguage\":\"en-GB\",\"@id\":\"http:\\\/\\\/unaymilletras.com\\\/#\\\/schema\\\/logo\\\/image\\\/\",\"url\":\"https:\\\/\\\/unaymilletras.com\\\/wp-content\\\/uploads\\\/2024\\\/06\\\/cropped-Logo-removebg-preview.png\",\"contentUrl\":\"https:\\\/\\\/unaymilletras.com\\\/wp-content\\\/uploads\\\/2024\\\/06\\\/cropped-Logo-removebg-preview.png\",\"width\":512,\"height\":512,\"caption\":\"Una y Mil Letras\"},\"image\":{\"@id\":\"http:\\\/\\\/unaymilletras.com\\\/#\\\/schema\\\/logo\\\/image\\\/\"},\"sameAs\":[\"https:\\\/\\\/x.com\\\/UnaYMilLetras\",\"https:\\\/\\\/instagram.com\\\/UnaYMilLetras\"]},{\"@type\":\"Person\",\"@id\":\"http:\\\/\\\/unaymilletras.com\\\/#\\\/schema\\\/person\\\/0860dc8a218329991ee2c7591f4f849d\",\"name\":\"Redacci\u00f3n\",\"image\":{\"@type\":\"ImageObject\",\"inLanguage\":\"en-GB\",\"@id\":\"https:\\\/\\\/secure.gravatar.com\\\/avatar\\\/d8f55e05a8b6597e45c55a1dcbdbfe44f4a360d88b48e00de5216a79b7732796?s=96&d=mm&r=g\",\"url\":\"https:\\\/\\\/secure.gravatar.com\\\/avatar\\\/d8f55e05a8b6597e45c55a1dcbdbfe44f4a360d88b48e00de5216a79b7732796?s=96&d=mm&r=g\",\"contentUrl\":\"https:\\\/\\\/secure.gravatar.com\\\/avatar\\\/d8f55e05a8b6597e45c55a1dcbdbfe44f4a360d88b48e00de5216a79b7732796?s=96&d=mm&r=g\",\"caption\":\"Redacci\u00f3n\"},\"url\":\"https:\\\/\\\/unaymilletras.com\\\/en\\\/author\\\/redaccion\\\/\"}]}<\/script>\n<!-- \/ Yoast SEO plugin. -->","yoast_head_json":{"title":"Todo listo para SonR\u00edas Baixas 2025: La Ra\u00edz, Sen Senra y Alizzz entre otros","description":"El festival SonR\u00edas Baixas 2025 arranca este jueves con tres d\u00edas de m\u00fasica en directo, gastronom\u00eda local y ambiente junto al mar","robots":{"index":"index","follow":"follow","max-snippet":"max-snippet:-1","max-image-preview":"max-image-preview:large","max-video-preview":"max-video-preview:-1"},"canonical":"https:\/\/unaymilletras.com\/en\/todo-listo-para-sonrias-baixas-2025-la-raiz-sen-senra-y-alizzz-entre-otros\/","og_locale":"en_GB","og_type":"article","og_title":"Todo listo para SonR\u00edas Baixas 2025: La Ra\u00edz, Sen Senra y Alizzz entre otros","og_description":"El festival SonR\u00edas Baixas 2025 arranca este jueves con tres d\u00edas de m\u00fasica en directo, gastronom\u00eda local y ambiente junto al mar","og_url":"https:\/\/unaymilletras.com\/en\/todo-listo-para-sonrias-baixas-2025-la-raiz-sen-senra-y-alizzz-entre-otros\/","og_site_name":"Una y Mil Letras","article_published_time":"2025-07-29T08:19:48+00:00","article_modified_time":"2025-07-29T08:22:16+00:00","og_image":[{"width":600,"height":849,"url":"http:\/\/unaymilletras.com\/wp-content\/uploads\/2025\/07\/cartel-SonRias-Baixas-2025-e1753777311699.jpg","type":"image\/jpeg"}],"author":"Redacci\u00f3n","twitter_card":"summary_large_image","twitter_creator":"@UnaYMilLetras","twitter_site":"@UnaYMilLetras","twitter_misc":{"Written by":"Redacci\u00f3n","Estimated reading time":"2 minutes"},"schema":{"@context":"https:\/\/schema.org","@graph":[{"@type":"Article","@id":"https:\/\/unaymilletras.com\/todo-listo-para-sonrias-baixas-2025-la-raiz-sen-senra-y-alizzz-entre-otros\/#article","isPartOf":{"@id":"https:\/\/unaymilletras.com\/todo-listo-para-sonrias-baixas-2025-la-raiz-sen-senra-y-alizzz-entre-otros\/"},"author":{"name":"Redacci\u00f3n","@id":"http:\/\/unaymilletras.com\/#\/schema\/person\/0860dc8a218329991ee2c7591f4f849d"},"headline":"Todo listo para SonR\u00edas Baixas 2025: La Ra\u00edz, Sen Senra y Alizzz entre otros","datePublished":"2025-07-29T08:19:48+00:00","dateModified":"2025-07-29T08:22:16+00:00","mainEntityOfPage":{"@id":"https:\/\/unaymilletras.com\/todo-listo-para-sonrias-baixas-2025-la-raiz-sen-senra-y-alizzz-entre-otros\/"},"wordCount":256,"publisher":{"@id":"http:\/\/unaymilletras.com\/#organization"},"image":{"@id":"https:\/\/unaymilletras.com\/todo-listo-para-sonrias-baixas-2025-la-raiz-sen-senra-y-alizzz-entre-otros\/#primaryimage"},"thumbnailUrl":"https:\/\/unaymilletras.com\/wp-content\/uploads\/2025\/07\/cartel-SonRias-Baixas-2025-e1753777311699.jpg","articleSection":["M\u00fasica"],"inLanguage":"en-GB"},{"@type":"WebPage","@id":"https:\/\/unaymilletras.com\/todo-listo-para-sonrias-baixas-2025-la-raiz-sen-senra-y-alizzz-entre-otros\/","url":"https:\/\/unaymilletras.com\/todo-listo-para-sonrias-baixas-2025-la-raiz-sen-senra-y-alizzz-entre-otros\/","name":"Todo listo para SonR\u00edas Baixas 2025: La Ra\u00edz, Sen Senra y Alizzz entre otros","isPartOf":{"@id":"http:\/\/unaymilletras.com\/#website"},"primaryImageOfPage":{"@id":"https:\/\/unaymilletras.com\/todo-listo-para-sonrias-baixas-2025-la-raiz-sen-senra-y-alizzz-entre-otros\/#primaryimage"},"image":{"@id":"https:\/\/unaymilletras.com\/todo-listo-para-sonrias-baixas-2025-la-raiz-sen-senra-y-alizzz-entre-otros\/#primaryimage"},"thumbnailUrl":"https:\/\/unaymilletras.com\/wp-content\/uploads\/2025\/07\/cartel-SonRias-Baixas-2025-e1753777311699.jpg","datePublished":"2025-07-29T08:19:48+00:00","dateModified":"2025-07-29T08:22:16+00:00","description":"El festival SonR\u00edas Baixas 2025 arranca este jueves con tres d\u00edas de m\u00fasica en directo, gastronom\u00eda local y ambiente junto al mar","breadcrumb":{"@id":"https:\/\/unaymilletras.com\/todo-listo-para-sonrias-baixas-2025-la-raiz-sen-senra-y-alizzz-entre-otros\/#breadcrumb"},"inLanguage":"en-GB","potentialAction":[{"@type":"ReadAction","target":["https:\/\/unaymilletras.com\/todo-listo-para-sonrias-baixas-2025-la-raiz-sen-senra-y-alizzz-entre-otros\/"]}]},{"@type":"ImageObject","inLanguage":"en-GB","@id":"https:\/\/unaymilletras.com\/todo-listo-para-sonrias-baixas-2025-la-raiz-sen-senra-y-alizzz-entre-otros\/#primaryimage","url":"https:\/\/unaymilletras.com\/wp-content\/uploads\/2025\/07\/cartel-SonRias-Baixas-2025-e1753777311699.jpg","contentUrl":"https:\/\/unaymilletras.com\/wp-content\/uploads\/2025\/07\/cartel-SonRias-Baixas-2025-e1753777311699.jpg","width":600,"height":849,"caption":"SonR\u00edas Baixas"},{"@type":"BreadcrumbList","@id":"https:\/\/unaymilletras.com\/todo-listo-para-sonrias-baixas-2025-la-raiz-sen-senra-y-alizzz-entre-otros\/#breadcrumb","itemListElement":[{"@type":"ListItem","position":1,"name":"Home","item":"http:\/\/unaymilletras.com\/"},{"@type":"ListItem","position":2,"name":"Todo listo para SonR\u00edas Baixas 2025: La Ra\u00edz, Sen Senra y Alizzz entre otros"}]},{"@type":"WebSite","@id":"http:\/\/unaymilletras.com\/#website","url":"http:\/\/unaymilletras.com\/","name":"Una y Mil Letras","description":"","publisher":{"@id":"http:\/\/unaymilletras.com\/#organization"},"potentialAction":[{"@type":"SearchAction","target":{"@type":"EntryPoint","urlTemplate":"http:\/\/unaymilletras.com\/?s={search_term_string}"},"query-input":{"@type":"PropertyValueSpecification","valueRequired":true,"valueName":"search_term_string"}}],"inLanguage":"en-GB"},{"@type":"Organization","@id":"http:\/\/unaymilletras.com\/#organization","name":"Una y Mil Letras","url":"http:\/\/unaymilletras.com\/","logo":{"@type":"ImageObject","inLanguage":"en-GB","@id":"http:\/\/unaymilletras.com\/#\/schema\/logo\/image\/","url":"https:\/\/unaymilletras.com\/wp-content\/uploads\/2024\/06\/cropped-Logo-removebg-preview.png","contentUrl":"https:\/\/unaymilletras.com\/wp-content\/uploads\/2024\/06\/cropped-Logo-removebg-preview.png","width":512,"height":512,"caption":"Una y Mil Letras"},"image":{"@id":"http:\/\/unaymilletras.com\/#\/schema\/logo\/image\/"},"sameAs":["https:\/\/x.com\/UnaYMilLetras","https:\/\/instagram.com\/UnaYMilLetras"]},{"@type":"Person","@id":"http:\/\/unaymilletras.com\/#\/schema\/person\/0860dc8a218329991ee2c7591f4f849d","name":"Redacci\u00f3n","image":{"@type":"ImageObject","inLanguage":"en-GB","@id":"https:\/\/secure.gravatar.com\/avatar\/d8f55e05a8b6597e45c55a1dcbdbfe44f4a360d88b48e00de5216a79b7732796?s=96&d=mm&r=g","url":"https:\/\/secure.gravatar.com\/avatar\/d8f55e05a8b6597e45c55a1dcbdbfe44f4a360d88b48e00de5216a79b7732796?s=96&d=mm&r=g","contentUrl":"https:\/\/secure.gravatar.com\/avatar\/d8f55e05a8b6597e45c55a1dcbdbfe44f4a360d88b48e00de5216a79b7732796?s=96&d=mm&r=g","caption":"Redacci\u00f3n"},"url":"https:\/\/unaymilletras.com\/en\/author\/redaccion\/"}]}},"_links":{"self":[{"href":"https:\/\/unaymilletras.com\/en\/wp-json\/wp\/v2\/posts\/5382","targetHints":{"allow":["GET"]}}],"collection":[{"href":"https:\/\/unaymilletras.com\/en\/wp-json\/wp\/v2\/posts"}],"about":[{"href":"https:\/\/unaymilletras.com\/en\/wp-json\/wp\/v2\/types\/post"}],"author":[{"embeddable":true,"href":"https:\/\/unaymilletras.com\/en\/wp-json\/wp\/v2\/users\/6"}],"replies":[{"embeddable":true,"href":"https:\/\/unaymilletras.com\/en\/wp-json\/wp\/v2\/comments?post=5382"}],"version-history":[{"count":7,"href":"https:\/\/unaymilletras.com\/en\/wp-json\/wp\/v2\/posts\/5382\/revisions"}],"predecessor-version":[{"id":5390,"href":"https:\/\/unaymilletras.com\/en\/wp-json\/wp\/v2\/posts\/5382\/revisions\/5390"}],"wp:featuredmedia":[{"embeddable":true,"href":"https:\/\/unaymilletras.com\/en\/wp-json\/wp\/v2\/media\/5384"}],"wp:attachment":[{"href":"https:\/\/unaymilletras.com\/en\/wp-json\/wp\/v2\/media?parent=5382"}],"wp:term":[{"taxonomy":"category","embeddable":true,"href":"https:\/\/unaymilletras.com\/en\/wp-json\/wp\/v2\/categories?post=5382"},{"taxonomy":"post_tag","embeddable":true,"href":"https:\/\/unaymilletras.com\/en\/wp-json\/wp\/v2\/tags?post=5382"}],"curies":[{"name":"wp","href":"https:\/\/api.w.org\/{rel}","templated":true}]}}