{"id":5391,"date":"2025-08-07T12:35:45","date_gmt":"2025-08-07T10:35:45","guid":{"rendered":"https:\/\/unaymilletras.com\/?p=5391"},"modified":"2025-08-07T12:36:39","modified_gmt":"2025-08-07T10:36:39","slug":"maria-becerra-anuncia-su-esperado-show-360-en-river-plate","status":"publish","type":"post","link":"https:\/\/unaymilletras.com\/en\/maria-becerra-anuncia-su-esperado-show-360-en-river-plate\/","title":{"rendered":"Mar\u00eda Becerra anuncia su esperado show 360\u00b0 en River Plate"},"content":{"rendered":"\t\t<div data-elementor-type=\"wp-post\" data-elementor-id=\"5391\" class=\"elementor elementor-5391\">\n\t\t\t\t\t\t<section class=\"elementor-section elementor-top-section elementor-element elementor-element-fd57080 elementor-section-boxed elementor-section-height-default elementor-section-height-default\" data-id=\"fd57080\" data-element_type=\"section\" data-e-type=\"section\">\n\t\t\t\t\t\t<div class=\"elementor-container elementor-column-gap-default\">\n\t\t\t\t\t<div class=\"elementor-column elementor-col-100 elementor-top-column elementor-element elementor-element-16252fd\" data-id=\"16252fd\" data-element_type=\"column\" data-e-type=\"column\">\n\t\t\t<div class=\"elementor-widget-wrap elementor-element-populated\">\n\t\t\t\t\t\t<div class=\"elementor-element elementor-element-caa3bd0 elementor-widget elementor-widget-text-editor\" data-id=\"caa3bd0\" data-element_type=\"widget\" data-e-type=\"widget\" data-widget_type=\"text-editor.default\">\n\t\t\t\t<div class=\"elementor-widget-container\">\n\t\t\t\t\t\t\t\t\t<h2 style=\"text-align: center;\"><span style=\"color: #808080;\"><em>Mar\u00eda Becerra hace historia al anunciar su tercer concierto en River y ser\u00e1 el primer espect\u00e1culo 360 en el monumental<\/em><\/span><\/h2>\t\t\t\t\t\t\t\t<\/div>\n\t\t\t\t<\/div>\n\t\t\t\t\t<\/div>\n\t\t<\/div>\n\t\t\t\t\t<\/div>\n\t\t<\/section>\n\t\t\t\t<section class=\"elementor-section elementor-top-section elementor-element elementor-element-8c93d46 elementor-section-boxed elementor-section-height-default elementor-section-height-default\" data-id=\"8c93d46\" data-element_type=\"section\" data-e-type=\"section\">\n\t\t\t\t\t\t<div class=\"elementor-container elementor-column-gap-default\">\n\t\t\t\t\t<div class=\"elementor-column elementor-col-100 elementor-top-column elementor-element elementor-element-deb2f63\" data-id=\"deb2f63\" data-element_type=\"column\" data-e-type=\"column\">\n\t\t\t<div class=\"elementor-widget-wrap elementor-element-populated\">\n\t\t\t\t\t\t<div class=\"elementor-element elementor-element-b29318d elementor-widget elementor-widget-text-editor\" data-id=\"b29318d\" data-element_type=\"widget\" data-e-type=\"widget\" data-widget_type=\"text-editor.default\">\n\t\t\t\t<div class=\"elementor-widget-container\">\n\t\t\t\t\t\t\t\t\t<p data-start=\"202\" data-end=\"278\"><span class=\"relative -mx-px my-[-0.2rem] rounded px-px py-[0.2rem] transition-colors duration-100 ease-in-out\">El pr\u00f3ximo <strong data-start=\"71\" data-end=\"90\">12 de diciembre<\/strong>, Mar\u00eda Becerra ofrecer\u00e1 el primer <strong data-start=\"111\" data-end=\"124\">show 360\u00b0<\/strong> en el Estadio River Plate, un evento esperado y monumental. <\/span><span class=\"relative -mx-px my-[-0.2rem] rounded px-px py-[0.2rem] transition-colors duration-100 ease-in-out\">El formato ubica el escenario en el centro del campo y permite una experiencia envolvente desde todas las tribunas. Ser\u00e1 el concierto m\u00e1s grande del Monumental.<\/span><\/p><p data-start=\"202\" data-end=\"278\">Las <strong data-start=\"4\" data-end=\"51\">entradas saldr\u00e1n a la venta el 11 de agosto<\/strong> a las 13 h en preventa exclusiva para clientes BBVA. La venta general comenzar\u00e1 el <strong data-start=\"135\" data-end=\"167\">12 de agosto a la misma hora<\/strong>, v\u00eda AllAccess<\/p>\t\t\t\t\t\t\t\t<\/div>\n\t\t\t\t<\/div>\n\t\t\t\t\t<\/div>\n\t\t<\/div>\n\t\t\t\t\t<\/div>\n\t\t<\/section>\n\t\t\t\t<section class=\"elementor-section elementor-top-section elementor-element elementor-element-74d8f76 elementor-section-boxed elementor-section-height-default elementor-section-height-default\" data-id=\"74d8f76\" data-element_type=\"section\" data-e-type=\"section\">\n\t\t\t\t\t\t<div class=\"elementor-container elementor-column-gap-default\">\n\t\t\t\t\t<div class=\"elementor-column elementor-col-100 elementor-top-column elementor-element elementor-element-7eb2e7b\" data-id=\"7eb2e7b\" data-element_type=\"column\" data-e-type=\"column\">\n\t\t\t<div class=\"elementor-widget-wrap elementor-element-populated\">\n\t\t\t\t\t\t<div class=\"elementor-element elementor-element-0381aa5 elementor-widget elementor-widget-image\" data-id=\"0381aa5\" data-element_type=\"widget\" data-e-type=\"widget\" data-widget_type=\"image.default\">\n\t\t\t\t<div class=\"elementor-widget-container\">\n\t\t\t\t\t\t\t\t\t\t\t\t\t\t\t<img fetchpriority=\"high\" decoding=\"async\" width=\"640\" height=\"240\" src=\"https:\/\/unaymilletras.com\/wp-content\/uploads\/2025\/08\/d892321c-a122-433e-af59-28e15a78-1024x384.jpg\" class=\"attachment-large size-large wp-image-5393\" alt=\"Mar\u00eda Becerra en River\" srcset=\"https:\/\/unaymilletras.com\/wp-content\/uploads\/2025\/08\/d892321c-a122-433e-af59-28e15a78-1024x384.jpg 1024w, https:\/\/unaymilletras.com\/wp-content\/uploads\/2025\/08\/d892321c-a122-433e-af59-28e15a78-300x113.jpg 300w, https:\/\/unaymilletras.com\/wp-content\/uploads\/2025\/08\/d892321c-a122-433e-af59-28e15a78-768x288.jpg 768w, https:\/\/unaymilletras.com\/wp-content\/uploads\/2025\/08\/d892321c-a122-433e-af59-28e15a78-1536x576.jpg 1536w, https:\/\/unaymilletras.com\/wp-content\/uploads\/2025\/08\/d892321c-a122-433e-af59-28e15a78-18x7.jpg 18w, https:\/\/unaymilletras.com\/wp-content\/uploads\/2025\/08\/d892321c-a122-433e-af59-28e15a78-e1754562724211.jpg 600w\" sizes=\"(max-width: 640px) 100vw, 640px\" \/>\t\t\t\t\t\t\t\t\t\t\t\t\t\t\t<\/div>\n\t\t\t\t<\/div>\n\t\t\t\t\t<\/div>\n\t\t<\/div>\n\t\t\t\t\t<\/div>\n\t\t<\/section>\n\t\t\t\t<section class=\"elementor-section elementor-top-section elementor-element elementor-element-dda4748 elementor-section-boxed elementor-section-height-default elementor-section-height-default\" data-id=\"dda4748\" data-element_type=\"section\" data-e-type=\"section\">\n\t\t\t\t\t\t<div class=\"elementor-container elementor-column-gap-default\">\n\t\t\t\t\t<div class=\"elementor-column elementor-col-100 elementor-top-column elementor-element elementor-element-3d8a2c7\" data-id=\"3d8a2c7\" data-element_type=\"column\" data-e-type=\"column\">\n\t\t\t<div class=\"elementor-widget-wrap elementor-element-populated\">\n\t\t\t\t\t\t<div class=\"elementor-element elementor-element-adaa2c1 elementor-widget elementor-widget-text-editor\" data-id=\"adaa2c1\" data-element_type=\"widget\" data-e-type=\"widget\" data-widget_type=\"text-editor.default\">\n\t\t\t\t<div class=\"elementor-widget-container\">\n\t\t\t\t\t\t\t\t\t<p data-start=\"514\" data-end=\"590\"><span class=\"relative -mx-px my-[-0.2rem] rounded px-px py-[0.2rem] transition-colors duration-100 ease-in-out\">El anuncio se realiz\u00f3 con una campa\u00f1a enigm\u00e1tica. Sus alter egos art\u00edsticos \u00abhackearon\u00bb pantallas de streaming y apareci\u00f3 cantando en un helipuerto rodeada por drones.<\/span><\/p>\n<p data-start=\"592\" data-end=\"672\"><span class=\"relative -mx-px my-[-0.2rem] rounded px-px py-[0.2rem] transition-colors duration-100 ease-in-out\">Este ser\u00e1 el <strong data-start=\"13\" data-end=\"54\">tercer show de Mar\u00eda en el Monumental<\/strong>. Ya fue la primera mujer argentina en llenar dos fechas sold\u2011out en River con entradas agotadas.&nbsp;<\/span>Este regreso representa m\u00e1s que un show: es el inicio de una nueva era creativa. La puesta incluye narrativa visual, alter egos conceptuales y una experiencia art\u00edstica \u00fanica.<\/p>\n<p data-start=\"756\" data-end=\"972\">La <strong data-start=\"759\" data-end=\"788\">cuenta atr\u00e1s ha comenzado<\/strong>. Con esta propuesta innovadora, Mar\u00eda Becerra consolida su lugar como figura estelar del pop latino en Argentina y marca el cierre del a\u00f1o con un concierto hist\u00f3rico en el Monumental.<\/p>\t\t\t\t\t\t\t\t<\/div>\n\t\t\t\t<\/div>\n\t\t\t\t\t<\/div>\n\t\t<\/div>\n\t\t\t\t\t<\/div>\n\t\t<\/section>\n\t\t\t\t<section class=\"elementor-section elementor-top-section elementor-element elementor-element-a963071 elementor-section-boxed elementor-section-height-default elementor-section-height-default\" data-id=\"a963071\" data-element_type=\"section\" data-e-type=\"section\">\n\t\t\t\t\t\t<div class=\"elementor-container elementor-column-gap-default\">\n\t\t\t\t\t<div class=\"elementor-column elementor-col-100 elementor-top-column elementor-element elementor-element-683137a\" data-id=\"683137a\" data-element_type=\"column\" data-e-type=\"column\">\n\t\t\t<div class=\"elementor-widget-wrap elementor-element-populated\">\n\t\t\t\t\t\t<div class=\"elementor-element elementor-element-cd0da69 elementor-widget elementor-widget-video\" data-id=\"cd0da69\" data-element_type=\"widget\" data-e-type=\"widget\" data-settings=\"{&quot;youtube_url&quot;:&quot;https:\\\/\\\/www.youtube.com\\\/watch?v=JHxhHVyQ398&amp;ab_channel=MariaBecerra&quot;,&quot;video_type&quot;:&quot;youtube&quot;,&quot;controls&quot;:&quot;yes&quot;}\" data-widget_type=\"video.default\">\n\t\t\t\t<div class=\"elementor-widget-container\">\n\t\t\t\t\t\t\t<div class=\"elementor-wrapper elementor-open-inline\">\n\t\t\t<div class=\"elementor-video\"><\/div>\t\t<\/div>\n\t\t\t\t\t\t<\/div>\n\t\t\t\t<\/div>\n\t\t\t\t\t<\/div>\n\t\t<\/div>\n\t\t\t\t\t<\/div>\n\t\t<\/section>\n\t\t\t\t<\/div>\n\t\t","protected":false},"excerpt":{"rendered":"<p>Mar\u00eda Becerra hace historia al anunciar su tercer concierto en River y ser\u00e1 el primer espect\u00e1culo 360 en el monumental El pr\u00f3ximo 12 de diciembre, Mar\u00eda Becerra ofrecer\u00e1 el primer show 360\u00b0 en el Estadio River Plate, un evento esperado y monumental. El formato ubica el escenario en el centro del campo y permite una [&hellip;]<\/p>\n","protected":false},"author":6,"featured_media":5394,"comment_status":"closed","ping_status":"closed","sticky":false,"template":"","format":"standard","meta":{"footnotes":""},"categories":[4],"tags":[],"class_list":["post-5391","post","type-post","status-publish","format-standard","has-post-thumbnail","hentry","category-musica"],"yoast_head":"<!-- This site is optimized with the Yoast SEO plugin v27.4 - https:\/\/yoast.com\/product\/yoast-seo-wordpress\/ -->\n<title>Mar\u00eda Becerra anuncia su esperado show 360\u00b0 en River Plate<\/title>\n<meta name=\"description\" content=\"Mar\u00eda Becerra hace historia al anunciar su tercer concierto en River y ser\u00e1 el primer espect\u00e1culo 360 en el monumental\" \/>\n<meta name=\"robots\" content=\"index, follow, max-snippet:-1, max-image-preview:large, max-video-preview:-1\" \/>\n<link rel=\"canonical\" href=\"https:\/\/unaymilletras.com\/en\/maria-becerra-anuncia-su-esperado-show-360-en-river-plate\/\" \/>\n<meta property=\"og:locale\" content=\"en_GB\" \/>\n<meta property=\"og:type\" content=\"article\" \/>\n<meta property=\"og:title\" content=\"Mar\u00eda Becerra anuncia su esperado show 360\u00b0 en River Plate\" \/>\n<meta property=\"og:description\" content=\"Mar\u00eda Becerra hace historia al anunciar su tercer concierto en River y ser\u00e1 el primer espect\u00e1culo 360 en el monumental\" \/>\n<meta property=\"og:url\" content=\"https:\/\/unaymilletras.com\/en\/maria-becerra-anuncia-su-esperado-show-360-en-river-plate\/\" \/>\n<meta property=\"og:site_name\" content=\"Una y Mil Letras\" \/>\n<meta property=\"article:published_time\" content=\"2025-08-07T10:35:45+00:00\" \/>\n<meta property=\"article:modified_time\" content=\"2025-08-07T10:36:39+00:00\" \/>\n<meta property=\"og:image\" content=\"http:\/\/unaymilletras.com\/wp-content\/uploads\/2025\/08\/CF6qJVudD_720x0__1-e1754562965539.jpg\" \/>\n\t<meta property=\"og:image:width\" content=\"600\" \/>\n\t<meta property=\"og:image:height\" content=\"400\" \/>\n\t<meta property=\"og:image:type\" content=\"image\/jpeg\" \/>\n<meta name=\"author\" content=\"Redacci\u00f3n\" \/>\n<meta name=\"twitter:card\" content=\"summary_large_image\" \/>\n<meta name=\"twitter:creator\" content=\"@UnaYMilLetras\" \/>\n<meta name=\"twitter:site\" content=\"@UnaYMilLetras\" \/>\n<meta name=\"twitter:label1\" content=\"Written by\" \/>\n\t<meta name=\"twitter:data1\" content=\"Redacci\u00f3n\" \/>\n\t<meta name=\"twitter:label2\" content=\"Estimated reading time\" \/>\n\t<meta name=\"twitter:data2\" content=\"2 minutes\" \/>\n<script type=\"application\/ld+json\" class=\"yoast-schema-graph\">{\"@context\":\"https:\\\/\\\/schema.org\",\"@graph\":[{\"@type\":\"Article\",\"@id\":\"https:\\\/\\\/unaymilletras.com\\\/maria-becerra-anuncia-su-esperado-show-360-en-river-plate\\\/#article\",\"isPartOf\":{\"@id\":\"https:\\\/\\\/unaymilletras.com\\\/maria-becerra-anuncia-su-esperado-show-360-en-river-plate\\\/\"},\"author\":{\"name\":\"Redacci\u00f3n\",\"@id\":\"http:\\\/\\\/unaymilletras.com\\\/#\\\/schema\\\/person\\\/0860dc8a218329991ee2c7591f4f849d\"},\"headline\":\"Mar\u00eda Becerra anuncia su esperado show 360\u00b0 en River Plate\",\"datePublished\":\"2025-08-07T10:35:45+00:00\",\"dateModified\":\"2025-08-07T10:36:39+00:00\",\"mainEntityOfPage\":{\"@id\":\"https:\\\/\\\/unaymilletras.com\\\/maria-becerra-anuncia-su-esperado-show-360-en-river-plate\\\/\"},\"wordCount\":249,\"publisher\":{\"@id\":\"http:\\\/\\\/unaymilletras.com\\\/#organization\"},\"image\":{\"@id\":\"https:\\\/\\\/unaymilletras.com\\\/maria-becerra-anuncia-su-esperado-show-360-en-river-plate\\\/#primaryimage\"},\"thumbnailUrl\":\"https:\\\/\\\/unaymilletras.com\\\/wp-content\\\/uploads\\\/2025\\\/08\\\/CF6qJVudD_720x0__1-e1754562965539.jpg\",\"articleSection\":[\"M\u00fasica\"],\"inLanguage\":\"en-GB\"},{\"@type\":\"WebPage\",\"@id\":\"https:\\\/\\\/unaymilletras.com\\\/maria-becerra-anuncia-su-esperado-show-360-en-river-plate\\\/\",\"url\":\"https:\\\/\\\/unaymilletras.com\\\/maria-becerra-anuncia-su-esperado-show-360-en-river-plate\\\/\",\"name\":\"Mar\u00eda Becerra anuncia su esperado show 360\u00b0 en River Plate\",\"isPartOf\":{\"@id\":\"http:\\\/\\\/unaymilletras.com\\\/#website\"},\"primaryImageOfPage\":{\"@id\":\"https:\\\/\\\/unaymilletras.com\\\/maria-becerra-anuncia-su-esperado-show-360-en-river-plate\\\/#primaryimage\"},\"image\":{\"@id\":\"https:\\\/\\\/unaymilletras.com\\\/maria-becerra-anuncia-su-esperado-show-360-en-river-plate\\\/#primaryimage\"},\"thumbnailUrl\":\"https:\\\/\\\/unaymilletras.com\\\/wp-content\\\/uploads\\\/2025\\\/08\\\/CF6qJVudD_720x0__1-e1754562965539.jpg\",\"datePublished\":\"2025-08-07T10:35:45+00:00\",\"dateModified\":\"2025-08-07T10:36:39+00:00\",\"description\":\"Mar\u00eda Becerra hace historia al anunciar su tercer concierto en River y ser\u00e1 el primer espect\u00e1culo 360 en el monumental\",\"breadcrumb\":{\"@id\":\"https:\\\/\\\/unaymilletras.com\\\/maria-becerra-anuncia-su-esperado-show-360-en-river-plate\\\/#breadcrumb\"},\"inLanguage\":\"en-GB\",\"potentialAction\":[{\"@type\":\"ReadAction\",\"target\":[\"https:\\\/\\\/unaymilletras.com\\\/maria-becerra-anuncia-su-esperado-show-360-en-river-plate\\\/\"]}]},{\"@type\":\"ImageObject\",\"inLanguage\":\"en-GB\",\"@id\":\"https:\\\/\\\/unaymilletras.com\\\/maria-becerra-anuncia-su-esperado-show-360-en-river-plate\\\/#primaryimage\",\"url\":\"https:\\\/\\\/unaymilletras.com\\\/wp-content\\\/uploads\\\/2025\\\/08\\\/CF6qJVudD_720x0__1-e1754562965539.jpg\",\"contentUrl\":\"https:\\\/\\\/unaymilletras.com\\\/wp-content\\\/uploads\\\/2025\\\/08\\\/CF6qJVudD_720x0__1-e1754562965539.jpg\",\"width\":600,\"height\":400},{\"@type\":\"BreadcrumbList\",\"@id\":\"https:\\\/\\\/unaymilletras.com\\\/maria-becerra-anuncia-su-esperado-show-360-en-river-plate\\\/#breadcrumb\",\"itemListElement\":[{\"@type\":\"ListItem\",\"position\":1,\"name\":\"Home\",\"item\":\"http:\\\/\\\/unaymilletras.com\\\/\"},{\"@type\":\"ListItem\",\"position\":2,\"name\":\"Mar\u00eda Becerra anuncia su esperado show 360\u00b0 en River Plate\"}]},{\"@type\":\"WebSite\",\"@id\":\"http:\\\/\\\/unaymilletras.com\\\/#website\",\"url\":\"http:\\\/\\\/unaymilletras.com\\\/\",\"name\":\"Una y Mil Letras\",\"description\":\"\",\"publisher\":{\"@id\":\"http:\\\/\\\/unaymilletras.com\\\/#organization\"},\"potentialAction\":[{\"@type\":\"SearchAction\",\"target\":{\"@type\":\"EntryPoint\",\"urlTemplate\":\"http:\\\/\\\/unaymilletras.com\\\/?s={search_term_string}\"},\"query-input\":{\"@type\":\"PropertyValueSpecification\",\"valueRequired\":true,\"valueName\":\"search_term_string\"}}],\"inLanguage\":\"en-GB\"},{\"@type\":\"Organization\",\"@id\":\"http:\\\/\\\/unaymilletras.com\\\/#organization\",\"name\":\"Una y Mil Letras\",\"url\":\"http:\\\/\\\/unaymilletras.com\\\/\",\"logo\":{\"@type\":\"ImageObject\",\"inLanguage\":\"en-GB\",\"@id\":\"http:\\\/\\\/unaymilletras.com\\\/#\\\/schema\\\/logo\\\/image\\\/\",\"url\":\"https:\\\/\\\/unaymilletras.com\\\/wp-content\\\/uploads\\\/2024\\\/06\\\/cropped-Logo-removebg-preview.png\",\"contentUrl\":\"https:\\\/\\\/unaymilletras.com\\\/wp-content\\\/uploads\\\/2024\\\/06\\\/cropped-Logo-removebg-preview.png\",\"width\":512,\"height\":512,\"caption\":\"Una y Mil Letras\"},\"image\":{\"@id\":\"http:\\\/\\\/unaymilletras.com\\\/#\\\/schema\\\/logo\\\/image\\\/\"},\"sameAs\":[\"https:\\\/\\\/x.com\\\/UnaYMilLetras\",\"https:\\\/\\\/instagram.com\\\/UnaYMilLetras\"]},{\"@type\":\"Person\",\"@id\":\"http:\\\/\\\/unaymilletras.com\\\/#\\\/schema\\\/person\\\/0860dc8a218329991ee2c7591f4f849d\",\"name\":\"Redacci\u00f3n\",\"image\":{\"@type\":\"ImageObject\",\"inLanguage\":\"en-GB\",\"@id\":\"https:\\\/\\\/secure.gravatar.com\\\/avatar\\\/d8f55e05a8b6597e45c55a1dcbdbfe44f4a360d88b48e00de5216a79b7732796?s=96&d=mm&r=g\",\"url\":\"https:\\\/\\\/secure.gravatar.com\\\/avatar\\\/d8f55e05a8b6597e45c55a1dcbdbfe44f4a360d88b48e00de5216a79b7732796?s=96&d=mm&r=g\",\"contentUrl\":\"https:\\\/\\\/secure.gravatar.com\\\/avatar\\\/d8f55e05a8b6597e45c55a1dcbdbfe44f4a360d88b48e00de5216a79b7732796?s=96&d=mm&r=g\",\"caption\":\"Redacci\u00f3n\"},\"url\":\"https:\\\/\\\/unaymilletras.com\\\/en\\\/author\\\/redaccion\\\/\"}]}<\/script>\n<!-- \/ Yoast SEO plugin. -->","yoast_head_json":{"title":"Mar\u00eda Becerra anuncia su esperado show 360\u00b0 en River Plate","description":"Mar\u00eda Becerra hace historia al anunciar su tercer concierto en River y ser\u00e1 el primer espect\u00e1culo 360 en el monumental","robots":{"index":"index","follow":"follow","max-snippet":"max-snippet:-1","max-image-preview":"max-image-preview:large","max-video-preview":"max-video-preview:-1"},"canonical":"https:\/\/unaymilletras.com\/en\/maria-becerra-anuncia-su-esperado-show-360-en-river-plate\/","og_locale":"en_GB","og_type":"article","og_title":"Mar\u00eda Becerra anuncia su esperado show 360\u00b0 en River Plate","og_description":"Mar\u00eda Becerra hace historia al anunciar su tercer concierto en River y ser\u00e1 el primer espect\u00e1culo 360 en el monumental","og_url":"https:\/\/unaymilletras.com\/en\/maria-becerra-anuncia-su-esperado-show-360-en-river-plate\/","og_site_name":"Una y Mil Letras","article_published_time":"2025-08-07T10:35:45+00:00","article_modified_time":"2025-08-07T10:36:39+00:00","og_image":[{"width":600,"height":400,"url":"http:\/\/unaymilletras.com\/wp-content\/uploads\/2025\/08\/CF6qJVudD_720x0__1-e1754562965539.jpg","type":"image\/jpeg"}],"author":"Redacci\u00f3n","twitter_card":"summary_large_image","twitter_creator":"@UnaYMilLetras","twitter_site":"@UnaYMilLetras","twitter_misc":{"Written by":"Redacci\u00f3n","Estimated reading time":"2 minutes"},"schema":{"@context":"https:\/\/schema.org","@graph":[{"@type":"Article","@id":"https:\/\/unaymilletras.com\/maria-becerra-anuncia-su-esperado-show-360-en-river-plate\/#article","isPartOf":{"@id":"https:\/\/unaymilletras.com\/maria-becerra-anuncia-su-esperado-show-360-en-river-plate\/"},"author":{"name":"Redacci\u00f3n","@id":"http:\/\/unaymilletras.com\/#\/schema\/person\/0860dc8a218329991ee2c7591f4f849d"},"headline":"Mar\u00eda Becerra anuncia su esperado show 360\u00b0 en River Plate","datePublished":"2025-08-07T10:35:45+00:00","dateModified":"2025-08-07T10:36:39+00:00","mainEntityOfPage":{"@id":"https:\/\/unaymilletras.com\/maria-becerra-anuncia-su-esperado-show-360-en-river-plate\/"},"wordCount":249,"publisher":{"@id":"http:\/\/unaymilletras.com\/#organization"},"image":{"@id":"https:\/\/unaymilletras.com\/maria-becerra-anuncia-su-esperado-show-360-en-river-plate\/#primaryimage"},"thumbnailUrl":"https:\/\/unaymilletras.com\/wp-content\/uploads\/2025\/08\/CF6qJVudD_720x0__1-e1754562965539.jpg","articleSection":["M\u00fasica"],"inLanguage":"en-GB"},{"@type":"WebPage","@id":"https:\/\/unaymilletras.com\/maria-becerra-anuncia-su-esperado-show-360-en-river-plate\/","url":"https:\/\/unaymilletras.com\/maria-becerra-anuncia-su-esperado-show-360-en-river-plate\/","name":"Mar\u00eda Becerra anuncia su esperado show 360\u00b0 en River Plate","isPartOf":{"@id":"http:\/\/unaymilletras.com\/#website"},"primaryImageOfPage":{"@id":"https:\/\/unaymilletras.com\/maria-becerra-anuncia-su-esperado-show-360-en-river-plate\/#primaryimage"},"image":{"@id":"https:\/\/unaymilletras.com\/maria-becerra-anuncia-su-esperado-show-360-en-river-plate\/#primaryimage"},"thumbnailUrl":"https:\/\/unaymilletras.com\/wp-content\/uploads\/2025\/08\/CF6qJVudD_720x0__1-e1754562965539.jpg","datePublished":"2025-08-07T10:35:45+00:00","dateModified":"2025-08-07T10:36:39+00:00","description":"Mar\u00eda Becerra hace historia al anunciar su tercer concierto en River y ser\u00e1 el primer espect\u00e1culo 360 en el monumental","breadcrumb":{"@id":"https:\/\/unaymilletras.com\/maria-becerra-anuncia-su-esperado-show-360-en-river-plate\/#breadcrumb"},"inLanguage":"en-GB","potentialAction":[{"@type":"ReadAction","target":["https:\/\/unaymilletras.com\/maria-becerra-anuncia-su-esperado-show-360-en-river-plate\/"]}]},{"@type":"ImageObject","inLanguage":"en-GB","@id":"https:\/\/unaymilletras.com\/maria-becerra-anuncia-su-esperado-show-360-en-river-plate\/#primaryimage","url":"https:\/\/unaymilletras.com\/wp-content\/uploads\/2025\/08\/CF6qJVudD_720x0__1-e1754562965539.jpg","contentUrl":"https:\/\/unaymilletras.com\/wp-content\/uploads\/2025\/08\/CF6qJVudD_720x0__1-e1754562965539.jpg","width":600,"height":400},{"@type":"BreadcrumbList","@id":"https:\/\/unaymilletras.com\/maria-becerra-anuncia-su-esperado-show-360-en-river-plate\/#breadcrumb","itemListElement":[{"@type":"ListItem","position":1,"name":"Home","item":"http:\/\/unaymilletras.com\/"},{"@type":"ListItem","position":2,"name":"Mar\u00eda Becerra anuncia su esperado show 360\u00b0 en River Plate"}]},{"@type":"WebSite","@id":"http:\/\/unaymilletras.com\/#website","url":"http:\/\/unaymilletras.com\/","name":"Una y Mil Letras","description":"","publisher":{"@id":"http:\/\/unaymilletras.com\/#organization"},"potentialAction":[{"@type":"SearchAction","target":{"@type":"EntryPoint","urlTemplate":"http:\/\/unaymilletras.com\/?s={search_term_string}"},"query-input":{"@type":"PropertyValueSpecification","valueRequired":true,"valueName":"search_term_string"}}],"inLanguage":"en-GB"},{"@type":"Organization","@id":"http:\/\/unaymilletras.com\/#organization","name":"Una y Mil Letras","url":"http:\/\/unaymilletras.com\/","logo":{"@type":"ImageObject","inLanguage":"en-GB","@id":"http:\/\/unaymilletras.com\/#\/schema\/logo\/image\/","url":"https:\/\/unaymilletras.com\/wp-content\/uploads\/2024\/06\/cropped-Logo-removebg-preview.png","contentUrl":"https:\/\/unaymilletras.com\/wp-content\/uploads\/2024\/06\/cropped-Logo-removebg-preview.png","width":512,"height":512,"caption":"Una y Mil Letras"},"image":{"@id":"http:\/\/unaymilletras.com\/#\/schema\/logo\/image\/"},"sameAs":["https:\/\/x.com\/UnaYMilLetras","https:\/\/instagram.com\/UnaYMilLetras"]},{"@type":"Person","@id":"http:\/\/unaymilletras.com\/#\/schema\/person\/0860dc8a218329991ee2c7591f4f849d","name":"Redacci\u00f3n","image":{"@type":"ImageObject","inLanguage":"en-GB","@id":"https:\/\/secure.gravatar.com\/avatar\/d8f55e05a8b6597e45c55a1dcbdbfe44f4a360d88b48e00de5216a79b7732796?s=96&d=mm&r=g","url":"https:\/\/secure.gravatar.com\/avatar\/d8f55e05a8b6597e45c55a1dcbdbfe44f4a360d88b48e00de5216a79b7732796?s=96&d=mm&r=g","contentUrl":"https:\/\/secure.gravatar.com\/avatar\/d8f55e05a8b6597e45c55a1dcbdbfe44f4a360d88b48e00de5216a79b7732796?s=96&d=mm&r=g","caption":"Redacci\u00f3n"},"url":"https:\/\/unaymilletras.com\/en\/author\/redaccion\/"}]}},"_links":{"self":[{"href":"https:\/\/unaymilletras.com\/en\/wp-json\/wp\/v2\/posts\/5391","targetHints":{"allow":["GET"]}}],"collection":[{"href":"https:\/\/unaymilletras.com\/en\/wp-json\/wp\/v2\/posts"}],"about":[{"href":"https:\/\/unaymilletras.com\/en\/wp-json\/wp\/v2\/types\/post"}],"author":[{"embeddable":true,"href":"https:\/\/unaymilletras.com\/en\/wp-json\/wp\/v2\/users\/6"}],"replies":[{"embeddable":true,"href":"https:\/\/unaymilletras.com\/en\/wp-json\/wp\/v2\/comments?post=5391"}],"version-history":[{"count":7,"href":"https:\/\/unaymilletras.com\/en\/wp-json\/wp\/v2\/posts\/5391\/revisions"}],"predecessor-version":[{"id":5400,"href":"https:\/\/unaymilletras.com\/en\/wp-json\/wp\/v2\/posts\/5391\/revisions\/5400"}],"wp:featuredmedia":[{"embeddable":true,"href":"https:\/\/unaymilletras.com\/en\/wp-json\/wp\/v2\/media\/5394"}],"wp:attachment":[{"href":"https:\/\/unaymilletras.com\/en\/wp-json\/wp\/v2\/media?parent=5391"}],"wp:term":[{"taxonomy":"category","embeddable":true,"href":"https:\/\/unaymilletras.com\/en\/wp-json\/wp\/v2\/categories?post=5391"},{"taxonomy":"post_tag","embeddable":true,"href":"https:\/\/unaymilletras.com\/en\/wp-json\/wp\/v2\/tags?post=5391"}],"curies":[{"name":"wp","href":"https:\/\/api.w.org\/{rel}","templated":true}]}}