{"id":5401,"date":"2025-08-08T12:00:00","date_gmt":"2025-08-08T10:00:00","guid":{"rendered":"https:\/\/unaymilletras.com\/?p=5401"},"modified":"2025-08-07T23:24:04","modified_gmt":"2025-08-07T21:24:04","slug":"phineas-y-ferb-regresan-el-22-de-agosto-en-una-nueva-temporada","status":"publish","type":"post","link":"https:\/\/unaymilletras.com\/en\/phineas-y-ferb-regresan-el-22-de-agosto-en-una-nueva-temporada\/","title":{"rendered":"Phineas y Ferb regresan el 22 de agosto en una nueva temporada"},"content":{"rendered":"<div data-elementor-type=\"wp-post\" data-elementor-id=\"5401\" class=\"elementor elementor-5401\">\n\t\t\t\t\t\t<section class=\"elementor-section elementor-top-section elementor-element elementor-element-58bfa2c elementor-section-boxed elementor-section-height-default elementor-section-height-default\" data-id=\"58bfa2c\" data-element_type=\"section\" data-e-type=\"section\">\n\t\t\t\t\t\t<div class=\"elementor-container elementor-column-gap-default\">\n\t\t\t\t\t<div class=\"elementor-column elementor-col-100 elementor-top-column elementor-element elementor-element-891bcf7\" data-id=\"891bcf7\" data-element_type=\"column\" data-e-type=\"column\">\n\t\t\t<div class=\"elementor-widget-wrap elementor-element-populated\">\n\t\t\t\t\t\t<div class=\"elementor-element elementor-element-e81f019 elementor-widget elementor-widget-text-editor\" data-id=\"e81f019\" data-element_type=\"widget\" data-e-type=\"widget\" data-widget_type=\"text-editor.default\">\n\t\t\t\t<div class=\"elementor-widget-container\">\n\t\t\t\t\t\t\t\t\t<h2 style=\"text-align: center;\"><span style=\"color: #808080;\"><em>La quinta temporada de Phineas y Ferb llega con nuevos episodios, desaf\u00edos y diversi\u00f3n veraniega en exclusiva por Disney+<\/em><\/span><\/h2>\t\t\t\t\t\t\t\t<\/div>\n\t\t\t\t<\/div>\n\t\t\t\t\t<\/div>\n\t\t<\/div>\n\t\t\t\t\t<\/div>\n\t\t<\/section>\n\t\t\t\t<section class=\"elementor-section elementor-top-section elementor-element elementor-element-fb1137d elementor-section-boxed elementor-section-height-default elementor-section-height-default\" data-id=\"fb1137d\" data-element_type=\"section\" data-e-type=\"section\">\n\t\t\t\t\t\t<div class=\"elementor-container elementor-column-gap-default\">\n\t\t\t\t\t<div class=\"elementor-column elementor-col-100 elementor-top-column elementor-element elementor-element-c378e16\" data-id=\"c378e16\" data-element_type=\"column\" data-e-type=\"column\">\n\t\t\t<div class=\"elementor-widget-wrap elementor-element-populated\">\n\t\t\t\t\t\t<div class=\"elementor-element elementor-element-2eca0ad elementor-widget elementor-widget-text-editor\" data-id=\"2eca0ad\" data-element_type=\"widget\" data-e-type=\"widget\" data-widget_type=\"text-editor.default\">\n\t\t\t\t<div class=\"elementor-widget-container\">\n\t\t\t\t\t\t\t\t\t<p data-start=\"207\" data-end=\"425\">Los hermanos m\u00e1s creativos de la animaci\u00f3n est\u00e1n de vuelta. <strong data-start=\"267\" data-end=\"285\">Phineas y Ferb<\/strong> estrenan su <strong data-start=\"298\" data-end=\"318\">quinta temporada<\/strong> el pr\u00f3ximo <strong data-start=\"330\" data-end=\"346\">22 de agosto<\/strong> en <strong data-start=\"350\" data-end=\"361\">Disney+<\/strong>, con <strong data-start=\"367\" data-end=\"392\">diez nuevos episodios<\/strong> disponibles desde el primer d\u00eda.<\/p><p data-start=\"427\" data-end=\"578\">En esta nueva entrega, los chicos tendr\u00e1n <strong data-start=\"469\" data-end=\"497\">otros 104 d\u00edas de verano<\/strong> para seguir rompiendo r\u00e9cords y vivir las aventuras m\u00e1s absurdas y emocionantes. Candace intentar\u00e1 sacar su <strong data-start=\"607\" data-end=\"629\">carnet de conducir<\/strong>, mientras <strong data-start=\"640\" data-end=\"665\">Perry el Ornitorrinco<\/strong> tendr\u00e1 que hacer frente a un nuevo reto\u2026 \u00a1visitar al veterinario!<\/p>\t\t\t\t\t\t\t\t<\/div>\n\t\t\t\t<\/div>\n\t\t\t\t\t<\/div>\n\t\t<\/div>\n\t\t\t\t\t<\/div>\n\t\t<\/section>\n\t\t\t\t<section class=\"elementor-section elementor-top-section elementor-element elementor-element-53ce98d elementor-section-boxed elementor-section-height-default elementor-section-height-default\" data-id=\"53ce98d\" data-element_type=\"section\" data-e-type=\"section\">\n\t\t\t\t\t\t<div class=\"elementor-container elementor-column-gap-default\">\n\t\t\t\t\t<div class=\"elementor-column elementor-col-100 elementor-top-column elementor-element elementor-element-6110094\" data-id=\"6110094\" data-element_type=\"column\" data-e-type=\"column\">\n\t\t\t<div class=\"elementor-widget-wrap elementor-element-populated\">\n\t\t\t\t\t\t<div class=\"elementor-element elementor-element-dbe859b elementor-widget elementor-widget-image\" data-id=\"dbe859b\" data-element_type=\"widget\" data-e-type=\"widget\" data-widget_type=\"image.default\">\n\t\t\t\t<div class=\"elementor-widget-container\">\n\t\t\t\t\t\t\t\t\t\t\t\t\t\t\t<img fetchpriority=\"high\" decoding=\"async\" width=\"640\" height=\"800\" src=\"https:\/\/unaymilletras.com\/wp-content\/uploads\/2025\/08\/1754557894409-Phineas_and_Ferb_S-819x1024.jpg\" class=\"attachment-large size-large wp-image-5403\" alt=\"Phineas y Ferb\" srcset=\"https:\/\/unaymilletras.com\/wp-content\/uploads\/2025\/08\/1754557894409-Phineas_and_Ferb_S-819x1024.jpg 819w, https:\/\/unaymilletras.com\/wp-content\/uploads\/2025\/08\/1754557894409-Phineas_and_Ferb_S-240x300.jpg 240w, https:\/\/unaymilletras.com\/wp-content\/uploads\/2025\/08\/1754557894409-Phineas_and_Ferb_S-768x960.jpg 768w, https:\/\/unaymilletras.com\/wp-content\/uploads\/2025\/08\/1754557894409-Phineas_and_Ferb_S-10x12.jpg 10w, https:\/\/unaymilletras.com\/wp-content\/uploads\/2025\/08\/1754557894409-Phineas_and_Ferb_S-e1754601740872.jpg 600w\" sizes=\"(max-width: 640px) 100vw, 640px\" \/>\t\t\t\t\t\t\t\t\t\t\t\t\t\t\t<\/div>\n\t\t\t\t<\/div>\n\t\t\t\t\t<\/div>\n\t\t<\/div>\n\t\t\t\t\t<\/div>\n\t\t<\/section>\n\t\t\t\t<section class=\"elementor-section elementor-top-section elementor-element elementor-element-f40adf5 elementor-section-boxed elementor-section-height-default elementor-section-height-default\" data-id=\"f40adf5\" data-element_type=\"section\" data-e-type=\"section\">\n\t\t\t\t\t\t<div class=\"elementor-container elementor-column-gap-default\">\n\t\t\t\t\t<div class=\"elementor-column elementor-col-100 elementor-top-column elementor-element elementor-element-9fbddf0\" data-id=\"9fbddf0\" data-element_type=\"column\" data-e-type=\"column\">\n\t\t\t<div class=\"elementor-widget-wrap elementor-element-populated\">\n\t\t\t\t\t\t<div class=\"elementor-element elementor-element-095ee84 elementor-widget elementor-widget-text-editor\" data-id=\"095ee84\" data-element_type=\"widget\" data-e-type=\"widget\" data-widget_type=\"text-editor.default\">\n\t\t\t\t<div class=\"elementor-widget-container\">\n\t\t\t\t\t\t\t\t\t<p data-start=\"733\" data-end=\"905\"><strong data-start=\"733\" data-end=\"751\">Phineas y Ferb<\/strong> ha ganado <strong data-start=\"762\" data-end=\"785\">cinco premios Emmy\u00ae<\/strong> y ha sido nominada a los <strong data-start=\"811\" data-end=\"820\">BAFTA<\/strong>. Es considerada la serie animada m\u00e1s exitosa de Disney para ni\u00f1os y preadolescentes.<\/p><p data-start=\"907\" data-end=\"1083\">La serie se estren\u00f3 en <strong data-start=\"930\" data-end=\"938\">2008<\/strong> y r\u00e1pidamente conquist\u00f3 a la audiencia joven. En 2011, su pel\u00edcula \u201cA trav\u00e9s de la 2\u00aa dimensi\u00f3n\u201d fue uno de los filmes m\u00e1s vistos en televisi\u00f3n.<\/p><p data-start=\"1085\" data-end=\"1269\">En 2020 lleg\u00f3 a Disney+ \u201c<strong data-start=\"1110\" data-end=\"1140\">Candace contra el universo<\/strong>\u201d, ampliando el universo de la serie. Las <strong data-start=\"1182\" data-end=\"1230\">cuatro temporadas anteriores y las pel\u00edculas<\/strong> ya est\u00e1n disponibles en la plataforma.<\/p><p data-start=\"1404\" data-end=\"1521\" data-is-last-node=\"\" data-is-only-node=\"\">Con esta nueva temporada, <strong data-start=\"1430\" data-end=\"1448\">Phineas y Ferb<\/strong> regresan para seguir demostrando por qu\u00e9 son un cl\u00e1sico animado moderno.<\/p>\t\t\t\t\t\t\t\t<\/div>\n\t\t\t\t<\/div>\n\t\t\t\t\t<\/div>\n\t\t<\/div>\n\t\t\t\t\t<\/div>\n\t\t<\/section>\n\t\t\t\t<\/div>","protected":false},"excerpt":{"rendered":"<p>La quinta temporada de Phineas y Ferb llega con nuevos episodios, desaf\u00edos y diversi\u00f3n veraniega en exclusiva por Disney+ Los hermanos m\u00e1s creativos de la animaci\u00f3n est\u00e1n de vuelta. Phineas y Ferb estrenan su quinta temporada el pr\u00f3ximo 22 de agosto en Disney+, con diez nuevos episodios disponibles desde el primer d\u00eda. En esta nueva [&hellip;]<\/p>\n","protected":false},"author":6,"featured_media":5403,"comment_status":"closed","ping_status":"closed","sticky":false,"template":"","format":"standard","meta":{"footnotes":""},"categories":[117],"tags":[],"class_list":["post-5401","post","type-post","status-publish","format-standard","has-post-thumbnail","hentry","category-peliculas-y-series"],"yoast_head":"<!-- This site is optimized with the Yoast SEO plugin v27.4 - https:\/\/yoast.com\/product\/yoast-seo-wordpress\/ -->\n<title>Phineas y Ferb regresan el 22 de agosto en una nueva temporada<\/title>\n<meta name=\"description\" content=\"La quinta temporada de Phineas y Ferb llega con nuevos episodios, desaf\u00edos y diversi\u00f3n veraniega en exclusiva por Disney+\" \/>\n<meta name=\"robots\" content=\"index, follow, max-snippet:-1, max-image-preview:large, max-video-preview:-1\" \/>\n<link rel=\"canonical\" href=\"https:\/\/unaymilletras.com\/en\/phineas-y-ferb-regresan-el-22-de-agosto-en-una-nueva-temporada\/\" \/>\n<meta property=\"og:locale\" content=\"en_GB\" \/>\n<meta property=\"og:type\" content=\"article\" \/>\n<meta property=\"og:title\" content=\"Phineas y Ferb regresan el 22 de agosto en una nueva temporada\" \/>\n<meta property=\"og:description\" content=\"La quinta temporada de Phineas y Ferb llega con nuevos episodios, desaf\u00edos y diversi\u00f3n veraniega en exclusiva por Disney+\" \/>\n<meta property=\"og:url\" content=\"https:\/\/unaymilletras.com\/en\/phineas-y-ferb-regresan-el-22-de-agosto-en-una-nueva-temporada\/\" \/>\n<meta property=\"og:site_name\" content=\"Una y Mil Letras\" \/>\n<meta property=\"article:published_time\" content=\"2025-08-08T10:00:00+00:00\" \/>\n<meta property=\"og:image\" content=\"https:\/\/unaymilletras.com\/wp-content\/uploads\/2025\/08\/1754557894409-Phineas_and_Ferb_S-e1754601740872.jpg\" \/>\n\t<meta property=\"og:image:width\" content=\"600\" \/>\n\t<meta property=\"og:image:height\" content=\"750\" \/>\n\t<meta property=\"og:image:type\" content=\"image\/jpeg\" \/>\n<meta name=\"author\" content=\"Redacci\u00f3n\" \/>\n<meta name=\"twitter:card\" content=\"summary_large_image\" \/>\n<meta name=\"twitter:creator\" content=\"@UnaYMilLetras\" \/>\n<meta name=\"twitter:site\" content=\"@UnaYMilLetras\" \/>\n<meta name=\"twitter:label1\" content=\"Written by\" \/>\n\t<meta name=\"twitter:data1\" content=\"Redacci\u00f3n\" \/>\n\t<meta name=\"twitter:label2\" content=\"Estimated reading time\" \/>\n\t<meta name=\"twitter:data2\" content=\"2 minutes\" \/>\n<script type=\"application\/ld+json\" class=\"yoast-schema-graph\">{\"@context\":\"https:\\\/\\\/schema.org\",\"@graph\":[{\"@type\":\"Article\",\"@id\":\"https:\\\/\\\/unaymilletras.com\\\/phineas-y-ferb-regresan-el-22-de-agosto-en-una-nueva-temporada\\\/#article\",\"isPartOf\":{\"@id\":\"https:\\\/\\\/unaymilletras.com\\\/phineas-y-ferb-regresan-el-22-de-agosto-en-una-nueva-temporada\\\/\"},\"author\":{\"name\":\"Redacci\u00f3n\",\"@id\":\"http:\\\/\\\/unaymilletras.com\\\/#\\\/schema\\\/person\\\/0860dc8a218329991ee2c7591f4f849d\"},\"headline\":\"Phineas y Ferb regresan el 22 de agosto en una nueva temporada\",\"datePublished\":\"2025-08-08T10:00:00+00:00\",\"mainEntityOfPage\":{\"@id\":\"https:\\\/\\\/unaymilletras.com\\\/phineas-y-ferb-regresan-el-22-de-agosto-en-una-nueva-temporada\\\/\"},\"wordCount\":231,\"publisher\":{\"@id\":\"http:\\\/\\\/unaymilletras.com\\\/#organization\"},\"image\":{\"@id\":\"https:\\\/\\\/unaymilletras.com\\\/phineas-y-ferb-regresan-el-22-de-agosto-en-una-nueva-temporada\\\/#primaryimage\"},\"thumbnailUrl\":\"https:\\\/\\\/unaymilletras.com\\\/wp-content\\\/uploads\\\/2025\\\/08\\\/1754557894409-Phineas_and_Ferb_S-e1754601740872.jpg\",\"articleSection\":[\"Pel\u00edculas y Series\"],\"inLanguage\":\"en-GB\"},{\"@type\":\"WebPage\",\"@id\":\"https:\\\/\\\/unaymilletras.com\\\/phineas-y-ferb-regresan-el-22-de-agosto-en-una-nueva-temporada\\\/\",\"url\":\"https:\\\/\\\/unaymilletras.com\\\/phineas-y-ferb-regresan-el-22-de-agosto-en-una-nueva-temporada\\\/\",\"name\":\"Phineas y Ferb regresan el 22 de agosto en una nueva temporada\",\"isPartOf\":{\"@id\":\"http:\\\/\\\/unaymilletras.com\\\/#website\"},\"primaryImageOfPage\":{\"@id\":\"https:\\\/\\\/unaymilletras.com\\\/phineas-y-ferb-regresan-el-22-de-agosto-en-una-nueva-temporada\\\/#primaryimage\"},\"image\":{\"@id\":\"https:\\\/\\\/unaymilletras.com\\\/phineas-y-ferb-regresan-el-22-de-agosto-en-una-nueva-temporada\\\/#primaryimage\"},\"thumbnailUrl\":\"https:\\\/\\\/unaymilletras.com\\\/wp-content\\\/uploads\\\/2025\\\/08\\\/1754557894409-Phineas_and_Ferb_S-e1754601740872.jpg\",\"datePublished\":\"2025-08-08T10:00:00+00:00\",\"description\":\"La quinta temporada de Phineas y Ferb llega con nuevos episodios, desaf\u00edos y diversi\u00f3n veraniega en exclusiva por Disney+\",\"breadcrumb\":{\"@id\":\"https:\\\/\\\/unaymilletras.com\\\/phineas-y-ferb-regresan-el-22-de-agosto-en-una-nueva-temporada\\\/#breadcrumb\"},\"inLanguage\":\"en-GB\",\"potentialAction\":[{\"@type\":\"ReadAction\",\"target\":[\"https:\\\/\\\/unaymilletras.com\\\/phineas-y-ferb-regresan-el-22-de-agosto-en-una-nueva-temporada\\\/\"]}]},{\"@type\":\"ImageObject\",\"inLanguage\":\"en-GB\",\"@id\":\"https:\\\/\\\/unaymilletras.com\\\/phineas-y-ferb-regresan-el-22-de-agosto-en-una-nueva-temporada\\\/#primaryimage\",\"url\":\"https:\\\/\\\/unaymilletras.com\\\/wp-content\\\/uploads\\\/2025\\\/08\\\/1754557894409-Phineas_and_Ferb_S-e1754601740872.jpg\",\"contentUrl\":\"https:\\\/\\\/unaymilletras.com\\\/wp-content\\\/uploads\\\/2025\\\/08\\\/1754557894409-Phineas_and_Ferb_S-e1754601740872.jpg\",\"width\":600,\"height\":750,\"caption\":\"Phineas y Ferb\"},{\"@type\":\"BreadcrumbList\",\"@id\":\"https:\\\/\\\/unaymilletras.com\\\/phineas-y-ferb-regresan-el-22-de-agosto-en-una-nueva-temporada\\\/#breadcrumb\",\"itemListElement\":[{\"@type\":\"ListItem\",\"position\":1,\"name\":\"Home\",\"item\":\"http:\\\/\\\/unaymilletras.com\\\/\"},{\"@type\":\"ListItem\",\"position\":2,\"name\":\"Phineas y Ferb regresan el 22 de agosto en una nueva temporada\"}]},{\"@type\":\"WebSite\",\"@id\":\"http:\\\/\\\/unaymilletras.com\\\/#website\",\"url\":\"http:\\\/\\\/unaymilletras.com\\\/\",\"name\":\"Una y Mil Letras\",\"description\":\"\",\"publisher\":{\"@id\":\"http:\\\/\\\/unaymilletras.com\\\/#organization\"},\"potentialAction\":[{\"@type\":\"SearchAction\",\"target\":{\"@type\":\"EntryPoint\",\"urlTemplate\":\"http:\\\/\\\/unaymilletras.com\\\/?s={search_term_string}\"},\"query-input\":{\"@type\":\"PropertyValueSpecification\",\"valueRequired\":true,\"valueName\":\"search_term_string\"}}],\"inLanguage\":\"en-GB\"},{\"@type\":\"Organization\",\"@id\":\"http:\\\/\\\/unaymilletras.com\\\/#organization\",\"name\":\"Una y Mil Letras\",\"url\":\"http:\\\/\\\/unaymilletras.com\\\/\",\"logo\":{\"@type\":\"ImageObject\",\"inLanguage\":\"en-GB\",\"@id\":\"http:\\\/\\\/unaymilletras.com\\\/#\\\/schema\\\/logo\\\/image\\\/\",\"url\":\"https:\\\/\\\/unaymilletras.com\\\/wp-content\\\/uploads\\\/2024\\\/06\\\/cropped-Logo-removebg-preview.png\",\"contentUrl\":\"https:\\\/\\\/unaymilletras.com\\\/wp-content\\\/uploads\\\/2024\\\/06\\\/cropped-Logo-removebg-preview.png\",\"width\":512,\"height\":512,\"caption\":\"Una y Mil Letras\"},\"image\":{\"@id\":\"http:\\\/\\\/unaymilletras.com\\\/#\\\/schema\\\/logo\\\/image\\\/\"},\"sameAs\":[\"https:\\\/\\\/x.com\\\/UnaYMilLetras\",\"https:\\\/\\\/instagram.com\\\/UnaYMilLetras\"]},{\"@type\":\"Person\",\"@id\":\"http:\\\/\\\/unaymilletras.com\\\/#\\\/schema\\\/person\\\/0860dc8a218329991ee2c7591f4f849d\",\"name\":\"Redacci\u00f3n\",\"image\":{\"@type\":\"ImageObject\",\"inLanguage\":\"en-GB\",\"@id\":\"https:\\\/\\\/secure.gravatar.com\\\/avatar\\\/d8f55e05a8b6597e45c55a1dcbdbfe44f4a360d88b48e00de5216a79b7732796?s=96&d=mm&r=g\",\"url\":\"https:\\\/\\\/secure.gravatar.com\\\/avatar\\\/d8f55e05a8b6597e45c55a1dcbdbfe44f4a360d88b48e00de5216a79b7732796?s=96&d=mm&r=g\",\"contentUrl\":\"https:\\\/\\\/secure.gravatar.com\\\/avatar\\\/d8f55e05a8b6597e45c55a1dcbdbfe44f4a360d88b48e00de5216a79b7732796?s=96&d=mm&r=g\",\"caption\":\"Redacci\u00f3n\"},\"url\":\"https:\\\/\\\/unaymilletras.com\\\/en\\\/author\\\/redaccion\\\/\"}]}<\/script>\n<!-- \/ Yoast SEO plugin. -->","yoast_head_json":{"title":"Phineas y Ferb regresan el 22 de agosto en una nueva temporada","description":"La quinta temporada de Phineas y Ferb llega con nuevos episodios, desaf\u00edos y diversi\u00f3n veraniega en exclusiva por Disney+","robots":{"index":"index","follow":"follow","max-snippet":"max-snippet:-1","max-image-preview":"max-image-preview:large","max-video-preview":"max-video-preview:-1"},"canonical":"https:\/\/unaymilletras.com\/en\/phineas-y-ferb-regresan-el-22-de-agosto-en-una-nueva-temporada\/","og_locale":"en_GB","og_type":"article","og_title":"Phineas y Ferb regresan el 22 de agosto en una nueva temporada","og_description":"La quinta temporada de Phineas y Ferb llega con nuevos episodios, desaf\u00edos y diversi\u00f3n veraniega en exclusiva por Disney+","og_url":"https:\/\/unaymilletras.com\/en\/phineas-y-ferb-regresan-el-22-de-agosto-en-una-nueva-temporada\/","og_site_name":"Una y Mil Letras","article_published_time":"2025-08-08T10:00:00+00:00","og_image":[{"width":600,"height":750,"url":"https:\/\/unaymilletras.com\/wp-content\/uploads\/2025\/08\/1754557894409-Phineas_and_Ferb_S-e1754601740872.jpg","type":"image\/jpeg"}],"author":"Redacci\u00f3n","twitter_card":"summary_large_image","twitter_creator":"@UnaYMilLetras","twitter_site":"@UnaYMilLetras","twitter_misc":{"Written by":"Redacci\u00f3n","Estimated reading time":"2 minutes"},"schema":{"@context":"https:\/\/schema.org","@graph":[{"@type":"Article","@id":"https:\/\/unaymilletras.com\/phineas-y-ferb-regresan-el-22-de-agosto-en-una-nueva-temporada\/#article","isPartOf":{"@id":"https:\/\/unaymilletras.com\/phineas-y-ferb-regresan-el-22-de-agosto-en-una-nueva-temporada\/"},"author":{"name":"Redacci\u00f3n","@id":"http:\/\/unaymilletras.com\/#\/schema\/person\/0860dc8a218329991ee2c7591f4f849d"},"headline":"Phineas y Ferb regresan el 22 de agosto en una nueva temporada","datePublished":"2025-08-08T10:00:00+00:00","mainEntityOfPage":{"@id":"https:\/\/unaymilletras.com\/phineas-y-ferb-regresan-el-22-de-agosto-en-una-nueva-temporada\/"},"wordCount":231,"publisher":{"@id":"http:\/\/unaymilletras.com\/#organization"},"image":{"@id":"https:\/\/unaymilletras.com\/phineas-y-ferb-regresan-el-22-de-agosto-en-una-nueva-temporada\/#primaryimage"},"thumbnailUrl":"https:\/\/unaymilletras.com\/wp-content\/uploads\/2025\/08\/1754557894409-Phineas_and_Ferb_S-e1754601740872.jpg","articleSection":["Pel\u00edculas y Series"],"inLanguage":"en-GB"},{"@type":"WebPage","@id":"https:\/\/unaymilletras.com\/phineas-y-ferb-regresan-el-22-de-agosto-en-una-nueva-temporada\/","url":"https:\/\/unaymilletras.com\/phineas-y-ferb-regresan-el-22-de-agosto-en-una-nueva-temporada\/","name":"Phineas y Ferb regresan el 22 de agosto en una nueva temporada","isPartOf":{"@id":"http:\/\/unaymilletras.com\/#website"},"primaryImageOfPage":{"@id":"https:\/\/unaymilletras.com\/phineas-y-ferb-regresan-el-22-de-agosto-en-una-nueva-temporada\/#primaryimage"},"image":{"@id":"https:\/\/unaymilletras.com\/phineas-y-ferb-regresan-el-22-de-agosto-en-una-nueva-temporada\/#primaryimage"},"thumbnailUrl":"https:\/\/unaymilletras.com\/wp-content\/uploads\/2025\/08\/1754557894409-Phineas_and_Ferb_S-e1754601740872.jpg","datePublished":"2025-08-08T10:00:00+00:00","description":"La quinta temporada de Phineas y Ferb llega con nuevos episodios, desaf\u00edos y diversi\u00f3n veraniega en exclusiva por Disney+","breadcrumb":{"@id":"https:\/\/unaymilletras.com\/phineas-y-ferb-regresan-el-22-de-agosto-en-una-nueva-temporada\/#breadcrumb"},"inLanguage":"en-GB","potentialAction":[{"@type":"ReadAction","target":["https:\/\/unaymilletras.com\/phineas-y-ferb-regresan-el-22-de-agosto-en-una-nueva-temporada\/"]}]},{"@type":"ImageObject","inLanguage":"en-GB","@id":"https:\/\/unaymilletras.com\/phineas-y-ferb-regresan-el-22-de-agosto-en-una-nueva-temporada\/#primaryimage","url":"https:\/\/unaymilletras.com\/wp-content\/uploads\/2025\/08\/1754557894409-Phineas_and_Ferb_S-e1754601740872.jpg","contentUrl":"https:\/\/unaymilletras.com\/wp-content\/uploads\/2025\/08\/1754557894409-Phineas_and_Ferb_S-e1754601740872.jpg","width":600,"height":750,"caption":"Phineas y Ferb"},{"@type":"BreadcrumbList","@id":"https:\/\/unaymilletras.com\/phineas-y-ferb-regresan-el-22-de-agosto-en-una-nueva-temporada\/#breadcrumb","itemListElement":[{"@type":"ListItem","position":1,"name":"Home","item":"http:\/\/unaymilletras.com\/"},{"@type":"ListItem","position":2,"name":"Phineas y Ferb regresan el 22 de agosto en una nueva temporada"}]},{"@type":"WebSite","@id":"http:\/\/unaymilletras.com\/#website","url":"http:\/\/unaymilletras.com\/","name":"Una y Mil Letras","description":"","publisher":{"@id":"http:\/\/unaymilletras.com\/#organization"},"potentialAction":[{"@type":"SearchAction","target":{"@type":"EntryPoint","urlTemplate":"http:\/\/unaymilletras.com\/?s={search_term_string}"},"query-input":{"@type":"PropertyValueSpecification","valueRequired":true,"valueName":"search_term_string"}}],"inLanguage":"en-GB"},{"@type":"Organization","@id":"http:\/\/unaymilletras.com\/#organization","name":"Una y Mil Letras","url":"http:\/\/unaymilletras.com\/","logo":{"@type":"ImageObject","inLanguage":"en-GB","@id":"http:\/\/unaymilletras.com\/#\/schema\/logo\/image\/","url":"https:\/\/unaymilletras.com\/wp-content\/uploads\/2024\/06\/cropped-Logo-removebg-preview.png","contentUrl":"https:\/\/unaymilletras.com\/wp-content\/uploads\/2024\/06\/cropped-Logo-removebg-preview.png","width":512,"height":512,"caption":"Una y Mil Letras"},"image":{"@id":"http:\/\/unaymilletras.com\/#\/schema\/logo\/image\/"},"sameAs":["https:\/\/x.com\/UnaYMilLetras","https:\/\/instagram.com\/UnaYMilLetras"]},{"@type":"Person","@id":"http:\/\/unaymilletras.com\/#\/schema\/person\/0860dc8a218329991ee2c7591f4f849d","name":"Redacci\u00f3n","image":{"@type":"ImageObject","inLanguage":"en-GB","@id":"https:\/\/secure.gravatar.com\/avatar\/d8f55e05a8b6597e45c55a1dcbdbfe44f4a360d88b48e00de5216a79b7732796?s=96&d=mm&r=g","url":"https:\/\/secure.gravatar.com\/avatar\/d8f55e05a8b6597e45c55a1dcbdbfe44f4a360d88b48e00de5216a79b7732796?s=96&d=mm&r=g","contentUrl":"https:\/\/secure.gravatar.com\/avatar\/d8f55e05a8b6597e45c55a1dcbdbfe44f4a360d88b48e00de5216a79b7732796?s=96&d=mm&r=g","caption":"Redacci\u00f3n"},"url":"https:\/\/unaymilletras.com\/en\/author\/redaccion\/"}]}},"_links":{"self":[{"href":"https:\/\/unaymilletras.com\/en\/wp-json\/wp\/v2\/posts\/5401","targetHints":{"allow":["GET"]}}],"collection":[{"href":"https:\/\/unaymilletras.com\/en\/wp-json\/wp\/v2\/posts"}],"about":[{"href":"https:\/\/unaymilletras.com\/en\/wp-json\/wp\/v2\/types\/post"}],"author":[{"embeddable":true,"href":"https:\/\/unaymilletras.com\/en\/wp-json\/wp\/v2\/users\/6"}],"replies":[{"embeddable":true,"href":"https:\/\/unaymilletras.com\/en\/wp-json\/wp\/v2\/comments?post=5401"}],"version-history":[{"count":4,"href":"https:\/\/unaymilletras.com\/en\/wp-json\/wp\/v2\/posts\/5401\/revisions"}],"predecessor-version":[{"id":5406,"href":"https:\/\/unaymilletras.com\/en\/wp-json\/wp\/v2\/posts\/5401\/revisions\/5406"}],"wp:featuredmedia":[{"embeddable":true,"href":"https:\/\/unaymilletras.com\/en\/wp-json\/wp\/v2\/media\/5403"}],"wp:attachment":[{"href":"https:\/\/unaymilletras.com\/en\/wp-json\/wp\/v2\/media?parent=5401"}],"wp:term":[{"taxonomy":"category","embeddable":true,"href":"https:\/\/unaymilletras.com\/en\/wp-json\/wp\/v2\/categories?post=5401"},{"taxonomy":"post_tag","embeddable":true,"href":"https:\/\/unaymilletras.com\/en\/wp-json\/wp\/v2\/tags?post=5401"}],"curies":[{"name":"wp","href":"https:\/\/api.w.org\/{rel}","templated":true}]}}