{"id":5408,"date":"2025-08-22T12:00:00","date_gmt":"2025-08-22T10:00:00","guid":{"rendered":"https:\/\/unaymilletras.com\/?p=5408"},"modified":"2025-08-20T12:55:05","modified_gmt":"2025-08-20T10:55:05","slug":"gon-abril-dara-un-concierto-intimo-en-las-fiestas-de-la-virgen-de-san-lorenzo-2025","status":"publish","type":"post","link":"https:\/\/unaymilletras.com\/en\/gon-abril-dara-un-concierto-intimo-en-las-fiestas-de-la-virgen-de-san-lorenzo-2025\/","title":{"rendered":"Gon Abril dar\u00e1 un concierto \u00edntimo en las Fiestas de la Virgen de San Lorenzo 2025"},"content":{"rendered":"<div data-elementor-type=\"wp-post\" data-elementor-id=\"5408\" class=\"elementor elementor-5408\">\n\t\t\t\t\t\t<section class=\"elementor-section elementor-top-section elementor-element elementor-element-7869bef elementor-section-boxed elementor-section-height-default elementor-section-height-default\" data-id=\"7869bef\" data-element_type=\"section\" data-e-type=\"section\">\n\t\t\t\t\t\t<div class=\"elementor-container elementor-column-gap-default\">\n\t\t\t\t\t<div class=\"elementor-column elementor-col-100 elementor-top-column elementor-element elementor-element-c0797fc\" data-id=\"c0797fc\" data-element_type=\"column\" data-e-type=\"column\">\n\t\t\t<div class=\"elementor-widget-wrap elementor-element-populated\">\n\t\t\t\t\t\t<div class=\"elementor-element elementor-element-d33b85f elementor-widget elementor-widget-text-editor\" data-id=\"d33b85f\" data-element_type=\"widget\" data-e-type=\"widget\" data-widget_type=\"text-editor.default\">\n\t\t\t\t<div class=\"elementor-widget-container\">\n\t\t\t\t\t\t\t\t\t<h2 style=\"text-align: center;\"><span style=\"color: #808080;\"><em>El artista Gon Abril presentar\u00e1 en la Plaza Mayor sus nuevas canciones y un repaso a los temas que marcaron su carrera<\/em><\/span><\/h2>\t\t\t\t\t\t\t\t<\/div>\n\t\t\t\t<\/div>\n\t\t\t\t\t<\/div>\n\t\t<\/div>\n\t\t\t\t\t<\/div>\n\t\t<\/section>\n\t\t\t\t<section class=\"elementor-section elementor-top-section elementor-element elementor-element-38680af elementor-section-boxed elementor-section-height-default elementor-section-height-default\" data-id=\"38680af\" data-element_type=\"section\" data-e-type=\"section\">\n\t\t\t\t\t\t<div class=\"elementor-container elementor-column-gap-default\">\n\t\t\t\t\t<div class=\"elementor-column elementor-col-100 elementor-top-column elementor-element elementor-element-1e52a5c\" data-id=\"1e52a5c\" data-element_type=\"column\" data-e-type=\"column\">\n\t\t\t<div class=\"elementor-widget-wrap elementor-element-populated\">\n\t\t\t\t\t\t<div class=\"elementor-element elementor-element-90d744a elementor-widget elementor-widget-text-editor\" data-id=\"90d744a\" data-element_type=\"widget\" data-e-type=\"widget\" data-widget_type=\"text-editor.default\">\n\t\t\t\t<div class=\"elementor-widget-container\">\n\t\t\t\t\t\t\t\t\t<p data-start=\"220\" data-end=\"433\">El pr\u00f3ximo <strong data-start=\"231\" data-end=\"251\">10 de septiembre<\/strong>, <strong data-start=\"253\" data-end=\"266\">Gon Abril<\/strong> regresar\u00e1 a <strong data-start=\"279\" data-end=\"293\">Valladolid<\/strong> para ofrecer un concierto exclusivo en la <strong data-start=\"336\" data-end=\"351\">Plaza Mayor<\/strong>, dentro del cartel oficial de las <strong data-start=\"386\" data-end=\"430\">Fiestas de la Virgen de San Lorenzo 2025<\/strong>.<\/p><p data-start=\"435\" data-end=\"686\">Ser\u00e1 una cita muy especial para el cantante, que volver\u00e1 a su ciudad natal con un espect\u00e1culo cargado de emoci\u00f3n. Presentar\u00e1 por primera vez en directo algunos de sus <strong data-start=\"602\" data-end=\"618\">nuevos temas<\/strong> y repasar\u00e1 las canciones que lo han acompa\u00f1ado desde sus inicios.<\/p>\t\t\t\t\t\t\t\t<\/div>\n\t\t\t\t<\/div>\n\t\t\t\t\t<\/div>\n\t\t<\/div>\n\t\t\t\t\t<\/div>\n\t\t<\/section>\n\t\t\t\t<section class=\"elementor-section elementor-top-section elementor-element elementor-element-c8d0a41 elementor-section-boxed elementor-section-height-default elementor-section-height-default\" data-id=\"c8d0a41\" data-element_type=\"section\" data-e-type=\"section\">\n\t\t\t\t\t\t<div class=\"elementor-container elementor-column-gap-default\">\n\t\t\t\t\t<div class=\"elementor-column elementor-col-100 elementor-top-column elementor-element elementor-element-d4ac00e\" data-id=\"d4ac00e\" data-element_type=\"column\" data-e-type=\"column\">\n\t\t\t<div class=\"elementor-widget-wrap elementor-element-populated\">\n\t\t\t\t\t\t<div class=\"elementor-element elementor-element-a8fa6fd elementor-widget elementor-widget-image\" data-id=\"a8fa6fd\" data-element_type=\"widget\" data-e-type=\"widget\" data-widget_type=\"image.default\">\n\t\t\t\t<div class=\"elementor-widget-container\">\n\t\t\t\t\t\t\t\t\t\t\t\t\t\t\t<img fetchpriority=\"high\" decoding=\"async\" width=\"247\" height=\"352\" src=\"https:\/\/unaymilletras.com\/wp-content\/uploads\/2025\/08\/upGbOlUVZGLG.jpg\" class=\"attachment-large size-large wp-image-5410\" alt=\"Gon Abril\" srcset=\"https:\/\/unaymilletras.com\/wp-content\/uploads\/2025\/08\/upGbOlUVZGLG.jpg 247w, https:\/\/unaymilletras.com\/wp-content\/uploads\/2025\/08\/upGbOlUVZGLG-211x300.jpg 211w, https:\/\/unaymilletras.com\/wp-content\/uploads\/2025\/08\/upGbOlUVZGLG-8x12.jpg 8w\" sizes=\"(max-width: 247px) 100vw, 247px\" \/>\t\t\t\t\t\t\t\t\t\t\t\t\t\t\t<\/div>\n\t\t\t\t<\/div>\n\t\t\t\t\t<\/div>\n\t\t<\/div>\n\t\t\t\t\t<\/div>\n\t\t<\/section>\n\t\t\t\t<section class=\"elementor-section elementor-top-section elementor-element elementor-element-3eaf0ce elementor-section-boxed elementor-section-height-default elementor-section-height-default\" data-id=\"3eaf0ce\" data-element_type=\"section\" data-e-type=\"section\">\n\t\t\t\t\t\t<div class=\"elementor-container elementor-column-gap-default\">\n\t\t\t\t\t<div class=\"elementor-column elementor-col-100 elementor-top-column elementor-element elementor-element-a0d33ea\" data-id=\"a0d33ea\" data-element_type=\"column\" data-e-type=\"column\">\n\t\t\t<div class=\"elementor-widget-wrap elementor-element-populated\">\n\t\t\t\t\t\t<div class=\"elementor-element elementor-element-a5fb0cc elementor-widget elementor-widget-text-editor\" data-id=\"a5fb0cc\" data-element_type=\"widget\" data-e-type=\"widget\" data-widget_type=\"text-editor.default\">\n\t\t\t\t<div class=\"elementor-widget-container\">\n\t\t\t\t\t\t\t\t\t<p data-start=\"688\" data-end=\"893\">El artista acaba de abrir una <strong data-start=\"718\" data-end=\"741\">nueva etapa musical<\/strong> con <span style=\"color: #808080;\"><a style=\"color: #808080;\" href=\"https:\/\/www.youtube.com\/watch?v=Y1GQmRivMAo&amp;ab_channel=GonAbril\"><em data-start=\"746\" data-end=\"759\">La Tormenta<\/em><\/a><\/span>, lanzada en mayo. Este trabajo ha conquistado a sus seguidores con una <strong data-start=\"831\" data-end=\"854\">madurez compositiva<\/strong> y una <strong data-start=\"861\" data-end=\"890\">propuesta sonora renovada<\/strong>.<\/p><p data-start=\"895\" data-end=\"1071\">El concierto ser\u00e1 el primer gran testimonio de esta nueva era. Gon Abril ya ha adelantado en redes que habr\u00e1 <strong data-start=\"1004\" data-end=\"1022\">m\u00fasica in\u00e9dita<\/strong> muy pronto, como parte de su pr\u00f3ximo proyecto.<\/p><p data-start=\"1073\" data-end=\"1241\" data-is-last-node=\"\" data-is-only-node=\"\">Con un estilo <strong data-start=\"1087\" data-end=\"1100\">indie-pop<\/strong> con tintes de rock alternativo, Gon Abril se ha posicionado como una de las voces emergentes m\u00e1s aut\u00e9nticas del panorama musical en espa\u00f1ol.<\/p>\t\t\t\t\t\t\t\t<\/div>\n\t\t\t\t<\/div>\n\t\t\t\t\t<\/div>\n\t\t<\/div>\n\t\t\t\t\t<\/div>\n\t\t<\/section>\n\t\t\t\t<\/div>","protected":false},"excerpt":{"rendered":"<p>El artista Gon Abril presentar\u00e1 en la Plaza Mayor sus nuevas canciones y un repaso a los temas que marcaron su carrera El pr\u00f3ximo 10 de septiembre, Gon Abril regresar\u00e1 a Valladolid para ofrecer un concierto exclusivo en la Plaza Mayor, dentro del cartel oficial de las Fiestas de la Virgen de San Lorenzo 2025. [&hellip;]<\/p>\n","protected":false},"author":6,"featured_media":5410,"comment_status":"closed","ping_status":"closed","sticky":false,"template":"","format":"standard","meta":{"footnotes":""},"categories":[4],"tags":[],"class_list":["post-5408","post","type-post","status-publish","format-standard","has-post-thumbnail","hentry","category-musica"],"yoast_head":"<!-- This site is optimized with the Yoast SEO plugin v27.4 - https:\/\/yoast.com\/product\/yoast-seo-wordpress\/ -->\n<title>Gon Abril dar\u00e1 un concierto \u00edntimo en las Fiestas de la Virgen de San Lorenzo 2025<\/title>\n<meta name=\"description\" content=\"El artista Gon Abril presentar\u00e1 en la Plaza Mayor sus nuevas canciones y un repaso a los temas que marcaron su carrera\" \/>\n<meta name=\"robots\" content=\"index, follow, max-snippet:-1, max-image-preview:large, max-video-preview:-1\" \/>\n<link rel=\"canonical\" href=\"https:\/\/unaymilletras.com\/en\/gon-abril-dara-un-concierto-intimo-en-las-fiestas-de-la-virgen-de-san-lorenzo-2025\/\" \/>\n<meta property=\"og:locale\" content=\"en_GB\" \/>\n<meta property=\"og:type\" content=\"article\" \/>\n<meta property=\"og:title\" content=\"Gon Abril dar\u00e1 un concierto \u00edntimo en las Fiestas de la Virgen de San Lorenzo 2025\" \/>\n<meta property=\"og:description\" content=\"El artista Gon Abril presentar\u00e1 en la Plaza Mayor sus nuevas canciones y un repaso a los temas que marcaron su carrera\" \/>\n<meta property=\"og:url\" content=\"https:\/\/unaymilletras.com\/en\/gon-abril-dara-un-concierto-intimo-en-las-fiestas-de-la-virgen-de-san-lorenzo-2025\/\" \/>\n<meta property=\"og:site_name\" content=\"Una y Mil Letras\" \/>\n<meta property=\"article:published_time\" content=\"2025-08-22T10:00:00+00:00\" \/>\n<meta property=\"og:image\" content=\"https:\/\/unaymilletras.com\/wp-content\/uploads\/2025\/08\/upGbOlUVZGLG.jpg\" \/>\n\t<meta property=\"og:image:width\" content=\"247\" \/>\n\t<meta property=\"og:image:height\" content=\"352\" \/>\n\t<meta property=\"og:image:type\" content=\"image\/jpeg\" \/>\n<meta name=\"author\" content=\"Redacci\u00f3n\" \/>\n<meta name=\"twitter:card\" content=\"summary_large_image\" \/>\n<meta name=\"twitter:creator\" content=\"@UnaYMilLetras\" \/>\n<meta name=\"twitter:site\" content=\"@UnaYMilLetras\" \/>\n<meta name=\"twitter:label1\" content=\"Written by\" \/>\n\t<meta name=\"twitter:data1\" content=\"Redacci\u00f3n\" \/>\n\t<meta name=\"twitter:label2\" content=\"Estimated reading time\" \/>\n\t<meta name=\"twitter:data2\" content=\"2 minutes\" \/>\n<script type=\"application\/ld+json\" class=\"yoast-schema-graph\">{\"@context\":\"https:\\\/\\\/schema.org\",\"@graph\":[{\"@type\":\"Article\",\"@id\":\"https:\\\/\\\/unaymilletras.com\\\/gon-abril-dara-un-concierto-intimo-en-las-fiestas-de-la-virgen-de-san-lorenzo-2025\\\/#article\",\"isPartOf\":{\"@id\":\"https:\\\/\\\/unaymilletras.com\\\/gon-abril-dara-un-concierto-intimo-en-las-fiestas-de-la-virgen-de-san-lorenzo-2025\\\/\"},\"author\":{\"name\":\"Redacci\u00f3n\",\"@id\":\"http:\\\/\\\/unaymilletras.com\\\/#\\\/schema\\\/person\\\/0860dc8a218329991ee2c7591f4f849d\"},\"headline\":\"Gon Abril dar\u00e1 un concierto \u00edntimo en las Fiestas de la Virgen de San Lorenzo 2025\",\"datePublished\":\"2025-08-22T10:00:00+00:00\",\"mainEntityOfPage\":{\"@id\":\"https:\\\/\\\/unaymilletras.com\\\/gon-abril-dara-un-concierto-intimo-en-las-fiestas-de-la-virgen-de-san-lorenzo-2025\\\/\"},\"wordCount\":208,\"publisher\":{\"@id\":\"http:\\\/\\\/unaymilletras.com\\\/#organization\"},\"image\":{\"@id\":\"https:\\\/\\\/unaymilletras.com\\\/gon-abril-dara-un-concierto-intimo-en-las-fiestas-de-la-virgen-de-san-lorenzo-2025\\\/#primaryimage\"},\"thumbnailUrl\":\"https:\\\/\\\/unaymilletras.com\\\/wp-content\\\/uploads\\\/2025\\\/08\\\/upGbOlUVZGLG.jpg\",\"articleSection\":[\"M\u00fasica\"],\"inLanguage\":\"en-GB\"},{\"@type\":\"WebPage\",\"@id\":\"https:\\\/\\\/unaymilletras.com\\\/gon-abril-dara-un-concierto-intimo-en-las-fiestas-de-la-virgen-de-san-lorenzo-2025\\\/\",\"url\":\"https:\\\/\\\/unaymilletras.com\\\/gon-abril-dara-un-concierto-intimo-en-las-fiestas-de-la-virgen-de-san-lorenzo-2025\\\/\",\"name\":\"Gon Abril dar\u00e1 un concierto \u00edntimo en las Fiestas de la Virgen de San Lorenzo 2025\",\"isPartOf\":{\"@id\":\"http:\\\/\\\/unaymilletras.com\\\/#website\"},\"primaryImageOfPage\":{\"@id\":\"https:\\\/\\\/unaymilletras.com\\\/gon-abril-dara-un-concierto-intimo-en-las-fiestas-de-la-virgen-de-san-lorenzo-2025\\\/#primaryimage\"},\"image\":{\"@id\":\"https:\\\/\\\/unaymilletras.com\\\/gon-abril-dara-un-concierto-intimo-en-las-fiestas-de-la-virgen-de-san-lorenzo-2025\\\/#primaryimage\"},\"thumbnailUrl\":\"https:\\\/\\\/unaymilletras.com\\\/wp-content\\\/uploads\\\/2025\\\/08\\\/upGbOlUVZGLG.jpg\",\"datePublished\":\"2025-08-22T10:00:00+00:00\",\"description\":\"El artista Gon Abril presentar\u00e1 en la Plaza Mayor sus nuevas canciones y un repaso a los temas que marcaron su carrera\",\"breadcrumb\":{\"@id\":\"https:\\\/\\\/unaymilletras.com\\\/gon-abril-dara-un-concierto-intimo-en-las-fiestas-de-la-virgen-de-san-lorenzo-2025\\\/#breadcrumb\"},\"inLanguage\":\"en-GB\",\"potentialAction\":[{\"@type\":\"ReadAction\",\"target\":[\"https:\\\/\\\/unaymilletras.com\\\/gon-abril-dara-un-concierto-intimo-en-las-fiestas-de-la-virgen-de-san-lorenzo-2025\\\/\"]}]},{\"@type\":\"ImageObject\",\"inLanguage\":\"en-GB\",\"@id\":\"https:\\\/\\\/unaymilletras.com\\\/gon-abril-dara-un-concierto-intimo-en-las-fiestas-de-la-virgen-de-san-lorenzo-2025\\\/#primaryimage\",\"url\":\"https:\\\/\\\/unaymilletras.com\\\/wp-content\\\/uploads\\\/2025\\\/08\\\/upGbOlUVZGLG.jpg\",\"contentUrl\":\"https:\\\/\\\/unaymilletras.com\\\/wp-content\\\/uploads\\\/2025\\\/08\\\/upGbOlUVZGLG.jpg\",\"width\":247,\"height\":352,\"caption\":\"Gon Abril\"},{\"@type\":\"BreadcrumbList\",\"@id\":\"https:\\\/\\\/unaymilletras.com\\\/gon-abril-dara-un-concierto-intimo-en-las-fiestas-de-la-virgen-de-san-lorenzo-2025\\\/#breadcrumb\",\"itemListElement\":[{\"@type\":\"ListItem\",\"position\":1,\"name\":\"Home\",\"item\":\"http:\\\/\\\/unaymilletras.com\\\/\"},{\"@type\":\"ListItem\",\"position\":2,\"name\":\"Gon Abril dar\u00e1 un concierto \u00edntimo en las Fiestas de la Virgen de San Lorenzo 2025\"}]},{\"@type\":\"WebSite\",\"@id\":\"http:\\\/\\\/unaymilletras.com\\\/#website\",\"url\":\"http:\\\/\\\/unaymilletras.com\\\/\",\"name\":\"Una y Mil Letras\",\"description\":\"\",\"publisher\":{\"@id\":\"http:\\\/\\\/unaymilletras.com\\\/#organization\"},\"potentialAction\":[{\"@type\":\"SearchAction\",\"target\":{\"@type\":\"EntryPoint\",\"urlTemplate\":\"http:\\\/\\\/unaymilletras.com\\\/?s={search_term_string}\"},\"query-input\":{\"@type\":\"PropertyValueSpecification\",\"valueRequired\":true,\"valueName\":\"search_term_string\"}}],\"inLanguage\":\"en-GB\"},{\"@type\":\"Organization\",\"@id\":\"http:\\\/\\\/unaymilletras.com\\\/#organization\",\"name\":\"Una y Mil Letras\",\"url\":\"http:\\\/\\\/unaymilletras.com\\\/\",\"logo\":{\"@type\":\"ImageObject\",\"inLanguage\":\"en-GB\",\"@id\":\"http:\\\/\\\/unaymilletras.com\\\/#\\\/schema\\\/logo\\\/image\\\/\",\"url\":\"https:\\\/\\\/unaymilletras.com\\\/wp-content\\\/uploads\\\/2024\\\/06\\\/cropped-Logo-removebg-preview.png\",\"contentUrl\":\"https:\\\/\\\/unaymilletras.com\\\/wp-content\\\/uploads\\\/2024\\\/06\\\/cropped-Logo-removebg-preview.png\",\"width\":512,\"height\":512,\"caption\":\"Una y Mil Letras\"},\"image\":{\"@id\":\"http:\\\/\\\/unaymilletras.com\\\/#\\\/schema\\\/logo\\\/image\\\/\"},\"sameAs\":[\"https:\\\/\\\/x.com\\\/UnaYMilLetras\",\"https:\\\/\\\/instagram.com\\\/UnaYMilLetras\"]},{\"@type\":\"Person\",\"@id\":\"http:\\\/\\\/unaymilletras.com\\\/#\\\/schema\\\/person\\\/0860dc8a218329991ee2c7591f4f849d\",\"name\":\"Redacci\u00f3n\",\"image\":{\"@type\":\"ImageObject\",\"inLanguage\":\"en-GB\",\"@id\":\"https:\\\/\\\/secure.gravatar.com\\\/avatar\\\/d8f55e05a8b6597e45c55a1dcbdbfe44f4a360d88b48e00de5216a79b7732796?s=96&d=mm&r=g\",\"url\":\"https:\\\/\\\/secure.gravatar.com\\\/avatar\\\/d8f55e05a8b6597e45c55a1dcbdbfe44f4a360d88b48e00de5216a79b7732796?s=96&d=mm&r=g\",\"contentUrl\":\"https:\\\/\\\/secure.gravatar.com\\\/avatar\\\/d8f55e05a8b6597e45c55a1dcbdbfe44f4a360d88b48e00de5216a79b7732796?s=96&d=mm&r=g\",\"caption\":\"Redacci\u00f3n\"},\"url\":\"https:\\\/\\\/unaymilletras.com\\\/en\\\/author\\\/redaccion\\\/\"}]}<\/script>\n<!-- \/ Yoast SEO plugin. -->","yoast_head_json":{"title":"Gon Abril dar\u00e1 un concierto \u00edntimo en las Fiestas de la Virgen de San Lorenzo 2025","description":"El artista Gon Abril presentar\u00e1 en la Plaza Mayor sus nuevas canciones y un repaso a los temas que marcaron su carrera","robots":{"index":"index","follow":"follow","max-snippet":"max-snippet:-1","max-image-preview":"max-image-preview:large","max-video-preview":"max-video-preview:-1"},"canonical":"https:\/\/unaymilletras.com\/en\/gon-abril-dara-un-concierto-intimo-en-las-fiestas-de-la-virgen-de-san-lorenzo-2025\/","og_locale":"en_GB","og_type":"article","og_title":"Gon Abril dar\u00e1 un concierto \u00edntimo en las Fiestas de la Virgen de San Lorenzo 2025","og_description":"El artista Gon Abril presentar\u00e1 en la Plaza Mayor sus nuevas canciones y un repaso a los temas que marcaron su carrera","og_url":"https:\/\/unaymilletras.com\/en\/gon-abril-dara-un-concierto-intimo-en-las-fiestas-de-la-virgen-de-san-lorenzo-2025\/","og_site_name":"Una y Mil Letras","article_published_time":"2025-08-22T10:00:00+00:00","og_image":[{"width":247,"height":352,"url":"https:\/\/unaymilletras.com\/wp-content\/uploads\/2025\/08\/upGbOlUVZGLG.jpg","type":"image\/jpeg"}],"author":"Redacci\u00f3n","twitter_card":"summary_large_image","twitter_creator":"@UnaYMilLetras","twitter_site":"@UnaYMilLetras","twitter_misc":{"Written by":"Redacci\u00f3n","Estimated reading time":"2 minutes"},"schema":{"@context":"https:\/\/schema.org","@graph":[{"@type":"Article","@id":"https:\/\/unaymilletras.com\/gon-abril-dara-un-concierto-intimo-en-las-fiestas-de-la-virgen-de-san-lorenzo-2025\/#article","isPartOf":{"@id":"https:\/\/unaymilletras.com\/gon-abril-dara-un-concierto-intimo-en-las-fiestas-de-la-virgen-de-san-lorenzo-2025\/"},"author":{"name":"Redacci\u00f3n","@id":"http:\/\/unaymilletras.com\/#\/schema\/person\/0860dc8a218329991ee2c7591f4f849d"},"headline":"Gon Abril dar\u00e1 un concierto \u00edntimo en las Fiestas de la Virgen de San Lorenzo 2025","datePublished":"2025-08-22T10:00:00+00:00","mainEntityOfPage":{"@id":"https:\/\/unaymilletras.com\/gon-abril-dara-un-concierto-intimo-en-las-fiestas-de-la-virgen-de-san-lorenzo-2025\/"},"wordCount":208,"publisher":{"@id":"http:\/\/unaymilletras.com\/#organization"},"image":{"@id":"https:\/\/unaymilletras.com\/gon-abril-dara-un-concierto-intimo-en-las-fiestas-de-la-virgen-de-san-lorenzo-2025\/#primaryimage"},"thumbnailUrl":"https:\/\/unaymilletras.com\/wp-content\/uploads\/2025\/08\/upGbOlUVZGLG.jpg","articleSection":["M\u00fasica"],"inLanguage":"en-GB"},{"@type":"WebPage","@id":"https:\/\/unaymilletras.com\/gon-abril-dara-un-concierto-intimo-en-las-fiestas-de-la-virgen-de-san-lorenzo-2025\/","url":"https:\/\/unaymilletras.com\/gon-abril-dara-un-concierto-intimo-en-las-fiestas-de-la-virgen-de-san-lorenzo-2025\/","name":"Gon Abril dar\u00e1 un concierto \u00edntimo en las Fiestas de la Virgen de San Lorenzo 2025","isPartOf":{"@id":"http:\/\/unaymilletras.com\/#website"},"primaryImageOfPage":{"@id":"https:\/\/unaymilletras.com\/gon-abril-dara-un-concierto-intimo-en-las-fiestas-de-la-virgen-de-san-lorenzo-2025\/#primaryimage"},"image":{"@id":"https:\/\/unaymilletras.com\/gon-abril-dara-un-concierto-intimo-en-las-fiestas-de-la-virgen-de-san-lorenzo-2025\/#primaryimage"},"thumbnailUrl":"https:\/\/unaymilletras.com\/wp-content\/uploads\/2025\/08\/upGbOlUVZGLG.jpg","datePublished":"2025-08-22T10:00:00+00:00","description":"El artista Gon Abril presentar\u00e1 en la Plaza Mayor sus nuevas canciones y un repaso a los temas que marcaron su carrera","breadcrumb":{"@id":"https:\/\/unaymilletras.com\/gon-abril-dara-un-concierto-intimo-en-las-fiestas-de-la-virgen-de-san-lorenzo-2025\/#breadcrumb"},"inLanguage":"en-GB","potentialAction":[{"@type":"ReadAction","target":["https:\/\/unaymilletras.com\/gon-abril-dara-un-concierto-intimo-en-las-fiestas-de-la-virgen-de-san-lorenzo-2025\/"]}]},{"@type":"ImageObject","inLanguage":"en-GB","@id":"https:\/\/unaymilletras.com\/gon-abril-dara-un-concierto-intimo-en-las-fiestas-de-la-virgen-de-san-lorenzo-2025\/#primaryimage","url":"https:\/\/unaymilletras.com\/wp-content\/uploads\/2025\/08\/upGbOlUVZGLG.jpg","contentUrl":"https:\/\/unaymilletras.com\/wp-content\/uploads\/2025\/08\/upGbOlUVZGLG.jpg","width":247,"height":352,"caption":"Gon Abril"},{"@type":"BreadcrumbList","@id":"https:\/\/unaymilletras.com\/gon-abril-dara-un-concierto-intimo-en-las-fiestas-de-la-virgen-de-san-lorenzo-2025\/#breadcrumb","itemListElement":[{"@type":"ListItem","position":1,"name":"Home","item":"http:\/\/unaymilletras.com\/"},{"@type":"ListItem","position":2,"name":"Gon Abril dar\u00e1 un concierto \u00edntimo en las Fiestas de la Virgen de San Lorenzo 2025"}]},{"@type":"WebSite","@id":"http:\/\/unaymilletras.com\/#website","url":"http:\/\/unaymilletras.com\/","name":"Una y Mil Letras","description":"","publisher":{"@id":"http:\/\/unaymilletras.com\/#organization"},"potentialAction":[{"@type":"SearchAction","target":{"@type":"EntryPoint","urlTemplate":"http:\/\/unaymilletras.com\/?s={search_term_string}"},"query-input":{"@type":"PropertyValueSpecification","valueRequired":true,"valueName":"search_term_string"}}],"inLanguage":"en-GB"},{"@type":"Organization","@id":"http:\/\/unaymilletras.com\/#organization","name":"Una y Mil Letras","url":"http:\/\/unaymilletras.com\/","logo":{"@type":"ImageObject","inLanguage":"en-GB","@id":"http:\/\/unaymilletras.com\/#\/schema\/logo\/image\/","url":"https:\/\/unaymilletras.com\/wp-content\/uploads\/2024\/06\/cropped-Logo-removebg-preview.png","contentUrl":"https:\/\/unaymilletras.com\/wp-content\/uploads\/2024\/06\/cropped-Logo-removebg-preview.png","width":512,"height":512,"caption":"Una y Mil Letras"},"image":{"@id":"http:\/\/unaymilletras.com\/#\/schema\/logo\/image\/"},"sameAs":["https:\/\/x.com\/UnaYMilLetras","https:\/\/instagram.com\/UnaYMilLetras"]},{"@type":"Person","@id":"http:\/\/unaymilletras.com\/#\/schema\/person\/0860dc8a218329991ee2c7591f4f849d","name":"Redacci\u00f3n","image":{"@type":"ImageObject","inLanguage":"en-GB","@id":"https:\/\/secure.gravatar.com\/avatar\/d8f55e05a8b6597e45c55a1dcbdbfe44f4a360d88b48e00de5216a79b7732796?s=96&d=mm&r=g","url":"https:\/\/secure.gravatar.com\/avatar\/d8f55e05a8b6597e45c55a1dcbdbfe44f4a360d88b48e00de5216a79b7732796?s=96&d=mm&r=g","contentUrl":"https:\/\/secure.gravatar.com\/avatar\/d8f55e05a8b6597e45c55a1dcbdbfe44f4a360d88b48e00de5216a79b7732796?s=96&d=mm&r=g","caption":"Redacci\u00f3n"},"url":"https:\/\/unaymilletras.com\/en\/author\/redaccion\/"}]}},"_links":{"self":[{"href":"https:\/\/unaymilletras.com\/en\/wp-json\/wp\/v2\/posts\/5408","targetHints":{"allow":["GET"]}}],"collection":[{"href":"https:\/\/unaymilletras.com\/en\/wp-json\/wp\/v2\/posts"}],"about":[{"href":"https:\/\/unaymilletras.com\/en\/wp-json\/wp\/v2\/types\/post"}],"author":[{"embeddable":true,"href":"https:\/\/unaymilletras.com\/en\/wp-json\/wp\/v2\/users\/6"}],"replies":[{"embeddable":true,"href":"https:\/\/unaymilletras.com\/en\/wp-json\/wp\/v2\/comments?post=5408"}],"version-history":[{"count":4,"href":"https:\/\/unaymilletras.com\/en\/wp-json\/wp\/v2\/posts\/5408\/revisions"}],"predecessor-version":[{"id":5413,"href":"https:\/\/unaymilletras.com\/en\/wp-json\/wp\/v2\/posts\/5408\/revisions\/5413"}],"wp:featuredmedia":[{"embeddable":true,"href":"https:\/\/unaymilletras.com\/en\/wp-json\/wp\/v2\/media\/5410"}],"wp:attachment":[{"href":"https:\/\/unaymilletras.com\/en\/wp-json\/wp\/v2\/media?parent=5408"}],"wp:term":[{"taxonomy":"category","embeddable":true,"href":"https:\/\/unaymilletras.com\/en\/wp-json\/wp\/v2\/categories?post=5408"},{"taxonomy":"post_tag","embeddable":true,"href":"https:\/\/unaymilletras.com\/en\/wp-json\/wp\/v2\/tags?post=5408"}],"curies":[{"name":"wp","href":"https:\/\/api.w.org\/{rel}","templated":true}]}}