{"id":5439,"date":"2025-08-12T16:37:04","date_gmt":"2025-08-12T14:37:04","guid":{"rendered":"https:\/\/unaymilletras.com\/?p=5439"},"modified":"2025-08-12T16:40:10","modified_gmt":"2025-08-12T14:40:10","slug":"saiko-llevara-natsukashii-yoru-a-madrid-y-barcelona","status":"publish","type":"post","link":"https:\/\/unaymilletras.com\/en\/saiko-llevara-natsukashii-yoru-a-madrid-y-barcelona\/","title":{"rendered":"Saiko llevar\u00e1 \u201cNatsukashii Yoru\u201d a Madrid y Barcelona"},"content":{"rendered":"<div data-elementor-type=\"wp-post\" data-elementor-id=\"5439\" class=\"elementor elementor-5439\">\n\t\t\t\t\t\t<section class=\"elementor-section elementor-top-section elementor-element elementor-element-cc1093c elementor-section-boxed elementor-section-height-default elementor-section-height-default\" data-id=\"cc1093c\" data-element_type=\"section\" data-e-type=\"section\">\n\t\t\t\t\t\t<div class=\"elementor-container elementor-column-gap-default\">\n\t\t\t\t\t<div class=\"elementor-column elementor-col-100 elementor-top-column elementor-element elementor-element-a84dfff\" data-id=\"a84dfff\" data-element_type=\"column\" data-e-type=\"column\">\n\t\t\t<div class=\"elementor-widget-wrap elementor-element-populated\">\n\t\t\t\t\t\t<div class=\"elementor-element elementor-element-9b80c98 elementor-widget elementor-widget-text-editor\" data-id=\"9b80c98\" data-element_type=\"widget\" data-e-type=\"widget\" data-widget_type=\"text-editor.default\">\n\t\t\t\t<div class=\"elementor-widget-container\">\n\t\t\t\t\t\t\t\t\t<h2 style=\"text-align: center;\"><span style=\"color: #808080;\"><em>Saiko confirma dos conciertos para presentar su \u00e1lbum m\u00e1s personal y conectar con su p\u00fablico de forma \u00edntima<\/em><\/span><\/h2>\t\t\t\t\t\t\t\t<\/div>\n\t\t\t\t<\/div>\n\t\t\t\t\t<\/div>\n\t\t<\/div>\n\t\t\t\t\t<\/div>\n\t\t<\/section>\n\t\t\t\t<section class=\"elementor-section elementor-top-section elementor-element elementor-element-a74c30d elementor-section-boxed elementor-section-height-default elementor-section-height-default\" data-id=\"a74c30d\" data-element_type=\"section\" data-e-type=\"section\">\n\t\t\t\t\t\t<div class=\"elementor-container elementor-column-gap-default\">\n\t\t\t\t\t<div class=\"elementor-column elementor-col-100 elementor-top-column elementor-element elementor-element-6d44c4e\" data-id=\"6d44c4e\" data-element_type=\"column\" data-e-type=\"column\">\n\t\t\t<div class=\"elementor-widget-wrap elementor-element-populated\">\n\t\t\t\t\t\t<div class=\"elementor-element elementor-element-e407703 elementor-widget elementor-widget-text-editor\" data-id=\"e407703\" data-element_type=\"widget\" data-e-type=\"widget\" data-widget_type=\"text-editor.default\">\n\t\t\t\t<div class=\"elementor-widget-container\">\n\t\t\t\t\t\t\t\t\t<p data-start=\"250\" data-end=\"586\"><strong>Saiko<\/strong> ha anunciado las dos fechas m\u00e1s esperadas de su gira <strong><em data-start=\"309\" data-end=\"327\">Natsukashii Yoru<\/em><\/strong>: el <strong>11 de octubre en el Palau Sant Jordi de Barcelona<\/strong> y el<strong> 16 de octubre en el Movistar Arena de Madrid<\/strong>. Ser\u00e1n dos shows clave en su nueva etapa art\u00edstica, marcada por una conexi\u00f3n m\u00e1s directa con su esencia y con quienes lo han acompa\u00f1ado desde el inicio.<\/p><p>Las entradas estar\u00e1n a la venta ma\u00f1ana,<b>\u00a0mi\u00e9rcoles 13 de agosto<\/b>\u00a0a partir de las\u00a0<b>10:00 (hora pen\u00ednsular).<\/b><\/p><ul><li>Barcelona: <a title=\"https:\/\/www.theproject.es\/es\/saiko\" href=\"https:\/\/www.theproject.es\/es\/saiko\" target=\"_blank\" rel=\"nofollow noopener\">Theproject.es<\/a><\/li><li>Madrid: <a title=\"https:\/\/enterticket.net\/saikogranada2025\/\" href=\"https:\/\/enterticket.net\/saikogranada2025\/\" target=\"_blank\" rel=\"nofollow noopener\">enterticket.es<\/a><\/li><\/ul>\t\t\t\t\t\t\t\t<\/div>\n\t\t\t\t<\/div>\n\t\t\t\t\t<\/div>\n\t\t<\/div>\n\t\t\t\t\t<\/div>\n\t\t<\/section>\n\t\t\t\t<section class=\"elementor-section elementor-top-section elementor-element elementor-element-63e204b elementor-section-boxed elementor-section-height-default elementor-section-height-default\" data-id=\"63e204b\" data-element_type=\"section\" data-e-type=\"section\">\n\t\t\t\t\t\t<div class=\"elementor-container elementor-column-gap-default\">\n\t\t\t\t\t<div class=\"elementor-column elementor-col-100 elementor-top-column elementor-element elementor-element-6969e3f\" data-id=\"6969e3f\" data-element_type=\"column\" data-e-type=\"column\">\n\t\t\t<div class=\"elementor-widget-wrap elementor-element-populated\">\n\t\t\t\t\t\t<div class=\"elementor-element elementor-element-9f13131 elementor-widget elementor-widget-image\" data-id=\"9f13131\" data-element_type=\"widget\" data-e-type=\"widget\" data-widget_type=\"image.default\">\n\t\t\t\t<div class=\"elementor-widget-container\">\n\t\t\t\t\t\t\t\t\t\t\t\t\t\t\t<img fetchpriority=\"high\" decoding=\"async\" width=\"640\" height=\"640\" src=\"https:\/\/unaymilletras.com\/wp-content\/uploads\/2025\/08\/1080x1080-1024x1024.jpeg\" class=\"attachment-large size-large wp-image-5441\" alt=\"Saiko\" srcset=\"https:\/\/unaymilletras.com\/wp-content\/uploads\/2025\/08\/1080x1080-1024x1024.jpeg 1024w, https:\/\/unaymilletras.com\/wp-content\/uploads\/2025\/08\/1080x1080-300x300.jpeg 300w, https:\/\/unaymilletras.com\/wp-content\/uploads\/2025\/08\/1080x1080-150x150.jpeg 150w, https:\/\/unaymilletras.com\/wp-content\/uploads\/2025\/08\/1080x1080-768x768.jpeg 768w, https:\/\/unaymilletras.com\/wp-content\/uploads\/2025\/08\/1080x1080-12x12.jpeg 12w, https:\/\/unaymilletras.com\/wp-content\/uploads\/2025\/08\/1080x1080-e1755009030121.jpeg 600w\" sizes=\"(max-width: 640px) 100vw, 640px\" \/>\t\t\t\t\t\t\t\t\t\t\t\t\t\t\t<\/div>\n\t\t\t\t<\/div>\n\t\t\t\t\t<\/div>\n\t\t<\/div>\n\t\t\t\t\t<\/div>\n\t\t<\/section>\n\t\t\t\t<section class=\"elementor-section elementor-top-section elementor-element elementor-element-ec5b90b elementor-section-boxed elementor-section-height-default elementor-section-height-default\" data-id=\"ec5b90b\" data-element_type=\"section\" data-e-type=\"section\">\n\t\t\t\t\t\t<div class=\"elementor-container elementor-column-gap-default\">\n\t\t\t\t\t<div class=\"elementor-column elementor-col-100 elementor-top-column elementor-element elementor-element-dc1d0cf\" data-id=\"dc1d0cf\" data-element_type=\"column\" data-e-type=\"column\">\n\t\t\t<div class=\"elementor-widget-wrap elementor-element-populated\">\n\t\t\t\t\t\t<div class=\"elementor-element elementor-element-8c1646f elementor-widget elementor-widget-text-editor\" data-id=\"8c1646f\" data-element_type=\"widget\" data-e-type=\"widget\" data-widget_type=\"text-editor.default\">\n\t\t\t\t<div class=\"elementor-widget-container\">\n\t\t\t\t\t\t\t\t\t<p data-start=\"941\" data-end=\"1323\">La gira arranc\u00f3 en su Armilla natal el pasado 4 de julio, dando inicio a un recorrido por recintos emblem\u00e1ticos del pa\u00eds en un n\u00famero reducido de fechas. Cada concierto est\u00e1 dise\u00f1ado como una experiencia inmersiva, donde las nuevas canciones se entrelazan con los \u00e9xitos que lo han convertido en uno de los grandes nombres del g\u00e9nero urbano espa\u00f1ol.<\/p><p data-start=\"941\" data-end=\"1323\">El \u00e1lbum <em data-start=\"950\" data-end=\"968\">Natsukashii Yoru<\/em>, que significa \u201cnostalgia nocturna\u201d en japon\u00e9s, es una obra \u00edntima de 13 canciones que muestra a Miguel Cantos \u2014la persona detr\u00e1s de Saiko\u2014 sin artificios. Con colaboraciones de Omar Courtz, Leire Mart\u00ednez, \u00c1ngeles Toledano y Yapi, el disco transita por emociones, recuerdos y reflexiones, fusionando reggaeton, pop, electr\u00f3nica y sonidos aflamencados.<\/p>\t\t\t\t\t\t\t\t<\/div>\n\t\t\t\t<\/div>\n\t\t\t\t\t<\/div>\n\t\t<\/div>\n\t\t\t\t\t<\/div>\n\t\t<\/section>\n\t\t\t\t<section class=\"elementor-section elementor-top-section elementor-element elementor-element-3f06c77 elementor-section-boxed elementor-section-height-default elementor-section-height-default\" data-id=\"3f06c77\" data-element_type=\"section\" data-e-type=\"section\">\n\t\t\t\t\t\t<div class=\"elementor-container elementor-column-gap-default\">\n\t\t\t\t\t<div class=\"elementor-column elementor-col-100 elementor-top-column elementor-element elementor-element-3685d65\" data-id=\"3685d65\" data-element_type=\"column\" data-e-type=\"column\">\n\t\t\t<div class=\"elementor-widget-wrap elementor-element-populated\">\n\t\t\t\t\t\t<div class=\"elementor-element elementor-element-60abe01 elementor-widget elementor-widget-video\" data-id=\"60abe01\" data-element_type=\"widget\" data-e-type=\"widget\" data-settings=\"{&quot;youtube_url&quot;:&quot;https:\\\/\\\/www.youtube.com\\\/watch?v=_d3JnSInuYE&amp;ab_channel=SAIKO&quot;,&quot;video_type&quot;:&quot;youtube&quot;,&quot;controls&quot;:&quot;yes&quot;}\" data-widget_type=\"video.default\">\n\t\t\t\t<div class=\"elementor-widget-container\">\n\t\t\t\t\t\t\t<div class=\"elementor-wrapper elementor-open-inline\">\n\t\t\t<div class=\"elementor-video\"><\/div>\t\t<\/div>\n\t\t\t\t\t\t<\/div>\n\t\t\t\t<\/div>\n\t\t\t\t\t<\/div>\n\t\t<\/div>\n\t\t\t\t\t<\/div>\n\t\t<\/section>\n\t\t\t\t<section class=\"elementor-section elementor-top-section elementor-element elementor-element-f37acd9 elementor-section-boxed elementor-section-height-default elementor-section-height-default\" data-id=\"f37acd9\" data-element_type=\"section\" data-e-type=\"section\">\n\t\t\t\t\t\t<div class=\"elementor-container elementor-column-gap-default\">\n\t\t\t\t\t<div class=\"elementor-column elementor-col-100 elementor-top-column elementor-element elementor-element-25c68e8\" data-id=\"25c68e8\" data-element_type=\"column\" data-e-type=\"column\">\n\t\t\t<div class=\"elementor-widget-wrap elementor-element-populated\">\n\t\t\t\t\t\t<div class=\"elementor-element elementor-element-5da0ff2 elementor-widget elementor-widget-text-editor\" data-id=\"5da0ff2\" data-element_type=\"widget\" data-e-type=\"widget\" data-widget_type=\"text-editor.default\">\n\t\t\t\t<div class=\"elementor-widget-container\">\n\t\t\t\t\t\t\t\t\t<p data-start=\"1325\" data-end=\"1669\">Con apenas veinte a\u00f1os, Saiko ya acumula Discos de Oro y Platino, colaboraciones internacionales con Feid, J Balvin o Mora, y actuaciones en escenarios como el estadio de Los C\u00e1rmenes o el Movistar Arena. En esta nueva etapa, busca no solo reafirmar su \u00e9xito, sino tambi\u00e9n ofrecer al p\u00fablico una experiencia m\u00e1s personal, honesta y memorable.<\/p><p data-start=\"1671\" data-end=\"1845\" data-is-last-node=\"\" data-is-only-node=\"\">Madrid y Barcelona ser\u00e1n, en octubre, el epicentro de un viaje musical que promete emocionar y consolidar a Saiko como uno de los referentes indiscutibles de su generaci\u00f3n.<\/p>\t\t\t\t\t\t\t\t<\/div>\n\t\t\t\t<\/div>\n\t\t\t\t\t<\/div>\n\t\t<\/div>\n\t\t\t\t\t<\/div>\n\t\t<\/section>\n\t\t\t\t<\/div>","protected":false},"excerpt":{"rendered":"<p>Saiko confirma dos conciertos para presentar su \u00e1lbum m\u00e1s personal y conectar con su p\u00fablico de forma \u00edntima Saiko ha anunciado las dos fechas m\u00e1s esperadas de su gira Natsukashii Yoru: el 11 de octubre en el Palau Sant Jordi de Barcelona y el 16 de octubre en el Movistar Arena de Madrid. Ser\u00e1n dos [&hellip;]<\/p>\n","protected":false},"author":6,"featured_media":5441,"comment_status":"closed","ping_status":"closed","sticky":false,"template":"","format":"standard","meta":{"footnotes":""},"categories":[4],"tags":[],"class_list":["post-5439","post","type-post","status-publish","format-standard","has-post-thumbnail","hentry","category-musica"],"yoast_head":"<!-- This site is optimized with the Yoast SEO plugin v27.4 - https:\/\/yoast.com\/product\/yoast-seo-wordpress\/ -->\n<title>Saiko llevar\u00e1 \u201cNatsukashii Yoru\u201d a Madrid y Barcelona<\/title>\n<meta name=\"description\" content=\"Saiko confirma dos conciertos para presentar su \u00e1lbum m\u00e1s personal y conectar con su p\u00fablico de forma \u00edntima\" \/>\n<meta name=\"robots\" content=\"index, follow, max-snippet:-1, max-image-preview:large, max-video-preview:-1\" \/>\n<link rel=\"canonical\" href=\"https:\/\/unaymilletras.com\/en\/saiko-llevara-natsukashii-yoru-a-madrid-y-barcelona\/\" \/>\n<meta property=\"og:locale\" content=\"en_GB\" \/>\n<meta property=\"og:type\" content=\"article\" \/>\n<meta property=\"og:title\" content=\"Saiko llevar\u00e1 \u201cNatsukashii Yoru\u201d a Madrid y Barcelona\" \/>\n<meta property=\"og:description\" content=\"Saiko confirma dos conciertos para presentar su \u00e1lbum m\u00e1s personal y conectar con su p\u00fablico de forma \u00edntima\" \/>\n<meta property=\"og:url\" content=\"https:\/\/unaymilletras.com\/en\/saiko-llevara-natsukashii-yoru-a-madrid-y-barcelona\/\" \/>\n<meta property=\"og:site_name\" content=\"Una y Mil Letras\" \/>\n<meta property=\"article:published_time\" content=\"2025-08-12T14:37:04+00:00\" \/>\n<meta property=\"article:modified_time\" content=\"2025-08-12T14:40:10+00:00\" \/>\n<meta property=\"og:image\" content=\"http:\/\/unaymilletras.com\/wp-content\/uploads\/2025\/08\/1080x1080-e1755009030121.jpeg\" \/>\n\t<meta property=\"og:image:width\" content=\"600\" \/>\n\t<meta property=\"og:image:height\" content=\"600\" \/>\n\t<meta property=\"og:image:type\" content=\"image\/jpeg\" \/>\n<meta name=\"author\" content=\"Redacci\u00f3n\" \/>\n<meta name=\"twitter:card\" content=\"summary_large_image\" \/>\n<meta name=\"twitter:creator\" content=\"@UnaYMilLetras\" \/>\n<meta name=\"twitter:site\" content=\"@UnaYMilLetras\" \/>\n<meta name=\"twitter:label1\" content=\"Written by\" \/>\n\t<meta name=\"twitter:data1\" content=\"Redacci\u00f3n\" \/>\n\t<meta name=\"twitter:label2\" content=\"Estimated reading time\" \/>\n\t<meta name=\"twitter:data2\" content=\"2 minutes\" \/>\n<script type=\"application\/ld+json\" class=\"yoast-schema-graph\">{\"@context\":\"https:\\\/\\\/schema.org\",\"@graph\":[{\"@type\":\"Article\",\"@id\":\"https:\\\/\\\/unaymilletras.com\\\/saiko-llevara-natsukashii-yoru-a-madrid-y-barcelona\\\/#article\",\"isPartOf\":{\"@id\":\"https:\\\/\\\/unaymilletras.com\\\/saiko-llevara-natsukashii-yoru-a-madrid-y-barcelona\\\/\"},\"author\":{\"name\":\"Redacci\u00f3n\",\"@id\":\"http:\\\/\\\/unaymilletras.com\\\/#\\\/schema\\\/person\\\/0860dc8a218329991ee2c7591f4f849d\"},\"headline\":\"Saiko llevar\u00e1 \u201cNatsukashii Yoru\u201d a Madrid y Barcelona\",\"datePublished\":\"2025-08-12T14:37:04+00:00\",\"dateModified\":\"2025-08-12T14:40:10+00:00\",\"mainEntityOfPage\":{\"@id\":\"https:\\\/\\\/unaymilletras.com\\\/saiko-llevara-natsukashii-yoru-a-madrid-y-barcelona\\\/\"},\"wordCount\":343,\"publisher\":{\"@id\":\"http:\\\/\\\/unaymilletras.com\\\/#organization\"},\"image\":{\"@id\":\"https:\\\/\\\/unaymilletras.com\\\/saiko-llevara-natsukashii-yoru-a-madrid-y-barcelona\\\/#primaryimage\"},\"thumbnailUrl\":\"https:\\\/\\\/unaymilletras.com\\\/wp-content\\\/uploads\\\/2025\\\/08\\\/1080x1080-e1755009030121.jpeg\",\"articleSection\":[\"M\u00fasica\"],\"inLanguage\":\"en-GB\"},{\"@type\":\"WebPage\",\"@id\":\"https:\\\/\\\/unaymilletras.com\\\/saiko-llevara-natsukashii-yoru-a-madrid-y-barcelona\\\/\",\"url\":\"https:\\\/\\\/unaymilletras.com\\\/saiko-llevara-natsukashii-yoru-a-madrid-y-barcelona\\\/\",\"name\":\"Saiko llevar\u00e1 \u201cNatsukashii Yoru\u201d a Madrid y Barcelona\",\"isPartOf\":{\"@id\":\"http:\\\/\\\/unaymilletras.com\\\/#website\"},\"primaryImageOfPage\":{\"@id\":\"https:\\\/\\\/unaymilletras.com\\\/saiko-llevara-natsukashii-yoru-a-madrid-y-barcelona\\\/#primaryimage\"},\"image\":{\"@id\":\"https:\\\/\\\/unaymilletras.com\\\/saiko-llevara-natsukashii-yoru-a-madrid-y-barcelona\\\/#primaryimage\"},\"thumbnailUrl\":\"https:\\\/\\\/unaymilletras.com\\\/wp-content\\\/uploads\\\/2025\\\/08\\\/1080x1080-e1755009030121.jpeg\",\"datePublished\":\"2025-08-12T14:37:04+00:00\",\"dateModified\":\"2025-08-12T14:40:10+00:00\",\"description\":\"Saiko confirma dos conciertos para presentar su \u00e1lbum m\u00e1s personal y conectar con su p\u00fablico de forma \u00edntima\",\"breadcrumb\":{\"@id\":\"https:\\\/\\\/unaymilletras.com\\\/saiko-llevara-natsukashii-yoru-a-madrid-y-barcelona\\\/#breadcrumb\"},\"inLanguage\":\"en-GB\",\"potentialAction\":[{\"@type\":\"ReadAction\",\"target\":[\"https:\\\/\\\/unaymilletras.com\\\/saiko-llevara-natsukashii-yoru-a-madrid-y-barcelona\\\/\"]}]},{\"@type\":\"ImageObject\",\"inLanguage\":\"en-GB\",\"@id\":\"https:\\\/\\\/unaymilletras.com\\\/saiko-llevara-natsukashii-yoru-a-madrid-y-barcelona\\\/#primaryimage\",\"url\":\"https:\\\/\\\/unaymilletras.com\\\/wp-content\\\/uploads\\\/2025\\\/08\\\/1080x1080-e1755009030121.jpeg\",\"contentUrl\":\"https:\\\/\\\/unaymilletras.com\\\/wp-content\\\/uploads\\\/2025\\\/08\\\/1080x1080-e1755009030121.jpeg\",\"width\":600,\"height\":600,\"caption\":\"Saiko\"},{\"@type\":\"BreadcrumbList\",\"@id\":\"https:\\\/\\\/unaymilletras.com\\\/saiko-llevara-natsukashii-yoru-a-madrid-y-barcelona\\\/#breadcrumb\",\"itemListElement\":[{\"@type\":\"ListItem\",\"position\":1,\"name\":\"Home\",\"item\":\"http:\\\/\\\/unaymilletras.com\\\/\"},{\"@type\":\"ListItem\",\"position\":2,\"name\":\"Saiko llevar\u00e1 \u201cNatsukashii Yoru\u201d a Madrid y Barcelona\"}]},{\"@type\":\"WebSite\",\"@id\":\"http:\\\/\\\/unaymilletras.com\\\/#website\",\"url\":\"http:\\\/\\\/unaymilletras.com\\\/\",\"name\":\"Una y Mil Letras\",\"description\":\"\",\"publisher\":{\"@id\":\"http:\\\/\\\/unaymilletras.com\\\/#organization\"},\"potentialAction\":[{\"@type\":\"SearchAction\",\"target\":{\"@type\":\"EntryPoint\",\"urlTemplate\":\"http:\\\/\\\/unaymilletras.com\\\/?s={search_term_string}\"},\"query-input\":{\"@type\":\"PropertyValueSpecification\",\"valueRequired\":true,\"valueName\":\"search_term_string\"}}],\"inLanguage\":\"en-GB\"},{\"@type\":\"Organization\",\"@id\":\"http:\\\/\\\/unaymilletras.com\\\/#organization\",\"name\":\"Una y Mil Letras\",\"url\":\"http:\\\/\\\/unaymilletras.com\\\/\",\"logo\":{\"@type\":\"ImageObject\",\"inLanguage\":\"en-GB\",\"@id\":\"http:\\\/\\\/unaymilletras.com\\\/#\\\/schema\\\/logo\\\/image\\\/\",\"url\":\"https:\\\/\\\/unaymilletras.com\\\/wp-content\\\/uploads\\\/2024\\\/06\\\/cropped-Logo-removebg-preview.png\",\"contentUrl\":\"https:\\\/\\\/unaymilletras.com\\\/wp-content\\\/uploads\\\/2024\\\/06\\\/cropped-Logo-removebg-preview.png\",\"width\":512,\"height\":512,\"caption\":\"Una y Mil Letras\"},\"image\":{\"@id\":\"http:\\\/\\\/unaymilletras.com\\\/#\\\/schema\\\/logo\\\/image\\\/\"},\"sameAs\":[\"https:\\\/\\\/x.com\\\/UnaYMilLetras\",\"https:\\\/\\\/instagram.com\\\/UnaYMilLetras\"]},{\"@type\":\"Person\",\"@id\":\"http:\\\/\\\/unaymilletras.com\\\/#\\\/schema\\\/person\\\/0860dc8a218329991ee2c7591f4f849d\",\"name\":\"Redacci\u00f3n\",\"image\":{\"@type\":\"ImageObject\",\"inLanguage\":\"en-GB\",\"@id\":\"https:\\\/\\\/secure.gravatar.com\\\/avatar\\\/d8f55e05a8b6597e45c55a1dcbdbfe44f4a360d88b48e00de5216a79b7732796?s=96&d=mm&r=g\",\"url\":\"https:\\\/\\\/secure.gravatar.com\\\/avatar\\\/d8f55e05a8b6597e45c55a1dcbdbfe44f4a360d88b48e00de5216a79b7732796?s=96&d=mm&r=g\",\"contentUrl\":\"https:\\\/\\\/secure.gravatar.com\\\/avatar\\\/d8f55e05a8b6597e45c55a1dcbdbfe44f4a360d88b48e00de5216a79b7732796?s=96&d=mm&r=g\",\"caption\":\"Redacci\u00f3n\"},\"url\":\"https:\\\/\\\/unaymilletras.com\\\/en\\\/author\\\/redaccion\\\/\"}]}<\/script>\n<!-- \/ Yoast SEO plugin. -->","yoast_head_json":{"title":"Saiko llevar\u00e1 \u201cNatsukashii Yoru\u201d a Madrid y Barcelona","description":"Saiko confirma dos conciertos para presentar su \u00e1lbum m\u00e1s personal y conectar con su p\u00fablico de forma \u00edntima","robots":{"index":"index","follow":"follow","max-snippet":"max-snippet:-1","max-image-preview":"max-image-preview:large","max-video-preview":"max-video-preview:-1"},"canonical":"https:\/\/unaymilletras.com\/en\/saiko-llevara-natsukashii-yoru-a-madrid-y-barcelona\/","og_locale":"en_GB","og_type":"article","og_title":"Saiko llevar\u00e1 \u201cNatsukashii Yoru\u201d a Madrid y Barcelona","og_description":"Saiko confirma dos conciertos para presentar su \u00e1lbum m\u00e1s personal y conectar con su p\u00fablico de forma \u00edntima","og_url":"https:\/\/unaymilletras.com\/en\/saiko-llevara-natsukashii-yoru-a-madrid-y-barcelona\/","og_site_name":"Una y Mil Letras","article_published_time":"2025-08-12T14:37:04+00:00","article_modified_time":"2025-08-12T14:40:10+00:00","og_image":[{"width":600,"height":600,"url":"http:\/\/unaymilletras.com\/wp-content\/uploads\/2025\/08\/1080x1080-e1755009030121.jpeg","type":"image\/jpeg"}],"author":"Redacci\u00f3n","twitter_card":"summary_large_image","twitter_creator":"@UnaYMilLetras","twitter_site":"@UnaYMilLetras","twitter_misc":{"Written by":"Redacci\u00f3n","Estimated reading time":"2 minutes"},"schema":{"@context":"https:\/\/schema.org","@graph":[{"@type":"Article","@id":"https:\/\/unaymilletras.com\/saiko-llevara-natsukashii-yoru-a-madrid-y-barcelona\/#article","isPartOf":{"@id":"https:\/\/unaymilletras.com\/saiko-llevara-natsukashii-yoru-a-madrid-y-barcelona\/"},"author":{"name":"Redacci\u00f3n","@id":"http:\/\/unaymilletras.com\/#\/schema\/person\/0860dc8a218329991ee2c7591f4f849d"},"headline":"Saiko llevar\u00e1 \u201cNatsukashii Yoru\u201d a Madrid y Barcelona","datePublished":"2025-08-12T14:37:04+00:00","dateModified":"2025-08-12T14:40:10+00:00","mainEntityOfPage":{"@id":"https:\/\/unaymilletras.com\/saiko-llevara-natsukashii-yoru-a-madrid-y-barcelona\/"},"wordCount":343,"publisher":{"@id":"http:\/\/unaymilletras.com\/#organization"},"image":{"@id":"https:\/\/unaymilletras.com\/saiko-llevara-natsukashii-yoru-a-madrid-y-barcelona\/#primaryimage"},"thumbnailUrl":"https:\/\/unaymilletras.com\/wp-content\/uploads\/2025\/08\/1080x1080-e1755009030121.jpeg","articleSection":["M\u00fasica"],"inLanguage":"en-GB"},{"@type":"WebPage","@id":"https:\/\/unaymilletras.com\/saiko-llevara-natsukashii-yoru-a-madrid-y-barcelona\/","url":"https:\/\/unaymilletras.com\/saiko-llevara-natsukashii-yoru-a-madrid-y-barcelona\/","name":"Saiko llevar\u00e1 \u201cNatsukashii Yoru\u201d a Madrid y Barcelona","isPartOf":{"@id":"http:\/\/unaymilletras.com\/#website"},"primaryImageOfPage":{"@id":"https:\/\/unaymilletras.com\/saiko-llevara-natsukashii-yoru-a-madrid-y-barcelona\/#primaryimage"},"image":{"@id":"https:\/\/unaymilletras.com\/saiko-llevara-natsukashii-yoru-a-madrid-y-barcelona\/#primaryimage"},"thumbnailUrl":"https:\/\/unaymilletras.com\/wp-content\/uploads\/2025\/08\/1080x1080-e1755009030121.jpeg","datePublished":"2025-08-12T14:37:04+00:00","dateModified":"2025-08-12T14:40:10+00:00","description":"Saiko confirma dos conciertos para presentar su \u00e1lbum m\u00e1s personal y conectar con su p\u00fablico de forma \u00edntima","breadcrumb":{"@id":"https:\/\/unaymilletras.com\/saiko-llevara-natsukashii-yoru-a-madrid-y-barcelona\/#breadcrumb"},"inLanguage":"en-GB","potentialAction":[{"@type":"ReadAction","target":["https:\/\/unaymilletras.com\/saiko-llevara-natsukashii-yoru-a-madrid-y-barcelona\/"]}]},{"@type":"ImageObject","inLanguage":"en-GB","@id":"https:\/\/unaymilletras.com\/saiko-llevara-natsukashii-yoru-a-madrid-y-barcelona\/#primaryimage","url":"https:\/\/unaymilletras.com\/wp-content\/uploads\/2025\/08\/1080x1080-e1755009030121.jpeg","contentUrl":"https:\/\/unaymilletras.com\/wp-content\/uploads\/2025\/08\/1080x1080-e1755009030121.jpeg","width":600,"height":600,"caption":"Saiko"},{"@type":"BreadcrumbList","@id":"https:\/\/unaymilletras.com\/saiko-llevara-natsukashii-yoru-a-madrid-y-barcelona\/#breadcrumb","itemListElement":[{"@type":"ListItem","position":1,"name":"Home","item":"http:\/\/unaymilletras.com\/"},{"@type":"ListItem","position":2,"name":"Saiko llevar\u00e1 \u201cNatsukashii Yoru\u201d a Madrid y Barcelona"}]},{"@type":"WebSite","@id":"http:\/\/unaymilletras.com\/#website","url":"http:\/\/unaymilletras.com\/","name":"Una y Mil Letras","description":"","publisher":{"@id":"http:\/\/unaymilletras.com\/#organization"},"potentialAction":[{"@type":"SearchAction","target":{"@type":"EntryPoint","urlTemplate":"http:\/\/unaymilletras.com\/?s={search_term_string}"},"query-input":{"@type":"PropertyValueSpecification","valueRequired":true,"valueName":"search_term_string"}}],"inLanguage":"en-GB"},{"@type":"Organization","@id":"http:\/\/unaymilletras.com\/#organization","name":"Una y Mil Letras","url":"http:\/\/unaymilletras.com\/","logo":{"@type":"ImageObject","inLanguage":"en-GB","@id":"http:\/\/unaymilletras.com\/#\/schema\/logo\/image\/","url":"https:\/\/unaymilletras.com\/wp-content\/uploads\/2024\/06\/cropped-Logo-removebg-preview.png","contentUrl":"https:\/\/unaymilletras.com\/wp-content\/uploads\/2024\/06\/cropped-Logo-removebg-preview.png","width":512,"height":512,"caption":"Una y Mil Letras"},"image":{"@id":"http:\/\/unaymilletras.com\/#\/schema\/logo\/image\/"},"sameAs":["https:\/\/x.com\/UnaYMilLetras","https:\/\/instagram.com\/UnaYMilLetras"]},{"@type":"Person","@id":"http:\/\/unaymilletras.com\/#\/schema\/person\/0860dc8a218329991ee2c7591f4f849d","name":"Redacci\u00f3n","image":{"@type":"ImageObject","inLanguage":"en-GB","@id":"https:\/\/secure.gravatar.com\/avatar\/d8f55e05a8b6597e45c55a1dcbdbfe44f4a360d88b48e00de5216a79b7732796?s=96&d=mm&r=g","url":"https:\/\/secure.gravatar.com\/avatar\/d8f55e05a8b6597e45c55a1dcbdbfe44f4a360d88b48e00de5216a79b7732796?s=96&d=mm&r=g","contentUrl":"https:\/\/secure.gravatar.com\/avatar\/d8f55e05a8b6597e45c55a1dcbdbfe44f4a360d88b48e00de5216a79b7732796?s=96&d=mm&r=g","caption":"Redacci\u00f3n"},"url":"https:\/\/unaymilletras.com\/en\/author\/redaccion\/"}]}},"_links":{"self":[{"href":"https:\/\/unaymilletras.com\/en\/wp-json\/wp\/v2\/posts\/5439","targetHints":{"allow":["GET"]}}],"collection":[{"href":"https:\/\/unaymilletras.com\/en\/wp-json\/wp\/v2\/posts"}],"about":[{"href":"https:\/\/unaymilletras.com\/en\/wp-json\/wp\/v2\/types\/post"}],"author":[{"embeddable":true,"href":"https:\/\/unaymilletras.com\/en\/wp-json\/wp\/v2\/users\/6"}],"replies":[{"embeddable":true,"href":"https:\/\/unaymilletras.com\/en\/wp-json\/wp\/v2\/comments?post=5439"}],"version-history":[{"count":7,"href":"https:\/\/unaymilletras.com\/en\/wp-json\/wp\/v2\/posts\/5439\/revisions"}],"predecessor-version":[{"id":5447,"href":"https:\/\/unaymilletras.com\/en\/wp-json\/wp\/v2\/posts\/5439\/revisions\/5447"}],"wp:featuredmedia":[{"embeddable":true,"href":"https:\/\/unaymilletras.com\/en\/wp-json\/wp\/v2\/media\/5441"}],"wp:attachment":[{"href":"https:\/\/unaymilletras.com\/en\/wp-json\/wp\/v2\/media?parent=5439"}],"wp:term":[{"taxonomy":"category","embeddable":true,"href":"https:\/\/unaymilletras.com\/en\/wp-json\/wp\/v2\/categories?post=5439"},{"taxonomy":"post_tag","embeddable":true,"href":"https:\/\/unaymilletras.com\/en\/wp-json\/wp\/v2\/tags?post=5439"}],"curies":[{"name":"wp","href":"https:\/\/api.w.org\/{rel}","templated":true}]}}