{"id":5448,"date":"2025-08-15T16:00:00","date_gmt":"2025-08-15T14:00:00","guid":{"rendered":"https:\/\/unaymilletras.com\/?p=5448"},"modified":"2025-08-13T23:12:54","modified_gmt":"2025-08-13T21:12:54","slug":"cosquin-rock-espana-2025-llenara-valladolid-de-musica-y-cultura","status":"publish","type":"post","link":"https:\/\/unaymilletras.com\/en\/cosquin-rock-espana-2025-llenara-valladolid-de-musica-y-cultura\/","title":{"rendered":"Cosqu\u00edn Rock Espa\u00f1a 2025 llenar\u00e1 Valladolid de m\u00fasica y cultura"},"content":{"rendered":"<div data-elementor-type=\"wp-post\" data-elementor-id=\"5448\" class=\"elementor elementor-5448\">\n\t\t\t\t\t\t<section class=\"elementor-section elementor-top-section elementor-element elementor-element-20de0d1 elementor-section-boxed elementor-section-height-default elementor-section-height-default\" data-id=\"20de0d1\" data-element_type=\"section\" data-e-type=\"section\">\n\t\t\t\t\t\t<div class=\"elementor-container elementor-column-gap-default\">\n\t\t\t\t\t<div class=\"elementor-column elementor-col-100 elementor-top-column elementor-element elementor-element-ffd2b64\" data-id=\"ffd2b64\" data-element_type=\"column\" data-e-type=\"column\">\n\t\t\t<div class=\"elementor-widget-wrap elementor-element-populated\">\n\t\t\t\t\t\t<div class=\"elementor-element elementor-element-16937fb elementor-widget elementor-widget-text-editor\" data-id=\"16937fb\" data-element_type=\"widget\" data-e-type=\"widget\" data-widget_type=\"text-editor.default\">\n\t\t\t\t<div class=\"elementor-widget-container\">\n\t\t\t\t\t\t\t\t\t<h2 style=\"text-align: center;\"><span style=\"color: #808080;\"><em>El Cosqu\u00edn Roxk Espa\u00f1a regresa el 30 de agosto al Ping\u00fcinos Arena con Sebasti\u00e1n Yatra, YSY A, Love of Lesbian y una experiencia gastron\u00f3mica<\/em><\/span><\/h2>\t\t\t\t\t\t\t\t<\/div>\n\t\t\t\t<\/div>\n\t\t\t\t\t<\/div>\n\t\t<\/div>\n\t\t\t\t\t<\/div>\n\t\t<\/section>\n\t\t\t\t<section class=\"elementor-section elementor-top-section elementor-element elementor-element-200d39f elementor-section-boxed elementor-section-height-default elementor-section-height-default\" data-id=\"200d39f\" data-element_type=\"section\" data-e-type=\"section\">\n\t\t\t\t\t\t<div class=\"elementor-container elementor-column-gap-default\">\n\t\t\t\t\t<div class=\"elementor-column elementor-col-100 elementor-top-column elementor-element elementor-element-da5dc46\" data-id=\"da5dc46\" data-element_type=\"column\" data-e-type=\"column\">\n\t\t\t<div class=\"elementor-widget-wrap elementor-element-populated\">\n\t\t\t\t\t\t<div class=\"elementor-element elementor-element-2c96fe7 elementor-widget elementor-widget-text-editor\" data-id=\"2c96fe7\" data-element_type=\"widget\" data-e-type=\"widget\" data-widget_type=\"text-editor.default\">\n\t\t\t\t<div class=\"elementor-widget-container\">\n\t\t\t\t\t\t\t\t\t<p data-start=\"260\" data-end=\"559\">Valladolid se prepara para vivir una jornada \u00fanica el <strong data-start=\"314\" data-end=\"330\">30 de agosto<\/strong> con la nueva edici\u00f3n de <strong data-start=\"355\" data-end=\"383\">Cosqu\u00edn Rock Espa\u00f1a 2025<\/strong>. El festival reunir\u00e1 a grandes figuras internacionales y nacionales, adem\u00e1s de propuestas culturales y gastron\u00f3micas que lo convierten en una cita imprescindible del verano.<\/p><p data-start=\"446\" data-end=\"843\">Sebasti\u00e1n Yatra llegar\u00e1 con su gira <em data-start=\"488\" data-end=\"497\">Milagro<\/em>, en la que presenta su \u00faltimo trabajo discogr\u00e1fico y un show que \u00e9l mismo describe como \u201cde locos\u201d. Ser\u00e1 su <strong data-start=\"606\" data-end=\"640\">\u00fanica fecha en Castilla y Le\u00f3n<\/strong> y una de las pocas en Espa\u00f1a, una oportunidad irrepetible para disfrutar de \u00e9xitos como <em data-start=\"729\" data-end=\"744\">Tacones Rojos<\/em>, <em data-start=\"746\" data-end=\"759\">Traicionera<\/em> o <em data-start=\"762\" data-end=\"778\">Pareja del A\u00f1o<\/em> junto a las nuevas canciones que ya arrasan en sus conciertos.<\/p>\t\t\t\t\t\t\t\t<\/div>\n\t\t\t\t<\/div>\n\t\t\t\t\t<\/div>\n\t\t<\/div>\n\t\t\t\t\t<\/div>\n\t\t<\/section>\n\t\t\t\t<section class=\"elementor-section elementor-top-section elementor-element elementor-element-878dbd4 elementor-section-boxed elementor-section-height-default elementor-section-height-default\" data-id=\"878dbd4\" data-element_type=\"section\" data-e-type=\"section\">\n\t\t\t\t\t\t<div class=\"elementor-container elementor-column-gap-default\">\n\t\t\t\t\t<div class=\"elementor-column elementor-col-100 elementor-top-column elementor-element elementor-element-2f596d9\" data-id=\"2f596d9\" data-element_type=\"column\" data-e-type=\"column\">\n\t\t\t<div class=\"elementor-widget-wrap elementor-element-populated\">\n\t\t\t\t\t\t<div class=\"elementor-element elementor-element-cc22663 elementor-widget elementor-widget-image\" data-id=\"cc22663\" data-element_type=\"widget\" data-e-type=\"widget\" data-widget_type=\"image.default\">\n\t\t\t\t<div class=\"elementor-widget-container\">\n\t\t\t\t\t\t\t\t\t\t\t\t\t\t\t<img fetchpriority=\"high\" decoding=\"async\" width=\"640\" height=\"640\" src=\"https:\/\/unaymilletras.com\/wp-content\/uploads\/2025\/08\/CARTEL_COSQUIN_ROCK_ESPANA_2025-1024x1024.jpg\" class=\"attachment-large size-large wp-image-5450\" alt=\"Cosqu\u00edn Rock Espa\u00f1a 2025\" srcset=\"https:\/\/unaymilletras.com\/wp-content\/uploads\/2025\/08\/CARTEL_COSQUIN_ROCK_ESPANA_2025-1024x1024.jpg 1024w, https:\/\/unaymilletras.com\/wp-content\/uploads\/2025\/08\/CARTEL_COSQUIN_ROCK_ESPANA_2025-300x300.jpg 300w, https:\/\/unaymilletras.com\/wp-content\/uploads\/2025\/08\/CARTEL_COSQUIN_ROCK_ESPANA_2025-150x150.jpg 150w, https:\/\/unaymilletras.com\/wp-content\/uploads\/2025\/08\/CARTEL_COSQUIN_ROCK_ESPANA_2025-768x768.jpg 768w, https:\/\/unaymilletras.com\/wp-content\/uploads\/2025\/08\/CARTEL_COSQUIN_ROCK_ESPANA_2025-1536x1536.jpg 1536w, https:\/\/unaymilletras.com\/wp-content\/uploads\/2025\/08\/CARTEL_COSQUIN_ROCK_ESPANA_2025-12x12.jpg 12w, https:\/\/unaymilletras.com\/wp-content\/uploads\/2025\/08\/CARTEL_COSQUIN_ROCK_ESPANA_2025-e1755118172744.jpg 600w\" sizes=\"(max-width: 640px) 100vw, 640px\" \/>\t\t\t\t\t\t\t\t\t\t\t\t\t\t\t<\/div>\n\t\t\t\t<\/div>\n\t\t\t\t\t<\/div>\n\t\t<\/div>\n\t\t\t\t\t<\/div>\n\t\t<\/section>\n\t\t\t\t<section class=\"elementor-section elementor-top-section elementor-element elementor-element-da0a2e6 elementor-section-boxed elementor-section-height-default elementor-section-height-default\" data-id=\"da0a2e6\" data-element_type=\"section\" data-e-type=\"section\">\n\t\t\t\t\t\t<div class=\"elementor-container elementor-column-gap-default\">\n\t\t\t\t\t<div class=\"elementor-column elementor-col-100 elementor-top-column elementor-element elementor-element-e9477b4\" data-id=\"e9477b4\" data-element_type=\"column\" data-e-type=\"column\">\n\t\t\t<div class=\"elementor-widget-wrap elementor-element-populated\">\n\t\t\t\t\t\t<div class=\"elementor-element elementor-element-2c42dc8 elementor-widget elementor-widget-text-editor\" data-id=\"2c42dc8\" data-element_type=\"widget\" data-e-type=\"widget\" data-widget_type=\"text-editor.default\">\n\t\t\t\t<div class=\"elementor-widget-container\">\n\t\t\t\t\t\t\t\t\t<p data-start=\"845\" data-end=\"1363\">Desde Argentina, <strong data-start=\"862\" data-end=\"871\">YSY A<\/strong> aterriza en Valladolid como uno de los grandes referentes del trap latinoamericano. Fundador del movimiento <em data-start=\"980\" data-end=\"999\">El Quinto Escal\u00f3n<\/em> y pionero de la escena urbana en su pa\u00eds, promete un show cargado de energ\u00eda, barras afiladas y una conexi\u00f3n directa con el p\u00fablico. Su presencia en Cosqu\u00edn Rock Espa\u00f1a confirma la diversidad musical que caracteriza al festival, reuniendo en un mismo escenario a dos figuras que, aunque de g\u00e9neros distintos, comparten intensidad y pasi\u00f3n por la m\u00fasica en vivo.<\/p><p data-start=\"1365\" data-end=\"1651\">El resto del cartel suma nombres como <strong data-start=\"1403\" data-end=\"1416\">The Kooks<\/strong>, <strong data-start=\"1418\" data-end=\"1437\">Love of Lesbian<\/strong>, <strong data-start=\"1439\" data-end=\"1453\">Duncan Dhu<\/strong> y <strong data-start=\"1456\" data-end=\"1467\">Barry B<\/strong>, adem\u00e1s de propuestas internacionales y latinoamericanas como <strong data-start=\"1530\" data-end=\"1556\">Silvestre y La Naranja<\/strong>, <strong data-start=\"1558\" data-end=\"1573\">La Garfield<\/strong>, <strong data-start=\"1575\" data-end=\"1608\">Instituto Mexicano del Sonido<\/strong>, <strong data-start=\"1610\" data-end=\"1631\">Agarrate Catalina<\/strong> y <strong data-start=\"1634\" data-end=\"1648\">Le\u00f3n Gieco<\/strong>.<\/p><p data-start=\"1653\" data-end=\"1925\" data-is-last-node=\"\" data-is-only-node=\"\">Las entradas para <strong data-start=\"1671\" data-end=\"1699\">Cosqu\u00edn Rock Espa\u00f1a 2025<\/strong> est\u00e1n disponibles en <a class=\"\" href=\"https:\/\/cosquinrock.net\/event\/cosquin-rock-espana\/\" target=\"_new\" rel=\"noopener\" data-start=\"1721\" data-end=\"1790\">cosquinrock.net<\/a>. Valladolid se prepara para una noche donde la voz rom\u00e1ntica de Yatra y la fuerza del trap de YSY A ser\u00e1n los grandes protagonistas.<\/p>\t\t\t\t\t\t\t\t<\/div>\n\t\t\t\t<\/div>\n\t\t\t\t\t<\/div>\n\t\t<\/div>\n\t\t\t\t\t<\/div>\n\t\t<\/section>\n\t\t\t\t<\/div>","protected":false},"excerpt":{"rendered":"<p>El Cosqu\u00edn Roxk Espa\u00f1a regresa el 30 de agosto al Ping\u00fcinos Arena con Sebasti\u00e1n Yatra, YSY A, Love of Lesbian y una experiencia gastron\u00f3mica Valladolid se prepara para vivir una jornada \u00fanica el 30 de agosto con la nueva edici\u00f3n de Cosqu\u00edn Rock Espa\u00f1a 2025. El festival reunir\u00e1 a grandes figuras internacionales y nacionales, adem\u00e1s [&hellip;]<\/p>\n","protected":false},"author":6,"featured_media":5450,"comment_status":"closed","ping_status":"closed","sticky":false,"template":"","format":"standard","meta":{"footnotes":""},"categories":[4],"tags":[],"class_list":["post-5448","post","type-post","status-publish","format-standard","has-post-thumbnail","hentry","category-musica"],"yoast_head":"<!-- This site is optimized with the Yoast SEO plugin v27.4 - https:\/\/yoast.com\/product\/yoast-seo-wordpress\/ -->\n<title>Cosqu\u00edn Rock Espa\u00f1a 2025 llenar\u00e1 Valladolid de m\u00fasica y cultura<\/title>\n<meta name=\"description\" content=\"El Cosqu\u00edn Roxk Espa\u00f1a regresa el 30 de agosto al Ping\u00fcinos Arena con Sebasti\u00e1n Yatra, YSY A, Love of Lesbian y una experiencia gastron\u00f3mica\" \/>\n<meta name=\"robots\" content=\"index, follow, max-snippet:-1, max-image-preview:large, max-video-preview:-1\" \/>\n<link rel=\"canonical\" href=\"https:\/\/unaymilletras.com\/en\/cosquin-rock-espana-2025-llenara-valladolid-de-musica-y-cultura\/\" \/>\n<meta property=\"og:locale\" content=\"en_GB\" \/>\n<meta property=\"og:type\" content=\"article\" \/>\n<meta property=\"og:title\" content=\"Cosqu\u00edn Rock Espa\u00f1a 2025 llenar\u00e1 Valladolid de m\u00fasica y cultura\" \/>\n<meta property=\"og:description\" content=\"El Cosqu\u00edn Roxk Espa\u00f1a regresa el 30 de agosto al Ping\u00fcinos Arena con Sebasti\u00e1n Yatra, YSY A, Love of Lesbian y una experiencia gastron\u00f3mica\" \/>\n<meta property=\"og:url\" content=\"https:\/\/unaymilletras.com\/en\/cosquin-rock-espana-2025-llenara-valladolid-de-musica-y-cultura\/\" \/>\n<meta property=\"og:site_name\" content=\"Una y Mil Letras\" \/>\n<meta property=\"article:published_time\" content=\"2025-08-15T14:00:00+00:00\" \/>\n<meta property=\"og:image\" content=\"https:\/\/unaymilletras.com\/wp-content\/uploads\/2025\/08\/CARTEL_COSQUIN_ROCK_ESPANA_2025-e1755118172744.jpg\" \/>\n\t<meta property=\"og:image:width\" content=\"600\" \/>\n\t<meta property=\"og:image:height\" content=\"600\" \/>\n\t<meta property=\"og:image:type\" content=\"image\/jpeg\" \/>\n<meta name=\"author\" content=\"Redacci\u00f3n\" \/>\n<meta name=\"twitter:card\" content=\"summary_large_image\" \/>\n<meta name=\"twitter:creator\" content=\"@UnaYMilLetras\" \/>\n<meta name=\"twitter:site\" content=\"@UnaYMilLetras\" \/>\n<meta name=\"twitter:label1\" content=\"Written by\" \/>\n\t<meta name=\"twitter:data1\" content=\"Redacci\u00f3n\" \/>\n\t<meta name=\"twitter:label2\" content=\"Estimated reading time\" \/>\n\t<meta name=\"twitter:data2\" content=\"2 minutes\" \/>\n<script type=\"application\/ld+json\" class=\"yoast-schema-graph\">{\"@context\":\"https:\\\/\\\/schema.org\",\"@graph\":[{\"@type\":\"Article\",\"@id\":\"https:\\\/\\\/unaymilletras.com\\\/cosquin-rock-espana-2025-llenara-valladolid-de-musica-y-cultura\\\/#article\",\"isPartOf\":{\"@id\":\"https:\\\/\\\/unaymilletras.com\\\/cosquin-rock-espana-2025-llenara-valladolid-de-musica-y-cultura\\\/\"},\"author\":{\"name\":\"Redacci\u00f3n\",\"@id\":\"http:\\\/\\\/unaymilletras.com\\\/#\\\/schema\\\/person\\\/0860dc8a218329991ee2c7591f4f849d\"},\"headline\":\"Cosqu\u00edn Rock Espa\u00f1a 2025 llenar\u00e1 Valladolid de m\u00fasica y cultura\",\"datePublished\":\"2025-08-15T14:00:00+00:00\",\"mainEntityOfPage\":{\"@id\":\"https:\\\/\\\/unaymilletras.com\\\/cosquin-rock-espana-2025-llenara-valladolid-de-musica-y-cultura\\\/\"},\"wordCount\":332,\"publisher\":{\"@id\":\"http:\\\/\\\/unaymilletras.com\\\/#organization\"},\"image\":{\"@id\":\"https:\\\/\\\/unaymilletras.com\\\/cosquin-rock-espana-2025-llenara-valladolid-de-musica-y-cultura\\\/#primaryimage\"},\"thumbnailUrl\":\"https:\\\/\\\/unaymilletras.com\\\/wp-content\\\/uploads\\\/2025\\\/08\\\/CARTEL_COSQUIN_ROCK_ESPANA_2025-e1755118172744.jpg\",\"articleSection\":[\"M\u00fasica\"],\"inLanguage\":\"en-GB\"},{\"@type\":\"WebPage\",\"@id\":\"https:\\\/\\\/unaymilletras.com\\\/cosquin-rock-espana-2025-llenara-valladolid-de-musica-y-cultura\\\/\",\"url\":\"https:\\\/\\\/unaymilletras.com\\\/cosquin-rock-espana-2025-llenara-valladolid-de-musica-y-cultura\\\/\",\"name\":\"Cosqu\u00edn Rock Espa\u00f1a 2025 llenar\u00e1 Valladolid de m\u00fasica y cultura\",\"isPartOf\":{\"@id\":\"http:\\\/\\\/unaymilletras.com\\\/#website\"},\"primaryImageOfPage\":{\"@id\":\"https:\\\/\\\/unaymilletras.com\\\/cosquin-rock-espana-2025-llenara-valladolid-de-musica-y-cultura\\\/#primaryimage\"},\"image\":{\"@id\":\"https:\\\/\\\/unaymilletras.com\\\/cosquin-rock-espana-2025-llenara-valladolid-de-musica-y-cultura\\\/#primaryimage\"},\"thumbnailUrl\":\"https:\\\/\\\/unaymilletras.com\\\/wp-content\\\/uploads\\\/2025\\\/08\\\/CARTEL_COSQUIN_ROCK_ESPANA_2025-e1755118172744.jpg\",\"datePublished\":\"2025-08-15T14:00:00+00:00\",\"description\":\"El Cosqu\u00edn Roxk Espa\u00f1a regresa el 30 de agosto al Ping\u00fcinos Arena con Sebasti\u00e1n Yatra, YSY A, Love of Lesbian y una experiencia gastron\u00f3mica\",\"breadcrumb\":{\"@id\":\"https:\\\/\\\/unaymilletras.com\\\/cosquin-rock-espana-2025-llenara-valladolid-de-musica-y-cultura\\\/#breadcrumb\"},\"inLanguage\":\"en-GB\",\"potentialAction\":[{\"@type\":\"ReadAction\",\"target\":[\"https:\\\/\\\/unaymilletras.com\\\/cosquin-rock-espana-2025-llenara-valladolid-de-musica-y-cultura\\\/\"]}]},{\"@type\":\"ImageObject\",\"inLanguage\":\"en-GB\",\"@id\":\"https:\\\/\\\/unaymilletras.com\\\/cosquin-rock-espana-2025-llenara-valladolid-de-musica-y-cultura\\\/#primaryimage\",\"url\":\"https:\\\/\\\/unaymilletras.com\\\/wp-content\\\/uploads\\\/2025\\\/08\\\/CARTEL_COSQUIN_ROCK_ESPANA_2025-e1755118172744.jpg\",\"contentUrl\":\"https:\\\/\\\/unaymilletras.com\\\/wp-content\\\/uploads\\\/2025\\\/08\\\/CARTEL_COSQUIN_ROCK_ESPANA_2025-e1755118172744.jpg\",\"width\":600,\"height\":600,\"caption\":\"Cosqu\u00edn Rock Espa\u00f1a 2025\"},{\"@type\":\"BreadcrumbList\",\"@id\":\"https:\\\/\\\/unaymilletras.com\\\/cosquin-rock-espana-2025-llenara-valladolid-de-musica-y-cultura\\\/#breadcrumb\",\"itemListElement\":[{\"@type\":\"ListItem\",\"position\":1,\"name\":\"Home\",\"item\":\"http:\\\/\\\/unaymilletras.com\\\/\"},{\"@type\":\"ListItem\",\"position\":2,\"name\":\"Cosqu\u00edn Rock Espa\u00f1a 2025 llenar\u00e1 Valladolid de m\u00fasica y cultura\"}]},{\"@type\":\"WebSite\",\"@id\":\"http:\\\/\\\/unaymilletras.com\\\/#website\",\"url\":\"http:\\\/\\\/unaymilletras.com\\\/\",\"name\":\"Una y Mil Letras\",\"description\":\"\",\"publisher\":{\"@id\":\"http:\\\/\\\/unaymilletras.com\\\/#organization\"},\"potentialAction\":[{\"@type\":\"SearchAction\",\"target\":{\"@type\":\"EntryPoint\",\"urlTemplate\":\"http:\\\/\\\/unaymilletras.com\\\/?s={search_term_string}\"},\"query-input\":{\"@type\":\"PropertyValueSpecification\",\"valueRequired\":true,\"valueName\":\"search_term_string\"}}],\"inLanguage\":\"en-GB\"},{\"@type\":\"Organization\",\"@id\":\"http:\\\/\\\/unaymilletras.com\\\/#organization\",\"name\":\"Una y Mil Letras\",\"url\":\"http:\\\/\\\/unaymilletras.com\\\/\",\"logo\":{\"@type\":\"ImageObject\",\"inLanguage\":\"en-GB\",\"@id\":\"http:\\\/\\\/unaymilletras.com\\\/#\\\/schema\\\/logo\\\/image\\\/\",\"url\":\"https:\\\/\\\/unaymilletras.com\\\/wp-content\\\/uploads\\\/2024\\\/06\\\/cropped-Logo-removebg-preview.png\",\"contentUrl\":\"https:\\\/\\\/unaymilletras.com\\\/wp-content\\\/uploads\\\/2024\\\/06\\\/cropped-Logo-removebg-preview.png\",\"width\":512,\"height\":512,\"caption\":\"Una y Mil Letras\"},\"image\":{\"@id\":\"http:\\\/\\\/unaymilletras.com\\\/#\\\/schema\\\/logo\\\/image\\\/\"},\"sameAs\":[\"https:\\\/\\\/x.com\\\/UnaYMilLetras\",\"https:\\\/\\\/instagram.com\\\/UnaYMilLetras\"]},{\"@type\":\"Person\",\"@id\":\"http:\\\/\\\/unaymilletras.com\\\/#\\\/schema\\\/person\\\/0860dc8a218329991ee2c7591f4f849d\",\"name\":\"Redacci\u00f3n\",\"image\":{\"@type\":\"ImageObject\",\"inLanguage\":\"en-GB\",\"@id\":\"https:\\\/\\\/secure.gravatar.com\\\/avatar\\\/d8f55e05a8b6597e45c55a1dcbdbfe44f4a360d88b48e00de5216a79b7732796?s=96&d=mm&r=g\",\"url\":\"https:\\\/\\\/secure.gravatar.com\\\/avatar\\\/d8f55e05a8b6597e45c55a1dcbdbfe44f4a360d88b48e00de5216a79b7732796?s=96&d=mm&r=g\",\"contentUrl\":\"https:\\\/\\\/secure.gravatar.com\\\/avatar\\\/d8f55e05a8b6597e45c55a1dcbdbfe44f4a360d88b48e00de5216a79b7732796?s=96&d=mm&r=g\",\"caption\":\"Redacci\u00f3n\"},\"url\":\"https:\\\/\\\/unaymilletras.com\\\/en\\\/author\\\/redaccion\\\/\"}]}<\/script>\n<!-- \/ Yoast SEO plugin. -->","yoast_head_json":{"title":"Cosqu\u00edn Rock Espa\u00f1a 2025 llenar\u00e1 Valladolid de m\u00fasica y cultura","description":"El Cosqu\u00edn Roxk Espa\u00f1a regresa el 30 de agosto al Ping\u00fcinos Arena con Sebasti\u00e1n Yatra, YSY A, Love of Lesbian y una experiencia gastron\u00f3mica","robots":{"index":"index","follow":"follow","max-snippet":"max-snippet:-1","max-image-preview":"max-image-preview:large","max-video-preview":"max-video-preview:-1"},"canonical":"https:\/\/unaymilletras.com\/en\/cosquin-rock-espana-2025-llenara-valladolid-de-musica-y-cultura\/","og_locale":"en_GB","og_type":"article","og_title":"Cosqu\u00edn Rock Espa\u00f1a 2025 llenar\u00e1 Valladolid de m\u00fasica y cultura","og_description":"El Cosqu\u00edn Roxk Espa\u00f1a regresa el 30 de agosto al Ping\u00fcinos Arena con Sebasti\u00e1n Yatra, YSY A, Love of Lesbian y una experiencia gastron\u00f3mica","og_url":"https:\/\/unaymilletras.com\/en\/cosquin-rock-espana-2025-llenara-valladolid-de-musica-y-cultura\/","og_site_name":"Una y Mil Letras","article_published_time":"2025-08-15T14:00:00+00:00","og_image":[{"width":600,"height":600,"url":"https:\/\/unaymilletras.com\/wp-content\/uploads\/2025\/08\/CARTEL_COSQUIN_ROCK_ESPANA_2025-e1755118172744.jpg","type":"image\/jpeg"}],"author":"Redacci\u00f3n","twitter_card":"summary_large_image","twitter_creator":"@UnaYMilLetras","twitter_site":"@UnaYMilLetras","twitter_misc":{"Written by":"Redacci\u00f3n","Estimated reading time":"2 minutes"},"schema":{"@context":"https:\/\/schema.org","@graph":[{"@type":"Article","@id":"https:\/\/unaymilletras.com\/cosquin-rock-espana-2025-llenara-valladolid-de-musica-y-cultura\/#article","isPartOf":{"@id":"https:\/\/unaymilletras.com\/cosquin-rock-espana-2025-llenara-valladolid-de-musica-y-cultura\/"},"author":{"name":"Redacci\u00f3n","@id":"http:\/\/unaymilletras.com\/#\/schema\/person\/0860dc8a218329991ee2c7591f4f849d"},"headline":"Cosqu\u00edn Rock Espa\u00f1a 2025 llenar\u00e1 Valladolid de m\u00fasica y cultura","datePublished":"2025-08-15T14:00:00+00:00","mainEntityOfPage":{"@id":"https:\/\/unaymilletras.com\/cosquin-rock-espana-2025-llenara-valladolid-de-musica-y-cultura\/"},"wordCount":332,"publisher":{"@id":"http:\/\/unaymilletras.com\/#organization"},"image":{"@id":"https:\/\/unaymilletras.com\/cosquin-rock-espana-2025-llenara-valladolid-de-musica-y-cultura\/#primaryimage"},"thumbnailUrl":"https:\/\/unaymilletras.com\/wp-content\/uploads\/2025\/08\/CARTEL_COSQUIN_ROCK_ESPANA_2025-e1755118172744.jpg","articleSection":["M\u00fasica"],"inLanguage":"en-GB"},{"@type":"WebPage","@id":"https:\/\/unaymilletras.com\/cosquin-rock-espana-2025-llenara-valladolid-de-musica-y-cultura\/","url":"https:\/\/unaymilletras.com\/cosquin-rock-espana-2025-llenara-valladolid-de-musica-y-cultura\/","name":"Cosqu\u00edn Rock Espa\u00f1a 2025 llenar\u00e1 Valladolid de m\u00fasica y cultura","isPartOf":{"@id":"http:\/\/unaymilletras.com\/#website"},"primaryImageOfPage":{"@id":"https:\/\/unaymilletras.com\/cosquin-rock-espana-2025-llenara-valladolid-de-musica-y-cultura\/#primaryimage"},"image":{"@id":"https:\/\/unaymilletras.com\/cosquin-rock-espana-2025-llenara-valladolid-de-musica-y-cultura\/#primaryimage"},"thumbnailUrl":"https:\/\/unaymilletras.com\/wp-content\/uploads\/2025\/08\/CARTEL_COSQUIN_ROCK_ESPANA_2025-e1755118172744.jpg","datePublished":"2025-08-15T14:00:00+00:00","description":"El Cosqu\u00edn Roxk Espa\u00f1a regresa el 30 de agosto al Ping\u00fcinos Arena con Sebasti\u00e1n Yatra, YSY A, Love of Lesbian y una experiencia gastron\u00f3mica","breadcrumb":{"@id":"https:\/\/unaymilletras.com\/cosquin-rock-espana-2025-llenara-valladolid-de-musica-y-cultura\/#breadcrumb"},"inLanguage":"en-GB","potentialAction":[{"@type":"ReadAction","target":["https:\/\/unaymilletras.com\/cosquin-rock-espana-2025-llenara-valladolid-de-musica-y-cultura\/"]}]},{"@type":"ImageObject","inLanguage":"en-GB","@id":"https:\/\/unaymilletras.com\/cosquin-rock-espana-2025-llenara-valladolid-de-musica-y-cultura\/#primaryimage","url":"https:\/\/unaymilletras.com\/wp-content\/uploads\/2025\/08\/CARTEL_COSQUIN_ROCK_ESPANA_2025-e1755118172744.jpg","contentUrl":"https:\/\/unaymilletras.com\/wp-content\/uploads\/2025\/08\/CARTEL_COSQUIN_ROCK_ESPANA_2025-e1755118172744.jpg","width":600,"height":600,"caption":"Cosqu\u00edn Rock Espa\u00f1a 2025"},{"@type":"BreadcrumbList","@id":"https:\/\/unaymilletras.com\/cosquin-rock-espana-2025-llenara-valladolid-de-musica-y-cultura\/#breadcrumb","itemListElement":[{"@type":"ListItem","position":1,"name":"Home","item":"http:\/\/unaymilletras.com\/"},{"@type":"ListItem","position":2,"name":"Cosqu\u00edn Rock Espa\u00f1a 2025 llenar\u00e1 Valladolid de m\u00fasica y cultura"}]},{"@type":"WebSite","@id":"http:\/\/unaymilletras.com\/#website","url":"http:\/\/unaymilletras.com\/","name":"Una y Mil Letras","description":"","publisher":{"@id":"http:\/\/unaymilletras.com\/#organization"},"potentialAction":[{"@type":"SearchAction","target":{"@type":"EntryPoint","urlTemplate":"http:\/\/unaymilletras.com\/?s={search_term_string}"},"query-input":{"@type":"PropertyValueSpecification","valueRequired":true,"valueName":"search_term_string"}}],"inLanguage":"en-GB"},{"@type":"Organization","@id":"http:\/\/unaymilletras.com\/#organization","name":"Una y Mil Letras","url":"http:\/\/unaymilletras.com\/","logo":{"@type":"ImageObject","inLanguage":"en-GB","@id":"http:\/\/unaymilletras.com\/#\/schema\/logo\/image\/","url":"https:\/\/unaymilletras.com\/wp-content\/uploads\/2024\/06\/cropped-Logo-removebg-preview.png","contentUrl":"https:\/\/unaymilletras.com\/wp-content\/uploads\/2024\/06\/cropped-Logo-removebg-preview.png","width":512,"height":512,"caption":"Una y Mil Letras"},"image":{"@id":"http:\/\/unaymilletras.com\/#\/schema\/logo\/image\/"},"sameAs":["https:\/\/x.com\/UnaYMilLetras","https:\/\/instagram.com\/UnaYMilLetras"]},{"@type":"Person","@id":"http:\/\/unaymilletras.com\/#\/schema\/person\/0860dc8a218329991ee2c7591f4f849d","name":"Redacci\u00f3n","image":{"@type":"ImageObject","inLanguage":"en-GB","@id":"https:\/\/secure.gravatar.com\/avatar\/d8f55e05a8b6597e45c55a1dcbdbfe44f4a360d88b48e00de5216a79b7732796?s=96&d=mm&r=g","url":"https:\/\/secure.gravatar.com\/avatar\/d8f55e05a8b6597e45c55a1dcbdbfe44f4a360d88b48e00de5216a79b7732796?s=96&d=mm&r=g","contentUrl":"https:\/\/secure.gravatar.com\/avatar\/d8f55e05a8b6597e45c55a1dcbdbfe44f4a360d88b48e00de5216a79b7732796?s=96&d=mm&r=g","caption":"Redacci\u00f3n"},"url":"https:\/\/unaymilletras.com\/en\/author\/redaccion\/"}]}},"_links":{"self":[{"href":"https:\/\/unaymilletras.com\/en\/wp-json\/wp\/v2\/posts\/5448","targetHints":{"allow":["GET"]}}],"collection":[{"href":"https:\/\/unaymilletras.com\/en\/wp-json\/wp\/v2\/posts"}],"about":[{"href":"https:\/\/unaymilletras.com\/en\/wp-json\/wp\/v2\/types\/post"}],"author":[{"embeddable":true,"href":"https:\/\/unaymilletras.com\/en\/wp-json\/wp\/v2\/users\/6"}],"replies":[{"embeddable":true,"href":"https:\/\/unaymilletras.com\/en\/wp-json\/wp\/v2\/comments?post=5448"}],"version-history":[{"count":4,"href":"https:\/\/unaymilletras.com\/en\/wp-json\/wp\/v2\/posts\/5448\/revisions"}],"predecessor-version":[{"id":5453,"href":"https:\/\/unaymilletras.com\/en\/wp-json\/wp\/v2\/posts\/5448\/revisions\/5453"}],"wp:featuredmedia":[{"embeddable":true,"href":"https:\/\/unaymilletras.com\/en\/wp-json\/wp\/v2\/media\/5450"}],"wp:attachment":[{"href":"https:\/\/unaymilletras.com\/en\/wp-json\/wp\/v2\/media?parent=5448"}],"wp:term":[{"taxonomy":"category","embeddable":true,"href":"https:\/\/unaymilletras.com\/en\/wp-json\/wp\/v2\/categories?post=5448"},{"taxonomy":"post_tag","embeddable":true,"href":"https:\/\/unaymilletras.com\/en\/wp-json\/wp\/v2\/tags?post=5448"}],"curies":[{"name":"wp","href":"https:\/\/api.w.org\/{rel}","templated":true}]}}