{"id":5454,"date":"2025-08-14T16:30:00","date_gmt":"2025-08-14T14:30:00","guid":{"rendered":"https:\/\/unaymilletras.com\/?p=5454"},"modified":"2025-08-13T23:20:45","modified_gmt":"2025-08-13T21:20:45","slug":"manuel-carrasco-conoce-a-su-fan-la-asistente-no-1-000-000","status":"publish","type":"post","link":"https:\/\/unaymilletras.com\/en\/manuel-carrasco-conoce-a-su-fan-la-asistente-no-1-000-000\/","title":{"rendered":"Manuel Carrasco conoce a su fan, la asistente n\u00ba 1.000.000"},"content":{"rendered":"<div data-elementor-type=\"wp-post\" data-elementor-id=\"5454\" class=\"elementor elementor-5454\">\n\t\t\t\t\t\t<section class=\"elementor-section elementor-top-section elementor-element elementor-element-59c109e elementor-section-boxed elementor-section-height-default elementor-section-height-default\" data-id=\"59c109e\" data-element_type=\"section\" data-e-type=\"section\">\n\t\t\t\t\t\t<div class=\"elementor-container elementor-column-gap-default\">\n\t\t\t\t\t<div class=\"elementor-column elementor-col-100 elementor-top-column elementor-element elementor-element-a4ee409\" data-id=\"a4ee409\" data-element_type=\"column\" data-e-type=\"column\">\n\t\t\t<div class=\"elementor-widget-wrap elementor-element-populated\">\n\t\t\t\t\t\t<div class=\"elementor-element elementor-element-3bf7542 elementor-widget elementor-widget-text-editor\" data-id=\"3bf7542\" data-element_type=\"widget\" data-e-type=\"widget\" data-widget_type=\"text-editor.default\">\n\t\t\t\t<div class=\"elementor-widget-container\">\n\t\t\t\t\t\t\t\t\t<h2 style=\"text-align: center;\"><span style=\"color: #808080;\"><em>En plena gira \u201cPueblo Salvaje II\u201d, Manuel Carrasco ha llegado al mill\u00f3n de asistentes en sus tres \u00faltimas giras<\/em><\/span><\/h2>\t\t\t\t\t\t\t\t<\/div>\n\t\t\t\t<\/div>\n\t\t\t\t\t<\/div>\n\t\t<\/div>\n\t\t\t\t\t<\/div>\n\t\t<\/section>\n\t\t\t\t<section class=\"elementor-section elementor-top-section elementor-element elementor-element-9f0ebbc elementor-section-boxed elementor-section-height-default elementor-section-height-default\" data-id=\"9f0ebbc\" data-element_type=\"section\" data-e-type=\"section\">\n\t\t\t\t\t\t<div class=\"elementor-container elementor-column-gap-default\">\n\t\t\t\t\t<div class=\"elementor-column elementor-col-100 elementor-top-column elementor-element elementor-element-6d3a2a6\" data-id=\"6d3a2a6\" data-element_type=\"column\" data-e-type=\"column\">\n\t\t\t<div class=\"elementor-widget-wrap elementor-element-populated\">\n\t\t\t\t\t\t<div class=\"elementor-element elementor-element-ae3ee9f elementor-widget elementor-widget-text-editor\" data-id=\"ae3ee9f\" data-element_type=\"widget\" data-e-type=\"widget\" data-widget_type=\"text-editor.default\">\n\t\t\t\t<div class=\"elementor-widget-container\">\n\t\t\t\t\t\t\t\t\t<p data-start=\"233\" data-end=\"492\">El pasado <strong data-start=\"243\" data-end=\"258\">9 de agosto<\/strong>, <strong data-start=\"260\" data-end=\"279\">Manuel Carrasco<\/strong> convirti\u00f3 el Festival Costa a Feira de <strong data-start=\"319\" data-end=\"331\">Sanxenxo<\/strong> en escenario de un momento \u00fanico para la m\u00fasica en vivo en Espa\u00f1a: superar el <strong data-start=\"410\" data-end=\"434\">mill\u00f3n de asistentes<\/strong> en las tres giras realizadas en los \u00faltimos cinco a\u00f1os.<\/p><p data-start=\"494\" data-end=\"846\">En plena gira <strong data-start=\"508\" data-end=\"529\">Tour Salvaje 2025<\/strong>, el artista onubense recibi\u00f3 la cifra simb\u00f3lica de manos de la espectadora <strong data-start=\"605\" data-end=\"628\">Lorena Penas Buceta<\/strong>, que se convirti\u00f3 en la fan n\u00famero un mill\u00f3n. La celebraci\u00f3n fue a\u00fan m\u00e1s especial al coincidir con el cumplea\u00f1os del hijo de la espectadora, a quien Carrasco subi\u00f3 al escenario para cantarle junto a todo el p\u00fablico.<\/p>\t\t\t\t\t\t\t\t<\/div>\n\t\t\t\t<\/div>\n\t\t\t\t\t<\/div>\n\t\t<\/div>\n\t\t\t\t\t<\/div>\n\t\t<\/section>\n\t\t\t\t<section class=\"elementor-section elementor-top-section elementor-element elementor-element-d1b694e elementor-section-boxed elementor-section-height-default elementor-section-height-default\" data-id=\"d1b694e\" data-element_type=\"section\" data-e-type=\"section\">\n\t\t\t\t\t\t<div class=\"elementor-container elementor-column-gap-default\">\n\t\t\t\t\t<div class=\"elementor-column elementor-col-100 elementor-top-column elementor-element elementor-element-9645725\" data-id=\"9645725\" data-element_type=\"column\" data-e-type=\"column\">\n\t\t\t<div class=\"elementor-widget-wrap elementor-element-populated\">\n\t\t\t\t\t\t<div class=\"elementor-element elementor-element-d357546 elementor-widget elementor-widget-image\" data-id=\"d357546\" data-element_type=\"widget\" data-e-type=\"widget\" data-widget_type=\"image.default\">\n\t\t\t\t<div class=\"elementor-widget-container\">\n\t\t\t\t\t\t\t\t\t\t\t\t\t\t\t<img fetchpriority=\"high\" decoding=\"async\" width=\"640\" height=\"427\" src=\"https:\/\/unaymilletras.com\/wp-content\/uploads\/2025\/08\/MANUEL-CARRASCO-Y-FAN-No-1.000.000-1024x683.jpeg\" class=\"attachment-large size-large wp-image-5457\" alt=\"Manuel Carrasco\" srcset=\"https:\/\/unaymilletras.com\/wp-content\/uploads\/2025\/08\/MANUEL-CARRASCO-Y-FAN-No-1.000.000-1024x683.jpeg 1024w, https:\/\/unaymilletras.com\/wp-content\/uploads\/2025\/08\/MANUEL-CARRASCO-Y-FAN-No-1.000.000-300x200.jpeg 300w, https:\/\/unaymilletras.com\/wp-content\/uploads\/2025\/08\/MANUEL-CARRASCO-Y-FAN-No-1.000.000-768x512.jpeg 768w, https:\/\/unaymilletras.com\/wp-content\/uploads\/2025\/08\/MANUEL-CARRASCO-Y-FAN-No-1.000.000-1536x1024.jpeg 1536w, https:\/\/unaymilletras.com\/wp-content\/uploads\/2025\/08\/MANUEL-CARRASCO-Y-FAN-No-1.000.000-2048x1365.jpeg 2048w, https:\/\/unaymilletras.com\/wp-content\/uploads\/2025\/08\/MANUEL-CARRASCO-Y-FAN-No-1.000.000-18x12.jpeg 18w, https:\/\/unaymilletras.com\/wp-content\/uploads\/2025\/08\/MANUEL-CARRASCO-Y-FAN-No-1.000.000-scaled-e1755119990469.jpeg 600w\" sizes=\"(max-width: 640px) 100vw, 640px\" \/>\t\t\t\t\t\t\t\t\t\t\t\t\t\t\t<\/div>\n\t\t\t\t<\/div>\n\t\t\t\t\t<\/div>\n\t\t<\/div>\n\t\t\t\t\t<\/div>\n\t\t<\/section>\n\t\t\t\t<section class=\"elementor-section elementor-top-section elementor-element elementor-element-f03a4b5 elementor-section-boxed elementor-section-height-default elementor-section-height-default\" data-id=\"f03a4b5\" data-element_type=\"section\" data-e-type=\"section\">\n\t\t\t\t\t\t<div class=\"elementor-container elementor-column-gap-default\">\n\t\t\t\t\t<div class=\"elementor-column elementor-col-100 elementor-top-column elementor-element elementor-element-8218b5f\" data-id=\"8218b5f\" data-element_type=\"column\" data-e-type=\"column\">\n\t\t\t<div class=\"elementor-widget-wrap elementor-element-populated\">\n\t\t\t\t\t\t<div class=\"elementor-element elementor-element-9cb3430 elementor-widget elementor-widget-text-editor\" data-id=\"9cb3430\" data-element_type=\"widget\" data-e-type=\"widget\" data-widget_type=\"text-editor.default\">\n\t\t\t\t<div class=\"elementor-widget-container\">\n\t\t\t\t\t\t\t\t\t<p data-start=\"848\" data-end=\"1172\">Este logro se suma a una trayectoria marcada por conciertos hist\u00f3ricos, como el r\u00e9cord absoluto en el <strong data-start=\"950\" data-end=\"986\">Estadio de la Cartuja de Sevilla<\/strong> con <strong data-start=\"991\" data-end=\"1012\">74.345 asistentes<\/strong><span data-start=\"991\" data-end=\"1012\">;<\/span>&nbsp;las m\u00e1s de <strong data-start=\"1025\" data-end=\"1045\">140.000 personas<\/strong> en dos noches en la capital andaluza; o el multitudinario concierto en el <strong data-start=\"1119\" data-end=\"1140\">Santiago Bernab\u00e9u<\/strong> ante <strong data-start=\"1146\" data-end=\"1169\">67.765 espectadores<\/strong>.<\/p>\n<p data-start=\"1174\" data-end=\"1429\">\u201cUn mill\u00f3n no es solo un n\u00famero, son un mill\u00f3n de historias de abrazos y canciones cantadas a coro. Es un orgullo celebrar este momento\u201d, expres\u00f3 Carrasco, que acumula adem\u00e1s 235.476 entradas vendidas en su gira post pandemia <em data-start=\"1400\" data-end=\"1426\">Hay que vivir el momento<\/em>.<\/p>\t\t\t\t\t\t\t\t<\/div>\n\t\t\t\t<\/div>\n\t\t\t\t\t<\/div>\n\t\t<\/div>\n\t\t\t\t\t<\/div>\n\t\t<\/section>\n\t\t\t\t<section class=\"elementor-section elementor-top-section elementor-element elementor-element-292665b elementor-section-boxed elementor-section-height-default elementor-section-height-default\" data-id=\"292665b\" data-element_type=\"section\" data-e-type=\"section\">\n\t\t\t\t\t\t<div class=\"elementor-container elementor-column-gap-default\">\n\t\t\t\t\t<div class=\"elementor-column elementor-col-100 elementor-top-column elementor-element elementor-element-a617cfe\" data-id=\"a617cfe\" data-element_type=\"column\" data-e-type=\"column\">\n\t\t\t<div class=\"elementor-widget-wrap elementor-element-populated\">\n\t\t\t\t\t\t<div class=\"elementor-element elementor-element-b820718 elementor-widget elementor-widget-video\" data-id=\"b820718\" data-element_type=\"widget\" data-e-type=\"widget\" data-settings=\"{&quot;youtube_url&quot;:&quot;https:\\\/\\\/www.youtube.com\\\/watch?v=oEHf0gDu8SU&amp;list=RDoEHf0gDu8SU&amp;start_radio=1&amp;ab_channel=ManuelCarrascoVEVO&quot;,&quot;video_type&quot;:&quot;youtube&quot;,&quot;controls&quot;:&quot;yes&quot;}\" data-widget_type=\"video.default\">\n\t\t\t\t<div class=\"elementor-widget-container\">\n\t\t\t\t\t\t\t<div class=\"elementor-wrapper elementor-open-inline\">\n\t\t\t<div class=\"elementor-video\"><\/div>\t\t<\/div>\n\t\t\t\t\t\t<\/div>\n\t\t\t\t<\/div>\n\t\t\t\t\t<\/div>\n\t\t<\/div>\n\t\t\t\t\t<\/div>\n\t\t<\/section>\n\t\t\t\t<section class=\"elementor-section elementor-top-section elementor-element elementor-element-22d50b6 elementor-section-boxed elementor-section-height-default elementor-section-height-default\" data-id=\"22d50b6\" data-element_type=\"section\" data-e-type=\"section\">\n\t\t\t\t\t\t<div class=\"elementor-container elementor-column-gap-default\">\n\t\t\t\t\t<div class=\"elementor-column elementor-col-100 elementor-top-column elementor-element elementor-element-94b3880\" data-id=\"94b3880\" data-element_type=\"column\" data-e-type=\"column\">\n\t\t\t<div class=\"elementor-widget-wrap elementor-element-populated\">\n\t\t\t\t\t\t<div class=\"elementor-element elementor-element-e7ba15b elementor-widget elementor-widget-text-editor\" data-id=\"e7ba15b\" data-element_type=\"widget\" data-e-type=\"widget\" data-widget_type=\"text-editor.default\">\n\t\t\t\t<div class=\"elementor-widget-container\">\n\t\t\t\t\t\t\t\t\t<p data-start=\"1431\" data-end=\"1813\">La gira actual tiene como eje <strong data-start=\"1461\" data-end=\"1484\">\u201cPueblo Salvaje II\u201d<\/strong>, un \u00e1lbum que lleva tres meses en el top 20 de los discos m\u00e1s vendidos y que refuerza el esp\u00edritu \u00edntimo y salvaje de esta etapa. A\u00fan restan citas destacadas como la doble noche en <strong data-start=\"1666\" data-end=\"1683\">Isla Cristina<\/strong>, dos conciertos en el <strong data-start=\"1706\" data-end=\"1724\">Movistar Arena<\/strong> de Madrid, y paradas en <strong data-start=\"1749\" data-end=\"1771\">Valencia, Zaragoza<\/strong> y el <strong data-start=\"1777\" data-end=\"1797\">Palau Sant Jordi<\/strong> de Barcelona.<\/p><p data-start=\"1815\" data-end=\"2095\" data-is-last-node=\"\" data-is-only-node=\"\">En cifras oficiales, Carrasco reuni\u00f3 <strong data-start=\"1852\" data-end=\"1872\">351.294 personas<\/strong> con <em data-start=\"1877\" data-end=\"1895\">La cruz del mapa<\/em>, <strong data-start=\"1897\" data-end=\"1908\">389.657<\/strong> con <em data-start=\"1913\" data-end=\"1931\">Coraz\u00f3n y flecha<\/em> y ya roza los 70.000 asistentes en cada gran cita de <em data-start=\"1985\" data-end=\"1999\">Tour Salvaje<\/em>. Sanxenxo quedar\u00e1 as\u00ed grabado como la noche en que el p\u00fablico y el artista hicieron historia.<\/p>\t\t\t\t\t\t\t\t<\/div>\n\t\t\t\t<\/div>\n\t\t\t\t\t<\/div>\n\t\t<\/div>\n\t\t\t\t\t<\/div>\n\t\t<\/section>\n\t\t\t\t<\/div>","protected":false},"excerpt":{"rendered":"<p>En plena gira \u201cPueblo Salvaje II\u201d, Manuel Carrasco ha llegado al mill\u00f3n de asistentes en sus tres \u00faltimas giras El pasado 9 de agosto, Manuel Carrasco convirti\u00f3 el Festival Costa a Feira de Sanxenxo en escenario de un momento \u00fanico para la m\u00fasica en vivo en Espa\u00f1a: superar el mill\u00f3n de asistentes en las tres [&hellip;]<\/p>\n","protected":false},"author":6,"featured_media":5457,"comment_status":"closed","ping_status":"closed","sticky":false,"template":"","format":"standard","meta":{"footnotes":""},"categories":[4],"tags":[],"class_list":["post-5454","post","type-post","status-publish","format-standard","has-post-thumbnail","hentry","category-musica"],"yoast_head":"<!-- This site is optimized with the Yoast SEO plugin v27.4 - https:\/\/yoast.com\/product\/yoast-seo-wordpress\/ -->\n<title>Manuel Carrasco conoce a su fan, la asistente n\u00ba 1.000.000<\/title>\n<meta name=\"description\" content=\"En plena gira \u201cPueblo Salvaje II\u201d, Manuel Carrasco ha llegado al mill\u00f3n de asistentes en sus tres \u00faltimas giras\" \/>\n<meta name=\"robots\" content=\"index, follow, max-snippet:-1, max-image-preview:large, max-video-preview:-1\" \/>\n<link rel=\"canonical\" href=\"https:\/\/unaymilletras.com\/en\/manuel-carrasco-conoce-a-su-fan-la-asistente-no-1-000-000\/\" \/>\n<meta property=\"og:locale\" content=\"en_GB\" \/>\n<meta property=\"og:type\" content=\"article\" \/>\n<meta property=\"og:title\" content=\"Manuel Carrasco conoce a su fan, la asistente n\u00ba 1.000.000\" \/>\n<meta property=\"og:description\" content=\"En plena gira \u201cPueblo Salvaje II\u201d, Manuel Carrasco ha llegado al mill\u00f3n de asistentes en sus tres \u00faltimas giras\" \/>\n<meta property=\"og:url\" content=\"https:\/\/unaymilletras.com\/en\/manuel-carrasco-conoce-a-su-fan-la-asistente-no-1-000-000\/\" \/>\n<meta property=\"og:site_name\" content=\"Una y Mil Letras\" \/>\n<meta property=\"article:published_time\" content=\"2025-08-14T14:30:00+00:00\" \/>\n<meta property=\"og:image\" content=\"https:\/\/unaymilletras.com\/wp-content\/uploads\/2025\/08\/MANUEL-CARRASCO-Y-FAN-No-1.000.000-scaled-e1755119990469.jpeg\" \/>\n\t<meta property=\"og:image:width\" content=\"600\" \/>\n\t<meta property=\"og:image:height\" content=\"400\" \/>\n\t<meta property=\"og:image:type\" content=\"image\/jpeg\" \/>\n<meta name=\"author\" content=\"Redacci\u00f3n\" \/>\n<meta name=\"twitter:card\" content=\"summary_large_image\" \/>\n<meta name=\"twitter:creator\" content=\"@UnaYMilLetras\" \/>\n<meta name=\"twitter:site\" content=\"@UnaYMilLetras\" \/>\n<meta name=\"twitter:label1\" content=\"Written by\" \/>\n\t<meta name=\"twitter:data1\" content=\"Redacci\u00f3n\" \/>\n\t<meta name=\"twitter:label2\" content=\"Estimated reading time\" \/>\n\t<meta name=\"twitter:data2\" content=\"2 minutes\" \/>\n<script type=\"application\/ld+json\" class=\"yoast-schema-graph\">{\"@context\":\"https:\\\/\\\/schema.org\",\"@graph\":[{\"@type\":\"Article\",\"@id\":\"https:\\\/\\\/unaymilletras.com\\\/manuel-carrasco-conoce-a-su-fan-la-asistente-no-1-000-000\\\/#article\",\"isPartOf\":{\"@id\":\"https:\\\/\\\/unaymilletras.com\\\/manuel-carrasco-conoce-a-su-fan-la-asistente-no-1-000-000\\\/\"},\"author\":{\"name\":\"Redacci\u00f3n\",\"@id\":\"http:\\\/\\\/unaymilletras.com\\\/#\\\/schema\\\/person\\\/0860dc8a218329991ee2c7591f4f849d\"},\"headline\":\"Manuel Carrasco conoce a su fan, la asistente n\u00ba 1.000.000\",\"datePublished\":\"2025-08-14T14:30:00+00:00\",\"mainEntityOfPage\":{\"@id\":\"https:\\\/\\\/unaymilletras.com\\\/manuel-carrasco-conoce-a-su-fan-la-asistente-no-1-000-000\\\/\"},\"wordCount\":368,\"publisher\":{\"@id\":\"http:\\\/\\\/unaymilletras.com\\\/#organization\"},\"image\":{\"@id\":\"https:\\\/\\\/unaymilletras.com\\\/manuel-carrasco-conoce-a-su-fan-la-asistente-no-1-000-000\\\/#primaryimage\"},\"thumbnailUrl\":\"https:\\\/\\\/unaymilletras.com\\\/wp-content\\\/uploads\\\/2025\\\/08\\\/MANUEL-CARRASCO-Y-FAN-No-1.000.000-scaled-e1755119990469.jpeg\",\"articleSection\":[\"M\u00fasica\"],\"inLanguage\":\"en-GB\"},{\"@type\":\"WebPage\",\"@id\":\"https:\\\/\\\/unaymilletras.com\\\/manuel-carrasco-conoce-a-su-fan-la-asistente-no-1-000-000\\\/\",\"url\":\"https:\\\/\\\/unaymilletras.com\\\/manuel-carrasco-conoce-a-su-fan-la-asistente-no-1-000-000\\\/\",\"name\":\"Manuel Carrasco conoce a su fan, la asistente n\u00ba 1.000.000\",\"isPartOf\":{\"@id\":\"http:\\\/\\\/unaymilletras.com\\\/#website\"},\"primaryImageOfPage\":{\"@id\":\"https:\\\/\\\/unaymilletras.com\\\/manuel-carrasco-conoce-a-su-fan-la-asistente-no-1-000-000\\\/#primaryimage\"},\"image\":{\"@id\":\"https:\\\/\\\/unaymilletras.com\\\/manuel-carrasco-conoce-a-su-fan-la-asistente-no-1-000-000\\\/#primaryimage\"},\"thumbnailUrl\":\"https:\\\/\\\/unaymilletras.com\\\/wp-content\\\/uploads\\\/2025\\\/08\\\/MANUEL-CARRASCO-Y-FAN-No-1.000.000-scaled-e1755119990469.jpeg\",\"datePublished\":\"2025-08-14T14:30:00+00:00\",\"description\":\"En plena gira \u201cPueblo Salvaje II\u201d, Manuel Carrasco ha llegado al mill\u00f3n de asistentes en sus tres \u00faltimas giras\",\"breadcrumb\":{\"@id\":\"https:\\\/\\\/unaymilletras.com\\\/manuel-carrasco-conoce-a-su-fan-la-asistente-no-1-000-000\\\/#breadcrumb\"},\"inLanguage\":\"en-GB\",\"potentialAction\":[{\"@type\":\"ReadAction\",\"target\":[\"https:\\\/\\\/unaymilletras.com\\\/manuel-carrasco-conoce-a-su-fan-la-asistente-no-1-000-000\\\/\"]}]},{\"@type\":\"ImageObject\",\"inLanguage\":\"en-GB\",\"@id\":\"https:\\\/\\\/unaymilletras.com\\\/manuel-carrasco-conoce-a-su-fan-la-asistente-no-1-000-000\\\/#primaryimage\",\"url\":\"https:\\\/\\\/unaymilletras.com\\\/wp-content\\\/uploads\\\/2025\\\/08\\\/MANUEL-CARRASCO-Y-FAN-No-1.000.000-scaled-e1755119990469.jpeg\",\"contentUrl\":\"https:\\\/\\\/unaymilletras.com\\\/wp-content\\\/uploads\\\/2025\\\/08\\\/MANUEL-CARRASCO-Y-FAN-No-1.000.000-scaled-e1755119990469.jpeg\",\"width\":600,\"height\":400,\"caption\":\"Manuel Carrasco\"},{\"@type\":\"BreadcrumbList\",\"@id\":\"https:\\\/\\\/unaymilletras.com\\\/manuel-carrasco-conoce-a-su-fan-la-asistente-no-1-000-000\\\/#breadcrumb\",\"itemListElement\":[{\"@type\":\"ListItem\",\"position\":1,\"name\":\"Home\",\"item\":\"http:\\\/\\\/unaymilletras.com\\\/\"},{\"@type\":\"ListItem\",\"position\":2,\"name\":\"Manuel Carrasco conoce a su fan, la asistente n\u00ba 1.000.000\"}]},{\"@type\":\"WebSite\",\"@id\":\"http:\\\/\\\/unaymilletras.com\\\/#website\",\"url\":\"http:\\\/\\\/unaymilletras.com\\\/\",\"name\":\"Una y Mil Letras\",\"description\":\"\",\"publisher\":{\"@id\":\"http:\\\/\\\/unaymilletras.com\\\/#organization\"},\"potentialAction\":[{\"@type\":\"SearchAction\",\"target\":{\"@type\":\"EntryPoint\",\"urlTemplate\":\"http:\\\/\\\/unaymilletras.com\\\/?s={search_term_string}\"},\"query-input\":{\"@type\":\"PropertyValueSpecification\",\"valueRequired\":true,\"valueName\":\"search_term_string\"}}],\"inLanguage\":\"en-GB\"},{\"@type\":\"Organization\",\"@id\":\"http:\\\/\\\/unaymilletras.com\\\/#organization\",\"name\":\"Una y Mil Letras\",\"url\":\"http:\\\/\\\/unaymilletras.com\\\/\",\"logo\":{\"@type\":\"ImageObject\",\"inLanguage\":\"en-GB\",\"@id\":\"http:\\\/\\\/unaymilletras.com\\\/#\\\/schema\\\/logo\\\/image\\\/\",\"url\":\"https:\\\/\\\/unaymilletras.com\\\/wp-content\\\/uploads\\\/2024\\\/06\\\/cropped-Logo-removebg-preview.png\",\"contentUrl\":\"https:\\\/\\\/unaymilletras.com\\\/wp-content\\\/uploads\\\/2024\\\/06\\\/cropped-Logo-removebg-preview.png\",\"width\":512,\"height\":512,\"caption\":\"Una y Mil Letras\"},\"image\":{\"@id\":\"http:\\\/\\\/unaymilletras.com\\\/#\\\/schema\\\/logo\\\/image\\\/\"},\"sameAs\":[\"https:\\\/\\\/x.com\\\/UnaYMilLetras\",\"https:\\\/\\\/instagram.com\\\/UnaYMilLetras\"]},{\"@type\":\"Person\",\"@id\":\"http:\\\/\\\/unaymilletras.com\\\/#\\\/schema\\\/person\\\/0860dc8a218329991ee2c7591f4f849d\",\"name\":\"Redacci\u00f3n\",\"image\":{\"@type\":\"ImageObject\",\"inLanguage\":\"en-GB\",\"@id\":\"https:\\\/\\\/secure.gravatar.com\\\/avatar\\\/d8f55e05a8b6597e45c55a1dcbdbfe44f4a360d88b48e00de5216a79b7732796?s=96&d=mm&r=g\",\"url\":\"https:\\\/\\\/secure.gravatar.com\\\/avatar\\\/d8f55e05a8b6597e45c55a1dcbdbfe44f4a360d88b48e00de5216a79b7732796?s=96&d=mm&r=g\",\"contentUrl\":\"https:\\\/\\\/secure.gravatar.com\\\/avatar\\\/d8f55e05a8b6597e45c55a1dcbdbfe44f4a360d88b48e00de5216a79b7732796?s=96&d=mm&r=g\",\"caption\":\"Redacci\u00f3n\"},\"url\":\"https:\\\/\\\/unaymilletras.com\\\/en\\\/author\\\/redaccion\\\/\"}]}<\/script>\n<!-- \/ Yoast SEO plugin. -->","yoast_head_json":{"title":"Manuel Carrasco conoce a su fan, la asistente n\u00ba 1.000.000","description":"En plena gira \u201cPueblo Salvaje II\u201d, Manuel Carrasco ha llegado al mill\u00f3n de asistentes en sus tres \u00faltimas giras","robots":{"index":"index","follow":"follow","max-snippet":"max-snippet:-1","max-image-preview":"max-image-preview:large","max-video-preview":"max-video-preview:-1"},"canonical":"https:\/\/unaymilletras.com\/en\/manuel-carrasco-conoce-a-su-fan-la-asistente-no-1-000-000\/","og_locale":"en_GB","og_type":"article","og_title":"Manuel Carrasco conoce a su fan, la asistente n\u00ba 1.000.000","og_description":"En plena gira \u201cPueblo Salvaje II\u201d, Manuel Carrasco ha llegado al mill\u00f3n de asistentes en sus tres \u00faltimas giras","og_url":"https:\/\/unaymilletras.com\/en\/manuel-carrasco-conoce-a-su-fan-la-asistente-no-1-000-000\/","og_site_name":"Una y Mil Letras","article_published_time":"2025-08-14T14:30:00+00:00","og_image":[{"width":600,"height":400,"url":"https:\/\/unaymilletras.com\/wp-content\/uploads\/2025\/08\/MANUEL-CARRASCO-Y-FAN-No-1.000.000-scaled-e1755119990469.jpeg","type":"image\/jpeg"}],"author":"Redacci\u00f3n","twitter_card":"summary_large_image","twitter_creator":"@UnaYMilLetras","twitter_site":"@UnaYMilLetras","twitter_misc":{"Written by":"Redacci\u00f3n","Estimated reading time":"2 minutes"},"schema":{"@context":"https:\/\/schema.org","@graph":[{"@type":"Article","@id":"https:\/\/unaymilletras.com\/manuel-carrasco-conoce-a-su-fan-la-asistente-no-1-000-000\/#article","isPartOf":{"@id":"https:\/\/unaymilletras.com\/manuel-carrasco-conoce-a-su-fan-la-asistente-no-1-000-000\/"},"author":{"name":"Redacci\u00f3n","@id":"http:\/\/unaymilletras.com\/#\/schema\/person\/0860dc8a218329991ee2c7591f4f849d"},"headline":"Manuel Carrasco conoce a su fan, la asistente n\u00ba 1.000.000","datePublished":"2025-08-14T14:30:00+00:00","mainEntityOfPage":{"@id":"https:\/\/unaymilletras.com\/manuel-carrasco-conoce-a-su-fan-la-asistente-no-1-000-000\/"},"wordCount":368,"publisher":{"@id":"http:\/\/unaymilletras.com\/#organization"},"image":{"@id":"https:\/\/unaymilletras.com\/manuel-carrasco-conoce-a-su-fan-la-asistente-no-1-000-000\/#primaryimage"},"thumbnailUrl":"https:\/\/unaymilletras.com\/wp-content\/uploads\/2025\/08\/MANUEL-CARRASCO-Y-FAN-No-1.000.000-scaled-e1755119990469.jpeg","articleSection":["M\u00fasica"],"inLanguage":"en-GB"},{"@type":"WebPage","@id":"https:\/\/unaymilletras.com\/manuel-carrasco-conoce-a-su-fan-la-asistente-no-1-000-000\/","url":"https:\/\/unaymilletras.com\/manuel-carrasco-conoce-a-su-fan-la-asistente-no-1-000-000\/","name":"Manuel Carrasco conoce a su fan, la asistente n\u00ba 1.000.000","isPartOf":{"@id":"http:\/\/unaymilletras.com\/#website"},"primaryImageOfPage":{"@id":"https:\/\/unaymilletras.com\/manuel-carrasco-conoce-a-su-fan-la-asistente-no-1-000-000\/#primaryimage"},"image":{"@id":"https:\/\/unaymilletras.com\/manuel-carrasco-conoce-a-su-fan-la-asistente-no-1-000-000\/#primaryimage"},"thumbnailUrl":"https:\/\/unaymilletras.com\/wp-content\/uploads\/2025\/08\/MANUEL-CARRASCO-Y-FAN-No-1.000.000-scaled-e1755119990469.jpeg","datePublished":"2025-08-14T14:30:00+00:00","description":"En plena gira \u201cPueblo Salvaje II\u201d, Manuel Carrasco ha llegado al mill\u00f3n de asistentes en sus tres \u00faltimas giras","breadcrumb":{"@id":"https:\/\/unaymilletras.com\/manuel-carrasco-conoce-a-su-fan-la-asistente-no-1-000-000\/#breadcrumb"},"inLanguage":"en-GB","potentialAction":[{"@type":"ReadAction","target":["https:\/\/unaymilletras.com\/manuel-carrasco-conoce-a-su-fan-la-asistente-no-1-000-000\/"]}]},{"@type":"ImageObject","inLanguage":"en-GB","@id":"https:\/\/unaymilletras.com\/manuel-carrasco-conoce-a-su-fan-la-asistente-no-1-000-000\/#primaryimage","url":"https:\/\/unaymilletras.com\/wp-content\/uploads\/2025\/08\/MANUEL-CARRASCO-Y-FAN-No-1.000.000-scaled-e1755119990469.jpeg","contentUrl":"https:\/\/unaymilletras.com\/wp-content\/uploads\/2025\/08\/MANUEL-CARRASCO-Y-FAN-No-1.000.000-scaled-e1755119990469.jpeg","width":600,"height":400,"caption":"Manuel Carrasco"},{"@type":"BreadcrumbList","@id":"https:\/\/unaymilletras.com\/manuel-carrasco-conoce-a-su-fan-la-asistente-no-1-000-000\/#breadcrumb","itemListElement":[{"@type":"ListItem","position":1,"name":"Home","item":"http:\/\/unaymilletras.com\/"},{"@type":"ListItem","position":2,"name":"Manuel Carrasco conoce a su fan, la asistente n\u00ba 1.000.000"}]},{"@type":"WebSite","@id":"http:\/\/unaymilletras.com\/#website","url":"http:\/\/unaymilletras.com\/","name":"Una y Mil Letras","description":"","publisher":{"@id":"http:\/\/unaymilletras.com\/#organization"},"potentialAction":[{"@type":"SearchAction","target":{"@type":"EntryPoint","urlTemplate":"http:\/\/unaymilletras.com\/?s={search_term_string}"},"query-input":{"@type":"PropertyValueSpecification","valueRequired":true,"valueName":"search_term_string"}}],"inLanguage":"en-GB"},{"@type":"Organization","@id":"http:\/\/unaymilletras.com\/#organization","name":"Una y Mil Letras","url":"http:\/\/unaymilletras.com\/","logo":{"@type":"ImageObject","inLanguage":"en-GB","@id":"http:\/\/unaymilletras.com\/#\/schema\/logo\/image\/","url":"https:\/\/unaymilletras.com\/wp-content\/uploads\/2024\/06\/cropped-Logo-removebg-preview.png","contentUrl":"https:\/\/unaymilletras.com\/wp-content\/uploads\/2024\/06\/cropped-Logo-removebg-preview.png","width":512,"height":512,"caption":"Una y Mil Letras"},"image":{"@id":"http:\/\/unaymilletras.com\/#\/schema\/logo\/image\/"},"sameAs":["https:\/\/x.com\/UnaYMilLetras","https:\/\/instagram.com\/UnaYMilLetras"]},{"@type":"Person","@id":"http:\/\/unaymilletras.com\/#\/schema\/person\/0860dc8a218329991ee2c7591f4f849d","name":"Redacci\u00f3n","image":{"@type":"ImageObject","inLanguage":"en-GB","@id":"https:\/\/secure.gravatar.com\/avatar\/d8f55e05a8b6597e45c55a1dcbdbfe44f4a360d88b48e00de5216a79b7732796?s=96&d=mm&r=g","url":"https:\/\/secure.gravatar.com\/avatar\/d8f55e05a8b6597e45c55a1dcbdbfe44f4a360d88b48e00de5216a79b7732796?s=96&d=mm&r=g","contentUrl":"https:\/\/secure.gravatar.com\/avatar\/d8f55e05a8b6597e45c55a1dcbdbfe44f4a360d88b48e00de5216a79b7732796?s=96&d=mm&r=g","caption":"Redacci\u00f3n"},"url":"https:\/\/unaymilletras.com\/en\/author\/redaccion\/"}]}},"_links":{"self":[{"href":"https:\/\/unaymilletras.com\/en\/wp-json\/wp\/v2\/posts\/5454","targetHints":{"allow":["GET"]}}],"collection":[{"href":"https:\/\/unaymilletras.com\/en\/wp-json\/wp\/v2\/posts"}],"about":[{"href":"https:\/\/unaymilletras.com\/en\/wp-json\/wp\/v2\/types\/post"}],"author":[{"embeddable":true,"href":"https:\/\/unaymilletras.com\/en\/wp-json\/wp\/v2\/users\/6"}],"replies":[{"embeddable":true,"href":"https:\/\/unaymilletras.com\/en\/wp-json\/wp\/v2\/comments?post=5454"}],"version-history":[{"count":4,"href":"https:\/\/unaymilletras.com\/en\/wp-json\/wp\/v2\/posts\/5454\/revisions"}],"predecessor-version":[{"id":5460,"href":"https:\/\/unaymilletras.com\/en\/wp-json\/wp\/v2\/posts\/5454\/revisions\/5460"}],"wp:featuredmedia":[{"embeddable":true,"href":"https:\/\/unaymilletras.com\/en\/wp-json\/wp\/v2\/media\/5457"}],"wp:attachment":[{"href":"https:\/\/unaymilletras.com\/en\/wp-json\/wp\/v2\/media?parent=5454"}],"wp:term":[{"taxonomy":"category","embeddable":true,"href":"https:\/\/unaymilletras.com\/en\/wp-json\/wp\/v2\/categories?post=5454"},{"taxonomy":"post_tag","embeddable":true,"href":"https:\/\/unaymilletras.com\/en\/wp-json\/wp\/v2\/tags?post=5454"}],"curies":[{"name":"wp","href":"https:\/\/api.w.org\/{rel}","templated":true}]}}