{"id":5462,"date":"2025-08-16T13:00:00","date_gmt":"2025-08-16T11:00:00","guid":{"rendered":"https:\/\/unaymilletras.com\/?p=5462"},"modified":"2025-08-15T13:34:10","modified_gmt":"2025-08-15T11:34:10","slug":"ll-cool-j-sera-el-maestro-de-ceremonias-de-los-mtv-vmas-2025","status":"publish","type":"post","link":"https:\/\/unaymilletras.com\/en\/ll-cool-j-sera-el-maestro-de-ceremonias-de-los-mtv-vmas-2025\/","title":{"rendered":"LL COOL J ser\u00e1 el maestro de ceremonias de los MTV VMAs 2025"},"content":{"rendered":"<div data-elementor-type=\"wp-post\" data-elementor-id=\"5462\" class=\"elementor elementor-5462\">\n\t\t\t\t\t\t<section class=\"elementor-section elementor-top-section elementor-element elementor-element-335342d elementor-section-boxed elementor-section-height-default elementor-section-height-default\" data-id=\"335342d\" data-element_type=\"section\" data-e-type=\"section\">\n\t\t\t\t\t\t<div class=\"elementor-container elementor-column-gap-default\">\n\t\t\t\t\t<div class=\"elementor-column elementor-col-100 elementor-top-column elementor-element elementor-element-e095f07\" data-id=\"e095f07\" data-element_type=\"column\" data-e-type=\"column\">\n\t\t\t<div class=\"elementor-widget-wrap elementor-element-populated\">\n\t\t\t\t\t\t<div class=\"elementor-element elementor-element-cd38679 elementor-widget elementor-widget-text-editor\" data-id=\"cd38679\" data-element_type=\"widget\" data-e-type=\"widget\" data-widget_type=\"text-editor.default\">\n\t\t\t\t<div class=\"elementor-widget-container\">\n\t\t\t\t\t\t\t\t\t<h2 style=\"text-align: center;\"><span style=\"color: #808080;\"><em>Se podr\u00e1 seguir la gala en directo de los MTV VMAs 2025 la madrugada del domingo 7 al lunes 8 de septiembre en MTV y Pluto TV<\/em><\/span><\/h2>\t\t\t\t\t\t\t\t<\/div>\n\t\t\t\t<\/div>\n\t\t\t\t\t<\/div>\n\t\t<\/div>\n\t\t\t\t\t<\/div>\n\t\t<\/section>\n\t\t\t\t<section class=\"elementor-section elementor-top-section elementor-element elementor-element-f28198c elementor-section-boxed elementor-section-height-default elementor-section-height-default\" data-id=\"f28198c\" data-element_type=\"section\" data-e-type=\"section\">\n\t\t\t\t\t\t<div class=\"elementor-container elementor-column-gap-default\">\n\t\t\t\t\t<div class=\"elementor-column elementor-col-100 elementor-top-column elementor-element elementor-element-253e4c9\" data-id=\"253e4c9\" data-element_type=\"column\" data-e-type=\"column\">\n\t\t\t<div class=\"elementor-widget-wrap elementor-element-populated\">\n\t\t\t\t\t\t<div class=\"elementor-element elementor-element-71148f4 elementor-widget elementor-widget-text-editor\" data-id=\"71148f4\" data-element_type=\"widget\" data-e-type=\"widget\" data-widget_type=\"text-editor.default\">\n\t\t\t\t<div class=\"elementor-widget-container\">\n\t\t\t\t\t\t\t\t\t<p data-start=\"209\" data-end=\"463\">La cuenta atr\u00e1s para los <strong data-start=\"234\" data-end=\"265\">MTV VMA 2025<\/strong> ha comenzado, y este a\u00f1o el encargado de conducir la gala ser\u00e1 nada menos que <strong data-start=\"344\" data-end=\"357\">LL COOL J<\/strong>, leyenda del Hip-Hop, ganador de premios GRAMMY\u00ae y VMA, y miembro del Sal\u00f3n de la Fama del Rock &amp; Roll.<\/p>\n<p data-start=\"465\" data-end=\"757\">El evento se celebrar\u00e1 en el <strong data-start=\"494\" data-end=\"521\">USB Arena de Nueva York<\/strong> y podr\u00e1 verse en Espa\u00f1a la madrugada del <strong data-start=\"563\" data-end=\"601\">domingo 7 al lunes 8 de septiembre<\/strong>. El <strong data-start=\"606\" data-end=\"618\">pre-show<\/strong> arrancar\u00e1 a la <strong data-start=\"634\" data-end=\"644\">01:00h<\/strong> y la <strong data-start=\"650\" data-end=\"663\">ceremonia<\/strong> comenzar\u00e1 a las <strong data-start=\"680\" data-end=\"690\">02:00h<\/strong> en <strong data-start=\"694\" data-end=\"708\">MTV Espa\u00f1a<\/strong> y en el canal <strong data-start=\"723\" data-end=\"754\">MTV Party Music de Pluto TV<\/strong>.<\/p>\t\t\t\t\t\t\t\t<\/div>\n\t\t\t\t<\/div>\n\t\t\t\t\t<\/div>\n\t\t<\/div>\n\t\t\t\t\t<\/div>\n\t\t<\/section>\n\t\t\t\t<section class=\"elementor-section elementor-top-section elementor-element elementor-element-998bc83 elementor-section-boxed elementor-section-height-default elementor-section-height-default\" data-id=\"998bc83\" data-element_type=\"section\" data-e-type=\"section\">\n\t\t\t\t\t\t<div class=\"elementor-container elementor-column-gap-default\">\n\t\t\t\t\t<div class=\"elementor-column elementor-col-100 elementor-top-column elementor-element elementor-element-a9bc07a\" data-id=\"a9bc07a\" data-element_type=\"column\" data-e-type=\"column\">\n\t\t\t<div class=\"elementor-widget-wrap elementor-element-populated\">\n\t\t\t\t\t\t<div class=\"elementor-element elementor-element-1913564 elementor-widget elementor-widget-image\" data-id=\"1913564\" data-element_type=\"widget\" data-e-type=\"widget\" data-widget_type=\"image.default\">\n\t\t\t\t<div class=\"elementor-widget-container\">\n\t\t\t\t\t\t\t\t\t\t\t\t\t\t\t<img fetchpriority=\"high\" decoding=\"async\" width=\"640\" height=\"800\" src=\"https:\/\/unaymilletras.com\/wp-content\/uploads\/2025\/08\/VMA25_LLCoolJ_HostKeyArt-1080x1350_DDT-819x1024.jpg\" class=\"attachment-large size-large wp-image-5464\" alt=\"LL COOL J MTV VMAs 2025\" srcset=\"https:\/\/unaymilletras.com\/wp-content\/uploads\/2025\/08\/VMA25_LLCoolJ_HostKeyArt-1080x1350_DDT-819x1024.jpg 819w, https:\/\/unaymilletras.com\/wp-content\/uploads\/2025\/08\/VMA25_LLCoolJ_HostKeyArt-1080x1350_DDT-240x300.jpg 240w, https:\/\/unaymilletras.com\/wp-content\/uploads\/2025\/08\/VMA25_LLCoolJ_HostKeyArt-1080x1350_DDT-768x960.jpg 768w, https:\/\/unaymilletras.com\/wp-content\/uploads\/2025\/08\/VMA25_LLCoolJ_HostKeyArt-1080x1350_DDT-10x12.jpg 10w, https:\/\/unaymilletras.com\/wp-content\/uploads\/2025\/08\/VMA25_LLCoolJ_HostKeyArt-1080x1350_DDT-1024x1280.jpg 1024w, https:\/\/unaymilletras.com\/wp-content\/uploads\/2025\/08\/VMA25_LLCoolJ_HostKeyArt-1080x1350_DDT-e1755255755306.jpg 600w\" sizes=\"(max-width: 640px) 100vw, 640px\" \/>\t\t\t\t\t\t\t\t\t\t\t\t\t\t\t<\/div>\n\t\t\t\t<\/div>\n\t\t\t\t\t<\/div>\n\t\t<\/div>\n\t\t\t\t\t<\/div>\n\t\t<\/section>\n\t\t\t\t<section class=\"elementor-section elementor-top-section elementor-element elementor-element-288dd53 elementor-section-boxed elementor-section-height-default elementor-section-height-default\" data-id=\"288dd53\" data-element_type=\"section\" data-e-type=\"section\">\n\t\t\t\t\t\t<div class=\"elementor-container elementor-column-gap-default\">\n\t\t\t\t\t<div class=\"elementor-column elementor-col-100 elementor-top-column elementor-element elementor-element-6073bc5\" data-id=\"6073bc5\" data-element_type=\"column\" data-e-type=\"column\">\n\t\t\t<div class=\"elementor-widget-wrap elementor-element-populated\">\n\t\t\t\t\t\t<div class=\"elementor-element elementor-element-93ba1e4 elementor-widget elementor-widget-text-editor\" data-id=\"93ba1e4\" data-element_type=\"widget\" data-e-type=\"widget\" data-widget_type=\"text-editor.default\">\n\t\t\t\t<div class=\"elementor-widget-container\">\n\t\t\t\t\t\t\t\t\t<p data-start=\"759\" data-end=\"1106\">Para LL COOL J, ser\u00e1 la primera vez como presentador en solitario de los VMAs, tras coanfitrionar en 2022 junto a Nicki Minaj y Jack Harlow. Su historia con estos premios comenz\u00f3 en 1991, cuando gan\u00f3 su primer Moon Person por <strong data-start=\"985\" data-end=\"1004\">Mejor V\u00eddeo Rap<\/strong>, y en 1997 hizo historia al convertirse en el primer rapero en recibir el <strong data-start=\"1079\" data-end=\"1103\">Video Vanguard Award<\/strong>.<\/p><p data-start=\"1108\" data-end=\"1468\">A lo largo de los a\u00f1os, ha protagonizado momentos ic\u00f3nicos sobre el escenario, como el tributo por los 50 a\u00f1os del Hip-Hop en 2023 y la celebraci\u00f3n del 40.\u00ba aniversario de Def Jam Recordings en 2024 junto a Public Enemy. Este 2025, compite por el premio a <strong data-start=\"1364\" data-end=\"1387\">Mejor V\u00eddeo Hip-Hop<\/strong> con <em data-start=\"1392\" data-end=\"1410\">Murdergram Deaux<\/em> junto a Eminem, parte de su \u00e1lbum <strong data-start=\"1445\" data-end=\"1458\">THE FORCE<\/strong> (2024).<\/p><p data-start=\"1470\" data-end=\"1779\" data-is-last-node=\"\" data-is-only-node=\"\">En las pr\u00f3ximas semanas se anunciar\u00e1n los artistas que actuar\u00e1n en directo, los presentadores y los invitados especiales que se sumar\u00e1n a esta gran noche de la m\u00fasica. Los seguidores podr\u00e1n estar al d\u00eda en las redes sociales de <strong data-start=\"1698\" data-end=\"1706\">@MTV<\/strong> y <strong data-start=\"1709\" data-end=\"1718\">@VMAs<\/strong>, participando en la conversaci\u00f3n con el hashtag <strong data-start=\"1767\" data-end=\"1776\">#VMAs<\/strong>.<\/p>\t\t\t\t\t\t\t\t<\/div>\n\t\t\t\t<\/div>\n\t\t\t\t\t<\/div>\n\t\t<\/div>\n\t\t\t\t\t<\/div>\n\t\t<\/section>\n\t\t\t\t<\/div>","protected":false},"excerpt":{"rendered":"<p>Se podr\u00e1 seguir la gala en directo de los MTV VMAs 2025 la madrugada del domingo 7 al lunes 8 de septiembre en MTV y Pluto TV La cuenta atr\u00e1s para los MTV VMA 2025 ha comenzado, y este a\u00f1o el encargado de conducir la gala ser\u00e1 nada menos que LL COOL J, leyenda del [&hellip;]<\/p>\n","protected":false},"author":6,"featured_media":5464,"comment_status":"closed","ping_status":"closed","sticky":false,"template":"","format":"standard","meta":{"footnotes":""},"categories":[4],"tags":[],"class_list":["post-5462","post","type-post","status-publish","format-standard","has-post-thumbnail","hentry","category-musica"],"yoast_head":"<!-- This site is optimized with the Yoast SEO plugin v27.4 - https:\/\/yoast.com\/product\/yoast-seo-wordpress\/ -->\n<title>LL COOL J ser\u00e1 el maestro de ceremonias de los MTV VMAs 2025<\/title>\n<meta name=\"description\" content=\"Se podr\u00e1 seguir la gala en directo de los MTV VMAs 2025 la madrugada del domingo 7 al lunes 8 de septiembre en MTV y Pluto TV\" \/>\n<meta name=\"robots\" content=\"index, follow, max-snippet:-1, max-image-preview:large, max-video-preview:-1\" \/>\n<link rel=\"canonical\" href=\"https:\/\/unaymilletras.com\/en\/ll-cool-j-sera-el-maestro-de-ceremonias-de-los-mtv-vmas-2025\/\" \/>\n<meta property=\"og:locale\" content=\"en_GB\" \/>\n<meta property=\"og:type\" content=\"article\" \/>\n<meta property=\"og:title\" content=\"LL COOL J ser\u00e1 el maestro de ceremonias de los MTV VMAs 2025\" \/>\n<meta property=\"og:description\" content=\"Se podr\u00e1 seguir la gala en directo de los MTV VMAs 2025 la madrugada del domingo 7 al lunes 8 de septiembre en MTV y Pluto TV\" \/>\n<meta property=\"og:url\" content=\"https:\/\/unaymilletras.com\/en\/ll-cool-j-sera-el-maestro-de-ceremonias-de-los-mtv-vmas-2025\/\" \/>\n<meta property=\"og:site_name\" content=\"Una y Mil Letras\" \/>\n<meta property=\"article:published_time\" content=\"2025-08-16T11:00:00+00:00\" \/>\n<meta property=\"og:image\" content=\"https:\/\/unaymilletras.com\/wp-content\/uploads\/2025\/08\/VMA25_LLCoolJ_HostKeyArt-1080x1350_DDT-e1755255755306.jpg\" \/>\n\t<meta property=\"og:image:width\" content=\"600\" \/>\n\t<meta property=\"og:image:height\" content=\"750\" \/>\n\t<meta property=\"og:image:type\" content=\"image\/jpeg\" \/>\n<meta name=\"author\" content=\"Redacci\u00f3n\" \/>\n<meta name=\"twitter:card\" content=\"summary_large_image\" \/>\n<meta name=\"twitter:creator\" content=\"@UnaYMilLetras\" \/>\n<meta name=\"twitter:site\" content=\"@UnaYMilLetras\" \/>\n<meta name=\"twitter:label1\" content=\"Written by\" \/>\n\t<meta name=\"twitter:data1\" content=\"Redacci\u00f3n\" \/>\n\t<meta name=\"twitter:label2\" content=\"Estimated reading time\" \/>\n\t<meta name=\"twitter:data2\" content=\"2 minutes\" \/>\n<script type=\"application\/ld+json\" class=\"yoast-schema-graph\">{\"@context\":\"https:\\\/\\\/schema.org\",\"@graph\":[{\"@type\":\"Article\",\"@id\":\"https:\\\/\\\/unaymilletras.com\\\/ll-cool-j-sera-el-maestro-de-ceremonias-de-los-mtv-vmas-2025\\\/#article\",\"isPartOf\":{\"@id\":\"https:\\\/\\\/unaymilletras.com\\\/ll-cool-j-sera-el-maestro-de-ceremonias-de-los-mtv-vmas-2025\\\/\"},\"author\":{\"name\":\"Redacci\u00f3n\",\"@id\":\"http:\\\/\\\/unaymilletras.com\\\/#\\\/schema\\\/person\\\/0860dc8a218329991ee2c7591f4f849d\"},\"headline\":\"LL COOL J ser\u00e1 el maestro de ceremonias de los MTV VMAs 2025\",\"datePublished\":\"2025-08-16T11:00:00+00:00\",\"mainEntityOfPage\":{\"@id\":\"https:\\\/\\\/unaymilletras.com\\\/ll-cool-j-sera-el-maestro-de-ceremonias-de-los-mtv-vmas-2025\\\/\"},\"wordCount\":315,\"publisher\":{\"@id\":\"http:\\\/\\\/unaymilletras.com\\\/#organization\"},\"image\":{\"@id\":\"https:\\\/\\\/unaymilletras.com\\\/ll-cool-j-sera-el-maestro-de-ceremonias-de-los-mtv-vmas-2025\\\/#primaryimage\"},\"thumbnailUrl\":\"https:\\\/\\\/unaymilletras.com\\\/wp-content\\\/uploads\\\/2025\\\/08\\\/VMA25_LLCoolJ_HostKeyArt-1080x1350_DDT-e1755255755306.jpg\",\"articleSection\":[\"M\u00fasica\"],\"inLanguage\":\"en-GB\"},{\"@type\":\"WebPage\",\"@id\":\"https:\\\/\\\/unaymilletras.com\\\/ll-cool-j-sera-el-maestro-de-ceremonias-de-los-mtv-vmas-2025\\\/\",\"url\":\"https:\\\/\\\/unaymilletras.com\\\/ll-cool-j-sera-el-maestro-de-ceremonias-de-los-mtv-vmas-2025\\\/\",\"name\":\"LL COOL J ser\u00e1 el maestro de ceremonias de los MTV VMAs 2025\",\"isPartOf\":{\"@id\":\"http:\\\/\\\/unaymilletras.com\\\/#website\"},\"primaryImageOfPage\":{\"@id\":\"https:\\\/\\\/unaymilletras.com\\\/ll-cool-j-sera-el-maestro-de-ceremonias-de-los-mtv-vmas-2025\\\/#primaryimage\"},\"image\":{\"@id\":\"https:\\\/\\\/unaymilletras.com\\\/ll-cool-j-sera-el-maestro-de-ceremonias-de-los-mtv-vmas-2025\\\/#primaryimage\"},\"thumbnailUrl\":\"https:\\\/\\\/unaymilletras.com\\\/wp-content\\\/uploads\\\/2025\\\/08\\\/VMA25_LLCoolJ_HostKeyArt-1080x1350_DDT-e1755255755306.jpg\",\"datePublished\":\"2025-08-16T11:00:00+00:00\",\"description\":\"Se podr\u00e1 seguir la gala en directo de los MTV VMAs 2025 la madrugada del domingo 7 al lunes 8 de septiembre en MTV y Pluto TV\",\"breadcrumb\":{\"@id\":\"https:\\\/\\\/unaymilletras.com\\\/ll-cool-j-sera-el-maestro-de-ceremonias-de-los-mtv-vmas-2025\\\/#breadcrumb\"},\"inLanguage\":\"en-GB\",\"potentialAction\":[{\"@type\":\"ReadAction\",\"target\":[\"https:\\\/\\\/unaymilletras.com\\\/ll-cool-j-sera-el-maestro-de-ceremonias-de-los-mtv-vmas-2025\\\/\"]}]},{\"@type\":\"ImageObject\",\"inLanguage\":\"en-GB\",\"@id\":\"https:\\\/\\\/unaymilletras.com\\\/ll-cool-j-sera-el-maestro-de-ceremonias-de-los-mtv-vmas-2025\\\/#primaryimage\",\"url\":\"https:\\\/\\\/unaymilletras.com\\\/wp-content\\\/uploads\\\/2025\\\/08\\\/VMA25_LLCoolJ_HostKeyArt-1080x1350_DDT-e1755255755306.jpg\",\"contentUrl\":\"https:\\\/\\\/unaymilletras.com\\\/wp-content\\\/uploads\\\/2025\\\/08\\\/VMA25_LLCoolJ_HostKeyArt-1080x1350_DDT-e1755255755306.jpg\",\"width\":600,\"height\":750,\"caption\":\"LL COOL J MTV VMAs 2025\"},{\"@type\":\"BreadcrumbList\",\"@id\":\"https:\\\/\\\/unaymilletras.com\\\/ll-cool-j-sera-el-maestro-de-ceremonias-de-los-mtv-vmas-2025\\\/#breadcrumb\",\"itemListElement\":[{\"@type\":\"ListItem\",\"position\":1,\"name\":\"Home\",\"item\":\"http:\\\/\\\/unaymilletras.com\\\/\"},{\"@type\":\"ListItem\",\"position\":2,\"name\":\"LL COOL J ser\u00e1 el maestro de ceremonias de los MTV VMAs 2025\"}]},{\"@type\":\"WebSite\",\"@id\":\"http:\\\/\\\/unaymilletras.com\\\/#website\",\"url\":\"http:\\\/\\\/unaymilletras.com\\\/\",\"name\":\"Una y Mil Letras\",\"description\":\"\",\"publisher\":{\"@id\":\"http:\\\/\\\/unaymilletras.com\\\/#organization\"},\"potentialAction\":[{\"@type\":\"SearchAction\",\"target\":{\"@type\":\"EntryPoint\",\"urlTemplate\":\"http:\\\/\\\/unaymilletras.com\\\/?s={search_term_string}\"},\"query-input\":{\"@type\":\"PropertyValueSpecification\",\"valueRequired\":true,\"valueName\":\"search_term_string\"}}],\"inLanguage\":\"en-GB\"},{\"@type\":\"Organization\",\"@id\":\"http:\\\/\\\/unaymilletras.com\\\/#organization\",\"name\":\"Una y Mil Letras\",\"url\":\"http:\\\/\\\/unaymilletras.com\\\/\",\"logo\":{\"@type\":\"ImageObject\",\"inLanguage\":\"en-GB\",\"@id\":\"http:\\\/\\\/unaymilletras.com\\\/#\\\/schema\\\/logo\\\/image\\\/\",\"url\":\"https:\\\/\\\/unaymilletras.com\\\/wp-content\\\/uploads\\\/2024\\\/06\\\/cropped-Logo-removebg-preview.png\",\"contentUrl\":\"https:\\\/\\\/unaymilletras.com\\\/wp-content\\\/uploads\\\/2024\\\/06\\\/cropped-Logo-removebg-preview.png\",\"width\":512,\"height\":512,\"caption\":\"Una y Mil Letras\"},\"image\":{\"@id\":\"http:\\\/\\\/unaymilletras.com\\\/#\\\/schema\\\/logo\\\/image\\\/\"},\"sameAs\":[\"https:\\\/\\\/x.com\\\/UnaYMilLetras\",\"https:\\\/\\\/instagram.com\\\/UnaYMilLetras\"]},{\"@type\":\"Person\",\"@id\":\"http:\\\/\\\/unaymilletras.com\\\/#\\\/schema\\\/person\\\/0860dc8a218329991ee2c7591f4f849d\",\"name\":\"Redacci\u00f3n\",\"image\":{\"@type\":\"ImageObject\",\"inLanguage\":\"en-GB\",\"@id\":\"https:\\\/\\\/secure.gravatar.com\\\/avatar\\\/d8f55e05a8b6597e45c55a1dcbdbfe44f4a360d88b48e00de5216a79b7732796?s=96&d=mm&r=g\",\"url\":\"https:\\\/\\\/secure.gravatar.com\\\/avatar\\\/d8f55e05a8b6597e45c55a1dcbdbfe44f4a360d88b48e00de5216a79b7732796?s=96&d=mm&r=g\",\"contentUrl\":\"https:\\\/\\\/secure.gravatar.com\\\/avatar\\\/d8f55e05a8b6597e45c55a1dcbdbfe44f4a360d88b48e00de5216a79b7732796?s=96&d=mm&r=g\",\"caption\":\"Redacci\u00f3n\"},\"url\":\"https:\\\/\\\/unaymilletras.com\\\/en\\\/author\\\/redaccion\\\/\"}]}<\/script>\n<!-- \/ Yoast SEO plugin. -->","yoast_head_json":{"title":"LL COOL J ser\u00e1 el maestro de ceremonias de los MTV VMAs 2025","description":"Se podr\u00e1 seguir la gala en directo de los MTV VMAs 2025 la madrugada del domingo 7 al lunes 8 de septiembre en MTV y Pluto TV","robots":{"index":"index","follow":"follow","max-snippet":"max-snippet:-1","max-image-preview":"max-image-preview:large","max-video-preview":"max-video-preview:-1"},"canonical":"https:\/\/unaymilletras.com\/en\/ll-cool-j-sera-el-maestro-de-ceremonias-de-los-mtv-vmas-2025\/","og_locale":"en_GB","og_type":"article","og_title":"LL COOL J ser\u00e1 el maestro de ceremonias de los MTV VMAs 2025","og_description":"Se podr\u00e1 seguir la gala en directo de los MTV VMAs 2025 la madrugada del domingo 7 al lunes 8 de septiembre en MTV y Pluto TV","og_url":"https:\/\/unaymilletras.com\/en\/ll-cool-j-sera-el-maestro-de-ceremonias-de-los-mtv-vmas-2025\/","og_site_name":"Una y Mil Letras","article_published_time":"2025-08-16T11:00:00+00:00","og_image":[{"width":600,"height":750,"url":"https:\/\/unaymilletras.com\/wp-content\/uploads\/2025\/08\/VMA25_LLCoolJ_HostKeyArt-1080x1350_DDT-e1755255755306.jpg","type":"image\/jpeg"}],"author":"Redacci\u00f3n","twitter_card":"summary_large_image","twitter_creator":"@UnaYMilLetras","twitter_site":"@UnaYMilLetras","twitter_misc":{"Written by":"Redacci\u00f3n","Estimated reading time":"2 minutes"},"schema":{"@context":"https:\/\/schema.org","@graph":[{"@type":"Article","@id":"https:\/\/unaymilletras.com\/ll-cool-j-sera-el-maestro-de-ceremonias-de-los-mtv-vmas-2025\/#article","isPartOf":{"@id":"https:\/\/unaymilletras.com\/ll-cool-j-sera-el-maestro-de-ceremonias-de-los-mtv-vmas-2025\/"},"author":{"name":"Redacci\u00f3n","@id":"http:\/\/unaymilletras.com\/#\/schema\/person\/0860dc8a218329991ee2c7591f4f849d"},"headline":"LL COOL J ser\u00e1 el maestro de ceremonias de los MTV VMAs 2025","datePublished":"2025-08-16T11:00:00+00:00","mainEntityOfPage":{"@id":"https:\/\/unaymilletras.com\/ll-cool-j-sera-el-maestro-de-ceremonias-de-los-mtv-vmas-2025\/"},"wordCount":315,"publisher":{"@id":"http:\/\/unaymilletras.com\/#organization"},"image":{"@id":"https:\/\/unaymilletras.com\/ll-cool-j-sera-el-maestro-de-ceremonias-de-los-mtv-vmas-2025\/#primaryimage"},"thumbnailUrl":"https:\/\/unaymilletras.com\/wp-content\/uploads\/2025\/08\/VMA25_LLCoolJ_HostKeyArt-1080x1350_DDT-e1755255755306.jpg","articleSection":["M\u00fasica"],"inLanguage":"en-GB"},{"@type":"WebPage","@id":"https:\/\/unaymilletras.com\/ll-cool-j-sera-el-maestro-de-ceremonias-de-los-mtv-vmas-2025\/","url":"https:\/\/unaymilletras.com\/ll-cool-j-sera-el-maestro-de-ceremonias-de-los-mtv-vmas-2025\/","name":"LL COOL J ser\u00e1 el maestro de ceremonias de los MTV VMAs 2025","isPartOf":{"@id":"http:\/\/unaymilletras.com\/#website"},"primaryImageOfPage":{"@id":"https:\/\/unaymilletras.com\/ll-cool-j-sera-el-maestro-de-ceremonias-de-los-mtv-vmas-2025\/#primaryimage"},"image":{"@id":"https:\/\/unaymilletras.com\/ll-cool-j-sera-el-maestro-de-ceremonias-de-los-mtv-vmas-2025\/#primaryimage"},"thumbnailUrl":"https:\/\/unaymilletras.com\/wp-content\/uploads\/2025\/08\/VMA25_LLCoolJ_HostKeyArt-1080x1350_DDT-e1755255755306.jpg","datePublished":"2025-08-16T11:00:00+00:00","description":"Se podr\u00e1 seguir la gala en directo de los MTV VMAs 2025 la madrugada del domingo 7 al lunes 8 de septiembre en MTV y Pluto TV","breadcrumb":{"@id":"https:\/\/unaymilletras.com\/ll-cool-j-sera-el-maestro-de-ceremonias-de-los-mtv-vmas-2025\/#breadcrumb"},"inLanguage":"en-GB","potentialAction":[{"@type":"ReadAction","target":["https:\/\/unaymilletras.com\/ll-cool-j-sera-el-maestro-de-ceremonias-de-los-mtv-vmas-2025\/"]}]},{"@type":"ImageObject","inLanguage":"en-GB","@id":"https:\/\/unaymilletras.com\/ll-cool-j-sera-el-maestro-de-ceremonias-de-los-mtv-vmas-2025\/#primaryimage","url":"https:\/\/unaymilletras.com\/wp-content\/uploads\/2025\/08\/VMA25_LLCoolJ_HostKeyArt-1080x1350_DDT-e1755255755306.jpg","contentUrl":"https:\/\/unaymilletras.com\/wp-content\/uploads\/2025\/08\/VMA25_LLCoolJ_HostKeyArt-1080x1350_DDT-e1755255755306.jpg","width":600,"height":750,"caption":"LL COOL J MTV VMAs 2025"},{"@type":"BreadcrumbList","@id":"https:\/\/unaymilletras.com\/ll-cool-j-sera-el-maestro-de-ceremonias-de-los-mtv-vmas-2025\/#breadcrumb","itemListElement":[{"@type":"ListItem","position":1,"name":"Home","item":"http:\/\/unaymilletras.com\/"},{"@type":"ListItem","position":2,"name":"LL COOL J ser\u00e1 el maestro de ceremonias de los MTV VMAs 2025"}]},{"@type":"WebSite","@id":"http:\/\/unaymilletras.com\/#website","url":"http:\/\/unaymilletras.com\/","name":"Una y Mil Letras","description":"","publisher":{"@id":"http:\/\/unaymilletras.com\/#organization"},"potentialAction":[{"@type":"SearchAction","target":{"@type":"EntryPoint","urlTemplate":"http:\/\/unaymilletras.com\/?s={search_term_string}"},"query-input":{"@type":"PropertyValueSpecification","valueRequired":true,"valueName":"search_term_string"}}],"inLanguage":"en-GB"},{"@type":"Organization","@id":"http:\/\/unaymilletras.com\/#organization","name":"Una y Mil Letras","url":"http:\/\/unaymilletras.com\/","logo":{"@type":"ImageObject","inLanguage":"en-GB","@id":"http:\/\/unaymilletras.com\/#\/schema\/logo\/image\/","url":"https:\/\/unaymilletras.com\/wp-content\/uploads\/2024\/06\/cropped-Logo-removebg-preview.png","contentUrl":"https:\/\/unaymilletras.com\/wp-content\/uploads\/2024\/06\/cropped-Logo-removebg-preview.png","width":512,"height":512,"caption":"Una y Mil Letras"},"image":{"@id":"http:\/\/unaymilletras.com\/#\/schema\/logo\/image\/"},"sameAs":["https:\/\/x.com\/UnaYMilLetras","https:\/\/instagram.com\/UnaYMilLetras"]},{"@type":"Person","@id":"http:\/\/unaymilletras.com\/#\/schema\/person\/0860dc8a218329991ee2c7591f4f849d","name":"Redacci\u00f3n","image":{"@type":"ImageObject","inLanguage":"en-GB","@id":"https:\/\/secure.gravatar.com\/avatar\/d8f55e05a8b6597e45c55a1dcbdbfe44f4a360d88b48e00de5216a79b7732796?s=96&d=mm&r=g","url":"https:\/\/secure.gravatar.com\/avatar\/d8f55e05a8b6597e45c55a1dcbdbfe44f4a360d88b48e00de5216a79b7732796?s=96&d=mm&r=g","contentUrl":"https:\/\/secure.gravatar.com\/avatar\/d8f55e05a8b6597e45c55a1dcbdbfe44f4a360d88b48e00de5216a79b7732796?s=96&d=mm&r=g","caption":"Redacci\u00f3n"},"url":"https:\/\/unaymilletras.com\/en\/author\/redaccion\/"}]}},"_links":{"self":[{"href":"https:\/\/unaymilletras.com\/en\/wp-json\/wp\/v2\/posts\/5462","targetHints":{"allow":["GET"]}}],"collection":[{"href":"https:\/\/unaymilletras.com\/en\/wp-json\/wp\/v2\/posts"}],"about":[{"href":"https:\/\/unaymilletras.com\/en\/wp-json\/wp\/v2\/types\/post"}],"author":[{"embeddable":true,"href":"https:\/\/unaymilletras.com\/en\/wp-json\/wp\/v2\/users\/6"}],"replies":[{"embeddable":true,"href":"https:\/\/unaymilletras.com\/en\/wp-json\/wp\/v2\/comments?post=5462"}],"version-history":[{"count":4,"href":"https:\/\/unaymilletras.com\/en\/wp-json\/wp\/v2\/posts\/5462\/revisions"}],"predecessor-version":[{"id":5467,"href":"https:\/\/unaymilletras.com\/en\/wp-json\/wp\/v2\/posts\/5462\/revisions\/5467"}],"wp:featuredmedia":[{"embeddable":true,"href":"https:\/\/unaymilletras.com\/en\/wp-json\/wp\/v2\/media\/5464"}],"wp:attachment":[{"href":"https:\/\/unaymilletras.com\/en\/wp-json\/wp\/v2\/media?parent=5462"}],"wp:term":[{"taxonomy":"category","embeddable":true,"href":"https:\/\/unaymilletras.com\/en\/wp-json\/wp\/v2\/categories?post=5462"},{"taxonomy":"post_tag","embeddable":true,"href":"https:\/\/unaymilletras.com\/en\/wp-json\/wp\/v2\/tags?post=5462"}],"curies":[{"name":"wp","href":"https:\/\/api.w.org\/{rel}","templated":true}]}}