{"id":5469,"date":"2025-08-20T20:30:00","date_gmt":"2025-08-20T18:30:00","guid":{"rendered":"https:\/\/unaymilletras.com\/?p=5469"},"modified":"2025-08-20T12:38:46","modified_gmt":"2025-08-20T10:38:46","slug":"mayo-lanza-nada-bby-ultimo-adelanto-de-su-primer-disco","status":"publish","type":"post","link":"https:\/\/unaymilletras.com\/en\/mayo-lanza-nada-bby-ultimo-adelanto-de-su-primer-disco\/","title":{"rendered":"MAYO lanza \u00abNada Bby\u00bb, \u00faltimo adelanto de su primer disco"},"content":{"rendered":"<div data-elementor-type=\"wp-post\" data-elementor-id=\"5469\" class=\"elementor elementor-5469\">\n\t\t\t\t\t\t<section class=\"elementor-section elementor-top-section elementor-element elementor-element-7378428 elementor-section-boxed elementor-section-height-default elementor-section-height-default\" data-id=\"7378428\" data-element_type=\"section\" data-e-type=\"section\">\n\t\t\t\t\t\t<div class=\"elementor-container elementor-column-gap-default\">\n\t\t\t\t\t<div class=\"elementor-column elementor-col-100 elementor-top-column elementor-element elementor-element-dde8db7\" data-id=\"dde8db7\" data-element_type=\"column\" data-e-type=\"column\">\n\t\t\t<div class=\"elementor-widget-wrap elementor-element-populated\">\n\t\t\t\t\t\t<div class=\"elementor-element elementor-element-5bd0ae9 elementor-widget elementor-widget-text-editor\" data-id=\"5bd0ae9\" data-element_type=\"widget\" data-e-type=\"widget\" data-widget_type=\"text-editor.default\">\n\t\t\t\t<div class=\"elementor-widget-container\">\n\t\t\t\t\t\t\t\t\t<h2 style=\"text-align: center;\"><span style=\"color: #808080;\"><em>El nuevo single de MAYO ya est\u00e1 disponible en plataformas digitales y anticipa el sonido de su primer \u00e1lbum, \u00abMayo Season\u00bb.<\/em><\/span><\/h2>\t\t\t\t\t\t\t\t<\/div>\n\t\t\t\t<\/div>\n\t\t\t\t\t<\/div>\n\t\t<\/div>\n\t\t\t\t\t<\/div>\n\t\t<\/section>\n\t\t\t\t<section class=\"elementor-section elementor-top-section elementor-element elementor-element-02eaeae elementor-section-boxed elementor-section-height-default elementor-section-height-default\" data-id=\"02eaeae\" data-element_type=\"section\" data-e-type=\"section\">\n\t\t\t\t\t\t<div class=\"elementor-container elementor-column-gap-default\">\n\t\t\t\t\t<div class=\"elementor-column elementor-col-100 elementor-top-column elementor-element elementor-element-ba22c08\" data-id=\"ba22c08\" data-element_type=\"column\" data-e-type=\"column\">\n\t\t\t<div class=\"elementor-widget-wrap elementor-element-populated\">\n\t\t\t\t\t\t<div class=\"elementor-element elementor-element-167273d elementor-widget elementor-widget-text-editor\" data-id=\"167273d\" data-element_type=\"widget\" data-e-type=\"widget\" data-widget_type=\"text-editor.default\">\n\t\t\t\t<div class=\"elementor-widget-container\">\n\t\t\t\t\t\t\t\t\t<p data-start=\"364\" data-end=\"571\">Este viernes 15 de mayo, MAYO estrena <em data-start=\"402\" data-end=\"412\">Nada Bby<\/em>, el \u00faltimo single antes del lanzamiento de su esperado trabajo discogr\u00e1fico, <em data-start=\"490\" data-end=\"503\">Mayo Season<\/em>. La canci\u00f3n ya puede escucharse en todas las plataformas digitales.<\/p>\t\t\t\t\t\t\t\t<\/div>\n\t\t\t\t<\/div>\n\t\t\t\t\t<\/div>\n\t\t<\/div>\n\t\t\t\t\t<\/div>\n\t\t<\/section>\n\t\t\t\t<section class=\"elementor-section elementor-top-section elementor-element elementor-element-35aa327 elementor-section-boxed elementor-section-height-default elementor-section-height-default\" data-id=\"35aa327\" data-element_type=\"section\" data-e-type=\"section\">\n\t\t\t\t\t\t<div class=\"elementor-container elementor-column-gap-default\">\n\t\t\t\t\t<div class=\"elementor-column elementor-col-66 elementor-top-column elementor-element elementor-element-39d94af\" data-id=\"39d94af\" data-element_type=\"column\" data-e-type=\"column\">\n\t\t\t<div class=\"elementor-widget-wrap elementor-element-populated\">\n\t\t\t\t\t\t<div class=\"elementor-element elementor-element-382d754 elementor-widget elementor-widget-text-editor\" data-id=\"382d754\" data-element_type=\"widget\" data-e-type=\"widget\" data-widget_type=\"text-editor.default\">\n\t\t\t\t<div class=\"elementor-widget-container\">\n\t\t\t\t\t\t\t\t\t<p data-start=\"573\" data-end=\"781\">Despu\u00e9s del \u00e9xito de <em data-start=\"594\" data-end=\"603\">Castigo<\/em>, su colaboraci\u00f3n con Elettra Lamborghini, regresa con un tema que mezcla pop urbano y producci\u00f3n electr\u00f3nica. El resultado es un sonido actual, directo y con mucha actitud.<\/p><p style=\"box-sizing: border-box; margin-top: 0px; margin-bottom: 1rem; color: #7a7a7a; font-family: Roboto, sans-serif; font-size: 17px; font-style: normal; font-variant-ligatures: normal; font-variant-caps: normal; font-weight: 400; letter-spacing: normal; orphans: 2; text-align: justify; text-indent: 0px; text-transform: none; widows: 2; word-spacing: 0px; -webkit-text-stroke-width: 0px; white-space: normal; background-color: #ffffff; text-decoration-thickness: initial; text-decoration-style: initial; text-decoration-color: initial;\" data-start=\"783\" data-end=\"966\">Con\u00a0<span style=\"color: #808080;\"><a style=\"color: #808080;\" href=\"https:\/\/www.youtube.com\/watch?v=oArfq1v-eCo&amp;list=RDoArfq1v-eCo&amp;start_radio=1&amp;ab_channel=MAYO-Topic\"><em style=\"box-sizing: border-box; font-style: italic;\" data-start=\"787\" data-end=\"797\">Nada Bby<\/em><\/a><\/span>, el artista da el paso final hacia su primer disco.\u00a0<em style=\"box-sizing: border-box; font-style: italic;\" data-start=\"850\" data-end=\"863\">Mayo Season<\/em>\u00a0promete explorar emociones intensas, sonidos contrastados y una etapa de madurez art\u00edstica y personal.<\/p>\t\t\t\t\t\t\t\t<\/div>\n\t\t\t\t<\/div>\n\t\t\t\t\t<\/div>\n\t\t<\/div>\n\t\t\t\t<div class=\"elementor-column elementor-col-33 elementor-top-column elementor-element elementor-element-76d84d6\" data-id=\"76d84d6\" data-element_type=\"column\" data-e-type=\"column\">\n\t\t\t<div class=\"elementor-widget-wrap elementor-element-populated\">\n\t\t\t\t\t\t<div class=\"elementor-element elementor-element-e6d3d82 elementor-widget elementor-widget-image\" data-id=\"e6d3d82\" data-element_type=\"widget\" data-e-type=\"widget\" data-widget_type=\"image.default\">\n\t\t\t\t<div class=\"elementor-widget-container\">\n\t\t\t\t\t\t\t\t\t\t\t\t\t\t\t<img fetchpriority=\"high\" decoding=\"async\" width=\"640\" height=\"640\" src=\"https:\/\/unaymilletras.com\/wp-content\/uploads\/2025\/08\/w660_1343852_portada_mayo-season.jpg\" class=\"attachment-large size-large wp-image-5471\" alt=\"Mayo\" srcset=\"https:\/\/unaymilletras.com\/wp-content\/uploads\/2025\/08\/w660_1343852_portada_mayo-season.jpg 660w, https:\/\/unaymilletras.com\/wp-content\/uploads\/2025\/08\/w660_1343852_portada_mayo-season-300x300.jpg 300w, https:\/\/unaymilletras.com\/wp-content\/uploads\/2025\/08\/w660_1343852_portada_mayo-season-150x150.jpg 150w, https:\/\/unaymilletras.com\/wp-content\/uploads\/2025\/08\/w660_1343852_portada_mayo-season-12x12.jpg 12w\" sizes=\"(max-width: 640px) 100vw, 640px\" \/>\t\t\t\t\t\t\t\t\t\t\t\t\t\t\t<\/div>\n\t\t\t\t<\/div>\n\t\t\t\t\t<\/div>\n\t\t<\/div>\n\t\t\t\t\t<\/div>\n\t\t<\/section>\n\t\t\t\t<section class=\"elementor-section elementor-top-section elementor-element elementor-element-a9a490d elementor-section-boxed elementor-section-height-default elementor-section-height-default\" data-id=\"a9a490d\" data-element_type=\"section\" data-e-type=\"section\">\n\t\t\t\t\t\t<div class=\"elementor-container elementor-column-gap-default\">\n\t\t\t\t\t<div class=\"elementor-column elementor-col-100 elementor-top-column elementor-element elementor-element-c276a7b\" data-id=\"c276a7b\" data-element_type=\"column\" data-e-type=\"column\">\n\t\t\t<div class=\"elementor-widget-wrap elementor-element-populated\">\n\t\t\t\t\t\t<div class=\"elementor-element elementor-element-4bf9eeb elementor-widget elementor-widget-text-editor\" data-id=\"4bf9eeb\" data-element_type=\"widget\" data-e-type=\"widget\" data-widget_type=\"text-editor.default\">\n\t\t\t\t<div class=\"elementor-widget-container\">\n\t\t\t\t\t\t\t\t\t<p data-start=\"783\" data-end=\"966\">El lanzamiento de <em data-start=\"986\" data-end=\"996\">Nada Bby<\/em>&nbsp;le consolida como una de las propuestas m\u00e1s prometedoras de la nueva escena musical urbana. La cuenta atr\u00e1s para <em data-start=\"1114\" data-end=\"1127\">Mayo Season<\/em> ya ha comenzado.<\/p>\n<article tabindex=\"-1\" dir=\"auto\" data-turn-id=\"891af5d4-48cf-44c6-b012-63d8d526d669\" data-testid=\"conversation-turn-240\" data-scroll-anchor=\"true\" data-turn=\"assistant\">\n<div tabindex=\"-1\">\n<div><\/div>\n<\/div>\n<\/article>\t\t\t\t\t\t\t\t<\/div>\n\t\t\t\t<\/div>\n\t\t\t\t\t<\/div>\n\t\t<\/div>\n\t\t\t\t\t<\/div>\n\t\t<\/section>\n\t\t\t\t<\/div>","protected":false},"excerpt":{"rendered":"<p>El nuevo single de MAYO ya est\u00e1 disponible en plataformas digitales y anticipa el sonido de su primer \u00e1lbum, \u00abMayo Season\u00bb. Este viernes 15 de mayo, MAYO estrena Nada Bby, el \u00faltimo single antes del lanzamiento de su esperado trabajo discogr\u00e1fico, Mayo Season. La canci\u00f3n ya puede escucharse en todas las plataformas digitales. Despu\u00e9s del [&hellip;]<\/p>\n","protected":false},"author":6,"featured_media":5471,"comment_status":"closed","ping_status":"closed","sticky":false,"template":"","format":"standard","meta":{"footnotes":""},"categories":[4],"tags":[],"class_list":["post-5469","post","type-post","status-publish","format-standard","has-post-thumbnail","hentry","category-musica"],"yoast_head":"<!-- This site is optimized with the Yoast SEO plugin v27.4 - https:\/\/yoast.com\/product\/yoast-seo-wordpress\/ -->\n<title>MAYO lanza &quot;Nada Bby&quot;, \u00faltimo adelanto de su primer disco<\/title>\n<meta name=\"description\" content=\"El nuevo single de MAYO, &quot;Nada Bby&quot;, ya est\u00e1 disponible en plataformas digitales y anticipa el sonido de su primer \u00e1lbum, &quot;Mayo Season&quot;.\" \/>\n<meta name=\"robots\" content=\"index, follow, max-snippet:-1, max-image-preview:large, max-video-preview:-1\" \/>\n<link rel=\"canonical\" href=\"https:\/\/unaymilletras.com\/en\/mayo-lanza-nada-bby-ultimo-adelanto-de-su-primer-disco\/\" \/>\n<meta property=\"og:locale\" content=\"en_GB\" \/>\n<meta property=\"og:type\" content=\"article\" \/>\n<meta property=\"og:title\" content=\"MAYO lanza &quot;Nada Bby&quot;, \u00faltimo adelanto de su primer disco\" \/>\n<meta property=\"og:description\" content=\"El nuevo single de MAYO, &quot;Nada Bby&quot;, ya est\u00e1 disponible en plataformas digitales y anticipa el sonido de su primer \u00e1lbum, &quot;Mayo Season&quot;.\" \/>\n<meta property=\"og:url\" content=\"https:\/\/unaymilletras.com\/en\/mayo-lanza-nada-bby-ultimo-adelanto-de-su-primer-disco\/\" \/>\n<meta property=\"og:site_name\" content=\"Una y Mil Letras\" \/>\n<meta property=\"article:published_time\" content=\"2025-08-20T18:30:00+00:00\" \/>\n<meta property=\"og:image\" content=\"https:\/\/unaymilletras.com\/wp-content\/uploads\/2025\/08\/w660_1343852_portada_mayo-season.jpg\" \/>\n\t<meta property=\"og:image:width\" content=\"660\" \/>\n\t<meta property=\"og:image:height\" content=\"660\" \/>\n\t<meta property=\"og:image:type\" content=\"image\/jpeg\" \/>\n<meta name=\"author\" content=\"Redacci\u00f3n\" \/>\n<meta name=\"twitter:card\" content=\"summary_large_image\" \/>\n<meta name=\"twitter:creator\" content=\"@UnaYMilLetras\" \/>\n<meta name=\"twitter:site\" content=\"@UnaYMilLetras\" \/>\n<meta name=\"twitter:label1\" content=\"Written by\" \/>\n\t<meta name=\"twitter:data1\" content=\"Redacci\u00f3n\" \/>\n\t<meta name=\"twitter:label2\" content=\"Estimated reading time\" \/>\n\t<meta name=\"twitter:data2\" content=\"2 minutes\" \/>\n<script type=\"application\/ld+json\" class=\"yoast-schema-graph\">{\"@context\":\"https:\\\/\\\/schema.org\",\"@graph\":[{\"@type\":\"Article\",\"@id\":\"https:\\\/\\\/unaymilletras.com\\\/mayo-lanza-nada-bby-ultimo-adelanto-de-su-primer-disco\\\/#article\",\"isPartOf\":{\"@id\":\"https:\\\/\\\/unaymilletras.com\\\/mayo-lanza-nada-bby-ultimo-adelanto-de-su-primer-disco\\\/\"},\"author\":{\"name\":\"Redacci\u00f3n\",\"@id\":\"http:\\\/\\\/unaymilletras.com\\\/#\\\/schema\\\/person\\\/0860dc8a218329991ee2c7591f4f849d\"},\"headline\":\"MAYO lanza \u00abNada Bby\u00bb, \u00faltimo adelanto de su primer disco\",\"datePublished\":\"2025-08-20T18:30:00+00:00\",\"mainEntityOfPage\":{\"@id\":\"https:\\\/\\\/unaymilletras.com\\\/mayo-lanza-nada-bby-ultimo-adelanto-de-su-primer-disco\\\/\"},\"wordCount\":162,\"publisher\":{\"@id\":\"http:\\\/\\\/unaymilletras.com\\\/#organization\"},\"image\":{\"@id\":\"https:\\\/\\\/unaymilletras.com\\\/mayo-lanza-nada-bby-ultimo-adelanto-de-su-primer-disco\\\/#primaryimage\"},\"thumbnailUrl\":\"https:\\\/\\\/unaymilletras.com\\\/wp-content\\\/uploads\\\/2025\\\/08\\\/w660_1343852_portada_mayo-season.jpg\",\"articleSection\":[\"M\u00fasica\"],\"inLanguage\":\"en-GB\"},{\"@type\":\"WebPage\",\"@id\":\"https:\\\/\\\/unaymilletras.com\\\/mayo-lanza-nada-bby-ultimo-adelanto-de-su-primer-disco\\\/\",\"url\":\"https:\\\/\\\/unaymilletras.com\\\/mayo-lanza-nada-bby-ultimo-adelanto-de-su-primer-disco\\\/\",\"name\":\"MAYO lanza \\\"Nada Bby\\\", \u00faltimo adelanto de su primer disco\",\"isPartOf\":{\"@id\":\"http:\\\/\\\/unaymilletras.com\\\/#website\"},\"primaryImageOfPage\":{\"@id\":\"https:\\\/\\\/unaymilletras.com\\\/mayo-lanza-nada-bby-ultimo-adelanto-de-su-primer-disco\\\/#primaryimage\"},\"image\":{\"@id\":\"https:\\\/\\\/unaymilletras.com\\\/mayo-lanza-nada-bby-ultimo-adelanto-de-su-primer-disco\\\/#primaryimage\"},\"thumbnailUrl\":\"https:\\\/\\\/unaymilletras.com\\\/wp-content\\\/uploads\\\/2025\\\/08\\\/w660_1343852_portada_mayo-season.jpg\",\"datePublished\":\"2025-08-20T18:30:00+00:00\",\"description\":\"El nuevo single de MAYO, \\\"Nada Bby\\\", ya est\u00e1 disponible en plataformas digitales y anticipa el sonido de su primer \u00e1lbum, \\\"Mayo Season\\\".\",\"breadcrumb\":{\"@id\":\"https:\\\/\\\/unaymilletras.com\\\/mayo-lanza-nada-bby-ultimo-adelanto-de-su-primer-disco\\\/#breadcrumb\"},\"inLanguage\":\"en-GB\",\"potentialAction\":[{\"@type\":\"ReadAction\",\"target\":[\"https:\\\/\\\/unaymilletras.com\\\/mayo-lanza-nada-bby-ultimo-adelanto-de-su-primer-disco\\\/\"]}]},{\"@type\":\"ImageObject\",\"inLanguage\":\"en-GB\",\"@id\":\"https:\\\/\\\/unaymilletras.com\\\/mayo-lanza-nada-bby-ultimo-adelanto-de-su-primer-disco\\\/#primaryimage\",\"url\":\"https:\\\/\\\/unaymilletras.com\\\/wp-content\\\/uploads\\\/2025\\\/08\\\/w660_1343852_portada_mayo-season.jpg\",\"contentUrl\":\"https:\\\/\\\/unaymilletras.com\\\/wp-content\\\/uploads\\\/2025\\\/08\\\/w660_1343852_portada_mayo-season.jpg\",\"width\":660,\"height\":660,\"caption\":\"Mayo\"},{\"@type\":\"BreadcrumbList\",\"@id\":\"https:\\\/\\\/unaymilletras.com\\\/mayo-lanza-nada-bby-ultimo-adelanto-de-su-primer-disco\\\/#breadcrumb\",\"itemListElement\":[{\"@type\":\"ListItem\",\"position\":1,\"name\":\"Home\",\"item\":\"http:\\\/\\\/unaymilletras.com\\\/\"},{\"@type\":\"ListItem\",\"position\":2,\"name\":\"MAYO lanza \u00abNada Bby\u00bb, \u00faltimo adelanto de su primer disco\"}]},{\"@type\":\"WebSite\",\"@id\":\"http:\\\/\\\/unaymilletras.com\\\/#website\",\"url\":\"http:\\\/\\\/unaymilletras.com\\\/\",\"name\":\"Una y Mil Letras\",\"description\":\"\",\"publisher\":{\"@id\":\"http:\\\/\\\/unaymilletras.com\\\/#organization\"},\"potentialAction\":[{\"@type\":\"SearchAction\",\"target\":{\"@type\":\"EntryPoint\",\"urlTemplate\":\"http:\\\/\\\/unaymilletras.com\\\/?s={search_term_string}\"},\"query-input\":{\"@type\":\"PropertyValueSpecification\",\"valueRequired\":true,\"valueName\":\"search_term_string\"}}],\"inLanguage\":\"en-GB\"},{\"@type\":\"Organization\",\"@id\":\"http:\\\/\\\/unaymilletras.com\\\/#organization\",\"name\":\"Una y Mil Letras\",\"url\":\"http:\\\/\\\/unaymilletras.com\\\/\",\"logo\":{\"@type\":\"ImageObject\",\"inLanguage\":\"en-GB\",\"@id\":\"http:\\\/\\\/unaymilletras.com\\\/#\\\/schema\\\/logo\\\/image\\\/\",\"url\":\"https:\\\/\\\/unaymilletras.com\\\/wp-content\\\/uploads\\\/2024\\\/06\\\/cropped-Logo-removebg-preview.png\",\"contentUrl\":\"https:\\\/\\\/unaymilletras.com\\\/wp-content\\\/uploads\\\/2024\\\/06\\\/cropped-Logo-removebg-preview.png\",\"width\":512,\"height\":512,\"caption\":\"Una y Mil Letras\"},\"image\":{\"@id\":\"http:\\\/\\\/unaymilletras.com\\\/#\\\/schema\\\/logo\\\/image\\\/\"},\"sameAs\":[\"https:\\\/\\\/x.com\\\/UnaYMilLetras\",\"https:\\\/\\\/instagram.com\\\/UnaYMilLetras\"]},{\"@type\":\"Person\",\"@id\":\"http:\\\/\\\/unaymilletras.com\\\/#\\\/schema\\\/person\\\/0860dc8a218329991ee2c7591f4f849d\",\"name\":\"Redacci\u00f3n\",\"image\":{\"@type\":\"ImageObject\",\"inLanguage\":\"en-GB\",\"@id\":\"https:\\\/\\\/secure.gravatar.com\\\/avatar\\\/d8f55e05a8b6597e45c55a1dcbdbfe44f4a360d88b48e00de5216a79b7732796?s=96&d=mm&r=g\",\"url\":\"https:\\\/\\\/secure.gravatar.com\\\/avatar\\\/d8f55e05a8b6597e45c55a1dcbdbfe44f4a360d88b48e00de5216a79b7732796?s=96&d=mm&r=g\",\"contentUrl\":\"https:\\\/\\\/secure.gravatar.com\\\/avatar\\\/d8f55e05a8b6597e45c55a1dcbdbfe44f4a360d88b48e00de5216a79b7732796?s=96&d=mm&r=g\",\"caption\":\"Redacci\u00f3n\"},\"url\":\"https:\\\/\\\/unaymilletras.com\\\/en\\\/author\\\/redaccion\\\/\"}]}<\/script>\n<!-- \/ Yoast SEO plugin. -->","yoast_head_json":{"title":"MAYO lanza \"Nada Bby\", \u00faltimo adelanto de su primer disco","description":"El nuevo single de MAYO, \"Nada Bby\", ya est\u00e1 disponible en plataformas digitales y anticipa el sonido de su primer \u00e1lbum, \"Mayo Season\".","robots":{"index":"index","follow":"follow","max-snippet":"max-snippet:-1","max-image-preview":"max-image-preview:large","max-video-preview":"max-video-preview:-1"},"canonical":"https:\/\/unaymilletras.com\/en\/mayo-lanza-nada-bby-ultimo-adelanto-de-su-primer-disco\/","og_locale":"en_GB","og_type":"article","og_title":"MAYO lanza \"Nada Bby\", \u00faltimo adelanto de su primer disco","og_description":"El nuevo single de MAYO, \"Nada Bby\", ya est\u00e1 disponible en plataformas digitales y anticipa el sonido de su primer \u00e1lbum, \"Mayo Season\".","og_url":"https:\/\/unaymilletras.com\/en\/mayo-lanza-nada-bby-ultimo-adelanto-de-su-primer-disco\/","og_site_name":"Una y Mil Letras","article_published_time":"2025-08-20T18:30:00+00:00","og_image":[{"width":660,"height":660,"url":"https:\/\/unaymilletras.com\/wp-content\/uploads\/2025\/08\/w660_1343852_portada_mayo-season.jpg","type":"image\/jpeg"}],"author":"Redacci\u00f3n","twitter_card":"summary_large_image","twitter_creator":"@UnaYMilLetras","twitter_site":"@UnaYMilLetras","twitter_misc":{"Written by":"Redacci\u00f3n","Estimated reading time":"2 minutes"},"schema":{"@context":"https:\/\/schema.org","@graph":[{"@type":"Article","@id":"https:\/\/unaymilletras.com\/mayo-lanza-nada-bby-ultimo-adelanto-de-su-primer-disco\/#article","isPartOf":{"@id":"https:\/\/unaymilletras.com\/mayo-lanza-nada-bby-ultimo-adelanto-de-su-primer-disco\/"},"author":{"name":"Redacci\u00f3n","@id":"http:\/\/unaymilletras.com\/#\/schema\/person\/0860dc8a218329991ee2c7591f4f849d"},"headline":"MAYO lanza \u00abNada Bby\u00bb, \u00faltimo adelanto de su primer disco","datePublished":"2025-08-20T18:30:00+00:00","mainEntityOfPage":{"@id":"https:\/\/unaymilletras.com\/mayo-lanza-nada-bby-ultimo-adelanto-de-su-primer-disco\/"},"wordCount":162,"publisher":{"@id":"http:\/\/unaymilletras.com\/#organization"},"image":{"@id":"https:\/\/unaymilletras.com\/mayo-lanza-nada-bby-ultimo-adelanto-de-su-primer-disco\/#primaryimage"},"thumbnailUrl":"https:\/\/unaymilletras.com\/wp-content\/uploads\/2025\/08\/w660_1343852_portada_mayo-season.jpg","articleSection":["M\u00fasica"],"inLanguage":"en-GB"},{"@type":"WebPage","@id":"https:\/\/unaymilletras.com\/mayo-lanza-nada-bby-ultimo-adelanto-de-su-primer-disco\/","url":"https:\/\/unaymilletras.com\/mayo-lanza-nada-bby-ultimo-adelanto-de-su-primer-disco\/","name":"MAYO lanza \"Nada Bby\", \u00faltimo adelanto de su primer disco","isPartOf":{"@id":"http:\/\/unaymilletras.com\/#website"},"primaryImageOfPage":{"@id":"https:\/\/unaymilletras.com\/mayo-lanza-nada-bby-ultimo-adelanto-de-su-primer-disco\/#primaryimage"},"image":{"@id":"https:\/\/unaymilletras.com\/mayo-lanza-nada-bby-ultimo-adelanto-de-su-primer-disco\/#primaryimage"},"thumbnailUrl":"https:\/\/unaymilletras.com\/wp-content\/uploads\/2025\/08\/w660_1343852_portada_mayo-season.jpg","datePublished":"2025-08-20T18:30:00+00:00","description":"El nuevo single de MAYO, \"Nada Bby\", ya est\u00e1 disponible en plataformas digitales y anticipa el sonido de su primer \u00e1lbum, \"Mayo Season\".","breadcrumb":{"@id":"https:\/\/unaymilletras.com\/mayo-lanza-nada-bby-ultimo-adelanto-de-su-primer-disco\/#breadcrumb"},"inLanguage":"en-GB","potentialAction":[{"@type":"ReadAction","target":["https:\/\/unaymilletras.com\/mayo-lanza-nada-bby-ultimo-adelanto-de-su-primer-disco\/"]}]},{"@type":"ImageObject","inLanguage":"en-GB","@id":"https:\/\/unaymilletras.com\/mayo-lanza-nada-bby-ultimo-adelanto-de-su-primer-disco\/#primaryimage","url":"https:\/\/unaymilletras.com\/wp-content\/uploads\/2025\/08\/w660_1343852_portada_mayo-season.jpg","contentUrl":"https:\/\/unaymilletras.com\/wp-content\/uploads\/2025\/08\/w660_1343852_portada_mayo-season.jpg","width":660,"height":660,"caption":"Mayo"},{"@type":"BreadcrumbList","@id":"https:\/\/unaymilletras.com\/mayo-lanza-nada-bby-ultimo-adelanto-de-su-primer-disco\/#breadcrumb","itemListElement":[{"@type":"ListItem","position":1,"name":"Home","item":"http:\/\/unaymilletras.com\/"},{"@type":"ListItem","position":2,"name":"MAYO lanza \u00abNada Bby\u00bb, \u00faltimo adelanto de su primer disco"}]},{"@type":"WebSite","@id":"http:\/\/unaymilletras.com\/#website","url":"http:\/\/unaymilletras.com\/","name":"Una y Mil Letras","description":"","publisher":{"@id":"http:\/\/unaymilletras.com\/#organization"},"potentialAction":[{"@type":"SearchAction","target":{"@type":"EntryPoint","urlTemplate":"http:\/\/unaymilletras.com\/?s={search_term_string}"},"query-input":{"@type":"PropertyValueSpecification","valueRequired":true,"valueName":"search_term_string"}}],"inLanguage":"en-GB"},{"@type":"Organization","@id":"http:\/\/unaymilletras.com\/#organization","name":"Una y Mil Letras","url":"http:\/\/unaymilletras.com\/","logo":{"@type":"ImageObject","inLanguage":"en-GB","@id":"http:\/\/unaymilletras.com\/#\/schema\/logo\/image\/","url":"https:\/\/unaymilletras.com\/wp-content\/uploads\/2024\/06\/cropped-Logo-removebg-preview.png","contentUrl":"https:\/\/unaymilletras.com\/wp-content\/uploads\/2024\/06\/cropped-Logo-removebg-preview.png","width":512,"height":512,"caption":"Una y Mil Letras"},"image":{"@id":"http:\/\/unaymilletras.com\/#\/schema\/logo\/image\/"},"sameAs":["https:\/\/x.com\/UnaYMilLetras","https:\/\/instagram.com\/UnaYMilLetras"]},{"@type":"Person","@id":"http:\/\/unaymilletras.com\/#\/schema\/person\/0860dc8a218329991ee2c7591f4f849d","name":"Redacci\u00f3n","image":{"@type":"ImageObject","inLanguage":"en-GB","@id":"https:\/\/secure.gravatar.com\/avatar\/d8f55e05a8b6597e45c55a1dcbdbfe44f4a360d88b48e00de5216a79b7732796?s=96&d=mm&r=g","url":"https:\/\/secure.gravatar.com\/avatar\/d8f55e05a8b6597e45c55a1dcbdbfe44f4a360d88b48e00de5216a79b7732796?s=96&d=mm&r=g","contentUrl":"https:\/\/secure.gravatar.com\/avatar\/d8f55e05a8b6597e45c55a1dcbdbfe44f4a360d88b48e00de5216a79b7732796?s=96&d=mm&r=g","caption":"Redacci\u00f3n"},"url":"https:\/\/unaymilletras.com\/en\/author\/redaccion\/"}]}},"_links":{"self":[{"href":"https:\/\/unaymilletras.com\/en\/wp-json\/wp\/v2\/posts\/5469","targetHints":{"allow":["GET"]}}],"collection":[{"href":"https:\/\/unaymilletras.com\/en\/wp-json\/wp\/v2\/posts"}],"about":[{"href":"https:\/\/unaymilletras.com\/en\/wp-json\/wp\/v2\/types\/post"}],"author":[{"embeddable":true,"href":"https:\/\/unaymilletras.com\/en\/wp-json\/wp\/v2\/users\/6"}],"replies":[{"embeddable":true,"href":"https:\/\/unaymilletras.com\/en\/wp-json\/wp\/v2\/comments?post=5469"}],"version-history":[{"count":7,"href":"https:\/\/unaymilletras.com\/en\/wp-json\/wp\/v2\/posts\/5469\/revisions"}],"predecessor-version":[{"id":5477,"href":"https:\/\/unaymilletras.com\/en\/wp-json\/wp\/v2\/posts\/5469\/revisions\/5477"}],"wp:featuredmedia":[{"embeddable":true,"href":"https:\/\/unaymilletras.com\/en\/wp-json\/wp\/v2\/media\/5471"}],"wp:attachment":[{"href":"https:\/\/unaymilletras.com\/en\/wp-json\/wp\/v2\/media?parent=5469"}],"wp:term":[{"taxonomy":"category","embeddable":true,"href":"https:\/\/unaymilletras.com\/en\/wp-json\/wp\/v2\/categories?post=5469"},{"taxonomy":"post_tag","embeddable":true,"href":"https:\/\/unaymilletras.com\/en\/wp-json\/wp\/v2\/tags?post=5469"}],"curies":[{"name":"wp","href":"https:\/\/api.w.org\/{rel}","templated":true}]}}