{"id":5478,"date":"2025-08-20T13:22:11","date_gmt":"2025-08-20T11:22:11","guid":{"rendered":"https:\/\/unaymilletras.com\/?p=5478"},"modified":"2025-08-20T13:26:05","modified_gmt":"2025-08-20T11:26:05","slug":"premios-juventud-2025-bad-bunny-y-karol-g-lideran-las-nominaciones","status":"publish","type":"post","link":"https:\/\/unaymilletras.com\/en\/premios-juventud-2025-bad-bunny-y-karol-g-lideran-las-nominaciones\/","title":{"rendered":"Premios Juventud 2025: Bad Bunny y Karol G lideran las nominaciones"},"content":{"rendered":"\t\t<div data-elementor-type=\"wp-post\" data-elementor-id=\"5478\" class=\"elementor elementor-5478\">\n\t\t\t\t\t\t<section class=\"elementor-section elementor-top-section elementor-element elementor-element-dec47a0 elementor-section-boxed elementor-section-height-default elementor-section-height-default\" data-id=\"dec47a0\" data-element_type=\"section\" data-e-type=\"section\">\n\t\t\t\t\t\t<div class=\"elementor-container elementor-column-gap-default\">\n\t\t\t\t\t<div class=\"elementor-column elementor-col-100 elementor-top-column elementor-element elementor-element-74e11cd\" data-id=\"74e11cd\" data-element_type=\"column\" data-e-type=\"column\">\n\t\t\t<div class=\"elementor-widget-wrap elementor-element-populated\">\n\t\t\t\t\t\t<div class=\"elementor-element elementor-element-7aa9d66 elementor-widget elementor-widget-text-editor\" data-id=\"7aa9d66\" data-element_type=\"widget\" data-e-type=\"widget\" data-widget_type=\"text-editor.default\">\n\t\t\t\t<div class=\"elementor-widget-container\">\n\t\t\t\t\t\t\t\t\t<h2 style=\"text-align: center;\"><span style=\"color: #808080;\"><em>Los Premios Juventud 2025 se celebrar\u00e1n el 25 de septiembre en Panam\u00e1 con m\u00e1s de 200 nominados en 41 categor\u00edas<\/em><\/span><\/h2>\t\t\t\t\t\t\t\t<\/div>\n\t\t\t\t<\/div>\n\t\t\t\t\t<\/div>\n\t\t<\/div>\n\t\t\t\t\t<\/div>\n\t\t<\/section>\n\t\t\t\t<section class=\"elementor-section elementor-top-section elementor-element elementor-element-877da6f elementor-section-boxed elementor-section-height-default elementor-section-height-default\" data-id=\"877da6f\" data-element_type=\"section\" data-e-type=\"section\">\n\t\t\t\t\t\t<div class=\"elementor-container elementor-column-gap-default\">\n\t\t\t\t\t<div class=\"elementor-column elementor-col-100 elementor-top-column elementor-element elementor-element-52f603f\" data-id=\"52f603f\" data-element_type=\"column\" data-e-type=\"column\">\n\t\t\t<div class=\"elementor-widget-wrap elementor-element-populated\">\n\t\t\t\t\t\t<div class=\"elementor-element elementor-element-d46044f elementor-widget elementor-widget-text-editor\" data-id=\"d46044f\" data-element_type=\"widget\" data-e-type=\"widget\" data-widget_type=\"text-editor.default\">\n\t\t\t\t<div class=\"elementor-widget-container\">\n\t\t\t\t\t\t\t\t\t<p data-start=\"300\" data-end=\"645\">Los Premios Juventud 2025 ya han desvelado la lista completa de nominados y todo apunta a que esta edici\u00f3n ser\u00e1 una de las m\u00e1s memorables. Por primera vez en su historia, la ceremonia se celebrar\u00e1 en Panam\u00e1, coincidiendo adem\u00e1s con el Mes de la Herencia Hispana, lo que a\u00f1ade a\u00fan m\u00e1s relevancia cultural a una de las galas m\u00e1s esperadas del a\u00f1o.<\/p><h4 data-start=\"1544\" data-end=\"1585\"><strong>Fechas y c\u00f3mo votar por tus favoritos<\/strong><\/h4><p data-start=\"1587\" data-end=\"1850\">Como es habitual en estos premios, el p\u00fablico ser\u00e1 quien elija a los ganadores. Las votaciones estar\u00e1n abiertas desde el <strong data-start=\"1708\" data-end=\"1724\">19 de agosto<\/strong> hasta el <strong data-start=\"1734\" data-end=\"1753\">1 de septiembre<\/strong> a trav\u00e9s de la <span style=\"text-decoration: underline;\"><strong><span style=\"color: #808080;\"><a style=\"color: #808080; text-decoration: underline;\" href=\"http:\/\/www.premiosjuventud.com\/vota\">web oficial<\/a><\/span><\/strong><\/span>.<\/p><p data-start=\"1852\" data-end=\"2137\">Para votar, solo se necesita tener al menos 18 a\u00f1os, registrarse con una direcci\u00f3n de correo electr\u00f3nico v\u00e1lida y seleccionar un nominado por categor\u00eda. Cada usuario podr\u00e1 emitir un \u00fanico voto por cuenta, y tras completar el proceso, se mostrar\u00e1 un mensaje de confirmaci\u00f3n en pantalla.<\/p>\t\t\t\t\t\t\t\t<\/div>\n\t\t\t\t<\/div>\n\t\t\t\t\t<\/div>\n\t\t<\/div>\n\t\t\t\t\t<\/div>\n\t\t<\/section>\n\t\t\t\t<section class=\"elementor-section elementor-top-section elementor-element elementor-element-dd5ed9a elementor-section-boxed elementor-section-height-default elementor-section-height-default\" data-id=\"dd5ed9a\" data-element_type=\"section\" data-e-type=\"section\">\n\t\t\t\t\t\t<div class=\"elementor-container elementor-column-gap-default\">\n\t\t\t\t\t<div class=\"elementor-column elementor-col-100 elementor-top-column elementor-element elementor-element-f385233\" data-id=\"f385233\" data-element_type=\"column\" data-e-type=\"column\">\n\t\t\t<div class=\"elementor-widget-wrap elementor-element-populated\">\n\t\t\t\t\t\t<div class=\"elementor-element elementor-element-7971c59 elementor-widget elementor-widget-image\" data-id=\"7971c59\" data-element_type=\"widget\" data-e-type=\"widget\" data-widget_type=\"image.default\">\n\t\t\t\t<div class=\"elementor-widget-container\">\n\t\t\t\t\t\t\t\t\t\t\t\t\t\t\t<img fetchpriority=\"high\" decoding=\"async\" width=\"640\" height=\"360\" src=\"https:\/\/unaymilletras.com\/wp-content\/uploads\/2025\/08\/bad-bunny-y-danny-ocean-los-arti.jpg\" class=\"attachment-large size-large wp-image-5483\" alt=\"Premios Juventud 2025\" srcset=\"https:\/\/unaymilletras.com\/wp-content\/uploads\/2025\/08\/bad-bunny-y-danny-ocean-los-arti.jpg 768w, https:\/\/unaymilletras.com\/wp-content\/uploads\/2025\/08\/bad-bunny-y-danny-ocean-los-arti-300x169.jpg 300w, https:\/\/unaymilletras.com\/wp-content\/uploads\/2025\/08\/bad-bunny-y-danny-ocean-los-arti-18x10.jpg 18w\" sizes=\"(max-width: 640px) 100vw, 640px\" \/>\t\t\t\t\t\t\t\t\t\t\t\t\t\t\t<\/div>\n\t\t\t\t<\/div>\n\t\t\t\t\t<\/div>\n\t\t<\/div>\n\t\t\t\t\t<\/div>\n\t\t<\/section>\n\t\t\t\t<section class=\"elementor-section elementor-top-section elementor-element elementor-element-b6c5c78 elementor-section-boxed elementor-section-height-default elementor-section-height-default\" data-id=\"b6c5c78\" data-element_type=\"section\" data-e-type=\"section\">\n\t\t\t\t\t\t<div class=\"elementor-container elementor-column-gap-default\">\n\t\t\t\t\t<div class=\"elementor-column elementor-col-100 elementor-top-column elementor-element elementor-element-733c7cc\" data-id=\"733c7cc\" data-element_type=\"column\" data-e-type=\"column\">\n\t\t\t<div class=\"elementor-widget-wrap elementor-element-populated\">\n\t\t\t\t\t\t<div class=\"elementor-element elementor-element-cd9f63f elementor-widget elementor-widget-text-editor\" data-id=\"cd9f63f\" data-element_type=\"widget\" data-e-type=\"widget\" data-widget_type=\"text-editor.default\">\n\t\t\t\t<div class=\"elementor-widget-container\">\n\t\t\t\t\t\t\t\t\t<p>Lista de categor\u00edas y nominados:<\/p><p><strong>Artista Premios Juventud del A\u00f1o<\/strong><\/p><ul><li>Bad Bunny<\/li><li>Be\u00e9le<\/li><li>Car\u00edn Le\u00f3n<\/li><li>Karol G<\/li><li>Myke Towers<\/li><li>Natti Natasha<\/li><li>Net\u00f3n Vega<\/li><li>Rauw Alejandro<\/li><\/ul><p><strong>Grupo o D\u00fao Favorito del A\u00f1o<\/strong><\/p><ul><li>Fuerza Regida<\/li><li>Grupo Frontera<\/li><li>Mau y Ricky<\/li><li>Morat<\/li><li>Rawayana<\/li><\/ul><p><strong>La Nueva Generaci\u00f3n Femenina<\/strong><\/p><ul><li>Aria Bela<\/li><li>De La Rose<\/li><li>Mari<\/li><li>Yailin La M\u00e1s Viral<\/li><li>Yami Safdie<\/li><li>Yeri Mua<\/li><\/ul><p><strong>La Nueva Generaci\u00f3n Masculina<\/strong><\/p><ul><li>Alex Ponce<\/li><li>Alleh<\/li><li>Be\u00e9le<\/li><li>CA7RIEL &amp; Paco Amoroso<\/li><li>DND<\/li><li>Hamilton<\/li><li>Kapo<\/li><li>La Cruz<\/li><li>ROA<\/li><li>Yorghaki<\/li><\/ul><p><strong>La Nueva Generaci\u00f3n M\u00fasica Mexicana<\/strong><\/p><ul><li>Calle 24<\/li><li>Camila Fern\u00e1ndez<\/li><li>Clave Especial<\/li><li>Esa\u00fa Ortiz<\/li><li>Kevin Aguilar<\/li><li>L\u00ednea Personal<\/li><li>Macario Mart\u00ednez<\/li><li>Net\u00f3n Vega<\/li><li>Tito Double P<\/li><li>Victor Mendivil<\/li><\/ul><p><strong>Girl Power<\/strong><\/p><ul><li>\u2018Amiga Date Cuenta\u2019 &#8211; Ha*Ash &amp; Thalia<\/li><li>\u2018Blackout\u2019 &#8211; Emilia, Tini &amp; Nicki Nicole<\/li><li>\u2018Chulo pt.2\u2019 &#8211; Bad Gyal, Tokischa &amp; Young Miko<\/li><li>\u2018En 4\u2019 &#8211; Kenia Os &amp; Anitta<\/li><li>\u2018La Reina (Remix)\u2019 &#8211; Lola Indigo, Maria Becerra &amp; Villano Antillano<\/li><li>\u2018Mi Rey, Mi Santo\u2019 &#8211; Mar\u00eda Jos\u00e9 &amp; Ana B\u00e1rbara<\/li><li>\u2018MiuMiu\u2019 &#8211; Sof\u00eda Reyes, Lu\u00edsa Sonza &amp; RaiNao<\/li><li>\u2018\u00bfPara Qu\u00e9 Volver?\u2019 &#8211; Aitana &amp; Ela Taubert<\/li><\/ul><p><strong>Colaboraci\u00f3n OMG<\/strong><\/p><ul><li>\u2018Dallax\u2019 &#8211; Feid &amp; Ty Dolla $ign<\/li><li>\u2018Now or Never\u2019 &#8211; Bon Jovi &amp; Pitbull<\/li><li>\u2018Ojos Tristes (With The Mar\u00edas)\u2019 &#8211; Selena Gomez, benny blanco &amp; The Mar\u00edas<\/li><li>\u2018Santa\u2019 &#8211; Rvssian, Rauw Alejandro &amp; Ayra Starr<\/li><li>\u2018Tonight (Bad Boys: Ride Or Die)\u2019 &#8211; Black Eyed Peas, El Alfa ft. Becky G<\/li><\/ul><p><b>La Mezcla Perfecta<\/b><\/p><ul><li>\u2018La Cuadrada\u2019 &#8211; Belinda &amp; Tito Double P<\/li><li>\u2018Mercedes\u2019 &#8211; Becky G &amp; Oscar Maydon<\/li><li>\u2018Perdonarte \u00bfPara Qu\u00e9?\u2019 &#8211; Los \u00c1ngeles Azules &amp; Emilia<\/li><li>\u2018Por Qu\u00e9 Ser\u00e1\u2019 &#8211; Grupo Frontera &amp; Maluma<\/li><li>\u2018Vivir Sin Aire\u2019 &#8211; Man\u00e1 &amp; Car\u00edn Le\u00f3n<\/li><\/ul><p><b>Mejor Dance Track<\/b><\/p><ul><li>\u20182 The Moon &#8211; Pitbull, Ne-Yo, Afrojack, Dj Buddha<\/li><li>\u2018Como la Flor\u2019 &#8211; Play-N-Skillz, Natti Natasha &amp; Deorro<\/li><li>\u2018Corridos y Alcohol\u2019 &#8211; Steve Aoki &amp; Oscar Maydon<\/li><li>\u2018Savage Funk\u2019 (Dj Snake Remix) &#8211; Anitta &amp; Dj Snake<\/li><li>\u2018Teka\u2019 &#8211; Dj Snake &amp; Peso Pluma<\/li><\/ul><p><b>Mejor Urban Track<\/b><\/p><ul><li>\u2018+57\u2019 &#8211; Karol G, Feid, DFZM ft. Ovy on the Drums, J Balvin, Maluma, Ryan Castro, Blessd<\/li><li>\u2018Bing Bong\u2019 &#8211; Yailin La M\u00e1s Viral &amp; Puyalo Pantera<\/li><li>\u2018Degenere\u2019\u2019 &#8211; Myke Towers ft. benny blanco<\/li><li>\u2018DtMF\u2019 &#8211; Bad Bunny<\/li><li>\u2018Gata Only\u2019 &#8211; FloyyMenor &amp; Cris Mj<\/li><li>\u2018Hay Lupita\u2019 &#8211; Lomiiel<\/li><li>\u2018La Plena (W Sound 5)\u2019 &#8211; W Sound, Be\u00e9le &amp; Ovy on the Drums<\/li><li>\u2018Polvo de Tu Vida\u2019 &#8211; J Balvin &amp; Chencho Corleone<\/li><li>\u2018Savage Funk\u2019 &#8211; Anitta<\/li><li>\u2018Tommy &amp; Pamela\u2019 &#8211; Peso Pluma &amp; Kenia Os<\/li><\/ul><p><b>Mejor Mezcla Urbana<\/b><\/p><ul><li>\u2018Adivino\u2019 &#8211; Myke Towers &amp; Bad Bunny<\/li><li>\u2018Carbon Vrmor\u2019 &#8211; Farruko &amp; Sharo Towers<\/li><li>\u2018Comernos\u2019 &#8211; Omar Courtz &amp; Bad Gyal<\/li><li>\u2018Gata Only (Remix)\u2019 &#8211; FloyyMenor, Ozuna &amp; Anitta<\/li><li>\u2018Gatitas Sandungueras Vol.1\u2019 &#8211; \u00c1lvaro D\u00edaz &amp; Feid<\/li><li>\u2018La Nena\u2019 &#8211; Lyanno &amp; Rauw Alejandro<\/li><li>\u2018Mamasota\u2019 &#8211; Manuel Turizo &amp; Yandel<\/li><li>\u2018M\u00edrame\u2019 &#8211; Blessd &amp; Ovy on the Drums<\/li><li>\u2018Puro Guayeteo\u2019 &#8211; Wisin, Don Omar &amp; Jowell y Randy<\/li><li>\u2018Teka\u2019 &#8211; Dj Snake &amp; Peso Pluma<\/li><\/ul><p><b>Mejor Canci\u00f3n Urbano Alternativo<\/b><\/p><ul><li>\u2018Chaparrita\u2019 &#8211; Standly &amp; Yeri Mua<\/li><li>\u2018Nubes\u2019 &#8211; De La Rose &amp; Omar Courtz<\/li><li>\u2018Real Gangsta Love\u2019 &#8211; Trueno<\/li><li>\u2018T\u00fa Et Moi\u2019 &#8211; Judeline &amp; Mc Morena<\/li><li>\u2018Tu Vas Sin (fav)\u2019 &#8211; Rels B<\/li><\/ul><p><b>Mejor \u00c1lbum Urbano<\/b><\/p><ul><li>\u2018Cvrbon Vrmor [C_DE: G_D.O.N.]\u2019 &#8211; Farruko<\/li><li>\u2018Deb\u00ed Tirar M\u00e1s Fotos\u2019 &#8211; Bad Bunny<\/li><li>\u2018Elyte\u2019 &#8211; Yandel<\/li><li>\u2018Funk Generation\u2019 &#8211; Anitta<\/li><li>\u2018La Pantera Negra\u2019 &#8211; Myke Towers<\/li><li>\u2018Mr. W (Deluxe)\u2019 &#8211; Wisin<\/li><li>\u2018Rayo\u2019 &#8211; J Balvin<\/li><li>\u2018San Blas\u2019 &#8211; Boza<\/li><li>\u2018Sayonara: Finales Alternos\u2019 &#8211; \u00c1lvaro D\u00edaz<\/li><li>\u2018Tranki, Todo Pasa\u2019 &#8211; Sech<\/li><\/ul><p><b>Mejor Canci\u00f3n Pop\/Urbano<\/b><\/p><ul><li>\u20182AM\u2019 &#8211; Sebasti\u00e1n Yatra &amp; Bad Gyal<\/li><li>\u2018Anestesia\u2019 &#8211; Venesti, Goyo &amp; Slow Mike<\/li><li>\u2018Cosas Pendientes\u2019 &#8211; Maluma<\/li><li>\u2018Latina Foreva\u2019 &#8211; Karol G<\/li><li>\u2018Nuevayol\u2019 &#8211; Bad Bunny<\/li><li>\u2018ori\u00f3N\u2019 &#8211; Boza &amp; ELENA ROSE<\/li><li>\u2018Priti\u2019 &#8211; Danny Ocean &amp; Sech<\/li><li>\u2018Soltera\u2019 &#8211; Shakira<\/li><\/ul><p><b>Mejor Canci\u00f3n Pop\/Rhythmic<\/b><\/p><ul><li>\u2018La_playlist.mpeg\u2019 &#8211; Emilia<\/li><li>\u2018Ley Universal\u2019 &#8211; Danny Ocean<\/li><li>\u2018Loveo\u2019 &#8211; Daddy Yankee<\/li><li>\u2018Nota\u2019- Jay Wheeler &amp; Omar Courtz<\/li><li>\u2018Tamo Bien\u2019 &#8211; Enrique Iglesias, Pitbull &amp; IamChino<\/li><li>\u2018Volver\u2019- Piso 21, Marc Anthony &amp; Be\u00e9le<\/li><\/ul><p><b>Mejor Canci\u00f3n Pop<\/b><\/p><ul><li>\u2018Bala Perdida\u2019 &#8211; Arthur Hanlon &amp; \u00c1ngela Aguilar<\/li><li>\u2018Garc\u00eda\u2019 &#8211; Kany Garc\u00eda<\/li><li>\u2018Mientes\u2019 &#8211; Reik<\/li><li>\u2018Querida Yo\u2019 &#8211; Yami Safdie &amp; Camilo<\/li><li>\u2018saman\u00e1\u2019 &#8211; Mau y Ricky, Danny Ocean &amp; Yorghaki<\/li><\/ul><p><b>Mejor Canci\u00f3n Pop Rock<\/b><\/p><ul><li>\u2018\u00bfC\u00f3mo Pas\u00f3?\u2019 &#8211; Ela Taubert<\/li><li>\u2018Me Toca a M\u00ed\u2019 &#8211; Morat &amp; Camilo<\/li><li>\u2018Ojal\u00e1 Pudiera Borrarte\u2019 &#8211; Man\u00e1 &amp; Marco Antonio Sol\u00eds<\/li><li>\u2018Se Va La Luz\u2019 &#8211; Black Guayaba<\/li><li>\u2018Una Noche Contigo\u2019 &#8211; Juanes<\/li><\/ul><p><b>Mejor Canci\u00f3n Pop Balada<\/b><\/p><ul><li>\u2018Abr\u00e1zame\u2019 &#8211; \u00c1ngela Aguilar, Felipe Botello y El Sonoro Rugir<\/li><li>\u2018El Cielo Te Mand\u00f3 Para M\u00ed\u2019 &#8211; Ha*Ash<\/li><li>\u2018Lo Que Nos Falt\u00f3 Decir\u2019 &#8211; Jesse &amp; Joy<\/li><li>\u2018Palmeras en el Jard\u00edn\u2019 &#8211; Alejandro Sanz<\/li><li>\u2018Roma\u2019 &#8211; Luis Fonsi &amp; Laura Pausini<\/li><\/ul><p><b>Mejor \u00c1lbum Pop<\/b><\/p><ul><li>\u2018A Mucha Honra\u2019 &#8211; Thalia<\/li><li>\u2018El Viaje\u2019 &#8211; Luis Fonsi<\/li><li>\u2018Haashville\u2019 &#8211; Ha*Ash<\/li><li>\u2018Hotel Caracas\u2019 &#8211; Mau y Ricky<\/li><li>\u2018Lo Que Nos Falt\u00f3 Decir\u2019 &#8211; Jesse &amp; Joy<\/li><li>\u2018Milagro\u2019- Sebasti\u00e1n Yatra<\/li><li>\u2018Panorama\u2019- Reik<\/li><li>\u2018Reflexa\u2019 &#8211; Danny Ocean<\/li><li>\u2018\u00bfY Ahora Qu\u00e9?\u2019 &#8211; Alejandro Sanz<\/li><li>\u2018Ya Es Ma\u00f1ana\u2019 &#8211; Morat<\/li><\/ul><p><b>Tropical Hit<\/b><\/p><ul><li>\u2018Al\u00e9 Al\u00e9\u2019 &#8211; Marc Anthony<\/li><li>\u2018Baile Inolvidable\u2019 &#8211; Bad Bunny<\/li><li>\u2018Desde Hoy\u2019 &#8211; Natti Natasha<\/li><li>\u2018En Privado\u2019 &#8211; Xavi &amp; Manuel Turizo<\/li><li>\u2018Fuera de Lugar\u2019 &#8211; Venesti<\/li><li>\u2018How Deep Is Your Love\u2019 &#8211; Prince Royce<\/li><li>\u2018Imag\u00ednate\u2019 &#8211; Danny Ocean &amp; Kapo<\/li><li>\u2018Llorar Bonito\u2019 &#8211; Luis Figueroa<\/li><li>\u2018Ra\u00edces\u2019 &#8211; Gloria Estefan<\/li><li>\u2018Si Antes Te Hubiera Conocido\u2019 &#8211; Karol G<\/li><\/ul><p><b>Tropical Mix<\/b><\/p><ul><li>\u2018capaz (merengueton)\u2019 &#8211; Alleh &amp; Yorghaki<\/li><li>\u2018El Caballito\u2019 &#8211; FARIANA &amp; Oro Solido<\/li><li>\u2018Es un Secreto\u2019 &#8211; Christian Alicea ft. Dj Buddha<\/li><li>\u2018Hoy No Me Siento Bien\u2019 &#8211; Alejandro Sanz &amp; Grupo Frontera<\/li><li>\u2018La Culpa\u2019 &#8211; Kany Garc\u00eda &amp; Rawayana<\/li><li>\u2018Ohnana\u2019 &#8211; Kapo ft. Maluma, Ryan Castro, Farruko &amp; Nicky Jam<\/li><li>\u2018Que Haces\u2019 &#8211; Becky G &amp; Manuel Turizo<\/li><li>\u2018Santa Marta\u2019 &#8211; Luis Fonsi &amp; Carlos Vives<\/li><li>\u2018Una Vida Pasada\u2019 &#8211; Camilo &amp; Car\u00edn Le\u00f3n<\/li><li>\u2018Vestido Rojo\u2019 &#8211; Silvestre Dangond &amp; Emilia<\/li><\/ul><p><b>Afrobeat Latino del A\u00f1o<\/b><\/p><ul><li>\u2018Amor\u2019 &#8211; Danny Ocean<\/li><li>\u2018mi refe\u2019 &#8211; Be\u00e9le &amp; Ovy on the Drums<\/li><li>\u2018Soleao\u2019 &#8211; Myke Towers &amp; Quevedo<\/li><li>\u2018Tengo un Plan (Remix)\u2019 &#8211; Key-Key &amp; Ozuna<\/li><li>\u2018Uwaie\u2019 &#8211; Kapo<\/li><\/ul><p><b>Mejor \u00c1lbum Tropical<\/b><\/p><ul><li>\u2018Astropical\u2019 &#8211; Bomba Est\u00e9reo, Rawayana &amp; ASTROPICAL<\/li><li>\u2018Ataca Sergio! Presents: Urban Salsa Sessions!\u2019 &#8211; Sergio George<\/li><li>\u2018Coexistencia\u2019 &#8211; Luis Figueroa<\/li><li>\u2018Cuatro\u2019- Camilo<\/li><li>\u2018Eterno\u2019 &#8211; Prince Royce<\/li><li>\u2018Mu\u00e9vanse\u2019- Marc Anthony<\/li><li>\u2018Natti Natasha En Amargue\u2019 &#8211; Natti Natasha<\/li><li>\u2018Ra\u00edces\u2019- Gloria Estefan<\/li><li>\u2018Reparto By Gente de Zona\u2019 &#8211; Gente de Zona<\/li><li>\u2018Yo Deluxe\u2019 &#8211; Christian Alicea<\/li><\/ul><p><b>Mejor Canci\u00f3n M\u00fasica Mexicana<\/b><\/p><ul><li>\u2018El Amigo\u2019 &#8211; Christian Nodal<\/li><li>\u2018El Amor de Mi Herida\u2019 &#8211; Car\u00edn Le\u00f3n<\/li><li>\u2018Mira Qui\u00e9n Lo Dice\u2019 &#8211; Pepe Aguilar<\/li><li>\u2018Perdonarte \u00bfPara Qu\u00e9?\u2019 &#8211; Los \u00c1ngeles Azules &amp; Emilia<\/li><li>\u2018Que Siga Pasando\u2019 &#8211; Chiquis<\/li><\/ul><p><b>Mejor Fusi\u00f3n M\u00fasica Mexicana<\/b><\/p><ul><li>\u2018300 Noches\u2019 &#8211; Belinda &amp; Natanael Cano<\/li><li>\u2018Coraz\u00f3n de Piedra\u2019 &#8211; Xavi<\/li><li>\u2018Dos D\u00edas\u2019 &#8211; Tito Double P &amp; Peso Pluma<\/li><li>\u2018Morena Canela\u2019 &#8211; Chino Pacas<\/li><li>\u2018Si No Quieres No\u2019 &#8211; Luis R Conriquez &amp; Net\u00f3n Vega<\/li><li>\u2018Tu Boda\u2019 &#8211; Oscar Maydon &amp; Fuerza Regida<\/li><\/ul><p><b>Mejor Canci\u00f3n Mariachi M\u00fasica Mexicana<\/b><\/p><ul><li>\u2018Am\u00e9\u2019 &#8211; Christian Nodal<\/li><li>\u2018Cu\u00e9ntame\u2019 &#8211; Majo Aguilar &amp; Alex Fern\u00e1ndez<\/li><li>\u2018Mi Eterno Amor Secreto\u2019 &#8211; Yuridia &amp; Eden Mu\u00f1oz<\/li><li>\u2018Mis Amigas las Flores\u2019 &#8211; \u00c1ngela Aguilar<\/li><li>\u2018Un Mill\u00f3n de Primaveras (En Vivo Desde la Plaza de Toros La M\u00e9xico) &#8211; Alejandro Fern\u00e1ndez<\/li><\/ul><p><b>Mejor Canci\u00f3n Banda M\u00fasica Mexicana<\/b><\/p><ul><li>\u2018Aqu\u00ed Hay Para Llevar\u2019 &#8211; La Arrolladora Banda El Lim\u00f3n de Ren\u00e9 Camacho<\/li><li>\u2018El Beneficio de la Duda\u2019 &#8211; Grupo Firme<\/li><li>\u2018\u00bfQu\u00e9 Ser\u00e1 de Mi Ex? &#8211; La Adictiva<\/li><li>\u2018Tengo Claro\u2019 &#8211; Banda MS de Sergio Liz\u00e1rraga &amp; Alfredo Olivas<\/li><li>\u2018Voy a Levantarme\u2019 &#8211; Banda Los Sebastianes de Sa\u00fal Plata<\/li><\/ul><p><b>Mejor Canci\u00f3n Norte\u00f1a M\u00fasica Mexicana<\/b><\/p><ul><li>\u2018Aqu\u00ed Mando Yo\u2019 &#8211; Los Tigres del Norte<\/li><li>\u2018Bandido de Amores\u2019 &#8211; Leonardo Aguilar &amp; Pepe Aguilar<\/li><li>\u2018Con Todo Respetillo\u2019 &#8211; Joss Favela &amp; Luis R Conriquez<\/li><li>\u2018Rey Sin Reina\u2019 &#8211; Juli\u00f3n Alvarez y Su Norte\u00f1o Banda<\/li><li>\u2018Traigo Saldo y Ganas de Rogar\u2019 &#8211; Eden Mu\u00f1oz<\/li><\/ul><p><b>Mejor Canci\u00f3n M\u00fasica Mexicana Alternativa<\/b><\/p><ul><li>\u2018Como Capo\u2019 &#8211; Clave Especial &amp; Fuerza Regida<\/li><li>\u2018Esa Noche\u2019 &#8211; Eslabon Armado &amp; Macario Mart\u00ednez<\/li><li>\u2018Holanda\u2019 &#8211; L\u00ednea Personal<\/li><li>\u2018Loco\u2019 &#8211; Net\u00f3n Vega<\/li><li>\u2018Me Promet\u00ed\u2019 &#8211; Ivan Cornejo<\/li><li>\u2018Triple Lavada Remix\u2019 &#8211; Esa\u00fa Ortiz, Luis R Conriquez, Oscar Maydon, Alem\u00e1n ft. Victor Mendivil<\/li><\/ul><p><b>Mejor \u00c1lbum M\u00fasica Mexicana<\/b><\/p><ul><li>\u2018Aqu\u00ed Mando Yo\u2019 &#8211; Los Tigres del Norte<\/li><li>\u2018Boca Chueca, Vol.1\u2019 &#8211; Car\u00edn Le\u00f3n<\/li><li>\u2018Eden\u2019 &#8211; Eden Mu\u00f1oz<\/li><li>\u2018Encuentros\u2019 &#8211; Becky G<\/li><li>\u2018Evoluci\u00f3n\u2019 &#8211; Grupo Firme<\/li><li>\u2018\u00c9xodo\u2019 &#8211; Peso Pluma<\/li><li>\u2018Jugando a Que No Pasa Nada\u2019 &#8211; Grupo Frontera<\/li><li>\u2018Mi Vida Mi Muerte\u2019 &#8211; Net\u00f3n Vega<\/li><li>\u2018Next\u2019 &#8211; Xavi<\/li><li>\u2018Pero No Te Enamores\u2019 &#8211; Fuerza Regida<\/li><\/ul>\t\t\t\t\t\t\t\t<\/div>\n\t\t\t\t<\/div>\n\t\t\t\t\t<\/div>\n\t\t<\/div>\n\t\t\t\t\t<\/div>\n\t\t<\/section>\n\t\t\t\t<section class=\"elementor-section elementor-top-section elementor-element elementor-element-4bfa787 elementor-section-boxed elementor-section-height-default elementor-section-height-default\" data-id=\"4bfa787\" data-element_type=\"section\" data-e-type=\"section\">\n\t\t\t\t\t\t<div class=\"elementor-container elementor-column-gap-default\">\n\t\t\t\t\t<div class=\"elementor-column elementor-col-100 elementor-top-column elementor-element elementor-element-ea83b4d\" data-id=\"ea83b4d\" data-element_type=\"column\" data-e-type=\"column\">\n\t\t\t<div class=\"elementor-widget-wrap elementor-element-populated\">\n\t\t\t\t\t\t<div class=\"elementor-element elementor-element-cbd48ee elementor-widget elementor-widget-video\" data-id=\"cbd48ee\" data-element_type=\"widget\" data-e-type=\"widget\" data-settings=\"{&quot;youtube_url&quot;:&quot;https:\\\/\\\/www.youtube.com\\\/watch?v=beH6uqy6Xsw&amp;list=RDbeH6uqy6Xsw&amp;start_radio=1&amp;ab_channel=LosAngelesAzulesVEVO&quot;,&quot;video_type&quot;:&quot;youtube&quot;,&quot;controls&quot;:&quot;yes&quot;}\" data-widget_type=\"video.default\">\n\t\t\t\t<div class=\"elementor-widget-container\">\n\t\t\t\t\t\t\t<div class=\"elementor-wrapper elementor-open-inline\">\n\t\t\t<div class=\"elementor-video\"><\/div>\t\t<\/div>\n\t\t\t\t\t\t<\/div>\n\t\t\t\t<\/div>\n\t\t\t\t\t<\/div>\n\t\t<\/div>\n\t\t\t\t\t<\/div>\n\t\t<\/section>\n\t\t\t\t<section class=\"elementor-section elementor-top-section elementor-element elementor-element-b461284 elementor-section-boxed elementor-section-height-default elementor-section-height-default\" data-id=\"b461284\" data-element_type=\"section\" data-e-type=\"section\">\n\t\t\t\t\t\t<div class=\"elementor-container elementor-column-gap-default\">\n\t\t\t\t\t<div class=\"elementor-column elementor-col-100 elementor-top-column elementor-element elementor-element-a737d3a\" data-id=\"a737d3a\" data-element_type=\"column\" data-e-type=\"column\">\n\t\t\t<div class=\"elementor-widget-wrap elementor-element-populated\">\n\t\t\t\t\t\t<div class=\"elementor-element elementor-element-990b952 elementor-widget elementor-widget-text-editor\" data-id=\"990b952\" data-element_type=\"widget\" data-e-type=\"widget\" data-widget_type=\"text-editor.default\">\n\t\t\t\t<div class=\"elementor-widget-container\">\n\t\t\t\t\t\t\t\t\t<p><b>Mi Actor Favorito<\/b><\/p><ul><li>Diego Klein &#8211; Con Esa Misma Mirada<\/li><li>Emmanuel Palomares &#8211; Las Hijas de la Se\u00f1ora Garc\u00eda<\/li><li>Fernando Colunga &#8211; Amanecer<\/li><li>Jos\u00e9 Ron &#8211; Pap\u00e1s por Conveniencia<\/li><li>Sebasti\u00e1n Rulli &#8211; El Extra\u00f1o Retorno de Diana Salazar<\/li><\/ul><p><b>Mi Actriz Preferida<\/b><\/p><ul><li>Ang\u00e9lica Rivera &#8211; Con Esa Misma Mirada<\/li><li>Angelique Boyer &#8211; El Extra\u00f1o Retorno de Diana Salazar<\/li><li>Ariadne D\u00edaz &#8211; Pap\u00e1s por Conveniencia<\/li><li>Livia Brito &#8211; Amanecer<\/li><li>Oka Giner &#8211; Las Hijas de la Se\u00f1ora Garc\u00eda<\/li><\/ul><p><b>Me Enamoran<\/b><\/p><ul><li>Ang\u00e9lica Rivera y Diego Klein &#8211; Con Esa Misma Mirada<\/li><li>Angelique Boyer y Sebasti\u00e1n Rulli &#8211; El Extra\u00f1o Retorno de Diana Salazar<\/li><li>Ariadne D\u00edaz y Jos\u00e9 Ron &#8211; Pap\u00e1s por Conveniencia<\/li><li>Claudia Mart\u00edn y Daniel Elbittar &#8211; El Amor No Tiene Receta<\/li><li>Eva Cede\u00f1o y David Zepeda &#8211; A.Mar<\/li><\/ul><p><b>Creator Del A\u00f1o<\/b><\/p><ul><li>Doris Jocelyn<\/li><li>Federico Vigevani<\/li><li>Isabella Ladera<\/li><li>Jessica Judith Ortiz<\/li><li>Jorge Chac\u00f3n<\/li><\/ul><p><b>Creator Con Causa<\/b><\/p><ul><li>Aaron Murphy<\/li><li>Alex Serrano<\/li><li>Alexis Omman<\/li><li>Carlos Eduardo Espina<\/li><li>Jes\u00fas Morales<\/li><\/ul><p><b>Mejor LOL<\/b><\/p><ul><li>Alex Quiroz<\/li><li>Dani Valle<\/li><li>Edy Su\u00e1rez<\/li><li>Jose Ramones<\/li><li>Los Chicaneros<\/li><\/ul><p><b>#GettingReadyWith<\/b><\/p><ul><li>Alex Barozzi<\/li><li>Berenice Castro<\/li><li>Chantal Torres<\/li><li>Florencia Guillot Dorssi<\/li><li>Yayis Villarreal<\/li><\/ul><p><b>Podcast del A\u00f1o<\/b><\/p><ul><li>El Bueno, La Mala y El Feo &#8211; Qu\u00e9 Tranza<\/li><li>Casados y Complicados<\/li><li>Date Cuenta Podcast<\/li><li>Indomables con Regina Carrot<\/li><li>Se Regalan Dudas<\/li><\/ul><p><b>Stream que Nos Peg\u00f3<\/b><\/p><ul><li>Emilio Antun<\/li><li>Envinadas<\/li><li>Karime Kooler<\/li><li>La Pija y La Quinqui<\/li><li>La M\u00e1s Draga<\/li><\/ul><p><b>#ModoAvi\u00f3n<\/b><\/p><ul><li>Alan Estrada<\/li><li>Katy Esquivel<\/li><li>Luisito Comunica<\/li><li>Luz Carreiro<\/li><li>Oscar Alejandro P\u00e9rez<\/li><\/ul><p><b>POV Futbolero<\/b><\/p><div class=\"articleBody evo-poppins-m-alt col-span-full lg:evo-poppins-l-alt sm:col-span-4 sm:col-start-2 md:col-span-8 md:col-start-3 [&amp;_a]:font-normal [&amp;_a]:text-current-text-accent [&amp;_a]:underline [&amp;&gt;h2]:title-l-alt lg:[&amp;&gt;h2]:title-xl [&amp;&gt;h3]:title-l-alt lg:[&amp;&gt;h3]:title-xl [&amp;&gt;ol]:ml-12 [&amp;&gt;ol]:list-decimal\"><ul><li>Ara y Fer<\/li><li>Esteban Cacho<\/li><li>Jero Freixas<\/li><li>Josh Juanico<\/li><li>Laura Biondo<\/li><\/ul><\/div>\t\t\t\t\t\t\t\t<\/div>\n\t\t\t\t<\/div>\n\t\t\t\t\t<\/div>\n\t\t<\/div>\n\t\t\t\t\t<\/div>\n\t\t<\/section>\n\t\t\t\t<section class=\"elementor-section elementor-top-section elementor-element elementor-element-f70c1bf elementor-section-boxed elementor-section-height-default elementor-section-height-default\" data-id=\"f70c1bf\" data-element_type=\"section\" data-e-type=\"section\">\n\t\t\t\t\t\t<div class=\"elementor-container elementor-column-gap-default\">\n\t\t\t\t\t<div class=\"elementor-column elementor-col-100 elementor-top-column elementor-element elementor-element-5aa9acb\" data-id=\"5aa9acb\" data-element_type=\"column\" data-e-type=\"column\">\n\t\t\t<div class=\"elementor-widget-wrap elementor-element-populated\">\n\t\t\t\t\t\t<div class=\"elementor-element elementor-element-7b68c01 elementor-widget elementor-widget-text-editor\" data-id=\"7b68c01\" data-element_type=\"widget\" data-e-type=\"widget\" data-widget_type=\"text-editor.default\">\n\t\t\t\t<div class=\"elementor-widget-container\">\n\t\t\t\t\t\t\t\t\t<h4 data-start=\"652\" data-end=\"710\"><strong>\u00bfCu\u00e1ndo y d\u00f3nde se celebran los Premios Juventud 2025?<\/strong><\/h4><p data-start=\"712\" data-end=\"1177\">La cita ser\u00e1 el pr\u00f3ximo <strong data-start=\"736\" data-end=\"766\">mi\u00e9rcoles 25 de septiembre<\/strong>. La ceremonia se transmitir\u00e1 en vivo desde Panam\u00e1 a trav\u00e9s de Univision, UNIM\u00c1S, Galavisi\u00f3n y ViX. El pre-show especial \u00abNoche de Estrellas\u00bb comenzar\u00e1 a la 01:00 (hora espa\u00f1ola) y la gala principal arrancar\u00e1 a las 02:00 de la madrugada. Esta edici\u00f3n promete ser una gran fiesta de la m\u00fasica latina, con actuaciones, premiaciones y momentos especiales desde uno de los escenarios m\u00e1s importantes del continente.<\/p><h4 data-start=\"1184\" data-end=\"1219\"><strong>\u00bfQui\u00e9n lidera las nominaciones?<\/strong><\/h4><p data-start=\"1221\" data-end=\"1537\">Bad Bunny y Danny Ocean encabezan la lista con seis nominaciones cada uno, consolidando su lugar como figuras clave en la industria musical actual. En total, Premios Juventud 2025 contar\u00e1 con 231 nominados en 41 categor\u00edas, ampliando su alcance y diversidad para reconocer a una nueva generaci\u00f3n de artistas latinos.<\/p><article class=\"text-token-text-primary w-full focus:outline-none scroll-mt-[calc(var(--header-height)+min(200px,max(70px,20svh)))]\" dir=\"auto\" tabindex=\"-1\" data-turn-id=\"request-67bda0f6-0a24-8013-8678-0b50bbea9036-13\" data-testid=\"conversation-turn-246\" data-scroll-anchor=\"true\" data-turn=\"assistant\"><div class=\"text-base my-auto mx-auto pb-10 [--thread-content-margin:--spacing(4)] @[37rem]:[--thread-content-margin:--spacing(6)] @[72rem]:[--thread-content-margin:--spacing(16)] px-(--thread-content-margin)\"><div class=\"[--thread-content-max-width:32rem] @[34rem]:[--thread-content-max-width:40rem] @[64rem]:[--thread-content-max-width:48rem] mx-auto max-w-(--thread-content-max-width) flex-1 group\/turn-messages focus-visible:outline-hidden relative flex w-full min-w-0 flex-col agent-turn\" tabindex=\"-1\"><div class=\"flex max-w-full flex-col grow\"><div class=\"min-h-8 text-message relative flex w-full flex-col items-end gap-2 text-start break-words whitespace-normal [.text-message+&amp;]:mt-5\" dir=\"auto\" data-message-author-role=\"assistant\" data-message-id=\"271fda0e-ceb3-42d5-a22a-c59065300541\" data-message-model-slug=\"gpt-4o\"><div class=\"flex w-full flex-col gap-1 empty:hidden first:pt-[3px]\"><div class=\"markdown prose dark:prose-invert w-full break-words light markdown-new-styling\"><p data-start=\"2144\" data-end=\"2338\" data-is-last-node=\"\" data-is-only-node=\"\">Con un cartel de nominados de lujo y la participaci\u00f3n activa del p\u00fablico, Premios Juventud 2025 se prepara para ser una celebraci\u00f3n inolvidable de la m\u00fasica latina y su creciente impacto global.<\/p><\/div><\/div><\/div><\/div><\/div><\/div><\/article>\t\t\t\t\t\t\t\t<\/div>\n\t\t\t\t<\/div>\n\t\t\t\t\t<\/div>\n\t\t<\/div>\n\t\t\t\t\t<\/div>\n\t\t<\/section>\n\t\t\t\t<\/div>\n\t\t","protected":false},"excerpt":{"rendered":"<p>Los Premios Juventud 2025 se celebrar\u00e1n el 25 de septiembre en Panam\u00e1 con m\u00e1s de 200 nominados en 41 categor\u00edas Los Premios Juventud 2025 ya han desvelado la lista completa de nominados y todo apunta a que esta edici\u00f3n ser\u00e1 una de las m\u00e1s memorables. Por primera vez en su historia, la ceremonia se celebrar\u00e1 [&hellip;]<\/p>\n","protected":false},"author":1,"featured_media":5483,"comment_status":"closed","ping_status":"closed","sticky":false,"template":"","format":"standard","meta":{"footnotes":""},"categories":[4],"tags":[],"class_list":["post-5478","post","type-post","status-publish","format-standard","has-post-thumbnail","hentry","category-musica"],"yoast_head":"<!-- This site is optimized with the Yoast SEO plugin v27.4 - https:\/\/yoast.com\/product\/yoast-seo-wordpress\/ -->\n<title>Premios Juventud 2025: Bad Bunny y Karol G lideran las nominaciones<\/title>\n<meta name=\"description\" content=\"Los Premios Juventud 2025 se celebrar\u00e1n el 25 de septiembre en Panam\u00e1 con m\u00e1s de 200 nominados en 41 categor\u00edas\" \/>\n<meta name=\"robots\" content=\"index, follow, max-snippet:-1, max-image-preview:large, max-video-preview:-1\" \/>\n<link rel=\"canonical\" href=\"https:\/\/unaymilletras.com\/en\/premios-juventud-2025-bad-bunny-y-karol-g-lideran-las-nominaciones\/\" \/>\n<meta property=\"og:locale\" content=\"en_GB\" \/>\n<meta property=\"og:type\" content=\"article\" \/>\n<meta property=\"og:title\" content=\"Premios Juventud 2025: Bad Bunny y Karol G lideran las nominaciones\" \/>\n<meta property=\"og:description\" content=\"Los Premios Juventud 2025 se celebrar\u00e1n el 25 de septiembre en Panam\u00e1 con m\u00e1s de 200 nominados en 41 categor\u00edas\" \/>\n<meta property=\"og:url\" content=\"https:\/\/unaymilletras.com\/en\/premios-juventud-2025-bad-bunny-y-karol-g-lideran-las-nominaciones\/\" \/>\n<meta property=\"og:site_name\" content=\"Una y Mil Letras\" \/>\n<meta property=\"article:published_time\" content=\"2025-08-20T11:22:11+00:00\" \/>\n<meta property=\"article:modified_time\" content=\"2025-08-20T11:26:05+00:00\" \/>\n<meta property=\"og:image\" content=\"http:\/\/unaymilletras.com\/wp-content\/uploads\/2025\/08\/bad-bunny-y-danny-ocean-los-arti.jpg\" \/>\n\t<meta property=\"og:image:width\" content=\"768\" \/>\n\t<meta property=\"og:image:height\" content=\"432\" \/>\n\t<meta property=\"og:image:type\" content=\"image\/jpeg\" \/>\n<meta name=\"author\" content=\"Maria Gil Robledo\" \/>\n<meta name=\"twitter:card\" content=\"summary_large_image\" \/>\n<meta name=\"twitter:creator\" content=\"@UnaYMilLetras\" \/>\n<meta name=\"twitter:site\" content=\"@UnaYMilLetras\" \/>\n<meta name=\"twitter:label1\" content=\"Written by\" \/>\n\t<meta name=\"twitter:data1\" content=\"Maria Gil Robledo\" \/>\n\t<meta name=\"twitter:label2\" content=\"Estimated reading time\" \/>\n\t<meta name=\"twitter:data2\" content=\"9 minutes\" \/>\n<script type=\"application\/ld+json\" class=\"yoast-schema-graph\">{\"@context\":\"https:\\\/\\\/schema.org\",\"@graph\":[{\"@type\":\"Article\",\"@id\":\"https:\\\/\\\/unaymilletras.com\\\/premios-juventud-2025-bad-bunny-y-karol-g-lideran-las-nominaciones\\\/#article\",\"isPartOf\":{\"@id\":\"https:\\\/\\\/unaymilletras.com\\\/premios-juventud-2025-bad-bunny-y-karol-g-lideran-las-nominaciones\\\/\"},\"author\":{\"name\":\"Maria Gil Robledo\",\"@id\":\"http:\\\/\\\/unaymilletras.com\\\/#\\\/schema\\\/person\\\/d55ba681b8a4e463d8982dbe36a5dc94\"},\"headline\":\"Premios Juventud 2025: Bad Bunny y Karol G lideran las nominaciones\",\"datePublished\":\"2025-08-20T11:22:11+00:00\",\"dateModified\":\"2025-08-20T11:26:05+00:00\",\"mainEntityOfPage\":{\"@id\":\"https:\\\/\\\/unaymilletras.com\\\/premios-juventud-2025-bad-bunny-y-karol-g-lideran-las-nominaciones\\\/\"},\"wordCount\":2182,\"publisher\":{\"@id\":\"http:\\\/\\\/unaymilletras.com\\\/#organization\"},\"image\":{\"@id\":\"https:\\\/\\\/unaymilletras.com\\\/premios-juventud-2025-bad-bunny-y-karol-g-lideran-las-nominaciones\\\/#primaryimage\"},\"thumbnailUrl\":\"https:\\\/\\\/unaymilletras.com\\\/wp-content\\\/uploads\\\/2025\\\/08\\\/bad-bunny-y-danny-ocean-los-arti.jpg\",\"articleSection\":[\"M\u00fasica\"],\"inLanguage\":\"en-GB\"},{\"@type\":\"WebPage\",\"@id\":\"https:\\\/\\\/unaymilletras.com\\\/premios-juventud-2025-bad-bunny-y-karol-g-lideran-las-nominaciones\\\/\",\"url\":\"https:\\\/\\\/unaymilletras.com\\\/premios-juventud-2025-bad-bunny-y-karol-g-lideran-las-nominaciones\\\/\",\"name\":\"Premios Juventud 2025: Bad Bunny y Karol G lideran las nominaciones\",\"isPartOf\":{\"@id\":\"http:\\\/\\\/unaymilletras.com\\\/#website\"},\"primaryImageOfPage\":{\"@id\":\"https:\\\/\\\/unaymilletras.com\\\/premios-juventud-2025-bad-bunny-y-karol-g-lideran-las-nominaciones\\\/#primaryimage\"},\"image\":{\"@id\":\"https:\\\/\\\/unaymilletras.com\\\/premios-juventud-2025-bad-bunny-y-karol-g-lideran-las-nominaciones\\\/#primaryimage\"},\"thumbnailUrl\":\"https:\\\/\\\/unaymilletras.com\\\/wp-content\\\/uploads\\\/2025\\\/08\\\/bad-bunny-y-danny-ocean-los-arti.jpg\",\"datePublished\":\"2025-08-20T11:22:11+00:00\",\"dateModified\":\"2025-08-20T11:26:05+00:00\",\"description\":\"Los Premios Juventud 2025 se celebrar\u00e1n el 25 de septiembre en Panam\u00e1 con m\u00e1s de 200 nominados en 41 categor\u00edas\",\"breadcrumb\":{\"@id\":\"https:\\\/\\\/unaymilletras.com\\\/premios-juventud-2025-bad-bunny-y-karol-g-lideran-las-nominaciones\\\/#breadcrumb\"},\"inLanguage\":\"en-GB\",\"potentialAction\":[{\"@type\":\"ReadAction\",\"target\":[\"https:\\\/\\\/unaymilletras.com\\\/premios-juventud-2025-bad-bunny-y-karol-g-lideran-las-nominaciones\\\/\"]}]},{\"@type\":\"ImageObject\",\"inLanguage\":\"en-GB\",\"@id\":\"https:\\\/\\\/unaymilletras.com\\\/premios-juventud-2025-bad-bunny-y-karol-g-lideran-las-nominaciones\\\/#primaryimage\",\"url\":\"https:\\\/\\\/unaymilletras.com\\\/wp-content\\\/uploads\\\/2025\\\/08\\\/bad-bunny-y-danny-ocean-los-arti.jpg\",\"contentUrl\":\"https:\\\/\\\/unaymilletras.com\\\/wp-content\\\/uploads\\\/2025\\\/08\\\/bad-bunny-y-danny-ocean-los-arti.jpg\",\"width\":768,\"height\":432,\"caption\":\"Premios Juventud 2025\"},{\"@type\":\"BreadcrumbList\",\"@id\":\"https:\\\/\\\/unaymilletras.com\\\/premios-juventud-2025-bad-bunny-y-karol-g-lideran-las-nominaciones\\\/#breadcrumb\",\"itemListElement\":[{\"@type\":\"ListItem\",\"position\":1,\"name\":\"Home\",\"item\":\"http:\\\/\\\/unaymilletras.com\\\/\"},{\"@type\":\"ListItem\",\"position\":2,\"name\":\"Premios Juventud 2025: Bad Bunny y Karol G lideran las nominaciones\"}]},{\"@type\":\"WebSite\",\"@id\":\"http:\\\/\\\/unaymilletras.com\\\/#website\",\"url\":\"http:\\\/\\\/unaymilletras.com\\\/\",\"name\":\"Una y Mil Letras\",\"description\":\"\",\"publisher\":{\"@id\":\"http:\\\/\\\/unaymilletras.com\\\/#organization\"},\"potentialAction\":[{\"@type\":\"SearchAction\",\"target\":{\"@type\":\"EntryPoint\",\"urlTemplate\":\"http:\\\/\\\/unaymilletras.com\\\/?s={search_term_string}\"},\"query-input\":{\"@type\":\"PropertyValueSpecification\",\"valueRequired\":true,\"valueName\":\"search_term_string\"}}],\"inLanguage\":\"en-GB\"},{\"@type\":\"Organization\",\"@id\":\"http:\\\/\\\/unaymilletras.com\\\/#organization\",\"name\":\"Una y Mil Letras\",\"url\":\"http:\\\/\\\/unaymilletras.com\\\/\",\"logo\":{\"@type\":\"ImageObject\",\"inLanguage\":\"en-GB\",\"@id\":\"http:\\\/\\\/unaymilletras.com\\\/#\\\/schema\\\/logo\\\/image\\\/\",\"url\":\"https:\\\/\\\/unaymilletras.com\\\/wp-content\\\/uploads\\\/2024\\\/06\\\/cropped-Logo-removebg-preview.png\",\"contentUrl\":\"https:\\\/\\\/unaymilletras.com\\\/wp-content\\\/uploads\\\/2024\\\/06\\\/cropped-Logo-removebg-preview.png\",\"width\":512,\"height\":512,\"caption\":\"Una y Mil Letras\"},\"image\":{\"@id\":\"http:\\\/\\\/unaymilletras.com\\\/#\\\/schema\\\/logo\\\/image\\\/\"},\"sameAs\":[\"https:\\\/\\\/x.com\\\/UnaYMilLetras\",\"https:\\\/\\\/instagram.com\\\/UnaYMilLetras\"]},{\"@type\":\"Person\",\"@id\":\"http:\\\/\\\/unaymilletras.com\\\/#\\\/schema\\\/person\\\/d55ba681b8a4e463d8982dbe36a5dc94\",\"name\":\"Maria Gil Robledo\",\"image\":{\"@type\":\"ImageObject\",\"inLanguage\":\"en-GB\",\"@id\":\"https:\\\/\\\/secure.gravatar.com\\\/avatar\\\/4b8e5102e0015789407eb4870b12f0f2857952d83ca124058f92b764bd1840c3?s=96&d=mm&r=g\",\"url\":\"https:\\\/\\\/secure.gravatar.com\\\/avatar\\\/4b8e5102e0015789407eb4870b12f0f2857952d83ca124058f92b764bd1840c3?s=96&d=mm&r=g\",\"contentUrl\":\"https:\\\/\\\/secure.gravatar.com\\\/avatar\\\/4b8e5102e0015789407eb4870b12f0f2857952d83ca124058f92b764bd1840c3?s=96&d=mm&r=g\",\"caption\":\"Maria Gil Robledo\"},\"sameAs\":[\"http:\\\/\\\/unaymilletras.com\"],\"url\":\"https:\\\/\\\/unaymilletras.com\\\/en\\\/author\\\/mariiagiil02_\\\/\"}]}<\/script>\n<!-- \/ Yoast SEO plugin. -->","yoast_head_json":{"title":"Premios Juventud 2025: Bad Bunny y Karol G lideran las nominaciones","description":"Los Premios Juventud 2025 se celebrar\u00e1n el 25 de septiembre en Panam\u00e1 con m\u00e1s de 200 nominados en 41 categor\u00edas","robots":{"index":"index","follow":"follow","max-snippet":"max-snippet:-1","max-image-preview":"max-image-preview:large","max-video-preview":"max-video-preview:-1"},"canonical":"https:\/\/unaymilletras.com\/en\/premios-juventud-2025-bad-bunny-y-karol-g-lideran-las-nominaciones\/","og_locale":"en_GB","og_type":"article","og_title":"Premios Juventud 2025: Bad Bunny y Karol G lideran las nominaciones","og_description":"Los Premios Juventud 2025 se celebrar\u00e1n el 25 de septiembre en Panam\u00e1 con m\u00e1s de 200 nominados en 41 categor\u00edas","og_url":"https:\/\/unaymilletras.com\/en\/premios-juventud-2025-bad-bunny-y-karol-g-lideran-las-nominaciones\/","og_site_name":"Una y Mil Letras","article_published_time":"2025-08-20T11:22:11+00:00","article_modified_time":"2025-08-20T11:26:05+00:00","og_image":[{"width":768,"height":432,"url":"http:\/\/unaymilletras.com\/wp-content\/uploads\/2025\/08\/bad-bunny-y-danny-ocean-los-arti.jpg","type":"image\/jpeg"}],"author":"Maria Gil Robledo","twitter_card":"summary_large_image","twitter_creator":"@UnaYMilLetras","twitter_site":"@UnaYMilLetras","twitter_misc":{"Written by":"Maria Gil Robledo","Estimated reading time":"9 minutes"},"schema":{"@context":"https:\/\/schema.org","@graph":[{"@type":"Article","@id":"https:\/\/unaymilletras.com\/premios-juventud-2025-bad-bunny-y-karol-g-lideran-las-nominaciones\/#article","isPartOf":{"@id":"https:\/\/unaymilletras.com\/premios-juventud-2025-bad-bunny-y-karol-g-lideran-las-nominaciones\/"},"author":{"name":"Maria Gil Robledo","@id":"http:\/\/unaymilletras.com\/#\/schema\/person\/d55ba681b8a4e463d8982dbe36a5dc94"},"headline":"Premios Juventud 2025: Bad Bunny y Karol G lideran las nominaciones","datePublished":"2025-08-20T11:22:11+00:00","dateModified":"2025-08-20T11:26:05+00:00","mainEntityOfPage":{"@id":"https:\/\/unaymilletras.com\/premios-juventud-2025-bad-bunny-y-karol-g-lideran-las-nominaciones\/"},"wordCount":2182,"publisher":{"@id":"http:\/\/unaymilletras.com\/#organization"},"image":{"@id":"https:\/\/unaymilletras.com\/premios-juventud-2025-bad-bunny-y-karol-g-lideran-las-nominaciones\/#primaryimage"},"thumbnailUrl":"https:\/\/unaymilletras.com\/wp-content\/uploads\/2025\/08\/bad-bunny-y-danny-ocean-los-arti.jpg","articleSection":["M\u00fasica"],"inLanguage":"en-GB"},{"@type":"WebPage","@id":"https:\/\/unaymilletras.com\/premios-juventud-2025-bad-bunny-y-karol-g-lideran-las-nominaciones\/","url":"https:\/\/unaymilletras.com\/premios-juventud-2025-bad-bunny-y-karol-g-lideran-las-nominaciones\/","name":"Premios Juventud 2025: Bad Bunny y Karol G lideran las nominaciones","isPartOf":{"@id":"http:\/\/unaymilletras.com\/#website"},"primaryImageOfPage":{"@id":"https:\/\/unaymilletras.com\/premios-juventud-2025-bad-bunny-y-karol-g-lideran-las-nominaciones\/#primaryimage"},"image":{"@id":"https:\/\/unaymilletras.com\/premios-juventud-2025-bad-bunny-y-karol-g-lideran-las-nominaciones\/#primaryimage"},"thumbnailUrl":"https:\/\/unaymilletras.com\/wp-content\/uploads\/2025\/08\/bad-bunny-y-danny-ocean-los-arti.jpg","datePublished":"2025-08-20T11:22:11+00:00","dateModified":"2025-08-20T11:26:05+00:00","description":"Los Premios Juventud 2025 se celebrar\u00e1n el 25 de septiembre en Panam\u00e1 con m\u00e1s de 200 nominados en 41 categor\u00edas","breadcrumb":{"@id":"https:\/\/unaymilletras.com\/premios-juventud-2025-bad-bunny-y-karol-g-lideran-las-nominaciones\/#breadcrumb"},"inLanguage":"en-GB","potentialAction":[{"@type":"ReadAction","target":["https:\/\/unaymilletras.com\/premios-juventud-2025-bad-bunny-y-karol-g-lideran-las-nominaciones\/"]}]},{"@type":"ImageObject","inLanguage":"en-GB","@id":"https:\/\/unaymilletras.com\/premios-juventud-2025-bad-bunny-y-karol-g-lideran-las-nominaciones\/#primaryimage","url":"https:\/\/unaymilletras.com\/wp-content\/uploads\/2025\/08\/bad-bunny-y-danny-ocean-los-arti.jpg","contentUrl":"https:\/\/unaymilletras.com\/wp-content\/uploads\/2025\/08\/bad-bunny-y-danny-ocean-los-arti.jpg","width":768,"height":432,"caption":"Premios Juventud 2025"},{"@type":"BreadcrumbList","@id":"https:\/\/unaymilletras.com\/premios-juventud-2025-bad-bunny-y-karol-g-lideran-las-nominaciones\/#breadcrumb","itemListElement":[{"@type":"ListItem","position":1,"name":"Home","item":"http:\/\/unaymilletras.com\/"},{"@type":"ListItem","position":2,"name":"Premios Juventud 2025: Bad Bunny y Karol G lideran las nominaciones"}]},{"@type":"WebSite","@id":"http:\/\/unaymilletras.com\/#website","url":"http:\/\/unaymilletras.com\/","name":"Una y Mil Letras","description":"","publisher":{"@id":"http:\/\/unaymilletras.com\/#organization"},"potentialAction":[{"@type":"SearchAction","target":{"@type":"EntryPoint","urlTemplate":"http:\/\/unaymilletras.com\/?s={search_term_string}"},"query-input":{"@type":"PropertyValueSpecification","valueRequired":true,"valueName":"search_term_string"}}],"inLanguage":"en-GB"},{"@type":"Organization","@id":"http:\/\/unaymilletras.com\/#organization","name":"Una y Mil Letras","url":"http:\/\/unaymilletras.com\/","logo":{"@type":"ImageObject","inLanguage":"en-GB","@id":"http:\/\/unaymilletras.com\/#\/schema\/logo\/image\/","url":"https:\/\/unaymilletras.com\/wp-content\/uploads\/2024\/06\/cropped-Logo-removebg-preview.png","contentUrl":"https:\/\/unaymilletras.com\/wp-content\/uploads\/2024\/06\/cropped-Logo-removebg-preview.png","width":512,"height":512,"caption":"Una y Mil Letras"},"image":{"@id":"http:\/\/unaymilletras.com\/#\/schema\/logo\/image\/"},"sameAs":["https:\/\/x.com\/UnaYMilLetras","https:\/\/instagram.com\/UnaYMilLetras"]},{"@type":"Person","@id":"http:\/\/unaymilletras.com\/#\/schema\/person\/d55ba681b8a4e463d8982dbe36a5dc94","name":"Maria Gil Robledo","image":{"@type":"ImageObject","inLanguage":"en-GB","@id":"https:\/\/secure.gravatar.com\/avatar\/4b8e5102e0015789407eb4870b12f0f2857952d83ca124058f92b764bd1840c3?s=96&d=mm&r=g","url":"https:\/\/secure.gravatar.com\/avatar\/4b8e5102e0015789407eb4870b12f0f2857952d83ca124058f92b764bd1840c3?s=96&d=mm&r=g","contentUrl":"https:\/\/secure.gravatar.com\/avatar\/4b8e5102e0015789407eb4870b12f0f2857952d83ca124058f92b764bd1840c3?s=96&d=mm&r=g","caption":"Maria Gil Robledo"},"sameAs":["http:\/\/unaymilletras.com"],"url":"https:\/\/unaymilletras.com\/en\/author\/mariiagiil02_\/"}]}},"_links":{"self":[{"href":"https:\/\/unaymilletras.com\/en\/wp-json\/wp\/v2\/posts\/5478","targetHints":{"allow":["GET"]}}],"collection":[{"href":"https:\/\/unaymilletras.com\/en\/wp-json\/wp\/v2\/posts"}],"about":[{"href":"https:\/\/unaymilletras.com\/en\/wp-json\/wp\/v2\/types\/post"}],"author":[{"embeddable":true,"href":"https:\/\/unaymilletras.com\/en\/wp-json\/wp\/v2\/users\/1"}],"replies":[{"embeddable":true,"href":"https:\/\/unaymilletras.com\/en\/wp-json\/wp\/v2\/comments?post=5478"}],"version-history":[{"count":10,"href":"https:\/\/unaymilletras.com\/en\/wp-json\/wp\/v2\/posts\/5478\/revisions"}],"predecessor-version":[{"id":5489,"href":"https:\/\/unaymilletras.com\/en\/wp-json\/wp\/v2\/posts\/5478\/revisions\/5489"}],"wp:featuredmedia":[{"embeddable":true,"href":"https:\/\/unaymilletras.com\/en\/wp-json\/wp\/v2\/media\/5483"}],"wp:attachment":[{"href":"https:\/\/unaymilletras.com\/en\/wp-json\/wp\/v2\/media?parent=5478"}],"wp:term":[{"taxonomy":"category","embeddable":true,"href":"https:\/\/unaymilletras.com\/en\/wp-json\/wp\/v2\/categories?post=5478"},{"taxonomy":"post_tag","embeddable":true,"href":"https:\/\/unaymilletras.com\/en\/wp-json\/wp\/v2\/tags?post=5478"}],"curies":[{"name":"wp","href":"https:\/\/api.w.org\/{rel}","templated":true}]}}