{"id":5490,"date":"2025-08-24T21:57:42","date_gmt":"2025-08-24T19:57:42","guid":{"rendered":"https:\/\/unaymilletras.com\/?p=5490"},"modified":"2025-08-24T21:59:06","modified_gmt":"2025-08-24T19:59:06","slug":"culpa-nuestra-llega-a-su-fin-estreno-el-16-de-octubre","status":"publish","type":"post","link":"https:\/\/unaymilletras.com\/en\/culpa-nuestra-llega-a-su-fin-estreno-el-16-de-octubre\/","title":{"rendered":"Culpa Nuestra llega a su fin: estreno el 16 de octubre"},"content":{"rendered":"<div data-elementor-type=\"wp-post\" data-elementor-id=\"5490\" class=\"elementor elementor-5490\">\n\t\t\t\t\t\t<section class=\"elementor-section elementor-top-section elementor-element elementor-element-7867d91 elementor-section-boxed elementor-section-height-default elementor-section-height-default\" data-id=\"7867d91\" data-element_type=\"section\" data-e-type=\"section\">\n\t\t\t\t\t\t<div class=\"elementor-container elementor-column-gap-default\">\n\t\t\t\t\t<div class=\"elementor-column elementor-col-100 elementor-top-column elementor-element elementor-element-b79973a\" data-id=\"b79973a\" data-element_type=\"column\" data-e-type=\"column\">\n\t\t\t<div class=\"elementor-widget-wrap elementor-element-populated\">\n\t\t\t\t\t\t<div class=\"elementor-element elementor-element-d190ebf elementor-widget elementor-widget-text-editor\" data-id=\"d190ebf\" data-element_type=\"widget\" data-e-type=\"widget\" data-widget_type=\"text-editor.default\">\n\t\t\t\t<div class=\"elementor-widget-container\">\n\t\t\t\t\t\t\t\t\t<h2 style=\"text-align: center;\"><span style=\"color: #808080;\"><em>Nicole Wallace y Gabriel Guevara vuelven a meterse en la piel de Noah y Nick en Culpa Nuestra, la entrega final de la saga Culpables<\/em><\/span><\/h2>\t\t\t\t\t\t\t\t<\/div>\n\t\t\t\t<\/div>\n\t\t\t\t\t<\/div>\n\t\t<\/div>\n\t\t\t\t\t<\/div>\n\t\t<\/section>\n\t\t\t\t<section class=\"elementor-section elementor-top-section elementor-element elementor-element-d5cea92 elementor-section-boxed elementor-section-height-default elementor-section-height-default\" data-id=\"d5cea92\" data-element_type=\"section\" data-e-type=\"section\">\n\t\t\t\t\t\t<div class=\"elementor-container elementor-column-gap-default\">\n\t\t\t\t\t<div class=\"elementor-column elementor-col-100 elementor-top-column elementor-element elementor-element-6cbdf0b\" data-id=\"6cbdf0b\" data-element_type=\"column\" data-e-type=\"column\">\n\t\t\t<div class=\"elementor-widget-wrap elementor-element-populated\">\n\t\t\t\t\t\t<div class=\"elementor-element elementor-element-7c870a3 elementor-widget elementor-widget-text-editor\" data-id=\"7c870a3\" data-element_type=\"widget\" data-e-type=\"widget\" data-widget_type=\"text-editor.default\">\n\t\t\t\t<div class=\"elementor-widget-container\">\n\t\t\t\t\t\t\t\t\t<p data-start=\"332\" data-end=\"623\">Despu\u00e9s del fen\u00f3meno internacional de <em data-start=\"370\" data-end=\"381\">Culpa m\u00eda<\/em> y <em data-start=\"384\" data-end=\"396\">Culpa tuya<\/em>, Prime Video estrena el esperado desenlace de la trilog\u00eda basada en los libros de Mercedes Ron. <b><em data-start=\"493\" data-end=\"508\">Culpa Nuestra<\/em> llegar\u00e1 en exclusiva a la plataforma el pr\u00f3ximo <\/b><strong data-start=\"557\" data-end=\"574\">16 de octubre<\/strong>, disponible en m\u00e1s de 240 pa\u00edses y territorios.<\/p><p data-start=\"625\" data-end=\"980\">La historia nos lleva a un reencuentro cargado de tensi\u00f3n y emociones entre Noah y Nick. Sus vidas han tomado caminos distintos, pero el destino vuelve a unirlos. La boda de Jenna y Lion sirve como punto de partida para revivir lo que un d\u00eda fue y enfrentar todo lo que a\u00fan queda por sanar. \u00bfPuede el amor sobrevivir al orgullo y a las heridas del pasado?<\/p>\t\t\t\t\t\t\t\t<\/div>\n\t\t\t\t<\/div>\n\t\t\t\t\t<\/div>\n\t\t<\/div>\n\t\t\t\t\t<\/div>\n\t\t<\/section>\n\t\t\t\t<section class=\"elementor-section elementor-top-section elementor-element elementor-element-7b16cf7 elementor-section-boxed elementor-section-height-default elementor-section-height-default\" data-id=\"7b16cf7\" data-element_type=\"section\" data-e-type=\"section\">\n\t\t\t\t\t\t<div class=\"elementor-container elementor-column-gap-default\">\n\t\t\t\t\t<div class=\"elementor-column elementor-col-100 elementor-top-column elementor-element elementor-element-9a06c55\" data-id=\"9a06c55\" data-element_type=\"column\" data-e-type=\"column\">\n\t\t\t<div class=\"elementor-widget-wrap elementor-element-populated\">\n\t\t\t\t\t\t<div class=\"elementor-element elementor-element-c728651 elementor-widget elementor-widget-image\" data-id=\"c728651\" data-element_type=\"widget\" data-e-type=\"widget\" data-widget_type=\"image.default\">\n\t\t\t\t<div class=\"elementor-widget-container\">\n\t\t\t\t\t\t\t\t\t\t\t\t\t\t\t<img fetchpriority=\"high\" decoding=\"async\" width=\"640\" height=\"360\" src=\"https:\/\/unaymilletras.com\/wp-content\/uploads\/2025\/08\/DIA17_231010_CUNU_7883_1125-1024x576.jpg\" class=\"attachment-large size-large wp-image-5495\" alt=\"Culpa Nuestra\" srcset=\"https:\/\/unaymilletras.com\/wp-content\/uploads\/2025\/08\/DIA17_231010_CUNU_7883_1125-1024x576.jpg 1024w, https:\/\/unaymilletras.com\/wp-content\/uploads\/2025\/08\/DIA17_231010_CUNU_7883_1125-300x169.jpg 300w, https:\/\/unaymilletras.com\/wp-content\/uploads\/2025\/08\/DIA17_231010_CUNU_7883_1125-768x432.jpg 768w, https:\/\/unaymilletras.com\/wp-content\/uploads\/2025\/08\/DIA17_231010_CUNU_7883_1125-1536x864.jpg 1536w, https:\/\/unaymilletras.com\/wp-content\/uploads\/2025\/08\/DIA17_231010_CUNU_7883_1125-18x10.jpg 18w, https:\/\/unaymilletras.com\/wp-content\/uploads\/2025\/08\/DIA17_231010_CUNU_7883_1125-1280x720.jpg 1280w, https:\/\/unaymilletras.com\/wp-content\/uploads\/2025\/08\/DIA17_231010_CUNU_7883_1125-e1756065483349.jpg 600w\" sizes=\"(max-width: 640px) 100vw, 640px\" \/>\t\t\t\t\t\t\t\t\t\t\t\t\t\t\t<\/div>\n\t\t\t\t<\/div>\n\t\t\t\t\t<\/div>\n\t\t<\/div>\n\t\t\t\t\t<\/div>\n\t\t<\/section>\n\t\t\t\t<section class=\"elementor-section elementor-top-section elementor-element elementor-element-19848ba elementor-section-boxed elementor-section-height-default elementor-section-height-default\" data-id=\"19848ba\" data-element_type=\"section\" data-e-type=\"section\">\n\t\t\t\t\t\t<div class=\"elementor-container elementor-column-gap-default\">\n\t\t\t\t\t<div class=\"elementor-column elementor-col-100 elementor-top-column elementor-element elementor-element-2cd6b78\" data-id=\"2cd6b78\" data-element_type=\"column\" data-e-type=\"column\">\n\t\t\t<div class=\"elementor-widget-wrap elementor-element-populated\">\n\t\t\t\t\t\t<div class=\"elementor-element elementor-element-f59b6d1 elementor-widget elementor-widget-text-editor\" data-id=\"f59b6d1\" data-element_type=\"widget\" data-e-type=\"widget\" data-widget_type=\"text-editor.default\">\n\t\t\t\t<div class=\"elementor-widget-container\">\n\t\t\t\t\t\t\t\t\t<p data-start=\"982\" data-end=\"1355\">Nicole Wallace y Gabriel Guevara interpretan por \u00faltima vez a los protagonistas de esta historia que ha conquistado a millones de espectadores en todo el mundo. El reparto tambi\u00e9n incluye a Marta Hazas, Iv\u00e1n S\u00e1nchez, Victor Varona, Eva Ruiz, Goya Toledo, Gabriela Andrada, \u00c1lex B\u00e9jar, Javier Morgade, Felipe Londo\u00f1o y Fran Morcillo, que se suma como nuevo personaje: Simon.<\/p><p data-start=\"982\" data-end=\"1355\">Con <em data-start=\"1576\" data-end=\"1591\">Culpa Nuestra<\/em>, Prime Video cierra una saga que ha marcado a toda una generaci\u00f3n. El \u00faltimo cap\u00edtulo de Nick y Noah promete emociones fuertes y un final inolvidable para los fans de <em data-start=\"1759\" data-end=\"1770\">Culpables<\/em>.<\/p>\t\t\t\t\t\t\t\t<\/div>\n\t\t\t\t<\/div>\n\t\t\t\t\t<\/div>\n\t\t<\/div>\n\t\t\t\t\t<\/div>\n\t\t<\/section>\n\t\t\t\t<\/div>","protected":false},"excerpt":{"rendered":"<p>Nicole Wallace y Gabriel Guevara vuelven a meterse en la piel de Noah y Nick en Culpa Nuestra, la entrega final de la saga Culpables Despu\u00e9s del fen\u00f3meno internacional de Culpa m\u00eda y Culpa tuya, Prime Video estrena el esperado desenlace de la trilog\u00eda basada en los libros de Mercedes Ron. Culpa Nuestra llegar\u00e1 en [&hellip;]<\/p>\n","protected":false},"author":6,"featured_media":5495,"comment_status":"closed","ping_status":"closed","sticky":false,"template":"","format":"standard","meta":{"footnotes":""},"categories":[117],"tags":[],"class_list":["post-5490","post","type-post","status-publish","format-standard","has-post-thumbnail","hentry","category-peliculas-y-series"],"yoast_head":"<!-- This site is optimized with the Yoast SEO plugin v27.4 - https:\/\/yoast.com\/product\/yoast-seo-wordpress\/ -->\n<title>Culpa Nuestra llega a su fin: estreno el 16 de octubre<\/title>\n<meta name=\"description\" content=\"Nicole Wallace y Gabriel Guevara vuelven a meterse en la piel de Noah y Nick en Culpa Nuestra, la entrega final de la saga Culpables\" \/>\n<meta name=\"robots\" content=\"index, follow, max-snippet:-1, max-image-preview:large, max-video-preview:-1\" \/>\n<link rel=\"canonical\" href=\"https:\/\/unaymilletras.com\/en\/culpa-nuestra-llega-a-su-fin-estreno-el-16-de-octubre\/\" \/>\n<meta property=\"og:locale\" content=\"en_GB\" \/>\n<meta property=\"og:type\" content=\"article\" \/>\n<meta property=\"og:title\" content=\"Culpa Nuestra llega a su fin: estreno el 16 de octubre\" \/>\n<meta property=\"og:description\" content=\"Nicole Wallace y Gabriel Guevara vuelven a meterse en la piel de Noah y Nick en Culpa Nuestra, la entrega final de la saga Culpables\" \/>\n<meta property=\"og:url\" content=\"https:\/\/unaymilletras.com\/en\/culpa-nuestra-llega-a-su-fin-estreno-el-16-de-octubre\/\" \/>\n<meta property=\"og:site_name\" content=\"Una y Mil Letras\" \/>\n<meta property=\"article:published_time\" content=\"2025-08-24T19:57:42+00:00\" \/>\n<meta property=\"article:modified_time\" content=\"2025-08-24T19:59:06+00:00\" \/>\n<meta property=\"og:image\" content=\"http:\/\/unaymilletras.com\/wp-content\/uploads\/2025\/08\/DIA17_231010_CUNU_7883_1125-e1756065483349.jpg\" \/>\n\t<meta property=\"og:image:width\" content=\"600\" \/>\n\t<meta property=\"og:image:height\" content=\"338\" \/>\n\t<meta property=\"og:image:type\" content=\"image\/jpeg\" \/>\n<meta name=\"author\" content=\"Redacci\u00f3n\" \/>\n<meta name=\"twitter:card\" content=\"summary_large_image\" \/>\n<meta name=\"twitter:creator\" content=\"@UnaYMilLetras\" \/>\n<meta name=\"twitter:site\" content=\"@UnaYMilLetras\" \/>\n<meta name=\"twitter:label1\" content=\"Written by\" \/>\n\t<meta name=\"twitter:data1\" content=\"Redacci\u00f3n\" \/>\n\t<meta name=\"twitter:label2\" content=\"Estimated reading time\" \/>\n\t<meta name=\"twitter:data2\" content=\"2 minutes\" \/>\n<script type=\"application\/ld+json\" class=\"yoast-schema-graph\">{\"@context\":\"https:\\\/\\\/schema.org\",\"@graph\":[{\"@type\":\"Article\",\"@id\":\"https:\\\/\\\/unaymilletras.com\\\/culpa-nuestra-llega-a-su-fin-estreno-el-16-de-octubre\\\/#article\",\"isPartOf\":{\"@id\":\"https:\\\/\\\/unaymilletras.com\\\/culpa-nuestra-llega-a-su-fin-estreno-el-16-de-octubre\\\/\"},\"author\":{\"name\":\"Redacci\u00f3n\",\"@id\":\"http:\\\/\\\/unaymilletras.com\\\/#\\\/schema\\\/person\\\/0860dc8a218329991ee2c7591f4f849d\"},\"headline\":\"Culpa Nuestra llega a su fin: estreno el 16 de octubre\",\"datePublished\":\"2025-08-24T19:57:42+00:00\",\"dateModified\":\"2025-08-24T19:59:06+00:00\",\"mainEntityOfPage\":{\"@id\":\"https:\\\/\\\/unaymilletras.com\\\/culpa-nuestra-llega-a-su-fin-estreno-el-16-de-octubre\\\/\"},\"wordCount\":257,\"publisher\":{\"@id\":\"http:\\\/\\\/unaymilletras.com\\\/#organization\"},\"image\":{\"@id\":\"https:\\\/\\\/unaymilletras.com\\\/culpa-nuestra-llega-a-su-fin-estreno-el-16-de-octubre\\\/#primaryimage\"},\"thumbnailUrl\":\"https:\\\/\\\/unaymilletras.com\\\/wp-content\\\/uploads\\\/2025\\\/08\\\/DIA17_231010_CUNU_7883_1125-e1756065483349.jpg\",\"articleSection\":[\"Pel\u00edculas y Series\"],\"inLanguage\":\"en-GB\"},{\"@type\":\"WebPage\",\"@id\":\"https:\\\/\\\/unaymilletras.com\\\/culpa-nuestra-llega-a-su-fin-estreno-el-16-de-octubre\\\/\",\"url\":\"https:\\\/\\\/unaymilletras.com\\\/culpa-nuestra-llega-a-su-fin-estreno-el-16-de-octubre\\\/\",\"name\":\"Culpa Nuestra llega a su fin: estreno el 16 de octubre\",\"isPartOf\":{\"@id\":\"http:\\\/\\\/unaymilletras.com\\\/#website\"},\"primaryImageOfPage\":{\"@id\":\"https:\\\/\\\/unaymilletras.com\\\/culpa-nuestra-llega-a-su-fin-estreno-el-16-de-octubre\\\/#primaryimage\"},\"image\":{\"@id\":\"https:\\\/\\\/unaymilletras.com\\\/culpa-nuestra-llega-a-su-fin-estreno-el-16-de-octubre\\\/#primaryimage\"},\"thumbnailUrl\":\"https:\\\/\\\/unaymilletras.com\\\/wp-content\\\/uploads\\\/2025\\\/08\\\/DIA17_231010_CUNU_7883_1125-e1756065483349.jpg\",\"datePublished\":\"2025-08-24T19:57:42+00:00\",\"dateModified\":\"2025-08-24T19:59:06+00:00\",\"description\":\"Nicole Wallace y Gabriel Guevara vuelven a meterse en la piel de Noah y Nick en Culpa Nuestra, la entrega final de la saga Culpables\",\"breadcrumb\":{\"@id\":\"https:\\\/\\\/unaymilletras.com\\\/culpa-nuestra-llega-a-su-fin-estreno-el-16-de-octubre\\\/#breadcrumb\"},\"inLanguage\":\"en-GB\",\"potentialAction\":[{\"@type\":\"ReadAction\",\"target\":[\"https:\\\/\\\/unaymilletras.com\\\/culpa-nuestra-llega-a-su-fin-estreno-el-16-de-octubre\\\/\"]}]},{\"@type\":\"ImageObject\",\"inLanguage\":\"en-GB\",\"@id\":\"https:\\\/\\\/unaymilletras.com\\\/culpa-nuestra-llega-a-su-fin-estreno-el-16-de-octubre\\\/#primaryimage\",\"url\":\"https:\\\/\\\/unaymilletras.com\\\/wp-content\\\/uploads\\\/2025\\\/08\\\/DIA17_231010_CUNU_7883_1125-e1756065483349.jpg\",\"contentUrl\":\"https:\\\/\\\/unaymilletras.com\\\/wp-content\\\/uploads\\\/2025\\\/08\\\/DIA17_231010_CUNU_7883_1125-e1756065483349.jpg\",\"width\":600,\"height\":338,\"caption\":\"Culpa Nuestra\"},{\"@type\":\"BreadcrumbList\",\"@id\":\"https:\\\/\\\/unaymilletras.com\\\/culpa-nuestra-llega-a-su-fin-estreno-el-16-de-octubre\\\/#breadcrumb\",\"itemListElement\":[{\"@type\":\"ListItem\",\"position\":1,\"name\":\"Home\",\"item\":\"http:\\\/\\\/unaymilletras.com\\\/\"},{\"@type\":\"ListItem\",\"position\":2,\"name\":\"Culpa Nuestra llega a su fin: estreno el 16 de octubre\"}]},{\"@type\":\"WebSite\",\"@id\":\"http:\\\/\\\/unaymilletras.com\\\/#website\",\"url\":\"http:\\\/\\\/unaymilletras.com\\\/\",\"name\":\"Una y Mil Letras\",\"description\":\"\",\"publisher\":{\"@id\":\"http:\\\/\\\/unaymilletras.com\\\/#organization\"},\"potentialAction\":[{\"@type\":\"SearchAction\",\"target\":{\"@type\":\"EntryPoint\",\"urlTemplate\":\"http:\\\/\\\/unaymilletras.com\\\/?s={search_term_string}\"},\"query-input\":{\"@type\":\"PropertyValueSpecification\",\"valueRequired\":true,\"valueName\":\"search_term_string\"}}],\"inLanguage\":\"en-GB\"},{\"@type\":\"Organization\",\"@id\":\"http:\\\/\\\/unaymilletras.com\\\/#organization\",\"name\":\"Una y Mil Letras\",\"url\":\"http:\\\/\\\/unaymilletras.com\\\/\",\"logo\":{\"@type\":\"ImageObject\",\"inLanguage\":\"en-GB\",\"@id\":\"http:\\\/\\\/unaymilletras.com\\\/#\\\/schema\\\/logo\\\/image\\\/\",\"url\":\"https:\\\/\\\/unaymilletras.com\\\/wp-content\\\/uploads\\\/2024\\\/06\\\/cropped-Logo-removebg-preview.png\",\"contentUrl\":\"https:\\\/\\\/unaymilletras.com\\\/wp-content\\\/uploads\\\/2024\\\/06\\\/cropped-Logo-removebg-preview.png\",\"width\":512,\"height\":512,\"caption\":\"Una y Mil Letras\"},\"image\":{\"@id\":\"http:\\\/\\\/unaymilletras.com\\\/#\\\/schema\\\/logo\\\/image\\\/\"},\"sameAs\":[\"https:\\\/\\\/x.com\\\/UnaYMilLetras\",\"https:\\\/\\\/instagram.com\\\/UnaYMilLetras\"]},{\"@type\":\"Person\",\"@id\":\"http:\\\/\\\/unaymilletras.com\\\/#\\\/schema\\\/person\\\/0860dc8a218329991ee2c7591f4f849d\",\"name\":\"Redacci\u00f3n\",\"image\":{\"@type\":\"ImageObject\",\"inLanguage\":\"en-GB\",\"@id\":\"https:\\\/\\\/secure.gravatar.com\\\/avatar\\\/d8f55e05a8b6597e45c55a1dcbdbfe44f4a360d88b48e00de5216a79b7732796?s=96&d=mm&r=g\",\"url\":\"https:\\\/\\\/secure.gravatar.com\\\/avatar\\\/d8f55e05a8b6597e45c55a1dcbdbfe44f4a360d88b48e00de5216a79b7732796?s=96&d=mm&r=g\",\"contentUrl\":\"https:\\\/\\\/secure.gravatar.com\\\/avatar\\\/d8f55e05a8b6597e45c55a1dcbdbfe44f4a360d88b48e00de5216a79b7732796?s=96&d=mm&r=g\",\"caption\":\"Redacci\u00f3n\"},\"url\":\"https:\\\/\\\/unaymilletras.com\\\/en\\\/author\\\/redaccion\\\/\"}]}<\/script>\n<!-- \/ Yoast SEO plugin. -->","yoast_head_json":{"title":"Culpa Nuestra llega a su fin: estreno el 16 de octubre","description":"Nicole Wallace y Gabriel Guevara vuelven a meterse en la piel de Noah y Nick en Culpa Nuestra, la entrega final de la saga Culpables","robots":{"index":"index","follow":"follow","max-snippet":"max-snippet:-1","max-image-preview":"max-image-preview:large","max-video-preview":"max-video-preview:-1"},"canonical":"https:\/\/unaymilletras.com\/en\/culpa-nuestra-llega-a-su-fin-estreno-el-16-de-octubre\/","og_locale":"en_GB","og_type":"article","og_title":"Culpa Nuestra llega a su fin: estreno el 16 de octubre","og_description":"Nicole Wallace y Gabriel Guevara vuelven a meterse en la piel de Noah y Nick en Culpa Nuestra, la entrega final de la saga Culpables","og_url":"https:\/\/unaymilletras.com\/en\/culpa-nuestra-llega-a-su-fin-estreno-el-16-de-octubre\/","og_site_name":"Una y Mil Letras","article_published_time":"2025-08-24T19:57:42+00:00","article_modified_time":"2025-08-24T19:59:06+00:00","og_image":[{"width":600,"height":338,"url":"http:\/\/unaymilletras.com\/wp-content\/uploads\/2025\/08\/DIA17_231010_CUNU_7883_1125-e1756065483349.jpg","type":"image\/jpeg"}],"author":"Redacci\u00f3n","twitter_card":"summary_large_image","twitter_creator":"@UnaYMilLetras","twitter_site":"@UnaYMilLetras","twitter_misc":{"Written by":"Redacci\u00f3n","Estimated reading time":"2 minutes"},"schema":{"@context":"https:\/\/schema.org","@graph":[{"@type":"Article","@id":"https:\/\/unaymilletras.com\/culpa-nuestra-llega-a-su-fin-estreno-el-16-de-octubre\/#article","isPartOf":{"@id":"https:\/\/unaymilletras.com\/culpa-nuestra-llega-a-su-fin-estreno-el-16-de-octubre\/"},"author":{"name":"Redacci\u00f3n","@id":"http:\/\/unaymilletras.com\/#\/schema\/person\/0860dc8a218329991ee2c7591f4f849d"},"headline":"Culpa Nuestra llega a su fin: estreno el 16 de octubre","datePublished":"2025-08-24T19:57:42+00:00","dateModified":"2025-08-24T19:59:06+00:00","mainEntityOfPage":{"@id":"https:\/\/unaymilletras.com\/culpa-nuestra-llega-a-su-fin-estreno-el-16-de-octubre\/"},"wordCount":257,"publisher":{"@id":"http:\/\/unaymilletras.com\/#organization"},"image":{"@id":"https:\/\/unaymilletras.com\/culpa-nuestra-llega-a-su-fin-estreno-el-16-de-octubre\/#primaryimage"},"thumbnailUrl":"https:\/\/unaymilletras.com\/wp-content\/uploads\/2025\/08\/DIA17_231010_CUNU_7883_1125-e1756065483349.jpg","articleSection":["Pel\u00edculas y Series"],"inLanguage":"en-GB"},{"@type":"WebPage","@id":"https:\/\/unaymilletras.com\/culpa-nuestra-llega-a-su-fin-estreno-el-16-de-octubre\/","url":"https:\/\/unaymilletras.com\/culpa-nuestra-llega-a-su-fin-estreno-el-16-de-octubre\/","name":"Culpa Nuestra llega a su fin: estreno el 16 de octubre","isPartOf":{"@id":"http:\/\/unaymilletras.com\/#website"},"primaryImageOfPage":{"@id":"https:\/\/unaymilletras.com\/culpa-nuestra-llega-a-su-fin-estreno-el-16-de-octubre\/#primaryimage"},"image":{"@id":"https:\/\/unaymilletras.com\/culpa-nuestra-llega-a-su-fin-estreno-el-16-de-octubre\/#primaryimage"},"thumbnailUrl":"https:\/\/unaymilletras.com\/wp-content\/uploads\/2025\/08\/DIA17_231010_CUNU_7883_1125-e1756065483349.jpg","datePublished":"2025-08-24T19:57:42+00:00","dateModified":"2025-08-24T19:59:06+00:00","description":"Nicole Wallace y Gabriel Guevara vuelven a meterse en la piel de Noah y Nick en Culpa Nuestra, la entrega final de la saga Culpables","breadcrumb":{"@id":"https:\/\/unaymilletras.com\/culpa-nuestra-llega-a-su-fin-estreno-el-16-de-octubre\/#breadcrumb"},"inLanguage":"en-GB","potentialAction":[{"@type":"ReadAction","target":["https:\/\/unaymilletras.com\/culpa-nuestra-llega-a-su-fin-estreno-el-16-de-octubre\/"]}]},{"@type":"ImageObject","inLanguage":"en-GB","@id":"https:\/\/unaymilletras.com\/culpa-nuestra-llega-a-su-fin-estreno-el-16-de-octubre\/#primaryimage","url":"https:\/\/unaymilletras.com\/wp-content\/uploads\/2025\/08\/DIA17_231010_CUNU_7883_1125-e1756065483349.jpg","contentUrl":"https:\/\/unaymilletras.com\/wp-content\/uploads\/2025\/08\/DIA17_231010_CUNU_7883_1125-e1756065483349.jpg","width":600,"height":338,"caption":"Culpa Nuestra"},{"@type":"BreadcrumbList","@id":"https:\/\/unaymilletras.com\/culpa-nuestra-llega-a-su-fin-estreno-el-16-de-octubre\/#breadcrumb","itemListElement":[{"@type":"ListItem","position":1,"name":"Home","item":"http:\/\/unaymilletras.com\/"},{"@type":"ListItem","position":2,"name":"Culpa Nuestra llega a su fin: estreno el 16 de octubre"}]},{"@type":"WebSite","@id":"http:\/\/unaymilletras.com\/#website","url":"http:\/\/unaymilletras.com\/","name":"Una y Mil Letras","description":"","publisher":{"@id":"http:\/\/unaymilletras.com\/#organization"},"potentialAction":[{"@type":"SearchAction","target":{"@type":"EntryPoint","urlTemplate":"http:\/\/unaymilletras.com\/?s={search_term_string}"},"query-input":{"@type":"PropertyValueSpecification","valueRequired":true,"valueName":"search_term_string"}}],"inLanguage":"en-GB"},{"@type":"Organization","@id":"http:\/\/unaymilletras.com\/#organization","name":"Una y Mil Letras","url":"http:\/\/unaymilletras.com\/","logo":{"@type":"ImageObject","inLanguage":"en-GB","@id":"http:\/\/unaymilletras.com\/#\/schema\/logo\/image\/","url":"https:\/\/unaymilletras.com\/wp-content\/uploads\/2024\/06\/cropped-Logo-removebg-preview.png","contentUrl":"https:\/\/unaymilletras.com\/wp-content\/uploads\/2024\/06\/cropped-Logo-removebg-preview.png","width":512,"height":512,"caption":"Una y Mil Letras"},"image":{"@id":"http:\/\/unaymilletras.com\/#\/schema\/logo\/image\/"},"sameAs":["https:\/\/x.com\/UnaYMilLetras","https:\/\/instagram.com\/UnaYMilLetras"]},{"@type":"Person","@id":"http:\/\/unaymilletras.com\/#\/schema\/person\/0860dc8a218329991ee2c7591f4f849d","name":"Redacci\u00f3n","image":{"@type":"ImageObject","inLanguage":"en-GB","@id":"https:\/\/secure.gravatar.com\/avatar\/d8f55e05a8b6597e45c55a1dcbdbfe44f4a360d88b48e00de5216a79b7732796?s=96&d=mm&r=g","url":"https:\/\/secure.gravatar.com\/avatar\/d8f55e05a8b6597e45c55a1dcbdbfe44f4a360d88b48e00de5216a79b7732796?s=96&d=mm&r=g","contentUrl":"https:\/\/secure.gravatar.com\/avatar\/d8f55e05a8b6597e45c55a1dcbdbfe44f4a360d88b48e00de5216a79b7732796?s=96&d=mm&r=g","caption":"Redacci\u00f3n"},"url":"https:\/\/unaymilletras.com\/en\/author\/redaccion\/"}]}},"_links":{"self":[{"href":"https:\/\/unaymilletras.com\/en\/wp-json\/wp\/v2\/posts\/5490","targetHints":{"allow":["GET"]}}],"collection":[{"href":"https:\/\/unaymilletras.com\/en\/wp-json\/wp\/v2\/posts"}],"about":[{"href":"https:\/\/unaymilletras.com\/en\/wp-json\/wp\/v2\/types\/post"}],"author":[{"embeddable":true,"href":"https:\/\/unaymilletras.com\/en\/wp-json\/wp\/v2\/users\/6"}],"replies":[{"embeddable":true,"href":"https:\/\/unaymilletras.com\/en\/wp-json\/wp\/v2\/comments?post=5490"}],"version-history":[{"count":10,"href":"https:\/\/unaymilletras.com\/en\/wp-json\/wp\/v2\/posts\/5490\/revisions"}],"predecessor-version":[{"id":5501,"href":"https:\/\/unaymilletras.com\/en\/wp-json\/wp\/v2\/posts\/5490\/revisions\/5501"}],"wp:featuredmedia":[{"embeddable":true,"href":"https:\/\/unaymilletras.com\/en\/wp-json\/wp\/v2\/media\/5495"}],"wp:attachment":[{"href":"https:\/\/unaymilletras.com\/en\/wp-json\/wp\/v2\/media?parent=5490"}],"wp:term":[{"taxonomy":"category","embeddable":true,"href":"https:\/\/unaymilletras.com\/en\/wp-json\/wp\/v2\/categories?post=5490"},{"taxonomy":"post_tag","embeddable":true,"href":"https:\/\/unaymilletras.com\/en\/wp-json\/wp\/v2\/tags?post=5490"}],"curies":[{"name":"wp","href":"https:\/\/api.w.org\/{rel}","templated":true}]}}