{"id":5508,"date":"2025-08-29T16:35:01","date_gmt":"2025-08-29T14:35:01","guid":{"rendered":"https:\/\/unaymilletras.com\/?p=5508"},"modified":"2025-08-29T16:35:11","modified_gmt":"2025-08-29T14:35:11","slug":"sebastian-yatra-actuara-en-el-cabaret-festival-este-12-de-septiembre","status":"publish","type":"post","link":"https:\/\/unaymilletras.com\/en\/sebastian-yatra-actuara-en-el-cabaret-festival-este-12-de-septiembre\/","title":{"rendered":"Sebasti\u00e1n Yatra actuar\u00e1 en el Cabaret Festival este 12 de septiembre"},"content":{"rendered":"<div data-elementor-type=\"wp-post\" data-elementor-id=\"5508\" class=\"elementor elementor-5508\">\n\t\t\t\t\t\t<section class=\"elementor-section elementor-top-section elementor-element elementor-element-74ad6e9 elementor-section-boxed elementor-section-height-default elementor-section-height-default\" data-id=\"74ad6e9\" data-element_type=\"section\" data-e-type=\"section\">\n\t\t\t\t\t\t<div class=\"elementor-container elementor-column-gap-default\">\n\t\t\t\t\t<div class=\"elementor-column elementor-col-100 elementor-top-column elementor-element elementor-element-1ada249\" data-id=\"1ada249\" data-element_type=\"column\" data-e-type=\"column\">\n\t\t\t<div class=\"elementor-widget-wrap elementor-element-populated\">\n\t\t\t\t\t\t<div class=\"elementor-element elementor-element-c37cf3a elementor-widget elementor-widget-text-editor\" data-id=\"c37cf3a\" data-element_type=\"widget\" data-e-type=\"widget\" data-widget_type=\"text-editor.default\">\n\t\t\t\t<div class=\"elementor-widget-container\">\n\t\t\t\t\t\t\t\t\t<h2 style=\"text-align: center;\"><span style=\"color: #808080;\"><em>El Entre Tanta Gente Summer Tour de Sebasti\u00e1n Yatra llegar\u00e1 a Mairena del Aljarafe dentro de un formato \u00edntimo<\/em><\/span><\/h2>\t\t\t\t\t\t\t\t<\/div>\n\t\t\t\t<\/div>\n\t\t\t\t\t<\/div>\n\t\t<\/div>\n\t\t\t\t\t<\/div>\n\t\t<\/section>\n\t\t\t\t<section class=\"elementor-section elementor-top-section elementor-element elementor-element-0865cfc elementor-section-boxed elementor-section-height-default elementor-section-height-default\" data-id=\"0865cfc\" data-element_type=\"section\" data-e-type=\"section\">\n\t\t\t\t\t\t<div class=\"elementor-container elementor-column-gap-default\">\n\t\t\t\t\t<div class=\"elementor-column elementor-col-100 elementor-top-column elementor-element elementor-element-f5390f9\" data-id=\"f5390f9\" data-element_type=\"column\" data-e-type=\"column\">\n\t\t\t<div class=\"elementor-widget-wrap elementor-element-populated\">\n\t\t\t\t\t\t<div class=\"elementor-element elementor-element-40454c0 elementor-widget elementor-widget-text-editor\" data-id=\"40454c0\" data-element_type=\"widget\" data-e-type=\"widget\" data-widget_type=\"text-editor.default\">\n\t\t\t\t<div class=\"elementor-widget-container\">\n\t\t\t\t\t\t\t\t\t<p data-start=\"397\" data-end=\"736\">El cantante colombiano <strong data-start=\"420\" data-end=\"439\">Sebasti\u00e1n Yatra<\/strong> actuar\u00e1 el pr\u00f3ximo <strong data-start=\"459\" data-end=\"479\">12 de septiembre<\/strong> en el <strong data-start=\"486\" data-end=\"527\">Centro H\u00edpico de Mairena del Aljarafe<\/strong>, dentro de la programaci\u00f3n del <strong data-start=\"559\" data-end=\"584\">Cabaret Festival 2025<\/strong>. Su concierto forma parte de la gira <em data-start=\"622\" data-end=\"653\">Entre Tanta Gente Summer Tour<\/em>, que est\u00e1 recorriendo distintas ciudades de Espa\u00f1a con gran \u00e9xito de asistencia.<\/p>\n<p data-start=\"397\" data-end=\"736\">Durante la cita en Mairena del Aljarafe, Sebasti\u00e1n Yatra interpretar\u00e1 canciones de su \u00faltimo proyecto discogr\u00e1fico, adem\u00e1s de \u00e9xitos recientes como <em data-start=\"1074\" data-end=\"1088\">La Pelirroja<\/em>, <em data-start=\"1090\" data-end=\"1098\">Lienzo<\/em>, <em data-start=\"1100\" data-end=\"1108\">Te Vas<\/em> o <em data-start=\"1111\" data-end=\"1117\">2 AM<\/em>. Tampoco faltar\u00e1n algunos de sus grandes hits incluidos en el \u00e1lbum <em data-start=\"1186\" data-end=\"1194\">Dharma<\/em>, lanzado en 2022 y ganador del <strong data-start=\"1226\" data-end=\"1281\">Latin Grammy al Mejor \u00c1lbum Vocal Pop Contempor\u00e1neo<\/strong>, que consolid\u00f3 su presencia en la m\u00fasica latina gracias a temas como <em data-start=\"1351\" data-end=\"1366\">Tacones Rojos<\/em>.<\/p>\t\t\t\t\t\t\t\t<\/div>\n\t\t\t\t<\/div>\n\t\t\t\t\t<\/div>\n\t\t<\/div>\n\t\t\t\t\t<\/div>\n\t\t<\/section>\n\t\t\t\t<section class=\"elementor-section elementor-top-section elementor-element elementor-element-cb9fc38 elementor-section-boxed elementor-section-height-default elementor-section-height-default\" data-id=\"cb9fc38\" data-element_type=\"section\" data-e-type=\"section\">\n\t\t\t\t\t\t<div class=\"elementor-container elementor-column-gap-default\">\n\t\t\t\t\t<div class=\"elementor-column elementor-col-100 elementor-top-column elementor-element elementor-element-d8468a6\" data-id=\"d8468a6\" data-element_type=\"column\" data-e-type=\"column\">\n\t\t\t<div class=\"elementor-widget-wrap elementor-element-populated\">\n\t\t\t\t\t\t<div class=\"elementor-element elementor-element-245f112 elementor-widget elementor-widget-image\" data-id=\"245f112\" data-element_type=\"widget\" data-e-type=\"widget\" data-widget_type=\"image.default\">\n\t\t\t\t<div class=\"elementor-widget-container\">\n\t\t\t\t\t\t\t\t\t\t\t\t\t\t\t<img fetchpriority=\"high\" decoding=\"async\" width=\"640\" height=\"829\" src=\"https:\/\/unaymilletras.com\/wp-content\/uploads\/2025\/08\/CABARET-FESTIVAL-791x1024.jpg\" class=\"attachment-large size-large wp-image-5510\" alt=\"\" srcset=\"https:\/\/unaymilletras.com\/wp-content\/uploads\/2025\/08\/CABARET-FESTIVAL-791x1024.jpg 791w, https:\/\/unaymilletras.com\/wp-content\/uploads\/2025\/08\/CABARET-FESTIVAL-232x300.jpg 232w, https:\/\/unaymilletras.com\/wp-content\/uploads\/2025\/08\/CABARET-FESTIVAL-768x994.jpg 768w, https:\/\/unaymilletras.com\/wp-content\/uploads\/2025\/08\/CABARET-FESTIVAL-1186x1536.jpg 1186w, https:\/\/unaymilletras.com\/wp-content\/uploads\/2025\/08\/CABARET-FESTIVAL-1582x2048.jpg 1582w, https:\/\/unaymilletras.com\/wp-content\/uploads\/2025\/08\/CABARET-FESTIVAL-9x12.jpg 9w, https:\/\/unaymilletras.com\/wp-content\/uploads\/2025\/08\/CABARET-FESTIVAL-1024x1326.jpg 1024w, https:\/\/unaymilletras.com\/wp-content\/uploads\/2025\/08\/CABARET-FESTIVAL-e1756478042931.jpg 600w\" sizes=\"(max-width: 640px) 100vw, 640px\" \/>\t\t\t\t\t\t\t\t\t\t\t\t\t\t\t<\/div>\n\t\t\t\t<\/div>\n\t\t\t\t\t<\/div>\n\t\t<\/div>\n\t\t\t\t\t<\/div>\n\t\t<\/section>\n\t\t\t\t<section class=\"elementor-section elementor-top-section elementor-element elementor-element-6f892c3 elementor-section-boxed elementor-section-height-default elementor-section-height-default\" data-id=\"6f892c3\" data-element_type=\"section\" data-e-type=\"section\">\n\t\t\t\t\t\t<div class=\"elementor-container elementor-column-gap-default\">\n\t\t\t\t\t<div class=\"elementor-column elementor-col-100 elementor-top-column elementor-element elementor-element-e591578\" data-id=\"e591578\" data-element_type=\"column\" data-e-type=\"column\">\n\t\t\t<div class=\"elementor-widget-wrap elementor-element-populated\">\n\t\t\t\t\t\t<div class=\"elementor-element elementor-element-c56bedd elementor-widget elementor-widget-text-editor\" data-id=\"c56bedd\" data-element_type=\"widget\" data-e-type=\"widget\" data-widget_type=\"text-editor.default\">\n\t\t\t\t<div class=\"elementor-widget-container\">\n\t\t\t\t\t\t\t\t\t<p data-start=\"1371\" data-end=\"1822\">Con m\u00e1s de una d\u00e9cada de carrera, Sebasti\u00e1n Yatra se ha consolidado como una de las grandes estrellas del pop latino. Ha sido jurado en ediciones internacionales de <em data-start=\"1536\" data-end=\"1544\">La Voz<\/em>, ha recibido m\u00faltiples premios y ha colaborado con artistas de talla mundial como Jonas Brothers, Ricky Martin, Aitana o Myke Towers. Adem\u00e1s, ha llenado escenarios de gran formato en Europa y Am\u00e9rica, convirti\u00e9ndose en un referente de la nueva generaci\u00f3n de artistas latinos.<\/p>\n<p data-start=\"1824\" data-end=\"2086\">La cita en Sevilla ser\u00e1 uno de los momentos m\u00e1s esperados del <strong data-start=\"1886\" data-end=\"1906\">Cabaret Festival<\/strong>, que cada a\u00f1o re\u00fane a grandes figuras en un entorno exclusivo, donde el p\u00fablico puede disfrutar de la m\u00fasica en un ambiente cuidado y diferente a los macroconciertos habituales.<\/p>\t\t\t\t\t\t\t\t<\/div>\n\t\t\t\t<\/div>\n\t\t\t\t\t<\/div>\n\t\t<\/div>\n\t\t\t\t\t<\/div>\n\t\t<\/section>\n\t\t\t\t<\/div>","protected":false},"excerpt":{"rendered":"<p>El Entre Tanta Gente Summer Tour de Sebasti\u00e1n Yatra llegar\u00e1 a Mairena del Aljarafe dentro de un formato \u00edntimo El cantante colombiano Sebasti\u00e1n Yatra actuar\u00e1 el pr\u00f3ximo 12 de septiembre en el Centro H\u00edpico de Mairena del Aljarafe, dentro de la programaci\u00f3n del Cabaret Festival 2025. Su concierto forma parte de la gira Entre Tanta [&hellip;]<\/p>\n","protected":false},"author":6,"featured_media":5510,"comment_status":"closed","ping_status":"closed","sticky":false,"template":"","format":"standard","meta":{"footnotes":""},"categories":[4],"tags":[],"class_list":["post-5508","post","type-post","status-publish","format-standard","has-post-thumbnail","hentry","category-musica"],"yoast_head":"<!-- This site is optimized with the Yoast SEO plugin v27.4 - https:\/\/yoast.com\/product\/yoast-seo-wordpress\/ -->\n<title>Sebasti\u00e1n Yatra actuar\u00e1 en el Cabaret Festival este 12 de septiembre<\/title>\n<meta name=\"description\" content=\"El Entre Tanta Gente Summer Tour de Sebasti\u00e1n Yatra llegar\u00e1 a Mairena del Aljarafe dentro de un formato \u00edntimo\" \/>\n<meta name=\"robots\" content=\"index, follow, max-snippet:-1, max-image-preview:large, max-video-preview:-1\" \/>\n<link rel=\"canonical\" href=\"https:\/\/unaymilletras.com\/en\/sebastian-yatra-actuara-en-el-cabaret-festival-este-12-de-septiembre\/\" \/>\n<meta property=\"og:locale\" content=\"en_GB\" \/>\n<meta property=\"og:type\" content=\"article\" \/>\n<meta property=\"og:title\" content=\"Sebasti\u00e1n Yatra actuar\u00e1 en el Cabaret Festival este 12 de septiembre\" \/>\n<meta property=\"og:description\" content=\"El Entre Tanta Gente Summer Tour de Sebasti\u00e1n Yatra llegar\u00e1 a Mairena del Aljarafe dentro de un formato \u00edntimo\" \/>\n<meta property=\"og:url\" content=\"https:\/\/unaymilletras.com\/en\/sebastian-yatra-actuara-en-el-cabaret-festival-este-12-de-septiembre\/\" \/>\n<meta property=\"og:site_name\" content=\"Una y Mil Letras\" \/>\n<meta property=\"article:published_time\" content=\"2025-08-29T14:35:01+00:00\" \/>\n<meta property=\"article:modified_time\" content=\"2025-08-29T14:35:11+00:00\" \/>\n<meta property=\"og:image\" content=\"http:\/\/unaymilletras.com\/wp-content\/uploads\/2025\/08\/CABARET-FESTIVAL-e1756478042931.jpg\" \/>\n\t<meta property=\"og:image:width\" content=\"600\" \/>\n\t<meta property=\"og:image:height\" content=\"777\" \/>\n\t<meta property=\"og:image:type\" content=\"image\/jpeg\" \/>\n<meta name=\"author\" content=\"Redacci\u00f3n\" \/>\n<meta name=\"twitter:card\" content=\"summary_large_image\" \/>\n<meta name=\"twitter:creator\" content=\"@UnaYMilLetras\" \/>\n<meta name=\"twitter:site\" content=\"@UnaYMilLetras\" \/>\n<meta name=\"twitter:label1\" content=\"Written by\" \/>\n\t<meta name=\"twitter:data1\" content=\"Redacci\u00f3n\" \/>\n\t<meta name=\"twitter:label2\" content=\"Estimated reading time\" \/>\n\t<meta name=\"twitter:data2\" content=\"2 minutes\" \/>\n<script type=\"application\/ld+json\" class=\"yoast-schema-graph\">{\"@context\":\"https:\\\/\\\/schema.org\",\"@graph\":[{\"@type\":\"Article\",\"@id\":\"https:\\\/\\\/unaymilletras.com\\\/sebastian-yatra-actuara-en-el-cabaret-festival-este-12-de-septiembre\\\/#article\",\"isPartOf\":{\"@id\":\"https:\\\/\\\/unaymilletras.com\\\/sebastian-yatra-actuara-en-el-cabaret-festival-este-12-de-septiembre\\\/\"},\"author\":{\"name\":\"Redacci\u00f3n\",\"@id\":\"http:\\\/\\\/unaymilletras.com\\\/#\\\/schema\\\/person\\\/0860dc8a218329991ee2c7591f4f849d\"},\"headline\":\"Sebasti\u00e1n Yatra actuar\u00e1 en el Cabaret Festival este 12 de septiembre\",\"datePublished\":\"2025-08-29T14:35:01+00:00\",\"dateModified\":\"2025-08-29T14:35:11+00:00\",\"mainEntityOfPage\":{\"@id\":\"https:\\\/\\\/unaymilletras.com\\\/sebastian-yatra-actuara-en-el-cabaret-festival-este-12-de-septiembre\\\/\"},\"wordCount\":287,\"publisher\":{\"@id\":\"http:\\\/\\\/unaymilletras.com\\\/#organization\"},\"image\":{\"@id\":\"https:\\\/\\\/unaymilletras.com\\\/sebastian-yatra-actuara-en-el-cabaret-festival-este-12-de-septiembre\\\/#primaryimage\"},\"thumbnailUrl\":\"https:\\\/\\\/unaymilletras.com\\\/wp-content\\\/uploads\\\/2025\\\/08\\\/CABARET-FESTIVAL-e1756478042931.jpg\",\"articleSection\":[\"M\u00fasica\"],\"inLanguage\":\"en-GB\"},{\"@type\":\"WebPage\",\"@id\":\"https:\\\/\\\/unaymilletras.com\\\/sebastian-yatra-actuara-en-el-cabaret-festival-este-12-de-septiembre\\\/\",\"url\":\"https:\\\/\\\/unaymilletras.com\\\/sebastian-yatra-actuara-en-el-cabaret-festival-este-12-de-septiembre\\\/\",\"name\":\"Sebasti\u00e1n Yatra actuar\u00e1 en el Cabaret Festival este 12 de septiembre\",\"isPartOf\":{\"@id\":\"http:\\\/\\\/unaymilletras.com\\\/#website\"},\"primaryImageOfPage\":{\"@id\":\"https:\\\/\\\/unaymilletras.com\\\/sebastian-yatra-actuara-en-el-cabaret-festival-este-12-de-septiembre\\\/#primaryimage\"},\"image\":{\"@id\":\"https:\\\/\\\/unaymilletras.com\\\/sebastian-yatra-actuara-en-el-cabaret-festival-este-12-de-septiembre\\\/#primaryimage\"},\"thumbnailUrl\":\"https:\\\/\\\/unaymilletras.com\\\/wp-content\\\/uploads\\\/2025\\\/08\\\/CABARET-FESTIVAL-e1756478042931.jpg\",\"datePublished\":\"2025-08-29T14:35:01+00:00\",\"dateModified\":\"2025-08-29T14:35:11+00:00\",\"description\":\"El Entre Tanta Gente Summer Tour de Sebasti\u00e1n Yatra llegar\u00e1 a Mairena del Aljarafe dentro de un formato \u00edntimo\",\"breadcrumb\":{\"@id\":\"https:\\\/\\\/unaymilletras.com\\\/sebastian-yatra-actuara-en-el-cabaret-festival-este-12-de-septiembre\\\/#breadcrumb\"},\"inLanguage\":\"en-GB\",\"potentialAction\":[{\"@type\":\"ReadAction\",\"target\":[\"https:\\\/\\\/unaymilletras.com\\\/sebastian-yatra-actuara-en-el-cabaret-festival-este-12-de-septiembre\\\/\"]}]},{\"@type\":\"ImageObject\",\"inLanguage\":\"en-GB\",\"@id\":\"https:\\\/\\\/unaymilletras.com\\\/sebastian-yatra-actuara-en-el-cabaret-festival-este-12-de-septiembre\\\/#primaryimage\",\"url\":\"https:\\\/\\\/unaymilletras.com\\\/wp-content\\\/uploads\\\/2025\\\/08\\\/CABARET-FESTIVAL-e1756478042931.jpg\",\"contentUrl\":\"https:\\\/\\\/unaymilletras.com\\\/wp-content\\\/uploads\\\/2025\\\/08\\\/CABARET-FESTIVAL-e1756478042931.jpg\",\"width\":600,\"height\":777},{\"@type\":\"BreadcrumbList\",\"@id\":\"https:\\\/\\\/unaymilletras.com\\\/sebastian-yatra-actuara-en-el-cabaret-festival-este-12-de-septiembre\\\/#breadcrumb\",\"itemListElement\":[{\"@type\":\"ListItem\",\"position\":1,\"name\":\"Home\",\"item\":\"http:\\\/\\\/unaymilletras.com\\\/\"},{\"@type\":\"ListItem\",\"position\":2,\"name\":\"Sebasti\u00e1n Yatra actuar\u00e1 en el Cabaret Festival este 12 de septiembre\"}]},{\"@type\":\"WebSite\",\"@id\":\"http:\\\/\\\/unaymilletras.com\\\/#website\",\"url\":\"http:\\\/\\\/unaymilletras.com\\\/\",\"name\":\"Una y Mil Letras\",\"description\":\"\",\"publisher\":{\"@id\":\"http:\\\/\\\/unaymilletras.com\\\/#organization\"},\"potentialAction\":[{\"@type\":\"SearchAction\",\"target\":{\"@type\":\"EntryPoint\",\"urlTemplate\":\"http:\\\/\\\/unaymilletras.com\\\/?s={search_term_string}\"},\"query-input\":{\"@type\":\"PropertyValueSpecification\",\"valueRequired\":true,\"valueName\":\"search_term_string\"}}],\"inLanguage\":\"en-GB\"},{\"@type\":\"Organization\",\"@id\":\"http:\\\/\\\/unaymilletras.com\\\/#organization\",\"name\":\"Una y Mil Letras\",\"url\":\"http:\\\/\\\/unaymilletras.com\\\/\",\"logo\":{\"@type\":\"ImageObject\",\"inLanguage\":\"en-GB\",\"@id\":\"http:\\\/\\\/unaymilletras.com\\\/#\\\/schema\\\/logo\\\/image\\\/\",\"url\":\"https:\\\/\\\/unaymilletras.com\\\/wp-content\\\/uploads\\\/2024\\\/06\\\/cropped-Logo-removebg-preview.png\",\"contentUrl\":\"https:\\\/\\\/unaymilletras.com\\\/wp-content\\\/uploads\\\/2024\\\/06\\\/cropped-Logo-removebg-preview.png\",\"width\":512,\"height\":512,\"caption\":\"Una y Mil Letras\"},\"image\":{\"@id\":\"http:\\\/\\\/unaymilletras.com\\\/#\\\/schema\\\/logo\\\/image\\\/\"},\"sameAs\":[\"https:\\\/\\\/x.com\\\/UnaYMilLetras\",\"https:\\\/\\\/instagram.com\\\/UnaYMilLetras\"]},{\"@type\":\"Person\",\"@id\":\"http:\\\/\\\/unaymilletras.com\\\/#\\\/schema\\\/person\\\/0860dc8a218329991ee2c7591f4f849d\",\"name\":\"Redacci\u00f3n\",\"image\":{\"@type\":\"ImageObject\",\"inLanguage\":\"en-GB\",\"@id\":\"https:\\\/\\\/secure.gravatar.com\\\/avatar\\\/d8f55e05a8b6597e45c55a1dcbdbfe44f4a360d88b48e00de5216a79b7732796?s=96&d=mm&r=g\",\"url\":\"https:\\\/\\\/secure.gravatar.com\\\/avatar\\\/d8f55e05a8b6597e45c55a1dcbdbfe44f4a360d88b48e00de5216a79b7732796?s=96&d=mm&r=g\",\"contentUrl\":\"https:\\\/\\\/secure.gravatar.com\\\/avatar\\\/d8f55e05a8b6597e45c55a1dcbdbfe44f4a360d88b48e00de5216a79b7732796?s=96&d=mm&r=g\",\"caption\":\"Redacci\u00f3n\"},\"url\":\"https:\\\/\\\/unaymilletras.com\\\/en\\\/author\\\/redaccion\\\/\"}]}<\/script>\n<!-- \/ Yoast SEO plugin. -->","yoast_head_json":{"title":"Sebasti\u00e1n Yatra actuar\u00e1 en el Cabaret Festival este 12 de septiembre","description":"El Entre Tanta Gente Summer Tour de Sebasti\u00e1n Yatra llegar\u00e1 a Mairena del Aljarafe dentro de un formato \u00edntimo","robots":{"index":"index","follow":"follow","max-snippet":"max-snippet:-1","max-image-preview":"max-image-preview:large","max-video-preview":"max-video-preview:-1"},"canonical":"https:\/\/unaymilletras.com\/en\/sebastian-yatra-actuara-en-el-cabaret-festival-este-12-de-septiembre\/","og_locale":"en_GB","og_type":"article","og_title":"Sebasti\u00e1n Yatra actuar\u00e1 en el Cabaret Festival este 12 de septiembre","og_description":"El Entre Tanta Gente Summer Tour de Sebasti\u00e1n Yatra llegar\u00e1 a Mairena del Aljarafe dentro de un formato \u00edntimo","og_url":"https:\/\/unaymilletras.com\/en\/sebastian-yatra-actuara-en-el-cabaret-festival-este-12-de-septiembre\/","og_site_name":"Una y Mil Letras","article_published_time":"2025-08-29T14:35:01+00:00","article_modified_time":"2025-08-29T14:35:11+00:00","og_image":[{"width":600,"height":777,"url":"http:\/\/unaymilletras.com\/wp-content\/uploads\/2025\/08\/CABARET-FESTIVAL-e1756478042931.jpg","type":"image\/jpeg"}],"author":"Redacci\u00f3n","twitter_card":"summary_large_image","twitter_creator":"@UnaYMilLetras","twitter_site":"@UnaYMilLetras","twitter_misc":{"Written by":"Redacci\u00f3n","Estimated reading time":"2 minutes"},"schema":{"@context":"https:\/\/schema.org","@graph":[{"@type":"Article","@id":"https:\/\/unaymilletras.com\/sebastian-yatra-actuara-en-el-cabaret-festival-este-12-de-septiembre\/#article","isPartOf":{"@id":"https:\/\/unaymilletras.com\/sebastian-yatra-actuara-en-el-cabaret-festival-este-12-de-septiembre\/"},"author":{"name":"Redacci\u00f3n","@id":"http:\/\/unaymilletras.com\/#\/schema\/person\/0860dc8a218329991ee2c7591f4f849d"},"headline":"Sebasti\u00e1n Yatra actuar\u00e1 en el Cabaret Festival este 12 de septiembre","datePublished":"2025-08-29T14:35:01+00:00","dateModified":"2025-08-29T14:35:11+00:00","mainEntityOfPage":{"@id":"https:\/\/unaymilletras.com\/sebastian-yatra-actuara-en-el-cabaret-festival-este-12-de-septiembre\/"},"wordCount":287,"publisher":{"@id":"http:\/\/unaymilletras.com\/#organization"},"image":{"@id":"https:\/\/unaymilletras.com\/sebastian-yatra-actuara-en-el-cabaret-festival-este-12-de-septiembre\/#primaryimage"},"thumbnailUrl":"https:\/\/unaymilletras.com\/wp-content\/uploads\/2025\/08\/CABARET-FESTIVAL-e1756478042931.jpg","articleSection":["M\u00fasica"],"inLanguage":"en-GB"},{"@type":"WebPage","@id":"https:\/\/unaymilletras.com\/sebastian-yatra-actuara-en-el-cabaret-festival-este-12-de-septiembre\/","url":"https:\/\/unaymilletras.com\/sebastian-yatra-actuara-en-el-cabaret-festival-este-12-de-septiembre\/","name":"Sebasti\u00e1n Yatra actuar\u00e1 en el Cabaret Festival este 12 de septiembre","isPartOf":{"@id":"http:\/\/unaymilletras.com\/#website"},"primaryImageOfPage":{"@id":"https:\/\/unaymilletras.com\/sebastian-yatra-actuara-en-el-cabaret-festival-este-12-de-septiembre\/#primaryimage"},"image":{"@id":"https:\/\/unaymilletras.com\/sebastian-yatra-actuara-en-el-cabaret-festival-este-12-de-septiembre\/#primaryimage"},"thumbnailUrl":"https:\/\/unaymilletras.com\/wp-content\/uploads\/2025\/08\/CABARET-FESTIVAL-e1756478042931.jpg","datePublished":"2025-08-29T14:35:01+00:00","dateModified":"2025-08-29T14:35:11+00:00","description":"El Entre Tanta Gente Summer Tour de Sebasti\u00e1n Yatra llegar\u00e1 a Mairena del Aljarafe dentro de un formato \u00edntimo","breadcrumb":{"@id":"https:\/\/unaymilletras.com\/sebastian-yatra-actuara-en-el-cabaret-festival-este-12-de-septiembre\/#breadcrumb"},"inLanguage":"en-GB","potentialAction":[{"@type":"ReadAction","target":["https:\/\/unaymilletras.com\/sebastian-yatra-actuara-en-el-cabaret-festival-este-12-de-septiembre\/"]}]},{"@type":"ImageObject","inLanguage":"en-GB","@id":"https:\/\/unaymilletras.com\/sebastian-yatra-actuara-en-el-cabaret-festival-este-12-de-septiembre\/#primaryimage","url":"https:\/\/unaymilletras.com\/wp-content\/uploads\/2025\/08\/CABARET-FESTIVAL-e1756478042931.jpg","contentUrl":"https:\/\/unaymilletras.com\/wp-content\/uploads\/2025\/08\/CABARET-FESTIVAL-e1756478042931.jpg","width":600,"height":777},{"@type":"BreadcrumbList","@id":"https:\/\/unaymilletras.com\/sebastian-yatra-actuara-en-el-cabaret-festival-este-12-de-septiembre\/#breadcrumb","itemListElement":[{"@type":"ListItem","position":1,"name":"Home","item":"http:\/\/unaymilletras.com\/"},{"@type":"ListItem","position":2,"name":"Sebasti\u00e1n Yatra actuar\u00e1 en el Cabaret Festival este 12 de septiembre"}]},{"@type":"WebSite","@id":"http:\/\/unaymilletras.com\/#website","url":"http:\/\/unaymilletras.com\/","name":"Una y Mil Letras","description":"","publisher":{"@id":"http:\/\/unaymilletras.com\/#organization"},"potentialAction":[{"@type":"SearchAction","target":{"@type":"EntryPoint","urlTemplate":"http:\/\/unaymilletras.com\/?s={search_term_string}"},"query-input":{"@type":"PropertyValueSpecification","valueRequired":true,"valueName":"search_term_string"}}],"inLanguage":"en-GB"},{"@type":"Organization","@id":"http:\/\/unaymilletras.com\/#organization","name":"Una y Mil Letras","url":"http:\/\/unaymilletras.com\/","logo":{"@type":"ImageObject","inLanguage":"en-GB","@id":"http:\/\/unaymilletras.com\/#\/schema\/logo\/image\/","url":"https:\/\/unaymilletras.com\/wp-content\/uploads\/2024\/06\/cropped-Logo-removebg-preview.png","contentUrl":"https:\/\/unaymilletras.com\/wp-content\/uploads\/2024\/06\/cropped-Logo-removebg-preview.png","width":512,"height":512,"caption":"Una y Mil Letras"},"image":{"@id":"http:\/\/unaymilletras.com\/#\/schema\/logo\/image\/"},"sameAs":["https:\/\/x.com\/UnaYMilLetras","https:\/\/instagram.com\/UnaYMilLetras"]},{"@type":"Person","@id":"http:\/\/unaymilletras.com\/#\/schema\/person\/0860dc8a218329991ee2c7591f4f849d","name":"Redacci\u00f3n","image":{"@type":"ImageObject","inLanguage":"en-GB","@id":"https:\/\/secure.gravatar.com\/avatar\/d8f55e05a8b6597e45c55a1dcbdbfe44f4a360d88b48e00de5216a79b7732796?s=96&d=mm&r=g","url":"https:\/\/secure.gravatar.com\/avatar\/d8f55e05a8b6597e45c55a1dcbdbfe44f4a360d88b48e00de5216a79b7732796?s=96&d=mm&r=g","contentUrl":"https:\/\/secure.gravatar.com\/avatar\/d8f55e05a8b6597e45c55a1dcbdbfe44f4a360d88b48e00de5216a79b7732796?s=96&d=mm&r=g","caption":"Redacci\u00f3n"},"url":"https:\/\/unaymilletras.com\/en\/author\/redaccion\/"}]}},"_links":{"self":[{"href":"https:\/\/unaymilletras.com\/en\/wp-json\/wp\/v2\/posts\/5508","targetHints":{"allow":["GET"]}}],"collection":[{"href":"https:\/\/unaymilletras.com\/en\/wp-json\/wp\/v2\/posts"}],"about":[{"href":"https:\/\/unaymilletras.com\/en\/wp-json\/wp\/v2\/types\/post"}],"author":[{"embeddable":true,"href":"https:\/\/unaymilletras.com\/en\/wp-json\/wp\/v2\/users\/6"}],"replies":[{"embeddable":true,"href":"https:\/\/unaymilletras.com\/en\/wp-json\/wp\/v2\/comments?post=5508"}],"version-history":[{"count":10,"href":"https:\/\/unaymilletras.com\/en\/wp-json\/wp\/v2\/posts\/5508\/revisions"}],"predecessor-version":[{"id":5519,"href":"https:\/\/unaymilletras.com\/en\/wp-json\/wp\/v2\/posts\/5508\/revisions\/5519"}],"wp:featuredmedia":[{"embeddable":true,"href":"https:\/\/unaymilletras.com\/en\/wp-json\/wp\/v2\/media\/5510"}],"wp:attachment":[{"href":"https:\/\/unaymilletras.com\/en\/wp-json\/wp\/v2\/media?parent=5508"}],"wp:term":[{"taxonomy":"category","embeddable":true,"href":"https:\/\/unaymilletras.com\/en\/wp-json\/wp\/v2\/categories?post=5508"},{"taxonomy":"post_tag","embeddable":true,"href":"https:\/\/unaymilletras.com\/en\/wp-json\/wp\/v2\/tags?post=5508"}],"curies":[{"name":"wp","href":"https:\/\/api.w.org\/{rel}","templated":true}]}}